{"id":1793,"date":"2019-09-08T15:45:57","date_gmt":"2019-09-08T12:45:57","guid":{"rendered":"https:\/\/hotnewsinworld.com\/hu\/kek-duna-keringo-magyar-nemzet\/"},"modified":"2019-09-08T15:45:58","modified_gmt":"2019-09-08T12:45:58","slug":"kek-duna-keringo-magyar-nemzet","status":"publish","type":"post","link":"https:\/\/hotnewsinworld.com\/hu\/kek-duna-keringo-magyar-nemzet\/","title":{"rendered":"K\u00e9k Duna kering\u0151 | Magyar Nemzet"},"content":{"rendered":"<p>\n\t\t\t\t\t<span class=\"en-article-dates-main\">2019. szeptember 8. vas\u00e1rnap 14:32<\/span>\n\t\t\t\t\t\t\t\t\t\t\t\t\t\t<\/p>\n<div>\n<p>\n\t\t\t\t\t\t\t\tA sors fintora, hogy Kom\u00e1romban, az egykor szovjet l\u0151szerrakt\u00e1rk\u00e9nt szolg\u00e1l\u00f3 monostori er\u0151dben kezd\u0151d\u00f6tt m\u00falt h\u00e9ten a Czibor 90 rendezv\u00e9nysorozat. A v\u00e1ros legend\u00e1s labdar\u00fag\u00f3ja, az Aranycsapat balsz\u00e9ls\u0151je ki nem \u00e1llhatta a kommunist\u00e1kat, s ennek nemegyszer hangot is adott. Csak Pusk\u00e1s \u00d6csinek k\u00f6sz\u00f6nheti, hogy a b\u00f6rt\u00f6nt v\u00e9g\u00fcl meg\u00faszta. A csapatkapit\u00e1ny ugyanis mindent el tudott int\u00e9zni Farkas Mih\u00e1ly honv\u00e9delmi minisztern\u00e9l. Czibor Zolt\u00e1n erre k\u00e9ptelen lett volna. Ha Amerik\u00e1ban sz\u00fcletik, m\u00e1r forgattak volna n\u00e9h\u00e1ny k\u00f6nnyfakaszt\u00f3 filmet r\u00f3la. Magyarorsz\u00e1gon id\u00e9n, sz\u00fclet\u00e9s\u00e9nek kilencvenedik \u00e9vfordul\u00f3j\u00e1n kezdik felfedezni.\t\t\t\t\t\t\t<\/p>\n<p>Alm\u00e1si Tam\u00e1s a Pusk\u00e1s Hungary c\u00edmet adta a 2009-ben bemutatott dokumentumfilmj\u00e9nek. Az igazi Pusk\u00e1s munkac\u00edmmel indult a v\u00e1llalkoz\u00e1s, de a forgat\u00e1s v\u00e9g\u00e9n arra jutott, nem neki kell eld\u00f6ntenie, milyen is volt val\u00f3j\u00e1ban a legend\u00e1s labdar\u00fag\u00f3. Legal\u00e1bbis \u00edgy indokolta a bemutat\u00f3 el\u0151tt a c\u00edmv\u00e1ltoz\u00e1st. Persze volt m\u00e1s oka is. A film egyik sz\u00edvbe markol\u00f3 jelenet\u00e9b\u0151l der\u00fcl ki, hogy Pusk\u00e1snak egy id\u0151 ut\u00e1n nem is c\u00edmeztek levelet, csak a nev\u00e9t \u00e9s az orsz\u00e1got \u00edrt\u00e1k a k\u00e9peslapra: Pusk\u00e1s, Hungary, \u00e9s a levelek mindig meg\u00e9rkeztek hozz\u00e1.<\/p>\n<p>T\u00e1vol \u00e1lljon t\u0151l\u00fcnk, hogy tippet adjunk Koltay G\u00e1bornak, a Czibor Zolt\u00e1n \u00e9let\u00e9t feldolgoz\u00f3 dokumentumfilm rendez\u0151j\u00e9nek, de ha egy sz\u00f3t akarunk t\u00e1rs\u00edtani az Aranycsapat zseni\u00e1lis balsz\u00e9ls\u0151j\u00e9hez, r\u00e1ad\u00e1sul olyat, amilyennek \u0151 is \u00f6r\u00fclne, akkor az nem valamelyik beceneve \u2013 Bolond, Rongyl\u00e1b\u00fa \u2013 lenne, hanem Kom\u00e1rom. A v\u00e1ros, amely felnevelte, s ahova \u00f6r\u00f6kk\u00e9 visszav\u00e1gyott.<\/p>\n<p>Czibor Zolt\u00e1n Kaposv\u00e1ron sz\u00fcletett 1929-ben, ahov\u00e1 a mozdonyvezet\u0151 \u00e9desapj\u00e1t \u00e1thelyezt\u00e9k, de a neve Kom\u00e1rommal fon\u00f3dott \u00f6ssze. Miut\u00e1n \u00e9desapj\u00e1t visszahelyezt\u00e9k a Duna-parti v\u00e1rosba, a csal\u00e1d a Vit\u00e9ztelepen, az \u00c1rp\u00e1d utca 13. sz\u00e1m alatti h\u00e1zban \u00e9lt, a kis Zoli ott cseperedett fel. Bocs\u00e1k Mikl\u00f3s, a Kocsis \u00e9s Czibor k\u00f6nyv szerz\u0151je felid\u00e9zett egy k\u00e9s\u0151bbi t\u00f6rt\u00e9netet, amely \u00e9rz\u00e9kelteti a labdar\u00fag\u00f3 er\u0151s k\u00f6t\u0151d\u00e9s\u00e9t Kom\u00e1romhoz. Czibor azt mondta a szerz\u0151nek: \u201eAkkor sz\u00f3lj majd nekem legk\u00f6zelebb, amikor a vasutas azt mondja, Kom\u00e1rom \u00e1llom\u00e1s k\u00f6vetkezik, mert akkor tudom, hogy otthon vagyok.\u201d Vetette b\u00e1rmerre a sors, mindig Kom\u00e1romban \u00e9rezte mag\u00e1t otthon. A k\u00e9nyszer-emigr\u00e1ci\u00f3 v\u00e9gezt\u00e9vel is ide t\u00e9rt vissza a kilencvenes \u00e9vekben.<\/p>\n<div id=\"attachment_7274780\" style=\"width: 790px\" class=\"wp-caption alignnone\">\n<p class=\"wp-caption-text\">Czibor Zolt\u00e1n a magyar v\u00e1logatott tagjak\u00e9nt (jobbr\u00f3l a negyedik) a londoni Wembley-ben, a nevezetes 6:3-as gy\u0151zelem el\u0151tt, 1953<br \/>Fot\u00f3: Fortepan<\/p>\n<\/div>\n<p>Kacskaring\u00f3s p\u00e1ly\u00e1ja az \u00dcll\u0151i \u00fatr\u00f3l indult: 1948 maj\u00e1lisa el\u0151tt \u00e9pp a kom\u00e1romi vas\u00fat\u00e1llom\u00e1son dolgozott, amikor valaki megk\u00e9rdezte t\u0151le, nincs-e kedve futballozni a Ferencv\u00e1ros stadionj\u00e1ban, ahol a F\u0151v\u00e1rosi Labdar\u00fag\u00f3-sz\u00f6vets\u00e9g v\u00e1logatottja m\u00e9rk\u0151z\u00f6tt meg Nyugat-Magyarorsz\u00e1g ifj\u00fas\u00e1gi v\u00e1logatottj\u00e1val. A v\u00e1lasz term\u00e9szetesen igen volt. Ezen a meccsen sz\u00farta ki a magyar ifj\u00fas\u00e1gi v\u00e1logatott sz\u00f6vets\u00e9gi kapit\u00e1nya, s innent\u0151l kezdve felgyorsultak az esem\u00e9nyek. A kiismerhetetlen\u00fcl cselez\u0151, virtu\u00f3z sz\u00e9ls\u0151\u00e9rt bejelentkeztek a nagy f\u0151v\u00e1rosi klubok, de \u0151 egy percig sem titkolta, hogy \u00e1lmai csapat\u00e1ban, a Ferencv\u00e1rosban k\u00e9pzeli el a j\u00f6v\u0151j\u00e9t. Igazi vill\u00e1mkarrier lett az \u00f6v\u00e9, 19 \u00e9vesen, \u00e9lvonalbeli \u00fajonck\u00e9nt 1949-ben bemutatkozott a feln\u0151ttv\u00e1logatottban. A Fradin\u00e1l sikert sikerre halmozott, bajnok lett, rugdosta a g\u00f3lokat. Hi\u00e1ba akart egy \u00e9leten \u00e1t a z\u00f6ld-feh\u00e9rekn\u00e9l futballozni, a sport\u00e9letben \u00e9s a politik\u00e1ban bek\u00f6vetkezett f\u00f6ldindul\u00e1s ezt megakad\u00e1lyozta. 1950-ben az FTC az \u00c9lelmiszeripari Dolgoz\u00f3k Orsz\u00e1gos Sz\u00f6vets\u00e9ge fennhat\u00f3s\u00e1ga al\u00e1 ker\u00fclt, majd Kinizsi n\u00e9ven folytatta. A klub sz\u00edneit z\u00f6ld-feh\u00e9rr\u0151l piros-feh\u00e9rre kellett cser\u00e9lni. A p\u00e1rthatalom sz\u00e9tverte a csapatot, a kulcsj\u00e1t\u00e9kosoknak el kellett szerz\u0151dni\u00fck a politikailag t\u00e1mogatott csapatokhoz. Czibor furfangos csellel kib\u00fav\u00f3t tal\u00e1lt: nem akart a rendszer kegyelt klubj\u00e1ban, a Honv\u00e9dban futballozni, Csepelre igazolt a katonai beh\u00edv\u00f3 el\u0151l. K\u00e9t \u00e9v ut\u00e1n nem tudta meg\u00faszni a soroz\u00e1st, \u00e9s mivel odafent kiadt\u00e1k a \u201esportszakmai\u201d utas\u00edt\u00e1st, hogy Czibornak \u2013 ahogy a v\u00e1logatottban, klubszinten is \u2013 Pusk\u00e1s Ferenc mellett kell futballoznia, nem volt mit tennie. Zsolt R\u00f3bert Pusk\u00e1s \u00d6csi c\u00edm\u0171 k\u00f6nyv\u00e9ben eml\u00edt\u00e9st tesz Farkas Mih\u00e1ly honv\u00e9delmi miniszter, \u00e9let-hal\u00e1l ura \u00edr\u00e1sos [\u2026] parancs\u00e1r\u00f3l: \u201eCzibor j\u00e1tsz\u00f3dj\u00e9k Honv\u00e9dba!\u201d<\/p>\n<p>Czibor elk\u00f6telezetts\u00e9g\u00e9r\u0151l sokat mond az a t\u00f6rt\u00e9net, amikor az els\u0151 kispesti munkanapj\u00e1n \u00f6sszeveszett Pusk\u00e1s gyerekkori bar\u00e1tj\u00e1val, Bozsik J\u00f3zseffel. \u201eSoha nem k\u00edv\u00e1nkoztam ebbe a cig\u00e1ny rabl\u00f3band\u00e1ba beker\u00fclni!\u201d \u2013 mondta.<\/p>\n<p>A politikai szempontok fel\u00fcl\u00edrt\u00e1k v\u00e1gyait. Gy\u0171l\u00f6lte a rendszert, hi\u00e1ba akart\u00e1k, hogy betagoz\u00f3djon, nem tudott, nem akart kib\u00fajni a b\u0151r\u00e9b\u0151l. Olykor t\u00falfesz\u00edtette a h\u00fart. 1956 tavasz\u00e1n 1-0-ra legy\u0151zte a v\u00e1logatott Moszkv\u00e1ban a Szovjetuni\u00f3t, ami sem kor\u00e1bban, sem k\u00e9s\u0151bb nem siker\u00fclt. A g\u00f3ll\u00f6v\u0151 Czibor az \u00f6lt\u00f6z\u0151folyos\u00f3n ekszt\u00e1zisban k\u00fcrt\u00f6lte vil\u00e1gg\u00e1: Legy\u0151zt\u00fck a kommunizmust!<\/p>\n<p>Kispesten Pusk\u00e1s ragasztotta r\u00e1 a Bolond nevet. Czibor k\u00e9pes volt az\u00e9rt k\u00f3rh\u00e1zba fek\u00fcdni, \u00e9s kivetetni a mandul\u00e1j\u00e1t, hogy meg\u00fasszon egy politikai fejt\u00e1g\u00edt\u00f3 kurzust. Egyszer r\u00e1vette a Honv\u00e9dba ir\u00e1ny\u00edtott Kocsist, hogy lopjanak el egy buszt, mert ha az orsz\u00e1gban minden a n\u00e9p\u00e9, akkor a j\u00e1rm\u0171 az \u00f6v\u00e9k is. A Pusk\u00e1ssal val\u00f3 kapcsolata ellentmond\u00e1sosan alakult: b\u00e1rmennyire is nem sz\u00edvelt\u00e9k egym\u00e1st a civil \u00e9letben, \u00e9s n\u00e9ha l\u00e1tv\u00e1nyosan \u00f6sszevesztek a p\u00e1ly\u00e1n, de vel\u00fck sz\u00fcletett intelligenci\u00e1juk r\u00e9v\u00e9n felfogt\u00e1k, hogy a csapat \u00e9rdek\u00e9ben egym\u00e1sra vannak utalva. Czibor 1955-ben az EMKE-botr\u00e1nyt Pusk\u00e1snak k\u00f6sz\u00f6nhet\u0151en \u00e9lte t\u00fal: a R\u00e1k\u00f3czi \u00fati sz\u00f3rakoz\u00f3helyen fogyasztott egy volt ludovik\u00e1s katonatiszt bar\u00e1tj\u00e1val, de nem tudott fizetni, mert p\u00e9nz nem volt n\u00e1la, otthon felejtette. A korabeli szok\u00e1soknak megfelel\u0151en bes\u00fag\u00f3k\u00e9nt is dolgoz\u00f3 pultos h\u00f6lgy megjegyz\u00e9st tett r\u00e1: ha \u0151 csemp\u00e9sz, ahogy annak idej\u00e9n a k\u00fclf\u00f6ldi porty\u00e1ra utaz\u00f3 labdar\u00fag\u00f3k, akkor hogyhogy nincs n\u00e1la p\u00e9nz. Czibor annyira felh\u00fazta mag\u00e1t ezen, hogy m\u00e9g aznap este visszat\u00e9rt, t\u00edzezer forint \u00e9rt\u00e9kben sz\u00e1zforintos pap\u00edrp\u00e9nzeket sz\u00f3rt az EMKE padl\u00f3j\u00e1ra. Kor\u00e1bban megjegyezte, hogy \u0151 munk\u00e1val keresi a kenyer\u00e9t, \u00e9s nem kell mindenki el\u0151tt hanyatt v\u00e1g\u00f3dnia. M\u00e1snap elvitt\u00e9k a rend\u0151r\u00f6k a Honv\u00e9d \u00f6lt\u00f6z\u0151j\u00e9b\u0151l. H\u00e1zi \u0151rizetben tartott\u00e1k, \u00e9s csak Pusk\u00e1s k\u00f6zbenj\u00e1r\u00e1s\u00e1ra \u201et\u00fcntett\u00e9k el az akt\u00e1j\u00e1t\u201d. Hogy k\u00e9s\u0151bb ezzel vagy m\u00e1s t\u00f6rt\u00e9nettel, net\u00e1n a csemp\u00e9sz\u00e9ssel zsarolt\u00e1k, nem tudni, viszont a fennmaradt dokumentumok tan\u00fas\u00e1ga szerint 1953-ban beszervezt\u00e9k. Sztojanovits P\u00e9ter n\u00e9ven tartott\u00e1k nyilv\u00e1n, de val\u00f3di operat\u00edv munk\u00e1t soha nem v\u00e9gzett. \u00c9rdekes adal\u00e9k ez, hiszen az Aranycsapat tagjai k\u00f6z\u00fcl egyed\u00fcl \u0151 volt az, aki fegyvert ragadott: a forradalm\u00e1rok oldal\u00e1n harcolt 1956-ban.<\/p>\n<div id=\"attachment_7274777\" style=\"width: 790px\" class=\"wp-caption alignnone\"><img loading=\"lazy\" decoding=\"async\" class=\"size-medium wp-image-7274777\" src=\"https:\/\/hotnewsinworld.com\/hu\/wp-content\/uploads\/sites\/3\/2019\/09\/1567946757_161_Kek-Duna-keringo-Magyar-Nemzet.jpg\" alt=\"\" width=\"780\" height=\"439\"  \/><\/p>\n<p class=\"wp-caption-text\">Az olimpiai bajnok legend\u00e1s balsz\u00e9ls\u0151 (jobbra) \u00e9lm\u00e9nybesz\u00e1mol\u00f3t tart 1952 augusztus\u00e1ban a R\u00e1kosi<br \/>M\u00e1ty\u00e1s M\u0171vek csepeli sportstadionj\u00e1ban<br \/>Fot\u00f3: MTI\/Magyar Fot\u00f3\u2013Boj\u00e1r S\u00e1ndor<\/p>\n<\/div>\n<p>A fekete t\u00fara n\u00e9ven elh\u00edres\u00fclt braz\u00edliai vend\u00e9gj\u00e1t\u00e9k ut\u00e1n \u00f6ssze\u00fclt az Aranycsapat, s a j\u00e1t\u00e9kosok t\u00f6bbs\u00e9ge \u00fagy d\u00f6nt\u00f6tt, nem t\u00e9r haza. Czibor R\u00f3ma \u00e9rint\u00e9s\u00e9vel r\u00e9gi fradista bar\u00e1tja, Kubala L\u00e1szl\u00f3 r\u00e1besz\u00e9l\u00e9s\u00e9re a Barcelon\u00e1hoz igazolt. 1957-ben \u0151 h\u00fazta ki a bajb\u00f3l Pusk\u00e1st, kiegyenl\u00edtette az EMKE-sz\u00e1ml\u00e1t: az olasz k\u00f6vets\u00e9gen szerzett \u00fati okm\u00e1nyt \u00d6csinek, amikor a FIFA-szankci\u00f3k miatt f\u00e9lbeszakadt d\u00e9l-amerikai t\u00far\u00e1r\u00f3l hazaj\u00f6vet kellett a v\u00edzum Pusk\u00e1snak.<\/p>\n<p>Czibort a h\u00e1nyattat\u00e1sok nem vetett\u00e9k vissza, a Barcelon\u00e1val k\u00e9tszer is bajnoks\u00e1got (1959, 1960) \u00e9s V\u00e1s\u00e1rv\u00e1rosok Kup\u00e1j\u00e1t (1960) nyert, a BEK d\u00f6nt\u0151j\u00e9be is bejutott a csapat\u00e1val, de a berni d\u00f6nt\u0151ben (itt bukta el az Aranycsapat az 1954-es vb-d\u00f6nt\u0151t) kikapott csapat\u00e1val a Guttmann B\u00e9la vezette Benfic\u00e1t\u00f3l. A veres\u00e9g sokba ker\u00fclt neki, a Barcelona nem hosszabb\u00edtotta meg a lej\u00e1r\u00f3 szerz\u0151d\u00e9s\u00e9t. Ezut\u00e1n m\u00e1r ink\u00e1bb csak levezetett kisebb spanyol, majd sv\u00e1jci \u00e9s osztr\u00e1k klubokban. K\u00e9s\u0151bb kipr\u00f3b\u00e1lta mag\u00e1t a vend\u00e9gl\u00e1t\u00e1sban: megnyitotta \u00e9s fi\u00e1val \u00fczemeltette a K\u00e9k Duna boroz\u00f3t, amely \u00e9vtizedeken \u00e1t a Barcelon\u00e1ban id\u0151z\u0151 magyar l\u00e1togat\u00f3k \u00e9s emigr\u00e1nsok t\u00f6rzshelye volt. A p\u00e1ly\u00e1n kiismerhetetlen\u00fcl cselez\u0151, zseni\u00e1lis labdar\u00fag\u00f3 nem az \u00fczleti \u00e9rz\u00e9k\u00e9r\u0151l volt h\u00edres, ritk\u00e1n engedte, hogy a vend\u00e9g fizessen\u2026<\/p>\n<p>P\u00e1lyafut\u00e1sa v\u00e9g\u00e9n Czibor pr\u00f3b\u00e1lt a futball mellett maradni, de edz\u0151sk\u00f6dni nem akart, nem is illett volna az egy\u00e9nis\u00e9g\u00e9hez. Azt rem\u00e9lte, hogy kibekkelheti a kommunizmust, \u00e9s v\u00e9gre hazat\u00e9rhet szeretett v\u00e1ros\u00e1ba, Kom\u00e1romba. Ez meg is adatott neki: a rendszerv\u00e1lt\u00e1s id\u0151szak\u00e1ban sietve \u00f6sszecsomagolt. N\u00e9h\u00e1ny relikvi\u00e1t hozott csak mag\u00e1val Barcelon\u00e1b\u00f3l. Gyerekkori otthon\u00e1ban a h\u00faga csal\u00e1dja lakott, neki a k\u00f6zeli lak\u00f3telepen v\u00e1s\u00e1rolt lak\u00e1st a Magyar Labdar\u00fag\u00f3-sz\u00f6vets\u00e9g. De ezt nem vette a sz\u00edv\u00e9re, k\u00e9nyelmesen elfr\u00f6ccs\u00f6zgetett a rokonokkal. Sz\u00f6ll\u0151si Gy\u00f6rgy \u00e9s Bodn\u00e1r Zal\u00e1n a Czibor 90 esem\u00e9nysorozatra megjelent k\u00f6nyv\u00e9ben id\u00e9zi a kom\u00e1romi h\u0151st (\u201eEgy deci bor, k\u00e9t de Czibor\u201d), aki ezek ut\u00e1n hozz\u00e1tette, hogy \u0151 a legt\u00f6bbet emlegetett magyar futballista. Czibor hamar feltal\u00e1lta mag\u00e1t Kom\u00e1romban, felt\u00e1masztotta a labdar\u00fag\u00f3-szakoszt\u00e1lyt, n\u00e9h\u00e1ny \u00e9v alatt a megyei szintr\u0151l az NB II-ig jutott a KFC. \u00c1m lend\u00fclet\u00e9t visszavetette gy\u00f3gy\u00edthatatlan betegs\u00e9ge, amelyet m\u00e9lt\u00f3s\u00e1ggal viselt 1997-ben bek\u00f6vetkezett hal\u00e1l\u00e1ig.<\/p>\n<p>Jelenleg utca \u00e9s sporttelep viseli Kom\u00e1romban a nev\u00e9t; az augusztus 30-\u00e1n kezd\u0151d\u00f6tt Czibor 90 eml\u00e9k\u00e9v keret\u00e9ben a m\u00e1r eml\u00edtett Czibor, a rongyl\u00e1b\u00fa c\u00edm\u0171 musical \u2013 Vizeli Csaba alkot\u00e1sa \u2013 mellett dokumentumfilm is k\u00e9sz\u00fcl az \u00e9let\u00e9r\u0151l, amelyet Koltay G\u00e1bor rendez majd. Lesz Czibor-szobor is, Cs\u00e1k Attila szobr\u00e1szm\u0171v\u00e9sz alkot\u00e1s\u00e1nak l\u00e1tv\u00e1nyterv\u00e9t m\u00e1r l\u00e1thatta a k\u00f6z\u00f6ns\u00e9g m\u00falt h\u00e9ten, a Czibor 90 eml\u00e9k\u00e9v megnyit\u00f3j\u00e1n, ahogy a Pusk\u00e1s Int\u00e9zet t\u00e1mogat\u00e1s\u00e1val megval\u00f3sult Arany pillanatok c\u00edm\u0171 v\u00e1ndorki\u00e1ll\u00edt\u00e1st is, amely a kom\u00e1romi labdar\u00fag\u00f3 \u00e9let\u00e9t mutatja be. Az eml\u00e9k\u00e9v nyit\u00e1ny\u00e1ra jelent meg az \u00faj Czibor-k\u00f6tet, amelyet a Nemzeti Sport f\u0151szerkeszt\u0151je, az 1997-ben megjelent Dribli az \u00e9gig c\u00edm\u0171 \u00e9letrajzi reg\u00e9ny szerz\u0151je, Sz\u00f6ll\u0151si Gy\u00f6rgy \u00e9s a sportnapilap munkat\u00e1rsa, Bodn\u00e1r Zal\u00e1n jegyez. Izgalmas, hi\u00e1nyp\u00f3tl\u00f3 munka \u2013 nem csak focirajong\u00f3knak.<\/p>\n<p>Hal\u00e1l\u00e1nak 22. \u00e9vfordul\u00f3j\u00e1n ker\u00fcl v\u00e9gre az \u0151t megillet\u0151 helyre Czibor Zolt\u00e1n. K\u00e1r, hogy 22 \u00e9vet kellett erre v\u00e1rni.<\/p>\n<\/p><\/div>\n<p><script>\n    window.fbAsyncInit = function() {\n        FB.init({\n            appId      : \"397495361000984\",\n            xfbml      : true,\n            version    : \"v2.12\"\n        });\n        FB.AppEvents.logPageView();\n        jQuery(document).trigger('fbInit');\n    };<\/p>\n<p>    (function(d, s, id){\n        var js, fjs = d.getElementsByTagName(s)[0];\n        if (d.getElementById(id)) {return;}\n        js = d.createElement(s); js.id = id;\n        js.src = \"http:\/\/connect.facebook.net\/hu_HU\/sdk.js\";\n        fjs.parentNode.insertBefore(js, fjs);\n    }(document, \"script\", \"facebook-jssdk\"));\n<\/script><br \/>\n<br \/>\n<!--noindex--><br \/>\n<a href=\"https:\/\/hirek.oldal.info\/rssclick\/14379497\" rel=\"nofollow\">Source link <\/a><br \/>\n<!--\/noindex--><\/p>\n","protected":false},"excerpt":{"rendered":"<p>2019. szeptember 8. vas\u00e1rnap 14:32 A sors fintora, hogy Kom\u00e1romban, az egykor szovjet l\u0151szerrakt\u00e1rk\u00e9nt szolg\u00e1l\u00f3 monostori er\u0151dben kezd\u0151d\u00f6tt m\u00falt h\u00e9ten a Czibor 90 rendezv\u00e9nysorozat. A v\u00e1ros legend\u00e1s labdar\u00fag\u00f3ja, az Aranycsapat balsz\u00e9ls\u0151je ki nem \u00e1llhatta a kommunist\u00e1kat, s ennek nemegyszer hangot is adott. Csak Pusk\u00e1s \u00d6csinek k\u00f6sz\u00f6nheti, hogy a b\u00f6rt\u00f6nt v\u00e9g\u00fcl meg\u00faszta. A csapatkapit\u00e1ny ugyanis mindent [&hellip;]<\/p>\n","protected":false},"author":2,"featured_media":1794,"comment_status":"open","ping_status":"open","sticky":false,"template":"","format":"standard","meta":{"footnotes":""},"categories":[1],"tags":[],"class_list":["post-1793","post","type-post","status-publish","format-standard","has-post-thumbnail","hentry","category-legujabb-penzugyi-hirek"],"yoast_head":"<!-- This site is optimized with the Yoast SEO plugin v27.4 - https:\/\/yoast.com\/product\/yoast-seo-wordpress\/ -->\n<title>K\u00e9k Duna kering\u0151 | Magyar Nemzet - Hot News in World<\/title>\n<meta name=\"robots\" content=\"index, follow, max-snippet:-1, max-image-preview:large, max-video-preview:-1\" \/>\n<link rel=\"canonical\" href=\"https:\/\/hotnewsinworld.com\/hu\/kek-duna-keringo-magyar-nemzet\/\" \/>\n<meta property=\"og:locale\" content=\"hu_HU\" \/>\n<meta property=\"og:type\" content=\"article\" \/>\n<meta property=\"og:title\" content=\"K\u00e9k Duna kering\u0151 | Magyar Nemzet - Hot News in World\" \/>\n<meta property=\"og:description\" content=\"2019. szeptember 8. vas\u00e1rnap 14:32 A sors fintora, hogy Kom\u00e1romban, az egykor szovjet l\u0151szerrakt\u00e1rk\u00e9nt szolg\u00e1l\u00f3 monostori er\u0151dben kezd\u0151d\u00f6tt m\u00falt h\u00e9ten a Czibor 90 rendezv\u00e9nysorozat. A v\u00e1ros legend\u00e1s labdar\u00fag\u00f3ja, az Aranycsapat balsz\u00e9ls\u0151je ki nem \u00e1llhatta a kommunist\u00e1kat, s ennek nemegyszer hangot is adott. Csak Pusk\u00e1s \u00d6csinek k\u00f6sz\u00f6nheti, hogy a b\u00f6rt\u00f6nt v\u00e9g\u00fcl meg\u00faszta. A csapatkapit\u00e1ny ugyanis mindent [&hellip;]\" \/>\n<meta property=\"og:url\" content=\"https:\/\/hotnewsinworld.com\/hu\/kek-duna-keringo-magyar-nemzet\/\" \/>\n<meta property=\"og:site_name\" content=\"Hot News in World\" \/>\n<meta property=\"article:published_time\" content=\"2019-09-08T12:45:57+00:00\" \/>\n<meta property=\"article:modified_time\" content=\"2019-09-08T12:45:58+00:00\" \/>\n<meta property=\"og:image\" content=\"https:\/\/hotnewsinworld.com\/hu\/wp-content\/uploads\/sites\/3\/2019\/09\/K\u00e9k-Duna-kering\u0151-Magyar-Nemzet.jpg\" \/>\n\t<meta property=\"og:image:width\" content=\"780\" \/>\n\t<meta property=\"og:image:height\" content=\"439\" \/>\n\t<meta property=\"og:image:type\" content=\"image\/jpeg\" \/>\n<meta name=\"author\" content=\"hotnewsinworld\" \/>\n<meta name=\"twitter:card\" content=\"summary_large_image\" \/>\n<meta name=\"twitter:label1\" content=\"Szerz\u0151:\" \/>\n\t<meta name=\"twitter:data1\" content=\"hotnewsinworld\" \/>\n\t<meta name=\"twitter:label2\" content=\"Becs\u00fclt olvas\u00e1si id\u0151\" \/>\n\t<meta name=\"twitter:data2\" content=\"10 perc\" \/>\n<script type=\"application\/ld+json\" class=\"yoast-schema-graph\">{\"@context\":\"https:\\\/\\\/schema.org\",\"@graph\":[{\"@type\":\"Article\",\"@id\":\"https:\\\/\\\/hotnewsinworld.com\\\/hu\\\/kek-duna-keringo-magyar-nemzet\\\/#article\",\"isPartOf\":{\"@id\":\"https:\\\/\\\/hotnewsinworld.com\\\/hu\\\/kek-duna-keringo-magyar-nemzet\\\/\"},\"author\":{\"name\":\"hotnewsinworld\",\"@id\":\"https:\\\/\\\/hotnewsinworld.com\\\/hu\\\/#\\\/schema\\\/person\\\/fe61448b21c0d59086e75fcc1f9d8f6b\"},\"headline\":\"K\u00e9k Duna kering\u0151 | Magyar Nemzet\",\"datePublished\":\"2019-09-08T12:45:57+00:00\",\"dateModified\":\"2019-09-08T12:45:58+00:00\",\"mainEntityOfPage\":{\"@id\":\"https:\\\/\\\/hotnewsinworld.com\\\/hu\\\/kek-duna-keringo-magyar-nemzet\\\/\"},\"wordCount\":2076,\"commentCount\":0,\"image\":{\"@id\":\"https:\\\/\\\/hotnewsinworld.com\\\/hu\\\/kek-duna-keringo-magyar-nemzet\\\/#primaryimage\"},\"thumbnailUrl\":\"https:\\\/\\\/hotnewsinworld.com\\\/hu\\\/wp-content\\\/uploads\\\/sites\\\/3\\\/2019\\\/09\\\/K\u00e9k-Duna-kering\u0151-Magyar-Nemzet.jpg\",\"articleSection\":[\"LEG\u00daJABB P\u00c9NZ\u00dcGYI H\u00cdREK\"],\"inLanguage\":\"hu\",\"potentialAction\":[{\"@type\":\"CommentAction\",\"name\":\"Comment\",\"target\":[\"https:\\\/\\\/hotnewsinworld.com\\\/hu\\\/kek-duna-keringo-magyar-nemzet\\\/#respond\"]}]},{\"@type\":\"WebPage\",\"@id\":\"https:\\\/\\\/hotnewsinworld.com\\\/hu\\\/kek-duna-keringo-magyar-nemzet\\\/\",\"url\":\"https:\\\/\\\/hotnewsinworld.com\\\/hu\\\/kek-duna-keringo-magyar-nemzet\\\/\",\"name\":\"K\u00e9k Duna kering\u0151 | Magyar Nemzet - Hot News in World\",\"isPartOf\":{\"@id\":\"https:\\\/\\\/hotnewsinworld.com\\\/hu\\\/#website\"},\"primaryImageOfPage\":{\"@id\":\"https:\\\/\\\/hotnewsinworld.com\\\/hu\\\/kek-duna-keringo-magyar-nemzet\\\/#primaryimage\"},\"image\":{\"@id\":\"https:\\\/\\\/hotnewsinworld.com\\\/hu\\\/kek-duna-keringo-magyar-nemzet\\\/#primaryimage\"},\"thumbnailUrl\":\"https:\\\/\\\/hotnewsinworld.com\\\/hu\\\/wp-content\\\/uploads\\\/sites\\\/3\\\/2019\\\/09\\\/K\u00e9k-Duna-kering\u0151-Magyar-Nemzet.jpg\",\"datePublished\":\"2019-09-08T12:45:57+00:00\",\"dateModified\":\"2019-09-08T12:45:58+00:00\",\"author\":{\"@id\":\"https:\\\/\\\/hotnewsinworld.com\\\/hu\\\/#\\\/schema\\\/person\\\/fe61448b21c0d59086e75fcc1f9d8f6b\"},\"breadcrumb\":{\"@id\":\"https:\\\/\\\/hotnewsinworld.com\\\/hu\\\/kek-duna-keringo-magyar-nemzet\\\/#breadcrumb\"},\"inLanguage\":\"hu\",\"potentialAction\":[{\"@type\":\"ReadAction\",\"target\":[\"https:\\\/\\\/hotnewsinworld.com\\\/hu\\\/kek-duna-keringo-magyar-nemzet\\\/\"]}]},{\"@type\":\"ImageObject\",\"inLanguage\":\"hu\",\"@id\":\"https:\\\/\\\/hotnewsinworld.com\\\/hu\\\/kek-duna-keringo-magyar-nemzet\\\/#primaryimage\",\"url\":\"https:\\\/\\\/hotnewsinworld.com\\\/hu\\\/wp-content\\\/uploads\\\/sites\\\/3\\\/2019\\\/09\\\/K\u00e9k-Duna-kering\u0151-Magyar-Nemzet.jpg\",\"contentUrl\":\"https:\\\/\\\/hotnewsinworld.com\\\/hu\\\/wp-content\\\/uploads\\\/sites\\\/3\\\/2019\\\/09\\\/K\u00e9k-Duna-kering\u0151-Magyar-Nemzet.jpg\",\"width\":780,\"height\":439,\"caption\":\"K\u00e9k Duna kering\u0151 | Magyar Nemzet\"},{\"@type\":\"BreadcrumbList\",\"@id\":\"https:\\\/\\\/hotnewsinworld.com\\\/hu\\\/kek-duna-keringo-magyar-nemzet\\\/#breadcrumb\",\"itemListElement\":[{\"@type\":\"ListItem\",\"position\":1,\"name\":\"\u0413\u043b\u0430\u0432\u043d\u0430\u044f \u0441\u0442\u0440\u0430\u043d\u0438\u0446\u0430\",\"item\":\"https:\\\/\\\/hotnewsinworld.com\\\/hu\\\/\"},{\"@type\":\"ListItem\",\"position\":2,\"name\":\"K\u00e9k Duna kering\u0151 | Magyar Nemzet\"}]},{\"@type\":\"WebSite\",\"@id\":\"https:\\\/\\\/hotnewsinworld.com\\\/hu\\\/#website\",\"url\":\"https:\\\/\\\/hotnewsinworld.com\\\/hu\\\/\",\"name\":\"Hot News in World\",\"description\":\"Hot News in World from Hungary\",\"potentialAction\":[{\"@type\":\"SearchAction\",\"target\":{\"@type\":\"EntryPoint\",\"urlTemplate\":\"https:\\\/\\\/hotnewsinworld.com\\\/hu\\\/?s={search_term_string}\"},\"query-input\":{\"@type\":\"PropertyValueSpecification\",\"valueRequired\":true,\"valueName\":\"search_term_string\"}}],\"inLanguage\":\"hu\"},{\"@type\":\"Person\",\"@id\":\"https:\\\/\\\/hotnewsinworld.com\\\/hu\\\/#\\\/schema\\\/person\\\/fe61448b21c0d59086e75fcc1f9d8f6b\",\"name\":\"hotnewsinworld\",\"image\":{\"@type\":\"ImageObject\",\"inLanguage\":\"hu\",\"@id\":\"https:\\\/\\\/secure.gravatar.com\\\/avatar\\\/8a09ac165600ce2e1c38fe593c63928eb1e6e7ba5c5a907d67787c41b3d00c14?s=96&d=mm&r=g\",\"url\":\"https:\\\/\\\/secure.gravatar.com\\\/avatar\\\/8a09ac165600ce2e1c38fe593c63928eb1e6e7ba5c5a907d67787c41b3d00c14?s=96&d=mm&r=g\",\"contentUrl\":\"https:\\\/\\\/secure.gravatar.com\\\/avatar\\\/8a09ac165600ce2e1c38fe593c63928eb1e6e7ba5c5a907d67787c41b3d00c14?s=96&d=mm&r=g\",\"caption\":\"hotnewsinworld\"},\"url\":\"https:\\\/\\\/hotnewsinworld.com\\\/hu\\\/author\\\/pt\\\/\"}]}<\/script>\n<!-- \/ Yoast SEO plugin. -->","yoast_head_json":{"title":"K\u00e9k Duna kering\u0151 | Magyar Nemzet - Hot News in World","robots":{"index":"index","follow":"follow","max-snippet":"max-snippet:-1","max-image-preview":"max-image-preview:large","max-video-preview":"max-video-preview:-1"},"canonical":"https:\/\/hotnewsinworld.com\/hu\/kek-duna-keringo-magyar-nemzet\/","og_locale":"hu_HU","og_type":"article","og_title":"K\u00e9k Duna kering\u0151 | Magyar Nemzet - Hot News in World","og_description":"2019. szeptember 8. vas\u00e1rnap 14:32 A sors fintora, hogy Kom\u00e1romban, az egykor szovjet l\u0151szerrakt\u00e1rk\u00e9nt szolg\u00e1l\u00f3 monostori er\u0151dben kezd\u0151d\u00f6tt m\u00falt h\u00e9ten a Czibor 90 rendezv\u00e9nysorozat. A v\u00e1ros legend\u00e1s labdar\u00fag\u00f3ja, az Aranycsapat balsz\u00e9ls\u0151je ki nem \u00e1llhatta a kommunist\u00e1kat, s ennek nemegyszer hangot is adott. Csak Pusk\u00e1s \u00d6csinek k\u00f6sz\u00f6nheti, hogy a b\u00f6rt\u00f6nt v\u00e9g\u00fcl meg\u00faszta. A csapatkapit\u00e1ny ugyanis mindent [&hellip;]","og_url":"https:\/\/hotnewsinworld.com\/hu\/kek-duna-keringo-magyar-nemzet\/","og_site_name":"Hot News in World","article_published_time":"2019-09-08T12:45:57+00:00","article_modified_time":"2019-09-08T12:45:58+00:00","og_image":[{"width":780,"height":439,"url":"https:\/\/hotnewsinworld.com\/hu\/wp-content\/uploads\/sites\/3\/2019\/09\/K\u00e9k-Duna-kering\u0151-Magyar-Nemzet.jpg","type":"image\/jpeg"}],"author":"hotnewsinworld","twitter_card":"summary_large_image","twitter_misc":{"Szerz\u0151:":"hotnewsinworld","Becs\u00fclt olvas\u00e1si id\u0151":"10 perc"},"schema":{"@context":"https:\/\/schema.org","@graph":[{"@type":"Article","@id":"https:\/\/hotnewsinworld.com\/hu\/kek-duna-keringo-magyar-nemzet\/#article","isPartOf":{"@id":"https:\/\/hotnewsinworld.com\/hu\/kek-duna-keringo-magyar-nemzet\/"},"author":{"name":"hotnewsinworld","@id":"https:\/\/hotnewsinworld.com\/hu\/#\/schema\/person\/fe61448b21c0d59086e75fcc1f9d8f6b"},"headline":"K\u00e9k Duna kering\u0151 | Magyar Nemzet","datePublished":"2019-09-08T12:45:57+00:00","dateModified":"2019-09-08T12:45:58+00:00","mainEntityOfPage":{"@id":"https:\/\/hotnewsinworld.com\/hu\/kek-duna-keringo-magyar-nemzet\/"},"wordCount":2076,"commentCount":0,"image":{"@id":"https:\/\/hotnewsinworld.com\/hu\/kek-duna-keringo-magyar-nemzet\/#primaryimage"},"thumbnailUrl":"https:\/\/hotnewsinworld.com\/hu\/wp-content\/uploads\/sites\/3\/2019\/09\/K\u00e9k-Duna-kering\u0151-Magyar-Nemzet.jpg","articleSection":["LEG\u00daJABB P\u00c9NZ\u00dcGYI H\u00cdREK"],"inLanguage":"hu","potentialAction":[{"@type":"CommentAction","name":"Comment","target":["https:\/\/hotnewsinworld.com\/hu\/kek-duna-keringo-magyar-nemzet\/#respond"]}]},{"@type":"WebPage","@id":"https:\/\/hotnewsinworld.com\/hu\/kek-duna-keringo-magyar-nemzet\/","url":"https:\/\/hotnewsinworld.com\/hu\/kek-duna-keringo-magyar-nemzet\/","name":"K\u00e9k Duna kering\u0151 | Magyar Nemzet - Hot News in World","isPartOf":{"@id":"https:\/\/hotnewsinworld.com\/hu\/#website"},"primaryImageOfPage":{"@id":"https:\/\/hotnewsinworld.com\/hu\/kek-duna-keringo-magyar-nemzet\/#primaryimage"},"image":{"@id":"https:\/\/hotnewsinworld.com\/hu\/kek-duna-keringo-magyar-nemzet\/#primaryimage"},"thumbnailUrl":"https:\/\/hotnewsinworld.com\/hu\/wp-content\/uploads\/sites\/3\/2019\/09\/K\u00e9k-Duna-kering\u0151-Magyar-Nemzet.jpg","datePublished":"2019-09-08T12:45:57+00:00","dateModified":"2019-09-08T12:45:58+00:00","author":{"@id":"https:\/\/hotnewsinworld.com\/hu\/#\/schema\/person\/fe61448b21c0d59086e75fcc1f9d8f6b"},"breadcrumb":{"@id":"https:\/\/hotnewsinworld.com\/hu\/kek-duna-keringo-magyar-nemzet\/#breadcrumb"},"inLanguage":"hu","potentialAction":[{"@type":"ReadAction","target":["https:\/\/hotnewsinworld.com\/hu\/kek-duna-keringo-magyar-nemzet\/"]}]},{"@type":"ImageObject","inLanguage":"hu","@id":"https:\/\/hotnewsinworld.com\/hu\/kek-duna-keringo-magyar-nemzet\/#primaryimage","url":"https:\/\/hotnewsinworld.com\/hu\/wp-content\/uploads\/sites\/3\/2019\/09\/K\u00e9k-Duna-kering\u0151-Magyar-Nemzet.jpg","contentUrl":"https:\/\/hotnewsinworld.com\/hu\/wp-content\/uploads\/sites\/3\/2019\/09\/K\u00e9k-Duna-kering\u0151-Magyar-Nemzet.jpg","width":780,"height":439,"caption":"K\u00e9k Duna kering\u0151 | Magyar Nemzet"},{"@type":"BreadcrumbList","@id":"https:\/\/hotnewsinworld.com\/hu\/kek-duna-keringo-magyar-nemzet\/#breadcrumb","itemListElement":[{"@type":"ListItem","position":1,"name":"\u0413\u043b\u0430\u0432\u043d\u0430\u044f \u0441\u0442\u0440\u0430\u043d\u0438\u0446\u0430","item":"https:\/\/hotnewsinworld.com\/hu\/"},{"@type":"ListItem","position":2,"name":"K\u00e9k Duna kering\u0151 | Magyar Nemzet"}]},{"@type":"WebSite","@id":"https:\/\/hotnewsinworld.com\/hu\/#website","url":"https:\/\/hotnewsinworld.com\/hu\/","name":"Hot News in World","description":"Hot News in World from Hungary","potentialAction":[{"@type":"SearchAction","target":{"@type":"EntryPoint","urlTemplate":"https:\/\/hotnewsinworld.com\/hu\/?s={search_term_string}"},"query-input":{"@type":"PropertyValueSpecification","valueRequired":true,"valueName":"search_term_string"}}],"inLanguage":"hu"},{"@type":"Person","@id":"https:\/\/hotnewsinworld.com\/hu\/#\/schema\/person\/fe61448b21c0d59086e75fcc1f9d8f6b","name":"hotnewsinworld","image":{"@type":"ImageObject","inLanguage":"hu","@id":"https:\/\/secure.gravatar.com\/avatar\/8a09ac165600ce2e1c38fe593c63928eb1e6e7ba5c5a907d67787c41b3d00c14?s=96&d=mm&r=g","url":"https:\/\/secure.gravatar.com\/avatar\/8a09ac165600ce2e1c38fe593c63928eb1e6e7ba5c5a907d67787c41b3d00c14?s=96&d=mm&r=g","contentUrl":"https:\/\/secure.gravatar.com\/avatar\/8a09ac165600ce2e1c38fe593c63928eb1e6e7ba5c5a907d67787c41b3d00c14?s=96&d=mm&r=g","caption":"hotnewsinworld"},"url":"https:\/\/hotnewsinworld.com\/hu\/author\/pt\/"}]}},"_links":{"self":[{"href":"https:\/\/hotnewsinworld.com\/hu\/wp-json\/wp\/v2\/posts\/1793","targetHints":{"allow":["GET"]}}],"collection":[{"href":"https:\/\/hotnewsinworld.com\/hu\/wp-json\/wp\/v2\/posts"}],"about":[{"href":"https:\/\/hotnewsinworld.com\/hu\/wp-json\/wp\/v2\/types\/post"}],"author":[{"embeddable":true,"href":"https:\/\/hotnewsinworld.com\/hu\/wp-json\/wp\/v2\/users\/2"}],"replies":[{"embeddable":true,"href":"https:\/\/hotnewsinworld.com\/hu\/wp-json\/wp\/v2\/comments?post=1793"}],"version-history":[{"count":1,"href":"https:\/\/hotnewsinworld.com\/hu\/wp-json\/wp\/v2\/posts\/1793\/revisions"}],"predecessor-version":[{"id":1795,"href":"https:\/\/hotnewsinworld.com\/hu\/wp-json\/wp\/v2\/posts\/1793\/revisions\/1795"}],"wp:featuredmedia":[{"embeddable":true,"href":"https:\/\/hotnewsinworld.com\/hu\/wp-json\/wp\/v2\/media\/1794"}],"wp:attachment":[{"href":"https:\/\/hotnewsinworld.com\/hu\/wp-json\/wp\/v2\/media?parent=1793"}],"wp:term":[{"taxonomy":"category","embeddable":true,"href":"https:\/\/hotnewsinworld.com\/hu\/wp-json\/wp\/v2\/categories?post=1793"},{"taxonomy":"post_tag","embeddable":true,"href":"https:\/\/hotnewsinworld.com\/hu\/wp-json\/wp\/v2\/tags?post=1793"}],"curies":[{"name":"wp","href":"https:\/\/api.w.org\/{rel}","templated":true}]}}