{"id":1798,"date":"2019-09-08T18:56:30","date_gmt":"2019-09-08T15:56:30","guid":{"rendered":"https:\/\/hotnewsinworld.com\/hu\/meghalt-kara-tunde-jaszai-mari-dijas-szineszno\/"},"modified":"2019-09-08T18:56:32","modified_gmt":"2019-09-08T15:56:32","slug":"meghalt-kara-tunde-jaszai-mari-dijas-szineszno","status":"publish","type":"post","link":"https:\/\/hotnewsinworld.com\/hu\/meghalt-kara-tunde-jaszai-mari-dijas-szineszno\/","title":{"rendered":"Meghalt Kara T\u00fcnde J\u00e1szai Mari-d\u00edjas sz\u00edn\u00e9szn\u0151"},"content":{"rendered":"<div>\n<p>Hosszan tart\u00f3, s\u00falyos betegs\u00e9g ut\u00e1n p\u00e9nteken elhunyt <strong>Kara T\u00fcnde<\/strong>, a B\u00e9k\u00e9scsabai J\u00f3kai Sz\u00ednh\u00e1z egykori sz\u00ednm\u0171v\u00e9sze \u2013 \u00edrja a behir.hu. A J\u00e1szai-d\u00edjas sz\u00edn\u00e9szn\u0151 45 \u00e9ves volt.<\/p>\n<p><span class=\"highlight-block-small\">Kara T\u00fcnde 2015-ben egy pr\u00f3b\u00e1n lett rosszul, le\u00e1llt a sz\u00edve, \u00fajra kellett \u00e9leszteni. Az \u00fajra\u00e9leszt\u00e9s siker\u00fclt ugyan, \u00e1m k\u00f3m\u00e1ba esett. Ebb\u0151l k\u00e9t h\u00e9t ut\u00e1n \u00e9bredt fel, de az \u00e1llapot\u00e1ban \u2013 b\u00e1r az intenz\u00edv oszt\u00e1lyt egy h\u00f3nap ut\u00e1n elhagyhatta \u2013 jelent\u0151s javul\u00e1s nem k\u00f6vetkezett be.<\/span><\/p>\n<p>Gy\u00f3gyul\u00e1s\u00e1t 2016 elej\u00e9n j\u00f3t\u00e9konys\u00e1gi esttel is igyekezett t\u00e1mogatni a sz\u00ednh\u00e1z, de az \u00e1llapota az elm\u00falt \u00e9vekben v\u00e1ltozatlan volt. A behir.hu cikk szerint a sz\u00edn\u00e9szn\u0151 szeptember 6-\u00e1n, k\u00f3rh\u00e1zban hunyt el.<\/p>\n<p>Kara T\u00fcnde munk\u00e1j\u00e1t sz\u00e1mos kit\u00fcntet\u00e9ssel ismert\u00e9k el: 2005\u2011ben \u00e9s 2007\u2011ben A Megye sz\u00ednm\u0171v\u00e9sze\u2011d\u00edjat, 2009\u2011ben \u00e9s 2015\u2011ben G\u00e1lfy Gy\u0171r\u0171\u2011d\u00edjat, 2009-ben V\u00e1ndorfesztiv\u00e1l\u2011d\u00edjat \u00e9s a Leg\u00edg\u00e9retesebb tehets\u00e9g\u2011d\u00edjat, 2015\u2011ben Az \u00c9vad Sz\u00edn\u00e9szn\u0151je\u2011d\u00edjat, m\u00edg 2013\u2011ban J\u00e1szai Mari\u2011d\u00edjat kapott.<\/p>\n<p><em>Kiemelt k\u00e9p: Kara T\u00fcnde Afrodit\u00e9 szerep\u00e9ben a verseny gy\u0151ztes sz\u00edndarabja, V\u00f6r\u00f6s Istv\u00e1n A v\u00e9szf\u00e9kek Istene, avagy aki azt hitte, l\u00e1tja az alag\u00fat v\u00e9g\u00e9t, aki l\u00e1tta is, \u00e9s aki nem akarta megl\u00e1tni c\u00edm\u0171 darabj\u00e1ban a XIX. Magyar Dr\u00e1ma\u00edr\u00f3 Verseny g\u00e1l\u00e1j\u00e1n a B\u00e9k\u00e9scsabai J\u00f3kai Sz\u00ednh\u00e1zban 2014. m\u00e1rcius 29-\u00e9n este. (MTI \/ Rosta Tibor)<\/em><\/p>\n<\/p><\/div>\n<p><script>\n\tjQuery(window).load(function() {\n\t\twindow.fbAsyncInit = function () {\n\t\t\tFB.init({\n\t\t\t\tappId: '',\n\t\t\t\txfbml: true,\n\t\t\t\tversion: 'v3.2'\n\t\t\t});<\/p>\n<p>\t\t\tFB.Event.subscribe('xfbml.ready', function (msg) {\n\t\t\t\tif (msg.type === 'video') {\n\t\t\t\t\tif(typeof insertVideoMeasuringCode != \"undefined\"){\n\t\t\t\t\t\tinsertVideoMeasuringCode(msg);\n\t\t\t\t\t}\n\t\t\t\t}\n\t\t\t});\n\t\t};<\/p>\n<p>\t\tfunction initFB()\n\t\t{\n\t\t\t(function (d, s, id) {\n\t\t\t\tvar js, fjs = d.getElementsByTagName(s)[0];\n\t\t\t\tif (d.getElementById(id)) {\n\t\t\t\t\treturn;\n\t\t\t\t}\n\t\t\t\tjs = d.createElement(s);\n\t\t\t\tjs.id = id;\n\t\t\t\tjs.src = \"http:\/\/connect.facebook.net\/hu_HU\/all.js\";\n\t\t\t\tfjs.parentNode.insertBefore(js, fjs);\n\t\t\t}(document, 'script', 'facebook-jssdk'));\n\t\t\tjQuery(window).off('scroll mousemove touchmove', initFB);\n\t\t}<\/p>\n<p>\t\tfunction parseXFBML(e)\n\t\t{\n\t\t\tif (typeof FB !== \"undefined\" && typeof FB.XFBML !== \"undefined\") {\n\t\t\t\te.preventDefault();\n\t\t\t\te.stopPropagation();\n\t\t\t\tFB.XFBML.parse();\n\t\t\t\tjQuery(window).off('scroll mousemove touchmove', parseXFBML);<\/p>\n<p>\t\t\t\tif (typeof catchSocialEvents != \"undefined\" && typeof catchSocialEvents === \"function\") {\n\t\t\t\t\tcatchSocialEvents();\n\t\t\t\t}\n\t\t\t}\n\t\t}<\/p>\n<p>\t\tjQuery(window).on('scroll mousemove touchmove', initFB);\n\t\tjQuery(window).on('scroll mousemove touchmove', parseXFBML);\n\t});\n<\/script><br \/>\n<br \/>\n<!--noindex--><br \/>\n<a href=\"https:\/\/hirek.oldal.info\/rssclick\/14379881\" rel=\"nofollow\">Source link <\/a><br \/>\n<!--\/noindex--><\/p>\n","protected":false},"excerpt":{"rendered":"<p>Hosszan tart\u00f3, s\u00falyos betegs\u00e9g ut\u00e1n p\u00e9nteken elhunyt Kara T\u00fcnde, a B\u00e9k\u00e9scsabai J\u00f3kai Sz\u00ednh\u00e1z egykori sz\u00ednm\u0171v\u00e9sze \u2013 \u00edrja a behir.hu. A J\u00e1szai-d\u00edjas sz\u00edn\u00e9szn\u0151 45 \u00e9ves volt. Kara T\u00fcnde 2015-ben egy pr\u00f3b\u00e1n lett rosszul, le\u00e1llt a sz\u00edve, \u00fajra kellett \u00e9leszteni. Az \u00fajra\u00e9leszt\u00e9s siker\u00fclt ugyan, \u00e1m k\u00f3m\u00e1ba esett. Ebb\u0151l k\u00e9t h\u00e9t ut\u00e1n \u00e9bredt fel, de az \u00e1llapot\u00e1ban \u2013 [&hellip;]<\/p>\n","protected":false},"author":2,"featured_media":1799,"comment_status":"open","ping_status":"open","sticky":false,"template":"","format":"standard","meta":{"footnotes":""},"categories":[1],"tags":[],"class_list":["post-1798","post","type-post","status-publish","format-standard","has-post-thumbnail","hentry","category-legujabb-penzugyi-hirek"],"yoast_head":"<!-- This site is optimized with the Yoast SEO plugin v27.4 - https:\/\/yoast.com\/product\/yoast-seo-wordpress\/ -->\n<title>Meghalt Kara T\u00fcnde J\u00e1szai Mari-d\u00edjas sz\u00edn\u00e9szn\u0151 - Hot News in World<\/title>\n<meta name=\"robots\" content=\"index, follow, max-snippet:-1, max-image-preview:large, max-video-preview:-1\" \/>\n<link rel=\"canonical\" href=\"https:\/\/hotnewsinworld.com\/hu\/meghalt-kara-tunde-jaszai-mari-dijas-szineszno\/\" \/>\n<meta property=\"og:locale\" content=\"hu_HU\" \/>\n<meta property=\"og:type\" content=\"article\" \/>\n<meta property=\"og:title\" content=\"Meghalt Kara T\u00fcnde J\u00e1szai Mari-d\u00edjas sz\u00edn\u00e9szn\u0151 - Hot News in World\" \/>\n<meta property=\"og:description\" content=\"Hosszan tart\u00f3, s\u00falyos betegs\u00e9g ut\u00e1n p\u00e9nteken elhunyt Kara T\u00fcnde, a B\u00e9k\u00e9scsabai J\u00f3kai Sz\u00ednh\u00e1z egykori sz\u00ednm\u0171v\u00e9sze \u2013 \u00edrja a behir.hu. A J\u00e1szai-d\u00edjas sz\u00edn\u00e9szn\u0151 45 \u00e9ves volt. Kara T\u00fcnde 2015-ben egy pr\u00f3b\u00e1n lett rosszul, le\u00e1llt a sz\u00edve, \u00fajra kellett \u00e9leszteni. Az \u00fajra\u00e9leszt\u00e9s siker\u00fclt ugyan, \u00e1m k\u00f3m\u00e1ba esett. Ebb\u0151l k\u00e9t h\u00e9t ut\u00e1n \u00e9bredt fel, de az \u00e1llapot\u00e1ban \u2013 [&hellip;]\" \/>\n<meta property=\"og:url\" content=\"https:\/\/hotnewsinworld.com\/hu\/meghalt-kara-tunde-jaszai-mari-dijas-szineszno\/\" \/>\n<meta property=\"og:site_name\" content=\"Hot News in World\" \/>\n<meta property=\"article:published_time\" content=\"2019-09-08T15:56:30+00:00\" \/>\n<meta property=\"article:modified_time\" content=\"2019-09-08T15:56:32+00:00\" \/>\n<meta property=\"og:image\" content=\"https:\/\/hotnewsinworld.com\/hu\/wp-content\/uploads\/sites\/3\/2019\/09\/Meghalt-Kara-T\u00fcnde-J\u00e1szai-Mari-d\u00edjas-sz\u00edn\u00e9szn\u0151.jpg\" \/>\n\t<meta property=\"og:image:width\" content=\"1024\" \/>\n\t<meta property=\"og:image:height\" content=\"576\" \/>\n\t<meta property=\"og:image:type\" content=\"image\/jpeg\" \/>\n<meta name=\"author\" content=\"hotnewsinworld\" \/>\n<meta name=\"twitter:card\" content=\"summary_large_image\" \/>\n<meta name=\"twitter:label1\" content=\"Szerz\u0151:\" \/>\n\t<meta name=\"twitter:data1\" content=\"hotnewsinworld\" \/>\n\t<meta name=\"twitter:label2\" content=\"Becs\u00fclt olvas\u00e1si id\u0151\" \/>\n\t<meta name=\"twitter:data2\" content=\"2 perc\" \/>\n<script type=\"application\/ld+json\" class=\"yoast-schema-graph\">{\"@context\":\"https:\\\/\\\/schema.org\",\"@graph\":[{\"@type\":\"Article\",\"@id\":\"https:\\\/\\\/hotnewsinworld.com\\\/hu\\\/meghalt-kara-tunde-jaszai-mari-dijas-szineszno\\\/#article\",\"isPartOf\":{\"@id\":\"https:\\\/\\\/hotnewsinworld.com\\\/hu\\\/meghalt-kara-tunde-jaszai-mari-dijas-szineszno\\\/\"},\"author\":{\"name\":\"hotnewsinworld\",\"@id\":\"https:\\\/\\\/hotnewsinworld.com\\\/hu\\\/#\\\/schema\\\/person\\\/fe61448b21c0d59086e75fcc1f9d8f6b\"},\"headline\":\"Meghalt Kara T\u00fcnde J\u00e1szai Mari-d\u00edjas sz\u00edn\u00e9szn\u0151\",\"datePublished\":\"2019-09-08T15:56:30+00:00\",\"dateModified\":\"2019-09-08T15:56:32+00:00\",\"mainEntityOfPage\":{\"@id\":\"https:\\\/\\\/hotnewsinworld.com\\\/hu\\\/meghalt-kara-tunde-jaszai-mari-dijas-szineszno\\\/\"},\"wordCount\":311,\"commentCount\":0,\"image\":{\"@id\":\"https:\\\/\\\/hotnewsinworld.com\\\/hu\\\/meghalt-kara-tunde-jaszai-mari-dijas-szineszno\\\/#primaryimage\"},\"thumbnailUrl\":\"https:\\\/\\\/hotnewsinworld.com\\\/hu\\\/wp-content\\\/uploads\\\/sites\\\/3\\\/2019\\\/09\\\/Meghalt-Kara-T\u00fcnde-J\u00e1szai-Mari-d\u00edjas-sz\u00edn\u00e9szn\u0151.jpg\",\"articleSection\":[\"LEG\u00daJABB P\u00c9NZ\u00dcGYI H\u00cdREK\"],\"inLanguage\":\"hu\",\"potentialAction\":[{\"@type\":\"CommentAction\",\"name\":\"Comment\",\"target\":[\"https:\\\/\\\/hotnewsinworld.com\\\/hu\\\/meghalt-kara-tunde-jaszai-mari-dijas-szineszno\\\/#respond\"]}]},{\"@type\":\"WebPage\",\"@id\":\"https:\\\/\\\/hotnewsinworld.com\\\/hu\\\/meghalt-kara-tunde-jaszai-mari-dijas-szineszno\\\/\",\"url\":\"https:\\\/\\\/hotnewsinworld.com\\\/hu\\\/meghalt-kara-tunde-jaszai-mari-dijas-szineszno\\\/\",\"name\":\"Meghalt Kara T\u00fcnde J\u00e1szai Mari-d\u00edjas sz\u00edn\u00e9szn\u0151 - Hot News in World\",\"isPartOf\":{\"@id\":\"https:\\\/\\\/hotnewsinworld.com\\\/hu\\\/#website\"},\"primaryImageOfPage\":{\"@id\":\"https:\\\/\\\/hotnewsinworld.com\\\/hu\\\/meghalt-kara-tunde-jaszai-mari-dijas-szineszno\\\/#primaryimage\"},\"image\":{\"@id\":\"https:\\\/\\\/hotnewsinworld.com\\\/hu\\\/meghalt-kara-tunde-jaszai-mari-dijas-szineszno\\\/#primaryimage\"},\"thumbnailUrl\":\"https:\\\/\\\/hotnewsinworld.com\\\/hu\\\/wp-content\\\/uploads\\\/sites\\\/3\\\/2019\\\/09\\\/Meghalt-Kara-T\u00fcnde-J\u00e1szai-Mari-d\u00edjas-sz\u00edn\u00e9szn\u0151.jpg\",\"datePublished\":\"2019-09-08T15:56:30+00:00\",\"dateModified\":\"2019-09-08T15:56:32+00:00\",\"author\":{\"@id\":\"https:\\\/\\\/hotnewsinworld.com\\\/hu\\\/#\\\/schema\\\/person\\\/fe61448b21c0d59086e75fcc1f9d8f6b\"},\"breadcrumb\":{\"@id\":\"https:\\\/\\\/hotnewsinworld.com\\\/hu\\\/meghalt-kara-tunde-jaszai-mari-dijas-szineszno\\\/#breadcrumb\"},\"inLanguage\":\"hu\",\"potentialAction\":[{\"@type\":\"ReadAction\",\"target\":[\"https:\\\/\\\/hotnewsinworld.com\\\/hu\\\/meghalt-kara-tunde-jaszai-mari-dijas-szineszno\\\/\"]}]},{\"@type\":\"ImageObject\",\"inLanguage\":\"hu\",\"@id\":\"https:\\\/\\\/hotnewsinworld.com\\\/hu\\\/meghalt-kara-tunde-jaszai-mari-dijas-szineszno\\\/#primaryimage\",\"url\":\"https:\\\/\\\/hotnewsinworld.com\\\/hu\\\/wp-content\\\/uploads\\\/sites\\\/3\\\/2019\\\/09\\\/Meghalt-Kara-T\u00fcnde-J\u00e1szai-Mari-d\u00edjas-sz\u00edn\u00e9szn\u0151.jpg\",\"contentUrl\":\"https:\\\/\\\/hotnewsinworld.com\\\/hu\\\/wp-content\\\/uploads\\\/sites\\\/3\\\/2019\\\/09\\\/Meghalt-Kara-T\u00fcnde-J\u00e1szai-Mari-d\u00edjas-sz\u00edn\u00e9szn\u0151.jpg\",\"width\":1024,\"height\":576,\"caption\":\"Meghalt Kara T\u00fcnde J\u00e1szai Mari-d\u00edjas sz\u00edn\u00e9szn\u0151\"},{\"@type\":\"BreadcrumbList\",\"@id\":\"https:\\\/\\\/hotnewsinworld.com\\\/hu\\\/meghalt-kara-tunde-jaszai-mari-dijas-szineszno\\\/#breadcrumb\",\"itemListElement\":[{\"@type\":\"ListItem\",\"position\":1,\"name\":\"\u0413\u043b\u0430\u0432\u043d\u0430\u044f \u0441\u0442\u0440\u0430\u043d\u0438\u0446\u0430\",\"item\":\"https:\\\/\\\/hotnewsinworld.com\\\/hu\\\/\"},{\"@type\":\"ListItem\",\"position\":2,\"name\":\"Meghalt Kara T\u00fcnde J\u00e1szai Mari-d\u00edjas sz\u00edn\u00e9szn\u0151\"}]},{\"@type\":\"WebSite\",\"@id\":\"https:\\\/\\\/hotnewsinworld.com\\\/hu\\\/#website\",\"url\":\"https:\\\/\\\/hotnewsinworld.com\\\/hu\\\/\",\"name\":\"Hot News in World\",\"description\":\"Hot News in World from Hungary\",\"potentialAction\":[{\"@type\":\"SearchAction\",\"target\":{\"@type\":\"EntryPoint\",\"urlTemplate\":\"https:\\\/\\\/hotnewsinworld.com\\\/hu\\\/?s={search_term_string}\"},\"query-input\":{\"@type\":\"PropertyValueSpecification\",\"valueRequired\":true,\"valueName\":\"search_term_string\"}}],\"inLanguage\":\"hu\"},{\"@type\":\"Person\",\"@id\":\"https:\\\/\\\/hotnewsinworld.com\\\/hu\\\/#\\\/schema\\\/person\\\/fe61448b21c0d59086e75fcc1f9d8f6b\",\"name\":\"hotnewsinworld\",\"image\":{\"@type\":\"ImageObject\",\"inLanguage\":\"hu\",\"@id\":\"https:\\\/\\\/secure.gravatar.com\\\/avatar\\\/8a09ac165600ce2e1c38fe593c63928eb1e6e7ba5c5a907d67787c41b3d00c14?s=96&d=mm&r=g\",\"url\":\"https:\\\/\\\/secure.gravatar.com\\\/avatar\\\/8a09ac165600ce2e1c38fe593c63928eb1e6e7ba5c5a907d67787c41b3d00c14?s=96&d=mm&r=g\",\"contentUrl\":\"https:\\\/\\\/secure.gravatar.com\\\/avatar\\\/8a09ac165600ce2e1c38fe593c63928eb1e6e7ba5c5a907d67787c41b3d00c14?s=96&d=mm&r=g\",\"caption\":\"hotnewsinworld\"},\"url\":\"https:\\\/\\\/hotnewsinworld.com\\\/hu\\\/author\\\/pt\\\/\"}]}<\/script>\n<!-- \/ Yoast SEO plugin. -->","yoast_head_json":{"title":"Meghalt Kara T\u00fcnde J\u00e1szai Mari-d\u00edjas sz\u00edn\u00e9szn\u0151 - Hot News in World","robots":{"index":"index","follow":"follow","max-snippet":"max-snippet:-1","max-image-preview":"max-image-preview:large","max-video-preview":"max-video-preview:-1"},"canonical":"https:\/\/hotnewsinworld.com\/hu\/meghalt-kara-tunde-jaszai-mari-dijas-szineszno\/","og_locale":"hu_HU","og_type":"article","og_title":"Meghalt Kara T\u00fcnde J\u00e1szai Mari-d\u00edjas sz\u00edn\u00e9szn\u0151 - Hot News in World","og_description":"Hosszan tart\u00f3, s\u00falyos betegs\u00e9g ut\u00e1n p\u00e9nteken elhunyt Kara T\u00fcnde, a B\u00e9k\u00e9scsabai J\u00f3kai Sz\u00ednh\u00e1z egykori sz\u00ednm\u0171v\u00e9sze \u2013 \u00edrja a behir.hu. A J\u00e1szai-d\u00edjas sz\u00edn\u00e9szn\u0151 45 \u00e9ves volt. Kara T\u00fcnde 2015-ben egy pr\u00f3b\u00e1n lett rosszul, le\u00e1llt a sz\u00edve, \u00fajra kellett \u00e9leszteni. Az \u00fajra\u00e9leszt\u00e9s siker\u00fclt ugyan, \u00e1m k\u00f3m\u00e1ba esett. Ebb\u0151l k\u00e9t h\u00e9t ut\u00e1n \u00e9bredt fel, de az \u00e1llapot\u00e1ban \u2013 [&hellip;]","og_url":"https:\/\/hotnewsinworld.com\/hu\/meghalt-kara-tunde-jaszai-mari-dijas-szineszno\/","og_site_name":"Hot News in World","article_published_time":"2019-09-08T15:56:30+00:00","article_modified_time":"2019-09-08T15:56:32+00:00","og_image":[{"width":1024,"height":576,"url":"https:\/\/hotnewsinworld.com\/hu\/wp-content\/uploads\/sites\/3\/2019\/09\/Meghalt-Kara-T\u00fcnde-J\u00e1szai-Mari-d\u00edjas-sz\u00edn\u00e9szn\u0151.jpg","type":"image\/jpeg"}],"author":"hotnewsinworld","twitter_card":"summary_large_image","twitter_misc":{"Szerz\u0151:":"hotnewsinworld","Becs\u00fclt olvas\u00e1si id\u0151":"2 perc"},"schema":{"@context":"https:\/\/schema.org","@graph":[{"@type":"Article","@id":"https:\/\/hotnewsinworld.com\/hu\/meghalt-kara-tunde-jaszai-mari-dijas-szineszno\/#article","isPartOf":{"@id":"https:\/\/hotnewsinworld.com\/hu\/meghalt-kara-tunde-jaszai-mari-dijas-szineszno\/"},"author":{"name":"hotnewsinworld","@id":"https:\/\/hotnewsinworld.com\/hu\/#\/schema\/person\/fe61448b21c0d59086e75fcc1f9d8f6b"},"headline":"Meghalt Kara T\u00fcnde J\u00e1szai Mari-d\u00edjas sz\u00edn\u00e9szn\u0151","datePublished":"2019-09-08T15:56:30+00:00","dateModified":"2019-09-08T15:56:32+00:00","mainEntityOfPage":{"@id":"https:\/\/hotnewsinworld.com\/hu\/meghalt-kara-tunde-jaszai-mari-dijas-szineszno\/"},"wordCount":311,"commentCount":0,"image":{"@id":"https:\/\/hotnewsinworld.com\/hu\/meghalt-kara-tunde-jaszai-mari-dijas-szineszno\/#primaryimage"},"thumbnailUrl":"https:\/\/hotnewsinworld.com\/hu\/wp-content\/uploads\/sites\/3\/2019\/09\/Meghalt-Kara-T\u00fcnde-J\u00e1szai-Mari-d\u00edjas-sz\u00edn\u00e9szn\u0151.jpg","articleSection":["LEG\u00daJABB P\u00c9NZ\u00dcGYI H\u00cdREK"],"inLanguage":"hu","potentialAction":[{"@type":"CommentAction","name":"Comment","target":["https:\/\/hotnewsinworld.com\/hu\/meghalt-kara-tunde-jaszai-mari-dijas-szineszno\/#respond"]}]},{"@type":"WebPage","@id":"https:\/\/hotnewsinworld.com\/hu\/meghalt-kara-tunde-jaszai-mari-dijas-szineszno\/","url":"https:\/\/hotnewsinworld.com\/hu\/meghalt-kara-tunde-jaszai-mari-dijas-szineszno\/","name":"Meghalt Kara T\u00fcnde J\u00e1szai Mari-d\u00edjas sz\u00edn\u00e9szn\u0151 - Hot News in World","isPartOf":{"@id":"https:\/\/hotnewsinworld.com\/hu\/#website"},"primaryImageOfPage":{"@id":"https:\/\/hotnewsinworld.com\/hu\/meghalt-kara-tunde-jaszai-mari-dijas-szineszno\/#primaryimage"},"image":{"@id":"https:\/\/hotnewsinworld.com\/hu\/meghalt-kara-tunde-jaszai-mari-dijas-szineszno\/#primaryimage"},"thumbnailUrl":"https:\/\/hotnewsinworld.com\/hu\/wp-content\/uploads\/sites\/3\/2019\/09\/Meghalt-Kara-T\u00fcnde-J\u00e1szai-Mari-d\u00edjas-sz\u00edn\u00e9szn\u0151.jpg","datePublished":"2019-09-08T15:56:30+00:00","dateModified":"2019-09-08T15:56:32+00:00","author":{"@id":"https:\/\/hotnewsinworld.com\/hu\/#\/schema\/person\/fe61448b21c0d59086e75fcc1f9d8f6b"},"breadcrumb":{"@id":"https:\/\/hotnewsinworld.com\/hu\/meghalt-kara-tunde-jaszai-mari-dijas-szineszno\/#breadcrumb"},"inLanguage":"hu","potentialAction":[{"@type":"ReadAction","target":["https:\/\/hotnewsinworld.com\/hu\/meghalt-kara-tunde-jaszai-mari-dijas-szineszno\/"]}]},{"@type":"ImageObject","inLanguage":"hu","@id":"https:\/\/hotnewsinworld.com\/hu\/meghalt-kara-tunde-jaszai-mari-dijas-szineszno\/#primaryimage","url":"https:\/\/hotnewsinworld.com\/hu\/wp-content\/uploads\/sites\/3\/2019\/09\/Meghalt-Kara-T\u00fcnde-J\u00e1szai-Mari-d\u00edjas-sz\u00edn\u00e9szn\u0151.jpg","contentUrl":"https:\/\/hotnewsinworld.com\/hu\/wp-content\/uploads\/sites\/3\/2019\/09\/Meghalt-Kara-T\u00fcnde-J\u00e1szai-Mari-d\u00edjas-sz\u00edn\u00e9szn\u0151.jpg","width":1024,"height":576,"caption":"Meghalt Kara T\u00fcnde J\u00e1szai Mari-d\u00edjas sz\u00edn\u00e9szn\u0151"},{"@type":"BreadcrumbList","@id":"https:\/\/hotnewsinworld.com\/hu\/meghalt-kara-tunde-jaszai-mari-dijas-szineszno\/#breadcrumb","itemListElement":[{"@type":"ListItem","position":1,"name":"\u0413\u043b\u0430\u0432\u043d\u0430\u044f \u0441\u0442\u0440\u0430\u043d\u0438\u0446\u0430","item":"https:\/\/hotnewsinworld.com\/hu\/"},{"@type":"ListItem","position":2,"name":"Meghalt Kara T\u00fcnde J\u00e1szai Mari-d\u00edjas sz\u00edn\u00e9szn\u0151"}]},{"@type":"WebSite","@id":"https:\/\/hotnewsinworld.com\/hu\/#website","url":"https:\/\/hotnewsinworld.com\/hu\/","name":"Hot News in World","description":"Hot News in World from Hungary","potentialAction":[{"@type":"SearchAction","target":{"@type":"EntryPoint","urlTemplate":"https:\/\/hotnewsinworld.com\/hu\/?s={search_term_string}"},"query-input":{"@type":"PropertyValueSpecification","valueRequired":true,"valueName":"search_term_string"}}],"inLanguage":"hu"},{"@type":"Person","@id":"https:\/\/hotnewsinworld.com\/hu\/#\/schema\/person\/fe61448b21c0d59086e75fcc1f9d8f6b","name":"hotnewsinworld","image":{"@type":"ImageObject","inLanguage":"hu","@id":"https:\/\/secure.gravatar.com\/avatar\/8a09ac165600ce2e1c38fe593c63928eb1e6e7ba5c5a907d67787c41b3d00c14?s=96&d=mm&r=g","url":"https:\/\/secure.gravatar.com\/avatar\/8a09ac165600ce2e1c38fe593c63928eb1e6e7ba5c5a907d67787c41b3d00c14?s=96&d=mm&r=g","contentUrl":"https:\/\/secure.gravatar.com\/avatar\/8a09ac165600ce2e1c38fe593c63928eb1e6e7ba5c5a907d67787c41b3d00c14?s=96&d=mm&r=g","caption":"hotnewsinworld"},"url":"https:\/\/hotnewsinworld.com\/hu\/author\/pt\/"}]}},"_links":{"self":[{"href":"https:\/\/hotnewsinworld.com\/hu\/wp-json\/wp\/v2\/posts\/1798","targetHints":{"allow":["GET"]}}],"collection":[{"href":"https:\/\/hotnewsinworld.com\/hu\/wp-json\/wp\/v2\/posts"}],"about":[{"href":"https:\/\/hotnewsinworld.com\/hu\/wp-json\/wp\/v2\/types\/post"}],"author":[{"embeddable":true,"href":"https:\/\/hotnewsinworld.com\/hu\/wp-json\/wp\/v2\/users\/2"}],"replies":[{"embeddable":true,"href":"https:\/\/hotnewsinworld.com\/hu\/wp-json\/wp\/v2\/comments?post=1798"}],"version-history":[{"count":1,"href":"https:\/\/hotnewsinworld.com\/hu\/wp-json\/wp\/v2\/posts\/1798\/revisions"}],"predecessor-version":[{"id":1800,"href":"https:\/\/hotnewsinworld.com\/hu\/wp-json\/wp\/v2\/posts\/1798\/revisions\/1800"}],"wp:featuredmedia":[{"embeddable":true,"href":"https:\/\/hotnewsinworld.com\/hu\/wp-json\/wp\/v2\/media\/1799"}],"wp:attachment":[{"href":"https:\/\/hotnewsinworld.com\/hu\/wp-json\/wp\/v2\/media?parent=1798"}],"wp:term":[{"taxonomy":"category","embeddable":true,"href":"https:\/\/hotnewsinworld.com\/hu\/wp-json\/wp\/v2\/categories?post=1798"},{"taxonomy":"post_tag","embeddable":true,"href":"https:\/\/hotnewsinworld.com\/hu\/wp-json\/wp\/v2\/tags?post=1798"}],"curies":[{"name":"wp","href":"https:\/\/api.w.org\/{rel}","templated":true}]}}