{"id":1804,"date":"2019-09-08T23:15:01","date_gmt":"2019-09-08T20:15:01","guid":{"rendered":"https:\/\/hotnewsinworld.com\/hu\/valoszinu-hogy-megmentette-egy-autista-no-eletet-egy-ferfi-nyiregyhazan\/"},"modified":"2019-09-08T23:15:02","modified_gmt":"2019-09-08T20:15:02","slug":"valoszinu-hogy-megmentette-egy-autista-no-eletet-egy-ferfi-nyiregyhazan","status":"publish","type":"post","link":"https:\/\/hotnewsinworld.com\/hu\/valoszinu-hogy-megmentette-egy-autista-no-eletet-egy-ferfi-nyiregyhazan\/","title":{"rendered":"Val\u00f3sz\u00edn\u0171, hogy megmentette egy autista n\u0151 \u00e9let\u00e9t egy f\u00e9rfi Ny\u00edregyh\u00e1z\u00e1n"},"content":{"rendered":"<div>\n<p class=\"lead\">\u00c9letet mentett egy besztereci f\u00e9rfi, amikor k\u00e9t hete meg\u00e1llt seg\u00edteni egy forgalmas ny\u00edregyh\u00e1zi \u00fat kell\u0151s k\u00f6zep\u00e9n s\u00e9t\u00e1l\u00f3, zavartan viselked\u0151 31 \u00e9ves asszonyon. A f\u00e9rfi azt nyilatkozta, rajta k\u00edv\u00fcl egy aut\u00f3s sem \u00e1llt meg, hogy seg\u00edtsen a n\u0151nek. Az autista n\u0151 \u00e9desanyja lev\u00e9lben mondott k\u00f6sz\u00f6netet.<\/p>\n<\/div>\n<p><script>(function(d, s, id) {\n  var js, fjs = d.getElementsByTagName(s)[0];\n  if (d.getElementById(id)) return;\n  js = d.createElement(s); js.id = id;\n  js.src = \"http:\/\/connect.facebook.net\/hu_HU\/sdk.js#xfbml=1&version=v2.6\";\n  fjs.parentNode.insertBefore(js, fjs);\n}(document, 'script', 'facebook-jssdk'));<\/script><br \/>\n<br \/>\n<!--noindex--><br \/>\n<a href=\"https:\/\/hirek.oldal.info\/rssclick\/14380302\" rel=\"nofollow\">Source link <\/a><br \/>\n<!--\/noindex--><\/p>\n","protected":false},"excerpt":{"rendered":"<p>\u00c9letet mentett egy besztereci f\u00e9rfi, amikor k\u00e9t hete meg\u00e1llt seg\u00edteni egy forgalmas ny\u00edregyh\u00e1zi \u00fat kell\u0151s k\u00f6zep\u00e9n s\u00e9t\u00e1l\u00f3, zavartan viselked\u0151 31 \u00e9ves asszonyon. A f\u00e9rfi azt nyilatkozta, rajta k\u00edv\u00fcl egy aut\u00f3s sem \u00e1llt meg, hogy seg\u00edtsen a n\u0151nek. Az autista n\u0151 \u00e9desanyja lev\u00e9lben mondott k\u00f6sz\u00f6netet. Source link<\/p>\n","protected":false},"author":2,"featured_media":1805,"comment_status":"open","ping_status":"open","sticky":false,"template":"","format":"standard","meta":{"footnotes":""},"categories":[1],"tags":[],"class_list":["post-1804","post","type-post","status-publish","format-standard","has-post-thumbnail","hentry","category-legujabb-penzugyi-hirek"],"yoast_head":"<!-- This site is optimized with the Yoast SEO plugin v27.4 - https:\/\/yoast.com\/product\/yoast-seo-wordpress\/ -->\n<title>Val\u00f3sz\u00edn\u0171, hogy megmentette egy autista n\u0151 \u00e9let\u00e9t egy f\u00e9rfi Ny\u00edregyh\u00e1z\u00e1n - Hot News in World<\/title>\n<meta name=\"robots\" content=\"index, follow, max-snippet:-1, max-image-preview:large, max-video-preview:-1\" \/>\n<link rel=\"canonical\" href=\"https:\/\/hotnewsinworld.com\/hu\/valoszinu-hogy-megmentette-egy-autista-no-eletet-egy-ferfi-nyiregyhazan\/\" \/>\n<meta property=\"og:locale\" content=\"hu_HU\" \/>\n<meta property=\"og:type\" content=\"article\" \/>\n<meta property=\"og:title\" content=\"Val\u00f3sz\u00edn\u0171, hogy megmentette egy autista n\u0151 \u00e9let\u00e9t egy f\u00e9rfi Ny\u00edregyh\u00e1z\u00e1n - Hot News in World\" \/>\n<meta property=\"og:description\" content=\"\u00c9letet mentett egy besztereci f\u00e9rfi, amikor k\u00e9t hete meg\u00e1llt seg\u00edteni egy forgalmas ny\u00edregyh\u00e1zi \u00fat kell\u0151s k\u00f6zep\u00e9n s\u00e9t\u00e1l\u00f3, zavartan viselked\u0151 31 \u00e9ves asszonyon. A f\u00e9rfi azt nyilatkozta, rajta k\u00edv\u00fcl egy aut\u00f3s sem \u00e1llt meg, hogy seg\u00edtsen a n\u0151nek. Az autista n\u0151 \u00e9desanyja lev\u00e9lben mondott k\u00f6sz\u00f6netet. Source link\" \/>\n<meta property=\"og:url\" content=\"https:\/\/hotnewsinworld.com\/hu\/valoszinu-hogy-megmentette-egy-autista-no-eletet-egy-ferfi-nyiregyhazan\/\" \/>\n<meta property=\"og:site_name\" content=\"Hot News in World\" \/>\n<meta property=\"article:published_time\" content=\"2019-09-08T20:15:01+00:00\" \/>\n<meta property=\"article:modified_time\" content=\"2019-09-08T20:15:02+00:00\" \/>\n<meta property=\"og:image\" content=\"https:\/\/hotnewsinworld.com\/hu\/wp-content\/uploads\/sites\/3\/2019\/09\/Val\u00f3sz\u00edn\u0171-hogy-megmentette-egy-autista-n\u0151-\u00e9let\u00e9t-egy-f\u00e9rfi-Ny\u00edregyh\u00e1z\u00e1n.jpg\" \/>\n\t<meta property=\"og:image:width\" content=\"600\" \/>\n\t<meta property=\"og:image:height\" content=\"315\" \/>\n\t<meta property=\"og:image:type\" content=\"image\/jpeg\" \/>\n<meta name=\"author\" content=\"hotnewsinworld\" \/>\n<meta name=\"twitter:card\" content=\"summary_large_image\" \/>\n<meta name=\"twitter:label1\" content=\"Szerz\u0151:\" \/>\n\t<meta name=\"twitter:data1\" content=\"hotnewsinworld\" \/>\n<script type=\"application\/ld+json\" class=\"yoast-schema-graph\">{\"@context\":\"https:\\\/\\\/schema.org\",\"@graph\":[{\"@type\":\"Article\",\"@id\":\"https:\\\/\\\/hotnewsinworld.com\\\/hu\\\/valoszinu-hogy-megmentette-egy-autista-no-eletet-egy-ferfi-nyiregyhazan\\\/#article\",\"isPartOf\":{\"@id\":\"https:\\\/\\\/hotnewsinworld.com\\\/hu\\\/valoszinu-hogy-megmentette-egy-autista-no-eletet-egy-ferfi-nyiregyhazan\\\/\"},\"author\":{\"name\":\"hotnewsinworld\",\"@id\":\"https:\\\/\\\/hotnewsinworld.com\\\/hu\\\/#\\\/schema\\\/person\\\/fe61448b21c0d59086e75fcc1f9d8f6b\"},\"headline\":\"Val\u00f3sz\u00edn\u0171, hogy megmentette egy autista n\u0151 \u00e9let\u00e9t egy f\u00e9rfi Ny\u00edregyh\u00e1z\u00e1n\",\"datePublished\":\"2019-09-08T20:15:01+00:00\",\"dateModified\":\"2019-09-08T20:15:02+00:00\",\"mainEntityOfPage\":{\"@id\":\"https:\\\/\\\/hotnewsinworld.com\\\/hu\\\/valoszinu-hogy-megmentette-egy-autista-no-eletet-egy-ferfi-nyiregyhazan\\\/\"},\"wordCount\":82,\"commentCount\":0,\"image\":{\"@id\":\"https:\\\/\\\/hotnewsinworld.com\\\/hu\\\/valoszinu-hogy-megmentette-egy-autista-no-eletet-egy-ferfi-nyiregyhazan\\\/#primaryimage\"},\"thumbnailUrl\":\"https:\\\/\\\/hotnewsinworld.com\\\/hu\\\/wp-content\\\/uploads\\\/sites\\\/3\\\/2019\\\/09\\\/Val\u00f3sz\u00edn\u0171-hogy-megmentette-egy-autista-n\u0151-\u00e9let\u00e9t-egy-f\u00e9rfi-Ny\u00edregyh\u00e1z\u00e1n.jpg\",\"articleSection\":[\"LEG\u00daJABB P\u00c9NZ\u00dcGYI H\u00cdREK\"],\"inLanguage\":\"hu\",\"potentialAction\":[{\"@type\":\"CommentAction\",\"name\":\"Comment\",\"target\":[\"https:\\\/\\\/hotnewsinworld.com\\\/hu\\\/valoszinu-hogy-megmentette-egy-autista-no-eletet-egy-ferfi-nyiregyhazan\\\/#respond\"]}]},{\"@type\":\"WebPage\",\"@id\":\"https:\\\/\\\/hotnewsinworld.com\\\/hu\\\/valoszinu-hogy-megmentette-egy-autista-no-eletet-egy-ferfi-nyiregyhazan\\\/\",\"url\":\"https:\\\/\\\/hotnewsinworld.com\\\/hu\\\/valoszinu-hogy-megmentette-egy-autista-no-eletet-egy-ferfi-nyiregyhazan\\\/\",\"name\":\"Val\u00f3sz\u00edn\u0171, hogy megmentette egy autista n\u0151 \u00e9let\u00e9t egy f\u00e9rfi Ny\u00edregyh\u00e1z\u00e1n - Hot News in World\",\"isPartOf\":{\"@id\":\"https:\\\/\\\/hotnewsinworld.com\\\/hu\\\/#website\"},\"primaryImageOfPage\":{\"@id\":\"https:\\\/\\\/hotnewsinworld.com\\\/hu\\\/valoszinu-hogy-megmentette-egy-autista-no-eletet-egy-ferfi-nyiregyhazan\\\/#primaryimage\"},\"image\":{\"@id\":\"https:\\\/\\\/hotnewsinworld.com\\\/hu\\\/valoszinu-hogy-megmentette-egy-autista-no-eletet-egy-ferfi-nyiregyhazan\\\/#primaryimage\"},\"thumbnailUrl\":\"https:\\\/\\\/hotnewsinworld.com\\\/hu\\\/wp-content\\\/uploads\\\/sites\\\/3\\\/2019\\\/09\\\/Val\u00f3sz\u00edn\u0171-hogy-megmentette-egy-autista-n\u0151-\u00e9let\u00e9t-egy-f\u00e9rfi-Ny\u00edregyh\u00e1z\u00e1n.jpg\",\"datePublished\":\"2019-09-08T20:15:01+00:00\",\"dateModified\":\"2019-09-08T20:15:02+00:00\",\"author\":{\"@id\":\"https:\\\/\\\/hotnewsinworld.com\\\/hu\\\/#\\\/schema\\\/person\\\/fe61448b21c0d59086e75fcc1f9d8f6b\"},\"breadcrumb\":{\"@id\":\"https:\\\/\\\/hotnewsinworld.com\\\/hu\\\/valoszinu-hogy-megmentette-egy-autista-no-eletet-egy-ferfi-nyiregyhazan\\\/#breadcrumb\"},\"inLanguage\":\"hu\",\"potentialAction\":[{\"@type\":\"ReadAction\",\"target\":[\"https:\\\/\\\/hotnewsinworld.com\\\/hu\\\/valoszinu-hogy-megmentette-egy-autista-no-eletet-egy-ferfi-nyiregyhazan\\\/\"]}]},{\"@type\":\"ImageObject\",\"inLanguage\":\"hu\",\"@id\":\"https:\\\/\\\/hotnewsinworld.com\\\/hu\\\/valoszinu-hogy-megmentette-egy-autista-no-eletet-egy-ferfi-nyiregyhazan\\\/#primaryimage\",\"url\":\"https:\\\/\\\/hotnewsinworld.com\\\/hu\\\/wp-content\\\/uploads\\\/sites\\\/3\\\/2019\\\/09\\\/Val\u00f3sz\u00edn\u0171-hogy-megmentette-egy-autista-n\u0151-\u00e9let\u00e9t-egy-f\u00e9rfi-Ny\u00edregyh\u00e1z\u00e1n.jpg\",\"contentUrl\":\"https:\\\/\\\/hotnewsinworld.com\\\/hu\\\/wp-content\\\/uploads\\\/sites\\\/3\\\/2019\\\/09\\\/Val\u00f3sz\u00edn\u0171-hogy-megmentette-egy-autista-n\u0151-\u00e9let\u00e9t-egy-f\u00e9rfi-Ny\u00edregyh\u00e1z\u00e1n.jpg\",\"width\":600,\"height\":315,\"caption\":\"Val\u00f3sz\u00edn\u0171, hogy megmentette egy autista n\u0151 \u00e9let\u00e9t egy f\u00e9rfi Ny\u00edregyh\u00e1z\u00e1n\"},{\"@type\":\"BreadcrumbList\",\"@id\":\"https:\\\/\\\/hotnewsinworld.com\\\/hu\\\/valoszinu-hogy-megmentette-egy-autista-no-eletet-egy-ferfi-nyiregyhazan\\\/#breadcrumb\",\"itemListElement\":[{\"@type\":\"ListItem\",\"position\":1,\"name\":\"\u0413\u043b\u0430\u0432\u043d\u0430\u044f \u0441\u0442\u0440\u0430\u043d\u0438\u0446\u0430\",\"item\":\"https:\\\/\\\/hotnewsinworld.com\\\/hu\\\/\"},{\"@type\":\"ListItem\",\"position\":2,\"name\":\"Val\u00f3sz\u00edn\u0171, hogy megmentette egy autista n\u0151 \u00e9let\u00e9t egy f\u00e9rfi Ny\u00edregyh\u00e1z\u00e1n\"}]},{\"@type\":\"WebSite\",\"@id\":\"https:\\\/\\\/hotnewsinworld.com\\\/hu\\\/#website\",\"url\":\"https:\\\/\\\/hotnewsinworld.com\\\/hu\\\/\",\"name\":\"Hot News in World\",\"description\":\"Hot News in World from Hungary\",\"potentialAction\":[{\"@type\":\"SearchAction\",\"target\":{\"@type\":\"EntryPoint\",\"urlTemplate\":\"https:\\\/\\\/hotnewsinworld.com\\\/hu\\\/?s={search_term_string}\"},\"query-input\":{\"@type\":\"PropertyValueSpecification\",\"valueRequired\":true,\"valueName\":\"search_term_string\"}}],\"inLanguage\":\"hu\"},{\"@type\":\"Person\",\"@id\":\"https:\\\/\\\/hotnewsinworld.com\\\/hu\\\/#\\\/schema\\\/person\\\/fe61448b21c0d59086e75fcc1f9d8f6b\",\"name\":\"hotnewsinworld\",\"image\":{\"@type\":\"ImageObject\",\"inLanguage\":\"hu\",\"@id\":\"https:\\\/\\\/secure.gravatar.com\\\/avatar\\\/8a09ac165600ce2e1c38fe593c63928eb1e6e7ba5c5a907d67787c41b3d00c14?s=96&d=mm&r=g\",\"url\":\"https:\\\/\\\/secure.gravatar.com\\\/avatar\\\/8a09ac165600ce2e1c38fe593c63928eb1e6e7ba5c5a907d67787c41b3d00c14?s=96&d=mm&r=g\",\"contentUrl\":\"https:\\\/\\\/secure.gravatar.com\\\/avatar\\\/8a09ac165600ce2e1c38fe593c63928eb1e6e7ba5c5a907d67787c41b3d00c14?s=96&d=mm&r=g\",\"caption\":\"hotnewsinworld\"},\"url\":\"https:\\\/\\\/hotnewsinworld.com\\\/hu\\\/author\\\/pt\\\/\"}]}<\/script>\n<!-- \/ Yoast SEO plugin. -->","yoast_head_json":{"title":"Val\u00f3sz\u00edn\u0171, hogy megmentette egy autista n\u0151 \u00e9let\u00e9t egy f\u00e9rfi Ny\u00edregyh\u00e1z\u00e1n - Hot News in World","robots":{"index":"index","follow":"follow","max-snippet":"max-snippet:-1","max-image-preview":"max-image-preview:large","max-video-preview":"max-video-preview:-1"},"canonical":"https:\/\/hotnewsinworld.com\/hu\/valoszinu-hogy-megmentette-egy-autista-no-eletet-egy-ferfi-nyiregyhazan\/","og_locale":"hu_HU","og_type":"article","og_title":"Val\u00f3sz\u00edn\u0171, hogy megmentette egy autista n\u0151 \u00e9let\u00e9t egy f\u00e9rfi Ny\u00edregyh\u00e1z\u00e1n - Hot News in World","og_description":"\u00c9letet mentett egy besztereci f\u00e9rfi, amikor k\u00e9t hete meg\u00e1llt seg\u00edteni egy forgalmas ny\u00edregyh\u00e1zi \u00fat kell\u0151s k\u00f6zep\u00e9n s\u00e9t\u00e1l\u00f3, zavartan viselked\u0151 31 \u00e9ves asszonyon. A f\u00e9rfi azt nyilatkozta, rajta k\u00edv\u00fcl egy aut\u00f3s sem \u00e1llt meg, hogy seg\u00edtsen a n\u0151nek. Az autista n\u0151 \u00e9desanyja lev\u00e9lben mondott k\u00f6sz\u00f6netet. Source link","og_url":"https:\/\/hotnewsinworld.com\/hu\/valoszinu-hogy-megmentette-egy-autista-no-eletet-egy-ferfi-nyiregyhazan\/","og_site_name":"Hot News in World","article_published_time":"2019-09-08T20:15:01+00:00","article_modified_time":"2019-09-08T20:15:02+00:00","og_image":[{"width":600,"height":315,"url":"https:\/\/hotnewsinworld.com\/hu\/wp-content\/uploads\/sites\/3\/2019\/09\/Val\u00f3sz\u00edn\u0171-hogy-megmentette-egy-autista-n\u0151-\u00e9let\u00e9t-egy-f\u00e9rfi-Ny\u00edregyh\u00e1z\u00e1n.jpg","type":"image\/jpeg"}],"author":"hotnewsinworld","twitter_card":"summary_large_image","twitter_misc":{"Szerz\u0151:":"hotnewsinworld"},"schema":{"@context":"https:\/\/schema.org","@graph":[{"@type":"Article","@id":"https:\/\/hotnewsinworld.com\/hu\/valoszinu-hogy-megmentette-egy-autista-no-eletet-egy-ferfi-nyiregyhazan\/#article","isPartOf":{"@id":"https:\/\/hotnewsinworld.com\/hu\/valoszinu-hogy-megmentette-egy-autista-no-eletet-egy-ferfi-nyiregyhazan\/"},"author":{"name":"hotnewsinworld","@id":"https:\/\/hotnewsinworld.com\/hu\/#\/schema\/person\/fe61448b21c0d59086e75fcc1f9d8f6b"},"headline":"Val\u00f3sz\u00edn\u0171, hogy megmentette egy autista n\u0151 \u00e9let\u00e9t egy f\u00e9rfi Ny\u00edregyh\u00e1z\u00e1n","datePublished":"2019-09-08T20:15:01+00:00","dateModified":"2019-09-08T20:15:02+00:00","mainEntityOfPage":{"@id":"https:\/\/hotnewsinworld.com\/hu\/valoszinu-hogy-megmentette-egy-autista-no-eletet-egy-ferfi-nyiregyhazan\/"},"wordCount":82,"commentCount":0,"image":{"@id":"https:\/\/hotnewsinworld.com\/hu\/valoszinu-hogy-megmentette-egy-autista-no-eletet-egy-ferfi-nyiregyhazan\/#primaryimage"},"thumbnailUrl":"https:\/\/hotnewsinworld.com\/hu\/wp-content\/uploads\/sites\/3\/2019\/09\/Val\u00f3sz\u00edn\u0171-hogy-megmentette-egy-autista-n\u0151-\u00e9let\u00e9t-egy-f\u00e9rfi-Ny\u00edregyh\u00e1z\u00e1n.jpg","articleSection":["LEG\u00daJABB P\u00c9NZ\u00dcGYI H\u00cdREK"],"inLanguage":"hu","potentialAction":[{"@type":"CommentAction","name":"Comment","target":["https:\/\/hotnewsinworld.com\/hu\/valoszinu-hogy-megmentette-egy-autista-no-eletet-egy-ferfi-nyiregyhazan\/#respond"]}]},{"@type":"WebPage","@id":"https:\/\/hotnewsinworld.com\/hu\/valoszinu-hogy-megmentette-egy-autista-no-eletet-egy-ferfi-nyiregyhazan\/","url":"https:\/\/hotnewsinworld.com\/hu\/valoszinu-hogy-megmentette-egy-autista-no-eletet-egy-ferfi-nyiregyhazan\/","name":"Val\u00f3sz\u00edn\u0171, hogy megmentette egy autista n\u0151 \u00e9let\u00e9t egy f\u00e9rfi Ny\u00edregyh\u00e1z\u00e1n - Hot News in World","isPartOf":{"@id":"https:\/\/hotnewsinworld.com\/hu\/#website"},"primaryImageOfPage":{"@id":"https:\/\/hotnewsinworld.com\/hu\/valoszinu-hogy-megmentette-egy-autista-no-eletet-egy-ferfi-nyiregyhazan\/#primaryimage"},"image":{"@id":"https:\/\/hotnewsinworld.com\/hu\/valoszinu-hogy-megmentette-egy-autista-no-eletet-egy-ferfi-nyiregyhazan\/#primaryimage"},"thumbnailUrl":"https:\/\/hotnewsinworld.com\/hu\/wp-content\/uploads\/sites\/3\/2019\/09\/Val\u00f3sz\u00edn\u0171-hogy-megmentette-egy-autista-n\u0151-\u00e9let\u00e9t-egy-f\u00e9rfi-Ny\u00edregyh\u00e1z\u00e1n.jpg","datePublished":"2019-09-08T20:15:01+00:00","dateModified":"2019-09-08T20:15:02+00:00","author":{"@id":"https:\/\/hotnewsinworld.com\/hu\/#\/schema\/person\/fe61448b21c0d59086e75fcc1f9d8f6b"},"breadcrumb":{"@id":"https:\/\/hotnewsinworld.com\/hu\/valoszinu-hogy-megmentette-egy-autista-no-eletet-egy-ferfi-nyiregyhazan\/#breadcrumb"},"inLanguage":"hu","potentialAction":[{"@type":"ReadAction","target":["https:\/\/hotnewsinworld.com\/hu\/valoszinu-hogy-megmentette-egy-autista-no-eletet-egy-ferfi-nyiregyhazan\/"]}]},{"@type":"ImageObject","inLanguage":"hu","@id":"https:\/\/hotnewsinworld.com\/hu\/valoszinu-hogy-megmentette-egy-autista-no-eletet-egy-ferfi-nyiregyhazan\/#primaryimage","url":"https:\/\/hotnewsinworld.com\/hu\/wp-content\/uploads\/sites\/3\/2019\/09\/Val\u00f3sz\u00edn\u0171-hogy-megmentette-egy-autista-n\u0151-\u00e9let\u00e9t-egy-f\u00e9rfi-Ny\u00edregyh\u00e1z\u00e1n.jpg","contentUrl":"https:\/\/hotnewsinworld.com\/hu\/wp-content\/uploads\/sites\/3\/2019\/09\/Val\u00f3sz\u00edn\u0171-hogy-megmentette-egy-autista-n\u0151-\u00e9let\u00e9t-egy-f\u00e9rfi-Ny\u00edregyh\u00e1z\u00e1n.jpg","width":600,"height":315,"caption":"Val\u00f3sz\u00edn\u0171, hogy megmentette egy autista n\u0151 \u00e9let\u00e9t egy f\u00e9rfi Ny\u00edregyh\u00e1z\u00e1n"},{"@type":"BreadcrumbList","@id":"https:\/\/hotnewsinworld.com\/hu\/valoszinu-hogy-megmentette-egy-autista-no-eletet-egy-ferfi-nyiregyhazan\/#breadcrumb","itemListElement":[{"@type":"ListItem","position":1,"name":"\u0413\u043b\u0430\u0432\u043d\u0430\u044f \u0441\u0442\u0440\u0430\u043d\u0438\u0446\u0430","item":"https:\/\/hotnewsinworld.com\/hu\/"},{"@type":"ListItem","position":2,"name":"Val\u00f3sz\u00edn\u0171, hogy megmentette egy autista n\u0151 \u00e9let\u00e9t egy f\u00e9rfi Ny\u00edregyh\u00e1z\u00e1n"}]},{"@type":"WebSite","@id":"https:\/\/hotnewsinworld.com\/hu\/#website","url":"https:\/\/hotnewsinworld.com\/hu\/","name":"Hot News in World","description":"Hot News in World from Hungary","potentialAction":[{"@type":"SearchAction","target":{"@type":"EntryPoint","urlTemplate":"https:\/\/hotnewsinworld.com\/hu\/?s={search_term_string}"},"query-input":{"@type":"PropertyValueSpecification","valueRequired":true,"valueName":"search_term_string"}}],"inLanguage":"hu"},{"@type":"Person","@id":"https:\/\/hotnewsinworld.com\/hu\/#\/schema\/person\/fe61448b21c0d59086e75fcc1f9d8f6b","name":"hotnewsinworld","image":{"@type":"ImageObject","inLanguage":"hu","@id":"https:\/\/secure.gravatar.com\/avatar\/8a09ac165600ce2e1c38fe593c63928eb1e6e7ba5c5a907d67787c41b3d00c14?s=96&d=mm&r=g","url":"https:\/\/secure.gravatar.com\/avatar\/8a09ac165600ce2e1c38fe593c63928eb1e6e7ba5c5a907d67787c41b3d00c14?s=96&d=mm&r=g","contentUrl":"https:\/\/secure.gravatar.com\/avatar\/8a09ac165600ce2e1c38fe593c63928eb1e6e7ba5c5a907d67787c41b3d00c14?s=96&d=mm&r=g","caption":"hotnewsinworld"},"url":"https:\/\/hotnewsinworld.com\/hu\/author\/pt\/"}]}},"_links":{"self":[{"href":"https:\/\/hotnewsinworld.com\/hu\/wp-json\/wp\/v2\/posts\/1804","targetHints":{"allow":["GET"]}}],"collection":[{"href":"https:\/\/hotnewsinworld.com\/hu\/wp-json\/wp\/v2\/posts"}],"about":[{"href":"https:\/\/hotnewsinworld.com\/hu\/wp-json\/wp\/v2\/types\/post"}],"author":[{"embeddable":true,"href":"https:\/\/hotnewsinworld.com\/hu\/wp-json\/wp\/v2\/users\/2"}],"replies":[{"embeddable":true,"href":"https:\/\/hotnewsinworld.com\/hu\/wp-json\/wp\/v2\/comments?post=1804"}],"version-history":[{"count":1,"href":"https:\/\/hotnewsinworld.com\/hu\/wp-json\/wp\/v2\/posts\/1804\/revisions"}],"predecessor-version":[{"id":1806,"href":"https:\/\/hotnewsinworld.com\/hu\/wp-json\/wp\/v2\/posts\/1804\/revisions\/1806"}],"wp:featuredmedia":[{"embeddable":true,"href":"https:\/\/hotnewsinworld.com\/hu\/wp-json\/wp\/v2\/media\/1805"}],"wp:attachment":[{"href":"https:\/\/hotnewsinworld.com\/hu\/wp-json\/wp\/v2\/media?parent=1804"}],"wp:term":[{"taxonomy":"category","embeddable":true,"href":"https:\/\/hotnewsinworld.com\/hu\/wp-json\/wp\/v2\/categories?post=1804"},{"taxonomy":"post_tag","embeddable":true,"href":"https:\/\/hotnewsinworld.com\/hu\/wp-json\/wp\/v2\/tags?post=1804"}],"curies":[{"name":"wp","href":"https:\/\/api.w.org\/{rel}","templated":true}]}}