{"id":1816,"date":"2019-09-09T05:51:04","date_gmt":"2019-09-09T02:51:04","guid":{"rendered":"https:\/\/hotnewsinworld.com\/hu\/palyakezdes-itt-van-a-pedagogusok-szama-fizetese-es-helyzete-a-legfrissebb-adatok\/"},"modified":"2019-09-09T05:51:05","modified_gmt":"2019-09-09T02:51:05","slug":"palyakezdes-itt-van-a-pedagogusok-szama-fizetese-es-helyzete-a-legfrissebb-adatok","status":"publish","type":"post","link":"https:\/\/hotnewsinworld.com\/hu\/palyakezdes-itt-van-a-pedagogusok-szama-fizetese-es-helyzete-a-legfrissebb-adatok\/","title":{"rendered":"P\u00e1lyakezd\u00e9s: Itt van a pedag\u00f3gusok sz\u00e1ma, fizet\u00e9se \u00e9s helyzete: a legfrissebb adatok"},"content":{"rendered":"<div data-scroll-event-name=\"ScrollToArticleLead\">\n<p>A pedag\u00f3gusok b\u00e9rez\u00e9se rendszeresen el\u0151ker\u00fcl\u0151 t\u00e9ma, hol a j\u00f6v\u0151re vonatkoz\u00f3 b\u00e9remel\u00e9sek, hol a jelenlegi s\u00falyos helyzetekr\u0151l aprop\u00f3j\u00e1n. De mit mutatnak a kutat\u00e1si adatok, \u00e9s mit gondolnak a szakemberek a fenn\u00e1ll\u00f3 helyzetr\u0151l? \u00d6sszegy\u0171jt\u00f6tt\u00fck a legfontosabb nyilatkozatokat \u00e9s a legfrissebb statisztik\u00e1kat.<\/p>\n<\/div>\n<div>\n<p>A\u00a0friss\u00a0diplom\u00e1s-p\u00e1lyak\u00f6vet\u00e9si kutat\u00e1s eredm\u00e9nyei szerint a p\u00e1lyakezd\u0151 pedag\u00f3gusok \u00e1tlagj\u00f6vedelme havi brutt\u00f3\u00a0285 183 forint.\u00a0Van azonban n\u00e9h\u00e1ny\u00a0&#8211; ehhez k\u00e9pest -kiemelked\u0151\u00a0egyetem a list\u00e1ban, amelyeknek diplom\u00e1sai eg\u00e9szen m\u00e1s havi j\u00f6vedelemr\u0151l sz\u00e1molhatnak be. A\u00a0Kodol\u00e1nyi J\u00e1nos Egyetem, Duna\u00fajv\u00e1rosi Egyetem \u00e9s a Budapesti M\u0171szaki \u00e9s Gazdas\u00e1gtudom\u00e1nyi Egyetem pedag\u00f3gus k\u00e9pz\u00e9st v\u00e9gz\u0151i havi brutt\u00f3 400 ezer forintot kapnak, akik pedig a Budapesti Corvinus Egyetem, az \u00d3budai Egyetem, valamint a Budapesti Gazdas\u00e1gi Egyetemen diplom\u00e1ztak szint\u00e9n hasonl\u00f3 (brutt\u00f3) 350-400 ezer forint k\u00f6r\u00fcli j\u00f6vedelmet kapnak a kutat\u00e1s eredm\u00e9nyei szerint.<\/p>\n<div class=\"article-img-holder  \">\n<figure itemscope=\"\" itemtype=\"http:\/\/schema.org\/ImageObject\" class=\"article-img\"><figcaption>\n<\/figcaption><\/figure>\n<\/div>\n<p>A 2018-as diplom\u00e1s-p\u00e1lyak\u00f6vet\u00e9si kutat\u00e1s eredm\u00e9nyei\u00a0a v\u00e9gz\u00e9s ut\u00e1n 1,5\u20133,5 \u00e9vvel (vagyis 2017 december\u00e9ben) el\u00e9rt, 2014-ben \u00e9s 2016-ban diplom\u00e1zottak j\u00f6vedelm\u00e9re vonatkoznak. Az \u00e1br\u00e1n j\u00f3l l\u00e1tszik, van egy harmadik besorol\u00e1s, amely szerint brutt\u00f3 300-350 ezer forint k\u00f6r\u00fcl is lehet keresni, \u0151k t\u00f6bbek k\u00f6z\u00f6tt a Ny\u00edregyh\u00e1zi Egyetemen, a Pannon Egyetemen, az\u00a0Eszterh\u00e1zy K\u00e1roly Egyetemen \u00e9s a Miskolci Egyetemen v\u00e9geztek.<\/p>\n<p>A\u00a0pedag\u00f3gusok fizet\u00e9se ezzel az \u00f6sszes l\u00e9tez\u0151\u00a0k\u00e9pz\u00e9si ter\u00fclet k\u00f6z\u00fcl egyed\u00fcl a b\u00f6lcs\u00e9szettudom\u00e1nyi, a sporttudom\u00e1nyi, az\u00a0agr\u00e1r, a term\u00e9szettudom\u00e1ny, \u00e9s m\u0171v\u00e9szeti\u00a0ter\u00fcletek diplom\u00e1s dolgoz\u00f3inak fizet\u00e9s\u00e9t el\u0151zi meg (p\u00e1r ezer forinttal)\u00a0a b\u00e9rt\u00e1bl\u00e1n.<\/p>\n<p><strong>S\u00falyos b\u00e9rk\u00e9rd\u00e9s<\/strong><\/p>\n<p>Nem olyan r\u00e9gen sz\u00e1moltunk be annak a\u00a0Facebookon elind\u00edtott akci\u00f3nak a\u00a0r\u00e9szleteir\u0151l, amelyben arra k\u00e9rt\u00e9k az oktat\u00e1sban dolgoz\u00f3kat, ossz\u00e1k meg, mennyit visznek haza havonta, ez\u00e9rt h\u00e1ny \u00e9vet tanultak \u00e9s h\u00e1ny \u00e9v gyakorlat \u00e1ll m\u00f6g\u00f6tt\u00fck.\u00a0&#8222;A pedag\u00f3gusok hatodik \u00e9ve nem kapnak b\u00e9remel\u00e9st, ezenk\u00edv\u00fcl a nevel\u00e9st, oktat\u00e1st seg\u00edt\u0151 koll\u00e9g\u00e1ink b\u00e9rei m\u00e9g enn\u00e9l is megal\u00e1z\u00f3bbak&#8221; &#8211; \u00edrta a kamp\u00e1ny kezdetekor a Pedag\u00f3gusok Szakszervezete Orsz\u00e1gos Ifj\u00fas\u00e1gi Tagozata.<\/p>\n<p>A Totyik Tam\u00e1s szakszervezet aleln\u00f6ke az\u00f3ta azt nyilatkozta az Eduline-nak:<\/p>\n<blockquote>\n<p>Nagyon leszakadt a versenyszf\u00e9r\u00e1t\u00f3l a b\u00e9rez\u00e9s, ezzel kapcsolatban komoly l\u00e9p\u00e9seket kell majd az oktat\u00e1si korm\u00e1nyzatnak tennie, hogy ne sz\u00edvja el a versenyszf\u00e9ra a j\u00f3 szakembereket a p\u00e1ly\u00e1r\u00f3l.<\/p>\n<\/blockquote>\n<p>Szerinte ha nem lesz sz\u00e1mottev\u0151 v\u00e1ltoz\u00e1s,\u00a010-15 \u00e9v m\u00falva egyszer\u0171en nem marad majd pedag\u00f3gus az \u00e1llami oktat\u00e1sban.<\/p>\n<p><strong>H\u00e1ny pedag\u00f3gus dolgozik ma Magyarorsz\u00e1gon?<\/strong><\/p>\n<p>Friss adatok szerint az \u00e1ltal\u00e1nos iskol\u00e1kban a legrosszabb a helyzet: az elm\u00falt tan\u00e9vben \u00f6sszesen 76 461-en tan\u00edtottak &#8211; ez\u00a0k\u00f6r\u00fclbel\u00fcl h\u00faszezer pedag\u00f3gussal kevesebb, mint harminc \u00e9ve. Ezzel ellenben\u00a0a k\u00f6z\u00e9piskol\u00e1kban\u00a0dolgoz\u00f3 pedag\u00f3gusok sz\u00e1ma az adatok szerint m\u00e9g javult is az elm\u00falt 20-30 \u00e9vhez k\u00e9pest. Az \u00f3vodapedag\u00f3gusokr\u00f3l pedig annyi l\u00e1that\u00f3: sz\u00e1muk nemigen v\u00e1ltozott az \u00e9vek sor\u00e1n, a tavalyi \u00e9v sem mutatott nagyobb elt\u00e9r\u00e9st.<\/p>\n<table class=\"monocle\" border=\"0\">\n<tbody>\n<tr>\n<\/tr>\n<tr>\n<td class=\"monocleBody\">\n<p>Ha szeretn\u00e9d megkapni legfrissebb cikkeinket az \u00e9retts\u00e9gir\u0151l, az egyetemi-f\u0151iskolai \u00e9s a k\u00f6z\u00e9piskolai felv\u00e9telir\u0151l,\u00a0ha \u00e9rdekelnek a fels\u0151oktat\u00e1s, a k\u00f6zoktat\u00e1s, a nyelvoktat\u00e1s \u00e9s a feln\u0151ttk\u00e9pz\u00e9s legfontosabb v\u00e1ltoz\u00e1sai, iratkozz fel h\u00edrleveleinkre.<\/p>\n<\/td>\n<\/tr>\n<\/tbody>\n<\/table>\n<\/div>\n<p><script>\n        \/\/ Load the SDK\n        (function (d, s, id) {\n            var js, fjs = d.getElementsByTagName(s)[0];\n            if (d.getElementById(id)) return;\n            js = d.createElement(s); js.id = id; \/\/js.async = true;\n            js.src = \"http:\/\/connect.facebook.net\/hu_HU\/sdk.js#xfbml=1&version=v2.5\";\n            fjs.parentNode.insertBefore(js, fjs);\n        }(document, 'script', 'facebook-jssdk'));\n    <\/script><br \/>\n<br \/>\n<!--noindex--><br \/>\n<a href=\"https:\/\/hirek.oldal.info\/rssclick\/14380475\" rel=\"nofollow\">Source link <\/a><br \/>\n<!--\/noindex--><\/p>\n","protected":false},"excerpt":{"rendered":"<p>A pedag\u00f3gusok b\u00e9rez\u00e9se rendszeresen el\u0151ker\u00fcl\u0151 t\u00e9ma, hol a j\u00f6v\u0151re vonatkoz\u00f3 b\u00e9remel\u00e9sek, hol a jelenlegi s\u00falyos helyzetekr\u0151l aprop\u00f3j\u00e1n. De mit mutatnak a kutat\u00e1si adatok, \u00e9s mit gondolnak a szakemberek a fenn\u00e1ll\u00f3 helyzetr\u0151l? \u00d6sszegy\u0171jt\u00f6tt\u00fck a legfontosabb nyilatkozatokat \u00e9s a legfrissebb statisztik\u00e1kat. A\u00a0friss\u00a0diplom\u00e1s-p\u00e1lyak\u00f6vet\u00e9si kutat\u00e1s eredm\u00e9nyei szerint a p\u00e1lyakezd\u0151 pedag\u00f3gusok \u00e1tlagj\u00f6vedelme havi brutt\u00f3\u00a0285 183 forint.\u00a0Van azonban n\u00e9h\u00e1ny\u00a0&#8211; ehhez k\u00e9pest [&hellip;]<\/p>\n","protected":false},"author":2,"featured_media":1817,"comment_status":"open","ping_status":"open","sticky":false,"template":"","format":"standard","meta":{"footnotes":""},"categories":[1],"tags":[],"class_list":["post-1816","post","type-post","status-publish","format-standard","has-post-thumbnail","hentry","category-legujabb-penzugyi-hirek"],"yoast_head":"<!-- This site is optimized with the Yoast SEO plugin v27.4 - https:\/\/yoast.com\/product\/yoast-seo-wordpress\/ -->\n<title>P\u00e1lyakezd\u00e9s: Itt van a pedag\u00f3gusok sz\u00e1ma, fizet\u00e9se \u00e9s helyzete: a legfrissebb adatok - Hot News in World<\/title>\n<meta name=\"robots\" content=\"index, follow, max-snippet:-1, max-image-preview:large, max-video-preview:-1\" \/>\n<link rel=\"canonical\" href=\"https:\/\/hotnewsinworld.com\/hu\/palyakezdes-itt-van-a-pedagogusok-szama-fizetese-es-helyzete-a-legfrissebb-adatok\/\" \/>\n<meta property=\"og:locale\" content=\"hu_HU\" \/>\n<meta property=\"og:type\" content=\"article\" \/>\n<meta property=\"og:title\" content=\"P\u00e1lyakezd\u00e9s: Itt van a pedag\u00f3gusok sz\u00e1ma, fizet\u00e9se \u00e9s helyzete: a legfrissebb adatok - Hot News in World\" \/>\n<meta property=\"og:description\" content=\"A pedag\u00f3gusok b\u00e9rez\u00e9se rendszeresen el\u0151ker\u00fcl\u0151 t\u00e9ma, hol a j\u00f6v\u0151re vonatkoz\u00f3 b\u00e9remel\u00e9sek, hol a jelenlegi s\u00falyos helyzetekr\u0151l aprop\u00f3j\u00e1n. De mit mutatnak a kutat\u00e1si adatok, \u00e9s mit gondolnak a szakemberek a fenn\u00e1ll\u00f3 helyzetr\u0151l? \u00d6sszegy\u0171jt\u00f6tt\u00fck a legfontosabb nyilatkozatokat \u00e9s a legfrissebb statisztik\u00e1kat. A\u00a0friss\u00a0diplom\u00e1s-p\u00e1lyak\u00f6vet\u00e9si kutat\u00e1s eredm\u00e9nyei szerint a p\u00e1lyakezd\u0151 pedag\u00f3gusok \u00e1tlagj\u00f6vedelme havi brutt\u00f3\u00a0285 183 forint.\u00a0Van azonban n\u00e9h\u00e1ny\u00a0&#8211; ehhez k\u00e9pest [&hellip;]\" \/>\n<meta property=\"og:url\" content=\"https:\/\/hotnewsinworld.com\/hu\/palyakezdes-itt-van-a-pedagogusok-szama-fizetese-es-helyzete-a-legfrissebb-adatok\/\" \/>\n<meta property=\"og:site_name\" content=\"Hot News in World\" \/>\n<meta property=\"article:published_time\" content=\"2019-09-09T02:51:04+00:00\" \/>\n<meta property=\"article:modified_time\" content=\"2019-09-09T02:51:05+00:00\" \/>\n<meta property=\"og:image\" content=\"https:\/\/hotnewsinworld.com\/hu\/wp-content\/uploads\/sites\/3\/2019\/09\/P\u00e1lyakezd\u00e9s-Itt-van-a-pedag\u00f3gusok-sz\u00e1ma-fizet\u00e9se-\u00e9s-helyzete-a.jpeg\" \/>\n\t<meta property=\"og:image:width\" content=\"640\" \/>\n\t<meta property=\"og:image:height\" content=\"478\" \/>\n\t<meta property=\"og:image:type\" content=\"image\/jpeg\" \/>\n<meta name=\"author\" content=\"hotnewsinworld\" \/>\n<meta name=\"twitter:card\" content=\"summary_large_image\" \/>\n<meta name=\"twitter:label1\" content=\"Szerz\u0151:\" \/>\n\t<meta name=\"twitter:data1\" content=\"hotnewsinworld\" \/>\n\t<meta name=\"twitter:label2\" content=\"Becs\u00fclt olvas\u00e1si id\u0151\" \/>\n\t<meta name=\"twitter:data2\" content=\"3 perc\" \/>\n<script type=\"application\/ld+json\" class=\"yoast-schema-graph\">{\"@context\":\"https:\\\/\\\/schema.org\",\"@graph\":[{\"@type\":\"Article\",\"@id\":\"https:\\\/\\\/hotnewsinworld.com\\\/hu\\\/palyakezdes-itt-van-a-pedagogusok-szama-fizetese-es-helyzete-a-legfrissebb-adatok\\\/#article\",\"isPartOf\":{\"@id\":\"https:\\\/\\\/hotnewsinworld.com\\\/hu\\\/palyakezdes-itt-van-a-pedagogusok-szama-fizetese-es-helyzete-a-legfrissebb-adatok\\\/\"},\"author\":{\"name\":\"hotnewsinworld\",\"@id\":\"https:\\\/\\\/hotnewsinworld.com\\\/hu\\\/#\\\/schema\\\/person\\\/fe61448b21c0d59086e75fcc1f9d8f6b\"},\"headline\":\"P\u00e1lyakezd\u00e9s: Itt van a pedag\u00f3gusok sz\u00e1ma, fizet\u00e9se \u00e9s helyzete: a legfrissebb adatok\",\"datePublished\":\"2019-09-09T02:51:04+00:00\",\"dateModified\":\"2019-09-09T02:51:05+00:00\",\"mainEntityOfPage\":{\"@id\":\"https:\\\/\\\/hotnewsinworld.com\\\/hu\\\/palyakezdes-itt-van-a-pedagogusok-szama-fizetese-es-helyzete-a-legfrissebb-adatok\\\/\"},\"wordCount\":667,\"commentCount\":0,\"image\":{\"@id\":\"https:\\\/\\\/hotnewsinworld.com\\\/hu\\\/palyakezdes-itt-van-a-pedagogusok-szama-fizetese-es-helyzete-a-legfrissebb-adatok\\\/#primaryimage\"},\"thumbnailUrl\":\"https:\\\/\\\/hotnewsinworld.com\\\/hu\\\/wp-content\\\/uploads\\\/sites\\\/3\\\/2019\\\/09\\\/P\u00e1lyakezd\u00e9s-Itt-van-a-pedag\u00f3gusok-sz\u00e1ma-fizet\u00e9se-\u00e9s-helyzete-a.jpeg\",\"articleSection\":[\"LEG\u00daJABB P\u00c9NZ\u00dcGYI H\u00cdREK\"],\"inLanguage\":\"hu\",\"potentialAction\":[{\"@type\":\"CommentAction\",\"name\":\"Comment\",\"target\":[\"https:\\\/\\\/hotnewsinworld.com\\\/hu\\\/palyakezdes-itt-van-a-pedagogusok-szama-fizetese-es-helyzete-a-legfrissebb-adatok\\\/#respond\"]}]},{\"@type\":\"WebPage\",\"@id\":\"https:\\\/\\\/hotnewsinworld.com\\\/hu\\\/palyakezdes-itt-van-a-pedagogusok-szama-fizetese-es-helyzete-a-legfrissebb-adatok\\\/\",\"url\":\"https:\\\/\\\/hotnewsinworld.com\\\/hu\\\/palyakezdes-itt-van-a-pedagogusok-szama-fizetese-es-helyzete-a-legfrissebb-adatok\\\/\",\"name\":\"P\u00e1lyakezd\u00e9s: Itt van a pedag\u00f3gusok sz\u00e1ma, fizet\u00e9se \u00e9s helyzete: a legfrissebb adatok - Hot News in World\",\"isPartOf\":{\"@id\":\"https:\\\/\\\/hotnewsinworld.com\\\/hu\\\/#website\"},\"primaryImageOfPage\":{\"@id\":\"https:\\\/\\\/hotnewsinworld.com\\\/hu\\\/palyakezdes-itt-van-a-pedagogusok-szama-fizetese-es-helyzete-a-legfrissebb-adatok\\\/#primaryimage\"},\"image\":{\"@id\":\"https:\\\/\\\/hotnewsinworld.com\\\/hu\\\/palyakezdes-itt-van-a-pedagogusok-szama-fizetese-es-helyzete-a-legfrissebb-adatok\\\/#primaryimage\"},\"thumbnailUrl\":\"https:\\\/\\\/hotnewsinworld.com\\\/hu\\\/wp-content\\\/uploads\\\/sites\\\/3\\\/2019\\\/09\\\/P\u00e1lyakezd\u00e9s-Itt-van-a-pedag\u00f3gusok-sz\u00e1ma-fizet\u00e9se-\u00e9s-helyzete-a.jpeg\",\"datePublished\":\"2019-09-09T02:51:04+00:00\",\"dateModified\":\"2019-09-09T02:51:05+00:00\",\"author\":{\"@id\":\"https:\\\/\\\/hotnewsinworld.com\\\/hu\\\/#\\\/schema\\\/person\\\/fe61448b21c0d59086e75fcc1f9d8f6b\"},\"breadcrumb\":{\"@id\":\"https:\\\/\\\/hotnewsinworld.com\\\/hu\\\/palyakezdes-itt-van-a-pedagogusok-szama-fizetese-es-helyzete-a-legfrissebb-adatok\\\/#breadcrumb\"},\"inLanguage\":\"hu\",\"potentialAction\":[{\"@type\":\"ReadAction\",\"target\":[\"https:\\\/\\\/hotnewsinworld.com\\\/hu\\\/palyakezdes-itt-van-a-pedagogusok-szama-fizetese-es-helyzete-a-legfrissebb-adatok\\\/\"]}]},{\"@type\":\"ImageObject\",\"inLanguage\":\"hu\",\"@id\":\"https:\\\/\\\/hotnewsinworld.com\\\/hu\\\/palyakezdes-itt-van-a-pedagogusok-szama-fizetese-es-helyzete-a-legfrissebb-adatok\\\/#primaryimage\",\"url\":\"https:\\\/\\\/hotnewsinworld.com\\\/hu\\\/wp-content\\\/uploads\\\/sites\\\/3\\\/2019\\\/09\\\/P\u00e1lyakezd\u00e9s-Itt-van-a-pedag\u00f3gusok-sz\u00e1ma-fizet\u00e9se-\u00e9s-helyzete-a.jpeg\",\"contentUrl\":\"https:\\\/\\\/hotnewsinworld.com\\\/hu\\\/wp-content\\\/uploads\\\/sites\\\/3\\\/2019\\\/09\\\/P\u00e1lyakezd\u00e9s-Itt-van-a-pedag\u00f3gusok-sz\u00e1ma-fizet\u00e9se-\u00e9s-helyzete-a.jpeg\",\"width\":640,\"height\":478,\"caption\":\"P\u00e1lyakezd\u00e9s: Itt van a pedag\u00f3gusok sz\u00e1ma, fizet\u00e9se \u00e9s helyzete: a legfrissebb adatok\"},{\"@type\":\"BreadcrumbList\",\"@id\":\"https:\\\/\\\/hotnewsinworld.com\\\/hu\\\/palyakezdes-itt-van-a-pedagogusok-szama-fizetese-es-helyzete-a-legfrissebb-adatok\\\/#breadcrumb\",\"itemListElement\":[{\"@type\":\"ListItem\",\"position\":1,\"name\":\"\u0413\u043b\u0430\u0432\u043d\u0430\u044f \u0441\u0442\u0440\u0430\u043d\u0438\u0446\u0430\",\"item\":\"https:\\\/\\\/hotnewsinworld.com\\\/hu\\\/\"},{\"@type\":\"ListItem\",\"position\":2,\"name\":\"P\u00e1lyakezd\u00e9s: Itt van a pedag\u00f3gusok sz\u00e1ma, fizet\u00e9se \u00e9s helyzete: a legfrissebb adatok\"}]},{\"@type\":\"WebSite\",\"@id\":\"https:\\\/\\\/hotnewsinworld.com\\\/hu\\\/#website\",\"url\":\"https:\\\/\\\/hotnewsinworld.com\\\/hu\\\/\",\"name\":\"Hot News in World\",\"description\":\"Hot News in World from Hungary\",\"potentialAction\":[{\"@type\":\"SearchAction\",\"target\":{\"@type\":\"EntryPoint\",\"urlTemplate\":\"https:\\\/\\\/hotnewsinworld.com\\\/hu\\\/?s={search_term_string}\"},\"query-input\":{\"@type\":\"PropertyValueSpecification\",\"valueRequired\":true,\"valueName\":\"search_term_string\"}}],\"inLanguage\":\"hu\"},{\"@type\":\"Person\",\"@id\":\"https:\\\/\\\/hotnewsinworld.com\\\/hu\\\/#\\\/schema\\\/person\\\/fe61448b21c0d59086e75fcc1f9d8f6b\",\"name\":\"hotnewsinworld\",\"image\":{\"@type\":\"ImageObject\",\"inLanguage\":\"hu\",\"@id\":\"https:\\\/\\\/secure.gravatar.com\\\/avatar\\\/8a09ac165600ce2e1c38fe593c63928eb1e6e7ba5c5a907d67787c41b3d00c14?s=96&d=mm&r=g\",\"url\":\"https:\\\/\\\/secure.gravatar.com\\\/avatar\\\/8a09ac165600ce2e1c38fe593c63928eb1e6e7ba5c5a907d67787c41b3d00c14?s=96&d=mm&r=g\",\"contentUrl\":\"https:\\\/\\\/secure.gravatar.com\\\/avatar\\\/8a09ac165600ce2e1c38fe593c63928eb1e6e7ba5c5a907d67787c41b3d00c14?s=96&d=mm&r=g\",\"caption\":\"hotnewsinworld\"},\"url\":\"https:\\\/\\\/hotnewsinworld.com\\\/hu\\\/author\\\/pt\\\/\"}]}<\/script>\n<!-- \/ Yoast SEO plugin. -->","yoast_head_json":{"title":"P\u00e1lyakezd\u00e9s: Itt van a pedag\u00f3gusok sz\u00e1ma, fizet\u00e9se \u00e9s helyzete: a legfrissebb adatok - Hot News in World","robots":{"index":"index","follow":"follow","max-snippet":"max-snippet:-1","max-image-preview":"max-image-preview:large","max-video-preview":"max-video-preview:-1"},"canonical":"https:\/\/hotnewsinworld.com\/hu\/palyakezdes-itt-van-a-pedagogusok-szama-fizetese-es-helyzete-a-legfrissebb-adatok\/","og_locale":"hu_HU","og_type":"article","og_title":"P\u00e1lyakezd\u00e9s: Itt van a pedag\u00f3gusok sz\u00e1ma, fizet\u00e9se \u00e9s helyzete: a legfrissebb adatok - Hot News in World","og_description":"A pedag\u00f3gusok b\u00e9rez\u00e9se rendszeresen el\u0151ker\u00fcl\u0151 t\u00e9ma, hol a j\u00f6v\u0151re vonatkoz\u00f3 b\u00e9remel\u00e9sek, hol a jelenlegi s\u00falyos helyzetekr\u0151l aprop\u00f3j\u00e1n. De mit mutatnak a kutat\u00e1si adatok, \u00e9s mit gondolnak a szakemberek a fenn\u00e1ll\u00f3 helyzetr\u0151l? \u00d6sszegy\u0171jt\u00f6tt\u00fck a legfontosabb nyilatkozatokat \u00e9s a legfrissebb statisztik\u00e1kat. A\u00a0friss\u00a0diplom\u00e1s-p\u00e1lyak\u00f6vet\u00e9si kutat\u00e1s eredm\u00e9nyei szerint a p\u00e1lyakezd\u0151 pedag\u00f3gusok \u00e1tlagj\u00f6vedelme havi brutt\u00f3\u00a0285 183 forint.\u00a0Van azonban n\u00e9h\u00e1ny\u00a0&#8211; ehhez k\u00e9pest [&hellip;]","og_url":"https:\/\/hotnewsinworld.com\/hu\/palyakezdes-itt-van-a-pedagogusok-szama-fizetese-es-helyzete-a-legfrissebb-adatok\/","og_site_name":"Hot News in World","article_published_time":"2019-09-09T02:51:04+00:00","article_modified_time":"2019-09-09T02:51:05+00:00","og_image":[{"width":640,"height":478,"url":"https:\/\/hotnewsinworld.com\/hu\/wp-content\/uploads\/sites\/3\/2019\/09\/P\u00e1lyakezd\u00e9s-Itt-van-a-pedag\u00f3gusok-sz\u00e1ma-fizet\u00e9se-\u00e9s-helyzete-a.jpeg","type":"image\/jpeg"}],"author":"hotnewsinworld","twitter_card":"summary_large_image","twitter_misc":{"Szerz\u0151:":"hotnewsinworld","Becs\u00fclt olvas\u00e1si id\u0151":"3 perc"},"schema":{"@context":"https:\/\/schema.org","@graph":[{"@type":"Article","@id":"https:\/\/hotnewsinworld.com\/hu\/palyakezdes-itt-van-a-pedagogusok-szama-fizetese-es-helyzete-a-legfrissebb-adatok\/#article","isPartOf":{"@id":"https:\/\/hotnewsinworld.com\/hu\/palyakezdes-itt-van-a-pedagogusok-szama-fizetese-es-helyzete-a-legfrissebb-adatok\/"},"author":{"name":"hotnewsinworld","@id":"https:\/\/hotnewsinworld.com\/hu\/#\/schema\/person\/fe61448b21c0d59086e75fcc1f9d8f6b"},"headline":"P\u00e1lyakezd\u00e9s: Itt van a pedag\u00f3gusok sz\u00e1ma, fizet\u00e9se \u00e9s helyzete: a legfrissebb adatok","datePublished":"2019-09-09T02:51:04+00:00","dateModified":"2019-09-09T02:51:05+00:00","mainEntityOfPage":{"@id":"https:\/\/hotnewsinworld.com\/hu\/palyakezdes-itt-van-a-pedagogusok-szama-fizetese-es-helyzete-a-legfrissebb-adatok\/"},"wordCount":667,"commentCount":0,"image":{"@id":"https:\/\/hotnewsinworld.com\/hu\/palyakezdes-itt-van-a-pedagogusok-szama-fizetese-es-helyzete-a-legfrissebb-adatok\/#primaryimage"},"thumbnailUrl":"https:\/\/hotnewsinworld.com\/hu\/wp-content\/uploads\/sites\/3\/2019\/09\/P\u00e1lyakezd\u00e9s-Itt-van-a-pedag\u00f3gusok-sz\u00e1ma-fizet\u00e9se-\u00e9s-helyzete-a.jpeg","articleSection":["LEG\u00daJABB P\u00c9NZ\u00dcGYI H\u00cdREK"],"inLanguage":"hu","potentialAction":[{"@type":"CommentAction","name":"Comment","target":["https:\/\/hotnewsinworld.com\/hu\/palyakezdes-itt-van-a-pedagogusok-szama-fizetese-es-helyzete-a-legfrissebb-adatok\/#respond"]}]},{"@type":"WebPage","@id":"https:\/\/hotnewsinworld.com\/hu\/palyakezdes-itt-van-a-pedagogusok-szama-fizetese-es-helyzete-a-legfrissebb-adatok\/","url":"https:\/\/hotnewsinworld.com\/hu\/palyakezdes-itt-van-a-pedagogusok-szama-fizetese-es-helyzete-a-legfrissebb-adatok\/","name":"P\u00e1lyakezd\u00e9s: Itt van a pedag\u00f3gusok sz\u00e1ma, fizet\u00e9se \u00e9s helyzete: a legfrissebb adatok - Hot News in World","isPartOf":{"@id":"https:\/\/hotnewsinworld.com\/hu\/#website"},"primaryImageOfPage":{"@id":"https:\/\/hotnewsinworld.com\/hu\/palyakezdes-itt-van-a-pedagogusok-szama-fizetese-es-helyzete-a-legfrissebb-adatok\/#primaryimage"},"image":{"@id":"https:\/\/hotnewsinworld.com\/hu\/palyakezdes-itt-van-a-pedagogusok-szama-fizetese-es-helyzete-a-legfrissebb-adatok\/#primaryimage"},"thumbnailUrl":"https:\/\/hotnewsinworld.com\/hu\/wp-content\/uploads\/sites\/3\/2019\/09\/P\u00e1lyakezd\u00e9s-Itt-van-a-pedag\u00f3gusok-sz\u00e1ma-fizet\u00e9se-\u00e9s-helyzete-a.jpeg","datePublished":"2019-09-09T02:51:04+00:00","dateModified":"2019-09-09T02:51:05+00:00","author":{"@id":"https:\/\/hotnewsinworld.com\/hu\/#\/schema\/person\/fe61448b21c0d59086e75fcc1f9d8f6b"},"breadcrumb":{"@id":"https:\/\/hotnewsinworld.com\/hu\/palyakezdes-itt-van-a-pedagogusok-szama-fizetese-es-helyzete-a-legfrissebb-adatok\/#breadcrumb"},"inLanguage":"hu","potentialAction":[{"@type":"ReadAction","target":["https:\/\/hotnewsinworld.com\/hu\/palyakezdes-itt-van-a-pedagogusok-szama-fizetese-es-helyzete-a-legfrissebb-adatok\/"]}]},{"@type":"ImageObject","inLanguage":"hu","@id":"https:\/\/hotnewsinworld.com\/hu\/palyakezdes-itt-van-a-pedagogusok-szama-fizetese-es-helyzete-a-legfrissebb-adatok\/#primaryimage","url":"https:\/\/hotnewsinworld.com\/hu\/wp-content\/uploads\/sites\/3\/2019\/09\/P\u00e1lyakezd\u00e9s-Itt-van-a-pedag\u00f3gusok-sz\u00e1ma-fizet\u00e9se-\u00e9s-helyzete-a.jpeg","contentUrl":"https:\/\/hotnewsinworld.com\/hu\/wp-content\/uploads\/sites\/3\/2019\/09\/P\u00e1lyakezd\u00e9s-Itt-van-a-pedag\u00f3gusok-sz\u00e1ma-fizet\u00e9se-\u00e9s-helyzete-a.jpeg","width":640,"height":478,"caption":"P\u00e1lyakezd\u00e9s: Itt van a pedag\u00f3gusok sz\u00e1ma, fizet\u00e9se \u00e9s helyzete: a legfrissebb adatok"},{"@type":"BreadcrumbList","@id":"https:\/\/hotnewsinworld.com\/hu\/palyakezdes-itt-van-a-pedagogusok-szama-fizetese-es-helyzete-a-legfrissebb-adatok\/#breadcrumb","itemListElement":[{"@type":"ListItem","position":1,"name":"\u0413\u043b\u0430\u0432\u043d\u0430\u044f \u0441\u0442\u0440\u0430\u043d\u0438\u0446\u0430","item":"https:\/\/hotnewsinworld.com\/hu\/"},{"@type":"ListItem","position":2,"name":"P\u00e1lyakezd\u00e9s: Itt van a pedag\u00f3gusok sz\u00e1ma, fizet\u00e9se \u00e9s helyzete: a legfrissebb adatok"}]},{"@type":"WebSite","@id":"https:\/\/hotnewsinworld.com\/hu\/#website","url":"https:\/\/hotnewsinworld.com\/hu\/","name":"Hot News in World","description":"Hot News in World from Hungary","potentialAction":[{"@type":"SearchAction","target":{"@type":"EntryPoint","urlTemplate":"https:\/\/hotnewsinworld.com\/hu\/?s={search_term_string}"},"query-input":{"@type":"PropertyValueSpecification","valueRequired":true,"valueName":"search_term_string"}}],"inLanguage":"hu"},{"@type":"Person","@id":"https:\/\/hotnewsinworld.com\/hu\/#\/schema\/person\/fe61448b21c0d59086e75fcc1f9d8f6b","name":"hotnewsinworld","image":{"@type":"ImageObject","inLanguage":"hu","@id":"https:\/\/secure.gravatar.com\/avatar\/8a09ac165600ce2e1c38fe593c63928eb1e6e7ba5c5a907d67787c41b3d00c14?s=96&d=mm&r=g","url":"https:\/\/secure.gravatar.com\/avatar\/8a09ac165600ce2e1c38fe593c63928eb1e6e7ba5c5a907d67787c41b3d00c14?s=96&d=mm&r=g","contentUrl":"https:\/\/secure.gravatar.com\/avatar\/8a09ac165600ce2e1c38fe593c63928eb1e6e7ba5c5a907d67787c41b3d00c14?s=96&d=mm&r=g","caption":"hotnewsinworld"},"url":"https:\/\/hotnewsinworld.com\/hu\/author\/pt\/"}]}},"_links":{"self":[{"href":"https:\/\/hotnewsinworld.com\/hu\/wp-json\/wp\/v2\/posts\/1816","targetHints":{"allow":["GET"]}}],"collection":[{"href":"https:\/\/hotnewsinworld.com\/hu\/wp-json\/wp\/v2\/posts"}],"about":[{"href":"https:\/\/hotnewsinworld.com\/hu\/wp-json\/wp\/v2\/types\/post"}],"author":[{"embeddable":true,"href":"https:\/\/hotnewsinworld.com\/hu\/wp-json\/wp\/v2\/users\/2"}],"replies":[{"embeddable":true,"href":"https:\/\/hotnewsinworld.com\/hu\/wp-json\/wp\/v2\/comments?post=1816"}],"version-history":[{"count":1,"href":"https:\/\/hotnewsinworld.com\/hu\/wp-json\/wp\/v2\/posts\/1816\/revisions"}],"predecessor-version":[{"id":1818,"href":"https:\/\/hotnewsinworld.com\/hu\/wp-json\/wp\/v2\/posts\/1816\/revisions\/1818"}],"wp:featuredmedia":[{"embeddable":true,"href":"https:\/\/hotnewsinworld.com\/hu\/wp-json\/wp\/v2\/media\/1817"}],"wp:attachment":[{"href":"https:\/\/hotnewsinworld.com\/hu\/wp-json\/wp\/v2\/media?parent=1816"}],"wp:term":[{"taxonomy":"category","embeddable":true,"href":"https:\/\/hotnewsinworld.com\/hu\/wp-json\/wp\/v2\/categories?post=1816"},{"taxonomy":"post_tag","embeddable":true,"href":"https:\/\/hotnewsinworld.com\/hu\/wp-json\/wp\/v2\/tags?post=1816"}],"curies":[{"name":"wp","href":"https:\/\/api.w.org\/{rel}","templated":true}]}}