{"id":1822,"date":"2019-09-09T10:07:09","date_gmt":"2019-09-09T07:07:09","guid":{"rendered":"https:\/\/hotnewsinworld.com\/hu\/csalasra-epitheti-kampanyat-budapesten-az-ellenzek\/"},"modified":"2019-09-09T10:07:11","modified_gmt":"2019-09-09T07:07:11","slug":"csalasra-epitheti-kampanyat-budapesten-az-ellenzek","status":"publish","type":"post","link":"https:\/\/hotnewsinworld.com\/hu\/csalasra-epitheti-kampanyat-budapesten-az-ellenzek\/","title":{"rendered":"Csal\u00e1sra \u00e9p\u00edtheti kamp\u00e1ny\u00e1t Budapesten az ellenz\u00e9k"},"content":{"rendered":"<p> <span class=\"entry-author\"><span>MTI<\/span><\/span>, <span class=\"posted-on\"><time class=\"entry-date published updated\" datetime=\"2019-09-09T08:55:19+00:00\">2019. 09. 09. 08:55<\/time><\/span><\/p>\n<div>\n<div style=\"max-width: 380px\" class=\"wp-caption alignright\"><\/div>\n<p><b>Felt\u00e9telezhet\u0151, hogy csal\u00e1ssal, t\u00f6rv\u00e9nytelen eszk\u00f6z\u00f6k ig\u00e9nybev\u00e9tel\u00e9vel k\u00e9sz\u00fcl az \u00f6nkorm\u00e1nyzati v\u00e1laszt\u00e1sokra a f\u0151v\u00e1rosi ellenz\u00e9k \u2013 der\u00fcl ki a Magyar Nemzet birtok\u00e1ba jutott dokumentumokb\u00f3l.<\/b><span id=\"more-943450\"\/><\/p>\n<p>A napilap h\u00e9tf\u0151i sz\u00e1m\u00e1ban arr\u00f3l \u00edr, hogy a j\u00f3zsefv\u00e1rosi \u00f6sszefog\u00e1s kamp\u00e1nycsapata az aj\u00e1nl\u00f3szelv\u00e9nyeken szerepl\u0151 adatokat sz\u00e1m\u00edt\u00f3g\u00e9pes adatb\u00e1zis \u00e9p\u00edt\u00e9s\u00e9re haszn\u00e1lhatta, ez pedig tilos.<\/p>\n<p>A cikk szerint vaskos dosszi\u00e9t juttatott el a Magyar Nemzethez a f\u0151v\u00e1rosi ellenz\u00e9k kamp\u00e1nycsapat\u00e1nak egyik csal\u00f3dott tagja, aki felh\u00e1bor\u00edt\u00f3nak tartja, hogy olyan feladatok v\u00e9grehajt\u00e1s\u00e1ra is r\u00e1veszik az aktivist\u00e1kat, amelyeknek ak\u00e1r s\u00falyos k\u00f6vetkezm\u00e9nyei is lehetnek.<\/p>\n<p>A napilap birtok\u00e1ba ker\u00fclt dokumentumok alapj\u00e1n felvet\u0151dik a gyan\u00fa, hogy az ellenz\u00e9k \u00fczemszer\u0171en r\u00f6gz\u00edti sz\u00e1m\u00edt\u00f3g\u00e9pre az aj\u00e1nl\u00f3\u00edveken szerepl\u0151k szem\u00e9lyes adatait. Ez tilos, csak\u00fagy, mint az aj\u00e1nl\u00f3\u00edvek m\u00e1sol\u00e1sa.<\/p>\n<p>A munkafolyamatr\u00f3l \u00e1rulkodik egyebek mellett az a f\u00e9nyk\u00e9p is, amelyet a j\u00f3zsefv\u00e1rosi polg\u00e1rmesterjel\u00f6lt kamp\u00e1nyf\u0151n\u00f6ke, Udvarhelyi Tessza egy z\u00e1rt Facebook-csoportban posztolt szeptember 2-\u00e1n k\u00e9s\u0151 este. A Magyar Nemzet inform\u00e1tor\u00e1nak t\u00e1j\u00e9koztat\u00e1sa szerint a f\u00e9nyk\u00e9p a ker\u00fcleti kamp\u00e1nyk\u00f6zpontban, a Baross utcai Patyolat nev\u0171 helyen k\u00e9sz\u00fclt. A k\u00e9phez \u00edrt k\u00eds\u00e9r\u0151sz\u00f6veg szerint a csapat az aj\u00e1nl\u00f3\u00edvek feldolgoz\u00e1s\u00e1t v\u00e9gezte, hogy m\u00e1snap reggel leadhassanak mindent.<\/p>\n<p>A Magyar Nemzet cikke eml\u00e9keztet arra, hogy az aj\u00e1nl\u00f3\u00edveken nincs mit feldolgozni, azokat a jel\u00f6lteknek csup\u00e1n \u00f6ssze kell gy\u0171jteni\u00fck \u00e9s le kell adniuk a v\u00e1laszt\u00e1si bizotts\u00e1ghoz. A fot\u00f3 \u00e9s a k\u00eds\u00e9r\u0151sz\u00f6veg alapj\u00e1n egy\u00e9rtelm\u0171en \u00fagy t\u0171nik, hogy az ellenz\u00e9k szem\u00e9lyes adattal val\u00f3 vissza\u00e9l\u00e9st k\u00f6vetett el.<\/p>\n<p>Az \u00edr\u00e1s szerint az aktivist\u00e1k munk\u00e1j\u00e1t megk\u00f6sz\u00f6nte Veres G\u00e1bor, az MSZP VIII. ker\u00fcleti eln\u00f6ke \u00e9s a J\u00f3zsefv\u00e1rosban k\u00f6z\u00f6s ellenz\u00e9ki jel\u00f6ltk\u00e9nt indul\u00f3 S\u00e1tly Bal\u00e1zs LMP-s politikus is.<\/p>\n<p>A Magyar Nemzethez ker\u00fclt anyag szerint ugyancsak reag\u00e1lt a f\u00e9nyk\u00e9pen l\u00e1tottakra Simon Gy\u00f6rgy, aki jelenleg a DK k\u00e9pvisel\u0151je a j\u00f3zsefv\u00e1rosi test\u00fcletben, de ez\u00fattal az I. ker\u00fclet 2-es egy\u00e9ni k\u00f6rzet\u00e9ben indul a Momentum-DK-MSZP-P\u00e1rbesz\u00e9d-LMP-Jobbik-V\u00e1runk Egyes\u00fclet jel\u00f6ltjek\u00e9nt. A politikus az adatr\u00f6gz\u00edt\u00e9sre utal\u00f3 jelekt\u0151l tartva k\u00f6z\u00f6lte: \u201cCsak meg ne ossza valaki ezt a fot\u00f3t!\u201d<\/p>\n<p>A napilap cikke szerint nyilv\u00e1n t\u00f6bben r\u00e1j\u00f6ttek, hogy Udvarhelyi Tessza fot\u00f3ja, posztja komoly vesz\u00e9lyeket jelent az ellenz\u00e9kre n\u00e9zve, ez\u00e9rt az eg\u00e9szet t\u00f6r\u00f6lt\u00e9k. M\u00e9g ezt megel\u0151z\u0151en azonban m\u00e1solatok k\u00e9sz\u00fcltek a Facebookon zajl\u00f3 \u00fczenetv\u00e1lt\u00e1sokr\u00f3l, \u00edgy semmit nem siker\u00fclt elt\u00fcntetni.<\/p>\n<p><strong>Tov\u00e1bbi cikkek:<\/strong><\/p>\n<\/div>\n<p><script>(function(d, s, id) {\n  var js, fjs = d.getElementsByTagName(s)[0];\n  if (d.getElementById(id)) return;\n  js = d.createElement(s); js.id = id;\n  js.src = \"http:\/\/connect.facebook.net\/hu_HU\/sdk.js#xfbml=1&version=v2.3\";\n  fjs.parentNode.insertBefore(js, fjs);\n}(document, 'script', 'facebook-jssdk'));<\/script><br \/>\n<br \/>\n<!--noindex--><br \/>\n<a href=\"https:\/\/hirek.oldal.info\/rssclick\/14381015\" rel=\"nofollow\">Source link <\/a><br \/>\n<!--\/noindex--><\/p>\n","protected":false},"excerpt":{"rendered":"<p>MTI, 2019. 09. 09. 08:55 Felt\u00e9telezhet\u0151, hogy csal\u00e1ssal, t\u00f6rv\u00e9nytelen eszk\u00f6z\u00f6k ig\u00e9nybev\u00e9tel\u00e9vel k\u00e9sz\u00fcl az \u00f6nkorm\u00e1nyzati v\u00e1laszt\u00e1sokra a f\u0151v\u00e1rosi ellenz\u00e9k \u2013 der\u00fcl ki a Magyar Nemzet birtok\u00e1ba jutott dokumentumokb\u00f3l. A napilap h\u00e9tf\u0151i sz\u00e1m\u00e1ban arr\u00f3l \u00edr, hogy a j\u00f3zsefv\u00e1rosi \u00f6sszefog\u00e1s kamp\u00e1nycsapata az aj\u00e1nl\u00f3szelv\u00e9nyeken szerepl\u0151 adatokat sz\u00e1m\u00edt\u00f3g\u00e9pes adatb\u00e1zis \u00e9p\u00edt\u00e9s\u00e9re haszn\u00e1lhatta, ez pedig tilos. A cikk szerint vaskos dosszi\u00e9t juttatott [&hellip;]<\/p>\n","protected":false},"author":2,"featured_media":1823,"comment_status":"open","ping_status":"open","sticky":false,"template":"","format":"standard","meta":{"footnotes":""},"categories":[1],"tags":[],"class_list":["post-1822","post","type-post","status-publish","format-standard","has-post-thumbnail","hentry","category-legujabb-penzugyi-hirek"],"yoast_head":"<!-- This site is optimized with the Yoast SEO plugin v27.4 - https:\/\/yoast.com\/product\/yoast-seo-wordpress\/ -->\n<title>Csal\u00e1sra \u00e9p\u00edtheti kamp\u00e1ny\u00e1t Budapesten az ellenz\u00e9k - Hot News in World<\/title>\n<meta name=\"robots\" content=\"index, follow, max-snippet:-1, max-image-preview:large, max-video-preview:-1\" \/>\n<link rel=\"canonical\" href=\"https:\/\/hotnewsinworld.com\/hu\/csalasra-epitheti-kampanyat-budapesten-az-ellenzek\/\" \/>\n<meta property=\"og:locale\" content=\"hu_HU\" \/>\n<meta property=\"og:type\" content=\"article\" \/>\n<meta property=\"og:title\" content=\"Csal\u00e1sra \u00e9p\u00edtheti kamp\u00e1ny\u00e1t Budapesten az ellenz\u00e9k - Hot News in World\" \/>\n<meta property=\"og:description\" content=\"MTI, 2019. 09. 09. 08:55 Felt\u00e9telezhet\u0151, hogy csal\u00e1ssal, t\u00f6rv\u00e9nytelen eszk\u00f6z\u00f6k ig\u00e9nybev\u00e9tel\u00e9vel k\u00e9sz\u00fcl az \u00f6nkorm\u00e1nyzati v\u00e1laszt\u00e1sokra a f\u0151v\u00e1rosi ellenz\u00e9k \u2013 der\u00fcl ki a Magyar Nemzet birtok\u00e1ba jutott dokumentumokb\u00f3l. A napilap h\u00e9tf\u0151i sz\u00e1m\u00e1ban arr\u00f3l \u00edr, hogy a j\u00f3zsefv\u00e1rosi \u00f6sszefog\u00e1s kamp\u00e1nycsapata az aj\u00e1nl\u00f3szelv\u00e9nyeken szerepl\u0151 adatokat sz\u00e1m\u00edt\u00f3g\u00e9pes adatb\u00e1zis \u00e9p\u00edt\u00e9s\u00e9re haszn\u00e1lhatta, ez pedig tilos. A cikk szerint vaskos dosszi\u00e9t juttatott [&hellip;]\" \/>\n<meta property=\"og:url\" content=\"https:\/\/hotnewsinworld.com\/hu\/csalasra-epitheti-kampanyat-budapesten-az-ellenzek\/\" \/>\n<meta property=\"og:site_name\" content=\"Hot News in World\" \/>\n<meta property=\"article:published_time\" content=\"2019-09-09T07:07:09+00:00\" \/>\n<meta property=\"article:modified_time\" content=\"2019-09-09T07:07:11+00:00\" \/>\n<meta property=\"og:image\" content=\"https:\/\/hotnewsinworld.com\/hu\/wp-content\/uploads\/sites\/3\/2019\/09\/Csal\u00e1sra-\u00e9p\u00edtheti-kamp\u00e1ny\u00e1t-Budapesten-az-ellenz\u00e9k.jpg\" \/>\n\t<meta property=\"og:image:width\" content=\"400\" \/>\n\t<meta property=\"og:image:height\" content=\"300\" \/>\n\t<meta property=\"og:image:type\" content=\"image\/jpeg\" \/>\n<meta name=\"author\" content=\"hotnewsinworld\" \/>\n<meta name=\"twitter:card\" content=\"summary_large_image\" \/>\n<meta name=\"twitter:label1\" content=\"Szerz\u0151:\" \/>\n\t<meta name=\"twitter:data1\" content=\"hotnewsinworld\" \/>\n\t<meta name=\"twitter:label2\" content=\"Becs\u00fclt olvas\u00e1si id\u0151\" \/>\n\t<meta name=\"twitter:data2\" content=\"3 perc\" \/>\n<script type=\"application\/ld+json\" class=\"yoast-schema-graph\">{\"@context\":\"https:\\\/\\\/schema.org\",\"@graph\":[{\"@type\":\"Article\",\"@id\":\"https:\\\/\\\/hotnewsinworld.com\\\/hu\\\/csalasra-epitheti-kampanyat-budapesten-az-ellenzek\\\/#article\",\"isPartOf\":{\"@id\":\"https:\\\/\\\/hotnewsinworld.com\\\/hu\\\/csalasra-epitheti-kampanyat-budapesten-az-ellenzek\\\/\"},\"author\":{\"name\":\"hotnewsinworld\",\"@id\":\"https:\\\/\\\/hotnewsinworld.com\\\/hu\\\/#\\\/schema\\\/person\\\/fe61448b21c0d59086e75fcc1f9d8f6b\"},\"headline\":\"Csal\u00e1sra \u00e9p\u00edtheti kamp\u00e1ny\u00e1t Budapesten az ellenz\u00e9k\",\"datePublished\":\"2019-09-09T07:07:09+00:00\",\"dateModified\":\"2019-09-09T07:07:11+00:00\",\"mainEntityOfPage\":{\"@id\":\"https:\\\/\\\/hotnewsinworld.com\\\/hu\\\/csalasra-epitheti-kampanyat-budapesten-az-ellenzek\\\/\"},\"wordCount\":547,\"commentCount\":0,\"image\":{\"@id\":\"https:\\\/\\\/hotnewsinworld.com\\\/hu\\\/csalasra-epitheti-kampanyat-budapesten-az-ellenzek\\\/#primaryimage\"},\"thumbnailUrl\":\"https:\\\/\\\/hotnewsinworld.com\\\/hu\\\/wp-content\\\/uploads\\\/sites\\\/3\\\/2019\\\/09\\\/Csal\u00e1sra-\u00e9p\u00edtheti-kamp\u00e1ny\u00e1t-Budapesten-az-ellenz\u00e9k.jpg\",\"articleSection\":[\"LEG\u00daJABB P\u00c9NZ\u00dcGYI H\u00cdREK\"],\"inLanguage\":\"hu\",\"potentialAction\":[{\"@type\":\"CommentAction\",\"name\":\"Comment\",\"target\":[\"https:\\\/\\\/hotnewsinworld.com\\\/hu\\\/csalasra-epitheti-kampanyat-budapesten-az-ellenzek\\\/#respond\"]}]},{\"@type\":\"WebPage\",\"@id\":\"https:\\\/\\\/hotnewsinworld.com\\\/hu\\\/csalasra-epitheti-kampanyat-budapesten-az-ellenzek\\\/\",\"url\":\"https:\\\/\\\/hotnewsinworld.com\\\/hu\\\/csalasra-epitheti-kampanyat-budapesten-az-ellenzek\\\/\",\"name\":\"Csal\u00e1sra \u00e9p\u00edtheti kamp\u00e1ny\u00e1t Budapesten az ellenz\u00e9k - Hot News in World\",\"isPartOf\":{\"@id\":\"https:\\\/\\\/hotnewsinworld.com\\\/hu\\\/#website\"},\"primaryImageOfPage\":{\"@id\":\"https:\\\/\\\/hotnewsinworld.com\\\/hu\\\/csalasra-epitheti-kampanyat-budapesten-az-ellenzek\\\/#primaryimage\"},\"image\":{\"@id\":\"https:\\\/\\\/hotnewsinworld.com\\\/hu\\\/csalasra-epitheti-kampanyat-budapesten-az-ellenzek\\\/#primaryimage\"},\"thumbnailUrl\":\"https:\\\/\\\/hotnewsinworld.com\\\/hu\\\/wp-content\\\/uploads\\\/sites\\\/3\\\/2019\\\/09\\\/Csal\u00e1sra-\u00e9p\u00edtheti-kamp\u00e1ny\u00e1t-Budapesten-az-ellenz\u00e9k.jpg\",\"datePublished\":\"2019-09-09T07:07:09+00:00\",\"dateModified\":\"2019-09-09T07:07:11+00:00\",\"author\":{\"@id\":\"https:\\\/\\\/hotnewsinworld.com\\\/hu\\\/#\\\/schema\\\/person\\\/fe61448b21c0d59086e75fcc1f9d8f6b\"},\"breadcrumb\":{\"@id\":\"https:\\\/\\\/hotnewsinworld.com\\\/hu\\\/csalasra-epitheti-kampanyat-budapesten-az-ellenzek\\\/#breadcrumb\"},\"inLanguage\":\"hu\",\"potentialAction\":[{\"@type\":\"ReadAction\",\"target\":[\"https:\\\/\\\/hotnewsinworld.com\\\/hu\\\/csalasra-epitheti-kampanyat-budapesten-az-ellenzek\\\/\"]}]},{\"@type\":\"ImageObject\",\"inLanguage\":\"hu\",\"@id\":\"https:\\\/\\\/hotnewsinworld.com\\\/hu\\\/csalasra-epitheti-kampanyat-budapesten-az-ellenzek\\\/#primaryimage\",\"url\":\"https:\\\/\\\/hotnewsinworld.com\\\/hu\\\/wp-content\\\/uploads\\\/sites\\\/3\\\/2019\\\/09\\\/Csal\u00e1sra-\u00e9p\u00edtheti-kamp\u00e1ny\u00e1t-Budapesten-az-ellenz\u00e9k.jpg\",\"contentUrl\":\"https:\\\/\\\/hotnewsinworld.com\\\/hu\\\/wp-content\\\/uploads\\\/sites\\\/3\\\/2019\\\/09\\\/Csal\u00e1sra-\u00e9p\u00edtheti-kamp\u00e1ny\u00e1t-Budapesten-az-ellenz\u00e9k.jpg\",\"width\":400,\"height\":300,\"caption\":\"Csal\u00e1sra \u00e9p\u00edtheti kamp\u00e1ny\u00e1t Budapesten az ellenz\u00e9k\"},{\"@type\":\"BreadcrumbList\",\"@id\":\"https:\\\/\\\/hotnewsinworld.com\\\/hu\\\/csalasra-epitheti-kampanyat-budapesten-az-ellenzek\\\/#breadcrumb\",\"itemListElement\":[{\"@type\":\"ListItem\",\"position\":1,\"name\":\"\u0413\u043b\u0430\u0432\u043d\u0430\u044f \u0441\u0442\u0440\u0430\u043d\u0438\u0446\u0430\",\"item\":\"https:\\\/\\\/hotnewsinworld.com\\\/hu\\\/\"},{\"@type\":\"ListItem\",\"position\":2,\"name\":\"Csal\u00e1sra \u00e9p\u00edtheti kamp\u00e1ny\u00e1t Budapesten az ellenz\u00e9k\"}]},{\"@type\":\"WebSite\",\"@id\":\"https:\\\/\\\/hotnewsinworld.com\\\/hu\\\/#website\",\"url\":\"https:\\\/\\\/hotnewsinworld.com\\\/hu\\\/\",\"name\":\"Hot News in World\",\"description\":\"Hot News in World from Hungary\",\"potentialAction\":[{\"@type\":\"SearchAction\",\"target\":{\"@type\":\"EntryPoint\",\"urlTemplate\":\"https:\\\/\\\/hotnewsinworld.com\\\/hu\\\/?s={search_term_string}\"},\"query-input\":{\"@type\":\"PropertyValueSpecification\",\"valueRequired\":true,\"valueName\":\"search_term_string\"}}],\"inLanguage\":\"hu\"},{\"@type\":\"Person\",\"@id\":\"https:\\\/\\\/hotnewsinworld.com\\\/hu\\\/#\\\/schema\\\/person\\\/fe61448b21c0d59086e75fcc1f9d8f6b\",\"name\":\"hotnewsinworld\",\"image\":{\"@type\":\"ImageObject\",\"inLanguage\":\"hu\",\"@id\":\"https:\\\/\\\/secure.gravatar.com\\\/avatar\\\/8a09ac165600ce2e1c38fe593c63928eb1e6e7ba5c5a907d67787c41b3d00c14?s=96&d=mm&r=g\",\"url\":\"https:\\\/\\\/secure.gravatar.com\\\/avatar\\\/8a09ac165600ce2e1c38fe593c63928eb1e6e7ba5c5a907d67787c41b3d00c14?s=96&d=mm&r=g\",\"contentUrl\":\"https:\\\/\\\/secure.gravatar.com\\\/avatar\\\/8a09ac165600ce2e1c38fe593c63928eb1e6e7ba5c5a907d67787c41b3d00c14?s=96&d=mm&r=g\",\"caption\":\"hotnewsinworld\"},\"url\":\"https:\\\/\\\/hotnewsinworld.com\\\/hu\\\/author\\\/pt\\\/\"}]}<\/script>\n<!-- \/ Yoast SEO plugin. -->","yoast_head_json":{"title":"Csal\u00e1sra \u00e9p\u00edtheti kamp\u00e1ny\u00e1t Budapesten az ellenz\u00e9k - Hot News in World","robots":{"index":"index","follow":"follow","max-snippet":"max-snippet:-1","max-image-preview":"max-image-preview:large","max-video-preview":"max-video-preview:-1"},"canonical":"https:\/\/hotnewsinworld.com\/hu\/csalasra-epitheti-kampanyat-budapesten-az-ellenzek\/","og_locale":"hu_HU","og_type":"article","og_title":"Csal\u00e1sra \u00e9p\u00edtheti kamp\u00e1ny\u00e1t Budapesten az ellenz\u00e9k - Hot News in World","og_description":"MTI, 2019. 09. 09. 08:55 Felt\u00e9telezhet\u0151, hogy csal\u00e1ssal, t\u00f6rv\u00e9nytelen eszk\u00f6z\u00f6k ig\u00e9nybev\u00e9tel\u00e9vel k\u00e9sz\u00fcl az \u00f6nkorm\u00e1nyzati v\u00e1laszt\u00e1sokra a f\u0151v\u00e1rosi ellenz\u00e9k \u2013 der\u00fcl ki a Magyar Nemzet birtok\u00e1ba jutott dokumentumokb\u00f3l. A napilap h\u00e9tf\u0151i sz\u00e1m\u00e1ban arr\u00f3l \u00edr, hogy a j\u00f3zsefv\u00e1rosi \u00f6sszefog\u00e1s kamp\u00e1nycsapata az aj\u00e1nl\u00f3szelv\u00e9nyeken szerepl\u0151 adatokat sz\u00e1m\u00edt\u00f3g\u00e9pes adatb\u00e1zis \u00e9p\u00edt\u00e9s\u00e9re haszn\u00e1lhatta, ez pedig tilos. A cikk szerint vaskos dosszi\u00e9t juttatott [&hellip;]","og_url":"https:\/\/hotnewsinworld.com\/hu\/csalasra-epitheti-kampanyat-budapesten-az-ellenzek\/","og_site_name":"Hot News in World","article_published_time":"2019-09-09T07:07:09+00:00","article_modified_time":"2019-09-09T07:07:11+00:00","og_image":[{"width":400,"height":300,"url":"https:\/\/hotnewsinworld.com\/hu\/wp-content\/uploads\/sites\/3\/2019\/09\/Csal\u00e1sra-\u00e9p\u00edtheti-kamp\u00e1ny\u00e1t-Budapesten-az-ellenz\u00e9k.jpg","type":"image\/jpeg"}],"author":"hotnewsinworld","twitter_card":"summary_large_image","twitter_misc":{"Szerz\u0151:":"hotnewsinworld","Becs\u00fclt olvas\u00e1si id\u0151":"3 perc"},"schema":{"@context":"https:\/\/schema.org","@graph":[{"@type":"Article","@id":"https:\/\/hotnewsinworld.com\/hu\/csalasra-epitheti-kampanyat-budapesten-az-ellenzek\/#article","isPartOf":{"@id":"https:\/\/hotnewsinworld.com\/hu\/csalasra-epitheti-kampanyat-budapesten-az-ellenzek\/"},"author":{"name":"hotnewsinworld","@id":"https:\/\/hotnewsinworld.com\/hu\/#\/schema\/person\/fe61448b21c0d59086e75fcc1f9d8f6b"},"headline":"Csal\u00e1sra \u00e9p\u00edtheti kamp\u00e1ny\u00e1t Budapesten az ellenz\u00e9k","datePublished":"2019-09-09T07:07:09+00:00","dateModified":"2019-09-09T07:07:11+00:00","mainEntityOfPage":{"@id":"https:\/\/hotnewsinworld.com\/hu\/csalasra-epitheti-kampanyat-budapesten-az-ellenzek\/"},"wordCount":547,"commentCount":0,"image":{"@id":"https:\/\/hotnewsinworld.com\/hu\/csalasra-epitheti-kampanyat-budapesten-az-ellenzek\/#primaryimage"},"thumbnailUrl":"https:\/\/hotnewsinworld.com\/hu\/wp-content\/uploads\/sites\/3\/2019\/09\/Csal\u00e1sra-\u00e9p\u00edtheti-kamp\u00e1ny\u00e1t-Budapesten-az-ellenz\u00e9k.jpg","articleSection":["LEG\u00daJABB P\u00c9NZ\u00dcGYI H\u00cdREK"],"inLanguage":"hu","potentialAction":[{"@type":"CommentAction","name":"Comment","target":["https:\/\/hotnewsinworld.com\/hu\/csalasra-epitheti-kampanyat-budapesten-az-ellenzek\/#respond"]}]},{"@type":"WebPage","@id":"https:\/\/hotnewsinworld.com\/hu\/csalasra-epitheti-kampanyat-budapesten-az-ellenzek\/","url":"https:\/\/hotnewsinworld.com\/hu\/csalasra-epitheti-kampanyat-budapesten-az-ellenzek\/","name":"Csal\u00e1sra \u00e9p\u00edtheti kamp\u00e1ny\u00e1t Budapesten az ellenz\u00e9k - Hot News in World","isPartOf":{"@id":"https:\/\/hotnewsinworld.com\/hu\/#website"},"primaryImageOfPage":{"@id":"https:\/\/hotnewsinworld.com\/hu\/csalasra-epitheti-kampanyat-budapesten-az-ellenzek\/#primaryimage"},"image":{"@id":"https:\/\/hotnewsinworld.com\/hu\/csalasra-epitheti-kampanyat-budapesten-az-ellenzek\/#primaryimage"},"thumbnailUrl":"https:\/\/hotnewsinworld.com\/hu\/wp-content\/uploads\/sites\/3\/2019\/09\/Csal\u00e1sra-\u00e9p\u00edtheti-kamp\u00e1ny\u00e1t-Budapesten-az-ellenz\u00e9k.jpg","datePublished":"2019-09-09T07:07:09+00:00","dateModified":"2019-09-09T07:07:11+00:00","author":{"@id":"https:\/\/hotnewsinworld.com\/hu\/#\/schema\/person\/fe61448b21c0d59086e75fcc1f9d8f6b"},"breadcrumb":{"@id":"https:\/\/hotnewsinworld.com\/hu\/csalasra-epitheti-kampanyat-budapesten-az-ellenzek\/#breadcrumb"},"inLanguage":"hu","potentialAction":[{"@type":"ReadAction","target":["https:\/\/hotnewsinworld.com\/hu\/csalasra-epitheti-kampanyat-budapesten-az-ellenzek\/"]}]},{"@type":"ImageObject","inLanguage":"hu","@id":"https:\/\/hotnewsinworld.com\/hu\/csalasra-epitheti-kampanyat-budapesten-az-ellenzek\/#primaryimage","url":"https:\/\/hotnewsinworld.com\/hu\/wp-content\/uploads\/sites\/3\/2019\/09\/Csal\u00e1sra-\u00e9p\u00edtheti-kamp\u00e1ny\u00e1t-Budapesten-az-ellenz\u00e9k.jpg","contentUrl":"https:\/\/hotnewsinworld.com\/hu\/wp-content\/uploads\/sites\/3\/2019\/09\/Csal\u00e1sra-\u00e9p\u00edtheti-kamp\u00e1ny\u00e1t-Budapesten-az-ellenz\u00e9k.jpg","width":400,"height":300,"caption":"Csal\u00e1sra \u00e9p\u00edtheti kamp\u00e1ny\u00e1t Budapesten az ellenz\u00e9k"},{"@type":"BreadcrumbList","@id":"https:\/\/hotnewsinworld.com\/hu\/csalasra-epitheti-kampanyat-budapesten-az-ellenzek\/#breadcrumb","itemListElement":[{"@type":"ListItem","position":1,"name":"\u0413\u043b\u0430\u0432\u043d\u0430\u044f \u0441\u0442\u0440\u0430\u043d\u0438\u0446\u0430","item":"https:\/\/hotnewsinworld.com\/hu\/"},{"@type":"ListItem","position":2,"name":"Csal\u00e1sra \u00e9p\u00edtheti kamp\u00e1ny\u00e1t Budapesten az ellenz\u00e9k"}]},{"@type":"WebSite","@id":"https:\/\/hotnewsinworld.com\/hu\/#website","url":"https:\/\/hotnewsinworld.com\/hu\/","name":"Hot News in World","description":"Hot News in World from Hungary","potentialAction":[{"@type":"SearchAction","target":{"@type":"EntryPoint","urlTemplate":"https:\/\/hotnewsinworld.com\/hu\/?s={search_term_string}"},"query-input":{"@type":"PropertyValueSpecification","valueRequired":true,"valueName":"search_term_string"}}],"inLanguage":"hu"},{"@type":"Person","@id":"https:\/\/hotnewsinworld.com\/hu\/#\/schema\/person\/fe61448b21c0d59086e75fcc1f9d8f6b","name":"hotnewsinworld","image":{"@type":"ImageObject","inLanguage":"hu","@id":"https:\/\/secure.gravatar.com\/avatar\/8a09ac165600ce2e1c38fe593c63928eb1e6e7ba5c5a907d67787c41b3d00c14?s=96&d=mm&r=g","url":"https:\/\/secure.gravatar.com\/avatar\/8a09ac165600ce2e1c38fe593c63928eb1e6e7ba5c5a907d67787c41b3d00c14?s=96&d=mm&r=g","contentUrl":"https:\/\/secure.gravatar.com\/avatar\/8a09ac165600ce2e1c38fe593c63928eb1e6e7ba5c5a907d67787c41b3d00c14?s=96&d=mm&r=g","caption":"hotnewsinworld"},"url":"https:\/\/hotnewsinworld.com\/hu\/author\/pt\/"}]}},"_links":{"self":[{"href":"https:\/\/hotnewsinworld.com\/hu\/wp-json\/wp\/v2\/posts\/1822","targetHints":{"allow":["GET"]}}],"collection":[{"href":"https:\/\/hotnewsinworld.com\/hu\/wp-json\/wp\/v2\/posts"}],"about":[{"href":"https:\/\/hotnewsinworld.com\/hu\/wp-json\/wp\/v2\/types\/post"}],"author":[{"embeddable":true,"href":"https:\/\/hotnewsinworld.com\/hu\/wp-json\/wp\/v2\/users\/2"}],"replies":[{"embeddable":true,"href":"https:\/\/hotnewsinworld.com\/hu\/wp-json\/wp\/v2\/comments?post=1822"}],"version-history":[{"count":1,"href":"https:\/\/hotnewsinworld.com\/hu\/wp-json\/wp\/v2\/posts\/1822\/revisions"}],"predecessor-version":[{"id":1824,"href":"https:\/\/hotnewsinworld.com\/hu\/wp-json\/wp\/v2\/posts\/1822\/revisions\/1824"}],"wp:featuredmedia":[{"embeddable":true,"href":"https:\/\/hotnewsinworld.com\/hu\/wp-json\/wp\/v2\/media\/1823"}],"wp:attachment":[{"href":"https:\/\/hotnewsinworld.com\/hu\/wp-json\/wp\/v2\/media?parent=1822"}],"wp:term":[{"taxonomy":"category","embeddable":true,"href":"https:\/\/hotnewsinworld.com\/hu\/wp-json\/wp\/v2\/categories?post=1822"},{"taxonomy":"post_tag","embeddable":true,"href":"https:\/\/hotnewsinworld.com\/hu\/wp-json\/wp\/v2\/tags?post=1822"}],"curies":[{"name":"wp","href":"https:\/\/api.w.org\/{rel}","templated":true}]}}