{"id":1828,"date":"2019-09-09T13:57:05","date_gmt":"2019-09-09T10:57:05","guid":{"rendered":"https:\/\/hotnewsinworld.com\/hu\/nalunk-a-jovot-nemcsak-meg-tudjak-tervezni-hanem-meg-is-tudjak-valositani\/"},"modified":"2019-09-09T13:57:06","modified_gmt":"2019-09-09T10:57:06","slug":"nalunk-a-jovot-nemcsak-meg-tudjak-tervezni-hanem-meg-is-tudjak-valositani","status":"publish","type":"post","link":"https:\/\/hotnewsinworld.com\/hu\/nalunk-a-jovot-nemcsak-meg-tudjak-tervezni-hanem-meg-is-tudjak-valositani\/","title":{"rendered":"n\u00e1lunk a j\u00f6v\u0151t nemcsak meg tudj\u00e1k tervezni, hanem meg is tudj\u00e1k val\u00f3s\u00edtani-"},"content":{"rendered":"<div>\n                        <!--CIKK ITT KEZD&#336;DIK--><\/p>\n<p>Orb\u00e1n Viktor a K\u00f6tcs\u00e9n, z\u00e1rt k\u00f6rben elmondott besz\u00e9d\u00e9ben utalt arra, hogy az azonos nem\u0171 p\u00e1rok \u00f6r\u00f6kbefogad\u00e1s\u00e1t \u00e9s a drogfogyaszt\u00e1st illet\u0151en v\u00e1ltoztat\u00e1sokra k\u00e9sz\u00fcl \u2013 \u00edrja az Index.<\/p>\n<p>Az Orb\u00e1n-besz\u00e9d k\u00f6zpontj\u00e1ban a nemzet\u00e9p\u00edt\u00e9s strat\u00e9gi\u00e1ja \u00e1llt, ennek r\u00e9szek\u00e9nt besz\u00e9lt arr\u00f3l, hogy a magyar gazdas\u00e1g fejl\u0151d\u00e9s\u00e9t ki kell terjeszteni a teljes K\u00e1rp\u00e1t-medenc\u00e9re, \u00e9s a hat\u00e1ron t\u00fali magyarok helyzet\u00e9t is jav\u00edtani kell. Ezt azonban \u00fagy kell megtenni, hogy azzal ne gener\u00e1ljunk vit\u00e1t a szomsz\u00e9dainkkal.<\/p>\n<p><span class=\"hatterszin\">A tud\u00f3s\u00edt\u00e1s szerint az is elhangzott, hogy az okt\u00f3beri \u00f6nkorm\u00e1nyzati v\u00e1laszt\u00e1sok ut\u00e1n k\u00e9t ter\u00fcleten tervez v\u00e1ltoztatni a korm\u00e1ny: az egyik az azonos nem\u0171 p\u00e1rok \u00f6r\u00f6kbefogad\u00e1si joga, a m\u00e1sik a drogfogyaszt\u00e1ssal kapcsolatos jogi szab\u00e1lyoz\u00e1s.<\/span><\/p>\n<p>A besz\u00e9d\u00e9ben \u00e1ll\u00edt\u00f3lag sz\u00f3 volt arr\u00f3l is, hogy b\u00e1r sz\u00f6vets\u00e9gesei, Matteo Salvini volt olasz bel\u00fcgyminiszter \u00e9s Hans-Christian Strache volt osztr\u00e1k alkancell\u00e1r egyel\u0151re nem \u00e1llnak t\u00fal f\u00e9nyesen, \u00e1m Orb\u00e1n rem\u00e9nyei szerint hamarosan ebben is (legink\u00e1bb Salvinin\u00e9l) fordulat \u00e1llhat be \u00e9s meglehet a r\u00e9g\u00f3ta v\u00e1rt \u00e1tt\u00f6r\u00e9se az \u00e1ltala &#8222;nemzeti er\u0151knek&#8221; nevezett politikai p\u00e1rtokn\u00e1l.<\/p>\n<p>A minisztereln\u00f6k az\u00e9rt besz\u00e9lt teljes K\u00f6z\u00e9p-Eur\u00f3pa \u00fajj\u00e1\u00e9p\u00edt\u00e9s\u00e9r\u0151l, mert \u00edgy szerinte \u00e9rdekeltt\u00e9 lehet tenni a szomsz\u00e9dos orsz\u00e1gokat. P\u00e9ld\u00e1ul hogy a rom\u00e1nok a Budapest-Kolozsv\u00e1r vonatban nekik is hasznos lehet\u0151s\u00e9get l\u00e1ssanak.<\/p>\n<p>Orb\u00e1n a nemzet\u00e9p\u00edt\u00e9s k\u00f6r\u00e9be sorolta azt a konkr\u00e9t tervet is, hogy 2022-re<\/p>\n<p><span class=\"hatterszin\"> minden aut\u00f3p\u00e1ly\u00e1t ki\u00e9p\u00edtenek az orsz\u00e1ghat\u00e1rig. Vagyis \u00edgy m\u00e9g gyorsabb lesz majd az \u00f6sszek\u00f6ttet\u00e9s a hat\u00e1ron t\u00fali ter\u00fcletek magyars\u00e1g\u00e1val.<\/span><\/p>\n<p>A 2022-es v\u00e1laszt\u00e1sokkal kapcsolatban annyit mondott a Fidesz es\u00e9lyeir\u0151l, hogy \u201enem az a fontos, milyen nagy a kutya, hanem hogy milyen harciass\u00e1g van a kuty\u00e1ban\u201d. Vagyis v\u00e9lhet\u0151en marad harcias kommunik\u00e1ci\u00f3.<\/p>\n<p>                        <br class=\"clear\"\/><iframe loading=\"lazy\" class=\"my-fbrecommend-bottom\" src=\"https:\/\/www.facebook.com\/plugins\/like.php?href=https:\/\/www.szeretlekmagyarorszag.hu\/azonos-nemuek-orokbefogadasi-jogarol-es-uj-drogpolitikarol-is-beszelt-orban-viktor-kotcsen&amp;width=221&amp;layout=button_count&amp;action=like&amp;size=large&amp;show_faces=true&amp;share=true&amp;height=46&amp;appId=143515935696789\" width=\"221\" height=\"46\" style=\"border:none;overflow:hidden\" scrolling=\"no\" frameborder=\"0\" allowtransparency=\"true\"><br \/>\n                        <\/iframe><\/p><\/div>\n<p><script>(function(d, s, id) {\n  var js, fjs = d.getElementsByTagName(s)[0];\n  if (d.getElementById(id)) return;\n  js = d.createElement(s); js.id = id;\n  js.src = \"http:\/\/connect.facebook.net\/hu_HU\/sdk.js#xfbml=1&version=v2.4&appId=143515935696789\";\n  fjs.parentNode.insertBefore(js, fjs);\n}(document, 'script', 'facebook-jssdk'));<\/p>\n<p><\/script><br \/>\n<br \/>\n<!--noindex--><br \/>\n<a href=\"https:\/\/hirek.oldal.info\/rssclick\/14381890\" rel=\"nofollow\">Source link <\/a><br \/>\n<!--\/noindex--><\/p>\n","protected":false},"excerpt":{"rendered":"<p>Orb\u00e1n Viktor a K\u00f6tcs\u00e9n, z\u00e1rt k\u00f6rben elmondott besz\u00e9d\u00e9ben utalt arra, hogy az azonos nem\u0171 p\u00e1rok \u00f6r\u00f6kbefogad\u00e1s\u00e1t \u00e9s a drogfogyaszt\u00e1st illet\u0151en v\u00e1ltoztat\u00e1sokra k\u00e9sz\u00fcl \u2013 \u00edrja az Index. Az Orb\u00e1n-besz\u00e9d k\u00f6zpontj\u00e1ban a nemzet\u00e9p\u00edt\u00e9s strat\u00e9gi\u00e1ja \u00e1llt, ennek r\u00e9szek\u00e9nt besz\u00e9lt arr\u00f3l, hogy a magyar gazdas\u00e1g fejl\u0151d\u00e9s\u00e9t ki kell terjeszteni a teljes K\u00e1rp\u00e1t-medenc\u00e9re, \u00e9s a hat\u00e1ron t\u00fali magyarok helyzet\u00e9t is [&hellip;]<\/p>\n","protected":false},"author":2,"featured_media":1829,"comment_status":"open","ping_status":"open","sticky":false,"template":"","format":"standard","meta":{"footnotes":""},"categories":[1],"tags":[],"class_list":["post-1828","post","type-post","status-publish","format-standard","has-post-thumbnail","hentry","category-legujabb-penzugyi-hirek"],"yoast_head":"<!-- This site is optimized with the Yoast SEO plugin v27.4 - https:\/\/yoast.com\/product\/yoast-seo-wordpress\/ -->\n<title>n\u00e1lunk a j\u00f6v\u0151t nemcsak meg tudj\u00e1k tervezni, hanem meg is tudj\u00e1k val\u00f3s\u00edtani- Hot News in World<\/title>\n<meta name=\"robots\" content=\"index, follow, max-snippet:-1, max-image-preview:large, max-video-preview:-1\" \/>\n<link rel=\"canonical\" href=\"https:\/\/hotnewsinworld.com\/hu\/nalunk-a-jovot-nemcsak-meg-tudjak-tervezni-hanem-meg-is-tudjak-valositani\/\" \/>\n<meta property=\"og:locale\" content=\"hu_HU\" \/>\n<meta property=\"og:type\" content=\"article\" \/>\n<meta property=\"og:title\" content=\"n\u00e1lunk a j\u00f6v\u0151t nemcsak meg tudj\u00e1k tervezni, hanem meg is tudj\u00e1k val\u00f3s\u00edtani- Hot News in World\" \/>\n<meta property=\"og:description\" content=\"Orb\u00e1n Viktor a K\u00f6tcs\u00e9n, z\u00e1rt k\u00f6rben elmondott besz\u00e9d\u00e9ben utalt arra, hogy az azonos nem\u0171 p\u00e1rok \u00f6r\u00f6kbefogad\u00e1s\u00e1t \u00e9s a drogfogyaszt\u00e1st illet\u0151en v\u00e1ltoztat\u00e1sokra k\u00e9sz\u00fcl \u2013 \u00edrja az Index. Az Orb\u00e1n-besz\u00e9d k\u00f6zpontj\u00e1ban a nemzet\u00e9p\u00edt\u00e9s strat\u00e9gi\u00e1ja \u00e1llt, ennek r\u00e9szek\u00e9nt besz\u00e9lt arr\u00f3l, hogy a magyar gazdas\u00e1g fejl\u0151d\u00e9s\u00e9t ki kell terjeszteni a teljes K\u00e1rp\u00e1t-medenc\u00e9re, \u00e9s a hat\u00e1ron t\u00fali magyarok helyzet\u00e9t is [&hellip;]\" \/>\n<meta property=\"og:url\" content=\"https:\/\/hotnewsinworld.com\/hu\/nalunk-a-jovot-nemcsak-meg-tudjak-tervezni-hanem-meg-is-tudjak-valositani\/\" \/>\n<meta property=\"og:site_name\" content=\"Hot News in World\" \/>\n<meta property=\"article:published_time\" content=\"2019-09-09T10:57:05+00:00\" \/>\n<meta property=\"article:modified_time\" content=\"2019-09-09T10:57:06+00:00\" \/>\n<meta property=\"og:image\" content=\"https:\/\/hotnewsinworld.com\/hu\/wp-content\/uploads\/sites\/3\/2019\/09\/n\u00e1lunk-a-j\u00f6v\u0151t-nemcsak-meg-tudj\u00e1k-tervezni-hanem-meg-is.jpg\" \/>\n\t<meta property=\"og:image:width\" content=\"2000\" \/>\n\t<meta property=\"og:image:height\" content=\"1331\" \/>\n\t<meta property=\"og:image:type\" content=\"image\/jpeg\" \/>\n<meta name=\"author\" content=\"hotnewsinworld\" \/>\n<meta name=\"twitter:card\" content=\"summary_large_image\" \/>\n<meta name=\"twitter:label1\" content=\"Szerz\u0151:\" \/>\n\t<meta name=\"twitter:data1\" content=\"hotnewsinworld\" \/>\n\t<meta name=\"twitter:label2\" content=\"Becs\u00fclt olvas\u00e1si id\u0151\" \/>\n\t<meta name=\"twitter:data2\" content=\"2 perc\" \/>\n<script type=\"application\/ld+json\" class=\"yoast-schema-graph\">{\"@context\":\"https:\\\/\\\/schema.org\",\"@graph\":[{\"@type\":\"Article\",\"@id\":\"https:\\\/\\\/hotnewsinworld.com\\\/hu\\\/nalunk-a-jovot-nemcsak-meg-tudjak-tervezni-hanem-meg-is-tudjak-valositani\\\/#article\",\"isPartOf\":{\"@id\":\"https:\\\/\\\/hotnewsinworld.com\\\/hu\\\/nalunk-a-jovot-nemcsak-meg-tudjak-tervezni-hanem-meg-is-tudjak-valositani\\\/\"},\"author\":{\"name\":\"hotnewsinworld\",\"@id\":\"https:\\\/\\\/hotnewsinworld.com\\\/hu\\\/#\\\/schema\\\/person\\\/fe61448b21c0d59086e75fcc1f9d8f6b\"},\"headline\":\"n\u00e1lunk a j\u00f6v\u0151t nemcsak meg tudj\u00e1k tervezni, hanem meg is tudj\u00e1k val\u00f3s\u00edtani-\",\"datePublished\":\"2019-09-09T10:57:05+00:00\",\"dateModified\":\"2019-09-09T10:57:06+00:00\",\"mainEntityOfPage\":{\"@id\":\"https:\\\/\\\/hotnewsinworld.com\\\/hu\\\/nalunk-a-jovot-nemcsak-meg-tudjak-tervezni-hanem-meg-is-tudjak-valositani\\\/\"},\"wordCount\":401,\"commentCount\":0,\"image\":{\"@id\":\"https:\\\/\\\/hotnewsinworld.com\\\/hu\\\/nalunk-a-jovot-nemcsak-meg-tudjak-tervezni-hanem-meg-is-tudjak-valositani\\\/#primaryimage\"},\"thumbnailUrl\":\"https:\\\/\\\/hotnewsinworld.com\\\/hu\\\/wp-content\\\/uploads\\\/sites\\\/3\\\/2019\\\/09\\\/n\u00e1lunk-a-j\u00f6v\u0151t-nemcsak-meg-tudj\u00e1k-tervezni-hanem-meg-is.jpg\",\"articleSection\":[\"LEG\u00daJABB P\u00c9NZ\u00dcGYI H\u00cdREK\"],\"inLanguage\":\"hu\",\"potentialAction\":[{\"@type\":\"CommentAction\",\"name\":\"Comment\",\"target\":[\"https:\\\/\\\/hotnewsinworld.com\\\/hu\\\/nalunk-a-jovot-nemcsak-meg-tudjak-tervezni-hanem-meg-is-tudjak-valositani\\\/#respond\"]}]},{\"@type\":\"WebPage\",\"@id\":\"https:\\\/\\\/hotnewsinworld.com\\\/hu\\\/nalunk-a-jovot-nemcsak-meg-tudjak-tervezni-hanem-meg-is-tudjak-valositani\\\/\",\"url\":\"https:\\\/\\\/hotnewsinworld.com\\\/hu\\\/nalunk-a-jovot-nemcsak-meg-tudjak-tervezni-hanem-meg-is-tudjak-valositani\\\/\",\"name\":\"n\u00e1lunk a j\u00f6v\u0151t nemcsak meg tudj\u00e1k tervezni, hanem meg is tudj\u00e1k val\u00f3s\u00edtani- Hot News in World\",\"isPartOf\":{\"@id\":\"https:\\\/\\\/hotnewsinworld.com\\\/hu\\\/#website\"},\"primaryImageOfPage\":{\"@id\":\"https:\\\/\\\/hotnewsinworld.com\\\/hu\\\/nalunk-a-jovot-nemcsak-meg-tudjak-tervezni-hanem-meg-is-tudjak-valositani\\\/#primaryimage\"},\"image\":{\"@id\":\"https:\\\/\\\/hotnewsinworld.com\\\/hu\\\/nalunk-a-jovot-nemcsak-meg-tudjak-tervezni-hanem-meg-is-tudjak-valositani\\\/#primaryimage\"},\"thumbnailUrl\":\"https:\\\/\\\/hotnewsinworld.com\\\/hu\\\/wp-content\\\/uploads\\\/sites\\\/3\\\/2019\\\/09\\\/n\u00e1lunk-a-j\u00f6v\u0151t-nemcsak-meg-tudj\u00e1k-tervezni-hanem-meg-is.jpg\",\"datePublished\":\"2019-09-09T10:57:05+00:00\",\"dateModified\":\"2019-09-09T10:57:06+00:00\",\"author\":{\"@id\":\"https:\\\/\\\/hotnewsinworld.com\\\/hu\\\/#\\\/schema\\\/person\\\/fe61448b21c0d59086e75fcc1f9d8f6b\"},\"breadcrumb\":{\"@id\":\"https:\\\/\\\/hotnewsinworld.com\\\/hu\\\/nalunk-a-jovot-nemcsak-meg-tudjak-tervezni-hanem-meg-is-tudjak-valositani\\\/#breadcrumb\"},\"inLanguage\":\"hu\",\"potentialAction\":[{\"@type\":\"ReadAction\",\"target\":[\"https:\\\/\\\/hotnewsinworld.com\\\/hu\\\/nalunk-a-jovot-nemcsak-meg-tudjak-tervezni-hanem-meg-is-tudjak-valositani\\\/\"]}]},{\"@type\":\"ImageObject\",\"inLanguage\":\"hu\",\"@id\":\"https:\\\/\\\/hotnewsinworld.com\\\/hu\\\/nalunk-a-jovot-nemcsak-meg-tudjak-tervezni-hanem-meg-is-tudjak-valositani\\\/#primaryimage\",\"url\":\"https:\\\/\\\/hotnewsinworld.com\\\/hu\\\/wp-content\\\/uploads\\\/sites\\\/3\\\/2019\\\/09\\\/n\u00e1lunk-a-j\u00f6v\u0151t-nemcsak-meg-tudj\u00e1k-tervezni-hanem-meg-is.jpg\",\"contentUrl\":\"https:\\\/\\\/hotnewsinworld.com\\\/hu\\\/wp-content\\\/uploads\\\/sites\\\/3\\\/2019\\\/09\\\/n\u00e1lunk-a-j\u00f6v\u0151t-nemcsak-meg-tudj\u00e1k-tervezni-hanem-meg-is.jpg\",\"width\":2000,\"height\":1331,\"caption\":\"n\u00e1lunk a j\u00f6v\u0151t nemcsak meg tudj\u00e1k tervezni, hanem meg is tudj\u00e1k val\u00f3s\u00edtani-\"},{\"@type\":\"BreadcrumbList\",\"@id\":\"https:\\\/\\\/hotnewsinworld.com\\\/hu\\\/nalunk-a-jovot-nemcsak-meg-tudjak-tervezni-hanem-meg-is-tudjak-valositani\\\/#breadcrumb\",\"itemListElement\":[{\"@type\":\"ListItem\",\"position\":1,\"name\":\"\u0413\u043b\u0430\u0432\u043d\u0430\u044f \u0441\u0442\u0440\u0430\u043d\u0438\u0446\u0430\",\"item\":\"https:\\\/\\\/hotnewsinworld.com\\\/hu\\\/\"},{\"@type\":\"ListItem\",\"position\":2,\"name\":\"n\u00e1lunk a j\u00f6v\u0151t nemcsak meg tudj\u00e1k tervezni, hanem meg is tudj\u00e1k val\u00f3s\u00edtani-\"}]},{\"@type\":\"WebSite\",\"@id\":\"https:\\\/\\\/hotnewsinworld.com\\\/hu\\\/#website\",\"url\":\"https:\\\/\\\/hotnewsinworld.com\\\/hu\\\/\",\"name\":\"Hot News in World\",\"description\":\"Hot News in World from Hungary\",\"potentialAction\":[{\"@type\":\"SearchAction\",\"target\":{\"@type\":\"EntryPoint\",\"urlTemplate\":\"https:\\\/\\\/hotnewsinworld.com\\\/hu\\\/?s={search_term_string}\"},\"query-input\":{\"@type\":\"PropertyValueSpecification\",\"valueRequired\":true,\"valueName\":\"search_term_string\"}}],\"inLanguage\":\"hu\"},{\"@type\":\"Person\",\"@id\":\"https:\\\/\\\/hotnewsinworld.com\\\/hu\\\/#\\\/schema\\\/person\\\/fe61448b21c0d59086e75fcc1f9d8f6b\",\"name\":\"hotnewsinworld\",\"image\":{\"@type\":\"ImageObject\",\"inLanguage\":\"hu\",\"@id\":\"https:\\\/\\\/secure.gravatar.com\\\/avatar\\\/8a09ac165600ce2e1c38fe593c63928eb1e6e7ba5c5a907d67787c41b3d00c14?s=96&d=mm&r=g\",\"url\":\"https:\\\/\\\/secure.gravatar.com\\\/avatar\\\/8a09ac165600ce2e1c38fe593c63928eb1e6e7ba5c5a907d67787c41b3d00c14?s=96&d=mm&r=g\",\"contentUrl\":\"https:\\\/\\\/secure.gravatar.com\\\/avatar\\\/8a09ac165600ce2e1c38fe593c63928eb1e6e7ba5c5a907d67787c41b3d00c14?s=96&d=mm&r=g\",\"caption\":\"hotnewsinworld\"},\"url\":\"https:\\\/\\\/hotnewsinworld.com\\\/hu\\\/author\\\/pt\\\/\"}]}<\/script>\n<!-- \/ Yoast SEO plugin. -->","yoast_head_json":{"title":"n\u00e1lunk a j\u00f6v\u0151t nemcsak meg tudj\u00e1k tervezni, hanem meg is tudj\u00e1k val\u00f3s\u00edtani- Hot News in World","robots":{"index":"index","follow":"follow","max-snippet":"max-snippet:-1","max-image-preview":"max-image-preview:large","max-video-preview":"max-video-preview:-1"},"canonical":"https:\/\/hotnewsinworld.com\/hu\/nalunk-a-jovot-nemcsak-meg-tudjak-tervezni-hanem-meg-is-tudjak-valositani\/","og_locale":"hu_HU","og_type":"article","og_title":"n\u00e1lunk a j\u00f6v\u0151t nemcsak meg tudj\u00e1k tervezni, hanem meg is tudj\u00e1k val\u00f3s\u00edtani- Hot News in World","og_description":"Orb\u00e1n Viktor a K\u00f6tcs\u00e9n, z\u00e1rt k\u00f6rben elmondott besz\u00e9d\u00e9ben utalt arra, hogy az azonos nem\u0171 p\u00e1rok \u00f6r\u00f6kbefogad\u00e1s\u00e1t \u00e9s a drogfogyaszt\u00e1st illet\u0151en v\u00e1ltoztat\u00e1sokra k\u00e9sz\u00fcl \u2013 \u00edrja az Index. Az Orb\u00e1n-besz\u00e9d k\u00f6zpontj\u00e1ban a nemzet\u00e9p\u00edt\u00e9s strat\u00e9gi\u00e1ja \u00e1llt, ennek r\u00e9szek\u00e9nt besz\u00e9lt arr\u00f3l, hogy a magyar gazdas\u00e1g fejl\u0151d\u00e9s\u00e9t ki kell terjeszteni a teljes K\u00e1rp\u00e1t-medenc\u00e9re, \u00e9s a hat\u00e1ron t\u00fali magyarok helyzet\u00e9t is [&hellip;]","og_url":"https:\/\/hotnewsinworld.com\/hu\/nalunk-a-jovot-nemcsak-meg-tudjak-tervezni-hanem-meg-is-tudjak-valositani\/","og_site_name":"Hot News in World","article_published_time":"2019-09-09T10:57:05+00:00","article_modified_time":"2019-09-09T10:57:06+00:00","og_image":[{"width":2000,"height":1331,"url":"https:\/\/hotnewsinworld.com\/hu\/wp-content\/uploads\/sites\/3\/2019\/09\/n\u00e1lunk-a-j\u00f6v\u0151t-nemcsak-meg-tudj\u00e1k-tervezni-hanem-meg-is.jpg","type":"image\/jpeg"}],"author":"hotnewsinworld","twitter_card":"summary_large_image","twitter_misc":{"Szerz\u0151:":"hotnewsinworld","Becs\u00fclt olvas\u00e1si id\u0151":"2 perc"},"schema":{"@context":"https:\/\/schema.org","@graph":[{"@type":"Article","@id":"https:\/\/hotnewsinworld.com\/hu\/nalunk-a-jovot-nemcsak-meg-tudjak-tervezni-hanem-meg-is-tudjak-valositani\/#article","isPartOf":{"@id":"https:\/\/hotnewsinworld.com\/hu\/nalunk-a-jovot-nemcsak-meg-tudjak-tervezni-hanem-meg-is-tudjak-valositani\/"},"author":{"name":"hotnewsinworld","@id":"https:\/\/hotnewsinworld.com\/hu\/#\/schema\/person\/fe61448b21c0d59086e75fcc1f9d8f6b"},"headline":"n\u00e1lunk a j\u00f6v\u0151t nemcsak meg tudj\u00e1k tervezni, hanem meg is tudj\u00e1k val\u00f3s\u00edtani-","datePublished":"2019-09-09T10:57:05+00:00","dateModified":"2019-09-09T10:57:06+00:00","mainEntityOfPage":{"@id":"https:\/\/hotnewsinworld.com\/hu\/nalunk-a-jovot-nemcsak-meg-tudjak-tervezni-hanem-meg-is-tudjak-valositani\/"},"wordCount":401,"commentCount":0,"image":{"@id":"https:\/\/hotnewsinworld.com\/hu\/nalunk-a-jovot-nemcsak-meg-tudjak-tervezni-hanem-meg-is-tudjak-valositani\/#primaryimage"},"thumbnailUrl":"https:\/\/hotnewsinworld.com\/hu\/wp-content\/uploads\/sites\/3\/2019\/09\/n\u00e1lunk-a-j\u00f6v\u0151t-nemcsak-meg-tudj\u00e1k-tervezni-hanem-meg-is.jpg","articleSection":["LEG\u00daJABB P\u00c9NZ\u00dcGYI H\u00cdREK"],"inLanguage":"hu","potentialAction":[{"@type":"CommentAction","name":"Comment","target":["https:\/\/hotnewsinworld.com\/hu\/nalunk-a-jovot-nemcsak-meg-tudjak-tervezni-hanem-meg-is-tudjak-valositani\/#respond"]}]},{"@type":"WebPage","@id":"https:\/\/hotnewsinworld.com\/hu\/nalunk-a-jovot-nemcsak-meg-tudjak-tervezni-hanem-meg-is-tudjak-valositani\/","url":"https:\/\/hotnewsinworld.com\/hu\/nalunk-a-jovot-nemcsak-meg-tudjak-tervezni-hanem-meg-is-tudjak-valositani\/","name":"n\u00e1lunk a j\u00f6v\u0151t nemcsak meg tudj\u00e1k tervezni, hanem meg is tudj\u00e1k val\u00f3s\u00edtani- Hot News in World","isPartOf":{"@id":"https:\/\/hotnewsinworld.com\/hu\/#website"},"primaryImageOfPage":{"@id":"https:\/\/hotnewsinworld.com\/hu\/nalunk-a-jovot-nemcsak-meg-tudjak-tervezni-hanem-meg-is-tudjak-valositani\/#primaryimage"},"image":{"@id":"https:\/\/hotnewsinworld.com\/hu\/nalunk-a-jovot-nemcsak-meg-tudjak-tervezni-hanem-meg-is-tudjak-valositani\/#primaryimage"},"thumbnailUrl":"https:\/\/hotnewsinworld.com\/hu\/wp-content\/uploads\/sites\/3\/2019\/09\/n\u00e1lunk-a-j\u00f6v\u0151t-nemcsak-meg-tudj\u00e1k-tervezni-hanem-meg-is.jpg","datePublished":"2019-09-09T10:57:05+00:00","dateModified":"2019-09-09T10:57:06+00:00","author":{"@id":"https:\/\/hotnewsinworld.com\/hu\/#\/schema\/person\/fe61448b21c0d59086e75fcc1f9d8f6b"},"breadcrumb":{"@id":"https:\/\/hotnewsinworld.com\/hu\/nalunk-a-jovot-nemcsak-meg-tudjak-tervezni-hanem-meg-is-tudjak-valositani\/#breadcrumb"},"inLanguage":"hu","potentialAction":[{"@type":"ReadAction","target":["https:\/\/hotnewsinworld.com\/hu\/nalunk-a-jovot-nemcsak-meg-tudjak-tervezni-hanem-meg-is-tudjak-valositani\/"]}]},{"@type":"ImageObject","inLanguage":"hu","@id":"https:\/\/hotnewsinworld.com\/hu\/nalunk-a-jovot-nemcsak-meg-tudjak-tervezni-hanem-meg-is-tudjak-valositani\/#primaryimage","url":"https:\/\/hotnewsinworld.com\/hu\/wp-content\/uploads\/sites\/3\/2019\/09\/n\u00e1lunk-a-j\u00f6v\u0151t-nemcsak-meg-tudj\u00e1k-tervezni-hanem-meg-is.jpg","contentUrl":"https:\/\/hotnewsinworld.com\/hu\/wp-content\/uploads\/sites\/3\/2019\/09\/n\u00e1lunk-a-j\u00f6v\u0151t-nemcsak-meg-tudj\u00e1k-tervezni-hanem-meg-is.jpg","width":2000,"height":1331,"caption":"n\u00e1lunk a j\u00f6v\u0151t nemcsak meg tudj\u00e1k tervezni, hanem meg is tudj\u00e1k val\u00f3s\u00edtani-"},{"@type":"BreadcrumbList","@id":"https:\/\/hotnewsinworld.com\/hu\/nalunk-a-jovot-nemcsak-meg-tudjak-tervezni-hanem-meg-is-tudjak-valositani\/#breadcrumb","itemListElement":[{"@type":"ListItem","position":1,"name":"\u0413\u043b\u0430\u0432\u043d\u0430\u044f \u0441\u0442\u0440\u0430\u043d\u0438\u0446\u0430","item":"https:\/\/hotnewsinworld.com\/hu\/"},{"@type":"ListItem","position":2,"name":"n\u00e1lunk a j\u00f6v\u0151t nemcsak meg tudj\u00e1k tervezni, hanem meg is tudj\u00e1k val\u00f3s\u00edtani-"}]},{"@type":"WebSite","@id":"https:\/\/hotnewsinworld.com\/hu\/#website","url":"https:\/\/hotnewsinworld.com\/hu\/","name":"Hot News in World","description":"Hot News in World from Hungary","potentialAction":[{"@type":"SearchAction","target":{"@type":"EntryPoint","urlTemplate":"https:\/\/hotnewsinworld.com\/hu\/?s={search_term_string}"},"query-input":{"@type":"PropertyValueSpecification","valueRequired":true,"valueName":"search_term_string"}}],"inLanguage":"hu"},{"@type":"Person","@id":"https:\/\/hotnewsinworld.com\/hu\/#\/schema\/person\/fe61448b21c0d59086e75fcc1f9d8f6b","name":"hotnewsinworld","image":{"@type":"ImageObject","inLanguage":"hu","@id":"https:\/\/secure.gravatar.com\/avatar\/8a09ac165600ce2e1c38fe593c63928eb1e6e7ba5c5a907d67787c41b3d00c14?s=96&d=mm&r=g","url":"https:\/\/secure.gravatar.com\/avatar\/8a09ac165600ce2e1c38fe593c63928eb1e6e7ba5c5a907d67787c41b3d00c14?s=96&d=mm&r=g","contentUrl":"https:\/\/secure.gravatar.com\/avatar\/8a09ac165600ce2e1c38fe593c63928eb1e6e7ba5c5a907d67787c41b3d00c14?s=96&d=mm&r=g","caption":"hotnewsinworld"},"url":"https:\/\/hotnewsinworld.com\/hu\/author\/pt\/"}]}},"_links":{"self":[{"href":"https:\/\/hotnewsinworld.com\/hu\/wp-json\/wp\/v2\/posts\/1828","targetHints":{"allow":["GET"]}}],"collection":[{"href":"https:\/\/hotnewsinworld.com\/hu\/wp-json\/wp\/v2\/posts"}],"about":[{"href":"https:\/\/hotnewsinworld.com\/hu\/wp-json\/wp\/v2\/types\/post"}],"author":[{"embeddable":true,"href":"https:\/\/hotnewsinworld.com\/hu\/wp-json\/wp\/v2\/users\/2"}],"replies":[{"embeddable":true,"href":"https:\/\/hotnewsinworld.com\/hu\/wp-json\/wp\/v2\/comments?post=1828"}],"version-history":[{"count":1,"href":"https:\/\/hotnewsinworld.com\/hu\/wp-json\/wp\/v2\/posts\/1828\/revisions"}],"predecessor-version":[{"id":1830,"href":"https:\/\/hotnewsinworld.com\/hu\/wp-json\/wp\/v2\/posts\/1828\/revisions\/1830"}],"wp:featuredmedia":[{"embeddable":true,"href":"https:\/\/hotnewsinworld.com\/hu\/wp-json\/wp\/v2\/media\/1829"}],"wp:attachment":[{"href":"https:\/\/hotnewsinworld.com\/hu\/wp-json\/wp\/v2\/media?parent=1828"}],"wp:term":[{"taxonomy":"category","embeddable":true,"href":"https:\/\/hotnewsinworld.com\/hu\/wp-json\/wp\/v2\/categories?post=1828"},{"taxonomy":"post_tag","embeddable":true,"href":"https:\/\/hotnewsinworld.com\/hu\/wp-json\/wp\/v2\/tags?post=1828"}],"curies":[{"name":"wp","href":"https:\/\/api.w.org\/{rel}","templated":true}]}}