{"id":1831,"date":"2019-09-09T16:18:45","date_gmt":"2019-09-09T13:18:45","guid":{"rendered":"https:\/\/hotnewsinworld.com\/hu\/milliardos-kar-a-mikroelektronikai-vallalatnal\/"},"modified":"2019-09-09T16:18:45","modified_gmt":"2019-09-09T13:18:45","slug":"milliardos-kar-a-mikroelektronikai-vallalatnal","status":"publish","type":"post","link":"https:\/\/hotnewsinworld.com\/hu\/milliardos-kar-a-mikroelektronikai-vallalatnal\/","title":{"rendered":"Milli\u00e1rdos k\u00e1r a Mikroelektronikai V\u00e1llalatn\u00e1l"},"content":{"rendered":"<div>\n<p><strong>A Mikroelektronikai V\u00e1llalat (Budapest IV. ker\u00fclet, F\u00f3ti \u00fat 56.)  \u201cT\u201d jelz\u00e9s\u0171 csarnok\u00e1ban \u2013 ahol speci\u00e1lis h\u00edrad\u00e1stechnik\u00e1hoz \u00e9s mikroprocesszoros berendez\u00e9sekhez alap-, f\u00e9lk\u00e9sz \u00e9s k\u00e9szterm\u00e9kek gy\u00e1rt\u00e1sa folyt patikatisztas\u00e1g\u00fa k\u00f6r\u00fclm\u00e9nyek k\u00f6z\u00f6tt \u2013 t\u0171z \u00fct\u00f6tt ki 1986. m\u00e1jus 26-\u00e1n, amely a becsl\u00e9sek szerint 1 milli\u00e1rd forint k\u00f6zvetlen k\u00e1rt okozott. K\u00f6zvetetten azonban \u00e9rt\u00e9kelni kell azt is, hogy olyan technol\u00f3gia v\u00e1lt a t\u0171z martal\u00e9k\u00e1v\u00e1 \u2013 a csarnokban k\u00e9t chipgy\u00e1rt\u00f3sor m\u0171k\u00f6d\u00f6tt \u2013 amely m\u00e1r-m\u00e1r karny\u00fajt\u00e1snyi k\u00f6zels\u00e9gbe hozhatta volna egy, a fejl\u0151d\u00e9s szempontj\u00e1b\u00f3l fontos ipar\u00e1g vil\u00e1gsz\u00ednvonalhoz val\u00f3 felz\u00e1rk\u00f3z\u00e1s\u00e1nak lehet\u0151s\u00e9g\u00e9t.<\/strong><\/p>\n<p>Azon a napon 6 \u00f3ra 4 perckor Moln\u00e1r J\u00f3zsefn\u00e9, a Mikroelektronikai V\u00e1llalat port\u00e1sa k\u00f6zvetlen t\u0171zjelz\u0151 telefonon jelezte a f\u0151v\u00e1rosi IV-XV. ker\u00fcleti t\u0171zolt\u00f3-parancsnoks\u00e1g h\u00edrk\u00f6zpontj\u00e1ba a t\u00fczet. A t\u0171zjelz\u00e9s alapja a gyenge\u00e1ram\u00fa t\u0171zjelz\u0151 jelz\u00e9se volt. A t\u0171zjelz\u00e9sre az I-es kiemelt riaszt\u00e1si sz\u00e1mnak\u00a0 megfelel\u0151en egy T\u0170-1-es, egy IFA \u00e9s egy porral olt\u00f3 g\u00e9pj\u00e1rm\u0171 indult \u00fatnak, \u00f6sszesen 13 f\u0151vel. A h\u00edrad\u00f3\u00fcgyeletes ezzel egy id\u0151ben jelentette a t\u0171zjelz\u00e9st \u00e9s a riaszt\u00e1s v\u00e9grehajt\u00e1s\u00e1t a F\u0151v\u00e1rosi T\u0171zolt\u00f3-parancsnoks\u00e1g (FTP) h\u00edrk\u00f6zpontj\u00e1nak.<\/p>\n<div class=\"wp-block-image\">\n<figure class=\"alignright\"><\/figure>\n<\/div>\n<p>Az els\u0151nek riasztott szerek 6 \u00f3ra 10 perckor \u00e9rkezetek a helysz\u00ednre. Csap\u00f3 L\u00e1szl\u00f3 f\u0151t\u00f6rzs\u0151rmester, szolg\u00e1latparancsnok r\u00e1di\u00f3n jelentette, hogy az egyszintes \u00e9p\u00fclet f\u00f6l\u00f6tt s\u0171r\u0171 f\u00fcst gomolyog, egyben seg\u00edts\u00e9get k\u00e9rt. A seg\u00edts\u00e9gk\u00e9r\u00e9s indokolt volt, hiszen a ki\u00e9rkez\u0151 rajok meglehet\u0151sen kiterjedt t\u0171zzel tal\u00e1lt\u00e1k szembe magukat, pedig alig hat perc telt el a t\u0171zjelz\u00e9s \u00e9s a ki\u00e9rkez\u00e9s k\u00f6z\u00f6tt. Az FTP h\u00edrk\u00f6zpontja a riaszt\u00e1si sz\u00e1mot emelte \u00e9s \u00fajabb 4 szert, valamint a budai T\u0171zolt\u00e1si Csoportot riasztotta a helysz\u00ednre 6 \u00f3ra 12 perckor. Nagyj\u00e1b\u00f3l ezekben a percekben hajtotta v\u00e9gre Csap\u00f3 L\u00e1szl\u00f3, az els\u0151 t\u0171zolt\u00e1svezet\u0151 a felder\u00edt\u00e9st, amelynek v\u00e9gezt\u00e9vel \u00fagy hat\u00e1rozott, hogy a riaszt\u00e1si sz\u00e1mot II-re emeli. De nem telt bele 4 perc, a riaszt\u00e1si sz\u00e1m III-ra, \u00fajabb 4 perc m\u00falva, teh\u00e1t 6 \u00f3ra 23 perckor pedig V-re emelkedett.<\/p>\n<p>A kivonult t\u0171zolt\u00f3rajok az eg\u00e9sz \u201cT\u201d csarnokra, azaz az ott elhelyezett technol\u00f3giai sorok eg\u00e9sz\u00e9re kiterjedt t\u00fczet tal\u00e1ltak. 6 \u00f3ra 23 perckor \u00e9rkezett a helysz\u00ednre a budai T\u0171zolt\u00e1si Csoport Csicsmann Gyula f\u0151hadnagy vezet\u00e9s\u00e9vel. Ekkor 2 C sug\u00e1rral dolgoztak a\u00a0 rajok, s tov\u00e1bbi sugarak szerel\u00e9se folyamatban volt. A k\u00f6z\u00f6s felder\u00edt\u00e9st k\u00f6vet\u0151en Csicsmann f\u0151hadnagy \u00e1tvette a t\u0171zolt\u00e1s vezet\u00e9s\u00e9t.<\/p>\n<p>Az olt\u00e1st nehez\u00edtette a m\u00e9rgez\u0151 g\u00e1zok \u00e9s mar\u00f3 anyagok, valamint a t\u0171z- \u00e9s robban\u00e1svesz\u00e9lyes, valamint a h\u0151 hat\u00e1s\u00e1ra felszabadul\u00f3 m\u00e9rgez\u0151 g\u00e1zok (xilol, ci\u00e1n, arz\u00e9n) nagy mennyis\u00e9g\u0171 jelenl\u00e9te: nemk\u00fcl\u00f6nben az \u00e9p\u00fclet saj\u00e1tos szerkezete. A gy\u00e1rt\u00e1stechnol\u00f3gia igen nagy tisztas\u00e1got k\u00f6vetelt meg. \u00cdgy p\u00e9ld\u00e1ul m\u00edg egy norm\u00e1l szobai l\u00e9gt\u00e9rben 80-100 ezer porszem fordul el\u0151 a leveg\u0151 k\u00f6bm\u00e9ter\u00e9ben, addig az IC elemgy\u00e1rt\u00e1s k\u00f6rnyezet\u00e9ben legfeljebb 15 porszem fordulhatott el\u0151 a leveg\u0151 minden k\u00f6bm\u00e9ter\u00e9ben. Ez a k\u00f6vetelm\u00e9ny csak az \u00fagynevezett tisztaszobarendszerrel vagy h\u00e1z a h\u00e1zban rendszerrel volt megval\u00f3s\u00edthat\u00f3.<\/p>\n<p>A \u201cT\u201d csarnok egy 2405 n\u00e9gyzetm\u00e9ter alapter\u00fclet\u0171, emeletf\u00f6ldszintes, ac\u00e9lszerkezet v\u00e1zas, lapos tet\u0151s\u00a0 \u00fczemcsarnok volt nagy fel\u00fclet\u0171 \u00fcvegburkolatokkal \u00e9s v\u00e1laszfalakkal. Ezek h\u0151 hat\u00e1s\u00e1ra t\u00f6rt\u00e9n\u0151 rong\u00e1l\u00f3d\u00e1sa, leszakad\u00e1sa tov\u00e1bb nehez\u00edtette az olt\u00e1st, de megnehez\u00edtette a sugarakkal az \u00e9p\u00fclet belsej\u00e9be val\u00f3 behatol\u00e1st is. A t\u0171zolt\u00e1s teljes id\u0151tartama alatt fenn\u00e1llt a robban\u00e1svesz\u00e9ly. K\u00e9t esetben nagyobb, hat esetben kisebb deton\u00e1ci\u00f3j\u00fa robban\u00e1s be is k\u00f6vetkezett. A l\u00e9gz\u0151k\u00e9sz\u00fcl\u00e9keket nem volt tan\u00e1csos egy percre sem mell\u0151zni.<\/p>\n<p>Az \u00faj t\u0171zolt\u00e1svezet\u0151 a felder\u00edt\u00e9st k\u00f6vet\u0151en,\u00a0 6 \u00f3ra 28 perckor a helysz\u00ednre rendelte a Simon emel\u0151kosaras j\u00e1rm\u0171vet. Ez az int\u00e9zked\u00e9s k\u00e9s\u0151bb igen hasznosnak bizonyult. A legintenz\u00edvebb f\u00fcstk\u00e9pz\u0151d\u00e9s az \u00e9p\u00fcletegy\u00fcttes Baross utcai oldala fel\u0151l volt tapasztalhat\u00f3, az itt lev\u0151 h\u00e1rom lez\u00e1rt (\u00e9s a gy\u00e1ri dolgoz\u00f3k \u00e1ltal kinyitni nem tudott) vasajt\u00f3t a t\u0171zolt\u00e1svezet\u0151 felfesz\u00edtette. Az els\u0151 ajt\u00f3 kinyit\u00e1sakor meg\u00e1llap\u00edtotta, hogy az \u00e9p\u00fclet mennyezet\u00e9n elhelyezett k\u00f6zm\u0171vezet\u00e9kek \u00e9s az \u00e1lmennyezet a csarnok teljes, mintegy 50 m\u00e9ter hossz\u00fas\u00e1g\u00e1ban \u00e9g. A tov\u00e1bbi felder\u00edt\u00e9s sor\u00e1n egy 3\u00d73 m\u00e9teres helyis\u00e9gben t\u00f6bb g\u00e1zpalackot tal\u00e1lt, amelyek ki voltak t\u00e9ve a h\u0151sug\u00e1rz\u00e1snak. A felfesz\u00edtett 3 vasajt\u00f3 el\u00e9 egy-egy oszt\u00f3t, arr\u00f3l k\u00e9t-k\u00e9t sugarat szereltetve megkezd\u0151d\u00f6tt a palackok h\u0171t\u00e9se, kiment\u00e9se \u00e9s a t\u0171z bels\u0151 oldalon t\u00f6rt\u00e9n\u0151 t\u00e1mad\u00e1sa.<\/p>\n<p>6 \u00f3ra 37 perckor a t\u0171zolt\u00e1s 5 C-sug\u00e1rral \u00e9s egy v\u00edz\u00e1gy\u00faval folyt, mely ut\u00f3bbi feladata a tet\u0151zet v\u00e9delme, illetve sz\u00fcks\u00e9g szerint az \u00e9p\u00fclet fels\u0151 ablakain \u00e1t bedolgozva a sugarak t\u00e1mogat\u00e1sa volt. Nagyj\u00e1b\u00f3l ekkor k\u00f6z\u00f6lte a gy\u00e1ri vezet\u0151k egyike, hogy a bent t\u00e1rolt vegyi anyagok egy csoportja a leveg\u0151vel \u00e9rintkezve m\u00e9rges g\u00e1zokk\u00e1 alakul. Csicsmann f\u0151hadnagy 6 \u00f3ra 45 perckor jelentette, hogy az \u00e9p\u00fcletben robban\u00e1s t\u00f6rt\u00e9nt, amely a tet\u0151szerkezetet megemelte.<\/p>\n<p>A kialakult helyzet indokoltt\u00e1 tette a vezet\u00e9si t\u00f6rzs megszervez\u00e9s\u00e9t. A t\u0171zolt\u00e1svezet\u0151 a t\u0171zolt\u00e1svezet\u0151-helyettes feladat\u00e1ul az \u00e9p\u00fclet Baross utca fel\u0151li oldal\u00e1nak olt\u00e1s\u00e1t jel\u00f6lte ki. A t\u0171z ekkor t\u00f6rt ki az emeletf\u00f6ldszintes csarnok tetej\u00e9n, vesz\u00e9lyeztetve a F\u00f3ti \u00fat fel\u00f6li oldal\u00e1n a vele egybe\u00e9p\u00edtett hatszintes \u00e9p\u00fcletet is. A t\u0171zolt\u00e1svezet\u0151 \u00fajabb v\u00edz\u00e1gy\u00fa szerel\u00e9s\u00e9re int\u00e9zkedett, amelynek feladata a hatszintes t\u00e9gla\u00e9p\u00fclet\u00a0 homlokzat\u00e1nak v\u00e9delme, a t\u0171z tovaterjed\u00e9s\u00e9nek megakad\u00e1lyoz\u00e1sa volt. K\u00e9s\u0151bb a hatszintes \u00e9p\u00fclet II. emelet\u00e9re \u2013 nagyj\u00e1b\u00f3l az \u00e9g\u0151 \u201cT\u201d jel\u0171 csarnok tet\u0151zet\u00e9vel egy magass\u00e1g\u00e1ban \u2013 is 2 C-sugarat szereltetett a t\u0171z \u00e1tterjed\u00e9s\u00e9t megakad\u00e1lyozand\u00f3.<\/p>\n<p>A 8 \u00f3ra 17 perkcor adott visszajelz\u00e9s m\u00e1r a k\u00f6vetkez\u0151kr\u0151l adhatott sz\u00e1mot: \u201cA hatszintes \u00e9p\u00fcletre a t\u0171z \u00e1tterjed\u00e9s\u00e9t megakad\u00e1lyozt\u00e1k, a Reviczky utca fel\u0151l a kritikus helyzet megsz\u0171nt. A vegyszerek kihord\u00e1sa folyamatban. A t\u0171z k\u00f6r\u00fclhat\u00e1rol\u00e1sa megt\u00f6rt\u00e9nt, a f\u00fcst intenzit\u00e1sa cs\u00f6kkent.\u201d<\/p>\n<p>A kedvez\u0151 jelent\u00e9s m\u00f6g\u00f6tt azonban ott \u00e1llt az is, hogy ekkor m\u00e1r t\u00f6bb s\u00e9r\u00fcltje \u2013 els\u0151sorban t\u0171zolt\u00f3k \u2013 volt a beavatkoz\u00e1snak, hogy sz\u00fcks\u00e9gess\u00e9 v\u00e1lt a l\u00e9gz\u0151k\u00e9sz\u00fcl\u00e9kek\u00a0 \u00e9s a habk\u00e9pz\u0151 anyagok p\u00f3tl\u00e1sa, hogy akkor m\u00e1r t\u00f6bb \u00f3r\u00e1ja folyt\u00a0 a megfesz\u00edtett k\u00fczdelem, hogy egyszerre 22 habos\u00edtott C-sug\u00e1r, h\u00e1rom v\u00edz\u00e1gy\u00fa \u00e9s egy Simon-habsug\u00e1r is dolgozott.<\/p>\n<p>A k\u00f6r\u00fclhat\u00e1rol\u00e1s ellen\u00e9re a t\u0171z m\u00e9g tartogatott meglepet\u00e9seket. Az \u00e9p\u00fclet Reviczky utcai bej\u00e1rat\u00e1n\u00e1l lev\u0151 vegyszerrakt\u00e1rn\u00e1l leszakadt az \u00e1lmennyezet, s az ott tart\u00f3zkod\u00f3 Csicsmann Gyula f\u0151hadnagy, t\u0171zolt\u00e1svezet\u0151 megs\u00e9r\u00fclt. K\u00e9t perccel k\u00e9s\u0151bb Jambrik Rudolf\u00a0 alhadnagy, t\u0171zolt\u00e1svezet\u0151-helyettes m\u00e9rgez\u00e9si t\u00fcnetekkel rosszul lett. Els\u0151seg\u00e9lyny\u00fajt\u00e1s ut\u00e1n a ment\u0151k mindkett\u0151j\u00fcket k\u00f3rh\u00e1zba sz\u00e1ll\u00edtott\u00e1k. A t\u0171zolt\u00e1s vezet\u00e9s\u00e9t ekkor Bartha Iv\u00e1n alezredes, a F\u0151v\u00e1rosi T\u0171zolt\u00f3-parancsnoks\u00e1g t\u0171zolt\u00e1si \u00e9s szolg\u00e1lati oszt\u00e1lyvezet\u0151je vette \u00e1t, aki a t\u0171zolt\u00e1svezet\u0151-helyettesi teend\u0151kkel Szijgy\u00e1rt\u00f3 Mih\u00e1ly hadnagyot, a FTP t\u0171zolt\u00e1si aloszt\u00e1lyvezet\u0151j\u00e9t b\u00edzta meg. Az egy\u00fcttesen v\u00e9gzett felder\u00edt\u00e9st k\u00f6vet\u0151en a t\u00e1mad\u00e1sban lev\u0151 C-sugarat \u00e9s v\u00edz\u00e1gy\u00fasugarakat eredeti fel\u00e1ll\u00edt\u00e1si hely\u00fck\u00f6n hagyta.<\/p>\n<p>A t\u0171z olt\u00e1sa ebben az id\u0151szakban felgyorsult. 9 \u00f3ra 32 perckor Bartha alezredes m\u00e1r azt \u00e1llap\u00edtotta meg, hogy a t\u0171z lefeket\u00edt\u00e9se megt\u00f6rt\u00e9nt. Alig f\u00e9l \u00f3ra m\u00falt\u00e1n pedig, 10 \u00f3ra 9 perckor az ut\u00f3bbi id\u0151k legnagyobb k\u00e1rral j\u00e1r\u00f3 t\u00fcz\u00e9nek olt\u00e1sa befejez\u0151d\u00f6tt: \u201cA t\u0171z v\u00e9glegesen eloltva. A helysz\u00ednen 8 C sug\u00e1r \u00e9s 1 Simon v\u00e9delme mellett ut\u00f3munk\u00e1latok folynak. A ment\u0151k meg\u00e1llap\u00edt\u00e1sa szerint 9 t\u0171zolt\u00f3 \u00e9s 3 polg\u00e1ri szem\u00e9ly megs\u00e9r\u00fclt.\u201d (A v\u00e9gs\u0151 m\u00e9rleg\u00a0 szerint 10 t\u0171zolt\u00f3 \u00e9s 4 \u00fczemi dolgoz\u00f3 s\u00e9r\u00fclt meg.)<\/p>\n<p>143 t\u0171zolt\u00f3, 15\u00a0 g\u00e9pj\u00e1rm\u0171fecskend\u0151 \u00e9s 16 k\u00fcl\u00f6nleges szer csaknem n\u00e9gy\u00f3r\u00e1s megfesz\u00edtett munk\u00e1ja eredm\u00e9nyek\u00e9pp eloszlott a s\u0171r\u0171n gomolyg\u00f3 f\u00fcst a Mikroelektronikai V\u00e1llalat \u201cT\u201d jel\u0171 \u00fczemcsarnoka f\u00f6l\u00fcl.<\/p>\n<p>A f\u0151v\u00e1ros utc\u00e1in\u00a0 \u2013\u00a0 mint ker\u00e9kagy fel\u00e9 a k\u00fcll\u0151k \u2013 szir\u00e9n\u00e1zva robogtak a k\u00fcl\u00f6nf\u00e9le t\u0171zolt\u00f3g\u00e9pj\u00e1rm\u0171vek az \u00fajpesti gy\u00e1r fel\u00e9. A legmagasabb riaszt\u00e1si sz\u00e1m elrendel\u00e9s\u00e9t a nagy f\u00fcst \u00e9s a nagy h\u0151, valamint az indokolta, hogy a MEV \u201cT\u201d jel\u0171 csarnok\u00e1ban sok volt az akkor m\u00e9g nem teljes k\u00f6r\u0171en ismert tartalm\u00fa g\u00e1zpalack. \u00cdgy ut\u00f3lag \u00fagy tetszik, j\u00f3 n\u00e9h\u00e1ny vonatkoz\u00e1sban meglehet\u0151en titokzatos gy\u00e1r volt a Mikroelektronikai V\u00e1llalat.<\/p>\n<p><strong>Technol\u00f3giai h\u00e1tt\u00e9r<\/strong><\/p>\n<p>Az \u00c1llami Tervbizotts\u00e1g k\u00f6zponti fejleszt\u00e9si program ind\u00edt\u00e1s\u00e1r\u00f3l d\u00f6nt\u00f6tt 1980 okt\u00f3ber\u00e9ben a mikroelektronikai alkatr\u00e9szek gy\u00e1rt\u00e1sa ter\u00fclet\u00e9n. N\u00e9gy h\u00f3nappal ezut\u00e1n a COCOM-bizotts\u00e1g megakad\u00e1lyozta annak lehet\u0151s\u00e9g\u00e9t, hogy a chipgy\u00e1rt\u00e1sban j\u00e1rtas v\u00e1llalatok technol\u00f3gi\u00e1j\u00e1t adjanak el Magyarorsz\u00e1gnak.\u00a0 Ennek ellen\u00e9re a Minisztertan\u00e1cs z\u00f6ld utat, egyben mintegy k\u00e9tmilli\u00e1rd forintot biztos\u00edtott a Mikroelektronikai V\u00e1llalat l\u00e9trehoz\u00e1s\u00e1ra 1981 v\u00e9g\u00e9n. 1984 \u00e1prilis\u00e1ban \u00e1tadt\u00e1k az els\u0151, \u00fagynevezett CMOS technol\u00f3gi\u00e1val m\u0171k\u00f6d\u0151 gy\u00e1rt\u00f3sort, majd 1985 november\u00e9ben a m\u00e1sik, a bipol\u00e1ris gy\u00e1rt\u00f3sort is. Persze m\u00e9g nem a termel\u00e9snek, hanem csak pr\u00f3ba\u00fczemel\u00e9sre. Az els\u0151 fok\u00fa t\u0171zv\u00e9delmi hat\u00f3s\u00e1gn\u00e1l nyitott MEV-dosszi\u00e9ban haszn\u00e1latbav\u00e9teli elj\u00e1r\u00e1sr\u00f3l tan\u00faskod\u00f3 jegyz\u0151k\u00f6nyv nincs. A l\u00e9tes\u00edtm\u00e9ny haszn\u00e1latba v\u00e9tel\u00e9t a F\u0151v\u00e1rosi IV. ker\u00fcleti Tan\u00e1cs V.B. m\u0171szaki oszt\u00e1lya \u00e1ltal kiadott ideiglenes enged\u00e9ly biztos\u00edtotta.<\/p>\n<p>A gy\u00e1rban sz\u00fcks\u00e9gk\u00e9ppen uralkod\u00f3 hallatlanul nagy tisztas\u00e1g, az 1100\u00b0C k\u00f6r\u00fcli technol\u00f3giai h\u0151m\u00e9rs\u00e9klet z\u00e1rt t\u00e9rben (cs\u0151kemenc\u00e9kben) val\u00f3 el\u0151fordul\u00e1sa a t\u0171zv\u00e9delem szempontj\u00e1b\u00f3l megnyugtat\u00f3nak t\u00fcntette fel a v\u00e1llalatot. Val\u00f3j\u00e1ban a gy\u00e1rt\u00e1stechnol\u00f3gia vesz\u00e9lyesnek tekinthet\u0151. Az els\u0151, majd a technol\u00f3gia sor\u00e1n t\u00f6bbsz\u00f6r ism\u00e9tl\u0151d\u0151 m\u0171velet, a pol\u00edrozott szil\u00edciumszeletek vegyszeres tiszt\u00edt\u00e1sa k\u00e9nsavval, sal\u00e9tromsavval amm\u00f3nium-hidroxiddal, s\u00f3savval t\u00f6rt\u00e9nik. Az izz\u00edt\u00e1s sor\u00e1n a nitrog\u00e9nen \u00e9s oxig\u00e9nen t\u00fal szil\u00e1n, foszfin, dikl\u00f3rszil\u00e1n \u00e9s amm\u00f3niag\u00e1zok is el\u0151fordulnak. A szil\u00edciumb\u00f3l k\u00e9sz\u00fcl\u0151 gy\u00e1rtm\u00e1nyt fotolitogr\u00e1fiai m\u0171velet beiktat\u00e1s\u00e1val alak\u00edtj\u00e1k ki. Enn\u00e9l a m\u0171veletn\u00e9l k\u00fcl\u00f6nf\u00e9le szerves anyagok, xilol, trikl\u00f3retil\u00e9n, kloroform fordul el\u0151, amit fotoreziszt anyagokk\u00e9nt alkalmaznak.<\/p>\n<p><em>(K\u00e9sz\u00fclt Juh\u00e1sz B\u00e9la\u00a0T\u0171zv\u00e9delem 1986. augusztusi sz\u00e1m\u00e1ban megjelent cikke alapj\u00e1n)<\/em><\/p>\n<\/div>\n<p>\n<!--noindex--><br \/>\n<a href=\"https:\/\/hirek.oldal.info\/rssclick\/14382363\" rel=\"nofollow\">Source link <\/a><br \/>\n<!--\/noindex--><\/p>\n","protected":false},"excerpt":{"rendered":"<p>A Mikroelektronikai V\u00e1llalat (Budapest IV. ker\u00fclet, F\u00f3ti \u00fat 56.) \u201cT\u201d jelz\u00e9s\u0171 csarnok\u00e1ban \u2013 ahol speci\u00e1lis h\u00edrad\u00e1stechnik\u00e1hoz \u00e9s mikroprocesszoros berendez\u00e9sekhez alap-, f\u00e9lk\u00e9sz \u00e9s k\u00e9szterm\u00e9kek gy\u00e1rt\u00e1sa folyt patikatisztas\u00e1g\u00fa k\u00f6r\u00fclm\u00e9nyek k\u00f6z\u00f6tt \u2013 t\u0171z \u00fct\u00f6tt ki 1986. m\u00e1jus 26-\u00e1n, amely a becsl\u00e9sek szerint 1 milli\u00e1rd forint k\u00f6zvetlen k\u00e1rt okozott. K\u00f6zvetetten azonban \u00e9rt\u00e9kelni kell azt is, hogy olyan technol\u00f3gia v\u00e1lt [&hellip;]<\/p>\n","protected":false},"author":2,"featured_media":1832,"comment_status":"open","ping_status":"open","sticky":false,"template":"","format":"standard","meta":{"footnotes":""},"categories":[1],"tags":[],"class_list":["post-1831","post","type-post","status-publish","format-standard","has-post-thumbnail","hentry","category-legujabb-penzugyi-hirek"],"yoast_head":"<!-- This site is optimized with the Yoast SEO plugin v27.4 - https:\/\/yoast.com\/product\/yoast-seo-wordpress\/ -->\n<title>Milli\u00e1rdos k\u00e1r a Mikroelektronikai V\u00e1llalatn\u00e1l - Hot News in World<\/title>\n<meta name=\"robots\" content=\"index, follow, max-snippet:-1, max-image-preview:large, max-video-preview:-1\" \/>\n<link rel=\"canonical\" href=\"https:\/\/hotnewsinworld.com\/hu\/milliardos-kar-a-mikroelektronikai-vallalatnal\/\" \/>\n<meta property=\"og:locale\" content=\"hu_HU\" \/>\n<meta property=\"og:type\" content=\"article\" \/>\n<meta property=\"og:title\" content=\"Milli\u00e1rdos k\u00e1r a Mikroelektronikai V\u00e1llalatn\u00e1l - Hot News in World\" \/>\n<meta property=\"og:description\" content=\"A Mikroelektronikai V\u00e1llalat (Budapest IV. ker\u00fclet, F\u00f3ti \u00fat 56.) \u201cT\u201d jelz\u00e9s\u0171 csarnok\u00e1ban \u2013 ahol speci\u00e1lis h\u00edrad\u00e1stechnik\u00e1hoz \u00e9s mikroprocesszoros berendez\u00e9sekhez alap-, f\u00e9lk\u00e9sz \u00e9s k\u00e9szterm\u00e9kek gy\u00e1rt\u00e1sa folyt patikatisztas\u00e1g\u00fa k\u00f6r\u00fclm\u00e9nyek k\u00f6z\u00f6tt \u2013 t\u0171z \u00fct\u00f6tt ki 1986. m\u00e1jus 26-\u00e1n, amely a becsl\u00e9sek szerint 1 milli\u00e1rd forint k\u00f6zvetlen k\u00e1rt okozott. K\u00f6zvetetten azonban \u00e9rt\u00e9kelni kell azt is, hogy olyan technol\u00f3gia v\u00e1lt [&hellip;]\" \/>\n<meta property=\"og:url\" content=\"https:\/\/hotnewsinworld.com\/hu\/milliardos-kar-a-mikroelektronikai-vallalatnal\/\" \/>\n<meta property=\"og:site_name\" content=\"Hot News in World\" \/>\n<meta property=\"article:published_time\" content=\"2019-09-09T13:18:45+00:00\" \/>\n<meta property=\"og:image\" content=\"https:\/\/hotnewsinworld.com\/hu\/wp-content\/uploads\/sites\/3\/2019\/09\/Milli\u00e1rdos-k\u00e1r-a-Mikroelektronikai-V\u00e1llalatn\u00e1l.jpg\" \/>\n\t<meta property=\"og:image:width\" content=\"225\" \/>\n\t<meta property=\"og:image:height\" content=\"169\" \/>\n\t<meta property=\"og:image:type\" content=\"image\/jpeg\" \/>\n<meta name=\"author\" content=\"hotnewsinworld\" \/>\n<meta name=\"twitter:card\" content=\"summary_large_image\" \/>\n<meta name=\"twitter:label1\" content=\"Szerz\u0151:\" \/>\n\t<meta name=\"twitter:data1\" content=\"hotnewsinworld\" \/>\n\t<meta name=\"twitter:label2\" content=\"Becs\u00fclt olvas\u00e1si id\u0151\" \/>\n\t<meta name=\"twitter:data2\" content=\"11 perc\" \/>\n<script type=\"application\/ld+json\" class=\"yoast-schema-graph\">{\"@context\":\"https:\\\/\\\/schema.org\",\"@graph\":[{\"@type\":\"Article\",\"@id\":\"https:\\\/\\\/hotnewsinworld.com\\\/hu\\\/milliardos-kar-a-mikroelektronikai-vallalatnal\\\/#article\",\"isPartOf\":{\"@id\":\"https:\\\/\\\/hotnewsinworld.com\\\/hu\\\/milliardos-kar-a-mikroelektronikai-vallalatnal\\\/\"},\"author\":{\"name\":\"hotnewsinworld\",\"@id\":\"https:\\\/\\\/hotnewsinworld.com\\\/hu\\\/#\\\/schema\\\/person\\\/fe61448b21c0d59086e75fcc1f9d8f6b\"},\"headline\":\"Milli\u00e1rdos k\u00e1r a Mikroelektronikai V\u00e1llalatn\u00e1l\",\"datePublished\":\"2019-09-09T13:18:45+00:00\",\"mainEntityOfPage\":{\"@id\":\"https:\\\/\\\/hotnewsinworld.com\\\/hu\\\/milliardos-kar-a-mikroelektronikai-vallalatnal\\\/\"},\"wordCount\":2114,\"commentCount\":0,\"image\":{\"@id\":\"https:\\\/\\\/hotnewsinworld.com\\\/hu\\\/milliardos-kar-a-mikroelektronikai-vallalatnal\\\/#primaryimage\"},\"thumbnailUrl\":\"https:\\\/\\\/hotnewsinworld.com\\\/hu\\\/wp-content\\\/uploads\\\/sites\\\/3\\\/2019\\\/09\\\/Milli\u00e1rdos-k\u00e1r-a-Mikroelektronikai-V\u00e1llalatn\u00e1l.jpg\",\"articleSection\":[\"LEG\u00daJABB P\u00c9NZ\u00dcGYI H\u00cdREK\"],\"inLanguage\":\"hu\",\"potentialAction\":[{\"@type\":\"CommentAction\",\"name\":\"Comment\",\"target\":[\"https:\\\/\\\/hotnewsinworld.com\\\/hu\\\/milliardos-kar-a-mikroelektronikai-vallalatnal\\\/#respond\"]}]},{\"@type\":\"WebPage\",\"@id\":\"https:\\\/\\\/hotnewsinworld.com\\\/hu\\\/milliardos-kar-a-mikroelektronikai-vallalatnal\\\/\",\"url\":\"https:\\\/\\\/hotnewsinworld.com\\\/hu\\\/milliardos-kar-a-mikroelektronikai-vallalatnal\\\/\",\"name\":\"Milli\u00e1rdos k\u00e1r a Mikroelektronikai V\u00e1llalatn\u00e1l - Hot News in World\",\"isPartOf\":{\"@id\":\"https:\\\/\\\/hotnewsinworld.com\\\/hu\\\/#website\"},\"primaryImageOfPage\":{\"@id\":\"https:\\\/\\\/hotnewsinworld.com\\\/hu\\\/milliardos-kar-a-mikroelektronikai-vallalatnal\\\/#primaryimage\"},\"image\":{\"@id\":\"https:\\\/\\\/hotnewsinworld.com\\\/hu\\\/milliardos-kar-a-mikroelektronikai-vallalatnal\\\/#primaryimage\"},\"thumbnailUrl\":\"https:\\\/\\\/hotnewsinworld.com\\\/hu\\\/wp-content\\\/uploads\\\/sites\\\/3\\\/2019\\\/09\\\/Milli\u00e1rdos-k\u00e1r-a-Mikroelektronikai-V\u00e1llalatn\u00e1l.jpg\",\"datePublished\":\"2019-09-09T13:18:45+00:00\",\"author\":{\"@id\":\"https:\\\/\\\/hotnewsinworld.com\\\/hu\\\/#\\\/schema\\\/person\\\/fe61448b21c0d59086e75fcc1f9d8f6b\"},\"breadcrumb\":{\"@id\":\"https:\\\/\\\/hotnewsinworld.com\\\/hu\\\/milliardos-kar-a-mikroelektronikai-vallalatnal\\\/#breadcrumb\"},\"inLanguage\":\"hu\",\"potentialAction\":[{\"@type\":\"ReadAction\",\"target\":[\"https:\\\/\\\/hotnewsinworld.com\\\/hu\\\/milliardos-kar-a-mikroelektronikai-vallalatnal\\\/\"]}]},{\"@type\":\"ImageObject\",\"inLanguage\":\"hu\",\"@id\":\"https:\\\/\\\/hotnewsinworld.com\\\/hu\\\/milliardos-kar-a-mikroelektronikai-vallalatnal\\\/#primaryimage\",\"url\":\"https:\\\/\\\/hotnewsinworld.com\\\/hu\\\/wp-content\\\/uploads\\\/sites\\\/3\\\/2019\\\/09\\\/Milli\u00e1rdos-k\u00e1r-a-Mikroelektronikai-V\u00e1llalatn\u00e1l.jpg\",\"contentUrl\":\"https:\\\/\\\/hotnewsinworld.com\\\/hu\\\/wp-content\\\/uploads\\\/sites\\\/3\\\/2019\\\/09\\\/Milli\u00e1rdos-k\u00e1r-a-Mikroelektronikai-V\u00e1llalatn\u00e1l.jpg\",\"width\":225,\"height\":169,\"caption\":\"Forr\u00e1s: T\u0171zv\u00e9delem 1986. augusztusi sz\u00e1ma\"},{\"@type\":\"BreadcrumbList\",\"@id\":\"https:\\\/\\\/hotnewsinworld.com\\\/hu\\\/milliardos-kar-a-mikroelektronikai-vallalatnal\\\/#breadcrumb\",\"itemListElement\":[{\"@type\":\"ListItem\",\"position\":1,\"name\":\"\u0413\u043b\u0430\u0432\u043d\u0430\u044f \u0441\u0442\u0440\u0430\u043d\u0438\u0446\u0430\",\"item\":\"https:\\\/\\\/hotnewsinworld.com\\\/hu\\\/\"},{\"@type\":\"ListItem\",\"position\":2,\"name\":\"Milli\u00e1rdos k\u00e1r a Mikroelektronikai V\u00e1llalatn\u00e1l\"}]},{\"@type\":\"WebSite\",\"@id\":\"https:\\\/\\\/hotnewsinworld.com\\\/hu\\\/#website\",\"url\":\"https:\\\/\\\/hotnewsinworld.com\\\/hu\\\/\",\"name\":\"Hot News in World\",\"description\":\"Hot News in World from Hungary\",\"potentialAction\":[{\"@type\":\"SearchAction\",\"target\":{\"@type\":\"EntryPoint\",\"urlTemplate\":\"https:\\\/\\\/hotnewsinworld.com\\\/hu\\\/?s={search_term_string}\"},\"query-input\":{\"@type\":\"PropertyValueSpecification\",\"valueRequired\":true,\"valueName\":\"search_term_string\"}}],\"inLanguage\":\"hu\"},{\"@type\":\"Person\",\"@id\":\"https:\\\/\\\/hotnewsinworld.com\\\/hu\\\/#\\\/schema\\\/person\\\/fe61448b21c0d59086e75fcc1f9d8f6b\",\"name\":\"hotnewsinworld\",\"image\":{\"@type\":\"ImageObject\",\"inLanguage\":\"hu\",\"@id\":\"https:\\\/\\\/secure.gravatar.com\\\/avatar\\\/8a09ac165600ce2e1c38fe593c63928eb1e6e7ba5c5a907d67787c41b3d00c14?s=96&d=mm&r=g\",\"url\":\"https:\\\/\\\/secure.gravatar.com\\\/avatar\\\/8a09ac165600ce2e1c38fe593c63928eb1e6e7ba5c5a907d67787c41b3d00c14?s=96&d=mm&r=g\",\"contentUrl\":\"https:\\\/\\\/secure.gravatar.com\\\/avatar\\\/8a09ac165600ce2e1c38fe593c63928eb1e6e7ba5c5a907d67787c41b3d00c14?s=96&d=mm&r=g\",\"caption\":\"hotnewsinworld\"},\"url\":\"https:\\\/\\\/hotnewsinworld.com\\\/hu\\\/author\\\/pt\\\/\"}]}<\/script>\n<!-- \/ Yoast SEO plugin. -->","yoast_head_json":{"title":"Milli\u00e1rdos k\u00e1r a Mikroelektronikai V\u00e1llalatn\u00e1l - Hot News in World","robots":{"index":"index","follow":"follow","max-snippet":"max-snippet:-1","max-image-preview":"max-image-preview:large","max-video-preview":"max-video-preview:-1"},"canonical":"https:\/\/hotnewsinworld.com\/hu\/milliardos-kar-a-mikroelektronikai-vallalatnal\/","og_locale":"hu_HU","og_type":"article","og_title":"Milli\u00e1rdos k\u00e1r a Mikroelektronikai V\u00e1llalatn\u00e1l - Hot News in World","og_description":"A Mikroelektronikai V\u00e1llalat (Budapest IV. ker\u00fclet, F\u00f3ti \u00fat 56.) \u201cT\u201d jelz\u00e9s\u0171 csarnok\u00e1ban \u2013 ahol speci\u00e1lis h\u00edrad\u00e1stechnik\u00e1hoz \u00e9s mikroprocesszoros berendez\u00e9sekhez alap-, f\u00e9lk\u00e9sz \u00e9s k\u00e9szterm\u00e9kek gy\u00e1rt\u00e1sa folyt patikatisztas\u00e1g\u00fa k\u00f6r\u00fclm\u00e9nyek k\u00f6z\u00f6tt \u2013 t\u0171z \u00fct\u00f6tt ki 1986. m\u00e1jus 26-\u00e1n, amely a becsl\u00e9sek szerint 1 milli\u00e1rd forint k\u00f6zvetlen k\u00e1rt okozott. K\u00f6zvetetten azonban \u00e9rt\u00e9kelni kell azt is, hogy olyan technol\u00f3gia v\u00e1lt [&hellip;]","og_url":"https:\/\/hotnewsinworld.com\/hu\/milliardos-kar-a-mikroelektronikai-vallalatnal\/","og_site_name":"Hot News in World","article_published_time":"2019-09-09T13:18:45+00:00","og_image":[{"width":225,"height":169,"url":"https:\/\/hotnewsinworld.com\/hu\/wp-content\/uploads\/sites\/3\/2019\/09\/Milli\u00e1rdos-k\u00e1r-a-Mikroelektronikai-V\u00e1llalatn\u00e1l.jpg","type":"image\/jpeg"}],"author":"hotnewsinworld","twitter_card":"summary_large_image","twitter_misc":{"Szerz\u0151:":"hotnewsinworld","Becs\u00fclt olvas\u00e1si id\u0151":"11 perc"},"schema":{"@context":"https:\/\/schema.org","@graph":[{"@type":"Article","@id":"https:\/\/hotnewsinworld.com\/hu\/milliardos-kar-a-mikroelektronikai-vallalatnal\/#article","isPartOf":{"@id":"https:\/\/hotnewsinworld.com\/hu\/milliardos-kar-a-mikroelektronikai-vallalatnal\/"},"author":{"name":"hotnewsinworld","@id":"https:\/\/hotnewsinworld.com\/hu\/#\/schema\/person\/fe61448b21c0d59086e75fcc1f9d8f6b"},"headline":"Milli\u00e1rdos k\u00e1r a Mikroelektronikai V\u00e1llalatn\u00e1l","datePublished":"2019-09-09T13:18:45+00:00","mainEntityOfPage":{"@id":"https:\/\/hotnewsinworld.com\/hu\/milliardos-kar-a-mikroelektronikai-vallalatnal\/"},"wordCount":2114,"commentCount":0,"image":{"@id":"https:\/\/hotnewsinworld.com\/hu\/milliardos-kar-a-mikroelektronikai-vallalatnal\/#primaryimage"},"thumbnailUrl":"https:\/\/hotnewsinworld.com\/hu\/wp-content\/uploads\/sites\/3\/2019\/09\/Milli\u00e1rdos-k\u00e1r-a-Mikroelektronikai-V\u00e1llalatn\u00e1l.jpg","articleSection":["LEG\u00daJABB P\u00c9NZ\u00dcGYI H\u00cdREK"],"inLanguage":"hu","potentialAction":[{"@type":"CommentAction","name":"Comment","target":["https:\/\/hotnewsinworld.com\/hu\/milliardos-kar-a-mikroelektronikai-vallalatnal\/#respond"]}]},{"@type":"WebPage","@id":"https:\/\/hotnewsinworld.com\/hu\/milliardos-kar-a-mikroelektronikai-vallalatnal\/","url":"https:\/\/hotnewsinworld.com\/hu\/milliardos-kar-a-mikroelektronikai-vallalatnal\/","name":"Milli\u00e1rdos k\u00e1r a Mikroelektronikai V\u00e1llalatn\u00e1l - Hot News in World","isPartOf":{"@id":"https:\/\/hotnewsinworld.com\/hu\/#website"},"primaryImageOfPage":{"@id":"https:\/\/hotnewsinworld.com\/hu\/milliardos-kar-a-mikroelektronikai-vallalatnal\/#primaryimage"},"image":{"@id":"https:\/\/hotnewsinworld.com\/hu\/milliardos-kar-a-mikroelektronikai-vallalatnal\/#primaryimage"},"thumbnailUrl":"https:\/\/hotnewsinworld.com\/hu\/wp-content\/uploads\/sites\/3\/2019\/09\/Milli\u00e1rdos-k\u00e1r-a-Mikroelektronikai-V\u00e1llalatn\u00e1l.jpg","datePublished":"2019-09-09T13:18:45+00:00","author":{"@id":"https:\/\/hotnewsinworld.com\/hu\/#\/schema\/person\/fe61448b21c0d59086e75fcc1f9d8f6b"},"breadcrumb":{"@id":"https:\/\/hotnewsinworld.com\/hu\/milliardos-kar-a-mikroelektronikai-vallalatnal\/#breadcrumb"},"inLanguage":"hu","potentialAction":[{"@type":"ReadAction","target":["https:\/\/hotnewsinworld.com\/hu\/milliardos-kar-a-mikroelektronikai-vallalatnal\/"]}]},{"@type":"ImageObject","inLanguage":"hu","@id":"https:\/\/hotnewsinworld.com\/hu\/milliardos-kar-a-mikroelektronikai-vallalatnal\/#primaryimage","url":"https:\/\/hotnewsinworld.com\/hu\/wp-content\/uploads\/sites\/3\/2019\/09\/Milli\u00e1rdos-k\u00e1r-a-Mikroelektronikai-V\u00e1llalatn\u00e1l.jpg","contentUrl":"https:\/\/hotnewsinworld.com\/hu\/wp-content\/uploads\/sites\/3\/2019\/09\/Milli\u00e1rdos-k\u00e1r-a-Mikroelektronikai-V\u00e1llalatn\u00e1l.jpg","width":225,"height":169,"caption":"Forr\u00e1s: T\u0171zv\u00e9delem 1986. augusztusi sz\u00e1ma"},{"@type":"BreadcrumbList","@id":"https:\/\/hotnewsinworld.com\/hu\/milliardos-kar-a-mikroelektronikai-vallalatnal\/#breadcrumb","itemListElement":[{"@type":"ListItem","position":1,"name":"\u0413\u043b\u0430\u0432\u043d\u0430\u044f \u0441\u0442\u0440\u0430\u043d\u0438\u0446\u0430","item":"https:\/\/hotnewsinworld.com\/hu\/"},{"@type":"ListItem","position":2,"name":"Milli\u00e1rdos k\u00e1r a Mikroelektronikai V\u00e1llalatn\u00e1l"}]},{"@type":"WebSite","@id":"https:\/\/hotnewsinworld.com\/hu\/#website","url":"https:\/\/hotnewsinworld.com\/hu\/","name":"Hot News in World","description":"Hot News in World from Hungary","potentialAction":[{"@type":"SearchAction","target":{"@type":"EntryPoint","urlTemplate":"https:\/\/hotnewsinworld.com\/hu\/?s={search_term_string}"},"query-input":{"@type":"PropertyValueSpecification","valueRequired":true,"valueName":"search_term_string"}}],"inLanguage":"hu"},{"@type":"Person","@id":"https:\/\/hotnewsinworld.com\/hu\/#\/schema\/person\/fe61448b21c0d59086e75fcc1f9d8f6b","name":"hotnewsinworld","image":{"@type":"ImageObject","inLanguage":"hu","@id":"https:\/\/secure.gravatar.com\/avatar\/8a09ac165600ce2e1c38fe593c63928eb1e6e7ba5c5a907d67787c41b3d00c14?s=96&d=mm&r=g","url":"https:\/\/secure.gravatar.com\/avatar\/8a09ac165600ce2e1c38fe593c63928eb1e6e7ba5c5a907d67787c41b3d00c14?s=96&d=mm&r=g","contentUrl":"https:\/\/secure.gravatar.com\/avatar\/8a09ac165600ce2e1c38fe593c63928eb1e6e7ba5c5a907d67787c41b3d00c14?s=96&d=mm&r=g","caption":"hotnewsinworld"},"url":"https:\/\/hotnewsinworld.com\/hu\/author\/pt\/"}]}},"_links":{"self":[{"href":"https:\/\/hotnewsinworld.com\/hu\/wp-json\/wp\/v2\/posts\/1831","targetHints":{"allow":["GET"]}}],"collection":[{"href":"https:\/\/hotnewsinworld.com\/hu\/wp-json\/wp\/v2\/posts"}],"about":[{"href":"https:\/\/hotnewsinworld.com\/hu\/wp-json\/wp\/v2\/types\/post"}],"author":[{"embeddable":true,"href":"https:\/\/hotnewsinworld.com\/hu\/wp-json\/wp\/v2\/users\/2"}],"replies":[{"embeddable":true,"href":"https:\/\/hotnewsinworld.com\/hu\/wp-json\/wp\/v2\/comments?post=1831"}],"version-history":[{"count":1,"href":"https:\/\/hotnewsinworld.com\/hu\/wp-json\/wp\/v2\/posts\/1831\/revisions"}],"predecessor-version":[{"id":1833,"href":"https:\/\/hotnewsinworld.com\/hu\/wp-json\/wp\/v2\/posts\/1831\/revisions\/1833"}],"wp:featuredmedia":[{"embeddable":true,"href":"https:\/\/hotnewsinworld.com\/hu\/wp-json\/wp\/v2\/media\/1832"}],"wp:attachment":[{"href":"https:\/\/hotnewsinworld.com\/hu\/wp-json\/wp\/v2\/media?parent=1831"}],"wp:term":[{"taxonomy":"category","embeddable":true,"href":"https:\/\/hotnewsinworld.com\/hu\/wp-json\/wp\/v2\/categories?post=1831"},{"taxonomy":"post_tag","embeddable":true,"href":"https:\/\/hotnewsinworld.com\/hu\/wp-json\/wp\/v2\/tags?post=1831"}],"curies":[{"name":"wp","href":"https:\/\/api.w.org\/{rel}","templated":true}]}}