{"id":1836,"date":"2019-09-09T19:57:49","date_gmt":"2019-09-09T16:57:49","guid":{"rendered":"https:\/\/hotnewsinworld.com\/hu\/az-ellenzek-torvenytelenul-kezelte-a-valasztok-szemelyes-adatait-jozsefvarosban\/"},"modified":"2019-09-09T19:57:49","modified_gmt":"2019-09-09T16:57:49","slug":"az-ellenzek-torvenytelenul-kezelte-a-valasztok-szemelyes-adatait-jozsefvarosban","status":"publish","type":"post","link":"https:\/\/hotnewsinworld.com\/hu\/az-ellenzek-torvenytelenul-kezelte-a-valasztok-szemelyes-adatait-jozsefvarosban\/","title":{"rendered":"az ellenz\u00e9k t\u00f6rv\u00e9nytelen\u00fcl kezelte a v\u00e1laszt\u00f3k szem\u00e9lyes adatait J\u00f3zsefv\u00e1rosban"},"content":{"rendered":"<p>2019.09.09. 18:15<\/p>\n<div>\n                                                                                                <span class=\"high-lite\"><br \/>\n                                        Az ellenz\u00e9k t\u00f6rv\u00e9nytelen\u00fcl kezelte a v\u00e1laszt\u00f3k szem\u00e9lyes adatait J\u00f3zsefv\u00e1rosban \u2013 k\u00f6z\u00f6lte Kocsis M\u00e1t\u00e9, a Fidesz frakci\u00f3vezet\u0151je, aki h\u00e9tf\u0151i sajt\u00f3t\u00e1j\u00e9koztat\u00f3j\u00e1n visszal\u00e9p\u00e9sre sz\u00f3l\u00edtotta fel az ellenz\u00e9k VIII. ker\u00fcleti polg\u00e1rmesterjel\u00f6ltj\u00e9t \u00e9s a helyi ellenz\u00e9ki jel\u00f6lteket az \u00f6nkorm\u00e1nyzati v\u00e1laszt\u00e1son val\u00f3 r\u00e9szv\u00e9telt\u0151l.                                    <\/span> <\/p>\n<div id=\"st\">\n<p>Kocsis M\u00e1t\u00e9 a Magyar Nemzet h\u00e9tf\u0151i \u00edr\u00e1s\u00e1ra utalva kifejtette: a napilapban k\u00f6z\u00f6lt fot\u00f3k alapj\u00e1n Pik\u00f3 Andr\u00e1s ellenz\u00e9ki polg\u00e1rmesterjel\u00f6lt kamp\u00e1nycsapata \u2013 k\u00f6zt\u00fck a p\u00e1rbesz\u00e9des Er\u0151ss G\u00e1bor \u00e9s az aktivist\u00e1k \u2013 t\u00f6rv\u00e9nytelen list\u00e1t k\u00e9sz\u00edtettek az aj\u00e1nl\u00f3\u00edvekr\u0151l. A politikus megd\u00f6bbent\u0151nek \u00e9s felh\u00e1bor\u00edt\u00f3nak nevezte a t\u00f6rt\u00e9nteket, \u00e9s r\u00e1mutatott: felmer\u00fcl a v\u00e1laszt\u00f3k szem\u00e9lyes adataival val\u00f3 vissza\u00e9l\u00e9s, illetve a v\u00e1laszt\u00e1s rendje elleni b\u0171ncselekm\u00e9ny gyan\u00faja. Szavai szerint az aj\u00e1nl\u00f3\u00edveket olyan adatb\u00e1zis r\u00f6gz\u00edt\u00e9s\u00e9re haszn\u00e1lhatt\u00e1k fel, amit infot\u00f6rv\u00e9ny tilt \u00e9s a Btk. szankcion\u00e1l.<\/p>\n<p>Kocsis M\u00e1t\u00e9 az aj\u00e1nl\u00f3\u00edvek \u00e9s a t\u00e1mogat\u00f3i al\u00e1\u00edr\u00e1sgy\u0171jt\u0151 \u00edvek k\u00f6z\u00f6tti k\u00fcl\u00f6nbs\u00e9gr\u0151l sz\u00f3lva elmondta, hogy az v\u00e1laszt\u00e1si iroda hivatalos aj\u00e1nl\u00f3\u00edvein sokkal t\u00f6bb szem\u00e9lyes adat szerepel, m\u00edg a t\u00e1mogat\u00f3i al\u00e1\u00edr\u00e1sgy\u0171jt\u0151 \u00edveken mindenki eld\u00f6ntheti, milyen inform\u00e1ci\u00f3t ad meg \u00e9s hozz\u00e1j\u00e1rul az adatai kezel\u00e9s\u00e9hez. A napilapban megjelent \u00edr\u00e1s \u00e9s k\u00e9pi dokument\u00e1ci\u00f3 alapj\u00e1n egy\u00e9rtelm\u0171em l\u00e1tszik, hogy a hivatalos aj\u00e1nl\u00f3\u00edvek r\u00f6gz\u00edt\u00e9se t\u00f6rt\u00e9nik.<\/p>\n<div class=\"blockquote-holder\">\n<blockquote>\n<p>Semmilyen informatikai vagy sz\u00e1m\u00edt\u00f3g\u00e9pes seg\u00edts\u00e9g nem kell az aj\u00e1nl\u00f3\u00edvek megsz\u00e1mol\u00e1s\u00e1hoz, \u00e9s azokkal csak annyi a teend\u0151, hogy le kell adni \u0151ket a v\u00e1laszt\u00e1si irod\u00e1n\u201e<\/p>\n<\/blockquote>\n<\/div>\n<p>\u2013 mondta a politikus, akinek \u00e9rt\u00e9kel\u00e9se szerint a j\u00f3zsefv\u00e1rosi ellenz\u00e9ki kamp\u00e1nycsapat ellopta a j\u00f3hiszem\u0171 \u00e1llampolg\u00e1rok adatait, megt\u00e9vesztette \u0151ket, vissza\u00e9lt, illetve k\u00e9sz\u00fcl vissza\u00e9lni a szem\u00e9lyes adataikkal.<\/p>\n<div class=\"blockquote-holder\">\n<blockquote>\n<p>Az ellenz\u00e9ki jel\u00f6ltek ne legyenek gy\u00e1v\u00e1k, v\u00e1llalj\u00e1k a politikai k\u00f6vetkezm\u00e9ny\u00e9t a tett\u00fcknek \u00e9s l\u00e9pjenek vissza az \u00f6nkorm\u00e1nyzati v\u00e1laszt\u00e1son val\u00f3 r\u00e9szv\u00e9telt\u0151l\u201d<\/p>\n<\/blockquote>\n<\/div>\n<p>\u2013 sz\u00f3l\u00edtott fel Kocsis M\u00e1t\u00e9, majd azzal folytatja, elv\u00e1rj\u00e1k, hogy a hat\u00f3s\u00e1gok minden olyan l\u00e9p\u00e9st tegyenek meg ezzel a t\u00f6rv\u00e9nytelens\u00e9ggel szemben, ami megnyugtat\u00f3an rendezheti az \u00fcgyet, \u00e9s l\u00e9pjenek fel valamennyi \u00e9rintettel szemben.<\/p>\n<p>A volt VIII. ker\u00fcleti polg\u00e1rmester kit\u00e9rt arra is: teljesen nyilv\u00e1nval\u00f3 Kar\u00e1csony Gergely \u00e9rintetts\u00e9ge az \u00fcgyben, hiszen az \u0151 aj\u00e1nl\u00e1sait J\u00f3zsefv\u00e1rosban ugyanez a kamp\u00e1nycsapat kezelte. Felmer\u00fcl annak a gyan\u00faja is, hogy nem elszigetelt jelens\u00e9gr\u0151l van sz\u00f3, hanem sz\u00e1mos m\u00e1s helyen, telep\u00fcl\u00e9sen is haszn\u00e1lj\u00e1k ezt a m\u00f3dszert \u2013 jegyezte meg a fideszes politikus. Arra a k\u00e9rd\u00e9sre, hogy a Fidesznek van-e b\u00e1rmilyen lehet\u0151s\u00e9ge jogi fell\u00e9p\u00e9sre, azt mondta: kifog\u00e1st tudnak tenni a helyi v\u00e1laszt\u00e1si bizotts\u00e1gn\u00e1l, ezt v\u00e1rhat\u00f3an meg is teszik, illetve a helyi v\u00e1laszt\u00e1si irod\u00e1nak is van dolga meg\u00edt\u00e9l\u00e9s\u00fck szerint. A politikus az ellenz\u00e9ki reakci\u00f3kra v\u00e1laszul azt k\u00f6z\u00f6lte: meg\u00e9rtik a k\u00e9ts\u00e9gbeesett magyar\u00e1zkod\u00e1st, de \u201eezt m\u00e1r nem vel\u00fcnk kell megbesz\u00e9lni\u00fck, hanem a hat\u00f3s\u00e1gokkal\u201d.<\/p>\n<\/p><\/div>\n<\/p><\/div>\n<p><script>\n    window.fbAsyncInit = function() {\n        FB.init({\n            appId      : \"1473970872899631\",\n            xfbml      : true,\n            version    : \"v2.12\"\n        });\n        FB.AppEvents.logPageView();\n    };<\/p>\n<p>    (function(d, s, id){\n        var js, fjs = d.getElementsByTagName(s)[0];\n        if (d.getElementById(id)) {return;}\n        js = d.createElement(s); js.id = id;\n        js.src = \"http:\/\/connect.facebook.net\/hu_HU\/sdk.js\";\n        fjs.parentNode.insertBefore(js, fjs);\n    }(document, \"script\", \"facebook-jssdk\"));\n<\/script><script> !function (f, b, e, v, n, t, s) {\n        if (f.fbq)\n            return;\n        n = f.fbq = function () {\n            n.callMethod ? n.callMethod.apply(n, arguments) : n.queue.push(arguments)\n        };\n        if (!f._fbq)\n            f._fbq = n;\n        n.push = n;\n        n.loaded = !0;\n        n.version = '2.0';\n        n.queue = [];\n        t = b.createElement(e);\n        t.async = !0;\n        t.src = v;\n        s = b.getElementsByTagName(e)[0];\n        s.parentNode.insertBefore(t, s)\n    }(window, document, 'script', 'https:\/\/connect.facebook.net\/en_US\/fbevents.js');\n    fbq('init', '609070165954492');\n    fbq('track', 'PageView');<\/script><script>  window.fbAsyncInit = function () {\n        FB.init({appId: '917862651618596', xfbml: true, version: 'v2.4'});\n    };\n    (function (d, s, id) {\n        var js, fjs = d.getElementsByTagName(s)[0];\n        if (d.getElementById(id))\n            return;\n        js = d.createElement(s);\n        js.id = id;\n        js.src = \"http:\/\/connect.facebook.net\/hu_HU\/all.js#xfbml=1\";\n        fjs.parentNode.insertBefore(js, fjs);\n    }(document, 'script', 'facebook-jssdk'));<\/script><br \/>\n<br \/>\n<!--noindex--><br \/>\n<a href=\"https:\/\/hirek.oldal.info\/rssclick\/14382939\" rel=\"nofollow\">Source link <\/a><br \/>\n<!--\/noindex--><\/p>\n","protected":false},"excerpt":{"rendered":"<p>2019.09.09. 18:15 Az ellenz\u00e9k t\u00f6rv\u00e9nytelen\u00fcl kezelte a v\u00e1laszt\u00f3k szem\u00e9lyes adatait J\u00f3zsefv\u00e1rosban \u2013 k\u00f6z\u00f6lte Kocsis M\u00e1t\u00e9, a Fidesz frakci\u00f3vezet\u0151je, aki h\u00e9tf\u0151i sajt\u00f3t\u00e1j\u00e9koztat\u00f3j\u00e1n visszal\u00e9p\u00e9sre sz\u00f3l\u00edtotta fel az ellenz\u00e9k VIII. ker\u00fcleti polg\u00e1rmesterjel\u00f6ltj\u00e9t \u00e9s a helyi ellenz\u00e9ki jel\u00f6lteket az \u00f6nkorm\u00e1nyzati v\u00e1laszt\u00e1son val\u00f3 r\u00e9szv\u00e9telt\u0151l. Kocsis M\u00e1t\u00e9 a Magyar Nemzet h\u00e9tf\u0151i \u00edr\u00e1s\u00e1ra utalva kifejtette: a napilapban k\u00f6z\u00f6lt fot\u00f3k alapj\u00e1n Pik\u00f3 Andr\u00e1s [&hellip;]<\/p>\n","protected":false},"author":2,"featured_media":1837,"comment_status":"open","ping_status":"open","sticky":false,"template":"","format":"standard","meta":{"footnotes":""},"categories":[1],"tags":[],"class_list":["post-1836","post","type-post","status-publish","format-standard","has-post-thumbnail","hentry","category-legujabb-penzugyi-hirek"],"yoast_head":"<!-- This site is optimized with the Yoast SEO plugin v27.4 - https:\/\/yoast.com\/product\/yoast-seo-wordpress\/ -->\n<title>az ellenz\u00e9k t\u00f6rv\u00e9nytelen\u00fcl kezelte a v\u00e1laszt\u00f3k szem\u00e9lyes adatait J\u00f3zsefv\u00e1rosban - Hot News in World<\/title>\n<meta name=\"robots\" content=\"index, follow, max-snippet:-1, max-image-preview:large, max-video-preview:-1\" \/>\n<link rel=\"canonical\" href=\"https:\/\/hotnewsinworld.com\/hu\/az-ellenzek-torvenytelenul-kezelte-a-valasztok-szemelyes-adatait-jozsefvarosban\/\" \/>\n<meta property=\"og:locale\" content=\"hu_HU\" \/>\n<meta property=\"og:type\" content=\"article\" \/>\n<meta property=\"og:title\" content=\"az ellenz\u00e9k t\u00f6rv\u00e9nytelen\u00fcl kezelte a v\u00e1laszt\u00f3k szem\u00e9lyes adatait J\u00f3zsefv\u00e1rosban - Hot News in World\" \/>\n<meta property=\"og:description\" content=\"2019.09.09. 18:15 Az ellenz\u00e9k t\u00f6rv\u00e9nytelen\u00fcl kezelte a v\u00e1laszt\u00f3k szem\u00e9lyes adatait J\u00f3zsefv\u00e1rosban \u2013 k\u00f6z\u00f6lte Kocsis M\u00e1t\u00e9, a Fidesz frakci\u00f3vezet\u0151je, aki h\u00e9tf\u0151i sajt\u00f3t\u00e1j\u00e9koztat\u00f3j\u00e1n visszal\u00e9p\u00e9sre sz\u00f3l\u00edtotta fel az ellenz\u00e9k VIII. ker\u00fcleti polg\u00e1rmesterjel\u00f6ltj\u00e9t \u00e9s a helyi ellenz\u00e9ki jel\u00f6lteket az \u00f6nkorm\u00e1nyzati v\u00e1laszt\u00e1son val\u00f3 r\u00e9szv\u00e9telt\u0151l. Kocsis M\u00e1t\u00e9 a Magyar Nemzet h\u00e9tf\u0151i \u00edr\u00e1s\u00e1ra utalva kifejtette: a napilapban k\u00f6z\u00f6lt fot\u00f3k alapj\u00e1n Pik\u00f3 Andr\u00e1s [&hellip;]\" \/>\n<meta property=\"og:url\" content=\"https:\/\/hotnewsinworld.com\/hu\/az-ellenzek-torvenytelenul-kezelte-a-valasztok-szemelyes-adatait-jozsefvarosban\/\" \/>\n<meta property=\"og:site_name\" content=\"Hot News in World\" \/>\n<meta property=\"article:published_time\" content=\"2019-09-09T16:57:49+00:00\" \/>\n<meta property=\"og:image\" content=\"https:\/\/hotnewsinworld.com\/hu\/wp-content\/uploads\/sites\/3\/2019\/09\/az-ellenz\u00e9k-t\u00f6rv\u00e9nytelen\u00fcl-kezelte-a-v\u00e1laszt\u00f3k-szem\u00e9lyes-adatait-J\u00f3zsefv\u00e1rosban.jpg\" \/>\n\t<meta property=\"og:image:width\" content=\"768\" \/>\n\t<meta property=\"og:image:height\" content=\"511\" \/>\n\t<meta property=\"og:image:type\" content=\"image\/jpeg\" \/>\n<meta name=\"author\" content=\"hotnewsinworld\" \/>\n<meta name=\"twitter:card\" content=\"summary_large_image\" \/>\n<meta name=\"twitter:label1\" content=\"Szerz\u0151:\" \/>\n\t<meta name=\"twitter:data1\" content=\"hotnewsinworld\" \/>\n\t<meta name=\"twitter:label2\" content=\"Becs\u00fclt olvas\u00e1si id\u0151\" \/>\n\t<meta name=\"twitter:data2\" content=\"3 perc\" \/>\n<script type=\"application\/ld+json\" class=\"yoast-schema-graph\">{\"@context\":\"https:\\\/\\\/schema.org\",\"@graph\":[{\"@type\":\"Article\",\"@id\":\"https:\\\/\\\/hotnewsinworld.com\\\/hu\\\/az-ellenzek-torvenytelenul-kezelte-a-valasztok-szemelyes-adatait-jozsefvarosban\\\/#article\",\"isPartOf\":{\"@id\":\"https:\\\/\\\/hotnewsinworld.com\\\/hu\\\/az-ellenzek-torvenytelenul-kezelte-a-valasztok-szemelyes-adatait-jozsefvarosban\\\/\"},\"author\":{\"name\":\"hotnewsinworld\",\"@id\":\"https:\\\/\\\/hotnewsinworld.com\\\/hu\\\/#\\\/schema\\\/person\\\/fe61448b21c0d59086e75fcc1f9d8f6b\"},\"headline\":\"az ellenz\u00e9k t\u00f6rv\u00e9nytelen\u00fcl kezelte a v\u00e1laszt\u00f3k szem\u00e9lyes adatait J\u00f3zsefv\u00e1rosban\",\"datePublished\":\"2019-09-09T16:57:49+00:00\",\"mainEntityOfPage\":{\"@id\":\"https:\\\/\\\/hotnewsinworld.com\\\/hu\\\/az-ellenzek-torvenytelenul-kezelte-a-valasztok-szemelyes-adatait-jozsefvarosban\\\/\"},\"wordCount\":653,\"commentCount\":0,\"image\":{\"@id\":\"https:\\\/\\\/hotnewsinworld.com\\\/hu\\\/az-ellenzek-torvenytelenul-kezelte-a-valasztok-szemelyes-adatait-jozsefvarosban\\\/#primaryimage\"},\"thumbnailUrl\":\"https:\\\/\\\/hotnewsinworld.com\\\/hu\\\/wp-content\\\/uploads\\\/sites\\\/3\\\/2019\\\/09\\\/az-ellenz\u00e9k-t\u00f6rv\u00e9nytelen\u00fcl-kezelte-a-v\u00e1laszt\u00f3k-szem\u00e9lyes-adatait-J\u00f3zsefv\u00e1rosban.jpg\",\"articleSection\":[\"LEG\u00daJABB P\u00c9NZ\u00dcGYI H\u00cdREK\"],\"inLanguage\":\"hu\",\"potentialAction\":[{\"@type\":\"CommentAction\",\"name\":\"Comment\",\"target\":[\"https:\\\/\\\/hotnewsinworld.com\\\/hu\\\/az-ellenzek-torvenytelenul-kezelte-a-valasztok-szemelyes-adatait-jozsefvarosban\\\/#respond\"]}]},{\"@type\":\"WebPage\",\"@id\":\"https:\\\/\\\/hotnewsinworld.com\\\/hu\\\/az-ellenzek-torvenytelenul-kezelte-a-valasztok-szemelyes-adatait-jozsefvarosban\\\/\",\"url\":\"https:\\\/\\\/hotnewsinworld.com\\\/hu\\\/az-ellenzek-torvenytelenul-kezelte-a-valasztok-szemelyes-adatait-jozsefvarosban\\\/\",\"name\":\"az ellenz\u00e9k t\u00f6rv\u00e9nytelen\u00fcl kezelte a v\u00e1laszt\u00f3k szem\u00e9lyes adatait J\u00f3zsefv\u00e1rosban - Hot News in World\",\"isPartOf\":{\"@id\":\"https:\\\/\\\/hotnewsinworld.com\\\/hu\\\/#website\"},\"primaryImageOfPage\":{\"@id\":\"https:\\\/\\\/hotnewsinworld.com\\\/hu\\\/az-ellenzek-torvenytelenul-kezelte-a-valasztok-szemelyes-adatait-jozsefvarosban\\\/#primaryimage\"},\"image\":{\"@id\":\"https:\\\/\\\/hotnewsinworld.com\\\/hu\\\/az-ellenzek-torvenytelenul-kezelte-a-valasztok-szemelyes-adatait-jozsefvarosban\\\/#primaryimage\"},\"thumbnailUrl\":\"https:\\\/\\\/hotnewsinworld.com\\\/hu\\\/wp-content\\\/uploads\\\/sites\\\/3\\\/2019\\\/09\\\/az-ellenz\u00e9k-t\u00f6rv\u00e9nytelen\u00fcl-kezelte-a-v\u00e1laszt\u00f3k-szem\u00e9lyes-adatait-J\u00f3zsefv\u00e1rosban.jpg\",\"datePublished\":\"2019-09-09T16:57:49+00:00\",\"author\":{\"@id\":\"https:\\\/\\\/hotnewsinworld.com\\\/hu\\\/#\\\/schema\\\/person\\\/fe61448b21c0d59086e75fcc1f9d8f6b\"},\"breadcrumb\":{\"@id\":\"https:\\\/\\\/hotnewsinworld.com\\\/hu\\\/az-ellenzek-torvenytelenul-kezelte-a-valasztok-szemelyes-adatait-jozsefvarosban\\\/#breadcrumb\"},\"inLanguage\":\"hu\",\"potentialAction\":[{\"@type\":\"ReadAction\",\"target\":[\"https:\\\/\\\/hotnewsinworld.com\\\/hu\\\/az-ellenzek-torvenytelenul-kezelte-a-valasztok-szemelyes-adatait-jozsefvarosban\\\/\"]}]},{\"@type\":\"ImageObject\",\"inLanguage\":\"hu\",\"@id\":\"https:\\\/\\\/hotnewsinworld.com\\\/hu\\\/az-ellenzek-torvenytelenul-kezelte-a-valasztok-szemelyes-adatait-jozsefvarosban\\\/#primaryimage\",\"url\":\"https:\\\/\\\/hotnewsinworld.com\\\/hu\\\/wp-content\\\/uploads\\\/sites\\\/3\\\/2019\\\/09\\\/az-ellenz\u00e9k-t\u00f6rv\u00e9nytelen\u00fcl-kezelte-a-v\u00e1laszt\u00f3k-szem\u00e9lyes-adatait-J\u00f3zsefv\u00e1rosban.jpg\",\"contentUrl\":\"https:\\\/\\\/hotnewsinworld.com\\\/hu\\\/wp-content\\\/uploads\\\/sites\\\/3\\\/2019\\\/09\\\/az-ellenz\u00e9k-t\u00f6rv\u00e9nytelen\u00fcl-kezelte-a-v\u00e1laszt\u00f3k-szem\u00e9lyes-adatait-J\u00f3zsefv\u00e1rosban.jpg\",\"width\":768,\"height\":511,\"caption\":\"az ellenz\u00e9k t\u00f6rv\u00e9nytelen\u00fcl kezelte a v\u00e1laszt\u00f3k szem\u00e9lyes adatait J\u00f3zsefv\u00e1rosban\"},{\"@type\":\"BreadcrumbList\",\"@id\":\"https:\\\/\\\/hotnewsinworld.com\\\/hu\\\/az-ellenzek-torvenytelenul-kezelte-a-valasztok-szemelyes-adatait-jozsefvarosban\\\/#breadcrumb\",\"itemListElement\":[{\"@type\":\"ListItem\",\"position\":1,\"name\":\"\u0413\u043b\u0430\u0432\u043d\u0430\u044f \u0441\u0442\u0440\u0430\u043d\u0438\u0446\u0430\",\"item\":\"https:\\\/\\\/hotnewsinworld.com\\\/hu\\\/\"},{\"@type\":\"ListItem\",\"position\":2,\"name\":\"az ellenz\u00e9k t\u00f6rv\u00e9nytelen\u00fcl kezelte a v\u00e1laszt\u00f3k szem\u00e9lyes adatait J\u00f3zsefv\u00e1rosban\"}]},{\"@type\":\"WebSite\",\"@id\":\"https:\\\/\\\/hotnewsinworld.com\\\/hu\\\/#website\",\"url\":\"https:\\\/\\\/hotnewsinworld.com\\\/hu\\\/\",\"name\":\"Hot News in World\",\"description\":\"Hot News in World from Hungary\",\"potentialAction\":[{\"@type\":\"SearchAction\",\"target\":{\"@type\":\"EntryPoint\",\"urlTemplate\":\"https:\\\/\\\/hotnewsinworld.com\\\/hu\\\/?s={search_term_string}\"},\"query-input\":{\"@type\":\"PropertyValueSpecification\",\"valueRequired\":true,\"valueName\":\"search_term_string\"}}],\"inLanguage\":\"hu\"},{\"@type\":\"Person\",\"@id\":\"https:\\\/\\\/hotnewsinworld.com\\\/hu\\\/#\\\/schema\\\/person\\\/fe61448b21c0d59086e75fcc1f9d8f6b\",\"name\":\"hotnewsinworld\",\"image\":{\"@type\":\"ImageObject\",\"inLanguage\":\"hu\",\"@id\":\"https:\\\/\\\/secure.gravatar.com\\\/avatar\\\/8a09ac165600ce2e1c38fe593c63928eb1e6e7ba5c5a907d67787c41b3d00c14?s=96&d=mm&r=g\",\"url\":\"https:\\\/\\\/secure.gravatar.com\\\/avatar\\\/8a09ac165600ce2e1c38fe593c63928eb1e6e7ba5c5a907d67787c41b3d00c14?s=96&d=mm&r=g\",\"contentUrl\":\"https:\\\/\\\/secure.gravatar.com\\\/avatar\\\/8a09ac165600ce2e1c38fe593c63928eb1e6e7ba5c5a907d67787c41b3d00c14?s=96&d=mm&r=g\",\"caption\":\"hotnewsinworld\"},\"url\":\"https:\\\/\\\/hotnewsinworld.com\\\/hu\\\/author\\\/pt\\\/\"}]}<\/script>\n<!-- \/ Yoast SEO plugin. -->","yoast_head_json":{"title":"az ellenz\u00e9k t\u00f6rv\u00e9nytelen\u00fcl kezelte a v\u00e1laszt\u00f3k szem\u00e9lyes adatait J\u00f3zsefv\u00e1rosban - Hot News in World","robots":{"index":"index","follow":"follow","max-snippet":"max-snippet:-1","max-image-preview":"max-image-preview:large","max-video-preview":"max-video-preview:-1"},"canonical":"https:\/\/hotnewsinworld.com\/hu\/az-ellenzek-torvenytelenul-kezelte-a-valasztok-szemelyes-adatait-jozsefvarosban\/","og_locale":"hu_HU","og_type":"article","og_title":"az ellenz\u00e9k t\u00f6rv\u00e9nytelen\u00fcl kezelte a v\u00e1laszt\u00f3k szem\u00e9lyes adatait J\u00f3zsefv\u00e1rosban - Hot News in World","og_description":"2019.09.09. 18:15 Az ellenz\u00e9k t\u00f6rv\u00e9nytelen\u00fcl kezelte a v\u00e1laszt\u00f3k szem\u00e9lyes adatait J\u00f3zsefv\u00e1rosban \u2013 k\u00f6z\u00f6lte Kocsis M\u00e1t\u00e9, a Fidesz frakci\u00f3vezet\u0151je, aki h\u00e9tf\u0151i sajt\u00f3t\u00e1j\u00e9koztat\u00f3j\u00e1n visszal\u00e9p\u00e9sre sz\u00f3l\u00edtotta fel az ellenz\u00e9k VIII. ker\u00fcleti polg\u00e1rmesterjel\u00f6ltj\u00e9t \u00e9s a helyi ellenz\u00e9ki jel\u00f6lteket az \u00f6nkorm\u00e1nyzati v\u00e1laszt\u00e1son val\u00f3 r\u00e9szv\u00e9telt\u0151l. Kocsis M\u00e1t\u00e9 a Magyar Nemzet h\u00e9tf\u0151i \u00edr\u00e1s\u00e1ra utalva kifejtette: a napilapban k\u00f6z\u00f6lt fot\u00f3k alapj\u00e1n Pik\u00f3 Andr\u00e1s [&hellip;]","og_url":"https:\/\/hotnewsinworld.com\/hu\/az-ellenzek-torvenytelenul-kezelte-a-valasztok-szemelyes-adatait-jozsefvarosban\/","og_site_name":"Hot News in World","article_published_time":"2019-09-09T16:57:49+00:00","og_image":[{"width":768,"height":511,"url":"https:\/\/hotnewsinworld.com\/hu\/wp-content\/uploads\/sites\/3\/2019\/09\/az-ellenz\u00e9k-t\u00f6rv\u00e9nytelen\u00fcl-kezelte-a-v\u00e1laszt\u00f3k-szem\u00e9lyes-adatait-J\u00f3zsefv\u00e1rosban.jpg","type":"image\/jpeg"}],"author":"hotnewsinworld","twitter_card":"summary_large_image","twitter_misc":{"Szerz\u0151:":"hotnewsinworld","Becs\u00fclt olvas\u00e1si id\u0151":"3 perc"},"schema":{"@context":"https:\/\/schema.org","@graph":[{"@type":"Article","@id":"https:\/\/hotnewsinworld.com\/hu\/az-ellenzek-torvenytelenul-kezelte-a-valasztok-szemelyes-adatait-jozsefvarosban\/#article","isPartOf":{"@id":"https:\/\/hotnewsinworld.com\/hu\/az-ellenzek-torvenytelenul-kezelte-a-valasztok-szemelyes-adatait-jozsefvarosban\/"},"author":{"name":"hotnewsinworld","@id":"https:\/\/hotnewsinworld.com\/hu\/#\/schema\/person\/fe61448b21c0d59086e75fcc1f9d8f6b"},"headline":"az ellenz\u00e9k t\u00f6rv\u00e9nytelen\u00fcl kezelte a v\u00e1laszt\u00f3k szem\u00e9lyes adatait J\u00f3zsefv\u00e1rosban","datePublished":"2019-09-09T16:57:49+00:00","mainEntityOfPage":{"@id":"https:\/\/hotnewsinworld.com\/hu\/az-ellenzek-torvenytelenul-kezelte-a-valasztok-szemelyes-adatait-jozsefvarosban\/"},"wordCount":653,"commentCount":0,"image":{"@id":"https:\/\/hotnewsinworld.com\/hu\/az-ellenzek-torvenytelenul-kezelte-a-valasztok-szemelyes-adatait-jozsefvarosban\/#primaryimage"},"thumbnailUrl":"https:\/\/hotnewsinworld.com\/hu\/wp-content\/uploads\/sites\/3\/2019\/09\/az-ellenz\u00e9k-t\u00f6rv\u00e9nytelen\u00fcl-kezelte-a-v\u00e1laszt\u00f3k-szem\u00e9lyes-adatait-J\u00f3zsefv\u00e1rosban.jpg","articleSection":["LEG\u00daJABB P\u00c9NZ\u00dcGYI H\u00cdREK"],"inLanguage":"hu","potentialAction":[{"@type":"CommentAction","name":"Comment","target":["https:\/\/hotnewsinworld.com\/hu\/az-ellenzek-torvenytelenul-kezelte-a-valasztok-szemelyes-adatait-jozsefvarosban\/#respond"]}]},{"@type":"WebPage","@id":"https:\/\/hotnewsinworld.com\/hu\/az-ellenzek-torvenytelenul-kezelte-a-valasztok-szemelyes-adatait-jozsefvarosban\/","url":"https:\/\/hotnewsinworld.com\/hu\/az-ellenzek-torvenytelenul-kezelte-a-valasztok-szemelyes-adatait-jozsefvarosban\/","name":"az ellenz\u00e9k t\u00f6rv\u00e9nytelen\u00fcl kezelte a v\u00e1laszt\u00f3k szem\u00e9lyes adatait J\u00f3zsefv\u00e1rosban - Hot News in World","isPartOf":{"@id":"https:\/\/hotnewsinworld.com\/hu\/#website"},"primaryImageOfPage":{"@id":"https:\/\/hotnewsinworld.com\/hu\/az-ellenzek-torvenytelenul-kezelte-a-valasztok-szemelyes-adatait-jozsefvarosban\/#primaryimage"},"image":{"@id":"https:\/\/hotnewsinworld.com\/hu\/az-ellenzek-torvenytelenul-kezelte-a-valasztok-szemelyes-adatait-jozsefvarosban\/#primaryimage"},"thumbnailUrl":"https:\/\/hotnewsinworld.com\/hu\/wp-content\/uploads\/sites\/3\/2019\/09\/az-ellenz\u00e9k-t\u00f6rv\u00e9nytelen\u00fcl-kezelte-a-v\u00e1laszt\u00f3k-szem\u00e9lyes-adatait-J\u00f3zsefv\u00e1rosban.jpg","datePublished":"2019-09-09T16:57:49+00:00","author":{"@id":"https:\/\/hotnewsinworld.com\/hu\/#\/schema\/person\/fe61448b21c0d59086e75fcc1f9d8f6b"},"breadcrumb":{"@id":"https:\/\/hotnewsinworld.com\/hu\/az-ellenzek-torvenytelenul-kezelte-a-valasztok-szemelyes-adatait-jozsefvarosban\/#breadcrumb"},"inLanguage":"hu","potentialAction":[{"@type":"ReadAction","target":["https:\/\/hotnewsinworld.com\/hu\/az-ellenzek-torvenytelenul-kezelte-a-valasztok-szemelyes-adatait-jozsefvarosban\/"]}]},{"@type":"ImageObject","inLanguage":"hu","@id":"https:\/\/hotnewsinworld.com\/hu\/az-ellenzek-torvenytelenul-kezelte-a-valasztok-szemelyes-adatait-jozsefvarosban\/#primaryimage","url":"https:\/\/hotnewsinworld.com\/hu\/wp-content\/uploads\/sites\/3\/2019\/09\/az-ellenz\u00e9k-t\u00f6rv\u00e9nytelen\u00fcl-kezelte-a-v\u00e1laszt\u00f3k-szem\u00e9lyes-adatait-J\u00f3zsefv\u00e1rosban.jpg","contentUrl":"https:\/\/hotnewsinworld.com\/hu\/wp-content\/uploads\/sites\/3\/2019\/09\/az-ellenz\u00e9k-t\u00f6rv\u00e9nytelen\u00fcl-kezelte-a-v\u00e1laszt\u00f3k-szem\u00e9lyes-adatait-J\u00f3zsefv\u00e1rosban.jpg","width":768,"height":511,"caption":"az ellenz\u00e9k t\u00f6rv\u00e9nytelen\u00fcl kezelte a v\u00e1laszt\u00f3k szem\u00e9lyes adatait J\u00f3zsefv\u00e1rosban"},{"@type":"BreadcrumbList","@id":"https:\/\/hotnewsinworld.com\/hu\/az-ellenzek-torvenytelenul-kezelte-a-valasztok-szemelyes-adatait-jozsefvarosban\/#breadcrumb","itemListElement":[{"@type":"ListItem","position":1,"name":"\u0413\u043b\u0430\u0432\u043d\u0430\u044f \u0441\u0442\u0440\u0430\u043d\u0438\u0446\u0430","item":"https:\/\/hotnewsinworld.com\/hu\/"},{"@type":"ListItem","position":2,"name":"az ellenz\u00e9k t\u00f6rv\u00e9nytelen\u00fcl kezelte a v\u00e1laszt\u00f3k szem\u00e9lyes adatait J\u00f3zsefv\u00e1rosban"}]},{"@type":"WebSite","@id":"https:\/\/hotnewsinworld.com\/hu\/#website","url":"https:\/\/hotnewsinworld.com\/hu\/","name":"Hot News in World","description":"Hot News in World from Hungary","potentialAction":[{"@type":"SearchAction","target":{"@type":"EntryPoint","urlTemplate":"https:\/\/hotnewsinworld.com\/hu\/?s={search_term_string}"},"query-input":{"@type":"PropertyValueSpecification","valueRequired":true,"valueName":"search_term_string"}}],"inLanguage":"hu"},{"@type":"Person","@id":"https:\/\/hotnewsinworld.com\/hu\/#\/schema\/person\/fe61448b21c0d59086e75fcc1f9d8f6b","name":"hotnewsinworld","image":{"@type":"ImageObject","inLanguage":"hu","@id":"https:\/\/secure.gravatar.com\/avatar\/8a09ac165600ce2e1c38fe593c63928eb1e6e7ba5c5a907d67787c41b3d00c14?s=96&d=mm&r=g","url":"https:\/\/secure.gravatar.com\/avatar\/8a09ac165600ce2e1c38fe593c63928eb1e6e7ba5c5a907d67787c41b3d00c14?s=96&d=mm&r=g","contentUrl":"https:\/\/secure.gravatar.com\/avatar\/8a09ac165600ce2e1c38fe593c63928eb1e6e7ba5c5a907d67787c41b3d00c14?s=96&d=mm&r=g","caption":"hotnewsinworld"},"url":"https:\/\/hotnewsinworld.com\/hu\/author\/pt\/"}]}},"_links":{"self":[{"href":"https:\/\/hotnewsinworld.com\/hu\/wp-json\/wp\/v2\/posts\/1836","targetHints":{"allow":["GET"]}}],"collection":[{"href":"https:\/\/hotnewsinworld.com\/hu\/wp-json\/wp\/v2\/posts"}],"about":[{"href":"https:\/\/hotnewsinworld.com\/hu\/wp-json\/wp\/v2\/types\/post"}],"author":[{"embeddable":true,"href":"https:\/\/hotnewsinworld.com\/hu\/wp-json\/wp\/v2\/users\/2"}],"replies":[{"embeddable":true,"href":"https:\/\/hotnewsinworld.com\/hu\/wp-json\/wp\/v2\/comments?post=1836"}],"version-history":[{"count":1,"href":"https:\/\/hotnewsinworld.com\/hu\/wp-json\/wp\/v2\/posts\/1836\/revisions"}],"predecessor-version":[{"id":1838,"href":"https:\/\/hotnewsinworld.com\/hu\/wp-json\/wp\/v2\/posts\/1836\/revisions\/1838"}],"wp:featuredmedia":[{"embeddable":true,"href":"https:\/\/hotnewsinworld.com\/hu\/wp-json\/wp\/v2\/media\/1837"}],"wp:attachment":[{"href":"https:\/\/hotnewsinworld.com\/hu\/wp-json\/wp\/v2\/media?parent=1836"}],"wp:term":[{"taxonomy":"category","embeddable":true,"href":"https:\/\/hotnewsinworld.com\/hu\/wp-json\/wp\/v2\/categories?post=1836"},{"taxonomy":"post_tag","embeddable":true,"href":"https:\/\/hotnewsinworld.com\/hu\/wp-json\/wp\/v2\/tags?post=1836"}],"curies":[{"name":"wp","href":"https:\/\/api.w.org\/{rel}","templated":true}]}}