{"id":1839,"date":"2019-09-09T21:31:59","date_gmt":"2019-09-09T18:31:59","guid":{"rendered":"https:\/\/hotnewsinworld.com\/hu\/kosa-lajos-a-fidesz-kdnp-a-teljesitmenyre-alapozva-keri-az-emberek-bizalmat\/"},"modified":"2019-09-09T21:31:59","modified_gmt":"2019-09-09T18:31:59","slug":"kosa-lajos-a-fidesz-kdnp-a-teljesitmenyre-alapozva-keri-az-emberek-bizalmat","status":"publish","type":"post","link":"https:\/\/hotnewsinworld.com\/hu\/kosa-lajos-a-fidesz-kdnp-a-teljesitmenyre-alapozva-keri-az-emberek-bizalmat\/","title":{"rendered":"K\u00f3sa Lajos: A Fidesz-KDNP a teljes\u00edtm\u00e9nyre alapozva k\u00e9ri az emberek bizalm\u00e1t"},"content":{"rendered":"<div>\n\t\t\t\t\tA cikk emailben t\u00f6rt\u00e9n\u0151 elk\u00fcld\u00e9s\u00e9hez kattintson ide, vagy m\u00e1solja le \u00e9s k\u00fcldje el ezt a linket: <strong>https:\/\/magyarnemzet.hu\/belfold\/kosa-lajos-a-fidesz-kdnp-a-teljesitmenyre-alapozva-keri-az-emberek-bizalmat-7287398\/<\/strong>\n\t\t\t\t<\/div>\n<p>\n\t\t\t\t\t<span class=\"en-article-dates-main\">2019. szeptember 9. h\u00e9tf\u0151 20:24<\/span>\n\t\t\t\t\t\t\t\t\t\t\t\t\t\t<\/p>\n<div>\n<p>\n\t\t\t\t\t\t\t\tA Fidesz-KDNP a teljes\u00edtm\u00e9nyre alapozva k\u00e9ri az emberek bizalm\u00e1t az \u00f6nkorm\u00e1nyzati v\u00e1laszt\u00e1son, mert \u00f6sszefogva, a korm\u00e1ny vezet\u00e9s\u00e9vel el\u00e9rt\u00e9k, hogy a gazdas\u00e1g n\u00f6veked\u00e9se \u00e9s a csal\u00e1dt\u00e1mogat\u00e1si rendszer a legjobb az Eur\u00f3pai Uni\u00f3ban, m\u00edg 2010-ben 3,2 milli\u00f3an dolgoztak, ma m\u00e1r 4,7 milli\u00f3an \u2013 mondta K\u00f3sa Lajos cs\u00fct\u00f6rt\u00f6k\u00f6n Salg\u00f3tarj\u00e1nban.\t\t\t\t\t\t\t<\/p>\n<p>A Fidesz-KDNP \u00f6nkorm\u00e1nyzati v\u00e1laszt\u00e1sok\u00e9rt felel\u0151s kamp\u00e1nyf\u0151n\u00f6ke hozz\u00e1tette: ezzel szemben az ellenz\u00e9k az\u00e9rt k\u00e9ri a szavazatokat, mert el akarj\u00e1k t\u00f6r\u00f6lni Orb\u00e1n Viktor rendszer\u00e9t.<\/p>\n<p>K\u00f3sa Lajos szerint az ellenz\u00e9k nem \u00e9p\u00edteni akar, hanem harcolni.<\/p>\n<p>Aki h\u00e1bor\u00fazni akar a magyar korm\u00e1nnyal, az csatat\u00e9rr\u00e9 akarja v\u00e1ltoztatni a v\u00e1ros\u00e1t \u2013 mondta, hozz\u00e1t\u00e9ve, hogy mindenki eld\u00f6ntheti, melyiket v\u00e1lasztja.<\/p>\n<p>\u201eMi szeretn\u00e9nk Szab\u00f3 Csaba polg\u00e1rmesterjel\u00f6lttel \u00e9s a Fidesz-KDNP vezette N\u00f3gr\u00e1d megyei \u00f6nkorm\u00e1nyzattal \u00f6sszefogva fejleszteni, sz\u00e9p\u00edteni ezt a gy\u00f6ny\u00f6r\u0171 megy\u00e9t\u201d \u2013 fogalmazott.<\/p>\n<\/p><\/div>\n<p><script>\n    window.fbAsyncInit = function() {\n        FB.init({\n            appId      : \"397495361000984\",\n            xfbml      : true,\n            version    : \"v2.12\"\n        });\n        FB.AppEvents.logPageView();\n        jQuery(document).trigger('fbInit');\n    };<\/p>\n<p>    (function(d, s, id){\n        var js, fjs = d.getElementsByTagName(s)[0];\n        if (d.getElementById(id)) {return;}\n        js = d.createElement(s); js.id = id;\n        js.src = \"http:\/\/connect.facebook.net\/hu_HU\/sdk.js\";\n        fjs.parentNode.insertBefore(js, fjs);\n    }(document, \"script\", \"facebook-jssdk\"));\n<\/script><br \/>\n<br \/>\n<!--noindex--><br \/>\n<a href=\"https:\/\/hirek.oldal.info\/rssclick\/14383137\" rel=\"nofollow\">Source link <\/a><br \/>\n<!--\/noindex--><\/p>\n","protected":false},"excerpt":{"rendered":"<p>A cikk emailben t\u00f6rt\u00e9n\u0151 elk\u00fcld\u00e9s\u00e9hez kattintson ide, vagy m\u00e1solja le \u00e9s k\u00fcldje el ezt a linket: https:\/\/magyarnemzet.hu\/belfold\/kosa-lajos-a-fidesz-kdnp-a-teljesitmenyre-alapozva-keri-az-emberek-bizalmat-7287398\/ 2019. szeptember 9. h\u00e9tf\u0151 20:24 A Fidesz-KDNP a teljes\u00edtm\u00e9nyre alapozva k\u00e9ri az emberek bizalm\u00e1t az \u00f6nkorm\u00e1nyzati v\u00e1laszt\u00e1son, mert \u00f6sszefogva, a korm\u00e1ny vezet\u00e9s\u00e9vel el\u00e9rt\u00e9k, hogy a gazdas\u00e1g n\u00f6veked\u00e9se \u00e9s a csal\u00e1dt\u00e1mogat\u00e1si rendszer a legjobb az Eur\u00f3pai Uni\u00f3ban, m\u00edg 2010-ben [&hellip;]<\/p>\n","protected":false},"author":2,"featured_media":199,"comment_status":"open","ping_status":"open","sticky":false,"template":"","format":"standard","meta":{"footnotes":""},"categories":[1],"tags":[],"class_list":["post-1839","post","type-post","status-publish","format-standard","has-post-thumbnail","hentry","category-legujabb-penzugyi-hirek"],"yoast_head":"<!-- This site is optimized with the Yoast SEO plugin v27.4 - https:\/\/yoast.com\/product\/yoast-seo-wordpress\/ -->\n<title>K\u00f3sa Lajos: A Fidesz-KDNP a teljes\u00edtm\u00e9nyre alapozva k\u00e9ri az emberek bizalm\u00e1t - Hot News in World<\/title>\n<meta name=\"robots\" content=\"index, follow, max-snippet:-1, max-image-preview:large, max-video-preview:-1\" \/>\n<link rel=\"canonical\" href=\"https:\/\/hotnewsinworld.com\/hu\/kosa-lajos-a-fidesz-kdnp-a-teljesitmenyre-alapozva-keri-az-emberek-bizalmat\/\" \/>\n<meta property=\"og:locale\" content=\"hu_HU\" \/>\n<meta property=\"og:type\" content=\"article\" \/>\n<meta property=\"og:title\" content=\"K\u00f3sa Lajos: A Fidesz-KDNP a teljes\u00edtm\u00e9nyre alapozva k\u00e9ri az emberek bizalm\u00e1t - Hot News in World\" \/>\n<meta property=\"og:description\" content=\"A cikk emailben t\u00f6rt\u00e9n\u0151 elk\u00fcld\u00e9s\u00e9hez kattintson ide, vagy m\u00e1solja le \u00e9s k\u00fcldje el ezt a linket: https:\/\/magyarnemzet.hu\/belfold\/kosa-lajos-a-fidesz-kdnp-a-teljesitmenyre-alapozva-keri-az-emberek-bizalmat-7287398\/ 2019. szeptember 9. h\u00e9tf\u0151 20:24 A Fidesz-KDNP a teljes\u00edtm\u00e9nyre alapozva k\u00e9ri az emberek bizalm\u00e1t az \u00f6nkorm\u00e1nyzati v\u00e1laszt\u00e1son, mert \u00f6sszefogva, a korm\u00e1ny vezet\u00e9s\u00e9vel el\u00e9rt\u00e9k, hogy a gazdas\u00e1g n\u00f6veked\u00e9se \u00e9s a csal\u00e1dt\u00e1mogat\u00e1si rendszer a legjobb az Eur\u00f3pai Uni\u00f3ban, m\u00edg 2010-ben [&hellip;]\" \/>\n<meta property=\"og:url\" content=\"https:\/\/hotnewsinworld.com\/hu\/kosa-lajos-a-fidesz-kdnp-a-teljesitmenyre-alapozva-keri-az-emberek-bizalmat\/\" \/>\n<meta property=\"og:site_name\" content=\"Hot News in World\" \/>\n<meta property=\"article:published_time\" content=\"2019-09-09T18:31:59+00:00\" \/>\n<meta property=\"og:image\" content=\"https:\/\/hotnewsinworld.com\/hu\/wp-content\/uploads\/sites\/3\/2019\/06\/Hidv\u00e9ghi-Bal\u00e1zs-A-Fidesz-kezdem\u00e9nyezni-fogja-a-migr\u00e1nsk\u00e1rty\u00e1k-megsz\u00fcntet\u00e9s\u00e9t.png\" \/>\n\t<meta property=\"og:image:width\" content=\"1200\" \/>\n\t<meta property=\"og:image:height\" content=\"630\" \/>\n\t<meta property=\"og:image:type\" content=\"image\/png\" \/>\n<meta name=\"author\" content=\"hotnewsinworld\" \/>\n<meta name=\"twitter:card\" content=\"summary_large_image\" \/>\n<meta name=\"twitter:label1\" content=\"Szerz\u0151:\" \/>\n\t<meta name=\"twitter:data1\" content=\"hotnewsinworld\" \/>\n\t<meta name=\"twitter:label2\" content=\"Becs\u00fclt olvas\u00e1si id\u0151\" \/>\n\t<meta name=\"twitter:data2\" content=\"1 perc\" \/>\n<script type=\"application\/ld+json\" class=\"yoast-schema-graph\">{\"@context\":\"https:\\\/\\\/schema.org\",\"@graph\":[{\"@type\":\"Article\",\"@id\":\"https:\\\/\\\/hotnewsinworld.com\\\/hu\\\/kosa-lajos-a-fidesz-kdnp-a-teljesitmenyre-alapozva-keri-az-emberek-bizalmat\\\/#article\",\"isPartOf\":{\"@id\":\"https:\\\/\\\/hotnewsinworld.com\\\/hu\\\/kosa-lajos-a-fidesz-kdnp-a-teljesitmenyre-alapozva-keri-az-emberek-bizalmat\\\/\"},\"author\":{\"name\":\"hotnewsinworld\",\"@id\":\"https:\\\/\\\/hotnewsinworld.com\\\/hu\\\/#\\\/schema\\\/person\\\/fe61448b21c0d59086e75fcc1f9d8f6b\"},\"headline\":\"K\u00f3sa Lajos: A Fidesz-KDNP a teljes\u00edtm\u00e9nyre alapozva k\u00e9ri az emberek bizalm\u00e1t\",\"datePublished\":\"2019-09-09T18:31:59+00:00\",\"mainEntityOfPage\":{\"@id\":\"https:\\\/\\\/hotnewsinworld.com\\\/hu\\\/kosa-lajos-a-fidesz-kdnp-a-teljesitmenyre-alapozva-keri-az-emberek-bizalmat\\\/\"},\"wordCount\":236,\"commentCount\":0,\"image\":{\"@id\":\"https:\\\/\\\/hotnewsinworld.com\\\/hu\\\/kosa-lajos-a-fidesz-kdnp-a-teljesitmenyre-alapozva-keri-az-emberek-bizalmat\\\/#primaryimage\"},\"thumbnailUrl\":\"https:\\\/\\\/hotnewsinworld.com\\\/hu\\\/wp-content\\\/uploads\\\/sites\\\/3\\\/2019\\\/06\\\/Hidv\u00e9ghi-Bal\u00e1zs-A-Fidesz-kezdem\u00e9nyezni-fogja-a-migr\u00e1nsk\u00e1rty\u00e1k-megsz\u00fcntet\u00e9s\u00e9t.png\",\"articleSection\":[\"LEG\u00daJABB P\u00c9NZ\u00dcGYI H\u00cdREK\"],\"inLanguage\":\"hu\",\"potentialAction\":[{\"@type\":\"CommentAction\",\"name\":\"Comment\",\"target\":[\"https:\\\/\\\/hotnewsinworld.com\\\/hu\\\/kosa-lajos-a-fidesz-kdnp-a-teljesitmenyre-alapozva-keri-az-emberek-bizalmat\\\/#respond\"]}]},{\"@type\":\"WebPage\",\"@id\":\"https:\\\/\\\/hotnewsinworld.com\\\/hu\\\/kosa-lajos-a-fidesz-kdnp-a-teljesitmenyre-alapozva-keri-az-emberek-bizalmat\\\/\",\"url\":\"https:\\\/\\\/hotnewsinworld.com\\\/hu\\\/kosa-lajos-a-fidesz-kdnp-a-teljesitmenyre-alapozva-keri-az-emberek-bizalmat\\\/\",\"name\":\"K\u00f3sa Lajos: A Fidesz-KDNP a teljes\u00edtm\u00e9nyre alapozva k\u00e9ri az emberek bizalm\u00e1t - Hot News in World\",\"isPartOf\":{\"@id\":\"https:\\\/\\\/hotnewsinworld.com\\\/hu\\\/#website\"},\"primaryImageOfPage\":{\"@id\":\"https:\\\/\\\/hotnewsinworld.com\\\/hu\\\/kosa-lajos-a-fidesz-kdnp-a-teljesitmenyre-alapozva-keri-az-emberek-bizalmat\\\/#primaryimage\"},\"image\":{\"@id\":\"https:\\\/\\\/hotnewsinworld.com\\\/hu\\\/kosa-lajos-a-fidesz-kdnp-a-teljesitmenyre-alapozva-keri-az-emberek-bizalmat\\\/#primaryimage\"},\"thumbnailUrl\":\"https:\\\/\\\/hotnewsinworld.com\\\/hu\\\/wp-content\\\/uploads\\\/sites\\\/3\\\/2019\\\/06\\\/Hidv\u00e9ghi-Bal\u00e1zs-A-Fidesz-kezdem\u00e9nyezni-fogja-a-migr\u00e1nsk\u00e1rty\u00e1k-megsz\u00fcntet\u00e9s\u00e9t.png\",\"datePublished\":\"2019-09-09T18:31:59+00:00\",\"author\":{\"@id\":\"https:\\\/\\\/hotnewsinworld.com\\\/hu\\\/#\\\/schema\\\/person\\\/fe61448b21c0d59086e75fcc1f9d8f6b\"},\"breadcrumb\":{\"@id\":\"https:\\\/\\\/hotnewsinworld.com\\\/hu\\\/kosa-lajos-a-fidesz-kdnp-a-teljesitmenyre-alapozva-keri-az-emberek-bizalmat\\\/#breadcrumb\"},\"inLanguage\":\"hu\",\"potentialAction\":[{\"@type\":\"ReadAction\",\"target\":[\"https:\\\/\\\/hotnewsinworld.com\\\/hu\\\/kosa-lajos-a-fidesz-kdnp-a-teljesitmenyre-alapozva-keri-az-emberek-bizalmat\\\/\"]}]},{\"@type\":\"ImageObject\",\"inLanguage\":\"hu\",\"@id\":\"https:\\\/\\\/hotnewsinworld.com\\\/hu\\\/kosa-lajos-a-fidesz-kdnp-a-teljesitmenyre-alapozva-keri-az-emberek-bizalmat\\\/#primaryimage\",\"url\":\"https:\\\/\\\/hotnewsinworld.com\\\/hu\\\/wp-content\\\/uploads\\\/sites\\\/3\\\/2019\\\/06\\\/Hidv\u00e9ghi-Bal\u00e1zs-A-Fidesz-kezdem\u00e9nyezni-fogja-a-migr\u00e1nsk\u00e1rty\u00e1k-megsz\u00fcntet\u00e9s\u00e9t.png\",\"contentUrl\":\"https:\\\/\\\/hotnewsinworld.com\\\/hu\\\/wp-content\\\/uploads\\\/sites\\\/3\\\/2019\\\/06\\\/Hidv\u00e9ghi-Bal\u00e1zs-A-Fidesz-kezdem\u00e9nyezni-fogja-a-migr\u00e1nsk\u00e1rty\u00e1k-megsz\u00fcntet\u00e9s\u00e9t.png\",\"width\":1200,\"height\":630,\"caption\":\"Hidv\u00e9ghi Bal\u00e1zs: A Fidesz kezdem\u00e9nyezni fogja a migr\u00e1nsk\u00e1rty\u00e1k megsz\u00fcntet\u00e9s\u00e9t\"},{\"@type\":\"BreadcrumbList\",\"@id\":\"https:\\\/\\\/hotnewsinworld.com\\\/hu\\\/kosa-lajos-a-fidesz-kdnp-a-teljesitmenyre-alapozva-keri-az-emberek-bizalmat\\\/#breadcrumb\",\"itemListElement\":[{\"@type\":\"ListItem\",\"position\":1,\"name\":\"\u0413\u043b\u0430\u0432\u043d\u0430\u044f \u0441\u0442\u0440\u0430\u043d\u0438\u0446\u0430\",\"item\":\"https:\\\/\\\/hotnewsinworld.com\\\/hu\\\/\"},{\"@type\":\"ListItem\",\"position\":2,\"name\":\"K\u00f3sa Lajos: A Fidesz-KDNP a teljes\u00edtm\u00e9nyre alapozva k\u00e9ri az emberek bizalm\u00e1t\"}]},{\"@type\":\"WebSite\",\"@id\":\"https:\\\/\\\/hotnewsinworld.com\\\/hu\\\/#website\",\"url\":\"https:\\\/\\\/hotnewsinworld.com\\\/hu\\\/\",\"name\":\"Hot News in World\",\"description\":\"Hot News in World from Hungary\",\"potentialAction\":[{\"@type\":\"SearchAction\",\"target\":{\"@type\":\"EntryPoint\",\"urlTemplate\":\"https:\\\/\\\/hotnewsinworld.com\\\/hu\\\/?s={search_term_string}\"},\"query-input\":{\"@type\":\"PropertyValueSpecification\",\"valueRequired\":true,\"valueName\":\"search_term_string\"}}],\"inLanguage\":\"hu\"},{\"@type\":\"Person\",\"@id\":\"https:\\\/\\\/hotnewsinworld.com\\\/hu\\\/#\\\/schema\\\/person\\\/fe61448b21c0d59086e75fcc1f9d8f6b\",\"name\":\"hotnewsinworld\",\"image\":{\"@type\":\"ImageObject\",\"inLanguage\":\"hu\",\"@id\":\"https:\\\/\\\/secure.gravatar.com\\\/avatar\\\/8a09ac165600ce2e1c38fe593c63928eb1e6e7ba5c5a907d67787c41b3d00c14?s=96&d=mm&r=g\",\"url\":\"https:\\\/\\\/secure.gravatar.com\\\/avatar\\\/8a09ac165600ce2e1c38fe593c63928eb1e6e7ba5c5a907d67787c41b3d00c14?s=96&d=mm&r=g\",\"contentUrl\":\"https:\\\/\\\/secure.gravatar.com\\\/avatar\\\/8a09ac165600ce2e1c38fe593c63928eb1e6e7ba5c5a907d67787c41b3d00c14?s=96&d=mm&r=g\",\"caption\":\"hotnewsinworld\"},\"url\":\"https:\\\/\\\/hotnewsinworld.com\\\/hu\\\/author\\\/pt\\\/\"}]}<\/script>\n<!-- \/ Yoast SEO plugin. -->","yoast_head_json":{"title":"K\u00f3sa Lajos: A Fidesz-KDNP a teljes\u00edtm\u00e9nyre alapozva k\u00e9ri az emberek bizalm\u00e1t - Hot News in World","robots":{"index":"index","follow":"follow","max-snippet":"max-snippet:-1","max-image-preview":"max-image-preview:large","max-video-preview":"max-video-preview:-1"},"canonical":"https:\/\/hotnewsinworld.com\/hu\/kosa-lajos-a-fidesz-kdnp-a-teljesitmenyre-alapozva-keri-az-emberek-bizalmat\/","og_locale":"hu_HU","og_type":"article","og_title":"K\u00f3sa Lajos: A Fidesz-KDNP a teljes\u00edtm\u00e9nyre alapozva k\u00e9ri az emberek bizalm\u00e1t - Hot News in World","og_description":"A cikk emailben t\u00f6rt\u00e9n\u0151 elk\u00fcld\u00e9s\u00e9hez kattintson ide, vagy m\u00e1solja le \u00e9s k\u00fcldje el ezt a linket: https:\/\/magyarnemzet.hu\/belfold\/kosa-lajos-a-fidesz-kdnp-a-teljesitmenyre-alapozva-keri-az-emberek-bizalmat-7287398\/ 2019. szeptember 9. h\u00e9tf\u0151 20:24 A Fidesz-KDNP a teljes\u00edtm\u00e9nyre alapozva k\u00e9ri az emberek bizalm\u00e1t az \u00f6nkorm\u00e1nyzati v\u00e1laszt\u00e1son, mert \u00f6sszefogva, a korm\u00e1ny vezet\u00e9s\u00e9vel el\u00e9rt\u00e9k, hogy a gazdas\u00e1g n\u00f6veked\u00e9se \u00e9s a csal\u00e1dt\u00e1mogat\u00e1si rendszer a legjobb az Eur\u00f3pai Uni\u00f3ban, m\u00edg 2010-ben [&hellip;]","og_url":"https:\/\/hotnewsinworld.com\/hu\/kosa-lajos-a-fidesz-kdnp-a-teljesitmenyre-alapozva-keri-az-emberek-bizalmat\/","og_site_name":"Hot News in World","article_published_time":"2019-09-09T18:31:59+00:00","og_image":[{"width":1200,"height":630,"url":"https:\/\/hotnewsinworld.com\/hu\/wp-content\/uploads\/sites\/3\/2019\/06\/Hidv\u00e9ghi-Bal\u00e1zs-A-Fidesz-kezdem\u00e9nyezni-fogja-a-migr\u00e1nsk\u00e1rty\u00e1k-megsz\u00fcntet\u00e9s\u00e9t.png","type":"image\/png"}],"author":"hotnewsinworld","twitter_card":"summary_large_image","twitter_misc":{"Szerz\u0151:":"hotnewsinworld","Becs\u00fclt olvas\u00e1si id\u0151":"1 perc"},"schema":{"@context":"https:\/\/schema.org","@graph":[{"@type":"Article","@id":"https:\/\/hotnewsinworld.com\/hu\/kosa-lajos-a-fidesz-kdnp-a-teljesitmenyre-alapozva-keri-az-emberek-bizalmat\/#article","isPartOf":{"@id":"https:\/\/hotnewsinworld.com\/hu\/kosa-lajos-a-fidesz-kdnp-a-teljesitmenyre-alapozva-keri-az-emberek-bizalmat\/"},"author":{"name":"hotnewsinworld","@id":"https:\/\/hotnewsinworld.com\/hu\/#\/schema\/person\/fe61448b21c0d59086e75fcc1f9d8f6b"},"headline":"K\u00f3sa Lajos: A Fidesz-KDNP a teljes\u00edtm\u00e9nyre alapozva k\u00e9ri az emberek bizalm\u00e1t","datePublished":"2019-09-09T18:31:59+00:00","mainEntityOfPage":{"@id":"https:\/\/hotnewsinworld.com\/hu\/kosa-lajos-a-fidesz-kdnp-a-teljesitmenyre-alapozva-keri-az-emberek-bizalmat\/"},"wordCount":236,"commentCount":0,"image":{"@id":"https:\/\/hotnewsinworld.com\/hu\/kosa-lajos-a-fidesz-kdnp-a-teljesitmenyre-alapozva-keri-az-emberek-bizalmat\/#primaryimage"},"thumbnailUrl":"https:\/\/hotnewsinworld.com\/hu\/wp-content\/uploads\/sites\/3\/2019\/06\/Hidv\u00e9ghi-Bal\u00e1zs-A-Fidesz-kezdem\u00e9nyezni-fogja-a-migr\u00e1nsk\u00e1rty\u00e1k-megsz\u00fcntet\u00e9s\u00e9t.png","articleSection":["LEG\u00daJABB P\u00c9NZ\u00dcGYI H\u00cdREK"],"inLanguage":"hu","potentialAction":[{"@type":"CommentAction","name":"Comment","target":["https:\/\/hotnewsinworld.com\/hu\/kosa-lajos-a-fidesz-kdnp-a-teljesitmenyre-alapozva-keri-az-emberek-bizalmat\/#respond"]}]},{"@type":"WebPage","@id":"https:\/\/hotnewsinworld.com\/hu\/kosa-lajos-a-fidesz-kdnp-a-teljesitmenyre-alapozva-keri-az-emberek-bizalmat\/","url":"https:\/\/hotnewsinworld.com\/hu\/kosa-lajos-a-fidesz-kdnp-a-teljesitmenyre-alapozva-keri-az-emberek-bizalmat\/","name":"K\u00f3sa Lajos: A Fidesz-KDNP a teljes\u00edtm\u00e9nyre alapozva k\u00e9ri az emberek bizalm\u00e1t - Hot News in World","isPartOf":{"@id":"https:\/\/hotnewsinworld.com\/hu\/#website"},"primaryImageOfPage":{"@id":"https:\/\/hotnewsinworld.com\/hu\/kosa-lajos-a-fidesz-kdnp-a-teljesitmenyre-alapozva-keri-az-emberek-bizalmat\/#primaryimage"},"image":{"@id":"https:\/\/hotnewsinworld.com\/hu\/kosa-lajos-a-fidesz-kdnp-a-teljesitmenyre-alapozva-keri-az-emberek-bizalmat\/#primaryimage"},"thumbnailUrl":"https:\/\/hotnewsinworld.com\/hu\/wp-content\/uploads\/sites\/3\/2019\/06\/Hidv\u00e9ghi-Bal\u00e1zs-A-Fidesz-kezdem\u00e9nyezni-fogja-a-migr\u00e1nsk\u00e1rty\u00e1k-megsz\u00fcntet\u00e9s\u00e9t.png","datePublished":"2019-09-09T18:31:59+00:00","author":{"@id":"https:\/\/hotnewsinworld.com\/hu\/#\/schema\/person\/fe61448b21c0d59086e75fcc1f9d8f6b"},"breadcrumb":{"@id":"https:\/\/hotnewsinworld.com\/hu\/kosa-lajos-a-fidesz-kdnp-a-teljesitmenyre-alapozva-keri-az-emberek-bizalmat\/#breadcrumb"},"inLanguage":"hu","potentialAction":[{"@type":"ReadAction","target":["https:\/\/hotnewsinworld.com\/hu\/kosa-lajos-a-fidesz-kdnp-a-teljesitmenyre-alapozva-keri-az-emberek-bizalmat\/"]}]},{"@type":"ImageObject","inLanguage":"hu","@id":"https:\/\/hotnewsinworld.com\/hu\/kosa-lajos-a-fidesz-kdnp-a-teljesitmenyre-alapozva-keri-az-emberek-bizalmat\/#primaryimage","url":"https:\/\/hotnewsinworld.com\/hu\/wp-content\/uploads\/sites\/3\/2019\/06\/Hidv\u00e9ghi-Bal\u00e1zs-A-Fidesz-kezdem\u00e9nyezni-fogja-a-migr\u00e1nsk\u00e1rty\u00e1k-megsz\u00fcntet\u00e9s\u00e9t.png","contentUrl":"https:\/\/hotnewsinworld.com\/hu\/wp-content\/uploads\/sites\/3\/2019\/06\/Hidv\u00e9ghi-Bal\u00e1zs-A-Fidesz-kezdem\u00e9nyezni-fogja-a-migr\u00e1nsk\u00e1rty\u00e1k-megsz\u00fcntet\u00e9s\u00e9t.png","width":1200,"height":630,"caption":"Hidv\u00e9ghi Bal\u00e1zs: A Fidesz kezdem\u00e9nyezni fogja a migr\u00e1nsk\u00e1rty\u00e1k megsz\u00fcntet\u00e9s\u00e9t"},{"@type":"BreadcrumbList","@id":"https:\/\/hotnewsinworld.com\/hu\/kosa-lajos-a-fidesz-kdnp-a-teljesitmenyre-alapozva-keri-az-emberek-bizalmat\/#breadcrumb","itemListElement":[{"@type":"ListItem","position":1,"name":"\u0413\u043b\u0430\u0432\u043d\u0430\u044f \u0441\u0442\u0440\u0430\u043d\u0438\u0446\u0430","item":"https:\/\/hotnewsinworld.com\/hu\/"},{"@type":"ListItem","position":2,"name":"K\u00f3sa Lajos: A Fidesz-KDNP a teljes\u00edtm\u00e9nyre alapozva k\u00e9ri az emberek bizalm\u00e1t"}]},{"@type":"WebSite","@id":"https:\/\/hotnewsinworld.com\/hu\/#website","url":"https:\/\/hotnewsinworld.com\/hu\/","name":"Hot News in World","description":"Hot News in World from Hungary","potentialAction":[{"@type":"SearchAction","target":{"@type":"EntryPoint","urlTemplate":"https:\/\/hotnewsinworld.com\/hu\/?s={search_term_string}"},"query-input":{"@type":"PropertyValueSpecification","valueRequired":true,"valueName":"search_term_string"}}],"inLanguage":"hu"},{"@type":"Person","@id":"https:\/\/hotnewsinworld.com\/hu\/#\/schema\/person\/fe61448b21c0d59086e75fcc1f9d8f6b","name":"hotnewsinworld","image":{"@type":"ImageObject","inLanguage":"hu","@id":"https:\/\/secure.gravatar.com\/avatar\/8a09ac165600ce2e1c38fe593c63928eb1e6e7ba5c5a907d67787c41b3d00c14?s=96&d=mm&r=g","url":"https:\/\/secure.gravatar.com\/avatar\/8a09ac165600ce2e1c38fe593c63928eb1e6e7ba5c5a907d67787c41b3d00c14?s=96&d=mm&r=g","contentUrl":"https:\/\/secure.gravatar.com\/avatar\/8a09ac165600ce2e1c38fe593c63928eb1e6e7ba5c5a907d67787c41b3d00c14?s=96&d=mm&r=g","caption":"hotnewsinworld"},"url":"https:\/\/hotnewsinworld.com\/hu\/author\/pt\/"}]}},"_links":{"self":[{"href":"https:\/\/hotnewsinworld.com\/hu\/wp-json\/wp\/v2\/posts\/1839","targetHints":{"allow":["GET"]}}],"collection":[{"href":"https:\/\/hotnewsinworld.com\/hu\/wp-json\/wp\/v2\/posts"}],"about":[{"href":"https:\/\/hotnewsinworld.com\/hu\/wp-json\/wp\/v2\/types\/post"}],"author":[{"embeddable":true,"href":"https:\/\/hotnewsinworld.com\/hu\/wp-json\/wp\/v2\/users\/2"}],"replies":[{"embeddable":true,"href":"https:\/\/hotnewsinworld.com\/hu\/wp-json\/wp\/v2\/comments?post=1839"}],"version-history":[{"count":1,"href":"https:\/\/hotnewsinworld.com\/hu\/wp-json\/wp\/v2\/posts\/1839\/revisions"}],"predecessor-version":[{"id":1840,"href":"https:\/\/hotnewsinworld.com\/hu\/wp-json\/wp\/v2\/posts\/1839\/revisions\/1840"}],"wp:featuredmedia":[{"embeddable":true,"href":"https:\/\/hotnewsinworld.com\/hu\/wp-json\/wp\/v2\/media\/199"}],"wp:attachment":[{"href":"https:\/\/hotnewsinworld.com\/hu\/wp-json\/wp\/v2\/media?parent=1839"}],"wp:term":[{"taxonomy":"category","embeddable":true,"href":"https:\/\/hotnewsinworld.com\/hu\/wp-json\/wp\/v2\/categories?post=1839"},{"taxonomy":"post_tag","embeddable":true,"href":"https:\/\/hotnewsinworld.com\/hu\/wp-json\/wp\/v2\/tags?post=1839"}],"curies":[{"name":"wp","href":"https:\/\/api.w.org\/{rel}","templated":true}]}}