{"id":1843,"date":"2019-09-10T02:14:22","date_gmt":"2019-09-09T23:14:22","guid":{"rendered":"https:\/\/hotnewsinworld.com\/hu\/akkor-a-letszamhiany-a-mav-nal-hogy-vasarnap-ejszaka-az-egyetlen-penztaros-betegsege-miatt-zarva-voltak-a-penztarak-a-keletiben\/"},"modified":"2019-09-10T02:14:23","modified_gmt":"2019-09-09T23:14:23","slug":"akkor-a-letszamhiany-a-mav-nal-hogy-vasarnap-ejszaka-az-egyetlen-penztaros-betegsege-miatt-zarva-voltak-a-penztarak-a-keletiben","status":"publish","type":"post","link":"https:\/\/hotnewsinworld.com\/hu\/akkor-a-letszamhiany-a-mav-nal-hogy-vasarnap-ejszaka-az-egyetlen-penztaros-betegsege-miatt-zarva-voltak-a-penztarak-a-keletiben\/","title":{"rendered":"Akkor a l\u00e9tsz\u00e1mhi\u00e1ny a M\u00c1V-n\u00e1l, hogy vas\u00e1rnap \u00e9jszaka az egyetlen p\u00e9nzt\u00e1ros betegs\u00e9ge miatt z\u00e1rva voltak a p\u00e9nzt\u00e1rak a Keletiben"},"content":{"rendered":"<div>\n<p class=\"lead\">Augusztusban 30 vonat nem tudott elindulni, mert nem volt r\u00e1 szem\u00e9lyzet. A M\u00c1V szerint ez csak a j\u00e1ratok t\u00f6red\u00e9ke \u00e9s b\u00e1r folyamatosan keresnek vasutasokat, a t\u00e1rsas\u00e1g szerint nincs baj a szolg\u00e1ltat\u00e1ssal. A K\u00f6zleked\u0151 T\u00f6meg Egyes\u00fclet szerint azonban van, a probl\u00e9m\u00e1k m\u00e1r mindennaposak. Legut\u00f3bb vas\u00e1rnap \u00e9jszaka az\u00e9rt nem volt jegyp\u00e9nzt\u00e1r a\u2026<\/p>\n<\/div>\n<p><script>(function(d, s, id) {\n  var js, fjs = d.getElementsByTagName(s)[0];\n  if (d.getElementById(id)) return;\n  js = d.createElement(s); js.id = id;\n  js.src = \"http:\/\/connect.facebook.net\/hu_HU\/sdk.js#xfbml=1&version=v2.6\";\n  fjs.parentNode.insertBefore(js, fjs);\n}(document, 'script', 'facebook-jssdk'));<\/script><br \/>\n<br \/>\n<!--noindex--><br \/>\n<a href=\"https:\/\/hirek.oldal.info\/rssclick\/14383496\" rel=\"nofollow\">Source link <\/a><br \/>\n<!--\/noindex--><\/p>\n","protected":false},"excerpt":{"rendered":"<p>Augusztusban 30 vonat nem tudott elindulni, mert nem volt r\u00e1 szem\u00e9lyzet. A M\u00c1V szerint ez csak a j\u00e1ratok t\u00f6red\u00e9ke \u00e9s b\u00e1r folyamatosan keresnek vasutasokat, a t\u00e1rsas\u00e1g szerint nincs baj a szolg\u00e1ltat\u00e1ssal. A K\u00f6zleked\u0151 T\u00f6meg Egyes\u00fclet szerint azonban van, a probl\u00e9m\u00e1k m\u00e1r mindennaposak. Legut\u00f3bb vas\u00e1rnap \u00e9jszaka az\u00e9rt nem volt jegyp\u00e9nzt\u00e1r a\u2026 Source link<\/p>\n","protected":false},"author":2,"featured_media":1844,"comment_status":"open","ping_status":"open","sticky":false,"template":"","format":"standard","meta":{"footnotes":""},"categories":[1],"tags":[],"class_list":["post-1843","post","type-post","status-publish","format-standard","has-post-thumbnail","hentry","category-legujabb-penzugyi-hirek"],"yoast_head":"<!-- This site is optimized with the Yoast SEO plugin v27.4 - https:\/\/yoast.com\/product\/yoast-seo-wordpress\/ -->\n<title>Akkor a l\u00e9tsz\u00e1mhi\u00e1ny a M\u00c1V-n\u00e1l, hogy vas\u00e1rnap \u00e9jszaka az egyetlen p\u00e9nzt\u00e1ros betegs\u00e9ge miatt z\u00e1rva voltak a p\u00e9nzt\u00e1rak a Keletiben - Hot News in World<\/title>\n<meta name=\"robots\" content=\"index, follow, max-snippet:-1, max-image-preview:large, max-video-preview:-1\" \/>\n<link rel=\"canonical\" href=\"https:\/\/hotnewsinworld.com\/hu\/akkor-a-letszamhiany-a-mav-nal-hogy-vasarnap-ejszaka-az-egyetlen-penztaros-betegsege-miatt-zarva-voltak-a-penztarak-a-keletiben\/\" \/>\n<meta property=\"og:locale\" content=\"hu_HU\" \/>\n<meta property=\"og:type\" content=\"article\" \/>\n<meta property=\"og:title\" content=\"Akkor a l\u00e9tsz\u00e1mhi\u00e1ny a M\u00c1V-n\u00e1l, hogy vas\u00e1rnap \u00e9jszaka az egyetlen p\u00e9nzt\u00e1ros betegs\u00e9ge miatt z\u00e1rva voltak a p\u00e9nzt\u00e1rak a Keletiben - Hot News in World\" \/>\n<meta property=\"og:description\" content=\"Augusztusban 30 vonat nem tudott elindulni, mert nem volt r\u00e1 szem\u00e9lyzet. A M\u00c1V szerint ez csak a j\u00e1ratok t\u00f6red\u00e9ke \u00e9s b\u00e1r folyamatosan keresnek vasutasokat, a t\u00e1rsas\u00e1g szerint nincs baj a szolg\u00e1ltat\u00e1ssal. A K\u00f6zleked\u0151 T\u00f6meg Egyes\u00fclet szerint azonban van, a probl\u00e9m\u00e1k m\u00e1r mindennaposak. Legut\u00f3bb vas\u00e1rnap \u00e9jszaka az\u00e9rt nem volt jegyp\u00e9nzt\u00e1r a\u2026 Source link\" \/>\n<meta property=\"og:url\" content=\"https:\/\/hotnewsinworld.com\/hu\/akkor-a-letszamhiany-a-mav-nal-hogy-vasarnap-ejszaka-az-egyetlen-penztaros-betegsege-miatt-zarva-voltak-a-penztarak-a-keletiben\/\" \/>\n<meta property=\"og:site_name\" content=\"Hot News in World\" \/>\n<meta property=\"article:published_time\" content=\"2019-09-09T23:14:22+00:00\" \/>\n<meta property=\"article:modified_time\" content=\"2019-09-09T23:14:23+00:00\" \/>\n<meta property=\"og:image\" content=\"https:\/\/hotnewsinworld.com\/hu\/wp-content\/uploads\/sites\/3\/2019\/09\/Akkor-a-l\u00e9tsz\u00e1mhi\u00e1ny-a-M\u00c1V-n\u00e1l-hogy-vas\u00e1rnap-\u00e9jszaka-az-egyetlen.jpg\" \/>\n\t<meta property=\"og:image:width\" content=\"600\" \/>\n\t<meta property=\"og:image:height\" content=\"315\" \/>\n\t<meta property=\"og:image:type\" content=\"image\/jpeg\" \/>\n<meta name=\"author\" content=\"hotnewsinworld\" \/>\n<meta name=\"twitter:card\" content=\"summary_large_image\" \/>\n<meta name=\"twitter:label1\" content=\"Szerz\u0151:\" \/>\n\t<meta name=\"twitter:data1\" content=\"hotnewsinworld\" \/>\n<script type=\"application\/ld+json\" class=\"yoast-schema-graph\">{\"@context\":\"https:\\\/\\\/schema.org\",\"@graph\":[{\"@type\":\"Article\",\"@id\":\"https:\\\/\\\/hotnewsinworld.com\\\/hu\\\/akkor-a-letszamhiany-a-mav-nal-hogy-vasarnap-ejszaka-az-egyetlen-penztaros-betegsege-miatt-zarva-voltak-a-penztarak-a-keletiben\\\/#article\",\"isPartOf\":{\"@id\":\"https:\\\/\\\/hotnewsinworld.com\\\/hu\\\/akkor-a-letszamhiany-a-mav-nal-hogy-vasarnap-ejszaka-az-egyetlen-penztaros-betegsege-miatt-zarva-voltak-a-penztarak-a-keletiben\\\/\"},\"author\":{\"name\":\"hotnewsinworld\",\"@id\":\"https:\\\/\\\/hotnewsinworld.com\\\/hu\\\/#\\\/schema\\\/person\\\/fe61448b21c0d59086e75fcc1f9d8f6b\"},\"headline\":\"Akkor a l\u00e9tsz\u00e1mhi\u00e1ny a M\u00c1V-n\u00e1l, hogy vas\u00e1rnap \u00e9jszaka az egyetlen p\u00e9nzt\u00e1ros betegs\u00e9ge miatt z\u00e1rva voltak a p\u00e9nzt\u00e1rak a Keletiben\",\"datePublished\":\"2019-09-09T23:14:22+00:00\",\"dateModified\":\"2019-09-09T23:14:23+00:00\",\"mainEntityOfPage\":{\"@id\":\"https:\\\/\\\/hotnewsinworld.com\\\/hu\\\/akkor-a-letszamhiany-a-mav-nal-hogy-vasarnap-ejszaka-az-egyetlen-penztaros-betegsege-miatt-zarva-voltak-a-penztarak-a-keletiben\\\/\"},\"wordCount\":103,\"commentCount\":0,\"image\":{\"@id\":\"https:\\\/\\\/hotnewsinworld.com\\\/hu\\\/akkor-a-letszamhiany-a-mav-nal-hogy-vasarnap-ejszaka-az-egyetlen-penztaros-betegsege-miatt-zarva-voltak-a-penztarak-a-keletiben\\\/#primaryimage\"},\"thumbnailUrl\":\"https:\\\/\\\/hotnewsinworld.com\\\/hu\\\/wp-content\\\/uploads\\\/sites\\\/3\\\/2019\\\/09\\\/Akkor-a-l\u00e9tsz\u00e1mhi\u00e1ny-a-M\u00c1V-n\u00e1l-hogy-vas\u00e1rnap-\u00e9jszaka-az-egyetlen.jpg\",\"articleSection\":[\"LEG\u00daJABB P\u00c9NZ\u00dcGYI H\u00cdREK\"],\"inLanguage\":\"hu\",\"potentialAction\":[{\"@type\":\"CommentAction\",\"name\":\"Comment\",\"target\":[\"https:\\\/\\\/hotnewsinworld.com\\\/hu\\\/akkor-a-letszamhiany-a-mav-nal-hogy-vasarnap-ejszaka-az-egyetlen-penztaros-betegsege-miatt-zarva-voltak-a-penztarak-a-keletiben\\\/#respond\"]}]},{\"@type\":\"WebPage\",\"@id\":\"https:\\\/\\\/hotnewsinworld.com\\\/hu\\\/akkor-a-letszamhiany-a-mav-nal-hogy-vasarnap-ejszaka-az-egyetlen-penztaros-betegsege-miatt-zarva-voltak-a-penztarak-a-keletiben\\\/\",\"url\":\"https:\\\/\\\/hotnewsinworld.com\\\/hu\\\/akkor-a-letszamhiany-a-mav-nal-hogy-vasarnap-ejszaka-az-egyetlen-penztaros-betegsege-miatt-zarva-voltak-a-penztarak-a-keletiben\\\/\",\"name\":\"Akkor a l\u00e9tsz\u00e1mhi\u00e1ny a M\u00c1V-n\u00e1l, hogy vas\u00e1rnap \u00e9jszaka az egyetlen p\u00e9nzt\u00e1ros betegs\u00e9ge miatt z\u00e1rva voltak a p\u00e9nzt\u00e1rak a Keletiben - Hot News in World\",\"isPartOf\":{\"@id\":\"https:\\\/\\\/hotnewsinworld.com\\\/hu\\\/#website\"},\"primaryImageOfPage\":{\"@id\":\"https:\\\/\\\/hotnewsinworld.com\\\/hu\\\/akkor-a-letszamhiany-a-mav-nal-hogy-vasarnap-ejszaka-az-egyetlen-penztaros-betegsege-miatt-zarva-voltak-a-penztarak-a-keletiben\\\/#primaryimage\"},\"image\":{\"@id\":\"https:\\\/\\\/hotnewsinworld.com\\\/hu\\\/akkor-a-letszamhiany-a-mav-nal-hogy-vasarnap-ejszaka-az-egyetlen-penztaros-betegsege-miatt-zarva-voltak-a-penztarak-a-keletiben\\\/#primaryimage\"},\"thumbnailUrl\":\"https:\\\/\\\/hotnewsinworld.com\\\/hu\\\/wp-content\\\/uploads\\\/sites\\\/3\\\/2019\\\/09\\\/Akkor-a-l\u00e9tsz\u00e1mhi\u00e1ny-a-M\u00c1V-n\u00e1l-hogy-vas\u00e1rnap-\u00e9jszaka-az-egyetlen.jpg\",\"datePublished\":\"2019-09-09T23:14:22+00:00\",\"dateModified\":\"2019-09-09T23:14:23+00:00\",\"author\":{\"@id\":\"https:\\\/\\\/hotnewsinworld.com\\\/hu\\\/#\\\/schema\\\/person\\\/fe61448b21c0d59086e75fcc1f9d8f6b\"},\"breadcrumb\":{\"@id\":\"https:\\\/\\\/hotnewsinworld.com\\\/hu\\\/akkor-a-letszamhiany-a-mav-nal-hogy-vasarnap-ejszaka-az-egyetlen-penztaros-betegsege-miatt-zarva-voltak-a-penztarak-a-keletiben\\\/#breadcrumb\"},\"inLanguage\":\"hu\",\"potentialAction\":[{\"@type\":\"ReadAction\",\"target\":[\"https:\\\/\\\/hotnewsinworld.com\\\/hu\\\/akkor-a-letszamhiany-a-mav-nal-hogy-vasarnap-ejszaka-az-egyetlen-penztaros-betegsege-miatt-zarva-voltak-a-penztarak-a-keletiben\\\/\"]}]},{\"@type\":\"ImageObject\",\"inLanguage\":\"hu\",\"@id\":\"https:\\\/\\\/hotnewsinworld.com\\\/hu\\\/akkor-a-letszamhiany-a-mav-nal-hogy-vasarnap-ejszaka-az-egyetlen-penztaros-betegsege-miatt-zarva-voltak-a-penztarak-a-keletiben\\\/#primaryimage\",\"url\":\"https:\\\/\\\/hotnewsinworld.com\\\/hu\\\/wp-content\\\/uploads\\\/sites\\\/3\\\/2019\\\/09\\\/Akkor-a-l\u00e9tsz\u00e1mhi\u00e1ny-a-M\u00c1V-n\u00e1l-hogy-vas\u00e1rnap-\u00e9jszaka-az-egyetlen.jpg\",\"contentUrl\":\"https:\\\/\\\/hotnewsinworld.com\\\/hu\\\/wp-content\\\/uploads\\\/sites\\\/3\\\/2019\\\/09\\\/Akkor-a-l\u00e9tsz\u00e1mhi\u00e1ny-a-M\u00c1V-n\u00e1l-hogy-vas\u00e1rnap-\u00e9jszaka-az-egyetlen.jpg\",\"width\":600,\"height\":315,\"caption\":\"Akkor a l\u00e9tsz\u00e1mhi\u00e1ny a M\u00c1V-n\u00e1l, hogy vas\u00e1rnap \u00e9jszaka az egyetlen p\u00e9nzt\u00e1ros betegs\u00e9ge miatt z\u00e1rva voltak a p\u00e9nzt\u00e1rak a Keletiben\"},{\"@type\":\"BreadcrumbList\",\"@id\":\"https:\\\/\\\/hotnewsinworld.com\\\/hu\\\/akkor-a-letszamhiany-a-mav-nal-hogy-vasarnap-ejszaka-az-egyetlen-penztaros-betegsege-miatt-zarva-voltak-a-penztarak-a-keletiben\\\/#breadcrumb\",\"itemListElement\":[{\"@type\":\"ListItem\",\"position\":1,\"name\":\"\u0413\u043b\u0430\u0432\u043d\u0430\u044f \u0441\u0442\u0440\u0430\u043d\u0438\u0446\u0430\",\"item\":\"https:\\\/\\\/hotnewsinworld.com\\\/hu\\\/\"},{\"@type\":\"ListItem\",\"position\":2,\"name\":\"Akkor a l\u00e9tsz\u00e1mhi\u00e1ny a M\u00c1V-n\u00e1l, hogy vas\u00e1rnap \u00e9jszaka az egyetlen p\u00e9nzt\u00e1ros betegs\u00e9ge miatt z\u00e1rva voltak a p\u00e9nzt\u00e1rak a Keletiben\"}]},{\"@type\":\"WebSite\",\"@id\":\"https:\\\/\\\/hotnewsinworld.com\\\/hu\\\/#website\",\"url\":\"https:\\\/\\\/hotnewsinworld.com\\\/hu\\\/\",\"name\":\"Hot News in World\",\"description\":\"Hot News in World from Hungary\",\"potentialAction\":[{\"@type\":\"SearchAction\",\"target\":{\"@type\":\"EntryPoint\",\"urlTemplate\":\"https:\\\/\\\/hotnewsinworld.com\\\/hu\\\/?s={search_term_string}\"},\"query-input\":{\"@type\":\"PropertyValueSpecification\",\"valueRequired\":true,\"valueName\":\"search_term_string\"}}],\"inLanguage\":\"hu\"},{\"@type\":\"Person\",\"@id\":\"https:\\\/\\\/hotnewsinworld.com\\\/hu\\\/#\\\/schema\\\/person\\\/fe61448b21c0d59086e75fcc1f9d8f6b\",\"name\":\"hotnewsinworld\",\"image\":{\"@type\":\"ImageObject\",\"inLanguage\":\"hu\",\"@id\":\"https:\\\/\\\/secure.gravatar.com\\\/avatar\\\/8a09ac165600ce2e1c38fe593c63928eb1e6e7ba5c5a907d67787c41b3d00c14?s=96&d=mm&r=g\",\"url\":\"https:\\\/\\\/secure.gravatar.com\\\/avatar\\\/8a09ac165600ce2e1c38fe593c63928eb1e6e7ba5c5a907d67787c41b3d00c14?s=96&d=mm&r=g\",\"contentUrl\":\"https:\\\/\\\/secure.gravatar.com\\\/avatar\\\/8a09ac165600ce2e1c38fe593c63928eb1e6e7ba5c5a907d67787c41b3d00c14?s=96&d=mm&r=g\",\"caption\":\"hotnewsinworld\"},\"url\":\"https:\\\/\\\/hotnewsinworld.com\\\/hu\\\/author\\\/pt\\\/\"}]}<\/script>\n<!-- \/ Yoast SEO plugin. -->","yoast_head_json":{"title":"Akkor a l\u00e9tsz\u00e1mhi\u00e1ny a M\u00c1V-n\u00e1l, hogy vas\u00e1rnap \u00e9jszaka az egyetlen p\u00e9nzt\u00e1ros betegs\u00e9ge miatt z\u00e1rva voltak a p\u00e9nzt\u00e1rak a Keletiben - Hot News in World","robots":{"index":"index","follow":"follow","max-snippet":"max-snippet:-1","max-image-preview":"max-image-preview:large","max-video-preview":"max-video-preview:-1"},"canonical":"https:\/\/hotnewsinworld.com\/hu\/akkor-a-letszamhiany-a-mav-nal-hogy-vasarnap-ejszaka-az-egyetlen-penztaros-betegsege-miatt-zarva-voltak-a-penztarak-a-keletiben\/","og_locale":"hu_HU","og_type":"article","og_title":"Akkor a l\u00e9tsz\u00e1mhi\u00e1ny a M\u00c1V-n\u00e1l, hogy vas\u00e1rnap \u00e9jszaka az egyetlen p\u00e9nzt\u00e1ros betegs\u00e9ge miatt z\u00e1rva voltak a p\u00e9nzt\u00e1rak a Keletiben - Hot News in World","og_description":"Augusztusban 30 vonat nem tudott elindulni, mert nem volt r\u00e1 szem\u00e9lyzet. A M\u00c1V szerint ez csak a j\u00e1ratok t\u00f6red\u00e9ke \u00e9s b\u00e1r folyamatosan keresnek vasutasokat, a t\u00e1rsas\u00e1g szerint nincs baj a szolg\u00e1ltat\u00e1ssal. A K\u00f6zleked\u0151 T\u00f6meg Egyes\u00fclet szerint azonban van, a probl\u00e9m\u00e1k m\u00e1r mindennaposak. Legut\u00f3bb vas\u00e1rnap \u00e9jszaka az\u00e9rt nem volt jegyp\u00e9nzt\u00e1r a\u2026 Source link","og_url":"https:\/\/hotnewsinworld.com\/hu\/akkor-a-letszamhiany-a-mav-nal-hogy-vasarnap-ejszaka-az-egyetlen-penztaros-betegsege-miatt-zarva-voltak-a-penztarak-a-keletiben\/","og_site_name":"Hot News in World","article_published_time":"2019-09-09T23:14:22+00:00","article_modified_time":"2019-09-09T23:14:23+00:00","og_image":[{"width":600,"height":315,"url":"https:\/\/hotnewsinworld.com\/hu\/wp-content\/uploads\/sites\/3\/2019\/09\/Akkor-a-l\u00e9tsz\u00e1mhi\u00e1ny-a-M\u00c1V-n\u00e1l-hogy-vas\u00e1rnap-\u00e9jszaka-az-egyetlen.jpg","type":"image\/jpeg"}],"author":"hotnewsinworld","twitter_card":"summary_large_image","twitter_misc":{"Szerz\u0151:":"hotnewsinworld"},"schema":{"@context":"https:\/\/schema.org","@graph":[{"@type":"Article","@id":"https:\/\/hotnewsinworld.com\/hu\/akkor-a-letszamhiany-a-mav-nal-hogy-vasarnap-ejszaka-az-egyetlen-penztaros-betegsege-miatt-zarva-voltak-a-penztarak-a-keletiben\/#article","isPartOf":{"@id":"https:\/\/hotnewsinworld.com\/hu\/akkor-a-letszamhiany-a-mav-nal-hogy-vasarnap-ejszaka-az-egyetlen-penztaros-betegsege-miatt-zarva-voltak-a-penztarak-a-keletiben\/"},"author":{"name":"hotnewsinworld","@id":"https:\/\/hotnewsinworld.com\/hu\/#\/schema\/person\/fe61448b21c0d59086e75fcc1f9d8f6b"},"headline":"Akkor a l\u00e9tsz\u00e1mhi\u00e1ny a M\u00c1V-n\u00e1l, hogy vas\u00e1rnap \u00e9jszaka az egyetlen p\u00e9nzt\u00e1ros betegs\u00e9ge miatt z\u00e1rva voltak a p\u00e9nzt\u00e1rak a Keletiben","datePublished":"2019-09-09T23:14:22+00:00","dateModified":"2019-09-09T23:14:23+00:00","mainEntityOfPage":{"@id":"https:\/\/hotnewsinworld.com\/hu\/akkor-a-letszamhiany-a-mav-nal-hogy-vasarnap-ejszaka-az-egyetlen-penztaros-betegsege-miatt-zarva-voltak-a-penztarak-a-keletiben\/"},"wordCount":103,"commentCount":0,"image":{"@id":"https:\/\/hotnewsinworld.com\/hu\/akkor-a-letszamhiany-a-mav-nal-hogy-vasarnap-ejszaka-az-egyetlen-penztaros-betegsege-miatt-zarva-voltak-a-penztarak-a-keletiben\/#primaryimage"},"thumbnailUrl":"https:\/\/hotnewsinworld.com\/hu\/wp-content\/uploads\/sites\/3\/2019\/09\/Akkor-a-l\u00e9tsz\u00e1mhi\u00e1ny-a-M\u00c1V-n\u00e1l-hogy-vas\u00e1rnap-\u00e9jszaka-az-egyetlen.jpg","articleSection":["LEG\u00daJABB P\u00c9NZ\u00dcGYI H\u00cdREK"],"inLanguage":"hu","potentialAction":[{"@type":"CommentAction","name":"Comment","target":["https:\/\/hotnewsinworld.com\/hu\/akkor-a-letszamhiany-a-mav-nal-hogy-vasarnap-ejszaka-az-egyetlen-penztaros-betegsege-miatt-zarva-voltak-a-penztarak-a-keletiben\/#respond"]}]},{"@type":"WebPage","@id":"https:\/\/hotnewsinworld.com\/hu\/akkor-a-letszamhiany-a-mav-nal-hogy-vasarnap-ejszaka-az-egyetlen-penztaros-betegsege-miatt-zarva-voltak-a-penztarak-a-keletiben\/","url":"https:\/\/hotnewsinworld.com\/hu\/akkor-a-letszamhiany-a-mav-nal-hogy-vasarnap-ejszaka-az-egyetlen-penztaros-betegsege-miatt-zarva-voltak-a-penztarak-a-keletiben\/","name":"Akkor a l\u00e9tsz\u00e1mhi\u00e1ny a M\u00c1V-n\u00e1l, hogy vas\u00e1rnap \u00e9jszaka az egyetlen p\u00e9nzt\u00e1ros betegs\u00e9ge miatt z\u00e1rva voltak a p\u00e9nzt\u00e1rak a Keletiben - Hot News in World","isPartOf":{"@id":"https:\/\/hotnewsinworld.com\/hu\/#website"},"primaryImageOfPage":{"@id":"https:\/\/hotnewsinworld.com\/hu\/akkor-a-letszamhiany-a-mav-nal-hogy-vasarnap-ejszaka-az-egyetlen-penztaros-betegsege-miatt-zarva-voltak-a-penztarak-a-keletiben\/#primaryimage"},"image":{"@id":"https:\/\/hotnewsinworld.com\/hu\/akkor-a-letszamhiany-a-mav-nal-hogy-vasarnap-ejszaka-az-egyetlen-penztaros-betegsege-miatt-zarva-voltak-a-penztarak-a-keletiben\/#primaryimage"},"thumbnailUrl":"https:\/\/hotnewsinworld.com\/hu\/wp-content\/uploads\/sites\/3\/2019\/09\/Akkor-a-l\u00e9tsz\u00e1mhi\u00e1ny-a-M\u00c1V-n\u00e1l-hogy-vas\u00e1rnap-\u00e9jszaka-az-egyetlen.jpg","datePublished":"2019-09-09T23:14:22+00:00","dateModified":"2019-09-09T23:14:23+00:00","author":{"@id":"https:\/\/hotnewsinworld.com\/hu\/#\/schema\/person\/fe61448b21c0d59086e75fcc1f9d8f6b"},"breadcrumb":{"@id":"https:\/\/hotnewsinworld.com\/hu\/akkor-a-letszamhiany-a-mav-nal-hogy-vasarnap-ejszaka-az-egyetlen-penztaros-betegsege-miatt-zarva-voltak-a-penztarak-a-keletiben\/#breadcrumb"},"inLanguage":"hu","potentialAction":[{"@type":"ReadAction","target":["https:\/\/hotnewsinworld.com\/hu\/akkor-a-letszamhiany-a-mav-nal-hogy-vasarnap-ejszaka-az-egyetlen-penztaros-betegsege-miatt-zarva-voltak-a-penztarak-a-keletiben\/"]}]},{"@type":"ImageObject","inLanguage":"hu","@id":"https:\/\/hotnewsinworld.com\/hu\/akkor-a-letszamhiany-a-mav-nal-hogy-vasarnap-ejszaka-az-egyetlen-penztaros-betegsege-miatt-zarva-voltak-a-penztarak-a-keletiben\/#primaryimage","url":"https:\/\/hotnewsinworld.com\/hu\/wp-content\/uploads\/sites\/3\/2019\/09\/Akkor-a-l\u00e9tsz\u00e1mhi\u00e1ny-a-M\u00c1V-n\u00e1l-hogy-vas\u00e1rnap-\u00e9jszaka-az-egyetlen.jpg","contentUrl":"https:\/\/hotnewsinworld.com\/hu\/wp-content\/uploads\/sites\/3\/2019\/09\/Akkor-a-l\u00e9tsz\u00e1mhi\u00e1ny-a-M\u00c1V-n\u00e1l-hogy-vas\u00e1rnap-\u00e9jszaka-az-egyetlen.jpg","width":600,"height":315,"caption":"Akkor a l\u00e9tsz\u00e1mhi\u00e1ny a M\u00c1V-n\u00e1l, hogy vas\u00e1rnap \u00e9jszaka az egyetlen p\u00e9nzt\u00e1ros betegs\u00e9ge miatt z\u00e1rva voltak a p\u00e9nzt\u00e1rak a Keletiben"},{"@type":"BreadcrumbList","@id":"https:\/\/hotnewsinworld.com\/hu\/akkor-a-letszamhiany-a-mav-nal-hogy-vasarnap-ejszaka-az-egyetlen-penztaros-betegsege-miatt-zarva-voltak-a-penztarak-a-keletiben\/#breadcrumb","itemListElement":[{"@type":"ListItem","position":1,"name":"\u0413\u043b\u0430\u0432\u043d\u0430\u044f \u0441\u0442\u0440\u0430\u043d\u0438\u0446\u0430","item":"https:\/\/hotnewsinworld.com\/hu\/"},{"@type":"ListItem","position":2,"name":"Akkor a l\u00e9tsz\u00e1mhi\u00e1ny a M\u00c1V-n\u00e1l, hogy vas\u00e1rnap \u00e9jszaka az egyetlen p\u00e9nzt\u00e1ros betegs\u00e9ge miatt z\u00e1rva voltak a p\u00e9nzt\u00e1rak a Keletiben"}]},{"@type":"WebSite","@id":"https:\/\/hotnewsinworld.com\/hu\/#website","url":"https:\/\/hotnewsinworld.com\/hu\/","name":"Hot News in World","description":"Hot News in World from Hungary","potentialAction":[{"@type":"SearchAction","target":{"@type":"EntryPoint","urlTemplate":"https:\/\/hotnewsinworld.com\/hu\/?s={search_term_string}"},"query-input":{"@type":"PropertyValueSpecification","valueRequired":true,"valueName":"search_term_string"}}],"inLanguage":"hu"},{"@type":"Person","@id":"https:\/\/hotnewsinworld.com\/hu\/#\/schema\/person\/fe61448b21c0d59086e75fcc1f9d8f6b","name":"hotnewsinworld","image":{"@type":"ImageObject","inLanguage":"hu","@id":"https:\/\/secure.gravatar.com\/avatar\/8a09ac165600ce2e1c38fe593c63928eb1e6e7ba5c5a907d67787c41b3d00c14?s=96&d=mm&r=g","url":"https:\/\/secure.gravatar.com\/avatar\/8a09ac165600ce2e1c38fe593c63928eb1e6e7ba5c5a907d67787c41b3d00c14?s=96&d=mm&r=g","contentUrl":"https:\/\/secure.gravatar.com\/avatar\/8a09ac165600ce2e1c38fe593c63928eb1e6e7ba5c5a907d67787c41b3d00c14?s=96&d=mm&r=g","caption":"hotnewsinworld"},"url":"https:\/\/hotnewsinworld.com\/hu\/author\/pt\/"}]}},"_links":{"self":[{"href":"https:\/\/hotnewsinworld.com\/hu\/wp-json\/wp\/v2\/posts\/1843","targetHints":{"allow":["GET"]}}],"collection":[{"href":"https:\/\/hotnewsinworld.com\/hu\/wp-json\/wp\/v2\/posts"}],"about":[{"href":"https:\/\/hotnewsinworld.com\/hu\/wp-json\/wp\/v2\/types\/post"}],"author":[{"embeddable":true,"href":"https:\/\/hotnewsinworld.com\/hu\/wp-json\/wp\/v2\/users\/2"}],"replies":[{"embeddable":true,"href":"https:\/\/hotnewsinworld.com\/hu\/wp-json\/wp\/v2\/comments?post=1843"}],"version-history":[{"count":1,"href":"https:\/\/hotnewsinworld.com\/hu\/wp-json\/wp\/v2\/posts\/1843\/revisions"}],"predecessor-version":[{"id":1845,"href":"https:\/\/hotnewsinworld.com\/hu\/wp-json\/wp\/v2\/posts\/1843\/revisions\/1845"}],"wp:featuredmedia":[{"embeddable":true,"href":"https:\/\/hotnewsinworld.com\/hu\/wp-json\/wp\/v2\/media\/1844"}],"wp:attachment":[{"href":"https:\/\/hotnewsinworld.com\/hu\/wp-json\/wp\/v2\/media?parent=1843"}],"wp:term":[{"taxonomy":"category","embeddable":true,"href":"https:\/\/hotnewsinworld.com\/hu\/wp-json\/wp\/v2\/categories?post=1843"},{"taxonomy":"post_tag","embeddable":true,"href":"https:\/\/hotnewsinworld.com\/hu\/wp-json\/wp\/v2\/tags?post=1843"}],"curies":[{"name":"wp","href":"https:\/\/api.w.org\/{rel}","templated":true}]}}