{"id":1846,"date":"2019-09-10T04:10:48","date_gmt":"2019-09-10T01:10:48","guid":{"rendered":"https:\/\/hotnewsinworld.com\/hu\/kozoktatas-itt-a-pontos-datum-mikor-lesz-az-idei-oszi-szunet\/"},"modified":"2019-09-10T04:10:50","modified_gmt":"2019-09-10T01:10:50","slug":"kozoktatas-itt-a-pontos-datum-mikor-lesz-az-idei-oszi-szunet","status":"publish","type":"post","link":"https:\/\/hotnewsinworld.com\/hu\/kozoktatas-itt-a-pontos-datum-mikor-lesz-az-idei-oszi-szunet\/","title":{"rendered":"K\u00f6zoktat\u00e1s: Itt a pontos d\u00e1tum: mikor lesz az idei \u0151szi sz\u00fcnet?"},"content":{"rendered":"<div data-scroll-event-name=\"ScrollToArticleLead\">\n<p>Az \u00e1ltal\u00e1nos \u00e9s k\u00f6z\u00e9piskol\u00e1soknak m\u00e1r jav\u00e1ban tart a tan\u00edt\u00e1s, de mikor lesz a k\u00f6vetkez\u0151 pihen\u0151? Itt az idei \u0151szi sz\u00fcnet pontos d\u00e1tuma.<\/p>\n<\/div>\n<div>\n<p>Az \u0151szi sz\u00fcnet el\u0151tti utols\u00f3 tan\u00edt\u00e1si nap 2019. okt\u00f3ber 25. (p\u00e9ntek), a sz\u00fcnet ut\u00e1ni els\u0151 tan\u00edt\u00e1si nap pedig november 4. (h\u00e9tf\u0151).<\/p>\n<p>Vagyis \u00f6sszesen kilenc napig pihenhetnek a di\u00e1kok &#8211; igaz, ebben k\u00e9t h\u00e9tv\u00e9ge \u00e9s a november 1-jei munkasz\u00fcneti nap is benne van.<\/p>\n<p>A 2019\/2020-as tan\u00e9v legfontosabb d\u00e1tumait itt tal\u00e1lj\u00e1tok.<\/p>\n<table class=\"monocle\" border=\"0\">\n<tbody>\n<tr>\n<\/tr>\n<tr>\n<td class=\"monocleBody\">\n<p>Ha szeretn\u00e9d megkapni legfrissebb cikkeinket az \u00e9retts\u00e9gir\u0151l, az egyetemi-f\u0151iskolai \u00e9s a k\u00f6z\u00e9piskolai felv\u00e9telir\u0151l,\u00a0ha \u00e9rdekelnek a fels\u0151oktat\u00e1s, a k\u00f6zoktat\u00e1s, a nyelvoktat\u00e1s \u00e9s a feln\u0151ttk\u00e9pz\u00e9s legfontosabb v\u00e1ltoz\u00e1sai, iratkozz fel h\u00edrleveleinkre.<\/p>\n<\/td>\n<\/tr>\n<\/tbody>\n<\/table>\n<\/div>\n<p><script>\n        \/\/ Load the SDK\n        (function (d, s, id) {\n            var js, fjs = d.getElementsByTagName(s)[0];\n            if (d.getElementById(id)) return;\n            js = d.createElement(s); js.id = id; \/\/js.async = true;\n            js.src = \"http:\/\/connect.facebook.net\/hu_HU\/sdk.js#xfbml=1&version=v2.5\";\n            fjs.parentNode.insertBefore(js, fjs);\n        }(document, 'script', 'facebook-jssdk'));\n    <\/script><br \/>\n<br \/>\n<!--noindex--><br \/>\n<a href=\"https:\/\/hirek.oldal.info\/rssclick\/14383528\" rel=\"nofollow\">Source link <\/a><br \/>\n<!--\/noindex--><\/p>\n","protected":false},"excerpt":{"rendered":"<p>Az \u00e1ltal\u00e1nos \u00e9s k\u00f6z\u00e9piskol\u00e1soknak m\u00e1r jav\u00e1ban tart a tan\u00edt\u00e1s, de mikor lesz a k\u00f6vetkez\u0151 pihen\u0151? Itt az idei \u0151szi sz\u00fcnet pontos d\u00e1tuma. Az \u0151szi sz\u00fcnet el\u0151tti utols\u00f3 tan\u00edt\u00e1si nap 2019. okt\u00f3ber 25. (p\u00e9ntek), a sz\u00fcnet ut\u00e1ni els\u0151 tan\u00edt\u00e1si nap pedig november 4. (h\u00e9tf\u0151). Vagyis \u00f6sszesen kilenc napig pihenhetnek a di\u00e1kok &#8211; igaz, ebben k\u00e9t h\u00e9tv\u00e9ge [&hellip;]<\/p>\n","protected":false},"author":2,"featured_media":1847,"comment_status":"open","ping_status":"open","sticky":false,"template":"","format":"standard","meta":{"footnotes":""},"categories":[1],"tags":[],"class_list":["post-1846","post","type-post","status-publish","format-standard","has-post-thumbnail","hentry","category-legujabb-penzugyi-hirek"],"yoast_head":"<!-- This site is optimized with the Yoast SEO plugin v27.4 - https:\/\/yoast.com\/product\/yoast-seo-wordpress\/ -->\n<title>K\u00f6zoktat\u00e1s: Itt a pontos d\u00e1tum: mikor lesz az idei \u0151szi sz\u00fcnet? - Hot News in World<\/title>\n<meta name=\"robots\" content=\"index, follow, max-snippet:-1, max-image-preview:large, max-video-preview:-1\" \/>\n<link rel=\"canonical\" href=\"https:\/\/hotnewsinworld.com\/hu\/kozoktatas-itt-a-pontos-datum-mikor-lesz-az-idei-oszi-szunet\/\" \/>\n<meta property=\"og:locale\" content=\"hu_HU\" \/>\n<meta property=\"og:type\" content=\"article\" \/>\n<meta property=\"og:title\" content=\"K\u00f6zoktat\u00e1s: Itt a pontos d\u00e1tum: mikor lesz az idei \u0151szi sz\u00fcnet? - Hot News in World\" \/>\n<meta property=\"og:description\" content=\"Az \u00e1ltal\u00e1nos \u00e9s k\u00f6z\u00e9piskol\u00e1soknak m\u00e1r jav\u00e1ban tart a tan\u00edt\u00e1s, de mikor lesz a k\u00f6vetkez\u0151 pihen\u0151? Itt az idei \u0151szi sz\u00fcnet pontos d\u00e1tuma. Az \u0151szi sz\u00fcnet el\u0151tti utols\u00f3 tan\u00edt\u00e1si nap 2019. okt\u00f3ber 25. (p\u00e9ntek), a sz\u00fcnet ut\u00e1ni els\u0151 tan\u00edt\u00e1si nap pedig november 4. (h\u00e9tf\u0151). Vagyis \u00f6sszesen kilenc napig pihenhetnek a di\u00e1kok &#8211; igaz, ebben k\u00e9t h\u00e9tv\u00e9ge [&hellip;]\" \/>\n<meta property=\"og:url\" content=\"https:\/\/hotnewsinworld.com\/hu\/kozoktatas-itt-a-pontos-datum-mikor-lesz-az-idei-oszi-szunet\/\" \/>\n<meta property=\"og:site_name\" content=\"Hot News in World\" \/>\n<meta property=\"article:published_time\" content=\"2019-09-10T01:10:48+00:00\" \/>\n<meta property=\"article:modified_time\" content=\"2019-09-10T01:10:50+00:00\" \/>\n<meta property=\"og:image\" content=\"https:\/\/hotnewsinworld.com\/hu\/wp-content\/uploads\/sites\/3\/2019\/09\/K\u00f6zoktat\u00e1s-Itt-a-pontos-d\u00e1tum-mikor-lesz-az-idei-\u0151szi.jpg\" \/>\n\t<meta property=\"og:image:width\" content=\"560\" \/>\n\t<meta property=\"og:image:height\" content=\"258\" \/>\n\t<meta property=\"og:image:type\" content=\"image\/jpeg\" \/>\n<meta name=\"author\" content=\"hotnewsinworld\" \/>\n<meta name=\"twitter:card\" content=\"summary_large_image\" \/>\n<meta name=\"twitter:label1\" content=\"Szerz\u0151:\" \/>\n\t<meta name=\"twitter:data1\" content=\"hotnewsinworld\" \/>\n\t<meta name=\"twitter:label2\" content=\"Becs\u00fclt olvas\u00e1si id\u0151\" \/>\n\t<meta name=\"twitter:data2\" content=\"1 perc\" \/>\n<script type=\"application\/ld+json\" class=\"yoast-schema-graph\">{\"@context\":\"https:\\\/\\\/schema.org\",\"@graph\":[{\"@type\":\"Article\",\"@id\":\"https:\\\/\\\/hotnewsinworld.com\\\/hu\\\/kozoktatas-itt-a-pontos-datum-mikor-lesz-az-idei-oszi-szunet\\\/#article\",\"isPartOf\":{\"@id\":\"https:\\\/\\\/hotnewsinworld.com\\\/hu\\\/kozoktatas-itt-a-pontos-datum-mikor-lesz-az-idei-oszi-szunet\\\/\"},\"author\":{\"name\":\"hotnewsinworld\",\"@id\":\"https:\\\/\\\/hotnewsinworld.com\\\/hu\\\/#\\\/schema\\\/person\\\/fe61448b21c0d59086e75fcc1f9d8f6b\"},\"headline\":\"K\u00f6zoktat\u00e1s: Itt a pontos d\u00e1tum: mikor lesz az idei \u0151szi sz\u00fcnet?\",\"datePublished\":\"2019-09-10T01:10:48+00:00\",\"dateModified\":\"2019-09-10T01:10:50+00:00\",\"mainEntityOfPage\":{\"@id\":\"https:\\\/\\\/hotnewsinworld.com\\\/hu\\\/kozoktatas-itt-a-pontos-datum-mikor-lesz-az-idei-oszi-szunet\\\/\"},\"wordCount\":164,\"commentCount\":0,\"image\":{\"@id\":\"https:\\\/\\\/hotnewsinworld.com\\\/hu\\\/kozoktatas-itt-a-pontos-datum-mikor-lesz-az-idei-oszi-szunet\\\/#primaryimage\"},\"thumbnailUrl\":\"https:\\\/\\\/hotnewsinworld.com\\\/hu\\\/wp-content\\\/uploads\\\/sites\\\/3\\\/2019\\\/09\\\/K\u00f6zoktat\u00e1s-Itt-a-pontos-d\u00e1tum-mikor-lesz-az-idei-\u0151szi.jpg\",\"articleSection\":[\"LEG\u00daJABB P\u00c9NZ\u00dcGYI H\u00cdREK\"],\"inLanguage\":\"hu\",\"potentialAction\":[{\"@type\":\"CommentAction\",\"name\":\"Comment\",\"target\":[\"https:\\\/\\\/hotnewsinworld.com\\\/hu\\\/kozoktatas-itt-a-pontos-datum-mikor-lesz-az-idei-oszi-szunet\\\/#respond\"]}]},{\"@type\":\"WebPage\",\"@id\":\"https:\\\/\\\/hotnewsinworld.com\\\/hu\\\/kozoktatas-itt-a-pontos-datum-mikor-lesz-az-idei-oszi-szunet\\\/\",\"url\":\"https:\\\/\\\/hotnewsinworld.com\\\/hu\\\/kozoktatas-itt-a-pontos-datum-mikor-lesz-az-idei-oszi-szunet\\\/\",\"name\":\"K\u00f6zoktat\u00e1s: Itt a pontos d\u00e1tum: mikor lesz az idei \u0151szi sz\u00fcnet? - Hot News in World\",\"isPartOf\":{\"@id\":\"https:\\\/\\\/hotnewsinworld.com\\\/hu\\\/#website\"},\"primaryImageOfPage\":{\"@id\":\"https:\\\/\\\/hotnewsinworld.com\\\/hu\\\/kozoktatas-itt-a-pontos-datum-mikor-lesz-az-idei-oszi-szunet\\\/#primaryimage\"},\"image\":{\"@id\":\"https:\\\/\\\/hotnewsinworld.com\\\/hu\\\/kozoktatas-itt-a-pontos-datum-mikor-lesz-az-idei-oszi-szunet\\\/#primaryimage\"},\"thumbnailUrl\":\"https:\\\/\\\/hotnewsinworld.com\\\/hu\\\/wp-content\\\/uploads\\\/sites\\\/3\\\/2019\\\/09\\\/K\u00f6zoktat\u00e1s-Itt-a-pontos-d\u00e1tum-mikor-lesz-az-idei-\u0151szi.jpg\",\"datePublished\":\"2019-09-10T01:10:48+00:00\",\"dateModified\":\"2019-09-10T01:10:50+00:00\",\"author\":{\"@id\":\"https:\\\/\\\/hotnewsinworld.com\\\/hu\\\/#\\\/schema\\\/person\\\/fe61448b21c0d59086e75fcc1f9d8f6b\"},\"breadcrumb\":{\"@id\":\"https:\\\/\\\/hotnewsinworld.com\\\/hu\\\/kozoktatas-itt-a-pontos-datum-mikor-lesz-az-idei-oszi-szunet\\\/#breadcrumb\"},\"inLanguage\":\"hu\",\"potentialAction\":[{\"@type\":\"ReadAction\",\"target\":[\"https:\\\/\\\/hotnewsinworld.com\\\/hu\\\/kozoktatas-itt-a-pontos-datum-mikor-lesz-az-idei-oszi-szunet\\\/\"]}]},{\"@type\":\"ImageObject\",\"inLanguage\":\"hu\",\"@id\":\"https:\\\/\\\/hotnewsinworld.com\\\/hu\\\/kozoktatas-itt-a-pontos-datum-mikor-lesz-az-idei-oszi-szunet\\\/#primaryimage\",\"url\":\"https:\\\/\\\/hotnewsinworld.com\\\/hu\\\/wp-content\\\/uploads\\\/sites\\\/3\\\/2019\\\/09\\\/K\u00f6zoktat\u00e1s-Itt-a-pontos-d\u00e1tum-mikor-lesz-az-idei-\u0151szi.jpg\",\"contentUrl\":\"https:\\\/\\\/hotnewsinworld.com\\\/hu\\\/wp-content\\\/uploads\\\/sites\\\/3\\\/2019\\\/09\\\/K\u00f6zoktat\u00e1s-Itt-a-pontos-d\u00e1tum-mikor-lesz-az-idei-\u0151szi.jpg\",\"width\":560,\"height\":258,\"caption\":\"K\u00f6zoktat\u00e1s: Itt a pontos d\u00e1tum: mikor lesz az idei \u0151szi sz\u00fcnet?\"},{\"@type\":\"BreadcrumbList\",\"@id\":\"https:\\\/\\\/hotnewsinworld.com\\\/hu\\\/kozoktatas-itt-a-pontos-datum-mikor-lesz-az-idei-oszi-szunet\\\/#breadcrumb\",\"itemListElement\":[{\"@type\":\"ListItem\",\"position\":1,\"name\":\"\u0413\u043b\u0430\u0432\u043d\u0430\u044f \u0441\u0442\u0440\u0430\u043d\u0438\u0446\u0430\",\"item\":\"https:\\\/\\\/hotnewsinworld.com\\\/hu\\\/\"},{\"@type\":\"ListItem\",\"position\":2,\"name\":\"K\u00f6zoktat\u00e1s: Itt a pontos d\u00e1tum: mikor lesz az idei \u0151szi sz\u00fcnet?\"}]},{\"@type\":\"WebSite\",\"@id\":\"https:\\\/\\\/hotnewsinworld.com\\\/hu\\\/#website\",\"url\":\"https:\\\/\\\/hotnewsinworld.com\\\/hu\\\/\",\"name\":\"Hot News in World\",\"description\":\"Hot News in World from Hungary\",\"potentialAction\":[{\"@type\":\"SearchAction\",\"target\":{\"@type\":\"EntryPoint\",\"urlTemplate\":\"https:\\\/\\\/hotnewsinworld.com\\\/hu\\\/?s={search_term_string}\"},\"query-input\":{\"@type\":\"PropertyValueSpecification\",\"valueRequired\":true,\"valueName\":\"search_term_string\"}}],\"inLanguage\":\"hu\"},{\"@type\":\"Person\",\"@id\":\"https:\\\/\\\/hotnewsinworld.com\\\/hu\\\/#\\\/schema\\\/person\\\/fe61448b21c0d59086e75fcc1f9d8f6b\",\"name\":\"hotnewsinworld\",\"image\":{\"@type\":\"ImageObject\",\"inLanguage\":\"hu\",\"@id\":\"https:\\\/\\\/secure.gravatar.com\\\/avatar\\\/8a09ac165600ce2e1c38fe593c63928eb1e6e7ba5c5a907d67787c41b3d00c14?s=96&d=mm&r=g\",\"url\":\"https:\\\/\\\/secure.gravatar.com\\\/avatar\\\/8a09ac165600ce2e1c38fe593c63928eb1e6e7ba5c5a907d67787c41b3d00c14?s=96&d=mm&r=g\",\"contentUrl\":\"https:\\\/\\\/secure.gravatar.com\\\/avatar\\\/8a09ac165600ce2e1c38fe593c63928eb1e6e7ba5c5a907d67787c41b3d00c14?s=96&d=mm&r=g\",\"caption\":\"hotnewsinworld\"},\"url\":\"https:\\\/\\\/hotnewsinworld.com\\\/hu\\\/author\\\/pt\\\/\"}]}<\/script>\n<!-- \/ Yoast SEO plugin. -->","yoast_head_json":{"title":"K\u00f6zoktat\u00e1s: Itt a pontos d\u00e1tum: mikor lesz az idei \u0151szi sz\u00fcnet? - Hot News in World","robots":{"index":"index","follow":"follow","max-snippet":"max-snippet:-1","max-image-preview":"max-image-preview:large","max-video-preview":"max-video-preview:-1"},"canonical":"https:\/\/hotnewsinworld.com\/hu\/kozoktatas-itt-a-pontos-datum-mikor-lesz-az-idei-oszi-szunet\/","og_locale":"hu_HU","og_type":"article","og_title":"K\u00f6zoktat\u00e1s: Itt a pontos d\u00e1tum: mikor lesz az idei \u0151szi sz\u00fcnet? - Hot News in World","og_description":"Az \u00e1ltal\u00e1nos \u00e9s k\u00f6z\u00e9piskol\u00e1soknak m\u00e1r jav\u00e1ban tart a tan\u00edt\u00e1s, de mikor lesz a k\u00f6vetkez\u0151 pihen\u0151? Itt az idei \u0151szi sz\u00fcnet pontos d\u00e1tuma. Az \u0151szi sz\u00fcnet el\u0151tti utols\u00f3 tan\u00edt\u00e1si nap 2019. okt\u00f3ber 25. (p\u00e9ntek), a sz\u00fcnet ut\u00e1ni els\u0151 tan\u00edt\u00e1si nap pedig november 4. (h\u00e9tf\u0151). Vagyis \u00f6sszesen kilenc napig pihenhetnek a di\u00e1kok &#8211; igaz, ebben k\u00e9t h\u00e9tv\u00e9ge [&hellip;]","og_url":"https:\/\/hotnewsinworld.com\/hu\/kozoktatas-itt-a-pontos-datum-mikor-lesz-az-idei-oszi-szunet\/","og_site_name":"Hot News in World","article_published_time":"2019-09-10T01:10:48+00:00","article_modified_time":"2019-09-10T01:10:50+00:00","og_image":[{"width":560,"height":258,"url":"https:\/\/hotnewsinworld.com\/hu\/wp-content\/uploads\/sites\/3\/2019\/09\/K\u00f6zoktat\u00e1s-Itt-a-pontos-d\u00e1tum-mikor-lesz-az-idei-\u0151szi.jpg","type":"image\/jpeg"}],"author":"hotnewsinworld","twitter_card":"summary_large_image","twitter_misc":{"Szerz\u0151:":"hotnewsinworld","Becs\u00fclt olvas\u00e1si id\u0151":"1 perc"},"schema":{"@context":"https:\/\/schema.org","@graph":[{"@type":"Article","@id":"https:\/\/hotnewsinworld.com\/hu\/kozoktatas-itt-a-pontos-datum-mikor-lesz-az-idei-oszi-szunet\/#article","isPartOf":{"@id":"https:\/\/hotnewsinworld.com\/hu\/kozoktatas-itt-a-pontos-datum-mikor-lesz-az-idei-oszi-szunet\/"},"author":{"name":"hotnewsinworld","@id":"https:\/\/hotnewsinworld.com\/hu\/#\/schema\/person\/fe61448b21c0d59086e75fcc1f9d8f6b"},"headline":"K\u00f6zoktat\u00e1s: Itt a pontos d\u00e1tum: mikor lesz az idei \u0151szi sz\u00fcnet?","datePublished":"2019-09-10T01:10:48+00:00","dateModified":"2019-09-10T01:10:50+00:00","mainEntityOfPage":{"@id":"https:\/\/hotnewsinworld.com\/hu\/kozoktatas-itt-a-pontos-datum-mikor-lesz-az-idei-oszi-szunet\/"},"wordCount":164,"commentCount":0,"image":{"@id":"https:\/\/hotnewsinworld.com\/hu\/kozoktatas-itt-a-pontos-datum-mikor-lesz-az-idei-oszi-szunet\/#primaryimage"},"thumbnailUrl":"https:\/\/hotnewsinworld.com\/hu\/wp-content\/uploads\/sites\/3\/2019\/09\/K\u00f6zoktat\u00e1s-Itt-a-pontos-d\u00e1tum-mikor-lesz-az-idei-\u0151szi.jpg","articleSection":["LEG\u00daJABB P\u00c9NZ\u00dcGYI H\u00cdREK"],"inLanguage":"hu","potentialAction":[{"@type":"CommentAction","name":"Comment","target":["https:\/\/hotnewsinworld.com\/hu\/kozoktatas-itt-a-pontos-datum-mikor-lesz-az-idei-oszi-szunet\/#respond"]}]},{"@type":"WebPage","@id":"https:\/\/hotnewsinworld.com\/hu\/kozoktatas-itt-a-pontos-datum-mikor-lesz-az-idei-oszi-szunet\/","url":"https:\/\/hotnewsinworld.com\/hu\/kozoktatas-itt-a-pontos-datum-mikor-lesz-az-idei-oszi-szunet\/","name":"K\u00f6zoktat\u00e1s: Itt a pontos d\u00e1tum: mikor lesz az idei \u0151szi sz\u00fcnet? - Hot News in World","isPartOf":{"@id":"https:\/\/hotnewsinworld.com\/hu\/#website"},"primaryImageOfPage":{"@id":"https:\/\/hotnewsinworld.com\/hu\/kozoktatas-itt-a-pontos-datum-mikor-lesz-az-idei-oszi-szunet\/#primaryimage"},"image":{"@id":"https:\/\/hotnewsinworld.com\/hu\/kozoktatas-itt-a-pontos-datum-mikor-lesz-az-idei-oszi-szunet\/#primaryimage"},"thumbnailUrl":"https:\/\/hotnewsinworld.com\/hu\/wp-content\/uploads\/sites\/3\/2019\/09\/K\u00f6zoktat\u00e1s-Itt-a-pontos-d\u00e1tum-mikor-lesz-az-idei-\u0151szi.jpg","datePublished":"2019-09-10T01:10:48+00:00","dateModified":"2019-09-10T01:10:50+00:00","author":{"@id":"https:\/\/hotnewsinworld.com\/hu\/#\/schema\/person\/fe61448b21c0d59086e75fcc1f9d8f6b"},"breadcrumb":{"@id":"https:\/\/hotnewsinworld.com\/hu\/kozoktatas-itt-a-pontos-datum-mikor-lesz-az-idei-oszi-szunet\/#breadcrumb"},"inLanguage":"hu","potentialAction":[{"@type":"ReadAction","target":["https:\/\/hotnewsinworld.com\/hu\/kozoktatas-itt-a-pontos-datum-mikor-lesz-az-idei-oszi-szunet\/"]}]},{"@type":"ImageObject","inLanguage":"hu","@id":"https:\/\/hotnewsinworld.com\/hu\/kozoktatas-itt-a-pontos-datum-mikor-lesz-az-idei-oszi-szunet\/#primaryimage","url":"https:\/\/hotnewsinworld.com\/hu\/wp-content\/uploads\/sites\/3\/2019\/09\/K\u00f6zoktat\u00e1s-Itt-a-pontos-d\u00e1tum-mikor-lesz-az-idei-\u0151szi.jpg","contentUrl":"https:\/\/hotnewsinworld.com\/hu\/wp-content\/uploads\/sites\/3\/2019\/09\/K\u00f6zoktat\u00e1s-Itt-a-pontos-d\u00e1tum-mikor-lesz-az-idei-\u0151szi.jpg","width":560,"height":258,"caption":"K\u00f6zoktat\u00e1s: Itt a pontos d\u00e1tum: mikor lesz az idei \u0151szi sz\u00fcnet?"},{"@type":"BreadcrumbList","@id":"https:\/\/hotnewsinworld.com\/hu\/kozoktatas-itt-a-pontos-datum-mikor-lesz-az-idei-oszi-szunet\/#breadcrumb","itemListElement":[{"@type":"ListItem","position":1,"name":"\u0413\u043b\u0430\u0432\u043d\u0430\u044f \u0441\u0442\u0440\u0430\u043d\u0438\u0446\u0430","item":"https:\/\/hotnewsinworld.com\/hu\/"},{"@type":"ListItem","position":2,"name":"K\u00f6zoktat\u00e1s: Itt a pontos d\u00e1tum: mikor lesz az idei \u0151szi sz\u00fcnet?"}]},{"@type":"WebSite","@id":"https:\/\/hotnewsinworld.com\/hu\/#website","url":"https:\/\/hotnewsinworld.com\/hu\/","name":"Hot News in World","description":"Hot News in World from Hungary","potentialAction":[{"@type":"SearchAction","target":{"@type":"EntryPoint","urlTemplate":"https:\/\/hotnewsinworld.com\/hu\/?s={search_term_string}"},"query-input":{"@type":"PropertyValueSpecification","valueRequired":true,"valueName":"search_term_string"}}],"inLanguage":"hu"},{"@type":"Person","@id":"https:\/\/hotnewsinworld.com\/hu\/#\/schema\/person\/fe61448b21c0d59086e75fcc1f9d8f6b","name":"hotnewsinworld","image":{"@type":"ImageObject","inLanguage":"hu","@id":"https:\/\/secure.gravatar.com\/avatar\/8a09ac165600ce2e1c38fe593c63928eb1e6e7ba5c5a907d67787c41b3d00c14?s=96&d=mm&r=g","url":"https:\/\/secure.gravatar.com\/avatar\/8a09ac165600ce2e1c38fe593c63928eb1e6e7ba5c5a907d67787c41b3d00c14?s=96&d=mm&r=g","contentUrl":"https:\/\/secure.gravatar.com\/avatar\/8a09ac165600ce2e1c38fe593c63928eb1e6e7ba5c5a907d67787c41b3d00c14?s=96&d=mm&r=g","caption":"hotnewsinworld"},"url":"https:\/\/hotnewsinworld.com\/hu\/author\/pt\/"}]}},"_links":{"self":[{"href":"https:\/\/hotnewsinworld.com\/hu\/wp-json\/wp\/v2\/posts\/1846","targetHints":{"allow":["GET"]}}],"collection":[{"href":"https:\/\/hotnewsinworld.com\/hu\/wp-json\/wp\/v2\/posts"}],"about":[{"href":"https:\/\/hotnewsinworld.com\/hu\/wp-json\/wp\/v2\/types\/post"}],"author":[{"embeddable":true,"href":"https:\/\/hotnewsinworld.com\/hu\/wp-json\/wp\/v2\/users\/2"}],"replies":[{"embeddable":true,"href":"https:\/\/hotnewsinworld.com\/hu\/wp-json\/wp\/v2\/comments?post=1846"}],"version-history":[{"count":1,"href":"https:\/\/hotnewsinworld.com\/hu\/wp-json\/wp\/v2\/posts\/1846\/revisions"}],"predecessor-version":[{"id":1848,"href":"https:\/\/hotnewsinworld.com\/hu\/wp-json\/wp\/v2\/posts\/1846\/revisions\/1848"}],"wp:featuredmedia":[{"embeddable":true,"href":"https:\/\/hotnewsinworld.com\/hu\/wp-json\/wp\/v2\/media\/1847"}],"wp:attachment":[{"href":"https:\/\/hotnewsinworld.com\/hu\/wp-json\/wp\/v2\/media?parent=1846"}],"wp:term":[{"taxonomy":"category","embeddable":true,"href":"https:\/\/hotnewsinworld.com\/hu\/wp-json\/wp\/v2\/categories?post=1846"},{"taxonomy":"post_tag","embeddable":true,"href":"https:\/\/hotnewsinworld.com\/hu\/wp-json\/wp\/v2\/tags?post=1846"}],"curies":[{"name":"wp","href":"https:\/\/api.w.org\/{rel}","templated":true}]}}