{"id":1852,"date":"2019-09-10T08:39:40","date_gmt":"2019-09-10T05:39:40","guid":{"rendered":"https:\/\/hotnewsinworld.com\/hu\/orban-most-mar-eredmenyeket-akar-a-miniszteretol\/"},"modified":"2019-09-10T08:39:41","modified_gmt":"2019-09-10T05:39:41","slug":"orban-most-mar-eredmenyeket-akar-a-miniszteretol","status":"publish","type":"post","link":"https:\/\/hotnewsinworld.com\/hu\/orban-most-mar-eredmenyeket-akar-a-miniszteretol\/","title":{"rendered":"Orb\u00e1n most m\u00e1r eredm\u00e9nyeket akar a miniszter\u00e9t\u0151l"},"content":{"rendered":"<div>\n<p><b> Orb\u00e1n Viktor szerint a h\u00e1lap\u00e9nzt meg kell sz\u00fcntetni.<\/b><\/p>\n<p>A N\u00e9pszava szerint t\u00f6bb ter\u00fcleten is eredm\u00e9nyt v\u00e1r el K\u00e1sler Mikl\u00f3st\u00f3l a minisztereln\u00f6k.<\/p>\n<\/p>\n<p><em>Fot\u00f3: MTI\/Czegl\u00e9di Zsolt<\/em><\/p>\n<blockquote><p>&#13;<\/p>\n<p>K\u00e1sler miniszter \u00far lehet m\u00e1rt\u00edr vagy nem m\u00e1rt\u00edr, de el\u0151bb vagy ut\u00f3bb eredm\u00e9nyeket kell felmutatnia<\/p>\n<p>&#13;\n<\/p><\/blockquote>\n<p>\u2013 a N\u00e9pszava inform\u00e1ci\u00f3i szerint ezt mondta Orb\u00e1n Viktor minisztereln\u00f6k K\u00f6tcs\u00e9n, egy k\u00e9rd\u00e9sre v\u00e1laszolva. Orb\u00e1n az elmond\u00e1sok szerint arr\u00f3l besz\u00e9lt,<\/p>\n<blockquote><p>&#13;<\/p>\n<p>az eg\u00e9szs\u00e9g\u00fcgyet egyben kell kezelni, a mag\u00e1n- \u00e9s a k\u00f6zell\u00e1t\u00e1st is egy\u00fcttesen kell \u00e1tvil\u00e1g\u00edtani, elemzeni, a h\u00e1lap\u00e9nzt pedig meg kell sz\u00fcntetni.<\/p>\n<p>&#13;\n<\/p><\/blockquote>\n<p><img decoding=\"async\" alt=\"Orb\u00e1n most m\u00e1r eredm\u00e9nyeket akar a miniszter\u00e9t\u0151l\" src=\"https:\/\/hotnewsinworld.com\/hu\/wp-content\/uploads\/sites\/3\/2019\/09\/1568093980_316_Orban-most-mar-eredmenyeket-akar-a-miniszteretol.jpg\"\/><\/p>\n<p>A lap \u00fagy tudja, am\u00fagy ker\u00fclt\u00e9k a rendezv\u00e9nyen az eg\u00e9szs\u00e9g\u00fcgy bajainak t\u00e9m\u00e1j\u00e1t, a Magyar Orvosi Kamara eln\u00f6ke, \u00c9ger Istv\u00e1n is \u00fagy kezdte mondand\u00f3j\u00e1t, ne tess\u00e9k f\u00e9lni, nem az eg\u00e9szs\u00e9g\u00fcgyr\u0151l akarok k\u00e9rdezni, hanem arr\u00f3l, hogy a sok gyerekes any\u00e1k korengedm\u00e9nyes nyugd\u00edj\u00e1ban mi\u00e9rt van annyi megk\u00f6t\u00e9s.<\/p>\n<p>Cikk- \u00e9s c\u00edmlapk\u00e9p:\u00a0MTI\/Minisztereln\u00f6ki Sajt\u00f3iroda\/Szecs\u0151di Bal\u00e1zs<\/p>\n<p>(nepszava.hu)<\/p>\n<p>        <!--div style=\"padding:20px;margin-top:20px;border-left: 4px solid #e71000;background:#f6f6f6;\">\n            \n\n<h2>FinTechRadar 2.0 konferencia - van m&aacute;r jegyed?<\/h2>\n\n\n\n            \n\n<p>T&eacute;m&aacute;ink: PSD2\/Mobilfizet&eacute;s, Adatbiztons&aacute;g, UX, Big data, &Aacute;llam &eacute;s fintech, Insurtech.\n            2 nap, 30 el&#337;ad&oacute; &eacute;s v&aacute;laszok a fintech aktu&aacute;lis k&eacute;rd&eacute;seire okt&oacute;ber 17-18-&aacute;n a Sug&aacute;r Moziban.<\/p>\n\n\n\n            <a href=\"http:\/\/fintechradar.hu\/konferencia2?utm_source=propeller.hu&utm_medium=textlink&utm_campaign=FTR_konf2\"\n            class=\"button primary\" target=\"_blank\" style=\"color:#fff;margin-top:15px;background: #e71000;\" rel=\"noopener noreferrer\">Program &eacute;s jegyv&aacute;s&aacute;rl&aacute;s &rarr;<\/a>\n        <\/div-->\n    <\/div>\n<p><script>(function(d, s, id) {\n  var js, fjs = d.getElementsByTagName(s)[0];\n  if (d.getElementById(id)) return;\n  js = d.createElement(s); js.id = id;\n  js.src = \"http:\/\/connect.facebook.net\/hu_HU\/sdk.js#xfbml=1&version=v2.7&appId=247823682023773\";\n  fjs.parentNode.insertBefore(js, fjs);\n}(document, 'script', 'facebook-jssdk'));<\/script><br \/>\n<br \/>\n<!--noindex--><br \/>\n<a href=\"https:\/\/hirek.oldal.info\/rssclick\/14383835\" rel=\"nofollow\">Source link <\/a><br \/>\n<!--\/noindex--><\/p>\n","protected":false},"excerpt":{"rendered":"<p>Orb\u00e1n Viktor szerint a h\u00e1lap\u00e9nzt meg kell sz\u00fcntetni. A N\u00e9pszava szerint t\u00f6bb ter\u00fcleten is eredm\u00e9nyt v\u00e1r el K\u00e1sler Mikl\u00f3st\u00f3l a minisztereln\u00f6k. Fot\u00f3: MTI\/Czegl\u00e9di Zsolt &#13; K\u00e1sler miniszter \u00far lehet m\u00e1rt\u00edr vagy nem m\u00e1rt\u00edr, de el\u0151bb vagy ut\u00f3bb eredm\u00e9nyeket kell felmutatnia &#13; \u2013 a N\u00e9pszava inform\u00e1ci\u00f3i szerint ezt mondta Orb\u00e1n Viktor minisztereln\u00f6k K\u00f6tcs\u00e9n, egy k\u00e9rd\u00e9sre v\u00e1laszolva. [&hellip;]<\/p>\n","protected":false},"author":2,"featured_media":1853,"comment_status":"open","ping_status":"open","sticky":false,"template":"","format":"standard","meta":{"footnotes":""},"categories":[1],"tags":[],"class_list":["post-1852","post","type-post","status-publish","format-standard","has-post-thumbnail","hentry","category-legujabb-penzugyi-hirek"],"yoast_head":"<!-- This site is optimized with the Yoast SEO plugin v27.4 - https:\/\/yoast.com\/product\/yoast-seo-wordpress\/ -->\n<title>Orb\u00e1n most m\u00e1r eredm\u00e9nyeket akar a miniszter\u00e9t\u0151l - Hot News in World<\/title>\n<meta name=\"robots\" content=\"index, follow, max-snippet:-1, max-image-preview:large, max-video-preview:-1\" \/>\n<link rel=\"canonical\" href=\"https:\/\/hotnewsinworld.com\/hu\/orban-most-mar-eredmenyeket-akar-a-miniszteretol\/\" \/>\n<meta property=\"og:locale\" content=\"hu_HU\" \/>\n<meta property=\"og:type\" content=\"article\" \/>\n<meta property=\"og:title\" content=\"Orb\u00e1n most m\u00e1r eredm\u00e9nyeket akar a miniszter\u00e9t\u0151l - Hot News in World\" \/>\n<meta property=\"og:description\" content=\"Orb\u00e1n Viktor szerint a h\u00e1lap\u00e9nzt meg kell sz\u00fcntetni. A N\u00e9pszava szerint t\u00f6bb ter\u00fcleten is eredm\u00e9nyt v\u00e1r el K\u00e1sler Mikl\u00f3st\u00f3l a minisztereln\u00f6k. Fot\u00f3: MTI\/Czegl\u00e9di Zsolt &#013; K\u00e1sler miniszter \u00far lehet m\u00e1rt\u00edr vagy nem m\u00e1rt\u00edr, de el\u0151bb vagy ut\u00f3bb eredm\u00e9nyeket kell felmutatnia &#013; \u2013 a N\u00e9pszava inform\u00e1ci\u00f3i szerint ezt mondta Orb\u00e1n Viktor minisztereln\u00f6k K\u00f6tcs\u00e9n, egy k\u00e9rd\u00e9sre v\u00e1laszolva. [&hellip;]\" \/>\n<meta property=\"og:url\" content=\"https:\/\/hotnewsinworld.com\/hu\/orban-most-mar-eredmenyeket-akar-a-miniszteretol\/\" \/>\n<meta property=\"og:site_name\" content=\"Hot News in World\" \/>\n<meta property=\"article:published_time\" content=\"2019-09-10T05:39:40+00:00\" \/>\n<meta property=\"article:modified_time\" content=\"2019-09-10T05:39:41+00:00\" \/>\n<meta property=\"og:image\" content=\"https:\/\/hotnewsinworld.com\/hu\/wp-content\/uploads\/sites\/3\/2019\/09\/Orb\u00e1n-most-m\u00e1r-eredm\u00e9nyeket-akar-a-miniszter\u00e9t\u0151l.jpg\" \/>\n\t<meta property=\"og:image:width\" content=\"800\" \/>\n\t<meta property=\"og:image:height\" content=\"533\" \/>\n\t<meta property=\"og:image:type\" content=\"image\/jpeg\" \/>\n<meta name=\"author\" content=\"hotnewsinworld\" \/>\n<meta name=\"twitter:card\" content=\"summary_large_image\" \/>\n<meta name=\"twitter:label1\" content=\"Szerz\u0151:\" \/>\n\t<meta name=\"twitter:data1\" content=\"hotnewsinworld\" \/>\n\t<meta name=\"twitter:label2\" content=\"Becs\u00fclt olvas\u00e1si id\u0151\" \/>\n\t<meta name=\"twitter:data2\" content=\"1 perc\" \/>\n<script type=\"application\/ld+json\" class=\"yoast-schema-graph\">{\"@context\":\"https:\\\/\\\/schema.org\",\"@graph\":[{\"@type\":\"Article\",\"@id\":\"https:\\\/\\\/hotnewsinworld.com\\\/hu\\\/orban-most-mar-eredmenyeket-akar-a-miniszteretol\\\/#article\",\"isPartOf\":{\"@id\":\"https:\\\/\\\/hotnewsinworld.com\\\/hu\\\/orban-most-mar-eredmenyeket-akar-a-miniszteretol\\\/\"},\"author\":{\"name\":\"hotnewsinworld\",\"@id\":\"https:\\\/\\\/hotnewsinworld.com\\\/hu\\\/#\\\/schema\\\/person\\\/fe61448b21c0d59086e75fcc1f9d8f6b\"},\"headline\":\"Orb\u00e1n most m\u00e1r eredm\u00e9nyeket akar a miniszter\u00e9t\u0151l\",\"datePublished\":\"2019-09-10T05:39:40+00:00\",\"dateModified\":\"2019-09-10T05:39:41+00:00\",\"mainEntityOfPage\":{\"@id\":\"https:\\\/\\\/hotnewsinworld.com\\\/hu\\\/orban-most-mar-eredmenyeket-akar-a-miniszteretol\\\/\"},\"wordCount\":232,\"commentCount\":0,\"image\":{\"@id\":\"https:\\\/\\\/hotnewsinworld.com\\\/hu\\\/orban-most-mar-eredmenyeket-akar-a-miniszteretol\\\/#primaryimage\"},\"thumbnailUrl\":\"https:\\\/\\\/hotnewsinworld.com\\\/hu\\\/wp-content\\\/uploads\\\/sites\\\/3\\\/2019\\\/09\\\/Orb\u00e1n-most-m\u00e1r-eredm\u00e9nyeket-akar-a-miniszter\u00e9t\u0151l.jpg\",\"articleSection\":[\"LEG\u00daJABB P\u00c9NZ\u00dcGYI H\u00cdREK\"],\"inLanguage\":\"hu\",\"potentialAction\":[{\"@type\":\"CommentAction\",\"name\":\"Comment\",\"target\":[\"https:\\\/\\\/hotnewsinworld.com\\\/hu\\\/orban-most-mar-eredmenyeket-akar-a-miniszteretol\\\/#respond\"]}]},{\"@type\":\"WebPage\",\"@id\":\"https:\\\/\\\/hotnewsinworld.com\\\/hu\\\/orban-most-mar-eredmenyeket-akar-a-miniszteretol\\\/\",\"url\":\"https:\\\/\\\/hotnewsinworld.com\\\/hu\\\/orban-most-mar-eredmenyeket-akar-a-miniszteretol\\\/\",\"name\":\"Orb\u00e1n most m\u00e1r eredm\u00e9nyeket akar a miniszter\u00e9t\u0151l - Hot News in World\",\"isPartOf\":{\"@id\":\"https:\\\/\\\/hotnewsinworld.com\\\/hu\\\/#website\"},\"primaryImageOfPage\":{\"@id\":\"https:\\\/\\\/hotnewsinworld.com\\\/hu\\\/orban-most-mar-eredmenyeket-akar-a-miniszteretol\\\/#primaryimage\"},\"image\":{\"@id\":\"https:\\\/\\\/hotnewsinworld.com\\\/hu\\\/orban-most-mar-eredmenyeket-akar-a-miniszteretol\\\/#primaryimage\"},\"thumbnailUrl\":\"https:\\\/\\\/hotnewsinworld.com\\\/hu\\\/wp-content\\\/uploads\\\/sites\\\/3\\\/2019\\\/09\\\/Orb\u00e1n-most-m\u00e1r-eredm\u00e9nyeket-akar-a-miniszter\u00e9t\u0151l.jpg\",\"datePublished\":\"2019-09-10T05:39:40+00:00\",\"dateModified\":\"2019-09-10T05:39:41+00:00\",\"author\":{\"@id\":\"https:\\\/\\\/hotnewsinworld.com\\\/hu\\\/#\\\/schema\\\/person\\\/fe61448b21c0d59086e75fcc1f9d8f6b\"},\"breadcrumb\":{\"@id\":\"https:\\\/\\\/hotnewsinworld.com\\\/hu\\\/orban-most-mar-eredmenyeket-akar-a-miniszteretol\\\/#breadcrumb\"},\"inLanguage\":\"hu\",\"potentialAction\":[{\"@type\":\"ReadAction\",\"target\":[\"https:\\\/\\\/hotnewsinworld.com\\\/hu\\\/orban-most-mar-eredmenyeket-akar-a-miniszteretol\\\/\"]}]},{\"@type\":\"ImageObject\",\"inLanguage\":\"hu\",\"@id\":\"https:\\\/\\\/hotnewsinworld.com\\\/hu\\\/orban-most-mar-eredmenyeket-akar-a-miniszteretol\\\/#primaryimage\",\"url\":\"https:\\\/\\\/hotnewsinworld.com\\\/hu\\\/wp-content\\\/uploads\\\/sites\\\/3\\\/2019\\\/09\\\/Orb\u00e1n-most-m\u00e1r-eredm\u00e9nyeket-akar-a-miniszter\u00e9t\u0151l.jpg\",\"contentUrl\":\"https:\\\/\\\/hotnewsinworld.com\\\/hu\\\/wp-content\\\/uploads\\\/sites\\\/3\\\/2019\\\/09\\\/Orb\u00e1n-most-m\u00e1r-eredm\u00e9nyeket-akar-a-miniszter\u00e9t\u0151l.jpg\",\"width\":800,\"height\":533,\"caption\":\"Orb\u00e1n most m\u00e1r eredm\u00e9nyeket akar a miniszter\u00e9t\u0151l\"},{\"@type\":\"BreadcrumbList\",\"@id\":\"https:\\\/\\\/hotnewsinworld.com\\\/hu\\\/orban-most-mar-eredmenyeket-akar-a-miniszteretol\\\/#breadcrumb\",\"itemListElement\":[{\"@type\":\"ListItem\",\"position\":1,\"name\":\"\u0413\u043b\u0430\u0432\u043d\u0430\u044f \u0441\u0442\u0440\u0430\u043d\u0438\u0446\u0430\",\"item\":\"https:\\\/\\\/hotnewsinworld.com\\\/hu\\\/\"},{\"@type\":\"ListItem\",\"position\":2,\"name\":\"Orb\u00e1n most m\u00e1r eredm\u00e9nyeket akar a miniszter\u00e9t\u0151l\"}]},{\"@type\":\"WebSite\",\"@id\":\"https:\\\/\\\/hotnewsinworld.com\\\/hu\\\/#website\",\"url\":\"https:\\\/\\\/hotnewsinworld.com\\\/hu\\\/\",\"name\":\"Hot News in World\",\"description\":\"Hot News in World from Hungary\",\"potentialAction\":[{\"@type\":\"SearchAction\",\"target\":{\"@type\":\"EntryPoint\",\"urlTemplate\":\"https:\\\/\\\/hotnewsinworld.com\\\/hu\\\/?s={search_term_string}\"},\"query-input\":{\"@type\":\"PropertyValueSpecification\",\"valueRequired\":true,\"valueName\":\"search_term_string\"}}],\"inLanguage\":\"hu\"},{\"@type\":\"Person\",\"@id\":\"https:\\\/\\\/hotnewsinworld.com\\\/hu\\\/#\\\/schema\\\/person\\\/fe61448b21c0d59086e75fcc1f9d8f6b\",\"name\":\"hotnewsinworld\",\"image\":{\"@type\":\"ImageObject\",\"inLanguage\":\"hu\",\"@id\":\"https:\\\/\\\/secure.gravatar.com\\\/avatar\\\/8a09ac165600ce2e1c38fe593c63928eb1e6e7ba5c5a907d67787c41b3d00c14?s=96&d=mm&r=g\",\"url\":\"https:\\\/\\\/secure.gravatar.com\\\/avatar\\\/8a09ac165600ce2e1c38fe593c63928eb1e6e7ba5c5a907d67787c41b3d00c14?s=96&d=mm&r=g\",\"contentUrl\":\"https:\\\/\\\/secure.gravatar.com\\\/avatar\\\/8a09ac165600ce2e1c38fe593c63928eb1e6e7ba5c5a907d67787c41b3d00c14?s=96&d=mm&r=g\",\"caption\":\"hotnewsinworld\"},\"url\":\"https:\\\/\\\/hotnewsinworld.com\\\/hu\\\/author\\\/pt\\\/\"}]}<\/script>\n<!-- \/ Yoast SEO plugin. -->","yoast_head_json":{"title":"Orb\u00e1n most m\u00e1r eredm\u00e9nyeket akar a miniszter\u00e9t\u0151l - Hot News in World","robots":{"index":"index","follow":"follow","max-snippet":"max-snippet:-1","max-image-preview":"max-image-preview:large","max-video-preview":"max-video-preview:-1"},"canonical":"https:\/\/hotnewsinworld.com\/hu\/orban-most-mar-eredmenyeket-akar-a-miniszteretol\/","og_locale":"hu_HU","og_type":"article","og_title":"Orb\u00e1n most m\u00e1r eredm\u00e9nyeket akar a miniszter\u00e9t\u0151l - Hot News in World","og_description":"Orb\u00e1n Viktor szerint a h\u00e1lap\u00e9nzt meg kell sz\u00fcntetni. A N\u00e9pszava szerint t\u00f6bb ter\u00fcleten is eredm\u00e9nyt v\u00e1r el K\u00e1sler Mikl\u00f3st\u00f3l a minisztereln\u00f6k. Fot\u00f3: MTI\/Czegl\u00e9di Zsolt &#13; K\u00e1sler miniszter \u00far lehet m\u00e1rt\u00edr vagy nem m\u00e1rt\u00edr, de el\u0151bb vagy ut\u00f3bb eredm\u00e9nyeket kell felmutatnia &#13; \u2013 a N\u00e9pszava inform\u00e1ci\u00f3i szerint ezt mondta Orb\u00e1n Viktor minisztereln\u00f6k K\u00f6tcs\u00e9n, egy k\u00e9rd\u00e9sre v\u00e1laszolva. [&hellip;]","og_url":"https:\/\/hotnewsinworld.com\/hu\/orban-most-mar-eredmenyeket-akar-a-miniszteretol\/","og_site_name":"Hot News in World","article_published_time":"2019-09-10T05:39:40+00:00","article_modified_time":"2019-09-10T05:39:41+00:00","og_image":[{"width":800,"height":533,"url":"https:\/\/hotnewsinworld.com\/hu\/wp-content\/uploads\/sites\/3\/2019\/09\/Orb\u00e1n-most-m\u00e1r-eredm\u00e9nyeket-akar-a-miniszter\u00e9t\u0151l.jpg","type":"image\/jpeg"}],"author":"hotnewsinworld","twitter_card":"summary_large_image","twitter_misc":{"Szerz\u0151:":"hotnewsinworld","Becs\u00fclt olvas\u00e1si id\u0151":"1 perc"},"schema":{"@context":"https:\/\/schema.org","@graph":[{"@type":"Article","@id":"https:\/\/hotnewsinworld.com\/hu\/orban-most-mar-eredmenyeket-akar-a-miniszteretol\/#article","isPartOf":{"@id":"https:\/\/hotnewsinworld.com\/hu\/orban-most-mar-eredmenyeket-akar-a-miniszteretol\/"},"author":{"name":"hotnewsinworld","@id":"https:\/\/hotnewsinworld.com\/hu\/#\/schema\/person\/fe61448b21c0d59086e75fcc1f9d8f6b"},"headline":"Orb\u00e1n most m\u00e1r eredm\u00e9nyeket akar a miniszter\u00e9t\u0151l","datePublished":"2019-09-10T05:39:40+00:00","dateModified":"2019-09-10T05:39:41+00:00","mainEntityOfPage":{"@id":"https:\/\/hotnewsinworld.com\/hu\/orban-most-mar-eredmenyeket-akar-a-miniszteretol\/"},"wordCount":232,"commentCount":0,"image":{"@id":"https:\/\/hotnewsinworld.com\/hu\/orban-most-mar-eredmenyeket-akar-a-miniszteretol\/#primaryimage"},"thumbnailUrl":"https:\/\/hotnewsinworld.com\/hu\/wp-content\/uploads\/sites\/3\/2019\/09\/Orb\u00e1n-most-m\u00e1r-eredm\u00e9nyeket-akar-a-miniszter\u00e9t\u0151l.jpg","articleSection":["LEG\u00daJABB P\u00c9NZ\u00dcGYI H\u00cdREK"],"inLanguage":"hu","potentialAction":[{"@type":"CommentAction","name":"Comment","target":["https:\/\/hotnewsinworld.com\/hu\/orban-most-mar-eredmenyeket-akar-a-miniszteretol\/#respond"]}]},{"@type":"WebPage","@id":"https:\/\/hotnewsinworld.com\/hu\/orban-most-mar-eredmenyeket-akar-a-miniszteretol\/","url":"https:\/\/hotnewsinworld.com\/hu\/orban-most-mar-eredmenyeket-akar-a-miniszteretol\/","name":"Orb\u00e1n most m\u00e1r eredm\u00e9nyeket akar a miniszter\u00e9t\u0151l - Hot News in World","isPartOf":{"@id":"https:\/\/hotnewsinworld.com\/hu\/#website"},"primaryImageOfPage":{"@id":"https:\/\/hotnewsinworld.com\/hu\/orban-most-mar-eredmenyeket-akar-a-miniszteretol\/#primaryimage"},"image":{"@id":"https:\/\/hotnewsinworld.com\/hu\/orban-most-mar-eredmenyeket-akar-a-miniszteretol\/#primaryimage"},"thumbnailUrl":"https:\/\/hotnewsinworld.com\/hu\/wp-content\/uploads\/sites\/3\/2019\/09\/Orb\u00e1n-most-m\u00e1r-eredm\u00e9nyeket-akar-a-miniszter\u00e9t\u0151l.jpg","datePublished":"2019-09-10T05:39:40+00:00","dateModified":"2019-09-10T05:39:41+00:00","author":{"@id":"https:\/\/hotnewsinworld.com\/hu\/#\/schema\/person\/fe61448b21c0d59086e75fcc1f9d8f6b"},"breadcrumb":{"@id":"https:\/\/hotnewsinworld.com\/hu\/orban-most-mar-eredmenyeket-akar-a-miniszteretol\/#breadcrumb"},"inLanguage":"hu","potentialAction":[{"@type":"ReadAction","target":["https:\/\/hotnewsinworld.com\/hu\/orban-most-mar-eredmenyeket-akar-a-miniszteretol\/"]}]},{"@type":"ImageObject","inLanguage":"hu","@id":"https:\/\/hotnewsinworld.com\/hu\/orban-most-mar-eredmenyeket-akar-a-miniszteretol\/#primaryimage","url":"https:\/\/hotnewsinworld.com\/hu\/wp-content\/uploads\/sites\/3\/2019\/09\/Orb\u00e1n-most-m\u00e1r-eredm\u00e9nyeket-akar-a-miniszter\u00e9t\u0151l.jpg","contentUrl":"https:\/\/hotnewsinworld.com\/hu\/wp-content\/uploads\/sites\/3\/2019\/09\/Orb\u00e1n-most-m\u00e1r-eredm\u00e9nyeket-akar-a-miniszter\u00e9t\u0151l.jpg","width":800,"height":533,"caption":"Orb\u00e1n most m\u00e1r eredm\u00e9nyeket akar a miniszter\u00e9t\u0151l"},{"@type":"BreadcrumbList","@id":"https:\/\/hotnewsinworld.com\/hu\/orban-most-mar-eredmenyeket-akar-a-miniszteretol\/#breadcrumb","itemListElement":[{"@type":"ListItem","position":1,"name":"\u0413\u043b\u0430\u0432\u043d\u0430\u044f \u0441\u0442\u0440\u0430\u043d\u0438\u0446\u0430","item":"https:\/\/hotnewsinworld.com\/hu\/"},{"@type":"ListItem","position":2,"name":"Orb\u00e1n most m\u00e1r eredm\u00e9nyeket akar a miniszter\u00e9t\u0151l"}]},{"@type":"WebSite","@id":"https:\/\/hotnewsinworld.com\/hu\/#website","url":"https:\/\/hotnewsinworld.com\/hu\/","name":"Hot News in World","description":"Hot News in World from Hungary","potentialAction":[{"@type":"SearchAction","target":{"@type":"EntryPoint","urlTemplate":"https:\/\/hotnewsinworld.com\/hu\/?s={search_term_string}"},"query-input":{"@type":"PropertyValueSpecification","valueRequired":true,"valueName":"search_term_string"}}],"inLanguage":"hu"},{"@type":"Person","@id":"https:\/\/hotnewsinworld.com\/hu\/#\/schema\/person\/fe61448b21c0d59086e75fcc1f9d8f6b","name":"hotnewsinworld","image":{"@type":"ImageObject","inLanguage":"hu","@id":"https:\/\/secure.gravatar.com\/avatar\/8a09ac165600ce2e1c38fe593c63928eb1e6e7ba5c5a907d67787c41b3d00c14?s=96&d=mm&r=g","url":"https:\/\/secure.gravatar.com\/avatar\/8a09ac165600ce2e1c38fe593c63928eb1e6e7ba5c5a907d67787c41b3d00c14?s=96&d=mm&r=g","contentUrl":"https:\/\/secure.gravatar.com\/avatar\/8a09ac165600ce2e1c38fe593c63928eb1e6e7ba5c5a907d67787c41b3d00c14?s=96&d=mm&r=g","caption":"hotnewsinworld"},"url":"https:\/\/hotnewsinworld.com\/hu\/author\/pt\/"}]}},"_links":{"self":[{"href":"https:\/\/hotnewsinworld.com\/hu\/wp-json\/wp\/v2\/posts\/1852","targetHints":{"allow":["GET"]}}],"collection":[{"href":"https:\/\/hotnewsinworld.com\/hu\/wp-json\/wp\/v2\/posts"}],"about":[{"href":"https:\/\/hotnewsinworld.com\/hu\/wp-json\/wp\/v2\/types\/post"}],"author":[{"embeddable":true,"href":"https:\/\/hotnewsinworld.com\/hu\/wp-json\/wp\/v2\/users\/2"}],"replies":[{"embeddable":true,"href":"https:\/\/hotnewsinworld.com\/hu\/wp-json\/wp\/v2\/comments?post=1852"}],"version-history":[{"count":1,"href":"https:\/\/hotnewsinworld.com\/hu\/wp-json\/wp\/v2\/posts\/1852\/revisions"}],"predecessor-version":[{"id":1854,"href":"https:\/\/hotnewsinworld.com\/hu\/wp-json\/wp\/v2\/posts\/1852\/revisions\/1854"}],"wp:featuredmedia":[{"embeddable":true,"href":"https:\/\/hotnewsinworld.com\/hu\/wp-json\/wp\/v2\/media\/1853"}],"wp:attachment":[{"href":"https:\/\/hotnewsinworld.com\/hu\/wp-json\/wp\/v2\/media?parent=1852"}],"wp:term":[{"taxonomy":"category","embeddable":true,"href":"https:\/\/hotnewsinworld.com\/hu\/wp-json\/wp\/v2\/categories?post=1852"},{"taxonomy":"post_tag","embeddable":true,"href":"https:\/\/hotnewsinworld.com\/hu\/wp-json\/wp\/v2\/tags?post=1852"}],"curies":[{"name":"wp","href":"https:\/\/api.w.org\/{rel}","templated":true}]}}