{"id":1855,"date":"2019-09-10T10:56:27","date_gmt":"2019-09-10T07:56:27","guid":{"rendered":"https:\/\/hotnewsinworld.com\/hu\/nem-bizik-sajat-erejeben-a-jobbik\/"},"modified":"2019-09-10T10:56:28","modified_gmt":"2019-09-10T07:56:28","slug":"nem-bizik-sajat-erejeben-a-jobbik","status":"publish","type":"post","link":"https:\/\/hotnewsinworld.com\/hu\/nem-bizik-sajat-erejeben-a-jobbik\/","title":{"rendered":"Nem b\u00edzik saj\u00e1t erej\u00e9ben a Jobbik"},"content":{"rendered":"<div>\n\t\t\t\t\tA cikk emailben t\u00f6rt\u00e9n\u0151 elk\u00fcld\u00e9s\u00e9hez kattintson ide, vagy m\u00e1solja le \u00e9s k\u00fcldje el ezt a linket: <strong>https:\/\/magyarnemzet.hu\/belfold\/nem-bizik-sajat-erejeben-a-jobbik-7285544\/<\/strong>\n\t\t\t\t<\/div>\n<p>\n\t\t\t\t\t<span class=\"en-article-dates-main\">2019. szeptember 10. kedd 09:46<\/span>\n\t\t\t\t\t\t\t\t\t\t\t\t\t\t<\/p>\n<div>\n<p>\n\t\t\t\t\t\t\t\tMirk\u00f3czki \u00c1d\u00e1m \u00e9s Pint\u00e9r Tam\u00e1s ut\u00e1n a Jobbik ifj\u00fas\u00e1gi tagozat\u00e1nak eln\u00f6ke sem p\u00e1rtja log\u00f3j\u00e1val indul okt\u00f3berben az \u00f6nkorm\u00e1nyzati v\u00e1laszt\u00e1son. Keresztesy Gerg\u0151 a M\u00e1rki-Zay-f\u00e9le Mindenki Magyarorsz\u00e1ga Mozgalom jel\u00f6ltjek\u00e9nt m\u00e9reti meg mag\u00e1t. \u00dagy t\u0171nik, a Jobbik politikusai egyre kev\u00e9sb\u00e9 hisznek \u00f6nmagukban, ez\u00e9rt is hozhattak l\u00e9tre febru\u00e1rban egy tartal\u00e9k p\u00e1rtot.&#13;\n\t\t\t\t\t\t\t<\/p>\n<p>A Mindenki Magyarorsz\u00e1ga Mozgalom jel\u00f6ltjek\u00e9nt indul okt\u00f3berben Keresztesy Gerg\u0151, a Jobbik Ifj\u00fas\u00e1gi Tagozat\u00e1nak (IT) eln\u00f6ke, aki Beretty\u00f3\u00fajfalu 2. v\u00e1laszt\u00f3ker\u00fclet\u00e9ben egy\u00e9ni k\u00e9pvisel\u0151jel\u00f6lt \u2013 der\u00fclt ki a V\u00e1laszt\u00e1s.hu adatb\u00e1zis\u00e1b\u00f3l. Keresztesyt ez \u00e9v febru\u00e1rj\u00e1ban v\u00e1lasztott\u00e1k a szervezet \u00faj eln\u00f6k\u00e9v\u00e9, el\u0151dje egy\u00e9bk\u00e9nt az a Farkas Gergely, aki ellen a K\u00f6zponti Nyomoz\u00f3 F\u0151\u00fcgy\u00e9szs\u00e9g nemr\u00e9giben v\u00e1laszt\u00e1si csal\u00e1s gyan\u00faja miatt emelt v\u00e1dat. Az \u00faj Jobbik IT-eln\u00f6k most saj\u00e1t p\u00e1rtja helyett a M\u00e1rki-Zay P\u00e9ter vezette mozgalom log\u00f3ja alatt m\u00e9reti meg mag\u00e1t, vagyis m\u00e1r nem b\u00edzik abban, hogy az \u00f6nkorm\u00e1nyzati v\u00e1laszt\u00e1son el\u00e9g a sikerhez a Jobbik log\u00f3ja.<\/p>\n<p>Nem Keresztesy Gerg\u0151 az egyetlen a p\u00e1rtban, aki a Jobbik helyett vagy mellett m\u00e1s sz\u00f6vets\u00e9gesek t\u00e1mogat\u00e1s\u00e1val indul \u0151sszel. Mirk\u00f3czki \u00c1d\u00e1m orsz\u00e1gg\u00ady\u0171l\u00e9si k\u00e9pvisel\u0151, a Nemzetbiztons\u00e1gi Bizotts\u00e1g jobbikos eln\u00f6ke szinte els\u0151k\u00e9nt jelentette be, hogy az ellenz\u00e9k k\u00f6z\u00f6s polg\u00e1rmesterjel\u00f6ltje lesz Egerben, a v\u00e1laszt\u00e1sra l\u00e9trehozott helyi civil szervezet t\u00e1mogat\u00e1s\u00e1val. K\u00f6zben Mirk\u00f3czki k\u00f6zel brutt\u00f3 1,7 milli\u00f3 forint k\u00e9pvisel\u0151i javadalmaz\u00e1sban r\u00e9szes\u00fcl az Orsz\u00e1ggy\u0171l\u00e9sben a Jobbik-frakci\u00f3 tagjak\u00e9nt, de az elm\u00falt m\u00e1sf\u00e9l \u00e9vben mind\u00f6ssze 24 alkalommal sz\u00f3lalt fel a T. H\u00e1zban, ebb\u0151l id\u00e9n csak n\u00e9gyszer emelkedett sz\u00f3lal\u00e1sra. Az ut\u00f3bbi h\u00f3napokban l\u00e1tv\u00e1nyosan ker\u00fcli a Jobbik p\u00e1rtlog\u00f3ja alatti szerepl\u00e9st, minden energi\u00e1j\u00e1t Egerbe \u00e9s a polg\u00e1rmesteri poszt el\u00e9r\u00e9s\u00e9be fekteti.<\/p>\n<p>Pint\u00e9r Tam\u00e1s, a Jobbik m\u00e1sik orsz\u00e1g\u00adgy\u0171l\u00e9si k\u00e9pvisel\u0151je sem b\u00edzhat p\u00e1rtj\u00e1ban annyira, hogy annak sz\u00edneiben m\u00e9rettessen meg Duna\u00fajv\u00e1rosban, pedig a 2018-as v\u00e1laszt\u00e1son \u0151 volt az egyetlen jobbikos jel\u00f6lt, aki egy\u00e9niben nyert.<\/p>\n<div id=\"attachment_7287761\" style=\"width: 790px\" class=\"wp-caption alignnone\">\n<p class=\"wp-caption-text\">Mirk\u00f3czki \u00c1d\u00e1m m\u00e1r m\u00e1s sz\u00ednekben kamp\u00e1nyol <br \/>Fot\u00f3: Mirk\u00f3 Istv\u00e1n<\/p>\n<\/div>\n<p>Mindent egybevetve \u00e9rezhet\u0151en megroppant a p\u00e1rt erej\u00e9be vetett bizalom, amit m\u00e1r a tavaszi EP-v\u00e1laszt\u00e1si eredm\u00e9ny is indokol, akkor ugyanis a Jobbik csak 6 sz\u00e1zal\u00e9kot kapott, ami egyetlen mand\u00e1tumra volt elegend\u0151. De, mint arr\u00f3l lapunk p\u00e1r napja besz\u00e1molt, a p\u00e9nz\u00fcgyi cs\u0151d sz\u00e9l\u00e9n \u00e1ll\u00f3, t\u00e1mogatotts\u00e1g\u00e1t rohamosan elvesz\u00edt\u0151 p\u00e1rt m\u00e1r az \u00e9v elej\u00e9n megteremtette egy \u00faj politikai form\u00e1ci\u00f3ba menek\u00fcl\u00e9s lehet\u0151s\u00e9g\u00e9t. Az \u00faj p\u00e1rt alap\u00edt\u00e1s\u00e1r\u00f3l csup\u00e1n egy sz\u0171k, bizalmi k\u00f6r tud, de a Jobbik B\u00e1cs-Kiskun megyei eln\u00f6ke id\u00e9n tavasszal k\u00f6z\u00f6lt egy erre utal\u00f3 bejegyz\u00e9st a k\u00f6z\u00f6ss\u00e9gi oldal\u00e1n. Sz\u0171cs Imre le\u00edrta: \u201eEz \u00e9v febru\u00e1rj\u00e1ban tartal\u00e9k p\u00e1rtot hoztunk l\u00e9tre.\u201d A p\u00e1rt nev\u00e9t nem \u00e1rulta el, mondv\u00e1n, az nem publikus.<\/p>\n<p>A megyei eln\u00f6k szavai, illetve az \u00faj p\u00e1rt l\u00e9trehoz\u00e1s\u00e1nak d\u00e1tuma egybev\u00e1g a Jobbik rendk\u00edv\u00fcli kongresszus\u00e1nak idej\u00e9vel, amikor is alapszab\u00e1ly\u00e1ba beker\u00fclt a kett\u0151s tags\u00e1g lehet\u0151s\u00e9ge \u00e9s felmer\u00fclt egy, a p\u00e1rttal p\u00e1rhuzamos szervezet l\u00e9trehoz\u00e1s\u00e1nak \u00f6tlete is.<\/p>\n<\/p><\/div>\n<p><script>\n    window.fbAsyncInit = function() {\n        FB.init({\n            appId      : \"397495361000984\",\n            xfbml      : true,\n            version    : \"v2.12\"\n        });\n        FB.AppEvents.logPageView();\n        jQuery(document).trigger('fbInit');\n    };<\/p>\n<p>    (function(d, s, id){\n        var js, fjs = d.getElementsByTagName(s)[0];\n        if (d.getElementById(id)) {return;}\n        js = d.createElement(s); js.id = id;\n        js.src = \"http:\/\/connect.facebook.net\/hu_HU\/sdk.js\";\n        fjs.parentNode.insertBefore(js, fjs);\n    }(document, \"script\", \"facebook-jssdk\"));\n<\/script><br \/>\n<br \/>\n<!--noindex--><br \/>\n<a href=\"https:\/\/hirek.oldal.info\/rssclick\/14384256\" rel=\"nofollow\">Source link <\/a><br \/>\n<!--\/noindex--><\/p>\n","protected":false},"excerpt":{"rendered":"<p>A cikk emailben t\u00f6rt\u00e9n\u0151 elk\u00fcld\u00e9s\u00e9hez kattintson ide, vagy m\u00e1solja le \u00e9s k\u00fcldje el ezt a linket: https:\/\/magyarnemzet.hu\/belfold\/nem-bizik-sajat-erejeben-a-jobbik-7285544\/ 2019. szeptember 10. kedd 09:46 Mirk\u00f3czki \u00c1d\u00e1m \u00e9s Pint\u00e9r Tam\u00e1s ut\u00e1n a Jobbik ifj\u00fas\u00e1gi tagozat\u00e1nak eln\u00f6ke sem p\u00e1rtja log\u00f3j\u00e1val indul okt\u00f3berben az \u00f6nkorm\u00e1nyzati v\u00e1laszt\u00e1son. Keresztesy Gerg\u0151 a M\u00e1rki-Zay-f\u00e9le Mindenki Magyarorsz\u00e1ga Mozgalom jel\u00f6ltjek\u00e9nt m\u00e9reti meg mag\u00e1t. \u00dagy t\u0171nik, a [&hellip;]<\/p>\n","protected":false},"author":2,"featured_media":1856,"comment_status":"open","ping_status":"open","sticky":false,"template":"","format":"standard","meta":{"footnotes":""},"categories":[1],"tags":[],"class_list":["post-1855","post","type-post","status-publish","format-standard","has-post-thumbnail","hentry","category-legujabb-penzugyi-hirek"],"yoast_head":"<!-- This site is optimized with the Yoast SEO plugin v27.4 - https:\/\/yoast.com\/product\/yoast-seo-wordpress\/ -->\n<title>Nem b\u00edzik saj\u00e1t erej\u00e9ben a Jobbik - Hot News in World<\/title>\n<meta name=\"robots\" content=\"index, follow, max-snippet:-1, max-image-preview:large, max-video-preview:-1\" \/>\n<link rel=\"canonical\" href=\"https:\/\/hotnewsinworld.com\/hu\/nem-bizik-sajat-erejeben-a-jobbik\/\" \/>\n<meta property=\"og:locale\" content=\"hu_HU\" \/>\n<meta property=\"og:type\" content=\"article\" \/>\n<meta property=\"og:title\" content=\"Nem b\u00edzik saj\u00e1t erej\u00e9ben a Jobbik - Hot News in World\" \/>\n<meta property=\"og:description\" content=\"A cikk emailben t\u00f6rt\u00e9n\u0151 elk\u00fcld\u00e9s\u00e9hez kattintson ide, vagy m\u00e1solja le \u00e9s k\u00fcldje el ezt a linket: https:\/\/magyarnemzet.hu\/belfold\/nem-bizik-sajat-erejeben-a-jobbik-7285544\/ 2019. szeptember 10. kedd 09:46 Mirk\u00f3czki \u00c1d\u00e1m \u00e9s Pint\u00e9r Tam\u00e1s ut\u00e1n a Jobbik ifj\u00fas\u00e1gi tagozat\u00e1nak eln\u00f6ke sem p\u00e1rtja log\u00f3j\u00e1val indul okt\u00f3berben az \u00f6nkorm\u00e1nyzati v\u00e1laszt\u00e1son. Keresztesy Gerg\u0151 a M\u00e1rki-Zay-f\u00e9le Mindenki Magyarorsz\u00e1ga Mozgalom jel\u00f6ltjek\u00e9nt m\u00e9reti meg mag\u00e1t. \u00dagy t\u0171nik, a [&hellip;]\" \/>\n<meta property=\"og:url\" content=\"https:\/\/hotnewsinworld.com\/hu\/nem-bizik-sajat-erejeben-a-jobbik\/\" \/>\n<meta property=\"og:site_name\" content=\"Hot News in World\" \/>\n<meta property=\"article:published_time\" content=\"2019-09-10T07:56:27+00:00\" \/>\n<meta property=\"article:modified_time\" content=\"2019-09-10T07:56:28+00:00\" \/>\n<meta property=\"og:image\" content=\"https:\/\/hotnewsinworld.com\/hu\/wp-content\/uploads\/sites\/3\/2019\/09\/Nem-b\u00edzik-saj\u00e1t-erej\u00e9ben-a-Jobbik.jpg\" \/>\n\t<meta property=\"og:image:width\" content=\"780\" \/>\n\t<meta property=\"og:image:height\" content=\"530\" \/>\n\t<meta property=\"og:image:type\" content=\"image\/jpeg\" \/>\n<meta name=\"author\" content=\"hotnewsinworld\" \/>\n<meta name=\"twitter:card\" content=\"summary_large_image\" \/>\n<meta name=\"twitter:label1\" content=\"Szerz\u0151:\" \/>\n\t<meta name=\"twitter:data1\" content=\"hotnewsinworld\" \/>\n\t<meta name=\"twitter:label2\" content=\"Becs\u00fclt olvas\u00e1si id\u0151\" \/>\n\t<meta name=\"twitter:data2\" content=\"4 perc\" \/>\n<script type=\"application\/ld+json\" class=\"yoast-schema-graph\">{\"@context\":\"https:\\\/\\\/schema.org\",\"@graph\":[{\"@type\":\"Article\",\"@id\":\"https:\\\/\\\/hotnewsinworld.com\\\/hu\\\/nem-bizik-sajat-erejeben-a-jobbik\\\/#article\",\"isPartOf\":{\"@id\":\"https:\\\/\\\/hotnewsinworld.com\\\/hu\\\/nem-bizik-sajat-erejeben-a-jobbik\\\/\"},\"author\":{\"name\":\"hotnewsinworld\",\"@id\":\"https:\\\/\\\/hotnewsinworld.com\\\/hu\\\/#\\\/schema\\\/person\\\/fe61448b21c0d59086e75fcc1f9d8f6b\"},\"headline\":\"Nem b\u00edzik saj\u00e1t erej\u00e9ben a Jobbik\",\"datePublished\":\"2019-09-10T07:56:27+00:00\",\"dateModified\":\"2019-09-10T07:56:28+00:00\",\"mainEntityOfPage\":{\"@id\":\"https:\\\/\\\/hotnewsinworld.com\\\/hu\\\/nem-bizik-sajat-erejeben-a-jobbik\\\/\"},\"wordCount\":710,\"commentCount\":0,\"image\":{\"@id\":\"https:\\\/\\\/hotnewsinworld.com\\\/hu\\\/nem-bizik-sajat-erejeben-a-jobbik\\\/#primaryimage\"},\"thumbnailUrl\":\"https:\\\/\\\/hotnewsinworld.com\\\/hu\\\/wp-content\\\/uploads\\\/sites\\\/3\\\/2019\\\/09\\\/Nem-b\u00edzik-saj\u00e1t-erej\u00e9ben-a-Jobbik.jpg\",\"articleSection\":[\"LEG\u00daJABB P\u00c9NZ\u00dcGYI H\u00cdREK\"],\"inLanguage\":\"hu\",\"potentialAction\":[{\"@type\":\"CommentAction\",\"name\":\"Comment\",\"target\":[\"https:\\\/\\\/hotnewsinworld.com\\\/hu\\\/nem-bizik-sajat-erejeben-a-jobbik\\\/#respond\"]}]},{\"@type\":\"WebPage\",\"@id\":\"https:\\\/\\\/hotnewsinworld.com\\\/hu\\\/nem-bizik-sajat-erejeben-a-jobbik\\\/\",\"url\":\"https:\\\/\\\/hotnewsinworld.com\\\/hu\\\/nem-bizik-sajat-erejeben-a-jobbik\\\/\",\"name\":\"Nem b\u00edzik saj\u00e1t erej\u00e9ben a Jobbik - Hot News in World\",\"isPartOf\":{\"@id\":\"https:\\\/\\\/hotnewsinworld.com\\\/hu\\\/#website\"},\"primaryImageOfPage\":{\"@id\":\"https:\\\/\\\/hotnewsinworld.com\\\/hu\\\/nem-bizik-sajat-erejeben-a-jobbik\\\/#primaryimage\"},\"image\":{\"@id\":\"https:\\\/\\\/hotnewsinworld.com\\\/hu\\\/nem-bizik-sajat-erejeben-a-jobbik\\\/#primaryimage\"},\"thumbnailUrl\":\"https:\\\/\\\/hotnewsinworld.com\\\/hu\\\/wp-content\\\/uploads\\\/sites\\\/3\\\/2019\\\/09\\\/Nem-b\u00edzik-saj\u00e1t-erej\u00e9ben-a-Jobbik.jpg\",\"datePublished\":\"2019-09-10T07:56:27+00:00\",\"dateModified\":\"2019-09-10T07:56:28+00:00\",\"author\":{\"@id\":\"https:\\\/\\\/hotnewsinworld.com\\\/hu\\\/#\\\/schema\\\/person\\\/fe61448b21c0d59086e75fcc1f9d8f6b\"},\"breadcrumb\":{\"@id\":\"https:\\\/\\\/hotnewsinworld.com\\\/hu\\\/nem-bizik-sajat-erejeben-a-jobbik\\\/#breadcrumb\"},\"inLanguage\":\"hu\",\"potentialAction\":[{\"@type\":\"ReadAction\",\"target\":[\"https:\\\/\\\/hotnewsinworld.com\\\/hu\\\/nem-bizik-sajat-erejeben-a-jobbik\\\/\"]}]},{\"@type\":\"ImageObject\",\"inLanguage\":\"hu\",\"@id\":\"https:\\\/\\\/hotnewsinworld.com\\\/hu\\\/nem-bizik-sajat-erejeben-a-jobbik\\\/#primaryimage\",\"url\":\"https:\\\/\\\/hotnewsinworld.com\\\/hu\\\/wp-content\\\/uploads\\\/sites\\\/3\\\/2019\\\/09\\\/Nem-b\u00edzik-saj\u00e1t-erej\u00e9ben-a-Jobbik.jpg\",\"contentUrl\":\"https:\\\/\\\/hotnewsinworld.com\\\/hu\\\/wp-content\\\/uploads\\\/sites\\\/3\\\/2019\\\/09\\\/Nem-b\u00edzik-saj\u00e1t-erej\u00e9ben-a-Jobbik.jpg\",\"width\":780,\"height\":530,\"caption\":\"Nem b\u00edzik saj\u00e1t erej\u00e9ben a Jobbik\"},{\"@type\":\"BreadcrumbList\",\"@id\":\"https:\\\/\\\/hotnewsinworld.com\\\/hu\\\/nem-bizik-sajat-erejeben-a-jobbik\\\/#breadcrumb\",\"itemListElement\":[{\"@type\":\"ListItem\",\"position\":1,\"name\":\"\u0413\u043b\u0430\u0432\u043d\u0430\u044f \u0441\u0442\u0440\u0430\u043d\u0438\u0446\u0430\",\"item\":\"https:\\\/\\\/hotnewsinworld.com\\\/hu\\\/\"},{\"@type\":\"ListItem\",\"position\":2,\"name\":\"Nem b\u00edzik saj\u00e1t erej\u00e9ben a Jobbik\"}]},{\"@type\":\"WebSite\",\"@id\":\"https:\\\/\\\/hotnewsinworld.com\\\/hu\\\/#website\",\"url\":\"https:\\\/\\\/hotnewsinworld.com\\\/hu\\\/\",\"name\":\"Hot News in World\",\"description\":\"Hot News in World from Hungary\",\"potentialAction\":[{\"@type\":\"SearchAction\",\"target\":{\"@type\":\"EntryPoint\",\"urlTemplate\":\"https:\\\/\\\/hotnewsinworld.com\\\/hu\\\/?s={search_term_string}\"},\"query-input\":{\"@type\":\"PropertyValueSpecification\",\"valueRequired\":true,\"valueName\":\"search_term_string\"}}],\"inLanguage\":\"hu\"},{\"@type\":\"Person\",\"@id\":\"https:\\\/\\\/hotnewsinworld.com\\\/hu\\\/#\\\/schema\\\/person\\\/fe61448b21c0d59086e75fcc1f9d8f6b\",\"name\":\"hotnewsinworld\",\"image\":{\"@type\":\"ImageObject\",\"inLanguage\":\"hu\",\"@id\":\"https:\\\/\\\/secure.gravatar.com\\\/avatar\\\/8a09ac165600ce2e1c38fe593c63928eb1e6e7ba5c5a907d67787c41b3d00c14?s=96&d=mm&r=g\",\"url\":\"https:\\\/\\\/secure.gravatar.com\\\/avatar\\\/8a09ac165600ce2e1c38fe593c63928eb1e6e7ba5c5a907d67787c41b3d00c14?s=96&d=mm&r=g\",\"contentUrl\":\"https:\\\/\\\/secure.gravatar.com\\\/avatar\\\/8a09ac165600ce2e1c38fe593c63928eb1e6e7ba5c5a907d67787c41b3d00c14?s=96&d=mm&r=g\",\"caption\":\"hotnewsinworld\"},\"url\":\"https:\\\/\\\/hotnewsinworld.com\\\/hu\\\/author\\\/pt\\\/\"}]}<\/script>\n<!-- \/ Yoast SEO plugin. -->","yoast_head_json":{"title":"Nem b\u00edzik saj\u00e1t erej\u00e9ben a Jobbik - Hot News in World","robots":{"index":"index","follow":"follow","max-snippet":"max-snippet:-1","max-image-preview":"max-image-preview:large","max-video-preview":"max-video-preview:-1"},"canonical":"https:\/\/hotnewsinworld.com\/hu\/nem-bizik-sajat-erejeben-a-jobbik\/","og_locale":"hu_HU","og_type":"article","og_title":"Nem b\u00edzik saj\u00e1t erej\u00e9ben a Jobbik - Hot News in World","og_description":"A cikk emailben t\u00f6rt\u00e9n\u0151 elk\u00fcld\u00e9s\u00e9hez kattintson ide, vagy m\u00e1solja le \u00e9s k\u00fcldje el ezt a linket: https:\/\/magyarnemzet.hu\/belfold\/nem-bizik-sajat-erejeben-a-jobbik-7285544\/ 2019. szeptember 10. kedd 09:46 Mirk\u00f3czki \u00c1d\u00e1m \u00e9s Pint\u00e9r Tam\u00e1s ut\u00e1n a Jobbik ifj\u00fas\u00e1gi tagozat\u00e1nak eln\u00f6ke sem p\u00e1rtja log\u00f3j\u00e1val indul okt\u00f3berben az \u00f6nkorm\u00e1nyzati v\u00e1laszt\u00e1son. Keresztesy Gerg\u0151 a M\u00e1rki-Zay-f\u00e9le Mindenki Magyarorsz\u00e1ga Mozgalom jel\u00f6ltjek\u00e9nt m\u00e9reti meg mag\u00e1t. \u00dagy t\u0171nik, a [&hellip;]","og_url":"https:\/\/hotnewsinworld.com\/hu\/nem-bizik-sajat-erejeben-a-jobbik\/","og_site_name":"Hot News in World","article_published_time":"2019-09-10T07:56:27+00:00","article_modified_time":"2019-09-10T07:56:28+00:00","og_image":[{"width":780,"height":530,"url":"https:\/\/hotnewsinworld.com\/hu\/wp-content\/uploads\/sites\/3\/2019\/09\/Nem-b\u00edzik-saj\u00e1t-erej\u00e9ben-a-Jobbik.jpg","type":"image\/jpeg"}],"author":"hotnewsinworld","twitter_card":"summary_large_image","twitter_misc":{"Szerz\u0151:":"hotnewsinworld","Becs\u00fclt olvas\u00e1si id\u0151":"4 perc"},"schema":{"@context":"https:\/\/schema.org","@graph":[{"@type":"Article","@id":"https:\/\/hotnewsinworld.com\/hu\/nem-bizik-sajat-erejeben-a-jobbik\/#article","isPartOf":{"@id":"https:\/\/hotnewsinworld.com\/hu\/nem-bizik-sajat-erejeben-a-jobbik\/"},"author":{"name":"hotnewsinworld","@id":"https:\/\/hotnewsinworld.com\/hu\/#\/schema\/person\/fe61448b21c0d59086e75fcc1f9d8f6b"},"headline":"Nem b\u00edzik saj\u00e1t erej\u00e9ben a Jobbik","datePublished":"2019-09-10T07:56:27+00:00","dateModified":"2019-09-10T07:56:28+00:00","mainEntityOfPage":{"@id":"https:\/\/hotnewsinworld.com\/hu\/nem-bizik-sajat-erejeben-a-jobbik\/"},"wordCount":710,"commentCount":0,"image":{"@id":"https:\/\/hotnewsinworld.com\/hu\/nem-bizik-sajat-erejeben-a-jobbik\/#primaryimage"},"thumbnailUrl":"https:\/\/hotnewsinworld.com\/hu\/wp-content\/uploads\/sites\/3\/2019\/09\/Nem-b\u00edzik-saj\u00e1t-erej\u00e9ben-a-Jobbik.jpg","articleSection":["LEG\u00daJABB P\u00c9NZ\u00dcGYI H\u00cdREK"],"inLanguage":"hu","potentialAction":[{"@type":"CommentAction","name":"Comment","target":["https:\/\/hotnewsinworld.com\/hu\/nem-bizik-sajat-erejeben-a-jobbik\/#respond"]}]},{"@type":"WebPage","@id":"https:\/\/hotnewsinworld.com\/hu\/nem-bizik-sajat-erejeben-a-jobbik\/","url":"https:\/\/hotnewsinworld.com\/hu\/nem-bizik-sajat-erejeben-a-jobbik\/","name":"Nem b\u00edzik saj\u00e1t erej\u00e9ben a Jobbik - Hot News in World","isPartOf":{"@id":"https:\/\/hotnewsinworld.com\/hu\/#website"},"primaryImageOfPage":{"@id":"https:\/\/hotnewsinworld.com\/hu\/nem-bizik-sajat-erejeben-a-jobbik\/#primaryimage"},"image":{"@id":"https:\/\/hotnewsinworld.com\/hu\/nem-bizik-sajat-erejeben-a-jobbik\/#primaryimage"},"thumbnailUrl":"https:\/\/hotnewsinworld.com\/hu\/wp-content\/uploads\/sites\/3\/2019\/09\/Nem-b\u00edzik-saj\u00e1t-erej\u00e9ben-a-Jobbik.jpg","datePublished":"2019-09-10T07:56:27+00:00","dateModified":"2019-09-10T07:56:28+00:00","author":{"@id":"https:\/\/hotnewsinworld.com\/hu\/#\/schema\/person\/fe61448b21c0d59086e75fcc1f9d8f6b"},"breadcrumb":{"@id":"https:\/\/hotnewsinworld.com\/hu\/nem-bizik-sajat-erejeben-a-jobbik\/#breadcrumb"},"inLanguage":"hu","potentialAction":[{"@type":"ReadAction","target":["https:\/\/hotnewsinworld.com\/hu\/nem-bizik-sajat-erejeben-a-jobbik\/"]}]},{"@type":"ImageObject","inLanguage":"hu","@id":"https:\/\/hotnewsinworld.com\/hu\/nem-bizik-sajat-erejeben-a-jobbik\/#primaryimage","url":"https:\/\/hotnewsinworld.com\/hu\/wp-content\/uploads\/sites\/3\/2019\/09\/Nem-b\u00edzik-saj\u00e1t-erej\u00e9ben-a-Jobbik.jpg","contentUrl":"https:\/\/hotnewsinworld.com\/hu\/wp-content\/uploads\/sites\/3\/2019\/09\/Nem-b\u00edzik-saj\u00e1t-erej\u00e9ben-a-Jobbik.jpg","width":780,"height":530,"caption":"Nem b\u00edzik saj\u00e1t erej\u00e9ben a Jobbik"},{"@type":"BreadcrumbList","@id":"https:\/\/hotnewsinworld.com\/hu\/nem-bizik-sajat-erejeben-a-jobbik\/#breadcrumb","itemListElement":[{"@type":"ListItem","position":1,"name":"\u0413\u043b\u0430\u0432\u043d\u0430\u044f \u0441\u0442\u0440\u0430\u043d\u0438\u0446\u0430","item":"https:\/\/hotnewsinworld.com\/hu\/"},{"@type":"ListItem","position":2,"name":"Nem b\u00edzik saj\u00e1t erej\u00e9ben a Jobbik"}]},{"@type":"WebSite","@id":"https:\/\/hotnewsinworld.com\/hu\/#website","url":"https:\/\/hotnewsinworld.com\/hu\/","name":"Hot News in World","description":"Hot News in World from Hungary","potentialAction":[{"@type":"SearchAction","target":{"@type":"EntryPoint","urlTemplate":"https:\/\/hotnewsinworld.com\/hu\/?s={search_term_string}"},"query-input":{"@type":"PropertyValueSpecification","valueRequired":true,"valueName":"search_term_string"}}],"inLanguage":"hu"},{"@type":"Person","@id":"https:\/\/hotnewsinworld.com\/hu\/#\/schema\/person\/fe61448b21c0d59086e75fcc1f9d8f6b","name":"hotnewsinworld","image":{"@type":"ImageObject","inLanguage":"hu","@id":"https:\/\/secure.gravatar.com\/avatar\/8a09ac165600ce2e1c38fe593c63928eb1e6e7ba5c5a907d67787c41b3d00c14?s=96&d=mm&r=g","url":"https:\/\/secure.gravatar.com\/avatar\/8a09ac165600ce2e1c38fe593c63928eb1e6e7ba5c5a907d67787c41b3d00c14?s=96&d=mm&r=g","contentUrl":"https:\/\/secure.gravatar.com\/avatar\/8a09ac165600ce2e1c38fe593c63928eb1e6e7ba5c5a907d67787c41b3d00c14?s=96&d=mm&r=g","caption":"hotnewsinworld"},"url":"https:\/\/hotnewsinworld.com\/hu\/author\/pt\/"}]}},"_links":{"self":[{"href":"https:\/\/hotnewsinworld.com\/hu\/wp-json\/wp\/v2\/posts\/1855","targetHints":{"allow":["GET"]}}],"collection":[{"href":"https:\/\/hotnewsinworld.com\/hu\/wp-json\/wp\/v2\/posts"}],"about":[{"href":"https:\/\/hotnewsinworld.com\/hu\/wp-json\/wp\/v2\/types\/post"}],"author":[{"embeddable":true,"href":"https:\/\/hotnewsinworld.com\/hu\/wp-json\/wp\/v2\/users\/2"}],"replies":[{"embeddable":true,"href":"https:\/\/hotnewsinworld.com\/hu\/wp-json\/wp\/v2\/comments?post=1855"}],"version-history":[{"count":1,"href":"https:\/\/hotnewsinworld.com\/hu\/wp-json\/wp\/v2\/posts\/1855\/revisions"}],"predecessor-version":[{"id":1857,"href":"https:\/\/hotnewsinworld.com\/hu\/wp-json\/wp\/v2\/posts\/1855\/revisions\/1857"}],"wp:featuredmedia":[{"embeddable":true,"href":"https:\/\/hotnewsinworld.com\/hu\/wp-json\/wp\/v2\/media\/1856"}],"wp:attachment":[{"href":"https:\/\/hotnewsinworld.com\/hu\/wp-json\/wp\/v2\/media?parent=1855"}],"wp:term":[{"taxonomy":"category","embeddable":true,"href":"https:\/\/hotnewsinworld.com\/hu\/wp-json\/wp\/v2\/categories?post=1855"},{"taxonomy":"post_tag","embeddable":true,"href":"https:\/\/hotnewsinworld.com\/hu\/wp-json\/wp\/v2\/tags?post=1855"}],"curies":[{"name":"wp","href":"https:\/\/api.w.org\/{rel}","templated":true}]}}