{"id":1860,"date":"2019-09-10T14:41:37","date_gmt":"2019-09-10T11:41:37","guid":{"rendered":"https:\/\/hotnewsinworld.com\/hu\/atadtak-a-felujitott-vaskapu-utcai-gyermekorvosi-rendelot\/"},"modified":"2019-09-10T14:41:38","modified_gmt":"2019-09-10T11:41:38","slug":"atadtak-a-felujitott-vaskapu-utcai-gyermekorvosi-rendelot","status":"publish","type":"post","link":"https:\/\/hotnewsinworld.com\/hu\/atadtak-a-felujitott-vaskapu-utcai-gyermekorvosi-rendelot\/","title":{"rendered":"\u00c1tadt\u00e1k a fel\u00faj\u00edtott Vaskapu utcai gyermekorvosi rendel\u0151t"},"content":{"rendered":"<p> MTI, 2019. 09. 10. 13:18Teljesk\u00f6r\u0171en fel\u00faj\u00edtott\u00e1k a Vaskapu utcai gyermekorvosi rendel\u0151 \u00e9s v\u00e9d\u0151n\u0151i szolg\u00e1lat \u00e9p\u00fclet\u00e9t Ferencv\u00e1rosban.B\u00e1cskai J\u00e1nos (Fidesz-KDNP), a IX. ker\u00fclet polg\u00e1rmestere a keddi \u00e1tad\u00e1son k\u00f6z\u00f6lte, a beruh\u00e1z\u00e1s 45 milli\u00f3 forintb\u00f3l val\u00f3sult meg, az \u00f6sszeget az \u00f6nkorm\u00e1nyzat a k\u00f6lts\u00e9gvet\u00e9s\u00e9b\u0151l biztos\u00edtotta.A k\u00f6z\u00e9ps\u0151-ferencv\u00e1rosi gyermekorvosi rendel\u0151ben \u00e9vente 30 ezer orvos-beteg tal\u00e1lkoz\u00f3 t\u00f6rt\u00e9nik. A fel\u00faj\u00edt\u00e1snak k\u00f6sz\u00f6nhet\u0151en ezent\u00fal m\u00e9lt\u00f3 k\u00f6r\u00fclm\u00e9nyek k\u00f6z\u00f6tt v\u00e1rj\u00e1k a betegeket \u2013 mondta el.B\u00e1cskai J\u00e1nos sz\u00f3lt arr\u00f3l is, hogy a v\u00e1rosrehabilit\u00e1ci\u00f3 egyik k\u00f6vetkezm\u00e9nye, hogy az ut\u00f3bbi \u00f6t \u00e9vben megk\u00e9tszerez\u0151d\u00f6tt az \u00e1ldott \u00e1llapotban l\u00e9v\u0151 n\u0151k sz\u00e1ma Ferencv\u00e1rosban. Ez fokozott ig\u00e9nyt jelent, amely indokolta a fel\u00faj\u00edt\u00e1st \u2013 mondta.A polg\u00e1rmester k\u00f6z\u00f6lte, hogy a ker\u00fclet t\u00f6bbi gyermekorvosi rendel\u0151j\u00e9t is fel\u00faj\u00edtj\u00e1k.Csiki Zolt\u00e1n, az Emberi Er\u0151forr\u00e1sok Miniszt\u00e9rium\u00e1nak eg\u00e9szs\u00e9g\u00fcgyi fejleszt\u00e9sek\u00e9rt felel\u0151s helyettes \u00e1llamtitk\u00e1ra azt mondta, hogy az alapell\u00e1t\u00e1s folyamatos fejleszt\u00e9s\u00e9nek kiemelt jelent\u0151s\u00e9ge van, mert ez az ell\u00e1t\u00e1si szint ny\u00fajtja a lakoss\u00e1gnak a mindennapok biztons\u00e1g\u00e1t, \u00e9s ez garant\u00e1lja j\u00f3r\u00e9szt azt is, hogy a r\u00e1\u00e9p\u00fcl\u0151 ell\u00e1t\u00e1si form\u00e1kat szakszer\u0171en \u00e9s hat\u00e9konyan vonj\u00e1k be a gy\u00f3gy\u00edt\u00f3 folyamatokba.A Vaskapu utcai rendel\u0151ben k\u00f6zel 4000 14 \u00e9v alatti gyereknek, illetve tov\u00e1bbi 3500 18 \u00e9v felettinek ny\u00fajtanak eg\u00e9szs\u00e9g\u00fcgyi alapell\u00e1t\u00e1st \u2013 k\u00f6z\u00f6lte.Csiki Zolt\u00e1n kijelentette: a meg\u00fajult k\u00f6rnyezet hozz\u00e1j\u00e1rul a gyermekek k\u00e9nyelmesebb \u00e9s biztons\u00e1gosabb ell\u00e1t\u00e1shoz.Az \u00e1tad\u00e1son elhangzott, hogy a beruh\u00e1z\u00e1s sor\u00e1n kicser\u00e9lt\u00e9k a teljes elektromos h\u00e1l\u00f3zatot, a l\u00e1mpatesteket, a burkolatokat, a k\u00fcls\u0151 \u00e9s bels\u0151 ny\u00edl\u00e1sz\u00e1r\u00f3kat, baba- \u00e9s gyermekbar\u00e1t k\u00f6rnyezetet alak\u00edtottak ki, valamint eszk\u00f6z\u00f6ket szereztek be \u00e9s meg\u00fajult a b\u00fatorzat is.Tov\u00e1bbi cikkek:<br \/>\n<br \/>\n<!--noindex--><br \/>\n<a href=\"https:\/\/hirek.oldal.info\/rssclick\/14385044\" rel=\"nofollow\">Source link <\/a><br \/>\n<!--\/noindex--><\/p>\n","protected":false},"excerpt":{"rendered":"<p>MTI, 2019. 09. 10. 13:18Teljesk\u00f6r\u0171en fel\u00faj\u00edtott\u00e1k a Vaskapu utcai gyermekorvosi rendel\u0151 \u00e9s v\u00e9d\u0151n\u0151i szolg\u00e1lat \u00e9p\u00fclet\u00e9t Ferencv\u00e1rosban.B\u00e1cskai J\u00e1nos (Fidesz-KDNP), a IX. ker\u00fclet polg\u00e1rmestere a keddi \u00e1tad\u00e1son k\u00f6z\u00f6lte, a beruh\u00e1z\u00e1s 45 milli\u00f3 forintb\u00f3l val\u00f3sult meg, az \u00f6sszeget az \u00f6nkorm\u00e1nyzat a k\u00f6lts\u00e9gvet\u00e9s\u00e9b\u0151l biztos\u00edtotta.A k\u00f6z\u00e9ps\u0151-ferencv\u00e1rosi gyermekorvosi rendel\u0151ben \u00e9vente 30 ezer orvos-beteg tal\u00e1lkoz\u00f3 t\u00f6rt\u00e9nik. A fel\u00faj\u00edt\u00e1snak k\u00f6sz\u00f6nhet\u0151en ezent\u00fal m\u00e9lt\u00f3 k\u00f6r\u00fclm\u00e9nyek [&hellip;]<\/p>\n","protected":false},"author":2,"featured_media":1861,"comment_status":"open","ping_status":"open","sticky":false,"template":"","format":"standard","meta":{"footnotes":""},"categories":[1],"tags":[],"class_list":["post-1860","post","type-post","status-publish","format-standard","has-post-thumbnail","hentry","category-legujabb-penzugyi-hirek"],"yoast_head":"<!-- This site is optimized with the Yoast SEO plugin v27.4 - https:\/\/yoast.com\/product\/yoast-seo-wordpress\/ -->\n<title>\u00c1tadt\u00e1k a fel\u00faj\u00edtott Vaskapu utcai gyermekorvosi rendel\u0151t - Hot News in World<\/title>\n<meta name=\"robots\" content=\"index, follow, max-snippet:-1, max-image-preview:large, max-video-preview:-1\" \/>\n<link rel=\"canonical\" href=\"https:\/\/hotnewsinworld.com\/hu\/atadtak-a-felujitott-vaskapu-utcai-gyermekorvosi-rendelot\/\" \/>\n<meta property=\"og:locale\" content=\"hu_HU\" \/>\n<meta property=\"og:type\" content=\"article\" \/>\n<meta property=\"og:title\" content=\"\u00c1tadt\u00e1k a fel\u00faj\u00edtott Vaskapu utcai gyermekorvosi rendel\u0151t - Hot News in World\" \/>\n<meta property=\"og:description\" content=\"MTI, 2019. 09. 10. 13:18Teljesk\u00f6r\u0171en fel\u00faj\u00edtott\u00e1k a Vaskapu utcai gyermekorvosi rendel\u0151 \u00e9s v\u00e9d\u0151n\u0151i szolg\u00e1lat \u00e9p\u00fclet\u00e9t Ferencv\u00e1rosban.B\u00e1cskai J\u00e1nos (Fidesz-KDNP), a IX. ker\u00fclet polg\u00e1rmestere a keddi \u00e1tad\u00e1son k\u00f6z\u00f6lte, a beruh\u00e1z\u00e1s 45 milli\u00f3 forintb\u00f3l val\u00f3sult meg, az \u00f6sszeget az \u00f6nkorm\u00e1nyzat a k\u00f6lts\u00e9gvet\u00e9s\u00e9b\u0151l biztos\u00edtotta.A k\u00f6z\u00e9ps\u0151-ferencv\u00e1rosi gyermekorvosi rendel\u0151ben \u00e9vente 30 ezer orvos-beteg tal\u00e1lkoz\u00f3 t\u00f6rt\u00e9nik. A fel\u00faj\u00edt\u00e1snak k\u00f6sz\u00f6nhet\u0151en ezent\u00fal m\u00e9lt\u00f3 k\u00f6r\u00fclm\u00e9nyek [&hellip;]\" \/>\n<meta property=\"og:url\" content=\"https:\/\/hotnewsinworld.com\/hu\/atadtak-a-felujitott-vaskapu-utcai-gyermekorvosi-rendelot\/\" \/>\n<meta property=\"og:site_name\" content=\"Hot News in World\" \/>\n<meta property=\"article:published_time\" content=\"2019-09-10T11:41:37+00:00\" \/>\n<meta property=\"article:modified_time\" content=\"2019-09-10T11:41:38+00:00\" \/>\n<meta property=\"og:image\" content=\"https:\/\/hotnewsinworld.com\/hu\/wp-content\/uploads\/sites\/3\/2019\/09\/\u00c1tadt\u00e1k-a-fel\u00faj\u00edtott-Vaskapu-utcai-gyermekorvosi-rendel\u0151t.jpg\" \/>\n\t<meta property=\"og:image:width\" content=\"960\" \/>\n\t<meta property=\"og:image:height\" content=\"640\" \/>\n\t<meta property=\"og:image:type\" content=\"image\/jpeg\" \/>\n<meta name=\"author\" content=\"hotnewsinworld\" \/>\n<meta name=\"twitter:card\" content=\"summary_large_image\" \/>\n<meta name=\"twitter:label1\" content=\"Szerz\u0151:\" \/>\n\t<meta name=\"twitter:data1\" content=\"hotnewsinworld\" \/>\n\t<meta name=\"twitter:label2\" content=\"Becs\u00fclt olvas\u00e1si id\u0151\" \/>\n\t<meta name=\"twitter:data2\" content=\"2 perc\" \/>\n<script type=\"application\/ld+json\" class=\"yoast-schema-graph\">{\"@context\":\"https:\\\/\\\/schema.org\",\"@graph\":[{\"@type\":\"Article\",\"@id\":\"https:\\\/\\\/hotnewsinworld.com\\\/hu\\\/atadtak-a-felujitott-vaskapu-utcai-gyermekorvosi-rendelot\\\/#article\",\"isPartOf\":{\"@id\":\"https:\\\/\\\/hotnewsinworld.com\\\/hu\\\/atadtak-a-felujitott-vaskapu-utcai-gyermekorvosi-rendelot\\\/\"},\"author\":{\"name\":\"hotnewsinworld\",\"@id\":\"https:\\\/\\\/hotnewsinworld.com\\\/hu\\\/#\\\/schema\\\/person\\\/fe61448b21c0d59086e75fcc1f9d8f6b\"},\"headline\":\"\u00c1tadt\u00e1k a fel\u00faj\u00edtott Vaskapu utcai gyermekorvosi rendel\u0151t\",\"datePublished\":\"2019-09-10T11:41:37+00:00\",\"dateModified\":\"2019-09-10T11:41:38+00:00\",\"mainEntityOfPage\":{\"@id\":\"https:\\\/\\\/hotnewsinworld.com\\\/hu\\\/atadtak-a-felujitott-vaskapu-utcai-gyermekorvosi-rendelot\\\/\"},\"wordCount\":394,\"commentCount\":0,\"image\":{\"@id\":\"https:\\\/\\\/hotnewsinworld.com\\\/hu\\\/atadtak-a-felujitott-vaskapu-utcai-gyermekorvosi-rendelot\\\/#primaryimage\"},\"thumbnailUrl\":\"https:\\\/\\\/hotnewsinworld.com\\\/hu\\\/wp-content\\\/uploads\\\/sites\\\/3\\\/2019\\\/09\\\/\u00c1tadt\u00e1k-a-fel\u00faj\u00edtott-Vaskapu-utcai-gyermekorvosi-rendel\u0151t.jpg\",\"articleSection\":[\"LEG\u00daJABB P\u00c9NZ\u00dcGYI H\u00cdREK\"],\"inLanguage\":\"hu\",\"potentialAction\":[{\"@type\":\"CommentAction\",\"name\":\"Comment\",\"target\":[\"https:\\\/\\\/hotnewsinworld.com\\\/hu\\\/atadtak-a-felujitott-vaskapu-utcai-gyermekorvosi-rendelot\\\/#respond\"]}]},{\"@type\":\"WebPage\",\"@id\":\"https:\\\/\\\/hotnewsinworld.com\\\/hu\\\/atadtak-a-felujitott-vaskapu-utcai-gyermekorvosi-rendelot\\\/\",\"url\":\"https:\\\/\\\/hotnewsinworld.com\\\/hu\\\/atadtak-a-felujitott-vaskapu-utcai-gyermekorvosi-rendelot\\\/\",\"name\":\"\u00c1tadt\u00e1k a fel\u00faj\u00edtott Vaskapu utcai gyermekorvosi rendel\u0151t - Hot News in World\",\"isPartOf\":{\"@id\":\"https:\\\/\\\/hotnewsinworld.com\\\/hu\\\/#website\"},\"primaryImageOfPage\":{\"@id\":\"https:\\\/\\\/hotnewsinworld.com\\\/hu\\\/atadtak-a-felujitott-vaskapu-utcai-gyermekorvosi-rendelot\\\/#primaryimage\"},\"image\":{\"@id\":\"https:\\\/\\\/hotnewsinworld.com\\\/hu\\\/atadtak-a-felujitott-vaskapu-utcai-gyermekorvosi-rendelot\\\/#primaryimage\"},\"thumbnailUrl\":\"https:\\\/\\\/hotnewsinworld.com\\\/hu\\\/wp-content\\\/uploads\\\/sites\\\/3\\\/2019\\\/09\\\/\u00c1tadt\u00e1k-a-fel\u00faj\u00edtott-Vaskapu-utcai-gyermekorvosi-rendel\u0151t.jpg\",\"datePublished\":\"2019-09-10T11:41:37+00:00\",\"dateModified\":\"2019-09-10T11:41:38+00:00\",\"author\":{\"@id\":\"https:\\\/\\\/hotnewsinworld.com\\\/hu\\\/#\\\/schema\\\/person\\\/fe61448b21c0d59086e75fcc1f9d8f6b\"},\"breadcrumb\":{\"@id\":\"https:\\\/\\\/hotnewsinworld.com\\\/hu\\\/atadtak-a-felujitott-vaskapu-utcai-gyermekorvosi-rendelot\\\/#breadcrumb\"},\"inLanguage\":\"hu\",\"potentialAction\":[{\"@type\":\"ReadAction\",\"target\":[\"https:\\\/\\\/hotnewsinworld.com\\\/hu\\\/atadtak-a-felujitott-vaskapu-utcai-gyermekorvosi-rendelot\\\/\"]}]},{\"@type\":\"ImageObject\",\"inLanguage\":\"hu\",\"@id\":\"https:\\\/\\\/hotnewsinworld.com\\\/hu\\\/atadtak-a-felujitott-vaskapu-utcai-gyermekorvosi-rendelot\\\/#primaryimage\",\"url\":\"https:\\\/\\\/hotnewsinworld.com\\\/hu\\\/wp-content\\\/uploads\\\/sites\\\/3\\\/2019\\\/09\\\/\u00c1tadt\u00e1k-a-fel\u00faj\u00edtott-Vaskapu-utcai-gyermekorvosi-rendel\u0151t.jpg\",\"contentUrl\":\"https:\\\/\\\/hotnewsinworld.com\\\/hu\\\/wp-content\\\/uploads\\\/sites\\\/3\\\/2019\\\/09\\\/\u00c1tadt\u00e1k-a-fel\u00faj\u00edtott-Vaskapu-utcai-gyermekorvosi-rendel\u0151t.jpg\",\"width\":960,\"height\":640,\"caption\":\"\u00c1tadt\u00e1k a fel\u00faj\u00edtott Vaskapu utcai gyermekorvosi rendel\u0151t\"},{\"@type\":\"BreadcrumbList\",\"@id\":\"https:\\\/\\\/hotnewsinworld.com\\\/hu\\\/atadtak-a-felujitott-vaskapu-utcai-gyermekorvosi-rendelot\\\/#breadcrumb\",\"itemListElement\":[{\"@type\":\"ListItem\",\"position\":1,\"name\":\"\u0413\u043b\u0430\u0432\u043d\u0430\u044f \u0441\u0442\u0440\u0430\u043d\u0438\u0446\u0430\",\"item\":\"https:\\\/\\\/hotnewsinworld.com\\\/hu\\\/\"},{\"@type\":\"ListItem\",\"position\":2,\"name\":\"\u00c1tadt\u00e1k a fel\u00faj\u00edtott Vaskapu utcai gyermekorvosi rendel\u0151t\"}]},{\"@type\":\"WebSite\",\"@id\":\"https:\\\/\\\/hotnewsinworld.com\\\/hu\\\/#website\",\"url\":\"https:\\\/\\\/hotnewsinworld.com\\\/hu\\\/\",\"name\":\"Hot News in World\",\"description\":\"Hot News in World from Hungary\",\"potentialAction\":[{\"@type\":\"SearchAction\",\"target\":{\"@type\":\"EntryPoint\",\"urlTemplate\":\"https:\\\/\\\/hotnewsinworld.com\\\/hu\\\/?s={search_term_string}\"},\"query-input\":{\"@type\":\"PropertyValueSpecification\",\"valueRequired\":true,\"valueName\":\"search_term_string\"}}],\"inLanguage\":\"hu\"},{\"@type\":\"Person\",\"@id\":\"https:\\\/\\\/hotnewsinworld.com\\\/hu\\\/#\\\/schema\\\/person\\\/fe61448b21c0d59086e75fcc1f9d8f6b\",\"name\":\"hotnewsinworld\",\"image\":{\"@type\":\"ImageObject\",\"inLanguage\":\"hu\",\"@id\":\"https:\\\/\\\/secure.gravatar.com\\\/avatar\\\/8a09ac165600ce2e1c38fe593c63928eb1e6e7ba5c5a907d67787c41b3d00c14?s=96&d=mm&r=g\",\"url\":\"https:\\\/\\\/secure.gravatar.com\\\/avatar\\\/8a09ac165600ce2e1c38fe593c63928eb1e6e7ba5c5a907d67787c41b3d00c14?s=96&d=mm&r=g\",\"contentUrl\":\"https:\\\/\\\/secure.gravatar.com\\\/avatar\\\/8a09ac165600ce2e1c38fe593c63928eb1e6e7ba5c5a907d67787c41b3d00c14?s=96&d=mm&r=g\",\"caption\":\"hotnewsinworld\"},\"url\":\"https:\\\/\\\/hotnewsinworld.com\\\/hu\\\/author\\\/pt\\\/\"}]}<\/script>\n<!-- \/ Yoast SEO plugin. -->","yoast_head_json":{"title":"\u00c1tadt\u00e1k a fel\u00faj\u00edtott Vaskapu utcai gyermekorvosi rendel\u0151t - Hot News in World","robots":{"index":"index","follow":"follow","max-snippet":"max-snippet:-1","max-image-preview":"max-image-preview:large","max-video-preview":"max-video-preview:-1"},"canonical":"https:\/\/hotnewsinworld.com\/hu\/atadtak-a-felujitott-vaskapu-utcai-gyermekorvosi-rendelot\/","og_locale":"hu_HU","og_type":"article","og_title":"\u00c1tadt\u00e1k a fel\u00faj\u00edtott Vaskapu utcai gyermekorvosi rendel\u0151t - Hot News in World","og_description":"MTI, 2019. 09. 10. 13:18Teljesk\u00f6r\u0171en fel\u00faj\u00edtott\u00e1k a Vaskapu utcai gyermekorvosi rendel\u0151 \u00e9s v\u00e9d\u0151n\u0151i szolg\u00e1lat \u00e9p\u00fclet\u00e9t Ferencv\u00e1rosban.B\u00e1cskai J\u00e1nos (Fidesz-KDNP), a IX. ker\u00fclet polg\u00e1rmestere a keddi \u00e1tad\u00e1son k\u00f6z\u00f6lte, a beruh\u00e1z\u00e1s 45 milli\u00f3 forintb\u00f3l val\u00f3sult meg, az \u00f6sszeget az \u00f6nkorm\u00e1nyzat a k\u00f6lts\u00e9gvet\u00e9s\u00e9b\u0151l biztos\u00edtotta.A k\u00f6z\u00e9ps\u0151-ferencv\u00e1rosi gyermekorvosi rendel\u0151ben \u00e9vente 30 ezer orvos-beteg tal\u00e1lkoz\u00f3 t\u00f6rt\u00e9nik. A fel\u00faj\u00edt\u00e1snak k\u00f6sz\u00f6nhet\u0151en ezent\u00fal m\u00e9lt\u00f3 k\u00f6r\u00fclm\u00e9nyek [&hellip;]","og_url":"https:\/\/hotnewsinworld.com\/hu\/atadtak-a-felujitott-vaskapu-utcai-gyermekorvosi-rendelot\/","og_site_name":"Hot News in World","article_published_time":"2019-09-10T11:41:37+00:00","article_modified_time":"2019-09-10T11:41:38+00:00","og_image":[{"width":960,"height":640,"url":"https:\/\/hotnewsinworld.com\/hu\/wp-content\/uploads\/sites\/3\/2019\/09\/\u00c1tadt\u00e1k-a-fel\u00faj\u00edtott-Vaskapu-utcai-gyermekorvosi-rendel\u0151t.jpg","type":"image\/jpeg"}],"author":"hotnewsinworld","twitter_card":"summary_large_image","twitter_misc":{"Szerz\u0151:":"hotnewsinworld","Becs\u00fclt olvas\u00e1si id\u0151":"2 perc"},"schema":{"@context":"https:\/\/schema.org","@graph":[{"@type":"Article","@id":"https:\/\/hotnewsinworld.com\/hu\/atadtak-a-felujitott-vaskapu-utcai-gyermekorvosi-rendelot\/#article","isPartOf":{"@id":"https:\/\/hotnewsinworld.com\/hu\/atadtak-a-felujitott-vaskapu-utcai-gyermekorvosi-rendelot\/"},"author":{"name":"hotnewsinworld","@id":"https:\/\/hotnewsinworld.com\/hu\/#\/schema\/person\/fe61448b21c0d59086e75fcc1f9d8f6b"},"headline":"\u00c1tadt\u00e1k a fel\u00faj\u00edtott Vaskapu utcai gyermekorvosi rendel\u0151t","datePublished":"2019-09-10T11:41:37+00:00","dateModified":"2019-09-10T11:41:38+00:00","mainEntityOfPage":{"@id":"https:\/\/hotnewsinworld.com\/hu\/atadtak-a-felujitott-vaskapu-utcai-gyermekorvosi-rendelot\/"},"wordCount":394,"commentCount":0,"image":{"@id":"https:\/\/hotnewsinworld.com\/hu\/atadtak-a-felujitott-vaskapu-utcai-gyermekorvosi-rendelot\/#primaryimage"},"thumbnailUrl":"https:\/\/hotnewsinworld.com\/hu\/wp-content\/uploads\/sites\/3\/2019\/09\/\u00c1tadt\u00e1k-a-fel\u00faj\u00edtott-Vaskapu-utcai-gyermekorvosi-rendel\u0151t.jpg","articleSection":["LEG\u00daJABB P\u00c9NZ\u00dcGYI H\u00cdREK"],"inLanguage":"hu","potentialAction":[{"@type":"CommentAction","name":"Comment","target":["https:\/\/hotnewsinworld.com\/hu\/atadtak-a-felujitott-vaskapu-utcai-gyermekorvosi-rendelot\/#respond"]}]},{"@type":"WebPage","@id":"https:\/\/hotnewsinworld.com\/hu\/atadtak-a-felujitott-vaskapu-utcai-gyermekorvosi-rendelot\/","url":"https:\/\/hotnewsinworld.com\/hu\/atadtak-a-felujitott-vaskapu-utcai-gyermekorvosi-rendelot\/","name":"\u00c1tadt\u00e1k a fel\u00faj\u00edtott Vaskapu utcai gyermekorvosi rendel\u0151t - Hot News in World","isPartOf":{"@id":"https:\/\/hotnewsinworld.com\/hu\/#website"},"primaryImageOfPage":{"@id":"https:\/\/hotnewsinworld.com\/hu\/atadtak-a-felujitott-vaskapu-utcai-gyermekorvosi-rendelot\/#primaryimage"},"image":{"@id":"https:\/\/hotnewsinworld.com\/hu\/atadtak-a-felujitott-vaskapu-utcai-gyermekorvosi-rendelot\/#primaryimage"},"thumbnailUrl":"https:\/\/hotnewsinworld.com\/hu\/wp-content\/uploads\/sites\/3\/2019\/09\/\u00c1tadt\u00e1k-a-fel\u00faj\u00edtott-Vaskapu-utcai-gyermekorvosi-rendel\u0151t.jpg","datePublished":"2019-09-10T11:41:37+00:00","dateModified":"2019-09-10T11:41:38+00:00","author":{"@id":"https:\/\/hotnewsinworld.com\/hu\/#\/schema\/person\/fe61448b21c0d59086e75fcc1f9d8f6b"},"breadcrumb":{"@id":"https:\/\/hotnewsinworld.com\/hu\/atadtak-a-felujitott-vaskapu-utcai-gyermekorvosi-rendelot\/#breadcrumb"},"inLanguage":"hu","potentialAction":[{"@type":"ReadAction","target":["https:\/\/hotnewsinworld.com\/hu\/atadtak-a-felujitott-vaskapu-utcai-gyermekorvosi-rendelot\/"]}]},{"@type":"ImageObject","inLanguage":"hu","@id":"https:\/\/hotnewsinworld.com\/hu\/atadtak-a-felujitott-vaskapu-utcai-gyermekorvosi-rendelot\/#primaryimage","url":"https:\/\/hotnewsinworld.com\/hu\/wp-content\/uploads\/sites\/3\/2019\/09\/\u00c1tadt\u00e1k-a-fel\u00faj\u00edtott-Vaskapu-utcai-gyermekorvosi-rendel\u0151t.jpg","contentUrl":"https:\/\/hotnewsinworld.com\/hu\/wp-content\/uploads\/sites\/3\/2019\/09\/\u00c1tadt\u00e1k-a-fel\u00faj\u00edtott-Vaskapu-utcai-gyermekorvosi-rendel\u0151t.jpg","width":960,"height":640,"caption":"\u00c1tadt\u00e1k a fel\u00faj\u00edtott Vaskapu utcai gyermekorvosi rendel\u0151t"},{"@type":"BreadcrumbList","@id":"https:\/\/hotnewsinworld.com\/hu\/atadtak-a-felujitott-vaskapu-utcai-gyermekorvosi-rendelot\/#breadcrumb","itemListElement":[{"@type":"ListItem","position":1,"name":"\u0413\u043b\u0430\u0432\u043d\u0430\u044f \u0441\u0442\u0440\u0430\u043d\u0438\u0446\u0430","item":"https:\/\/hotnewsinworld.com\/hu\/"},{"@type":"ListItem","position":2,"name":"\u00c1tadt\u00e1k a fel\u00faj\u00edtott Vaskapu utcai gyermekorvosi rendel\u0151t"}]},{"@type":"WebSite","@id":"https:\/\/hotnewsinworld.com\/hu\/#website","url":"https:\/\/hotnewsinworld.com\/hu\/","name":"Hot News in World","description":"Hot News in World from Hungary","potentialAction":[{"@type":"SearchAction","target":{"@type":"EntryPoint","urlTemplate":"https:\/\/hotnewsinworld.com\/hu\/?s={search_term_string}"},"query-input":{"@type":"PropertyValueSpecification","valueRequired":true,"valueName":"search_term_string"}}],"inLanguage":"hu"},{"@type":"Person","@id":"https:\/\/hotnewsinworld.com\/hu\/#\/schema\/person\/fe61448b21c0d59086e75fcc1f9d8f6b","name":"hotnewsinworld","image":{"@type":"ImageObject","inLanguage":"hu","@id":"https:\/\/secure.gravatar.com\/avatar\/8a09ac165600ce2e1c38fe593c63928eb1e6e7ba5c5a907d67787c41b3d00c14?s=96&d=mm&r=g","url":"https:\/\/secure.gravatar.com\/avatar\/8a09ac165600ce2e1c38fe593c63928eb1e6e7ba5c5a907d67787c41b3d00c14?s=96&d=mm&r=g","contentUrl":"https:\/\/secure.gravatar.com\/avatar\/8a09ac165600ce2e1c38fe593c63928eb1e6e7ba5c5a907d67787c41b3d00c14?s=96&d=mm&r=g","caption":"hotnewsinworld"},"url":"https:\/\/hotnewsinworld.com\/hu\/author\/pt\/"}]}},"_links":{"self":[{"href":"https:\/\/hotnewsinworld.com\/hu\/wp-json\/wp\/v2\/posts\/1860","targetHints":{"allow":["GET"]}}],"collection":[{"href":"https:\/\/hotnewsinworld.com\/hu\/wp-json\/wp\/v2\/posts"}],"about":[{"href":"https:\/\/hotnewsinworld.com\/hu\/wp-json\/wp\/v2\/types\/post"}],"author":[{"embeddable":true,"href":"https:\/\/hotnewsinworld.com\/hu\/wp-json\/wp\/v2\/users\/2"}],"replies":[{"embeddable":true,"href":"https:\/\/hotnewsinworld.com\/hu\/wp-json\/wp\/v2\/comments?post=1860"}],"version-history":[{"count":1,"href":"https:\/\/hotnewsinworld.com\/hu\/wp-json\/wp\/v2\/posts\/1860\/revisions"}],"predecessor-version":[{"id":1862,"href":"https:\/\/hotnewsinworld.com\/hu\/wp-json\/wp\/v2\/posts\/1860\/revisions\/1862"}],"wp:featuredmedia":[{"embeddable":true,"href":"https:\/\/hotnewsinworld.com\/hu\/wp-json\/wp\/v2\/media\/1861"}],"wp:attachment":[{"href":"https:\/\/hotnewsinworld.com\/hu\/wp-json\/wp\/v2\/media?parent=1860"}],"wp:term":[{"taxonomy":"category","embeddable":true,"href":"https:\/\/hotnewsinworld.com\/hu\/wp-json\/wp\/v2\/categories?post=1860"},{"taxonomy":"post_tag","embeddable":true,"href":"https:\/\/hotnewsinworld.com\/hu\/wp-json\/wp\/v2\/tags?post=1860"}],"curies":[{"name":"wp","href":"https:\/\/api.w.org\/{rel}","templated":true}]}}