{"id":1868,"date":"2019-09-10T17:56:38","date_gmt":"2019-09-10T14:56:38","guid":{"rendered":"https:\/\/hotnewsinworld.com\/hu\/mintegy-nyolcszaz-embert-bocsat-el-az-electrolux-jaszberenyben\/"},"modified":"2019-09-10T17:56:39","modified_gmt":"2019-09-10T14:56:39","slug":"mintegy-nyolcszaz-embert-bocsat-el-az-electrolux-jaszberenyben","status":"publish","type":"post","link":"https:\/\/hotnewsinworld.com\/hu\/mintegy-nyolcszaz-embert-bocsat-el-az-electrolux-jaszberenyben\/","title":{"rendered":"Mintegy nyolcsz\u00e1z embert bocs\u00e1t el az Electrolux J\u00e1szber\u00e9nyben"},"content":{"rendered":"<p>            Mintegy nyolcsz\u00e1z embert bocs\u00e1t el az Electrolux J\u00e1szber\u00e9nyben, err\u0151l kedden t\u00e1j\u00e9koztatt\u00e1k az \u00e9rintetteket \u2013 k\u00f6z\u00f6lte a c\u00e9g k\u00f6zlem\u00e9nyben az MTI-vel.<\/p>\n<p>A porsz\u00edv\u00f3gy\u00e1rt\u00e1st \u00e9s a szabadon\u00e1ll\u00f3 h\u0171t\u0151g\u00e9pek gy\u00e1rt\u00e1s\u00e1nak jelent\u0151s r\u00e9sz\u00e9t J\u00e1szber\u00e9nyb\u0151l k\u00fcls\u0151 partnerekhez szervezi \u00e1t az Electrolux Group a versenyk\u00e9pess\u00e9g fokoz\u00e1sa \u00e9rdek\u00e9ben, az \u00e1tszervez\u00e9sre \u00e9s a termel\u00e9s-\u00e1thelyez\u00e9sre 2020-t\u00f3l ker\u00fcl sor. A j\u00e1szber\u00e9nyi szervezet\u00e1talak\u00edt\u00e1s k\u00f6r\u00fclbel\u00fcl 800 Electrolux dolgoz\u00f3t \u00e9rinthet \u2013 \u00edrt\u00e1k.<br \/>\nAz Electrolux Group kedden bejelentette azt is, hogy csaknem 100 milli\u00f3 eur\u00f3s befektet\u00e9st tervez a ny\u00edregyh\u00e1zi h\u0171t\u0151g\u00e9pgy\u00e1r\u00e1ban 2020 \u00e9s 2023 k\u00f6z\u00f6tt. Ez a legnagyobb volumen\u0171 Electrolux-beruh\u00e1z\u00e1s Magyarorsz\u00e1gon, mi\u00f3ta a c\u00e9g 1991-ben megkezdte m\u0171k\u00f6d\u00e9s\u00e9t az orsz\u00e1gban \u2013 tett\u00e9k hozz\u00e1.<br \/>\nG\u00f6nczy S\u00e1ndor, az Electrolux Lehel Kft. \u00fcgyvezet\u0151 igazgat\u00f3ja, aki egyben az Electrolux eur\u00f3pai aleln\u00f6ke a k\u00f6zlem\u00e9ny szerint azt mondta: tudj\u00e1k, hogy a j\u00e1szber\u00e9nyi \u00e1tszervez\u00e9s sok dolgoz\u00f3juk sz\u00e1m\u00e1ra neh\u00e9z helyzetet teremt.<br \/>\n&#8222;B\u00fcszk\u00e9k vagyunk koll\u00e9g\u00e1ink tapasztalat\u00e1ra \u00e9s az el\u00e9rt eredm\u00e9nyeikre, \u00e9s minden er\u0151nkkel azon vagyunk, hogy az \u00e9rintett munkat\u00e1rsainkat t\u00e1mogassuk&#8221;- fogalmazott.<br \/>\n&#13;<br \/>\nA dolgoz\u00f3i \u00e9rdekk\u00e9pviseletet m\u00e1r t\u00e1j\u00e9koztatt\u00e1k terveikr\u0151l, s vel\u00fck egy\u00fcttm\u0171k\u00f6dve tisztess\u00e9ges \u00e9s m\u00e9lt\u00e1nyos szoci\u00e1lis meg\u00e1llapod\u00e1s kialak\u00edt\u00e1s\u00e1n dolgoznak&#13;<\/p>\n<p>&#8211; tette hozz\u00e1 G\u00f6nczy S\u00e1ndor.<br \/>\nAz \u00e1tszervez\u00e9s terv\u00e9t a v\u00e1llalat helyi \u00fczemi tan\u00e1cs\u00e1val is egyezteti az Electrolux Lehel Kft. vezet\u0151s\u00e9ge \u2013 k\u00f6z\u00f6lt\u00e9k. Tov\u00e1bb\u00e1 az Electrolux felveszi a kapcsolatot a helyi munka\u00fcgyi hivatallal, hogy az \u00e9rintett dolgoz\u00f3k munkaer\u0151piacon t\u00f6rt\u00e9n\u0151 elhelyezked\u00e9s\u00e9re tervet dolgozzon ki.<br \/>\nA k\u00f6lcs\u00f6nz\u00f6tt munkav\u00e1llal\u00f3k szerz\u0151d\u00e9s\u00e9t a mindenkori piaci ig\u00e9nyek figyelembev\u00e9tel\u00e9vel vizsg\u00e1lj\u00e1k fel\u00fcl.<br \/>\nAz \u00fczleti \u00e1tszervez\u00e9snek semmilyen hat\u00e1sa nincs az Electrolux-term\u00e9kek kisz\u00e1ll\u00edt\u00e1s\u00e1ra, valamint a c\u00e9g \u00fcgyfeleire \u00e9s fogyaszt\u00f3ira \u2013 \u00edrt\u00e1k.<br \/>\nAz Electrolux Group h\u0171t\u0151g\u00e9pgy\u00e1rt\u00f3 \u00fczemei a j\u00f6v\u0151ben a fels\u0151 kateg\u00f3ri\u00e1s, szabadon\u00e1ll\u00f3 h\u0171t\u0151-, fagyaszt\u00f3-, \u00e9s alulfagyaszt\u00f3s kombi h\u0171t\u0151g\u00e9pek, valamint a be\u00e9p\u00edthet\u0151 term\u00e9kek gy\u00e1rt\u00e1s\u00e1ra f\u00f3kusz\u00e1lnak, melyekre n\u00f6vekv\u0151 kereslet van az eur\u00f3pai piacon.<br \/>\nA j\u00e1szber\u00e9nyi \u00e9s a ny\u00edregyh\u00e1zi \u00fczem is fontos szerepet j\u00e1tszik majd a fels\u0151 kateg\u00f3ri\u00e1s term\u00e9kek gy\u00e1rt\u00e1s\u00e1ban.<br \/>\nEzzel egyid\u0151ben az Electrolux egyes h\u0171t\u0151g\u00e9pek gy\u00e1rt\u00e1s\u00e1t \u2013 mint p\u00e9ld\u00e1ul a fagyaszt\u00f3l\u00e1d\u00e1k\u00e9t \u00e9s a fel\u00fclfagyaszt\u00f3s term\u00e9kek\u00e9t \u2013 2020-t\u00f3l megsz\u00fcnteti, \u00e9s az ezt helyettes\u00edt\u0151 \u00faj term\u00e9kek gy\u00e1rt\u00e1s\u00e1t k\u00fcls\u0151 partnerekkel egy\u00fcttm\u0171k\u00f6dve oldja meg.<br \/>\nA ny\u00edregyh\u00e1zi beruh\u00e1z\u00e1s \u00f6sszeg\u00e9t az Ipar 4.0 szabv\u00e1nyoknak megfelel\u0151 digit\u00e1lis, ipari automatiz\u00e1ci\u00f3s \u00e9s robot technol\u00f3gi\u00e1k beszerz\u00e9s\u00e9re \u00e9s alkalmaz\u00e1s\u00e1ra ford\u00edtj\u00e1k. Az \u00fczemben nagyr\u00e9szt intelligens, okos berendez\u00e9sek k\u00e9sz\u00fclnek majd.<br \/>\nAz Electrolux \u00e9vente t\u00f6bb mint 60 milli\u00f3 h\u00e1ztart\u00e1si \u00e9s professzion\u00e1lis k\u00e9sz\u00fcl\u00e9ket \u00e9rt\u00e9kes\u00edt t\u00f6bb mint 150 orsz\u00e1gban. Az Electrolux csoport forgalma 2018-ban 12,4 milli\u00e1rd eur\u00f3 volt, alkalmazottainak sz\u00e1ma 54 ezer.<br \/>\nForr\u00e1s: MTI<br \/>\nC\u00edmlapi k\u00e9p: MTI\/Bug\u00e1ny J\u00e1nos<\/p>\n<p>\n<!--noindex--><br \/>\n<a href=\"https:\/\/hirek.oldal.info\/rssclick\/14385711\" rel=\"nofollow\">Source link <\/a><br \/>\n<!--\/noindex--><\/p>\n","protected":false},"excerpt":{"rendered":"<p>Mintegy nyolcsz\u00e1z embert bocs\u00e1t el az Electrolux J\u00e1szber\u00e9nyben, err\u0151l kedden t\u00e1j\u00e9koztatt\u00e1k az \u00e9rintetteket \u2013 k\u00f6z\u00f6lte a c\u00e9g k\u00f6zlem\u00e9nyben az MTI-vel. A porsz\u00edv\u00f3gy\u00e1rt\u00e1st \u00e9s a szabadon\u00e1ll\u00f3 h\u0171t\u0151g\u00e9pek gy\u00e1rt\u00e1s\u00e1nak jelent\u0151s r\u00e9sz\u00e9t J\u00e1szber\u00e9nyb\u0151l k\u00fcls\u0151 partnerekhez szervezi \u00e1t az Electrolux Group a versenyk\u00e9pess\u00e9g fokoz\u00e1sa \u00e9rdek\u00e9ben, az \u00e1tszervez\u00e9sre \u00e9s a termel\u00e9s-\u00e1thelyez\u00e9sre 2020-t\u00f3l ker\u00fcl sor. A j\u00e1szber\u00e9nyi szervezet\u00e1talak\u00edt\u00e1s k\u00f6r\u00fclbel\u00fcl 800 Electrolux [&hellip;]<\/p>\n","protected":false},"author":2,"featured_media":1869,"comment_status":"open","ping_status":"open","sticky":false,"template":"","format":"standard","meta":{"footnotes":""},"categories":[1],"tags":[],"class_list":["post-1868","post","type-post","status-publish","format-standard","has-post-thumbnail","hentry","category-legujabb-penzugyi-hirek"],"yoast_head":"<!-- This site is optimized with the Yoast SEO plugin v27.4 - https:\/\/yoast.com\/product\/yoast-seo-wordpress\/ -->\n<title>Mintegy nyolcsz\u00e1z embert bocs\u00e1t el az Electrolux J\u00e1szber\u00e9nyben - Hot News in World<\/title>\n<meta name=\"robots\" content=\"index, follow, max-snippet:-1, max-image-preview:large, max-video-preview:-1\" \/>\n<link rel=\"canonical\" href=\"https:\/\/hotnewsinworld.com\/hu\/mintegy-nyolcszaz-embert-bocsat-el-az-electrolux-jaszberenyben\/\" \/>\n<meta property=\"og:locale\" content=\"hu_HU\" \/>\n<meta property=\"og:type\" content=\"article\" \/>\n<meta property=\"og:title\" content=\"Mintegy nyolcsz\u00e1z embert bocs\u00e1t el az Electrolux J\u00e1szber\u00e9nyben - Hot News in World\" \/>\n<meta property=\"og:description\" content=\"Mintegy nyolcsz\u00e1z embert bocs\u00e1t el az Electrolux J\u00e1szber\u00e9nyben, err\u0151l kedden t\u00e1j\u00e9koztatt\u00e1k az \u00e9rintetteket \u2013 k\u00f6z\u00f6lte a c\u00e9g k\u00f6zlem\u00e9nyben az MTI-vel. A porsz\u00edv\u00f3gy\u00e1rt\u00e1st \u00e9s a szabadon\u00e1ll\u00f3 h\u0171t\u0151g\u00e9pek gy\u00e1rt\u00e1s\u00e1nak jelent\u0151s r\u00e9sz\u00e9t J\u00e1szber\u00e9nyb\u0151l k\u00fcls\u0151 partnerekhez szervezi \u00e1t az Electrolux Group a versenyk\u00e9pess\u00e9g fokoz\u00e1sa \u00e9rdek\u00e9ben, az \u00e1tszervez\u00e9sre \u00e9s a termel\u00e9s-\u00e1thelyez\u00e9sre 2020-t\u00f3l ker\u00fcl sor. A j\u00e1szber\u00e9nyi szervezet\u00e1talak\u00edt\u00e1s k\u00f6r\u00fclbel\u00fcl 800 Electrolux [&hellip;]\" \/>\n<meta property=\"og:url\" content=\"https:\/\/hotnewsinworld.com\/hu\/mintegy-nyolcszaz-embert-bocsat-el-az-electrolux-jaszberenyben\/\" \/>\n<meta property=\"og:site_name\" content=\"Hot News in World\" \/>\n<meta property=\"article:published_time\" content=\"2019-09-10T14:56:38+00:00\" \/>\n<meta property=\"article:modified_time\" content=\"2019-09-10T14:56:39+00:00\" \/>\n<meta property=\"og:image\" content=\"https:\/\/hotnewsinworld.com\/hu\/wp-content\/uploads\/sites\/3\/2019\/09\/Mintegy-nyolcsz\u00e1z-embert-bocs\u00e1t-el-az-Electrolux-J\u00e1szber\u00e9nyben.JPG\" \/>\n\t<meta property=\"og:image:width\" content=\"800\" \/>\n\t<meta property=\"og:image:height\" content=\"465\" \/>\n\t<meta property=\"og:image:type\" content=\"image\/jpeg\" \/>\n<meta name=\"author\" content=\"hotnewsinworld\" \/>\n<meta name=\"twitter:card\" content=\"summary_large_image\" \/>\n<meta name=\"twitter:label1\" content=\"Szerz\u0151:\" \/>\n\t<meta name=\"twitter:data1\" content=\"hotnewsinworld\" \/>\n\t<meta name=\"twitter:label2\" content=\"Becs\u00fclt olvas\u00e1si id\u0151\" \/>\n\t<meta name=\"twitter:data2\" content=\"3 perc\" \/>\n<script type=\"application\/ld+json\" class=\"yoast-schema-graph\">{\"@context\":\"https:\\\/\\\/schema.org\",\"@graph\":[{\"@type\":\"Article\",\"@id\":\"https:\\\/\\\/hotnewsinworld.com\\\/hu\\\/mintegy-nyolcszaz-embert-bocsat-el-az-electrolux-jaszberenyben\\\/#article\",\"isPartOf\":{\"@id\":\"https:\\\/\\\/hotnewsinworld.com\\\/hu\\\/mintegy-nyolcszaz-embert-bocsat-el-az-electrolux-jaszberenyben\\\/\"},\"author\":{\"name\":\"hotnewsinworld\",\"@id\":\"https:\\\/\\\/hotnewsinworld.com\\\/hu\\\/#\\\/schema\\\/person\\\/fe61448b21c0d59086e75fcc1f9d8f6b\"},\"headline\":\"Mintegy nyolcsz\u00e1z embert bocs\u00e1t el az Electrolux J\u00e1szber\u00e9nyben\",\"datePublished\":\"2019-09-10T14:56:38+00:00\",\"dateModified\":\"2019-09-10T14:56:39+00:00\",\"mainEntityOfPage\":{\"@id\":\"https:\\\/\\\/hotnewsinworld.com\\\/hu\\\/mintegy-nyolcszaz-embert-bocsat-el-az-electrolux-jaszberenyben\\\/\"},\"wordCount\":637,\"commentCount\":0,\"image\":{\"@id\":\"https:\\\/\\\/hotnewsinworld.com\\\/hu\\\/mintegy-nyolcszaz-embert-bocsat-el-az-electrolux-jaszberenyben\\\/#primaryimage\"},\"thumbnailUrl\":\"https:\\\/\\\/hotnewsinworld.com\\\/hu\\\/wp-content\\\/uploads\\\/sites\\\/3\\\/2019\\\/09\\\/Mintegy-nyolcsz\u00e1z-embert-bocs\u00e1t-el-az-Electrolux-J\u00e1szber\u00e9nyben.JPG\",\"articleSection\":[\"LEG\u00daJABB P\u00c9NZ\u00dcGYI H\u00cdREK\"],\"inLanguage\":\"hu\",\"potentialAction\":[{\"@type\":\"CommentAction\",\"name\":\"Comment\",\"target\":[\"https:\\\/\\\/hotnewsinworld.com\\\/hu\\\/mintegy-nyolcszaz-embert-bocsat-el-az-electrolux-jaszberenyben\\\/#respond\"]}]},{\"@type\":\"WebPage\",\"@id\":\"https:\\\/\\\/hotnewsinworld.com\\\/hu\\\/mintegy-nyolcszaz-embert-bocsat-el-az-electrolux-jaszberenyben\\\/\",\"url\":\"https:\\\/\\\/hotnewsinworld.com\\\/hu\\\/mintegy-nyolcszaz-embert-bocsat-el-az-electrolux-jaszberenyben\\\/\",\"name\":\"Mintegy nyolcsz\u00e1z embert bocs\u00e1t el az Electrolux J\u00e1szber\u00e9nyben - Hot News in World\",\"isPartOf\":{\"@id\":\"https:\\\/\\\/hotnewsinworld.com\\\/hu\\\/#website\"},\"primaryImageOfPage\":{\"@id\":\"https:\\\/\\\/hotnewsinworld.com\\\/hu\\\/mintegy-nyolcszaz-embert-bocsat-el-az-electrolux-jaszberenyben\\\/#primaryimage\"},\"image\":{\"@id\":\"https:\\\/\\\/hotnewsinworld.com\\\/hu\\\/mintegy-nyolcszaz-embert-bocsat-el-az-electrolux-jaszberenyben\\\/#primaryimage\"},\"thumbnailUrl\":\"https:\\\/\\\/hotnewsinworld.com\\\/hu\\\/wp-content\\\/uploads\\\/sites\\\/3\\\/2019\\\/09\\\/Mintegy-nyolcsz\u00e1z-embert-bocs\u00e1t-el-az-Electrolux-J\u00e1szber\u00e9nyben.JPG\",\"datePublished\":\"2019-09-10T14:56:38+00:00\",\"dateModified\":\"2019-09-10T14:56:39+00:00\",\"author\":{\"@id\":\"https:\\\/\\\/hotnewsinworld.com\\\/hu\\\/#\\\/schema\\\/person\\\/fe61448b21c0d59086e75fcc1f9d8f6b\"},\"breadcrumb\":{\"@id\":\"https:\\\/\\\/hotnewsinworld.com\\\/hu\\\/mintegy-nyolcszaz-embert-bocsat-el-az-electrolux-jaszberenyben\\\/#breadcrumb\"},\"inLanguage\":\"hu\",\"potentialAction\":[{\"@type\":\"ReadAction\",\"target\":[\"https:\\\/\\\/hotnewsinworld.com\\\/hu\\\/mintegy-nyolcszaz-embert-bocsat-el-az-electrolux-jaszberenyben\\\/\"]}]},{\"@type\":\"ImageObject\",\"inLanguage\":\"hu\",\"@id\":\"https:\\\/\\\/hotnewsinworld.com\\\/hu\\\/mintegy-nyolcszaz-embert-bocsat-el-az-electrolux-jaszberenyben\\\/#primaryimage\",\"url\":\"https:\\\/\\\/hotnewsinworld.com\\\/hu\\\/wp-content\\\/uploads\\\/sites\\\/3\\\/2019\\\/09\\\/Mintegy-nyolcsz\u00e1z-embert-bocs\u00e1t-el-az-Electrolux-J\u00e1szber\u00e9nyben.JPG\",\"contentUrl\":\"https:\\\/\\\/hotnewsinworld.com\\\/hu\\\/wp-content\\\/uploads\\\/sites\\\/3\\\/2019\\\/09\\\/Mintegy-nyolcsz\u00e1z-embert-bocs\u00e1t-el-az-Electrolux-J\u00e1szber\u00e9nyben.JPG\",\"width\":800,\"height\":465,\"caption\":\"Mintegy nyolcsz\u00e1z embert bocs\u00e1t el az Electrolux J\u00e1szber\u00e9nyben\"},{\"@type\":\"BreadcrumbList\",\"@id\":\"https:\\\/\\\/hotnewsinworld.com\\\/hu\\\/mintegy-nyolcszaz-embert-bocsat-el-az-electrolux-jaszberenyben\\\/#breadcrumb\",\"itemListElement\":[{\"@type\":\"ListItem\",\"position\":1,\"name\":\"\u0413\u043b\u0430\u0432\u043d\u0430\u044f \u0441\u0442\u0440\u0430\u043d\u0438\u0446\u0430\",\"item\":\"https:\\\/\\\/hotnewsinworld.com\\\/hu\\\/\"},{\"@type\":\"ListItem\",\"position\":2,\"name\":\"Mintegy nyolcsz\u00e1z embert bocs\u00e1t el az Electrolux J\u00e1szber\u00e9nyben\"}]},{\"@type\":\"WebSite\",\"@id\":\"https:\\\/\\\/hotnewsinworld.com\\\/hu\\\/#website\",\"url\":\"https:\\\/\\\/hotnewsinworld.com\\\/hu\\\/\",\"name\":\"Hot News in World\",\"description\":\"Hot News in World from Hungary\",\"potentialAction\":[{\"@type\":\"SearchAction\",\"target\":{\"@type\":\"EntryPoint\",\"urlTemplate\":\"https:\\\/\\\/hotnewsinworld.com\\\/hu\\\/?s={search_term_string}\"},\"query-input\":{\"@type\":\"PropertyValueSpecification\",\"valueRequired\":true,\"valueName\":\"search_term_string\"}}],\"inLanguage\":\"hu\"},{\"@type\":\"Person\",\"@id\":\"https:\\\/\\\/hotnewsinworld.com\\\/hu\\\/#\\\/schema\\\/person\\\/fe61448b21c0d59086e75fcc1f9d8f6b\",\"name\":\"hotnewsinworld\",\"image\":{\"@type\":\"ImageObject\",\"inLanguage\":\"hu\",\"@id\":\"https:\\\/\\\/secure.gravatar.com\\\/avatar\\\/8a09ac165600ce2e1c38fe593c63928eb1e6e7ba5c5a907d67787c41b3d00c14?s=96&d=mm&r=g\",\"url\":\"https:\\\/\\\/secure.gravatar.com\\\/avatar\\\/8a09ac165600ce2e1c38fe593c63928eb1e6e7ba5c5a907d67787c41b3d00c14?s=96&d=mm&r=g\",\"contentUrl\":\"https:\\\/\\\/secure.gravatar.com\\\/avatar\\\/8a09ac165600ce2e1c38fe593c63928eb1e6e7ba5c5a907d67787c41b3d00c14?s=96&d=mm&r=g\",\"caption\":\"hotnewsinworld\"},\"url\":\"https:\\\/\\\/hotnewsinworld.com\\\/hu\\\/author\\\/pt\\\/\"}]}<\/script>\n<!-- \/ Yoast SEO plugin. -->","yoast_head_json":{"title":"Mintegy nyolcsz\u00e1z embert bocs\u00e1t el az Electrolux J\u00e1szber\u00e9nyben - Hot News in World","robots":{"index":"index","follow":"follow","max-snippet":"max-snippet:-1","max-image-preview":"max-image-preview:large","max-video-preview":"max-video-preview:-1"},"canonical":"https:\/\/hotnewsinworld.com\/hu\/mintegy-nyolcszaz-embert-bocsat-el-az-electrolux-jaszberenyben\/","og_locale":"hu_HU","og_type":"article","og_title":"Mintegy nyolcsz\u00e1z embert bocs\u00e1t el az Electrolux J\u00e1szber\u00e9nyben - Hot News in World","og_description":"Mintegy nyolcsz\u00e1z embert bocs\u00e1t el az Electrolux J\u00e1szber\u00e9nyben, err\u0151l kedden t\u00e1j\u00e9koztatt\u00e1k az \u00e9rintetteket \u2013 k\u00f6z\u00f6lte a c\u00e9g k\u00f6zlem\u00e9nyben az MTI-vel. A porsz\u00edv\u00f3gy\u00e1rt\u00e1st \u00e9s a szabadon\u00e1ll\u00f3 h\u0171t\u0151g\u00e9pek gy\u00e1rt\u00e1s\u00e1nak jelent\u0151s r\u00e9sz\u00e9t J\u00e1szber\u00e9nyb\u0151l k\u00fcls\u0151 partnerekhez szervezi \u00e1t az Electrolux Group a versenyk\u00e9pess\u00e9g fokoz\u00e1sa \u00e9rdek\u00e9ben, az \u00e1tszervez\u00e9sre \u00e9s a termel\u00e9s-\u00e1thelyez\u00e9sre 2020-t\u00f3l ker\u00fcl sor. A j\u00e1szber\u00e9nyi szervezet\u00e1talak\u00edt\u00e1s k\u00f6r\u00fclbel\u00fcl 800 Electrolux [&hellip;]","og_url":"https:\/\/hotnewsinworld.com\/hu\/mintegy-nyolcszaz-embert-bocsat-el-az-electrolux-jaszberenyben\/","og_site_name":"Hot News in World","article_published_time":"2019-09-10T14:56:38+00:00","article_modified_time":"2019-09-10T14:56:39+00:00","og_image":[{"width":800,"height":465,"url":"https:\/\/hotnewsinworld.com\/hu\/wp-content\/uploads\/sites\/3\/2019\/09\/Mintegy-nyolcsz\u00e1z-embert-bocs\u00e1t-el-az-Electrolux-J\u00e1szber\u00e9nyben.JPG","type":"image\/jpeg"}],"author":"hotnewsinworld","twitter_card":"summary_large_image","twitter_misc":{"Szerz\u0151:":"hotnewsinworld","Becs\u00fclt olvas\u00e1si id\u0151":"3 perc"},"schema":{"@context":"https:\/\/schema.org","@graph":[{"@type":"Article","@id":"https:\/\/hotnewsinworld.com\/hu\/mintegy-nyolcszaz-embert-bocsat-el-az-electrolux-jaszberenyben\/#article","isPartOf":{"@id":"https:\/\/hotnewsinworld.com\/hu\/mintegy-nyolcszaz-embert-bocsat-el-az-electrolux-jaszberenyben\/"},"author":{"name":"hotnewsinworld","@id":"https:\/\/hotnewsinworld.com\/hu\/#\/schema\/person\/fe61448b21c0d59086e75fcc1f9d8f6b"},"headline":"Mintegy nyolcsz\u00e1z embert bocs\u00e1t el az Electrolux J\u00e1szber\u00e9nyben","datePublished":"2019-09-10T14:56:38+00:00","dateModified":"2019-09-10T14:56:39+00:00","mainEntityOfPage":{"@id":"https:\/\/hotnewsinworld.com\/hu\/mintegy-nyolcszaz-embert-bocsat-el-az-electrolux-jaszberenyben\/"},"wordCount":637,"commentCount":0,"image":{"@id":"https:\/\/hotnewsinworld.com\/hu\/mintegy-nyolcszaz-embert-bocsat-el-az-electrolux-jaszberenyben\/#primaryimage"},"thumbnailUrl":"https:\/\/hotnewsinworld.com\/hu\/wp-content\/uploads\/sites\/3\/2019\/09\/Mintegy-nyolcsz\u00e1z-embert-bocs\u00e1t-el-az-Electrolux-J\u00e1szber\u00e9nyben.JPG","articleSection":["LEG\u00daJABB P\u00c9NZ\u00dcGYI H\u00cdREK"],"inLanguage":"hu","potentialAction":[{"@type":"CommentAction","name":"Comment","target":["https:\/\/hotnewsinworld.com\/hu\/mintegy-nyolcszaz-embert-bocsat-el-az-electrolux-jaszberenyben\/#respond"]}]},{"@type":"WebPage","@id":"https:\/\/hotnewsinworld.com\/hu\/mintegy-nyolcszaz-embert-bocsat-el-az-electrolux-jaszberenyben\/","url":"https:\/\/hotnewsinworld.com\/hu\/mintegy-nyolcszaz-embert-bocsat-el-az-electrolux-jaszberenyben\/","name":"Mintegy nyolcsz\u00e1z embert bocs\u00e1t el az Electrolux J\u00e1szber\u00e9nyben - Hot News in World","isPartOf":{"@id":"https:\/\/hotnewsinworld.com\/hu\/#website"},"primaryImageOfPage":{"@id":"https:\/\/hotnewsinworld.com\/hu\/mintegy-nyolcszaz-embert-bocsat-el-az-electrolux-jaszberenyben\/#primaryimage"},"image":{"@id":"https:\/\/hotnewsinworld.com\/hu\/mintegy-nyolcszaz-embert-bocsat-el-az-electrolux-jaszberenyben\/#primaryimage"},"thumbnailUrl":"https:\/\/hotnewsinworld.com\/hu\/wp-content\/uploads\/sites\/3\/2019\/09\/Mintegy-nyolcsz\u00e1z-embert-bocs\u00e1t-el-az-Electrolux-J\u00e1szber\u00e9nyben.JPG","datePublished":"2019-09-10T14:56:38+00:00","dateModified":"2019-09-10T14:56:39+00:00","author":{"@id":"https:\/\/hotnewsinworld.com\/hu\/#\/schema\/person\/fe61448b21c0d59086e75fcc1f9d8f6b"},"breadcrumb":{"@id":"https:\/\/hotnewsinworld.com\/hu\/mintegy-nyolcszaz-embert-bocsat-el-az-electrolux-jaszberenyben\/#breadcrumb"},"inLanguage":"hu","potentialAction":[{"@type":"ReadAction","target":["https:\/\/hotnewsinworld.com\/hu\/mintegy-nyolcszaz-embert-bocsat-el-az-electrolux-jaszberenyben\/"]}]},{"@type":"ImageObject","inLanguage":"hu","@id":"https:\/\/hotnewsinworld.com\/hu\/mintegy-nyolcszaz-embert-bocsat-el-az-electrolux-jaszberenyben\/#primaryimage","url":"https:\/\/hotnewsinworld.com\/hu\/wp-content\/uploads\/sites\/3\/2019\/09\/Mintegy-nyolcsz\u00e1z-embert-bocs\u00e1t-el-az-Electrolux-J\u00e1szber\u00e9nyben.JPG","contentUrl":"https:\/\/hotnewsinworld.com\/hu\/wp-content\/uploads\/sites\/3\/2019\/09\/Mintegy-nyolcsz\u00e1z-embert-bocs\u00e1t-el-az-Electrolux-J\u00e1szber\u00e9nyben.JPG","width":800,"height":465,"caption":"Mintegy nyolcsz\u00e1z embert bocs\u00e1t el az Electrolux J\u00e1szber\u00e9nyben"},{"@type":"BreadcrumbList","@id":"https:\/\/hotnewsinworld.com\/hu\/mintegy-nyolcszaz-embert-bocsat-el-az-electrolux-jaszberenyben\/#breadcrumb","itemListElement":[{"@type":"ListItem","position":1,"name":"\u0413\u043b\u0430\u0432\u043d\u0430\u044f \u0441\u0442\u0440\u0430\u043d\u0438\u0446\u0430","item":"https:\/\/hotnewsinworld.com\/hu\/"},{"@type":"ListItem","position":2,"name":"Mintegy nyolcsz\u00e1z embert bocs\u00e1t el az Electrolux J\u00e1szber\u00e9nyben"}]},{"@type":"WebSite","@id":"https:\/\/hotnewsinworld.com\/hu\/#website","url":"https:\/\/hotnewsinworld.com\/hu\/","name":"Hot News in World","description":"Hot News in World from Hungary","potentialAction":[{"@type":"SearchAction","target":{"@type":"EntryPoint","urlTemplate":"https:\/\/hotnewsinworld.com\/hu\/?s={search_term_string}"},"query-input":{"@type":"PropertyValueSpecification","valueRequired":true,"valueName":"search_term_string"}}],"inLanguage":"hu"},{"@type":"Person","@id":"https:\/\/hotnewsinworld.com\/hu\/#\/schema\/person\/fe61448b21c0d59086e75fcc1f9d8f6b","name":"hotnewsinworld","image":{"@type":"ImageObject","inLanguage":"hu","@id":"https:\/\/secure.gravatar.com\/avatar\/8a09ac165600ce2e1c38fe593c63928eb1e6e7ba5c5a907d67787c41b3d00c14?s=96&d=mm&r=g","url":"https:\/\/secure.gravatar.com\/avatar\/8a09ac165600ce2e1c38fe593c63928eb1e6e7ba5c5a907d67787c41b3d00c14?s=96&d=mm&r=g","contentUrl":"https:\/\/secure.gravatar.com\/avatar\/8a09ac165600ce2e1c38fe593c63928eb1e6e7ba5c5a907d67787c41b3d00c14?s=96&d=mm&r=g","caption":"hotnewsinworld"},"url":"https:\/\/hotnewsinworld.com\/hu\/author\/pt\/"}]}},"_links":{"self":[{"href":"https:\/\/hotnewsinworld.com\/hu\/wp-json\/wp\/v2\/posts\/1868","targetHints":{"allow":["GET"]}}],"collection":[{"href":"https:\/\/hotnewsinworld.com\/hu\/wp-json\/wp\/v2\/posts"}],"about":[{"href":"https:\/\/hotnewsinworld.com\/hu\/wp-json\/wp\/v2\/types\/post"}],"author":[{"embeddable":true,"href":"https:\/\/hotnewsinworld.com\/hu\/wp-json\/wp\/v2\/users\/2"}],"replies":[{"embeddable":true,"href":"https:\/\/hotnewsinworld.com\/hu\/wp-json\/wp\/v2\/comments?post=1868"}],"version-history":[{"count":1,"href":"https:\/\/hotnewsinworld.com\/hu\/wp-json\/wp\/v2\/posts\/1868\/revisions"}],"predecessor-version":[{"id":1870,"href":"https:\/\/hotnewsinworld.com\/hu\/wp-json\/wp\/v2\/posts\/1868\/revisions\/1870"}],"wp:featuredmedia":[{"embeddable":true,"href":"https:\/\/hotnewsinworld.com\/hu\/wp-json\/wp\/v2\/media\/1869"}],"wp:attachment":[{"href":"https:\/\/hotnewsinworld.com\/hu\/wp-json\/wp\/v2\/media?parent=1868"}],"wp:term":[{"taxonomy":"category","embeddable":true,"href":"https:\/\/hotnewsinworld.com\/hu\/wp-json\/wp\/v2\/categories?post=1868"},{"taxonomy":"post_tag","embeddable":true,"href":"https:\/\/hotnewsinworld.com\/hu\/wp-json\/wp\/v2\/tags?post=1868"}],"curies":[{"name":"wp","href":"https:\/\/api.w.org\/{rel}","templated":true}]}}