{"id":1876,"date":"2019-09-10T23:24:43","date_gmt":"2019-09-10T20:24:43","guid":{"rendered":"https:\/\/hotnewsinworld.com\/hu\/siofok-felmilliard-forintot-kap-a-rozsakert-es-a-siofoki-kikoto-kornyezetenek-felujitasara\/"},"modified":"2019-09-10T23:24:44","modified_gmt":"2019-09-10T20:24:44","slug":"siofok-felmilliard-forintot-kap-a-rozsakert-es-a-siofoki-kikoto-kornyezetenek-felujitasara","status":"publish","type":"post","link":"https:\/\/hotnewsinworld.com\/hu\/siofok-felmilliard-forintot-kap-a-rozsakert-es-a-siofoki-kikoto-kornyezetenek-felujitasara\/","title":{"rendered":"Si\u00f3fok f\u00e9lmilli\u00e1rd forintot kap a R\u00f3zsakert \u00e9s a si\u00f3foki kik\u00f6t\u0151 k\u00f6rnyezet\u00e9nek fel\u00faj\u00edt\u00e1s\u00e1ra"},"content":{"rendered":"<p>\t\t\t\t\tA cikk emailben t\u00f6rt\u00e9n\u0151 elk\u00fcld\u00e9s\u00e9hez kattintson ide, vagy m\u00e1solja le \u00e9s k\u00fcldje el ezt a linket: https:\/\/magyarnemzet.hu\/belfold\/guller-zoltan-siofok-felmilliard-forintot-kap-a-rozsakert-es-a-siofoki-kikoto-kornyezetenek-felujitasara-7292072\/<\/p>\n<p>\t\t\t\t\t2019. szeptember 10. kedd 21:47<br \/>\n\t\t\t\t\t\t\t\t\t\t\t\t\t\t\t2019. 09. 10. 22:20<\/p>\n<p>\t\t\t\t\t\t\t\tSi\u00f3fok f\u00e9lmilli\u00e1rd forint korm\u00e1nyzati t\u00e1mogat\u00e1st kap a t\u00f3parti R\u00f3zsakert \u00e9s a si\u00f3foki kik\u00f6t\u0151 k\u00f6rnyezet\u00e9nek fel\u00faj\u00edt\u00e1s\u00e1ra \u2013 jelentette be Guller Zolt\u00e1n, a Magyar Turisztikai \u00dcgyn\u00f6ks\u00e9g (MT\u00dc) vez\u00e9rigazgat\u00f3ja kedden Si\u00f3fokon, aki hozz\u00e1tette: a frekvent\u00e1lt helyen l\u00e9v\u0151 R\u00f3zsakertet az\u00e9rt kell meg\u00faj\u00edtani, hogy XXI. sz\u00e1zadi k\u00f6r\u00fclm\u00e9nyek fogadj\u00e1k az idel\u00e1togat\u00f3kat.\t\t\t\t\t\t\t<\/p>\n<p>\t\t\t\t\tHangs\u00falyozta, hogy a korm\u00e1ny a Balaton t\u00e9rs\u00e9g\u00e9ben k\u00f6zel 100 milli\u00e1rd forint \u00e9rt\u00e9k\u0171 fejleszt\u00e9st val\u00f3s\u00edtott, illetve val\u00f3s\u00edt meg annak \u00e9rdek\u00e9ben, hogy Magyarorsz\u00e1g 2030-ra K\u00f6z\u00e9p-Eur\u00f3pa vezet\u0151 turisztikai t\u00e9rs\u00e9g\u00e9v\u00e9 v\u00e1ljon, \u00e9s az \u00fcd\u00fcl\u0151r\u00e9gi\u00f3 poz\u00edci\u00f3ja er\u0151s\u00f6dj\u00f6n.<br \/>\nGuller Zolt\u00e1n ismertet\u00e9se szerint a turizmus a nemzeti \u00f6sszterm\u00e9k 10 sz\u00e1zal\u00e9k\u00e1t adja, \u00e9s az elm\u00falt \u00e9vekben \u00e9vr\u0151l-\u00e9vre 10 sz\u00e1zal\u00e9kkal n\u00f6vekszik. Aranykor\u00e1t \u00e9li az \u00e1gazat, teh\u00e1t most kell beruh\u00e1zni, most kell befektetni, most kell megalapozni a j\u00f6v\u0151nket \u2013 fogalmazott a vez\u00e9rigazgat\u00f3.<br \/>\nGuller Zolt\u00e1n besz\u00e9lt arr\u00f3l is, hogy a Balaton vend\u00e9gk\u00f6r\u00e9nek k\u00f6zel 80 sz\u00e1zal\u00e9ka belf\u00f6ldi. A t\u00e9rs\u00e9gben jelent\u0151s sz\u00e1ll\u00e1shely-fejleszt\u00e9sek zajlanak, 254,5 milli\u00e1rd forint \u00e9rt\u00e9kben \u00e9p\u00fclnek \u00faj sz\u00e1ll\u00e1shelyek, \u00fajulnak meg panzi\u00f3k \u00e9s sz\u00e1llod\u00e1k, Si\u00f3fok ebb\u0151l 2,5 milli\u00e1rd forinttal r\u00e9szes\u00fcl \u2013 tette hozz\u00e1.<br \/>\nEml\u00e9keztetett arra, hogy a Bahartban (Balatoni Haj\u00f3z\u00e1si Zrt.) az \u00e1llam 6,6 milli\u00e1rd forint \u00e9rt\u00e9kben hajtott v\u00e9gre t\u0151keemel\u00e9st a balatoni haj\u00f3z\u00e1s meg\u00faj\u00edt\u00e1s\u00e1\u00e9rt. Emellett az elm\u00falt k\u00e9t \u00e9vben a Balaton-partj\u00e1n 85 strand fejl\u0151d\u00f6tt, \u00fajult meg k\u00f6zel 5 milli\u00e1rd forintb\u00f3l.<br \/>\nAz esem\u00e9nyen r\u00e9szt vett Witzmann Mih\u00e1ly (Fidesz) orsz\u00e1ggy\u0171l\u00e9si k\u00e9pvisel\u0151 is, aki arr\u00f3l besz\u00e9lt, hogy a Balaton t\u00f6rt\u00e9nelmi fejleszt\u00e9si id\u0151szakon megy kereszt\u00fcl, soha nem l\u00e1tott forr\u00e1sokat k\u00fcl\u00f6n\u00edtettek el a t\u00e9rs\u00e9g sz\u00e1m\u00e1ra a magyar k\u00f6lts\u00e9gvet\u00e9sben.<br \/>\nEz egy egyszeri \u00e9s tal\u00e1n megism\u00e9telhetetlen id\u0151szak, amelyb\u0151l a Balaton, \u00e9s Si\u00f3fok is gy\u0151ztesk\u00e9nt ker\u00fclhet ki \u2013 fogalmazott. Kiemelte, nagy felel\u0151ss\u00e9g, hogy a rendelkez\u00e9sre \u00e1ll\u00f3 forr\u00e1sokat j\u00f3l \u00e9s hat\u00e9konyan tudja felhaszn\u00e1lni egy-egy t\u00e9rs\u00e9g, telep\u00fcl\u00e9s.<br \/>\n\u201e\u00c9vtizedes fejleszt\u00e9sekkel vagyunk ad\u00f3sai mind a v\u00e1ros lak\u00f3inak, mind az idel\u00e1togat\u00f3 turist\u00e1knak\u201d \u2013 mondta Gruber Attila, a Fidesz-KDNP si\u00f3foki polg\u00e1rmesterjel\u00f6ltje a k\u00f6z\u00f6s sajt\u00f3t\u00e1j\u00e9koztat\u00f3n. Besz\u00e9lt arr\u00f3l is, hogy Si\u00f3fok k\u00f6r\u00fcl \u00e9s a Balaton-partj\u00e1n szinte minden telep\u00fcl\u00e9s fejl\u0151dik, \u00e9s ma m\u00e1r sokkal kedvez\u0151bb lehet\u0151s\u00e9geket ny\u00fajt lak\u00f3inak \u00e9s a turist\u00e1inak.<br \/>\nKifejtette, \u00fagy \u00e9rzi, ebben a munk\u00e1ban elmarad\u00e1s van, ez\u00e9rt is \u00f6r\u00fcl, hogy partnerre lelt az \u00fcgyn\u00f6ks\u00e9g vez\u00e9rigazgat\u00f3j\u00e1ban, \u00e9s meg tudta gy\u0151zni arr\u00f3l, hogy Si\u00f3fok fontos v\u00e1rosa a balatoni turizmusnak.<br \/>\nAz eddig elhanyagolt ter\u00fcltek meg\u00fajulhatnak, \u00e9s folytatni lehet a szabadstrandok fel\u00faj\u00edt\u00e1s\u00e1t is, ami fontos a 17 kilom\u00e9teres partszakasszal rendelkez\u0151 Si\u00f3fok sz\u00e1m\u00e1ra \u2013 tette hozz\u00e1.<\/p>\n<p>\n<!--noindex--><br \/>\n<a href=\"https:\/\/hirek.oldal.info\/rssclick\/14386515\" rel=\"nofollow\">Source link <\/a><br \/>\n<!--\/noindex--><\/p>\n","protected":false},"excerpt":{"rendered":"<p>A cikk emailben t\u00f6rt\u00e9n\u0151 elk\u00fcld\u00e9s\u00e9hez kattintson ide, vagy m\u00e1solja le \u00e9s k\u00fcldje el ezt a linket: https:\/\/magyarnemzet.hu\/belfold\/guller-zoltan-siofok-felmilliard-forintot-kap-a-rozsakert-es-a-siofoki-kikoto-kornyezetenek-felujitasara-7292072\/ 2019. szeptember 10. kedd 21:47 2019. 09. 10. 22:20 Si\u00f3fok f\u00e9lmilli\u00e1rd forint korm\u00e1nyzati t\u00e1mogat\u00e1st kap a t\u00f3parti R\u00f3zsakert \u00e9s a si\u00f3foki kik\u00f6t\u0151 k\u00f6rnyezet\u00e9nek fel\u00faj\u00edt\u00e1s\u00e1ra \u2013 jelentette be Guller Zolt\u00e1n, a Magyar Turisztikai \u00dcgyn\u00f6ks\u00e9g (MT\u00dc) vez\u00e9rigazgat\u00f3ja kedden Si\u00f3fokon, aki [&hellip;]<\/p>\n","protected":false},"author":2,"featured_media":199,"comment_status":"open","ping_status":"open","sticky":false,"template":"","format":"standard","meta":{"footnotes":""},"categories":[1],"tags":[],"class_list":["post-1876","post","type-post","status-publish","format-standard","has-post-thumbnail","hentry","category-legujabb-penzugyi-hirek"],"yoast_head":"<!-- This site is optimized with the Yoast SEO plugin v27.4 - https:\/\/yoast.com\/product\/yoast-seo-wordpress\/ -->\n<title>Si\u00f3fok f\u00e9lmilli\u00e1rd forintot kap a R\u00f3zsakert \u00e9s a si\u00f3foki kik\u00f6t\u0151 k\u00f6rnyezet\u00e9nek fel\u00faj\u00edt\u00e1s\u00e1ra - Hot News in World<\/title>\n<meta name=\"robots\" content=\"index, follow, max-snippet:-1, max-image-preview:large, max-video-preview:-1\" \/>\n<link rel=\"canonical\" href=\"https:\/\/hotnewsinworld.com\/hu\/siofok-felmilliard-forintot-kap-a-rozsakert-es-a-siofoki-kikoto-kornyezetenek-felujitasara\/\" \/>\n<meta property=\"og:locale\" content=\"hu_HU\" \/>\n<meta property=\"og:type\" content=\"article\" \/>\n<meta property=\"og:title\" content=\"Si\u00f3fok f\u00e9lmilli\u00e1rd forintot kap a R\u00f3zsakert \u00e9s a si\u00f3foki kik\u00f6t\u0151 k\u00f6rnyezet\u00e9nek fel\u00faj\u00edt\u00e1s\u00e1ra - Hot News in World\" \/>\n<meta property=\"og:description\" content=\"A cikk emailben t\u00f6rt\u00e9n\u0151 elk\u00fcld\u00e9s\u00e9hez kattintson ide, vagy m\u00e1solja le \u00e9s k\u00fcldje el ezt a linket: https:\/\/magyarnemzet.hu\/belfold\/guller-zoltan-siofok-felmilliard-forintot-kap-a-rozsakert-es-a-siofoki-kikoto-kornyezetenek-felujitasara-7292072\/ 2019. szeptember 10. kedd 21:47 2019. 09. 10. 22:20 Si\u00f3fok f\u00e9lmilli\u00e1rd forint korm\u00e1nyzati t\u00e1mogat\u00e1st kap a t\u00f3parti R\u00f3zsakert \u00e9s a si\u00f3foki kik\u00f6t\u0151 k\u00f6rnyezet\u00e9nek fel\u00faj\u00edt\u00e1s\u00e1ra \u2013 jelentette be Guller Zolt\u00e1n, a Magyar Turisztikai \u00dcgyn\u00f6ks\u00e9g (MT\u00dc) vez\u00e9rigazgat\u00f3ja kedden Si\u00f3fokon, aki [&hellip;]\" \/>\n<meta property=\"og:url\" content=\"https:\/\/hotnewsinworld.com\/hu\/siofok-felmilliard-forintot-kap-a-rozsakert-es-a-siofoki-kikoto-kornyezetenek-felujitasara\/\" \/>\n<meta property=\"og:site_name\" content=\"Hot News in World\" \/>\n<meta property=\"article:published_time\" content=\"2019-09-10T20:24:43+00:00\" \/>\n<meta property=\"article:modified_time\" content=\"2019-09-10T20:24:44+00:00\" \/>\n<meta property=\"og:image\" content=\"https:\/\/hotnewsinworld.com\/hu\/wp-content\/uploads\/sites\/3\/2019\/06\/Hidv\u00e9ghi-Bal\u00e1zs-A-Fidesz-kezdem\u00e9nyezni-fogja-a-migr\u00e1nsk\u00e1rty\u00e1k-megsz\u00fcntet\u00e9s\u00e9t.png\" \/>\n\t<meta property=\"og:image:width\" content=\"1200\" \/>\n\t<meta property=\"og:image:height\" content=\"630\" \/>\n\t<meta property=\"og:image:type\" content=\"image\/png\" \/>\n<meta name=\"author\" content=\"hotnewsinworld\" \/>\n<meta name=\"twitter:card\" content=\"summary_large_image\" \/>\n<meta name=\"twitter:label1\" content=\"Szerz\u0151:\" \/>\n\t<meta name=\"twitter:data1\" content=\"hotnewsinworld\" \/>\n\t<meta name=\"twitter:label2\" content=\"Becs\u00fclt olvas\u00e1si id\u0151\" \/>\n\t<meta name=\"twitter:data2\" content=\"3 perc\" \/>\n<script type=\"application\/ld+json\" class=\"yoast-schema-graph\">{\"@context\":\"https:\\\/\\\/schema.org\",\"@graph\":[{\"@type\":\"Article\",\"@id\":\"https:\\\/\\\/hotnewsinworld.com\\\/hu\\\/siofok-felmilliard-forintot-kap-a-rozsakert-es-a-siofoki-kikoto-kornyezetenek-felujitasara\\\/#article\",\"isPartOf\":{\"@id\":\"https:\\\/\\\/hotnewsinworld.com\\\/hu\\\/siofok-felmilliard-forintot-kap-a-rozsakert-es-a-siofoki-kikoto-kornyezetenek-felujitasara\\\/\"},\"author\":{\"name\":\"hotnewsinworld\",\"@id\":\"https:\\\/\\\/hotnewsinworld.com\\\/hu\\\/#\\\/schema\\\/person\\\/fe61448b21c0d59086e75fcc1f9d8f6b\"},\"headline\":\"Si\u00f3fok f\u00e9lmilli\u00e1rd forintot kap a R\u00f3zsakert \u00e9s a si\u00f3foki kik\u00f6t\u0151 k\u00f6rnyezet\u00e9nek fel\u00faj\u00edt\u00e1s\u00e1ra\",\"datePublished\":\"2019-09-10T20:24:43+00:00\",\"dateModified\":\"2019-09-10T20:24:44+00:00\",\"mainEntityOfPage\":{\"@id\":\"https:\\\/\\\/hotnewsinworld.com\\\/hu\\\/siofok-felmilliard-forintot-kap-a-rozsakert-es-a-siofoki-kikoto-kornyezetenek-felujitasara\\\/\"},\"wordCount\":634,\"commentCount\":0,\"image\":{\"@id\":\"https:\\\/\\\/hotnewsinworld.com\\\/hu\\\/siofok-felmilliard-forintot-kap-a-rozsakert-es-a-siofoki-kikoto-kornyezetenek-felujitasara\\\/#primaryimage\"},\"thumbnailUrl\":\"https:\\\/\\\/hotnewsinworld.com\\\/hu\\\/wp-content\\\/uploads\\\/sites\\\/3\\\/2019\\\/06\\\/Hidv\u00e9ghi-Bal\u00e1zs-A-Fidesz-kezdem\u00e9nyezni-fogja-a-migr\u00e1nsk\u00e1rty\u00e1k-megsz\u00fcntet\u00e9s\u00e9t.png\",\"articleSection\":[\"LEG\u00daJABB P\u00c9NZ\u00dcGYI H\u00cdREK\"],\"inLanguage\":\"hu\",\"potentialAction\":[{\"@type\":\"CommentAction\",\"name\":\"Comment\",\"target\":[\"https:\\\/\\\/hotnewsinworld.com\\\/hu\\\/siofok-felmilliard-forintot-kap-a-rozsakert-es-a-siofoki-kikoto-kornyezetenek-felujitasara\\\/#respond\"]}]},{\"@type\":\"WebPage\",\"@id\":\"https:\\\/\\\/hotnewsinworld.com\\\/hu\\\/siofok-felmilliard-forintot-kap-a-rozsakert-es-a-siofoki-kikoto-kornyezetenek-felujitasara\\\/\",\"url\":\"https:\\\/\\\/hotnewsinworld.com\\\/hu\\\/siofok-felmilliard-forintot-kap-a-rozsakert-es-a-siofoki-kikoto-kornyezetenek-felujitasara\\\/\",\"name\":\"Si\u00f3fok f\u00e9lmilli\u00e1rd forintot kap a R\u00f3zsakert \u00e9s a si\u00f3foki kik\u00f6t\u0151 k\u00f6rnyezet\u00e9nek fel\u00faj\u00edt\u00e1s\u00e1ra - Hot News in World\",\"isPartOf\":{\"@id\":\"https:\\\/\\\/hotnewsinworld.com\\\/hu\\\/#website\"},\"primaryImageOfPage\":{\"@id\":\"https:\\\/\\\/hotnewsinworld.com\\\/hu\\\/siofok-felmilliard-forintot-kap-a-rozsakert-es-a-siofoki-kikoto-kornyezetenek-felujitasara\\\/#primaryimage\"},\"image\":{\"@id\":\"https:\\\/\\\/hotnewsinworld.com\\\/hu\\\/siofok-felmilliard-forintot-kap-a-rozsakert-es-a-siofoki-kikoto-kornyezetenek-felujitasara\\\/#primaryimage\"},\"thumbnailUrl\":\"https:\\\/\\\/hotnewsinworld.com\\\/hu\\\/wp-content\\\/uploads\\\/sites\\\/3\\\/2019\\\/06\\\/Hidv\u00e9ghi-Bal\u00e1zs-A-Fidesz-kezdem\u00e9nyezni-fogja-a-migr\u00e1nsk\u00e1rty\u00e1k-megsz\u00fcntet\u00e9s\u00e9t.png\",\"datePublished\":\"2019-09-10T20:24:43+00:00\",\"dateModified\":\"2019-09-10T20:24:44+00:00\",\"author\":{\"@id\":\"https:\\\/\\\/hotnewsinworld.com\\\/hu\\\/#\\\/schema\\\/person\\\/fe61448b21c0d59086e75fcc1f9d8f6b\"},\"breadcrumb\":{\"@id\":\"https:\\\/\\\/hotnewsinworld.com\\\/hu\\\/siofok-felmilliard-forintot-kap-a-rozsakert-es-a-siofoki-kikoto-kornyezetenek-felujitasara\\\/#breadcrumb\"},\"inLanguage\":\"hu\",\"potentialAction\":[{\"@type\":\"ReadAction\",\"target\":[\"https:\\\/\\\/hotnewsinworld.com\\\/hu\\\/siofok-felmilliard-forintot-kap-a-rozsakert-es-a-siofoki-kikoto-kornyezetenek-felujitasara\\\/\"]}]},{\"@type\":\"ImageObject\",\"inLanguage\":\"hu\",\"@id\":\"https:\\\/\\\/hotnewsinworld.com\\\/hu\\\/siofok-felmilliard-forintot-kap-a-rozsakert-es-a-siofoki-kikoto-kornyezetenek-felujitasara\\\/#primaryimage\",\"url\":\"https:\\\/\\\/hotnewsinworld.com\\\/hu\\\/wp-content\\\/uploads\\\/sites\\\/3\\\/2019\\\/06\\\/Hidv\u00e9ghi-Bal\u00e1zs-A-Fidesz-kezdem\u00e9nyezni-fogja-a-migr\u00e1nsk\u00e1rty\u00e1k-megsz\u00fcntet\u00e9s\u00e9t.png\",\"contentUrl\":\"https:\\\/\\\/hotnewsinworld.com\\\/hu\\\/wp-content\\\/uploads\\\/sites\\\/3\\\/2019\\\/06\\\/Hidv\u00e9ghi-Bal\u00e1zs-A-Fidesz-kezdem\u00e9nyezni-fogja-a-migr\u00e1nsk\u00e1rty\u00e1k-megsz\u00fcntet\u00e9s\u00e9t.png\",\"width\":1200,\"height\":630,\"caption\":\"Hidv\u00e9ghi Bal\u00e1zs: A Fidesz kezdem\u00e9nyezni fogja a migr\u00e1nsk\u00e1rty\u00e1k megsz\u00fcntet\u00e9s\u00e9t\"},{\"@type\":\"BreadcrumbList\",\"@id\":\"https:\\\/\\\/hotnewsinworld.com\\\/hu\\\/siofok-felmilliard-forintot-kap-a-rozsakert-es-a-siofoki-kikoto-kornyezetenek-felujitasara\\\/#breadcrumb\",\"itemListElement\":[{\"@type\":\"ListItem\",\"position\":1,\"name\":\"\u0413\u043b\u0430\u0432\u043d\u0430\u044f \u0441\u0442\u0440\u0430\u043d\u0438\u0446\u0430\",\"item\":\"https:\\\/\\\/hotnewsinworld.com\\\/hu\\\/\"},{\"@type\":\"ListItem\",\"position\":2,\"name\":\"Si\u00f3fok f\u00e9lmilli\u00e1rd forintot kap a R\u00f3zsakert \u00e9s a si\u00f3foki kik\u00f6t\u0151 k\u00f6rnyezet\u00e9nek fel\u00faj\u00edt\u00e1s\u00e1ra\"}]},{\"@type\":\"WebSite\",\"@id\":\"https:\\\/\\\/hotnewsinworld.com\\\/hu\\\/#website\",\"url\":\"https:\\\/\\\/hotnewsinworld.com\\\/hu\\\/\",\"name\":\"Hot News in World\",\"description\":\"Hot News in World from Hungary\",\"potentialAction\":[{\"@type\":\"SearchAction\",\"target\":{\"@type\":\"EntryPoint\",\"urlTemplate\":\"https:\\\/\\\/hotnewsinworld.com\\\/hu\\\/?s={search_term_string}\"},\"query-input\":{\"@type\":\"PropertyValueSpecification\",\"valueRequired\":true,\"valueName\":\"search_term_string\"}}],\"inLanguage\":\"hu\"},{\"@type\":\"Person\",\"@id\":\"https:\\\/\\\/hotnewsinworld.com\\\/hu\\\/#\\\/schema\\\/person\\\/fe61448b21c0d59086e75fcc1f9d8f6b\",\"name\":\"hotnewsinworld\",\"image\":{\"@type\":\"ImageObject\",\"inLanguage\":\"hu\",\"@id\":\"https:\\\/\\\/secure.gravatar.com\\\/avatar\\\/8a09ac165600ce2e1c38fe593c63928eb1e6e7ba5c5a907d67787c41b3d00c14?s=96&d=mm&r=g\",\"url\":\"https:\\\/\\\/secure.gravatar.com\\\/avatar\\\/8a09ac165600ce2e1c38fe593c63928eb1e6e7ba5c5a907d67787c41b3d00c14?s=96&d=mm&r=g\",\"contentUrl\":\"https:\\\/\\\/secure.gravatar.com\\\/avatar\\\/8a09ac165600ce2e1c38fe593c63928eb1e6e7ba5c5a907d67787c41b3d00c14?s=96&d=mm&r=g\",\"caption\":\"hotnewsinworld\"},\"url\":\"https:\\\/\\\/hotnewsinworld.com\\\/hu\\\/author\\\/pt\\\/\"}]}<\/script>\n<!-- \/ Yoast SEO plugin. -->","yoast_head_json":{"title":"Si\u00f3fok f\u00e9lmilli\u00e1rd forintot kap a R\u00f3zsakert \u00e9s a si\u00f3foki kik\u00f6t\u0151 k\u00f6rnyezet\u00e9nek fel\u00faj\u00edt\u00e1s\u00e1ra - Hot News in World","robots":{"index":"index","follow":"follow","max-snippet":"max-snippet:-1","max-image-preview":"max-image-preview:large","max-video-preview":"max-video-preview:-1"},"canonical":"https:\/\/hotnewsinworld.com\/hu\/siofok-felmilliard-forintot-kap-a-rozsakert-es-a-siofoki-kikoto-kornyezetenek-felujitasara\/","og_locale":"hu_HU","og_type":"article","og_title":"Si\u00f3fok f\u00e9lmilli\u00e1rd forintot kap a R\u00f3zsakert \u00e9s a si\u00f3foki kik\u00f6t\u0151 k\u00f6rnyezet\u00e9nek fel\u00faj\u00edt\u00e1s\u00e1ra - Hot News in World","og_description":"A cikk emailben t\u00f6rt\u00e9n\u0151 elk\u00fcld\u00e9s\u00e9hez kattintson ide, vagy m\u00e1solja le \u00e9s k\u00fcldje el ezt a linket: https:\/\/magyarnemzet.hu\/belfold\/guller-zoltan-siofok-felmilliard-forintot-kap-a-rozsakert-es-a-siofoki-kikoto-kornyezetenek-felujitasara-7292072\/ 2019. szeptember 10. kedd 21:47 2019. 09. 10. 22:20 Si\u00f3fok f\u00e9lmilli\u00e1rd forint korm\u00e1nyzati t\u00e1mogat\u00e1st kap a t\u00f3parti R\u00f3zsakert \u00e9s a si\u00f3foki kik\u00f6t\u0151 k\u00f6rnyezet\u00e9nek fel\u00faj\u00edt\u00e1s\u00e1ra \u2013 jelentette be Guller Zolt\u00e1n, a Magyar Turisztikai \u00dcgyn\u00f6ks\u00e9g (MT\u00dc) vez\u00e9rigazgat\u00f3ja kedden Si\u00f3fokon, aki [&hellip;]","og_url":"https:\/\/hotnewsinworld.com\/hu\/siofok-felmilliard-forintot-kap-a-rozsakert-es-a-siofoki-kikoto-kornyezetenek-felujitasara\/","og_site_name":"Hot News in World","article_published_time":"2019-09-10T20:24:43+00:00","article_modified_time":"2019-09-10T20:24:44+00:00","og_image":[{"width":1200,"height":630,"url":"https:\/\/hotnewsinworld.com\/hu\/wp-content\/uploads\/sites\/3\/2019\/06\/Hidv\u00e9ghi-Bal\u00e1zs-A-Fidesz-kezdem\u00e9nyezni-fogja-a-migr\u00e1nsk\u00e1rty\u00e1k-megsz\u00fcntet\u00e9s\u00e9t.png","type":"image\/png"}],"author":"hotnewsinworld","twitter_card":"summary_large_image","twitter_misc":{"Szerz\u0151:":"hotnewsinworld","Becs\u00fclt olvas\u00e1si id\u0151":"3 perc"},"schema":{"@context":"https:\/\/schema.org","@graph":[{"@type":"Article","@id":"https:\/\/hotnewsinworld.com\/hu\/siofok-felmilliard-forintot-kap-a-rozsakert-es-a-siofoki-kikoto-kornyezetenek-felujitasara\/#article","isPartOf":{"@id":"https:\/\/hotnewsinworld.com\/hu\/siofok-felmilliard-forintot-kap-a-rozsakert-es-a-siofoki-kikoto-kornyezetenek-felujitasara\/"},"author":{"name":"hotnewsinworld","@id":"https:\/\/hotnewsinworld.com\/hu\/#\/schema\/person\/fe61448b21c0d59086e75fcc1f9d8f6b"},"headline":"Si\u00f3fok f\u00e9lmilli\u00e1rd forintot kap a R\u00f3zsakert \u00e9s a si\u00f3foki kik\u00f6t\u0151 k\u00f6rnyezet\u00e9nek fel\u00faj\u00edt\u00e1s\u00e1ra","datePublished":"2019-09-10T20:24:43+00:00","dateModified":"2019-09-10T20:24:44+00:00","mainEntityOfPage":{"@id":"https:\/\/hotnewsinworld.com\/hu\/siofok-felmilliard-forintot-kap-a-rozsakert-es-a-siofoki-kikoto-kornyezetenek-felujitasara\/"},"wordCount":634,"commentCount":0,"image":{"@id":"https:\/\/hotnewsinworld.com\/hu\/siofok-felmilliard-forintot-kap-a-rozsakert-es-a-siofoki-kikoto-kornyezetenek-felujitasara\/#primaryimage"},"thumbnailUrl":"https:\/\/hotnewsinworld.com\/hu\/wp-content\/uploads\/sites\/3\/2019\/06\/Hidv\u00e9ghi-Bal\u00e1zs-A-Fidesz-kezdem\u00e9nyezni-fogja-a-migr\u00e1nsk\u00e1rty\u00e1k-megsz\u00fcntet\u00e9s\u00e9t.png","articleSection":["LEG\u00daJABB P\u00c9NZ\u00dcGYI H\u00cdREK"],"inLanguage":"hu","potentialAction":[{"@type":"CommentAction","name":"Comment","target":["https:\/\/hotnewsinworld.com\/hu\/siofok-felmilliard-forintot-kap-a-rozsakert-es-a-siofoki-kikoto-kornyezetenek-felujitasara\/#respond"]}]},{"@type":"WebPage","@id":"https:\/\/hotnewsinworld.com\/hu\/siofok-felmilliard-forintot-kap-a-rozsakert-es-a-siofoki-kikoto-kornyezetenek-felujitasara\/","url":"https:\/\/hotnewsinworld.com\/hu\/siofok-felmilliard-forintot-kap-a-rozsakert-es-a-siofoki-kikoto-kornyezetenek-felujitasara\/","name":"Si\u00f3fok f\u00e9lmilli\u00e1rd forintot kap a R\u00f3zsakert \u00e9s a si\u00f3foki kik\u00f6t\u0151 k\u00f6rnyezet\u00e9nek fel\u00faj\u00edt\u00e1s\u00e1ra - Hot News in World","isPartOf":{"@id":"https:\/\/hotnewsinworld.com\/hu\/#website"},"primaryImageOfPage":{"@id":"https:\/\/hotnewsinworld.com\/hu\/siofok-felmilliard-forintot-kap-a-rozsakert-es-a-siofoki-kikoto-kornyezetenek-felujitasara\/#primaryimage"},"image":{"@id":"https:\/\/hotnewsinworld.com\/hu\/siofok-felmilliard-forintot-kap-a-rozsakert-es-a-siofoki-kikoto-kornyezetenek-felujitasara\/#primaryimage"},"thumbnailUrl":"https:\/\/hotnewsinworld.com\/hu\/wp-content\/uploads\/sites\/3\/2019\/06\/Hidv\u00e9ghi-Bal\u00e1zs-A-Fidesz-kezdem\u00e9nyezni-fogja-a-migr\u00e1nsk\u00e1rty\u00e1k-megsz\u00fcntet\u00e9s\u00e9t.png","datePublished":"2019-09-10T20:24:43+00:00","dateModified":"2019-09-10T20:24:44+00:00","author":{"@id":"https:\/\/hotnewsinworld.com\/hu\/#\/schema\/person\/fe61448b21c0d59086e75fcc1f9d8f6b"},"breadcrumb":{"@id":"https:\/\/hotnewsinworld.com\/hu\/siofok-felmilliard-forintot-kap-a-rozsakert-es-a-siofoki-kikoto-kornyezetenek-felujitasara\/#breadcrumb"},"inLanguage":"hu","potentialAction":[{"@type":"ReadAction","target":["https:\/\/hotnewsinworld.com\/hu\/siofok-felmilliard-forintot-kap-a-rozsakert-es-a-siofoki-kikoto-kornyezetenek-felujitasara\/"]}]},{"@type":"ImageObject","inLanguage":"hu","@id":"https:\/\/hotnewsinworld.com\/hu\/siofok-felmilliard-forintot-kap-a-rozsakert-es-a-siofoki-kikoto-kornyezetenek-felujitasara\/#primaryimage","url":"https:\/\/hotnewsinworld.com\/hu\/wp-content\/uploads\/sites\/3\/2019\/06\/Hidv\u00e9ghi-Bal\u00e1zs-A-Fidesz-kezdem\u00e9nyezni-fogja-a-migr\u00e1nsk\u00e1rty\u00e1k-megsz\u00fcntet\u00e9s\u00e9t.png","contentUrl":"https:\/\/hotnewsinworld.com\/hu\/wp-content\/uploads\/sites\/3\/2019\/06\/Hidv\u00e9ghi-Bal\u00e1zs-A-Fidesz-kezdem\u00e9nyezni-fogja-a-migr\u00e1nsk\u00e1rty\u00e1k-megsz\u00fcntet\u00e9s\u00e9t.png","width":1200,"height":630,"caption":"Hidv\u00e9ghi Bal\u00e1zs: A Fidesz kezdem\u00e9nyezni fogja a migr\u00e1nsk\u00e1rty\u00e1k megsz\u00fcntet\u00e9s\u00e9t"},{"@type":"BreadcrumbList","@id":"https:\/\/hotnewsinworld.com\/hu\/siofok-felmilliard-forintot-kap-a-rozsakert-es-a-siofoki-kikoto-kornyezetenek-felujitasara\/#breadcrumb","itemListElement":[{"@type":"ListItem","position":1,"name":"\u0413\u043b\u0430\u0432\u043d\u0430\u044f \u0441\u0442\u0440\u0430\u043d\u0438\u0446\u0430","item":"https:\/\/hotnewsinworld.com\/hu\/"},{"@type":"ListItem","position":2,"name":"Si\u00f3fok f\u00e9lmilli\u00e1rd forintot kap a R\u00f3zsakert \u00e9s a si\u00f3foki kik\u00f6t\u0151 k\u00f6rnyezet\u00e9nek fel\u00faj\u00edt\u00e1s\u00e1ra"}]},{"@type":"WebSite","@id":"https:\/\/hotnewsinworld.com\/hu\/#website","url":"https:\/\/hotnewsinworld.com\/hu\/","name":"Hot News in World","description":"Hot News in World from Hungary","potentialAction":[{"@type":"SearchAction","target":{"@type":"EntryPoint","urlTemplate":"https:\/\/hotnewsinworld.com\/hu\/?s={search_term_string}"},"query-input":{"@type":"PropertyValueSpecification","valueRequired":true,"valueName":"search_term_string"}}],"inLanguage":"hu"},{"@type":"Person","@id":"https:\/\/hotnewsinworld.com\/hu\/#\/schema\/person\/fe61448b21c0d59086e75fcc1f9d8f6b","name":"hotnewsinworld","image":{"@type":"ImageObject","inLanguage":"hu","@id":"https:\/\/secure.gravatar.com\/avatar\/8a09ac165600ce2e1c38fe593c63928eb1e6e7ba5c5a907d67787c41b3d00c14?s=96&d=mm&r=g","url":"https:\/\/secure.gravatar.com\/avatar\/8a09ac165600ce2e1c38fe593c63928eb1e6e7ba5c5a907d67787c41b3d00c14?s=96&d=mm&r=g","contentUrl":"https:\/\/secure.gravatar.com\/avatar\/8a09ac165600ce2e1c38fe593c63928eb1e6e7ba5c5a907d67787c41b3d00c14?s=96&d=mm&r=g","caption":"hotnewsinworld"},"url":"https:\/\/hotnewsinworld.com\/hu\/author\/pt\/"}]}},"_links":{"self":[{"href":"https:\/\/hotnewsinworld.com\/hu\/wp-json\/wp\/v2\/posts\/1876","targetHints":{"allow":["GET"]}}],"collection":[{"href":"https:\/\/hotnewsinworld.com\/hu\/wp-json\/wp\/v2\/posts"}],"about":[{"href":"https:\/\/hotnewsinworld.com\/hu\/wp-json\/wp\/v2\/types\/post"}],"author":[{"embeddable":true,"href":"https:\/\/hotnewsinworld.com\/hu\/wp-json\/wp\/v2\/users\/2"}],"replies":[{"embeddable":true,"href":"https:\/\/hotnewsinworld.com\/hu\/wp-json\/wp\/v2\/comments?post=1876"}],"version-history":[{"count":1,"href":"https:\/\/hotnewsinworld.com\/hu\/wp-json\/wp\/v2\/posts\/1876\/revisions"}],"predecessor-version":[{"id":1877,"href":"https:\/\/hotnewsinworld.com\/hu\/wp-json\/wp\/v2\/posts\/1876\/revisions\/1877"}],"wp:featuredmedia":[{"embeddable":true,"href":"https:\/\/hotnewsinworld.com\/hu\/wp-json\/wp\/v2\/media\/199"}],"wp:attachment":[{"href":"https:\/\/hotnewsinworld.com\/hu\/wp-json\/wp\/v2\/media?parent=1876"}],"wp:term":[{"taxonomy":"category","embeddable":true,"href":"https:\/\/hotnewsinworld.com\/hu\/wp-json\/wp\/v2\/categories?post=1876"},{"taxonomy":"post_tag","embeddable":true,"href":"https:\/\/hotnewsinworld.com\/hu\/wp-json\/wp\/v2\/tags?post=1876"}],"curies":[{"name":"wp","href":"https:\/\/api.w.org\/{rel}","templated":true}]}}