{"id":1878,"date":"2019-09-11T00:47:50","date_gmt":"2019-09-10T21:47:50","guid":{"rendered":"https:\/\/hotnewsinworld.com\/hu\/rod-dreher-orban-viktor-a-keresztenyek-kozott\/"},"modified":"2019-09-11T00:47:51","modified_gmt":"2019-09-10T21:47:51","slug":"rod-dreher-orban-viktor-a-keresztenyek-kozott","status":"publish","type":"post","link":"https:\/\/hotnewsinworld.com\/hu\/rod-dreher-orban-viktor-a-keresztenyek-kozott\/","title":{"rendered":"Rod Dreher: Orb\u00e1n Viktor a kereszt\u00e9nyek k\u00f6z\u00f6tt"},"content":{"rendered":"<p>2019. szeptember 10. 23:19<br \/>\n                            Az az Orb\u00e1n Viktor, akivel szem\u00e9lyesen tal\u00e1lkozik az ember, nagyon-nagyon m\u00e1s, mint az az Orb\u00e1n, akit az amerikaiaknak mutogat a m\u00e9dia.<\/p>\n<p>                            \u201eHa eddig csak a nyugati m\u00e9di\u00e1b\u00f3l hallott Orb\u00e1n Viktorr\u00f3l, most azt gondolhatja, hogy \u0151 egy amolyan maffi\u00f3z\u00f3 gengszter. De az az Orb\u00e1n Viktor, akivel szem\u00e9lyesen tal\u00e1lkozik az ember, nagyon-nagyon m\u00e1s, mint az az Orb\u00e1n, akit az amerikaiaknak mutogat a m\u00e9dia. Orb\u00e1n \u2013 aki j\u00f3l besz\u00e9l angolul \u2013 energikus, intelligens, vicces, szer\u00e9ny, realista \u00e9s majdhogynem harcias volt, amikor Magyarorsz\u00e1g \u00e9s Magyarorsz\u00e1g \u00e9rdekeinek v\u00e9delm\u00e9r\u0151l besz\u00e9lt. Orb\u00e1n olyan, amilyennek Trumpot szeretn\u00e9k l\u00e1tni a legnagyobb rajong\u00f3i (de Trump nem olyan), \u00e9s olyan, amilyennek ellens\u00e9gei gondolj\u00e1k Trumpot (de Trump nem olyan). Ha Donald Trump rendelkezne Orb\u00e1n k\u00e9pess\u00e9geivel, a politikai helyzet nagyon-nagyon k\u00fcl\u00f6nb\u00f6z\u0151 lenne az Egyes\u00fclt \u00c1llamokban \u2013 hogy jobb avagy rosszabb, az v\u00e9rm\u00e9rs\u00e9klett\u0151l f\u00fcgg.\u00a0<\/p>\n<p>Orb\u00e1n hosszas megjegyz\u00e9sekkel kezdte a besz\u00e9lget\u00e9st a magyar \u00e9s az eur\u00f3pai politik\u00e1r\u00f3l, \u00e9s a Fidesz szerep\u00e9r\u0151l ezekben. Azt mondta, hogy amikor 2010-ben megv\u00e1lasztott\u00e1k, egy k\u00fcldet\u00e9se volt: megmenteni Magyarorsz\u00e1got a gazdas\u00e1gi \u00f6sszeoml\u00e1st\u00f3l. 2014-es \u00fajrav\u00e1laszt\u00e1si kamp\u00e1ny\u00e1ra a gazdas\u00e1g stabill\u00e1 v\u00e1lt, m\u00e1sodik ciklus\u00e1nak k\u00fcldet\u00e9s\u00e9t \u00fagy fogalmazta meg: \u00bbelmondani, amit gondolok\u00ab.<\/p>\n<p>\u00bb2014-ben arra j\u00f6ttem r\u00e1, hogy \u00e9n vagyok az egyetlen szabad ember az eur\u00f3pai minisztereln\u00f6k\u00f6k k\u00f6z\u00f6tt\u00ab\u00a0\u2013 mondta. \u00bbSzabad\u00ab\u00a0alatt azt \u00e9rtette, hogy egy er\u0151s, egys\u00e9ges parlamenti t\u00f6bbs\u00e9g \u00e1llt a h\u00e1ta m\u00f6g\u00f6tt. Hozz\u00e1tette: \u00bba nyugati politikai \u00e9letben most nem mondhatod azt, amit gondolsz\u00ab.\u201d<\/p>\n<p>\n<!--noindex--><br \/>\n<a href=\"https:\/\/hirek.oldal.info\/rssclick\/14386572\" rel=\"nofollow\">Source link <\/a><br \/>\n<!--\/noindex--><\/p>\n","protected":false},"excerpt":{"rendered":"<p>2019. szeptember 10. 23:19 Az az Orb\u00e1n Viktor, akivel szem\u00e9lyesen tal\u00e1lkozik az ember, nagyon-nagyon m\u00e1s, mint az az Orb\u00e1n, akit az amerikaiaknak mutogat a m\u00e9dia. \u201eHa eddig csak a nyugati m\u00e9di\u00e1b\u00f3l hallott Orb\u00e1n Viktorr\u00f3l, most azt gondolhatja, hogy \u0151 egy amolyan maffi\u00f3z\u00f3 gengszter. De az az Orb\u00e1n Viktor, akivel szem\u00e9lyesen tal\u00e1lkozik az ember, nagyon-nagyon m\u00e1s, [&hellip;]<\/p>\n","protected":false},"author":2,"featured_media":1879,"comment_status":"open","ping_status":"open","sticky":false,"template":"","format":"standard","meta":{"footnotes":""},"categories":[1],"tags":[],"class_list":["post-1878","post","type-post","status-publish","format-standard","has-post-thumbnail","hentry","category-legujabb-penzugyi-hirek"],"yoast_head":"<!-- This site is optimized with the Yoast SEO plugin v27.4 - https:\/\/yoast.com\/product\/yoast-seo-wordpress\/ -->\n<title>Rod Dreher: Orb\u00e1n Viktor a kereszt\u00e9nyek k\u00f6z\u00f6tt - Hot News in World<\/title>\n<meta name=\"robots\" content=\"index, follow, max-snippet:-1, max-image-preview:large, max-video-preview:-1\" \/>\n<link rel=\"canonical\" href=\"https:\/\/hotnewsinworld.com\/hu\/rod-dreher-orban-viktor-a-keresztenyek-kozott\/\" \/>\n<meta property=\"og:locale\" content=\"hu_HU\" \/>\n<meta property=\"og:type\" content=\"article\" \/>\n<meta property=\"og:title\" content=\"Rod Dreher: Orb\u00e1n Viktor a kereszt\u00e9nyek k\u00f6z\u00f6tt - Hot News in World\" \/>\n<meta property=\"og:description\" content=\"2019. szeptember 10. 23:19 Az az Orb\u00e1n Viktor, akivel szem\u00e9lyesen tal\u00e1lkozik az ember, nagyon-nagyon m\u00e1s, mint az az Orb\u00e1n, akit az amerikaiaknak mutogat a m\u00e9dia. \u201eHa eddig csak a nyugati m\u00e9di\u00e1b\u00f3l hallott Orb\u00e1n Viktorr\u00f3l, most azt gondolhatja, hogy \u0151 egy amolyan maffi\u00f3z\u00f3 gengszter. De az az Orb\u00e1n Viktor, akivel szem\u00e9lyesen tal\u00e1lkozik az ember, nagyon-nagyon m\u00e1s, [&hellip;]\" \/>\n<meta property=\"og:url\" content=\"https:\/\/hotnewsinworld.com\/hu\/rod-dreher-orban-viktor-a-keresztenyek-kozott\/\" \/>\n<meta property=\"og:site_name\" content=\"Hot News in World\" \/>\n<meta property=\"article:published_time\" content=\"2019-09-10T21:47:50+00:00\" \/>\n<meta property=\"article:modified_time\" content=\"2019-09-10T21:47:51+00:00\" \/>\n<meta property=\"og:image\" content=\"https:\/\/hotnewsinworld.com\/hu\/wp-content\/uploads\/sites\/3\/2019\/09\/Rod-Dreher-Orb\u00e1n-Viktor-a-kereszt\u00e9nyek-k\u00f6z\u00f6tt.jpg\" \/>\n\t<meta property=\"og:image:width\" content=\"300\" \/>\n\t<meta property=\"og:image:height\" content=\"300\" \/>\n\t<meta property=\"og:image:type\" content=\"image\/jpeg\" \/>\n<meta name=\"author\" content=\"hotnewsinworld\" \/>\n<meta name=\"twitter:card\" content=\"summary_large_image\" \/>\n<meta name=\"twitter:label1\" content=\"Szerz\u0151:\" \/>\n\t<meta name=\"twitter:data1\" content=\"hotnewsinworld\" \/>\n\t<meta name=\"twitter:label2\" content=\"Becs\u00fclt olvas\u00e1si id\u0151\" \/>\n\t<meta name=\"twitter:data2\" content=\"2 perc\" \/>\n<script type=\"application\/ld+json\" class=\"yoast-schema-graph\">{\"@context\":\"https:\\\/\\\/schema.org\",\"@graph\":[{\"@type\":\"Article\",\"@id\":\"https:\\\/\\\/hotnewsinworld.com\\\/hu\\\/rod-dreher-orban-viktor-a-keresztenyek-kozott\\\/#article\",\"isPartOf\":{\"@id\":\"https:\\\/\\\/hotnewsinworld.com\\\/hu\\\/rod-dreher-orban-viktor-a-keresztenyek-kozott\\\/\"},\"author\":{\"name\":\"hotnewsinworld\",\"@id\":\"https:\\\/\\\/hotnewsinworld.com\\\/hu\\\/#\\\/schema\\\/person\\\/fe61448b21c0d59086e75fcc1f9d8f6b\"},\"headline\":\"Rod Dreher: Orb\u00e1n Viktor a kereszt\u00e9nyek k\u00f6z\u00f6tt\",\"datePublished\":\"2019-09-10T21:47:50+00:00\",\"dateModified\":\"2019-09-10T21:47:51+00:00\",\"mainEntityOfPage\":{\"@id\":\"https:\\\/\\\/hotnewsinworld.com\\\/hu\\\/rod-dreher-orban-viktor-a-keresztenyek-kozott\\\/\"},\"wordCount\":316,\"commentCount\":0,\"image\":{\"@id\":\"https:\\\/\\\/hotnewsinworld.com\\\/hu\\\/rod-dreher-orban-viktor-a-keresztenyek-kozott\\\/#primaryimage\"},\"thumbnailUrl\":\"https:\\\/\\\/hotnewsinworld.com\\\/hu\\\/wp-content\\\/uploads\\\/sites\\\/3\\\/2019\\\/09\\\/Rod-Dreher-Orb\u00e1n-Viktor-a-kereszt\u00e9nyek-k\u00f6z\u00f6tt.jpg\",\"articleSection\":[\"LEG\u00daJABB P\u00c9NZ\u00dcGYI H\u00cdREK\"],\"inLanguage\":\"hu\",\"potentialAction\":[{\"@type\":\"CommentAction\",\"name\":\"Comment\",\"target\":[\"https:\\\/\\\/hotnewsinworld.com\\\/hu\\\/rod-dreher-orban-viktor-a-keresztenyek-kozott\\\/#respond\"]}]},{\"@type\":\"WebPage\",\"@id\":\"https:\\\/\\\/hotnewsinworld.com\\\/hu\\\/rod-dreher-orban-viktor-a-keresztenyek-kozott\\\/\",\"url\":\"https:\\\/\\\/hotnewsinworld.com\\\/hu\\\/rod-dreher-orban-viktor-a-keresztenyek-kozott\\\/\",\"name\":\"Rod Dreher: Orb\u00e1n Viktor a kereszt\u00e9nyek k\u00f6z\u00f6tt - Hot News in World\",\"isPartOf\":{\"@id\":\"https:\\\/\\\/hotnewsinworld.com\\\/hu\\\/#website\"},\"primaryImageOfPage\":{\"@id\":\"https:\\\/\\\/hotnewsinworld.com\\\/hu\\\/rod-dreher-orban-viktor-a-keresztenyek-kozott\\\/#primaryimage\"},\"image\":{\"@id\":\"https:\\\/\\\/hotnewsinworld.com\\\/hu\\\/rod-dreher-orban-viktor-a-keresztenyek-kozott\\\/#primaryimage\"},\"thumbnailUrl\":\"https:\\\/\\\/hotnewsinworld.com\\\/hu\\\/wp-content\\\/uploads\\\/sites\\\/3\\\/2019\\\/09\\\/Rod-Dreher-Orb\u00e1n-Viktor-a-kereszt\u00e9nyek-k\u00f6z\u00f6tt.jpg\",\"datePublished\":\"2019-09-10T21:47:50+00:00\",\"dateModified\":\"2019-09-10T21:47:51+00:00\",\"author\":{\"@id\":\"https:\\\/\\\/hotnewsinworld.com\\\/hu\\\/#\\\/schema\\\/person\\\/fe61448b21c0d59086e75fcc1f9d8f6b\"},\"breadcrumb\":{\"@id\":\"https:\\\/\\\/hotnewsinworld.com\\\/hu\\\/rod-dreher-orban-viktor-a-keresztenyek-kozott\\\/#breadcrumb\"},\"inLanguage\":\"hu\",\"potentialAction\":[{\"@type\":\"ReadAction\",\"target\":[\"https:\\\/\\\/hotnewsinworld.com\\\/hu\\\/rod-dreher-orban-viktor-a-keresztenyek-kozott\\\/\"]}]},{\"@type\":\"ImageObject\",\"inLanguage\":\"hu\",\"@id\":\"https:\\\/\\\/hotnewsinworld.com\\\/hu\\\/rod-dreher-orban-viktor-a-keresztenyek-kozott\\\/#primaryimage\",\"url\":\"https:\\\/\\\/hotnewsinworld.com\\\/hu\\\/wp-content\\\/uploads\\\/sites\\\/3\\\/2019\\\/09\\\/Rod-Dreher-Orb\u00e1n-Viktor-a-kereszt\u00e9nyek-k\u00f6z\u00f6tt.jpg\",\"contentUrl\":\"https:\\\/\\\/hotnewsinworld.com\\\/hu\\\/wp-content\\\/uploads\\\/sites\\\/3\\\/2019\\\/09\\\/Rod-Dreher-Orb\u00e1n-Viktor-a-kereszt\u00e9nyek-k\u00f6z\u00f6tt.jpg\",\"width\":300,\"height\":300,\"caption\":\"Rod Dreher: Orb\u00e1n Viktor a kereszt\u00e9nyek k\u00f6z\u00f6tt\"},{\"@type\":\"BreadcrumbList\",\"@id\":\"https:\\\/\\\/hotnewsinworld.com\\\/hu\\\/rod-dreher-orban-viktor-a-keresztenyek-kozott\\\/#breadcrumb\",\"itemListElement\":[{\"@type\":\"ListItem\",\"position\":1,\"name\":\"\u0413\u043b\u0430\u0432\u043d\u0430\u044f \u0441\u0442\u0440\u0430\u043d\u0438\u0446\u0430\",\"item\":\"https:\\\/\\\/hotnewsinworld.com\\\/hu\\\/\"},{\"@type\":\"ListItem\",\"position\":2,\"name\":\"Rod Dreher: Orb\u00e1n Viktor a kereszt\u00e9nyek k\u00f6z\u00f6tt\"}]},{\"@type\":\"WebSite\",\"@id\":\"https:\\\/\\\/hotnewsinworld.com\\\/hu\\\/#website\",\"url\":\"https:\\\/\\\/hotnewsinworld.com\\\/hu\\\/\",\"name\":\"Hot News in World\",\"description\":\"Hot News in World from Hungary\",\"potentialAction\":[{\"@type\":\"SearchAction\",\"target\":{\"@type\":\"EntryPoint\",\"urlTemplate\":\"https:\\\/\\\/hotnewsinworld.com\\\/hu\\\/?s={search_term_string}\"},\"query-input\":{\"@type\":\"PropertyValueSpecification\",\"valueRequired\":true,\"valueName\":\"search_term_string\"}}],\"inLanguage\":\"hu\"},{\"@type\":\"Person\",\"@id\":\"https:\\\/\\\/hotnewsinworld.com\\\/hu\\\/#\\\/schema\\\/person\\\/fe61448b21c0d59086e75fcc1f9d8f6b\",\"name\":\"hotnewsinworld\",\"image\":{\"@type\":\"ImageObject\",\"inLanguage\":\"hu\",\"@id\":\"https:\\\/\\\/secure.gravatar.com\\\/avatar\\\/8a09ac165600ce2e1c38fe593c63928eb1e6e7ba5c5a907d67787c41b3d00c14?s=96&d=mm&r=g\",\"url\":\"https:\\\/\\\/secure.gravatar.com\\\/avatar\\\/8a09ac165600ce2e1c38fe593c63928eb1e6e7ba5c5a907d67787c41b3d00c14?s=96&d=mm&r=g\",\"contentUrl\":\"https:\\\/\\\/secure.gravatar.com\\\/avatar\\\/8a09ac165600ce2e1c38fe593c63928eb1e6e7ba5c5a907d67787c41b3d00c14?s=96&d=mm&r=g\",\"caption\":\"hotnewsinworld\"},\"url\":\"https:\\\/\\\/hotnewsinworld.com\\\/hu\\\/author\\\/pt\\\/\"}]}<\/script>\n<!-- \/ Yoast SEO plugin. -->","yoast_head_json":{"title":"Rod Dreher: Orb\u00e1n Viktor a kereszt\u00e9nyek k\u00f6z\u00f6tt - Hot News in World","robots":{"index":"index","follow":"follow","max-snippet":"max-snippet:-1","max-image-preview":"max-image-preview:large","max-video-preview":"max-video-preview:-1"},"canonical":"https:\/\/hotnewsinworld.com\/hu\/rod-dreher-orban-viktor-a-keresztenyek-kozott\/","og_locale":"hu_HU","og_type":"article","og_title":"Rod Dreher: Orb\u00e1n Viktor a kereszt\u00e9nyek k\u00f6z\u00f6tt - Hot News in World","og_description":"2019. szeptember 10. 23:19 Az az Orb\u00e1n Viktor, akivel szem\u00e9lyesen tal\u00e1lkozik az ember, nagyon-nagyon m\u00e1s, mint az az Orb\u00e1n, akit az amerikaiaknak mutogat a m\u00e9dia. \u201eHa eddig csak a nyugati m\u00e9di\u00e1b\u00f3l hallott Orb\u00e1n Viktorr\u00f3l, most azt gondolhatja, hogy \u0151 egy amolyan maffi\u00f3z\u00f3 gengszter. De az az Orb\u00e1n Viktor, akivel szem\u00e9lyesen tal\u00e1lkozik az ember, nagyon-nagyon m\u00e1s, [&hellip;]","og_url":"https:\/\/hotnewsinworld.com\/hu\/rod-dreher-orban-viktor-a-keresztenyek-kozott\/","og_site_name":"Hot News in World","article_published_time":"2019-09-10T21:47:50+00:00","article_modified_time":"2019-09-10T21:47:51+00:00","og_image":[{"width":300,"height":300,"url":"https:\/\/hotnewsinworld.com\/hu\/wp-content\/uploads\/sites\/3\/2019\/09\/Rod-Dreher-Orb\u00e1n-Viktor-a-kereszt\u00e9nyek-k\u00f6z\u00f6tt.jpg","type":"image\/jpeg"}],"author":"hotnewsinworld","twitter_card":"summary_large_image","twitter_misc":{"Szerz\u0151:":"hotnewsinworld","Becs\u00fclt olvas\u00e1si id\u0151":"2 perc"},"schema":{"@context":"https:\/\/schema.org","@graph":[{"@type":"Article","@id":"https:\/\/hotnewsinworld.com\/hu\/rod-dreher-orban-viktor-a-keresztenyek-kozott\/#article","isPartOf":{"@id":"https:\/\/hotnewsinworld.com\/hu\/rod-dreher-orban-viktor-a-keresztenyek-kozott\/"},"author":{"name":"hotnewsinworld","@id":"https:\/\/hotnewsinworld.com\/hu\/#\/schema\/person\/fe61448b21c0d59086e75fcc1f9d8f6b"},"headline":"Rod Dreher: Orb\u00e1n Viktor a kereszt\u00e9nyek k\u00f6z\u00f6tt","datePublished":"2019-09-10T21:47:50+00:00","dateModified":"2019-09-10T21:47:51+00:00","mainEntityOfPage":{"@id":"https:\/\/hotnewsinworld.com\/hu\/rod-dreher-orban-viktor-a-keresztenyek-kozott\/"},"wordCount":316,"commentCount":0,"image":{"@id":"https:\/\/hotnewsinworld.com\/hu\/rod-dreher-orban-viktor-a-keresztenyek-kozott\/#primaryimage"},"thumbnailUrl":"https:\/\/hotnewsinworld.com\/hu\/wp-content\/uploads\/sites\/3\/2019\/09\/Rod-Dreher-Orb\u00e1n-Viktor-a-kereszt\u00e9nyek-k\u00f6z\u00f6tt.jpg","articleSection":["LEG\u00daJABB P\u00c9NZ\u00dcGYI H\u00cdREK"],"inLanguage":"hu","potentialAction":[{"@type":"CommentAction","name":"Comment","target":["https:\/\/hotnewsinworld.com\/hu\/rod-dreher-orban-viktor-a-keresztenyek-kozott\/#respond"]}]},{"@type":"WebPage","@id":"https:\/\/hotnewsinworld.com\/hu\/rod-dreher-orban-viktor-a-keresztenyek-kozott\/","url":"https:\/\/hotnewsinworld.com\/hu\/rod-dreher-orban-viktor-a-keresztenyek-kozott\/","name":"Rod Dreher: Orb\u00e1n Viktor a kereszt\u00e9nyek k\u00f6z\u00f6tt - Hot News in World","isPartOf":{"@id":"https:\/\/hotnewsinworld.com\/hu\/#website"},"primaryImageOfPage":{"@id":"https:\/\/hotnewsinworld.com\/hu\/rod-dreher-orban-viktor-a-keresztenyek-kozott\/#primaryimage"},"image":{"@id":"https:\/\/hotnewsinworld.com\/hu\/rod-dreher-orban-viktor-a-keresztenyek-kozott\/#primaryimage"},"thumbnailUrl":"https:\/\/hotnewsinworld.com\/hu\/wp-content\/uploads\/sites\/3\/2019\/09\/Rod-Dreher-Orb\u00e1n-Viktor-a-kereszt\u00e9nyek-k\u00f6z\u00f6tt.jpg","datePublished":"2019-09-10T21:47:50+00:00","dateModified":"2019-09-10T21:47:51+00:00","author":{"@id":"https:\/\/hotnewsinworld.com\/hu\/#\/schema\/person\/fe61448b21c0d59086e75fcc1f9d8f6b"},"breadcrumb":{"@id":"https:\/\/hotnewsinworld.com\/hu\/rod-dreher-orban-viktor-a-keresztenyek-kozott\/#breadcrumb"},"inLanguage":"hu","potentialAction":[{"@type":"ReadAction","target":["https:\/\/hotnewsinworld.com\/hu\/rod-dreher-orban-viktor-a-keresztenyek-kozott\/"]}]},{"@type":"ImageObject","inLanguage":"hu","@id":"https:\/\/hotnewsinworld.com\/hu\/rod-dreher-orban-viktor-a-keresztenyek-kozott\/#primaryimage","url":"https:\/\/hotnewsinworld.com\/hu\/wp-content\/uploads\/sites\/3\/2019\/09\/Rod-Dreher-Orb\u00e1n-Viktor-a-kereszt\u00e9nyek-k\u00f6z\u00f6tt.jpg","contentUrl":"https:\/\/hotnewsinworld.com\/hu\/wp-content\/uploads\/sites\/3\/2019\/09\/Rod-Dreher-Orb\u00e1n-Viktor-a-kereszt\u00e9nyek-k\u00f6z\u00f6tt.jpg","width":300,"height":300,"caption":"Rod Dreher: Orb\u00e1n Viktor a kereszt\u00e9nyek k\u00f6z\u00f6tt"},{"@type":"BreadcrumbList","@id":"https:\/\/hotnewsinworld.com\/hu\/rod-dreher-orban-viktor-a-keresztenyek-kozott\/#breadcrumb","itemListElement":[{"@type":"ListItem","position":1,"name":"\u0413\u043b\u0430\u0432\u043d\u0430\u044f \u0441\u0442\u0440\u0430\u043d\u0438\u0446\u0430","item":"https:\/\/hotnewsinworld.com\/hu\/"},{"@type":"ListItem","position":2,"name":"Rod Dreher: Orb\u00e1n Viktor a kereszt\u00e9nyek k\u00f6z\u00f6tt"}]},{"@type":"WebSite","@id":"https:\/\/hotnewsinworld.com\/hu\/#website","url":"https:\/\/hotnewsinworld.com\/hu\/","name":"Hot News in World","description":"Hot News in World from Hungary","potentialAction":[{"@type":"SearchAction","target":{"@type":"EntryPoint","urlTemplate":"https:\/\/hotnewsinworld.com\/hu\/?s={search_term_string}"},"query-input":{"@type":"PropertyValueSpecification","valueRequired":true,"valueName":"search_term_string"}}],"inLanguage":"hu"},{"@type":"Person","@id":"https:\/\/hotnewsinworld.com\/hu\/#\/schema\/person\/fe61448b21c0d59086e75fcc1f9d8f6b","name":"hotnewsinworld","image":{"@type":"ImageObject","inLanguage":"hu","@id":"https:\/\/secure.gravatar.com\/avatar\/8a09ac165600ce2e1c38fe593c63928eb1e6e7ba5c5a907d67787c41b3d00c14?s=96&d=mm&r=g","url":"https:\/\/secure.gravatar.com\/avatar\/8a09ac165600ce2e1c38fe593c63928eb1e6e7ba5c5a907d67787c41b3d00c14?s=96&d=mm&r=g","contentUrl":"https:\/\/secure.gravatar.com\/avatar\/8a09ac165600ce2e1c38fe593c63928eb1e6e7ba5c5a907d67787c41b3d00c14?s=96&d=mm&r=g","caption":"hotnewsinworld"},"url":"https:\/\/hotnewsinworld.com\/hu\/author\/pt\/"}]}},"_links":{"self":[{"href":"https:\/\/hotnewsinworld.com\/hu\/wp-json\/wp\/v2\/posts\/1878","targetHints":{"allow":["GET"]}}],"collection":[{"href":"https:\/\/hotnewsinworld.com\/hu\/wp-json\/wp\/v2\/posts"}],"about":[{"href":"https:\/\/hotnewsinworld.com\/hu\/wp-json\/wp\/v2\/types\/post"}],"author":[{"embeddable":true,"href":"https:\/\/hotnewsinworld.com\/hu\/wp-json\/wp\/v2\/users\/2"}],"replies":[{"embeddable":true,"href":"https:\/\/hotnewsinworld.com\/hu\/wp-json\/wp\/v2\/comments?post=1878"}],"version-history":[{"count":1,"href":"https:\/\/hotnewsinworld.com\/hu\/wp-json\/wp\/v2\/posts\/1878\/revisions"}],"predecessor-version":[{"id":1880,"href":"https:\/\/hotnewsinworld.com\/hu\/wp-json\/wp\/v2\/posts\/1878\/revisions\/1880"}],"wp:featuredmedia":[{"embeddable":true,"href":"https:\/\/hotnewsinworld.com\/hu\/wp-json\/wp\/v2\/media\/1879"}],"wp:attachment":[{"href":"https:\/\/hotnewsinworld.com\/hu\/wp-json\/wp\/v2\/media?parent=1878"}],"wp:term":[{"taxonomy":"category","embeddable":true,"href":"https:\/\/hotnewsinworld.com\/hu\/wp-json\/wp\/v2\/categories?post=1878"},{"taxonomy":"post_tag","embeddable":true,"href":"https:\/\/hotnewsinworld.com\/hu\/wp-json\/wp\/v2\/tags?post=1878"}],"curies":[{"name":"wp","href":"https:\/\/api.w.org\/{rel}","templated":true}]}}