{"id":1884,"date":"2019-09-11T03:57:57","date_gmt":"2019-09-11T00:57:57","guid":{"rendered":"https:\/\/hotnewsinworld.com\/hu\/a-magyar-hataron-is-nott-a-migracios-nyomas\/"},"modified":"2019-09-11T03:57:58","modified_gmt":"2019-09-11T00:57:58","slug":"a-magyar-hataron-is-nott-a-migracios-nyomas","status":"publish","type":"post","link":"https:\/\/hotnewsinworld.com\/hu\/a-magyar-hataron-is-nott-a-migracios-nyomas\/","title":{"rendered":"A magyar hat\u00e1ron is n\u0151tt a migr\u00e1ci\u00f3s nyom\u00e1s"},"content":{"rendered":"<p>\tA belbiztons\u00e1gi f\u0151tan\u00e1csad\u00f3 hangs\u00falyozta: ebben az \u00e9vben eddig 7500-an pr\u00f3b\u00e1ltak illeg\u00e1lisan \u00e1tl\u00e9pni a magyar hat\u00e1rokon. Kit\u00e9rt arra is, hogy a balk\u00e1ni \u00fatvonalon jelent\u0151s a migr\u00e1ci\u00f3s n\u00f6veked\u00e9s.<\/p>\n<p>class=&#8221;line-title-with-image&#8221;&gt;Ebben az \u00e9vben eddig 7500-an pr\u00f3b\u00e1ltak illeg\u00e1lisan \u00e1tl\u00e9pni a magyar hat\u00e1rokon.class=&#8221;&#8221;&gt;Tavalyhoz k\u00e9pest a magyar hat\u00e1ron is n\u0151tt az illeg\u00e1lis hat\u00e1r\u00e1tl\u00e9p\u00e9si k\u00eds\u00e9rletek sz\u00e1ma &#8211; mondta a minisztereln\u00f6k belbiztons\u00e1gi f\u0151tan\u00e1csad\u00f3ja az M1 aktu\u00e1lis csatorna kedd esti m\u0171sor\u00e1banclass=&#8221;&#8221;&gt;Tavalyhoz k\u00e9pest id\u00e9n t\u00f6bben akarj\u00e1k illeg\u00e1lisan \u00e1tl\u00e9pni a magyar hat\u00e1rt \u2013 jelentette ki Bakondi Gy\u00f6rgy.<br \/>\n<br \/>\n<!--noindex--><br \/>\n<a href=\"https:\/\/hirek.oldal.info\/rssclick\/14386668\" rel=\"nofollow\">Source link <\/a><br \/>\n<!--\/noindex--><\/p>\n","protected":false},"excerpt":{"rendered":"<p>A belbiztons\u00e1gi f\u0151tan\u00e1csad\u00f3 hangs\u00falyozta: ebben az \u00e9vben eddig 7500-an pr\u00f3b\u00e1ltak illeg\u00e1lisan \u00e1tl\u00e9pni a magyar hat\u00e1rokon. Kit\u00e9rt arra is, hogy a balk\u00e1ni \u00fatvonalon jelent\u0151s a migr\u00e1ci\u00f3s n\u00f6veked\u00e9s. class=&#8221;line-title-with-image&#8221;&gt;Ebben az \u00e9vben eddig 7500-an pr\u00f3b\u00e1ltak illeg\u00e1lisan \u00e1tl\u00e9pni a magyar hat\u00e1rokon.class=&#8221;&#8221;&gt;Tavalyhoz k\u00e9pest a magyar hat\u00e1ron is n\u0151tt az illeg\u00e1lis hat\u00e1r\u00e1tl\u00e9p\u00e9si k\u00eds\u00e9rletek sz\u00e1ma &#8211; mondta a minisztereln\u00f6k belbiztons\u00e1gi f\u0151tan\u00e1csad\u00f3ja az [&hellip;]<\/p>\n","protected":false},"author":2,"featured_media":1885,"comment_status":"open","ping_status":"open","sticky":false,"template":"","format":"standard","meta":{"footnotes":""},"categories":[1],"tags":[],"class_list":["post-1884","post","type-post","status-publish","format-standard","has-post-thumbnail","hentry","category-legujabb-penzugyi-hirek"],"yoast_head":"<!-- This site is optimized with the Yoast SEO plugin v27.4 - https:\/\/yoast.com\/product\/yoast-seo-wordpress\/ -->\n<title>A magyar hat\u00e1ron is n\u0151tt a migr\u00e1ci\u00f3s nyom\u00e1s - Hot News in World<\/title>\n<meta name=\"robots\" content=\"index, follow, max-snippet:-1, max-image-preview:large, max-video-preview:-1\" \/>\n<link rel=\"canonical\" href=\"https:\/\/hotnewsinworld.com\/hu\/a-magyar-hataron-is-nott-a-migracios-nyomas\/\" \/>\n<meta property=\"og:locale\" content=\"hu_HU\" \/>\n<meta property=\"og:type\" content=\"article\" \/>\n<meta property=\"og:title\" content=\"A magyar hat\u00e1ron is n\u0151tt a migr\u00e1ci\u00f3s nyom\u00e1s - Hot News in World\" \/>\n<meta property=\"og:description\" content=\"A belbiztons\u00e1gi f\u0151tan\u00e1csad\u00f3 hangs\u00falyozta: ebben az \u00e9vben eddig 7500-an pr\u00f3b\u00e1ltak illeg\u00e1lisan \u00e1tl\u00e9pni a magyar hat\u00e1rokon. Kit\u00e9rt arra is, hogy a balk\u00e1ni \u00fatvonalon jelent\u0151s a migr\u00e1ci\u00f3s n\u00f6veked\u00e9s. class=&#8221;line-title-with-image&#8221;&gt;Ebben az \u00e9vben eddig 7500-an pr\u00f3b\u00e1ltak illeg\u00e1lisan \u00e1tl\u00e9pni a magyar hat\u00e1rokon.class=&#8221;&#8221;&gt;Tavalyhoz k\u00e9pest a magyar hat\u00e1ron is n\u0151tt az illeg\u00e1lis hat\u00e1r\u00e1tl\u00e9p\u00e9si k\u00eds\u00e9rletek sz\u00e1ma &#8211; mondta a minisztereln\u00f6k belbiztons\u00e1gi f\u0151tan\u00e1csad\u00f3ja az [&hellip;]\" \/>\n<meta property=\"og:url\" content=\"https:\/\/hotnewsinworld.com\/hu\/a-magyar-hataron-is-nott-a-migracios-nyomas\/\" \/>\n<meta property=\"og:site_name\" content=\"Hot News in World\" \/>\n<meta property=\"article:published_time\" content=\"2019-09-11T00:57:57+00:00\" \/>\n<meta property=\"article:modified_time\" content=\"2019-09-11T00:57:58+00:00\" \/>\n<meta property=\"og:image\" content=\"https:\/\/hotnewsinworld.com\/hu\/wp-content\/uploads\/sites\/3\/2019\/09\/A-magyar-hat\u00e1ron-is-n\u0151tt-a-migr\u00e1ci\u00f3s-nyom\u00e1s.jpg\" \/>\n\t<meta property=\"og:image:width\" content=\"600\" \/>\n\t<meta property=\"og:image:height\" content=\"315\" \/>\n\t<meta property=\"og:image:type\" content=\"image\/jpeg\" \/>\n<meta name=\"author\" content=\"hotnewsinworld\" \/>\n<meta name=\"twitter:card\" content=\"summary_large_image\" \/>\n<meta name=\"twitter:label1\" content=\"Szerz\u0151:\" \/>\n\t<meta name=\"twitter:data1\" content=\"hotnewsinworld\" \/>\n\t<meta name=\"twitter:label2\" content=\"Becs\u00fclt olvas\u00e1si id\u0151\" \/>\n\t<meta name=\"twitter:data2\" content=\"1 perc\" \/>\n<script type=\"application\/ld+json\" class=\"yoast-schema-graph\">{\"@context\":\"https:\\\/\\\/schema.org\",\"@graph\":[{\"@type\":\"Article\",\"@id\":\"https:\\\/\\\/hotnewsinworld.com\\\/hu\\\/a-magyar-hataron-is-nott-a-migracios-nyomas\\\/#article\",\"isPartOf\":{\"@id\":\"https:\\\/\\\/hotnewsinworld.com\\\/hu\\\/a-magyar-hataron-is-nott-a-migracios-nyomas\\\/\"},\"author\":{\"name\":\"hotnewsinworld\",\"@id\":\"https:\\\/\\\/hotnewsinworld.com\\\/hu\\\/#\\\/schema\\\/person\\\/fe61448b21c0d59086e75fcc1f9d8f6b\"},\"headline\":\"A magyar hat\u00e1ron is n\u0151tt a migr\u00e1ci\u00f3s nyom\u00e1s\",\"datePublished\":\"2019-09-11T00:57:57+00:00\",\"dateModified\":\"2019-09-11T00:57:58+00:00\",\"mainEntityOfPage\":{\"@id\":\"https:\\\/\\\/hotnewsinworld.com\\\/hu\\\/a-magyar-hataron-is-nott-a-migracios-nyomas\\\/\"},\"wordCount\":145,\"commentCount\":0,\"image\":{\"@id\":\"https:\\\/\\\/hotnewsinworld.com\\\/hu\\\/a-magyar-hataron-is-nott-a-migracios-nyomas\\\/#primaryimage\"},\"thumbnailUrl\":\"https:\\\/\\\/hotnewsinworld.com\\\/hu\\\/wp-content\\\/uploads\\\/sites\\\/3\\\/2019\\\/09\\\/A-magyar-hat\u00e1ron-is-n\u0151tt-a-migr\u00e1ci\u00f3s-nyom\u00e1s.jpg\",\"articleSection\":[\"LEG\u00daJABB P\u00c9NZ\u00dcGYI H\u00cdREK\"],\"inLanguage\":\"hu\",\"potentialAction\":[{\"@type\":\"CommentAction\",\"name\":\"Comment\",\"target\":[\"https:\\\/\\\/hotnewsinworld.com\\\/hu\\\/a-magyar-hataron-is-nott-a-migracios-nyomas\\\/#respond\"]}]},{\"@type\":\"WebPage\",\"@id\":\"https:\\\/\\\/hotnewsinworld.com\\\/hu\\\/a-magyar-hataron-is-nott-a-migracios-nyomas\\\/\",\"url\":\"https:\\\/\\\/hotnewsinworld.com\\\/hu\\\/a-magyar-hataron-is-nott-a-migracios-nyomas\\\/\",\"name\":\"A magyar hat\u00e1ron is n\u0151tt a migr\u00e1ci\u00f3s nyom\u00e1s - Hot News in World\",\"isPartOf\":{\"@id\":\"https:\\\/\\\/hotnewsinworld.com\\\/hu\\\/#website\"},\"primaryImageOfPage\":{\"@id\":\"https:\\\/\\\/hotnewsinworld.com\\\/hu\\\/a-magyar-hataron-is-nott-a-migracios-nyomas\\\/#primaryimage\"},\"image\":{\"@id\":\"https:\\\/\\\/hotnewsinworld.com\\\/hu\\\/a-magyar-hataron-is-nott-a-migracios-nyomas\\\/#primaryimage\"},\"thumbnailUrl\":\"https:\\\/\\\/hotnewsinworld.com\\\/hu\\\/wp-content\\\/uploads\\\/sites\\\/3\\\/2019\\\/09\\\/A-magyar-hat\u00e1ron-is-n\u0151tt-a-migr\u00e1ci\u00f3s-nyom\u00e1s.jpg\",\"datePublished\":\"2019-09-11T00:57:57+00:00\",\"dateModified\":\"2019-09-11T00:57:58+00:00\",\"author\":{\"@id\":\"https:\\\/\\\/hotnewsinworld.com\\\/hu\\\/#\\\/schema\\\/person\\\/fe61448b21c0d59086e75fcc1f9d8f6b\"},\"breadcrumb\":{\"@id\":\"https:\\\/\\\/hotnewsinworld.com\\\/hu\\\/a-magyar-hataron-is-nott-a-migracios-nyomas\\\/#breadcrumb\"},\"inLanguage\":\"hu\",\"potentialAction\":[{\"@type\":\"ReadAction\",\"target\":[\"https:\\\/\\\/hotnewsinworld.com\\\/hu\\\/a-magyar-hataron-is-nott-a-migracios-nyomas\\\/\"]}]},{\"@type\":\"ImageObject\",\"inLanguage\":\"hu\",\"@id\":\"https:\\\/\\\/hotnewsinworld.com\\\/hu\\\/a-magyar-hataron-is-nott-a-migracios-nyomas\\\/#primaryimage\",\"url\":\"https:\\\/\\\/hotnewsinworld.com\\\/hu\\\/wp-content\\\/uploads\\\/sites\\\/3\\\/2019\\\/09\\\/A-magyar-hat\u00e1ron-is-n\u0151tt-a-migr\u00e1ci\u00f3s-nyom\u00e1s.jpg\",\"contentUrl\":\"https:\\\/\\\/hotnewsinworld.com\\\/hu\\\/wp-content\\\/uploads\\\/sites\\\/3\\\/2019\\\/09\\\/A-magyar-hat\u00e1ron-is-n\u0151tt-a-migr\u00e1ci\u00f3s-nyom\u00e1s.jpg\",\"width\":600,\"height\":315,\"caption\":\"A magyar hat\u00e1ron is n\u0151tt a migr\u00e1ci\u00f3s nyom\u00e1s\"},{\"@type\":\"BreadcrumbList\",\"@id\":\"https:\\\/\\\/hotnewsinworld.com\\\/hu\\\/a-magyar-hataron-is-nott-a-migracios-nyomas\\\/#breadcrumb\",\"itemListElement\":[{\"@type\":\"ListItem\",\"position\":1,\"name\":\"\u0413\u043b\u0430\u0432\u043d\u0430\u044f \u0441\u0442\u0440\u0430\u043d\u0438\u0446\u0430\",\"item\":\"https:\\\/\\\/hotnewsinworld.com\\\/hu\\\/\"},{\"@type\":\"ListItem\",\"position\":2,\"name\":\"A magyar hat\u00e1ron is n\u0151tt a migr\u00e1ci\u00f3s nyom\u00e1s\"}]},{\"@type\":\"WebSite\",\"@id\":\"https:\\\/\\\/hotnewsinworld.com\\\/hu\\\/#website\",\"url\":\"https:\\\/\\\/hotnewsinworld.com\\\/hu\\\/\",\"name\":\"Hot News in World\",\"description\":\"Hot News in World from Hungary\",\"potentialAction\":[{\"@type\":\"SearchAction\",\"target\":{\"@type\":\"EntryPoint\",\"urlTemplate\":\"https:\\\/\\\/hotnewsinworld.com\\\/hu\\\/?s={search_term_string}\"},\"query-input\":{\"@type\":\"PropertyValueSpecification\",\"valueRequired\":true,\"valueName\":\"search_term_string\"}}],\"inLanguage\":\"hu\"},{\"@type\":\"Person\",\"@id\":\"https:\\\/\\\/hotnewsinworld.com\\\/hu\\\/#\\\/schema\\\/person\\\/fe61448b21c0d59086e75fcc1f9d8f6b\",\"name\":\"hotnewsinworld\",\"image\":{\"@type\":\"ImageObject\",\"inLanguage\":\"hu\",\"@id\":\"https:\\\/\\\/secure.gravatar.com\\\/avatar\\\/8a09ac165600ce2e1c38fe593c63928eb1e6e7ba5c5a907d67787c41b3d00c14?s=96&d=mm&r=g\",\"url\":\"https:\\\/\\\/secure.gravatar.com\\\/avatar\\\/8a09ac165600ce2e1c38fe593c63928eb1e6e7ba5c5a907d67787c41b3d00c14?s=96&d=mm&r=g\",\"contentUrl\":\"https:\\\/\\\/secure.gravatar.com\\\/avatar\\\/8a09ac165600ce2e1c38fe593c63928eb1e6e7ba5c5a907d67787c41b3d00c14?s=96&d=mm&r=g\",\"caption\":\"hotnewsinworld\"},\"url\":\"https:\\\/\\\/hotnewsinworld.com\\\/hu\\\/author\\\/pt\\\/\"}]}<\/script>\n<!-- \/ Yoast SEO plugin. -->","yoast_head_json":{"title":"A magyar hat\u00e1ron is n\u0151tt a migr\u00e1ci\u00f3s nyom\u00e1s - Hot News in World","robots":{"index":"index","follow":"follow","max-snippet":"max-snippet:-1","max-image-preview":"max-image-preview:large","max-video-preview":"max-video-preview:-1"},"canonical":"https:\/\/hotnewsinworld.com\/hu\/a-magyar-hataron-is-nott-a-migracios-nyomas\/","og_locale":"hu_HU","og_type":"article","og_title":"A magyar hat\u00e1ron is n\u0151tt a migr\u00e1ci\u00f3s nyom\u00e1s - Hot News in World","og_description":"A belbiztons\u00e1gi f\u0151tan\u00e1csad\u00f3 hangs\u00falyozta: ebben az \u00e9vben eddig 7500-an pr\u00f3b\u00e1ltak illeg\u00e1lisan \u00e1tl\u00e9pni a magyar hat\u00e1rokon. Kit\u00e9rt arra is, hogy a balk\u00e1ni \u00fatvonalon jelent\u0151s a migr\u00e1ci\u00f3s n\u00f6veked\u00e9s. class=&#8221;line-title-with-image&#8221;&gt;Ebben az \u00e9vben eddig 7500-an pr\u00f3b\u00e1ltak illeg\u00e1lisan \u00e1tl\u00e9pni a magyar hat\u00e1rokon.class=&#8221;&#8221;&gt;Tavalyhoz k\u00e9pest a magyar hat\u00e1ron is n\u0151tt az illeg\u00e1lis hat\u00e1r\u00e1tl\u00e9p\u00e9si k\u00eds\u00e9rletek sz\u00e1ma &#8211; mondta a minisztereln\u00f6k belbiztons\u00e1gi f\u0151tan\u00e1csad\u00f3ja az [&hellip;]","og_url":"https:\/\/hotnewsinworld.com\/hu\/a-magyar-hataron-is-nott-a-migracios-nyomas\/","og_site_name":"Hot News in World","article_published_time":"2019-09-11T00:57:57+00:00","article_modified_time":"2019-09-11T00:57:58+00:00","og_image":[{"width":600,"height":315,"url":"https:\/\/hotnewsinworld.com\/hu\/wp-content\/uploads\/sites\/3\/2019\/09\/A-magyar-hat\u00e1ron-is-n\u0151tt-a-migr\u00e1ci\u00f3s-nyom\u00e1s.jpg","type":"image\/jpeg"}],"author":"hotnewsinworld","twitter_card":"summary_large_image","twitter_misc":{"Szerz\u0151:":"hotnewsinworld","Becs\u00fclt olvas\u00e1si id\u0151":"1 perc"},"schema":{"@context":"https:\/\/schema.org","@graph":[{"@type":"Article","@id":"https:\/\/hotnewsinworld.com\/hu\/a-magyar-hataron-is-nott-a-migracios-nyomas\/#article","isPartOf":{"@id":"https:\/\/hotnewsinworld.com\/hu\/a-magyar-hataron-is-nott-a-migracios-nyomas\/"},"author":{"name":"hotnewsinworld","@id":"https:\/\/hotnewsinworld.com\/hu\/#\/schema\/person\/fe61448b21c0d59086e75fcc1f9d8f6b"},"headline":"A magyar hat\u00e1ron is n\u0151tt a migr\u00e1ci\u00f3s nyom\u00e1s","datePublished":"2019-09-11T00:57:57+00:00","dateModified":"2019-09-11T00:57:58+00:00","mainEntityOfPage":{"@id":"https:\/\/hotnewsinworld.com\/hu\/a-magyar-hataron-is-nott-a-migracios-nyomas\/"},"wordCount":145,"commentCount":0,"image":{"@id":"https:\/\/hotnewsinworld.com\/hu\/a-magyar-hataron-is-nott-a-migracios-nyomas\/#primaryimage"},"thumbnailUrl":"https:\/\/hotnewsinworld.com\/hu\/wp-content\/uploads\/sites\/3\/2019\/09\/A-magyar-hat\u00e1ron-is-n\u0151tt-a-migr\u00e1ci\u00f3s-nyom\u00e1s.jpg","articleSection":["LEG\u00daJABB P\u00c9NZ\u00dcGYI H\u00cdREK"],"inLanguage":"hu","potentialAction":[{"@type":"CommentAction","name":"Comment","target":["https:\/\/hotnewsinworld.com\/hu\/a-magyar-hataron-is-nott-a-migracios-nyomas\/#respond"]}]},{"@type":"WebPage","@id":"https:\/\/hotnewsinworld.com\/hu\/a-magyar-hataron-is-nott-a-migracios-nyomas\/","url":"https:\/\/hotnewsinworld.com\/hu\/a-magyar-hataron-is-nott-a-migracios-nyomas\/","name":"A magyar hat\u00e1ron is n\u0151tt a migr\u00e1ci\u00f3s nyom\u00e1s - Hot News in World","isPartOf":{"@id":"https:\/\/hotnewsinworld.com\/hu\/#website"},"primaryImageOfPage":{"@id":"https:\/\/hotnewsinworld.com\/hu\/a-magyar-hataron-is-nott-a-migracios-nyomas\/#primaryimage"},"image":{"@id":"https:\/\/hotnewsinworld.com\/hu\/a-magyar-hataron-is-nott-a-migracios-nyomas\/#primaryimage"},"thumbnailUrl":"https:\/\/hotnewsinworld.com\/hu\/wp-content\/uploads\/sites\/3\/2019\/09\/A-magyar-hat\u00e1ron-is-n\u0151tt-a-migr\u00e1ci\u00f3s-nyom\u00e1s.jpg","datePublished":"2019-09-11T00:57:57+00:00","dateModified":"2019-09-11T00:57:58+00:00","author":{"@id":"https:\/\/hotnewsinworld.com\/hu\/#\/schema\/person\/fe61448b21c0d59086e75fcc1f9d8f6b"},"breadcrumb":{"@id":"https:\/\/hotnewsinworld.com\/hu\/a-magyar-hataron-is-nott-a-migracios-nyomas\/#breadcrumb"},"inLanguage":"hu","potentialAction":[{"@type":"ReadAction","target":["https:\/\/hotnewsinworld.com\/hu\/a-magyar-hataron-is-nott-a-migracios-nyomas\/"]}]},{"@type":"ImageObject","inLanguage":"hu","@id":"https:\/\/hotnewsinworld.com\/hu\/a-magyar-hataron-is-nott-a-migracios-nyomas\/#primaryimage","url":"https:\/\/hotnewsinworld.com\/hu\/wp-content\/uploads\/sites\/3\/2019\/09\/A-magyar-hat\u00e1ron-is-n\u0151tt-a-migr\u00e1ci\u00f3s-nyom\u00e1s.jpg","contentUrl":"https:\/\/hotnewsinworld.com\/hu\/wp-content\/uploads\/sites\/3\/2019\/09\/A-magyar-hat\u00e1ron-is-n\u0151tt-a-migr\u00e1ci\u00f3s-nyom\u00e1s.jpg","width":600,"height":315,"caption":"A magyar hat\u00e1ron is n\u0151tt a migr\u00e1ci\u00f3s nyom\u00e1s"},{"@type":"BreadcrumbList","@id":"https:\/\/hotnewsinworld.com\/hu\/a-magyar-hataron-is-nott-a-migracios-nyomas\/#breadcrumb","itemListElement":[{"@type":"ListItem","position":1,"name":"\u0413\u043b\u0430\u0432\u043d\u0430\u044f \u0441\u0442\u0440\u0430\u043d\u0438\u0446\u0430","item":"https:\/\/hotnewsinworld.com\/hu\/"},{"@type":"ListItem","position":2,"name":"A magyar hat\u00e1ron is n\u0151tt a migr\u00e1ci\u00f3s nyom\u00e1s"}]},{"@type":"WebSite","@id":"https:\/\/hotnewsinworld.com\/hu\/#website","url":"https:\/\/hotnewsinworld.com\/hu\/","name":"Hot News in World","description":"Hot News in World from Hungary","potentialAction":[{"@type":"SearchAction","target":{"@type":"EntryPoint","urlTemplate":"https:\/\/hotnewsinworld.com\/hu\/?s={search_term_string}"},"query-input":{"@type":"PropertyValueSpecification","valueRequired":true,"valueName":"search_term_string"}}],"inLanguage":"hu"},{"@type":"Person","@id":"https:\/\/hotnewsinworld.com\/hu\/#\/schema\/person\/fe61448b21c0d59086e75fcc1f9d8f6b","name":"hotnewsinworld","image":{"@type":"ImageObject","inLanguage":"hu","@id":"https:\/\/secure.gravatar.com\/avatar\/8a09ac165600ce2e1c38fe593c63928eb1e6e7ba5c5a907d67787c41b3d00c14?s=96&d=mm&r=g","url":"https:\/\/secure.gravatar.com\/avatar\/8a09ac165600ce2e1c38fe593c63928eb1e6e7ba5c5a907d67787c41b3d00c14?s=96&d=mm&r=g","contentUrl":"https:\/\/secure.gravatar.com\/avatar\/8a09ac165600ce2e1c38fe593c63928eb1e6e7ba5c5a907d67787c41b3d00c14?s=96&d=mm&r=g","caption":"hotnewsinworld"},"url":"https:\/\/hotnewsinworld.com\/hu\/author\/pt\/"}]}},"_links":{"self":[{"href":"https:\/\/hotnewsinworld.com\/hu\/wp-json\/wp\/v2\/posts\/1884","targetHints":{"allow":["GET"]}}],"collection":[{"href":"https:\/\/hotnewsinworld.com\/hu\/wp-json\/wp\/v2\/posts"}],"about":[{"href":"https:\/\/hotnewsinworld.com\/hu\/wp-json\/wp\/v2\/types\/post"}],"author":[{"embeddable":true,"href":"https:\/\/hotnewsinworld.com\/hu\/wp-json\/wp\/v2\/users\/2"}],"replies":[{"embeddable":true,"href":"https:\/\/hotnewsinworld.com\/hu\/wp-json\/wp\/v2\/comments?post=1884"}],"version-history":[{"count":1,"href":"https:\/\/hotnewsinworld.com\/hu\/wp-json\/wp\/v2\/posts\/1884\/revisions"}],"predecessor-version":[{"id":1886,"href":"https:\/\/hotnewsinworld.com\/hu\/wp-json\/wp\/v2\/posts\/1884\/revisions\/1886"}],"wp:featuredmedia":[{"embeddable":true,"href":"https:\/\/hotnewsinworld.com\/hu\/wp-json\/wp\/v2\/media\/1885"}],"wp:attachment":[{"href":"https:\/\/hotnewsinworld.com\/hu\/wp-json\/wp\/v2\/media?parent=1884"}],"wp:term":[{"taxonomy":"category","embeddable":true,"href":"https:\/\/hotnewsinworld.com\/hu\/wp-json\/wp\/v2\/categories?post=1884"},{"taxonomy":"post_tag","embeddable":true,"href":"https:\/\/hotnewsinworld.com\/hu\/wp-json\/wp\/v2\/tags?post=1884"}],"curies":[{"name":"wp","href":"https:\/\/api.w.org\/{rel}","templated":true}]}}