{"id":1887,"date":"2019-09-11T05:17:44","date_gmt":"2019-09-11T02:17:44","guid":{"rendered":"https:\/\/hotnewsinworld.com\/hu\/elhagyta-a-korhazat-ujfalusi-katalin\/"},"modified":"2019-09-11T05:17:45","modified_gmt":"2019-09-11T02:17:45","slug":"elhagyta-a-korhazat-ujfalusi-katalin","status":"publish","type":"post","link":"https:\/\/hotnewsinworld.com\/hu\/elhagyta-a-korhazat-ujfalusi-katalin\/","title":{"rendered":"Elhagyta a k\u00f3rh\u00e1zat \u00dajfalusi Katalin"},"content":{"rendered":"\n<p>            A 44 \u00e9ves budapesti n\u0151 \u00e1llapota \u00e9letvesz\u00e9lyes, a rend\u0151r\u00f6k jelenleg is keresik.<\/p>\n<p>            A Budapesti Rend\u0151r-f\u0151kapit\u00e1nys\u00e1g IX. ker\u00fcleti Rend\u0151rkapit\u00e1nys\u00e1g 01090-157\/346\/2019. k\u00f6r\u00f6z\u00e9si sz\u00e1mon elj\u00e1r\u00e1st folytat az ismeretlen helyen tart\u00f3zkod\u00f3 44 \u00e9ves \u00dajfalusi Katalin elt\u0171n\u00e9se \u00fcgy\u00e9ben.<\/p>\n<p>A rendelkez\u00e9sre \u00e1ll\u00f3 adatok szerint a 44 \u00e9ves n\u0151 2019. szeptember 10-\u00e9n 19 \u00f3ra k\u00f6r\u00fcl elhagyta azt a IX. ker\u00fcleti k\u00f3rh\u00e1zat, ahol \u00e9letvesz\u00e9lyes s\u00e9r\u00fcl\u00e9se miatt kezelt\u00e9k.<\/p>\n<p>\u00dajfalusi Katalin k\u00f6r\u00fclbel\u00fcl 160 centim\u00e9ter magas, v\u00e9kony testalkat\u00fa, v\u00f6r\u00f6s haj\u00fa n\u0151, elt\u0171n\u00e9sekor fekete pul\u00f3vert \u00e9s szokny\u00e1t viselt.<\/p>\n<p>\u200bA Budapesti Rend\u0151r-f\u0151kapit\u00e1nys\u00e1g IX. ker\u00fcleti Rend\u0151rkapit\u00e1nys\u00e1g k\u00e9ri, hogy aki a k\u00e9pen l\u00e1that\u00f3 n\u0151t felismeri, tart\u00f3zkod\u00e1si hely\u00e9r\u0151l vagy elt\u0171n\u00e9s\u00e9nek k\u00f6r\u00fclm\u00e9ny\u00e9r\u0151l inform\u00e1ci\u00f3val rendelkezik, ak\u00e1r n\u00e9vtelens\u00e9ge meg\u0151rz\u00e9se mellett tegyen bejelent\u00e9st a h\u00edvhat\u00f3 06-80-555-111 Telefontan\u00fa\u00a0z\u00f6ldsz\u00e1m\u00e1n, a 107 vagy 112 k\u00f6zponti seg\u00e9lyh\u00edv\u00f3 sz\u00e1mok valamelyik\u00e9n.<\/p>\n<p>\u00a0<\/p>\n<p>\n<!--noindex--><br \/>\n<a href=\"https:\/\/hirek.oldal.info\/rssclick\/14386709\" rel=\"nofollow\">Source link <\/a><br \/>\n<!--\/noindex--><\/p>\n","protected":false},"excerpt":{"rendered":"<p>A 44 \u00e9ves budapesti n\u0151 \u00e1llapota \u00e9letvesz\u00e9lyes, a rend\u0151r\u00f6k jelenleg is keresik. A Budapesti Rend\u0151r-f\u0151kapit\u00e1nys\u00e1g IX. ker\u00fcleti Rend\u0151rkapit\u00e1nys\u00e1g 01090-157\/346\/2019. k\u00f6r\u00f6z\u00e9si sz\u00e1mon elj\u00e1r\u00e1st folytat az ismeretlen helyen tart\u00f3zkod\u00f3 44 \u00e9ves \u00dajfalusi Katalin elt\u0171n\u00e9se \u00fcgy\u00e9ben. A rendelkez\u00e9sre \u00e1ll\u00f3 adatok szerint a 44 \u00e9ves n\u0151 2019. szeptember 10-\u00e9n 19 \u00f3ra k\u00f6r\u00fcl elhagyta azt a IX. ker\u00fcleti k\u00f3rh\u00e1zat, ahol [&hellip;]<\/p>\n","protected":false},"author":2,"featured_media":1888,"comment_status":"open","ping_status":"open","sticky":false,"template":"","format":"standard","meta":{"footnotes":""},"categories":[1],"tags":[],"class_list":["post-1887","post","type-post","status-publish","format-standard","has-post-thumbnail","hentry","category-legujabb-penzugyi-hirek"],"yoast_head":"<!-- This site is optimized with the Yoast SEO plugin v27.4 - https:\/\/yoast.com\/product\/yoast-seo-wordpress\/ -->\n<title>Elhagyta a k\u00f3rh\u00e1zat \u00dajfalusi Katalin - Hot News in World<\/title>\n<meta name=\"robots\" content=\"index, follow, max-snippet:-1, max-image-preview:large, max-video-preview:-1\" \/>\n<link rel=\"canonical\" href=\"https:\/\/hotnewsinworld.com\/hu\/elhagyta-a-korhazat-ujfalusi-katalin\/\" \/>\n<meta property=\"og:locale\" content=\"hu_HU\" \/>\n<meta property=\"og:type\" content=\"article\" \/>\n<meta property=\"og:title\" content=\"Elhagyta a k\u00f3rh\u00e1zat \u00dajfalusi Katalin - Hot News in World\" \/>\n<meta property=\"og:description\" content=\"A 44 \u00e9ves budapesti n\u0151 \u00e1llapota \u00e9letvesz\u00e9lyes, a rend\u0151r\u00f6k jelenleg is keresik. A Budapesti Rend\u0151r-f\u0151kapit\u00e1nys\u00e1g IX. ker\u00fcleti Rend\u0151rkapit\u00e1nys\u00e1g 01090-157\/346\/2019. k\u00f6r\u00f6z\u00e9si sz\u00e1mon elj\u00e1r\u00e1st folytat az ismeretlen helyen tart\u00f3zkod\u00f3 44 \u00e9ves \u00dajfalusi Katalin elt\u0171n\u00e9se \u00fcgy\u00e9ben. A rendelkez\u00e9sre \u00e1ll\u00f3 adatok szerint a 44 \u00e9ves n\u0151 2019. szeptember 10-\u00e9n 19 \u00f3ra k\u00f6r\u00fcl elhagyta azt a IX. ker\u00fcleti k\u00f3rh\u00e1zat, ahol [&hellip;]\" \/>\n<meta property=\"og:url\" content=\"https:\/\/hotnewsinworld.com\/hu\/elhagyta-a-korhazat-ujfalusi-katalin\/\" \/>\n<meta property=\"og:site_name\" content=\"Hot News in World\" \/>\n<meta property=\"article:published_time\" content=\"2019-09-11T02:17:44+00:00\" \/>\n<meta property=\"article:modified_time\" content=\"2019-09-11T02:17:45+00:00\" \/>\n<meta property=\"og:image\" content=\"https:\/\/hotnewsinworld.com\/hu\/wp-content\/uploads\/sites\/3\/2019\/09\/Elhagyta-a-k\u00f3rh\u00e1zat-\u00dajfalusi-Katalin.png\" \/>\n\t<meta property=\"og:image:width\" content=\"751\" \/>\n\t<meta property=\"og:image:height\" content=\"500\" \/>\n\t<meta property=\"og:image:type\" content=\"image\/png\" \/>\n<meta name=\"author\" content=\"hotnewsinworld\" \/>\n<meta name=\"twitter:card\" content=\"summary_large_image\" \/>\n<meta name=\"twitter:label1\" content=\"Szerz\u0151:\" \/>\n\t<meta name=\"twitter:data1\" content=\"hotnewsinworld\" \/>\n\t<meta name=\"twitter:label2\" content=\"Becs\u00fclt olvas\u00e1si id\u0151\" \/>\n\t<meta name=\"twitter:data2\" content=\"1 perc\" \/>\n<script type=\"application\/ld+json\" class=\"yoast-schema-graph\">{\"@context\":\"https:\\\/\\\/schema.org\",\"@graph\":[{\"@type\":\"Article\",\"@id\":\"https:\\\/\\\/hotnewsinworld.com\\\/hu\\\/elhagyta-a-korhazat-ujfalusi-katalin\\\/#article\",\"isPartOf\":{\"@id\":\"https:\\\/\\\/hotnewsinworld.com\\\/hu\\\/elhagyta-a-korhazat-ujfalusi-katalin\\\/\"},\"author\":{\"name\":\"hotnewsinworld\",\"@id\":\"https:\\\/\\\/hotnewsinworld.com\\\/hu\\\/#\\\/schema\\\/person\\\/fe61448b21c0d59086e75fcc1f9d8f6b\"},\"headline\":\"Elhagyta a k\u00f3rh\u00e1zat \u00dajfalusi Katalin\",\"datePublished\":\"2019-09-11T02:17:44+00:00\",\"dateModified\":\"2019-09-11T02:17:45+00:00\",\"mainEntityOfPage\":{\"@id\":\"https:\\\/\\\/hotnewsinworld.com\\\/hu\\\/elhagyta-a-korhazat-ujfalusi-katalin\\\/\"},\"wordCount\":204,\"commentCount\":0,\"image\":{\"@id\":\"https:\\\/\\\/hotnewsinworld.com\\\/hu\\\/elhagyta-a-korhazat-ujfalusi-katalin\\\/#primaryimage\"},\"thumbnailUrl\":\"https:\\\/\\\/hotnewsinworld.com\\\/hu\\\/wp-content\\\/uploads\\\/sites\\\/3\\\/2019\\\/09\\\/Elhagyta-a-k\u00f3rh\u00e1zat-\u00dajfalusi-Katalin.png\",\"articleSection\":[\"LEG\u00daJABB P\u00c9NZ\u00dcGYI H\u00cdREK\"],\"inLanguage\":\"hu\",\"potentialAction\":[{\"@type\":\"CommentAction\",\"name\":\"Comment\",\"target\":[\"https:\\\/\\\/hotnewsinworld.com\\\/hu\\\/elhagyta-a-korhazat-ujfalusi-katalin\\\/#respond\"]}]},{\"@type\":\"WebPage\",\"@id\":\"https:\\\/\\\/hotnewsinworld.com\\\/hu\\\/elhagyta-a-korhazat-ujfalusi-katalin\\\/\",\"url\":\"https:\\\/\\\/hotnewsinworld.com\\\/hu\\\/elhagyta-a-korhazat-ujfalusi-katalin\\\/\",\"name\":\"Elhagyta a k\u00f3rh\u00e1zat \u00dajfalusi Katalin - Hot News in World\",\"isPartOf\":{\"@id\":\"https:\\\/\\\/hotnewsinworld.com\\\/hu\\\/#website\"},\"primaryImageOfPage\":{\"@id\":\"https:\\\/\\\/hotnewsinworld.com\\\/hu\\\/elhagyta-a-korhazat-ujfalusi-katalin\\\/#primaryimage\"},\"image\":{\"@id\":\"https:\\\/\\\/hotnewsinworld.com\\\/hu\\\/elhagyta-a-korhazat-ujfalusi-katalin\\\/#primaryimage\"},\"thumbnailUrl\":\"https:\\\/\\\/hotnewsinworld.com\\\/hu\\\/wp-content\\\/uploads\\\/sites\\\/3\\\/2019\\\/09\\\/Elhagyta-a-k\u00f3rh\u00e1zat-\u00dajfalusi-Katalin.png\",\"datePublished\":\"2019-09-11T02:17:44+00:00\",\"dateModified\":\"2019-09-11T02:17:45+00:00\",\"author\":{\"@id\":\"https:\\\/\\\/hotnewsinworld.com\\\/hu\\\/#\\\/schema\\\/person\\\/fe61448b21c0d59086e75fcc1f9d8f6b\"},\"breadcrumb\":{\"@id\":\"https:\\\/\\\/hotnewsinworld.com\\\/hu\\\/elhagyta-a-korhazat-ujfalusi-katalin\\\/#breadcrumb\"},\"inLanguage\":\"hu\",\"potentialAction\":[{\"@type\":\"ReadAction\",\"target\":[\"https:\\\/\\\/hotnewsinworld.com\\\/hu\\\/elhagyta-a-korhazat-ujfalusi-katalin\\\/\"]}]},{\"@type\":\"ImageObject\",\"inLanguage\":\"hu\",\"@id\":\"https:\\\/\\\/hotnewsinworld.com\\\/hu\\\/elhagyta-a-korhazat-ujfalusi-katalin\\\/#primaryimage\",\"url\":\"https:\\\/\\\/hotnewsinworld.com\\\/hu\\\/wp-content\\\/uploads\\\/sites\\\/3\\\/2019\\\/09\\\/Elhagyta-a-k\u00f3rh\u00e1zat-\u00dajfalusi-Katalin.png\",\"contentUrl\":\"https:\\\/\\\/hotnewsinworld.com\\\/hu\\\/wp-content\\\/uploads\\\/sites\\\/3\\\/2019\\\/09\\\/Elhagyta-a-k\u00f3rh\u00e1zat-\u00dajfalusi-Katalin.png\",\"width\":751,\"height\":500,\"caption\":\"Elhagyta a k\u00f3rh\u00e1zat \u00dajfalusi Katalin\"},{\"@type\":\"BreadcrumbList\",\"@id\":\"https:\\\/\\\/hotnewsinworld.com\\\/hu\\\/elhagyta-a-korhazat-ujfalusi-katalin\\\/#breadcrumb\",\"itemListElement\":[{\"@type\":\"ListItem\",\"position\":1,\"name\":\"\u0413\u043b\u0430\u0432\u043d\u0430\u044f \u0441\u0442\u0440\u0430\u043d\u0438\u0446\u0430\",\"item\":\"https:\\\/\\\/hotnewsinworld.com\\\/hu\\\/\"},{\"@type\":\"ListItem\",\"position\":2,\"name\":\"Elhagyta a k\u00f3rh\u00e1zat \u00dajfalusi Katalin\"}]},{\"@type\":\"WebSite\",\"@id\":\"https:\\\/\\\/hotnewsinworld.com\\\/hu\\\/#website\",\"url\":\"https:\\\/\\\/hotnewsinworld.com\\\/hu\\\/\",\"name\":\"Hot News in World\",\"description\":\"Hot News in World from Hungary\",\"potentialAction\":[{\"@type\":\"SearchAction\",\"target\":{\"@type\":\"EntryPoint\",\"urlTemplate\":\"https:\\\/\\\/hotnewsinworld.com\\\/hu\\\/?s={search_term_string}\"},\"query-input\":{\"@type\":\"PropertyValueSpecification\",\"valueRequired\":true,\"valueName\":\"search_term_string\"}}],\"inLanguage\":\"hu\"},{\"@type\":\"Person\",\"@id\":\"https:\\\/\\\/hotnewsinworld.com\\\/hu\\\/#\\\/schema\\\/person\\\/fe61448b21c0d59086e75fcc1f9d8f6b\",\"name\":\"hotnewsinworld\",\"image\":{\"@type\":\"ImageObject\",\"inLanguage\":\"hu\",\"@id\":\"https:\\\/\\\/secure.gravatar.com\\\/avatar\\\/8a09ac165600ce2e1c38fe593c63928eb1e6e7ba5c5a907d67787c41b3d00c14?s=96&d=mm&r=g\",\"url\":\"https:\\\/\\\/secure.gravatar.com\\\/avatar\\\/8a09ac165600ce2e1c38fe593c63928eb1e6e7ba5c5a907d67787c41b3d00c14?s=96&d=mm&r=g\",\"contentUrl\":\"https:\\\/\\\/secure.gravatar.com\\\/avatar\\\/8a09ac165600ce2e1c38fe593c63928eb1e6e7ba5c5a907d67787c41b3d00c14?s=96&d=mm&r=g\",\"caption\":\"hotnewsinworld\"},\"url\":\"https:\\\/\\\/hotnewsinworld.com\\\/hu\\\/author\\\/pt\\\/\"}]}<\/script>\n<!-- \/ Yoast SEO plugin. -->","yoast_head_json":{"title":"Elhagyta a k\u00f3rh\u00e1zat \u00dajfalusi Katalin - Hot News in World","robots":{"index":"index","follow":"follow","max-snippet":"max-snippet:-1","max-image-preview":"max-image-preview:large","max-video-preview":"max-video-preview:-1"},"canonical":"https:\/\/hotnewsinworld.com\/hu\/elhagyta-a-korhazat-ujfalusi-katalin\/","og_locale":"hu_HU","og_type":"article","og_title":"Elhagyta a k\u00f3rh\u00e1zat \u00dajfalusi Katalin - Hot News in World","og_description":"A 44 \u00e9ves budapesti n\u0151 \u00e1llapota \u00e9letvesz\u00e9lyes, a rend\u0151r\u00f6k jelenleg is keresik. A Budapesti Rend\u0151r-f\u0151kapit\u00e1nys\u00e1g IX. ker\u00fcleti Rend\u0151rkapit\u00e1nys\u00e1g 01090-157\/346\/2019. k\u00f6r\u00f6z\u00e9si sz\u00e1mon elj\u00e1r\u00e1st folytat az ismeretlen helyen tart\u00f3zkod\u00f3 44 \u00e9ves \u00dajfalusi Katalin elt\u0171n\u00e9se \u00fcgy\u00e9ben. A rendelkez\u00e9sre \u00e1ll\u00f3 adatok szerint a 44 \u00e9ves n\u0151 2019. szeptember 10-\u00e9n 19 \u00f3ra k\u00f6r\u00fcl elhagyta azt a IX. ker\u00fcleti k\u00f3rh\u00e1zat, ahol [&hellip;]","og_url":"https:\/\/hotnewsinworld.com\/hu\/elhagyta-a-korhazat-ujfalusi-katalin\/","og_site_name":"Hot News in World","article_published_time":"2019-09-11T02:17:44+00:00","article_modified_time":"2019-09-11T02:17:45+00:00","og_image":[{"width":751,"height":500,"url":"https:\/\/hotnewsinworld.com\/hu\/wp-content\/uploads\/sites\/3\/2019\/09\/Elhagyta-a-k\u00f3rh\u00e1zat-\u00dajfalusi-Katalin.png","type":"image\/png"}],"author":"hotnewsinworld","twitter_card":"summary_large_image","twitter_misc":{"Szerz\u0151:":"hotnewsinworld","Becs\u00fclt olvas\u00e1si id\u0151":"1 perc"},"schema":{"@context":"https:\/\/schema.org","@graph":[{"@type":"Article","@id":"https:\/\/hotnewsinworld.com\/hu\/elhagyta-a-korhazat-ujfalusi-katalin\/#article","isPartOf":{"@id":"https:\/\/hotnewsinworld.com\/hu\/elhagyta-a-korhazat-ujfalusi-katalin\/"},"author":{"name":"hotnewsinworld","@id":"https:\/\/hotnewsinworld.com\/hu\/#\/schema\/person\/fe61448b21c0d59086e75fcc1f9d8f6b"},"headline":"Elhagyta a k\u00f3rh\u00e1zat \u00dajfalusi Katalin","datePublished":"2019-09-11T02:17:44+00:00","dateModified":"2019-09-11T02:17:45+00:00","mainEntityOfPage":{"@id":"https:\/\/hotnewsinworld.com\/hu\/elhagyta-a-korhazat-ujfalusi-katalin\/"},"wordCount":204,"commentCount":0,"image":{"@id":"https:\/\/hotnewsinworld.com\/hu\/elhagyta-a-korhazat-ujfalusi-katalin\/#primaryimage"},"thumbnailUrl":"https:\/\/hotnewsinworld.com\/hu\/wp-content\/uploads\/sites\/3\/2019\/09\/Elhagyta-a-k\u00f3rh\u00e1zat-\u00dajfalusi-Katalin.png","articleSection":["LEG\u00daJABB P\u00c9NZ\u00dcGYI H\u00cdREK"],"inLanguage":"hu","potentialAction":[{"@type":"CommentAction","name":"Comment","target":["https:\/\/hotnewsinworld.com\/hu\/elhagyta-a-korhazat-ujfalusi-katalin\/#respond"]}]},{"@type":"WebPage","@id":"https:\/\/hotnewsinworld.com\/hu\/elhagyta-a-korhazat-ujfalusi-katalin\/","url":"https:\/\/hotnewsinworld.com\/hu\/elhagyta-a-korhazat-ujfalusi-katalin\/","name":"Elhagyta a k\u00f3rh\u00e1zat \u00dajfalusi Katalin - Hot News in World","isPartOf":{"@id":"https:\/\/hotnewsinworld.com\/hu\/#website"},"primaryImageOfPage":{"@id":"https:\/\/hotnewsinworld.com\/hu\/elhagyta-a-korhazat-ujfalusi-katalin\/#primaryimage"},"image":{"@id":"https:\/\/hotnewsinworld.com\/hu\/elhagyta-a-korhazat-ujfalusi-katalin\/#primaryimage"},"thumbnailUrl":"https:\/\/hotnewsinworld.com\/hu\/wp-content\/uploads\/sites\/3\/2019\/09\/Elhagyta-a-k\u00f3rh\u00e1zat-\u00dajfalusi-Katalin.png","datePublished":"2019-09-11T02:17:44+00:00","dateModified":"2019-09-11T02:17:45+00:00","author":{"@id":"https:\/\/hotnewsinworld.com\/hu\/#\/schema\/person\/fe61448b21c0d59086e75fcc1f9d8f6b"},"breadcrumb":{"@id":"https:\/\/hotnewsinworld.com\/hu\/elhagyta-a-korhazat-ujfalusi-katalin\/#breadcrumb"},"inLanguage":"hu","potentialAction":[{"@type":"ReadAction","target":["https:\/\/hotnewsinworld.com\/hu\/elhagyta-a-korhazat-ujfalusi-katalin\/"]}]},{"@type":"ImageObject","inLanguage":"hu","@id":"https:\/\/hotnewsinworld.com\/hu\/elhagyta-a-korhazat-ujfalusi-katalin\/#primaryimage","url":"https:\/\/hotnewsinworld.com\/hu\/wp-content\/uploads\/sites\/3\/2019\/09\/Elhagyta-a-k\u00f3rh\u00e1zat-\u00dajfalusi-Katalin.png","contentUrl":"https:\/\/hotnewsinworld.com\/hu\/wp-content\/uploads\/sites\/3\/2019\/09\/Elhagyta-a-k\u00f3rh\u00e1zat-\u00dajfalusi-Katalin.png","width":751,"height":500,"caption":"Elhagyta a k\u00f3rh\u00e1zat \u00dajfalusi Katalin"},{"@type":"BreadcrumbList","@id":"https:\/\/hotnewsinworld.com\/hu\/elhagyta-a-korhazat-ujfalusi-katalin\/#breadcrumb","itemListElement":[{"@type":"ListItem","position":1,"name":"\u0413\u043b\u0430\u0432\u043d\u0430\u044f \u0441\u0442\u0440\u0430\u043d\u0438\u0446\u0430","item":"https:\/\/hotnewsinworld.com\/hu\/"},{"@type":"ListItem","position":2,"name":"Elhagyta a k\u00f3rh\u00e1zat \u00dajfalusi Katalin"}]},{"@type":"WebSite","@id":"https:\/\/hotnewsinworld.com\/hu\/#website","url":"https:\/\/hotnewsinworld.com\/hu\/","name":"Hot News in World","description":"Hot News in World from Hungary","potentialAction":[{"@type":"SearchAction","target":{"@type":"EntryPoint","urlTemplate":"https:\/\/hotnewsinworld.com\/hu\/?s={search_term_string}"},"query-input":{"@type":"PropertyValueSpecification","valueRequired":true,"valueName":"search_term_string"}}],"inLanguage":"hu"},{"@type":"Person","@id":"https:\/\/hotnewsinworld.com\/hu\/#\/schema\/person\/fe61448b21c0d59086e75fcc1f9d8f6b","name":"hotnewsinworld","image":{"@type":"ImageObject","inLanguage":"hu","@id":"https:\/\/secure.gravatar.com\/avatar\/8a09ac165600ce2e1c38fe593c63928eb1e6e7ba5c5a907d67787c41b3d00c14?s=96&d=mm&r=g","url":"https:\/\/secure.gravatar.com\/avatar\/8a09ac165600ce2e1c38fe593c63928eb1e6e7ba5c5a907d67787c41b3d00c14?s=96&d=mm&r=g","contentUrl":"https:\/\/secure.gravatar.com\/avatar\/8a09ac165600ce2e1c38fe593c63928eb1e6e7ba5c5a907d67787c41b3d00c14?s=96&d=mm&r=g","caption":"hotnewsinworld"},"url":"https:\/\/hotnewsinworld.com\/hu\/author\/pt\/"}]}},"_links":{"self":[{"href":"https:\/\/hotnewsinworld.com\/hu\/wp-json\/wp\/v2\/posts\/1887","targetHints":{"allow":["GET"]}}],"collection":[{"href":"https:\/\/hotnewsinworld.com\/hu\/wp-json\/wp\/v2\/posts"}],"about":[{"href":"https:\/\/hotnewsinworld.com\/hu\/wp-json\/wp\/v2\/types\/post"}],"author":[{"embeddable":true,"href":"https:\/\/hotnewsinworld.com\/hu\/wp-json\/wp\/v2\/users\/2"}],"replies":[{"embeddable":true,"href":"https:\/\/hotnewsinworld.com\/hu\/wp-json\/wp\/v2\/comments?post=1887"}],"version-history":[{"count":1,"href":"https:\/\/hotnewsinworld.com\/hu\/wp-json\/wp\/v2\/posts\/1887\/revisions"}],"predecessor-version":[{"id":1889,"href":"https:\/\/hotnewsinworld.com\/hu\/wp-json\/wp\/v2\/posts\/1887\/revisions\/1889"}],"wp:featuredmedia":[{"embeddable":true,"href":"https:\/\/hotnewsinworld.com\/hu\/wp-json\/wp\/v2\/media\/1888"}],"wp:attachment":[{"href":"https:\/\/hotnewsinworld.com\/hu\/wp-json\/wp\/v2\/media?parent=1887"}],"wp:term":[{"taxonomy":"category","embeddable":true,"href":"https:\/\/hotnewsinworld.com\/hu\/wp-json\/wp\/v2\/categories?post=1887"},{"taxonomy":"post_tag","embeddable":true,"href":"https:\/\/hotnewsinworld.com\/hu\/wp-json\/wp\/v2\/tags?post=1887"}],"curies":[{"name":"wp","href":"https:\/\/api.w.org\/{rel}","templated":true}]}}