{"id":1896,"date":"2019-09-11T09:19:16","date_gmt":"2019-09-11T06:19:16","guid":{"rendered":"https:\/\/hotnewsinworld.com\/hu\/tobb-idot-vehet-el-a-szavazatszamlalas-az-oktoberi-onkormanyzati-valasztason\/"},"modified":"2019-09-11T09:19:17","modified_gmt":"2019-09-11T06:19:17","slug":"tobb-idot-vehet-el-a-szavazatszamlalas-az-oktoberi-onkormanyzati-valasztason","status":"publish","type":"post","link":"https:\/\/hotnewsinworld.com\/hu\/tobb-idot-vehet-el-a-szavazatszamlalas-az-oktoberi-onkormanyzati-valasztason\/","title":{"rendered":"T\u00f6bb id\u0151t vehet el a szavazatsz\u00e1ml\u00e1l\u00e1s az okt\u00f3beri \u00f6nkorm\u00e1nyzati v\u00e1laszt\u00e1son"},"content":{"rendered":"<p>\t\t\t\t\tA cikk emailben t\u00f6rt\u00e9n\u0151 elk\u00fcld\u00e9s\u00e9hez kattintson ide, vagy m\u00e1solja le \u00e9s k\u00fcldje el ezt a linket: https:\/\/magyarnemzet.hu\/belfold\/tobb-idot-vehet-el-a-szavazatszamlalas-az-oktoberi-onkormanyzati-valasztason-7292186\/<\/p>\n<p>\t\t\t\t\t2019. szeptember 11. szerda 08:11<\/p>\n<p>\t\t\t\t\t\t\t\tAz okt\u00f3beri \u00f6nkorm\u00e1nyzati v\u00e1laszt\u00e1son azokban a szavaz\u00f3k\u00f6r\u00f6kben, ahol sok lesz a nemzetis\u00e9gi szavaz\u00f3, lassabban mehet a szavaz\u00e1s \u00e9s sok id\u0151t vehet el a szavaz\u00f3lapok sz\u00e9tv\u00e1logat\u00e1sa, \u00edgy k\u00e9s\u0151bb kezd\u0151dhet meg az eredm\u00e9nyek k\u00f6zl\u00e9se \u2013 mondta P\u00e1lffy Ilona, a Nemzeti V\u00e1laszt\u00e1si Iroda eln\u00f6ke egy h\u00e1tt\u00e9rbesz\u00e9lget\u00e9sen.\t\t\t\t\t\t\t<\/p>\n<p>\t\t\t\t\tP\u00e1lffy Ilona eml\u00e9keztetett arra, hogy a nemzetis\u00e9gi v\u00e1laszt\u00e1sokat egy napon tartj\u00e1k a helyi \u00f6nkorm\u00e1nyzati k\u00e9pvisel\u0151k \u00e9s polg\u00e1rmesterek v\u00e1laszt\u00e1s\u00e1val okt\u00f3ber 13-\u00e1n. Az idei v\u00e1laszt\u00e1s \u00fajdons\u00e1ga, hogy a nemzetis\u00e9gi v\u00e1laszt\u00f3polg\u00e1rok nem k\u00fcl\u00f6n nemzetis\u00e9gi szavaz\u00f3k\u00f6rben voksolnak, hanem a lak\u00f3hely\u00fck szerinti szavaz\u00f3k\u00f6rben adj\u00e1k le szavazatukat nemzetis\u00e9g\u00fck \u00f6nkorm\u00e1nyzatainak tagjaira, ugyanott, ahol a polg\u00e1rmesterre \u00e9s a k\u00e9pvisel\u0151kre szavaznak.<br \/>\nHozz\u00e1tette: a voksol\u00e1sban csak az vehet r\u00e9szt, aki szeptember 27-\u00e9ig felveteti mag\u00e1t a nemzetis\u00e9gi n\u00e9vjegyz\u00e9kbe, ezt eddig mintegy 280 ezren tett\u00e9k meg.<br \/>\nElmondta: a nemzetis\u00e9gi v\u00e1laszt\u00f3polg\u00e1rok egyszerre v\u00e1lasztj\u00e1k meg nemzetis\u00e9g\u00fck telep\u00fcl\u00e9si, ter\u00fcleti (megyei vagy f\u0151v\u00e1rosi), valamint orsz\u00e1gos \u00f6nkorm\u00e1nyzat\u00e1t, erre h\u00e1rom k\u00fcl\u00f6n szavaz\u00f3lap szolg\u00e1l majd. A szavaz\u00e1s lebonyol\u00edt\u00e1s\u00e1t nehez\u00edti, hogy a nemzetis\u00e9gi v\u00e1laszt\u00f3polg\u00e1rok list\u00e1ja a nemzetis\u00e9gi n\u00e9vjegyz\u00e9kben lesz. A nemzetis\u00e9gi v\u00e1laszt\u00e1s szavaz\u00f3lapjai a k\u00f6nnyebb megk\u00fcl\u00f6nb\u00f6ztethet\u0151s\u00e9g \u00e9rdek\u00e9ben z\u00f6ld sz\u00edn\u0171ek lesznek, \u00e9s azokat z\u00f6ld sz\u00edn\u0171 bor\u00edt\u00e9kba kell tennie a v\u00e1laszt\u00f3knak. A bor\u00edt\u00e9kot pedig mindenk\u00e9ppen le kell z\u00e1rnia a v\u00e1laszt\u00f3nak, mert a lez\u00e1ratlan bor\u00edt\u00e9kban l\u00e9v\u0151, valamint a bor\u00edt\u00e9kon k\u00edv\u00fcl tal\u00e1lhat\u00f3 szavaz\u00f3lapok \u00e9rv\u00e9nytelenek.<br \/>\nA nemzetis\u00e9gi v\u00e1laszt\u00f3 ak\u00e1r hat szavaz\u00f3lapot is kaphat okt\u00f3ber 13-\u00e1n: h\u00e1rmat a helyi \u00f6nkorm\u00e1nyzati k\u00e9pvisel\u0151k \u00e9s polg\u00e1rmesterek v\u00e1laszt\u00e1s\u00e1ra (egyet a polg\u00e1rmesterre, egyet a k\u00e9pvisel\u0151-test\u00fclet tagjaira, egyet pedig a megyei k\u00f6zgy\u0171l\u00e9sre, illetve a f\u0151v\u00e1rosban a f\u0151polg\u00e1rmesterre), h\u00e1rmat pedig a nemzetis\u00e9gi szavaz\u00e1sra (telep\u00fcl\u00e9si, ter\u00fcleti \u00e9s orsz\u00e1gos \u00f6nkorm\u00e1nyzat). Emiatt sz\u00e1m\u00edtani kell arra, hogy azokban a szavaz\u00f3k\u00f6r\u00f6kben, ahol sok a nemzetis\u00e9gi szavaz\u00f3, lassabban mehet majd a voksol\u00e1s \u2013 tette hozz\u00e1 az NVI eln\u00f6ke.<br \/>\nMindezeken t\u00fal a szavazatsz\u00e1ml\u00e1l\u00f3 bizotts\u00e1gokra is a kor\u00e1bbin\u00e1l nagyobb teher h\u00e1rul: a szavaz\u00e1s lez\u00e1rta ut\u00e1n sz\u00e9t kell v\u00e1logatniuk a nemzetis\u00e9gi v\u00e1laszt\u00e1s lez\u00e1rt bor\u00edt\u00e9kjait a polg\u00e1rmester- \u00e9s k\u00e9pvisel\u0151-v\u00e1laszt\u00e1s szavaz\u00f3lapjait\u00f3l, csak ezt k\u00f6vet\u0151en bonthatj\u00e1k fel a feh\u00e9r bor\u00edt\u00e9kokat \u00e9s sz\u00e1ml\u00e1lhatj\u00e1k \u00f6ssze a polg\u00e1rmester- \u00e9s k\u00e9pvisel\u0151-v\u00e1laszt\u00e1s szavaz\u00f3lapjait.<\/p>\n<p>\n<!--noindex--><br \/>\n<a href=\"https:\/\/hirek.oldal.info\/rssclick\/14387116\" rel=\"nofollow\">Source link <\/a><br \/>\n<!--\/noindex--><\/p>\n","protected":false},"excerpt":{"rendered":"<p>A cikk emailben t\u00f6rt\u00e9n\u0151 elk\u00fcld\u00e9s\u00e9hez kattintson ide, vagy m\u00e1solja le \u00e9s k\u00fcldje el ezt a linket: https:\/\/magyarnemzet.hu\/belfold\/tobb-idot-vehet-el-a-szavazatszamlalas-az-oktoberi-onkormanyzati-valasztason-7292186\/ 2019. szeptember 11. szerda 08:11 Az okt\u00f3beri \u00f6nkorm\u00e1nyzati v\u00e1laszt\u00e1son azokban a szavaz\u00f3k\u00f6r\u00f6kben, ahol sok lesz a nemzetis\u00e9gi szavaz\u00f3, lassabban mehet a szavaz\u00e1s \u00e9s sok id\u0151t vehet el a szavaz\u00f3lapok sz\u00e9tv\u00e1logat\u00e1sa, \u00edgy k\u00e9s\u0151bb kezd\u0151dhet meg az eredm\u00e9nyek k\u00f6zl\u00e9se \u2013 [&hellip;]<\/p>\n","protected":false},"author":2,"featured_media":199,"comment_status":"open","ping_status":"open","sticky":false,"template":"","format":"standard","meta":{"footnotes":""},"categories":[1],"tags":[],"class_list":["post-1896","post","type-post","status-publish","format-standard","has-post-thumbnail","hentry","category-legujabb-penzugyi-hirek"],"yoast_head":"<!-- This site is optimized with the Yoast SEO plugin v27.4 - https:\/\/yoast.com\/product\/yoast-seo-wordpress\/ -->\n<title>T\u00f6bb id\u0151t vehet el a szavazatsz\u00e1ml\u00e1l\u00e1s az okt\u00f3beri \u00f6nkorm\u00e1nyzati v\u00e1laszt\u00e1son - Hot News in World<\/title>\n<meta name=\"robots\" content=\"index, follow, max-snippet:-1, max-image-preview:large, max-video-preview:-1\" \/>\n<link rel=\"canonical\" href=\"https:\/\/hotnewsinworld.com\/hu\/tobb-idot-vehet-el-a-szavazatszamlalas-az-oktoberi-onkormanyzati-valasztason\/\" \/>\n<meta property=\"og:locale\" content=\"hu_HU\" \/>\n<meta property=\"og:type\" content=\"article\" \/>\n<meta property=\"og:title\" content=\"T\u00f6bb id\u0151t vehet el a szavazatsz\u00e1ml\u00e1l\u00e1s az okt\u00f3beri \u00f6nkorm\u00e1nyzati v\u00e1laszt\u00e1son - Hot News in World\" \/>\n<meta property=\"og:description\" content=\"A cikk emailben t\u00f6rt\u00e9n\u0151 elk\u00fcld\u00e9s\u00e9hez kattintson ide, vagy m\u00e1solja le \u00e9s k\u00fcldje el ezt a linket: https:\/\/magyarnemzet.hu\/belfold\/tobb-idot-vehet-el-a-szavazatszamlalas-az-oktoberi-onkormanyzati-valasztason-7292186\/ 2019. szeptember 11. szerda 08:11 Az okt\u00f3beri \u00f6nkorm\u00e1nyzati v\u00e1laszt\u00e1son azokban a szavaz\u00f3k\u00f6r\u00f6kben, ahol sok lesz a nemzetis\u00e9gi szavaz\u00f3, lassabban mehet a szavaz\u00e1s \u00e9s sok id\u0151t vehet el a szavaz\u00f3lapok sz\u00e9tv\u00e1logat\u00e1sa, \u00edgy k\u00e9s\u0151bb kezd\u0151dhet meg az eredm\u00e9nyek k\u00f6zl\u00e9se \u2013 [&hellip;]\" \/>\n<meta property=\"og:url\" content=\"https:\/\/hotnewsinworld.com\/hu\/tobb-idot-vehet-el-a-szavazatszamlalas-az-oktoberi-onkormanyzati-valasztason\/\" \/>\n<meta property=\"og:site_name\" content=\"Hot News in World\" \/>\n<meta property=\"article:published_time\" content=\"2019-09-11T06:19:16+00:00\" \/>\n<meta property=\"article:modified_time\" content=\"2019-09-11T06:19:17+00:00\" \/>\n<meta property=\"og:image\" content=\"https:\/\/hotnewsinworld.com\/hu\/wp-content\/uploads\/sites\/3\/2019\/06\/Hidv\u00e9ghi-Bal\u00e1zs-A-Fidesz-kezdem\u00e9nyezni-fogja-a-migr\u00e1nsk\u00e1rty\u00e1k-megsz\u00fcntet\u00e9s\u00e9t.png\" \/>\n\t<meta property=\"og:image:width\" content=\"1200\" \/>\n\t<meta property=\"og:image:height\" content=\"630\" \/>\n\t<meta property=\"og:image:type\" content=\"image\/png\" \/>\n<meta name=\"author\" content=\"hotnewsinworld\" \/>\n<meta name=\"twitter:card\" content=\"summary_large_image\" \/>\n<meta name=\"twitter:label1\" content=\"Szerz\u0151:\" \/>\n\t<meta name=\"twitter:data1\" content=\"hotnewsinworld\" \/>\n\t<meta name=\"twitter:label2\" content=\"Becs\u00fclt olvas\u00e1si id\u0151\" \/>\n\t<meta name=\"twitter:data2\" content=\"3 perc\" \/>\n<script type=\"application\/ld+json\" class=\"yoast-schema-graph\">{\"@context\":\"https:\\\/\\\/schema.org\",\"@graph\":[{\"@type\":\"Article\",\"@id\":\"https:\\\/\\\/hotnewsinworld.com\\\/hu\\\/tobb-idot-vehet-el-a-szavazatszamlalas-az-oktoberi-onkormanyzati-valasztason\\\/#article\",\"isPartOf\":{\"@id\":\"https:\\\/\\\/hotnewsinworld.com\\\/hu\\\/tobb-idot-vehet-el-a-szavazatszamlalas-az-oktoberi-onkormanyzati-valasztason\\\/\"},\"author\":{\"name\":\"hotnewsinworld\",\"@id\":\"https:\\\/\\\/hotnewsinworld.com\\\/hu\\\/#\\\/schema\\\/person\\\/fe61448b21c0d59086e75fcc1f9d8f6b\"},\"headline\":\"T\u00f6bb id\u0151t vehet el a szavazatsz\u00e1ml\u00e1l\u00e1s az okt\u00f3beri \u00f6nkorm\u00e1nyzati v\u00e1laszt\u00e1son\",\"datePublished\":\"2019-09-11T06:19:16+00:00\",\"dateModified\":\"2019-09-11T06:19:17+00:00\",\"mainEntityOfPage\":{\"@id\":\"https:\\\/\\\/hotnewsinworld.com\\\/hu\\\/tobb-idot-vehet-el-a-szavazatszamlalas-az-oktoberi-onkormanyzati-valasztason\\\/\"},\"wordCount\":581,\"commentCount\":0,\"image\":{\"@id\":\"https:\\\/\\\/hotnewsinworld.com\\\/hu\\\/tobb-idot-vehet-el-a-szavazatszamlalas-az-oktoberi-onkormanyzati-valasztason\\\/#primaryimage\"},\"thumbnailUrl\":\"https:\\\/\\\/hotnewsinworld.com\\\/hu\\\/wp-content\\\/uploads\\\/sites\\\/3\\\/2019\\\/06\\\/Hidv\u00e9ghi-Bal\u00e1zs-A-Fidesz-kezdem\u00e9nyezni-fogja-a-migr\u00e1nsk\u00e1rty\u00e1k-megsz\u00fcntet\u00e9s\u00e9t.png\",\"articleSection\":[\"LEG\u00daJABB P\u00c9NZ\u00dcGYI H\u00cdREK\"],\"inLanguage\":\"hu\",\"potentialAction\":[{\"@type\":\"CommentAction\",\"name\":\"Comment\",\"target\":[\"https:\\\/\\\/hotnewsinworld.com\\\/hu\\\/tobb-idot-vehet-el-a-szavazatszamlalas-az-oktoberi-onkormanyzati-valasztason\\\/#respond\"]}]},{\"@type\":\"WebPage\",\"@id\":\"https:\\\/\\\/hotnewsinworld.com\\\/hu\\\/tobb-idot-vehet-el-a-szavazatszamlalas-az-oktoberi-onkormanyzati-valasztason\\\/\",\"url\":\"https:\\\/\\\/hotnewsinworld.com\\\/hu\\\/tobb-idot-vehet-el-a-szavazatszamlalas-az-oktoberi-onkormanyzati-valasztason\\\/\",\"name\":\"T\u00f6bb id\u0151t vehet el a szavazatsz\u00e1ml\u00e1l\u00e1s az okt\u00f3beri \u00f6nkorm\u00e1nyzati v\u00e1laszt\u00e1son - Hot News in World\",\"isPartOf\":{\"@id\":\"https:\\\/\\\/hotnewsinworld.com\\\/hu\\\/#website\"},\"primaryImageOfPage\":{\"@id\":\"https:\\\/\\\/hotnewsinworld.com\\\/hu\\\/tobb-idot-vehet-el-a-szavazatszamlalas-az-oktoberi-onkormanyzati-valasztason\\\/#primaryimage\"},\"image\":{\"@id\":\"https:\\\/\\\/hotnewsinworld.com\\\/hu\\\/tobb-idot-vehet-el-a-szavazatszamlalas-az-oktoberi-onkormanyzati-valasztason\\\/#primaryimage\"},\"thumbnailUrl\":\"https:\\\/\\\/hotnewsinworld.com\\\/hu\\\/wp-content\\\/uploads\\\/sites\\\/3\\\/2019\\\/06\\\/Hidv\u00e9ghi-Bal\u00e1zs-A-Fidesz-kezdem\u00e9nyezni-fogja-a-migr\u00e1nsk\u00e1rty\u00e1k-megsz\u00fcntet\u00e9s\u00e9t.png\",\"datePublished\":\"2019-09-11T06:19:16+00:00\",\"dateModified\":\"2019-09-11T06:19:17+00:00\",\"author\":{\"@id\":\"https:\\\/\\\/hotnewsinworld.com\\\/hu\\\/#\\\/schema\\\/person\\\/fe61448b21c0d59086e75fcc1f9d8f6b\"},\"breadcrumb\":{\"@id\":\"https:\\\/\\\/hotnewsinworld.com\\\/hu\\\/tobb-idot-vehet-el-a-szavazatszamlalas-az-oktoberi-onkormanyzati-valasztason\\\/#breadcrumb\"},\"inLanguage\":\"hu\",\"potentialAction\":[{\"@type\":\"ReadAction\",\"target\":[\"https:\\\/\\\/hotnewsinworld.com\\\/hu\\\/tobb-idot-vehet-el-a-szavazatszamlalas-az-oktoberi-onkormanyzati-valasztason\\\/\"]}]},{\"@type\":\"ImageObject\",\"inLanguage\":\"hu\",\"@id\":\"https:\\\/\\\/hotnewsinworld.com\\\/hu\\\/tobb-idot-vehet-el-a-szavazatszamlalas-az-oktoberi-onkormanyzati-valasztason\\\/#primaryimage\",\"url\":\"https:\\\/\\\/hotnewsinworld.com\\\/hu\\\/wp-content\\\/uploads\\\/sites\\\/3\\\/2019\\\/06\\\/Hidv\u00e9ghi-Bal\u00e1zs-A-Fidesz-kezdem\u00e9nyezni-fogja-a-migr\u00e1nsk\u00e1rty\u00e1k-megsz\u00fcntet\u00e9s\u00e9t.png\",\"contentUrl\":\"https:\\\/\\\/hotnewsinworld.com\\\/hu\\\/wp-content\\\/uploads\\\/sites\\\/3\\\/2019\\\/06\\\/Hidv\u00e9ghi-Bal\u00e1zs-A-Fidesz-kezdem\u00e9nyezni-fogja-a-migr\u00e1nsk\u00e1rty\u00e1k-megsz\u00fcntet\u00e9s\u00e9t.png\",\"width\":1200,\"height\":630,\"caption\":\"Hidv\u00e9ghi Bal\u00e1zs: A Fidesz kezdem\u00e9nyezni fogja a migr\u00e1nsk\u00e1rty\u00e1k megsz\u00fcntet\u00e9s\u00e9t\"},{\"@type\":\"BreadcrumbList\",\"@id\":\"https:\\\/\\\/hotnewsinworld.com\\\/hu\\\/tobb-idot-vehet-el-a-szavazatszamlalas-az-oktoberi-onkormanyzati-valasztason\\\/#breadcrumb\",\"itemListElement\":[{\"@type\":\"ListItem\",\"position\":1,\"name\":\"\u0413\u043b\u0430\u0432\u043d\u0430\u044f \u0441\u0442\u0440\u0430\u043d\u0438\u0446\u0430\",\"item\":\"https:\\\/\\\/hotnewsinworld.com\\\/hu\\\/\"},{\"@type\":\"ListItem\",\"position\":2,\"name\":\"T\u00f6bb id\u0151t vehet el a szavazatsz\u00e1ml\u00e1l\u00e1s az okt\u00f3beri \u00f6nkorm\u00e1nyzati v\u00e1laszt\u00e1son\"}]},{\"@type\":\"WebSite\",\"@id\":\"https:\\\/\\\/hotnewsinworld.com\\\/hu\\\/#website\",\"url\":\"https:\\\/\\\/hotnewsinworld.com\\\/hu\\\/\",\"name\":\"Hot News in World\",\"description\":\"Hot News in World from Hungary\",\"potentialAction\":[{\"@type\":\"SearchAction\",\"target\":{\"@type\":\"EntryPoint\",\"urlTemplate\":\"https:\\\/\\\/hotnewsinworld.com\\\/hu\\\/?s={search_term_string}\"},\"query-input\":{\"@type\":\"PropertyValueSpecification\",\"valueRequired\":true,\"valueName\":\"search_term_string\"}}],\"inLanguage\":\"hu\"},{\"@type\":\"Person\",\"@id\":\"https:\\\/\\\/hotnewsinworld.com\\\/hu\\\/#\\\/schema\\\/person\\\/fe61448b21c0d59086e75fcc1f9d8f6b\",\"name\":\"hotnewsinworld\",\"image\":{\"@type\":\"ImageObject\",\"inLanguage\":\"hu\",\"@id\":\"https:\\\/\\\/secure.gravatar.com\\\/avatar\\\/8a09ac165600ce2e1c38fe593c63928eb1e6e7ba5c5a907d67787c41b3d00c14?s=96&d=mm&r=g\",\"url\":\"https:\\\/\\\/secure.gravatar.com\\\/avatar\\\/8a09ac165600ce2e1c38fe593c63928eb1e6e7ba5c5a907d67787c41b3d00c14?s=96&d=mm&r=g\",\"contentUrl\":\"https:\\\/\\\/secure.gravatar.com\\\/avatar\\\/8a09ac165600ce2e1c38fe593c63928eb1e6e7ba5c5a907d67787c41b3d00c14?s=96&d=mm&r=g\",\"caption\":\"hotnewsinworld\"},\"url\":\"https:\\\/\\\/hotnewsinworld.com\\\/hu\\\/author\\\/pt\\\/\"}]}<\/script>\n<!-- \/ Yoast SEO plugin. -->","yoast_head_json":{"title":"T\u00f6bb id\u0151t vehet el a szavazatsz\u00e1ml\u00e1l\u00e1s az okt\u00f3beri \u00f6nkorm\u00e1nyzati v\u00e1laszt\u00e1son - Hot News in World","robots":{"index":"index","follow":"follow","max-snippet":"max-snippet:-1","max-image-preview":"max-image-preview:large","max-video-preview":"max-video-preview:-1"},"canonical":"https:\/\/hotnewsinworld.com\/hu\/tobb-idot-vehet-el-a-szavazatszamlalas-az-oktoberi-onkormanyzati-valasztason\/","og_locale":"hu_HU","og_type":"article","og_title":"T\u00f6bb id\u0151t vehet el a szavazatsz\u00e1ml\u00e1l\u00e1s az okt\u00f3beri \u00f6nkorm\u00e1nyzati v\u00e1laszt\u00e1son - Hot News in World","og_description":"A cikk emailben t\u00f6rt\u00e9n\u0151 elk\u00fcld\u00e9s\u00e9hez kattintson ide, vagy m\u00e1solja le \u00e9s k\u00fcldje el ezt a linket: https:\/\/magyarnemzet.hu\/belfold\/tobb-idot-vehet-el-a-szavazatszamlalas-az-oktoberi-onkormanyzati-valasztason-7292186\/ 2019. szeptember 11. szerda 08:11 Az okt\u00f3beri \u00f6nkorm\u00e1nyzati v\u00e1laszt\u00e1son azokban a szavaz\u00f3k\u00f6r\u00f6kben, ahol sok lesz a nemzetis\u00e9gi szavaz\u00f3, lassabban mehet a szavaz\u00e1s \u00e9s sok id\u0151t vehet el a szavaz\u00f3lapok sz\u00e9tv\u00e1logat\u00e1sa, \u00edgy k\u00e9s\u0151bb kezd\u0151dhet meg az eredm\u00e9nyek k\u00f6zl\u00e9se \u2013 [&hellip;]","og_url":"https:\/\/hotnewsinworld.com\/hu\/tobb-idot-vehet-el-a-szavazatszamlalas-az-oktoberi-onkormanyzati-valasztason\/","og_site_name":"Hot News in World","article_published_time":"2019-09-11T06:19:16+00:00","article_modified_time":"2019-09-11T06:19:17+00:00","og_image":[{"width":1200,"height":630,"url":"https:\/\/hotnewsinworld.com\/hu\/wp-content\/uploads\/sites\/3\/2019\/06\/Hidv\u00e9ghi-Bal\u00e1zs-A-Fidesz-kezdem\u00e9nyezni-fogja-a-migr\u00e1nsk\u00e1rty\u00e1k-megsz\u00fcntet\u00e9s\u00e9t.png","type":"image\/png"}],"author":"hotnewsinworld","twitter_card":"summary_large_image","twitter_misc":{"Szerz\u0151:":"hotnewsinworld","Becs\u00fclt olvas\u00e1si id\u0151":"3 perc"},"schema":{"@context":"https:\/\/schema.org","@graph":[{"@type":"Article","@id":"https:\/\/hotnewsinworld.com\/hu\/tobb-idot-vehet-el-a-szavazatszamlalas-az-oktoberi-onkormanyzati-valasztason\/#article","isPartOf":{"@id":"https:\/\/hotnewsinworld.com\/hu\/tobb-idot-vehet-el-a-szavazatszamlalas-az-oktoberi-onkormanyzati-valasztason\/"},"author":{"name":"hotnewsinworld","@id":"https:\/\/hotnewsinworld.com\/hu\/#\/schema\/person\/fe61448b21c0d59086e75fcc1f9d8f6b"},"headline":"T\u00f6bb id\u0151t vehet el a szavazatsz\u00e1ml\u00e1l\u00e1s az okt\u00f3beri \u00f6nkorm\u00e1nyzati v\u00e1laszt\u00e1son","datePublished":"2019-09-11T06:19:16+00:00","dateModified":"2019-09-11T06:19:17+00:00","mainEntityOfPage":{"@id":"https:\/\/hotnewsinworld.com\/hu\/tobb-idot-vehet-el-a-szavazatszamlalas-az-oktoberi-onkormanyzati-valasztason\/"},"wordCount":581,"commentCount":0,"image":{"@id":"https:\/\/hotnewsinworld.com\/hu\/tobb-idot-vehet-el-a-szavazatszamlalas-az-oktoberi-onkormanyzati-valasztason\/#primaryimage"},"thumbnailUrl":"https:\/\/hotnewsinworld.com\/hu\/wp-content\/uploads\/sites\/3\/2019\/06\/Hidv\u00e9ghi-Bal\u00e1zs-A-Fidesz-kezdem\u00e9nyezni-fogja-a-migr\u00e1nsk\u00e1rty\u00e1k-megsz\u00fcntet\u00e9s\u00e9t.png","articleSection":["LEG\u00daJABB P\u00c9NZ\u00dcGYI H\u00cdREK"],"inLanguage":"hu","potentialAction":[{"@type":"CommentAction","name":"Comment","target":["https:\/\/hotnewsinworld.com\/hu\/tobb-idot-vehet-el-a-szavazatszamlalas-az-oktoberi-onkormanyzati-valasztason\/#respond"]}]},{"@type":"WebPage","@id":"https:\/\/hotnewsinworld.com\/hu\/tobb-idot-vehet-el-a-szavazatszamlalas-az-oktoberi-onkormanyzati-valasztason\/","url":"https:\/\/hotnewsinworld.com\/hu\/tobb-idot-vehet-el-a-szavazatszamlalas-az-oktoberi-onkormanyzati-valasztason\/","name":"T\u00f6bb id\u0151t vehet el a szavazatsz\u00e1ml\u00e1l\u00e1s az okt\u00f3beri \u00f6nkorm\u00e1nyzati v\u00e1laszt\u00e1son - Hot News in World","isPartOf":{"@id":"https:\/\/hotnewsinworld.com\/hu\/#website"},"primaryImageOfPage":{"@id":"https:\/\/hotnewsinworld.com\/hu\/tobb-idot-vehet-el-a-szavazatszamlalas-az-oktoberi-onkormanyzati-valasztason\/#primaryimage"},"image":{"@id":"https:\/\/hotnewsinworld.com\/hu\/tobb-idot-vehet-el-a-szavazatszamlalas-az-oktoberi-onkormanyzati-valasztason\/#primaryimage"},"thumbnailUrl":"https:\/\/hotnewsinworld.com\/hu\/wp-content\/uploads\/sites\/3\/2019\/06\/Hidv\u00e9ghi-Bal\u00e1zs-A-Fidesz-kezdem\u00e9nyezni-fogja-a-migr\u00e1nsk\u00e1rty\u00e1k-megsz\u00fcntet\u00e9s\u00e9t.png","datePublished":"2019-09-11T06:19:16+00:00","dateModified":"2019-09-11T06:19:17+00:00","author":{"@id":"https:\/\/hotnewsinworld.com\/hu\/#\/schema\/person\/fe61448b21c0d59086e75fcc1f9d8f6b"},"breadcrumb":{"@id":"https:\/\/hotnewsinworld.com\/hu\/tobb-idot-vehet-el-a-szavazatszamlalas-az-oktoberi-onkormanyzati-valasztason\/#breadcrumb"},"inLanguage":"hu","potentialAction":[{"@type":"ReadAction","target":["https:\/\/hotnewsinworld.com\/hu\/tobb-idot-vehet-el-a-szavazatszamlalas-az-oktoberi-onkormanyzati-valasztason\/"]}]},{"@type":"ImageObject","inLanguage":"hu","@id":"https:\/\/hotnewsinworld.com\/hu\/tobb-idot-vehet-el-a-szavazatszamlalas-az-oktoberi-onkormanyzati-valasztason\/#primaryimage","url":"https:\/\/hotnewsinworld.com\/hu\/wp-content\/uploads\/sites\/3\/2019\/06\/Hidv\u00e9ghi-Bal\u00e1zs-A-Fidesz-kezdem\u00e9nyezni-fogja-a-migr\u00e1nsk\u00e1rty\u00e1k-megsz\u00fcntet\u00e9s\u00e9t.png","contentUrl":"https:\/\/hotnewsinworld.com\/hu\/wp-content\/uploads\/sites\/3\/2019\/06\/Hidv\u00e9ghi-Bal\u00e1zs-A-Fidesz-kezdem\u00e9nyezni-fogja-a-migr\u00e1nsk\u00e1rty\u00e1k-megsz\u00fcntet\u00e9s\u00e9t.png","width":1200,"height":630,"caption":"Hidv\u00e9ghi Bal\u00e1zs: A Fidesz kezdem\u00e9nyezni fogja a migr\u00e1nsk\u00e1rty\u00e1k megsz\u00fcntet\u00e9s\u00e9t"},{"@type":"BreadcrumbList","@id":"https:\/\/hotnewsinworld.com\/hu\/tobb-idot-vehet-el-a-szavazatszamlalas-az-oktoberi-onkormanyzati-valasztason\/#breadcrumb","itemListElement":[{"@type":"ListItem","position":1,"name":"\u0413\u043b\u0430\u0432\u043d\u0430\u044f \u0441\u0442\u0440\u0430\u043d\u0438\u0446\u0430","item":"https:\/\/hotnewsinworld.com\/hu\/"},{"@type":"ListItem","position":2,"name":"T\u00f6bb id\u0151t vehet el a szavazatsz\u00e1ml\u00e1l\u00e1s az okt\u00f3beri \u00f6nkorm\u00e1nyzati v\u00e1laszt\u00e1son"}]},{"@type":"WebSite","@id":"https:\/\/hotnewsinworld.com\/hu\/#website","url":"https:\/\/hotnewsinworld.com\/hu\/","name":"Hot News in World","description":"Hot News in World from Hungary","potentialAction":[{"@type":"SearchAction","target":{"@type":"EntryPoint","urlTemplate":"https:\/\/hotnewsinworld.com\/hu\/?s={search_term_string}"},"query-input":{"@type":"PropertyValueSpecification","valueRequired":true,"valueName":"search_term_string"}}],"inLanguage":"hu"},{"@type":"Person","@id":"https:\/\/hotnewsinworld.com\/hu\/#\/schema\/person\/fe61448b21c0d59086e75fcc1f9d8f6b","name":"hotnewsinworld","image":{"@type":"ImageObject","inLanguage":"hu","@id":"https:\/\/secure.gravatar.com\/avatar\/8a09ac165600ce2e1c38fe593c63928eb1e6e7ba5c5a907d67787c41b3d00c14?s=96&d=mm&r=g","url":"https:\/\/secure.gravatar.com\/avatar\/8a09ac165600ce2e1c38fe593c63928eb1e6e7ba5c5a907d67787c41b3d00c14?s=96&d=mm&r=g","contentUrl":"https:\/\/secure.gravatar.com\/avatar\/8a09ac165600ce2e1c38fe593c63928eb1e6e7ba5c5a907d67787c41b3d00c14?s=96&d=mm&r=g","caption":"hotnewsinworld"},"url":"https:\/\/hotnewsinworld.com\/hu\/author\/pt\/"}]}},"_links":{"self":[{"href":"https:\/\/hotnewsinworld.com\/hu\/wp-json\/wp\/v2\/posts\/1896","targetHints":{"allow":["GET"]}}],"collection":[{"href":"https:\/\/hotnewsinworld.com\/hu\/wp-json\/wp\/v2\/posts"}],"about":[{"href":"https:\/\/hotnewsinworld.com\/hu\/wp-json\/wp\/v2\/types\/post"}],"author":[{"embeddable":true,"href":"https:\/\/hotnewsinworld.com\/hu\/wp-json\/wp\/v2\/users\/2"}],"replies":[{"embeddable":true,"href":"https:\/\/hotnewsinworld.com\/hu\/wp-json\/wp\/v2\/comments?post=1896"}],"version-history":[{"count":1,"href":"https:\/\/hotnewsinworld.com\/hu\/wp-json\/wp\/v2\/posts\/1896\/revisions"}],"predecessor-version":[{"id":1897,"href":"https:\/\/hotnewsinworld.com\/hu\/wp-json\/wp\/v2\/posts\/1896\/revisions\/1897"}],"wp:featuredmedia":[{"embeddable":true,"href":"https:\/\/hotnewsinworld.com\/hu\/wp-json\/wp\/v2\/media\/199"}],"wp:attachment":[{"href":"https:\/\/hotnewsinworld.com\/hu\/wp-json\/wp\/v2\/media?parent=1896"}],"wp:term":[{"taxonomy":"category","embeddable":true,"href":"https:\/\/hotnewsinworld.com\/hu\/wp-json\/wp\/v2\/categories?post=1896"},{"taxonomy":"post_tag","embeddable":true,"href":"https:\/\/hotnewsinworld.com\/hu\/wp-json\/wp\/v2\/tags?post=1896"}],"curies":[{"name":"wp","href":"https:\/\/api.w.org\/{rel}","templated":true}]}}