{"id":1905,"date":"2019-09-11T13:37:25","date_gmt":"2019-09-11T10:37:25","guid":{"rendered":"https:\/\/hotnewsinworld.com\/hu\/gyilkosa-nodnek-s-tennen-magadnak-szaz-eve-halt-meg-csath-geza\/"},"modified":"2019-09-11T13:37:26","modified_gmt":"2019-09-11T10:37:26","slug":"gyilkosa-nodnek-s-tennen-magadnak-szaz-eve-halt-meg-csath-geza","status":"publish","type":"post","link":"https:\/\/hotnewsinworld.com\/hu\/gyilkosa-nodnek-s-tennen-magadnak-szaz-eve-halt-meg-csath-geza\/","title":{"rendered":"\u201eGyilkosa n\u0151dnek, s tennen-magadnak\u201d \u2013 sz\u00e1z \u00e9ve halt meg Cs\u00e1th G\u00e9za"},"content":{"rendered":"<p>2019. szeptember 11. 12:07<br \/>\n                            Tehets\u00e9ges orvos, \u00edr\u00f3, k\u00e9pz\u0151m\u0171v\u00e9sz, zeneszerz\u0151, kritikus \u00e9s publicista. \u00c9s sz\u00e9tboml\u00f3 elm\u00e9j\u0171, szexf\u00fcgg\u0151 morfinista. Sz\u00e1z \u00e9ve vetett v\u00e9get saj\u00e1t \u00e9s feles\u00e9ge \u00e9let\u00e9nek Cs\u00e1th G\u00e9za, a huszadik sz\u00e1zad eleji magyar irodalom egyik k\u00fcl\u00f6nc zsenije.<\/p>\n<p>                            \u201eAki azonban val\u00f3j\u00e1ban emberr\u00e9 tudott lenni \u00e9s sz\u00e1mot vetett mag\u00e1val &#8211; mint m\u00e9lt\u00f3s\u00e1g\u00e1hoz illik, &#8211; az raboljon mag\u00e1nak mindennap tizenn\u00e9gy \u00f3r\u00e1t. Ez a tizenn\u00e9gy \u00f3ra egyenl\u0151 n\u00e9gysz\u00e1z gener\u00e1ci\u00f3nak nyolcezer \u00e9ves \u00e9let\u00e9vel. De sz\u00e1m\u00edtsunk csak \u00f6tezret. Egy nap alatt teh\u00e1t \u00f6tezer esztend\u0151t \u00e9lek. Egy esztend\u0151 alatt ez k\u00f6r\u00fclbel\u00fcl k\u00e9t milli\u00f3 \u00e9vet jelent. F\u00f6lt\u00e9ve, hogy az \u00f3piumsz\u00edv\u00e1st mint kifejlett er\u0151s f\u00e9rfi kezded \u00e9s nagy gondot ford\u00edtasz testi \u00e9ps\u00e9ged f\u00f6nntart\u00e1s\u00e1ra. &#8211; amelyet legjobb \u00fcgyes orvosra b\u00edzni &#8211; t\u00edz esztendeig el\u00e9lhetsz. \u00c9s akkor h\u00fasz milli\u00f3 \u00e9ves korodban nyugodtan hajthatod fejedet az \u00f6r\u00f6k megsemmis\u00fcl\u00e9s jeges p\u00e1rn\u00e1j\u00e1ra.\u201d<\/p>\n<p>Cs\u00e1th G\u00e9za: Opium<\/p>\n<p>A polihisztor<\/p>\n<p>Cs\u00e1th G\u00e9za Brenner J\u00f3zsef n\u00e9ven 1887-ben sz\u00fcletett Szabadk\u00e1n. Anyj\u00e1t, Decsy Etelk\u00e1t nyolc\u00e9vesen vesztette el, apja, Brenner J\u00f3zsef anyagi gondokkal k\u00fczd\u0151 \u00fcgyv\u00e9d volt. Amellett, hogy a kis Cs\u00e1th heged\u00fclni tanult\u00a0a fest\u00e9szetben is \u00f6r\u00f6m\u00e9t lelte, m\u0171veit azonban tan\u00e1ra \u00e1tlagosnak titul\u00e1lta. \u00cdr\u00e1sait azonban m\u00e1r ebben az id\u0151szakban is dics\u00e9rt\u00e9k, tizenhat\u00a0\u00e9vesen a B\u00e1cskai H\u00edrlapba \u00edrt zenekritik\u00e1kat \u00e9s karcolatokat, majd a lap\u00a0indul\u00e1skor a Nyugat munkat\u00e1rsa lett.<\/p>\n<p>\u00c9retts\u00e9gije el\u0151tt k\u00fcldte el A k\u00e1lyha c\u00edm\u0171 novell\u00e1j\u00e1t Br\u00f3dy S\u00e1ndornak, aki azonnal biztatni kezdte Cs\u00e1thot. Innent\u0151l vette komolyan az \u00edr\u00e1st. Els\u0151 k\u00f6tete h\u00fasz\u00e9vesen jelent meg A var\u00e1zsl\u00f3 kertje c\u00edmmel, ekkorra st\u00edlusa m\u00e1r majdnem kiforrott. \u201eEgy k\u00f6tet, amelyben csupa ellent\u00e9tek \u2013 k\u00e9sz \u00e9rt\u00e9kek, er\u0151s t\u00f6r\u00e9sek, keres\u00e9sek, h\u00e9zagok \u00e9s meglepet\u00e9sek vannak. Els\u0151 k\u00f6tet\u201d \u2013 \u00edrta a m\u0171r\u0151l Kaffka Margit a Nyugatban v\u00e9g\u00fcl meg nem jelent recenzi\u00f3j\u00e1ban.<\/p>\n<p>Az \u00e9retts\u00e9gi megszerz\u00e9se ut\u00e1n \u2013 a Zenekad\u00e9mi\u00e1ra nem vett\u00e9k fel \u2013 1904-ben beiratkozott a Budapesti Orvosi Egyetemre, ahol ideggy\u00f3gy\u00e1szatot hallgatott. D\u00f6nt\u00e9s\u00e9ben a preszt\u00edzs \u00e9s az anyagi biztons\u00e1g mellett olyan dolgok is szerepet j\u00e1tszhattak, mint a saj\u00e1t lelk\u00e9nek eg\u00e9szs\u00e9ge, vagy az, hogy elm\u00e9je m\u0171k\u00f6d\u00e9s\u00e9t meg\u00e9rthesse. Szorong\u00f3 volt, mindemellett hipochonder.<\/p>\n<p>Hatalmas munkab\u00edr\u00e1sa, tud\u00e1s\u00e9hs\u00e9ge \u00e9s tanulni akar\u00e1sa leny\u0171g\u00f6zte k\u00f6rnyezet\u00e9t.<\/p>\n<p>Az orvosi diploma megszerz\u00e9se ut\u00e1n a Moravcsik Ern\u0151 vezette Elme- \u00e9s Idegk\u00f3rtani Klinik\u00e1n lett gyakornok. Az els\u0151k k\u00f6z\u00f6tt foglalkozott Freud elm\u00e9leteivel, Az elmebetegs\u00e9gek psychikus mechanismusa c\u00edm\u0171 munk\u00e1j\u00e1ban vegy\u00edti a klasszikus \u00e9s a pszichoanalitikus elm\u00e9leteket.<\/p>\n<p>A k\u00f6nyvben egy pszichi\u00e1tri\u00e1n kezelt beteg, bizonyos Kohn Gizella napl\u00f3j\u00e1t elemzi, k\u00e9s\u0151bb a m\u0171 Egy elmebeteg n\u0151 napl\u00f3ja c\u00edmen jelent meg.&#13;<br \/>\nCs\u00e1th elm\u00e9lete szerint a szem\u00e9lyis\u00e9g bizonyos komplexekb\u0151l \u00e1ll, melyek k\u00f6z\u00fcl ha valamelyik megs\u00e9r\u00fcl, a t\u00f6bbi a s\u00e9r\u00fclt k\u00e1r\u00e1ra n\u00f6vekszik. Ezt a t\u00f6r\u00e9keny egyens\u00falyt tartja az \u00e9pelm\u00e9j\u0171s\u00e9g \u00e9s az \u0151r\u00fclet kulcs\u00e1nak. Orvosi karrierje v\u00e9g\u00fcl nem v\u00e1ltotta be a hozz\u00e1 f\u0171z\u00f6tt rem\u00e9nyeket, Moravcsik \u2013 aki szkeptikusan, \u00e1m nem ellens\u00e9gesen szeml\u00e9lte Cs\u00e1th \u00faj\u00edt\u00f3 n\u00e9zeteit \u2013 v\u00e9g\u00fcl nem nevezte ki tan\u00e1rseg\u00e9dnek, amelyet Cs\u00e1th az irigys\u00e9g egyik jel\u00e9nek tartott.<\/p>\n<p>Unokatestv\u00e9rek: Cs\u00e1th \u00e9s Kosztol\u00e1nyi<\/p>\n<p>Morfiumot is fecskendezni n\u00e9ha halmozott coitusok ut\u00e1n<\/p>\n<p>1910. \u00e1prilis 9-\u00e9n Cs\u00e1thn\u00e1l t\u00fcd\u0151bajt (tuberkol\u00f3zist) diagnosztiz\u00e1ltak. \u201eA f\u00e9lhom\u00e1lyos, karbolszag\u00fa rendel\u0151ben hirtelen kriptaillat csapott meg\u201d \u2013 \u00edrja napl\u00f3j\u00e1ban, s \u00edgy folytatja:<\/p>\n<p>\u201eDe aznap nem tudtam aludni reggelig semmit. (\u2026) reggel f\u00e9l hatkor, a gy\u00f6ny\u00f6r\u0171 tavaszi nap sugaraiban fecskendeztem be az asztalomon l\u00e9v\u0151 fecskend\u0151b\u0151l az ugyancsak pihen\u0151 oldatb\u00f3l az els\u0151 adagot; 0,02M-et.\u201d<\/p>\n<p>Cs\u00e1th k\u00e9ts\u00e9gbees\u00e9se teljesen \u00e9rthet\u0151, hiszen ahogy manaps\u00e1g a r\u00e1kt\u00f3l, a kilencvenes \u00e9vekben az AIDS-t\u0151l, \u00fagy a m\u00falt sz\u00e1zad elej\u00e9n a tuberkol\u00f3zist\u00f3l, a feh\u00e9r pestist\u0151l rettegtek az emberek. Cs\u00e1th G\u00e9z\u00e1n\u00e1l a retteg\u00e9st m\u00e9ly\u00edtette, hogy \u00e9desanyj\u00e1t is ez a betegs\u00e9g vitte el. Innent\u0151l kezdve f\u00fcgg\u0151k\u00e9nt \u00e9lt, \u00e9s csak n\u00e9h\u00e1ny alkalommal tette le a morfiumot \u2013 \u00e1ltal\u00e1ban ekkor is m\u00e1s anyagokkal helyettes\u00edtette.<\/p>\n<p>Le akart szokni meg nem is<\/p>\n<p>\u2013 \u00e9rdekelte a szer hat\u00e1smechanizmusa, az elm\u00e9re kifejtett hat\u00e1sa. Cs\u00e1th lassan f\u00fcgg\u0151v\u00e9 v\u00e1lt. A m\u00e9rget \u2013 ahogy \u0151 nevezte \u2013 m\u00e1s anyagokkal is helyettes\u00edtette, pantoponnal \u00e9s \u00f3piummal a leszok\u00e1s \u00e9rdek\u00e9ben. Hirtelen lefogy\u00e1sa ut\u00e1n arz\u00e9nos h\u00edz\u00f3k\u00far\u00e1ba kezdett, amit\u0151l nagyon megh\u00edzott. Ekkor \u00e9tkez\u00e9s ut\u00e1n h\u00e1nytat\u00f3kat haszn\u00e1lt a fogy\u00e1s \u00e9rdek\u00e9ben.\u00a0<\/p>\n<p>1910-ben a T\u00e1tr\u00e1ban praktiz\u00e1lt, itt ismerte meg J\u00f3n\u00e1s Olg\u00e1t, akit h\u00e1rom \u00e9vnyi viszony ut\u00e1n, 1913-ban feles\u00e9g\u00fcl vett. Ez az id\u0151szak a legterm\u00e9kenyebb Cs\u00e1th-\u00e9ra: 1911-ben megjelenik a D\u00e9lut\u00e1ni \u00e1lom c\u00edm\u0171 k\u00f6tete, illetve bemutatt\u00e1k k\u00e9t darabj\u00e1t, A Janik\u00e1t \u00e9s a Hamvaz\u00f3szerd\u00e1t (ut\u00f3bbit saj\u00e1t zen\u00e9j\u00e9vel), illetve szint\u00e9n ebben az \u00e9vben adt\u00e1k ki a Zeneszerz\u0151 portr\u00e9k c\u00edm\u0171, zenei tematik\u00e1j\u00fa \u00edr\u00e1sainak v\u00e1logat\u00e1s\u00e1t, illetve egy \u00e9vvel k\u00e9s\u0151bb a m\u00e1r eml\u00edtett Az elmebetegs\u00e9gek psychikus mechanismusa c. k\u00f6nyvet, \u00e9s a Schmith m\u00e9zeskal\u00e1csost, ami elbesz\u00e9l\u00e9seit tartalmazta.<\/p>\n<p>1913 m\u00e1rcius\u00e1ban, amikor a n\u0151 azt mondta neki, \u201ete azt jobban szereted, mint engem\u201d,<\/p>\n<p>Cs\u00e1th neh\u00e9z d\u00f6nt\u00e9sre hat\u00e1rozta el mag\u00e1t: le kell szoknia. Ahogy \u0151 fogalmaz, ez a pr\u00f3ba \u00e9letre-hal\u00e1lra megy. Mindemellett akt\u00edv szexu\u00e1lis \u00e9letet \u00e9lt, amit pontosan dokument\u00e1lt a napl\u00f3j\u00e1ban. Minden h\u00f3nap v\u00e9g\u00e9n sz\u00e1mad\u00e1st k\u00e9sz\u00edtett a coitusok sz\u00e1m\u00e1r\u00f3l, illetve az \u00fcgyes-bajos dolgair\u00f3l. A jegyz\u00e9kben az is szerepel, hogy Olg\u00e1val h\u00e1ny aktusa volt, h\u00e1nyszor volt a n\u0151nek orgazmusa, illetve milyen m\u00e1s n\u0151kkel l\u00e9tes\u00edtett szexu\u00e1lis kapcsolatot. Mintha Cs\u00e1th c\u00e9lja nem az aktus maga, vagy a h\u00f3d\u00edt\u00e1s lett volna, hanem az, hogy pontosan r\u00f6gz\u00edtse az eseteket.<\/p>\n<p>A h\u00e1bor\u00fa \u0151t is \u00e9rintette, beh\u00edvt\u00e1k katonaorvosnak, megj\u00e1rta a d\u00e9li \u00e9s a keleti frontot, 1915-ben Budapestre ker\u00fcl az els\u0151 honv\u00e9d gyalodezredhez,\u00a0\u00a0\u00e1m f\u00fcgg\u0151s\u00e9ge miatt szabads\u00e1golj\u00e1k, k\u00e9t \u00e9v m\u00falva pedig felmentik katonai szolg\u00e1latai al\u00f3l. Reg\u0151c\u00e9n lett orvos.\u00a0<\/p>\n<p>J\u00f3n\u00e1s Olga \u00e9s Cs\u00e1th G\u00e9za<\/p>\n<p>\u201eAzut\u00e1n j\u00f6ttem r\u00e1, hogy hal\u00e1los beteg vagyok, \u00e9s nincs seg\u00edts\u00e9g.\u201d<\/p>\n<p>Ebben az id\u0151szakban meger\u0151s\u00f6d\u00f6tt Cs\u00e1th paranoi\u00e1ja. Unokatestv\u00e9r\u00e9nek, Kosztol\u00e1nyinak \u00edrt level\u00e9ben pontokban v\u00e1zolja t\u00e9vk\u00e9pzeteit, melynek k\u00f6z\u00e9ppontj\u00e1ban frissen sz\u00fcletett l\u00e1nyuk, Brenner Olga \u00e1llt.<\/p>\n<p>Cs\u00e1th meggy\u0151z\u0151d\u00e9se volt, hogy feles\u00e9ge megcsalta \u0151t. A paranoi\u00e1s \u00edr\u00f3 meggy\u0151z\u0151d\u00e9se, hogy feles\u00e9ge egy \u00e1lma elmes\u00e9l\u00e9s\u00e9vel be is vallotta h\u0171tlens\u00e9g\u00e9t. A tehets\u00e9ges megfigyel\u0151k\u00e9nt \u00e9s elmeorvosk\u00e9nt kor\u00e1bban m\u0171k\u00f6d\u0151 Cs\u00e1th ezzel elbukott,<\/p>\n<p>k\u00e9ptelen volt tiszt\u00e1n l\u00e1tni saj\u00e1t paranoi\u00e1ja, f\u00e9lt\u00e9kenys\u00e9ge \u00e1rny\u00e9k\u00e1ban.<\/p>\n<p>L\u00e1nya, Brenner Olga 1918 november\u00e9ben sz\u00fcletik, akir\u0151l k\u00e9s\u0151bb Cs\u00e1th \u00fagy gondolja, hogy nem t\u0151le van. 1919 elej\u00e9n Baj\u00e1n kezelik, itt t\u00f6bbsz\u00f6r \u00f6ngyilkoss\u00e1got k\u00eds\u00e9rel meg. J\u00fanius 22-\u00e9n hazasz\u00f6kik.\u00a0<\/p>\n<p>\u201eK\u00f6z\u00f6s elhat\u00e1roz\u00e1ssal lett\u00fcnk \u00f6ngyilkosok. J\u00f3n\u00e1s Olga\u201d \u2013 \u00edratta r\u00e1 feles\u00e9g\u00e9vel egy cetlire 1919. j\u00falius 14-\u00e9n.\u00a0\u00a0Az ezt k\u00f6vet\u0151 t\u00f6rt\u00e9n\u00e9seket egy Kosztol\u00e1nyinak \u00edrt lev\u00e9lb\u0151l tudhatjuk meg a legpontosabban: \u201e\u00cdgy t\u00f6rt\u00e9nt, hogy feles\u00e9g\u00e9t [Cs\u00e1th] j\u00falius 22-\u00e9n d\u00e9lut\u00e1n a rendel\u0151szob\u00e1ban h\u00e1rom revolverl\u00f6v\u00e9ssel agyonl\u0151tte. A szerencs\u00e9tlen asszonyt kisl\u00e1nya mellett \u00e9rte az els\u0151 l\u00f6v\u00e9s, m\u00e9g volt annyi ereje, hogy a szomsz\u00e9ds\u00e1ghoz menek\u00fclj\u00f6n, hol egy \u00f3ra m\u00falva meghalt. Ut\u00e1na Cs\u00e1th G\u00e9za f\u00f6lv\u00e1gta karj\u00e1n az ereit \u00e9s nagy adag morfiumot is vett be, de egy szerb katonaorvos r\u00f6gt\u00f6n gyomormos\u00e1st v\u00e9gzett, bek\u00f6t\u00f6zte \u0151t s megmentette az \u00e9letnek. M\u00e9g aznap este a bajai k\u00f3rh\u00e1zba sz\u00e1ll\u00edtott\u00e1k, hol t\u00f6bbsz\u00f6r megl\u00e1togatta \u00f6ccse, kinek nem akarta elhinni, hogy a feles\u00e9ge meghalt, hab\u00e1r a temet\u00e9si sz\u00e1ml\u00e1kat is felmutatta neki. (\u2026) Baj\u00e1n szeptember els\u0151 napj\u00e1ig \u00e1polt\u00e1k \u0151t, azt\u00e1n az itteni [Szabadka] k\u00f3rh\u00e1z elmeoszt\u00e1ly\u00e1ba hozatt\u00e1k, szempember 11-r\u0151l 12-re virrad\u00f3 \u00e9jjel megsz\u00f6k\u00f6tt \u00e9s 12-\u00e9n reggel hat \u00f3rakor &#8211; k\u00f3rh\u00e1zi nadr\u00e1gban, cs\u00edkos k\u00f3rh\u00e1zi sapk\u00e1ban \u00e9s zsakettben &#8211; be\u00e1ll\u00edtott gy\u00f3gyszer\u00e9sz-nagyb\u00e1tyj\u00e1hoz, kit\u0151l morfiumot \u00e9s atropint k\u00e9rt. Term\u00e9szetesen nem kapott. F\u00e9l\u00f3rai ottid\u0151z\u00e9s ut\u00e1n t\u00e1vozott \u00e9s Budapest fel\u00e9 indult gyalog, a nagyb\u00e1tyj\u00e1t\u00f3l k\u00e9rt sz\u00e1z koron\u00e1val. El is jutott a demark\u00e1ci\u00f3s vonalig, hol a katon\u00e1k f\u00f6ltart\u00f3ztatt\u00e1k \u00e9s visszafel\u00e9 kezdt\u00e9k k\u00eds\u00e9rni. \u0150 k\u00f6ny\u00f6rg\u00f6tt, hogy l\u0151j\u00e9k agyon, mert nem akart a k\u00f3rh\u00e1zba visszamenni. Mikor a katon\u00e1k nem teljes\u00edtett\u00e9k a k\u00edv\u00e1ns\u00e1g\u00e1t, a mag\u00e1n\u00e1l lev\u0151 \u00e9s &#8211; nem tudni hogyan \u00e9s honnan szerzett &#8211; m\u00e9rget lenyelte \u00e9s szeptember 12-\u00e9n este hat \u00f3rakor meghalt.\u201d<\/p>\n<p>A magyar Maupassant<\/p>\n<p>Ahogy a nagy francia novellist\u00e1t, \u00fagy Cs\u00e1thot is a novell\u00e1i tett\u00e9k naggy\u00e1, azonban sz\u00e1mos m\u00e1s\u00a0ter\u00fcleten is k\u00e9pes volt megel\u0151zni kor\u00e1t, ahol \u00e9ppen tev\u00e9kenykedett. Az els\u0151k k\u00f6z\u00f6tt fedezte fel a nagyk\u00f6z\u00f6ns\u00e9g sz\u00e1m\u00e1ra Puccinit, ez az \u00edr\u00e1sa 1908-ban jelent meg, az alig h\u00fasz\u00e9ves Cs\u00e1th r\u00f6vid tanulm\u00e1ny\u00e1t h\u00fasz \u00e9vvel k\u00e9s\u0151bb n\u00e9metre is leford\u00edtott\u00e1k. Egyes akkori v\u00e9lem\u00e9nyek szerint ez ak\u00e1r kezdete is lehetett volna egy modern zeneeszt\u00e9tik\u00e1nak. Azonban nem csak Puccinit fedezte fel,<\/p>\n<p>felh\u00edvta a figyelmet Kod\u00e1ly \u00e9s Bart\u00f3k \u00e1ld\u00e1sos tev\u00e9kenys\u00e9g\u00e9re is.<\/p>\n<p>Irodalmi m\u0171veiben mind anyja korai hal\u00e1la, mind pedig \u00e9rdekl\u0151d\u00e9se a pszichi\u00e1tria fel\u00e9 megmutatkozik. Sosem kereste a t\u00falvil\u00e1git:\u00a0t\u00e1rgyilagos, \u00e1m nem l\u00e9p a val\u00f3s\u00e1gon k\u00edv\u00fclre, cser\u00e9be a lehet\u0151 legm\u00e9lyebben vizsg\u00e1lja azt, ami a val\u00f3n bel\u00fcl van, \u00e9s legink\u00e1bb azt, ami az emberen, az elm\u00e9n bel\u00fcl. Sz\u00edndarabjait (A Janika \u00e9s a Hamvaz\u00f3szerda) pozit\u00edvan fogadta a kritika, Kosztol\u00e1nyi \u00e9s Ignotus is (b\u00e1r ut\u00f3bbi az elvontabb Hamvaz\u00f3szerd\u00e1t alig \u00e9rinti, hozz\u00e1\u00e1ll\u00e1sa sejthet\u0151 {b\u00e1r ezt Adyr\u00f3l \u00edrta}: \u201eAkasszanak fel, ha \u00e9rtem\u201d) elismer\u0151en nyilatkoztak r\u00f3la, s\u0151t, a Magyar Sz\u00ednh\u00e1zban j\u00e1tszott\u00e1k is \u0151ket. Ezekben a darabokban is el\u0151bukkan a hal\u00e1l, a fanyar humor, \u00e9s az \u00f3pium is.<\/p>\n<p>K\u00e9s\u0151bbi m\u0171v\u00e9szet\u00e9re is igaz, hogy teljesen realista, nem ringatja ill\u00fazi\u00f3kban sem mag\u00e1t, sem az olvas\u00f3t: ehhez term\u00e9szetesen hozz\u00e1j\u00e1rult term\u00e9szettudom\u00e1nyos szeml\u00e9lete is.<\/p>\n<p>Novell\u00e1i mintha esetek lenn\u00e9nek, nem t\u00f6rt\u00e9netek. Az elvadult emberi sorsokat keresi. Objekt\u00edvnek hat\u00f3 novell\u00e1it hidegen z\u00e1rja le, A v\u00f6r\u00f6s Eszti vagy A k\u00e1lyha is ilyen. Az Anyagyilkoss\u00e1gban tetten \u00e9rhetj\u00fck azt, ahogy az anya hal\u00e1la k\u00f6r\u00fcli passz\u00edv szenved\u00e9s akt\u00edv cselekv\u00e9ss\u00e9, gyilkoss\u00e1gg\u00e1 v\u00e1lik. Tudta, hogy az \u00e1lobjektivit\u00e1sn\u00e1l aligha l\u00e9tezik er\u0151sebb kifejez\u0151eszk\u00f6z. Nem v\u00e1laszol, hanem k\u00e9rd\u00e9seket tesz fel. Olyanokat, amikre tudunk v\u00e1laszolni, pedig nem szeretn\u00e9nk.<\/p>\n<p>\u201eTe ezt m\u00e1r nem \u00e9rtheted, \u00e9n se \u00e9rtelek titeket\u201d<\/p>\n<p>Cs\u00e1th folyamatosan vesz\u00edtette el realit\u00e1s\u00e9rz\u00e9k\u00e9t, kapcsolat\u00e1t a k\u00fclvil\u00e1ggal \u00e9s saj\u00e1t mag\u00e1val. A gyilkoss\u00e1g ut\u00e1na gy\u00f3gykezel\u00e9se k\u00f6zben b\u00facs\u00faleveleket \u00edr, melyekben a c\u00edmzettet teszi felel\u0151ss\u00e9 \u00f6ngyilkoss\u00e1g\u00e1ban.\u00a0Azonban Kosztol\u00e1nyi szerint megj\u00f3solhat\u00f3 volt, mi fog t\u00f6rt\u00e9nni:<\/p>\n<p>a morfinizmust okozatk\u00e9nt kezelte, mintegy menek\u00fcl\u00e9sk\u00e9nt a melank\u00f3lia el\u0151l.<\/p>\n<p>Kosztol\u00e1nyi Dezs\u0151n\u00e9 \u00edr\u00e1saib\u00f3l megismerhetj\u00fck a m\u00e9g \u00e9leter\u0151s Cs\u00e1thot: seg\u00edt\u0151k\u00e9sz, kedves, intelligens, vid\u00e1m.<\/p>\n<p>Napl\u00f3it olvasva egy\u00e9bk\u00e9nt az a benyom\u00e1sunk t\u00e1mad, hogy egy mennyire sokoldal\u00fa ember enged betekint\u00e9st gondolataiba. H\u00e1tborzongat\u00f3 v\u00e9gigolvasni\u00a0\u00e9s sz\u00e9p lassan l\u00e1tni azokat a t\u00f6rt\u00e9n\u00e9seket, amik a teljes \u00f6sszeoml\u00e1s fel\u00e9 sodorj\u00e1k a tehets\u00e9ges \u00edr\u00f3t. Ez a fajta \u00f6sszeoml\u00e1s bar\u00e1tainak, csal\u00e1dj\u00e1nak is felt\u0171nt:\u00a0\u00e9szrevett\u00e9k, ahogy a ked\u00e9lyes, seg\u00edt\u0151k\u00e9sz orvosb\u00f3l \u00e9s tehets\u00e9ges \u00edr\u00f3b\u00f3l egyre ig\u00e9nytelenebb, mag\u00e1nyt \u00e9s morfiumot keres\u0151 roncs v\u00e1lik. Azt\u00e1n egyik pillanatr\u00f3l a m\u00e1sikra az az ember, aki felfedezte Puccinit, Kod\u00e1lyt, Bart\u00f3kot, kisebb sark\u00edt\u00e1ssal Freudot, ott fekszik a f\u00f6ld\u00f6n, miut\u00e1n meg\u00f6lte feles\u00e9g\u00e9t \u00e9s bevette a hal\u00e1los adag pantopont.<\/p>\n<p>V\u00e9gre nyugodtan pihenhetett. H\u00faszmilli\u00f3 \u00e9v alatt is sok lenne ennyi szenved\u00e9s.<\/p>\n<p>K\u00e9pek forr\u00e1sa: Pet\u0151fi Irodalmi M\u00fazeum<\/p>\n<p>\n<!--noindex--><br \/>\n<a href=\"https:\/\/hirek.oldal.info\/rssclick\/14388017\" rel=\"nofollow\">Source link <\/a><br \/>\n<!--\/noindex--><\/p>\n","protected":false},"excerpt":{"rendered":"<p>2019. szeptember 11. 12:07 Tehets\u00e9ges orvos, \u00edr\u00f3, k\u00e9pz\u0151m\u0171v\u00e9sz, zeneszerz\u0151, kritikus \u00e9s publicista. \u00c9s sz\u00e9tboml\u00f3 elm\u00e9j\u0171, szexf\u00fcgg\u0151 morfinista. Sz\u00e1z \u00e9ve vetett v\u00e9get saj\u00e1t \u00e9s feles\u00e9ge \u00e9let\u00e9nek Cs\u00e1th G\u00e9za, a huszadik sz\u00e1zad eleji magyar irodalom egyik k\u00fcl\u00f6nc zsenije. \u201eAki azonban val\u00f3j\u00e1ban emberr\u00e9 tudott lenni \u00e9s sz\u00e1mot vetett mag\u00e1val &#8211; mint m\u00e9lt\u00f3s\u00e1g\u00e1hoz illik, &#8211; az raboljon mag\u00e1nak mindennap [&hellip;]<\/p>\n","protected":false},"author":2,"featured_media":1906,"comment_status":"open","ping_status":"open","sticky":false,"template":"","format":"standard","meta":{"footnotes":""},"categories":[1],"tags":[],"class_list":["post-1905","post","type-post","status-publish","format-standard","has-post-thumbnail","hentry","category-legujabb-penzugyi-hirek"],"yoast_head":"<!-- This site is optimized with the Yoast SEO plugin v27.4 - https:\/\/yoast.com\/product\/yoast-seo-wordpress\/ -->\n<title>\u201eGyilkosa n\u0151dnek, s tennen-magadnak\u201d \u2013 sz\u00e1z \u00e9ve halt meg Cs\u00e1th G\u00e9za - Hot News in World<\/title>\n<meta name=\"robots\" content=\"index, follow, max-snippet:-1, max-image-preview:large, max-video-preview:-1\" \/>\n<link rel=\"canonical\" href=\"https:\/\/hotnewsinworld.com\/hu\/gyilkosa-nodnek-s-tennen-magadnak-szaz-eve-halt-meg-csath-geza\/\" \/>\n<meta property=\"og:locale\" content=\"hu_HU\" \/>\n<meta property=\"og:type\" content=\"article\" \/>\n<meta property=\"og:title\" content=\"\u201eGyilkosa n\u0151dnek, s tennen-magadnak\u201d \u2013 sz\u00e1z \u00e9ve halt meg Cs\u00e1th G\u00e9za - Hot News in World\" \/>\n<meta property=\"og:description\" content=\"2019. szeptember 11. 12:07 Tehets\u00e9ges orvos, \u00edr\u00f3, k\u00e9pz\u0151m\u0171v\u00e9sz, zeneszerz\u0151, kritikus \u00e9s publicista. \u00c9s sz\u00e9tboml\u00f3 elm\u00e9j\u0171, szexf\u00fcgg\u0151 morfinista. Sz\u00e1z \u00e9ve vetett v\u00e9get saj\u00e1t \u00e9s feles\u00e9ge \u00e9let\u00e9nek Cs\u00e1th G\u00e9za, a huszadik sz\u00e1zad eleji magyar irodalom egyik k\u00fcl\u00f6nc zsenije. \u201eAki azonban val\u00f3j\u00e1ban emberr\u00e9 tudott lenni \u00e9s sz\u00e1mot vetett mag\u00e1val &#8211; mint m\u00e9lt\u00f3s\u00e1g\u00e1hoz illik, &#8211; az raboljon mag\u00e1nak mindennap [&hellip;]\" \/>\n<meta property=\"og:url\" content=\"https:\/\/hotnewsinworld.com\/hu\/gyilkosa-nodnek-s-tennen-magadnak-szaz-eve-halt-meg-csath-geza\/\" \/>\n<meta property=\"og:site_name\" content=\"Hot News in World\" \/>\n<meta property=\"article:published_time\" content=\"2019-09-11T10:37:25+00:00\" \/>\n<meta property=\"article:modified_time\" content=\"2019-09-11T10:37:26+00:00\" \/>\n<meta property=\"og:image\" content=\"https:\/\/hotnewsinworld.com\/hu\/wp-content\/uploads\/sites\/3\/2019\/09\/\u201eGyilkosa-n\u0151dnek-s-tennen-magadnak\u201d-\u2013-sz\u00e1z-\u00e9ve-halt-meg-Cs\u00e1th.jpg\" \/>\n\t<meta property=\"og:image:width\" content=\"992\" \/>\n\t<meta property=\"og:image:height\" content=\"558\" \/>\n\t<meta property=\"og:image:type\" content=\"image\/jpeg\" \/>\n<meta name=\"author\" content=\"hotnewsinworld\" \/>\n<meta name=\"twitter:card\" content=\"summary_large_image\" \/>\n<meta name=\"twitter:label1\" content=\"Szerz\u0151:\" \/>\n\t<meta name=\"twitter:data1\" content=\"hotnewsinworld\" \/>\n\t<meta name=\"twitter:label2\" content=\"Becs\u00fclt olvas\u00e1si id\u0151\" \/>\n\t<meta name=\"twitter:data2\" content=\"12 perc\" \/>\n<script type=\"application\/ld+json\" class=\"yoast-schema-graph\">{\"@context\":\"https:\\\/\\\/schema.org\",\"@graph\":[{\"@type\":\"Article\",\"@id\":\"https:\\\/\\\/hotnewsinworld.com\\\/hu\\\/gyilkosa-nodnek-s-tennen-magadnak-szaz-eve-halt-meg-csath-geza\\\/#article\",\"isPartOf\":{\"@id\":\"https:\\\/\\\/hotnewsinworld.com\\\/hu\\\/gyilkosa-nodnek-s-tennen-magadnak-szaz-eve-halt-meg-csath-geza\\\/\"},\"author\":{\"name\":\"hotnewsinworld\",\"@id\":\"https:\\\/\\\/hotnewsinworld.com\\\/hu\\\/#\\\/schema\\\/person\\\/fe61448b21c0d59086e75fcc1f9d8f6b\"},\"headline\":\"\u201eGyilkosa n\u0151dnek, s tennen-magadnak\u201d \u2013 sz\u00e1z \u00e9ve halt meg Cs\u00e1th G\u00e9za\",\"datePublished\":\"2019-09-11T10:37:25+00:00\",\"dateModified\":\"2019-09-11T10:37:26+00:00\",\"mainEntityOfPage\":{\"@id\":\"https:\\\/\\\/hotnewsinworld.com\\\/hu\\\/gyilkosa-nodnek-s-tennen-magadnak-szaz-eve-halt-meg-csath-geza\\\/\"},\"wordCount\":2435,\"commentCount\":0,\"image\":{\"@id\":\"https:\\\/\\\/hotnewsinworld.com\\\/hu\\\/gyilkosa-nodnek-s-tennen-magadnak-szaz-eve-halt-meg-csath-geza\\\/#primaryimage\"},\"thumbnailUrl\":\"https:\\\/\\\/hotnewsinworld.com\\\/hu\\\/wp-content\\\/uploads\\\/sites\\\/3\\\/2019\\\/09\\\/\u201eGyilkosa-n\u0151dnek-s-tennen-magadnak\u201d-\u2013-sz\u00e1z-\u00e9ve-halt-meg-Cs\u00e1th.jpg\",\"articleSection\":[\"LEG\u00daJABB P\u00c9NZ\u00dcGYI H\u00cdREK\"],\"inLanguage\":\"hu\",\"potentialAction\":[{\"@type\":\"CommentAction\",\"name\":\"Comment\",\"target\":[\"https:\\\/\\\/hotnewsinworld.com\\\/hu\\\/gyilkosa-nodnek-s-tennen-magadnak-szaz-eve-halt-meg-csath-geza\\\/#respond\"]}]},{\"@type\":\"WebPage\",\"@id\":\"https:\\\/\\\/hotnewsinworld.com\\\/hu\\\/gyilkosa-nodnek-s-tennen-magadnak-szaz-eve-halt-meg-csath-geza\\\/\",\"url\":\"https:\\\/\\\/hotnewsinworld.com\\\/hu\\\/gyilkosa-nodnek-s-tennen-magadnak-szaz-eve-halt-meg-csath-geza\\\/\",\"name\":\"\u201eGyilkosa n\u0151dnek, s tennen-magadnak\u201d \u2013 sz\u00e1z \u00e9ve halt meg Cs\u00e1th G\u00e9za - Hot News in World\",\"isPartOf\":{\"@id\":\"https:\\\/\\\/hotnewsinworld.com\\\/hu\\\/#website\"},\"primaryImageOfPage\":{\"@id\":\"https:\\\/\\\/hotnewsinworld.com\\\/hu\\\/gyilkosa-nodnek-s-tennen-magadnak-szaz-eve-halt-meg-csath-geza\\\/#primaryimage\"},\"image\":{\"@id\":\"https:\\\/\\\/hotnewsinworld.com\\\/hu\\\/gyilkosa-nodnek-s-tennen-magadnak-szaz-eve-halt-meg-csath-geza\\\/#primaryimage\"},\"thumbnailUrl\":\"https:\\\/\\\/hotnewsinworld.com\\\/hu\\\/wp-content\\\/uploads\\\/sites\\\/3\\\/2019\\\/09\\\/\u201eGyilkosa-n\u0151dnek-s-tennen-magadnak\u201d-\u2013-sz\u00e1z-\u00e9ve-halt-meg-Cs\u00e1th.jpg\",\"datePublished\":\"2019-09-11T10:37:25+00:00\",\"dateModified\":\"2019-09-11T10:37:26+00:00\",\"author\":{\"@id\":\"https:\\\/\\\/hotnewsinworld.com\\\/hu\\\/#\\\/schema\\\/person\\\/fe61448b21c0d59086e75fcc1f9d8f6b\"},\"breadcrumb\":{\"@id\":\"https:\\\/\\\/hotnewsinworld.com\\\/hu\\\/gyilkosa-nodnek-s-tennen-magadnak-szaz-eve-halt-meg-csath-geza\\\/#breadcrumb\"},\"inLanguage\":\"hu\",\"potentialAction\":[{\"@type\":\"ReadAction\",\"target\":[\"https:\\\/\\\/hotnewsinworld.com\\\/hu\\\/gyilkosa-nodnek-s-tennen-magadnak-szaz-eve-halt-meg-csath-geza\\\/\"]}]},{\"@type\":\"ImageObject\",\"inLanguage\":\"hu\",\"@id\":\"https:\\\/\\\/hotnewsinworld.com\\\/hu\\\/gyilkosa-nodnek-s-tennen-magadnak-szaz-eve-halt-meg-csath-geza\\\/#primaryimage\",\"url\":\"https:\\\/\\\/hotnewsinworld.com\\\/hu\\\/wp-content\\\/uploads\\\/sites\\\/3\\\/2019\\\/09\\\/\u201eGyilkosa-n\u0151dnek-s-tennen-magadnak\u201d-\u2013-sz\u00e1z-\u00e9ve-halt-meg-Cs\u00e1th.jpg\",\"contentUrl\":\"https:\\\/\\\/hotnewsinworld.com\\\/hu\\\/wp-content\\\/uploads\\\/sites\\\/3\\\/2019\\\/09\\\/\u201eGyilkosa-n\u0151dnek-s-tennen-magadnak\u201d-\u2013-sz\u00e1z-\u00e9ve-halt-meg-Cs\u00e1th.jpg\",\"width\":992,\"height\":558,\"caption\":\"\u201eGyilkosa n\u0151dnek, s tennen-magadnak\u201d \u2013 sz\u00e1z \u00e9ve halt meg Cs\u00e1th G\u00e9za\"},{\"@type\":\"BreadcrumbList\",\"@id\":\"https:\\\/\\\/hotnewsinworld.com\\\/hu\\\/gyilkosa-nodnek-s-tennen-magadnak-szaz-eve-halt-meg-csath-geza\\\/#breadcrumb\",\"itemListElement\":[{\"@type\":\"ListItem\",\"position\":1,\"name\":\"\u0413\u043b\u0430\u0432\u043d\u0430\u044f \u0441\u0442\u0440\u0430\u043d\u0438\u0446\u0430\",\"item\":\"https:\\\/\\\/hotnewsinworld.com\\\/hu\\\/\"},{\"@type\":\"ListItem\",\"position\":2,\"name\":\"\u201eGyilkosa n\u0151dnek, s tennen-magadnak\u201d \u2013 sz\u00e1z \u00e9ve halt meg Cs\u00e1th G\u00e9za\"}]},{\"@type\":\"WebSite\",\"@id\":\"https:\\\/\\\/hotnewsinworld.com\\\/hu\\\/#website\",\"url\":\"https:\\\/\\\/hotnewsinworld.com\\\/hu\\\/\",\"name\":\"Hot News in World\",\"description\":\"Hot News in World from Hungary\",\"potentialAction\":[{\"@type\":\"SearchAction\",\"target\":{\"@type\":\"EntryPoint\",\"urlTemplate\":\"https:\\\/\\\/hotnewsinworld.com\\\/hu\\\/?s={search_term_string}\"},\"query-input\":{\"@type\":\"PropertyValueSpecification\",\"valueRequired\":true,\"valueName\":\"search_term_string\"}}],\"inLanguage\":\"hu\"},{\"@type\":\"Person\",\"@id\":\"https:\\\/\\\/hotnewsinworld.com\\\/hu\\\/#\\\/schema\\\/person\\\/fe61448b21c0d59086e75fcc1f9d8f6b\",\"name\":\"hotnewsinworld\",\"image\":{\"@type\":\"ImageObject\",\"inLanguage\":\"hu\",\"@id\":\"https:\\\/\\\/secure.gravatar.com\\\/avatar\\\/8a09ac165600ce2e1c38fe593c63928eb1e6e7ba5c5a907d67787c41b3d00c14?s=96&d=mm&r=g\",\"url\":\"https:\\\/\\\/secure.gravatar.com\\\/avatar\\\/8a09ac165600ce2e1c38fe593c63928eb1e6e7ba5c5a907d67787c41b3d00c14?s=96&d=mm&r=g\",\"contentUrl\":\"https:\\\/\\\/secure.gravatar.com\\\/avatar\\\/8a09ac165600ce2e1c38fe593c63928eb1e6e7ba5c5a907d67787c41b3d00c14?s=96&d=mm&r=g\",\"caption\":\"hotnewsinworld\"},\"url\":\"https:\\\/\\\/hotnewsinworld.com\\\/hu\\\/author\\\/pt\\\/\"}]}<\/script>\n<!-- \/ Yoast SEO plugin. -->","yoast_head_json":{"title":"\u201eGyilkosa n\u0151dnek, s tennen-magadnak\u201d \u2013 sz\u00e1z \u00e9ve halt meg Cs\u00e1th G\u00e9za - Hot News in World","robots":{"index":"index","follow":"follow","max-snippet":"max-snippet:-1","max-image-preview":"max-image-preview:large","max-video-preview":"max-video-preview:-1"},"canonical":"https:\/\/hotnewsinworld.com\/hu\/gyilkosa-nodnek-s-tennen-magadnak-szaz-eve-halt-meg-csath-geza\/","og_locale":"hu_HU","og_type":"article","og_title":"\u201eGyilkosa n\u0151dnek, s tennen-magadnak\u201d \u2013 sz\u00e1z \u00e9ve halt meg Cs\u00e1th G\u00e9za - Hot News in World","og_description":"2019. szeptember 11. 12:07 Tehets\u00e9ges orvos, \u00edr\u00f3, k\u00e9pz\u0151m\u0171v\u00e9sz, zeneszerz\u0151, kritikus \u00e9s publicista. \u00c9s sz\u00e9tboml\u00f3 elm\u00e9j\u0171, szexf\u00fcgg\u0151 morfinista. Sz\u00e1z \u00e9ve vetett v\u00e9get saj\u00e1t \u00e9s feles\u00e9ge \u00e9let\u00e9nek Cs\u00e1th G\u00e9za, a huszadik sz\u00e1zad eleji magyar irodalom egyik k\u00fcl\u00f6nc zsenije. \u201eAki azonban val\u00f3j\u00e1ban emberr\u00e9 tudott lenni \u00e9s sz\u00e1mot vetett mag\u00e1val &#8211; mint m\u00e9lt\u00f3s\u00e1g\u00e1hoz illik, &#8211; az raboljon mag\u00e1nak mindennap [&hellip;]","og_url":"https:\/\/hotnewsinworld.com\/hu\/gyilkosa-nodnek-s-tennen-magadnak-szaz-eve-halt-meg-csath-geza\/","og_site_name":"Hot News in World","article_published_time":"2019-09-11T10:37:25+00:00","article_modified_time":"2019-09-11T10:37:26+00:00","og_image":[{"width":992,"height":558,"url":"https:\/\/hotnewsinworld.com\/hu\/wp-content\/uploads\/sites\/3\/2019\/09\/\u201eGyilkosa-n\u0151dnek-s-tennen-magadnak\u201d-\u2013-sz\u00e1z-\u00e9ve-halt-meg-Cs\u00e1th.jpg","type":"image\/jpeg"}],"author":"hotnewsinworld","twitter_card":"summary_large_image","twitter_misc":{"Szerz\u0151:":"hotnewsinworld","Becs\u00fclt olvas\u00e1si id\u0151":"12 perc"},"schema":{"@context":"https:\/\/schema.org","@graph":[{"@type":"Article","@id":"https:\/\/hotnewsinworld.com\/hu\/gyilkosa-nodnek-s-tennen-magadnak-szaz-eve-halt-meg-csath-geza\/#article","isPartOf":{"@id":"https:\/\/hotnewsinworld.com\/hu\/gyilkosa-nodnek-s-tennen-magadnak-szaz-eve-halt-meg-csath-geza\/"},"author":{"name":"hotnewsinworld","@id":"https:\/\/hotnewsinworld.com\/hu\/#\/schema\/person\/fe61448b21c0d59086e75fcc1f9d8f6b"},"headline":"\u201eGyilkosa n\u0151dnek, s tennen-magadnak\u201d \u2013 sz\u00e1z \u00e9ve halt meg Cs\u00e1th G\u00e9za","datePublished":"2019-09-11T10:37:25+00:00","dateModified":"2019-09-11T10:37:26+00:00","mainEntityOfPage":{"@id":"https:\/\/hotnewsinworld.com\/hu\/gyilkosa-nodnek-s-tennen-magadnak-szaz-eve-halt-meg-csath-geza\/"},"wordCount":2435,"commentCount":0,"image":{"@id":"https:\/\/hotnewsinworld.com\/hu\/gyilkosa-nodnek-s-tennen-magadnak-szaz-eve-halt-meg-csath-geza\/#primaryimage"},"thumbnailUrl":"https:\/\/hotnewsinworld.com\/hu\/wp-content\/uploads\/sites\/3\/2019\/09\/\u201eGyilkosa-n\u0151dnek-s-tennen-magadnak\u201d-\u2013-sz\u00e1z-\u00e9ve-halt-meg-Cs\u00e1th.jpg","articleSection":["LEG\u00daJABB P\u00c9NZ\u00dcGYI H\u00cdREK"],"inLanguage":"hu","potentialAction":[{"@type":"CommentAction","name":"Comment","target":["https:\/\/hotnewsinworld.com\/hu\/gyilkosa-nodnek-s-tennen-magadnak-szaz-eve-halt-meg-csath-geza\/#respond"]}]},{"@type":"WebPage","@id":"https:\/\/hotnewsinworld.com\/hu\/gyilkosa-nodnek-s-tennen-magadnak-szaz-eve-halt-meg-csath-geza\/","url":"https:\/\/hotnewsinworld.com\/hu\/gyilkosa-nodnek-s-tennen-magadnak-szaz-eve-halt-meg-csath-geza\/","name":"\u201eGyilkosa n\u0151dnek, s tennen-magadnak\u201d \u2013 sz\u00e1z \u00e9ve halt meg Cs\u00e1th G\u00e9za - Hot News in World","isPartOf":{"@id":"https:\/\/hotnewsinworld.com\/hu\/#website"},"primaryImageOfPage":{"@id":"https:\/\/hotnewsinworld.com\/hu\/gyilkosa-nodnek-s-tennen-magadnak-szaz-eve-halt-meg-csath-geza\/#primaryimage"},"image":{"@id":"https:\/\/hotnewsinworld.com\/hu\/gyilkosa-nodnek-s-tennen-magadnak-szaz-eve-halt-meg-csath-geza\/#primaryimage"},"thumbnailUrl":"https:\/\/hotnewsinworld.com\/hu\/wp-content\/uploads\/sites\/3\/2019\/09\/\u201eGyilkosa-n\u0151dnek-s-tennen-magadnak\u201d-\u2013-sz\u00e1z-\u00e9ve-halt-meg-Cs\u00e1th.jpg","datePublished":"2019-09-11T10:37:25+00:00","dateModified":"2019-09-11T10:37:26+00:00","author":{"@id":"https:\/\/hotnewsinworld.com\/hu\/#\/schema\/person\/fe61448b21c0d59086e75fcc1f9d8f6b"},"breadcrumb":{"@id":"https:\/\/hotnewsinworld.com\/hu\/gyilkosa-nodnek-s-tennen-magadnak-szaz-eve-halt-meg-csath-geza\/#breadcrumb"},"inLanguage":"hu","potentialAction":[{"@type":"ReadAction","target":["https:\/\/hotnewsinworld.com\/hu\/gyilkosa-nodnek-s-tennen-magadnak-szaz-eve-halt-meg-csath-geza\/"]}]},{"@type":"ImageObject","inLanguage":"hu","@id":"https:\/\/hotnewsinworld.com\/hu\/gyilkosa-nodnek-s-tennen-magadnak-szaz-eve-halt-meg-csath-geza\/#primaryimage","url":"https:\/\/hotnewsinworld.com\/hu\/wp-content\/uploads\/sites\/3\/2019\/09\/\u201eGyilkosa-n\u0151dnek-s-tennen-magadnak\u201d-\u2013-sz\u00e1z-\u00e9ve-halt-meg-Cs\u00e1th.jpg","contentUrl":"https:\/\/hotnewsinworld.com\/hu\/wp-content\/uploads\/sites\/3\/2019\/09\/\u201eGyilkosa-n\u0151dnek-s-tennen-magadnak\u201d-\u2013-sz\u00e1z-\u00e9ve-halt-meg-Cs\u00e1th.jpg","width":992,"height":558,"caption":"\u201eGyilkosa n\u0151dnek, s tennen-magadnak\u201d \u2013 sz\u00e1z \u00e9ve halt meg Cs\u00e1th G\u00e9za"},{"@type":"BreadcrumbList","@id":"https:\/\/hotnewsinworld.com\/hu\/gyilkosa-nodnek-s-tennen-magadnak-szaz-eve-halt-meg-csath-geza\/#breadcrumb","itemListElement":[{"@type":"ListItem","position":1,"name":"\u0413\u043b\u0430\u0432\u043d\u0430\u044f \u0441\u0442\u0440\u0430\u043d\u0438\u0446\u0430","item":"https:\/\/hotnewsinworld.com\/hu\/"},{"@type":"ListItem","position":2,"name":"\u201eGyilkosa n\u0151dnek, s tennen-magadnak\u201d \u2013 sz\u00e1z \u00e9ve halt meg Cs\u00e1th G\u00e9za"}]},{"@type":"WebSite","@id":"https:\/\/hotnewsinworld.com\/hu\/#website","url":"https:\/\/hotnewsinworld.com\/hu\/","name":"Hot News in World","description":"Hot News in World from Hungary","potentialAction":[{"@type":"SearchAction","target":{"@type":"EntryPoint","urlTemplate":"https:\/\/hotnewsinworld.com\/hu\/?s={search_term_string}"},"query-input":{"@type":"PropertyValueSpecification","valueRequired":true,"valueName":"search_term_string"}}],"inLanguage":"hu"},{"@type":"Person","@id":"https:\/\/hotnewsinworld.com\/hu\/#\/schema\/person\/fe61448b21c0d59086e75fcc1f9d8f6b","name":"hotnewsinworld","image":{"@type":"ImageObject","inLanguage":"hu","@id":"https:\/\/secure.gravatar.com\/avatar\/8a09ac165600ce2e1c38fe593c63928eb1e6e7ba5c5a907d67787c41b3d00c14?s=96&d=mm&r=g","url":"https:\/\/secure.gravatar.com\/avatar\/8a09ac165600ce2e1c38fe593c63928eb1e6e7ba5c5a907d67787c41b3d00c14?s=96&d=mm&r=g","contentUrl":"https:\/\/secure.gravatar.com\/avatar\/8a09ac165600ce2e1c38fe593c63928eb1e6e7ba5c5a907d67787c41b3d00c14?s=96&d=mm&r=g","caption":"hotnewsinworld"},"url":"https:\/\/hotnewsinworld.com\/hu\/author\/pt\/"}]}},"_links":{"self":[{"href":"https:\/\/hotnewsinworld.com\/hu\/wp-json\/wp\/v2\/posts\/1905","targetHints":{"allow":["GET"]}}],"collection":[{"href":"https:\/\/hotnewsinworld.com\/hu\/wp-json\/wp\/v2\/posts"}],"about":[{"href":"https:\/\/hotnewsinworld.com\/hu\/wp-json\/wp\/v2\/types\/post"}],"author":[{"embeddable":true,"href":"https:\/\/hotnewsinworld.com\/hu\/wp-json\/wp\/v2\/users\/2"}],"replies":[{"embeddable":true,"href":"https:\/\/hotnewsinworld.com\/hu\/wp-json\/wp\/v2\/comments?post=1905"}],"version-history":[{"count":1,"href":"https:\/\/hotnewsinworld.com\/hu\/wp-json\/wp\/v2\/posts\/1905\/revisions"}],"predecessor-version":[{"id":1907,"href":"https:\/\/hotnewsinworld.com\/hu\/wp-json\/wp\/v2\/posts\/1905\/revisions\/1907"}],"wp:featuredmedia":[{"embeddable":true,"href":"https:\/\/hotnewsinworld.com\/hu\/wp-json\/wp\/v2\/media\/1906"}],"wp:attachment":[{"href":"https:\/\/hotnewsinworld.com\/hu\/wp-json\/wp\/v2\/media?parent=1905"}],"wp:term":[{"taxonomy":"category","embeddable":true,"href":"https:\/\/hotnewsinworld.com\/hu\/wp-json\/wp\/v2\/categories?post=1905"},{"taxonomy":"post_tag","embeddable":true,"href":"https:\/\/hotnewsinworld.com\/hu\/wp-json\/wp\/v2\/tags?post=1905"}],"curies":[{"name":"wp","href":"https:\/\/api.w.org\/{rel}","templated":true}]}}