{"id":1908,"date":"2019-09-11T15:05:03","date_gmt":"2019-09-11T12:05:03","guid":{"rendered":"https:\/\/hotnewsinworld.com\/hu\/az-elbir-veszprem-megyei-kiadvanya-2019-szeptember\/"},"modified":"2019-09-11T15:05:04","modified_gmt":"2019-09-11T12:05:04","slug":"az-elbir-veszprem-megyei-kiadvanya-2019-szeptember","status":"publish","type":"post","link":"https:\/\/hotnewsinworld.com\/hu\/az-elbir-veszprem-megyei-kiadvanya-2019-szeptember\/","title":{"rendered":"Az ELBIR Veszpr\u00e9m megyei kiadv\u00e1nya (2019. szeptember)"},"content":{"rendered":"\n<p>            A mell\u00e9kelt dokumentumban a Veszpr\u00e9m Megyei Rend\u0151r-f\u0151kapit\u00e1nys\u00e1g B\u0171nmegel\u0151z\u00e9si Oszt\u00e1ly\u00e1nak aktu\u00e1lis h\u00edrlevele olvashat\u00f3.<\/p>\n<p>            Kedves Olvas\u00f3!<\/p>\n<p>Tisztelettel aj\u00e1nlom a Veszpr\u00e9m Megyei Rend\u0151r-f\u0151kapit\u00e1nys\u00e1g B\u0171nmegel\u0151z\u00e9si Oszt\u00e1lya \u00e1ltal szerkesztett, 2019. szeptember havi b\u0171nmegel\u0151z\u00e9si h\u00edrlevelet, amelyben bemutatjuk a gyermekek vil\u00e1gnapj\u00e1t. A gyermekek vesz\u00e9lyeztetetts\u00e9g\u00e9nek jelz\u00e9se, megel\u0151z\u00e9se k\u00f6z\u00f6s \u00fcgy\u00fcnk.\u00a0<\/p>\n<p>H\u00edrlevel\u00fcnk tov\u00e1bbi r\u00e9sz\u00e9ben felh\u00edvjuk a figyelmet, hogy a f\u0171t\u00e9si szezon k\u00f6zeledt\u00e9vel a t\u00e9li t\u00fczel\u0151, t\u0171zifa beszerz\u00e9sekor mire figyeljenek a v\u00e1s\u00e1rl\u00f3k, \u00e9s hasznos tan\u00e1csokat adunk az \u00e1ldozatt\u00e1 v\u00e1l\u00e1s elker\u00fcl\u00e9se c\u00e9lj\u00e1b\u00f3l. V\u00e9g\u00fcl bemutatjuk a Veszpr\u00e9m megye iskol\u00e1iban tartand\u00f3 programjainkat.\u00a0\u00a0<\/p>\n<p>\u00a0<\/p>\n<p>Dr. Fellegi Norbert r. ezredes<\/p>\n<p>rend\u0151rs\u00e9gi f\u0151tan\u00e1csos\u00a0<\/p>\n<p>megyei rend\u0151rf\u0151kapit\u00e1ny<\/p>\n<p>\n<!--noindex--><br \/>\n<a href=\"https:\/\/hirek.oldal.info\/rssclick\/14388268\" rel=\"nofollow\">Source link <\/a><br \/>\n<!--\/noindex--><\/p>\n","protected":false},"excerpt":{"rendered":"<p>A mell\u00e9kelt dokumentumban a Veszpr\u00e9m Megyei Rend\u0151r-f\u0151kapit\u00e1nys\u00e1g B\u0171nmegel\u0151z\u00e9si Oszt\u00e1ly\u00e1nak aktu\u00e1lis h\u00edrlevele olvashat\u00f3. Kedves Olvas\u00f3! Tisztelettel aj\u00e1nlom a Veszpr\u00e9m Megyei Rend\u0151r-f\u0151kapit\u00e1nys\u00e1g B\u0171nmegel\u0151z\u00e9si Oszt\u00e1lya \u00e1ltal szerkesztett, 2019. szeptember havi b\u0171nmegel\u0151z\u00e9si h\u00edrlevelet, amelyben bemutatjuk a gyermekek vil\u00e1gnapj\u00e1t. A gyermekek vesz\u00e9lyeztetetts\u00e9g\u00e9nek jelz\u00e9se, megel\u0151z\u00e9se k\u00f6z\u00f6s \u00fcgy\u00fcnk.\u00a0 H\u00edrlevel\u00fcnk tov\u00e1bbi r\u00e9sz\u00e9ben felh\u00edvjuk a figyelmet, hogy a f\u0171t\u00e9si szezon k\u00f6zeledt\u00e9vel a t\u00e9li t\u00fczel\u0151, [&hellip;]<\/p>\n","protected":false},"author":2,"featured_media":1909,"comment_status":"open","ping_status":"open","sticky":false,"template":"","format":"standard","meta":{"footnotes":""},"categories":[1],"tags":[],"class_list":["post-1908","post","type-post","status-publish","format-standard","has-post-thumbnail","hentry","category-legujabb-penzugyi-hirek"],"yoast_head":"<!-- This site is optimized with the Yoast SEO plugin v27.4 - https:\/\/yoast.com\/product\/yoast-seo-wordpress\/ -->\n<title>Az ELBIR Veszpr\u00e9m megyei kiadv\u00e1nya (2019. szeptember) - Hot News in World<\/title>\n<meta name=\"robots\" content=\"index, follow, max-snippet:-1, max-image-preview:large, max-video-preview:-1\" \/>\n<link rel=\"canonical\" href=\"https:\/\/hotnewsinworld.com\/hu\/az-elbir-veszprem-megyei-kiadvanya-2019-szeptember\/\" \/>\n<meta property=\"og:locale\" content=\"hu_HU\" \/>\n<meta property=\"og:type\" content=\"article\" \/>\n<meta property=\"og:title\" content=\"Az ELBIR Veszpr\u00e9m megyei kiadv\u00e1nya (2019. szeptember) - Hot News in World\" \/>\n<meta property=\"og:description\" content=\"A mell\u00e9kelt dokumentumban a Veszpr\u00e9m Megyei Rend\u0151r-f\u0151kapit\u00e1nys\u00e1g B\u0171nmegel\u0151z\u00e9si Oszt\u00e1ly\u00e1nak aktu\u00e1lis h\u00edrlevele olvashat\u00f3. Kedves Olvas\u00f3! Tisztelettel aj\u00e1nlom a Veszpr\u00e9m Megyei Rend\u0151r-f\u0151kapit\u00e1nys\u00e1g B\u0171nmegel\u0151z\u00e9si Oszt\u00e1lya \u00e1ltal szerkesztett, 2019. szeptember havi b\u0171nmegel\u0151z\u00e9si h\u00edrlevelet, amelyben bemutatjuk a gyermekek vil\u00e1gnapj\u00e1t. A gyermekek vesz\u00e9lyeztetetts\u00e9g\u00e9nek jelz\u00e9se, megel\u0151z\u00e9se k\u00f6z\u00f6s \u00fcgy\u00fcnk.\u00a0 H\u00edrlevel\u00fcnk tov\u00e1bbi r\u00e9sz\u00e9ben felh\u00edvjuk a figyelmet, hogy a f\u0171t\u00e9si szezon k\u00f6zeledt\u00e9vel a t\u00e9li t\u00fczel\u0151, [&hellip;]\" \/>\n<meta property=\"og:url\" content=\"https:\/\/hotnewsinworld.com\/hu\/az-elbir-veszprem-megyei-kiadvanya-2019-szeptember\/\" \/>\n<meta property=\"og:site_name\" content=\"Hot News in World\" \/>\n<meta property=\"article:published_time\" content=\"2019-09-11T12:05:03+00:00\" \/>\n<meta property=\"article:modified_time\" content=\"2019-09-11T12:05:04+00:00\" \/>\n<meta property=\"og:image\" content=\"https:\/\/hotnewsinworld.com\/hu\/wp-content\/uploads\/sites\/3\/2019\/09\/Az-ELBIR-Veszpr\u00e9m-megyei-kiadv\u00e1nya-2019.-szeptember.jpg\" \/>\n\t<meta property=\"og:image:width\" content=\"751\" \/>\n\t<meta property=\"og:image:height\" content=\"500\" \/>\n\t<meta property=\"og:image:type\" content=\"image\/jpeg\" \/>\n<meta name=\"author\" content=\"hotnewsinworld\" \/>\n<meta name=\"twitter:card\" content=\"summary_large_image\" \/>\n<meta name=\"twitter:label1\" content=\"Szerz\u0151:\" \/>\n\t<meta name=\"twitter:data1\" content=\"hotnewsinworld\" \/>\n\t<meta name=\"twitter:label2\" content=\"Becs\u00fclt olvas\u00e1si id\u0151\" \/>\n\t<meta name=\"twitter:data2\" content=\"1 perc\" \/>\n<script type=\"application\/ld+json\" class=\"yoast-schema-graph\">{\"@context\":\"https:\\\/\\\/schema.org\",\"@graph\":[{\"@type\":\"Article\",\"@id\":\"https:\\\/\\\/hotnewsinworld.com\\\/hu\\\/az-elbir-veszprem-megyei-kiadvanya-2019-szeptember\\\/#article\",\"isPartOf\":{\"@id\":\"https:\\\/\\\/hotnewsinworld.com\\\/hu\\\/az-elbir-veszprem-megyei-kiadvanya-2019-szeptember\\\/\"},\"author\":{\"name\":\"hotnewsinworld\",\"@id\":\"https:\\\/\\\/hotnewsinworld.com\\\/hu\\\/#\\\/schema\\\/person\\\/fe61448b21c0d59086e75fcc1f9d8f6b\"},\"headline\":\"Az ELBIR Veszpr\u00e9m megyei kiadv\u00e1nya (2019. szeptember)\",\"datePublished\":\"2019-09-11T12:05:03+00:00\",\"dateModified\":\"2019-09-11T12:05:04+00:00\",\"mainEntityOfPage\":{\"@id\":\"https:\\\/\\\/hotnewsinworld.com\\\/hu\\\/az-elbir-veszprem-megyei-kiadvanya-2019-szeptember\\\/\"},\"wordCount\":170,\"commentCount\":0,\"image\":{\"@id\":\"https:\\\/\\\/hotnewsinworld.com\\\/hu\\\/az-elbir-veszprem-megyei-kiadvanya-2019-szeptember\\\/#primaryimage\"},\"thumbnailUrl\":\"https:\\\/\\\/hotnewsinworld.com\\\/hu\\\/wp-content\\\/uploads\\\/sites\\\/3\\\/2019\\\/09\\\/Az-ELBIR-Veszpr\u00e9m-megyei-kiadv\u00e1nya-2019.-szeptember.jpg\",\"articleSection\":[\"LEG\u00daJABB P\u00c9NZ\u00dcGYI H\u00cdREK\"],\"inLanguage\":\"hu\",\"potentialAction\":[{\"@type\":\"CommentAction\",\"name\":\"Comment\",\"target\":[\"https:\\\/\\\/hotnewsinworld.com\\\/hu\\\/az-elbir-veszprem-megyei-kiadvanya-2019-szeptember\\\/#respond\"]}]},{\"@type\":\"WebPage\",\"@id\":\"https:\\\/\\\/hotnewsinworld.com\\\/hu\\\/az-elbir-veszprem-megyei-kiadvanya-2019-szeptember\\\/\",\"url\":\"https:\\\/\\\/hotnewsinworld.com\\\/hu\\\/az-elbir-veszprem-megyei-kiadvanya-2019-szeptember\\\/\",\"name\":\"Az ELBIR Veszpr\u00e9m megyei kiadv\u00e1nya (2019. szeptember) - Hot News in World\",\"isPartOf\":{\"@id\":\"https:\\\/\\\/hotnewsinworld.com\\\/hu\\\/#website\"},\"primaryImageOfPage\":{\"@id\":\"https:\\\/\\\/hotnewsinworld.com\\\/hu\\\/az-elbir-veszprem-megyei-kiadvanya-2019-szeptember\\\/#primaryimage\"},\"image\":{\"@id\":\"https:\\\/\\\/hotnewsinworld.com\\\/hu\\\/az-elbir-veszprem-megyei-kiadvanya-2019-szeptember\\\/#primaryimage\"},\"thumbnailUrl\":\"https:\\\/\\\/hotnewsinworld.com\\\/hu\\\/wp-content\\\/uploads\\\/sites\\\/3\\\/2019\\\/09\\\/Az-ELBIR-Veszpr\u00e9m-megyei-kiadv\u00e1nya-2019.-szeptember.jpg\",\"datePublished\":\"2019-09-11T12:05:03+00:00\",\"dateModified\":\"2019-09-11T12:05:04+00:00\",\"author\":{\"@id\":\"https:\\\/\\\/hotnewsinworld.com\\\/hu\\\/#\\\/schema\\\/person\\\/fe61448b21c0d59086e75fcc1f9d8f6b\"},\"breadcrumb\":{\"@id\":\"https:\\\/\\\/hotnewsinworld.com\\\/hu\\\/az-elbir-veszprem-megyei-kiadvanya-2019-szeptember\\\/#breadcrumb\"},\"inLanguage\":\"hu\",\"potentialAction\":[{\"@type\":\"ReadAction\",\"target\":[\"https:\\\/\\\/hotnewsinworld.com\\\/hu\\\/az-elbir-veszprem-megyei-kiadvanya-2019-szeptember\\\/\"]}]},{\"@type\":\"ImageObject\",\"inLanguage\":\"hu\",\"@id\":\"https:\\\/\\\/hotnewsinworld.com\\\/hu\\\/az-elbir-veszprem-megyei-kiadvanya-2019-szeptember\\\/#primaryimage\",\"url\":\"https:\\\/\\\/hotnewsinworld.com\\\/hu\\\/wp-content\\\/uploads\\\/sites\\\/3\\\/2019\\\/09\\\/Az-ELBIR-Veszpr\u00e9m-megyei-kiadv\u00e1nya-2019.-szeptember.jpg\",\"contentUrl\":\"https:\\\/\\\/hotnewsinworld.com\\\/hu\\\/wp-content\\\/uploads\\\/sites\\\/3\\\/2019\\\/09\\\/Az-ELBIR-Veszpr\u00e9m-megyei-kiadv\u00e1nya-2019.-szeptember.jpg\",\"width\":751,\"height\":500,\"caption\":\"Az ELBIR Veszpr\u00e9m megyei kiadv\u00e1nya (2019. szeptember)\"},{\"@type\":\"BreadcrumbList\",\"@id\":\"https:\\\/\\\/hotnewsinworld.com\\\/hu\\\/az-elbir-veszprem-megyei-kiadvanya-2019-szeptember\\\/#breadcrumb\",\"itemListElement\":[{\"@type\":\"ListItem\",\"position\":1,\"name\":\"\u0413\u043b\u0430\u0432\u043d\u0430\u044f \u0441\u0442\u0440\u0430\u043d\u0438\u0446\u0430\",\"item\":\"https:\\\/\\\/hotnewsinworld.com\\\/hu\\\/\"},{\"@type\":\"ListItem\",\"position\":2,\"name\":\"Az ELBIR Veszpr\u00e9m megyei kiadv\u00e1nya (2019. szeptember)\"}]},{\"@type\":\"WebSite\",\"@id\":\"https:\\\/\\\/hotnewsinworld.com\\\/hu\\\/#website\",\"url\":\"https:\\\/\\\/hotnewsinworld.com\\\/hu\\\/\",\"name\":\"Hot News in World\",\"description\":\"Hot News in World from Hungary\",\"potentialAction\":[{\"@type\":\"SearchAction\",\"target\":{\"@type\":\"EntryPoint\",\"urlTemplate\":\"https:\\\/\\\/hotnewsinworld.com\\\/hu\\\/?s={search_term_string}\"},\"query-input\":{\"@type\":\"PropertyValueSpecification\",\"valueRequired\":true,\"valueName\":\"search_term_string\"}}],\"inLanguage\":\"hu\"},{\"@type\":\"Person\",\"@id\":\"https:\\\/\\\/hotnewsinworld.com\\\/hu\\\/#\\\/schema\\\/person\\\/fe61448b21c0d59086e75fcc1f9d8f6b\",\"name\":\"hotnewsinworld\",\"image\":{\"@type\":\"ImageObject\",\"inLanguage\":\"hu\",\"@id\":\"https:\\\/\\\/secure.gravatar.com\\\/avatar\\\/8a09ac165600ce2e1c38fe593c63928eb1e6e7ba5c5a907d67787c41b3d00c14?s=96&d=mm&r=g\",\"url\":\"https:\\\/\\\/secure.gravatar.com\\\/avatar\\\/8a09ac165600ce2e1c38fe593c63928eb1e6e7ba5c5a907d67787c41b3d00c14?s=96&d=mm&r=g\",\"contentUrl\":\"https:\\\/\\\/secure.gravatar.com\\\/avatar\\\/8a09ac165600ce2e1c38fe593c63928eb1e6e7ba5c5a907d67787c41b3d00c14?s=96&d=mm&r=g\",\"caption\":\"hotnewsinworld\"},\"url\":\"https:\\\/\\\/hotnewsinworld.com\\\/hu\\\/author\\\/pt\\\/\"}]}<\/script>\n<!-- \/ Yoast SEO plugin. -->","yoast_head_json":{"title":"Az ELBIR Veszpr\u00e9m megyei kiadv\u00e1nya (2019. szeptember) - Hot News in World","robots":{"index":"index","follow":"follow","max-snippet":"max-snippet:-1","max-image-preview":"max-image-preview:large","max-video-preview":"max-video-preview:-1"},"canonical":"https:\/\/hotnewsinworld.com\/hu\/az-elbir-veszprem-megyei-kiadvanya-2019-szeptember\/","og_locale":"hu_HU","og_type":"article","og_title":"Az ELBIR Veszpr\u00e9m megyei kiadv\u00e1nya (2019. szeptember) - Hot News in World","og_description":"A mell\u00e9kelt dokumentumban a Veszpr\u00e9m Megyei Rend\u0151r-f\u0151kapit\u00e1nys\u00e1g B\u0171nmegel\u0151z\u00e9si Oszt\u00e1ly\u00e1nak aktu\u00e1lis h\u00edrlevele olvashat\u00f3. Kedves Olvas\u00f3! Tisztelettel aj\u00e1nlom a Veszpr\u00e9m Megyei Rend\u0151r-f\u0151kapit\u00e1nys\u00e1g B\u0171nmegel\u0151z\u00e9si Oszt\u00e1lya \u00e1ltal szerkesztett, 2019. szeptember havi b\u0171nmegel\u0151z\u00e9si h\u00edrlevelet, amelyben bemutatjuk a gyermekek vil\u00e1gnapj\u00e1t. A gyermekek vesz\u00e9lyeztetetts\u00e9g\u00e9nek jelz\u00e9se, megel\u0151z\u00e9se k\u00f6z\u00f6s \u00fcgy\u00fcnk.\u00a0 H\u00edrlevel\u00fcnk tov\u00e1bbi r\u00e9sz\u00e9ben felh\u00edvjuk a figyelmet, hogy a f\u0171t\u00e9si szezon k\u00f6zeledt\u00e9vel a t\u00e9li t\u00fczel\u0151, [&hellip;]","og_url":"https:\/\/hotnewsinworld.com\/hu\/az-elbir-veszprem-megyei-kiadvanya-2019-szeptember\/","og_site_name":"Hot News in World","article_published_time":"2019-09-11T12:05:03+00:00","article_modified_time":"2019-09-11T12:05:04+00:00","og_image":[{"width":751,"height":500,"url":"https:\/\/hotnewsinworld.com\/hu\/wp-content\/uploads\/sites\/3\/2019\/09\/Az-ELBIR-Veszpr\u00e9m-megyei-kiadv\u00e1nya-2019.-szeptember.jpg","type":"image\/jpeg"}],"author":"hotnewsinworld","twitter_card":"summary_large_image","twitter_misc":{"Szerz\u0151:":"hotnewsinworld","Becs\u00fclt olvas\u00e1si id\u0151":"1 perc"},"schema":{"@context":"https:\/\/schema.org","@graph":[{"@type":"Article","@id":"https:\/\/hotnewsinworld.com\/hu\/az-elbir-veszprem-megyei-kiadvanya-2019-szeptember\/#article","isPartOf":{"@id":"https:\/\/hotnewsinworld.com\/hu\/az-elbir-veszprem-megyei-kiadvanya-2019-szeptember\/"},"author":{"name":"hotnewsinworld","@id":"https:\/\/hotnewsinworld.com\/hu\/#\/schema\/person\/fe61448b21c0d59086e75fcc1f9d8f6b"},"headline":"Az ELBIR Veszpr\u00e9m megyei kiadv\u00e1nya (2019. szeptember)","datePublished":"2019-09-11T12:05:03+00:00","dateModified":"2019-09-11T12:05:04+00:00","mainEntityOfPage":{"@id":"https:\/\/hotnewsinworld.com\/hu\/az-elbir-veszprem-megyei-kiadvanya-2019-szeptember\/"},"wordCount":170,"commentCount":0,"image":{"@id":"https:\/\/hotnewsinworld.com\/hu\/az-elbir-veszprem-megyei-kiadvanya-2019-szeptember\/#primaryimage"},"thumbnailUrl":"https:\/\/hotnewsinworld.com\/hu\/wp-content\/uploads\/sites\/3\/2019\/09\/Az-ELBIR-Veszpr\u00e9m-megyei-kiadv\u00e1nya-2019.-szeptember.jpg","articleSection":["LEG\u00daJABB P\u00c9NZ\u00dcGYI H\u00cdREK"],"inLanguage":"hu","potentialAction":[{"@type":"CommentAction","name":"Comment","target":["https:\/\/hotnewsinworld.com\/hu\/az-elbir-veszprem-megyei-kiadvanya-2019-szeptember\/#respond"]}]},{"@type":"WebPage","@id":"https:\/\/hotnewsinworld.com\/hu\/az-elbir-veszprem-megyei-kiadvanya-2019-szeptember\/","url":"https:\/\/hotnewsinworld.com\/hu\/az-elbir-veszprem-megyei-kiadvanya-2019-szeptember\/","name":"Az ELBIR Veszpr\u00e9m megyei kiadv\u00e1nya (2019. szeptember) - Hot News in World","isPartOf":{"@id":"https:\/\/hotnewsinworld.com\/hu\/#website"},"primaryImageOfPage":{"@id":"https:\/\/hotnewsinworld.com\/hu\/az-elbir-veszprem-megyei-kiadvanya-2019-szeptember\/#primaryimage"},"image":{"@id":"https:\/\/hotnewsinworld.com\/hu\/az-elbir-veszprem-megyei-kiadvanya-2019-szeptember\/#primaryimage"},"thumbnailUrl":"https:\/\/hotnewsinworld.com\/hu\/wp-content\/uploads\/sites\/3\/2019\/09\/Az-ELBIR-Veszpr\u00e9m-megyei-kiadv\u00e1nya-2019.-szeptember.jpg","datePublished":"2019-09-11T12:05:03+00:00","dateModified":"2019-09-11T12:05:04+00:00","author":{"@id":"https:\/\/hotnewsinworld.com\/hu\/#\/schema\/person\/fe61448b21c0d59086e75fcc1f9d8f6b"},"breadcrumb":{"@id":"https:\/\/hotnewsinworld.com\/hu\/az-elbir-veszprem-megyei-kiadvanya-2019-szeptember\/#breadcrumb"},"inLanguage":"hu","potentialAction":[{"@type":"ReadAction","target":["https:\/\/hotnewsinworld.com\/hu\/az-elbir-veszprem-megyei-kiadvanya-2019-szeptember\/"]}]},{"@type":"ImageObject","inLanguage":"hu","@id":"https:\/\/hotnewsinworld.com\/hu\/az-elbir-veszprem-megyei-kiadvanya-2019-szeptember\/#primaryimage","url":"https:\/\/hotnewsinworld.com\/hu\/wp-content\/uploads\/sites\/3\/2019\/09\/Az-ELBIR-Veszpr\u00e9m-megyei-kiadv\u00e1nya-2019.-szeptember.jpg","contentUrl":"https:\/\/hotnewsinworld.com\/hu\/wp-content\/uploads\/sites\/3\/2019\/09\/Az-ELBIR-Veszpr\u00e9m-megyei-kiadv\u00e1nya-2019.-szeptember.jpg","width":751,"height":500,"caption":"Az ELBIR Veszpr\u00e9m megyei kiadv\u00e1nya (2019. szeptember)"},{"@type":"BreadcrumbList","@id":"https:\/\/hotnewsinworld.com\/hu\/az-elbir-veszprem-megyei-kiadvanya-2019-szeptember\/#breadcrumb","itemListElement":[{"@type":"ListItem","position":1,"name":"\u0413\u043b\u0430\u0432\u043d\u0430\u044f \u0441\u0442\u0440\u0430\u043d\u0438\u0446\u0430","item":"https:\/\/hotnewsinworld.com\/hu\/"},{"@type":"ListItem","position":2,"name":"Az ELBIR Veszpr\u00e9m megyei kiadv\u00e1nya (2019. szeptember)"}]},{"@type":"WebSite","@id":"https:\/\/hotnewsinworld.com\/hu\/#website","url":"https:\/\/hotnewsinworld.com\/hu\/","name":"Hot News in World","description":"Hot News in World from Hungary","potentialAction":[{"@type":"SearchAction","target":{"@type":"EntryPoint","urlTemplate":"https:\/\/hotnewsinworld.com\/hu\/?s={search_term_string}"},"query-input":{"@type":"PropertyValueSpecification","valueRequired":true,"valueName":"search_term_string"}}],"inLanguage":"hu"},{"@type":"Person","@id":"https:\/\/hotnewsinworld.com\/hu\/#\/schema\/person\/fe61448b21c0d59086e75fcc1f9d8f6b","name":"hotnewsinworld","image":{"@type":"ImageObject","inLanguage":"hu","@id":"https:\/\/secure.gravatar.com\/avatar\/8a09ac165600ce2e1c38fe593c63928eb1e6e7ba5c5a907d67787c41b3d00c14?s=96&d=mm&r=g","url":"https:\/\/secure.gravatar.com\/avatar\/8a09ac165600ce2e1c38fe593c63928eb1e6e7ba5c5a907d67787c41b3d00c14?s=96&d=mm&r=g","contentUrl":"https:\/\/secure.gravatar.com\/avatar\/8a09ac165600ce2e1c38fe593c63928eb1e6e7ba5c5a907d67787c41b3d00c14?s=96&d=mm&r=g","caption":"hotnewsinworld"},"url":"https:\/\/hotnewsinworld.com\/hu\/author\/pt\/"}]}},"_links":{"self":[{"href":"https:\/\/hotnewsinworld.com\/hu\/wp-json\/wp\/v2\/posts\/1908","targetHints":{"allow":["GET"]}}],"collection":[{"href":"https:\/\/hotnewsinworld.com\/hu\/wp-json\/wp\/v2\/posts"}],"about":[{"href":"https:\/\/hotnewsinworld.com\/hu\/wp-json\/wp\/v2\/types\/post"}],"author":[{"embeddable":true,"href":"https:\/\/hotnewsinworld.com\/hu\/wp-json\/wp\/v2\/users\/2"}],"replies":[{"embeddable":true,"href":"https:\/\/hotnewsinworld.com\/hu\/wp-json\/wp\/v2\/comments?post=1908"}],"version-history":[{"count":1,"href":"https:\/\/hotnewsinworld.com\/hu\/wp-json\/wp\/v2\/posts\/1908\/revisions"}],"predecessor-version":[{"id":1910,"href":"https:\/\/hotnewsinworld.com\/hu\/wp-json\/wp\/v2\/posts\/1908\/revisions\/1910"}],"wp:featuredmedia":[{"embeddable":true,"href":"https:\/\/hotnewsinworld.com\/hu\/wp-json\/wp\/v2\/media\/1909"}],"wp:attachment":[{"href":"https:\/\/hotnewsinworld.com\/hu\/wp-json\/wp\/v2\/media?parent=1908"}],"wp:term":[{"taxonomy":"category","embeddable":true,"href":"https:\/\/hotnewsinworld.com\/hu\/wp-json\/wp\/v2\/categories?post=1908"},{"taxonomy":"post_tag","embeddable":true,"href":"https:\/\/hotnewsinworld.com\/hu\/wp-json\/wp\/v2\/tags?post=1908"}],"curies":[{"name":"wp","href":"https:\/\/api.w.org\/{rel}","templated":true}]}}