{"id":1911,"date":"2019-09-11T16:37:29","date_gmt":"2019-09-11T13:37:29","guid":{"rendered":"https:\/\/hotnewsinworld.com\/hu\/ferohelybovitest-kezdemenyez-a-jobbik-az-idosellatasban\/"},"modified":"2019-09-11T16:37:29","modified_gmt":"2019-09-11T13:37:29","slug":"ferohelybovitest-kezdemenyez-a-jobbik-az-idosellatasban","status":"publish","type":"post","link":"https:\/\/hotnewsinworld.com\/hu\/ferohelybovitest-kezdemenyez-a-jobbik-az-idosellatasban\/","title":{"rendered":"F\u00e9r\u0151helyb\u0151v\u00edt\u00e9st kezdem\u00e9nyez a Jobbik az id\u0151sell\u00e1t\u00e1sban"},"content":{"rendered":"<p>2019. szeptember 11. 15:29<br \/>\n                            A Fidesz mag\u00e1ra hagyta az id\u0151s gener\u00e1ci\u00f3t, nem foglalkozik az ell\u00e1t\u00e1sukkal, s\u0151t visszafejleszti azt \u2013 fogalmazott Sneider Tam\u00e1s.<\/p>\n<p>                            Az ellenz\u00e9ki politikus hangs\u00falyozta, a Jobbik \u00f6nkorm\u00e1nyzati programj\u00e1ban azonnali f\u00e9r\u0151helyb\u0151v\u00edt\u00e9st kezdem\u00e9nyez az id\u0151sell\u00e1t\u00e1s ter\u00fclet\u00e9n. Jelenleg t\u00f6bb mint 26 ezren v\u00e1rakoznak arra, hogy beker\u00fcljenek ezekbe az int\u00e9zm\u00e9nyekbe, \u00f6sszess\u00e9g\u00e9ben pedig k\u00e9tszer ennyien vannak, akik r\u00e1szoruln\u00e1nak erre \u2013 fejtette ki.<\/p>\n<p>Sneider Tam\u00e1s szerint a korm\u00e1ny kiv\u00e9tel\u00e9vel mindenki tiszt\u00e1ban van azzal, hogy a t\u00e1rsadalom id\u0151s\u00f6d\u00e9se sz\u00e1mtalan \u00faj probl\u00e9m\u00e1t jelent. A folyamat er\u0151s\u00f6d\u00e9s\u00e9t j\u00f3l mutatja, hogy m\u00edg 1990-ben 260 ezer, addig jelenleg m\u00e1r 420 ezer 80 \u00e9v feletti lakosa van Magyarorsz\u00e1gnak \u2013 tette hozz\u00e1.<\/p>\n<p>A Jobbik eln\u00f6ke szerint az \u00faj id\u0151sotthoni f\u00e9r\u0151helyek egyenk\u00e9nt 12-15 milli\u00f3 forintba ker\u00fcln\u00e9nek, tov\u00e1bb\u00e1 k\u00e9t id\u0151s emberenk\u00e9nt egy \u00faj munkahelyet hozn\u00e1nak l\u00e9tre. Sneider Tam\u00e1s kit\u00e9rt arra is, hogy a t\u00f6bbs\u00e9g\u00e9ben id\u0151seket \u00e9rint\u0151 szoci\u00e1lis \u00e9tkeztet\u00e9s t\u00e1mogat\u00e1sa az \u00e9lelmiszer\u00e1rak emelked\u00e9se ellen\u00e9re nyolc \u00e9ve v\u00e1ltozatlanul 55 ezer forint. Emellett a szoci\u00e1lis ter\u00fcleten dolgoz\u00f3k anyagi megbecs\u00fcl\u00e9se a legalacsonyobb az orsz\u00e1gban, aminek eredm\u00e9nyek\u00e9nt egyre kevesebben dolgoznak az \u00e1gazatban, \u00edgy a rendszer \u00f6sszeoml\u00e1sa fenyeget \u2013 fejtette ki az ellenz\u00e9ki politikus.<\/p>\n<p>(MTI)<\/p>\n<p>\n<!--noindex--><br \/>\n<a href=\"https:\/\/hirek.oldal.info\/rssclick\/14388620\" rel=\"nofollow\">Source link <\/a><br \/>\n<!--\/noindex--><\/p>\n","protected":false},"excerpt":{"rendered":"<p>2019. szeptember 11. 15:29 A Fidesz mag\u00e1ra hagyta az id\u0151s gener\u00e1ci\u00f3t, nem foglalkozik az ell\u00e1t\u00e1sukkal, s\u0151t visszafejleszti azt \u2013 fogalmazott Sneider Tam\u00e1s. Az ellenz\u00e9ki politikus hangs\u00falyozta, a Jobbik \u00f6nkorm\u00e1nyzati programj\u00e1ban azonnali f\u00e9r\u0151helyb\u0151v\u00edt\u00e9st kezdem\u00e9nyez az id\u0151sell\u00e1t\u00e1s ter\u00fclet\u00e9n. Jelenleg t\u00f6bb mint 26 ezren v\u00e1rakoznak arra, hogy beker\u00fcljenek ezekbe az int\u00e9zm\u00e9nyekbe, \u00f6sszess\u00e9g\u00e9ben pedig k\u00e9tszer ennyien vannak, akik r\u00e1szoruln\u00e1nak [&hellip;]<\/p>\n","protected":false},"author":2,"featured_media":1714,"comment_status":"open","ping_status":"open","sticky":false,"template":"","format":"standard","meta":{"footnotes":""},"categories":[1],"tags":[],"class_list":["post-1911","post","type-post","status-publish","format-standard","has-post-thumbnail","hentry","category-legujabb-penzugyi-hirek"],"yoast_head":"<!-- This site is optimized with the Yoast SEO plugin v27.4 - https:\/\/yoast.com\/product\/yoast-seo-wordpress\/ -->\n<title>F\u00e9r\u0151helyb\u0151v\u00edt\u00e9st kezdem\u00e9nyez a Jobbik az id\u0151sell\u00e1t\u00e1sban - Hot News in World<\/title>\n<meta name=\"robots\" content=\"index, follow, max-snippet:-1, max-image-preview:large, max-video-preview:-1\" \/>\n<link rel=\"canonical\" href=\"https:\/\/hotnewsinworld.com\/hu\/ferohelybovitest-kezdemenyez-a-jobbik-az-idosellatasban\/\" \/>\n<meta property=\"og:locale\" content=\"hu_HU\" \/>\n<meta property=\"og:type\" content=\"article\" \/>\n<meta property=\"og:title\" content=\"F\u00e9r\u0151helyb\u0151v\u00edt\u00e9st kezdem\u00e9nyez a Jobbik az id\u0151sell\u00e1t\u00e1sban - Hot News in World\" \/>\n<meta property=\"og:description\" content=\"2019. szeptember 11. 15:29 A Fidesz mag\u00e1ra hagyta az id\u0151s gener\u00e1ci\u00f3t, nem foglalkozik az ell\u00e1t\u00e1sukkal, s\u0151t visszafejleszti azt \u2013 fogalmazott Sneider Tam\u00e1s. Az ellenz\u00e9ki politikus hangs\u00falyozta, a Jobbik \u00f6nkorm\u00e1nyzati programj\u00e1ban azonnali f\u00e9r\u0151helyb\u0151v\u00edt\u00e9st kezdem\u00e9nyez az id\u0151sell\u00e1t\u00e1s ter\u00fclet\u00e9n. Jelenleg t\u00f6bb mint 26 ezren v\u00e1rakoznak arra, hogy beker\u00fcljenek ezekbe az int\u00e9zm\u00e9nyekbe, \u00f6sszess\u00e9g\u00e9ben pedig k\u00e9tszer ennyien vannak, akik r\u00e1szoruln\u00e1nak [&hellip;]\" \/>\n<meta property=\"og:url\" content=\"https:\/\/hotnewsinworld.com\/hu\/ferohelybovitest-kezdemenyez-a-jobbik-az-idosellatasban\/\" \/>\n<meta property=\"og:site_name\" content=\"Hot News in World\" \/>\n<meta property=\"article:published_time\" content=\"2019-09-11T13:37:29+00:00\" \/>\n<meta property=\"og:image\" content=\"https:\/\/hotnewsinworld.com\/hu\/wp-content\/uploads\/sites\/3\/2019\/09\/Magyarorsz\u00e1g-tov\u00e1bbra-is-az-els\u0151k-k\u00f6z\u00f6tt-GDP-n\u00f6veked\u00e9sben.png\" \/>\n\t<meta property=\"og:image:width\" content=\"630\" \/>\n\t<meta property=\"og:image:height\" content=\"630\" \/>\n\t<meta property=\"og:image:type\" content=\"image\/png\" \/>\n<meta name=\"author\" content=\"hotnewsinworld\" \/>\n<meta name=\"twitter:card\" content=\"summary_large_image\" \/>\n<meta name=\"twitter:label1\" content=\"Szerz\u0151:\" \/>\n\t<meta name=\"twitter:data1\" content=\"hotnewsinworld\" \/>\n\t<meta name=\"twitter:label2\" content=\"Becs\u00fclt olvas\u00e1si id\u0151\" \/>\n\t<meta name=\"twitter:data2\" content=\"1 perc\" \/>\n<script type=\"application\/ld+json\" class=\"yoast-schema-graph\">{\"@context\":\"https:\\\/\\\/schema.org\",\"@graph\":[{\"@type\":\"Article\",\"@id\":\"https:\\\/\\\/hotnewsinworld.com\\\/hu\\\/ferohelybovitest-kezdemenyez-a-jobbik-az-idosellatasban\\\/#article\",\"isPartOf\":{\"@id\":\"https:\\\/\\\/hotnewsinworld.com\\\/hu\\\/ferohelybovitest-kezdemenyez-a-jobbik-az-idosellatasban\\\/\"},\"author\":{\"name\":\"hotnewsinworld\",\"@id\":\"https:\\\/\\\/hotnewsinworld.com\\\/hu\\\/#\\\/schema\\\/person\\\/fe61448b21c0d59086e75fcc1f9d8f6b\"},\"headline\":\"F\u00e9r\u0151helyb\u0151v\u00edt\u00e9st kezdem\u00e9nyez a Jobbik az id\u0151sell\u00e1t\u00e1sban\",\"datePublished\":\"2019-09-11T13:37:29+00:00\",\"mainEntityOfPage\":{\"@id\":\"https:\\\/\\\/hotnewsinworld.com\\\/hu\\\/ferohelybovitest-kezdemenyez-a-jobbik-az-idosellatasban\\\/\"},\"wordCount\":271,\"commentCount\":0,\"image\":{\"@id\":\"https:\\\/\\\/hotnewsinworld.com\\\/hu\\\/ferohelybovitest-kezdemenyez-a-jobbik-az-idosellatasban\\\/#primaryimage\"},\"thumbnailUrl\":\"https:\\\/\\\/hotnewsinworld.com\\\/hu\\\/wp-content\\\/uploads\\\/sites\\\/3\\\/2019\\\/09\\\/Magyarorsz\u00e1g-tov\u00e1bbra-is-az-els\u0151k-k\u00f6z\u00f6tt-GDP-n\u00f6veked\u00e9sben.png\",\"articleSection\":[\"LEG\u00daJABB P\u00c9NZ\u00dcGYI H\u00cdREK\"],\"inLanguage\":\"hu\",\"potentialAction\":[{\"@type\":\"CommentAction\",\"name\":\"Comment\",\"target\":[\"https:\\\/\\\/hotnewsinworld.com\\\/hu\\\/ferohelybovitest-kezdemenyez-a-jobbik-az-idosellatasban\\\/#respond\"]}]},{\"@type\":\"WebPage\",\"@id\":\"https:\\\/\\\/hotnewsinworld.com\\\/hu\\\/ferohelybovitest-kezdemenyez-a-jobbik-az-idosellatasban\\\/\",\"url\":\"https:\\\/\\\/hotnewsinworld.com\\\/hu\\\/ferohelybovitest-kezdemenyez-a-jobbik-az-idosellatasban\\\/\",\"name\":\"F\u00e9r\u0151helyb\u0151v\u00edt\u00e9st kezdem\u00e9nyez a Jobbik az id\u0151sell\u00e1t\u00e1sban - Hot News in World\",\"isPartOf\":{\"@id\":\"https:\\\/\\\/hotnewsinworld.com\\\/hu\\\/#website\"},\"primaryImageOfPage\":{\"@id\":\"https:\\\/\\\/hotnewsinworld.com\\\/hu\\\/ferohelybovitest-kezdemenyez-a-jobbik-az-idosellatasban\\\/#primaryimage\"},\"image\":{\"@id\":\"https:\\\/\\\/hotnewsinworld.com\\\/hu\\\/ferohelybovitest-kezdemenyez-a-jobbik-az-idosellatasban\\\/#primaryimage\"},\"thumbnailUrl\":\"https:\\\/\\\/hotnewsinworld.com\\\/hu\\\/wp-content\\\/uploads\\\/sites\\\/3\\\/2019\\\/09\\\/Magyarorsz\u00e1g-tov\u00e1bbra-is-az-els\u0151k-k\u00f6z\u00f6tt-GDP-n\u00f6veked\u00e9sben.png\",\"datePublished\":\"2019-09-11T13:37:29+00:00\",\"author\":{\"@id\":\"https:\\\/\\\/hotnewsinworld.com\\\/hu\\\/#\\\/schema\\\/person\\\/fe61448b21c0d59086e75fcc1f9d8f6b\"},\"breadcrumb\":{\"@id\":\"https:\\\/\\\/hotnewsinworld.com\\\/hu\\\/ferohelybovitest-kezdemenyez-a-jobbik-az-idosellatasban\\\/#breadcrumb\"},\"inLanguage\":\"hu\",\"potentialAction\":[{\"@type\":\"ReadAction\",\"target\":[\"https:\\\/\\\/hotnewsinworld.com\\\/hu\\\/ferohelybovitest-kezdemenyez-a-jobbik-az-idosellatasban\\\/\"]}]},{\"@type\":\"ImageObject\",\"inLanguage\":\"hu\",\"@id\":\"https:\\\/\\\/hotnewsinworld.com\\\/hu\\\/ferohelybovitest-kezdemenyez-a-jobbik-az-idosellatasban\\\/#primaryimage\",\"url\":\"https:\\\/\\\/hotnewsinworld.com\\\/hu\\\/wp-content\\\/uploads\\\/sites\\\/3\\\/2019\\\/09\\\/Magyarorsz\u00e1g-tov\u00e1bbra-is-az-els\u0151k-k\u00f6z\u00f6tt-GDP-n\u00f6veked\u00e9sben.png\",\"contentUrl\":\"https:\\\/\\\/hotnewsinworld.com\\\/hu\\\/wp-content\\\/uploads\\\/sites\\\/3\\\/2019\\\/09\\\/Magyarorsz\u00e1g-tov\u00e1bbra-is-az-els\u0151k-k\u00f6z\u00f6tt-GDP-n\u00f6veked\u00e9sben.png\",\"width\":630,\"height\":630,\"caption\":\"Magyarorsz\u00e1g tov\u00e1bbra is az els\u0151k k\u00f6z\u00f6tt GDP-n\u00f6veked\u00e9sben\"},{\"@type\":\"BreadcrumbList\",\"@id\":\"https:\\\/\\\/hotnewsinworld.com\\\/hu\\\/ferohelybovitest-kezdemenyez-a-jobbik-az-idosellatasban\\\/#breadcrumb\",\"itemListElement\":[{\"@type\":\"ListItem\",\"position\":1,\"name\":\"\u0413\u043b\u0430\u0432\u043d\u0430\u044f \u0441\u0442\u0440\u0430\u043d\u0438\u0446\u0430\",\"item\":\"https:\\\/\\\/hotnewsinworld.com\\\/hu\\\/\"},{\"@type\":\"ListItem\",\"position\":2,\"name\":\"F\u00e9r\u0151helyb\u0151v\u00edt\u00e9st kezdem\u00e9nyez a Jobbik az id\u0151sell\u00e1t\u00e1sban\"}]},{\"@type\":\"WebSite\",\"@id\":\"https:\\\/\\\/hotnewsinworld.com\\\/hu\\\/#website\",\"url\":\"https:\\\/\\\/hotnewsinworld.com\\\/hu\\\/\",\"name\":\"Hot News in World\",\"description\":\"Hot News in World from Hungary\",\"potentialAction\":[{\"@type\":\"SearchAction\",\"target\":{\"@type\":\"EntryPoint\",\"urlTemplate\":\"https:\\\/\\\/hotnewsinworld.com\\\/hu\\\/?s={search_term_string}\"},\"query-input\":{\"@type\":\"PropertyValueSpecification\",\"valueRequired\":true,\"valueName\":\"search_term_string\"}}],\"inLanguage\":\"hu\"},{\"@type\":\"Person\",\"@id\":\"https:\\\/\\\/hotnewsinworld.com\\\/hu\\\/#\\\/schema\\\/person\\\/fe61448b21c0d59086e75fcc1f9d8f6b\",\"name\":\"hotnewsinworld\",\"image\":{\"@type\":\"ImageObject\",\"inLanguage\":\"hu\",\"@id\":\"https:\\\/\\\/secure.gravatar.com\\\/avatar\\\/8a09ac165600ce2e1c38fe593c63928eb1e6e7ba5c5a907d67787c41b3d00c14?s=96&d=mm&r=g\",\"url\":\"https:\\\/\\\/secure.gravatar.com\\\/avatar\\\/8a09ac165600ce2e1c38fe593c63928eb1e6e7ba5c5a907d67787c41b3d00c14?s=96&d=mm&r=g\",\"contentUrl\":\"https:\\\/\\\/secure.gravatar.com\\\/avatar\\\/8a09ac165600ce2e1c38fe593c63928eb1e6e7ba5c5a907d67787c41b3d00c14?s=96&d=mm&r=g\",\"caption\":\"hotnewsinworld\"},\"url\":\"https:\\\/\\\/hotnewsinworld.com\\\/hu\\\/author\\\/pt\\\/\"}]}<\/script>\n<!-- \/ Yoast SEO plugin. -->","yoast_head_json":{"title":"F\u00e9r\u0151helyb\u0151v\u00edt\u00e9st kezdem\u00e9nyez a Jobbik az id\u0151sell\u00e1t\u00e1sban - Hot News in World","robots":{"index":"index","follow":"follow","max-snippet":"max-snippet:-1","max-image-preview":"max-image-preview:large","max-video-preview":"max-video-preview:-1"},"canonical":"https:\/\/hotnewsinworld.com\/hu\/ferohelybovitest-kezdemenyez-a-jobbik-az-idosellatasban\/","og_locale":"hu_HU","og_type":"article","og_title":"F\u00e9r\u0151helyb\u0151v\u00edt\u00e9st kezdem\u00e9nyez a Jobbik az id\u0151sell\u00e1t\u00e1sban - Hot News in World","og_description":"2019. szeptember 11. 15:29 A Fidesz mag\u00e1ra hagyta az id\u0151s gener\u00e1ci\u00f3t, nem foglalkozik az ell\u00e1t\u00e1sukkal, s\u0151t visszafejleszti azt \u2013 fogalmazott Sneider Tam\u00e1s. Az ellenz\u00e9ki politikus hangs\u00falyozta, a Jobbik \u00f6nkorm\u00e1nyzati programj\u00e1ban azonnali f\u00e9r\u0151helyb\u0151v\u00edt\u00e9st kezdem\u00e9nyez az id\u0151sell\u00e1t\u00e1s ter\u00fclet\u00e9n. Jelenleg t\u00f6bb mint 26 ezren v\u00e1rakoznak arra, hogy beker\u00fcljenek ezekbe az int\u00e9zm\u00e9nyekbe, \u00f6sszess\u00e9g\u00e9ben pedig k\u00e9tszer ennyien vannak, akik r\u00e1szoruln\u00e1nak [&hellip;]","og_url":"https:\/\/hotnewsinworld.com\/hu\/ferohelybovitest-kezdemenyez-a-jobbik-az-idosellatasban\/","og_site_name":"Hot News in World","article_published_time":"2019-09-11T13:37:29+00:00","og_image":[{"width":630,"height":630,"url":"https:\/\/hotnewsinworld.com\/hu\/wp-content\/uploads\/sites\/3\/2019\/09\/Magyarorsz\u00e1g-tov\u00e1bbra-is-az-els\u0151k-k\u00f6z\u00f6tt-GDP-n\u00f6veked\u00e9sben.png","type":"image\/png"}],"author":"hotnewsinworld","twitter_card":"summary_large_image","twitter_misc":{"Szerz\u0151:":"hotnewsinworld","Becs\u00fclt olvas\u00e1si id\u0151":"1 perc"},"schema":{"@context":"https:\/\/schema.org","@graph":[{"@type":"Article","@id":"https:\/\/hotnewsinworld.com\/hu\/ferohelybovitest-kezdemenyez-a-jobbik-az-idosellatasban\/#article","isPartOf":{"@id":"https:\/\/hotnewsinworld.com\/hu\/ferohelybovitest-kezdemenyez-a-jobbik-az-idosellatasban\/"},"author":{"name":"hotnewsinworld","@id":"https:\/\/hotnewsinworld.com\/hu\/#\/schema\/person\/fe61448b21c0d59086e75fcc1f9d8f6b"},"headline":"F\u00e9r\u0151helyb\u0151v\u00edt\u00e9st kezdem\u00e9nyez a Jobbik az id\u0151sell\u00e1t\u00e1sban","datePublished":"2019-09-11T13:37:29+00:00","mainEntityOfPage":{"@id":"https:\/\/hotnewsinworld.com\/hu\/ferohelybovitest-kezdemenyez-a-jobbik-az-idosellatasban\/"},"wordCount":271,"commentCount":0,"image":{"@id":"https:\/\/hotnewsinworld.com\/hu\/ferohelybovitest-kezdemenyez-a-jobbik-az-idosellatasban\/#primaryimage"},"thumbnailUrl":"https:\/\/hotnewsinworld.com\/hu\/wp-content\/uploads\/sites\/3\/2019\/09\/Magyarorsz\u00e1g-tov\u00e1bbra-is-az-els\u0151k-k\u00f6z\u00f6tt-GDP-n\u00f6veked\u00e9sben.png","articleSection":["LEG\u00daJABB P\u00c9NZ\u00dcGYI H\u00cdREK"],"inLanguage":"hu","potentialAction":[{"@type":"CommentAction","name":"Comment","target":["https:\/\/hotnewsinworld.com\/hu\/ferohelybovitest-kezdemenyez-a-jobbik-az-idosellatasban\/#respond"]}]},{"@type":"WebPage","@id":"https:\/\/hotnewsinworld.com\/hu\/ferohelybovitest-kezdemenyez-a-jobbik-az-idosellatasban\/","url":"https:\/\/hotnewsinworld.com\/hu\/ferohelybovitest-kezdemenyez-a-jobbik-az-idosellatasban\/","name":"F\u00e9r\u0151helyb\u0151v\u00edt\u00e9st kezdem\u00e9nyez a Jobbik az id\u0151sell\u00e1t\u00e1sban - Hot News in World","isPartOf":{"@id":"https:\/\/hotnewsinworld.com\/hu\/#website"},"primaryImageOfPage":{"@id":"https:\/\/hotnewsinworld.com\/hu\/ferohelybovitest-kezdemenyez-a-jobbik-az-idosellatasban\/#primaryimage"},"image":{"@id":"https:\/\/hotnewsinworld.com\/hu\/ferohelybovitest-kezdemenyez-a-jobbik-az-idosellatasban\/#primaryimage"},"thumbnailUrl":"https:\/\/hotnewsinworld.com\/hu\/wp-content\/uploads\/sites\/3\/2019\/09\/Magyarorsz\u00e1g-tov\u00e1bbra-is-az-els\u0151k-k\u00f6z\u00f6tt-GDP-n\u00f6veked\u00e9sben.png","datePublished":"2019-09-11T13:37:29+00:00","author":{"@id":"https:\/\/hotnewsinworld.com\/hu\/#\/schema\/person\/fe61448b21c0d59086e75fcc1f9d8f6b"},"breadcrumb":{"@id":"https:\/\/hotnewsinworld.com\/hu\/ferohelybovitest-kezdemenyez-a-jobbik-az-idosellatasban\/#breadcrumb"},"inLanguage":"hu","potentialAction":[{"@type":"ReadAction","target":["https:\/\/hotnewsinworld.com\/hu\/ferohelybovitest-kezdemenyez-a-jobbik-az-idosellatasban\/"]}]},{"@type":"ImageObject","inLanguage":"hu","@id":"https:\/\/hotnewsinworld.com\/hu\/ferohelybovitest-kezdemenyez-a-jobbik-az-idosellatasban\/#primaryimage","url":"https:\/\/hotnewsinworld.com\/hu\/wp-content\/uploads\/sites\/3\/2019\/09\/Magyarorsz\u00e1g-tov\u00e1bbra-is-az-els\u0151k-k\u00f6z\u00f6tt-GDP-n\u00f6veked\u00e9sben.png","contentUrl":"https:\/\/hotnewsinworld.com\/hu\/wp-content\/uploads\/sites\/3\/2019\/09\/Magyarorsz\u00e1g-tov\u00e1bbra-is-az-els\u0151k-k\u00f6z\u00f6tt-GDP-n\u00f6veked\u00e9sben.png","width":630,"height":630,"caption":"Magyarorsz\u00e1g tov\u00e1bbra is az els\u0151k k\u00f6z\u00f6tt GDP-n\u00f6veked\u00e9sben"},{"@type":"BreadcrumbList","@id":"https:\/\/hotnewsinworld.com\/hu\/ferohelybovitest-kezdemenyez-a-jobbik-az-idosellatasban\/#breadcrumb","itemListElement":[{"@type":"ListItem","position":1,"name":"\u0413\u043b\u0430\u0432\u043d\u0430\u044f \u0441\u0442\u0440\u0430\u043d\u0438\u0446\u0430","item":"https:\/\/hotnewsinworld.com\/hu\/"},{"@type":"ListItem","position":2,"name":"F\u00e9r\u0151helyb\u0151v\u00edt\u00e9st kezdem\u00e9nyez a Jobbik az id\u0151sell\u00e1t\u00e1sban"}]},{"@type":"WebSite","@id":"https:\/\/hotnewsinworld.com\/hu\/#website","url":"https:\/\/hotnewsinworld.com\/hu\/","name":"Hot News in World","description":"Hot News in World from Hungary","potentialAction":[{"@type":"SearchAction","target":{"@type":"EntryPoint","urlTemplate":"https:\/\/hotnewsinworld.com\/hu\/?s={search_term_string}"},"query-input":{"@type":"PropertyValueSpecification","valueRequired":true,"valueName":"search_term_string"}}],"inLanguage":"hu"},{"@type":"Person","@id":"https:\/\/hotnewsinworld.com\/hu\/#\/schema\/person\/fe61448b21c0d59086e75fcc1f9d8f6b","name":"hotnewsinworld","image":{"@type":"ImageObject","inLanguage":"hu","@id":"https:\/\/secure.gravatar.com\/avatar\/8a09ac165600ce2e1c38fe593c63928eb1e6e7ba5c5a907d67787c41b3d00c14?s=96&d=mm&r=g","url":"https:\/\/secure.gravatar.com\/avatar\/8a09ac165600ce2e1c38fe593c63928eb1e6e7ba5c5a907d67787c41b3d00c14?s=96&d=mm&r=g","contentUrl":"https:\/\/secure.gravatar.com\/avatar\/8a09ac165600ce2e1c38fe593c63928eb1e6e7ba5c5a907d67787c41b3d00c14?s=96&d=mm&r=g","caption":"hotnewsinworld"},"url":"https:\/\/hotnewsinworld.com\/hu\/author\/pt\/"}]}},"_links":{"self":[{"href":"https:\/\/hotnewsinworld.com\/hu\/wp-json\/wp\/v2\/posts\/1911","targetHints":{"allow":["GET"]}}],"collection":[{"href":"https:\/\/hotnewsinworld.com\/hu\/wp-json\/wp\/v2\/posts"}],"about":[{"href":"https:\/\/hotnewsinworld.com\/hu\/wp-json\/wp\/v2\/types\/post"}],"author":[{"embeddable":true,"href":"https:\/\/hotnewsinworld.com\/hu\/wp-json\/wp\/v2\/users\/2"}],"replies":[{"embeddable":true,"href":"https:\/\/hotnewsinworld.com\/hu\/wp-json\/wp\/v2\/comments?post=1911"}],"version-history":[{"count":1,"href":"https:\/\/hotnewsinworld.com\/hu\/wp-json\/wp\/v2\/posts\/1911\/revisions"}],"predecessor-version":[{"id":1912,"href":"https:\/\/hotnewsinworld.com\/hu\/wp-json\/wp\/v2\/posts\/1911\/revisions\/1912"}],"wp:featuredmedia":[{"embeddable":true,"href":"https:\/\/hotnewsinworld.com\/hu\/wp-json\/wp\/v2\/media\/1714"}],"wp:attachment":[{"href":"https:\/\/hotnewsinworld.com\/hu\/wp-json\/wp\/v2\/media?parent=1911"}],"wp:term":[{"taxonomy":"category","embeddable":true,"href":"https:\/\/hotnewsinworld.com\/hu\/wp-json\/wp\/v2\/categories?post=1911"},{"taxonomy":"post_tag","embeddable":true,"href":"https:\/\/hotnewsinworld.com\/hu\/wp-json\/wp\/v2\/tags?post=1911"}],"curies":[{"name":"wp","href":"https:\/\/api.w.org\/{rel}","templated":true}]}}