{"id":1916,"date":"2019-09-11T19:19:37","date_gmt":"2019-09-11T16:19:37","guid":{"rendered":"https:\/\/hotnewsinworld.com\/hu\/a-nap-kepe-fidesz-villamos-szallitja-a-debrecenieket\/"},"modified":"2019-09-11T19:19:38","modified_gmt":"2019-09-11T16:19:38","slug":"a-nap-kepe-fidesz-villamos-szallitja-a-debrecenieket","status":"publish","type":"post","link":"https:\/\/hotnewsinworld.com\/hu\/a-nap-kepe-fidesz-villamos-szallitja-a-debrecenieket\/","title":{"rendered":"A nap k\u00e9pe: Fidesz-villamos sz\u00e1ll\u00edtja a debrecenieket"},"content":{"rendered":"<p>\t\t\t\t&#13;<br \/>\n\t\t\t\t  ADATV\u00c9DELMI \u00c1TTEKINT\u00c9S&#13;<br \/>\n\t\t\t\t  FUNKCION\u00c1LIS S\u00dcTIK&#13;<br \/>\n\t\t\t\t  KIEG\u00c9SZ\u00cdT\u0150 S\u00dcTIK&#13;<\/p>\n<p>\t\t\t\t  Adatv\u00e9delmi \u00e1ttekint\u00e9s<br \/>\n\t\t\t\t  Ez a weboldal s\u00fctiket (cookies) haszn\u00e1l ahhoz, hogy a weboldal megfelel\u0151en m\u0171k\u00f6dj\u00f6n, tov\u00e1bb\u00e1 az oldalt felkeres\u0151 l\u00e1togat\u00f3k sz\u00e1m\u00e1ra a legjobb felhaszn\u00e1l\u00f3i \u00e9lm\u00e9nyt lehessen biztos\u00edtani. A s\u00fctikben elmentett inform\u00e1ci\u00f3k a weboldalt felkeres\u0151 l\u00e1togat\u00f3k b\u00f6ng\u00e9sz\u0151j\u00e9ben ker\u00fcl t\u00e1rol\u00e1sra, \u00e9s olyan adatokat tartalmaznak amelyeknek seg\u00edts\u00e9g\u00e9vel felismerhetj\u00fck, ha a weboldalra visszal\u00e1togat, vagy seg\u00edt abban, hogy a weboldal melyik oldalait l\u00e1togatja a felhaszn\u00e1l\u00f3 a leggyakrabban, mik a leg\u00e9rdekesebbek sz\u00e1m\u00e1ra, melyik r\u00e9szek a legjobban haszn\u00e1lhat\u00f3ak.<br \/>\n\t\t\t\t  Adatv\u00e9delmi t\u00e1j\u00e9koztat\u00f3nkat ide kattintva tal\u00e1lja<br \/>\n\t\t\t\t  A felhaszn\u00e1l\u00f3 a bal oldali r\u00e9sz f\u00fclein kereszt\u00fcl a s\u00fcti be\u00e1ll\u00edt\u00e1sokat r\u00e9szletesen be tudja \u00e1ll\u00edtani.<\/p>\n<p>\t\t\t\t\tFunkcion\u00e1lis s\u00fctik<br \/>\n\t\t\t\t\tEz a weboldal a Google Analytics \u00e9s Hotjar szolg\u00e1ltat\u00e1st haszn\u00e1lja olyan n\u00e9vtelen adatgy\u0171jt\u00e9shez, mint p\u00e9ld\u00e1ul az oldalt felkeres\u0151 l\u00e1togat\u00f3k sz\u00e1ma, vagy a weboldalon bel\u00fcli legn\u00e9pszer\u0171bb aloldalak.<br \/>\n\t\t\t\t\tA Facebook \u00e9s Twitter k\u00f3dok a k\u00f6z\u00f6ss\u00e9gi funkci\u00f3k t\u00e1mogat\u00e1s\u00e1ban \u00e9s megoszt\u00e1si lehet\u0151s\u00e9gek b\u0151v\u00edt\u00e9s\u00e9ben j\u00e1tszanak szerepet.<br \/>\n\t\t\t\t\tEzen s\u00fctik enged\u00e9lyez\u00e9se seg\u00edt benn\u00fcnket abban, hogy jav\u00edthassuk a weboldalunk tartalm\u00e1t a l\u00e1togat\u00f3ink \u00e9rdek\u00e9ben.<\/p>\n<p>\t\t\t\t  Kieg\u00e9sz\u00edt\u0151 s\u00fctik<br \/>\n\t\t\t\t  Ez a weboldal a k\u00f6vetkez\u0151 kieg\u00e9sz\u00edt\u0151 s\u00fctiket haszn\u00e1lja:<br \/>\n\t\t\t\t\tGoogle Ads&#13;<br \/>\n\t\t\t\t\tGemius Ad&#13;<br \/>\n\t\t\t\t\tGoogle Tag Manager<\/p>\n<p>\t\t\t\tV\u00e1ltoztat\u00e1sok ment\u00e9se<\/p>\n<p>\n<!--noindex--><br \/>\n<a href=\"https:\/\/hirek.oldal.info\/rssclick\/14389155\" rel=\"nofollow\">Source link <\/a><br \/>\n<!--\/noindex--><\/p>\n","protected":false},"excerpt":{"rendered":"<p>&#13; ADATV\u00c9DELMI \u00c1TTEKINT\u00c9S&#13; FUNKCION\u00c1LIS S\u00dcTIK&#13; KIEG\u00c9SZ\u00cdT\u0150 S\u00dcTIK&#13; Adatv\u00e9delmi \u00e1ttekint\u00e9s Ez a weboldal s\u00fctiket (cookies) haszn\u00e1l ahhoz, hogy a weboldal megfelel\u0151en m\u0171k\u00f6dj\u00f6n, tov\u00e1bb\u00e1 az oldalt felkeres\u0151 l\u00e1togat\u00f3k sz\u00e1m\u00e1ra a legjobb felhaszn\u00e1l\u00f3i \u00e9lm\u00e9nyt lehessen biztos\u00edtani. A s\u00fctikben elmentett inform\u00e1ci\u00f3k a weboldalt felkeres\u0151 l\u00e1togat\u00f3k b\u00f6ng\u00e9sz\u0151j\u00e9ben ker\u00fcl t\u00e1rol\u00e1sra, \u00e9s olyan adatokat tartalmaznak amelyeknek seg\u00edts\u00e9g\u00e9vel felismerhetj\u00fck, ha a weboldalra visszal\u00e1togat, [&hellip;]<\/p>\n","protected":false},"author":2,"featured_media":1917,"comment_status":"open","ping_status":"open","sticky":false,"template":"","format":"standard","meta":{"footnotes":""},"categories":[1],"tags":[],"class_list":["post-1916","post","type-post","status-publish","format-standard","has-post-thumbnail","hentry","category-legujabb-penzugyi-hirek"],"yoast_head":"<!-- This site is optimized with the Yoast SEO plugin v27.4 - https:\/\/yoast.com\/product\/yoast-seo-wordpress\/ -->\n<title>A nap k\u00e9pe: Fidesz-villamos sz\u00e1ll\u00edtja a debrecenieket - Hot News in World<\/title>\n<meta name=\"robots\" content=\"index, follow, max-snippet:-1, max-image-preview:large, max-video-preview:-1\" \/>\n<link rel=\"canonical\" href=\"https:\/\/hotnewsinworld.com\/hu\/a-nap-kepe-fidesz-villamos-szallitja-a-debrecenieket\/\" \/>\n<meta property=\"og:locale\" content=\"hu_HU\" \/>\n<meta property=\"og:type\" content=\"article\" \/>\n<meta property=\"og:title\" content=\"A nap k\u00e9pe: Fidesz-villamos sz\u00e1ll\u00edtja a debrecenieket - Hot News in World\" \/>\n<meta property=\"og:description\" content=\"&#013; ADATV\u00c9DELMI \u00c1TTEKINT\u00c9S&#013; FUNKCION\u00c1LIS S\u00dcTIK&#013; KIEG\u00c9SZ\u00cdT\u0150 S\u00dcTIK&#013; Adatv\u00e9delmi \u00e1ttekint\u00e9s Ez a weboldal s\u00fctiket (cookies) haszn\u00e1l ahhoz, hogy a weboldal megfelel\u0151en m\u0171k\u00f6dj\u00f6n, tov\u00e1bb\u00e1 az oldalt felkeres\u0151 l\u00e1togat\u00f3k sz\u00e1m\u00e1ra a legjobb felhaszn\u00e1l\u00f3i \u00e9lm\u00e9nyt lehessen biztos\u00edtani. A s\u00fctikben elmentett inform\u00e1ci\u00f3k a weboldalt felkeres\u0151 l\u00e1togat\u00f3k b\u00f6ng\u00e9sz\u0151j\u00e9ben ker\u00fcl t\u00e1rol\u00e1sra, \u00e9s olyan adatokat tartalmaznak amelyeknek seg\u00edts\u00e9g\u00e9vel felismerhetj\u00fck, ha a weboldalra visszal\u00e1togat, [&hellip;]\" \/>\n<meta property=\"og:url\" content=\"https:\/\/hotnewsinworld.com\/hu\/a-nap-kepe-fidesz-villamos-szallitja-a-debrecenieket\/\" \/>\n<meta property=\"og:site_name\" content=\"Hot News in World\" \/>\n<meta property=\"article:published_time\" content=\"2019-09-11T16:19:37+00:00\" \/>\n<meta property=\"article:modified_time\" content=\"2019-09-11T16:19:38+00:00\" \/>\n<meta property=\"og:image\" content=\"https:\/\/hotnewsinworld.com\/hu\/wp-content\/uploads\/sites\/3\/2019\/09\/A-nap-k\u00e9pe-Fidesz-villamos-sz\u00e1ll\u00edtja-a-debrecenieket.jpg\" \/>\n\t<meta property=\"og:image:width\" content=\"800\" \/>\n\t<meta property=\"og:image:height\" content=\"600\" \/>\n\t<meta property=\"og:image:type\" content=\"image\/jpeg\" \/>\n<meta name=\"author\" content=\"hotnewsinworld\" \/>\n<meta name=\"twitter:card\" content=\"summary_large_image\" \/>\n<meta name=\"twitter:label1\" content=\"Szerz\u0151:\" \/>\n\t<meta name=\"twitter:data1\" content=\"hotnewsinworld\" \/>\n\t<meta name=\"twitter:label2\" content=\"Becs\u00fclt olvas\u00e1si id\u0151\" \/>\n\t<meta name=\"twitter:data2\" content=\"1 perc\" \/>\n<script type=\"application\/ld+json\" class=\"yoast-schema-graph\">{\"@context\":\"https:\\\/\\\/schema.org\",\"@graph\":[{\"@type\":\"Article\",\"@id\":\"https:\\\/\\\/hotnewsinworld.com\\\/hu\\\/a-nap-kepe-fidesz-villamos-szallitja-a-debrecenieket\\\/#article\",\"isPartOf\":{\"@id\":\"https:\\\/\\\/hotnewsinworld.com\\\/hu\\\/a-nap-kepe-fidesz-villamos-szallitja-a-debrecenieket\\\/\"},\"author\":{\"name\":\"hotnewsinworld\",\"@id\":\"https:\\\/\\\/hotnewsinworld.com\\\/hu\\\/#\\\/schema\\\/person\\\/fe61448b21c0d59086e75fcc1f9d8f6b\"},\"headline\":\"A nap k\u00e9pe: Fidesz-villamos sz\u00e1ll\u00edtja a debrecenieket\",\"datePublished\":\"2019-09-11T16:19:37+00:00\",\"dateModified\":\"2019-09-11T16:19:38+00:00\",\"mainEntityOfPage\":{\"@id\":\"https:\\\/\\\/hotnewsinworld.com\\\/hu\\\/a-nap-kepe-fidesz-villamos-szallitja-a-debrecenieket\\\/\"},\"wordCount\":302,\"commentCount\":0,\"image\":{\"@id\":\"https:\\\/\\\/hotnewsinworld.com\\\/hu\\\/a-nap-kepe-fidesz-villamos-szallitja-a-debrecenieket\\\/#primaryimage\"},\"thumbnailUrl\":\"https:\\\/\\\/hotnewsinworld.com\\\/hu\\\/wp-content\\\/uploads\\\/sites\\\/3\\\/2019\\\/09\\\/A-nap-k\u00e9pe-Fidesz-villamos-sz\u00e1ll\u00edtja-a-debrecenieket.jpg\",\"articleSection\":[\"LEG\u00daJABB P\u00c9NZ\u00dcGYI H\u00cdREK\"],\"inLanguage\":\"hu\",\"potentialAction\":[{\"@type\":\"CommentAction\",\"name\":\"Comment\",\"target\":[\"https:\\\/\\\/hotnewsinworld.com\\\/hu\\\/a-nap-kepe-fidesz-villamos-szallitja-a-debrecenieket\\\/#respond\"]}]},{\"@type\":\"WebPage\",\"@id\":\"https:\\\/\\\/hotnewsinworld.com\\\/hu\\\/a-nap-kepe-fidesz-villamos-szallitja-a-debrecenieket\\\/\",\"url\":\"https:\\\/\\\/hotnewsinworld.com\\\/hu\\\/a-nap-kepe-fidesz-villamos-szallitja-a-debrecenieket\\\/\",\"name\":\"A nap k\u00e9pe: Fidesz-villamos sz\u00e1ll\u00edtja a debrecenieket - Hot News in World\",\"isPartOf\":{\"@id\":\"https:\\\/\\\/hotnewsinworld.com\\\/hu\\\/#website\"},\"primaryImageOfPage\":{\"@id\":\"https:\\\/\\\/hotnewsinworld.com\\\/hu\\\/a-nap-kepe-fidesz-villamos-szallitja-a-debrecenieket\\\/#primaryimage\"},\"image\":{\"@id\":\"https:\\\/\\\/hotnewsinworld.com\\\/hu\\\/a-nap-kepe-fidesz-villamos-szallitja-a-debrecenieket\\\/#primaryimage\"},\"thumbnailUrl\":\"https:\\\/\\\/hotnewsinworld.com\\\/hu\\\/wp-content\\\/uploads\\\/sites\\\/3\\\/2019\\\/09\\\/A-nap-k\u00e9pe-Fidesz-villamos-sz\u00e1ll\u00edtja-a-debrecenieket.jpg\",\"datePublished\":\"2019-09-11T16:19:37+00:00\",\"dateModified\":\"2019-09-11T16:19:38+00:00\",\"author\":{\"@id\":\"https:\\\/\\\/hotnewsinworld.com\\\/hu\\\/#\\\/schema\\\/person\\\/fe61448b21c0d59086e75fcc1f9d8f6b\"},\"breadcrumb\":{\"@id\":\"https:\\\/\\\/hotnewsinworld.com\\\/hu\\\/a-nap-kepe-fidesz-villamos-szallitja-a-debrecenieket\\\/#breadcrumb\"},\"inLanguage\":\"hu\",\"potentialAction\":[{\"@type\":\"ReadAction\",\"target\":[\"https:\\\/\\\/hotnewsinworld.com\\\/hu\\\/a-nap-kepe-fidesz-villamos-szallitja-a-debrecenieket\\\/\"]}]},{\"@type\":\"ImageObject\",\"inLanguage\":\"hu\",\"@id\":\"https:\\\/\\\/hotnewsinworld.com\\\/hu\\\/a-nap-kepe-fidesz-villamos-szallitja-a-debrecenieket\\\/#primaryimage\",\"url\":\"https:\\\/\\\/hotnewsinworld.com\\\/hu\\\/wp-content\\\/uploads\\\/sites\\\/3\\\/2019\\\/09\\\/A-nap-k\u00e9pe-Fidesz-villamos-sz\u00e1ll\u00edtja-a-debrecenieket.jpg\",\"contentUrl\":\"https:\\\/\\\/hotnewsinworld.com\\\/hu\\\/wp-content\\\/uploads\\\/sites\\\/3\\\/2019\\\/09\\\/A-nap-k\u00e9pe-Fidesz-villamos-sz\u00e1ll\u00edtja-a-debrecenieket.jpg\",\"width\":800,\"height\":600,\"caption\":\"A nap k&eacute;pe: Fidesz-villamos sz&aacute;ll&iacute;tja a debrecenieket\"},{\"@type\":\"BreadcrumbList\",\"@id\":\"https:\\\/\\\/hotnewsinworld.com\\\/hu\\\/a-nap-kepe-fidesz-villamos-szallitja-a-debrecenieket\\\/#breadcrumb\",\"itemListElement\":[{\"@type\":\"ListItem\",\"position\":1,\"name\":\"\u0413\u043b\u0430\u0432\u043d\u0430\u044f \u0441\u0442\u0440\u0430\u043d\u0438\u0446\u0430\",\"item\":\"https:\\\/\\\/hotnewsinworld.com\\\/hu\\\/\"},{\"@type\":\"ListItem\",\"position\":2,\"name\":\"A nap k\u00e9pe: Fidesz-villamos sz\u00e1ll\u00edtja a debrecenieket\"}]},{\"@type\":\"WebSite\",\"@id\":\"https:\\\/\\\/hotnewsinworld.com\\\/hu\\\/#website\",\"url\":\"https:\\\/\\\/hotnewsinworld.com\\\/hu\\\/\",\"name\":\"Hot News in World\",\"description\":\"Hot News in World from Hungary\",\"potentialAction\":[{\"@type\":\"SearchAction\",\"target\":{\"@type\":\"EntryPoint\",\"urlTemplate\":\"https:\\\/\\\/hotnewsinworld.com\\\/hu\\\/?s={search_term_string}\"},\"query-input\":{\"@type\":\"PropertyValueSpecification\",\"valueRequired\":true,\"valueName\":\"search_term_string\"}}],\"inLanguage\":\"hu\"},{\"@type\":\"Person\",\"@id\":\"https:\\\/\\\/hotnewsinworld.com\\\/hu\\\/#\\\/schema\\\/person\\\/fe61448b21c0d59086e75fcc1f9d8f6b\",\"name\":\"hotnewsinworld\",\"image\":{\"@type\":\"ImageObject\",\"inLanguage\":\"hu\",\"@id\":\"https:\\\/\\\/secure.gravatar.com\\\/avatar\\\/8a09ac165600ce2e1c38fe593c63928eb1e6e7ba5c5a907d67787c41b3d00c14?s=96&d=mm&r=g\",\"url\":\"https:\\\/\\\/secure.gravatar.com\\\/avatar\\\/8a09ac165600ce2e1c38fe593c63928eb1e6e7ba5c5a907d67787c41b3d00c14?s=96&d=mm&r=g\",\"contentUrl\":\"https:\\\/\\\/secure.gravatar.com\\\/avatar\\\/8a09ac165600ce2e1c38fe593c63928eb1e6e7ba5c5a907d67787c41b3d00c14?s=96&d=mm&r=g\",\"caption\":\"hotnewsinworld\"},\"url\":\"https:\\\/\\\/hotnewsinworld.com\\\/hu\\\/author\\\/pt\\\/\"}]}<\/script>\n<!-- \/ Yoast SEO plugin. -->","yoast_head_json":{"title":"A nap k\u00e9pe: Fidesz-villamos sz\u00e1ll\u00edtja a debrecenieket - Hot News in World","robots":{"index":"index","follow":"follow","max-snippet":"max-snippet:-1","max-image-preview":"max-image-preview:large","max-video-preview":"max-video-preview:-1"},"canonical":"https:\/\/hotnewsinworld.com\/hu\/a-nap-kepe-fidesz-villamos-szallitja-a-debrecenieket\/","og_locale":"hu_HU","og_type":"article","og_title":"A nap k\u00e9pe: Fidesz-villamos sz\u00e1ll\u00edtja a debrecenieket - Hot News in World","og_description":"&#13; ADATV\u00c9DELMI \u00c1TTEKINT\u00c9S&#13; FUNKCION\u00c1LIS S\u00dcTIK&#13; KIEG\u00c9SZ\u00cdT\u0150 S\u00dcTIK&#13; Adatv\u00e9delmi \u00e1ttekint\u00e9s Ez a weboldal s\u00fctiket (cookies) haszn\u00e1l ahhoz, hogy a weboldal megfelel\u0151en m\u0171k\u00f6dj\u00f6n, tov\u00e1bb\u00e1 az oldalt felkeres\u0151 l\u00e1togat\u00f3k sz\u00e1m\u00e1ra a legjobb felhaszn\u00e1l\u00f3i \u00e9lm\u00e9nyt lehessen biztos\u00edtani. A s\u00fctikben elmentett inform\u00e1ci\u00f3k a weboldalt felkeres\u0151 l\u00e1togat\u00f3k b\u00f6ng\u00e9sz\u0151j\u00e9ben ker\u00fcl t\u00e1rol\u00e1sra, \u00e9s olyan adatokat tartalmaznak amelyeknek seg\u00edts\u00e9g\u00e9vel felismerhetj\u00fck, ha a weboldalra visszal\u00e1togat, [&hellip;]","og_url":"https:\/\/hotnewsinworld.com\/hu\/a-nap-kepe-fidesz-villamos-szallitja-a-debrecenieket\/","og_site_name":"Hot News in World","article_published_time":"2019-09-11T16:19:37+00:00","article_modified_time":"2019-09-11T16:19:38+00:00","og_image":[{"width":800,"height":600,"url":"https:\/\/hotnewsinworld.com\/hu\/wp-content\/uploads\/sites\/3\/2019\/09\/A-nap-k\u00e9pe-Fidesz-villamos-sz\u00e1ll\u00edtja-a-debrecenieket.jpg","type":"image\/jpeg"}],"author":"hotnewsinworld","twitter_card":"summary_large_image","twitter_misc":{"Szerz\u0151:":"hotnewsinworld","Becs\u00fclt olvas\u00e1si id\u0151":"1 perc"},"schema":{"@context":"https:\/\/schema.org","@graph":[{"@type":"Article","@id":"https:\/\/hotnewsinworld.com\/hu\/a-nap-kepe-fidesz-villamos-szallitja-a-debrecenieket\/#article","isPartOf":{"@id":"https:\/\/hotnewsinworld.com\/hu\/a-nap-kepe-fidesz-villamos-szallitja-a-debrecenieket\/"},"author":{"name":"hotnewsinworld","@id":"https:\/\/hotnewsinworld.com\/hu\/#\/schema\/person\/fe61448b21c0d59086e75fcc1f9d8f6b"},"headline":"A nap k\u00e9pe: Fidesz-villamos sz\u00e1ll\u00edtja a debrecenieket","datePublished":"2019-09-11T16:19:37+00:00","dateModified":"2019-09-11T16:19:38+00:00","mainEntityOfPage":{"@id":"https:\/\/hotnewsinworld.com\/hu\/a-nap-kepe-fidesz-villamos-szallitja-a-debrecenieket\/"},"wordCount":302,"commentCount":0,"image":{"@id":"https:\/\/hotnewsinworld.com\/hu\/a-nap-kepe-fidesz-villamos-szallitja-a-debrecenieket\/#primaryimage"},"thumbnailUrl":"https:\/\/hotnewsinworld.com\/hu\/wp-content\/uploads\/sites\/3\/2019\/09\/A-nap-k\u00e9pe-Fidesz-villamos-sz\u00e1ll\u00edtja-a-debrecenieket.jpg","articleSection":["LEG\u00daJABB P\u00c9NZ\u00dcGYI H\u00cdREK"],"inLanguage":"hu","potentialAction":[{"@type":"CommentAction","name":"Comment","target":["https:\/\/hotnewsinworld.com\/hu\/a-nap-kepe-fidesz-villamos-szallitja-a-debrecenieket\/#respond"]}]},{"@type":"WebPage","@id":"https:\/\/hotnewsinworld.com\/hu\/a-nap-kepe-fidesz-villamos-szallitja-a-debrecenieket\/","url":"https:\/\/hotnewsinworld.com\/hu\/a-nap-kepe-fidesz-villamos-szallitja-a-debrecenieket\/","name":"A nap k\u00e9pe: Fidesz-villamos sz\u00e1ll\u00edtja a debrecenieket - Hot News in World","isPartOf":{"@id":"https:\/\/hotnewsinworld.com\/hu\/#website"},"primaryImageOfPage":{"@id":"https:\/\/hotnewsinworld.com\/hu\/a-nap-kepe-fidesz-villamos-szallitja-a-debrecenieket\/#primaryimage"},"image":{"@id":"https:\/\/hotnewsinworld.com\/hu\/a-nap-kepe-fidesz-villamos-szallitja-a-debrecenieket\/#primaryimage"},"thumbnailUrl":"https:\/\/hotnewsinworld.com\/hu\/wp-content\/uploads\/sites\/3\/2019\/09\/A-nap-k\u00e9pe-Fidesz-villamos-sz\u00e1ll\u00edtja-a-debrecenieket.jpg","datePublished":"2019-09-11T16:19:37+00:00","dateModified":"2019-09-11T16:19:38+00:00","author":{"@id":"https:\/\/hotnewsinworld.com\/hu\/#\/schema\/person\/fe61448b21c0d59086e75fcc1f9d8f6b"},"breadcrumb":{"@id":"https:\/\/hotnewsinworld.com\/hu\/a-nap-kepe-fidesz-villamos-szallitja-a-debrecenieket\/#breadcrumb"},"inLanguage":"hu","potentialAction":[{"@type":"ReadAction","target":["https:\/\/hotnewsinworld.com\/hu\/a-nap-kepe-fidesz-villamos-szallitja-a-debrecenieket\/"]}]},{"@type":"ImageObject","inLanguage":"hu","@id":"https:\/\/hotnewsinworld.com\/hu\/a-nap-kepe-fidesz-villamos-szallitja-a-debrecenieket\/#primaryimage","url":"https:\/\/hotnewsinworld.com\/hu\/wp-content\/uploads\/sites\/3\/2019\/09\/A-nap-k\u00e9pe-Fidesz-villamos-sz\u00e1ll\u00edtja-a-debrecenieket.jpg","contentUrl":"https:\/\/hotnewsinworld.com\/hu\/wp-content\/uploads\/sites\/3\/2019\/09\/A-nap-k\u00e9pe-Fidesz-villamos-sz\u00e1ll\u00edtja-a-debrecenieket.jpg","width":800,"height":600,"caption":"A nap k&eacute;pe: Fidesz-villamos sz&aacute;ll&iacute;tja a debrecenieket"},{"@type":"BreadcrumbList","@id":"https:\/\/hotnewsinworld.com\/hu\/a-nap-kepe-fidesz-villamos-szallitja-a-debrecenieket\/#breadcrumb","itemListElement":[{"@type":"ListItem","position":1,"name":"\u0413\u043b\u0430\u0432\u043d\u0430\u044f \u0441\u0442\u0440\u0430\u043d\u0438\u0446\u0430","item":"https:\/\/hotnewsinworld.com\/hu\/"},{"@type":"ListItem","position":2,"name":"A nap k\u00e9pe: Fidesz-villamos sz\u00e1ll\u00edtja a debrecenieket"}]},{"@type":"WebSite","@id":"https:\/\/hotnewsinworld.com\/hu\/#website","url":"https:\/\/hotnewsinworld.com\/hu\/","name":"Hot News in World","description":"Hot News in World from Hungary","potentialAction":[{"@type":"SearchAction","target":{"@type":"EntryPoint","urlTemplate":"https:\/\/hotnewsinworld.com\/hu\/?s={search_term_string}"},"query-input":{"@type":"PropertyValueSpecification","valueRequired":true,"valueName":"search_term_string"}}],"inLanguage":"hu"},{"@type":"Person","@id":"https:\/\/hotnewsinworld.com\/hu\/#\/schema\/person\/fe61448b21c0d59086e75fcc1f9d8f6b","name":"hotnewsinworld","image":{"@type":"ImageObject","inLanguage":"hu","@id":"https:\/\/secure.gravatar.com\/avatar\/8a09ac165600ce2e1c38fe593c63928eb1e6e7ba5c5a907d67787c41b3d00c14?s=96&d=mm&r=g","url":"https:\/\/secure.gravatar.com\/avatar\/8a09ac165600ce2e1c38fe593c63928eb1e6e7ba5c5a907d67787c41b3d00c14?s=96&d=mm&r=g","contentUrl":"https:\/\/secure.gravatar.com\/avatar\/8a09ac165600ce2e1c38fe593c63928eb1e6e7ba5c5a907d67787c41b3d00c14?s=96&d=mm&r=g","caption":"hotnewsinworld"},"url":"https:\/\/hotnewsinworld.com\/hu\/author\/pt\/"}]}},"_links":{"self":[{"href":"https:\/\/hotnewsinworld.com\/hu\/wp-json\/wp\/v2\/posts\/1916","targetHints":{"allow":["GET"]}}],"collection":[{"href":"https:\/\/hotnewsinworld.com\/hu\/wp-json\/wp\/v2\/posts"}],"about":[{"href":"https:\/\/hotnewsinworld.com\/hu\/wp-json\/wp\/v2\/types\/post"}],"author":[{"embeddable":true,"href":"https:\/\/hotnewsinworld.com\/hu\/wp-json\/wp\/v2\/users\/2"}],"replies":[{"embeddable":true,"href":"https:\/\/hotnewsinworld.com\/hu\/wp-json\/wp\/v2\/comments?post=1916"}],"version-history":[{"count":1,"href":"https:\/\/hotnewsinworld.com\/hu\/wp-json\/wp\/v2\/posts\/1916\/revisions"}],"predecessor-version":[{"id":1918,"href":"https:\/\/hotnewsinworld.com\/hu\/wp-json\/wp\/v2\/posts\/1916\/revisions\/1918"}],"wp:featuredmedia":[{"embeddable":true,"href":"https:\/\/hotnewsinworld.com\/hu\/wp-json\/wp\/v2\/media\/1917"}],"wp:attachment":[{"href":"https:\/\/hotnewsinworld.com\/hu\/wp-json\/wp\/v2\/media?parent=1916"}],"wp:term":[{"taxonomy":"category","embeddable":true,"href":"https:\/\/hotnewsinworld.com\/hu\/wp-json\/wp\/v2\/categories?post=1916"},{"taxonomy":"post_tag","embeddable":true,"href":"https:\/\/hotnewsinworld.com\/hu\/wp-json\/wp\/v2\/tags?post=1916"}],"curies":[{"name":"wp","href":"https:\/\/api.w.org\/{rel}","templated":true}]}}