{"id":1925,"date":"2019-09-11T23:20:13","date_gmt":"2019-09-11T20:20:13","guid":{"rendered":"https:\/\/hotnewsinworld.com\/hu\/ket-hatarserto-roszkenel-a-magyar-rendorseg-hivatalos-honlapja\/"},"modified":"2019-09-11T23:20:13","modified_gmt":"2019-09-11T20:20:13","slug":"ket-hatarserto-roszkenel-a-magyar-rendorseg-hivatalos-honlapja","status":"publish","type":"post","link":"https:\/\/hotnewsinworld.com\/hu\/ket-hatarserto-roszkenel-a-magyar-rendorseg-hivatalos-honlapja\/","title":{"rendered":"K\u00e9t hat\u00e1rs\u00e9rt\u0151 R\u00f6szk\u00e9n\u00e9l | A Magyar Rend\u0151rs\u00e9g hivatalos honlapja"},"content":{"rendered":"\n<p>            Jogellenesen pr\u00f3b\u00e1lt meg bejutni az orsz\u00e1gba k\u00e9t migr\u00e1ns Csongr\u00e1d megy\u00e9ben. A rend\u0151r\u00f6k feltart\u00f3ztatt\u00e1k, majd az ideiglenes biztons\u00e1gi hat\u00e1rz\u00e1rhoz k\u00eds\u00e9rik \u0151ket.<\/p>\n<p>            A j\u00e1r\u0151r\u00f6k 2019. szeptember 11-\u00e9n 19 \u00f3ra 30 perckor tart\u00f3ztatt\u00e1k fel a hat\u00e1rs\u00e9rt\u0151ket a R\u00f6szke Aut\u00f3p\u00e1lya-hat\u00e1r\u00e1tkel\u0151hely ter\u00fclet\u00e9n. A f\u00e9rfiak egyike afg\u00e1n, m\u00edg a m\u00e1sik ir\u00e1ni \u00e1llampolg\u00e1rnak vallotta mag\u00e1t, azonban sem szem\u00e9lyazonoss\u00e1gukat, sem magyarorsz\u00e1gi tart\u00f3zkod\u00e1suk jogszer\u0171s\u00e9g\u00e9t hitelt \u00e9rdeml\u0151en nem tudt\u00e1k igazolni.A rend\u0151r\u00f6k a hat\u00e1lyos magyar jogszab\u00e1lyoknak megfelel\u0151en az illeg\u00e1lis migr\u00e1nsokat visszak\u00eds\u00e9rik az ideiglenes biztons\u00e1gi hat\u00e1rz\u00e1rhoz.<\/p>\n<p>\n<!--noindex--><br \/>\n<a href=\"https:\/\/hirek.oldal.info\/rssclick\/14389580\" rel=\"nofollow\">Source link <\/a><br \/>\n<!--\/noindex--><\/p>\n","protected":false},"excerpt":{"rendered":"<p>Jogellenesen pr\u00f3b\u00e1lt meg bejutni az orsz\u00e1gba k\u00e9t migr\u00e1ns Csongr\u00e1d megy\u00e9ben. A rend\u0151r\u00f6k feltart\u00f3ztatt\u00e1k, majd az ideiglenes biztons\u00e1gi hat\u00e1rz\u00e1rhoz k\u00eds\u00e9rik \u0151ket. A j\u00e1r\u0151r\u00f6k 2019. szeptember 11-\u00e9n 19 \u00f3ra 30 perckor tart\u00f3ztatt\u00e1k fel a hat\u00e1rs\u00e9rt\u0151ket a R\u00f6szke Aut\u00f3p\u00e1lya-hat\u00e1r\u00e1tkel\u0151hely ter\u00fclet\u00e9n. A f\u00e9rfiak egyike afg\u00e1n, m\u00edg a m\u00e1sik ir\u00e1ni \u00e1llampolg\u00e1rnak vallotta mag\u00e1t, azonban sem szem\u00e9lyazonoss\u00e1gukat, sem magyarorsz\u00e1gi tart\u00f3zkod\u00e1suk jogszer\u0171s\u00e9g\u00e9t [&hellip;]<\/p>\n","protected":false},"author":2,"featured_media":0,"comment_status":"open","ping_status":"open","sticky":false,"template":"","format":"standard","meta":{"footnotes":""},"categories":[1],"tags":[],"class_list":["post-1925","post","type-post","status-publish","format-standard","hentry","category-legujabb-penzugyi-hirek"],"yoast_head":"<!-- This site is optimized with the Yoast SEO plugin v27.4 - https:\/\/yoast.com\/product\/yoast-seo-wordpress\/ -->\n<title>K\u00e9t hat\u00e1rs\u00e9rt\u0151 R\u00f6szk\u00e9n\u00e9l | A Magyar Rend\u0151rs\u00e9g hivatalos honlapja - Hot News in World<\/title>\n<meta name=\"robots\" content=\"index, follow, max-snippet:-1, max-image-preview:large, max-video-preview:-1\" \/>\n<link rel=\"canonical\" href=\"https:\/\/hotnewsinworld.com\/hu\/ket-hatarserto-roszkenel-a-magyar-rendorseg-hivatalos-honlapja\/\" \/>\n<meta property=\"og:locale\" content=\"hu_HU\" \/>\n<meta property=\"og:type\" content=\"article\" \/>\n<meta property=\"og:title\" content=\"K\u00e9t hat\u00e1rs\u00e9rt\u0151 R\u00f6szk\u00e9n\u00e9l | A Magyar Rend\u0151rs\u00e9g hivatalos honlapja - Hot News in World\" \/>\n<meta property=\"og:description\" content=\"Jogellenesen pr\u00f3b\u00e1lt meg bejutni az orsz\u00e1gba k\u00e9t migr\u00e1ns Csongr\u00e1d megy\u00e9ben. A rend\u0151r\u00f6k feltart\u00f3ztatt\u00e1k, majd az ideiglenes biztons\u00e1gi hat\u00e1rz\u00e1rhoz k\u00eds\u00e9rik \u0151ket. A j\u00e1r\u0151r\u00f6k 2019. szeptember 11-\u00e9n 19 \u00f3ra 30 perckor tart\u00f3ztatt\u00e1k fel a hat\u00e1rs\u00e9rt\u0151ket a R\u00f6szke Aut\u00f3p\u00e1lya-hat\u00e1r\u00e1tkel\u0151hely ter\u00fclet\u00e9n. A f\u00e9rfiak egyike afg\u00e1n, m\u00edg a m\u00e1sik ir\u00e1ni \u00e1llampolg\u00e1rnak vallotta mag\u00e1t, azonban sem szem\u00e9lyazonoss\u00e1gukat, sem magyarorsz\u00e1gi tart\u00f3zkod\u00e1suk jogszer\u0171s\u00e9g\u00e9t [&hellip;]\" \/>\n<meta property=\"og:url\" content=\"https:\/\/hotnewsinworld.com\/hu\/ket-hatarserto-roszkenel-a-magyar-rendorseg-hivatalos-honlapja\/\" \/>\n<meta property=\"og:site_name\" content=\"Hot News in World\" \/>\n<meta property=\"article:published_time\" content=\"2019-09-11T20:20:13+00:00\" \/>\n<meta name=\"author\" content=\"hotnewsinworld\" \/>\n<meta name=\"twitter:card\" content=\"summary_large_image\" \/>\n<meta name=\"twitter:label1\" content=\"Szerz\u0151:\" \/>\n\t<meta name=\"twitter:data1\" content=\"hotnewsinworld\" \/>\n\t<meta name=\"twitter:label2\" content=\"Becs\u00fclt olvas\u00e1si id\u0151\" \/>\n\t<meta name=\"twitter:data2\" content=\"1 perc\" \/>\n<script type=\"application\/ld+json\" class=\"yoast-schema-graph\">{\"@context\":\"https:\\\/\\\/schema.org\",\"@graph\":[{\"@type\":\"Article\",\"@id\":\"https:\\\/\\\/hotnewsinworld.com\\\/hu\\\/ket-hatarserto-roszkenel-a-magyar-rendorseg-hivatalos-honlapja\\\/#article\",\"isPartOf\":{\"@id\":\"https:\\\/\\\/hotnewsinworld.com\\\/hu\\\/ket-hatarserto-roszkenel-a-magyar-rendorseg-hivatalos-honlapja\\\/\"},\"author\":{\"name\":\"hotnewsinworld\",\"@id\":\"https:\\\/\\\/hotnewsinworld.com\\\/hu\\\/#\\\/schema\\\/person\\\/fe61448b21c0d59086e75fcc1f9d8f6b\"},\"headline\":\"K\u00e9t hat\u00e1rs\u00e9rt\u0151 R\u00f6szk\u00e9n\u00e9l | A Magyar Rend\u0151rs\u00e9g hivatalos honlapja\",\"datePublished\":\"2019-09-11T20:20:13+00:00\",\"mainEntityOfPage\":{\"@id\":\"https:\\\/\\\/hotnewsinworld.com\\\/hu\\\/ket-hatarserto-roszkenel-a-magyar-rendorseg-hivatalos-honlapja\\\/\"},\"wordCount\":152,\"commentCount\":0,\"articleSection\":[\"LEG\u00daJABB P\u00c9NZ\u00dcGYI H\u00cdREK\"],\"inLanguage\":\"hu\",\"potentialAction\":[{\"@type\":\"CommentAction\",\"name\":\"Comment\",\"target\":[\"https:\\\/\\\/hotnewsinworld.com\\\/hu\\\/ket-hatarserto-roszkenel-a-magyar-rendorseg-hivatalos-honlapja\\\/#respond\"]}]},{\"@type\":\"WebPage\",\"@id\":\"https:\\\/\\\/hotnewsinworld.com\\\/hu\\\/ket-hatarserto-roszkenel-a-magyar-rendorseg-hivatalos-honlapja\\\/\",\"url\":\"https:\\\/\\\/hotnewsinworld.com\\\/hu\\\/ket-hatarserto-roszkenel-a-magyar-rendorseg-hivatalos-honlapja\\\/\",\"name\":\"K\u00e9t hat\u00e1rs\u00e9rt\u0151 R\u00f6szk\u00e9n\u00e9l | A Magyar Rend\u0151rs\u00e9g hivatalos honlapja - Hot News in World\",\"isPartOf\":{\"@id\":\"https:\\\/\\\/hotnewsinworld.com\\\/hu\\\/#website\"},\"datePublished\":\"2019-09-11T20:20:13+00:00\",\"author\":{\"@id\":\"https:\\\/\\\/hotnewsinworld.com\\\/hu\\\/#\\\/schema\\\/person\\\/fe61448b21c0d59086e75fcc1f9d8f6b\"},\"breadcrumb\":{\"@id\":\"https:\\\/\\\/hotnewsinworld.com\\\/hu\\\/ket-hatarserto-roszkenel-a-magyar-rendorseg-hivatalos-honlapja\\\/#breadcrumb\"},\"inLanguage\":\"hu\",\"potentialAction\":[{\"@type\":\"ReadAction\",\"target\":[\"https:\\\/\\\/hotnewsinworld.com\\\/hu\\\/ket-hatarserto-roszkenel-a-magyar-rendorseg-hivatalos-honlapja\\\/\"]}]},{\"@type\":\"BreadcrumbList\",\"@id\":\"https:\\\/\\\/hotnewsinworld.com\\\/hu\\\/ket-hatarserto-roszkenel-a-magyar-rendorseg-hivatalos-honlapja\\\/#breadcrumb\",\"itemListElement\":[{\"@type\":\"ListItem\",\"position\":1,\"name\":\"\u0413\u043b\u0430\u0432\u043d\u0430\u044f \u0441\u0442\u0440\u0430\u043d\u0438\u0446\u0430\",\"item\":\"https:\\\/\\\/hotnewsinworld.com\\\/hu\\\/\"},{\"@type\":\"ListItem\",\"position\":2,\"name\":\"K\u00e9t hat\u00e1rs\u00e9rt\u0151 R\u00f6szk\u00e9n\u00e9l | A Magyar Rend\u0151rs\u00e9g hivatalos honlapja\"}]},{\"@type\":\"WebSite\",\"@id\":\"https:\\\/\\\/hotnewsinworld.com\\\/hu\\\/#website\",\"url\":\"https:\\\/\\\/hotnewsinworld.com\\\/hu\\\/\",\"name\":\"Hot News in World\",\"description\":\"Hot News in World from Hungary\",\"potentialAction\":[{\"@type\":\"SearchAction\",\"target\":{\"@type\":\"EntryPoint\",\"urlTemplate\":\"https:\\\/\\\/hotnewsinworld.com\\\/hu\\\/?s={search_term_string}\"},\"query-input\":{\"@type\":\"PropertyValueSpecification\",\"valueRequired\":true,\"valueName\":\"search_term_string\"}}],\"inLanguage\":\"hu\"},{\"@type\":\"Person\",\"@id\":\"https:\\\/\\\/hotnewsinworld.com\\\/hu\\\/#\\\/schema\\\/person\\\/fe61448b21c0d59086e75fcc1f9d8f6b\",\"name\":\"hotnewsinworld\",\"image\":{\"@type\":\"ImageObject\",\"inLanguage\":\"hu\",\"@id\":\"https:\\\/\\\/secure.gravatar.com\\\/avatar\\\/8a09ac165600ce2e1c38fe593c63928eb1e6e7ba5c5a907d67787c41b3d00c14?s=96&d=mm&r=g\",\"url\":\"https:\\\/\\\/secure.gravatar.com\\\/avatar\\\/8a09ac165600ce2e1c38fe593c63928eb1e6e7ba5c5a907d67787c41b3d00c14?s=96&d=mm&r=g\",\"contentUrl\":\"https:\\\/\\\/secure.gravatar.com\\\/avatar\\\/8a09ac165600ce2e1c38fe593c63928eb1e6e7ba5c5a907d67787c41b3d00c14?s=96&d=mm&r=g\",\"caption\":\"hotnewsinworld\"},\"url\":\"https:\\\/\\\/hotnewsinworld.com\\\/hu\\\/author\\\/pt\\\/\"}]}<\/script>\n<!-- \/ Yoast SEO plugin. -->","yoast_head_json":{"title":"K\u00e9t hat\u00e1rs\u00e9rt\u0151 R\u00f6szk\u00e9n\u00e9l | A Magyar Rend\u0151rs\u00e9g hivatalos honlapja - Hot News in World","robots":{"index":"index","follow":"follow","max-snippet":"max-snippet:-1","max-image-preview":"max-image-preview:large","max-video-preview":"max-video-preview:-1"},"canonical":"https:\/\/hotnewsinworld.com\/hu\/ket-hatarserto-roszkenel-a-magyar-rendorseg-hivatalos-honlapja\/","og_locale":"hu_HU","og_type":"article","og_title":"K\u00e9t hat\u00e1rs\u00e9rt\u0151 R\u00f6szk\u00e9n\u00e9l | A Magyar Rend\u0151rs\u00e9g hivatalos honlapja - Hot News in World","og_description":"Jogellenesen pr\u00f3b\u00e1lt meg bejutni az orsz\u00e1gba k\u00e9t migr\u00e1ns Csongr\u00e1d megy\u00e9ben. A rend\u0151r\u00f6k feltart\u00f3ztatt\u00e1k, majd az ideiglenes biztons\u00e1gi hat\u00e1rz\u00e1rhoz k\u00eds\u00e9rik \u0151ket. A j\u00e1r\u0151r\u00f6k 2019. szeptember 11-\u00e9n 19 \u00f3ra 30 perckor tart\u00f3ztatt\u00e1k fel a hat\u00e1rs\u00e9rt\u0151ket a R\u00f6szke Aut\u00f3p\u00e1lya-hat\u00e1r\u00e1tkel\u0151hely ter\u00fclet\u00e9n. A f\u00e9rfiak egyike afg\u00e1n, m\u00edg a m\u00e1sik ir\u00e1ni \u00e1llampolg\u00e1rnak vallotta mag\u00e1t, azonban sem szem\u00e9lyazonoss\u00e1gukat, sem magyarorsz\u00e1gi tart\u00f3zkod\u00e1suk jogszer\u0171s\u00e9g\u00e9t [&hellip;]","og_url":"https:\/\/hotnewsinworld.com\/hu\/ket-hatarserto-roszkenel-a-magyar-rendorseg-hivatalos-honlapja\/","og_site_name":"Hot News in World","article_published_time":"2019-09-11T20:20:13+00:00","author":"hotnewsinworld","twitter_card":"summary_large_image","twitter_misc":{"Szerz\u0151:":"hotnewsinworld","Becs\u00fclt olvas\u00e1si id\u0151":"1 perc"},"schema":{"@context":"https:\/\/schema.org","@graph":[{"@type":"Article","@id":"https:\/\/hotnewsinworld.com\/hu\/ket-hatarserto-roszkenel-a-magyar-rendorseg-hivatalos-honlapja\/#article","isPartOf":{"@id":"https:\/\/hotnewsinworld.com\/hu\/ket-hatarserto-roszkenel-a-magyar-rendorseg-hivatalos-honlapja\/"},"author":{"name":"hotnewsinworld","@id":"https:\/\/hotnewsinworld.com\/hu\/#\/schema\/person\/fe61448b21c0d59086e75fcc1f9d8f6b"},"headline":"K\u00e9t hat\u00e1rs\u00e9rt\u0151 R\u00f6szk\u00e9n\u00e9l | A Magyar Rend\u0151rs\u00e9g hivatalos honlapja","datePublished":"2019-09-11T20:20:13+00:00","mainEntityOfPage":{"@id":"https:\/\/hotnewsinworld.com\/hu\/ket-hatarserto-roszkenel-a-magyar-rendorseg-hivatalos-honlapja\/"},"wordCount":152,"commentCount":0,"articleSection":["LEG\u00daJABB P\u00c9NZ\u00dcGYI H\u00cdREK"],"inLanguage":"hu","potentialAction":[{"@type":"CommentAction","name":"Comment","target":["https:\/\/hotnewsinworld.com\/hu\/ket-hatarserto-roszkenel-a-magyar-rendorseg-hivatalos-honlapja\/#respond"]}]},{"@type":"WebPage","@id":"https:\/\/hotnewsinworld.com\/hu\/ket-hatarserto-roszkenel-a-magyar-rendorseg-hivatalos-honlapja\/","url":"https:\/\/hotnewsinworld.com\/hu\/ket-hatarserto-roszkenel-a-magyar-rendorseg-hivatalos-honlapja\/","name":"K\u00e9t hat\u00e1rs\u00e9rt\u0151 R\u00f6szk\u00e9n\u00e9l | A Magyar Rend\u0151rs\u00e9g hivatalos honlapja - Hot News in World","isPartOf":{"@id":"https:\/\/hotnewsinworld.com\/hu\/#website"},"datePublished":"2019-09-11T20:20:13+00:00","author":{"@id":"https:\/\/hotnewsinworld.com\/hu\/#\/schema\/person\/fe61448b21c0d59086e75fcc1f9d8f6b"},"breadcrumb":{"@id":"https:\/\/hotnewsinworld.com\/hu\/ket-hatarserto-roszkenel-a-magyar-rendorseg-hivatalos-honlapja\/#breadcrumb"},"inLanguage":"hu","potentialAction":[{"@type":"ReadAction","target":["https:\/\/hotnewsinworld.com\/hu\/ket-hatarserto-roszkenel-a-magyar-rendorseg-hivatalos-honlapja\/"]}]},{"@type":"BreadcrumbList","@id":"https:\/\/hotnewsinworld.com\/hu\/ket-hatarserto-roszkenel-a-magyar-rendorseg-hivatalos-honlapja\/#breadcrumb","itemListElement":[{"@type":"ListItem","position":1,"name":"\u0413\u043b\u0430\u0432\u043d\u0430\u044f \u0441\u0442\u0440\u0430\u043d\u0438\u0446\u0430","item":"https:\/\/hotnewsinworld.com\/hu\/"},{"@type":"ListItem","position":2,"name":"K\u00e9t hat\u00e1rs\u00e9rt\u0151 R\u00f6szk\u00e9n\u00e9l | A Magyar Rend\u0151rs\u00e9g hivatalos honlapja"}]},{"@type":"WebSite","@id":"https:\/\/hotnewsinworld.com\/hu\/#website","url":"https:\/\/hotnewsinworld.com\/hu\/","name":"Hot News in World","description":"Hot News in World from Hungary","potentialAction":[{"@type":"SearchAction","target":{"@type":"EntryPoint","urlTemplate":"https:\/\/hotnewsinworld.com\/hu\/?s={search_term_string}"},"query-input":{"@type":"PropertyValueSpecification","valueRequired":true,"valueName":"search_term_string"}}],"inLanguage":"hu"},{"@type":"Person","@id":"https:\/\/hotnewsinworld.com\/hu\/#\/schema\/person\/fe61448b21c0d59086e75fcc1f9d8f6b","name":"hotnewsinworld","image":{"@type":"ImageObject","inLanguage":"hu","@id":"https:\/\/secure.gravatar.com\/avatar\/8a09ac165600ce2e1c38fe593c63928eb1e6e7ba5c5a907d67787c41b3d00c14?s=96&d=mm&r=g","url":"https:\/\/secure.gravatar.com\/avatar\/8a09ac165600ce2e1c38fe593c63928eb1e6e7ba5c5a907d67787c41b3d00c14?s=96&d=mm&r=g","contentUrl":"https:\/\/secure.gravatar.com\/avatar\/8a09ac165600ce2e1c38fe593c63928eb1e6e7ba5c5a907d67787c41b3d00c14?s=96&d=mm&r=g","caption":"hotnewsinworld"},"url":"https:\/\/hotnewsinworld.com\/hu\/author\/pt\/"}]}},"_links":{"self":[{"href":"https:\/\/hotnewsinworld.com\/hu\/wp-json\/wp\/v2\/posts\/1925","targetHints":{"allow":["GET"]}}],"collection":[{"href":"https:\/\/hotnewsinworld.com\/hu\/wp-json\/wp\/v2\/posts"}],"about":[{"href":"https:\/\/hotnewsinworld.com\/hu\/wp-json\/wp\/v2\/types\/post"}],"author":[{"embeddable":true,"href":"https:\/\/hotnewsinworld.com\/hu\/wp-json\/wp\/v2\/users\/2"}],"replies":[{"embeddable":true,"href":"https:\/\/hotnewsinworld.com\/hu\/wp-json\/wp\/v2\/comments?post=1925"}],"version-history":[{"count":0,"href":"https:\/\/hotnewsinworld.com\/hu\/wp-json\/wp\/v2\/posts\/1925\/revisions"}],"wp:attachment":[{"href":"https:\/\/hotnewsinworld.com\/hu\/wp-json\/wp\/v2\/media?parent=1925"}],"wp:term":[{"taxonomy":"category","embeddable":true,"href":"https:\/\/hotnewsinworld.com\/hu\/wp-json\/wp\/v2\/categories?post=1925"},{"taxonomy":"post_tag","embeddable":true,"href":"https:\/\/hotnewsinworld.com\/hu\/wp-json\/wp\/v2\/tags?post=1925"}],"curies":[{"name":"wp","href":"https:\/\/api.w.org\/{rel}","templated":true}]}}