{"id":1926,"date":"2019-09-12T00:40:53","date_gmt":"2019-09-11T21:40:53","guid":{"rendered":"https:\/\/hotnewsinworld.com\/hu\/karacsony-szerint-a-rendorseg-es-az-igazsagszolgatatas-beavatkozik-a-politikai-versenybe-ezert-tuntetest-hirdetett\/"},"modified":"2019-09-12T00:40:54","modified_gmt":"2019-09-11T21:40:54","slug":"karacsony-szerint-a-rendorseg-es-az-igazsagszolgatatas-beavatkozik-a-politikai-versenybe-ezert-tuntetest-hirdetett","status":"publish","type":"post","link":"https:\/\/hotnewsinworld.com\/hu\/karacsony-szerint-a-rendorseg-es-az-igazsagszolgatatas-beavatkozik-a-politikai-versenybe-ezert-tuntetest-hirdetett\/","title":{"rendered":"Kar\u00e1csony szerint a rend\u0151rs\u00e9g \u00e9s az igazs\u00e1gszolg\u00e1tat\u00e1s beavatkozik a politikai versenybe, ez\u00e9rt t\u00fcntet\u00e9st hirdetett"},"content":{"rendered":"<p>P\u00e9ntek este Kar\u00e1csony Gergely, az ellenz\u00e9k f\u0151polg\u00e1rmester-jel\u00f6ltje a Facebookon \u00e9l\u0151ben jelentkezett a rend\u0151ri int\u00e9zked\u00e9s al\u00e1 vont VIII. ker\u00fcleti kamp\u00e1nyk\u00f6zpontb\u00f3l, Pik\u00f3 Andr\u00e1s nyolcadik ker\u00fcleti polg\u00e1rmesterjel\u00f6lt mell\u0151l. Mint arr\u00f3l besz\u00e1moltunk, a rend\u0151rs\u00e9g \u2013 v\u00e9lhet\u0151en a korm\u00e1nym\u00e9di\u00e1ban megjelent gyan\u00fas\u00edt\u00e1sok alapj\u00e1n \u2013 szerda este h\u00e1zkutat\u00e1st tartott a VIII. ker\u00fcleti ellenz\u00e9k kamp\u00e1nyk\u00f6zpontj\u00e1ban.Kar\u00e1csony elmondta, hogy \u201erendk\u00edv\u00fcl felindult\u201d lelki\u00e1llapotban \u00e9rkezett a helysz\u00edre, hogy szolidarit\u00e1s\u00e1r\u00f3l biztos\u00edtsa Pik\u00f3t \u00e9s csapat\u00e1t. A f\u0151polg\u00e1rmester-jel\u00f6lt szerint a Fidesz \u00f6nmag\u00e1t buktatja le azzal, hogyha megl\u00e1t egy fot\u00f3t, amin emberek aj\u00e9nl\u00f3\u00edvek mellett dolgoznak, akkor csak arra tud gondolni, hogy lopj\u00e1k, hamis\u00edtj\u00e1k az adatokat. \u00c9ppen a Fidesz az a p\u00e1rt, amely tudhat\u00f3an, \u00e9vek \u00f3ta nem t\u00f6r\u0151dik a v\u00e1laszt\u00f3k szem\u00e9lyes adatainak v\u00e9delm\u00e9vel, \u00e9s erre bizony\u00edt\u00e9kul szolg\u00e1lnak a \u201eKubatov-f\u00e9le hangfelv\u00e9telek\u201d, illetve \u201eismerj\u00fck a Kubatov-list\u00e1k m\u0171k\u00f6d\u00e9s\u00e9t\u201d. Ezzel szemben az ellenz\u00e9k nemcsak a t\u00f6rv\u00e9nyben el\u0151\u00edrtakat, de a legszigor\u00fabb erk\u00f6lcsi norm\u00e1kat is betartja \u2013 mondta Kar\u00e1csony Gergely.\u00a0Pik\u00f3 csapata olyan civilekb\u0151l \u00e1ll, akik tal\u00e1n \u00f3vatlanok, \u00e9s nem tudj\u00e1k pontosan, hogyan m\u0171k\u00f6dik a hatalom \u00e9s propagand\u00e1ja. Ezut\u00e1n bejelentette, hogy p\u00e9ntek este hat \u00f3rakor a Pr\u00e1ter utc\u00e1ban, az Einstand szoborn\u00e1l t\u00fcntet\u00e9st tartanak, hogy megmutass\u00e1k, nem hagyj\u00e1k, hogy megf\u00e9leml\u00edts\u00e9k \u0151ket, illetve ki\u00e1llnak azok mellett, akiket megpr\u00f3b\u00e1lnak megf\u00e9leml\u00edteni. Pik\u00f3\u00e9k esete mellett a megf\u00e9leml\u00edt\u00e9si k\u00eds\u00e9rletek k\u00f6z\u00e9 sorolta, hogy azokat az ellenz\u00e9ki politikusokat, akik a hatodik ker\u00fcleti fideszes polg\u00e1rmester II. ker\u00fcleti h\u00e1za el\u0151tt tartottak sajt\u00f3t\u00e1j\u00e9koztat\u00f3t j\u00falius v\u00e9g\u00e9n, a rend\u0151rs\u00e9g gy\u00fclekez\u00e9si joggal val\u00f3 vissza\u00e9l\u00e9s miatt beid\u00e9zte. (Kerpel-Fr\u00f3nius G\u00e1bor, a Momentum volt f\u0151polg\u00e1rmester-jel\u00f6ltje \u00e9s a p\u00e1rbesz\u00e9des Temesv\u00e1ri Szilvia volt a k\u00e9t politikus, b\u00e1r Kar\u00e1csony nem eml\u00edtette \u0151ket n\u00e9v szerint.)<\/p>\n<p>\u201eNyilv\u00e1nval\u00f3, hogy ezek a dolgok arr\u00f3l sz\u00f3lnak, hogy a politikai versenybe be akar avatkozni az igazs\u00e1gszolg\u00e1ltat\u00e1s, \u00e9s be akar avatkozni a rend\u0151rs\u00e9g. Nem eml\u00e9kszem arra, hogy v\u00e1laszt\u00e1si kamp\u00e1ny k\u00f6zep\u00e9n valaha ilyen t\u00edpus\u00fa dolog t\u00f6rt\u00e9nt volna. Ez\u00e9rt nagyon fontos, hogy h\u00fazzunk egy v\u00f6r\u00f6s vonalat, hogy m\u00e1rpedig ez az, amit nem fogunk t\u0171rni\u201d \u2013 mondta az \u00f6sszellenz\u00e9ki f\u0151polg\u00e1rmester-jel\u00f6lt.\u00a0<\/p>\n<p>            Kapcsol\u00f3d\u00f3<\/p>\n<p>\n<!--noindex--><br \/>\n<a href=\"https:\/\/hirek.oldal.info\/rssclick\/14389660\" rel=\"nofollow\">Source link <\/a><br \/>\n<!--\/noindex--><\/p>\n","protected":false},"excerpt":{"rendered":"<p>P\u00e9ntek este Kar\u00e1csony Gergely, az ellenz\u00e9k f\u0151polg\u00e1rmester-jel\u00f6ltje a Facebookon \u00e9l\u0151ben jelentkezett a rend\u0151ri int\u00e9zked\u00e9s al\u00e1 vont VIII. ker\u00fcleti kamp\u00e1nyk\u00f6zpontb\u00f3l, Pik\u00f3 Andr\u00e1s nyolcadik ker\u00fcleti polg\u00e1rmesterjel\u00f6lt mell\u0151l. Mint arr\u00f3l besz\u00e1moltunk, a rend\u0151rs\u00e9g \u2013 v\u00e9lhet\u0151en a korm\u00e1nym\u00e9di\u00e1ban megjelent gyan\u00fas\u00edt\u00e1sok alapj\u00e1n \u2013 szerda este h\u00e1zkutat\u00e1st tartott a VIII. ker\u00fcleti ellenz\u00e9k kamp\u00e1nyk\u00f6zpontj\u00e1ban.Kar\u00e1csony elmondta, hogy \u201erendk\u00edv\u00fcl felindult\u201d lelki\u00e1llapotban \u00e9rkezett a helysz\u00edre, [&hellip;]<\/p>\n","protected":false},"author":2,"featured_media":1927,"comment_status":"open","ping_status":"open","sticky":false,"template":"","format":"standard","meta":{"footnotes":""},"categories":[1],"tags":[],"class_list":["post-1926","post","type-post","status-publish","format-standard","has-post-thumbnail","hentry","category-legujabb-penzugyi-hirek"],"yoast_head":"<!-- This site is optimized with the Yoast SEO plugin v27.4 - https:\/\/yoast.com\/product\/yoast-seo-wordpress\/ -->\n<title>Kar\u00e1csony szerint a rend\u0151rs\u00e9g \u00e9s az igazs\u00e1gszolg\u00e1tat\u00e1s beavatkozik a politikai versenybe, ez\u00e9rt t\u00fcntet\u00e9st hirdetett - Hot News in World<\/title>\n<meta name=\"robots\" content=\"index, follow, max-snippet:-1, max-image-preview:large, max-video-preview:-1\" \/>\n<link rel=\"canonical\" href=\"https:\/\/hotnewsinworld.com\/hu\/karacsony-szerint-a-rendorseg-es-az-igazsagszolgatatas-beavatkozik-a-politikai-versenybe-ezert-tuntetest-hirdetett\/\" \/>\n<meta property=\"og:locale\" content=\"hu_HU\" \/>\n<meta property=\"og:type\" content=\"article\" \/>\n<meta property=\"og:title\" content=\"Kar\u00e1csony szerint a rend\u0151rs\u00e9g \u00e9s az igazs\u00e1gszolg\u00e1tat\u00e1s beavatkozik a politikai versenybe, ez\u00e9rt t\u00fcntet\u00e9st hirdetett - Hot News in World\" \/>\n<meta property=\"og:description\" content=\"P\u00e9ntek este Kar\u00e1csony Gergely, az ellenz\u00e9k f\u0151polg\u00e1rmester-jel\u00f6ltje a Facebookon \u00e9l\u0151ben jelentkezett a rend\u0151ri int\u00e9zked\u00e9s al\u00e1 vont VIII. ker\u00fcleti kamp\u00e1nyk\u00f6zpontb\u00f3l, Pik\u00f3 Andr\u00e1s nyolcadik ker\u00fcleti polg\u00e1rmesterjel\u00f6lt mell\u0151l. Mint arr\u00f3l besz\u00e1moltunk, a rend\u0151rs\u00e9g \u2013 v\u00e9lhet\u0151en a korm\u00e1nym\u00e9di\u00e1ban megjelent gyan\u00fas\u00edt\u00e1sok alapj\u00e1n \u2013 szerda este h\u00e1zkutat\u00e1st tartott a VIII. ker\u00fcleti ellenz\u00e9k kamp\u00e1nyk\u00f6zpontj\u00e1ban.Kar\u00e1csony elmondta, hogy \u201erendk\u00edv\u00fcl felindult\u201d lelki\u00e1llapotban \u00e9rkezett a helysz\u00edre, [&hellip;]\" \/>\n<meta property=\"og:url\" content=\"https:\/\/hotnewsinworld.com\/hu\/karacsony-szerint-a-rendorseg-es-az-igazsagszolgatatas-beavatkozik-a-politikai-versenybe-ezert-tuntetest-hirdetett\/\" \/>\n<meta property=\"og:site_name\" content=\"Hot News in World\" \/>\n<meta property=\"article:published_time\" content=\"2019-09-11T21:40:53+00:00\" \/>\n<meta property=\"article:modified_time\" content=\"2019-09-11T21:40:54+00:00\" \/>\n<meta property=\"og:image\" content=\"https:\/\/hotnewsinworld.com\/hu\/wp-content\/uploads\/sites\/3\/2019\/09\/Kar\u00e1csony-szerint-a-rend\u0151rs\u00e9g-\u00e9s-az-igazs\u00e1gszolg\u00e1tat\u00e1s-beavatkozik-a-politikai.jpeg\" \/>\n\t<meta property=\"og:image:width\" content=\"1041\" \/>\n\t<meta property=\"og:image:height\" content=\"725\" \/>\n\t<meta property=\"og:image:type\" content=\"image\/jpeg\" \/>\n<meta name=\"author\" content=\"hotnewsinworld\" \/>\n<meta name=\"twitter:card\" content=\"summary_large_image\" \/>\n<meta name=\"twitter:label1\" content=\"Szerz\u0151:\" \/>\n\t<meta name=\"twitter:data1\" content=\"hotnewsinworld\" \/>\n\t<meta name=\"twitter:label2\" content=\"Becs\u00fclt olvas\u00e1si id\u0151\" \/>\n\t<meta name=\"twitter:data2\" content=\"2 perc\" \/>\n<script type=\"application\/ld+json\" class=\"yoast-schema-graph\">{\"@context\":\"https:\\\/\\\/schema.org\",\"@graph\":[{\"@type\":\"Article\",\"@id\":\"https:\\\/\\\/hotnewsinworld.com\\\/hu\\\/karacsony-szerint-a-rendorseg-es-az-igazsagszolgatatas-beavatkozik-a-politikai-versenybe-ezert-tuntetest-hirdetett\\\/#article\",\"isPartOf\":{\"@id\":\"https:\\\/\\\/hotnewsinworld.com\\\/hu\\\/karacsony-szerint-a-rendorseg-es-az-igazsagszolgatatas-beavatkozik-a-politikai-versenybe-ezert-tuntetest-hirdetett\\\/\"},\"author\":{\"name\":\"hotnewsinworld\",\"@id\":\"https:\\\/\\\/hotnewsinworld.com\\\/hu\\\/#\\\/schema\\\/person\\\/fe61448b21c0d59086e75fcc1f9d8f6b\"},\"headline\":\"Kar\u00e1csony szerint a rend\u0151rs\u00e9g \u00e9s az igazs\u00e1gszolg\u00e1tat\u00e1s beavatkozik a politikai versenybe, ez\u00e9rt t\u00fcntet\u00e9st hirdetett\",\"datePublished\":\"2019-09-11T21:40:53+00:00\",\"dateModified\":\"2019-09-11T21:40:54+00:00\",\"mainEntityOfPage\":{\"@id\":\"https:\\\/\\\/hotnewsinworld.com\\\/hu\\\/karacsony-szerint-a-rendorseg-es-az-igazsagszolgatatas-beavatkozik-a-politikai-versenybe-ezert-tuntetest-hirdetett\\\/\"},\"wordCount\":500,\"commentCount\":0,\"image\":{\"@id\":\"https:\\\/\\\/hotnewsinworld.com\\\/hu\\\/karacsony-szerint-a-rendorseg-es-az-igazsagszolgatatas-beavatkozik-a-politikai-versenybe-ezert-tuntetest-hirdetett\\\/#primaryimage\"},\"thumbnailUrl\":\"https:\\\/\\\/hotnewsinworld.com\\\/hu\\\/wp-content\\\/uploads\\\/sites\\\/3\\\/2019\\\/09\\\/Kar\u00e1csony-szerint-a-rend\u0151rs\u00e9g-\u00e9s-az-igazs\u00e1gszolg\u00e1tat\u00e1s-beavatkozik-a-politikai.jpeg\",\"articleSection\":[\"LEG\u00daJABB P\u00c9NZ\u00dcGYI H\u00cdREK\"],\"inLanguage\":\"hu\",\"potentialAction\":[{\"@type\":\"CommentAction\",\"name\":\"Comment\",\"target\":[\"https:\\\/\\\/hotnewsinworld.com\\\/hu\\\/karacsony-szerint-a-rendorseg-es-az-igazsagszolgatatas-beavatkozik-a-politikai-versenybe-ezert-tuntetest-hirdetett\\\/#respond\"]}]},{\"@type\":\"WebPage\",\"@id\":\"https:\\\/\\\/hotnewsinworld.com\\\/hu\\\/karacsony-szerint-a-rendorseg-es-az-igazsagszolgatatas-beavatkozik-a-politikai-versenybe-ezert-tuntetest-hirdetett\\\/\",\"url\":\"https:\\\/\\\/hotnewsinworld.com\\\/hu\\\/karacsony-szerint-a-rendorseg-es-az-igazsagszolgatatas-beavatkozik-a-politikai-versenybe-ezert-tuntetest-hirdetett\\\/\",\"name\":\"Kar\u00e1csony szerint a rend\u0151rs\u00e9g \u00e9s az igazs\u00e1gszolg\u00e1tat\u00e1s beavatkozik a politikai versenybe, ez\u00e9rt t\u00fcntet\u00e9st hirdetett - Hot News in World\",\"isPartOf\":{\"@id\":\"https:\\\/\\\/hotnewsinworld.com\\\/hu\\\/#website\"},\"primaryImageOfPage\":{\"@id\":\"https:\\\/\\\/hotnewsinworld.com\\\/hu\\\/karacsony-szerint-a-rendorseg-es-az-igazsagszolgatatas-beavatkozik-a-politikai-versenybe-ezert-tuntetest-hirdetett\\\/#primaryimage\"},\"image\":{\"@id\":\"https:\\\/\\\/hotnewsinworld.com\\\/hu\\\/karacsony-szerint-a-rendorseg-es-az-igazsagszolgatatas-beavatkozik-a-politikai-versenybe-ezert-tuntetest-hirdetett\\\/#primaryimage\"},\"thumbnailUrl\":\"https:\\\/\\\/hotnewsinworld.com\\\/hu\\\/wp-content\\\/uploads\\\/sites\\\/3\\\/2019\\\/09\\\/Kar\u00e1csony-szerint-a-rend\u0151rs\u00e9g-\u00e9s-az-igazs\u00e1gszolg\u00e1tat\u00e1s-beavatkozik-a-politikai.jpeg\",\"datePublished\":\"2019-09-11T21:40:53+00:00\",\"dateModified\":\"2019-09-11T21:40:54+00:00\",\"author\":{\"@id\":\"https:\\\/\\\/hotnewsinworld.com\\\/hu\\\/#\\\/schema\\\/person\\\/fe61448b21c0d59086e75fcc1f9d8f6b\"},\"breadcrumb\":{\"@id\":\"https:\\\/\\\/hotnewsinworld.com\\\/hu\\\/karacsony-szerint-a-rendorseg-es-az-igazsagszolgatatas-beavatkozik-a-politikai-versenybe-ezert-tuntetest-hirdetett\\\/#breadcrumb\"},\"inLanguage\":\"hu\",\"potentialAction\":[{\"@type\":\"ReadAction\",\"target\":[\"https:\\\/\\\/hotnewsinworld.com\\\/hu\\\/karacsony-szerint-a-rendorseg-es-az-igazsagszolgatatas-beavatkozik-a-politikai-versenybe-ezert-tuntetest-hirdetett\\\/\"]}]},{\"@type\":\"ImageObject\",\"inLanguage\":\"hu\",\"@id\":\"https:\\\/\\\/hotnewsinworld.com\\\/hu\\\/karacsony-szerint-a-rendorseg-es-az-igazsagszolgatatas-beavatkozik-a-politikai-versenybe-ezert-tuntetest-hirdetett\\\/#primaryimage\",\"url\":\"https:\\\/\\\/hotnewsinworld.com\\\/hu\\\/wp-content\\\/uploads\\\/sites\\\/3\\\/2019\\\/09\\\/Kar\u00e1csony-szerint-a-rend\u0151rs\u00e9g-\u00e9s-az-igazs\u00e1gszolg\u00e1tat\u00e1s-beavatkozik-a-politikai.jpeg\",\"contentUrl\":\"https:\\\/\\\/hotnewsinworld.com\\\/hu\\\/wp-content\\\/uploads\\\/sites\\\/3\\\/2019\\\/09\\\/Kar\u00e1csony-szerint-a-rend\u0151rs\u00e9g-\u00e9s-az-igazs\u00e1gszolg\u00e1tat\u00e1s-beavatkozik-a-politikai.jpeg\",\"width\":1041,\"height\":725,\"caption\":\"Kar\u00e1csony szerint a rend\u0151rs\u00e9g \u00e9s az igazs\u00e1gszolg\u00e1tat\u00e1s beavatkozik a politikai versenybe, ez\u00e9rt t\u00fcntet\u00e9st hirdetett\"},{\"@type\":\"BreadcrumbList\",\"@id\":\"https:\\\/\\\/hotnewsinworld.com\\\/hu\\\/karacsony-szerint-a-rendorseg-es-az-igazsagszolgatatas-beavatkozik-a-politikai-versenybe-ezert-tuntetest-hirdetett\\\/#breadcrumb\",\"itemListElement\":[{\"@type\":\"ListItem\",\"position\":1,\"name\":\"\u0413\u043b\u0430\u0432\u043d\u0430\u044f \u0441\u0442\u0440\u0430\u043d\u0438\u0446\u0430\",\"item\":\"https:\\\/\\\/hotnewsinworld.com\\\/hu\\\/\"},{\"@type\":\"ListItem\",\"position\":2,\"name\":\"Kar\u00e1csony szerint a rend\u0151rs\u00e9g \u00e9s az igazs\u00e1gszolg\u00e1tat\u00e1s beavatkozik a politikai versenybe, ez\u00e9rt t\u00fcntet\u00e9st hirdetett\"}]},{\"@type\":\"WebSite\",\"@id\":\"https:\\\/\\\/hotnewsinworld.com\\\/hu\\\/#website\",\"url\":\"https:\\\/\\\/hotnewsinworld.com\\\/hu\\\/\",\"name\":\"Hot News in World\",\"description\":\"Hot News in World from Hungary\",\"potentialAction\":[{\"@type\":\"SearchAction\",\"target\":{\"@type\":\"EntryPoint\",\"urlTemplate\":\"https:\\\/\\\/hotnewsinworld.com\\\/hu\\\/?s={search_term_string}\"},\"query-input\":{\"@type\":\"PropertyValueSpecification\",\"valueRequired\":true,\"valueName\":\"search_term_string\"}}],\"inLanguage\":\"hu\"},{\"@type\":\"Person\",\"@id\":\"https:\\\/\\\/hotnewsinworld.com\\\/hu\\\/#\\\/schema\\\/person\\\/fe61448b21c0d59086e75fcc1f9d8f6b\",\"name\":\"hotnewsinworld\",\"image\":{\"@type\":\"ImageObject\",\"inLanguage\":\"hu\",\"@id\":\"https:\\\/\\\/secure.gravatar.com\\\/avatar\\\/8a09ac165600ce2e1c38fe593c63928eb1e6e7ba5c5a907d67787c41b3d00c14?s=96&d=mm&r=g\",\"url\":\"https:\\\/\\\/secure.gravatar.com\\\/avatar\\\/8a09ac165600ce2e1c38fe593c63928eb1e6e7ba5c5a907d67787c41b3d00c14?s=96&d=mm&r=g\",\"contentUrl\":\"https:\\\/\\\/secure.gravatar.com\\\/avatar\\\/8a09ac165600ce2e1c38fe593c63928eb1e6e7ba5c5a907d67787c41b3d00c14?s=96&d=mm&r=g\",\"caption\":\"hotnewsinworld\"},\"url\":\"https:\\\/\\\/hotnewsinworld.com\\\/hu\\\/author\\\/pt\\\/\"}]}<\/script>\n<!-- \/ Yoast SEO plugin. -->","yoast_head_json":{"title":"Kar\u00e1csony szerint a rend\u0151rs\u00e9g \u00e9s az igazs\u00e1gszolg\u00e1tat\u00e1s beavatkozik a politikai versenybe, ez\u00e9rt t\u00fcntet\u00e9st hirdetett - Hot News in World","robots":{"index":"index","follow":"follow","max-snippet":"max-snippet:-1","max-image-preview":"max-image-preview:large","max-video-preview":"max-video-preview:-1"},"canonical":"https:\/\/hotnewsinworld.com\/hu\/karacsony-szerint-a-rendorseg-es-az-igazsagszolgatatas-beavatkozik-a-politikai-versenybe-ezert-tuntetest-hirdetett\/","og_locale":"hu_HU","og_type":"article","og_title":"Kar\u00e1csony szerint a rend\u0151rs\u00e9g \u00e9s az igazs\u00e1gszolg\u00e1tat\u00e1s beavatkozik a politikai versenybe, ez\u00e9rt t\u00fcntet\u00e9st hirdetett - Hot News in World","og_description":"P\u00e9ntek este Kar\u00e1csony Gergely, az ellenz\u00e9k f\u0151polg\u00e1rmester-jel\u00f6ltje a Facebookon \u00e9l\u0151ben jelentkezett a rend\u0151ri int\u00e9zked\u00e9s al\u00e1 vont VIII. ker\u00fcleti kamp\u00e1nyk\u00f6zpontb\u00f3l, Pik\u00f3 Andr\u00e1s nyolcadik ker\u00fcleti polg\u00e1rmesterjel\u00f6lt mell\u0151l. Mint arr\u00f3l besz\u00e1moltunk, a rend\u0151rs\u00e9g \u2013 v\u00e9lhet\u0151en a korm\u00e1nym\u00e9di\u00e1ban megjelent gyan\u00fas\u00edt\u00e1sok alapj\u00e1n \u2013 szerda este h\u00e1zkutat\u00e1st tartott a VIII. ker\u00fcleti ellenz\u00e9k kamp\u00e1nyk\u00f6zpontj\u00e1ban.Kar\u00e1csony elmondta, hogy \u201erendk\u00edv\u00fcl felindult\u201d lelki\u00e1llapotban \u00e9rkezett a helysz\u00edre, [&hellip;]","og_url":"https:\/\/hotnewsinworld.com\/hu\/karacsony-szerint-a-rendorseg-es-az-igazsagszolgatatas-beavatkozik-a-politikai-versenybe-ezert-tuntetest-hirdetett\/","og_site_name":"Hot News in World","article_published_time":"2019-09-11T21:40:53+00:00","article_modified_time":"2019-09-11T21:40:54+00:00","og_image":[{"width":1041,"height":725,"url":"https:\/\/hotnewsinworld.com\/hu\/wp-content\/uploads\/sites\/3\/2019\/09\/Kar\u00e1csony-szerint-a-rend\u0151rs\u00e9g-\u00e9s-az-igazs\u00e1gszolg\u00e1tat\u00e1s-beavatkozik-a-politikai.jpeg","type":"image\/jpeg"}],"author":"hotnewsinworld","twitter_card":"summary_large_image","twitter_misc":{"Szerz\u0151:":"hotnewsinworld","Becs\u00fclt olvas\u00e1si id\u0151":"2 perc"},"schema":{"@context":"https:\/\/schema.org","@graph":[{"@type":"Article","@id":"https:\/\/hotnewsinworld.com\/hu\/karacsony-szerint-a-rendorseg-es-az-igazsagszolgatatas-beavatkozik-a-politikai-versenybe-ezert-tuntetest-hirdetett\/#article","isPartOf":{"@id":"https:\/\/hotnewsinworld.com\/hu\/karacsony-szerint-a-rendorseg-es-az-igazsagszolgatatas-beavatkozik-a-politikai-versenybe-ezert-tuntetest-hirdetett\/"},"author":{"name":"hotnewsinworld","@id":"https:\/\/hotnewsinworld.com\/hu\/#\/schema\/person\/fe61448b21c0d59086e75fcc1f9d8f6b"},"headline":"Kar\u00e1csony szerint a rend\u0151rs\u00e9g \u00e9s az igazs\u00e1gszolg\u00e1tat\u00e1s beavatkozik a politikai versenybe, ez\u00e9rt t\u00fcntet\u00e9st hirdetett","datePublished":"2019-09-11T21:40:53+00:00","dateModified":"2019-09-11T21:40:54+00:00","mainEntityOfPage":{"@id":"https:\/\/hotnewsinworld.com\/hu\/karacsony-szerint-a-rendorseg-es-az-igazsagszolgatatas-beavatkozik-a-politikai-versenybe-ezert-tuntetest-hirdetett\/"},"wordCount":500,"commentCount":0,"image":{"@id":"https:\/\/hotnewsinworld.com\/hu\/karacsony-szerint-a-rendorseg-es-az-igazsagszolgatatas-beavatkozik-a-politikai-versenybe-ezert-tuntetest-hirdetett\/#primaryimage"},"thumbnailUrl":"https:\/\/hotnewsinworld.com\/hu\/wp-content\/uploads\/sites\/3\/2019\/09\/Kar\u00e1csony-szerint-a-rend\u0151rs\u00e9g-\u00e9s-az-igazs\u00e1gszolg\u00e1tat\u00e1s-beavatkozik-a-politikai.jpeg","articleSection":["LEG\u00daJABB P\u00c9NZ\u00dcGYI H\u00cdREK"],"inLanguage":"hu","potentialAction":[{"@type":"CommentAction","name":"Comment","target":["https:\/\/hotnewsinworld.com\/hu\/karacsony-szerint-a-rendorseg-es-az-igazsagszolgatatas-beavatkozik-a-politikai-versenybe-ezert-tuntetest-hirdetett\/#respond"]}]},{"@type":"WebPage","@id":"https:\/\/hotnewsinworld.com\/hu\/karacsony-szerint-a-rendorseg-es-az-igazsagszolgatatas-beavatkozik-a-politikai-versenybe-ezert-tuntetest-hirdetett\/","url":"https:\/\/hotnewsinworld.com\/hu\/karacsony-szerint-a-rendorseg-es-az-igazsagszolgatatas-beavatkozik-a-politikai-versenybe-ezert-tuntetest-hirdetett\/","name":"Kar\u00e1csony szerint a rend\u0151rs\u00e9g \u00e9s az igazs\u00e1gszolg\u00e1tat\u00e1s beavatkozik a politikai versenybe, ez\u00e9rt t\u00fcntet\u00e9st hirdetett - Hot News in World","isPartOf":{"@id":"https:\/\/hotnewsinworld.com\/hu\/#website"},"primaryImageOfPage":{"@id":"https:\/\/hotnewsinworld.com\/hu\/karacsony-szerint-a-rendorseg-es-az-igazsagszolgatatas-beavatkozik-a-politikai-versenybe-ezert-tuntetest-hirdetett\/#primaryimage"},"image":{"@id":"https:\/\/hotnewsinworld.com\/hu\/karacsony-szerint-a-rendorseg-es-az-igazsagszolgatatas-beavatkozik-a-politikai-versenybe-ezert-tuntetest-hirdetett\/#primaryimage"},"thumbnailUrl":"https:\/\/hotnewsinworld.com\/hu\/wp-content\/uploads\/sites\/3\/2019\/09\/Kar\u00e1csony-szerint-a-rend\u0151rs\u00e9g-\u00e9s-az-igazs\u00e1gszolg\u00e1tat\u00e1s-beavatkozik-a-politikai.jpeg","datePublished":"2019-09-11T21:40:53+00:00","dateModified":"2019-09-11T21:40:54+00:00","author":{"@id":"https:\/\/hotnewsinworld.com\/hu\/#\/schema\/person\/fe61448b21c0d59086e75fcc1f9d8f6b"},"breadcrumb":{"@id":"https:\/\/hotnewsinworld.com\/hu\/karacsony-szerint-a-rendorseg-es-az-igazsagszolgatatas-beavatkozik-a-politikai-versenybe-ezert-tuntetest-hirdetett\/#breadcrumb"},"inLanguage":"hu","potentialAction":[{"@type":"ReadAction","target":["https:\/\/hotnewsinworld.com\/hu\/karacsony-szerint-a-rendorseg-es-az-igazsagszolgatatas-beavatkozik-a-politikai-versenybe-ezert-tuntetest-hirdetett\/"]}]},{"@type":"ImageObject","inLanguage":"hu","@id":"https:\/\/hotnewsinworld.com\/hu\/karacsony-szerint-a-rendorseg-es-az-igazsagszolgatatas-beavatkozik-a-politikai-versenybe-ezert-tuntetest-hirdetett\/#primaryimage","url":"https:\/\/hotnewsinworld.com\/hu\/wp-content\/uploads\/sites\/3\/2019\/09\/Kar\u00e1csony-szerint-a-rend\u0151rs\u00e9g-\u00e9s-az-igazs\u00e1gszolg\u00e1tat\u00e1s-beavatkozik-a-politikai.jpeg","contentUrl":"https:\/\/hotnewsinworld.com\/hu\/wp-content\/uploads\/sites\/3\/2019\/09\/Kar\u00e1csony-szerint-a-rend\u0151rs\u00e9g-\u00e9s-az-igazs\u00e1gszolg\u00e1tat\u00e1s-beavatkozik-a-politikai.jpeg","width":1041,"height":725,"caption":"Kar\u00e1csony szerint a rend\u0151rs\u00e9g \u00e9s az igazs\u00e1gszolg\u00e1tat\u00e1s beavatkozik a politikai versenybe, ez\u00e9rt t\u00fcntet\u00e9st hirdetett"},{"@type":"BreadcrumbList","@id":"https:\/\/hotnewsinworld.com\/hu\/karacsony-szerint-a-rendorseg-es-az-igazsagszolgatatas-beavatkozik-a-politikai-versenybe-ezert-tuntetest-hirdetett\/#breadcrumb","itemListElement":[{"@type":"ListItem","position":1,"name":"\u0413\u043b\u0430\u0432\u043d\u0430\u044f \u0441\u0442\u0440\u0430\u043d\u0438\u0446\u0430","item":"https:\/\/hotnewsinworld.com\/hu\/"},{"@type":"ListItem","position":2,"name":"Kar\u00e1csony szerint a rend\u0151rs\u00e9g \u00e9s az igazs\u00e1gszolg\u00e1tat\u00e1s beavatkozik a politikai versenybe, ez\u00e9rt t\u00fcntet\u00e9st hirdetett"}]},{"@type":"WebSite","@id":"https:\/\/hotnewsinworld.com\/hu\/#website","url":"https:\/\/hotnewsinworld.com\/hu\/","name":"Hot News in World","description":"Hot News in World from Hungary","potentialAction":[{"@type":"SearchAction","target":{"@type":"EntryPoint","urlTemplate":"https:\/\/hotnewsinworld.com\/hu\/?s={search_term_string}"},"query-input":{"@type":"PropertyValueSpecification","valueRequired":true,"valueName":"search_term_string"}}],"inLanguage":"hu"},{"@type":"Person","@id":"https:\/\/hotnewsinworld.com\/hu\/#\/schema\/person\/fe61448b21c0d59086e75fcc1f9d8f6b","name":"hotnewsinworld","image":{"@type":"ImageObject","inLanguage":"hu","@id":"https:\/\/secure.gravatar.com\/avatar\/8a09ac165600ce2e1c38fe593c63928eb1e6e7ba5c5a907d67787c41b3d00c14?s=96&d=mm&r=g","url":"https:\/\/secure.gravatar.com\/avatar\/8a09ac165600ce2e1c38fe593c63928eb1e6e7ba5c5a907d67787c41b3d00c14?s=96&d=mm&r=g","contentUrl":"https:\/\/secure.gravatar.com\/avatar\/8a09ac165600ce2e1c38fe593c63928eb1e6e7ba5c5a907d67787c41b3d00c14?s=96&d=mm&r=g","caption":"hotnewsinworld"},"url":"https:\/\/hotnewsinworld.com\/hu\/author\/pt\/"}]}},"_links":{"self":[{"href":"https:\/\/hotnewsinworld.com\/hu\/wp-json\/wp\/v2\/posts\/1926","targetHints":{"allow":["GET"]}}],"collection":[{"href":"https:\/\/hotnewsinworld.com\/hu\/wp-json\/wp\/v2\/posts"}],"about":[{"href":"https:\/\/hotnewsinworld.com\/hu\/wp-json\/wp\/v2\/types\/post"}],"author":[{"embeddable":true,"href":"https:\/\/hotnewsinworld.com\/hu\/wp-json\/wp\/v2\/users\/2"}],"replies":[{"embeddable":true,"href":"https:\/\/hotnewsinworld.com\/hu\/wp-json\/wp\/v2\/comments?post=1926"}],"version-history":[{"count":1,"href":"https:\/\/hotnewsinworld.com\/hu\/wp-json\/wp\/v2\/posts\/1926\/revisions"}],"predecessor-version":[{"id":1928,"href":"https:\/\/hotnewsinworld.com\/hu\/wp-json\/wp\/v2\/posts\/1926\/revisions\/1928"}],"wp:featuredmedia":[{"embeddable":true,"href":"https:\/\/hotnewsinworld.com\/hu\/wp-json\/wp\/v2\/media\/1927"}],"wp:attachment":[{"href":"https:\/\/hotnewsinworld.com\/hu\/wp-json\/wp\/v2\/media?parent=1926"}],"wp:term":[{"taxonomy":"category","embeddable":true,"href":"https:\/\/hotnewsinworld.com\/hu\/wp-json\/wp\/v2\/categories?post=1926"},{"taxonomy":"post_tag","embeddable":true,"href":"https:\/\/hotnewsinworld.com\/hu\/wp-json\/wp\/v2\/tags?post=1926"}],"curies":[{"name":"wp","href":"https:\/\/api.w.org\/{rel}","templated":true}]}}