{"id":1929,"date":"2019-09-12T02:01:44","date_gmt":"2019-09-11T23:01:44","guid":{"rendered":"https:\/\/hotnewsinworld.com\/hu\/magyarorszag-is-erezheti-a-vizvalsagot\/"},"modified":"2019-09-12T02:01:45","modified_gmt":"2019-09-11T23:01:45","slug":"magyarorszag-is-erezheti-a-vizvalsagot","status":"publish","type":"post","link":"https:\/\/hotnewsinworld.com\/hu\/magyarorszag-is-erezheti-a-vizvalsagot\/","title":{"rendered":"Magyarorsz\u00e1g is \u00e9rezheti a v\u00edzv\u00e1ls\u00e1got"},"content":{"rendered":"<p>            Magyarorsz\u00e1g iv\u00f3v\u00edzk\u00e9szletei b\u0151s\u00e9gesek, de jelent\u0151s ter\u00fcleteit fenyegeti sz\u00e1razs\u00e1g, mez\u0151gazdas\u00e1ga \u00e9s k\u00f6rnyezetgazd\u00e1lkod\u00e1sa helyenk\u00e9nt m\u00e1r most v\u00edzhi\u00e1nnyal k\u00fczd \u2013 mondta a K\u00f6zt\u00e1rsas\u00e1gi Eln\u00f6ki Hivatal (KEH) k\u00f6rnyezeti fenntarthat\u00f3s\u00e1gi igazgat\u00f3s\u00e1g\u00e1nak vezet\u0151je az M1 aktu\u00e1lis csatorn\u00e1j\u00e1nak szerda esti m\u0171sorban.<\/p>\n<p>Fot\u00f3: MTI\/Czegl\u00e9di Zsolt<br \/>\nK\u0151r\u00f6si Csaba szerint Magyarorsz\u00e1g helyzete kedvez\u0151, hiszen itt egy emberre az \u00e9vi 5 ezer k\u00f6bm\u00e9teres vil\u00e1g\u00e1tlagn\u00e1l t\u00f6bb, 6 ezer k\u00f6bm\u00e9ter v\u00edz jut, 50 \u00e9ve ugyanakkor a mostani magyarorsz\u00e1gi \u00e9rt\u00e9k h\u00e1romszorosa \u00e1llt rendelkez\u00e9sre glob\u00e1lisan.<br \/>\nAz igazgat\u00f3 a F\u00f6ld v\u00edzk\u00e9szleteinek cs\u00f6kken\u00e9s\u00e9t a t\u00f6bbi k\u00f6z\u00f6tt azzal magyar\u00e1zta, hogy a szennyvizek n\u00e9gy\u00f6t\u00f6de tiszt\u00edt\u00e1s n\u00e9lk\u00fcl jut a term\u00e9szetbe. Magyarorsz\u00e1g ezen a t\u00e9ren is jobban teljes\u00edt, hiszen 10 sz\u00e1zal\u00e9kn\u00e1l is alacsonyabb a kezeletlen szennyv\u00edz ar\u00e1nya, de a szennyez\u00e9st lehet\u0151s\u00e9g szerint teljesen meg kell sz\u00fcntetni \u2013 mondta.<br \/>\nAz igazgat\u00f3 szerint az okt\u00f3berben \u00f6ssze\u00fcl\u0151 Budapesti V\u00edz Vil\u00e1gtal\u00e1lkoz\u00f3 sem ker\u00fclheti meg a v\u00edzv\u00e1ls\u00e1g glob\u00e1lis k\u00e9rd\u00e9seit, hiszen azokkal a vil\u00e1g sz\u00e1mos orsz\u00e1ga m\u00e1r most k\u00e9nytelen szembes\u00fclni.<br \/>\n(MTI)<\/p>\n<p>\n<!--noindex--><br \/>\n<a href=\"https:\/\/hirek.oldal.info\/rssclick\/14389665\" rel=\"nofollow\">Source link <\/a><br \/>\n<!--\/noindex--><\/p>\n","protected":false},"excerpt":{"rendered":"<p>Magyarorsz\u00e1g iv\u00f3v\u00edzk\u00e9szletei b\u0151s\u00e9gesek, de jelent\u0151s ter\u00fcleteit fenyegeti sz\u00e1razs\u00e1g, mez\u0151gazdas\u00e1ga \u00e9s k\u00f6rnyezetgazd\u00e1lkod\u00e1sa helyenk\u00e9nt m\u00e1r most v\u00edzhi\u00e1nnyal k\u00fczd \u2013 mondta a K\u00f6zt\u00e1rsas\u00e1gi Eln\u00f6ki Hivatal (KEH) k\u00f6rnyezeti fenntarthat\u00f3s\u00e1gi igazgat\u00f3s\u00e1g\u00e1nak vezet\u0151je az M1 aktu\u00e1lis csatorn\u00e1j\u00e1nak szerda esti m\u0171sorban. Fot\u00f3: MTI\/Czegl\u00e9di Zsolt K\u0151r\u00f6si Csaba szerint Magyarorsz\u00e1g helyzete kedvez\u0151, hiszen itt egy emberre az \u00e9vi 5 ezer k\u00f6bm\u00e9teres vil\u00e1g\u00e1tlagn\u00e1l t\u00f6bb, 6 [&hellip;]<\/p>\n","protected":false},"author":2,"featured_media":1930,"comment_status":"open","ping_status":"open","sticky":false,"template":"","format":"standard","meta":{"footnotes":""},"categories":[1],"tags":[],"class_list":["post-1929","post","type-post","status-publish","format-standard","has-post-thumbnail","hentry","category-legujabb-penzugyi-hirek"],"yoast_head":"<!-- This site is optimized with the Yoast SEO plugin v27.4 - https:\/\/yoast.com\/product\/yoast-seo-wordpress\/ -->\n<title>Magyarorsz\u00e1g is \u00e9rezheti a v\u00edzv\u00e1ls\u00e1got - Hot News in World<\/title>\n<meta name=\"robots\" content=\"index, follow, max-snippet:-1, max-image-preview:large, max-video-preview:-1\" \/>\n<link rel=\"canonical\" href=\"https:\/\/hotnewsinworld.com\/hu\/magyarorszag-is-erezheti-a-vizvalsagot\/\" \/>\n<meta property=\"og:locale\" content=\"hu_HU\" \/>\n<meta property=\"og:type\" content=\"article\" \/>\n<meta property=\"og:title\" content=\"Magyarorsz\u00e1g is \u00e9rezheti a v\u00edzv\u00e1ls\u00e1got - Hot News in World\" \/>\n<meta property=\"og:description\" content=\"Magyarorsz\u00e1g iv\u00f3v\u00edzk\u00e9szletei b\u0151s\u00e9gesek, de jelent\u0151s ter\u00fcleteit fenyegeti sz\u00e1razs\u00e1g, mez\u0151gazdas\u00e1ga \u00e9s k\u00f6rnyezetgazd\u00e1lkod\u00e1sa helyenk\u00e9nt m\u00e1r most v\u00edzhi\u00e1nnyal k\u00fczd \u2013 mondta a K\u00f6zt\u00e1rsas\u00e1gi Eln\u00f6ki Hivatal (KEH) k\u00f6rnyezeti fenntarthat\u00f3s\u00e1gi igazgat\u00f3s\u00e1g\u00e1nak vezet\u0151je az M1 aktu\u00e1lis csatorn\u00e1j\u00e1nak szerda esti m\u0171sorban. Fot\u00f3: MTI\/Czegl\u00e9di Zsolt K\u0151r\u00f6si Csaba szerint Magyarorsz\u00e1g helyzete kedvez\u0151, hiszen itt egy emberre az \u00e9vi 5 ezer k\u00f6bm\u00e9teres vil\u00e1g\u00e1tlagn\u00e1l t\u00f6bb, 6 [&hellip;]\" \/>\n<meta property=\"og:url\" content=\"https:\/\/hotnewsinworld.com\/hu\/magyarorszag-is-erezheti-a-vizvalsagot\/\" \/>\n<meta property=\"og:site_name\" content=\"Hot News in World\" \/>\n<meta property=\"article:published_time\" content=\"2019-09-11T23:01:44+00:00\" \/>\n<meta property=\"article:modified_time\" content=\"2019-09-11T23:01:45+00:00\" \/>\n<meta property=\"og:image\" content=\"https:\/\/hotnewsinworld.com\/hu\/wp-content\/uploads\/sites\/3\/2019\/09\/Magyarorsz\u00e1g-is-\u00e9rezheti-a-v\u00edzv\u00e1ls\u00e1got.jpg\" \/>\n\t<meta property=\"og:image:width\" content=\"600\" \/>\n\t<meta property=\"og:image:height\" content=\"400\" \/>\n\t<meta property=\"og:image:type\" content=\"image\/jpeg\" \/>\n<meta name=\"author\" content=\"hotnewsinworld\" \/>\n<meta name=\"twitter:card\" content=\"summary_large_image\" \/>\n<meta name=\"twitter:label1\" content=\"Szerz\u0151:\" \/>\n\t<meta name=\"twitter:data1\" content=\"hotnewsinworld\" \/>\n\t<meta name=\"twitter:label2\" content=\"Becs\u00fclt olvas\u00e1si id\u0151\" \/>\n\t<meta name=\"twitter:data2\" content=\"1 perc\" \/>\n<script type=\"application\/ld+json\" class=\"yoast-schema-graph\">{\"@context\":\"https:\\\/\\\/schema.org\",\"@graph\":[{\"@type\":\"Article\",\"@id\":\"https:\\\/\\\/hotnewsinworld.com\\\/hu\\\/magyarorszag-is-erezheti-a-vizvalsagot\\\/#article\",\"isPartOf\":{\"@id\":\"https:\\\/\\\/hotnewsinworld.com\\\/hu\\\/magyarorszag-is-erezheti-a-vizvalsagot\\\/\"},\"author\":{\"name\":\"hotnewsinworld\",\"@id\":\"https:\\\/\\\/hotnewsinworld.com\\\/hu\\\/#\\\/schema\\\/person\\\/fe61448b21c0d59086e75fcc1f9d8f6b\"},\"headline\":\"Magyarorsz\u00e1g is \u00e9rezheti a v\u00edzv\u00e1ls\u00e1got\",\"datePublished\":\"2019-09-11T23:01:44+00:00\",\"dateModified\":\"2019-09-11T23:01:45+00:00\",\"mainEntityOfPage\":{\"@id\":\"https:\\\/\\\/hotnewsinworld.com\\\/hu\\\/magyarorszag-is-erezheti-a-vizvalsagot\\\/\"},\"wordCount\":251,\"commentCount\":0,\"image\":{\"@id\":\"https:\\\/\\\/hotnewsinworld.com\\\/hu\\\/magyarorszag-is-erezheti-a-vizvalsagot\\\/#primaryimage\"},\"thumbnailUrl\":\"https:\\\/\\\/hotnewsinworld.com\\\/hu\\\/wp-content\\\/uploads\\\/sites\\\/3\\\/2019\\\/09\\\/Magyarorsz\u00e1g-is-\u00e9rezheti-a-v\u00edzv\u00e1ls\u00e1got.jpg\",\"articleSection\":[\"LEG\u00daJABB P\u00c9NZ\u00dcGYI H\u00cdREK\"],\"inLanguage\":\"hu\",\"potentialAction\":[{\"@type\":\"CommentAction\",\"name\":\"Comment\",\"target\":[\"https:\\\/\\\/hotnewsinworld.com\\\/hu\\\/magyarorszag-is-erezheti-a-vizvalsagot\\\/#respond\"]}]},{\"@type\":\"WebPage\",\"@id\":\"https:\\\/\\\/hotnewsinworld.com\\\/hu\\\/magyarorszag-is-erezheti-a-vizvalsagot\\\/\",\"url\":\"https:\\\/\\\/hotnewsinworld.com\\\/hu\\\/magyarorszag-is-erezheti-a-vizvalsagot\\\/\",\"name\":\"Magyarorsz\u00e1g is \u00e9rezheti a v\u00edzv\u00e1ls\u00e1got - Hot News in World\",\"isPartOf\":{\"@id\":\"https:\\\/\\\/hotnewsinworld.com\\\/hu\\\/#website\"},\"primaryImageOfPage\":{\"@id\":\"https:\\\/\\\/hotnewsinworld.com\\\/hu\\\/magyarorszag-is-erezheti-a-vizvalsagot\\\/#primaryimage\"},\"image\":{\"@id\":\"https:\\\/\\\/hotnewsinworld.com\\\/hu\\\/magyarorszag-is-erezheti-a-vizvalsagot\\\/#primaryimage\"},\"thumbnailUrl\":\"https:\\\/\\\/hotnewsinworld.com\\\/hu\\\/wp-content\\\/uploads\\\/sites\\\/3\\\/2019\\\/09\\\/Magyarorsz\u00e1g-is-\u00e9rezheti-a-v\u00edzv\u00e1ls\u00e1got.jpg\",\"datePublished\":\"2019-09-11T23:01:44+00:00\",\"dateModified\":\"2019-09-11T23:01:45+00:00\",\"author\":{\"@id\":\"https:\\\/\\\/hotnewsinworld.com\\\/hu\\\/#\\\/schema\\\/person\\\/fe61448b21c0d59086e75fcc1f9d8f6b\"},\"breadcrumb\":{\"@id\":\"https:\\\/\\\/hotnewsinworld.com\\\/hu\\\/magyarorszag-is-erezheti-a-vizvalsagot\\\/#breadcrumb\"},\"inLanguage\":\"hu\",\"potentialAction\":[{\"@type\":\"ReadAction\",\"target\":[\"https:\\\/\\\/hotnewsinworld.com\\\/hu\\\/magyarorszag-is-erezheti-a-vizvalsagot\\\/\"]}]},{\"@type\":\"ImageObject\",\"inLanguage\":\"hu\",\"@id\":\"https:\\\/\\\/hotnewsinworld.com\\\/hu\\\/magyarorszag-is-erezheti-a-vizvalsagot\\\/#primaryimage\",\"url\":\"https:\\\/\\\/hotnewsinworld.com\\\/hu\\\/wp-content\\\/uploads\\\/sites\\\/3\\\/2019\\\/09\\\/Magyarorsz\u00e1g-is-\u00e9rezheti-a-v\u00edzv\u00e1ls\u00e1got.jpg\",\"contentUrl\":\"https:\\\/\\\/hotnewsinworld.com\\\/hu\\\/wp-content\\\/uploads\\\/sites\\\/3\\\/2019\\\/09\\\/Magyarorsz\u00e1g-is-\u00e9rezheti-a-v\u00edzv\u00e1ls\u00e1got.jpg\",\"width\":600,\"height\":400,\"caption\":\"Magyarorsz&aacute;g is &eacute;rezheti a v&iacute;zv&aacute;ls&aacute;got\"},{\"@type\":\"BreadcrumbList\",\"@id\":\"https:\\\/\\\/hotnewsinworld.com\\\/hu\\\/magyarorszag-is-erezheti-a-vizvalsagot\\\/#breadcrumb\",\"itemListElement\":[{\"@type\":\"ListItem\",\"position\":1,\"name\":\"\u0413\u043b\u0430\u0432\u043d\u0430\u044f \u0441\u0442\u0440\u0430\u043d\u0438\u0446\u0430\",\"item\":\"https:\\\/\\\/hotnewsinworld.com\\\/hu\\\/\"},{\"@type\":\"ListItem\",\"position\":2,\"name\":\"Magyarorsz\u00e1g is \u00e9rezheti a v\u00edzv\u00e1ls\u00e1got\"}]},{\"@type\":\"WebSite\",\"@id\":\"https:\\\/\\\/hotnewsinworld.com\\\/hu\\\/#website\",\"url\":\"https:\\\/\\\/hotnewsinworld.com\\\/hu\\\/\",\"name\":\"Hot News in World\",\"description\":\"Hot News in World from Hungary\",\"potentialAction\":[{\"@type\":\"SearchAction\",\"target\":{\"@type\":\"EntryPoint\",\"urlTemplate\":\"https:\\\/\\\/hotnewsinworld.com\\\/hu\\\/?s={search_term_string}\"},\"query-input\":{\"@type\":\"PropertyValueSpecification\",\"valueRequired\":true,\"valueName\":\"search_term_string\"}}],\"inLanguage\":\"hu\"},{\"@type\":\"Person\",\"@id\":\"https:\\\/\\\/hotnewsinworld.com\\\/hu\\\/#\\\/schema\\\/person\\\/fe61448b21c0d59086e75fcc1f9d8f6b\",\"name\":\"hotnewsinworld\",\"image\":{\"@type\":\"ImageObject\",\"inLanguage\":\"hu\",\"@id\":\"https:\\\/\\\/secure.gravatar.com\\\/avatar\\\/8a09ac165600ce2e1c38fe593c63928eb1e6e7ba5c5a907d67787c41b3d00c14?s=96&d=mm&r=g\",\"url\":\"https:\\\/\\\/secure.gravatar.com\\\/avatar\\\/8a09ac165600ce2e1c38fe593c63928eb1e6e7ba5c5a907d67787c41b3d00c14?s=96&d=mm&r=g\",\"contentUrl\":\"https:\\\/\\\/secure.gravatar.com\\\/avatar\\\/8a09ac165600ce2e1c38fe593c63928eb1e6e7ba5c5a907d67787c41b3d00c14?s=96&d=mm&r=g\",\"caption\":\"hotnewsinworld\"},\"url\":\"https:\\\/\\\/hotnewsinworld.com\\\/hu\\\/author\\\/pt\\\/\"}]}<\/script>\n<!-- \/ Yoast SEO plugin. -->","yoast_head_json":{"title":"Magyarorsz\u00e1g is \u00e9rezheti a v\u00edzv\u00e1ls\u00e1got - Hot News in World","robots":{"index":"index","follow":"follow","max-snippet":"max-snippet:-1","max-image-preview":"max-image-preview:large","max-video-preview":"max-video-preview:-1"},"canonical":"https:\/\/hotnewsinworld.com\/hu\/magyarorszag-is-erezheti-a-vizvalsagot\/","og_locale":"hu_HU","og_type":"article","og_title":"Magyarorsz\u00e1g is \u00e9rezheti a v\u00edzv\u00e1ls\u00e1got - Hot News in World","og_description":"Magyarorsz\u00e1g iv\u00f3v\u00edzk\u00e9szletei b\u0151s\u00e9gesek, de jelent\u0151s ter\u00fcleteit fenyegeti sz\u00e1razs\u00e1g, mez\u0151gazdas\u00e1ga \u00e9s k\u00f6rnyezetgazd\u00e1lkod\u00e1sa helyenk\u00e9nt m\u00e1r most v\u00edzhi\u00e1nnyal k\u00fczd \u2013 mondta a K\u00f6zt\u00e1rsas\u00e1gi Eln\u00f6ki Hivatal (KEH) k\u00f6rnyezeti fenntarthat\u00f3s\u00e1gi igazgat\u00f3s\u00e1g\u00e1nak vezet\u0151je az M1 aktu\u00e1lis csatorn\u00e1j\u00e1nak szerda esti m\u0171sorban. Fot\u00f3: MTI\/Czegl\u00e9di Zsolt K\u0151r\u00f6si Csaba szerint Magyarorsz\u00e1g helyzete kedvez\u0151, hiszen itt egy emberre az \u00e9vi 5 ezer k\u00f6bm\u00e9teres vil\u00e1g\u00e1tlagn\u00e1l t\u00f6bb, 6 [&hellip;]","og_url":"https:\/\/hotnewsinworld.com\/hu\/magyarorszag-is-erezheti-a-vizvalsagot\/","og_site_name":"Hot News in World","article_published_time":"2019-09-11T23:01:44+00:00","article_modified_time":"2019-09-11T23:01:45+00:00","og_image":[{"width":600,"height":400,"url":"https:\/\/hotnewsinworld.com\/hu\/wp-content\/uploads\/sites\/3\/2019\/09\/Magyarorsz\u00e1g-is-\u00e9rezheti-a-v\u00edzv\u00e1ls\u00e1got.jpg","type":"image\/jpeg"}],"author":"hotnewsinworld","twitter_card":"summary_large_image","twitter_misc":{"Szerz\u0151:":"hotnewsinworld","Becs\u00fclt olvas\u00e1si id\u0151":"1 perc"},"schema":{"@context":"https:\/\/schema.org","@graph":[{"@type":"Article","@id":"https:\/\/hotnewsinworld.com\/hu\/magyarorszag-is-erezheti-a-vizvalsagot\/#article","isPartOf":{"@id":"https:\/\/hotnewsinworld.com\/hu\/magyarorszag-is-erezheti-a-vizvalsagot\/"},"author":{"name":"hotnewsinworld","@id":"https:\/\/hotnewsinworld.com\/hu\/#\/schema\/person\/fe61448b21c0d59086e75fcc1f9d8f6b"},"headline":"Magyarorsz\u00e1g is \u00e9rezheti a v\u00edzv\u00e1ls\u00e1got","datePublished":"2019-09-11T23:01:44+00:00","dateModified":"2019-09-11T23:01:45+00:00","mainEntityOfPage":{"@id":"https:\/\/hotnewsinworld.com\/hu\/magyarorszag-is-erezheti-a-vizvalsagot\/"},"wordCount":251,"commentCount":0,"image":{"@id":"https:\/\/hotnewsinworld.com\/hu\/magyarorszag-is-erezheti-a-vizvalsagot\/#primaryimage"},"thumbnailUrl":"https:\/\/hotnewsinworld.com\/hu\/wp-content\/uploads\/sites\/3\/2019\/09\/Magyarorsz\u00e1g-is-\u00e9rezheti-a-v\u00edzv\u00e1ls\u00e1got.jpg","articleSection":["LEG\u00daJABB P\u00c9NZ\u00dcGYI H\u00cdREK"],"inLanguage":"hu","potentialAction":[{"@type":"CommentAction","name":"Comment","target":["https:\/\/hotnewsinworld.com\/hu\/magyarorszag-is-erezheti-a-vizvalsagot\/#respond"]}]},{"@type":"WebPage","@id":"https:\/\/hotnewsinworld.com\/hu\/magyarorszag-is-erezheti-a-vizvalsagot\/","url":"https:\/\/hotnewsinworld.com\/hu\/magyarorszag-is-erezheti-a-vizvalsagot\/","name":"Magyarorsz\u00e1g is \u00e9rezheti a v\u00edzv\u00e1ls\u00e1got - Hot News in World","isPartOf":{"@id":"https:\/\/hotnewsinworld.com\/hu\/#website"},"primaryImageOfPage":{"@id":"https:\/\/hotnewsinworld.com\/hu\/magyarorszag-is-erezheti-a-vizvalsagot\/#primaryimage"},"image":{"@id":"https:\/\/hotnewsinworld.com\/hu\/magyarorszag-is-erezheti-a-vizvalsagot\/#primaryimage"},"thumbnailUrl":"https:\/\/hotnewsinworld.com\/hu\/wp-content\/uploads\/sites\/3\/2019\/09\/Magyarorsz\u00e1g-is-\u00e9rezheti-a-v\u00edzv\u00e1ls\u00e1got.jpg","datePublished":"2019-09-11T23:01:44+00:00","dateModified":"2019-09-11T23:01:45+00:00","author":{"@id":"https:\/\/hotnewsinworld.com\/hu\/#\/schema\/person\/fe61448b21c0d59086e75fcc1f9d8f6b"},"breadcrumb":{"@id":"https:\/\/hotnewsinworld.com\/hu\/magyarorszag-is-erezheti-a-vizvalsagot\/#breadcrumb"},"inLanguage":"hu","potentialAction":[{"@type":"ReadAction","target":["https:\/\/hotnewsinworld.com\/hu\/magyarorszag-is-erezheti-a-vizvalsagot\/"]}]},{"@type":"ImageObject","inLanguage":"hu","@id":"https:\/\/hotnewsinworld.com\/hu\/magyarorszag-is-erezheti-a-vizvalsagot\/#primaryimage","url":"https:\/\/hotnewsinworld.com\/hu\/wp-content\/uploads\/sites\/3\/2019\/09\/Magyarorsz\u00e1g-is-\u00e9rezheti-a-v\u00edzv\u00e1ls\u00e1got.jpg","contentUrl":"https:\/\/hotnewsinworld.com\/hu\/wp-content\/uploads\/sites\/3\/2019\/09\/Magyarorsz\u00e1g-is-\u00e9rezheti-a-v\u00edzv\u00e1ls\u00e1got.jpg","width":600,"height":400,"caption":"Magyarorsz&aacute;g is &eacute;rezheti a v&iacute;zv&aacute;ls&aacute;got"},{"@type":"BreadcrumbList","@id":"https:\/\/hotnewsinworld.com\/hu\/magyarorszag-is-erezheti-a-vizvalsagot\/#breadcrumb","itemListElement":[{"@type":"ListItem","position":1,"name":"\u0413\u043b\u0430\u0432\u043d\u0430\u044f \u0441\u0442\u0440\u0430\u043d\u0438\u0446\u0430","item":"https:\/\/hotnewsinworld.com\/hu\/"},{"@type":"ListItem","position":2,"name":"Magyarorsz\u00e1g is \u00e9rezheti a v\u00edzv\u00e1ls\u00e1got"}]},{"@type":"WebSite","@id":"https:\/\/hotnewsinworld.com\/hu\/#website","url":"https:\/\/hotnewsinworld.com\/hu\/","name":"Hot News in World","description":"Hot News in World from Hungary","potentialAction":[{"@type":"SearchAction","target":{"@type":"EntryPoint","urlTemplate":"https:\/\/hotnewsinworld.com\/hu\/?s={search_term_string}"},"query-input":{"@type":"PropertyValueSpecification","valueRequired":true,"valueName":"search_term_string"}}],"inLanguage":"hu"},{"@type":"Person","@id":"https:\/\/hotnewsinworld.com\/hu\/#\/schema\/person\/fe61448b21c0d59086e75fcc1f9d8f6b","name":"hotnewsinworld","image":{"@type":"ImageObject","inLanguage":"hu","@id":"https:\/\/secure.gravatar.com\/avatar\/8a09ac165600ce2e1c38fe593c63928eb1e6e7ba5c5a907d67787c41b3d00c14?s=96&d=mm&r=g","url":"https:\/\/secure.gravatar.com\/avatar\/8a09ac165600ce2e1c38fe593c63928eb1e6e7ba5c5a907d67787c41b3d00c14?s=96&d=mm&r=g","contentUrl":"https:\/\/secure.gravatar.com\/avatar\/8a09ac165600ce2e1c38fe593c63928eb1e6e7ba5c5a907d67787c41b3d00c14?s=96&d=mm&r=g","caption":"hotnewsinworld"},"url":"https:\/\/hotnewsinworld.com\/hu\/author\/pt\/"}]}},"_links":{"self":[{"href":"https:\/\/hotnewsinworld.com\/hu\/wp-json\/wp\/v2\/posts\/1929","targetHints":{"allow":["GET"]}}],"collection":[{"href":"https:\/\/hotnewsinworld.com\/hu\/wp-json\/wp\/v2\/posts"}],"about":[{"href":"https:\/\/hotnewsinworld.com\/hu\/wp-json\/wp\/v2\/types\/post"}],"author":[{"embeddable":true,"href":"https:\/\/hotnewsinworld.com\/hu\/wp-json\/wp\/v2\/users\/2"}],"replies":[{"embeddable":true,"href":"https:\/\/hotnewsinworld.com\/hu\/wp-json\/wp\/v2\/comments?post=1929"}],"version-history":[{"count":1,"href":"https:\/\/hotnewsinworld.com\/hu\/wp-json\/wp\/v2\/posts\/1929\/revisions"}],"predecessor-version":[{"id":1931,"href":"https:\/\/hotnewsinworld.com\/hu\/wp-json\/wp\/v2\/posts\/1929\/revisions\/1931"}],"wp:featuredmedia":[{"embeddable":true,"href":"https:\/\/hotnewsinworld.com\/hu\/wp-json\/wp\/v2\/media\/1930"}],"wp:attachment":[{"href":"https:\/\/hotnewsinworld.com\/hu\/wp-json\/wp\/v2\/media?parent=1929"}],"wp:term":[{"taxonomy":"category","embeddable":true,"href":"https:\/\/hotnewsinworld.com\/hu\/wp-json\/wp\/v2\/categories?post=1929"},{"taxonomy":"post_tag","embeddable":true,"href":"https:\/\/hotnewsinworld.com\/hu\/wp-json\/wp\/v2\/tags?post=1929"}],"curies":[{"name":"wp","href":"https:\/\/api.w.org\/{rel}","templated":true}]}}