{"id":1932,"date":"2019-09-12T03:26:31","date_gmt":"2019-09-12T00:26:31","guid":{"rendered":"https:\/\/hotnewsinworld.com\/hu\/alkalmas-tisztesseges-es-hozzaerto-vezetok-kellenek-a-telepulesuk-elere\/"},"modified":"2019-09-12T03:26:32","modified_gmt":"2019-09-12T00:26:32","slug":"alkalmas-tisztesseges-es-hozzaerto-vezetok-kellenek-a-telepulesuk-elere","status":"publish","type":"post","link":"https:\/\/hotnewsinworld.com\/hu\/alkalmas-tisztesseges-es-hozzaerto-vezetok-kellenek-a-telepulesuk-elere\/","title":{"rendered":"Alkalmas, tisztess\u00e9ges \u00e9s hozz\u00e1\u00e9rt\u0151 vezet\u0151k kellenek a telep\u00fcl\u00e9s\u00fck \u00e9l\u00e9re"},"content":{"rendered":"<p>\tAz orsz\u00e1ggy\u0171l\u00e9s eln\u00f6ke kifejtette, aki az \u00f6nkorm\u00e1nyzati politik\u00e1t is \u201emini polg\u00e1rh\u00e1bor\u00fanak\u201d fogja f\u00f6l, az nem alkalmas egy telep\u00fcl\u00e9s vezet\u00e9s\u00e9re.<\/p>\n<p>class=&#8221;line-title-with-image&#8221;&gt;Az \u00f6nkorm\u00e1nyzati v\u00e1laszt\u00e1sok nem az orsz\u00e1gos politik\u00e1r\u00f3l sz\u00f3lnak, a voksol\u00e1s t\u00e9tje, hogy alkalmas, tisztess\u00e9ges \u00e9s hozz\u00e1\u00e9rt\u0151 vezet\u0151ket tal\u00e1ljanak az emberek telep\u00fcl\u00e9s\u00fck \u00e9l\u00e9re \u2013 jelentette ki az orsz\u00e1ggy\u0171l\u00e9s eln\u00f6ke szerd\u00e1n Szegeden, K\u00f6v\u00e9r L\u00e1szl\u00f3 kifejtette, aki az \u00f6nkorm\u00e1nyzati politik\u00e1t is &#8222;mini polg\u00e1rh\u00e1bor\u00fanak&#8221; fogja f\u00f6l, az nem alkalmas egy telepclass=&#8221;&#8221;&gt;Az \u00f6nkorm\u00e1nyzati v\u00e1laszt\u00e1sok nem az orsz\u00e1gos politik\u00e1r\u00f3l sz\u00f3lnak, a voksol\u00e1s t\u00e9tje, hogy alkalmas, tisztess\u00e9ges \u00e9s hozz\u00e1\u00e9rt\u0151 vezet\u0151ket tal\u00e1ljanak az emberek telep\u00fcl\u00e9s\u00fck \u00e9l\u00e9re &#8211; jelentette ki az orsz\u00e1ggy\u0171l\u00e9s eln\u00f6ke szerd\u00e1n Szegeden, K\u00f6v\u00e9r L\u00e1szl\u00f3 kifejtette, aki az \u00f6nkorm\u00e1nyzati politik\u00e1t is &#8222;mini polg\u00e1rh\u00e1bor\u00fanak&#8221; fogja f\u00f6l, az nem alkalmas egy telepclass=&#8221;line-title-with-image&#8221;&gt;Az \u00f6nkorm\u00e1nyzati v\u00e1laszt\u00e1snak az adott telep\u00fcl\u00e9sr\u0151l kell sz\u00f3lnia &#8211; jelentette ki K\u00f6v\u00e9r L\u00e1szl\u00f3, az Orsz\u00e1ggy\u0171l\u00e9s eln\u00f6ke Szegeden a Fidesz \u00e1ltal ind\u00edtott orsz\u00e1gj\u00e1r\u00f3 k\u00f6r\u00fat els\u0151 \u00e1llom\u00e1s\u00e1n.class=&#8221;line-title-with-image&#8221;&gt;Az \u00f6nkorm\u00e1nyzati v\u00e1laszt\u00e1sok nem az orsz\u00e1gos politik\u00e1r\u00f3l sz\u00f3lnak &#8211; mondta K\u00f6v\u00e9r L\u00e1szl\u00f3.class=&#8221;line-title-with-image&#8221;&gt;Az \u00f6nkorm\u00e1nyzati v\u00e1laszt\u00e1sok nem az orsz\u00e1gos politik\u00e1r\u00f3l sz\u00f3lnak, a voksol\u00e1s t\u00e9tje, hogy alkalmas, tisztess\u00e9ges \u00e9s hozz\u00e1\u00e9rt\u0151 vezet\u0151ket tal\u00e1ljanak az emberek telep\u00fcl\u00e9s\u00fck \u00e9l\u00e9re &#8211; jelentette ki az orsz\u00e1ggy\u0171l\u00e9s eln\u00f6ke szerd\u00e1n Szegeden. K\u00f6v\u00e9r L\u00e1szl\u00f3 kifejtette, aki az \u00f6nkorm\u00e1nyzati politik\u00e1t is &#8222;mini polg\u00e1rh\u00e1bor\u00fanak&#8221; fogja f\u00f6l, az nem alkalmas egy telepclass=&#8221;&#8221;&gt;Az ellenz\u00e9k az okt\u00f3beri v\u00e1laszt\u00e1st \u201caz orsz\u00e1gos politikai k\u00fczdelem r\u00e9szek\u00e9nt tekinti\u201d, azok a v\u00e1rosvezet\u0151k, akik pedig \u00e1tadj\u00e1k magukat ennek a \u201cpszich\u00f3zisnak\u201d, azok nemcsak ostob\u00e1k \u00e9s felel\u0151tlenek, hanem \u201ckifejezetten k\u00e1rt okoznak saj\u00e1t telep\u00fcl\u00e9s\u00fcknek\u201d \u2013 jelentette ki\u00a0K\u00f6v\u00e9r L\u00e1szl\u00f3 Szegeden. Az Orsz\u00e1ggy\u0171l\u00e9s eln\u00f6ke szerint a szegedieknek kell\u2026<br \/>\n<br \/>\n<!--noindex--><br \/>\n<a href=\"https:\/\/hirek.oldal.info\/rssclick\/14389748\" rel=\"nofollow\">Source link <\/a><br \/>\n<!--\/noindex--><\/p>\n","protected":false},"excerpt":{"rendered":"<p>Az orsz\u00e1ggy\u0171l\u00e9s eln\u00f6ke kifejtette, aki az \u00f6nkorm\u00e1nyzati politik\u00e1t is \u201emini polg\u00e1rh\u00e1bor\u00fanak\u201d fogja f\u00f6l, az nem alkalmas egy telep\u00fcl\u00e9s vezet\u00e9s\u00e9re. class=&#8221;line-title-with-image&#8221;&gt;Az \u00f6nkorm\u00e1nyzati v\u00e1laszt\u00e1sok nem az orsz\u00e1gos politik\u00e1r\u00f3l sz\u00f3lnak, a voksol\u00e1s t\u00e9tje, hogy alkalmas, tisztess\u00e9ges \u00e9s hozz\u00e1\u00e9rt\u0151 vezet\u0151ket tal\u00e1ljanak az emberek telep\u00fcl\u00e9s\u00fck \u00e9l\u00e9re \u2013 jelentette ki az orsz\u00e1ggy\u0171l\u00e9s eln\u00f6ke szerd\u00e1n Szegeden, K\u00f6v\u00e9r L\u00e1szl\u00f3 kifejtette, aki az \u00f6nkorm\u00e1nyzati [&hellip;]<\/p>\n","protected":false},"author":2,"featured_media":1933,"comment_status":"open","ping_status":"open","sticky":false,"template":"","format":"standard","meta":{"footnotes":""},"categories":[1],"tags":[],"class_list":["post-1932","post","type-post","status-publish","format-standard","has-post-thumbnail","hentry","category-legujabb-penzugyi-hirek"],"yoast_head":"<!-- This site is optimized with the Yoast SEO plugin v27.4 - https:\/\/yoast.com\/product\/yoast-seo-wordpress\/ -->\n<title>Alkalmas, tisztess\u00e9ges \u00e9s hozz\u00e1\u00e9rt\u0151 vezet\u0151k kellenek a telep\u00fcl\u00e9s\u00fck \u00e9l\u00e9re - Hot News in World<\/title>\n<meta name=\"robots\" content=\"index, follow, max-snippet:-1, max-image-preview:large, max-video-preview:-1\" \/>\n<link rel=\"canonical\" href=\"https:\/\/hotnewsinworld.com\/hu\/alkalmas-tisztesseges-es-hozzaerto-vezetok-kellenek-a-telepulesuk-elere\/\" \/>\n<meta property=\"og:locale\" content=\"hu_HU\" \/>\n<meta property=\"og:type\" content=\"article\" \/>\n<meta property=\"og:title\" content=\"Alkalmas, tisztess\u00e9ges \u00e9s hozz\u00e1\u00e9rt\u0151 vezet\u0151k kellenek a telep\u00fcl\u00e9s\u00fck \u00e9l\u00e9re - Hot News in World\" \/>\n<meta property=\"og:description\" content=\"Az orsz\u00e1ggy\u0171l\u00e9s eln\u00f6ke kifejtette, aki az \u00f6nkorm\u00e1nyzati politik\u00e1t is \u201emini polg\u00e1rh\u00e1bor\u00fanak\u201d fogja f\u00f6l, az nem alkalmas egy telep\u00fcl\u00e9s vezet\u00e9s\u00e9re. class=&#8221;line-title-with-image&#8221;&gt;Az \u00f6nkorm\u00e1nyzati v\u00e1laszt\u00e1sok nem az orsz\u00e1gos politik\u00e1r\u00f3l sz\u00f3lnak, a voksol\u00e1s t\u00e9tje, hogy alkalmas, tisztess\u00e9ges \u00e9s hozz\u00e1\u00e9rt\u0151 vezet\u0151ket tal\u00e1ljanak az emberek telep\u00fcl\u00e9s\u00fck \u00e9l\u00e9re \u2013 jelentette ki az orsz\u00e1ggy\u0171l\u00e9s eln\u00f6ke szerd\u00e1n Szegeden, K\u00f6v\u00e9r L\u00e1szl\u00f3 kifejtette, aki az \u00f6nkorm\u00e1nyzati [&hellip;]\" \/>\n<meta property=\"og:url\" content=\"https:\/\/hotnewsinworld.com\/hu\/alkalmas-tisztesseges-es-hozzaerto-vezetok-kellenek-a-telepulesuk-elere\/\" \/>\n<meta property=\"og:site_name\" content=\"Hot News in World\" \/>\n<meta property=\"article:published_time\" content=\"2019-09-12T00:26:31+00:00\" \/>\n<meta property=\"article:modified_time\" content=\"2019-09-12T00:26:32+00:00\" \/>\n<meta property=\"og:image\" content=\"https:\/\/hotnewsinworld.com\/hu\/wp-content\/uploads\/sites\/3\/2019\/09\/Alkalmas-tisztess\u00e9ges-\u00e9s-hozz\u00e1\u00e9rt\u0151-vezet\u0151k-kellenek-a-telep\u00fcl\u00e9s\u00fck-\u00e9l\u00e9re.jpg\" \/>\n\t<meta property=\"og:image:width\" content=\"600\" \/>\n\t<meta property=\"og:image:height\" content=\"315\" \/>\n\t<meta property=\"og:image:type\" content=\"image\/jpeg\" \/>\n<meta name=\"author\" content=\"hotnewsinworld\" \/>\n<meta name=\"twitter:card\" content=\"summary_large_image\" \/>\n<meta name=\"twitter:label1\" content=\"Szerz\u0151:\" \/>\n\t<meta name=\"twitter:data1\" content=\"hotnewsinworld\" \/>\n\t<meta name=\"twitter:label2\" content=\"Becs\u00fclt olvas\u00e1si id\u0151\" \/>\n\t<meta name=\"twitter:data2\" content=\"2 perc\" \/>\n<script type=\"application\/ld+json\" class=\"yoast-schema-graph\">{\"@context\":\"https:\\\/\\\/schema.org\",\"@graph\":[{\"@type\":\"Article\",\"@id\":\"https:\\\/\\\/hotnewsinworld.com\\\/hu\\\/alkalmas-tisztesseges-es-hozzaerto-vezetok-kellenek-a-telepulesuk-elere\\\/#article\",\"isPartOf\":{\"@id\":\"https:\\\/\\\/hotnewsinworld.com\\\/hu\\\/alkalmas-tisztesseges-es-hozzaerto-vezetok-kellenek-a-telepulesuk-elere\\\/\"},\"author\":{\"name\":\"hotnewsinworld\",\"@id\":\"https:\\\/\\\/hotnewsinworld.com\\\/hu\\\/#\\\/schema\\\/person\\\/fe61448b21c0d59086e75fcc1f9d8f6b\"},\"headline\":\"Alkalmas, tisztess\u00e9ges \u00e9s hozz\u00e1\u00e9rt\u0151 vezet\u0151k kellenek a telep\u00fcl\u00e9s\u00fck \u00e9l\u00e9re\",\"datePublished\":\"2019-09-12T00:26:31+00:00\",\"dateModified\":\"2019-09-12T00:26:32+00:00\",\"mainEntityOfPage\":{\"@id\":\"https:\\\/\\\/hotnewsinworld.com\\\/hu\\\/alkalmas-tisztesseges-es-hozzaerto-vezetok-kellenek-a-telepulesuk-elere\\\/\"},\"wordCount\":435,\"commentCount\":0,\"image\":{\"@id\":\"https:\\\/\\\/hotnewsinworld.com\\\/hu\\\/alkalmas-tisztesseges-es-hozzaerto-vezetok-kellenek-a-telepulesuk-elere\\\/#primaryimage\"},\"thumbnailUrl\":\"https:\\\/\\\/hotnewsinworld.com\\\/hu\\\/wp-content\\\/uploads\\\/sites\\\/3\\\/2019\\\/09\\\/Alkalmas-tisztess\u00e9ges-\u00e9s-hozz\u00e1\u00e9rt\u0151-vezet\u0151k-kellenek-a-telep\u00fcl\u00e9s\u00fck-\u00e9l\u00e9re.jpg\",\"articleSection\":[\"LEG\u00daJABB P\u00c9NZ\u00dcGYI H\u00cdREK\"],\"inLanguage\":\"hu\",\"potentialAction\":[{\"@type\":\"CommentAction\",\"name\":\"Comment\",\"target\":[\"https:\\\/\\\/hotnewsinworld.com\\\/hu\\\/alkalmas-tisztesseges-es-hozzaerto-vezetok-kellenek-a-telepulesuk-elere\\\/#respond\"]}]},{\"@type\":\"WebPage\",\"@id\":\"https:\\\/\\\/hotnewsinworld.com\\\/hu\\\/alkalmas-tisztesseges-es-hozzaerto-vezetok-kellenek-a-telepulesuk-elere\\\/\",\"url\":\"https:\\\/\\\/hotnewsinworld.com\\\/hu\\\/alkalmas-tisztesseges-es-hozzaerto-vezetok-kellenek-a-telepulesuk-elere\\\/\",\"name\":\"Alkalmas, tisztess\u00e9ges \u00e9s hozz\u00e1\u00e9rt\u0151 vezet\u0151k kellenek a telep\u00fcl\u00e9s\u00fck \u00e9l\u00e9re - Hot News in World\",\"isPartOf\":{\"@id\":\"https:\\\/\\\/hotnewsinworld.com\\\/hu\\\/#website\"},\"primaryImageOfPage\":{\"@id\":\"https:\\\/\\\/hotnewsinworld.com\\\/hu\\\/alkalmas-tisztesseges-es-hozzaerto-vezetok-kellenek-a-telepulesuk-elere\\\/#primaryimage\"},\"image\":{\"@id\":\"https:\\\/\\\/hotnewsinworld.com\\\/hu\\\/alkalmas-tisztesseges-es-hozzaerto-vezetok-kellenek-a-telepulesuk-elere\\\/#primaryimage\"},\"thumbnailUrl\":\"https:\\\/\\\/hotnewsinworld.com\\\/hu\\\/wp-content\\\/uploads\\\/sites\\\/3\\\/2019\\\/09\\\/Alkalmas-tisztess\u00e9ges-\u00e9s-hozz\u00e1\u00e9rt\u0151-vezet\u0151k-kellenek-a-telep\u00fcl\u00e9s\u00fck-\u00e9l\u00e9re.jpg\",\"datePublished\":\"2019-09-12T00:26:31+00:00\",\"dateModified\":\"2019-09-12T00:26:32+00:00\",\"author\":{\"@id\":\"https:\\\/\\\/hotnewsinworld.com\\\/hu\\\/#\\\/schema\\\/person\\\/fe61448b21c0d59086e75fcc1f9d8f6b\"},\"breadcrumb\":{\"@id\":\"https:\\\/\\\/hotnewsinworld.com\\\/hu\\\/alkalmas-tisztesseges-es-hozzaerto-vezetok-kellenek-a-telepulesuk-elere\\\/#breadcrumb\"},\"inLanguage\":\"hu\",\"potentialAction\":[{\"@type\":\"ReadAction\",\"target\":[\"https:\\\/\\\/hotnewsinworld.com\\\/hu\\\/alkalmas-tisztesseges-es-hozzaerto-vezetok-kellenek-a-telepulesuk-elere\\\/\"]}]},{\"@type\":\"ImageObject\",\"inLanguage\":\"hu\",\"@id\":\"https:\\\/\\\/hotnewsinworld.com\\\/hu\\\/alkalmas-tisztesseges-es-hozzaerto-vezetok-kellenek-a-telepulesuk-elere\\\/#primaryimage\",\"url\":\"https:\\\/\\\/hotnewsinworld.com\\\/hu\\\/wp-content\\\/uploads\\\/sites\\\/3\\\/2019\\\/09\\\/Alkalmas-tisztess\u00e9ges-\u00e9s-hozz\u00e1\u00e9rt\u0151-vezet\u0151k-kellenek-a-telep\u00fcl\u00e9s\u00fck-\u00e9l\u00e9re.jpg\",\"contentUrl\":\"https:\\\/\\\/hotnewsinworld.com\\\/hu\\\/wp-content\\\/uploads\\\/sites\\\/3\\\/2019\\\/09\\\/Alkalmas-tisztess\u00e9ges-\u00e9s-hozz\u00e1\u00e9rt\u0151-vezet\u0151k-kellenek-a-telep\u00fcl\u00e9s\u00fck-\u00e9l\u00e9re.jpg\",\"width\":600,\"height\":315,\"caption\":\"Alkalmas, tisztess\u00e9ges \u00e9s hozz\u00e1\u00e9rt\u0151 vezet\u0151k kellenek a telep\u00fcl\u00e9s\u00fck \u00e9l\u00e9re\"},{\"@type\":\"BreadcrumbList\",\"@id\":\"https:\\\/\\\/hotnewsinworld.com\\\/hu\\\/alkalmas-tisztesseges-es-hozzaerto-vezetok-kellenek-a-telepulesuk-elere\\\/#breadcrumb\",\"itemListElement\":[{\"@type\":\"ListItem\",\"position\":1,\"name\":\"\u0413\u043b\u0430\u0432\u043d\u0430\u044f \u0441\u0442\u0440\u0430\u043d\u0438\u0446\u0430\",\"item\":\"https:\\\/\\\/hotnewsinworld.com\\\/hu\\\/\"},{\"@type\":\"ListItem\",\"position\":2,\"name\":\"Alkalmas, tisztess\u00e9ges \u00e9s hozz\u00e1\u00e9rt\u0151 vezet\u0151k kellenek a telep\u00fcl\u00e9s\u00fck \u00e9l\u00e9re\"}]},{\"@type\":\"WebSite\",\"@id\":\"https:\\\/\\\/hotnewsinworld.com\\\/hu\\\/#website\",\"url\":\"https:\\\/\\\/hotnewsinworld.com\\\/hu\\\/\",\"name\":\"Hot News in World\",\"description\":\"Hot News in World from Hungary\",\"potentialAction\":[{\"@type\":\"SearchAction\",\"target\":{\"@type\":\"EntryPoint\",\"urlTemplate\":\"https:\\\/\\\/hotnewsinworld.com\\\/hu\\\/?s={search_term_string}\"},\"query-input\":{\"@type\":\"PropertyValueSpecification\",\"valueRequired\":true,\"valueName\":\"search_term_string\"}}],\"inLanguage\":\"hu\"},{\"@type\":\"Person\",\"@id\":\"https:\\\/\\\/hotnewsinworld.com\\\/hu\\\/#\\\/schema\\\/person\\\/fe61448b21c0d59086e75fcc1f9d8f6b\",\"name\":\"hotnewsinworld\",\"image\":{\"@type\":\"ImageObject\",\"inLanguage\":\"hu\",\"@id\":\"https:\\\/\\\/secure.gravatar.com\\\/avatar\\\/8a09ac165600ce2e1c38fe593c63928eb1e6e7ba5c5a907d67787c41b3d00c14?s=96&d=mm&r=g\",\"url\":\"https:\\\/\\\/secure.gravatar.com\\\/avatar\\\/8a09ac165600ce2e1c38fe593c63928eb1e6e7ba5c5a907d67787c41b3d00c14?s=96&d=mm&r=g\",\"contentUrl\":\"https:\\\/\\\/secure.gravatar.com\\\/avatar\\\/8a09ac165600ce2e1c38fe593c63928eb1e6e7ba5c5a907d67787c41b3d00c14?s=96&d=mm&r=g\",\"caption\":\"hotnewsinworld\"},\"url\":\"https:\\\/\\\/hotnewsinworld.com\\\/hu\\\/author\\\/pt\\\/\"}]}<\/script>\n<!-- \/ Yoast SEO plugin. -->","yoast_head_json":{"title":"Alkalmas, tisztess\u00e9ges \u00e9s hozz\u00e1\u00e9rt\u0151 vezet\u0151k kellenek a telep\u00fcl\u00e9s\u00fck \u00e9l\u00e9re - Hot News in World","robots":{"index":"index","follow":"follow","max-snippet":"max-snippet:-1","max-image-preview":"max-image-preview:large","max-video-preview":"max-video-preview:-1"},"canonical":"https:\/\/hotnewsinworld.com\/hu\/alkalmas-tisztesseges-es-hozzaerto-vezetok-kellenek-a-telepulesuk-elere\/","og_locale":"hu_HU","og_type":"article","og_title":"Alkalmas, tisztess\u00e9ges \u00e9s hozz\u00e1\u00e9rt\u0151 vezet\u0151k kellenek a telep\u00fcl\u00e9s\u00fck \u00e9l\u00e9re - Hot News in World","og_description":"Az orsz\u00e1ggy\u0171l\u00e9s eln\u00f6ke kifejtette, aki az \u00f6nkorm\u00e1nyzati politik\u00e1t is \u201emini polg\u00e1rh\u00e1bor\u00fanak\u201d fogja f\u00f6l, az nem alkalmas egy telep\u00fcl\u00e9s vezet\u00e9s\u00e9re. class=&#8221;line-title-with-image&#8221;&gt;Az \u00f6nkorm\u00e1nyzati v\u00e1laszt\u00e1sok nem az orsz\u00e1gos politik\u00e1r\u00f3l sz\u00f3lnak, a voksol\u00e1s t\u00e9tje, hogy alkalmas, tisztess\u00e9ges \u00e9s hozz\u00e1\u00e9rt\u0151 vezet\u0151ket tal\u00e1ljanak az emberek telep\u00fcl\u00e9s\u00fck \u00e9l\u00e9re \u2013 jelentette ki az orsz\u00e1ggy\u0171l\u00e9s eln\u00f6ke szerd\u00e1n Szegeden, K\u00f6v\u00e9r L\u00e1szl\u00f3 kifejtette, aki az \u00f6nkorm\u00e1nyzati [&hellip;]","og_url":"https:\/\/hotnewsinworld.com\/hu\/alkalmas-tisztesseges-es-hozzaerto-vezetok-kellenek-a-telepulesuk-elere\/","og_site_name":"Hot News in World","article_published_time":"2019-09-12T00:26:31+00:00","article_modified_time":"2019-09-12T00:26:32+00:00","og_image":[{"width":600,"height":315,"url":"https:\/\/hotnewsinworld.com\/hu\/wp-content\/uploads\/sites\/3\/2019\/09\/Alkalmas-tisztess\u00e9ges-\u00e9s-hozz\u00e1\u00e9rt\u0151-vezet\u0151k-kellenek-a-telep\u00fcl\u00e9s\u00fck-\u00e9l\u00e9re.jpg","type":"image\/jpeg"}],"author":"hotnewsinworld","twitter_card":"summary_large_image","twitter_misc":{"Szerz\u0151:":"hotnewsinworld","Becs\u00fclt olvas\u00e1si id\u0151":"2 perc"},"schema":{"@context":"https:\/\/schema.org","@graph":[{"@type":"Article","@id":"https:\/\/hotnewsinworld.com\/hu\/alkalmas-tisztesseges-es-hozzaerto-vezetok-kellenek-a-telepulesuk-elere\/#article","isPartOf":{"@id":"https:\/\/hotnewsinworld.com\/hu\/alkalmas-tisztesseges-es-hozzaerto-vezetok-kellenek-a-telepulesuk-elere\/"},"author":{"name":"hotnewsinworld","@id":"https:\/\/hotnewsinworld.com\/hu\/#\/schema\/person\/fe61448b21c0d59086e75fcc1f9d8f6b"},"headline":"Alkalmas, tisztess\u00e9ges \u00e9s hozz\u00e1\u00e9rt\u0151 vezet\u0151k kellenek a telep\u00fcl\u00e9s\u00fck \u00e9l\u00e9re","datePublished":"2019-09-12T00:26:31+00:00","dateModified":"2019-09-12T00:26:32+00:00","mainEntityOfPage":{"@id":"https:\/\/hotnewsinworld.com\/hu\/alkalmas-tisztesseges-es-hozzaerto-vezetok-kellenek-a-telepulesuk-elere\/"},"wordCount":435,"commentCount":0,"image":{"@id":"https:\/\/hotnewsinworld.com\/hu\/alkalmas-tisztesseges-es-hozzaerto-vezetok-kellenek-a-telepulesuk-elere\/#primaryimage"},"thumbnailUrl":"https:\/\/hotnewsinworld.com\/hu\/wp-content\/uploads\/sites\/3\/2019\/09\/Alkalmas-tisztess\u00e9ges-\u00e9s-hozz\u00e1\u00e9rt\u0151-vezet\u0151k-kellenek-a-telep\u00fcl\u00e9s\u00fck-\u00e9l\u00e9re.jpg","articleSection":["LEG\u00daJABB P\u00c9NZ\u00dcGYI H\u00cdREK"],"inLanguage":"hu","potentialAction":[{"@type":"CommentAction","name":"Comment","target":["https:\/\/hotnewsinworld.com\/hu\/alkalmas-tisztesseges-es-hozzaerto-vezetok-kellenek-a-telepulesuk-elere\/#respond"]}]},{"@type":"WebPage","@id":"https:\/\/hotnewsinworld.com\/hu\/alkalmas-tisztesseges-es-hozzaerto-vezetok-kellenek-a-telepulesuk-elere\/","url":"https:\/\/hotnewsinworld.com\/hu\/alkalmas-tisztesseges-es-hozzaerto-vezetok-kellenek-a-telepulesuk-elere\/","name":"Alkalmas, tisztess\u00e9ges \u00e9s hozz\u00e1\u00e9rt\u0151 vezet\u0151k kellenek a telep\u00fcl\u00e9s\u00fck \u00e9l\u00e9re - Hot News in World","isPartOf":{"@id":"https:\/\/hotnewsinworld.com\/hu\/#website"},"primaryImageOfPage":{"@id":"https:\/\/hotnewsinworld.com\/hu\/alkalmas-tisztesseges-es-hozzaerto-vezetok-kellenek-a-telepulesuk-elere\/#primaryimage"},"image":{"@id":"https:\/\/hotnewsinworld.com\/hu\/alkalmas-tisztesseges-es-hozzaerto-vezetok-kellenek-a-telepulesuk-elere\/#primaryimage"},"thumbnailUrl":"https:\/\/hotnewsinworld.com\/hu\/wp-content\/uploads\/sites\/3\/2019\/09\/Alkalmas-tisztess\u00e9ges-\u00e9s-hozz\u00e1\u00e9rt\u0151-vezet\u0151k-kellenek-a-telep\u00fcl\u00e9s\u00fck-\u00e9l\u00e9re.jpg","datePublished":"2019-09-12T00:26:31+00:00","dateModified":"2019-09-12T00:26:32+00:00","author":{"@id":"https:\/\/hotnewsinworld.com\/hu\/#\/schema\/person\/fe61448b21c0d59086e75fcc1f9d8f6b"},"breadcrumb":{"@id":"https:\/\/hotnewsinworld.com\/hu\/alkalmas-tisztesseges-es-hozzaerto-vezetok-kellenek-a-telepulesuk-elere\/#breadcrumb"},"inLanguage":"hu","potentialAction":[{"@type":"ReadAction","target":["https:\/\/hotnewsinworld.com\/hu\/alkalmas-tisztesseges-es-hozzaerto-vezetok-kellenek-a-telepulesuk-elere\/"]}]},{"@type":"ImageObject","inLanguage":"hu","@id":"https:\/\/hotnewsinworld.com\/hu\/alkalmas-tisztesseges-es-hozzaerto-vezetok-kellenek-a-telepulesuk-elere\/#primaryimage","url":"https:\/\/hotnewsinworld.com\/hu\/wp-content\/uploads\/sites\/3\/2019\/09\/Alkalmas-tisztess\u00e9ges-\u00e9s-hozz\u00e1\u00e9rt\u0151-vezet\u0151k-kellenek-a-telep\u00fcl\u00e9s\u00fck-\u00e9l\u00e9re.jpg","contentUrl":"https:\/\/hotnewsinworld.com\/hu\/wp-content\/uploads\/sites\/3\/2019\/09\/Alkalmas-tisztess\u00e9ges-\u00e9s-hozz\u00e1\u00e9rt\u0151-vezet\u0151k-kellenek-a-telep\u00fcl\u00e9s\u00fck-\u00e9l\u00e9re.jpg","width":600,"height":315,"caption":"Alkalmas, tisztess\u00e9ges \u00e9s hozz\u00e1\u00e9rt\u0151 vezet\u0151k kellenek a telep\u00fcl\u00e9s\u00fck \u00e9l\u00e9re"},{"@type":"BreadcrumbList","@id":"https:\/\/hotnewsinworld.com\/hu\/alkalmas-tisztesseges-es-hozzaerto-vezetok-kellenek-a-telepulesuk-elere\/#breadcrumb","itemListElement":[{"@type":"ListItem","position":1,"name":"\u0413\u043b\u0430\u0432\u043d\u0430\u044f \u0441\u0442\u0440\u0430\u043d\u0438\u0446\u0430","item":"https:\/\/hotnewsinworld.com\/hu\/"},{"@type":"ListItem","position":2,"name":"Alkalmas, tisztess\u00e9ges \u00e9s hozz\u00e1\u00e9rt\u0151 vezet\u0151k kellenek a telep\u00fcl\u00e9s\u00fck \u00e9l\u00e9re"}]},{"@type":"WebSite","@id":"https:\/\/hotnewsinworld.com\/hu\/#website","url":"https:\/\/hotnewsinworld.com\/hu\/","name":"Hot News in World","description":"Hot News in World from Hungary","potentialAction":[{"@type":"SearchAction","target":{"@type":"EntryPoint","urlTemplate":"https:\/\/hotnewsinworld.com\/hu\/?s={search_term_string}"},"query-input":{"@type":"PropertyValueSpecification","valueRequired":true,"valueName":"search_term_string"}}],"inLanguage":"hu"},{"@type":"Person","@id":"https:\/\/hotnewsinworld.com\/hu\/#\/schema\/person\/fe61448b21c0d59086e75fcc1f9d8f6b","name":"hotnewsinworld","image":{"@type":"ImageObject","inLanguage":"hu","@id":"https:\/\/secure.gravatar.com\/avatar\/8a09ac165600ce2e1c38fe593c63928eb1e6e7ba5c5a907d67787c41b3d00c14?s=96&d=mm&r=g","url":"https:\/\/secure.gravatar.com\/avatar\/8a09ac165600ce2e1c38fe593c63928eb1e6e7ba5c5a907d67787c41b3d00c14?s=96&d=mm&r=g","contentUrl":"https:\/\/secure.gravatar.com\/avatar\/8a09ac165600ce2e1c38fe593c63928eb1e6e7ba5c5a907d67787c41b3d00c14?s=96&d=mm&r=g","caption":"hotnewsinworld"},"url":"https:\/\/hotnewsinworld.com\/hu\/author\/pt\/"}]}},"_links":{"self":[{"href":"https:\/\/hotnewsinworld.com\/hu\/wp-json\/wp\/v2\/posts\/1932","targetHints":{"allow":["GET"]}}],"collection":[{"href":"https:\/\/hotnewsinworld.com\/hu\/wp-json\/wp\/v2\/posts"}],"about":[{"href":"https:\/\/hotnewsinworld.com\/hu\/wp-json\/wp\/v2\/types\/post"}],"author":[{"embeddable":true,"href":"https:\/\/hotnewsinworld.com\/hu\/wp-json\/wp\/v2\/users\/2"}],"replies":[{"embeddable":true,"href":"https:\/\/hotnewsinworld.com\/hu\/wp-json\/wp\/v2\/comments?post=1932"}],"version-history":[{"count":1,"href":"https:\/\/hotnewsinworld.com\/hu\/wp-json\/wp\/v2\/posts\/1932\/revisions"}],"predecessor-version":[{"id":1934,"href":"https:\/\/hotnewsinworld.com\/hu\/wp-json\/wp\/v2\/posts\/1932\/revisions\/1934"}],"wp:featuredmedia":[{"embeddable":true,"href":"https:\/\/hotnewsinworld.com\/hu\/wp-json\/wp\/v2\/media\/1933"}],"wp:attachment":[{"href":"https:\/\/hotnewsinworld.com\/hu\/wp-json\/wp\/v2\/media?parent=1932"}],"wp:term":[{"taxonomy":"category","embeddable":true,"href":"https:\/\/hotnewsinworld.com\/hu\/wp-json\/wp\/v2\/categories?post=1932"},{"taxonomy":"post_tag","embeddable":true,"href":"https:\/\/hotnewsinworld.com\/hu\/wp-json\/wp\/v2\/tags?post=1932"}],"curies":[{"name":"wp","href":"https:\/\/api.w.org\/{rel}","templated":true}]}}