{"id":1935,"date":"2019-09-12T05:00:53","date_gmt":"2019-09-12T02:00:53","guid":{"rendered":"https:\/\/hotnewsinworld.com\/hu\/orban-viktor-pragaba-utazik\/"},"modified":"2019-09-12T05:00:54","modified_gmt":"2019-09-12T02:00:54","slug":"orban-viktor-pragaba-utazik","status":"publish","type":"post","link":"https:\/\/hotnewsinworld.com\/hu\/orban-viktor-pragaba-utazik\/","title":{"rendered":"Orb\u00e1n Viktor Pr\u00e1g\u00e1ba utazik"},"content":{"rendered":"<p>\tOrb\u00e1n Viktor minisztereln\u00f6k cs\u00fct\u00f6rt\u00f6k\u00f6n Pr\u00e1g\u00e1ba utazik, ahol r\u00e9szt vesz a visegr\u00e1di orsz\u00e1gok (V4) \u00e9s a Nyugat-Balk\u00e1n \u00e1llamainak cs\u00facstal\u00e1lkoz\u00f3j\u00e1n \u2013 t\u00e1j\u00e9koztatta az MTI-t Havasi Bertalan, a Minisztereln\u00f6ki Sajt\u00f3irod\u00e1t vezet\u0151 helyettes \u00e1llamtitk\u00e1r szerd\u00e1n.<br \/>\nAndrej Babis cseh korm\u00e1nyf\u0151 megh\u00edv\u00e1s\u00e1ra el\u0151sz\u00f6r k\u00fcl\u00f6n a V4-ek minisztereln\u00f6kei\u2026<\/p>\n<p>class=&#8221;line-title-with-image&#8221;&gt;Orb\u00e1n Viktor minisztereln\u00f6k cs\u00fct\u00f6rt\u00f6k\u00f6n Pr\u00e1g\u00e1ba utazik, ahol r\u00e9szt vesz a visegr\u00e1di orsz\u00e1gok (V4) \u00e9s a Nyugat-Balk\u00e1n \u00e1llamainak cs\u00facstal\u00e1lkoz\u00f3j\u00e1n \u2013 t\u00e1j\u00e9koztatta az MTI-t Havasi Bertalan, a Minisztereln\u00f6ki Sajt\u00f3irod\u00e1t vezet\u0151 helyettes \u00e1llamtitk\u00e1r.class=&#8221;&#8221;&gt;A magyar minisztereln\u00f6k a visegr\u00e1di orsz\u00e1gok \u00e9s a Nyugat-Balk\u00e1n \u00e1llamainak cs\u00facstal\u00e1lkoz\u00f3j\u00e1n vesz r\u00e9szt a cseh f\u0151v\u00e1rosban.class=&#8221;&#8221;&gt;A visegr\u00e1di \u00e9s a nyugat-balk\u00e1ni r\u00e9gi\u00f3 egy\u00fcttm\u0171k\u00f6d\u00e9s\u00e9nek er\u0151s\u00edt\u00e9s\u00e9r\u0151l t\u00e1rgyal.class=&#8221;line-title-with-image&#8221;&gt;Orb\u00e1n Viktor minisztereln\u00f6k cs\u00fct\u00f6rt\u00f6k\u00f6n Pr\u00e1g\u00e1ba utazik, ahol r\u00e9szt vesz a visegr\u00e1di orsz\u00e1gok (V4) \u00e9s a Nyugat-Balk\u00e1n \u00e1llamainak cs\u00facstal\u00e1lkoz\u00f3j\u00e1n &#8211; t\u00e1j\u00e9koztatta az MTI-t Havasi Bertalan, a Minisztereln\u00f6ki Sajt\u00f3irod\u00e1t vezet\u0151 helyettes \u00e1llamtitk\u00e1r szerd\u00e1n.class=&#8221;line-title-with-image&#8221;&gt;Orb\u00e1n Viktor minisztereln\u00f6k cs\u00fct\u00f6rt\u00f6k\u00f6n Pr\u00e1g\u00e1ba utazik, ahol r\u00e9szt vesz a visegr\u00e1di orsz\u00e1gok (V4) \u00e9s a Nyugat-Balk\u00e1n \u00e1llamainak cs\u00facstal\u00e1lkoz\u00f3j\u00e1n &#8211; t\u00e1j\u00e9koztatta az MTI-t Havasi Bertalan, a Minisztereln\u00f6ki Sajt\u00f3irod\u00e1t vezet\u0151 helyettes \u00e1llamtitk\u00e1r szerd\u00e1n.class=&#8221;line-title-with-image&#8221;&gt;class=&#8221;&#8221;&gt;Orb\u00e1n Viktor minisztereln\u00f6k cs\u00fct\u00f6rt\u00f6k\u00f6n Pr\u00e1g\u00e1ba utazik, ahol r\u00e9szt vesz a visegr\u00e1di orsz\u00e1gok (V4) \u00e9s a Nyugat-Balk\u00e1n \u00e1llamainak cs\u00facstal\u00e1lkoz\u00f3j\u00e1n &#8211; t\u00e1j\u00e9koztatta az MTI-t Havasi Bertalan, a Minisztereln\u00f6ki Sajt\u00f3irod\u00e1t vezet\u0151 helyettes \u00e1llamtitk\u00e1r szerd\u00e1n.class=&#8221;line-title-with-image&#8221;&gt;Orb\u00e1n Viktor minisztereln\u00f6k cs\u00fct\u00f6rt\u00f6k\u00f6n Pr\u00e1g\u00e1ba utazik, ahol r\u00e9szt vesz a visegr\u00e1di orsz\u00e1gok (V4) \u00e9s a Nyugat-Balk\u00e1n \u00e1llamainak cs\u00facstal\u00e1lkoz\u00f3j\u00e1n &#8211; k\u00f6z\u00f6lte Havasi Bertalan, a Minisztereln\u00f6ki Sajt\u00f3irod\u00e1t vezet\u0151 helyettes \u00e1llamtitk\u00e1r.class=&#8221;line-title-with-image&#8221;&gt;Orb\u00e1n Viktor minisztereln\u00f6k cs\u00fct\u00f6rt\u00f6k\u00f6n Pr\u00e1g\u00e1ba utazik, ahol r\u00e9szt vesz a visegr\u00e1di orsz\u00e1gok (V4) \u00e9s a Nyugat-Balk\u00e1n \u00e1llamainak cs\u00facstal\u00e1lkoz\u00f3j\u00e1n \u2013 t\u00e1j\u00e9koztatta az MTI-t Havasi Bertalan, a Minisztereln\u00f6ki Sajt\u00f3irod\u00e1t vezet\u0151 helyettes \u00e1llamtitk\u00e1r szerd\u00e1n.class=&#8221;line-title-with-image&#8221;&gt;Orb\u00e1n Viktor minisztereln\u00f6k cs\u00fct\u00f6rt\u00f6k\u00f6n Pr\u00e1g\u00e1ba utazik, ahol r\u00e9szt vesz a visegr\u00e1di orsz\u00e1gok (V4) \u00e9s a Nyugat-Balk\u00e1n \u00e1llamainak cs\u00facstal\u00e1lkoz\u00f3j\u00e1n \u2013 t\u00e1j\u00e9koztatta az MTI-t Havasi Bertalan, a Minisztereln\u00f6ki Sajt\u00f3irod\u00e1t vezet\u0151 helyettes \u00e1llamtitk\u00e1r szerd\u00e1n. Andrej Babis cseh korm\u00e1nyf\u0151 megh\u00edv\u00e1s\u00e1ra el\u0151sz\u00f6r k\u00fcl\u00f6n a V4-ek minisztereln\u00f6kei\u2026class=&#8221;line-title-with-image&#8221;&gt;Orb\u00e1n Viktor minisztereln\u00f6k cs\u00fct\u00f6rt\u00f6k\u00f6n Pr\u00e1g\u00e1ba utazik, ahol r\u00e9szt vesz a visegr\u00e1di orsz\u00e1gok (V4) \u00e9s a Nyugat-Balk\u00e1n \u00e1llamainak cs\u00facstal\u00e1lkoz\u00f3j\u00e1n &#8211; t\u00e1j\u00e9koztatta az MTI-t Havasi Bertalan, a Minisztereln\u00f6ki Sajt\u00f3irod\u00e1t vezet\u0151 helyettes \u00e1llamtitk\u00e1r szerd\u00e1n.class=&#8221;line-title-with-image&#8221;&gt;Orb\u00e1n Viktor r\u00e9szt vesz a visegr\u00e1di orsz\u00e1gok \u00e9s a Nyugat-Balk\u00e1n \u00e1llamainak cs\u00facstal\u00e1lkoz\u00f3j\u00e1n.class=&#8221;line-title-with-image&#8221;&gt;Orb\u00e1n Viktor minisztereln\u00f6k cs\u00fct\u00f6rt\u00f6k\u00f6n Pr\u00e1g\u00e1ba utazik, ahol r\u00e9szt vesz a visegr\ufffdclass=&#8221;line-title-with-image&#8221;&gt;A c\u00e9l sejtelmesen semmitmond\u00f3: az egy\u00fcttm\u0171k\u00f6d\u00e9s er\u0151s\u00edt\u00e9se.class=&#8221;line-title-with-image&#8221;&gt;A minisztereln\u00f6k r\u00e9szt vesz a visegr\u00e1di orsz\u00e1gok  \u00e9s a Nyugat-Balk\u00e1n \u00e1llamainak cs\u00facstal\u00e1lkoz\u00f3j\u00e1n.class=&#8221;line-title-with-image&#8221;&gt;R\u00e9szt vesz a V4 \u00e9s a Nyugat-Balk\u00e1n \u00e1llamainak cs\u00facstal\u00e1lkoz\u00f3j\u00e1n.class=&#8221;line-title-with-image&#8221;&gt;Orb\u00e1n Viktor minisztereln\u00f6k cs\u00fct\u00f6rt\u00f6k\u00f6n Pr\u00e1g\u00e1ba utazik, ahol r\u00e9szt vesz a visegr\u00e1di orsz\u00e1gok (V4) \u00e9s a Nyugat-Balk\u00e1n \u00e1llamainak cs\u00facstal\u00e1lkoz\u00f3j\u00e1n \u2013 t\u00e1j\u00e9koztatott &#8230;class=&#8221;line-title-with-image&#8221;&gt;Orb\u00e1n Viktor minisztereln\u00f6k cs\u00fct\u00f6rt\u00f6k\u00f6n Pr\u00e1g\u00e1ba utazik, ahol r\u00e9szt vesz a visegr\u00e1di orsz\u00e1gok (V4) \u00e9s a Nyugat-Balk\u00e1n \u00e1llamainak cs\u00facstal\u00e1lkoz\u00f3j\u00e1n &#8211; t\u00e1j\u00e9koztatta az MTI-t Havasi Bertalan, a Minisztereln\u00f6ki Sajt\u00f3irod\u00e1t vezet\u0151 helyettes \u00e1llamtitk\u00e1r szerd\u00e1n.<br \/>\n<br \/>\n<!--noindex--><br \/>\n<a href=\"https:\/\/hirek.oldal.info\/rssclick\/14389754\" rel=\"nofollow\">Source link <\/a><br \/>\n<!--\/noindex--><\/p>\n","protected":false},"excerpt":{"rendered":"<p>Orb\u00e1n Viktor minisztereln\u00f6k cs\u00fct\u00f6rt\u00f6k\u00f6n Pr\u00e1g\u00e1ba utazik, ahol r\u00e9szt vesz a visegr\u00e1di orsz\u00e1gok (V4) \u00e9s a Nyugat-Balk\u00e1n \u00e1llamainak cs\u00facstal\u00e1lkoz\u00f3j\u00e1n \u2013 t\u00e1j\u00e9koztatta az MTI-t Havasi Bertalan, a Minisztereln\u00f6ki Sajt\u00f3irod\u00e1t vezet\u0151 helyettes \u00e1llamtitk\u00e1r szerd\u00e1n. Andrej Babis cseh korm\u00e1nyf\u0151 megh\u00edv\u00e1s\u00e1ra el\u0151sz\u00f6r k\u00fcl\u00f6n a V4-ek minisztereln\u00f6kei\u2026 class=&#8221;line-title-with-image&#8221;&gt;Orb\u00e1n Viktor minisztereln\u00f6k cs\u00fct\u00f6rt\u00f6k\u00f6n Pr\u00e1g\u00e1ba utazik, ahol r\u00e9szt vesz a visegr\u00e1di orsz\u00e1gok (V4) \u00e9s [&hellip;]<\/p>\n","protected":false},"author":2,"featured_media":1936,"comment_status":"open","ping_status":"open","sticky":false,"template":"","format":"standard","meta":{"footnotes":""},"categories":[1],"tags":[],"class_list":["post-1935","post","type-post","status-publish","format-standard","has-post-thumbnail","hentry","category-legujabb-penzugyi-hirek"],"yoast_head":"<!-- This site is optimized with the Yoast SEO plugin v27.4 - https:\/\/yoast.com\/product\/yoast-seo-wordpress\/ -->\n<title>Orb\u00e1n Viktor Pr\u00e1g\u00e1ba utazik - Hot News in World<\/title>\n<meta name=\"robots\" content=\"index, follow, max-snippet:-1, max-image-preview:large, max-video-preview:-1\" \/>\n<link rel=\"canonical\" href=\"https:\/\/hotnewsinworld.com\/hu\/orban-viktor-pragaba-utazik\/\" \/>\n<meta property=\"og:locale\" content=\"hu_HU\" \/>\n<meta property=\"og:type\" content=\"article\" \/>\n<meta property=\"og:title\" content=\"Orb\u00e1n Viktor Pr\u00e1g\u00e1ba utazik - Hot News in World\" \/>\n<meta property=\"og:description\" content=\"Orb\u00e1n Viktor minisztereln\u00f6k cs\u00fct\u00f6rt\u00f6k\u00f6n Pr\u00e1g\u00e1ba utazik, ahol r\u00e9szt vesz a visegr\u00e1di orsz\u00e1gok (V4) \u00e9s a Nyugat-Balk\u00e1n \u00e1llamainak cs\u00facstal\u00e1lkoz\u00f3j\u00e1n \u2013 t\u00e1j\u00e9koztatta az MTI-t Havasi Bertalan, a Minisztereln\u00f6ki Sajt\u00f3irod\u00e1t vezet\u0151 helyettes \u00e1llamtitk\u00e1r szerd\u00e1n. Andrej Babis cseh korm\u00e1nyf\u0151 megh\u00edv\u00e1s\u00e1ra el\u0151sz\u00f6r k\u00fcl\u00f6n a V4-ek minisztereln\u00f6kei\u2026 class=&#8221;line-title-with-image&#8221;&gt;Orb\u00e1n Viktor minisztereln\u00f6k cs\u00fct\u00f6rt\u00f6k\u00f6n Pr\u00e1g\u00e1ba utazik, ahol r\u00e9szt vesz a visegr\u00e1di orsz\u00e1gok (V4) \u00e9s [&hellip;]\" \/>\n<meta property=\"og:url\" content=\"https:\/\/hotnewsinworld.com\/hu\/orban-viktor-pragaba-utazik\/\" \/>\n<meta property=\"og:site_name\" content=\"Hot News in World\" \/>\n<meta property=\"article:published_time\" content=\"2019-09-12T02:00:53+00:00\" \/>\n<meta property=\"article:modified_time\" content=\"2019-09-12T02:00:54+00:00\" \/>\n<meta property=\"og:image\" content=\"https:\/\/hotnewsinworld.com\/hu\/wp-content\/uploads\/sites\/3\/2019\/09\/Orb\u00e1n-Viktor-Pr\u00e1g\u00e1ba-utazik.jpg\" \/>\n\t<meta property=\"og:image:width\" content=\"600\" \/>\n\t<meta property=\"og:image:height\" content=\"315\" \/>\n\t<meta property=\"og:image:type\" content=\"image\/jpeg\" \/>\n<meta name=\"author\" content=\"hotnewsinworld\" \/>\n<meta name=\"twitter:card\" content=\"summary_large_image\" \/>\n<meta name=\"twitter:label1\" content=\"Szerz\u0151:\" \/>\n\t<meta name=\"twitter:data1\" content=\"hotnewsinworld\" \/>\n\t<meta name=\"twitter:label2\" content=\"Becs\u00fclt olvas\u00e1si id\u0151\" \/>\n\t<meta name=\"twitter:data2\" content=\"4 perc\" \/>\n<script type=\"application\/ld+json\" class=\"yoast-schema-graph\">{\"@context\":\"https:\\\/\\\/schema.org\",\"@graph\":[{\"@type\":\"Article\",\"@id\":\"https:\\\/\\\/hotnewsinworld.com\\\/hu\\\/orban-viktor-pragaba-utazik\\\/#article\",\"isPartOf\":{\"@id\":\"https:\\\/\\\/hotnewsinworld.com\\\/hu\\\/orban-viktor-pragaba-utazik\\\/\"},\"author\":{\"name\":\"hotnewsinworld\",\"@id\":\"https:\\\/\\\/hotnewsinworld.com\\\/hu\\\/#\\\/schema\\\/person\\\/fe61448b21c0d59086e75fcc1f9d8f6b\"},\"headline\":\"Orb\u00e1n Viktor Pr\u00e1g\u00e1ba utazik\",\"datePublished\":\"2019-09-12T02:00:53+00:00\",\"dateModified\":\"2019-09-12T02:00:54+00:00\",\"mainEntityOfPage\":{\"@id\":\"https:\\\/\\\/hotnewsinworld.com\\\/hu\\\/orban-viktor-pragaba-utazik\\\/\"},\"wordCount\":809,\"commentCount\":0,\"image\":{\"@id\":\"https:\\\/\\\/hotnewsinworld.com\\\/hu\\\/orban-viktor-pragaba-utazik\\\/#primaryimage\"},\"thumbnailUrl\":\"https:\\\/\\\/hotnewsinworld.com\\\/hu\\\/wp-content\\\/uploads\\\/sites\\\/3\\\/2019\\\/09\\\/Orb\u00e1n-Viktor-Pr\u00e1g\u00e1ba-utazik.jpg\",\"articleSection\":[\"LEG\u00daJABB P\u00c9NZ\u00dcGYI H\u00cdREK\"],\"inLanguage\":\"hu\",\"potentialAction\":[{\"@type\":\"CommentAction\",\"name\":\"Comment\",\"target\":[\"https:\\\/\\\/hotnewsinworld.com\\\/hu\\\/orban-viktor-pragaba-utazik\\\/#respond\"]}]},{\"@type\":\"WebPage\",\"@id\":\"https:\\\/\\\/hotnewsinworld.com\\\/hu\\\/orban-viktor-pragaba-utazik\\\/\",\"url\":\"https:\\\/\\\/hotnewsinworld.com\\\/hu\\\/orban-viktor-pragaba-utazik\\\/\",\"name\":\"Orb\u00e1n Viktor Pr\u00e1g\u00e1ba utazik - Hot News in World\",\"isPartOf\":{\"@id\":\"https:\\\/\\\/hotnewsinworld.com\\\/hu\\\/#website\"},\"primaryImageOfPage\":{\"@id\":\"https:\\\/\\\/hotnewsinworld.com\\\/hu\\\/orban-viktor-pragaba-utazik\\\/#primaryimage\"},\"image\":{\"@id\":\"https:\\\/\\\/hotnewsinworld.com\\\/hu\\\/orban-viktor-pragaba-utazik\\\/#primaryimage\"},\"thumbnailUrl\":\"https:\\\/\\\/hotnewsinworld.com\\\/hu\\\/wp-content\\\/uploads\\\/sites\\\/3\\\/2019\\\/09\\\/Orb\u00e1n-Viktor-Pr\u00e1g\u00e1ba-utazik.jpg\",\"datePublished\":\"2019-09-12T02:00:53+00:00\",\"dateModified\":\"2019-09-12T02:00:54+00:00\",\"author\":{\"@id\":\"https:\\\/\\\/hotnewsinworld.com\\\/hu\\\/#\\\/schema\\\/person\\\/fe61448b21c0d59086e75fcc1f9d8f6b\"},\"breadcrumb\":{\"@id\":\"https:\\\/\\\/hotnewsinworld.com\\\/hu\\\/orban-viktor-pragaba-utazik\\\/#breadcrumb\"},\"inLanguage\":\"hu\",\"potentialAction\":[{\"@type\":\"ReadAction\",\"target\":[\"https:\\\/\\\/hotnewsinworld.com\\\/hu\\\/orban-viktor-pragaba-utazik\\\/\"]}]},{\"@type\":\"ImageObject\",\"inLanguage\":\"hu\",\"@id\":\"https:\\\/\\\/hotnewsinworld.com\\\/hu\\\/orban-viktor-pragaba-utazik\\\/#primaryimage\",\"url\":\"https:\\\/\\\/hotnewsinworld.com\\\/hu\\\/wp-content\\\/uploads\\\/sites\\\/3\\\/2019\\\/09\\\/Orb\u00e1n-Viktor-Pr\u00e1g\u00e1ba-utazik.jpg\",\"contentUrl\":\"https:\\\/\\\/hotnewsinworld.com\\\/hu\\\/wp-content\\\/uploads\\\/sites\\\/3\\\/2019\\\/09\\\/Orb\u00e1n-Viktor-Pr\u00e1g\u00e1ba-utazik.jpg\",\"width\":600,\"height\":315,\"caption\":\"Orb\u00e1n Viktor Pr\u00e1g\u00e1ba utazik\"},{\"@type\":\"BreadcrumbList\",\"@id\":\"https:\\\/\\\/hotnewsinworld.com\\\/hu\\\/orban-viktor-pragaba-utazik\\\/#breadcrumb\",\"itemListElement\":[{\"@type\":\"ListItem\",\"position\":1,\"name\":\"\u0413\u043b\u0430\u0432\u043d\u0430\u044f \u0441\u0442\u0440\u0430\u043d\u0438\u0446\u0430\",\"item\":\"https:\\\/\\\/hotnewsinworld.com\\\/hu\\\/\"},{\"@type\":\"ListItem\",\"position\":2,\"name\":\"Orb\u00e1n Viktor Pr\u00e1g\u00e1ba utazik\"}]},{\"@type\":\"WebSite\",\"@id\":\"https:\\\/\\\/hotnewsinworld.com\\\/hu\\\/#website\",\"url\":\"https:\\\/\\\/hotnewsinworld.com\\\/hu\\\/\",\"name\":\"Hot News in World\",\"description\":\"Hot News in World from Hungary\",\"potentialAction\":[{\"@type\":\"SearchAction\",\"target\":{\"@type\":\"EntryPoint\",\"urlTemplate\":\"https:\\\/\\\/hotnewsinworld.com\\\/hu\\\/?s={search_term_string}\"},\"query-input\":{\"@type\":\"PropertyValueSpecification\",\"valueRequired\":true,\"valueName\":\"search_term_string\"}}],\"inLanguage\":\"hu\"},{\"@type\":\"Person\",\"@id\":\"https:\\\/\\\/hotnewsinworld.com\\\/hu\\\/#\\\/schema\\\/person\\\/fe61448b21c0d59086e75fcc1f9d8f6b\",\"name\":\"hotnewsinworld\",\"image\":{\"@type\":\"ImageObject\",\"inLanguage\":\"hu\",\"@id\":\"https:\\\/\\\/secure.gravatar.com\\\/avatar\\\/8a09ac165600ce2e1c38fe593c63928eb1e6e7ba5c5a907d67787c41b3d00c14?s=96&d=mm&r=g\",\"url\":\"https:\\\/\\\/secure.gravatar.com\\\/avatar\\\/8a09ac165600ce2e1c38fe593c63928eb1e6e7ba5c5a907d67787c41b3d00c14?s=96&d=mm&r=g\",\"contentUrl\":\"https:\\\/\\\/secure.gravatar.com\\\/avatar\\\/8a09ac165600ce2e1c38fe593c63928eb1e6e7ba5c5a907d67787c41b3d00c14?s=96&d=mm&r=g\",\"caption\":\"hotnewsinworld\"},\"url\":\"https:\\\/\\\/hotnewsinworld.com\\\/hu\\\/author\\\/pt\\\/\"}]}<\/script>\n<!-- \/ Yoast SEO plugin. -->","yoast_head_json":{"title":"Orb\u00e1n Viktor Pr\u00e1g\u00e1ba utazik - Hot News in World","robots":{"index":"index","follow":"follow","max-snippet":"max-snippet:-1","max-image-preview":"max-image-preview:large","max-video-preview":"max-video-preview:-1"},"canonical":"https:\/\/hotnewsinworld.com\/hu\/orban-viktor-pragaba-utazik\/","og_locale":"hu_HU","og_type":"article","og_title":"Orb\u00e1n Viktor Pr\u00e1g\u00e1ba utazik - Hot News in World","og_description":"Orb\u00e1n Viktor minisztereln\u00f6k cs\u00fct\u00f6rt\u00f6k\u00f6n Pr\u00e1g\u00e1ba utazik, ahol r\u00e9szt vesz a visegr\u00e1di orsz\u00e1gok (V4) \u00e9s a Nyugat-Balk\u00e1n \u00e1llamainak cs\u00facstal\u00e1lkoz\u00f3j\u00e1n \u2013 t\u00e1j\u00e9koztatta az MTI-t Havasi Bertalan, a Minisztereln\u00f6ki Sajt\u00f3irod\u00e1t vezet\u0151 helyettes \u00e1llamtitk\u00e1r szerd\u00e1n. Andrej Babis cseh korm\u00e1nyf\u0151 megh\u00edv\u00e1s\u00e1ra el\u0151sz\u00f6r k\u00fcl\u00f6n a V4-ek minisztereln\u00f6kei\u2026 class=&#8221;line-title-with-image&#8221;&gt;Orb\u00e1n Viktor minisztereln\u00f6k cs\u00fct\u00f6rt\u00f6k\u00f6n Pr\u00e1g\u00e1ba utazik, ahol r\u00e9szt vesz a visegr\u00e1di orsz\u00e1gok (V4) \u00e9s [&hellip;]","og_url":"https:\/\/hotnewsinworld.com\/hu\/orban-viktor-pragaba-utazik\/","og_site_name":"Hot News in World","article_published_time":"2019-09-12T02:00:53+00:00","article_modified_time":"2019-09-12T02:00:54+00:00","og_image":[{"width":600,"height":315,"url":"https:\/\/hotnewsinworld.com\/hu\/wp-content\/uploads\/sites\/3\/2019\/09\/Orb\u00e1n-Viktor-Pr\u00e1g\u00e1ba-utazik.jpg","type":"image\/jpeg"}],"author":"hotnewsinworld","twitter_card":"summary_large_image","twitter_misc":{"Szerz\u0151:":"hotnewsinworld","Becs\u00fclt olvas\u00e1si id\u0151":"4 perc"},"schema":{"@context":"https:\/\/schema.org","@graph":[{"@type":"Article","@id":"https:\/\/hotnewsinworld.com\/hu\/orban-viktor-pragaba-utazik\/#article","isPartOf":{"@id":"https:\/\/hotnewsinworld.com\/hu\/orban-viktor-pragaba-utazik\/"},"author":{"name":"hotnewsinworld","@id":"https:\/\/hotnewsinworld.com\/hu\/#\/schema\/person\/fe61448b21c0d59086e75fcc1f9d8f6b"},"headline":"Orb\u00e1n Viktor Pr\u00e1g\u00e1ba utazik","datePublished":"2019-09-12T02:00:53+00:00","dateModified":"2019-09-12T02:00:54+00:00","mainEntityOfPage":{"@id":"https:\/\/hotnewsinworld.com\/hu\/orban-viktor-pragaba-utazik\/"},"wordCount":809,"commentCount":0,"image":{"@id":"https:\/\/hotnewsinworld.com\/hu\/orban-viktor-pragaba-utazik\/#primaryimage"},"thumbnailUrl":"https:\/\/hotnewsinworld.com\/hu\/wp-content\/uploads\/sites\/3\/2019\/09\/Orb\u00e1n-Viktor-Pr\u00e1g\u00e1ba-utazik.jpg","articleSection":["LEG\u00daJABB P\u00c9NZ\u00dcGYI H\u00cdREK"],"inLanguage":"hu","potentialAction":[{"@type":"CommentAction","name":"Comment","target":["https:\/\/hotnewsinworld.com\/hu\/orban-viktor-pragaba-utazik\/#respond"]}]},{"@type":"WebPage","@id":"https:\/\/hotnewsinworld.com\/hu\/orban-viktor-pragaba-utazik\/","url":"https:\/\/hotnewsinworld.com\/hu\/orban-viktor-pragaba-utazik\/","name":"Orb\u00e1n Viktor Pr\u00e1g\u00e1ba utazik - Hot News in World","isPartOf":{"@id":"https:\/\/hotnewsinworld.com\/hu\/#website"},"primaryImageOfPage":{"@id":"https:\/\/hotnewsinworld.com\/hu\/orban-viktor-pragaba-utazik\/#primaryimage"},"image":{"@id":"https:\/\/hotnewsinworld.com\/hu\/orban-viktor-pragaba-utazik\/#primaryimage"},"thumbnailUrl":"https:\/\/hotnewsinworld.com\/hu\/wp-content\/uploads\/sites\/3\/2019\/09\/Orb\u00e1n-Viktor-Pr\u00e1g\u00e1ba-utazik.jpg","datePublished":"2019-09-12T02:00:53+00:00","dateModified":"2019-09-12T02:00:54+00:00","author":{"@id":"https:\/\/hotnewsinworld.com\/hu\/#\/schema\/person\/fe61448b21c0d59086e75fcc1f9d8f6b"},"breadcrumb":{"@id":"https:\/\/hotnewsinworld.com\/hu\/orban-viktor-pragaba-utazik\/#breadcrumb"},"inLanguage":"hu","potentialAction":[{"@type":"ReadAction","target":["https:\/\/hotnewsinworld.com\/hu\/orban-viktor-pragaba-utazik\/"]}]},{"@type":"ImageObject","inLanguage":"hu","@id":"https:\/\/hotnewsinworld.com\/hu\/orban-viktor-pragaba-utazik\/#primaryimage","url":"https:\/\/hotnewsinworld.com\/hu\/wp-content\/uploads\/sites\/3\/2019\/09\/Orb\u00e1n-Viktor-Pr\u00e1g\u00e1ba-utazik.jpg","contentUrl":"https:\/\/hotnewsinworld.com\/hu\/wp-content\/uploads\/sites\/3\/2019\/09\/Orb\u00e1n-Viktor-Pr\u00e1g\u00e1ba-utazik.jpg","width":600,"height":315,"caption":"Orb\u00e1n Viktor Pr\u00e1g\u00e1ba utazik"},{"@type":"BreadcrumbList","@id":"https:\/\/hotnewsinworld.com\/hu\/orban-viktor-pragaba-utazik\/#breadcrumb","itemListElement":[{"@type":"ListItem","position":1,"name":"\u0413\u043b\u0430\u0432\u043d\u0430\u044f \u0441\u0442\u0440\u0430\u043d\u0438\u0446\u0430","item":"https:\/\/hotnewsinworld.com\/hu\/"},{"@type":"ListItem","position":2,"name":"Orb\u00e1n Viktor Pr\u00e1g\u00e1ba utazik"}]},{"@type":"WebSite","@id":"https:\/\/hotnewsinworld.com\/hu\/#website","url":"https:\/\/hotnewsinworld.com\/hu\/","name":"Hot News in World","description":"Hot News in World from Hungary","potentialAction":[{"@type":"SearchAction","target":{"@type":"EntryPoint","urlTemplate":"https:\/\/hotnewsinworld.com\/hu\/?s={search_term_string}"},"query-input":{"@type":"PropertyValueSpecification","valueRequired":true,"valueName":"search_term_string"}}],"inLanguage":"hu"},{"@type":"Person","@id":"https:\/\/hotnewsinworld.com\/hu\/#\/schema\/person\/fe61448b21c0d59086e75fcc1f9d8f6b","name":"hotnewsinworld","image":{"@type":"ImageObject","inLanguage":"hu","@id":"https:\/\/secure.gravatar.com\/avatar\/8a09ac165600ce2e1c38fe593c63928eb1e6e7ba5c5a907d67787c41b3d00c14?s=96&d=mm&r=g","url":"https:\/\/secure.gravatar.com\/avatar\/8a09ac165600ce2e1c38fe593c63928eb1e6e7ba5c5a907d67787c41b3d00c14?s=96&d=mm&r=g","contentUrl":"https:\/\/secure.gravatar.com\/avatar\/8a09ac165600ce2e1c38fe593c63928eb1e6e7ba5c5a907d67787c41b3d00c14?s=96&d=mm&r=g","caption":"hotnewsinworld"},"url":"https:\/\/hotnewsinworld.com\/hu\/author\/pt\/"}]}},"_links":{"self":[{"href":"https:\/\/hotnewsinworld.com\/hu\/wp-json\/wp\/v2\/posts\/1935","targetHints":{"allow":["GET"]}}],"collection":[{"href":"https:\/\/hotnewsinworld.com\/hu\/wp-json\/wp\/v2\/posts"}],"about":[{"href":"https:\/\/hotnewsinworld.com\/hu\/wp-json\/wp\/v2\/types\/post"}],"author":[{"embeddable":true,"href":"https:\/\/hotnewsinworld.com\/hu\/wp-json\/wp\/v2\/users\/2"}],"replies":[{"embeddable":true,"href":"https:\/\/hotnewsinworld.com\/hu\/wp-json\/wp\/v2\/comments?post=1935"}],"version-history":[{"count":1,"href":"https:\/\/hotnewsinworld.com\/hu\/wp-json\/wp\/v2\/posts\/1935\/revisions"}],"predecessor-version":[{"id":1937,"href":"https:\/\/hotnewsinworld.com\/hu\/wp-json\/wp\/v2\/posts\/1935\/revisions\/1937"}],"wp:featuredmedia":[{"embeddable":true,"href":"https:\/\/hotnewsinworld.com\/hu\/wp-json\/wp\/v2\/media\/1936"}],"wp:attachment":[{"href":"https:\/\/hotnewsinworld.com\/hu\/wp-json\/wp\/v2\/media?parent=1935"}],"wp:term":[{"taxonomy":"category","embeddable":true,"href":"https:\/\/hotnewsinworld.com\/hu\/wp-json\/wp\/v2\/categories?post=1935"},{"taxonomy":"post_tag","embeddable":true,"href":"https:\/\/hotnewsinworld.com\/hu\/wp-json\/wp\/v2\/tags?post=1935"}],"curies":[{"name":"wp","href":"https:\/\/api.w.org\/{rel}","templated":true}]}}