{"id":1938,"date":"2019-09-12T06:48:47","date_gmt":"2019-09-12T03:48:47","guid":{"rendered":"https:\/\/hotnewsinworld.com\/hu\/egyszerre-mennyiseg-es-minoseg-magyar-nemzet\/"},"modified":"2019-09-12T06:48:48","modified_gmt":"2019-09-12T03:48:48","slug":"egyszerre-mennyiseg-es-minoseg-magyar-nemzet","status":"publish","type":"post","link":"https:\/\/hotnewsinworld.com\/hu\/egyszerre-mennyiseg-es-minoseg-magyar-nemzet\/","title":{"rendered":"Egyszerre mennyis\u00e9g \u00e9s min\u0151s\u00e9g | Magyar Nemzet"},"content":{"rendered":"<p>\t\t\t\t\tA cikk emailben t\u00f6rt\u00e9n\u0151 elk\u00fcld\u00e9s\u00e9hez kattintson ide, vagy m\u00e1solja le \u00e9s k\u00fcldje el ezt a linket: https:\/\/magyarnemzet.hu\/sport\/egyszerre-mennyiseg-es-minoseg-7292936\/<\/p>\n<p>\t\t\t\t\t2019. szeptember 12. cs\u00fct\u00f6rt\u00f6k 05:40<\/p>\n<p>\t\t\t\t\t\tKocsis M\u00e1t\u00e9 rem\u00e9nyei szerint minden eddigin\u00e9l sz\u00e9lesebb k\u00f6r\u0171 tehets\u00e9gkutat\u00f3 program indul\t\t\t\t\t<\/p>\n<p>\t\t\t\t\t\t\t\tJav\u00e1ban zajlik a f\u00e9rfi- \u00e9s a n\u0151i bajnoks\u00e1g, nyakunkon a n\u0151i v\u00e1logatott Eb-selejtez\u0151je, az \u00e9v v\u00e9g\u00e9n olimpiai kvalifik\u00e1ci\u00f3s vil\u00e1gbajnoks\u00e1gon lesz\u00fcnk \u00e9rdekeltek. A Magyar K\u00e9zilabda-sz\u00f6vets\u00e9g eln\u00f6ke, Kocsis M\u00e1t\u00e9 seg\u00edts\u00e9g\u00e9vel arra is kerest\u00fck a v\u00e1laszt, hogy az ut\u00e1np\u00f3tl\u00e1s-eredm\u00e9nyek ut\u00e1n \u00e9rdemes-e rem\u00e9nykedn\u00fcnk egy \u00faj, sikeres gener\u00e1ci\u00f3ban, vajon kock\u00e1zatos l\u00e9p\u00e9snek tekinthet\u0151 a f\u00e9rfi kapit\u00e1nyok lev\u00e1lt\u00e1sa \u00e9s mik\u00e9nt profit\u00e1lt a sport\u00e1g a tao-rendszer megjelen\u00e9s\u00e9b\u0151l.\t\t\t\t\t\t\t<\/p>\n<p>\t\t\t\t\t\u2013 Az ut\u00f3bbi k\u00e9t \u00e9vben sikert sikerre halmozott a n\u0151i k\u00e9zilabda szak\u00e1g: tavaly junior vb-t, serd\u00fcl\u0151 Eb-t nyert, megsp\u00e9kelve egy ifj\u00fas\u00e1gi vb-n el\u00e9rt ez\u00fcst\u00e9remmel. Id\u00e9n a junior Eb \u00e9s az U17-es Eb is magyar gy\u0151zelemmel z\u00e1rult. Egy orsz\u00e1g rem\u00e9li, hogy beteljes\u00fcl P\u00e1linger Katalin aleln\u00f6k j\u00f3slata, \u00e9s 2024-ben lehet olimpiai \u00e9remes\u00e9lyes n\u0151i csapatunk. \u00d6n is ilyen der\u0171l\u00e1t\u00f3?\u2013 Egyet\u00e9rtek aleln\u00f6k asszonnyal, mert re\u00e1lis, hogy a jelenlegi v\u00e1logatott meghat\u00e1roz\u00f3 j\u00e1t\u00e9kosai \u00fct\u0151k\u00e9pes csapatot alkossanak, kieg\u00e9sz\u00fclve a k\u00f6vetkez\u0151 gener\u00e1ci\u00f3k legtehets\u00e9gesebb k\u00e9pvisel\u0151ivel. Az ut\u00e1np\u00f3tl\u00e1s-sikerekb\u0151l ered az a feladatunk is, hogy akik ma koroszt\u00e1lyuk legjobbjai, mindent megkapjanak ahhoz, hogy a feln\u0151ttek mez\u0151ny\u00e9ben, vil\u00e1gklasszisok k\u00f6z\u00f6tt is meg\u00e1llj\u00e1k a hely\u00fcket. Ez k\u00f6z\u00f6s felel\u0151ss\u00e9g\u00fcnk: a sz\u00f6vets\u00e9g\u00e9, a klubok\u00e9 \u00e9s maguk\u00e9 a j\u00e1t\u00e9kosok\u00e9.<br \/>\n\u2013 Vajon mi lehet az oka annak, hogy a n\u0151k m\u00e1r fiatalon kiteljesednek, m\u00edg a f\u00e9rfiak ut\u00e1np\u00f3tl\u00e1s \u2013 \u00e9s tal\u00e1n feln\u0151tt \u2013 szinten is ad\u00f3sak a kiv\u00e1l\u00f3 eredm\u00e9nyekkel?\u2013 Serd\u00fcl\u0151-v\u00e1logatottunk az Eur\u00f3pa-bajnoks\u00e1gon, az ifj\u00fas\u00e1gi csapat pedig a vil\u00e1gbajnoks\u00e1gon z\u00e1rt az \u00f6t\u00f6dik helyen. Erre sok sport\u00e1g b\u00fcszke lenne, \u00edgy van mire \u00e9p\u00edten\u00fcnk a f\u00e9rfiszak\u00e1gban is, de l\u00e1tjuk a feladatokat. Seg\u00edten\u00fcnk kell \u0151ket a szakmai d\u00f6nt\u00e9seikben, mert a c\u00e9l az, hogy a feln\u0151ttek mez\u0151ny\u00e9ben is megtal\u00e1lj\u00e1k a hely\u00fcket. Ez azt is jelenti, nem szabad semminek megt\u00f6rnie, amikor elhagyj\u00e1k az ut\u00e1np\u00f3tl\u00e1svil\u00e1got. Ebben sok t\u00e9nyez\u0151 szerepet j\u00e1tszhat: a klubok, az edz\u0151k, az \u00e9letm\u00f3d, a p\u00e9nz. M\u00e1r mindk\u00e9t szak\u00e1gban m\u0171k\u00f6dik az Elit programunk, de rem\u00e9nyeink szerint a k\u00f6zelj\u00f6v\u0151ben minden eddigin\u00e9l sz\u00e9lesebb k\u00f6r\u0171 tehets\u00e9ggondoz\u00f3 program indulhat, ahol erre is k\u00e9sz\u00edtj\u00fck fel a j\u00e1t\u00e9kosokat. Persze az eredm\u00e9nyess\u00e9g f\u00fcgg att\u00f3l a senki \u00e1ltal nem befoly\u00e1solhat\u00f3 jelens\u00e9gt\u0151l is, hogy sz\u00fclettek-e egy koroszt\u00e1lyban olyan gyerekek, akik kiemelked\u0151 tehets\u00e9g\u00fckn\u00e9l fogva \u201earanygener\u00e1ci\u00f3v\u00e1\u201d v\u00e1lhatnak. A l\u00e1nyokn\u00e1l erre most j\u00f3val nagyobb es\u00e9ly l\u00e1tszik, mint a fi\u00fakn\u00e1l.<br \/>\n\u2013 Nem tartotta kock\u00e1zatos l\u00e9p\u00e9snek a kapit\u00e1nycser\u00e9t a f\u00e9rfiakn\u00e1l? Mi sz\u00f3lt a v\u00e1lt\u00e1s mellett?\u2013 A mindenkori sz\u00f6vets\u00e9gi kapit\u00e1ny szem\u00e9lye szakmai k\u00e9rd\u00e9s, javaslatot mindig a szakmai aleln\u00f6k tesz. \u00c1prilis \u00f3ta Nagy L\u00e1szl\u00f3 aleln\u00f6k felel\u0151s a f\u00e9rfiszak\u00e1g\u00e9rt, az eln\u00f6ks\u00e9g azonosult a javaslat\u00e1val, koncepci\u00f3j\u00e1val. Hisz\u00fcnk benne, hogy a jelenlegi szakmai st\u00e1b a 2022-es magyarorsz\u00e1gi Eb-re versenyk\u00e9pes csapatot \u00e9p\u00edt. Nagy L\u00e1szl\u00f3 ezt \u00edg\u00e9rte, \u00e9s elsz\u00e1nt ebben a k\u00e9rd\u00e9sben.<br \/>\nA 2022-es f\u00e9rfi-Eb-n versenyk\u00e9pes csapatot szeretne l\u00e1tniFot\u00f3: Tekn\u0151s Mikl\u00f3s<br \/>\n\u2013 A k\u00e9zilabda-sz\u00f6vets\u00e9g kiemelten, bizotts\u00e1gi szinten kezeli a sport\u00e1gba \u00e1raml\u00f3 t\u00e1rsas\u00e1gi ad\u00f3 (tao) ig\u00e9nyl\u00e9s\u00e9t \u00e9s felhaszn\u00e1l\u00e1s\u00e1t. A l\u00e1tv\u00e1nysport\u00e1gak h\u00e1torsz\u00e1g\u00e1ra is meghat\u00e1roz\u00f3an hatott a tao. A k\u00e9zilabd\u00e1z\u00f3 fiatalok sz\u00e1ma \u00e9s a l\u00e9tes\u00edtm\u00e9nyhelyzet mik\u00e9nt v\u00e1ltozott a tao-t\u00e1mogat\u00e1s bevezet\u00e9se \u00f3ta?\u2013 \u00d3ri\u00e1si v\u00e1ltoz\u00e1s t\u00f6rt\u00e9nt: k\u00f6zel n\u00e9gyszeres\u00e9re emelkedett a fiatal j\u00e1t\u00e9kosok sz\u00e1ma a tao bel\u00e9p\u00e9se \u00f3ta, \u00e9s sokat javult a l\u00e9tes\u00edtm\u00e9nyhelyzet is. Jelenleg 86 ezer igazolt k\u00e9zilabd\u00e1z\u00f3 van Magyarorsz\u00e1gon, ebb\u0151l 68 ezren az ut\u00e1np\u00f3tl\u00e1sban j\u00e1tszanak. Mindezzel eur\u00f3pai \u00f6sszevet\u00e9sben az \u00e9lmez\u0151nybe tartozunk, k\u00f6zvetlen\u00fcl Franciaorsz\u00e1g \u00e9s N\u00e9metorsz\u00e1g \u2013 azaz j\u00f3val nagyobb l\u00e9leksz\u00e1m\u00fa orsz\u00e1gok \u2013 ut\u00e1n. A ta\u00f3nak \u00e9s a sportfejleszt\u00e9si programoknak k\u00f6sz\u00f6nhet\u0151en hetven l\u00e9tes\u00edtm\u00e9ny \u00e9p\u00fclt vagy \u00e9p\u00fcl, sz\u00e1mos csarnok \u00fajult meg, az infrastrukt\u00fara-fejleszt\u00e9s nagys\u00e1grendileg h\u00e1romsz\u00e1z beruh\u00e1z\u00e1st \u00e9rint. Most indul a tornaterem-fel\u00faj\u00edt\u00e1si programunk hatodik \u00fcteme, \u00e9s \u00e9p\u00fclnek a k\u00fclt\u00e9ri p\u00e1ly\u00e1k is. Az infrastruktur\u00e1lis felt\u00e9teleket a korm\u00e1ny megteremtette, most a szakm\u00e1n a sor.<br \/>\n\u2013 A sport\u00e1gi piramis alj\u00e1n teh\u00e1t sz\u00e9lesedik a k\u00e9zilabda t\u00f6megb\u00e1zisa. Milyen felz\u00e1rk\u00f3ztat\u00f3 programot k\u00edn\u00e1l a sz\u00f6vets\u00e9g? \u00c1prilisban tov\u00e1bbi n\u00e9gy \u00e9vre kapott bizalmat az MKSZ tags\u00e1g\u00e1t\u00f3l. Mit tekint a programja alapk\u00f6v\u00e9nek?\u2013 Miut\u00e1n m\u00e1r er\u0151s alapokkal rendelkez\u00fcnk, arra tettem javaslatot a k\u00fcld\u00f6ttgy\u0171l\u00e9sen, hogy a min\u0151s\u00e9gre helyezz\u00fcnk m\u00e9g nagyobb hangs\u00falyt. J\u00f3, hogy 86 ezren k\u00e9zilabd\u00e1znak, de k\u00f6z\u00fcl\u00fck kell tal\u00e1lni legal\u00e1bb h\u00e9t olyan j\u00e1t\u00e9kost, akik 2020 \u00e9s 2030 k\u00f6z\u00f6tt \u00e9rmeket is hoznak az orsz\u00e1gnak. \u00dagy l\u00e1tom, ebben sem \u00e1llunk rosszul. Hadd kanyarodjak vissza az ut\u00e1np\u00f3tl\u00e1ssikerekhez: id\u00e9n a n\u0151i ifj\u00fas\u00e1gi v\u00e1logatott megnyerte az U17-es Eur\u00f3pa-bajnoks\u00e1got, a koroszt\u00e1ly m\u00e1sik csapata \u2013 teh\u00e1t azok, akik nem f\u00e9rtek be az ifi Eb-keretbe \u2013 pedig bronz\u00e9rmes lett az Eur\u00f3pai Ifj\u00fas\u00e1gi Olimpiai Fesztiv\u00e1lon. Az A keret k\u00e9t\u00e9ves versenyz\u00e9se alatt egyetlenegyszer sem szenvedett veres\u00e9get, sem a serd\u00fcl\u0151, sem az ifj\u00fas\u00e1gi Eb-n, sem a felk\u00e9sz\u00fcl\u00e9si m\u00e9rk\u0151z\u00e9seken. Ez az els\u0151 olyan koroszt\u00e1ly, amelynek a v\u00e1logatott-keret\u00e9t m\u00e1r k\u00f6zpontilag, \u00faj m\u00f3dszerekkel v\u00e1lasztotta ki \u00e9s kezdte el versenyeztetni a sz\u00f6vets\u00e9g szakmai st\u00e1bja. Mindemellett a t\u00f6megsport sem szorul h\u00e1tt\u00e9rbe: a K\u00e9zilabda az iskol\u00e1ban program p\u00e9ld\u00e1ul t\u00f6bb mint 150 int\u00e9zm\u00e9nyben van jelen, \u00edgy t\u00f6bb ezer gyermeket ismertet meg a sport\u00e1ggal.<\/p>\n<p>\n<!--noindex--><br \/>\n<a href=\"https:\/\/hirek.oldal.info\/rssclick\/14389863\" rel=\"nofollow\">Source link <\/a><br \/>\n<!--\/noindex--><\/p>\n","protected":false},"excerpt":{"rendered":"<p>A cikk emailben t\u00f6rt\u00e9n\u0151 elk\u00fcld\u00e9s\u00e9hez kattintson ide, vagy m\u00e1solja le \u00e9s k\u00fcldje el ezt a linket: https:\/\/magyarnemzet.hu\/sport\/egyszerre-mennyiseg-es-minoseg-7292936\/ 2019. szeptember 12. cs\u00fct\u00f6rt\u00f6k 05:40 Kocsis M\u00e1t\u00e9 rem\u00e9nyei szerint minden eddigin\u00e9l sz\u00e9lesebb k\u00f6r\u0171 tehets\u00e9gkutat\u00f3 program indul Jav\u00e1ban zajlik a f\u00e9rfi- \u00e9s a n\u0151i bajnoks\u00e1g, nyakunkon a n\u0151i v\u00e1logatott Eb-selejtez\u0151je, az \u00e9v v\u00e9g\u00e9n olimpiai kvalifik\u00e1ci\u00f3s vil\u00e1gbajnoks\u00e1gon lesz\u00fcnk \u00e9rdekeltek. A [&hellip;]<\/p>\n","protected":false},"author":2,"featured_media":1939,"comment_status":"open","ping_status":"open","sticky":false,"template":"","format":"standard","meta":{"footnotes":""},"categories":[1],"tags":[],"class_list":["post-1938","post","type-post","status-publish","format-standard","has-post-thumbnail","hentry","category-legujabb-penzugyi-hirek"],"yoast_head":"<!-- This site is optimized with the Yoast SEO plugin v27.4 - https:\/\/yoast.com\/product\/yoast-seo-wordpress\/ -->\n<title>Egyszerre mennyis\u00e9g \u00e9s min\u0151s\u00e9g | Magyar Nemzet - Hot News in World<\/title>\n<meta name=\"robots\" content=\"index, follow, max-snippet:-1, max-image-preview:large, max-video-preview:-1\" \/>\n<link rel=\"canonical\" href=\"https:\/\/hotnewsinworld.com\/hu\/egyszerre-mennyiseg-es-minoseg-magyar-nemzet\/\" \/>\n<meta property=\"og:locale\" content=\"hu_HU\" \/>\n<meta property=\"og:type\" content=\"article\" \/>\n<meta property=\"og:title\" content=\"Egyszerre mennyis\u00e9g \u00e9s min\u0151s\u00e9g | Magyar Nemzet - Hot News in World\" \/>\n<meta property=\"og:description\" content=\"A cikk emailben t\u00f6rt\u00e9n\u0151 elk\u00fcld\u00e9s\u00e9hez kattintson ide, vagy m\u00e1solja le \u00e9s k\u00fcldje el ezt a linket: https:\/\/magyarnemzet.hu\/sport\/egyszerre-mennyiseg-es-minoseg-7292936\/ 2019. szeptember 12. cs\u00fct\u00f6rt\u00f6k 05:40 Kocsis M\u00e1t\u00e9 rem\u00e9nyei szerint minden eddigin\u00e9l sz\u00e9lesebb k\u00f6r\u0171 tehets\u00e9gkutat\u00f3 program indul Jav\u00e1ban zajlik a f\u00e9rfi- \u00e9s a n\u0151i bajnoks\u00e1g, nyakunkon a n\u0151i v\u00e1logatott Eb-selejtez\u0151je, az \u00e9v v\u00e9g\u00e9n olimpiai kvalifik\u00e1ci\u00f3s vil\u00e1gbajnoks\u00e1gon lesz\u00fcnk \u00e9rdekeltek. A [&hellip;]\" \/>\n<meta property=\"og:url\" content=\"https:\/\/hotnewsinworld.com\/hu\/egyszerre-mennyiseg-es-minoseg-magyar-nemzet\/\" \/>\n<meta property=\"og:site_name\" content=\"Hot News in World\" \/>\n<meta property=\"article:published_time\" content=\"2019-09-12T03:48:47+00:00\" \/>\n<meta property=\"article:modified_time\" content=\"2019-09-12T03:48:48+00:00\" \/>\n<meta property=\"og:image\" content=\"https:\/\/hotnewsinworld.com\/hu\/wp-content\/uploads\/sites\/3\/2019\/09\/Egyszerre-mennyis\u00e9g-\u00e9s-min\u0151s\u00e9g-Magyar-Nemzet.jpg\" \/>\n\t<meta property=\"og:image:width\" content=\"768\" \/>\n\t<meta property=\"og:image:height\" content=\"435\" \/>\n\t<meta property=\"og:image:type\" content=\"image\/jpeg\" \/>\n<meta name=\"author\" content=\"hotnewsinworld\" \/>\n<meta name=\"twitter:card\" content=\"summary_large_image\" \/>\n<meta name=\"twitter:label1\" content=\"Szerz\u0151:\" \/>\n\t<meta name=\"twitter:data1\" content=\"hotnewsinworld\" \/>\n\t<meta name=\"twitter:label2\" content=\"Becs\u00fclt olvas\u00e1si id\u0151\" \/>\n\t<meta name=\"twitter:data2\" content=\"6 perc\" \/>\n<script type=\"application\/ld+json\" class=\"yoast-schema-graph\">{\"@context\":\"https:\\\/\\\/schema.org\",\"@graph\":[{\"@type\":\"Article\",\"@id\":\"https:\\\/\\\/hotnewsinworld.com\\\/hu\\\/egyszerre-mennyiseg-es-minoseg-magyar-nemzet\\\/#article\",\"isPartOf\":{\"@id\":\"https:\\\/\\\/hotnewsinworld.com\\\/hu\\\/egyszerre-mennyiseg-es-minoseg-magyar-nemzet\\\/\"},\"author\":{\"name\":\"hotnewsinworld\",\"@id\":\"https:\\\/\\\/hotnewsinworld.com\\\/hu\\\/#\\\/schema\\\/person\\\/fe61448b21c0d59086e75fcc1f9d8f6b\"},\"headline\":\"Egyszerre mennyis\u00e9g \u00e9s min\u0151s\u00e9g | Magyar Nemzet\",\"datePublished\":\"2019-09-12T03:48:47+00:00\",\"dateModified\":\"2019-09-12T03:48:48+00:00\",\"mainEntityOfPage\":{\"@id\":\"https:\\\/\\\/hotnewsinworld.com\\\/hu\\\/egyszerre-mennyiseg-es-minoseg-magyar-nemzet\\\/\"},\"wordCount\":1213,\"commentCount\":0,\"image\":{\"@id\":\"https:\\\/\\\/hotnewsinworld.com\\\/hu\\\/egyszerre-mennyiseg-es-minoseg-magyar-nemzet\\\/#primaryimage\"},\"thumbnailUrl\":\"https:\\\/\\\/hotnewsinworld.com\\\/hu\\\/wp-content\\\/uploads\\\/sites\\\/3\\\/2019\\\/09\\\/Egyszerre-mennyis\u00e9g-\u00e9s-min\u0151s\u00e9g-Magyar-Nemzet.jpg\",\"articleSection\":[\"LEG\u00daJABB P\u00c9NZ\u00dcGYI H\u00cdREK\"],\"inLanguage\":\"hu\",\"potentialAction\":[{\"@type\":\"CommentAction\",\"name\":\"Comment\",\"target\":[\"https:\\\/\\\/hotnewsinworld.com\\\/hu\\\/egyszerre-mennyiseg-es-minoseg-magyar-nemzet\\\/#respond\"]}]},{\"@type\":\"WebPage\",\"@id\":\"https:\\\/\\\/hotnewsinworld.com\\\/hu\\\/egyszerre-mennyiseg-es-minoseg-magyar-nemzet\\\/\",\"url\":\"https:\\\/\\\/hotnewsinworld.com\\\/hu\\\/egyszerre-mennyiseg-es-minoseg-magyar-nemzet\\\/\",\"name\":\"Egyszerre mennyis\u00e9g \u00e9s min\u0151s\u00e9g | Magyar Nemzet - Hot News in World\",\"isPartOf\":{\"@id\":\"https:\\\/\\\/hotnewsinworld.com\\\/hu\\\/#website\"},\"primaryImageOfPage\":{\"@id\":\"https:\\\/\\\/hotnewsinworld.com\\\/hu\\\/egyszerre-mennyiseg-es-minoseg-magyar-nemzet\\\/#primaryimage\"},\"image\":{\"@id\":\"https:\\\/\\\/hotnewsinworld.com\\\/hu\\\/egyszerre-mennyiseg-es-minoseg-magyar-nemzet\\\/#primaryimage\"},\"thumbnailUrl\":\"https:\\\/\\\/hotnewsinworld.com\\\/hu\\\/wp-content\\\/uploads\\\/sites\\\/3\\\/2019\\\/09\\\/Egyszerre-mennyis\u00e9g-\u00e9s-min\u0151s\u00e9g-Magyar-Nemzet.jpg\",\"datePublished\":\"2019-09-12T03:48:47+00:00\",\"dateModified\":\"2019-09-12T03:48:48+00:00\",\"author\":{\"@id\":\"https:\\\/\\\/hotnewsinworld.com\\\/hu\\\/#\\\/schema\\\/person\\\/fe61448b21c0d59086e75fcc1f9d8f6b\"},\"breadcrumb\":{\"@id\":\"https:\\\/\\\/hotnewsinworld.com\\\/hu\\\/egyszerre-mennyiseg-es-minoseg-magyar-nemzet\\\/#breadcrumb\"},\"inLanguage\":\"hu\",\"potentialAction\":[{\"@type\":\"ReadAction\",\"target\":[\"https:\\\/\\\/hotnewsinworld.com\\\/hu\\\/egyszerre-mennyiseg-es-minoseg-magyar-nemzet\\\/\"]}]},{\"@type\":\"ImageObject\",\"inLanguage\":\"hu\",\"@id\":\"https:\\\/\\\/hotnewsinworld.com\\\/hu\\\/egyszerre-mennyiseg-es-minoseg-magyar-nemzet\\\/#primaryimage\",\"url\":\"https:\\\/\\\/hotnewsinworld.com\\\/hu\\\/wp-content\\\/uploads\\\/sites\\\/3\\\/2019\\\/09\\\/Egyszerre-mennyis\u00e9g-\u00e9s-min\u0151s\u00e9g-Magyar-Nemzet.jpg\",\"contentUrl\":\"https:\\\/\\\/hotnewsinworld.com\\\/hu\\\/wp-content\\\/uploads\\\/sites\\\/3\\\/2019\\\/09\\\/Egyszerre-mennyis\u00e9g-\u00e9s-min\u0151s\u00e9g-Magyar-Nemzet.jpg\",\"width\":768,\"height\":435,\"caption\":\"Egyszerre mennyis\u00e9g \u00e9s min\u0151s\u00e9g | Magyar Nemzet\"},{\"@type\":\"BreadcrumbList\",\"@id\":\"https:\\\/\\\/hotnewsinworld.com\\\/hu\\\/egyszerre-mennyiseg-es-minoseg-magyar-nemzet\\\/#breadcrumb\",\"itemListElement\":[{\"@type\":\"ListItem\",\"position\":1,\"name\":\"\u0413\u043b\u0430\u0432\u043d\u0430\u044f \u0441\u0442\u0440\u0430\u043d\u0438\u0446\u0430\",\"item\":\"https:\\\/\\\/hotnewsinworld.com\\\/hu\\\/\"},{\"@type\":\"ListItem\",\"position\":2,\"name\":\"Egyszerre mennyis\u00e9g \u00e9s min\u0151s\u00e9g | Magyar Nemzet\"}]},{\"@type\":\"WebSite\",\"@id\":\"https:\\\/\\\/hotnewsinworld.com\\\/hu\\\/#website\",\"url\":\"https:\\\/\\\/hotnewsinworld.com\\\/hu\\\/\",\"name\":\"Hot News in World\",\"description\":\"Hot News in World from Hungary\",\"potentialAction\":[{\"@type\":\"SearchAction\",\"target\":{\"@type\":\"EntryPoint\",\"urlTemplate\":\"https:\\\/\\\/hotnewsinworld.com\\\/hu\\\/?s={search_term_string}\"},\"query-input\":{\"@type\":\"PropertyValueSpecification\",\"valueRequired\":true,\"valueName\":\"search_term_string\"}}],\"inLanguage\":\"hu\"},{\"@type\":\"Person\",\"@id\":\"https:\\\/\\\/hotnewsinworld.com\\\/hu\\\/#\\\/schema\\\/person\\\/fe61448b21c0d59086e75fcc1f9d8f6b\",\"name\":\"hotnewsinworld\",\"image\":{\"@type\":\"ImageObject\",\"inLanguage\":\"hu\",\"@id\":\"https:\\\/\\\/secure.gravatar.com\\\/avatar\\\/8a09ac165600ce2e1c38fe593c63928eb1e6e7ba5c5a907d67787c41b3d00c14?s=96&d=mm&r=g\",\"url\":\"https:\\\/\\\/secure.gravatar.com\\\/avatar\\\/8a09ac165600ce2e1c38fe593c63928eb1e6e7ba5c5a907d67787c41b3d00c14?s=96&d=mm&r=g\",\"contentUrl\":\"https:\\\/\\\/secure.gravatar.com\\\/avatar\\\/8a09ac165600ce2e1c38fe593c63928eb1e6e7ba5c5a907d67787c41b3d00c14?s=96&d=mm&r=g\",\"caption\":\"hotnewsinworld\"},\"url\":\"https:\\\/\\\/hotnewsinworld.com\\\/hu\\\/author\\\/pt\\\/\"}]}<\/script>\n<!-- \/ Yoast SEO plugin. -->","yoast_head_json":{"title":"Egyszerre mennyis\u00e9g \u00e9s min\u0151s\u00e9g | Magyar Nemzet - Hot News in World","robots":{"index":"index","follow":"follow","max-snippet":"max-snippet:-1","max-image-preview":"max-image-preview:large","max-video-preview":"max-video-preview:-1"},"canonical":"https:\/\/hotnewsinworld.com\/hu\/egyszerre-mennyiseg-es-minoseg-magyar-nemzet\/","og_locale":"hu_HU","og_type":"article","og_title":"Egyszerre mennyis\u00e9g \u00e9s min\u0151s\u00e9g | Magyar Nemzet - Hot News in World","og_description":"A cikk emailben t\u00f6rt\u00e9n\u0151 elk\u00fcld\u00e9s\u00e9hez kattintson ide, vagy m\u00e1solja le \u00e9s k\u00fcldje el ezt a linket: https:\/\/magyarnemzet.hu\/sport\/egyszerre-mennyiseg-es-minoseg-7292936\/ 2019. szeptember 12. cs\u00fct\u00f6rt\u00f6k 05:40 Kocsis M\u00e1t\u00e9 rem\u00e9nyei szerint minden eddigin\u00e9l sz\u00e9lesebb k\u00f6r\u0171 tehets\u00e9gkutat\u00f3 program indul Jav\u00e1ban zajlik a f\u00e9rfi- \u00e9s a n\u0151i bajnoks\u00e1g, nyakunkon a n\u0151i v\u00e1logatott Eb-selejtez\u0151je, az \u00e9v v\u00e9g\u00e9n olimpiai kvalifik\u00e1ci\u00f3s vil\u00e1gbajnoks\u00e1gon lesz\u00fcnk \u00e9rdekeltek. A [&hellip;]","og_url":"https:\/\/hotnewsinworld.com\/hu\/egyszerre-mennyiseg-es-minoseg-magyar-nemzet\/","og_site_name":"Hot News in World","article_published_time":"2019-09-12T03:48:47+00:00","article_modified_time":"2019-09-12T03:48:48+00:00","og_image":[{"width":768,"height":435,"url":"https:\/\/hotnewsinworld.com\/hu\/wp-content\/uploads\/sites\/3\/2019\/09\/Egyszerre-mennyis\u00e9g-\u00e9s-min\u0151s\u00e9g-Magyar-Nemzet.jpg","type":"image\/jpeg"}],"author":"hotnewsinworld","twitter_card":"summary_large_image","twitter_misc":{"Szerz\u0151:":"hotnewsinworld","Becs\u00fclt olvas\u00e1si id\u0151":"6 perc"},"schema":{"@context":"https:\/\/schema.org","@graph":[{"@type":"Article","@id":"https:\/\/hotnewsinworld.com\/hu\/egyszerre-mennyiseg-es-minoseg-magyar-nemzet\/#article","isPartOf":{"@id":"https:\/\/hotnewsinworld.com\/hu\/egyszerre-mennyiseg-es-minoseg-magyar-nemzet\/"},"author":{"name":"hotnewsinworld","@id":"https:\/\/hotnewsinworld.com\/hu\/#\/schema\/person\/fe61448b21c0d59086e75fcc1f9d8f6b"},"headline":"Egyszerre mennyis\u00e9g \u00e9s min\u0151s\u00e9g | Magyar Nemzet","datePublished":"2019-09-12T03:48:47+00:00","dateModified":"2019-09-12T03:48:48+00:00","mainEntityOfPage":{"@id":"https:\/\/hotnewsinworld.com\/hu\/egyszerre-mennyiseg-es-minoseg-magyar-nemzet\/"},"wordCount":1213,"commentCount":0,"image":{"@id":"https:\/\/hotnewsinworld.com\/hu\/egyszerre-mennyiseg-es-minoseg-magyar-nemzet\/#primaryimage"},"thumbnailUrl":"https:\/\/hotnewsinworld.com\/hu\/wp-content\/uploads\/sites\/3\/2019\/09\/Egyszerre-mennyis\u00e9g-\u00e9s-min\u0151s\u00e9g-Magyar-Nemzet.jpg","articleSection":["LEG\u00daJABB P\u00c9NZ\u00dcGYI H\u00cdREK"],"inLanguage":"hu","potentialAction":[{"@type":"CommentAction","name":"Comment","target":["https:\/\/hotnewsinworld.com\/hu\/egyszerre-mennyiseg-es-minoseg-magyar-nemzet\/#respond"]}]},{"@type":"WebPage","@id":"https:\/\/hotnewsinworld.com\/hu\/egyszerre-mennyiseg-es-minoseg-magyar-nemzet\/","url":"https:\/\/hotnewsinworld.com\/hu\/egyszerre-mennyiseg-es-minoseg-magyar-nemzet\/","name":"Egyszerre mennyis\u00e9g \u00e9s min\u0151s\u00e9g | Magyar Nemzet - Hot News in World","isPartOf":{"@id":"https:\/\/hotnewsinworld.com\/hu\/#website"},"primaryImageOfPage":{"@id":"https:\/\/hotnewsinworld.com\/hu\/egyszerre-mennyiseg-es-minoseg-magyar-nemzet\/#primaryimage"},"image":{"@id":"https:\/\/hotnewsinworld.com\/hu\/egyszerre-mennyiseg-es-minoseg-magyar-nemzet\/#primaryimage"},"thumbnailUrl":"https:\/\/hotnewsinworld.com\/hu\/wp-content\/uploads\/sites\/3\/2019\/09\/Egyszerre-mennyis\u00e9g-\u00e9s-min\u0151s\u00e9g-Magyar-Nemzet.jpg","datePublished":"2019-09-12T03:48:47+00:00","dateModified":"2019-09-12T03:48:48+00:00","author":{"@id":"https:\/\/hotnewsinworld.com\/hu\/#\/schema\/person\/fe61448b21c0d59086e75fcc1f9d8f6b"},"breadcrumb":{"@id":"https:\/\/hotnewsinworld.com\/hu\/egyszerre-mennyiseg-es-minoseg-magyar-nemzet\/#breadcrumb"},"inLanguage":"hu","potentialAction":[{"@type":"ReadAction","target":["https:\/\/hotnewsinworld.com\/hu\/egyszerre-mennyiseg-es-minoseg-magyar-nemzet\/"]}]},{"@type":"ImageObject","inLanguage":"hu","@id":"https:\/\/hotnewsinworld.com\/hu\/egyszerre-mennyiseg-es-minoseg-magyar-nemzet\/#primaryimage","url":"https:\/\/hotnewsinworld.com\/hu\/wp-content\/uploads\/sites\/3\/2019\/09\/Egyszerre-mennyis\u00e9g-\u00e9s-min\u0151s\u00e9g-Magyar-Nemzet.jpg","contentUrl":"https:\/\/hotnewsinworld.com\/hu\/wp-content\/uploads\/sites\/3\/2019\/09\/Egyszerre-mennyis\u00e9g-\u00e9s-min\u0151s\u00e9g-Magyar-Nemzet.jpg","width":768,"height":435,"caption":"Egyszerre mennyis\u00e9g \u00e9s min\u0151s\u00e9g | Magyar Nemzet"},{"@type":"BreadcrumbList","@id":"https:\/\/hotnewsinworld.com\/hu\/egyszerre-mennyiseg-es-minoseg-magyar-nemzet\/#breadcrumb","itemListElement":[{"@type":"ListItem","position":1,"name":"\u0413\u043b\u0430\u0432\u043d\u0430\u044f \u0441\u0442\u0440\u0430\u043d\u0438\u0446\u0430","item":"https:\/\/hotnewsinworld.com\/hu\/"},{"@type":"ListItem","position":2,"name":"Egyszerre mennyis\u00e9g \u00e9s min\u0151s\u00e9g | Magyar Nemzet"}]},{"@type":"WebSite","@id":"https:\/\/hotnewsinworld.com\/hu\/#website","url":"https:\/\/hotnewsinworld.com\/hu\/","name":"Hot News in World","description":"Hot News in World from Hungary","potentialAction":[{"@type":"SearchAction","target":{"@type":"EntryPoint","urlTemplate":"https:\/\/hotnewsinworld.com\/hu\/?s={search_term_string}"},"query-input":{"@type":"PropertyValueSpecification","valueRequired":true,"valueName":"search_term_string"}}],"inLanguage":"hu"},{"@type":"Person","@id":"https:\/\/hotnewsinworld.com\/hu\/#\/schema\/person\/fe61448b21c0d59086e75fcc1f9d8f6b","name":"hotnewsinworld","image":{"@type":"ImageObject","inLanguage":"hu","@id":"https:\/\/secure.gravatar.com\/avatar\/8a09ac165600ce2e1c38fe593c63928eb1e6e7ba5c5a907d67787c41b3d00c14?s=96&d=mm&r=g","url":"https:\/\/secure.gravatar.com\/avatar\/8a09ac165600ce2e1c38fe593c63928eb1e6e7ba5c5a907d67787c41b3d00c14?s=96&d=mm&r=g","contentUrl":"https:\/\/secure.gravatar.com\/avatar\/8a09ac165600ce2e1c38fe593c63928eb1e6e7ba5c5a907d67787c41b3d00c14?s=96&d=mm&r=g","caption":"hotnewsinworld"},"url":"https:\/\/hotnewsinworld.com\/hu\/author\/pt\/"}]}},"_links":{"self":[{"href":"https:\/\/hotnewsinworld.com\/hu\/wp-json\/wp\/v2\/posts\/1938","targetHints":{"allow":["GET"]}}],"collection":[{"href":"https:\/\/hotnewsinworld.com\/hu\/wp-json\/wp\/v2\/posts"}],"about":[{"href":"https:\/\/hotnewsinworld.com\/hu\/wp-json\/wp\/v2\/types\/post"}],"author":[{"embeddable":true,"href":"https:\/\/hotnewsinworld.com\/hu\/wp-json\/wp\/v2\/users\/2"}],"replies":[{"embeddable":true,"href":"https:\/\/hotnewsinworld.com\/hu\/wp-json\/wp\/v2\/comments?post=1938"}],"version-history":[{"count":1,"href":"https:\/\/hotnewsinworld.com\/hu\/wp-json\/wp\/v2\/posts\/1938\/revisions"}],"predecessor-version":[{"id":1940,"href":"https:\/\/hotnewsinworld.com\/hu\/wp-json\/wp\/v2\/posts\/1938\/revisions\/1940"}],"wp:featuredmedia":[{"embeddable":true,"href":"https:\/\/hotnewsinworld.com\/hu\/wp-json\/wp\/v2\/media\/1939"}],"wp:attachment":[{"href":"https:\/\/hotnewsinworld.com\/hu\/wp-json\/wp\/v2\/media?parent=1938"}],"wp:term":[{"taxonomy":"category","embeddable":true,"href":"https:\/\/hotnewsinworld.com\/hu\/wp-json\/wp\/v2\/categories?post=1938"},{"taxonomy":"post_tag","embeddable":true,"href":"https:\/\/hotnewsinworld.com\/hu\/wp-json\/wp\/v2\/tags?post=1938"}],"curies":[{"name":"wp","href":"https:\/\/api.w.org\/{rel}","templated":true}]}}