{"id":1944,"date":"2019-09-12T09:41:09","date_gmt":"2019-09-12T06:41:09","guid":{"rendered":"https:\/\/hotnewsinworld.com\/hu\/kover-laszlo-alkalmas-tisztesseges-es-hozzaerto-vezetok-kellenek-a-telepulesuk-elere\/"},"modified":"2019-09-12T09:41:11","modified_gmt":"2019-09-12T06:41:11","slug":"kover-laszlo-alkalmas-tisztesseges-es-hozzaerto-vezetok-kellenek-a-telepulesuk-elere","status":"publish","type":"post","link":"https:\/\/hotnewsinworld.com\/hu\/kover-laszlo-alkalmas-tisztesseges-es-hozzaerto-vezetok-kellenek-a-telepulesuk-elere\/","title":{"rendered":"K\u00f6v\u00e9r L\u00e1szl\u00f3: Alkalmas, tisztess\u00e9ges \u00e9s hozz\u00e1\u00e9rt\u0151 vezet\u0151k kellenek a telep\u00fcl\u00e9s\u00fck \u00e9l\u00e9re"},"content":{"rendered":"<p> MTI, 2019. 09. 12. 08:31Az \u00f6nkorm\u00e1nyzati v\u00e1laszt\u00e1sok nem az orsz\u00e1gos politik\u00e1r\u00f3l sz\u00f3lnak, a voksol\u00e1s t\u00e9tje, hogy alkalmas, tisztess\u00e9ges \u00e9s hozz\u00e1\u00e9rt\u0151 vezet\u0151ket tal\u00e1ljanak az emberek telep\u00fcl\u00e9s\u00fck \u00e9l\u00e9re \u2013 jelentette ki az orsz\u00e1ggy\u0171l\u00e9s eln\u00f6ke szerd\u00e1n Szegeden, K\u00f6v\u00e9r L\u00e1szl\u00f3 kifejtette, aki az \u00f6nkorm\u00e1nyzati politik\u00e1t is \u201cmini polg\u00e1rh\u00e1bor\u00fanak\u201d fogja f\u00f6l, az nem alkalmas egy telep\u00fcl\u00e9s vezet\u00e9s\u00e9re.K\u00f6v\u00e9r L\u00e1szl\u00f3 a Tisza-parti v\u00e1rosban tartott v\u00e1laszt\u00e1si f\u00f3rumon azt mondta, aki azt gondolja, hogy az \u00f6nkorm\u00e1nyzati v\u00e1laszt\u00e1s arra val\u00f3, hogy azzal az orsz\u00e1gos politikai viszonyokat befoly\u00e1solja, nemcsak ostobas\u00e1gokat besz\u00e9l, hanem \u00e1rt is saj\u00e1t k\u00f6z\u00f6ss\u00e9g\u00e9nek.K\u00f6v\u00e9r L\u00e1szl\u00f3 \u00fagy fogalmazott, a baloldal a b\u00e9k\u00e9s, norm\u00e1lis politikai vit\u00e1kat \u00e9s azoknak a v\u00e1laszt\u00e1sokon val\u00f3 lez\u00e1r\u00e1s\u00e1t 2006 \u00f3ta politikai polg\u00e1rh\u00e1bor\u00fav\u00e1 alak\u00edtotta, \u00e9s mind a mai napig szeretn\u00e9 fenntartani ezt az \u00e1llapotot. Hozz\u00e1tette: min\u00e9l rem\u00e9nytelenebb helyzetbe ker\u00fclnek, ann\u00e1l m\u00e9lyebbre s\u00fcllyedve m\u0171velik ezt.Az orsz\u00e1g, Szeged is, \u00e9s minden telep\u00fcl\u00e9s enn\u00e9l sokkal t\u00f6bbet \u00e9rdemel \u2013 mondta a politikus.Kifejtette: egy v\u00e1ros vezet\u0151j\u00e9nek egy\u00fcttm\u0171k\u00f6d\u0151nek kell lennie, nemcsak a korm\u00e1nnyal, hanem saj\u00e1t telep\u00fcl\u00e9se k\u00f6z\u00f6ss\u00e9geivel is, azokkal is, akik nem vele szimpatiz\u00e1lnak.\u00dagy v\u00e9lte, a politik\u00e1nak a legelemibb k\u00f6teless\u00e9ge mindent megtenni a k\u00f6z\u00f6ss\u00e9g, a nemzet fennmarad\u00e1s\u00e1\u00e9rt.A h\u00e1zeln\u00f6k szerint l\u00e9nyegbev\u00e1g\u00f3 k\u00fcl\u00f6nbs\u00e9g a k\u00e9t oldal k\u00f6z\u00f6tt, hogy a m\u00e1sik oldalnak csak a hatalom, a pillanatnyi j\u00f3l\u00e9t sz\u00e1m\u00edt, a csal\u00e1d nem jelent \u00e9rt\u00e9ket. \u00c1ll\u00e1spontjuk szerint a gyermekv\u00e1llal\u00e1st nem kell t\u00e1mogatni, mert ahhoz a politik\u00e1nak semmi k\u00f6ze. A m\u00e1sik oldal szerint el lehet innen menni, de ami enn\u00e9l is sokkal rosszabb, azt mondj\u00e1k, majd \u00fagyis j\u00f6nnek ide m\u00e1sok, \u00e9s azokat be kell fogadni \u2013 fejtette ki az orsz\u00e1ggy\u0171l\u00e9s eln\u00f6ke.K\u00f6v\u00e9r L\u00e1szl\u00f3 szerint az a \u201ck\u00e9rd\u00e9s, ki az, akinek ez az orsz\u00e1g \u2013 benne Szeged \u2013 a haz\u00e1ja, \u00e9s ki az, akinek csak a telephelye\u201d.A politikus kifejtette: Botka L\u00e1szl\u00f3 t\u00e1gabb csapat\u00e1t olyanok alkotj\u00e1k \u2013 az \u00e9len Gyurcs\u00e1ny Ferenccel \u2013 akik a rendszerv\u00e1lt\u00e1s \u00f3ta a legm\u00e9lyebb v\u00e1ls\u00e1gba l\u00f6kt\u00e9k az orsz\u00e1got. Az ellenz\u00e9knek siker\u00fclt megval\u00f3s\u00edtani az elvtelens\u00e9g koal\u00edci\u00f3j\u00e1t, haboz\u00e1s n\u00e9lk\u00fcl \u00f6sszefogtak azokkal, akiket kor\u00e1bban lek\u00f6pd\u00f6stek, ak\u00e1r sz\u00f3 szerint is \u2013 k\u00f6z\u00f6lte.A politikus \u00fagy fogalmazott sikeres t\u00edz esztend\u0151 van az orsz\u00e1g m\u00f6g\u00f6tt, mindenki jogos rem\u00e9nyekkel n\u00e9zhet a j\u00f6v\u0151be, hogy l\u00e9phet egyet el\u0151re.A f\u00f3rum el\u0151tt K\u00f6v\u00e9r L\u00e1szl\u00f3 \u00fajs\u00e1g\u00edr\u00f3knak \u00fagy fogalmazott, a helyi k\u00f6z\u00e9let szerepl\u0151inek \u00e9s a v\u00e1laszt\u00f3knak kell eld\u00f6nteni\u00fck, mit v\u00e1rnak saj\u00e1t telep\u00fcl\u00e9s\u00fck megv\u00e1lasztott k\u00e9pvisel\u0151it\u0151l.A h\u00e1zeln\u00f6k szerint nem mindegy, hogy egy polg\u00e1rmester vagy k\u00e9pvisel\u0151-test\u00fclet milyen megk\u00f6zel\u00edt\u00e9sben vezeti a telep\u00fcl\u00e9st. Ha az ellenz\u00e9ki v\u00e1rosvezet\u0151k a k\u00f6zponti korm\u00e1nyzat ellen k\u00fczd\u0151 gerill\u00e1nak vagy partiz\u00e1nnak gondolj\u00e1k magukat, nemcsak ostobas\u00e1gukat bizony\u00edtj\u00e1k, hanem felel\u0151ss\u00e9g\u00fck hi\u00e1ny\u00e1r\u00f3l is tan\u00faskodnak.A f\u00f3rumon Nemesi P\u00e1l, a Fidesz-KDNP \u00e1ltal t\u00e1mogatott f\u00fcggetlen polg\u00e1rmesterjel\u00f6lt kifejtette, a szegedi gazdas\u00e1gi n\u00f6veked\u00e9s, a helyeik \u00e9letsz\u00ednvonala nem k\u00f6vette az elm\u00falt \u00e9vekben az orsz\u00e1gban v\u00e9gbement fejl\u0151d\u00e9st.Szeged leszakad\u00f3ban van a t\u00f6bbi magyar nagyv\u00e1roshoz k\u00e9pest \u2013 mondta, p\u00e9ldak\u00e9nt eml\u00edtve, hogy az elm\u00falt 17 \u00e9vben egy Gy\u0151rben \u00e9l\u0151 \u00e1tlagos j\u00f6vedelm\u0171 v\u00e1laszt\u00f3polg\u00e1r egy garzonlak\u00e1s \u00e1r\u00e1val t\u00f6bbet keresett mint egy szegedi.A Csongr\u00e1d Megyei Kereskedelmi \u00e9s Iparkamara eln\u00f6ki posztj\u00e1t is bet\u00f6lt\u0151 \u00e9p\u00edt\u00e9si v\u00e1llalkoz\u00f3 szerint a jelenlegi v\u00e1rosvezet\u00e9s nem nyitott arra, hogy m\u00e1s fejl\u0151d\u00e9si p\u00e1ly\u00e1ra \u00e1ll\u00edtsa Szegedet.Nemesi P\u00e1l lesz\u00f6gezte, rendezni kell a viszonyt a korm\u00e1nnyal, \u00e9s nyitott\u00e1 kell tenni az \u00f6nkorm\u00e1nyzatot, hogy szoros kapcsolatot tartson f\u00f6nt a szegediekkel.Tov\u00e1bbi cikkek:<br \/>\n<br \/>\n<!--noindex--><br \/>\n<a href=\"https:\/\/hirek.oldal.info\/rssclick\/14390253\" rel=\"nofollow\">Source link <\/a><br \/>\n<!--\/noindex--><\/p>\n","protected":false},"excerpt":{"rendered":"<p>MTI, 2019. 09. 12. 08:31Az \u00f6nkorm\u00e1nyzati v\u00e1laszt\u00e1sok nem az orsz\u00e1gos politik\u00e1r\u00f3l sz\u00f3lnak, a voksol\u00e1s t\u00e9tje, hogy alkalmas, tisztess\u00e9ges \u00e9s hozz\u00e1\u00e9rt\u0151 vezet\u0151ket tal\u00e1ljanak az emberek telep\u00fcl\u00e9s\u00fck \u00e9l\u00e9re \u2013 jelentette ki az orsz\u00e1ggy\u0171l\u00e9s eln\u00f6ke szerd\u00e1n Szegeden, K\u00f6v\u00e9r L\u00e1szl\u00f3 kifejtette, aki az \u00f6nkorm\u00e1nyzati politik\u00e1t is \u201cmini polg\u00e1rh\u00e1bor\u00fanak\u201d fogja f\u00f6l, az nem alkalmas egy telep\u00fcl\u00e9s vezet\u00e9s\u00e9re.K\u00f6v\u00e9r L\u00e1szl\u00f3 a Tisza-parti [&hellip;]<\/p>\n","protected":false},"author":2,"featured_media":1945,"comment_status":"open","ping_status":"open","sticky":false,"template":"","format":"standard","meta":{"footnotes":""},"categories":[1],"tags":[],"class_list":["post-1944","post","type-post","status-publish","format-standard","has-post-thumbnail","hentry","category-legujabb-penzugyi-hirek"],"yoast_head":"<!-- This site is optimized with the Yoast SEO plugin v27.4 - https:\/\/yoast.com\/product\/yoast-seo-wordpress\/ -->\n<title>K\u00f6v\u00e9r L\u00e1szl\u00f3: Alkalmas, tisztess\u00e9ges \u00e9s hozz\u00e1\u00e9rt\u0151 vezet\u0151k kellenek a telep\u00fcl\u00e9s\u00fck \u00e9l\u00e9re - Hot News in World<\/title>\n<meta name=\"robots\" content=\"index, follow, max-snippet:-1, max-image-preview:large, max-video-preview:-1\" \/>\n<link rel=\"canonical\" href=\"https:\/\/hotnewsinworld.com\/hu\/kover-laszlo-alkalmas-tisztesseges-es-hozzaerto-vezetok-kellenek-a-telepulesuk-elere\/\" \/>\n<meta property=\"og:locale\" content=\"hu_HU\" \/>\n<meta property=\"og:type\" content=\"article\" \/>\n<meta property=\"og:title\" content=\"K\u00f6v\u00e9r L\u00e1szl\u00f3: Alkalmas, tisztess\u00e9ges \u00e9s hozz\u00e1\u00e9rt\u0151 vezet\u0151k kellenek a telep\u00fcl\u00e9s\u00fck \u00e9l\u00e9re - Hot News in World\" \/>\n<meta property=\"og:description\" content=\"MTI, 2019. 09. 12. 08:31Az \u00f6nkorm\u00e1nyzati v\u00e1laszt\u00e1sok nem az orsz\u00e1gos politik\u00e1r\u00f3l sz\u00f3lnak, a voksol\u00e1s t\u00e9tje, hogy alkalmas, tisztess\u00e9ges \u00e9s hozz\u00e1\u00e9rt\u0151 vezet\u0151ket tal\u00e1ljanak az emberek telep\u00fcl\u00e9s\u00fck \u00e9l\u00e9re \u2013 jelentette ki az orsz\u00e1ggy\u0171l\u00e9s eln\u00f6ke szerd\u00e1n Szegeden, K\u00f6v\u00e9r L\u00e1szl\u00f3 kifejtette, aki az \u00f6nkorm\u00e1nyzati politik\u00e1t is \u201cmini polg\u00e1rh\u00e1bor\u00fanak\u201d fogja f\u00f6l, az nem alkalmas egy telep\u00fcl\u00e9s vezet\u00e9s\u00e9re.K\u00f6v\u00e9r L\u00e1szl\u00f3 a Tisza-parti [&hellip;]\" \/>\n<meta property=\"og:url\" content=\"https:\/\/hotnewsinworld.com\/hu\/kover-laszlo-alkalmas-tisztesseges-es-hozzaerto-vezetok-kellenek-a-telepulesuk-elere\/\" \/>\n<meta property=\"og:site_name\" content=\"Hot News in World\" \/>\n<meta property=\"article:published_time\" content=\"2019-09-12T06:41:09+00:00\" \/>\n<meta property=\"article:modified_time\" content=\"2019-09-12T06:41:11+00:00\" \/>\n<meta property=\"og:image\" content=\"https:\/\/hotnewsinworld.com\/hu\/wp-content\/uploads\/sites\/3\/2019\/09\/K\u00f6v\u00e9r-L\u00e1szl\u00f3-Alkalmas-tisztess\u00e9ges-\u00e9s-hozz\u00e1\u00e9rt\u0151-vezet\u0151k-kellenek-a-telep\u00fcl\u00e9s\u00fck.jpg\" \/>\n\t<meta property=\"og:image:width\" content=\"2880\" \/>\n\t<meta property=\"og:image:height\" content=\"1920\" \/>\n\t<meta property=\"og:image:type\" content=\"image\/jpeg\" \/>\n<meta name=\"author\" content=\"hotnewsinworld\" \/>\n<meta name=\"twitter:card\" content=\"summary_large_image\" \/>\n<meta name=\"twitter:label1\" content=\"Szerz\u0151:\" \/>\n\t<meta name=\"twitter:data1\" content=\"hotnewsinworld\" \/>\n\t<meta name=\"twitter:label2\" content=\"Becs\u00fclt olvas\u00e1si id\u0151\" \/>\n\t<meta name=\"twitter:data2\" content=\"4 perc\" \/>\n<script type=\"application\/ld+json\" class=\"yoast-schema-graph\">{\"@context\":\"https:\\\/\\\/schema.org\",\"@graph\":[{\"@type\":\"Article\",\"@id\":\"https:\\\/\\\/hotnewsinworld.com\\\/hu\\\/kover-laszlo-alkalmas-tisztesseges-es-hozzaerto-vezetok-kellenek-a-telepulesuk-elere\\\/#article\",\"isPartOf\":{\"@id\":\"https:\\\/\\\/hotnewsinworld.com\\\/hu\\\/kover-laszlo-alkalmas-tisztesseges-es-hozzaerto-vezetok-kellenek-a-telepulesuk-elere\\\/\"},\"author\":{\"name\":\"hotnewsinworld\",\"@id\":\"https:\\\/\\\/hotnewsinworld.com\\\/hu\\\/#\\\/schema\\\/person\\\/fe61448b21c0d59086e75fcc1f9d8f6b\"},\"headline\":\"K\u00f6v\u00e9r L\u00e1szl\u00f3: Alkalmas, tisztess\u00e9ges \u00e9s hozz\u00e1\u00e9rt\u0151 vezet\u0151k kellenek a telep\u00fcl\u00e9s\u00fck \u00e9l\u00e9re\",\"datePublished\":\"2019-09-12T06:41:09+00:00\",\"dateModified\":\"2019-09-12T06:41:11+00:00\",\"mainEntityOfPage\":{\"@id\":\"https:\\\/\\\/hotnewsinworld.com\\\/hu\\\/kover-laszlo-alkalmas-tisztesseges-es-hozzaerto-vezetok-kellenek-a-telepulesuk-elere\\\/\"},\"wordCount\":808,\"commentCount\":0,\"image\":{\"@id\":\"https:\\\/\\\/hotnewsinworld.com\\\/hu\\\/kover-laszlo-alkalmas-tisztesseges-es-hozzaerto-vezetok-kellenek-a-telepulesuk-elere\\\/#primaryimage\"},\"thumbnailUrl\":\"https:\\\/\\\/hotnewsinworld.com\\\/hu\\\/wp-content\\\/uploads\\\/sites\\\/3\\\/2019\\\/09\\\/K\u00f6v\u00e9r-L\u00e1szl\u00f3-Alkalmas-tisztess\u00e9ges-\u00e9s-hozz\u00e1\u00e9rt\u0151-vezet\u0151k-kellenek-a-telep\u00fcl\u00e9s\u00fck.jpg\",\"articleSection\":[\"LEG\u00daJABB P\u00c9NZ\u00dcGYI H\u00cdREK\"],\"inLanguage\":\"hu\",\"potentialAction\":[{\"@type\":\"CommentAction\",\"name\":\"Comment\",\"target\":[\"https:\\\/\\\/hotnewsinworld.com\\\/hu\\\/kover-laszlo-alkalmas-tisztesseges-es-hozzaerto-vezetok-kellenek-a-telepulesuk-elere\\\/#respond\"]}]},{\"@type\":\"WebPage\",\"@id\":\"https:\\\/\\\/hotnewsinworld.com\\\/hu\\\/kover-laszlo-alkalmas-tisztesseges-es-hozzaerto-vezetok-kellenek-a-telepulesuk-elere\\\/\",\"url\":\"https:\\\/\\\/hotnewsinworld.com\\\/hu\\\/kover-laszlo-alkalmas-tisztesseges-es-hozzaerto-vezetok-kellenek-a-telepulesuk-elere\\\/\",\"name\":\"K\u00f6v\u00e9r L\u00e1szl\u00f3: Alkalmas, tisztess\u00e9ges \u00e9s hozz\u00e1\u00e9rt\u0151 vezet\u0151k kellenek a telep\u00fcl\u00e9s\u00fck \u00e9l\u00e9re - Hot News in World\",\"isPartOf\":{\"@id\":\"https:\\\/\\\/hotnewsinworld.com\\\/hu\\\/#website\"},\"primaryImageOfPage\":{\"@id\":\"https:\\\/\\\/hotnewsinworld.com\\\/hu\\\/kover-laszlo-alkalmas-tisztesseges-es-hozzaerto-vezetok-kellenek-a-telepulesuk-elere\\\/#primaryimage\"},\"image\":{\"@id\":\"https:\\\/\\\/hotnewsinworld.com\\\/hu\\\/kover-laszlo-alkalmas-tisztesseges-es-hozzaerto-vezetok-kellenek-a-telepulesuk-elere\\\/#primaryimage\"},\"thumbnailUrl\":\"https:\\\/\\\/hotnewsinworld.com\\\/hu\\\/wp-content\\\/uploads\\\/sites\\\/3\\\/2019\\\/09\\\/K\u00f6v\u00e9r-L\u00e1szl\u00f3-Alkalmas-tisztess\u00e9ges-\u00e9s-hozz\u00e1\u00e9rt\u0151-vezet\u0151k-kellenek-a-telep\u00fcl\u00e9s\u00fck.jpg\",\"datePublished\":\"2019-09-12T06:41:09+00:00\",\"dateModified\":\"2019-09-12T06:41:11+00:00\",\"author\":{\"@id\":\"https:\\\/\\\/hotnewsinworld.com\\\/hu\\\/#\\\/schema\\\/person\\\/fe61448b21c0d59086e75fcc1f9d8f6b\"},\"breadcrumb\":{\"@id\":\"https:\\\/\\\/hotnewsinworld.com\\\/hu\\\/kover-laszlo-alkalmas-tisztesseges-es-hozzaerto-vezetok-kellenek-a-telepulesuk-elere\\\/#breadcrumb\"},\"inLanguage\":\"hu\",\"potentialAction\":[{\"@type\":\"ReadAction\",\"target\":[\"https:\\\/\\\/hotnewsinworld.com\\\/hu\\\/kover-laszlo-alkalmas-tisztesseges-es-hozzaerto-vezetok-kellenek-a-telepulesuk-elere\\\/\"]}]},{\"@type\":\"ImageObject\",\"inLanguage\":\"hu\",\"@id\":\"https:\\\/\\\/hotnewsinworld.com\\\/hu\\\/kover-laszlo-alkalmas-tisztesseges-es-hozzaerto-vezetok-kellenek-a-telepulesuk-elere\\\/#primaryimage\",\"url\":\"https:\\\/\\\/hotnewsinworld.com\\\/hu\\\/wp-content\\\/uploads\\\/sites\\\/3\\\/2019\\\/09\\\/K\u00f6v\u00e9r-L\u00e1szl\u00f3-Alkalmas-tisztess\u00e9ges-\u00e9s-hozz\u00e1\u00e9rt\u0151-vezet\u0151k-kellenek-a-telep\u00fcl\u00e9s\u00fck.jpg\",\"contentUrl\":\"https:\\\/\\\/hotnewsinworld.com\\\/hu\\\/wp-content\\\/uploads\\\/sites\\\/3\\\/2019\\\/09\\\/K\u00f6v\u00e9r-L\u00e1szl\u00f3-Alkalmas-tisztess\u00e9ges-\u00e9s-hozz\u00e1\u00e9rt\u0151-vezet\u0151k-kellenek-a-telep\u00fcl\u00e9s\u00fck.jpg\",\"width\":2880,\"height\":1920,\"caption\":\"K\u00f6v\u00e9r L\u00e1szl\u00f3: Alkalmas, tisztess\u00e9ges \u00e9s hozz\u00e1\u00e9rt\u0151 vezet\u0151k kellenek a telep\u00fcl\u00e9s\u00fck \u00e9l\u00e9re\"},{\"@type\":\"BreadcrumbList\",\"@id\":\"https:\\\/\\\/hotnewsinworld.com\\\/hu\\\/kover-laszlo-alkalmas-tisztesseges-es-hozzaerto-vezetok-kellenek-a-telepulesuk-elere\\\/#breadcrumb\",\"itemListElement\":[{\"@type\":\"ListItem\",\"position\":1,\"name\":\"\u0413\u043b\u0430\u0432\u043d\u0430\u044f \u0441\u0442\u0440\u0430\u043d\u0438\u0446\u0430\",\"item\":\"https:\\\/\\\/hotnewsinworld.com\\\/hu\\\/\"},{\"@type\":\"ListItem\",\"position\":2,\"name\":\"K\u00f6v\u00e9r L\u00e1szl\u00f3: Alkalmas, tisztess\u00e9ges \u00e9s hozz\u00e1\u00e9rt\u0151 vezet\u0151k kellenek a telep\u00fcl\u00e9s\u00fck \u00e9l\u00e9re\"}]},{\"@type\":\"WebSite\",\"@id\":\"https:\\\/\\\/hotnewsinworld.com\\\/hu\\\/#website\",\"url\":\"https:\\\/\\\/hotnewsinworld.com\\\/hu\\\/\",\"name\":\"Hot News in World\",\"description\":\"Hot News in World from Hungary\",\"potentialAction\":[{\"@type\":\"SearchAction\",\"target\":{\"@type\":\"EntryPoint\",\"urlTemplate\":\"https:\\\/\\\/hotnewsinworld.com\\\/hu\\\/?s={search_term_string}\"},\"query-input\":{\"@type\":\"PropertyValueSpecification\",\"valueRequired\":true,\"valueName\":\"search_term_string\"}}],\"inLanguage\":\"hu\"},{\"@type\":\"Person\",\"@id\":\"https:\\\/\\\/hotnewsinworld.com\\\/hu\\\/#\\\/schema\\\/person\\\/fe61448b21c0d59086e75fcc1f9d8f6b\",\"name\":\"hotnewsinworld\",\"image\":{\"@type\":\"ImageObject\",\"inLanguage\":\"hu\",\"@id\":\"https:\\\/\\\/secure.gravatar.com\\\/avatar\\\/8a09ac165600ce2e1c38fe593c63928eb1e6e7ba5c5a907d67787c41b3d00c14?s=96&d=mm&r=g\",\"url\":\"https:\\\/\\\/secure.gravatar.com\\\/avatar\\\/8a09ac165600ce2e1c38fe593c63928eb1e6e7ba5c5a907d67787c41b3d00c14?s=96&d=mm&r=g\",\"contentUrl\":\"https:\\\/\\\/secure.gravatar.com\\\/avatar\\\/8a09ac165600ce2e1c38fe593c63928eb1e6e7ba5c5a907d67787c41b3d00c14?s=96&d=mm&r=g\",\"caption\":\"hotnewsinworld\"},\"url\":\"https:\\\/\\\/hotnewsinworld.com\\\/hu\\\/author\\\/pt\\\/\"}]}<\/script>\n<!-- \/ Yoast SEO plugin. -->","yoast_head_json":{"title":"K\u00f6v\u00e9r L\u00e1szl\u00f3: Alkalmas, tisztess\u00e9ges \u00e9s hozz\u00e1\u00e9rt\u0151 vezet\u0151k kellenek a telep\u00fcl\u00e9s\u00fck \u00e9l\u00e9re - Hot News in World","robots":{"index":"index","follow":"follow","max-snippet":"max-snippet:-1","max-image-preview":"max-image-preview:large","max-video-preview":"max-video-preview:-1"},"canonical":"https:\/\/hotnewsinworld.com\/hu\/kover-laszlo-alkalmas-tisztesseges-es-hozzaerto-vezetok-kellenek-a-telepulesuk-elere\/","og_locale":"hu_HU","og_type":"article","og_title":"K\u00f6v\u00e9r L\u00e1szl\u00f3: Alkalmas, tisztess\u00e9ges \u00e9s hozz\u00e1\u00e9rt\u0151 vezet\u0151k kellenek a telep\u00fcl\u00e9s\u00fck \u00e9l\u00e9re - Hot News in World","og_description":"MTI, 2019. 09. 12. 08:31Az \u00f6nkorm\u00e1nyzati v\u00e1laszt\u00e1sok nem az orsz\u00e1gos politik\u00e1r\u00f3l sz\u00f3lnak, a voksol\u00e1s t\u00e9tje, hogy alkalmas, tisztess\u00e9ges \u00e9s hozz\u00e1\u00e9rt\u0151 vezet\u0151ket tal\u00e1ljanak az emberek telep\u00fcl\u00e9s\u00fck \u00e9l\u00e9re \u2013 jelentette ki az orsz\u00e1ggy\u0171l\u00e9s eln\u00f6ke szerd\u00e1n Szegeden, K\u00f6v\u00e9r L\u00e1szl\u00f3 kifejtette, aki az \u00f6nkorm\u00e1nyzati politik\u00e1t is \u201cmini polg\u00e1rh\u00e1bor\u00fanak\u201d fogja f\u00f6l, az nem alkalmas egy telep\u00fcl\u00e9s vezet\u00e9s\u00e9re.K\u00f6v\u00e9r L\u00e1szl\u00f3 a Tisza-parti [&hellip;]","og_url":"https:\/\/hotnewsinworld.com\/hu\/kover-laszlo-alkalmas-tisztesseges-es-hozzaerto-vezetok-kellenek-a-telepulesuk-elere\/","og_site_name":"Hot News in World","article_published_time":"2019-09-12T06:41:09+00:00","article_modified_time":"2019-09-12T06:41:11+00:00","og_image":[{"width":2880,"height":1920,"url":"https:\/\/hotnewsinworld.com\/hu\/wp-content\/uploads\/sites\/3\/2019\/09\/K\u00f6v\u00e9r-L\u00e1szl\u00f3-Alkalmas-tisztess\u00e9ges-\u00e9s-hozz\u00e1\u00e9rt\u0151-vezet\u0151k-kellenek-a-telep\u00fcl\u00e9s\u00fck.jpg","type":"image\/jpeg"}],"author":"hotnewsinworld","twitter_card":"summary_large_image","twitter_misc":{"Szerz\u0151:":"hotnewsinworld","Becs\u00fclt olvas\u00e1si id\u0151":"4 perc"},"schema":{"@context":"https:\/\/schema.org","@graph":[{"@type":"Article","@id":"https:\/\/hotnewsinworld.com\/hu\/kover-laszlo-alkalmas-tisztesseges-es-hozzaerto-vezetok-kellenek-a-telepulesuk-elere\/#article","isPartOf":{"@id":"https:\/\/hotnewsinworld.com\/hu\/kover-laszlo-alkalmas-tisztesseges-es-hozzaerto-vezetok-kellenek-a-telepulesuk-elere\/"},"author":{"name":"hotnewsinworld","@id":"https:\/\/hotnewsinworld.com\/hu\/#\/schema\/person\/fe61448b21c0d59086e75fcc1f9d8f6b"},"headline":"K\u00f6v\u00e9r L\u00e1szl\u00f3: Alkalmas, tisztess\u00e9ges \u00e9s hozz\u00e1\u00e9rt\u0151 vezet\u0151k kellenek a telep\u00fcl\u00e9s\u00fck \u00e9l\u00e9re","datePublished":"2019-09-12T06:41:09+00:00","dateModified":"2019-09-12T06:41:11+00:00","mainEntityOfPage":{"@id":"https:\/\/hotnewsinworld.com\/hu\/kover-laszlo-alkalmas-tisztesseges-es-hozzaerto-vezetok-kellenek-a-telepulesuk-elere\/"},"wordCount":808,"commentCount":0,"image":{"@id":"https:\/\/hotnewsinworld.com\/hu\/kover-laszlo-alkalmas-tisztesseges-es-hozzaerto-vezetok-kellenek-a-telepulesuk-elere\/#primaryimage"},"thumbnailUrl":"https:\/\/hotnewsinworld.com\/hu\/wp-content\/uploads\/sites\/3\/2019\/09\/K\u00f6v\u00e9r-L\u00e1szl\u00f3-Alkalmas-tisztess\u00e9ges-\u00e9s-hozz\u00e1\u00e9rt\u0151-vezet\u0151k-kellenek-a-telep\u00fcl\u00e9s\u00fck.jpg","articleSection":["LEG\u00daJABB P\u00c9NZ\u00dcGYI H\u00cdREK"],"inLanguage":"hu","potentialAction":[{"@type":"CommentAction","name":"Comment","target":["https:\/\/hotnewsinworld.com\/hu\/kover-laszlo-alkalmas-tisztesseges-es-hozzaerto-vezetok-kellenek-a-telepulesuk-elere\/#respond"]}]},{"@type":"WebPage","@id":"https:\/\/hotnewsinworld.com\/hu\/kover-laszlo-alkalmas-tisztesseges-es-hozzaerto-vezetok-kellenek-a-telepulesuk-elere\/","url":"https:\/\/hotnewsinworld.com\/hu\/kover-laszlo-alkalmas-tisztesseges-es-hozzaerto-vezetok-kellenek-a-telepulesuk-elere\/","name":"K\u00f6v\u00e9r L\u00e1szl\u00f3: Alkalmas, tisztess\u00e9ges \u00e9s hozz\u00e1\u00e9rt\u0151 vezet\u0151k kellenek a telep\u00fcl\u00e9s\u00fck \u00e9l\u00e9re - Hot News in World","isPartOf":{"@id":"https:\/\/hotnewsinworld.com\/hu\/#website"},"primaryImageOfPage":{"@id":"https:\/\/hotnewsinworld.com\/hu\/kover-laszlo-alkalmas-tisztesseges-es-hozzaerto-vezetok-kellenek-a-telepulesuk-elere\/#primaryimage"},"image":{"@id":"https:\/\/hotnewsinworld.com\/hu\/kover-laszlo-alkalmas-tisztesseges-es-hozzaerto-vezetok-kellenek-a-telepulesuk-elere\/#primaryimage"},"thumbnailUrl":"https:\/\/hotnewsinworld.com\/hu\/wp-content\/uploads\/sites\/3\/2019\/09\/K\u00f6v\u00e9r-L\u00e1szl\u00f3-Alkalmas-tisztess\u00e9ges-\u00e9s-hozz\u00e1\u00e9rt\u0151-vezet\u0151k-kellenek-a-telep\u00fcl\u00e9s\u00fck.jpg","datePublished":"2019-09-12T06:41:09+00:00","dateModified":"2019-09-12T06:41:11+00:00","author":{"@id":"https:\/\/hotnewsinworld.com\/hu\/#\/schema\/person\/fe61448b21c0d59086e75fcc1f9d8f6b"},"breadcrumb":{"@id":"https:\/\/hotnewsinworld.com\/hu\/kover-laszlo-alkalmas-tisztesseges-es-hozzaerto-vezetok-kellenek-a-telepulesuk-elere\/#breadcrumb"},"inLanguage":"hu","potentialAction":[{"@type":"ReadAction","target":["https:\/\/hotnewsinworld.com\/hu\/kover-laszlo-alkalmas-tisztesseges-es-hozzaerto-vezetok-kellenek-a-telepulesuk-elere\/"]}]},{"@type":"ImageObject","inLanguage":"hu","@id":"https:\/\/hotnewsinworld.com\/hu\/kover-laszlo-alkalmas-tisztesseges-es-hozzaerto-vezetok-kellenek-a-telepulesuk-elere\/#primaryimage","url":"https:\/\/hotnewsinworld.com\/hu\/wp-content\/uploads\/sites\/3\/2019\/09\/K\u00f6v\u00e9r-L\u00e1szl\u00f3-Alkalmas-tisztess\u00e9ges-\u00e9s-hozz\u00e1\u00e9rt\u0151-vezet\u0151k-kellenek-a-telep\u00fcl\u00e9s\u00fck.jpg","contentUrl":"https:\/\/hotnewsinworld.com\/hu\/wp-content\/uploads\/sites\/3\/2019\/09\/K\u00f6v\u00e9r-L\u00e1szl\u00f3-Alkalmas-tisztess\u00e9ges-\u00e9s-hozz\u00e1\u00e9rt\u0151-vezet\u0151k-kellenek-a-telep\u00fcl\u00e9s\u00fck.jpg","width":2880,"height":1920,"caption":"K\u00f6v\u00e9r L\u00e1szl\u00f3: Alkalmas, tisztess\u00e9ges \u00e9s hozz\u00e1\u00e9rt\u0151 vezet\u0151k kellenek a telep\u00fcl\u00e9s\u00fck \u00e9l\u00e9re"},{"@type":"BreadcrumbList","@id":"https:\/\/hotnewsinworld.com\/hu\/kover-laszlo-alkalmas-tisztesseges-es-hozzaerto-vezetok-kellenek-a-telepulesuk-elere\/#breadcrumb","itemListElement":[{"@type":"ListItem","position":1,"name":"\u0413\u043b\u0430\u0432\u043d\u0430\u044f \u0441\u0442\u0440\u0430\u043d\u0438\u0446\u0430","item":"https:\/\/hotnewsinworld.com\/hu\/"},{"@type":"ListItem","position":2,"name":"K\u00f6v\u00e9r L\u00e1szl\u00f3: Alkalmas, tisztess\u00e9ges \u00e9s hozz\u00e1\u00e9rt\u0151 vezet\u0151k kellenek a telep\u00fcl\u00e9s\u00fck \u00e9l\u00e9re"}]},{"@type":"WebSite","@id":"https:\/\/hotnewsinworld.com\/hu\/#website","url":"https:\/\/hotnewsinworld.com\/hu\/","name":"Hot News in World","description":"Hot News in World from Hungary","potentialAction":[{"@type":"SearchAction","target":{"@type":"EntryPoint","urlTemplate":"https:\/\/hotnewsinworld.com\/hu\/?s={search_term_string}"},"query-input":{"@type":"PropertyValueSpecification","valueRequired":true,"valueName":"search_term_string"}}],"inLanguage":"hu"},{"@type":"Person","@id":"https:\/\/hotnewsinworld.com\/hu\/#\/schema\/person\/fe61448b21c0d59086e75fcc1f9d8f6b","name":"hotnewsinworld","image":{"@type":"ImageObject","inLanguage":"hu","@id":"https:\/\/secure.gravatar.com\/avatar\/8a09ac165600ce2e1c38fe593c63928eb1e6e7ba5c5a907d67787c41b3d00c14?s=96&d=mm&r=g","url":"https:\/\/secure.gravatar.com\/avatar\/8a09ac165600ce2e1c38fe593c63928eb1e6e7ba5c5a907d67787c41b3d00c14?s=96&d=mm&r=g","contentUrl":"https:\/\/secure.gravatar.com\/avatar\/8a09ac165600ce2e1c38fe593c63928eb1e6e7ba5c5a907d67787c41b3d00c14?s=96&d=mm&r=g","caption":"hotnewsinworld"},"url":"https:\/\/hotnewsinworld.com\/hu\/author\/pt\/"}]}},"_links":{"self":[{"href":"https:\/\/hotnewsinworld.com\/hu\/wp-json\/wp\/v2\/posts\/1944","targetHints":{"allow":["GET"]}}],"collection":[{"href":"https:\/\/hotnewsinworld.com\/hu\/wp-json\/wp\/v2\/posts"}],"about":[{"href":"https:\/\/hotnewsinworld.com\/hu\/wp-json\/wp\/v2\/types\/post"}],"author":[{"embeddable":true,"href":"https:\/\/hotnewsinworld.com\/hu\/wp-json\/wp\/v2\/users\/2"}],"replies":[{"embeddable":true,"href":"https:\/\/hotnewsinworld.com\/hu\/wp-json\/wp\/v2\/comments?post=1944"}],"version-history":[{"count":1,"href":"https:\/\/hotnewsinworld.com\/hu\/wp-json\/wp\/v2\/posts\/1944\/revisions"}],"predecessor-version":[{"id":1946,"href":"https:\/\/hotnewsinworld.com\/hu\/wp-json\/wp\/v2\/posts\/1944\/revisions\/1946"}],"wp:featuredmedia":[{"embeddable":true,"href":"https:\/\/hotnewsinworld.com\/hu\/wp-json\/wp\/v2\/media\/1945"}],"wp:attachment":[{"href":"https:\/\/hotnewsinworld.com\/hu\/wp-json\/wp\/v2\/media?parent=1944"}],"wp:term":[{"taxonomy":"category","embeddable":true,"href":"https:\/\/hotnewsinworld.com\/hu\/wp-json\/wp\/v2\/categories?post=1944"},{"taxonomy":"post_tag","embeddable":true,"href":"https:\/\/hotnewsinworld.com\/hu\/wp-json\/wp\/v2\/tags?post=1944"}],"curies":[{"name":"wp","href":"https:\/\/api.w.org\/{rel}","templated":true}]}}