{"id":1950,"date":"2019-09-12T12:30:44","date_gmt":"2019-09-12T09:30:44","guid":{"rendered":"https:\/\/hotnewsinworld.com\/hu\/kosa-lajos-nyilvanvalo-hogy-nincs-osszefugges-akozott-hogy-a-nemzet-egyik-legjobb-szinesze-a-kerulettol-valamilyen-tamogatast-kap-es-beszall-a-fidesz-kampanyba\/"},"modified":"2019-09-12T12:30:46","modified_gmt":"2019-09-12T09:30:46","slug":"kosa-lajos-nyilvanvalo-hogy-nincs-osszefugges-akozott-hogy-a-nemzet-egyik-legjobb-szinesze-a-kerulettol-valamilyen-tamogatast-kap-es-beszall-a-fidesz-kampanyba","status":"publish","type":"post","link":"https:\/\/hotnewsinworld.com\/hu\/kosa-lajos-nyilvanvalo-hogy-nincs-osszefugges-akozott-hogy-a-nemzet-egyik-legjobb-szinesze-a-kerulettol-valamilyen-tamogatast-kap-es-beszall-a-fidesz-kampanyba\/","title":{"rendered":"K\u00f3sa Lajos: Nyilv\u00e1nval\u00f3, hogy nincs \u00f6sszef\u00fcgg\u00e9s ak\u00f6z\u00f6tt, hogy a nemzet egyik legjobb sz\u00edn\u00e9sze a ker\u00fclett\u0151l valamilyen t\u00e1mogat\u00e1st kap \u00e9s besz\u00e1ll a Fidesz-kamp\u00e1nyba"},"content":{"rendered":"<p>K\u00e9t fideszes is megsz\u00f3lalt az \u00fajabb ferencv\u00e1rosi botr\u00e1ny \u00fcgy\u00e9ben. Kedden \u00edrtuk meg, hogy\u00a0B\u00e1cskai J\u00e1nos 9. ker\u00fcleti polg\u00e1rmester soron k\u00edv\u00fcl javasolta, hogy Reviczky G\u00e1bor egy 2,5 szob\u00e1s, 82,27 m\u00b2 alapter\u00fclet\u0171 \u00f6sszkomfortos \u00f6nkorm\u00e1nyzati lak\u00e1sba k\u00f6lt\u00f6zhet a Ferenc t\u00e9ren.\u00a0 N\u00e9gy nappal a d\u00f6nt\u00e9s ut\u00e1n, szeptember 8-\u00e1n B\u00e1cskai J\u00e1nos Facebook-oldal\u00e1n b\u00fcszk\u00e9n mutatta be az \u0151t t\u00e1mogat\u00f3kat, k\u00f6zt\u00fck a sz\u00edn\u00e9szt. A fot\u00f3hoz azt \u00edrta: \u201eElk\u00e9sz\u00fclt hivatalosan is a k\u00e9pvisel\u0151jel\u00f6ltekkel, ferencv\u00e1rosi bar\u00e1tainkkal \u00e9s t\u00e1mogat\u00f3inkkal a k\u00f6z\u00f6s fot\u00f3? \u00c9rdemes n\u00e9zegetni mert sok szeretett sportol\u00f3, sz\u00edn\u00e9sz is felbukkan k\u00f6zt\u00fck. Csupa kedves ember!? K\u00f6sz\u00f6n\u00f6m, hogy egy h\u00edv\u00f3 sz\u00f3ra elj\u00f6ttetek!?\u201d.Az RTL Klub szerette volna megk\u00e9rdezni az \u00fcgyr\u0151l B\u00e1cskai J\u00e1nost, aki a megkeres\u00e9s\u00e9re k\u00f6zlem\u00e9nyben v\u00e1laszolt. Azt \u00edrta, \u201eReviczky G\u00e1bor sz\u00e1m\u00e1ra t\u00f6rv\u00e9nyes \u00e9s m\u00e9lt\u00e1nyos a piaci alap\u00fa a lak\u00e1sb\u00e9rlet Ferencv\u00e1rosban\u201d. Megsz\u00f3lalt viszont K\u00f3sa Lajos, a Fidesz v\u00e1laszt\u00e1si kamp\u00e1nyf\u0151n\u00f6ke, aki szerint \u201enyilv\u00e1nval\u00f3, hogy nincs \u00f6sszef\u00fcgg\u00e9s ak\u00f6z\u00f6tt, hogy a nemzet egyik legjobb sz\u00edn\u00e9sze a ker\u00fclett\u0151l valamilyen t\u00e1mogat\u00e1st kap, \u00e9s besz\u00e1ll a Fidesz-kamp\u00e1nyba. Az RTL Klub kereste Reviczky G\u00e1bort is, de nem \u00e9rt\u00e9k utol.\u00a0<\/p>\n<p>A sz\u00edn\u00e9sz m\u00e1r 2014-ben a T\u00e9nyekben arr\u00f3l panaszkodott, hogy gondot okoz neki a bej\u00e1r\u00e1s r\u00e1ckevei h\u00e1z\u00e1b\u00f3l, \u00e9s hogy minden megkeresett fill\u00e9re a parkol\u00e1sra megy el.<\/p>\n<p>            Kapcsol\u00f3d\u00f3<\/p>\n<p>\n<!--noindex--><br \/>\n<a href=\"https:\/\/hirek.oldal.info\/rssclick\/14390855\" rel=\"nofollow\">Source link <\/a><br \/>\n<!--\/noindex--><\/p>\n","protected":false},"excerpt":{"rendered":"<p>K\u00e9t fideszes is megsz\u00f3lalt az \u00fajabb ferencv\u00e1rosi botr\u00e1ny \u00fcgy\u00e9ben. Kedden \u00edrtuk meg, hogy\u00a0B\u00e1cskai J\u00e1nos 9. ker\u00fcleti polg\u00e1rmester soron k\u00edv\u00fcl javasolta, hogy Reviczky G\u00e1bor egy 2,5 szob\u00e1s, 82,27 m\u00b2 alapter\u00fclet\u0171 \u00f6sszkomfortos \u00f6nkorm\u00e1nyzati lak\u00e1sba k\u00f6lt\u00f6zhet a Ferenc t\u00e9ren.\u00a0 N\u00e9gy nappal a d\u00f6nt\u00e9s ut\u00e1n, szeptember 8-\u00e1n B\u00e1cskai J\u00e1nos Facebook-oldal\u00e1n b\u00fcszk\u00e9n mutatta be az \u0151t t\u00e1mogat\u00f3kat, k\u00f6zt\u00fck a sz\u00edn\u00e9szt. [&hellip;]<\/p>\n","protected":false},"author":2,"featured_media":1951,"comment_status":"open","ping_status":"open","sticky":false,"template":"","format":"standard","meta":{"footnotes":""},"categories":[1],"tags":[],"class_list":["post-1950","post","type-post","status-publish","format-standard","has-post-thumbnail","hentry","category-legujabb-penzugyi-hirek"],"yoast_head":"<!-- This site is optimized with the Yoast SEO plugin v27.4 - https:\/\/yoast.com\/product\/yoast-seo-wordpress\/ -->\n<title>K\u00f3sa Lajos: Nyilv\u00e1nval\u00f3, hogy nincs \u00f6sszef\u00fcgg\u00e9s ak\u00f6z\u00f6tt, hogy a nemzet egyik legjobb sz\u00edn\u00e9sze a ker\u00fclett\u0151l valamilyen t\u00e1mogat\u00e1st kap \u00e9s besz\u00e1ll a Fidesz-kamp\u00e1nyba - Hot News in World<\/title>\n<meta name=\"robots\" content=\"index, follow, max-snippet:-1, max-image-preview:large, max-video-preview:-1\" \/>\n<link rel=\"canonical\" href=\"https:\/\/hotnewsinworld.com\/hu\/kosa-lajos-nyilvanvalo-hogy-nincs-osszefugges-akozott-hogy-a-nemzet-egyik-legjobb-szinesze-a-kerulettol-valamilyen-tamogatast-kap-es-beszall-a-fidesz-kampanyba\/\" \/>\n<meta property=\"og:locale\" content=\"hu_HU\" \/>\n<meta property=\"og:type\" content=\"article\" \/>\n<meta property=\"og:title\" content=\"K\u00f3sa Lajos: Nyilv\u00e1nval\u00f3, hogy nincs \u00f6sszef\u00fcgg\u00e9s ak\u00f6z\u00f6tt, hogy a nemzet egyik legjobb sz\u00edn\u00e9sze a ker\u00fclett\u0151l valamilyen t\u00e1mogat\u00e1st kap \u00e9s besz\u00e1ll a Fidesz-kamp\u00e1nyba - Hot News in World\" \/>\n<meta property=\"og:description\" content=\"K\u00e9t fideszes is megsz\u00f3lalt az \u00fajabb ferencv\u00e1rosi botr\u00e1ny \u00fcgy\u00e9ben. Kedden \u00edrtuk meg, hogy\u00a0B\u00e1cskai J\u00e1nos 9. ker\u00fcleti polg\u00e1rmester soron k\u00edv\u00fcl javasolta, hogy Reviczky G\u00e1bor egy 2,5 szob\u00e1s, 82,27 m\u00b2 alapter\u00fclet\u0171 \u00f6sszkomfortos \u00f6nkorm\u00e1nyzati lak\u00e1sba k\u00f6lt\u00f6zhet a Ferenc t\u00e9ren.\u00a0 N\u00e9gy nappal a d\u00f6nt\u00e9s ut\u00e1n, szeptember 8-\u00e1n B\u00e1cskai J\u00e1nos Facebook-oldal\u00e1n b\u00fcszk\u00e9n mutatta be az \u0151t t\u00e1mogat\u00f3kat, k\u00f6zt\u00fck a sz\u00edn\u00e9szt. [&hellip;]\" \/>\n<meta property=\"og:url\" content=\"https:\/\/hotnewsinworld.com\/hu\/kosa-lajos-nyilvanvalo-hogy-nincs-osszefugges-akozott-hogy-a-nemzet-egyik-legjobb-szinesze-a-kerulettol-valamilyen-tamogatast-kap-es-beszall-a-fidesz-kampanyba\/\" \/>\n<meta property=\"og:site_name\" content=\"Hot News in World\" \/>\n<meta property=\"article:published_time\" content=\"2019-09-12T09:30:44+00:00\" \/>\n<meta property=\"article:modified_time\" content=\"2019-09-12T09:30:46+00:00\" \/>\n<meta property=\"og:image\" content=\"https:\/\/hotnewsinworld.com\/hu\/wp-content\/uploads\/sites\/3\/2019\/09\/K\u00f3sa-Lajos-Nyilv\u00e1nval\u00f3-hogy-nincs-\u00f6sszef\u00fcgg\u00e9s-ak\u00f6z\u00f6tt-hogy-a-nemzet.jpeg\" \/>\n\t<meta property=\"og:image:width\" content=\"1160\" \/>\n\t<meta property=\"og:image:height\" content=\"773\" \/>\n\t<meta property=\"og:image:type\" content=\"image\/jpeg\" \/>\n<meta name=\"author\" content=\"hotnewsinworld\" \/>\n<meta name=\"twitter:card\" content=\"summary_large_image\" \/>\n<meta name=\"twitter:label1\" content=\"Szerz\u0151:\" \/>\n\t<meta name=\"twitter:data1\" content=\"hotnewsinworld\" \/>\n\t<meta name=\"twitter:label2\" content=\"Becs\u00fclt olvas\u00e1si id\u0151\" \/>\n\t<meta name=\"twitter:data2\" content=\"1 perc\" \/>\n<script type=\"application\/ld+json\" class=\"yoast-schema-graph\">{\"@context\":\"https:\\\/\\\/schema.org\",\"@graph\":[{\"@type\":\"Article\",\"@id\":\"https:\\\/\\\/hotnewsinworld.com\\\/hu\\\/kosa-lajos-nyilvanvalo-hogy-nincs-osszefugges-akozott-hogy-a-nemzet-egyik-legjobb-szinesze-a-kerulettol-valamilyen-tamogatast-kap-es-beszall-a-fidesz-kampanyba\\\/#article\",\"isPartOf\":{\"@id\":\"https:\\\/\\\/hotnewsinworld.com\\\/hu\\\/kosa-lajos-nyilvanvalo-hogy-nincs-osszefugges-akozott-hogy-a-nemzet-egyik-legjobb-szinesze-a-kerulettol-valamilyen-tamogatast-kap-es-beszall-a-fidesz-kampanyba\\\/\"},\"author\":{\"name\":\"hotnewsinworld\",\"@id\":\"https:\\\/\\\/hotnewsinworld.com\\\/hu\\\/#\\\/schema\\\/person\\\/fe61448b21c0d59086e75fcc1f9d8f6b\"},\"headline\":\"K\u00f3sa Lajos: Nyilv\u00e1nval\u00f3, hogy nincs \u00f6sszef\u00fcgg\u00e9s ak\u00f6z\u00f6tt, hogy a nemzet egyik legjobb sz\u00edn\u00e9sze a ker\u00fclett\u0151l valamilyen t\u00e1mogat\u00e1st kap \u00e9s besz\u00e1ll a Fidesz-kamp\u00e1nyba\",\"datePublished\":\"2019-09-12T09:30:44+00:00\",\"dateModified\":\"2019-09-12T09:30:46+00:00\",\"mainEntityOfPage\":{\"@id\":\"https:\\\/\\\/hotnewsinworld.com\\\/hu\\\/kosa-lajos-nyilvanvalo-hogy-nincs-osszefugges-akozott-hogy-a-nemzet-egyik-legjobb-szinesze-a-kerulettol-valamilyen-tamogatast-kap-es-beszall-a-fidesz-kampanyba\\\/\"},\"wordCount\":335,\"commentCount\":0,\"image\":{\"@id\":\"https:\\\/\\\/hotnewsinworld.com\\\/hu\\\/kosa-lajos-nyilvanvalo-hogy-nincs-osszefugges-akozott-hogy-a-nemzet-egyik-legjobb-szinesze-a-kerulettol-valamilyen-tamogatast-kap-es-beszall-a-fidesz-kampanyba\\\/#primaryimage\"},\"thumbnailUrl\":\"https:\\\/\\\/hotnewsinworld.com\\\/hu\\\/wp-content\\\/uploads\\\/sites\\\/3\\\/2019\\\/09\\\/K\u00f3sa-Lajos-Nyilv\u00e1nval\u00f3-hogy-nincs-\u00f6sszef\u00fcgg\u00e9s-ak\u00f6z\u00f6tt-hogy-a-nemzet.jpeg\",\"articleSection\":[\"LEG\u00daJABB P\u00c9NZ\u00dcGYI H\u00cdREK\"],\"inLanguage\":\"hu\",\"potentialAction\":[{\"@type\":\"CommentAction\",\"name\":\"Comment\",\"target\":[\"https:\\\/\\\/hotnewsinworld.com\\\/hu\\\/kosa-lajos-nyilvanvalo-hogy-nincs-osszefugges-akozott-hogy-a-nemzet-egyik-legjobb-szinesze-a-kerulettol-valamilyen-tamogatast-kap-es-beszall-a-fidesz-kampanyba\\\/#respond\"]}]},{\"@type\":\"WebPage\",\"@id\":\"https:\\\/\\\/hotnewsinworld.com\\\/hu\\\/kosa-lajos-nyilvanvalo-hogy-nincs-osszefugges-akozott-hogy-a-nemzet-egyik-legjobb-szinesze-a-kerulettol-valamilyen-tamogatast-kap-es-beszall-a-fidesz-kampanyba\\\/\",\"url\":\"https:\\\/\\\/hotnewsinworld.com\\\/hu\\\/kosa-lajos-nyilvanvalo-hogy-nincs-osszefugges-akozott-hogy-a-nemzet-egyik-legjobb-szinesze-a-kerulettol-valamilyen-tamogatast-kap-es-beszall-a-fidesz-kampanyba\\\/\",\"name\":\"K\u00f3sa Lajos: Nyilv\u00e1nval\u00f3, hogy nincs \u00f6sszef\u00fcgg\u00e9s ak\u00f6z\u00f6tt, hogy a nemzet egyik legjobb sz\u00edn\u00e9sze a ker\u00fclett\u0151l valamilyen t\u00e1mogat\u00e1st kap \u00e9s besz\u00e1ll a Fidesz-kamp\u00e1nyba - Hot News in World\",\"isPartOf\":{\"@id\":\"https:\\\/\\\/hotnewsinworld.com\\\/hu\\\/#website\"},\"primaryImageOfPage\":{\"@id\":\"https:\\\/\\\/hotnewsinworld.com\\\/hu\\\/kosa-lajos-nyilvanvalo-hogy-nincs-osszefugges-akozott-hogy-a-nemzet-egyik-legjobb-szinesze-a-kerulettol-valamilyen-tamogatast-kap-es-beszall-a-fidesz-kampanyba\\\/#primaryimage\"},\"image\":{\"@id\":\"https:\\\/\\\/hotnewsinworld.com\\\/hu\\\/kosa-lajos-nyilvanvalo-hogy-nincs-osszefugges-akozott-hogy-a-nemzet-egyik-legjobb-szinesze-a-kerulettol-valamilyen-tamogatast-kap-es-beszall-a-fidesz-kampanyba\\\/#primaryimage\"},\"thumbnailUrl\":\"https:\\\/\\\/hotnewsinworld.com\\\/hu\\\/wp-content\\\/uploads\\\/sites\\\/3\\\/2019\\\/09\\\/K\u00f3sa-Lajos-Nyilv\u00e1nval\u00f3-hogy-nincs-\u00f6sszef\u00fcgg\u00e9s-ak\u00f6z\u00f6tt-hogy-a-nemzet.jpeg\",\"datePublished\":\"2019-09-12T09:30:44+00:00\",\"dateModified\":\"2019-09-12T09:30:46+00:00\",\"author\":{\"@id\":\"https:\\\/\\\/hotnewsinworld.com\\\/hu\\\/#\\\/schema\\\/person\\\/fe61448b21c0d59086e75fcc1f9d8f6b\"},\"breadcrumb\":{\"@id\":\"https:\\\/\\\/hotnewsinworld.com\\\/hu\\\/kosa-lajos-nyilvanvalo-hogy-nincs-osszefugges-akozott-hogy-a-nemzet-egyik-legjobb-szinesze-a-kerulettol-valamilyen-tamogatast-kap-es-beszall-a-fidesz-kampanyba\\\/#breadcrumb\"},\"inLanguage\":\"hu\",\"potentialAction\":[{\"@type\":\"ReadAction\",\"target\":[\"https:\\\/\\\/hotnewsinworld.com\\\/hu\\\/kosa-lajos-nyilvanvalo-hogy-nincs-osszefugges-akozott-hogy-a-nemzet-egyik-legjobb-szinesze-a-kerulettol-valamilyen-tamogatast-kap-es-beszall-a-fidesz-kampanyba\\\/\"]}]},{\"@type\":\"ImageObject\",\"inLanguage\":\"hu\",\"@id\":\"https:\\\/\\\/hotnewsinworld.com\\\/hu\\\/kosa-lajos-nyilvanvalo-hogy-nincs-osszefugges-akozott-hogy-a-nemzet-egyik-legjobb-szinesze-a-kerulettol-valamilyen-tamogatast-kap-es-beszall-a-fidesz-kampanyba\\\/#primaryimage\",\"url\":\"https:\\\/\\\/hotnewsinworld.com\\\/hu\\\/wp-content\\\/uploads\\\/sites\\\/3\\\/2019\\\/09\\\/K\u00f3sa-Lajos-Nyilv\u00e1nval\u00f3-hogy-nincs-\u00f6sszef\u00fcgg\u00e9s-ak\u00f6z\u00f6tt-hogy-a-nemzet.jpeg\",\"contentUrl\":\"https:\\\/\\\/hotnewsinworld.com\\\/hu\\\/wp-content\\\/uploads\\\/sites\\\/3\\\/2019\\\/09\\\/K\u00f3sa-Lajos-Nyilv\u00e1nval\u00f3-hogy-nincs-\u00f6sszef\u00fcgg\u00e9s-ak\u00f6z\u00f6tt-hogy-a-nemzet.jpeg\",\"width\":1160,\"height\":773,\"caption\":\"K\u00f3sa Lajos: Nyilv\u00e1nval\u00f3, hogy nincs \u00f6sszef\u00fcgg\u00e9s ak\u00f6z\u00f6tt, hogy a nemzet egyik legjobb sz\u00edn\u00e9sze a ker\u00fclett\u0151l valamilyen t\u00e1mogat\u00e1st kap \u00e9s besz\u00e1ll a Fidesz-kamp\u00e1nyba\"},{\"@type\":\"BreadcrumbList\",\"@id\":\"https:\\\/\\\/hotnewsinworld.com\\\/hu\\\/kosa-lajos-nyilvanvalo-hogy-nincs-osszefugges-akozott-hogy-a-nemzet-egyik-legjobb-szinesze-a-kerulettol-valamilyen-tamogatast-kap-es-beszall-a-fidesz-kampanyba\\\/#breadcrumb\",\"itemListElement\":[{\"@type\":\"ListItem\",\"position\":1,\"name\":\"\u0413\u043b\u0430\u0432\u043d\u0430\u044f \u0441\u0442\u0440\u0430\u043d\u0438\u0446\u0430\",\"item\":\"https:\\\/\\\/hotnewsinworld.com\\\/hu\\\/\"},{\"@type\":\"ListItem\",\"position\":2,\"name\":\"K\u00f3sa Lajos: Nyilv\u00e1nval\u00f3, hogy nincs \u00f6sszef\u00fcgg\u00e9s ak\u00f6z\u00f6tt, hogy a nemzet egyik legjobb sz\u00edn\u00e9sze a ker\u00fclett\u0151l valamilyen t\u00e1mogat\u00e1st kap \u00e9s besz\u00e1ll a Fidesz-kamp\u00e1nyba\"}]},{\"@type\":\"WebSite\",\"@id\":\"https:\\\/\\\/hotnewsinworld.com\\\/hu\\\/#website\",\"url\":\"https:\\\/\\\/hotnewsinworld.com\\\/hu\\\/\",\"name\":\"Hot News in World\",\"description\":\"Hot News in World from Hungary\",\"potentialAction\":[{\"@type\":\"SearchAction\",\"target\":{\"@type\":\"EntryPoint\",\"urlTemplate\":\"https:\\\/\\\/hotnewsinworld.com\\\/hu\\\/?s={search_term_string}\"},\"query-input\":{\"@type\":\"PropertyValueSpecification\",\"valueRequired\":true,\"valueName\":\"search_term_string\"}}],\"inLanguage\":\"hu\"},{\"@type\":\"Person\",\"@id\":\"https:\\\/\\\/hotnewsinworld.com\\\/hu\\\/#\\\/schema\\\/person\\\/fe61448b21c0d59086e75fcc1f9d8f6b\",\"name\":\"hotnewsinworld\",\"image\":{\"@type\":\"ImageObject\",\"inLanguage\":\"hu\",\"@id\":\"https:\\\/\\\/secure.gravatar.com\\\/avatar\\\/8a09ac165600ce2e1c38fe593c63928eb1e6e7ba5c5a907d67787c41b3d00c14?s=96&d=mm&r=g\",\"url\":\"https:\\\/\\\/secure.gravatar.com\\\/avatar\\\/8a09ac165600ce2e1c38fe593c63928eb1e6e7ba5c5a907d67787c41b3d00c14?s=96&d=mm&r=g\",\"contentUrl\":\"https:\\\/\\\/secure.gravatar.com\\\/avatar\\\/8a09ac165600ce2e1c38fe593c63928eb1e6e7ba5c5a907d67787c41b3d00c14?s=96&d=mm&r=g\",\"caption\":\"hotnewsinworld\"},\"url\":\"https:\\\/\\\/hotnewsinworld.com\\\/hu\\\/author\\\/pt\\\/\"}]}<\/script>\n<!-- \/ Yoast SEO plugin. -->","yoast_head_json":{"title":"K\u00f3sa Lajos: Nyilv\u00e1nval\u00f3, hogy nincs \u00f6sszef\u00fcgg\u00e9s ak\u00f6z\u00f6tt, hogy a nemzet egyik legjobb sz\u00edn\u00e9sze a ker\u00fclett\u0151l valamilyen t\u00e1mogat\u00e1st kap \u00e9s besz\u00e1ll a Fidesz-kamp\u00e1nyba - Hot News in World","robots":{"index":"index","follow":"follow","max-snippet":"max-snippet:-1","max-image-preview":"max-image-preview:large","max-video-preview":"max-video-preview:-1"},"canonical":"https:\/\/hotnewsinworld.com\/hu\/kosa-lajos-nyilvanvalo-hogy-nincs-osszefugges-akozott-hogy-a-nemzet-egyik-legjobb-szinesze-a-kerulettol-valamilyen-tamogatast-kap-es-beszall-a-fidesz-kampanyba\/","og_locale":"hu_HU","og_type":"article","og_title":"K\u00f3sa Lajos: Nyilv\u00e1nval\u00f3, hogy nincs \u00f6sszef\u00fcgg\u00e9s ak\u00f6z\u00f6tt, hogy a nemzet egyik legjobb sz\u00edn\u00e9sze a ker\u00fclett\u0151l valamilyen t\u00e1mogat\u00e1st kap \u00e9s besz\u00e1ll a Fidesz-kamp\u00e1nyba - Hot News in World","og_description":"K\u00e9t fideszes is megsz\u00f3lalt az \u00fajabb ferencv\u00e1rosi botr\u00e1ny \u00fcgy\u00e9ben. Kedden \u00edrtuk meg, hogy\u00a0B\u00e1cskai J\u00e1nos 9. ker\u00fcleti polg\u00e1rmester soron k\u00edv\u00fcl javasolta, hogy Reviczky G\u00e1bor egy 2,5 szob\u00e1s, 82,27 m\u00b2 alapter\u00fclet\u0171 \u00f6sszkomfortos \u00f6nkorm\u00e1nyzati lak\u00e1sba k\u00f6lt\u00f6zhet a Ferenc t\u00e9ren.\u00a0 N\u00e9gy nappal a d\u00f6nt\u00e9s ut\u00e1n, szeptember 8-\u00e1n B\u00e1cskai J\u00e1nos Facebook-oldal\u00e1n b\u00fcszk\u00e9n mutatta be az \u0151t t\u00e1mogat\u00f3kat, k\u00f6zt\u00fck a sz\u00edn\u00e9szt. [&hellip;]","og_url":"https:\/\/hotnewsinworld.com\/hu\/kosa-lajos-nyilvanvalo-hogy-nincs-osszefugges-akozott-hogy-a-nemzet-egyik-legjobb-szinesze-a-kerulettol-valamilyen-tamogatast-kap-es-beszall-a-fidesz-kampanyba\/","og_site_name":"Hot News in World","article_published_time":"2019-09-12T09:30:44+00:00","article_modified_time":"2019-09-12T09:30:46+00:00","og_image":[{"width":1160,"height":773,"url":"https:\/\/hotnewsinworld.com\/hu\/wp-content\/uploads\/sites\/3\/2019\/09\/K\u00f3sa-Lajos-Nyilv\u00e1nval\u00f3-hogy-nincs-\u00f6sszef\u00fcgg\u00e9s-ak\u00f6z\u00f6tt-hogy-a-nemzet.jpeg","type":"image\/jpeg"}],"author":"hotnewsinworld","twitter_card":"summary_large_image","twitter_misc":{"Szerz\u0151:":"hotnewsinworld","Becs\u00fclt olvas\u00e1si id\u0151":"1 perc"},"schema":{"@context":"https:\/\/schema.org","@graph":[{"@type":"Article","@id":"https:\/\/hotnewsinworld.com\/hu\/kosa-lajos-nyilvanvalo-hogy-nincs-osszefugges-akozott-hogy-a-nemzet-egyik-legjobb-szinesze-a-kerulettol-valamilyen-tamogatast-kap-es-beszall-a-fidesz-kampanyba\/#article","isPartOf":{"@id":"https:\/\/hotnewsinworld.com\/hu\/kosa-lajos-nyilvanvalo-hogy-nincs-osszefugges-akozott-hogy-a-nemzet-egyik-legjobb-szinesze-a-kerulettol-valamilyen-tamogatast-kap-es-beszall-a-fidesz-kampanyba\/"},"author":{"name":"hotnewsinworld","@id":"https:\/\/hotnewsinworld.com\/hu\/#\/schema\/person\/fe61448b21c0d59086e75fcc1f9d8f6b"},"headline":"K\u00f3sa Lajos: Nyilv\u00e1nval\u00f3, hogy nincs \u00f6sszef\u00fcgg\u00e9s ak\u00f6z\u00f6tt, hogy a nemzet egyik legjobb sz\u00edn\u00e9sze a ker\u00fclett\u0151l valamilyen t\u00e1mogat\u00e1st kap \u00e9s besz\u00e1ll a Fidesz-kamp\u00e1nyba","datePublished":"2019-09-12T09:30:44+00:00","dateModified":"2019-09-12T09:30:46+00:00","mainEntityOfPage":{"@id":"https:\/\/hotnewsinworld.com\/hu\/kosa-lajos-nyilvanvalo-hogy-nincs-osszefugges-akozott-hogy-a-nemzet-egyik-legjobb-szinesze-a-kerulettol-valamilyen-tamogatast-kap-es-beszall-a-fidesz-kampanyba\/"},"wordCount":335,"commentCount":0,"image":{"@id":"https:\/\/hotnewsinworld.com\/hu\/kosa-lajos-nyilvanvalo-hogy-nincs-osszefugges-akozott-hogy-a-nemzet-egyik-legjobb-szinesze-a-kerulettol-valamilyen-tamogatast-kap-es-beszall-a-fidesz-kampanyba\/#primaryimage"},"thumbnailUrl":"https:\/\/hotnewsinworld.com\/hu\/wp-content\/uploads\/sites\/3\/2019\/09\/K\u00f3sa-Lajos-Nyilv\u00e1nval\u00f3-hogy-nincs-\u00f6sszef\u00fcgg\u00e9s-ak\u00f6z\u00f6tt-hogy-a-nemzet.jpeg","articleSection":["LEG\u00daJABB P\u00c9NZ\u00dcGYI H\u00cdREK"],"inLanguage":"hu","potentialAction":[{"@type":"CommentAction","name":"Comment","target":["https:\/\/hotnewsinworld.com\/hu\/kosa-lajos-nyilvanvalo-hogy-nincs-osszefugges-akozott-hogy-a-nemzet-egyik-legjobb-szinesze-a-kerulettol-valamilyen-tamogatast-kap-es-beszall-a-fidesz-kampanyba\/#respond"]}]},{"@type":"WebPage","@id":"https:\/\/hotnewsinworld.com\/hu\/kosa-lajos-nyilvanvalo-hogy-nincs-osszefugges-akozott-hogy-a-nemzet-egyik-legjobb-szinesze-a-kerulettol-valamilyen-tamogatast-kap-es-beszall-a-fidesz-kampanyba\/","url":"https:\/\/hotnewsinworld.com\/hu\/kosa-lajos-nyilvanvalo-hogy-nincs-osszefugges-akozott-hogy-a-nemzet-egyik-legjobb-szinesze-a-kerulettol-valamilyen-tamogatast-kap-es-beszall-a-fidesz-kampanyba\/","name":"K\u00f3sa Lajos: Nyilv\u00e1nval\u00f3, hogy nincs \u00f6sszef\u00fcgg\u00e9s ak\u00f6z\u00f6tt, hogy a nemzet egyik legjobb sz\u00edn\u00e9sze a ker\u00fclett\u0151l valamilyen t\u00e1mogat\u00e1st kap \u00e9s besz\u00e1ll a Fidesz-kamp\u00e1nyba - Hot News in World","isPartOf":{"@id":"https:\/\/hotnewsinworld.com\/hu\/#website"},"primaryImageOfPage":{"@id":"https:\/\/hotnewsinworld.com\/hu\/kosa-lajos-nyilvanvalo-hogy-nincs-osszefugges-akozott-hogy-a-nemzet-egyik-legjobb-szinesze-a-kerulettol-valamilyen-tamogatast-kap-es-beszall-a-fidesz-kampanyba\/#primaryimage"},"image":{"@id":"https:\/\/hotnewsinworld.com\/hu\/kosa-lajos-nyilvanvalo-hogy-nincs-osszefugges-akozott-hogy-a-nemzet-egyik-legjobb-szinesze-a-kerulettol-valamilyen-tamogatast-kap-es-beszall-a-fidesz-kampanyba\/#primaryimage"},"thumbnailUrl":"https:\/\/hotnewsinworld.com\/hu\/wp-content\/uploads\/sites\/3\/2019\/09\/K\u00f3sa-Lajos-Nyilv\u00e1nval\u00f3-hogy-nincs-\u00f6sszef\u00fcgg\u00e9s-ak\u00f6z\u00f6tt-hogy-a-nemzet.jpeg","datePublished":"2019-09-12T09:30:44+00:00","dateModified":"2019-09-12T09:30:46+00:00","author":{"@id":"https:\/\/hotnewsinworld.com\/hu\/#\/schema\/person\/fe61448b21c0d59086e75fcc1f9d8f6b"},"breadcrumb":{"@id":"https:\/\/hotnewsinworld.com\/hu\/kosa-lajos-nyilvanvalo-hogy-nincs-osszefugges-akozott-hogy-a-nemzet-egyik-legjobb-szinesze-a-kerulettol-valamilyen-tamogatast-kap-es-beszall-a-fidesz-kampanyba\/#breadcrumb"},"inLanguage":"hu","potentialAction":[{"@type":"ReadAction","target":["https:\/\/hotnewsinworld.com\/hu\/kosa-lajos-nyilvanvalo-hogy-nincs-osszefugges-akozott-hogy-a-nemzet-egyik-legjobb-szinesze-a-kerulettol-valamilyen-tamogatast-kap-es-beszall-a-fidesz-kampanyba\/"]}]},{"@type":"ImageObject","inLanguage":"hu","@id":"https:\/\/hotnewsinworld.com\/hu\/kosa-lajos-nyilvanvalo-hogy-nincs-osszefugges-akozott-hogy-a-nemzet-egyik-legjobb-szinesze-a-kerulettol-valamilyen-tamogatast-kap-es-beszall-a-fidesz-kampanyba\/#primaryimage","url":"https:\/\/hotnewsinworld.com\/hu\/wp-content\/uploads\/sites\/3\/2019\/09\/K\u00f3sa-Lajos-Nyilv\u00e1nval\u00f3-hogy-nincs-\u00f6sszef\u00fcgg\u00e9s-ak\u00f6z\u00f6tt-hogy-a-nemzet.jpeg","contentUrl":"https:\/\/hotnewsinworld.com\/hu\/wp-content\/uploads\/sites\/3\/2019\/09\/K\u00f3sa-Lajos-Nyilv\u00e1nval\u00f3-hogy-nincs-\u00f6sszef\u00fcgg\u00e9s-ak\u00f6z\u00f6tt-hogy-a-nemzet.jpeg","width":1160,"height":773,"caption":"K\u00f3sa Lajos: Nyilv\u00e1nval\u00f3, hogy nincs \u00f6sszef\u00fcgg\u00e9s ak\u00f6z\u00f6tt, hogy a nemzet egyik legjobb sz\u00edn\u00e9sze a ker\u00fclett\u0151l valamilyen t\u00e1mogat\u00e1st kap \u00e9s besz\u00e1ll a Fidesz-kamp\u00e1nyba"},{"@type":"BreadcrumbList","@id":"https:\/\/hotnewsinworld.com\/hu\/kosa-lajos-nyilvanvalo-hogy-nincs-osszefugges-akozott-hogy-a-nemzet-egyik-legjobb-szinesze-a-kerulettol-valamilyen-tamogatast-kap-es-beszall-a-fidesz-kampanyba\/#breadcrumb","itemListElement":[{"@type":"ListItem","position":1,"name":"\u0413\u043b\u0430\u0432\u043d\u0430\u044f \u0441\u0442\u0440\u0430\u043d\u0438\u0446\u0430","item":"https:\/\/hotnewsinworld.com\/hu\/"},{"@type":"ListItem","position":2,"name":"K\u00f3sa Lajos: Nyilv\u00e1nval\u00f3, hogy nincs \u00f6sszef\u00fcgg\u00e9s ak\u00f6z\u00f6tt, hogy a nemzet egyik legjobb sz\u00edn\u00e9sze a ker\u00fclett\u0151l valamilyen t\u00e1mogat\u00e1st kap \u00e9s besz\u00e1ll a Fidesz-kamp\u00e1nyba"}]},{"@type":"WebSite","@id":"https:\/\/hotnewsinworld.com\/hu\/#website","url":"https:\/\/hotnewsinworld.com\/hu\/","name":"Hot News in World","description":"Hot News in World from Hungary","potentialAction":[{"@type":"SearchAction","target":{"@type":"EntryPoint","urlTemplate":"https:\/\/hotnewsinworld.com\/hu\/?s={search_term_string}"},"query-input":{"@type":"PropertyValueSpecification","valueRequired":true,"valueName":"search_term_string"}}],"inLanguage":"hu"},{"@type":"Person","@id":"https:\/\/hotnewsinworld.com\/hu\/#\/schema\/person\/fe61448b21c0d59086e75fcc1f9d8f6b","name":"hotnewsinworld","image":{"@type":"ImageObject","inLanguage":"hu","@id":"https:\/\/secure.gravatar.com\/avatar\/8a09ac165600ce2e1c38fe593c63928eb1e6e7ba5c5a907d67787c41b3d00c14?s=96&d=mm&r=g","url":"https:\/\/secure.gravatar.com\/avatar\/8a09ac165600ce2e1c38fe593c63928eb1e6e7ba5c5a907d67787c41b3d00c14?s=96&d=mm&r=g","contentUrl":"https:\/\/secure.gravatar.com\/avatar\/8a09ac165600ce2e1c38fe593c63928eb1e6e7ba5c5a907d67787c41b3d00c14?s=96&d=mm&r=g","caption":"hotnewsinworld"},"url":"https:\/\/hotnewsinworld.com\/hu\/author\/pt\/"}]}},"_links":{"self":[{"href":"https:\/\/hotnewsinworld.com\/hu\/wp-json\/wp\/v2\/posts\/1950","targetHints":{"allow":["GET"]}}],"collection":[{"href":"https:\/\/hotnewsinworld.com\/hu\/wp-json\/wp\/v2\/posts"}],"about":[{"href":"https:\/\/hotnewsinworld.com\/hu\/wp-json\/wp\/v2\/types\/post"}],"author":[{"embeddable":true,"href":"https:\/\/hotnewsinworld.com\/hu\/wp-json\/wp\/v2\/users\/2"}],"replies":[{"embeddable":true,"href":"https:\/\/hotnewsinworld.com\/hu\/wp-json\/wp\/v2\/comments?post=1950"}],"version-history":[{"count":1,"href":"https:\/\/hotnewsinworld.com\/hu\/wp-json\/wp\/v2\/posts\/1950\/revisions"}],"predecessor-version":[{"id":1952,"href":"https:\/\/hotnewsinworld.com\/hu\/wp-json\/wp\/v2\/posts\/1950\/revisions\/1952"}],"wp:featuredmedia":[{"embeddable":true,"href":"https:\/\/hotnewsinworld.com\/hu\/wp-json\/wp\/v2\/media\/1951"}],"wp:attachment":[{"href":"https:\/\/hotnewsinworld.com\/hu\/wp-json\/wp\/v2\/media?parent=1950"}],"wp:term":[{"taxonomy":"category","embeddable":true,"href":"https:\/\/hotnewsinworld.com\/hu\/wp-json\/wp\/v2\/categories?post=1950"},{"taxonomy":"post_tag","embeddable":true,"href":"https:\/\/hotnewsinworld.com\/hu\/wp-json\/wp\/v2\/tags?post=1950"}],"curies":[{"name":"wp","href":"https:\/\/api.w.org\/{rel}","templated":true}]}}