{"id":1956,"date":"2019-09-12T15:12:50","date_gmt":"2019-09-12T12:12:50","guid":{"rendered":"https:\/\/hotnewsinworld.com\/hu\/itt-van-tarlos-istvan-levele-a-vitarol-karacsonynak\/"},"modified":"2019-09-12T15:12:51","modified_gmt":"2019-09-12T12:12:51","slug":"itt-van-tarlos-istvan-levele-a-vitarol-karacsonynak","status":"publish","type":"post","link":"https:\/\/hotnewsinworld.com\/hu\/itt-van-tarlos-istvan-levele-a-vitarol-karacsonynak\/","title":{"rendered":"itt van Tarl\u00f3s Istv\u00e1n levele a vit\u00e1r\u00f3l Kar\u00e1csonynak"},"content":{"rendered":"<p>\t\t\t\tExkluz\u00edv: itt van Tarl\u00f3s Istv\u00e1n levele a vit\u00e1r\u00f3l Kar\u00e1csonynak<\/p>\n<p>    \t\t\t\tA f\u0151polg\u00e1rmester szerint egyre nagyobb a k\u00e1osz a jel\u00f6lti vita k\u00f6r\u00fcl, amire kor\u00e1bban Kar\u00e1csony Gergely h\u00edvta ki \u0151t, majd bejelentkezett Berki Kriszti\u00e1n is r\u00e1.<\/p>\n<p>\t\t\t\t\t\t\t\t\t\t\tTarl\u00f3s Istv\u00e1n level\u00e9t v\u00e1ltoztat\u00e1s n\u00e9lk\u00fcl k\u00f6z\u00f6lj\u00fck:<br \/>\n&#13;<br \/>\n&#8222;V\u00e9gtelen vita a vit\u00e1r\u00f3l?&#13;<br \/>\n\u00a0Egyre nagyobb a k\u00e1osz az agyon rekl\u00e1mozott f\u0151polg\u00e1rmester &#8211; jel\u00f6lti vita k\u00f6r\u00fcl.&#13;<br \/>\nBejelentkezett legut\u00f3bb Berki \u00far is egy szellemesked\u0151 bejegyz\u00e9ssel. Puzs\u00e9r R\u00f3bert is k\u00fczd m\u00e1r &#8211; n\u00e9mi joggal, hiszen 2006 \u2013 ban m\u00e9g az 1 % &#8211; osak is vit\u00e1zhattak.&#13;<br \/>\nKar\u00e1csony \u00far pedig k\u00f6zben levelenk\u00e9nt \u00e1tlagban h\u00e1romszor \u201ekett\u0151nk vit\u00e1j\u00e1t\u201d k\u00f6vetel, mik\u00f6zben a kor\u00e1bbi felvet\u00e9sekor eml\u00edtett felt\u00e9teleimet szab\u00e1lyosan elengedi a f\u00fcle mellett. Az \u0151 \u201efelt\u00e9telei\u201d az ilyenek, hogy \u201eitt \u00e9s most\u201d, \u201e\u00fclve, \u00e1llva, fekve\u201d, vagy sorozatosan nem \u00f6nkorm\u00e1nyzati t\u00e9m\u00e1kat vet fel. Ezek kertel\u00e9sek.&#13;<br \/>\nSz\u00e1nd\u00e9kosan becsapja a k\u00f6zv\u00e9lem\u00e9nyt, mert olyan k\u00e9rd\u00e9sekr\u0151l besz\u00e9l, melyekben a t\u00f6rv\u00e9nyek kiz\u00e1rj\u00e1k az \u00f6nkorm\u00e1nyzatok \u00e9s a f\u0151polg\u00e1rmester cselekv\u00e9si lehet\u0151s\u00e9g\u00e9t.&#13;<br \/>\nCivilszervezeteknek al\u00e1\u00edr olyan \u00edg\u00e9reteket, melyekr\u0151l tudnia kell, hogy nincs is m\u00f3dja betartani.&#13;<br \/>\nEl\u0151re kijelenti, hogy Zugl\u00f3 \u00e1llapot\u00e1r\u00f3l \u0151t k\u00e9rdezni sem lehet.&#13;<br \/>\nAzzal igyekszik tematiz\u00e1lni a kamp\u00e1nyt, hogy a vit\u00e1r\u00f3l vitatkozik.&#13;<br \/>\nEz teljesen \u00e9rtelmetlen.&#13;<br \/>\nMivel a meghat\u00e1roz\u00f3 felt\u00e9teleket nyilv\u00e1nval\u00f3an ker\u00fclgeti, \u00e9s r\u00e1ad\u00e1sul m\u00e9g a vita r\u00e9sztvev\u0151inek k\u00f6re is veszeked\u00e9s t\u00e1rgya, aminek a felt\u00e9telekkel kapcsolatban tov\u00e1bbi kisz\u00e1m\u00edthatatlan k\u00f6vetkezm\u00e9nyei lehetnek, \u00edgy a vit\u00e1r\u00f3l val\u00f3 vit\u00e1t m\u00e9ltatlannak \u00e9s \u00e1ls\u00e1gosnak tartom. Arra j\u00f3, hogy a kamp\u00e1ny ne arr\u00f3l sz\u00f3ljon, amir\u0151l sz\u00f3lnia kell. Am\u00edg a felt\u00e9telek ennyire k\u00f6d\u00f6sek, a vita vit\u00e1j\u00e1r\u00f3l nem k\u00edv\u00e1nok tov\u00e1bb kommunik\u00e1lni.&#13;<br \/>\nBudapest, 2019. szeptember 12.Tisztelettel:\u00a0\u00a0 \u00a0\u00a0\u00a0 \u00a0\u00a0\u00a0 \u00a0\u00a0\u00a0 \u00a0\u00a0\u00a0 \u00a0\u00a0\u00a0 \u00a0\u00a0\u00a0 \u00a0\u00a0\u00a0\u00a0\u00a0 \u00a0\u00a0 \u00a0\u00a0\u00a0 \u00a0\u00a0\u00a0 \u00a0\u00a0\u00a0 \u00a0\u00a0\u00a0 \u00a0\u00a0\u00a0 \u00a0\u00a0\u00a0 \u00a0\u00a0\u00a0 \u00a0\u00a0\u00a0 \u00a0Tarl\u00f3s Istv\u00e1n&#8221;atv.hu<\/p>\n<p>\n<!--noindex--><br \/>\n<a href=\"https:\/\/hirek.oldal.info\/rssclick\/14391414\" rel=\"nofollow\">Source link <\/a><br \/>\n<!--\/noindex--><\/p>\n","protected":false},"excerpt":{"rendered":"<p>Exkluz\u00edv: itt van Tarl\u00f3s Istv\u00e1n levele a vit\u00e1r\u00f3l Kar\u00e1csonynak A f\u0151polg\u00e1rmester szerint egyre nagyobb a k\u00e1osz a jel\u00f6lti vita k\u00f6r\u00fcl, amire kor\u00e1bban Kar\u00e1csony Gergely h\u00edvta ki \u0151t, majd bejelentkezett Berki Kriszti\u00e1n is r\u00e1. Tarl\u00f3s Istv\u00e1n level\u00e9t v\u00e1ltoztat\u00e1s n\u00e9lk\u00fcl k\u00f6z\u00f6lj\u00fck: &#13; &#8222;V\u00e9gtelen vita a vit\u00e1r\u00f3l?&#13; \u00a0Egyre nagyobb a k\u00e1osz az agyon rekl\u00e1mozott f\u0151polg\u00e1rmester &#8211; jel\u00f6lti vita [&hellip;]<\/p>\n","protected":false},"author":2,"featured_media":1957,"comment_status":"open","ping_status":"open","sticky":false,"template":"","format":"standard","meta":{"footnotes":""},"categories":[1],"tags":[],"class_list":["post-1956","post","type-post","status-publish","format-standard","has-post-thumbnail","hentry","category-legujabb-penzugyi-hirek"],"yoast_head":"<!-- This site is optimized with the Yoast SEO plugin v27.4 - https:\/\/yoast.com\/product\/yoast-seo-wordpress\/ -->\n<title>itt van Tarl\u00f3s Istv\u00e1n levele a vit\u00e1r\u00f3l Kar\u00e1csonynak - Hot News in World<\/title>\n<meta name=\"robots\" content=\"index, follow, max-snippet:-1, max-image-preview:large, max-video-preview:-1\" \/>\n<link rel=\"canonical\" href=\"https:\/\/hotnewsinworld.com\/hu\/itt-van-tarlos-istvan-levele-a-vitarol-karacsonynak\/\" \/>\n<meta property=\"og:locale\" content=\"hu_HU\" \/>\n<meta property=\"og:type\" content=\"article\" \/>\n<meta property=\"og:title\" content=\"itt van Tarl\u00f3s Istv\u00e1n levele a vit\u00e1r\u00f3l Kar\u00e1csonynak - Hot News in World\" \/>\n<meta property=\"og:description\" content=\"Exkluz\u00edv: itt van Tarl\u00f3s Istv\u00e1n levele a vit\u00e1r\u00f3l Kar\u00e1csonynak A f\u0151polg\u00e1rmester szerint egyre nagyobb a k\u00e1osz a jel\u00f6lti vita k\u00f6r\u00fcl, amire kor\u00e1bban Kar\u00e1csony Gergely h\u00edvta ki \u0151t, majd bejelentkezett Berki Kriszti\u00e1n is r\u00e1. Tarl\u00f3s Istv\u00e1n level\u00e9t v\u00e1ltoztat\u00e1s n\u00e9lk\u00fcl k\u00f6z\u00f6lj\u00fck: &#013; &#8222;V\u00e9gtelen vita a vit\u00e1r\u00f3l?&#013; \u00a0Egyre nagyobb a k\u00e1osz az agyon rekl\u00e1mozott f\u0151polg\u00e1rmester &#8211; jel\u00f6lti vita [&hellip;]\" \/>\n<meta property=\"og:url\" content=\"https:\/\/hotnewsinworld.com\/hu\/itt-van-tarlos-istvan-levele-a-vitarol-karacsonynak\/\" \/>\n<meta property=\"og:site_name\" content=\"Hot News in World\" \/>\n<meta property=\"article:published_time\" content=\"2019-09-12T12:12:50+00:00\" \/>\n<meta property=\"article:modified_time\" content=\"2019-09-12T12:12:51+00:00\" \/>\n<meta property=\"og:image\" content=\"https:\/\/hotnewsinworld.com\/hu\/wp-content\/uploads\/sites\/3\/2019\/09\/itt-van-Tarl\u00f3s-Istv\u00e1n-levele-a-vit\u00e1r\u00f3l-Kar\u00e1csonynak.jpg\" \/>\n\t<meta property=\"og:image:width\" content=\"600\" \/>\n\t<meta property=\"og:image:height\" content=\"315\" \/>\n\t<meta property=\"og:image:type\" content=\"image\/jpeg\" \/>\n<meta name=\"author\" content=\"hotnewsinworld\" \/>\n<meta name=\"twitter:card\" content=\"summary_large_image\" \/>\n<meta name=\"twitter:label1\" content=\"Szerz\u0151:\" \/>\n\t<meta name=\"twitter:data1\" content=\"hotnewsinworld\" \/>\n\t<meta name=\"twitter:label2\" content=\"Becs\u00fclt olvas\u00e1si id\u0151\" \/>\n\t<meta name=\"twitter:data2\" content=\"2 perc\" \/>\n<script type=\"application\/ld+json\" class=\"yoast-schema-graph\">{\"@context\":\"https:\\\/\\\/schema.org\",\"@graph\":[{\"@type\":\"Article\",\"@id\":\"https:\\\/\\\/hotnewsinworld.com\\\/hu\\\/itt-van-tarlos-istvan-levele-a-vitarol-karacsonynak\\\/#article\",\"isPartOf\":{\"@id\":\"https:\\\/\\\/hotnewsinworld.com\\\/hu\\\/itt-van-tarlos-istvan-levele-a-vitarol-karacsonynak\\\/\"},\"author\":{\"name\":\"hotnewsinworld\",\"@id\":\"https:\\\/\\\/hotnewsinworld.com\\\/hu\\\/#\\\/schema\\\/person\\\/fe61448b21c0d59086e75fcc1f9d8f6b\"},\"headline\":\"itt van Tarl\u00f3s Istv\u00e1n levele a vit\u00e1r\u00f3l Kar\u00e1csonynak\",\"datePublished\":\"2019-09-12T12:12:50+00:00\",\"dateModified\":\"2019-09-12T12:12:51+00:00\",\"mainEntityOfPage\":{\"@id\":\"https:\\\/\\\/hotnewsinworld.com\\\/hu\\\/itt-van-tarlos-istvan-levele-a-vitarol-karacsonynak\\\/\"},\"wordCount\":389,\"commentCount\":0,\"image\":{\"@id\":\"https:\\\/\\\/hotnewsinworld.com\\\/hu\\\/itt-van-tarlos-istvan-levele-a-vitarol-karacsonynak\\\/#primaryimage\"},\"thumbnailUrl\":\"https:\\\/\\\/hotnewsinworld.com\\\/hu\\\/wp-content\\\/uploads\\\/sites\\\/3\\\/2019\\\/09\\\/itt-van-Tarl\u00f3s-Istv\u00e1n-levele-a-vit\u00e1r\u00f3l-Kar\u00e1csonynak.jpg\",\"articleSection\":[\"LEG\u00daJABB P\u00c9NZ\u00dcGYI H\u00cdREK\"],\"inLanguage\":\"hu\",\"potentialAction\":[{\"@type\":\"CommentAction\",\"name\":\"Comment\",\"target\":[\"https:\\\/\\\/hotnewsinworld.com\\\/hu\\\/itt-van-tarlos-istvan-levele-a-vitarol-karacsonynak\\\/#respond\"]}]},{\"@type\":\"WebPage\",\"@id\":\"https:\\\/\\\/hotnewsinworld.com\\\/hu\\\/itt-van-tarlos-istvan-levele-a-vitarol-karacsonynak\\\/\",\"url\":\"https:\\\/\\\/hotnewsinworld.com\\\/hu\\\/itt-van-tarlos-istvan-levele-a-vitarol-karacsonynak\\\/\",\"name\":\"itt van Tarl\u00f3s Istv\u00e1n levele a vit\u00e1r\u00f3l Kar\u00e1csonynak - Hot News in World\",\"isPartOf\":{\"@id\":\"https:\\\/\\\/hotnewsinworld.com\\\/hu\\\/#website\"},\"primaryImageOfPage\":{\"@id\":\"https:\\\/\\\/hotnewsinworld.com\\\/hu\\\/itt-van-tarlos-istvan-levele-a-vitarol-karacsonynak\\\/#primaryimage\"},\"image\":{\"@id\":\"https:\\\/\\\/hotnewsinworld.com\\\/hu\\\/itt-van-tarlos-istvan-levele-a-vitarol-karacsonynak\\\/#primaryimage\"},\"thumbnailUrl\":\"https:\\\/\\\/hotnewsinworld.com\\\/hu\\\/wp-content\\\/uploads\\\/sites\\\/3\\\/2019\\\/09\\\/itt-van-Tarl\u00f3s-Istv\u00e1n-levele-a-vit\u00e1r\u00f3l-Kar\u00e1csonynak.jpg\",\"datePublished\":\"2019-09-12T12:12:50+00:00\",\"dateModified\":\"2019-09-12T12:12:51+00:00\",\"author\":{\"@id\":\"https:\\\/\\\/hotnewsinworld.com\\\/hu\\\/#\\\/schema\\\/person\\\/fe61448b21c0d59086e75fcc1f9d8f6b\"},\"breadcrumb\":{\"@id\":\"https:\\\/\\\/hotnewsinworld.com\\\/hu\\\/itt-van-tarlos-istvan-levele-a-vitarol-karacsonynak\\\/#breadcrumb\"},\"inLanguage\":\"hu\",\"potentialAction\":[{\"@type\":\"ReadAction\",\"target\":[\"https:\\\/\\\/hotnewsinworld.com\\\/hu\\\/itt-van-tarlos-istvan-levele-a-vitarol-karacsonynak\\\/\"]}]},{\"@type\":\"ImageObject\",\"inLanguage\":\"hu\",\"@id\":\"https:\\\/\\\/hotnewsinworld.com\\\/hu\\\/itt-van-tarlos-istvan-levele-a-vitarol-karacsonynak\\\/#primaryimage\",\"url\":\"https:\\\/\\\/hotnewsinworld.com\\\/hu\\\/wp-content\\\/uploads\\\/sites\\\/3\\\/2019\\\/09\\\/itt-van-Tarl\u00f3s-Istv\u00e1n-levele-a-vit\u00e1r\u00f3l-Kar\u00e1csonynak.jpg\",\"contentUrl\":\"https:\\\/\\\/hotnewsinworld.com\\\/hu\\\/wp-content\\\/uploads\\\/sites\\\/3\\\/2019\\\/09\\\/itt-van-Tarl\u00f3s-Istv\u00e1n-levele-a-vit\u00e1r\u00f3l-Kar\u00e1csonynak.jpg\",\"width\":600,\"height\":315,\"caption\":\"itt van Tarl\u00f3s Istv\u00e1n levele a vit\u00e1r\u00f3l Kar\u00e1csonynak\"},{\"@type\":\"BreadcrumbList\",\"@id\":\"https:\\\/\\\/hotnewsinworld.com\\\/hu\\\/itt-van-tarlos-istvan-levele-a-vitarol-karacsonynak\\\/#breadcrumb\",\"itemListElement\":[{\"@type\":\"ListItem\",\"position\":1,\"name\":\"\u0413\u043b\u0430\u0432\u043d\u0430\u044f \u0441\u0442\u0440\u0430\u043d\u0438\u0446\u0430\",\"item\":\"https:\\\/\\\/hotnewsinworld.com\\\/hu\\\/\"},{\"@type\":\"ListItem\",\"position\":2,\"name\":\"itt van Tarl\u00f3s Istv\u00e1n levele a vit\u00e1r\u00f3l Kar\u00e1csonynak\"}]},{\"@type\":\"WebSite\",\"@id\":\"https:\\\/\\\/hotnewsinworld.com\\\/hu\\\/#website\",\"url\":\"https:\\\/\\\/hotnewsinworld.com\\\/hu\\\/\",\"name\":\"Hot News in World\",\"description\":\"Hot News in World from Hungary\",\"potentialAction\":[{\"@type\":\"SearchAction\",\"target\":{\"@type\":\"EntryPoint\",\"urlTemplate\":\"https:\\\/\\\/hotnewsinworld.com\\\/hu\\\/?s={search_term_string}\"},\"query-input\":{\"@type\":\"PropertyValueSpecification\",\"valueRequired\":true,\"valueName\":\"search_term_string\"}}],\"inLanguage\":\"hu\"},{\"@type\":\"Person\",\"@id\":\"https:\\\/\\\/hotnewsinworld.com\\\/hu\\\/#\\\/schema\\\/person\\\/fe61448b21c0d59086e75fcc1f9d8f6b\",\"name\":\"hotnewsinworld\",\"image\":{\"@type\":\"ImageObject\",\"inLanguage\":\"hu\",\"@id\":\"https:\\\/\\\/secure.gravatar.com\\\/avatar\\\/8a09ac165600ce2e1c38fe593c63928eb1e6e7ba5c5a907d67787c41b3d00c14?s=96&d=mm&r=g\",\"url\":\"https:\\\/\\\/secure.gravatar.com\\\/avatar\\\/8a09ac165600ce2e1c38fe593c63928eb1e6e7ba5c5a907d67787c41b3d00c14?s=96&d=mm&r=g\",\"contentUrl\":\"https:\\\/\\\/secure.gravatar.com\\\/avatar\\\/8a09ac165600ce2e1c38fe593c63928eb1e6e7ba5c5a907d67787c41b3d00c14?s=96&d=mm&r=g\",\"caption\":\"hotnewsinworld\"},\"url\":\"https:\\\/\\\/hotnewsinworld.com\\\/hu\\\/author\\\/pt\\\/\"}]}<\/script>\n<!-- \/ Yoast SEO plugin. -->","yoast_head_json":{"title":"itt van Tarl\u00f3s Istv\u00e1n levele a vit\u00e1r\u00f3l Kar\u00e1csonynak - Hot News in World","robots":{"index":"index","follow":"follow","max-snippet":"max-snippet:-1","max-image-preview":"max-image-preview:large","max-video-preview":"max-video-preview:-1"},"canonical":"https:\/\/hotnewsinworld.com\/hu\/itt-van-tarlos-istvan-levele-a-vitarol-karacsonynak\/","og_locale":"hu_HU","og_type":"article","og_title":"itt van Tarl\u00f3s Istv\u00e1n levele a vit\u00e1r\u00f3l Kar\u00e1csonynak - Hot News in World","og_description":"Exkluz\u00edv: itt van Tarl\u00f3s Istv\u00e1n levele a vit\u00e1r\u00f3l Kar\u00e1csonynak A f\u0151polg\u00e1rmester szerint egyre nagyobb a k\u00e1osz a jel\u00f6lti vita k\u00f6r\u00fcl, amire kor\u00e1bban Kar\u00e1csony Gergely h\u00edvta ki \u0151t, majd bejelentkezett Berki Kriszti\u00e1n is r\u00e1. Tarl\u00f3s Istv\u00e1n level\u00e9t v\u00e1ltoztat\u00e1s n\u00e9lk\u00fcl k\u00f6z\u00f6lj\u00fck: &#13; &#8222;V\u00e9gtelen vita a vit\u00e1r\u00f3l?&#13; \u00a0Egyre nagyobb a k\u00e1osz az agyon rekl\u00e1mozott f\u0151polg\u00e1rmester &#8211; jel\u00f6lti vita [&hellip;]","og_url":"https:\/\/hotnewsinworld.com\/hu\/itt-van-tarlos-istvan-levele-a-vitarol-karacsonynak\/","og_site_name":"Hot News in World","article_published_time":"2019-09-12T12:12:50+00:00","article_modified_time":"2019-09-12T12:12:51+00:00","og_image":[{"width":600,"height":315,"url":"https:\/\/hotnewsinworld.com\/hu\/wp-content\/uploads\/sites\/3\/2019\/09\/itt-van-Tarl\u00f3s-Istv\u00e1n-levele-a-vit\u00e1r\u00f3l-Kar\u00e1csonynak.jpg","type":"image\/jpeg"}],"author":"hotnewsinworld","twitter_card":"summary_large_image","twitter_misc":{"Szerz\u0151:":"hotnewsinworld","Becs\u00fclt olvas\u00e1si id\u0151":"2 perc"},"schema":{"@context":"https:\/\/schema.org","@graph":[{"@type":"Article","@id":"https:\/\/hotnewsinworld.com\/hu\/itt-van-tarlos-istvan-levele-a-vitarol-karacsonynak\/#article","isPartOf":{"@id":"https:\/\/hotnewsinworld.com\/hu\/itt-van-tarlos-istvan-levele-a-vitarol-karacsonynak\/"},"author":{"name":"hotnewsinworld","@id":"https:\/\/hotnewsinworld.com\/hu\/#\/schema\/person\/fe61448b21c0d59086e75fcc1f9d8f6b"},"headline":"itt van Tarl\u00f3s Istv\u00e1n levele a vit\u00e1r\u00f3l Kar\u00e1csonynak","datePublished":"2019-09-12T12:12:50+00:00","dateModified":"2019-09-12T12:12:51+00:00","mainEntityOfPage":{"@id":"https:\/\/hotnewsinworld.com\/hu\/itt-van-tarlos-istvan-levele-a-vitarol-karacsonynak\/"},"wordCount":389,"commentCount":0,"image":{"@id":"https:\/\/hotnewsinworld.com\/hu\/itt-van-tarlos-istvan-levele-a-vitarol-karacsonynak\/#primaryimage"},"thumbnailUrl":"https:\/\/hotnewsinworld.com\/hu\/wp-content\/uploads\/sites\/3\/2019\/09\/itt-van-Tarl\u00f3s-Istv\u00e1n-levele-a-vit\u00e1r\u00f3l-Kar\u00e1csonynak.jpg","articleSection":["LEG\u00daJABB P\u00c9NZ\u00dcGYI H\u00cdREK"],"inLanguage":"hu","potentialAction":[{"@type":"CommentAction","name":"Comment","target":["https:\/\/hotnewsinworld.com\/hu\/itt-van-tarlos-istvan-levele-a-vitarol-karacsonynak\/#respond"]}]},{"@type":"WebPage","@id":"https:\/\/hotnewsinworld.com\/hu\/itt-van-tarlos-istvan-levele-a-vitarol-karacsonynak\/","url":"https:\/\/hotnewsinworld.com\/hu\/itt-van-tarlos-istvan-levele-a-vitarol-karacsonynak\/","name":"itt van Tarl\u00f3s Istv\u00e1n levele a vit\u00e1r\u00f3l Kar\u00e1csonynak - Hot News in World","isPartOf":{"@id":"https:\/\/hotnewsinworld.com\/hu\/#website"},"primaryImageOfPage":{"@id":"https:\/\/hotnewsinworld.com\/hu\/itt-van-tarlos-istvan-levele-a-vitarol-karacsonynak\/#primaryimage"},"image":{"@id":"https:\/\/hotnewsinworld.com\/hu\/itt-van-tarlos-istvan-levele-a-vitarol-karacsonynak\/#primaryimage"},"thumbnailUrl":"https:\/\/hotnewsinworld.com\/hu\/wp-content\/uploads\/sites\/3\/2019\/09\/itt-van-Tarl\u00f3s-Istv\u00e1n-levele-a-vit\u00e1r\u00f3l-Kar\u00e1csonynak.jpg","datePublished":"2019-09-12T12:12:50+00:00","dateModified":"2019-09-12T12:12:51+00:00","author":{"@id":"https:\/\/hotnewsinworld.com\/hu\/#\/schema\/person\/fe61448b21c0d59086e75fcc1f9d8f6b"},"breadcrumb":{"@id":"https:\/\/hotnewsinworld.com\/hu\/itt-van-tarlos-istvan-levele-a-vitarol-karacsonynak\/#breadcrumb"},"inLanguage":"hu","potentialAction":[{"@type":"ReadAction","target":["https:\/\/hotnewsinworld.com\/hu\/itt-van-tarlos-istvan-levele-a-vitarol-karacsonynak\/"]}]},{"@type":"ImageObject","inLanguage":"hu","@id":"https:\/\/hotnewsinworld.com\/hu\/itt-van-tarlos-istvan-levele-a-vitarol-karacsonynak\/#primaryimage","url":"https:\/\/hotnewsinworld.com\/hu\/wp-content\/uploads\/sites\/3\/2019\/09\/itt-van-Tarl\u00f3s-Istv\u00e1n-levele-a-vit\u00e1r\u00f3l-Kar\u00e1csonynak.jpg","contentUrl":"https:\/\/hotnewsinworld.com\/hu\/wp-content\/uploads\/sites\/3\/2019\/09\/itt-van-Tarl\u00f3s-Istv\u00e1n-levele-a-vit\u00e1r\u00f3l-Kar\u00e1csonynak.jpg","width":600,"height":315,"caption":"itt van Tarl\u00f3s Istv\u00e1n levele a vit\u00e1r\u00f3l Kar\u00e1csonynak"},{"@type":"BreadcrumbList","@id":"https:\/\/hotnewsinworld.com\/hu\/itt-van-tarlos-istvan-levele-a-vitarol-karacsonynak\/#breadcrumb","itemListElement":[{"@type":"ListItem","position":1,"name":"\u0413\u043b\u0430\u0432\u043d\u0430\u044f \u0441\u0442\u0440\u0430\u043d\u0438\u0446\u0430","item":"https:\/\/hotnewsinworld.com\/hu\/"},{"@type":"ListItem","position":2,"name":"itt van Tarl\u00f3s Istv\u00e1n levele a vit\u00e1r\u00f3l Kar\u00e1csonynak"}]},{"@type":"WebSite","@id":"https:\/\/hotnewsinworld.com\/hu\/#website","url":"https:\/\/hotnewsinworld.com\/hu\/","name":"Hot News in World","description":"Hot News in World from Hungary","potentialAction":[{"@type":"SearchAction","target":{"@type":"EntryPoint","urlTemplate":"https:\/\/hotnewsinworld.com\/hu\/?s={search_term_string}"},"query-input":{"@type":"PropertyValueSpecification","valueRequired":true,"valueName":"search_term_string"}}],"inLanguage":"hu"},{"@type":"Person","@id":"https:\/\/hotnewsinworld.com\/hu\/#\/schema\/person\/fe61448b21c0d59086e75fcc1f9d8f6b","name":"hotnewsinworld","image":{"@type":"ImageObject","inLanguage":"hu","@id":"https:\/\/secure.gravatar.com\/avatar\/8a09ac165600ce2e1c38fe593c63928eb1e6e7ba5c5a907d67787c41b3d00c14?s=96&d=mm&r=g","url":"https:\/\/secure.gravatar.com\/avatar\/8a09ac165600ce2e1c38fe593c63928eb1e6e7ba5c5a907d67787c41b3d00c14?s=96&d=mm&r=g","contentUrl":"https:\/\/secure.gravatar.com\/avatar\/8a09ac165600ce2e1c38fe593c63928eb1e6e7ba5c5a907d67787c41b3d00c14?s=96&d=mm&r=g","caption":"hotnewsinworld"},"url":"https:\/\/hotnewsinworld.com\/hu\/author\/pt\/"}]}},"_links":{"self":[{"href":"https:\/\/hotnewsinworld.com\/hu\/wp-json\/wp\/v2\/posts\/1956","targetHints":{"allow":["GET"]}}],"collection":[{"href":"https:\/\/hotnewsinworld.com\/hu\/wp-json\/wp\/v2\/posts"}],"about":[{"href":"https:\/\/hotnewsinworld.com\/hu\/wp-json\/wp\/v2\/types\/post"}],"author":[{"embeddable":true,"href":"https:\/\/hotnewsinworld.com\/hu\/wp-json\/wp\/v2\/users\/2"}],"replies":[{"embeddable":true,"href":"https:\/\/hotnewsinworld.com\/hu\/wp-json\/wp\/v2\/comments?post=1956"}],"version-history":[{"count":1,"href":"https:\/\/hotnewsinworld.com\/hu\/wp-json\/wp\/v2\/posts\/1956\/revisions"}],"predecessor-version":[{"id":1958,"href":"https:\/\/hotnewsinworld.com\/hu\/wp-json\/wp\/v2\/posts\/1956\/revisions\/1958"}],"wp:featuredmedia":[{"embeddable":true,"href":"https:\/\/hotnewsinworld.com\/hu\/wp-json\/wp\/v2\/media\/1957"}],"wp:attachment":[{"href":"https:\/\/hotnewsinworld.com\/hu\/wp-json\/wp\/v2\/media?parent=1956"}],"wp:term":[{"taxonomy":"category","embeddable":true,"href":"https:\/\/hotnewsinworld.com\/hu\/wp-json\/wp\/v2\/categories?post=1956"},{"taxonomy":"post_tag","embeddable":true,"href":"https:\/\/hotnewsinworld.com\/hu\/wp-json\/wp\/v2\/tags?post=1956"}],"curies":[{"name":"wp","href":"https:\/\/api.w.org\/{rel}","templated":true}]}}