{"id":1962,"date":"2019-09-12T18:11:09","date_gmt":"2019-09-12T15:11:09","guid":{"rendered":"https:\/\/hotnewsinworld.com\/hu\/szezonzaro-ertekezlet-poroszlon-a-magyar-rendorseg-hivatalos-honlapja\/"},"modified":"2019-09-12T18:11:10","modified_gmt":"2019-09-12T15:11:10","slug":"szezonzaro-ertekezlet-poroszlon-a-magyar-rendorseg-hivatalos-honlapja","status":"publish","type":"post","link":"https:\/\/hotnewsinworld.com\/hu\/szezonzaro-ertekezlet-poroszlon-a-magyar-rendorseg-hivatalos-honlapja\/","title":{"rendered":"Szezonz\u00e1r\u00f3 \u00e9rtekezlet Poroszl\u00f3n | A Magyar Rend\u0151rs\u00e9g hivatalos honlapja"},"content":{"rendered":"\n<p>            A Tisza-tavi R\u00e9gi\u00f3s K\u00f6zbiztons\u00e1gi Koordin\u00e1ci\u00f3s Bizotts\u00e1g 2019. szeptember 12-\u00e9n tartotta a Tisza-tavi \u00d6kocentrumban a szezonz\u00e1r\u00f3 \u00e9rt\u00e9kel\u0151 \u00fcl\u00e9s\u00e9t.<\/p>\n<p>            A rendezv\u00e9nyt dr. Urb\u00e1n Zolt\u00e1n rend\u0151r dand\u00e1rt\u00e1bornok, rend\u0151rs\u00e9gi f\u0151tan\u00e1csos, a J\u00e1sz-Nagykun-Szolnok Megyei Rend\u0151r-f\u0151kapit\u00e1nys\u00e1g vezet\u0151je nyitotta meg \u00e9s k\u00f6sz\u00f6nt\u00f6tte a r\u00e9sztvev\u0151ket. A bizotts\u00e1g munk\u00e1j\u00e1r\u00f3l Szit\u00e1r Ferenc rend\u0151r ezredes, rend\u0151rs\u00e9gi f\u0151tan\u00e1csos, a J\u00e1sz-Nagykun-Szolnok Megyei Rend\u0151r-f\u0151kapit\u00e1nys\u00e1g rend\u00e9szeti megyei rend\u0151r-f\u0151kapit\u00e1ny-helyettese adott t\u00e1j\u00e9koztat\u00e1st a jelenl\u00e9v\u0151knek, majd az egy\u00fcttm\u0171k\u00f6d\u0151- \u00e9s t\u00e1rsszervek k\u00e9pvisel\u0151i foglalt\u00e1k \u00f6ssze tev\u00e9kenys\u00e9g\u00fcket.<\/p>\n<p>A Tisza-tavi R\u00e9gi\u00f3s K\u00f6zbiztons\u00e1gi Koordin\u00e1ci\u00f3s Bizotts\u00e1g az idei \u00e9vben egy p\u00e1ly\u00e1zati felh\u00edv\u00e1ssal is \u00e9lt, melyben v\u00e1rta az alkotni v\u00e1gy\u00f3 koll\u00e9g\u00e1k jelentkez\u00e9s\u00e9t. Nevezni b\u00e1rmilyen alkot\u00e1ssal lehetett a t\u00e9m\u00e1ban. A be\u00e9rkezett p\u00e1lyam\u0171vekr\u0151l a k\u00e9s\u0151bbiekben adunk t\u00e1j\u00e9koztat\u00e1st.<\/p>\n<p>Az \u00e9rtekezlet el\u00f6lj\u00e1r\u00f3jak\u00e9nt Lakatos Tibor rend\u0151r ezredes, az Orsz\u00e1gos Rend\u0151r-f\u0151kapit\u00e1nys\u00e1g Rend\u00e9szeti F\u0151igazgat\u00f3s\u00e1g K\u00f6zrendv\u00e9delmi F\u0151oszt\u00e1ly vezet\u0151je megk\u00f6sz\u00f6nte a bizotts\u00e1g munk\u00e1j\u00e1t \u00e9s \u00e9rt\u00e9kelte tev\u00e9kenys\u00e9g\u00e9t.<\/p>\n<p>A bizotts\u00e1gi \u00fcl\u00e9sen dr. Urb\u00e1n Zolt\u00e1n rend\u0151r dand\u00e1rt\u00e1bornok a be\u00e9rkezett p\u00e1lyam\u0171vek alkot\u00f3it, valamint kiemelked\u0151 tev\u00e9kenys\u00e9g\u00fck elismer\u00e9sek\u00e9nt dr. Nagy Tibort, az Oxyteam Orsz\u00e1gos Sportment\u0151szolg\u00e1lat vezet\u0151j\u00e9t, Juh\u00e1sz J\u00f3zsef rend\u0151r t\u00f6rzs\u0151rmester, a Tiszai V\u00edzirend\u00e9szeti Rend\u0151rkapit\u00e1nys\u00e1g Kisk\u00f6rei Rend\u0151r\u0151rs haj\u00f3vezet\u0151j\u00e9t, Flaskay Bal\u00e1zst \u00e9s Kiss Martint a Debreceni Egyetem Eg\u00e9szs\u00e9g\u00fcgyi Kar\u00e1nak ment\u0151tiszt hallgat\u00f3it, \u00e9s K\u00f6v\u00e9r G\u00e1bort, az Orsz\u00e1gos Polg\u00e1r\u0151r Sz\u00f6vets\u00e9g V\u00edzi Polg\u00e1r\u0151r Tagozat eln\u00f6k\u00e9t jutalomban r\u00e9szes\u00edtette.<\/p>\n<p>Az esem\u00e9ny v\u00e9g\u00e9n Szit\u00e1r Ferenc rend\u0151r ezredes \u00e1tadta a k\u00e9pzeletbeli staf\u00e9t\u00e1t a 2020. \u00e9vi szezon soros eln\u00f6ki feladatait ell\u00e1t\u00f3 Heves Megyei Rend\u0151r-f\u0151kapit\u00e1nys\u00e1gnak.<\/p>\n<p>\n<!--noindex--><br \/>\n<a href=\"https:\/\/hirek.oldal.info\/rssclick\/14392039\" rel=\"nofollow\">Source link <\/a><br \/>\n<!--\/noindex--><\/p>\n","protected":false},"excerpt":{"rendered":"<p>A Tisza-tavi R\u00e9gi\u00f3s K\u00f6zbiztons\u00e1gi Koordin\u00e1ci\u00f3s Bizotts\u00e1g 2019. szeptember 12-\u00e9n tartotta a Tisza-tavi \u00d6kocentrumban a szezonz\u00e1r\u00f3 \u00e9rt\u00e9kel\u0151 \u00fcl\u00e9s\u00e9t. A rendezv\u00e9nyt dr. Urb\u00e1n Zolt\u00e1n rend\u0151r dand\u00e1rt\u00e1bornok, rend\u0151rs\u00e9gi f\u0151tan\u00e1csos, a J\u00e1sz-Nagykun-Szolnok Megyei Rend\u0151r-f\u0151kapit\u00e1nys\u00e1g vezet\u0151je nyitotta meg \u00e9s k\u00f6sz\u00f6nt\u00f6tte a r\u00e9sztvev\u0151ket. A bizotts\u00e1g munk\u00e1j\u00e1r\u00f3l Szit\u00e1r Ferenc rend\u0151r ezredes, rend\u0151rs\u00e9gi f\u0151tan\u00e1csos, a J\u00e1sz-Nagykun-Szolnok Megyei Rend\u0151r-f\u0151kapit\u00e1nys\u00e1g rend\u00e9szeti megyei rend\u0151r-f\u0151kapit\u00e1ny-helyettese adott t\u00e1j\u00e9koztat\u00e1st [&hellip;]<\/p>\n","protected":false},"author":2,"featured_media":1963,"comment_status":"open","ping_status":"open","sticky":false,"template":"","format":"standard","meta":{"footnotes":""},"categories":[1],"tags":[],"class_list":["post-1962","post","type-post","status-publish","format-standard","has-post-thumbnail","hentry","category-legujabb-penzugyi-hirek"],"yoast_head":"<!-- This site is optimized with the Yoast SEO plugin v27.4 - https:\/\/yoast.com\/product\/yoast-seo-wordpress\/ -->\n<title>Szezonz\u00e1r\u00f3 \u00e9rtekezlet Poroszl\u00f3n | A Magyar Rend\u0151rs\u00e9g hivatalos honlapja - Hot News in World<\/title>\n<meta name=\"robots\" content=\"index, follow, max-snippet:-1, max-image-preview:large, max-video-preview:-1\" \/>\n<link rel=\"canonical\" href=\"https:\/\/hotnewsinworld.com\/hu\/szezonzaro-ertekezlet-poroszlon-a-magyar-rendorseg-hivatalos-honlapja\/\" \/>\n<meta property=\"og:locale\" content=\"hu_HU\" \/>\n<meta property=\"og:type\" content=\"article\" \/>\n<meta property=\"og:title\" content=\"Szezonz\u00e1r\u00f3 \u00e9rtekezlet Poroszl\u00f3n | A Magyar Rend\u0151rs\u00e9g hivatalos honlapja - Hot News in World\" \/>\n<meta property=\"og:description\" content=\"A Tisza-tavi R\u00e9gi\u00f3s K\u00f6zbiztons\u00e1gi Koordin\u00e1ci\u00f3s Bizotts\u00e1g 2019. szeptember 12-\u00e9n tartotta a Tisza-tavi \u00d6kocentrumban a szezonz\u00e1r\u00f3 \u00e9rt\u00e9kel\u0151 \u00fcl\u00e9s\u00e9t. A rendezv\u00e9nyt dr. Urb\u00e1n Zolt\u00e1n rend\u0151r dand\u00e1rt\u00e1bornok, rend\u0151rs\u00e9gi f\u0151tan\u00e1csos, a J\u00e1sz-Nagykun-Szolnok Megyei Rend\u0151r-f\u0151kapit\u00e1nys\u00e1g vezet\u0151je nyitotta meg \u00e9s k\u00f6sz\u00f6nt\u00f6tte a r\u00e9sztvev\u0151ket. A bizotts\u00e1g munk\u00e1j\u00e1r\u00f3l Szit\u00e1r Ferenc rend\u0151r ezredes, rend\u0151rs\u00e9gi f\u0151tan\u00e1csos, a J\u00e1sz-Nagykun-Szolnok Megyei Rend\u0151r-f\u0151kapit\u00e1nys\u00e1g rend\u00e9szeti megyei rend\u0151r-f\u0151kapit\u00e1ny-helyettese adott t\u00e1j\u00e9koztat\u00e1st [&hellip;]\" \/>\n<meta property=\"og:url\" content=\"https:\/\/hotnewsinworld.com\/hu\/szezonzaro-ertekezlet-poroszlon-a-magyar-rendorseg-hivatalos-honlapja\/\" \/>\n<meta property=\"og:site_name\" content=\"Hot News in World\" \/>\n<meta property=\"article:published_time\" content=\"2019-09-12T15:11:09+00:00\" \/>\n<meta property=\"article:modified_time\" content=\"2019-09-12T15:11:10+00:00\" \/>\n<meta property=\"og:image\" content=\"https:\/\/hotnewsinworld.com\/hu\/wp-content\/uploads\/sites\/3\/2019\/09\/Szezonz\u00e1r\u00f3-\u00e9rtekezlet-Poroszl\u00f3n-A-Magyar-Rend\u0151rs\u00e9g-hivatalos-honlapja.jpg\" \/>\n\t<meta property=\"og:image:width\" content=\"751\" \/>\n\t<meta property=\"og:image:height\" content=\"500\" \/>\n\t<meta property=\"og:image:type\" content=\"image\/jpeg\" \/>\n<meta name=\"author\" content=\"hotnewsinworld\" \/>\n<meta name=\"twitter:card\" content=\"summary_large_image\" \/>\n<meta name=\"twitter:label1\" content=\"Szerz\u0151:\" \/>\n\t<meta name=\"twitter:data1\" content=\"hotnewsinworld\" \/>\n\t<meta name=\"twitter:label2\" content=\"Becs\u00fclt olvas\u00e1si id\u0151\" \/>\n\t<meta name=\"twitter:data2\" content=\"2 perc\" \/>\n<script type=\"application\/ld+json\" class=\"yoast-schema-graph\">{\"@context\":\"https:\\\/\\\/schema.org\",\"@graph\":[{\"@type\":\"Article\",\"@id\":\"https:\\\/\\\/hotnewsinworld.com\\\/hu\\\/szezonzaro-ertekezlet-poroszlon-a-magyar-rendorseg-hivatalos-honlapja\\\/#article\",\"isPartOf\":{\"@id\":\"https:\\\/\\\/hotnewsinworld.com\\\/hu\\\/szezonzaro-ertekezlet-poroszlon-a-magyar-rendorseg-hivatalos-honlapja\\\/\"},\"author\":{\"name\":\"hotnewsinworld\",\"@id\":\"https:\\\/\\\/hotnewsinworld.com\\\/hu\\\/#\\\/schema\\\/person\\\/fe61448b21c0d59086e75fcc1f9d8f6b\"},\"headline\":\"Szezonz\u00e1r\u00f3 \u00e9rtekezlet Poroszl\u00f3n | A Magyar Rend\u0151rs\u00e9g hivatalos honlapja\",\"datePublished\":\"2019-09-12T15:11:09+00:00\",\"dateModified\":\"2019-09-12T15:11:10+00:00\",\"mainEntityOfPage\":{\"@id\":\"https:\\\/\\\/hotnewsinworld.com\\\/hu\\\/szezonzaro-ertekezlet-poroszlon-a-magyar-rendorseg-hivatalos-honlapja\\\/\"},\"wordCount\":415,\"commentCount\":0,\"image\":{\"@id\":\"https:\\\/\\\/hotnewsinworld.com\\\/hu\\\/szezonzaro-ertekezlet-poroszlon-a-magyar-rendorseg-hivatalos-honlapja\\\/#primaryimage\"},\"thumbnailUrl\":\"https:\\\/\\\/hotnewsinworld.com\\\/hu\\\/wp-content\\\/uploads\\\/sites\\\/3\\\/2019\\\/09\\\/Szezonz\u00e1r\u00f3-\u00e9rtekezlet-Poroszl\u00f3n-A-Magyar-Rend\u0151rs\u00e9g-hivatalos-honlapja.jpg\",\"articleSection\":[\"LEG\u00daJABB P\u00c9NZ\u00dcGYI H\u00cdREK\"],\"inLanguage\":\"hu\",\"potentialAction\":[{\"@type\":\"CommentAction\",\"name\":\"Comment\",\"target\":[\"https:\\\/\\\/hotnewsinworld.com\\\/hu\\\/szezonzaro-ertekezlet-poroszlon-a-magyar-rendorseg-hivatalos-honlapja\\\/#respond\"]}]},{\"@type\":\"WebPage\",\"@id\":\"https:\\\/\\\/hotnewsinworld.com\\\/hu\\\/szezonzaro-ertekezlet-poroszlon-a-magyar-rendorseg-hivatalos-honlapja\\\/\",\"url\":\"https:\\\/\\\/hotnewsinworld.com\\\/hu\\\/szezonzaro-ertekezlet-poroszlon-a-magyar-rendorseg-hivatalos-honlapja\\\/\",\"name\":\"Szezonz\u00e1r\u00f3 \u00e9rtekezlet Poroszl\u00f3n | A Magyar Rend\u0151rs\u00e9g hivatalos honlapja - Hot News in World\",\"isPartOf\":{\"@id\":\"https:\\\/\\\/hotnewsinworld.com\\\/hu\\\/#website\"},\"primaryImageOfPage\":{\"@id\":\"https:\\\/\\\/hotnewsinworld.com\\\/hu\\\/szezonzaro-ertekezlet-poroszlon-a-magyar-rendorseg-hivatalos-honlapja\\\/#primaryimage\"},\"image\":{\"@id\":\"https:\\\/\\\/hotnewsinworld.com\\\/hu\\\/szezonzaro-ertekezlet-poroszlon-a-magyar-rendorseg-hivatalos-honlapja\\\/#primaryimage\"},\"thumbnailUrl\":\"https:\\\/\\\/hotnewsinworld.com\\\/hu\\\/wp-content\\\/uploads\\\/sites\\\/3\\\/2019\\\/09\\\/Szezonz\u00e1r\u00f3-\u00e9rtekezlet-Poroszl\u00f3n-A-Magyar-Rend\u0151rs\u00e9g-hivatalos-honlapja.jpg\",\"datePublished\":\"2019-09-12T15:11:09+00:00\",\"dateModified\":\"2019-09-12T15:11:10+00:00\",\"author\":{\"@id\":\"https:\\\/\\\/hotnewsinworld.com\\\/hu\\\/#\\\/schema\\\/person\\\/fe61448b21c0d59086e75fcc1f9d8f6b\"},\"breadcrumb\":{\"@id\":\"https:\\\/\\\/hotnewsinworld.com\\\/hu\\\/szezonzaro-ertekezlet-poroszlon-a-magyar-rendorseg-hivatalos-honlapja\\\/#breadcrumb\"},\"inLanguage\":\"hu\",\"potentialAction\":[{\"@type\":\"ReadAction\",\"target\":[\"https:\\\/\\\/hotnewsinworld.com\\\/hu\\\/szezonzaro-ertekezlet-poroszlon-a-magyar-rendorseg-hivatalos-honlapja\\\/\"]}]},{\"@type\":\"ImageObject\",\"inLanguage\":\"hu\",\"@id\":\"https:\\\/\\\/hotnewsinworld.com\\\/hu\\\/szezonzaro-ertekezlet-poroszlon-a-magyar-rendorseg-hivatalos-honlapja\\\/#primaryimage\",\"url\":\"https:\\\/\\\/hotnewsinworld.com\\\/hu\\\/wp-content\\\/uploads\\\/sites\\\/3\\\/2019\\\/09\\\/Szezonz\u00e1r\u00f3-\u00e9rtekezlet-Poroszl\u00f3n-A-Magyar-Rend\u0151rs\u00e9g-hivatalos-honlapja.jpg\",\"contentUrl\":\"https:\\\/\\\/hotnewsinworld.com\\\/hu\\\/wp-content\\\/uploads\\\/sites\\\/3\\\/2019\\\/09\\\/Szezonz\u00e1r\u00f3-\u00e9rtekezlet-Poroszl\u00f3n-A-Magyar-Rend\u0151rs\u00e9g-hivatalos-honlapja.jpg\",\"width\":751,\"height\":500,\"caption\":\"Szezonz\u00e1r\u00f3 \u00e9rtekezlet Poroszl\u00f3n | A Magyar Rend\u0151rs\u00e9g hivatalos honlapja\"},{\"@type\":\"BreadcrumbList\",\"@id\":\"https:\\\/\\\/hotnewsinworld.com\\\/hu\\\/szezonzaro-ertekezlet-poroszlon-a-magyar-rendorseg-hivatalos-honlapja\\\/#breadcrumb\",\"itemListElement\":[{\"@type\":\"ListItem\",\"position\":1,\"name\":\"\u0413\u043b\u0430\u0432\u043d\u0430\u044f \u0441\u0442\u0440\u0430\u043d\u0438\u0446\u0430\",\"item\":\"https:\\\/\\\/hotnewsinworld.com\\\/hu\\\/\"},{\"@type\":\"ListItem\",\"position\":2,\"name\":\"Szezonz\u00e1r\u00f3 \u00e9rtekezlet Poroszl\u00f3n | A Magyar Rend\u0151rs\u00e9g hivatalos honlapja\"}]},{\"@type\":\"WebSite\",\"@id\":\"https:\\\/\\\/hotnewsinworld.com\\\/hu\\\/#website\",\"url\":\"https:\\\/\\\/hotnewsinworld.com\\\/hu\\\/\",\"name\":\"Hot News in World\",\"description\":\"Hot News in World from Hungary\",\"potentialAction\":[{\"@type\":\"SearchAction\",\"target\":{\"@type\":\"EntryPoint\",\"urlTemplate\":\"https:\\\/\\\/hotnewsinworld.com\\\/hu\\\/?s={search_term_string}\"},\"query-input\":{\"@type\":\"PropertyValueSpecification\",\"valueRequired\":true,\"valueName\":\"search_term_string\"}}],\"inLanguage\":\"hu\"},{\"@type\":\"Person\",\"@id\":\"https:\\\/\\\/hotnewsinworld.com\\\/hu\\\/#\\\/schema\\\/person\\\/fe61448b21c0d59086e75fcc1f9d8f6b\",\"name\":\"hotnewsinworld\",\"image\":{\"@type\":\"ImageObject\",\"inLanguage\":\"hu\",\"@id\":\"https:\\\/\\\/secure.gravatar.com\\\/avatar\\\/8a09ac165600ce2e1c38fe593c63928eb1e6e7ba5c5a907d67787c41b3d00c14?s=96&d=mm&r=g\",\"url\":\"https:\\\/\\\/secure.gravatar.com\\\/avatar\\\/8a09ac165600ce2e1c38fe593c63928eb1e6e7ba5c5a907d67787c41b3d00c14?s=96&d=mm&r=g\",\"contentUrl\":\"https:\\\/\\\/secure.gravatar.com\\\/avatar\\\/8a09ac165600ce2e1c38fe593c63928eb1e6e7ba5c5a907d67787c41b3d00c14?s=96&d=mm&r=g\",\"caption\":\"hotnewsinworld\"},\"url\":\"https:\\\/\\\/hotnewsinworld.com\\\/hu\\\/author\\\/pt\\\/\"}]}<\/script>\n<!-- \/ Yoast SEO plugin. -->","yoast_head_json":{"title":"Szezonz\u00e1r\u00f3 \u00e9rtekezlet Poroszl\u00f3n | A Magyar Rend\u0151rs\u00e9g hivatalos honlapja - Hot News in World","robots":{"index":"index","follow":"follow","max-snippet":"max-snippet:-1","max-image-preview":"max-image-preview:large","max-video-preview":"max-video-preview:-1"},"canonical":"https:\/\/hotnewsinworld.com\/hu\/szezonzaro-ertekezlet-poroszlon-a-magyar-rendorseg-hivatalos-honlapja\/","og_locale":"hu_HU","og_type":"article","og_title":"Szezonz\u00e1r\u00f3 \u00e9rtekezlet Poroszl\u00f3n | A Magyar Rend\u0151rs\u00e9g hivatalos honlapja - Hot News in World","og_description":"A Tisza-tavi R\u00e9gi\u00f3s K\u00f6zbiztons\u00e1gi Koordin\u00e1ci\u00f3s Bizotts\u00e1g 2019. szeptember 12-\u00e9n tartotta a Tisza-tavi \u00d6kocentrumban a szezonz\u00e1r\u00f3 \u00e9rt\u00e9kel\u0151 \u00fcl\u00e9s\u00e9t. A rendezv\u00e9nyt dr. Urb\u00e1n Zolt\u00e1n rend\u0151r dand\u00e1rt\u00e1bornok, rend\u0151rs\u00e9gi f\u0151tan\u00e1csos, a J\u00e1sz-Nagykun-Szolnok Megyei Rend\u0151r-f\u0151kapit\u00e1nys\u00e1g vezet\u0151je nyitotta meg \u00e9s k\u00f6sz\u00f6nt\u00f6tte a r\u00e9sztvev\u0151ket. A bizotts\u00e1g munk\u00e1j\u00e1r\u00f3l Szit\u00e1r Ferenc rend\u0151r ezredes, rend\u0151rs\u00e9gi f\u0151tan\u00e1csos, a J\u00e1sz-Nagykun-Szolnok Megyei Rend\u0151r-f\u0151kapit\u00e1nys\u00e1g rend\u00e9szeti megyei rend\u0151r-f\u0151kapit\u00e1ny-helyettese adott t\u00e1j\u00e9koztat\u00e1st [&hellip;]","og_url":"https:\/\/hotnewsinworld.com\/hu\/szezonzaro-ertekezlet-poroszlon-a-magyar-rendorseg-hivatalos-honlapja\/","og_site_name":"Hot News in World","article_published_time":"2019-09-12T15:11:09+00:00","article_modified_time":"2019-09-12T15:11:10+00:00","og_image":[{"width":751,"height":500,"url":"https:\/\/hotnewsinworld.com\/hu\/wp-content\/uploads\/sites\/3\/2019\/09\/Szezonz\u00e1r\u00f3-\u00e9rtekezlet-Poroszl\u00f3n-A-Magyar-Rend\u0151rs\u00e9g-hivatalos-honlapja.jpg","type":"image\/jpeg"}],"author":"hotnewsinworld","twitter_card":"summary_large_image","twitter_misc":{"Szerz\u0151:":"hotnewsinworld","Becs\u00fclt olvas\u00e1si id\u0151":"2 perc"},"schema":{"@context":"https:\/\/schema.org","@graph":[{"@type":"Article","@id":"https:\/\/hotnewsinworld.com\/hu\/szezonzaro-ertekezlet-poroszlon-a-magyar-rendorseg-hivatalos-honlapja\/#article","isPartOf":{"@id":"https:\/\/hotnewsinworld.com\/hu\/szezonzaro-ertekezlet-poroszlon-a-magyar-rendorseg-hivatalos-honlapja\/"},"author":{"name":"hotnewsinworld","@id":"https:\/\/hotnewsinworld.com\/hu\/#\/schema\/person\/fe61448b21c0d59086e75fcc1f9d8f6b"},"headline":"Szezonz\u00e1r\u00f3 \u00e9rtekezlet Poroszl\u00f3n | A Magyar Rend\u0151rs\u00e9g hivatalos honlapja","datePublished":"2019-09-12T15:11:09+00:00","dateModified":"2019-09-12T15:11:10+00:00","mainEntityOfPage":{"@id":"https:\/\/hotnewsinworld.com\/hu\/szezonzaro-ertekezlet-poroszlon-a-magyar-rendorseg-hivatalos-honlapja\/"},"wordCount":415,"commentCount":0,"image":{"@id":"https:\/\/hotnewsinworld.com\/hu\/szezonzaro-ertekezlet-poroszlon-a-magyar-rendorseg-hivatalos-honlapja\/#primaryimage"},"thumbnailUrl":"https:\/\/hotnewsinworld.com\/hu\/wp-content\/uploads\/sites\/3\/2019\/09\/Szezonz\u00e1r\u00f3-\u00e9rtekezlet-Poroszl\u00f3n-A-Magyar-Rend\u0151rs\u00e9g-hivatalos-honlapja.jpg","articleSection":["LEG\u00daJABB P\u00c9NZ\u00dcGYI H\u00cdREK"],"inLanguage":"hu","potentialAction":[{"@type":"CommentAction","name":"Comment","target":["https:\/\/hotnewsinworld.com\/hu\/szezonzaro-ertekezlet-poroszlon-a-magyar-rendorseg-hivatalos-honlapja\/#respond"]}]},{"@type":"WebPage","@id":"https:\/\/hotnewsinworld.com\/hu\/szezonzaro-ertekezlet-poroszlon-a-magyar-rendorseg-hivatalos-honlapja\/","url":"https:\/\/hotnewsinworld.com\/hu\/szezonzaro-ertekezlet-poroszlon-a-magyar-rendorseg-hivatalos-honlapja\/","name":"Szezonz\u00e1r\u00f3 \u00e9rtekezlet Poroszl\u00f3n | A Magyar Rend\u0151rs\u00e9g hivatalos honlapja - Hot News in World","isPartOf":{"@id":"https:\/\/hotnewsinworld.com\/hu\/#website"},"primaryImageOfPage":{"@id":"https:\/\/hotnewsinworld.com\/hu\/szezonzaro-ertekezlet-poroszlon-a-magyar-rendorseg-hivatalos-honlapja\/#primaryimage"},"image":{"@id":"https:\/\/hotnewsinworld.com\/hu\/szezonzaro-ertekezlet-poroszlon-a-magyar-rendorseg-hivatalos-honlapja\/#primaryimage"},"thumbnailUrl":"https:\/\/hotnewsinworld.com\/hu\/wp-content\/uploads\/sites\/3\/2019\/09\/Szezonz\u00e1r\u00f3-\u00e9rtekezlet-Poroszl\u00f3n-A-Magyar-Rend\u0151rs\u00e9g-hivatalos-honlapja.jpg","datePublished":"2019-09-12T15:11:09+00:00","dateModified":"2019-09-12T15:11:10+00:00","author":{"@id":"https:\/\/hotnewsinworld.com\/hu\/#\/schema\/person\/fe61448b21c0d59086e75fcc1f9d8f6b"},"breadcrumb":{"@id":"https:\/\/hotnewsinworld.com\/hu\/szezonzaro-ertekezlet-poroszlon-a-magyar-rendorseg-hivatalos-honlapja\/#breadcrumb"},"inLanguage":"hu","potentialAction":[{"@type":"ReadAction","target":["https:\/\/hotnewsinworld.com\/hu\/szezonzaro-ertekezlet-poroszlon-a-magyar-rendorseg-hivatalos-honlapja\/"]}]},{"@type":"ImageObject","inLanguage":"hu","@id":"https:\/\/hotnewsinworld.com\/hu\/szezonzaro-ertekezlet-poroszlon-a-magyar-rendorseg-hivatalos-honlapja\/#primaryimage","url":"https:\/\/hotnewsinworld.com\/hu\/wp-content\/uploads\/sites\/3\/2019\/09\/Szezonz\u00e1r\u00f3-\u00e9rtekezlet-Poroszl\u00f3n-A-Magyar-Rend\u0151rs\u00e9g-hivatalos-honlapja.jpg","contentUrl":"https:\/\/hotnewsinworld.com\/hu\/wp-content\/uploads\/sites\/3\/2019\/09\/Szezonz\u00e1r\u00f3-\u00e9rtekezlet-Poroszl\u00f3n-A-Magyar-Rend\u0151rs\u00e9g-hivatalos-honlapja.jpg","width":751,"height":500,"caption":"Szezonz\u00e1r\u00f3 \u00e9rtekezlet Poroszl\u00f3n | A Magyar Rend\u0151rs\u00e9g hivatalos honlapja"},{"@type":"BreadcrumbList","@id":"https:\/\/hotnewsinworld.com\/hu\/szezonzaro-ertekezlet-poroszlon-a-magyar-rendorseg-hivatalos-honlapja\/#breadcrumb","itemListElement":[{"@type":"ListItem","position":1,"name":"\u0413\u043b\u0430\u0432\u043d\u0430\u044f \u0441\u0442\u0440\u0430\u043d\u0438\u0446\u0430","item":"https:\/\/hotnewsinworld.com\/hu\/"},{"@type":"ListItem","position":2,"name":"Szezonz\u00e1r\u00f3 \u00e9rtekezlet Poroszl\u00f3n | A Magyar Rend\u0151rs\u00e9g hivatalos honlapja"}]},{"@type":"WebSite","@id":"https:\/\/hotnewsinworld.com\/hu\/#website","url":"https:\/\/hotnewsinworld.com\/hu\/","name":"Hot News in World","description":"Hot News in World from Hungary","potentialAction":[{"@type":"SearchAction","target":{"@type":"EntryPoint","urlTemplate":"https:\/\/hotnewsinworld.com\/hu\/?s={search_term_string}"},"query-input":{"@type":"PropertyValueSpecification","valueRequired":true,"valueName":"search_term_string"}}],"inLanguage":"hu"},{"@type":"Person","@id":"https:\/\/hotnewsinworld.com\/hu\/#\/schema\/person\/fe61448b21c0d59086e75fcc1f9d8f6b","name":"hotnewsinworld","image":{"@type":"ImageObject","inLanguage":"hu","@id":"https:\/\/secure.gravatar.com\/avatar\/8a09ac165600ce2e1c38fe593c63928eb1e6e7ba5c5a907d67787c41b3d00c14?s=96&d=mm&r=g","url":"https:\/\/secure.gravatar.com\/avatar\/8a09ac165600ce2e1c38fe593c63928eb1e6e7ba5c5a907d67787c41b3d00c14?s=96&d=mm&r=g","contentUrl":"https:\/\/secure.gravatar.com\/avatar\/8a09ac165600ce2e1c38fe593c63928eb1e6e7ba5c5a907d67787c41b3d00c14?s=96&d=mm&r=g","caption":"hotnewsinworld"},"url":"https:\/\/hotnewsinworld.com\/hu\/author\/pt\/"}]}},"_links":{"self":[{"href":"https:\/\/hotnewsinworld.com\/hu\/wp-json\/wp\/v2\/posts\/1962","targetHints":{"allow":["GET"]}}],"collection":[{"href":"https:\/\/hotnewsinworld.com\/hu\/wp-json\/wp\/v2\/posts"}],"about":[{"href":"https:\/\/hotnewsinworld.com\/hu\/wp-json\/wp\/v2\/types\/post"}],"author":[{"embeddable":true,"href":"https:\/\/hotnewsinworld.com\/hu\/wp-json\/wp\/v2\/users\/2"}],"replies":[{"embeddable":true,"href":"https:\/\/hotnewsinworld.com\/hu\/wp-json\/wp\/v2\/comments?post=1962"}],"version-history":[{"count":1,"href":"https:\/\/hotnewsinworld.com\/hu\/wp-json\/wp\/v2\/posts\/1962\/revisions"}],"predecessor-version":[{"id":1964,"href":"https:\/\/hotnewsinworld.com\/hu\/wp-json\/wp\/v2\/posts\/1962\/revisions\/1964"}],"wp:featuredmedia":[{"embeddable":true,"href":"https:\/\/hotnewsinworld.com\/hu\/wp-json\/wp\/v2\/media\/1963"}],"wp:attachment":[{"href":"https:\/\/hotnewsinworld.com\/hu\/wp-json\/wp\/v2\/media?parent=1962"}],"wp:term":[{"taxonomy":"category","embeddable":true,"href":"https:\/\/hotnewsinworld.com\/hu\/wp-json\/wp\/v2\/categories?post=1962"},{"taxonomy":"post_tag","embeddable":true,"href":"https:\/\/hotnewsinworld.com\/hu\/wp-json\/wp\/v2\/tags?post=1962"}],"curies":[{"name":"wp","href":"https:\/\/api.w.org\/{rel}","templated":true}]}}