{"id":1965,"date":"2019-09-12T19:36:00","date_gmt":"2019-09-12T16:36:00","guid":{"rendered":"https:\/\/hotnewsinworld.com\/hu\/terc-demografiai-krizis-kontra-tulnepesedes\/"},"modified":"2019-09-12T19:36:01","modified_gmt":"2019-09-12T16:36:01","slug":"terc-demografiai-krizis-kontra-tulnepesedes","status":"publish","type":"post","link":"https:\/\/hotnewsinworld.com\/hu\/terc-demografiai-krizis-kontra-tulnepesedes\/","title":{"rendered":"Terc: Demogr\u00e1fiai kr\u00edzis kontra t\u00faln\u00e9pesed\u00e9s"},"content":{"rendered":"<p>\t\t\t\t\tA cikk emailben t\u00f6rt\u00e9n\u0151 elk\u00fcld\u00e9s\u00e9hez kattintson ide, vagy m\u00e1solja le \u00e9s k\u00fcldje el ezt a linket: https:\/\/magyarnemzet.hu\/belfold\/terc-demografiai-krizis-kontra-tulnepesedes-7296863\/<\/p>\n<p>\t\t\t\t\t2019. szeptember 12. cs\u00fct\u00f6rt\u00f6k 18:29<\/p>\n<p>\t\t\t\t\tMi v\u00e1r a mag\u00e1t humanist\u00e1nak vall\u00f3, de val\u00f3j\u00e1ban \u00f6nfelsz\u00e1mol\u00f3 t\u00e1rsadalmakra? Mennyiben t\u00fckr\u00f6zi a demogr\u00e1fiai helyzet egy adott civiliz\u00e1ci\u00f3 \u00e9leterej\u00e9t, \u00e9lni akar\u00e1s\u00e1t? \u2013 ezekre a k\u00e9rd\u00e9sekre kereste a v\u00e1laszt F\u00f6ldi-Kov\u00e1cs Andrea.<br \/>\nA demogr\u00e1fiai kr\u00edzissel kapcsolatban Frank F\u00fcredi szociol\u00f3gus, a Canterbury kenti egyetem szociol\u00f3gia professzora a k\u00f6vetkez\u0151ket mondta:<br \/>\n\u201eA demogr\u00e1fia az egy ilyen technikai sz\u00f3, de igaz\u00e1b\u00f3l azt jelenti, hogy mi lesz a j\u00f6v\u0151nk, mi fog t\u00f6rt\u00e9nni a t\u00e1rsadalomban. Hisz\u00fcnk-e magunkban, a kult\u00far\u00e1ban, az orsz\u00e1gunkban \u00e9s a csal\u00e1dunkban? Ha az emberek \u00fagy l\u00e1tj\u00e1k, hogy a j\u00f6v\u0151ben nem lehet hinni, az \u00e9let nehezebb lesz, mint most, akkor sokszor el\u0151fordul, hogy azt gondolj\u00e1k, nem is \u00e9rdemes \u00faj gyereket hozni a vil\u00e1gra. Ez n\u00e9ha megt\u00f6rt\u00e9nik \u00e9s el\u00e9g tragikus helyzetekbe szokott torkollni.<br \/>\nAz az \u00e9rdekes dolog, hogy az emberek \u00e1ltal\u00e1ban annyira optimist\u00e1k, hogy m\u00e9g a legrosszabb helyzetben is azt mondj\u00e1k, a helyzet most nagyon rossz, de az\u00e9rt fontos, hogy gyereket hozzunk a vil\u00e1gra, ha nem csin\u00e1ljuk akkor nem lesz j\u00f6v\u0151. Ez\u00e9rt van az, hogy emberek gyereket sz\u00fcltek a koncentr\u00e1ci\u00f3s t\u00e1borokban, a h\u00e1bor\u00fa alatt, amikor alig volt \u00e9tel. Embereknek nagyon rossz volt a helyzete, de ennek ellen\u00e9re az emberek azt mondt\u00e1k, fontos, hogy j\u00f6jjenek a gyerekek \u00e9s legyen egy \u00faj vil\u00e1g, amiket \u0150k fognak el\u0151rehozni.\u201d<br \/>\nMost demogr\u00e1fiai kr\u00edzis \u00e9rinti Eur\u00f3p\u00e1t, el\u00f6reged\u0151 t\u00e1rsadalmak jellemzik, f\u0151leg a fejlett civiliz\u00e1lt t\u00e1rsadalmakat. A logikus v\u00e1lasz egy ilyen kih\u00edv\u00e1sra \u2013 mondjuk a popul\u00e1ci\u00f3 r\u00e9sz\u00e9r\u0151l \u2013 az lenne, hogy tudatos gyermekv\u00e1llal\u00e1ssal ad v\u00e1laszt, m\u00e9gis most indulnak Skandin\u00e1vi\u00e1ban, N\u00e9metorsz\u00e1gban, Angli\u00e1ban tudatos gyermektelens\u00e9gi mozgalmak. Ez az individualizmus kiteljesed\u00e9se, az \u00f6nmegval\u00f3s\u00edt\u00e1s egy form\u00e1ja, vagy valami eg\u00e9szen m\u00e1sr\u00f3l van sz\u00f3? \u2013 tette fel a k\u00e9rd\u00e9st a m\u0171sorvezet\u0151.<br \/>\n\u201eAz individualizmus az egyik r\u00e9sze, de a m\u00e1sik r\u00e9sze, hogy emberek nem hisznek a j\u00f6v\u0151ben. A harmadik az, hogy van egy bizonyos emberut\u00e1lat, pl\u00e1ne a z\u00f6ld mozgalomban, akik azt mondj\u00e1k, hogy az emberek rosszul viselkedtek \u00e9s \u00f6kol\u00f3giai probl\u00e9m\u00e1kat csin\u00e1ltak.<br \/>\nAz szerintem a legfontosabb, hogy van egy bizonyos \u00f6nszerelem, n\u00e1rcisztizmus, mikor az emberek azt mondj\u00e1k, hogy \u00e9n nem akarok \u00f6reg ember lenni, 30 \u00e9ves vagyok, de az\u00e9rt m\u00e9g fiatalnak \u00e9rzem magamat. Ha j\u00f6n egy gyerek, akkor m\u00e1r nem leszek fiatal f\u00e9rfi. Sokszor el\u0151fordul, hogy a nyugat-eur\u00f3pai emberek azt mondj\u00e1k, nekem nagyon nagy k\u00f6lts\u00e9g nekem egy gyerek. Ez a n\u00e1rcisztizmus nagyon er\u0151s \u00e9s a kult\u00far\u00e1n lehet l\u00e1tni, hogy minden szempontb\u00f3l meger\u0151s\u00edti ezeket a kifog\u00e1sokat.\u201d \u2013 felet a k\u00e9rd\u00e9sre Frank F\u00fcredi.<br \/>\nA Tercben arr\u00f3l is sz\u00f3 volt, hogy a 23 \u00e9ves Millie Fontana leszbikus p\u00e1r gyermekek\u00e9nt n\u0151tt fel, de nem engedn\u00e9, hogy ezt m\u00e1sok is \u00e1t\u00e9lj\u00e9k. A k\u00fcl\u00f6nb\u00f6z\u0151 \u2013 m\u00e9di\u00e1ban fel\u00fclreprezent\u00e1lt \u2013 LMBTQ-s szervezetek tagjai el\u0151szeretettel hangoztatj\u00e1k azt, hogy a gyermekek fejl\u0151d\u00e9s\u00e9re nincs k\u00e1ros hat\u00e1ssal, ha nem a hagyom\u00e1nyos csal\u00e1dmodellben nevelkednek fel.<br \/>\nSz\u00e1mtalan cikket olvashatunk arr\u00f3l, hogy az azonos nem\u0171 p\u00e1rok gyermekei kiemelked\u0151en teljes\u00edtenek az iskol\u00e1kban, az \u00fcgy mellett ki\u00e1ll\u00f3k gyakran id\u00e9zik azokat a tanulm\u00e1nyokat publik\u00e1ci\u00f3kat, amelyek \u00e1ll\u00edtj\u00e1k, hogy az ilyen sz\u00fcl\u0151k t\u00f6bbet foglalkoznak a gyerekekkel, akikkel m\u00e9lyebb a kapcsolatuk. J\u00f3llehet a val\u00f3s\u00e1g t\u00e1vol \u00e1ll ett\u0151l az idillt\u0151l, \u00e9s nincs tudom\u00e1nyos konszenzus arr\u00f3l, hogy j\u00f3 e a kicsiknek, ha homoszexu\u00e1lis p\u00e1rok nevelik fel \u0151ket, az \u00f6r\u00f6kbefogad\u00e1s t\u00e9mak\u00f6re pedig nagyonis \u00f6sszetett, kevesebbet hallunk a fenti \u00e1ll\u00edt\u00e1sokat c\u00e1fol\u00f3 kutat\u00e1sokr\u00f3l.<br \/>\nEzek a jelent\u00e9sek ugyanis politikailag nem korrektek, \u00e9s szerz\u0151iket azonnal megt\u00e1madja az LMBT-lobbi, sokszor tudom\u00e1nyos karriereknek vetve v\u00e9get ezzel. Millie Fontana \u00fagy gondolja, \u201esenki nem akar arr\u00f3l az oldalr\u00f3l hallani, ami nem a boldog gyerekek vil\u00e1ga. A t\u00e9m\u00e1r\u00f3l F\u00f6ldi-Kov\u00e1cs Andrea besz\u00e9lgetett Schittl Eszterrel, a CitizenGo programfelel\u0151s\u00e9vel \u00e9s Szilvay Gergellyel, a Mandiner f\u0151munkat\u00e1rs\u00e1val.<br \/>\nTeljes ad\u00e1s ITT tekinthet\u0151 meg.<\/p>\n<p>\n<!--noindex--><br \/>\n<a href=\"https:\/\/hirek.oldal.info\/rssclick\/14392304\" rel=\"nofollow\">Source link <\/a><br \/>\n<!--\/noindex--><\/p>\n","protected":false},"excerpt":{"rendered":"<p>A cikk emailben t\u00f6rt\u00e9n\u0151 elk\u00fcld\u00e9s\u00e9hez kattintson ide, vagy m\u00e1solja le \u00e9s k\u00fcldje el ezt a linket: https:\/\/magyarnemzet.hu\/belfold\/terc-demografiai-krizis-kontra-tulnepesedes-7296863\/ 2019. szeptember 12. cs\u00fct\u00f6rt\u00f6k 18:29 Mi v\u00e1r a mag\u00e1t humanist\u00e1nak vall\u00f3, de val\u00f3j\u00e1ban \u00f6nfelsz\u00e1mol\u00f3 t\u00e1rsadalmakra? Mennyiben t\u00fckr\u00f6zi a demogr\u00e1fiai helyzet egy adott civiliz\u00e1ci\u00f3 \u00e9leterej\u00e9t, \u00e9lni akar\u00e1s\u00e1t? \u2013 ezekre a k\u00e9rd\u00e9sekre kereste a v\u00e1laszt F\u00f6ldi-Kov\u00e1cs Andrea. A demogr\u00e1fiai kr\u00edzissel [&hellip;]<\/p>\n","protected":false},"author":2,"featured_media":199,"comment_status":"open","ping_status":"open","sticky":false,"template":"","format":"standard","meta":{"footnotes":""},"categories":[1],"tags":[],"class_list":["post-1965","post","type-post","status-publish","format-standard","has-post-thumbnail","hentry","category-legujabb-penzugyi-hirek"],"yoast_head":"<!-- This site is optimized with the Yoast SEO plugin v27.4 - https:\/\/yoast.com\/product\/yoast-seo-wordpress\/ -->\n<title>Terc: Demogr\u00e1fiai kr\u00edzis kontra t\u00faln\u00e9pesed\u00e9s - Hot News in World<\/title>\n<meta name=\"robots\" content=\"index, follow, max-snippet:-1, max-image-preview:large, max-video-preview:-1\" \/>\n<link rel=\"canonical\" href=\"https:\/\/hotnewsinworld.com\/hu\/terc-demografiai-krizis-kontra-tulnepesedes\/\" \/>\n<meta property=\"og:locale\" content=\"hu_HU\" \/>\n<meta property=\"og:type\" content=\"article\" \/>\n<meta property=\"og:title\" content=\"Terc: Demogr\u00e1fiai kr\u00edzis kontra t\u00faln\u00e9pesed\u00e9s - Hot News in World\" \/>\n<meta property=\"og:description\" content=\"A cikk emailben t\u00f6rt\u00e9n\u0151 elk\u00fcld\u00e9s\u00e9hez kattintson ide, vagy m\u00e1solja le \u00e9s k\u00fcldje el ezt a linket: https:\/\/magyarnemzet.hu\/belfold\/terc-demografiai-krizis-kontra-tulnepesedes-7296863\/ 2019. szeptember 12. cs\u00fct\u00f6rt\u00f6k 18:29 Mi v\u00e1r a mag\u00e1t humanist\u00e1nak vall\u00f3, de val\u00f3j\u00e1ban \u00f6nfelsz\u00e1mol\u00f3 t\u00e1rsadalmakra? Mennyiben t\u00fckr\u00f6zi a demogr\u00e1fiai helyzet egy adott civiliz\u00e1ci\u00f3 \u00e9leterej\u00e9t, \u00e9lni akar\u00e1s\u00e1t? \u2013 ezekre a k\u00e9rd\u00e9sekre kereste a v\u00e1laszt F\u00f6ldi-Kov\u00e1cs Andrea. A demogr\u00e1fiai kr\u00edzissel [&hellip;]\" \/>\n<meta property=\"og:url\" content=\"https:\/\/hotnewsinworld.com\/hu\/terc-demografiai-krizis-kontra-tulnepesedes\/\" \/>\n<meta property=\"og:site_name\" content=\"Hot News in World\" \/>\n<meta property=\"article:published_time\" content=\"2019-09-12T16:36:00+00:00\" \/>\n<meta property=\"article:modified_time\" content=\"2019-09-12T16:36:01+00:00\" \/>\n<meta property=\"og:image\" content=\"https:\/\/hotnewsinworld.com\/hu\/wp-content\/uploads\/sites\/3\/2019\/06\/Hidv\u00e9ghi-Bal\u00e1zs-A-Fidesz-kezdem\u00e9nyezni-fogja-a-migr\u00e1nsk\u00e1rty\u00e1k-megsz\u00fcntet\u00e9s\u00e9t.png\" \/>\n\t<meta property=\"og:image:width\" content=\"1200\" \/>\n\t<meta property=\"og:image:height\" content=\"630\" \/>\n\t<meta property=\"og:image:type\" content=\"image\/png\" \/>\n<meta name=\"author\" content=\"hotnewsinworld\" \/>\n<meta name=\"twitter:card\" content=\"summary_large_image\" \/>\n<meta name=\"twitter:label1\" content=\"Szerz\u0151:\" \/>\n\t<meta name=\"twitter:data1\" content=\"hotnewsinworld\" \/>\n\t<meta name=\"twitter:label2\" content=\"Becs\u00fclt olvas\u00e1si id\u0151\" \/>\n\t<meta name=\"twitter:data2\" content=\"4 perc\" \/>\n<script type=\"application\/ld+json\" class=\"yoast-schema-graph\">{\"@context\":\"https:\\\/\\\/schema.org\",\"@graph\":[{\"@type\":\"Article\",\"@id\":\"https:\\\/\\\/hotnewsinworld.com\\\/hu\\\/terc-demografiai-krizis-kontra-tulnepesedes\\\/#article\",\"isPartOf\":{\"@id\":\"https:\\\/\\\/hotnewsinworld.com\\\/hu\\\/terc-demografiai-krizis-kontra-tulnepesedes\\\/\"},\"author\":{\"name\":\"hotnewsinworld\",\"@id\":\"https:\\\/\\\/hotnewsinworld.com\\\/hu\\\/#\\\/schema\\\/person\\\/fe61448b21c0d59086e75fcc1f9d8f6b\"},\"headline\":\"Terc: Demogr\u00e1fiai kr\u00edzis kontra t\u00faln\u00e9pesed\u00e9s\",\"datePublished\":\"2019-09-12T16:36:00+00:00\",\"dateModified\":\"2019-09-12T16:36:01+00:00\",\"mainEntityOfPage\":{\"@id\":\"https:\\\/\\\/hotnewsinworld.com\\\/hu\\\/terc-demografiai-krizis-kontra-tulnepesedes\\\/\"},\"wordCount\":820,\"commentCount\":0,\"image\":{\"@id\":\"https:\\\/\\\/hotnewsinworld.com\\\/hu\\\/terc-demografiai-krizis-kontra-tulnepesedes\\\/#primaryimage\"},\"thumbnailUrl\":\"https:\\\/\\\/hotnewsinworld.com\\\/hu\\\/wp-content\\\/uploads\\\/sites\\\/3\\\/2019\\\/06\\\/Hidv\u00e9ghi-Bal\u00e1zs-A-Fidesz-kezdem\u00e9nyezni-fogja-a-migr\u00e1nsk\u00e1rty\u00e1k-megsz\u00fcntet\u00e9s\u00e9t.png\",\"articleSection\":[\"LEG\u00daJABB P\u00c9NZ\u00dcGYI H\u00cdREK\"],\"inLanguage\":\"hu\",\"potentialAction\":[{\"@type\":\"CommentAction\",\"name\":\"Comment\",\"target\":[\"https:\\\/\\\/hotnewsinworld.com\\\/hu\\\/terc-demografiai-krizis-kontra-tulnepesedes\\\/#respond\"]}]},{\"@type\":\"WebPage\",\"@id\":\"https:\\\/\\\/hotnewsinworld.com\\\/hu\\\/terc-demografiai-krizis-kontra-tulnepesedes\\\/\",\"url\":\"https:\\\/\\\/hotnewsinworld.com\\\/hu\\\/terc-demografiai-krizis-kontra-tulnepesedes\\\/\",\"name\":\"Terc: Demogr\u00e1fiai kr\u00edzis kontra t\u00faln\u00e9pesed\u00e9s - Hot News in World\",\"isPartOf\":{\"@id\":\"https:\\\/\\\/hotnewsinworld.com\\\/hu\\\/#website\"},\"primaryImageOfPage\":{\"@id\":\"https:\\\/\\\/hotnewsinworld.com\\\/hu\\\/terc-demografiai-krizis-kontra-tulnepesedes\\\/#primaryimage\"},\"image\":{\"@id\":\"https:\\\/\\\/hotnewsinworld.com\\\/hu\\\/terc-demografiai-krizis-kontra-tulnepesedes\\\/#primaryimage\"},\"thumbnailUrl\":\"https:\\\/\\\/hotnewsinworld.com\\\/hu\\\/wp-content\\\/uploads\\\/sites\\\/3\\\/2019\\\/06\\\/Hidv\u00e9ghi-Bal\u00e1zs-A-Fidesz-kezdem\u00e9nyezni-fogja-a-migr\u00e1nsk\u00e1rty\u00e1k-megsz\u00fcntet\u00e9s\u00e9t.png\",\"datePublished\":\"2019-09-12T16:36:00+00:00\",\"dateModified\":\"2019-09-12T16:36:01+00:00\",\"author\":{\"@id\":\"https:\\\/\\\/hotnewsinworld.com\\\/hu\\\/#\\\/schema\\\/person\\\/fe61448b21c0d59086e75fcc1f9d8f6b\"},\"breadcrumb\":{\"@id\":\"https:\\\/\\\/hotnewsinworld.com\\\/hu\\\/terc-demografiai-krizis-kontra-tulnepesedes\\\/#breadcrumb\"},\"inLanguage\":\"hu\",\"potentialAction\":[{\"@type\":\"ReadAction\",\"target\":[\"https:\\\/\\\/hotnewsinworld.com\\\/hu\\\/terc-demografiai-krizis-kontra-tulnepesedes\\\/\"]}]},{\"@type\":\"ImageObject\",\"inLanguage\":\"hu\",\"@id\":\"https:\\\/\\\/hotnewsinworld.com\\\/hu\\\/terc-demografiai-krizis-kontra-tulnepesedes\\\/#primaryimage\",\"url\":\"https:\\\/\\\/hotnewsinworld.com\\\/hu\\\/wp-content\\\/uploads\\\/sites\\\/3\\\/2019\\\/06\\\/Hidv\u00e9ghi-Bal\u00e1zs-A-Fidesz-kezdem\u00e9nyezni-fogja-a-migr\u00e1nsk\u00e1rty\u00e1k-megsz\u00fcntet\u00e9s\u00e9t.png\",\"contentUrl\":\"https:\\\/\\\/hotnewsinworld.com\\\/hu\\\/wp-content\\\/uploads\\\/sites\\\/3\\\/2019\\\/06\\\/Hidv\u00e9ghi-Bal\u00e1zs-A-Fidesz-kezdem\u00e9nyezni-fogja-a-migr\u00e1nsk\u00e1rty\u00e1k-megsz\u00fcntet\u00e9s\u00e9t.png\",\"width\":1200,\"height\":630,\"caption\":\"Hidv\u00e9ghi Bal\u00e1zs: A Fidesz kezdem\u00e9nyezni fogja a migr\u00e1nsk\u00e1rty\u00e1k megsz\u00fcntet\u00e9s\u00e9t\"},{\"@type\":\"BreadcrumbList\",\"@id\":\"https:\\\/\\\/hotnewsinworld.com\\\/hu\\\/terc-demografiai-krizis-kontra-tulnepesedes\\\/#breadcrumb\",\"itemListElement\":[{\"@type\":\"ListItem\",\"position\":1,\"name\":\"\u0413\u043b\u0430\u0432\u043d\u0430\u044f \u0441\u0442\u0440\u0430\u043d\u0438\u0446\u0430\",\"item\":\"https:\\\/\\\/hotnewsinworld.com\\\/hu\\\/\"},{\"@type\":\"ListItem\",\"position\":2,\"name\":\"Terc: Demogr\u00e1fiai kr\u00edzis kontra t\u00faln\u00e9pesed\u00e9s\"}]},{\"@type\":\"WebSite\",\"@id\":\"https:\\\/\\\/hotnewsinworld.com\\\/hu\\\/#website\",\"url\":\"https:\\\/\\\/hotnewsinworld.com\\\/hu\\\/\",\"name\":\"Hot News in World\",\"description\":\"Hot News in World from Hungary\",\"potentialAction\":[{\"@type\":\"SearchAction\",\"target\":{\"@type\":\"EntryPoint\",\"urlTemplate\":\"https:\\\/\\\/hotnewsinworld.com\\\/hu\\\/?s={search_term_string}\"},\"query-input\":{\"@type\":\"PropertyValueSpecification\",\"valueRequired\":true,\"valueName\":\"search_term_string\"}}],\"inLanguage\":\"hu\"},{\"@type\":\"Person\",\"@id\":\"https:\\\/\\\/hotnewsinworld.com\\\/hu\\\/#\\\/schema\\\/person\\\/fe61448b21c0d59086e75fcc1f9d8f6b\",\"name\":\"hotnewsinworld\",\"image\":{\"@type\":\"ImageObject\",\"inLanguage\":\"hu\",\"@id\":\"https:\\\/\\\/secure.gravatar.com\\\/avatar\\\/8a09ac165600ce2e1c38fe593c63928eb1e6e7ba5c5a907d67787c41b3d00c14?s=96&d=mm&r=g\",\"url\":\"https:\\\/\\\/secure.gravatar.com\\\/avatar\\\/8a09ac165600ce2e1c38fe593c63928eb1e6e7ba5c5a907d67787c41b3d00c14?s=96&d=mm&r=g\",\"contentUrl\":\"https:\\\/\\\/secure.gravatar.com\\\/avatar\\\/8a09ac165600ce2e1c38fe593c63928eb1e6e7ba5c5a907d67787c41b3d00c14?s=96&d=mm&r=g\",\"caption\":\"hotnewsinworld\"},\"url\":\"https:\\\/\\\/hotnewsinworld.com\\\/hu\\\/author\\\/pt\\\/\"}]}<\/script>\n<!-- \/ Yoast SEO plugin. -->","yoast_head_json":{"title":"Terc: Demogr\u00e1fiai kr\u00edzis kontra t\u00faln\u00e9pesed\u00e9s - Hot News in World","robots":{"index":"index","follow":"follow","max-snippet":"max-snippet:-1","max-image-preview":"max-image-preview:large","max-video-preview":"max-video-preview:-1"},"canonical":"https:\/\/hotnewsinworld.com\/hu\/terc-demografiai-krizis-kontra-tulnepesedes\/","og_locale":"hu_HU","og_type":"article","og_title":"Terc: Demogr\u00e1fiai kr\u00edzis kontra t\u00faln\u00e9pesed\u00e9s - Hot News in World","og_description":"A cikk emailben t\u00f6rt\u00e9n\u0151 elk\u00fcld\u00e9s\u00e9hez kattintson ide, vagy m\u00e1solja le \u00e9s k\u00fcldje el ezt a linket: https:\/\/magyarnemzet.hu\/belfold\/terc-demografiai-krizis-kontra-tulnepesedes-7296863\/ 2019. szeptember 12. cs\u00fct\u00f6rt\u00f6k 18:29 Mi v\u00e1r a mag\u00e1t humanist\u00e1nak vall\u00f3, de val\u00f3j\u00e1ban \u00f6nfelsz\u00e1mol\u00f3 t\u00e1rsadalmakra? Mennyiben t\u00fckr\u00f6zi a demogr\u00e1fiai helyzet egy adott civiliz\u00e1ci\u00f3 \u00e9leterej\u00e9t, \u00e9lni akar\u00e1s\u00e1t? \u2013 ezekre a k\u00e9rd\u00e9sekre kereste a v\u00e1laszt F\u00f6ldi-Kov\u00e1cs Andrea. A demogr\u00e1fiai kr\u00edzissel [&hellip;]","og_url":"https:\/\/hotnewsinworld.com\/hu\/terc-demografiai-krizis-kontra-tulnepesedes\/","og_site_name":"Hot News in World","article_published_time":"2019-09-12T16:36:00+00:00","article_modified_time":"2019-09-12T16:36:01+00:00","og_image":[{"width":1200,"height":630,"url":"https:\/\/hotnewsinworld.com\/hu\/wp-content\/uploads\/sites\/3\/2019\/06\/Hidv\u00e9ghi-Bal\u00e1zs-A-Fidesz-kezdem\u00e9nyezni-fogja-a-migr\u00e1nsk\u00e1rty\u00e1k-megsz\u00fcntet\u00e9s\u00e9t.png","type":"image\/png"}],"author":"hotnewsinworld","twitter_card":"summary_large_image","twitter_misc":{"Szerz\u0151:":"hotnewsinworld","Becs\u00fclt olvas\u00e1si id\u0151":"4 perc"},"schema":{"@context":"https:\/\/schema.org","@graph":[{"@type":"Article","@id":"https:\/\/hotnewsinworld.com\/hu\/terc-demografiai-krizis-kontra-tulnepesedes\/#article","isPartOf":{"@id":"https:\/\/hotnewsinworld.com\/hu\/terc-demografiai-krizis-kontra-tulnepesedes\/"},"author":{"name":"hotnewsinworld","@id":"https:\/\/hotnewsinworld.com\/hu\/#\/schema\/person\/fe61448b21c0d59086e75fcc1f9d8f6b"},"headline":"Terc: Demogr\u00e1fiai kr\u00edzis kontra t\u00faln\u00e9pesed\u00e9s","datePublished":"2019-09-12T16:36:00+00:00","dateModified":"2019-09-12T16:36:01+00:00","mainEntityOfPage":{"@id":"https:\/\/hotnewsinworld.com\/hu\/terc-demografiai-krizis-kontra-tulnepesedes\/"},"wordCount":820,"commentCount":0,"image":{"@id":"https:\/\/hotnewsinworld.com\/hu\/terc-demografiai-krizis-kontra-tulnepesedes\/#primaryimage"},"thumbnailUrl":"https:\/\/hotnewsinworld.com\/hu\/wp-content\/uploads\/sites\/3\/2019\/06\/Hidv\u00e9ghi-Bal\u00e1zs-A-Fidesz-kezdem\u00e9nyezni-fogja-a-migr\u00e1nsk\u00e1rty\u00e1k-megsz\u00fcntet\u00e9s\u00e9t.png","articleSection":["LEG\u00daJABB P\u00c9NZ\u00dcGYI H\u00cdREK"],"inLanguage":"hu","potentialAction":[{"@type":"CommentAction","name":"Comment","target":["https:\/\/hotnewsinworld.com\/hu\/terc-demografiai-krizis-kontra-tulnepesedes\/#respond"]}]},{"@type":"WebPage","@id":"https:\/\/hotnewsinworld.com\/hu\/terc-demografiai-krizis-kontra-tulnepesedes\/","url":"https:\/\/hotnewsinworld.com\/hu\/terc-demografiai-krizis-kontra-tulnepesedes\/","name":"Terc: Demogr\u00e1fiai kr\u00edzis kontra t\u00faln\u00e9pesed\u00e9s - Hot News in World","isPartOf":{"@id":"https:\/\/hotnewsinworld.com\/hu\/#website"},"primaryImageOfPage":{"@id":"https:\/\/hotnewsinworld.com\/hu\/terc-demografiai-krizis-kontra-tulnepesedes\/#primaryimage"},"image":{"@id":"https:\/\/hotnewsinworld.com\/hu\/terc-demografiai-krizis-kontra-tulnepesedes\/#primaryimage"},"thumbnailUrl":"https:\/\/hotnewsinworld.com\/hu\/wp-content\/uploads\/sites\/3\/2019\/06\/Hidv\u00e9ghi-Bal\u00e1zs-A-Fidesz-kezdem\u00e9nyezni-fogja-a-migr\u00e1nsk\u00e1rty\u00e1k-megsz\u00fcntet\u00e9s\u00e9t.png","datePublished":"2019-09-12T16:36:00+00:00","dateModified":"2019-09-12T16:36:01+00:00","author":{"@id":"https:\/\/hotnewsinworld.com\/hu\/#\/schema\/person\/fe61448b21c0d59086e75fcc1f9d8f6b"},"breadcrumb":{"@id":"https:\/\/hotnewsinworld.com\/hu\/terc-demografiai-krizis-kontra-tulnepesedes\/#breadcrumb"},"inLanguage":"hu","potentialAction":[{"@type":"ReadAction","target":["https:\/\/hotnewsinworld.com\/hu\/terc-demografiai-krizis-kontra-tulnepesedes\/"]}]},{"@type":"ImageObject","inLanguage":"hu","@id":"https:\/\/hotnewsinworld.com\/hu\/terc-demografiai-krizis-kontra-tulnepesedes\/#primaryimage","url":"https:\/\/hotnewsinworld.com\/hu\/wp-content\/uploads\/sites\/3\/2019\/06\/Hidv\u00e9ghi-Bal\u00e1zs-A-Fidesz-kezdem\u00e9nyezni-fogja-a-migr\u00e1nsk\u00e1rty\u00e1k-megsz\u00fcntet\u00e9s\u00e9t.png","contentUrl":"https:\/\/hotnewsinworld.com\/hu\/wp-content\/uploads\/sites\/3\/2019\/06\/Hidv\u00e9ghi-Bal\u00e1zs-A-Fidesz-kezdem\u00e9nyezni-fogja-a-migr\u00e1nsk\u00e1rty\u00e1k-megsz\u00fcntet\u00e9s\u00e9t.png","width":1200,"height":630,"caption":"Hidv\u00e9ghi Bal\u00e1zs: A Fidesz kezdem\u00e9nyezni fogja a migr\u00e1nsk\u00e1rty\u00e1k megsz\u00fcntet\u00e9s\u00e9t"},{"@type":"BreadcrumbList","@id":"https:\/\/hotnewsinworld.com\/hu\/terc-demografiai-krizis-kontra-tulnepesedes\/#breadcrumb","itemListElement":[{"@type":"ListItem","position":1,"name":"\u0413\u043b\u0430\u0432\u043d\u0430\u044f \u0441\u0442\u0440\u0430\u043d\u0438\u0446\u0430","item":"https:\/\/hotnewsinworld.com\/hu\/"},{"@type":"ListItem","position":2,"name":"Terc: Demogr\u00e1fiai kr\u00edzis kontra t\u00faln\u00e9pesed\u00e9s"}]},{"@type":"WebSite","@id":"https:\/\/hotnewsinworld.com\/hu\/#website","url":"https:\/\/hotnewsinworld.com\/hu\/","name":"Hot News in World","description":"Hot News in World from Hungary","potentialAction":[{"@type":"SearchAction","target":{"@type":"EntryPoint","urlTemplate":"https:\/\/hotnewsinworld.com\/hu\/?s={search_term_string}"},"query-input":{"@type":"PropertyValueSpecification","valueRequired":true,"valueName":"search_term_string"}}],"inLanguage":"hu"},{"@type":"Person","@id":"https:\/\/hotnewsinworld.com\/hu\/#\/schema\/person\/fe61448b21c0d59086e75fcc1f9d8f6b","name":"hotnewsinworld","image":{"@type":"ImageObject","inLanguage":"hu","@id":"https:\/\/secure.gravatar.com\/avatar\/8a09ac165600ce2e1c38fe593c63928eb1e6e7ba5c5a907d67787c41b3d00c14?s=96&d=mm&r=g","url":"https:\/\/secure.gravatar.com\/avatar\/8a09ac165600ce2e1c38fe593c63928eb1e6e7ba5c5a907d67787c41b3d00c14?s=96&d=mm&r=g","contentUrl":"https:\/\/secure.gravatar.com\/avatar\/8a09ac165600ce2e1c38fe593c63928eb1e6e7ba5c5a907d67787c41b3d00c14?s=96&d=mm&r=g","caption":"hotnewsinworld"},"url":"https:\/\/hotnewsinworld.com\/hu\/author\/pt\/"}]}},"_links":{"self":[{"href":"https:\/\/hotnewsinworld.com\/hu\/wp-json\/wp\/v2\/posts\/1965","targetHints":{"allow":["GET"]}}],"collection":[{"href":"https:\/\/hotnewsinworld.com\/hu\/wp-json\/wp\/v2\/posts"}],"about":[{"href":"https:\/\/hotnewsinworld.com\/hu\/wp-json\/wp\/v2\/types\/post"}],"author":[{"embeddable":true,"href":"https:\/\/hotnewsinworld.com\/hu\/wp-json\/wp\/v2\/users\/2"}],"replies":[{"embeddable":true,"href":"https:\/\/hotnewsinworld.com\/hu\/wp-json\/wp\/v2\/comments?post=1965"}],"version-history":[{"count":1,"href":"https:\/\/hotnewsinworld.com\/hu\/wp-json\/wp\/v2\/posts\/1965\/revisions"}],"predecessor-version":[{"id":1966,"href":"https:\/\/hotnewsinworld.com\/hu\/wp-json\/wp\/v2\/posts\/1965\/revisions\/1966"}],"wp:featuredmedia":[{"embeddable":true,"href":"https:\/\/hotnewsinworld.com\/hu\/wp-json\/wp\/v2\/media\/199"}],"wp:attachment":[{"href":"https:\/\/hotnewsinworld.com\/hu\/wp-json\/wp\/v2\/media?parent=1965"}],"wp:term":[{"taxonomy":"category","embeddable":true,"href":"https:\/\/hotnewsinworld.com\/hu\/wp-json\/wp\/v2\/categories?post=1965"},{"taxonomy":"post_tag","embeddable":true,"href":"https:\/\/hotnewsinworld.com\/hu\/wp-json\/wp\/v2\/tags?post=1965"}],"curies":[{"name":"wp","href":"https:\/\/api.w.org\/{rel}","templated":true}]}}