{"id":1967,"date":"2019-09-12T20:58:51","date_gmt":"2019-09-12T17:58:51","guid":{"rendered":"https:\/\/hotnewsinworld.com\/hu\/szilagyi-peter-a-szabadsag-a-legfontosabb\/"},"modified":"2019-09-12T20:58:52","modified_gmt":"2019-09-12T17:58:52","slug":"szilagyi-peter-a-szabadsag-a-legfontosabb","status":"publish","type":"post","link":"https:\/\/hotnewsinworld.com\/hu\/szilagyi-peter-a-szabadsag-a-legfontosabb\/","title":{"rendered":"Szil\u00e1gyi P\u00e9ter: A szabads\u00e1g a legfontosabb"},"content":{"rendered":"<p>\t\t\t\t\tA cikk emailben t\u00f6rt\u00e9n\u0151 elk\u00fcld\u00e9s\u00e9hez kattintson ide, vagy m\u00e1solja le \u00e9s k\u00fcldje el ezt a linket: https:\/\/magyarnemzet.hu\/belfold\/szilagyi-peter-a-szabadsag-a-legfontosabb-7299590\/<\/p>\n<p>\t\t\t\t\t2019. szeptember 12. cs\u00fct\u00f6rt\u00f6k 19:47<\/p>\n<p>\t\t\t\t\tNek\u00fcnk magyaroknak a szabads\u00e1gunk a legfontosabb, ez nemzeti t\u00f6rt\u00e9nelm\u00fcnk mozgat\u00f3rug\u00f3ja, mert mindent ennek a kiv\u00edv\u00e1sa \u00e9rdek\u00e9ben tett\u00fcnk az elm\u00falt \u00e9vezredek sor\u00e1n \u00e9s tesz\u00fcnk ma is \u2013 hangoztatta a Minisztereln\u00f6ks\u00e9g nemzetpolitik\u00e1\u00e9rt felel\u0151s miniszteri biztosa cs\u00fct\u00f6rt\u00f6k\u00f6n Sopronban.<br \/>\nAz 1989 esem\u00e9nyei Gy\u0151r-Moson-Sopron megy\u00e9ben elnevez\u00e9s\u0171 konferenci\u00e1n, amelyen a rom\u00e1niai Maros megy\u00e9b\u0151l \u00e9rkezett deleg\u00e1ci\u00f3 is r\u00e9szt vett, Szil\u00e1gyi P\u00e9ter elmondta: az is jellemz\u0151 a magyarokra, hogy er\u0151s nemzetk\u00e9nt, \u00f6sszetartva, egy\u00fctt v\u00edvjuk meg csat\u00e1inkat, \u00e9lj\u00fcnk a K\u00e1rp\u00e1t-medence b\u00e1rmely pontj\u00e1n.<br \/>\nHangs\u00falyozta, hogy a korm\u00e1ny ugyanolyan felt\u00e9teleket k\u00edv\u00e1n biztos\u00edtani a magyaroknak a K\u00e1rp\u00e1t-medence minden r\u00e9gi\u00f3j\u00e1ban. A k\u00fclhoni magyarokra er\u0151forr\u00e1sk\u00e9nt tekint\u00fcnk, akikkel egy\u00fctt, k\u00f6z\u00f6sen alkotunk egy versenyk\u00e9pes, eur\u00f3pai nemzetet \u2013 fogalmazott.<br \/>\nHozz\u00e1tette: a konferencia az\u00e9rt fontos, mert hat\u00e1rokon \u00e1t\u00edvelve, egy nemzetk\u00e9nt vitatjuk meg a rendszerv\u00e1ltoz\u00e1s k\u00e9rd\u00e9seit.<br \/>\nA nemzetpolitika eredm\u00e9nyeit tekintve az ilyen alkalmak mutatj\u00e1k meg, hogy honnan,hov\u00e1 jutottunk \u2013 mondta, majd hozz\u00e1tette, hogy m\u00e1ra term\u00e9szetess\u00e9 v\u00e1lt az, ami r\u00e9gen csak \u00e1lom volt.Szil\u00e1gyi P\u00e9ter besz\u00e9lt arr\u00f3l is, hogy a rendszerv\u00e1ltoz\u00e1s szele 1989-ben nemcsak az anyaorsz\u00e1got \u00e9rintette, Rom\u00e1ni\u00e1ban 1989-90-ben ment v\u00e9gbe a legv\u00e9resebb rendszerv\u00e1ltoztat\u00e1s K\u00f6z\u00e9p- \u00e9s Kelet-Eur\u00f3p\u00e1ban.Kiemelte, hogy Temesv\u00e1r vagy Marosv\u00e1s\u00e1rhely ugyanolyan b\u00e1sty\u00e1j\u00e1t jelenti a szabads\u00e1g kiv\u00edv\u00e1s\u00e1nak, mint Budapest vagy Sopron, \u00e9s nem szabad megfeledkezni S\u00fct\u0151 Andr\u00e1s vagy T\u0151k\u00e9s L\u00e1szl\u00f3 nev\u00e9r\u0151l sem.<br \/>\nA harminc \u00e9vvel ezel\u0151tti P\u00e1neur\u00f3pai Piknik esem\u00e9nyeir\u0151l azt mondta a miniszteri biztos, hogy egy olyan meghat\u00e1roz\u00f3 \u00f6sszej\u00f6vetel volt, amely lez\u00e1rt egy t\u00f6bb \u00e9vtizede tart\u00f3 s\u00f6t\u00e9t korszakot.<br \/>\nA konferenci\u00e1hoz kapcsol\u00f3dva a Gy\u0151r-Moson-Sopron megyei \u00f6nkorm\u00e1nyzat a Bethlen G\u00e1bor Alap t\u00e1mogat\u00e1s\u00e1val p\u00e1ly\u00e1zatot hirdetett m\u00e1jusban a megy\u00e9ben \u00e9l\u0151 \u00e9s tan\u00edt\u00f3 t\u00f6rt\u00e9nelemtan\u00e1rok sz\u00e1m\u00e1ra, hogy k\u00e9sz\u00edtsenek egy, az 1989-es \u00e9v megyebeli esem\u00e9nyeir\u0151l sz\u00f3l\u00f3 oktat\u00e1si anyagot, amely k\u00f6zelebb viszi a fiatalokhoz a korszakot.<br \/>\nSzil\u00e1gyi P\u00e9ter megk\u00f6sz\u00f6nte a p\u00e1ly\u00e1z\u00f3 tan\u00e1rok munk\u00e1j\u00e1t, mert \u00e1ltaluk a feln\u00f6vekv\u0151 nemzed\u00e9k is megismerheti a magyars\u00e1g 20. sz\u00e1zadi t\u00f6rt\u00e9nelm\u00e9nek azon r\u00e9sz\u00e9t, amellyel a modern eur\u00f3pai politik\u00e1ba \u00fajra bekapcsol\u00f3dhatott az orsz\u00e1g.<br \/>\nN\u00e9meth Zolt\u00e1n, a Gy\u0151r-Moson-Sopron Megyei K\u00f6zgy\u0171l\u00e9s eln\u00f6ke k\u00f6sz\u00f6nt\u0151j\u00e9ben arr\u00f3l besz\u00e9lt, hogy a hat\u00e1rnyit\u00e1s harminc \u00e9ves \u00e9vfordul\u00f3ja j\u00f3 alkalmat ad arra, hogy az egykori esem\u00e9nyeket hitelesen dolgozz\u00e1k fel \u00e9s gy\u0171jts\u00e9k \u00f6ssze, mert a hat\u00e1rnyit\u00e1s \u00f3ta egy ember\u00f6lt\u0151nyi id\u0151 telt m\u00e1r el \u00e9s ha ezt most elmulasztjuk, akkor k\u00f6nnyen a t\u00f6rt\u00e9nelemhamis\u00edt\u00e1s csapd\u00e1j\u00e1ba eshet\u00fcnk.<br \/>\nHozz\u00e1tette, hogy az ellenz\u00e9k m\u00e1r most m\u00e1shogy eml\u00e9kszik az akkori pillanatokra. \u201eHorn Gyul\u00e1t, aki a t\u00f6rt\u00e9nelem sor\u00e1n v\u00e9gig a gyilkosok csapat\u00e1ban j\u00e1tszott, nagyform\u00e1tum\u00fa, eur\u00f3pai polg\u00e1rk\u00e9nt kezdik felt\u00fcntetni, puszt\u00e1n az\u00e9rt, mert egy korabeli marketingfog\u00e1s r\u00e9szek\u00e9nt \u00e1tv\u00e1gta a vasf\u00fcgg\u00f6nyt egy, az adott esem\u00e9ny kedv\u00e9\u00e9rt vissza\u00e9p\u00edtett darabj\u00e1t\u201d \u2013 fogalmazott.<br \/>\nBesz\u00e9lt arr\u00f3l is, hogy Maros megye mintegy h\u00fasz \u00e9ve testv\u00e9rmegy\u00e9je Gy\u0151r-Moson-Sopronnak, a rendszerv\u00e1lt\u00e1shoz pedig \u00fagy kapcsol\u00f3dik, hogy az 1989-es rom\u00e1niai forradalomnak Maros megye, azon bel\u00fcl is Marosv\u00e1s\u00e1rhely a r\u00e9szese volt.<br \/>\nAz eln\u00f6k elmondta, hogy a p\u00e1ly\u00e1zattal az a c\u00e9ljuk, hogy egy olyan tananyag j\u00f6jj\u00f6n l\u00e9tre, amely egy rendhagy\u00f3 oszt\u00e1lyf\u0151n\u00f6ki \u00f3ra keret\u00e9ben tan\u00edthat\u00f3 az iskol\u00e1kban, nyolcadik \u00e9s tizenkettedik oszt\u00e1lyok k\u00f6z\u00f6tt. A p\u00e1ly\u00e1z\u00f3k k\u00f6z\u00fcl kiemelkedett Greksza T\u00fcnd\u00e9nek, a soproni Sz\u00e9chenyi Istv\u00e1n Gimn\u00e1zium t\u00f6rt\u00e9nelemtan\u00e1r\u00e1nak a munk\u00e1ja, amely els\u0151 lett.<br \/>\nA konferenci\u00e1n a harminc \u00e9vvel ezel\u0151tti magyarorsz\u00e1gi \u00e9s rom\u00e1niai esem\u00e9nyek felid\u00e9z\u00e9se mellett felsz\u00f3lalt P\u00e9ter Ferenc, Maros Megye Tan\u00e1cs\u00e1nak eln\u00f6ke, aki arr\u00f3l besz\u00e9lt, hogy a mai feln\u0151tt gener\u00e1ci\u00f3nak besz\u00e9lnie kell az 1989-es esem\u00e9nyekr\u0151l, tudatos\u00edtva a fiatalokban azt, hogy milyen volt az \u00e9let 1989 el\u0151tt.<\/p>\n<p>\n<!--noindex--><br \/>\n<a href=\"https:\/\/hirek.oldal.info\/rssclick\/14392466\" rel=\"nofollow\">Source link <\/a><br \/>\n<!--\/noindex--><\/p>\n","protected":false},"excerpt":{"rendered":"<p>A cikk emailben t\u00f6rt\u00e9n\u0151 elk\u00fcld\u00e9s\u00e9hez kattintson ide, vagy m\u00e1solja le \u00e9s k\u00fcldje el ezt a linket: https:\/\/magyarnemzet.hu\/belfold\/szilagyi-peter-a-szabadsag-a-legfontosabb-7299590\/ 2019. szeptember 12. cs\u00fct\u00f6rt\u00f6k 19:47 Nek\u00fcnk magyaroknak a szabads\u00e1gunk a legfontosabb, ez nemzeti t\u00f6rt\u00e9nelm\u00fcnk mozgat\u00f3rug\u00f3ja, mert mindent ennek a kiv\u00edv\u00e1sa \u00e9rdek\u00e9ben tett\u00fcnk az elm\u00falt \u00e9vezredek sor\u00e1n \u00e9s tesz\u00fcnk ma is \u2013 hangoztatta a Minisztereln\u00f6ks\u00e9g nemzetpolitik\u00e1\u00e9rt felel\u0151s miniszteri biztosa [&hellip;]<\/p>\n","protected":false},"author":2,"featured_media":199,"comment_status":"open","ping_status":"open","sticky":false,"template":"","format":"standard","meta":{"footnotes":""},"categories":[1],"tags":[],"class_list":["post-1967","post","type-post","status-publish","format-standard","has-post-thumbnail","hentry","category-legujabb-penzugyi-hirek"],"yoast_head":"<!-- This site is optimized with the Yoast SEO plugin v27.4 - https:\/\/yoast.com\/product\/yoast-seo-wordpress\/ -->\n<title>Szil\u00e1gyi P\u00e9ter: A szabads\u00e1g a legfontosabb - Hot News in World<\/title>\n<meta name=\"robots\" content=\"index, follow, max-snippet:-1, max-image-preview:large, max-video-preview:-1\" \/>\n<link rel=\"canonical\" href=\"https:\/\/hotnewsinworld.com\/hu\/szilagyi-peter-a-szabadsag-a-legfontosabb\/\" \/>\n<meta property=\"og:locale\" content=\"hu_HU\" \/>\n<meta property=\"og:type\" content=\"article\" \/>\n<meta property=\"og:title\" content=\"Szil\u00e1gyi P\u00e9ter: A szabads\u00e1g a legfontosabb - Hot News in World\" \/>\n<meta property=\"og:description\" content=\"A cikk emailben t\u00f6rt\u00e9n\u0151 elk\u00fcld\u00e9s\u00e9hez kattintson ide, vagy m\u00e1solja le \u00e9s k\u00fcldje el ezt a linket: https:\/\/magyarnemzet.hu\/belfold\/szilagyi-peter-a-szabadsag-a-legfontosabb-7299590\/ 2019. szeptember 12. cs\u00fct\u00f6rt\u00f6k 19:47 Nek\u00fcnk magyaroknak a szabads\u00e1gunk a legfontosabb, ez nemzeti t\u00f6rt\u00e9nelm\u00fcnk mozgat\u00f3rug\u00f3ja, mert mindent ennek a kiv\u00edv\u00e1sa \u00e9rdek\u00e9ben tett\u00fcnk az elm\u00falt \u00e9vezredek sor\u00e1n \u00e9s tesz\u00fcnk ma is \u2013 hangoztatta a Minisztereln\u00f6ks\u00e9g nemzetpolitik\u00e1\u00e9rt felel\u0151s miniszteri biztosa [&hellip;]\" \/>\n<meta property=\"og:url\" content=\"https:\/\/hotnewsinworld.com\/hu\/szilagyi-peter-a-szabadsag-a-legfontosabb\/\" \/>\n<meta property=\"og:site_name\" content=\"Hot News in World\" \/>\n<meta property=\"article:published_time\" content=\"2019-09-12T17:58:51+00:00\" \/>\n<meta property=\"article:modified_time\" content=\"2019-09-12T17:58:52+00:00\" \/>\n<meta property=\"og:image\" content=\"https:\/\/hotnewsinworld.com\/hu\/wp-content\/uploads\/sites\/3\/2019\/06\/Hidv\u00e9ghi-Bal\u00e1zs-A-Fidesz-kezdem\u00e9nyezni-fogja-a-migr\u00e1nsk\u00e1rty\u00e1k-megsz\u00fcntet\u00e9s\u00e9t.png\" \/>\n\t<meta property=\"og:image:width\" content=\"1200\" \/>\n\t<meta property=\"og:image:height\" content=\"630\" \/>\n\t<meta property=\"og:image:type\" content=\"image\/png\" \/>\n<meta name=\"author\" content=\"hotnewsinworld\" \/>\n<meta name=\"twitter:card\" content=\"summary_large_image\" \/>\n<meta name=\"twitter:label1\" content=\"Szerz\u0151:\" \/>\n\t<meta name=\"twitter:data1\" content=\"hotnewsinworld\" \/>\n\t<meta name=\"twitter:label2\" content=\"Becs\u00fclt olvas\u00e1si id\u0151\" \/>\n\t<meta name=\"twitter:data2\" content=\"4 perc\" \/>\n<script type=\"application\/ld+json\" class=\"yoast-schema-graph\">{\"@context\":\"https:\\\/\\\/schema.org\",\"@graph\":[{\"@type\":\"Article\",\"@id\":\"https:\\\/\\\/hotnewsinworld.com\\\/hu\\\/szilagyi-peter-a-szabadsag-a-legfontosabb\\\/#article\",\"isPartOf\":{\"@id\":\"https:\\\/\\\/hotnewsinworld.com\\\/hu\\\/szilagyi-peter-a-szabadsag-a-legfontosabb\\\/\"},\"author\":{\"name\":\"hotnewsinworld\",\"@id\":\"https:\\\/\\\/hotnewsinworld.com\\\/hu\\\/#\\\/schema\\\/person\\\/fe61448b21c0d59086e75fcc1f9d8f6b\"},\"headline\":\"Szil\u00e1gyi P\u00e9ter: A szabads\u00e1g a legfontosabb\",\"datePublished\":\"2019-09-12T17:58:51+00:00\",\"dateModified\":\"2019-09-12T17:58:52+00:00\",\"mainEntityOfPage\":{\"@id\":\"https:\\\/\\\/hotnewsinworld.com\\\/hu\\\/szilagyi-peter-a-szabadsag-a-legfontosabb\\\/\"},\"wordCount\":847,\"commentCount\":0,\"image\":{\"@id\":\"https:\\\/\\\/hotnewsinworld.com\\\/hu\\\/szilagyi-peter-a-szabadsag-a-legfontosabb\\\/#primaryimage\"},\"thumbnailUrl\":\"https:\\\/\\\/hotnewsinworld.com\\\/hu\\\/wp-content\\\/uploads\\\/sites\\\/3\\\/2019\\\/06\\\/Hidv\u00e9ghi-Bal\u00e1zs-A-Fidesz-kezdem\u00e9nyezni-fogja-a-migr\u00e1nsk\u00e1rty\u00e1k-megsz\u00fcntet\u00e9s\u00e9t.png\",\"articleSection\":[\"LEG\u00daJABB P\u00c9NZ\u00dcGYI H\u00cdREK\"],\"inLanguage\":\"hu\",\"potentialAction\":[{\"@type\":\"CommentAction\",\"name\":\"Comment\",\"target\":[\"https:\\\/\\\/hotnewsinworld.com\\\/hu\\\/szilagyi-peter-a-szabadsag-a-legfontosabb\\\/#respond\"]}]},{\"@type\":\"WebPage\",\"@id\":\"https:\\\/\\\/hotnewsinworld.com\\\/hu\\\/szilagyi-peter-a-szabadsag-a-legfontosabb\\\/\",\"url\":\"https:\\\/\\\/hotnewsinworld.com\\\/hu\\\/szilagyi-peter-a-szabadsag-a-legfontosabb\\\/\",\"name\":\"Szil\u00e1gyi P\u00e9ter: A szabads\u00e1g a legfontosabb - Hot News in World\",\"isPartOf\":{\"@id\":\"https:\\\/\\\/hotnewsinworld.com\\\/hu\\\/#website\"},\"primaryImageOfPage\":{\"@id\":\"https:\\\/\\\/hotnewsinworld.com\\\/hu\\\/szilagyi-peter-a-szabadsag-a-legfontosabb\\\/#primaryimage\"},\"image\":{\"@id\":\"https:\\\/\\\/hotnewsinworld.com\\\/hu\\\/szilagyi-peter-a-szabadsag-a-legfontosabb\\\/#primaryimage\"},\"thumbnailUrl\":\"https:\\\/\\\/hotnewsinworld.com\\\/hu\\\/wp-content\\\/uploads\\\/sites\\\/3\\\/2019\\\/06\\\/Hidv\u00e9ghi-Bal\u00e1zs-A-Fidesz-kezdem\u00e9nyezni-fogja-a-migr\u00e1nsk\u00e1rty\u00e1k-megsz\u00fcntet\u00e9s\u00e9t.png\",\"datePublished\":\"2019-09-12T17:58:51+00:00\",\"dateModified\":\"2019-09-12T17:58:52+00:00\",\"author\":{\"@id\":\"https:\\\/\\\/hotnewsinworld.com\\\/hu\\\/#\\\/schema\\\/person\\\/fe61448b21c0d59086e75fcc1f9d8f6b\"},\"breadcrumb\":{\"@id\":\"https:\\\/\\\/hotnewsinworld.com\\\/hu\\\/szilagyi-peter-a-szabadsag-a-legfontosabb\\\/#breadcrumb\"},\"inLanguage\":\"hu\",\"potentialAction\":[{\"@type\":\"ReadAction\",\"target\":[\"https:\\\/\\\/hotnewsinworld.com\\\/hu\\\/szilagyi-peter-a-szabadsag-a-legfontosabb\\\/\"]}]},{\"@type\":\"ImageObject\",\"inLanguage\":\"hu\",\"@id\":\"https:\\\/\\\/hotnewsinworld.com\\\/hu\\\/szilagyi-peter-a-szabadsag-a-legfontosabb\\\/#primaryimage\",\"url\":\"https:\\\/\\\/hotnewsinworld.com\\\/hu\\\/wp-content\\\/uploads\\\/sites\\\/3\\\/2019\\\/06\\\/Hidv\u00e9ghi-Bal\u00e1zs-A-Fidesz-kezdem\u00e9nyezni-fogja-a-migr\u00e1nsk\u00e1rty\u00e1k-megsz\u00fcntet\u00e9s\u00e9t.png\",\"contentUrl\":\"https:\\\/\\\/hotnewsinworld.com\\\/hu\\\/wp-content\\\/uploads\\\/sites\\\/3\\\/2019\\\/06\\\/Hidv\u00e9ghi-Bal\u00e1zs-A-Fidesz-kezdem\u00e9nyezni-fogja-a-migr\u00e1nsk\u00e1rty\u00e1k-megsz\u00fcntet\u00e9s\u00e9t.png\",\"width\":1200,\"height\":630,\"caption\":\"Hidv\u00e9ghi Bal\u00e1zs: A Fidesz kezdem\u00e9nyezni fogja a migr\u00e1nsk\u00e1rty\u00e1k megsz\u00fcntet\u00e9s\u00e9t\"},{\"@type\":\"BreadcrumbList\",\"@id\":\"https:\\\/\\\/hotnewsinworld.com\\\/hu\\\/szilagyi-peter-a-szabadsag-a-legfontosabb\\\/#breadcrumb\",\"itemListElement\":[{\"@type\":\"ListItem\",\"position\":1,\"name\":\"\u0413\u043b\u0430\u0432\u043d\u0430\u044f \u0441\u0442\u0440\u0430\u043d\u0438\u0446\u0430\",\"item\":\"https:\\\/\\\/hotnewsinworld.com\\\/hu\\\/\"},{\"@type\":\"ListItem\",\"position\":2,\"name\":\"Szil\u00e1gyi P\u00e9ter: A szabads\u00e1g a legfontosabb\"}]},{\"@type\":\"WebSite\",\"@id\":\"https:\\\/\\\/hotnewsinworld.com\\\/hu\\\/#website\",\"url\":\"https:\\\/\\\/hotnewsinworld.com\\\/hu\\\/\",\"name\":\"Hot News in World\",\"description\":\"Hot News in World from Hungary\",\"potentialAction\":[{\"@type\":\"SearchAction\",\"target\":{\"@type\":\"EntryPoint\",\"urlTemplate\":\"https:\\\/\\\/hotnewsinworld.com\\\/hu\\\/?s={search_term_string}\"},\"query-input\":{\"@type\":\"PropertyValueSpecification\",\"valueRequired\":true,\"valueName\":\"search_term_string\"}}],\"inLanguage\":\"hu\"},{\"@type\":\"Person\",\"@id\":\"https:\\\/\\\/hotnewsinworld.com\\\/hu\\\/#\\\/schema\\\/person\\\/fe61448b21c0d59086e75fcc1f9d8f6b\",\"name\":\"hotnewsinworld\",\"image\":{\"@type\":\"ImageObject\",\"inLanguage\":\"hu\",\"@id\":\"https:\\\/\\\/secure.gravatar.com\\\/avatar\\\/8a09ac165600ce2e1c38fe593c63928eb1e6e7ba5c5a907d67787c41b3d00c14?s=96&d=mm&r=g\",\"url\":\"https:\\\/\\\/secure.gravatar.com\\\/avatar\\\/8a09ac165600ce2e1c38fe593c63928eb1e6e7ba5c5a907d67787c41b3d00c14?s=96&d=mm&r=g\",\"contentUrl\":\"https:\\\/\\\/secure.gravatar.com\\\/avatar\\\/8a09ac165600ce2e1c38fe593c63928eb1e6e7ba5c5a907d67787c41b3d00c14?s=96&d=mm&r=g\",\"caption\":\"hotnewsinworld\"},\"url\":\"https:\\\/\\\/hotnewsinworld.com\\\/hu\\\/author\\\/pt\\\/\"}]}<\/script>\n<!-- \/ Yoast SEO plugin. -->","yoast_head_json":{"title":"Szil\u00e1gyi P\u00e9ter: A szabads\u00e1g a legfontosabb - Hot News in World","robots":{"index":"index","follow":"follow","max-snippet":"max-snippet:-1","max-image-preview":"max-image-preview:large","max-video-preview":"max-video-preview:-1"},"canonical":"https:\/\/hotnewsinworld.com\/hu\/szilagyi-peter-a-szabadsag-a-legfontosabb\/","og_locale":"hu_HU","og_type":"article","og_title":"Szil\u00e1gyi P\u00e9ter: A szabads\u00e1g a legfontosabb - Hot News in World","og_description":"A cikk emailben t\u00f6rt\u00e9n\u0151 elk\u00fcld\u00e9s\u00e9hez kattintson ide, vagy m\u00e1solja le \u00e9s k\u00fcldje el ezt a linket: https:\/\/magyarnemzet.hu\/belfold\/szilagyi-peter-a-szabadsag-a-legfontosabb-7299590\/ 2019. szeptember 12. cs\u00fct\u00f6rt\u00f6k 19:47 Nek\u00fcnk magyaroknak a szabads\u00e1gunk a legfontosabb, ez nemzeti t\u00f6rt\u00e9nelm\u00fcnk mozgat\u00f3rug\u00f3ja, mert mindent ennek a kiv\u00edv\u00e1sa \u00e9rdek\u00e9ben tett\u00fcnk az elm\u00falt \u00e9vezredek sor\u00e1n \u00e9s tesz\u00fcnk ma is \u2013 hangoztatta a Minisztereln\u00f6ks\u00e9g nemzetpolitik\u00e1\u00e9rt felel\u0151s miniszteri biztosa [&hellip;]","og_url":"https:\/\/hotnewsinworld.com\/hu\/szilagyi-peter-a-szabadsag-a-legfontosabb\/","og_site_name":"Hot News in World","article_published_time":"2019-09-12T17:58:51+00:00","article_modified_time":"2019-09-12T17:58:52+00:00","og_image":[{"width":1200,"height":630,"url":"https:\/\/hotnewsinworld.com\/hu\/wp-content\/uploads\/sites\/3\/2019\/06\/Hidv\u00e9ghi-Bal\u00e1zs-A-Fidesz-kezdem\u00e9nyezni-fogja-a-migr\u00e1nsk\u00e1rty\u00e1k-megsz\u00fcntet\u00e9s\u00e9t.png","type":"image\/png"}],"author":"hotnewsinworld","twitter_card":"summary_large_image","twitter_misc":{"Szerz\u0151:":"hotnewsinworld","Becs\u00fclt olvas\u00e1si id\u0151":"4 perc"},"schema":{"@context":"https:\/\/schema.org","@graph":[{"@type":"Article","@id":"https:\/\/hotnewsinworld.com\/hu\/szilagyi-peter-a-szabadsag-a-legfontosabb\/#article","isPartOf":{"@id":"https:\/\/hotnewsinworld.com\/hu\/szilagyi-peter-a-szabadsag-a-legfontosabb\/"},"author":{"name":"hotnewsinworld","@id":"https:\/\/hotnewsinworld.com\/hu\/#\/schema\/person\/fe61448b21c0d59086e75fcc1f9d8f6b"},"headline":"Szil\u00e1gyi P\u00e9ter: A szabads\u00e1g a legfontosabb","datePublished":"2019-09-12T17:58:51+00:00","dateModified":"2019-09-12T17:58:52+00:00","mainEntityOfPage":{"@id":"https:\/\/hotnewsinworld.com\/hu\/szilagyi-peter-a-szabadsag-a-legfontosabb\/"},"wordCount":847,"commentCount":0,"image":{"@id":"https:\/\/hotnewsinworld.com\/hu\/szilagyi-peter-a-szabadsag-a-legfontosabb\/#primaryimage"},"thumbnailUrl":"https:\/\/hotnewsinworld.com\/hu\/wp-content\/uploads\/sites\/3\/2019\/06\/Hidv\u00e9ghi-Bal\u00e1zs-A-Fidesz-kezdem\u00e9nyezni-fogja-a-migr\u00e1nsk\u00e1rty\u00e1k-megsz\u00fcntet\u00e9s\u00e9t.png","articleSection":["LEG\u00daJABB P\u00c9NZ\u00dcGYI H\u00cdREK"],"inLanguage":"hu","potentialAction":[{"@type":"CommentAction","name":"Comment","target":["https:\/\/hotnewsinworld.com\/hu\/szilagyi-peter-a-szabadsag-a-legfontosabb\/#respond"]}]},{"@type":"WebPage","@id":"https:\/\/hotnewsinworld.com\/hu\/szilagyi-peter-a-szabadsag-a-legfontosabb\/","url":"https:\/\/hotnewsinworld.com\/hu\/szilagyi-peter-a-szabadsag-a-legfontosabb\/","name":"Szil\u00e1gyi P\u00e9ter: A szabads\u00e1g a legfontosabb - Hot News in World","isPartOf":{"@id":"https:\/\/hotnewsinworld.com\/hu\/#website"},"primaryImageOfPage":{"@id":"https:\/\/hotnewsinworld.com\/hu\/szilagyi-peter-a-szabadsag-a-legfontosabb\/#primaryimage"},"image":{"@id":"https:\/\/hotnewsinworld.com\/hu\/szilagyi-peter-a-szabadsag-a-legfontosabb\/#primaryimage"},"thumbnailUrl":"https:\/\/hotnewsinworld.com\/hu\/wp-content\/uploads\/sites\/3\/2019\/06\/Hidv\u00e9ghi-Bal\u00e1zs-A-Fidesz-kezdem\u00e9nyezni-fogja-a-migr\u00e1nsk\u00e1rty\u00e1k-megsz\u00fcntet\u00e9s\u00e9t.png","datePublished":"2019-09-12T17:58:51+00:00","dateModified":"2019-09-12T17:58:52+00:00","author":{"@id":"https:\/\/hotnewsinworld.com\/hu\/#\/schema\/person\/fe61448b21c0d59086e75fcc1f9d8f6b"},"breadcrumb":{"@id":"https:\/\/hotnewsinworld.com\/hu\/szilagyi-peter-a-szabadsag-a-legfontosabb\/#breadcrumb"},"inLanguage":"hu","potentialAction":[{"@type":"ReadAction","target":["https:\/\/hotnewsinworld.com\/hu\/szilagyi-peter-a-szabadsag-a-legfontosabb\/"]}]},{"@type":"ImageObject","inLanguage":"hu","@id":"https:\/\/hotnewsinworld.com\/hu\/szilagyi-peter-a-szabadsag-a-legfontosabb\/#primaryimage","url":"https:\/\/hotnewsinworld.com\/hu\/wp-content\/uploads\/sites\/3\/2019\/06\/Hidv\u00e9ghi-Bal\u00e1zs-A-Fidesz-kezdem\u00e9nyezni-fogja-a-migr\u00e1nsk\u00e1rty\u00e1k-megsz\u00fcntet\u00e9s\u00e9t.png","contentUrl":"https:\/\/hotnewsinworld.com\/hu\/wp-content\/uploads\/sites\/3\/2019\/06\/Hidv\u00e9ghi-Bal\u00e1zs-A-Fidesz-kezdem\u00e9nyezni-fogja-a-migr\u00e1nsk\u00e1rty\u00e1k-megsz\u00fcntet\u00e9s\u00e9t.png","width":1200,"height":630,"caption":"Hidv\u00e9ghi Bal\u00e1zs: A Fidesz kezdem\u00e9nyezni fogja a migr\u00e1nsk\u00e1rty\u00e1k megsz\u00fcntet\u00e9s\u00e9t"},{"@type":"BreadcrumbList","@id":"https:\/\/hotnewsinworld.com\/hu\/szilagyi-peter-a-szabadsag-a-legfontosabb\/#breadcrumb","itemListElement":[{"@type":"ListItem","position":1,"name":"\u0413\u043b\u0430\u0432\u043d\u0430\u044f \u0441\u0442\u0440\u0430\u043d\u0438\u0446\u0430","item":"https:\/\/hotnewsinworld.com\/hu\/"},{"@type":"ListItem","position":2,"name":"Szil\u00e1gyi P\u00e9ter: A szabads\u00e1g a legfontosabb"}]},{"@type":"WebSite","@id":"https:\/\/hotnewsinworld.com\/hu\/#website","url":"https:\/\/hotnewsinworld.com\/hu\/","name":"Hot News in World","description":"Hot News in World from Hungary","potentialAction":[{"@type":"SearchAction","target":{"@type":"EntryPoint","urlTemplate":"https:\/\/hotnewsinworld.com\/hu\/?s={search_term_string}"},"query-input":{"@type":"PropertyValueSpecification","valueRequired":true,"valueName":"search_term_string"}}],"inLanguage":"hu"},{"@type":"Person","@id":"https:\/\/hotnewsinworld.com\/hu\/#\/schema\/person\/fe61448b21c0d59086e75fcc1f9d8f6b","name":"hotnewsinworld","image":{"@type":"ImageObject","inLanguage":"hu","@id":"https:\/\/secure.gravatar.com\/avatar\/8a09ac165600ce2e1c38fe593c63928eb1e6e7ba5c5a907d67787c41b3d00c14?s=96&d=mm&r=g","url":"https:\/\/secure.gravatar.com\/avatar\/8a09ac165600ce2e1c38fe593c63928eb1e6e7ba5c5a907d67787c41b3d00c14?s=96&d=mm&r=g","contentUrl":"https:\/\/secure.gravatar.com\/avatar\/8a09ac165600ce2e1c38fe593c63928eb1e6e7ba5c5a907d67787c41b3d00c14?s=96&d=mm&r=g","caption":"hotnewsinworld"},"url":"https:\/\/hotnewsinworld.com\/hu\/author\/pt\/"}]}},"_links":{"self":[{"href":"https:\/\/hotnewsinworld.com\/hu\/wp-json\/wp\/v2\/posts\/1967","targetHints":{"allow":["GET"]}}],"collection":[{"href":"https:\/\/hotnewsinworld.com\/hu\/wp-json\/wp\/v2\/posts"}],"about":[{"href":"https:\/\/hotnewsinworld.com\/hu\/wp-json\/wp\/v2\/types\/post"}],"author":[{"embeddable":true,"href":"https:\/\/hotnewsinworld.com\/hu\/wp-json\/wp\/v2\/users\/2"}],"replies":[{"embeddable":true,"href":"https:\/\/hotnewsinworld.com\/hu\/wp-json\/wp\/v2\/comments?post=1967"}],"version-history":[{"count":1,"href":"https:\/\/hotnewsinworld.com\/hu\/wp-json\/wp\/v2\/posts\/1967\/revisions"}],"predecessor-version":[{"id":1968,"href":"https:\/\/hotnewsinworld.com\/hu\/wp-json\/wp\/v2\/posts\/1967\/revisions\/1968"}],"wp:featuredmedia":[{"embeddable":true,"href":"https:\/\/hotnewsinworld.com\/hu\/wp-json\/wp\/v2\/media\/199"}],"wp:attachment":[{"href":"https:\/\/hotnewsinworld.com\/hu\/wp-json\/wp\/v2\/media?parent=1967"}],"wp:term":[{"taxonomy":"category","embeddable":true,"href":"https:\/\/hotnewsinworld.com\/hu\/wp-json\/wp\/v2\/categories?post=1967"},{"taxonomy":"post_tag","embeddable":true,"href":"https:\/\/hotnewsinworld.com\/hu\/wp-json\/wp\/v2\/tags?post=1967"}],"curies":[{"name":"wp","href":"https:\/\/api.w.org\/{rel}","templated":true}]}}