{"id":1972,"date":"2019-09-13T01:09:39","date_gmt":"2019-09-12T22:09:39","guid":{"rendered":"https:\/\/hotnewsinworld.com\/hu\/behivatta-a-szlovak-kulugy-a-magyar-nagykovetet-a-magyar-szlovak-meccs-miatt\/"},"modified":"2019-09-13T01:09:40","modified_gmt":"2019-09-12T22:09:40","slug":"behivatta-a-szlovak-kulugy-a-magyar-nagykovetet-a-magyar-szlovak-meccs-miatt","status":"publish","type":"post","link":"https:\/\/hotnewsinworld.com\/hu\/behivatta-a-szlovak-kulugy-a-magyar-nagykovetet-a-magyar-szlovak-meccs-miatt\/","title":{"rendered":"Beh\u00edvatta a szlov\u00e1k k\u00fcl\u00fcgy a magyar nagyk\u00f6vetet a magyar-szlov\u00e1k meccs miatt"},"content":{"rendered":"<p>\tPet\u0151 Tiboron a magyar szurkol\u00f3k viselked\u00e9s\u00e9t k\u00e9rik sz\u00e1mon.<\/p>\n<p>class=&#8221;line-title-with-image&#8221;&gt;Bek\u00e9rett\u00e9k a pozsonyi magyar nagyk\u00f6vetet a szlov\u00e1k k\u00fcl\u00fcgyminiszt\u00e9riumba cs\u00fct\u00f6rt\u00f6k\u00f6n, a h\u00e9tf\u0151i magyar-szlov\u00e1k v\u00e1logatott labdar\u00fag\u00f3-m\u00e9rk\u0151z\u00e9st k\u00eds\u00e9r\u0151 esem\u00e9nyek miatt \u2013 k\u00f6z\u00f6lte honlapj\u00e1n a szlov\u00e1k szakt\u00e1rca.<\/p>\n<p>A szlov\u00e1k k\u00fcl\u00fcgyminiszt\u00e9rium az esettel kapcsolatban kiadott k\u00f6zlem\u00e9ny\u00e9ben azt \u00edrta: el\u00edt\u00e9li azokat a szlov\u00e1kellenes rigmusokat,\u2026class=&#8221;line-title-with-image&#8221;&gt;A szlov\u00e1k k\u00fcl\u00fcgy szerint ugyanis a budapesti meccsen s\u00e9rt\u0151, szlov\u00e1kellenes jelszavak hangzottak el, a magyar szurkol\u00f3k kif\u00fcty\u00fclt\u00e9k a szlov\u00e1k himnuszt, \u00e9s megs\u00e9rtettek egy szlov\u00e1k \u00e1llami jelk\u00e9pet is.class=&#8221;&#8221;&gt;Az ok: szlov\u00e1kellenes rigmusok hangzottak el a h\u00e9tf\u0151i v\u00e1logatott labdar\u00fag\u00f3-m\u00e9rk\u0151z\u00e9s alatt.class=&#8221;line-title-with-image&#8221;&gt;A szlov\u00e1k k\u00fcl\u00fcgyminiszt\u00e9rium bek\u00e9rette Pet\u0151 Tibort, Magyarorsz\u00e1g pozsonyi nagyk\u00f6vet\u00e9t a szeptember 9-i magyar-szlov\u00e1k Eb-selejtez\u0151n t\u00f6rt\u00e9nt szlov\u00e1kellenes szurkol\u00f3i megnyilv\u00e1nul\u00e1sok miatt \u2013 \u00edr\u00edja a\u00a0Param\u00e9ter a TASR szlov\u00e1k h\u00edr\u00fcgyn\u00f6ks\u00e9g nyom\u00e1n. A t\u00e1rca a magyar szurkol\u00f3k t\u00e1rca szlov\u00e1kellenes jelszavaival \u00e9s szlov\u00e1k \u00e1llami jelk\u00e9pek\u2026class=&#8221;line-title-with-image&#8221;&gt;A szlov\u00e1k k\u00fcl\u00fcgyi t\u00e1rca szerint a h\u00e9tf\u0151i v\u00e1logatott meccsen szlov\u00e1kellenes jelszavak hangoztak el.class=&#8221;line-title-with-image&#8221;&gt;A szlov\u00e1k K\u00fcl- \u00e9s Eur\u00f3pai \u00dcgyek Miniszt\u00e9riuma beh\u00edvatta Pet\u0151 Tibor magyar nagyk\u00f6vetet a Magyarorsz\u00e1g \u2013 Szlov\u00e1kia Eur\u00f3pa-bajnoki selejtez\u0151n t\u00f6rt\u00e9ntek miatt. Err\u0151l a t\u00e1rca sajt\u00f3oszt\u00e1lya t\u00e1j\u00e9koztatott cs\u00fct\u00f6rt\u00f6k\u00f6n. A miniszt\u00e9rium felh\u00edvta a figyelmet, hogy a m\u00e9rk\u0151z\u00e9sen s\u00e9rt\u0151, szlov\u00e1kellenes jelszavak hangzottak el, \u00e9s megs\u00e9rtettek egy \u00e1llami\u2026class=&#8221;&#8221;&gt;A szlov\u00e1kok a m\u00e9rk\u0151z\u00e9s ut\u00e1ni esem\u00e9nyeket akarj\u00e1k megt\u00e1rgyalni.class=&#8221;line-title-with-image&#8221;&gt;Szerint\u00fck az ilyen esetek megzavarhatj\u00e1k a k\u00e9t orsz\u00e1g k\u00f6zti kapcsolatokat \u00e9s a szlov\u00e1kok \u00e9s magyarok b\u00e9k\u00e9s egy\u00fctt\u00e9l\u00e9s\u00e9tclass=&#8221;line-title-with-image&#8221;&gt;A szlov\u00e1k k\u00fcl\u00fcgyminiszt\u00e9rium a magyar-szlov\u00e1k labdar\u00fag\u00f3 m\u00e9rk\u0151z\u00e9sen t\u00f6rt\u00e9nteket nehezm\u00e9nyezte.class=&#8221;&#8221;&gt;A szlov\u00e1kok a m\u00e9rk\u0151z\u00e9s ut\u00e1ni esem\u00e9nyeket akarj\u00e1k megt\u00e1rgyalni.class=&#8221;line-title-with-image&#8221;&gt;Pozsony &#8211; Bek\u00e9rett\u00e9k a pozsonyi magyar nagyk\u00f6vetet a szlov\u00e1k k\u00fcl\u00fcgyminiszt\u00e9riumba cs\u00fct\u00f6rt\u00f6k\u00f6n, a h\u00e9tf\u0151i magyar-szlov\u00e1k v\u00e1logatott labdar\u00fag\u00f3-m\u00e9rk\u0151z\u00e9st k\u00eds\u00e9r\u0151 esem\u00e9nyek miatt &#8211; k\u00f6z\u00f6lte honlapj\u00e1n a szlov\u00e1k szakt\u00e1rca.class=&#8221;line-title-with-image&#8221;&gt;A magyar szurkol\u00f3k kif\u00fcty\u00fclt\u00e9k a szlov\u00e1k himnuszt, \u00e9s s\u00e9rt\u0151 transzparenseket is mutogattak.class=&#8221;line-title-with-image&#8221;&gt;A magyar szurkol\u00f3k t\u00f6bbek k\u00f6zt kif\u00fcty\u00fclt\u00e9k a szlov\u00e1k himnuszt.class=&#8221;line-title-with-image&#8221;&gt;Hivatalos k\u00f6zlem\u00e9nyt jelentettek meg.class=&#8221;line-title-with-image&#8221;&gt;Bek\u00e9rett\u00e9k a  pozsonyi magyar nagyk\u00f6vetet a szlov\u00e1k k\u00fcl\u00fcgyminiszt\u00e9riumba cs\u00fct\u00f6rt\u00f6k\u00f6n, a  h\u00e9tf\u0151i magyar\u2013szlov\u00e1k v\u00e1logatott labdar\u00fag\u00f3-m\u00e9rk\u0151z\u00e9st k\u00eds\u00e9r\u0151 esem\u00e9nyek  miatt \u2013 k\u00f6z\u00f6lte honlapj\u00e1n a szlov\u00e1k szakt\u00e1rca.class=&#8221;line-title-with-image&#8221;&gt;A miniszt\u00e9rium felh\u00edvta a figyelmet, hogy a m\u00e9rk\u0151z\u00e9sen s\u00e9rt\u0151, szlov\u00e1kellenes jelszavak hangzottak el, \u00e9s megs\u00e9rtettek egy \u00e1llami jelk\u00e9pet is. A t\u00e1rca el\u00edt\u00e9lte az etnikai ellens\u00e9gesked\u00e9s ezen megnyilv\u00e1nul\u00e1sait. \u201eAz eff\u00e9le megnyilv\u00e1nul\u00e1sok elfogadhatatlanok nemcsak a stadionban, hanem mindenhol m\u00e1shol is\u201d \u2013 \u00e1ll a t\u00e1rca\u2026<br \/>\n<br \/>\n<!--noindex--><br \/>\n<a href=\"https:\/\/hirek.oldal.info\/rssclick\/14392766\" rel=\"nofollow\">Source link <\/a><br \/>\n<!--\/noindex--><\/p>\n","protected":false},"excerpt":{"rendered":"<p>Pet\u0151 Tiboron a magyar szurkol\u00f3k viselked\u00e9s\u00e9t k\u00e9rik sz\u00e1mon. class=&#8221;line-title-with-image&#8221;&gt;Bek\u00e9rett\u00e9k a pozsonyi magyar nagyk\u00f6vetet a szlov\u00e1k k\u00fcl\u00fcgyminiszt\u00e9riumba cs\u00fct\u00f6rt\u00f6k\u00f6n, a h\u00e9tf\u0151i magyar-szlov\u00e1k v\u00e1logatott labdar\u00fag\u00f3-m\u00e9rk\u0151z\u00e9st k\u00eds\u00e9r\u0151 esem\u00e9nyek miatt \u2013 k\u00f6z\u00f6lte honlapj\u00e1n a szlov\u00e1k szakt\u00e1rca. A szlov\u00e1k k\u00fcl\u00fcgyminiszt\u00e9rium az esettel kapcsolatban kiadott k\u00f6zlem\u00e9ny\u00e9ben azt \u00edrta: el\u00edt\u00e9li azokat a szlov\u00e1kellenes rigmusokat,\u2026class=&#8221;line-title-with-image&#8221;&gt;A szlov\u00e1k k\u00fcl\u00fcgy szerint ugyanis a budapesti meccsen s\u00e9rt\u0151, szlov\u00e1kellenes [&hellip;]<\/p>\n","protected":false},"author":2,"featured_media":1973,"comment_status":"open","ping_status":"open","sticky":false,"template":"","format":"standard","meta":{"footnotes":""},"categories":[1],"tags":[],"class_list":["post-1972","post","type-post","status-publish","format-standard","has-post-thumbnail","hentry","category-legujabb-penzugyi-hirek"],"yoast_head":"<!-- This site is optimized with the Yoast SEO plugin v27.4 - https:\/\/yoast.com\/product\/yoast-seo-wordpress\/ -->\n<title>Beh\u00edvatta a szlov\u00e1k k\u00fcl\u00fcgy a magyar nagyk\u00f6vetet a magyar-szlov\u00e1k meccs miatt - Hot News in World<\/title>\n<meta name=\"robots\" content=\"index, follow, max-snippet:-1, max-image-preview:large, max-video-preview:-1\" \/>\n<link rel=\"canonical\" href=\"https:\/\/hotnewsinworld.com\/hu\/behivatta-a-szlovak-kulugy-a-magyar-nagykovetet-a-magyar-szlovak-meccs-miatt\/\" \/>\n<meta property=\"og:locale\" content=\"hu_HU\" \/>\n<meta property=\"og:type\" content=\"article\" \/>\n<meta property=\"og:title\" content=\"Beh\u00edvatta a szlov\u00e1k k\u00fcl\u00fcgy a magyar nagyk\u00f6vetet a magyar-szlov\u00e1k meccs miatt - Hot News in World\" \/>\n<meta property=\"og:description\" content=\"Pet\u0151 Tiboron a magyar szurkol\u00f3k viselked\u00e9s\u00e9t k\u00e9rik sz\u00e1mon. class=&#8221;line-title-with-image&#8221;&gt;Bek\u00e9rett\u00e9k a pozsonyi magyar nagyk\u00f6vetet a szlov\u00e1k k\u00fcl\u00fcgyminiszt\u00e9riumba cs\u00fct\u00f6rt\u00f6k\u00f6n, a h\u00e9tf\u0151i magyar-szlov\u00e1k v\u00e1logatott labdar\u00fag\u00f3-m\u00e9rk\u0151z\u00e9st k\u00eds\u00e9r\u0151 esem\u00e9nyek miatt \u2013 k\u00f6z\u00f6lte honlapj\u00e1n a szlov\u00e1k szakt\u00e1rca. A szlov\u00e1k k\u00fcl\u00fcgyminiszt\u00e9rium az esettel kapcsolatban kiadott k\u00f6zlem\u00e9ny\u00e9ben azt \u00edrta: el\u00edt\u00e9li azokat a szlov\u00e1kellenes rigmusokat,\u2026class=&#8221;line-title-with-image&#8221;&gt;A szlov\u00e1k k\u00fcl\u00fcgy szerint ugyanis a budapesti meccsen s\u00e9rt\u0151, szlov\u00e1kellenes [&hellip;]\" \/>\n<meta property=\"og:url\" content=\"https:\/\/hotnewsinworld.com\/hu\/behivatta-a-szlovak-kulugy-a-magyar-nagykovetet-a-magyar-szlovak-meccs-miatt\/\" \/>\n<meta property=\"og:site_name\" content=\"Hot News in World\" \/>\n<meta property=\"article:published_time\" content=\"2019-09-12T22:09:39+00:00\" \/>\n<meta property=\"article:modified_time\" content=\"2019-09-12T22:09:40+00:00\" \/>\n<meta property=\"og:image\" content=\"https:\/\/hotnewsinworld.com\/hu\/wp-content\/uploads\/sites\/3\/2019\/09\/Beh\u00edvatta-a-szlov\u00e1k-k\u00fcl\u00fcgy-a-magyar-nagyk\u00f6vetet-a-magyar-szlov\u00e1k-meccs.jpg\" \/>\n\t<meta property=\"og:image:width\" content=\"600\" \/>\n\t<meta property=\"og:image:height\" content=\"315\" \/>\n\t<meta property=\"og:image:type\" content=\"image\/jpeg\" \/>\n<meta name=\"author\" content=\"hotnewsinworld\" \/>\n<meta name=\"twitter:card\" content=\"summary_large_image\" \/>\n<meta name=\"twitter:label1\" content=\"Szerz\u0151:\" \/>\n\t<meta name=\"twitter:data1\" content=\"hotnewsinworld\" \/>\n\t<meta name=\"twitter:label2\" content=\"Becs\u00fclt olvas\u00e1si id\u0151\" \/>\n\t<meta name=\"twitter:data2\" content=\"3 perc\" \/>\n<script type=\"application\/ld+json\" class=\"yoast-schema-graph\">{\"@context\":\"https:\\\/\\\/schema.org\",\"@graph\":[{\"@type\":\"Article\",\"@id\":\"https:\\\/\\\/hotnewsinworld.com\\\/hu\\\/behivatta-a-szlovak-kulugy-a-magyar-nagykovetet-a-magyar-szlovak-meccs-miatt\\\/#article\",\"isPartOf\":{\"@id\":\"https:\\\/\\\/hotnewsinworld.com\\\/hu\\\/behivatta-a-szlovak-kulugy-a-magyar-nagykovetet-a-magyar-szlovak-meccs-miatt\\\/\"},\"author\":{\"name\":\"hotnewsinworld\",\"@id\":\"https:\\\/\\\/hotnewsinworld.com\\\/hu\\\/#\\\/schema\\\/person\\\/fe61448b21c0d59086e75fcc1f9d8f6b\"},\"headline\":\"Beh\u00edvatta a szlov\u00e1k k\u00fcl\u00fcgy a magyar nagyk\u00f6vetet a magyar-szlov\u00e1k meccs miatt\",\"datePublished\":\"2019-09-12T22:09:39+00:00\",\"dateModified\":\"2019-09-12T22:09:40+00:00\",\"mainEntityOfPage\":{\"@id\":\"https:\\\/\\\/hotnewsinworld.com\\\/hu\\\/behivatta-a-szlovak-kulugy-a-magyar-nagykovetet-a-magyar-szlovak-meccs-miatt\\\/\"},\"wordCount\":661,\"commentCount\":0,\"image\":{\"@id\":\"https:\\\/\\\/hotnewsinworld.com\\\/hu\\\/behivatta-a-szlovak-kulugy-a-magyar-nagykovetet-a-magyar-szlovak-meccs-miatt\\\/#primaryimage\"},\"thumbnailUrl\":\"https:\\\/\\\/hotnewsinworld.com\\\/hu\\\/wp-content\\\/uploads\\\/sites\\\/3\\\/2019\\\/09\\\/Beh\u00edvatta-a-szlov\u00e1k-k\u00fcl\u00fcgy-a-magyar-nagyk\u00f6vetet-a-magyar-szlov\u00e1k-meccs.jpg\",\"articleSection\":[\"LEG\u00daJABB P\u00c9NZ\u00dcGYI H\u00cdREK\"],\"inLanguage\":\"hu\",\"potentialAction\":[{\"@type\":\"CommentAction\",\"name\":\"Comment\",\"target\":[\"https:\\\/\\\/hotnewsinworld.com\\\/hu\\\/behivatta-a-szlovak-kulugy-a-magyar-nagykovetet-a-magyar-szlovak-meccs-miatt\\\/#respond\"]}]},{\"@type\":\"WebPage\",\"@id\":\"https:\\\/\\\/hotnewsinworld.com\\\/hu\\\/behivatta-a-szlovak-kulugy-a-magyar-nagykovetet-a-magyar-szlovak-meccs-miatt\\\/\",\"url\":\"https:\\\/\\\/hotnewsinworld.com\\\/hu\\\/behivatta-a-szlovak-kulugy-a-magyar-nagykovetet-a-magyar-szlovak-meccs-miatt\\\/\",\"name\":\"Beh\u00edvatta a szlov\u00e1k k\u00fcl\u00fcgy a magyar nagyk\u00f6vetet a magyar-szlov\u00e1k meccs miatt - Hot News in World\",\"isPartOf\":{\"@id\":\"https:\\\/\\\/hotnewsinworld.com\\\/hu\\\/#website\"},\"primaryImageOfPage\":{\"@id\":\"https:\\\/\\\/hotnewsinworld.com\\\/hu\\\/behivatta-a-szlovak-kulugy-a-magyar-nagykovetet-a-magyar-szlovak-meccs-miatt\\\/#primaryimage\"},\"image\":{\"@id\":\"https:\\\/\\\/hotnewsinworld.com\\\/hu\\\/behivatta-a-szlovak-kulugy-a-magyar-nagykovetet-a-magyar-szlovak-meccs-miatt\\\/#primaryimage\"},\"thumbnailUrl\":\"https:\\\/\\\/hotnewsinworld.com\\\/hu\\\/wp-content\\\/uploads\\\/sites\\\/3\\\/2019\\\/09\\\/Beh\u00edvatta-a-szlov\u00e1k-k\u00fcl\u00fcgy-a-magyar-nagyk\u00f6vetet-a-magyar-szlov\u00e1k-meccs.jpg\",\"datePublished\":\"2019-09-12T22:09:39+00:00\",\"dateModified\":\"2019-09-12T22:09:40+00:00\",\"author\":{\"@id\":\"https:\\\/\\\/hotnewsinworld.com\\\/hu\\\/#\\\/schema\\\/person\\\/fe61448b21c0d59086e75fcc1f9d8f6b\"},\"breadcrumb\":{\"@id\":\"https:\\\/\\\/hotnewsinworld.com\\\/hu\\\/behivatta-a-szlovak-kulugy-a-magyar-nagykovetet-a-magyar-szlovak-meccs-miatt\\\/#breadcrumb\"},\"inLanguage\":\"hu\",\"potentialAction\":[{\"@type\":\"ReadAction\",\"target\":[\"https:\\\/\\\/hotnewsinworld.com\\\/hu\\\/behivatta-a-szlovak-kulugy-a-magyar-nagykovetet-a-magyar-szlovak-meccs-miatt\\\/\"]}]},{\"@type\":\"ImageObject\",\"inLanguage\":\"hu\",\"@id\":\"https:\\\/\\\/hotnewsinworld.com\\\/hu\\\/behivatta-a-szlovak-kulugy-a-magyar-nagykovetet-a-magyar-szlovak-meccs-miatt\\\/#primaryimage\",\"url\":\"https:\\\/\\\/hotnewsinworld.com\\\/hu\\\/wp-content\\\/uploads\\\/sites\\\/3\\\/2019\\\/09\\\/Beh\u00edvatta-a-szlov\u00e1k-k\u00fcl\u00fcgy-a-magyar-nagyk\u00f6vetet-a-magyar-szlov\u00e1k-meccs.jpg\",\"contentUrl\":\"https:\\\/\\\/hotnewsinworld.com\\\/hu\\\/wp-content\\\/uploads\\\/sites\\\/3\\\/2019\\\/09\\\/Beh\u00edvatta-a-szlov\u00e1k-k\u00fcl\u00fcgy-a-magyar-nagyk\u00f6vetet-a-magyar-szlov\u00e1k-meccs.jpg\",\"width\":600,\"height\":315,\"caption\":\"Beh\u00edvatta a szlov\u00e1k k\u00fcl\u00fcgy a magyar nagyk\u00f6vetet a magyar-szlov\u00e1k meccs miatt\"},{\"@type\":\"BreadcrumbList\",\"@id\":\"https:\\\/\\\/hotnewsinworld.com\\\/hu\\\/behivatta-a-szlovak-kulugy-a-magyar-nagykovetet-a-magyar-szlovak-meccs-miatt\\\/#breadcrumb\",\"itemListElement\":[{\"@type\":\"ListItem\",\"position\":1,\"name\":\"\u0413\u043b\u0430\u0432\u043d\u0430\u044f \u0441\u0442\u0440\u0430\u043d\u0438\u0446\u0430\",\"item\":\"https:\\\/\\\/hotnewsinworld.com\\\/hu\\\/\"},{\"@type\":\"ListItem\",\"position\":2,\"name\":\"Beh\u00edvatta a szlov\u00e1k k\u00fcl\u00fcgy a magyar nagyk\u00f6vetet a magyar-szlov\u00e1k meccs miatt\"}]},{\"@type\":\"WebSite\",\"@id\":\"https:\\\/\\\/hotnewsinworld.com\\\/hu\\\/#website\",\"url\":\"https:\\\/\\\/hotnewsinworld.com\\\/hu\\\/\",\"name\":\"Hot News in World\",\"description\":\"Hot News in World from Hungary\",\"potentialAction\":[{\"@type\":\"SearchAction\",\"target\":{\"@type\":\"EntryPoint\",\"urlTemplate\":\"https:\\\/\\\/hotnewsinworld.com\\\/hu\\\/?s={search_term_string}\"},\"query-input\":{\"@type\":\"PropertyValueSpecification\",\"valueRequired\":true,\"valueName\":\"search_term_string\"}}],\"inLanguage\":\"hu\"},{\"@type\":\"Person\",\"@id\":\"https:\\\/\\\/hotnewsinworld.com\\\/hu\\\/#\\\/schema\\\/person\\\/fe61448b21c0d59086e75fcc1f9d8f6b\",\"name\":\"hotnewsinworld\",\"image\":{\"@type\":\"ImageObject\",\"inLanguage\":\"hu\",\"@id\":\"https:\\\/\\\/secure.gravatar.com\\\/avatar\\\/8a09ac165600ce2e1c38fe593c63928eb1e6e7ba5c5a907d67787c41b3d00c14?s=96&d=mm&r=g\",\"url\":\"https:\\\/\\\/secure.gravatar.com\\\/avatar\\\/8a09ac165600ce2e1c38fe593c63928eb1e6e7ba5c5a907d67787c41b3d00c14?s=96&d=mm&r=g\",\"contentUrl\":\"https:\\\/\\\/secure.gravatar.com\\\/avatar\\\/8a09ac165600ce2e1c38fe593c63928eb1e6e7ba5c5a907d67787c41b3d00c14?s=96&d=mm&r=g\",\"caption\":\"hotnewsinworld\"},\"url\":\"https:\\\/\\\/hotnewsinworld.com\\\/hu\\\/author\\\/pt\\\/\"}]}<\/script>\n<!-- \/ Yoast SEO plugin. -->","yoast_head_json":{"title":"Beh\u00edvatta a szlov\u00e1k k\u00fcl\u00fcgy a magyar nagyk\u00f6vetet a magyar-szlov\u00e1k meccs miatt - Hot News in World","robots":{"index":"index","follow":"follow","max-snippet":"max-snippet:-1","max-image-preview":"max-image-preview:large","max-video-preview":"max-video-preview:-1"},"canonical":"https:\/\/hotnewsinworld.com\/hu\/behivatta-a-szlovak-kulugy-a-magyar-nagykovetet-a-magyar-szlovak-meccs-miatt\/","og_locale":"hu_HU","og_type":"article","og_title":"Beh\u00edvatta a szlov\u00e1k k\u00fcl\u00fcgy a magyar nagyk\u00f6vetet a magyar-szlov\u00e1k meccs miatt - Hot News in World","og_description":"Pet\u0151 Tiboron a magyar szurkol\u00f3k viselked\u00e9s\u00e9t k\u00e9rik sz\u00e1mon. class=&#8221;line-title-with-image&#8221;&gt;Bek\u00e9rett\u00e9k a pozsonyi magyar nagyk\u00f6vetet a szlov\u00e1k k\u00fcl\u00fcgyminiszt\u00e9riumba cs\u00fct\u00f6rt\u00f6k\u00f6n, a h\u00e9tf\u0151i magyar-szlov\u00e1k v\u00e1logatott labdar\u00fag\u00f3-m\u00e9rk\u0151z\u00e9st k\u00eds\u00e9r\u0151 esem\u00e9nyek miatt \u2013 k\u00f6z\u00f6lte honlapj\u00e1n a szlov\u00e1k szakt\u00e1rca. A szlov\u00e1k k\u00fcl\u00fcgyminiszt\u00e9rium az esettel kapcsolatban kiadott k\u00f6zlem\u00e9ny\u00e9ben azt \u00edrta: el\u00edt\u00e9li azokat a szlov\u00e1kellenes rigmusokat,\u2026class=&#8221;line-title-with-image&#8221;&gt;A szlov\u00e1k k\u00fcl\u00fcgy szerint ugyanis a budapesti meccsen s\u00e9rt\u0151, szlov\u00e1kellenes [&hellip;]","og_url":"https:\/\/hotnewsinworld.com\/hu\/behivatta-a-szlovak-kulugy-a-magyar-nagykovetet-a-magyar-szlovak-meccs-miatt\/","og_site_name":"Hot News in World","article_published_time":"2019-09-12T22:09:39+00:00","article_modified_time":"2019-09-12T22:09:40+00:00","og_image":[{"width":600,"height":315,"url":"https:\/\/hotnewsinworld.com\/hu\/wp-content\/uploads\/sites\/3\/2019\/09\/Beh\u00edvatta-a-szlov\u00e1k-k\u00fcl\u00fcgy-a-magyar-nagyk\u00f6vetet-a-magyar-szlov\u00e1k-meccs.jpg","type":"image\/jpeg"}],"author":"hotnewsinworld","twitter_card":"summary_large_image","twitter_misc":{"Szerz\u0151:":"hotnewsinworld","Becs\u00fclt olvas\u00e1si id\u0151":"3 perc"},"schema":{"@context":"https:\/\/schema.org","@graph":[{"@type":"Article","@id":"https:\/\/hotnewsinworld.com\/hu\/behivatta-a-szlovak-kulugy-a-magyar-nagykovetet-a-magyar-szlovak-meccs-miatt\/#article","isPartOf":{"@id":"https:\/\/hotnewsinworld.com\/hu\/behivatta-a-szlovak-kulugy-a-magyar-nagykovetet-a-magyar-szlovak-meccs-miatt\/"},"author":{"name":"hotnewsinworld","@id":"https:\/\/hotnewsinworld.com\/hu\/#\/schema\/person\/fe61448b21c0d59086e75fcc1f9d8f6b"},"headline":"Beh\u00edvatta a szlov\u00e1k k\u00fcl\u00fcgy a magyar nagyk\u00f6vetet a magyar-szlov\u00e1k meccs miatt","datePublished":"2019-09-12T22:09:39+00:00","dateModified":"2019-09-12T22:09:40+00:00","mainEntityOfPage":{"@id":"https:\/\/hotnewsinworld.com\/hu\/behivatta-a-szlovak-kulugy-a-magyar-nagykovetet-a-magyar-szlovak-meccs-miatt\/"},"wordCount":661,"commentCount":0,"image":{"@id":"https:\/\/hotnewsinworld.com\/hu\/behivatta-a-szlovak-kulugy-a-magyar-nagykovetet-a-magyar-szlovak-meccs-miatt\/#primaryimage"},"thumbnailUrl":"https:\/\/hotnewsinworld.com\/hu\/wp-content\/uploads\/sites\/3\/2019\/09\/Beh\u00edvatta-a-szlov\u00e1k-k\u00fcl\u00fcgy-a-magyar-nagyk\u00f6vetet-a-magyar-szlov\u00e1k-meccs.jpg","articleSection":["LEG\u00daJABB P\u00c9NZ\u00dcGYI H\u00cdREK"],"inLanguage":"hu","potentialAction":[{"@type":"CommentAction","name":"Comment","target":["https:\/\/hotnewsinworld.com\/hu\/behivatta-a-szlovak-kulugy-a-magyar-nagykovetet-a-magyar-szlovak-meccs-miatt\/#respond"]}]},{"@type":"WebPage","@id":"https:\/\/hotnewsinworld.com\/hu\/behivatta-a-szlovak-kulugy-a-magyar-nagykovetet-a-magyar-szlovak-meccs-miatt\/","url":"https:\/\/hotnewsinworld.com\/hu\/behivatta-a-szlovak-kulugy-a-magyar-nagykovetet-a-magyar-szlovak-meccs-miatt\/","name":"Beh\u00edvatta a szlov\u00e1k k\u00fcl\u00fcgy a magyar nagyk\u00f6vetet a magyar-szlov\u00e1k meccs miatt - Hot News in World","isPartOf":{"@id":"https:\/\/hotnewsinworld.com\/hu\/#website"},"primaryImageOfPage":{"@id":"https:\/\/hotnewsinworld.com\/hu\/behivatta-a-szlovak-kulugy-a-magyar-nagykovetet-a-magyar-szlovak-meccs-miatt\/#primaryimage"},"image":{"@id":"https:\/\/hotnewsinworld.com\/hu\/behivatta-a-szlovak-kulugy-a-magyar-nagykovetet-a-magyar-szlovak-meccs-miatt\/#primaryimage"},"thumbnailUrl":"https:\/\/hotnewsinworld.com\/hu\/wp-content\/uploads\/sites\/3\/2019\/09\/Beh\u00edvatta-a-szlov\u00e1k-k\u00fcl\u00fcgy-a-magyar-nagyk\u00f6vetet-a-magyar-szlov\u00e1k-meccs.jpg","datePublished":"2019-09-12T22:09:39+00:00","dateModified":"2019-09-12T22:09:40+00:00","author":{"@id":"https:\/\/hotnewsinworld.com\/hu\/#\/schema\/person\/fe61448b21c0d59086e75fcc1f9d8f6b"},"breadcrumb":{"@id":"https:\/\/hotnewsinworld.com\/hu\/behivatta-a-szlovak-kulugy-a-magyar-nagykovetet-a-magyar-szlovak-meccs-miatt\/#breadcrumb"},"inLanguage":"hu","potentialAction":[{"@type":"ReadAction","target":["https:\/\/hotnewsinworld.com\/hu\/behivatta-a-szlovak-kulugy-a-magyar-nagykovetet-a-magyar-szlovak-meccs-miatt\/"]}]},{"@type":"ImageObject","inLanguage":"hu","@id":"https:\/\/hotnewsinworld.com\/hu\/behivatta-a-szlovak-kulugy-a-magyar-nagykovetet-a-magyar-szlovak-meccs-miatt\/#primaryimage","url":"https:\/\/hotnewsinworld.com\/hu\/wp-content\/uploads\/sites\/3\/2019\/09\/Beh\u00edvatta-a-szlov\u00e1k-k\u00fcl\u00fcgy-a-magyar-nagyk\u00f6vetet-a-magyar-szlov\u00e1k-meccs.jpg","contentUrl":"https:\/\/hotnewsinworld.com\/hu\/wp-content\/uploads\/sites\/3\/2019\/09\/Beh\u00edvatta-a-szlov\u00e1k-k\u00fcl\u00fcgy-a-magyar-nagyk\u00f6vetet-a-magyar-szlov\u00e1k-meccs.jpg","width":600,"height":315,"caption":"Beh\u00edvatta a szlov\u00e1k k\u00fcl\u00fcgy a magyar nagyk\u00f6vetet a magyar-szlov\u00e1k meccs miatt"},{"@type":"BreadcrumbList","@id":"https:\/\/hotnewsinworld.com\/hu\/behivatta-a-szlovak-kulugy-a-magyar-nagykovetet-a-magyar-szlovak-meccs-miatt\/#breadcrumb","itemListElement":[{"@type":"ListItem","position":1,"name":"\u0413\u043b\u0430\u0432\u043d\u0430\u044f \u0441\u0442\u0440\u0430\u043d\u0438\u0446\u0430","item":"https:\/\/hotnewsinworld.com\/hu\/"},{"@type":"ListItem","position":2,"name":"Beh\u00edvatta a szlov\u00e1k k\u00fcl\u00fcgy a magyar nagyk\u00f6vetet a magyar-szlov\u00e1k meccs miatt"}]},{"@type":"WebSite","@id":"https:\/\/hotnewsinworld.com\/hu\/#website","url":"https:\/\/hotnewsinworld.com\/hu\/","name":"Hot News in World","description":"Hot News in World from Hungary","potentialAction":[{"@type":"SearchAction","target":{"@type":"EntryPoint","urlTemplate":"https:\/\/hotnewsinworld.com\/hu\/?s={search_term_string}"},"query-input":{"@type":"PropertyValueSpecification","valueRequired":true,"valueName":"search_term_string"}}],"inLanguage":"hu"},{"@type":"Person","@id":"https:\/\/hotnewsinworld.com\/hu\/#\/schema\/person\/fe61448b21c0d59086e75fcc1f9d8f6b","name":"hotnewsinworld","image":{"@type":"ImageObject","inLanguage":"hu","@id":"https:\/\/secure.gravatar.com\/avatar\/8a09ac165600ce2e1c38fe593c63928eb1e6e7ba5c5a907d67787c41b3d00c14?s=96&d=mm&r=g","url":"https:\/\/secure.gravatar.com\/avatar\/8a09ac165600ce2e1c38fe593c63928eb1e6e7ba5c5a907d67787c41b3d00c14?s=96&d=mm&r=g","contentUrl":"https:\/\/secure.gravatar.com\/avatar\/8a09ac165600ce2e1c38fe593c63928eb1e6e7ba5c5a907d67787c41b3d00c14?s=96&d=mm&r=g","caption":"hotnewsinworld"},"url":"https:\/\/hotnewsinworld.com\/hu\/author\/pt\/"}]}},"_links":{"self":[{"href":"https:\/\/hotnewsinworld.com\/hu\/wp-json\/wp\/v2\/posts\/1972","targetHints":{"allow":["GET"]}}],"collection":[{"href":"https:\/\/hotnewsinworld.com\/hu\/wp-json\/wp\/v2\/posts"}],"about":[{"href":"https:\/\/hotnewsinworld.com\/hu\/wp-json\/wp\/v2\/types\/post"}],"author":[{"embeddable":true,"href":"https:\/\/hotnewsinworld.com\/hu\/wp-json\/wp\/v2\/users\/2"}],"replies":[{"embeddable":true,"href":"https:\/\/hotnewsinworld.com\/hu\/wp-json\/wp\/v2\/comments?post=1972"}],"version-history":[{"count":1,"href":"https:\/\/hotnewsinworld.com\/hu\/wp-json\/wp\/v2\/posts\/1972\/revisions"}],"predecessor-version":[{"id":1974,"href":"https:\/\/hotnewsinworld.com\/hu\/wp-json\/wp\/v2\/posts\/1972\/revisions\/1974"}],"wp:featuredmedia":[{"embeddable":true,"href":"https:\/\/hotnewsinworld.com\/hu\/wp-json\/wp\/v2\/media\/1973"}],"wp:attachment":[{"href":"https:\/\/hotnewsinworld.com\/hu\/wp-json\/wp\/v2\/media?parent=1972"}],"wp:term":[{"taxonomy":"category","embeddable":true,"href":"https:\/\/hotnewsinworld.com\/hu\/wp-json\/wp\/v2\/categories?post=1972"},{"taxonomy":"post_tag","embeddable":true,"href":"https:\/\/hotnewsinworld.com\/hu\/wp-json\/wp\/v2\/tags?post=1972"}],"curies":[{"name":"wp","href":"https:\/\/api.w.org\/{rel}","templated":true}]}}