{"id":1978,"date":"2019-09-13T03:57:08","date_gmt":"2019-09-13T00:57:08","guid":{"rendered":"https:\/\/hotnewsinworld.com\/hu\/a-fidesz-retteg-van-is-mitol-felniuk\/"},"modified":"2019-09-13T03:57:09","modified_gmt":"2019-09-13T00:57:09","slug":"a-fidesz-retteg-van-is-mitol-felniuk","status":"publish","type":"post","link":"https:\/\/hotnewsinworld.com\/hu\/a-fidesz-retteg-van-is-mitol-felniuk\/","title":{"rendered":"&#8222;A Fidesz retteg. Van is mit\u0151l f\u00e9lni\u00fck&#8221;"},"content":{"rendered":"<p>\tA VIII. ker\u00fcleti polg\u00e1rmesterjel\u00f6lt szerint a polg\u00e1rmester S\u00e1ra Botond &#8222;Kocsis M\u00e1t\u00e9 h\u00e1ta m\u00f6g\u00e9 b\u00fajva, a rend\u0151rs\u00e9ggel akarja eld\u00f6ntetni a j\u00f3zsefv\u00e1rosi v\u00e1laszt\u00e1st&#8221;.<\/p>\n<p>class=&#8221;line-title-with-image&#8221;&gt;Az ellenz\u00e9ki \u00f6sszefog\u00e1s VIII. ker\u00fcleti polg\u00e1rmester-jel\u00f6ltje tov\u00e1bbra is \u00e1ll\u00edtja, hogy semmilyen t\u00f6rv\u00e9nytelens\u00e9get nem k\u00f6vettek el a kamp\u00e1ny sor\u00e1n.class=&#8221;line-title-with-image&#8221;&gt;A v\u00e1laszt\u00e1si rend megs\u00e9rt\u00e9s\u00e9nek gyan\u00faj\u00e1val tett feljelent\u00e9st a rend\u0151rs\u00e9gen az ellenz\u00e9k Egerben, ahol Habis L\u00e1szl\u00f3, jelenlegi Fidesz-KDNP-s polg\u00e1rmester mellett Mirk\u00f3czki \u00c1d\u00e1m, az ellenz\u00e9ki p\u00e1rtok, illetve az Egys\u00e9gben a V\u00e1ros\u00e9rt Egyes\u00fclet k\u00f6z\u00f6s polg\u00e1rmesterjel\u00f6ltje mellett felt\u0171nt egy harmadik indul\u00f3, B\u00f3d\u00e1s Bianka &#8211; \u00e9rtes\u00fclt az Egri \u00dcgyek.class=&#8221;line-title-with-image&#8221;&gt;class=&#8221;line-title-with-image&#8221;&gt;S\u00e1ra Botond Kocsis M\u00e1t\u00e9 h\u00e1ta m\u00f6g\u00e9 b\u00fajva a rend\u0151rs\u00e9ggel akarja eld\u00f6ntetni a j\u00f3zsefv\u00e1rosi v\u00e1laszt\u00e1st &#8211; \u00edgy reag\u00e1lt az ellenz\u00e9ki polg\u00e1rmesterjel\u00f6lt, Pik\u00f3 Andr\u00e1s arra, hogy a rend\u0151rs\u00e9g tegnap este h\u00e1zkutat\u00e1st tartott a kamp\u00e1nyk\u00f6zpontjukban. A P\u00e1rbesz\u00e9d, a DK \u00e9s Momentum szerint Kubatov G\u00e1borral ellent\u00e9tben Pik\u00f3 nem k\u00f6vetett el\u2026class=&#8221;line-title-with-image&#8221;&gt;Semmilyen t\u00f6rv\u00e9nytelens\u00e9get nem k\u00f6vetett el Pik\u00f3 Andr\u00e1s, a VIII. ker\u00fclet k\u00f6z\u00f6s ellenz\u00e9ki polg\u00e1rmesterjel\u00f6ltje, \u00e9s a Demokratikus Koal\u00edci\u00f3 (DK) ki\u00e1ll mellette &#8211; jelentette ki Gy. N\u00e9meth Erzs\u00e9bet, a DK eln\u00f6ks\u00e9gi tagja cs\u00fct\u00f6rt\u00f6k\u00f6n Budapesten.class=&#8221;line-title-with-image&#8221;&gt;Szerda este tartottak h\u00e1zkutat\u00e1st Pik\u00f3 Andr\u00e1s kamp\u00e1nyk\u00f6zpontj\u00e1ban. A rend\u0151rs\u00e9g kihallgatta a 8. ker\u00fcleti ellenz\u00e9ki polg\u00e1rmesterjel\u00f6lt kamp\u00e1nyf\u0151n\u00f6k\u00e9t, akinek a laptopj\u00e1t le is foglalt\u00e1k.class=&#8221;line-title-with-image&#8221;&gt;\u00c1ll\u00edtja: semmilyen t\u00f6rv\u00e9nytelens\u00e9get nem k\u00f6vettek el.class=&#8221;&#8221;&gt;Tegnap szem\u00e9lyesen is megtapasztaltam S\u00e1ra programj\u00e1nak l\u00e9nyeg\u00e9t: Kocsis M\u00e1t\u00e9 h\u00e1ta m\u00f6g\u00e9 b\u00fajva rend\u0151rs\u00e9ggel akarja eld\u00f6ntetni a j\u00f3zsefv\u00e1rosi v\u00e1laszt\u00e1st \u2013 \u00edrta cs\u00fct\u00f6rt\u00f6ki Facebook-posztj\u00e1ban az ellenz\u00e9k j\u00f3zsefv\u00e1rosi jel\u00f6ltje.class=&#8221;line-title-with-image&#8221;&gt;A k\u00f6z\u00f6s VIII. ker\u00fcleti polg\u00e1rmesterjel\u00f6lt szerint S\u00e1ra Botond a rend\u0151rs\u00e9g seg\u00edts\u00e9g\u00e9vel akarja eld\u00f6nteni a j\u00f3zsefv\u00e1rosi v\u00e1laszt\u00e1st.class=&#8221;&#8221;&gt;Mint kor\u00e1bban meg\u00edrtuk, Kocsis M\u00e1t\u00e9 bev\u00e1ltotta a fenyeget\u00e9s\u00e9t, a rend\u0151rs\u00e9g lerohanta az ellenz\u00e9k kamp\u00e1nyk\u00f6zpontj\u00e1t D\u00f6bbenetes mennyire hossz\u00fara el\u00e9r Kocsis keze. A kamp\u00e1nyf\u0151n\u00f6k bel\u00fcl, Pik\u00f3 Andr\u00e1s kint, a rend\u0151r\u00f6k nem engedik kifele Udvarhelyi Tessz\u00e1t, sem befele Pik\u00f3 Andr\u00e1s polg\u00e1rmester jel\u00f6ltet.Br\u00e9king! \u2013 Meg\u00e9rkeztek az els\u0151 k\u00e9pek\u2026class=&#8221;line-title-with-image&#8221;&gt;Eldurvult a kamp\u00e1ny, rend\u0151rs\u00e9gi nyomoz\u00f3k sz\u00e1llt\u00e1k meg a VIII. ker\u00fcleti ellenz\u00e9ki polg\u00e1rmesterjel\u00f6lt, Pik\u00f3 Andr\u00e1s (55) kamp\u00e1nyirod\u00e1j\u00e1t szerda este. A kihallgat\u00e1sok cs\u00fct\u00f6rt\u00f6k\u00f6n is folytak, laptopokat is lefoglaltak, k\u00f6zt\u00fck Pik\u00f3 kamp\u00e1nyf\u0151n\u00f6k\u00e9\u00e9t.class=&#8221;line-title-with-image&#8221;&gt;Sz\u00e1m\u00edt\u00f3g\u00e9peket foglalt le, \u00e9s Pik\u00f3 Andr\u00e1s kamp\u00e1nyf\u0151n\u00f6k\u00e9t is kihallgatta a rend\u0151rs\u00e9g a j\u00f3zsefv\u00e1rosi ellenz\u00e9ki polg\u00e1rmester-jel\u00f6lt irod\u00e1j\u00e1ban tartott h\u00e1zkutat\u00e1son. Azut\u00e1n vonultak ki, hogy a helyi v\u00e1laszt\u00e1si iroda feljelent\u00e9st tett egy Magyar Nemzetben megjelent fot\u00f3 miatt, amelyen a korm\u00e1nyp\u00e1rtok szerint illeg\u00e1lis adatgy\u0171jt\u00e9s l\u00e1tszik. Az ellenz\u00e9ki pclass=&#8221;line-title-with-image&#8221;&gt;Val\u00f3sz\u00edn\u0171leg a korm\u00e1nym\u00e9dia \u00e1ltal felt\u00e9telezett v\u00e1laszt\u00e1si csal\u00e1s miatt sz\u00e1lltak ki a nyomoz\u00f3k.class=&#8221;&#8221;&gt;A Helyi V\u00e1laszt\u00e1si Bizotts\u00e1g tagja, De\u00e9 Andr\u00e1s sajt\u00f3k\u00f6zlem\u00e9nyben jelentette be, hogy az egri ellenz\u00e9k al\u00e1\u00edr\u00e1s-botr\u00e1nya \u00fcgy\u00e9ben feljelent\u00e9st tesznek. Az Egys\u00e9gben a V\u00e1ros\u00e9rt Egyes\u00fclet eln\u00f6ks\u00e9ge ugyancsak sajt\u00f3k\u00f6zlem\u00e9nyben v\u00e1laszolt.class=&#8221;line-title-with-image&#8221;&gt;A tiltott adatb\u00e1zis-\u00e9p\u00edt\u00e9s nyomait kerest\u00e9k Pik\u00f3 Andr\u00e1s VIII. ker\u00fcleti ellenz\u00e9ki polg\u00e1rmesterjel\u00f6lt kamp\u00e1nyst\u00e1bj\u00e1n\u00e1l,class=&#8221;&#8221;&gt;A f\u0151v\u00e1ros VIII. ker\u00fclet\u00e9nek vezet\u00e9s\u00e9\u00e9rt indul\u00f3 Pik\u00f3 Andr\u00e1s st\u00e1bja a gyan\u00fa szerint vissza\u00e9lhetett az aj\u00e1nl\u00f3\u00edveken szerepl\u0151 szem\u00e9lyek adatokkal.<br \/>\n<br \/>\n<!--noindex--><br \/>\n<a href=\"https:\/\/hirek.oldal.info\/rssclick\/14392860\" rel=\"nofollow\">Source link <\/a><br \/>\n<!--\/noindex--><\/p>\n","protected":false},"excerpt":{"rendered":"<p>A VIII. ker\u00fcleti polg\u00e1rmesterjel\u00f6lt szerint a polg\u00e1rmester S\u00e1ra Botond &#8222;Kocsis M\u00e1t\u00e9 h\u00e1ta m\u00f6g\u00e9 b\u00fajva, a rend\u0151rs\u00e9ggel akarja eld\u00f6ntetni a j\u00f3zsefv\u00e1rosi v\u00e1laszt\u00e1st&#8221;. class=&#8221;line-title-with-image&#8221;&gt;Az ellenz\u00e9ki \u00f6sszefog\u00e1s VIII. ker\u00fcleti polg\u00e1rmester-jel\u00f6ltje tov\u00e1bbra is \u00e1ll\u00edtja, hogy semmilyen t\u00f6rv\u00e9nytelens\u00e9get nem k\u00f6vettek el a kamp\u00e1ny sor\u00e1n.class=&#8221;line-title-with-image&#8221;&gt;A v\u00e1laszt\u00e1si rend megs\u00e9rt\u00e9s\u00e9nek gyan\u00faj\u00e1val tett feljelent\u00e9st a rend\u0151rs\u00e9gen az ellenz\u00e9k Egerben, ahol Habis L\u00e1szl\u00f3, jelenlegi Fidesz-KDNP-s [&hellip;]<\/p>\n","protected":false},"author":2,"featured_media":1979,"comment_status":"open","ping_status":"open","sticky":false,"template":"","format":"standard","meta":{"footnotes":""},"categories":[1],"tags":[],"class_list":["post-1978","post","type-post","status-publish","format-standard","has-post-thumbnail","hentry","category-legujabb-penzugyi-hirek"],"yoast_head":"<!-- This site is optimized with the Yoast SEO plugin v27.4 - https:\/\/yoast.com\/product\/yoast-seo-wordpress\/ -->\n<title>&quot;A Fidesz retteg. Van is mit\u0151l f\u00e9lni\u00fck&quot; - Hot News in World<\/title>\n<meta name=\"robots\" content=\"index, follow, max-snippet:-1, max-image-preview:large, max-video-preview:-1\" \/>\n<link rel=\"canonical\" href=\"https:\/\/hotnewsinworld.com\/hu\/a-fidesz-retteg-van-is-mitol-felniuk\/\" \/>\n<meta property=\"og:locale\" content=\"hu_HU\" \/>\n<meta property=\"og:type\" content=\"article\" \/>\n<meta property=\"og:title\" content=\"&quot;A Fidesz retteg. Van is mit\u0151l f\u00e9lni\u00fck&quot; - Hot News in World\" \/>\n<meta property=\"og:description\" content=\"A VIII. ker\u00fcleti polg\u00e1rmesterjel\u00f6lt szerint a polg\u00e1rmester S\u00e1ra Botond &#8222;Kocsis M\u00e1t\u00e9 h\u00e1ta m\u00f6g\u00e9 b\u00fajva, a rend\u0151rs\u00e9ggel akarja eld\u00f6ntetni a j\u00f3zsefv\u00e1rosi v\u00e1laszt\u00e1st&#8221;. class=&#8221;line-title-with-image&#8221;&gt;Az ellenz\u00e9ki \u00f6sszefog\u00e1s VIII. ker\u00fcleti polg\u00e1rmester-jel\u00f6ltje tov\u00e1bbra is \u00e1ll\u00edtja, hogy semmilyen t\u00f6rv\u00e9nytelens\u00e9get nem k\u00f6vettek el a kamp\u00e1ny sor\u00e1n.class=&#8221;line-title-with-image&#8221;&gt;A v\u00e1laszt\u00e1si rend megs\u00e9rt\u00e9s\u00e9nek gyan\u00faj\u00e1val tett feljelent\u00e9st a rend\u0151rs\u00e9gen az ellenz\u00e9k Egerben, ahol Habis L\u00e1szl\u00f3, jelenlegi Fidesz-KDNP-s [&hellip;]\" \/>\n<meta property=\"og:url\" content=\"https:\/\/hotnewsinworld.com\/hu\/a-fidesz-retteg-van-is-mitol-felniuk\/\" \/>\n<meta property=\"og:site_name\" content=\"Hot News in World\" \/>\n<meta property=\"article:published_time\" content=\"2019-09-13T00:57:08+00:00\" \/>\n<meta property=\"article:modified_time\" content=\"2019-09-13T00:57:09+00:00\" \/>\n<meta property=\"og:image\" content=\"https:\/\/hotnewsinworld.com\/hu\/wp-content\/uploads\/sites\/3\/2019\/09\/A-Fidesz-retteg.-Van-is-mit\u0151l-f\u00e9lni\u00fck.jpg\" \/>\n\t<meta property=\"og:image:width\" content=\"600\" \/>\n\t<meta property=\"og:image:height\" content=\"315\" \/>\n\t<meta property=\"og:image:type\" content=\"image\/jpeg\" \/>\n<meta name=\"author\" content=\"hotnewsinworld\" \/>\n<meta name=\"twitter:card\" content=\"summary_large_image\" \/>\n<meta name=\"twitter:label1\" content=\"Szerz\u0151:\" \/>\n\t<meta name=\"twitter:data1\" content=\"hotnewsinworld\" \/>\n\t<meta name=\"twitter:label2\" content=\"Becs\u00fclt olvas\u00e1si id\u0151\" \/>\n\t<meta name=\"twitter:data2\" content=\"4 perc\" \/>\n<script type=\"application\/ld+json\" class=\"yoast-schema-graph\">{\"@context\":\"https:\\\/\\\/schema.org\",\"@graph\":[{\"@type\":\"Article\",\"@id\":\"https:\\\/\\\/hotnewsinworld.com\\\/hu\\\/a-fidesz-retteg-van-is-mitol-felniuk\\\/#article\",\"isPartOf\":{\"@id\":\"https:\\\/\\\/hotnewsinworld.com\\\/hu\\\/a-fidesz-retteg-van-is-mitol-felniuk\\\/\"},\"author\":{\"name\":\"hotnewsinworld\",\"@id\":\"https:\\\/\\\/hotnewsinworld.com\\\/hu\\\/#\\\/schema\\\/person\\\/fe61448b21c0d59086e75fcc1f9d8f6b\"},\"headline\":\"&#8222;A Fidesz retteg. Van is mit\u0151l f\u00e9lni\u00fck&#8221;\",\"datePublished\":\"2019-09-13T00:57:08+00:00\",\"dateModified\":\"2019-09-13T00:57:09+00:00\",\"mainEntityOfPage\":{\"@id\":\"https:\\\/\\\/hotnewsinworld.com\\\/hu\\\/a-fidesz-retteg-van-is-mitol-felniuk\\\/\"},\"wordCount\":784,\"commentCount\":0,\"image\":{\"@id\":\"https:\\\/\\\/hotnewsinworld.com\\\/hu\\\/a-fidesz-retteg-van-is-mitol-felniuk\\\/#primaryimage\"},\"thumbnailUrl\":\"https:\\\/\\\/hotnewsinworld.com\\\/hu\\\/wp-content\\\/uploads\\\/sites\\\/3\\\/2019\\\/09\\\/A-Fidesz-retteg.-Van-is-mit\u0151l-f\u00e9lni\u00fck.jpg\",\"articleSection\":[\"LEG\u00daJABB P\u00c9NZ\u00dcGYI H\u00cdREK\"],\"inLanguage\":\"hu\",\"potentialAction\":[{\"@type\":\"CommentAction\",\"name\":\"Comment\",\"target\":[\"https:\\\/\\\/hotnewsinworld.com\\\/hu\\\/a-fidesz-retteg-van-is-mitol-felniuk\\\/#respond\"]}]},{\"@type\":\"WebPage\",\"@id\":\"https:\\\/\\\/hotnewsinworld.com\\\/hu\\\/a-fidesz-retteg-van-is-mitol-felniuk\\\/\",\"url\":\"https:\\\/\\\/hotnewsinworld.com\\\/hu\\\/a-fidesz-retteg-van-is-mitol-felniuk\\\/\",\"name\":\"\\\"A Fidesz retteg. Van is mit\u0151l f\u00e9lni\u00fck\\\" - Hot News in World\",\"isPartOf\":{\"@id\":\"https:\\\/\\\/hotnewsinworld.com\\\/hu\\\/#website\"},\"primaryImageOfPage\":{\"@id\":\"https:\\\/\\\/hotnewsinworld.com\\\/hu\\\/a-fidesz-retteg-van-is-mitol-felniuk\\\/#primaryimage\"},\"image\":{\"@id\":\"https:\\\/\\\/hotnewsinworld.com\\\/hu\\\/a-fidesz-retteg-van-is-mitol-felniuk\\\/#primaryimage\"},\"thumbnailUrl\":\"https:\\\/\\\/hotnewsinworld.com\\\/hu\\\/wp-content\\\/uploads\\\/sites\\\/3\\\/2019\\\/09\\\/A-Fidesz-retteg.-Van-is-mit\u0151l-f\u00e9lni\u00fck.jpg\",\"datePublished\":\"2019-09-13T00:57:08+00:00\",\"dateModified\":\"2019-09-13T00:57:09+00:00\",\"author\":{\"@id\":\"https:\\\/\\\/hotnewsinworld.com\\\/hu\\\/#\\\/schema\\\/person\\\/fe61448b21c0d59086e75fcc1f9d8f6b\"},\"breadcrumb\":{\"@id\":\"https:\\\/\\\/hotnewsinworld.com\\\/hu\\\/a-fidesz-retteg-van-is-mitol-felniuk\\\/#breadcrumb\"},\"inLanguage\":\"hu\",\"potentialAction\":[{\"@type\":\"ReadAction\",\"target\":[\"https:\\\/\\\/hotnewsinworld.com\\\/hu\\\/a-fidesz-retteg-van-is-mitol-felniuk\\\/\"]}]},{\"@type\":\"ImageObject\",\"inLanguage\":\"hu\",\"@id\":\"https:\\\/\\\/hotnewsinworld.com\\\/hu\\\/a-fidesz-retteg-van-is-mitol-felniuk\\\/#primaryimage\",\"url\":\"https:\\\/\\\/hotnewsinworld.com\\\/hu\\\/wp-content\\\/uploads\\\/sites\\\/3\\\/2019\\\/09\\\/A-Fidesz-retteg.-Van-is-mit\u0151l-f\u00e9lni\u00fck.jpg\",\"contentUrl\":\"https:\\\/\\\/hotnewsinworld.com\\\/hu\\\/wp-content\\\/uploads\\\/sites\\\/3\\\/2019\\\/09\\\/A-Fidesz-retteg.-Van-is-mit\u0151l-f\u00e9lni\u00fck.jpg\",\"width\":600,\"height\":315,\"caption\":\"\\\"A Fidesz retteg. Van is mit\u0151l f\u00e9lni\u00fck\\\"\"},{\"@type\":\"BreadcrumbList\",\"@id\":\"https:\\\/\\\/hotnewsinworld.com\\\/hu\\\/a-fidesz-retteg-van-is-mitol-felniuk\\\/#breadcrumb\",\"itemListElement\":[{\"@type\":\"ListItem\",\"position\":1,\"name\":\"\u0413\u043b\u0430\u0432\u043d\u0430\u044f \u0441\u0442\u0440\u0430\u043d\u0438\u0446\u0430\",\"item\":\"https:\\\/\\\/hotnewsinworld.com\\\/hu\\\/\"},{\"@type\":\"ListItem\",\"position\":2,\"name\":\"&#8220;A Fidesz retteg. Van is mit\u0151l f\u00e9lni\u00fck&#8221;\"}]},{\"@type\":\"WebSite\",\"@id\":\"https:\\\/\\\/hotnewsinworld.com\\\/hu\\\/#website\",\"url\":\"https:\\\/\\\/hotnewsinworld.com\\\/hu\\\/\",\"name\":\"Hot News in World\",\"description\":\"Hot News in World from Hungary\",\"potentialAction\":[{\"@type\":\"SearchAction\",\"target\":{\"@type\":\"EntryPoint\",\"urlTemplate\":\"https:\\\/\\\/hotnewsinworld.com\\\/hu\\\/?s={search_term_string}\"},\"query-input\":{\"@type\":\"PropertyValueSpecification\",\"valueRequired\":true,\"valueName\":\"search_term_string\"}}],\"inLanguage\":\"hu\"},{\"@type\":\"Person\",\"@id\":\"https:\\\/\\\/hotnewsinworld.com\\\/hu\\\/#\\\/schema\\\/person\\\/fe61448b21c0d59086e75fcc1f9d8f6b\",\"name\":\"hotnewsinworld\",\"image\":{\"@type\":\"ImageObject\",\"inLanguage\":\"hu\",\"@id\":\"https:\\\/\\\/secure.gravatar.com\\\/avatar\\\/8a09ac165600ce2e1c38fe593c63928eb1e6e7ba5c5a907d67787c41b3d00c14?s=96&d=mm&r=g\",\"url\":\"https:\\\/\\\/secure.gravatar.com\\\/avatar\\\/8a09ac165600ce2e1c38fe593c63928eb1e6e7ba5c5a907d67787c41b3d00c14?s=96&d=mm&r=g\",\"contentUrl\":\"https:\\\/\\\/secure.gravatar.com\\\/avatar\\\/8a09ac165600ce2e1c38fe593c63928eb1e6e7ba5c5a907d67787c41b3d00c14?s=96&d=mm&r=g\",\"caption\":\"hotnewsinworld\"},\"url\":\"https:\\\/\\\/hotnewsinworld.com\\\/hu\\\/author\\\/pt\\\/\"}]}<\/script>\n<!-- \/ Yoast SEO plugin. -->","yoast_head_json":{"title":"\"A Fidesz retteg. Van is mit\u0151l f\u00e9lni\u00fck\" - Hot News in World","robots":{"index":"index","follow":"follow","max-snippet":"max-snippet:-1","max-image-preview":"max-image-preview:large","max-video-preview":"max-video-preview:-1"},"canonical":"https:\/\/hotnewsinworld.com\/hu\/a-fidesz-retteg-van-is-mitol-felniuk\/","og_locale":"hu_HU","og_type":"article","og_title":"\"A Fidesz retteg. Van is mit\u0151l f\u00e9lni\u00fck\" - Hot News in World","og_description":"A VIII. ker\u00fcleti polg\u00e1rmesterjel\u00f6lt szerint a polg\u00e1rmester S\u00e1ra Botond &#8222;Kocsis M\u00e1t\u00e9 h\u00e1ta m\u00f6g\u00e9 b\u00fajva, a rend\u0151rs\u00e9ggel akarja eld\u00f6ntetni a j\u00f3zsefv\u00e1rosi v\u00e1laszt\u00e1st&#8221;. class=&#8221;line-title-with-image&#8221;&gt;Az ellenz\u00e9ki \u00f6sszefog\u00e1s VIII. ker\u00fcleti polg\u00e1rmester-jel\u00f6ltje tov\u00e1bbra is \u00e1ll\u00edtja, hogy semmilyen t\u00f6rv\u00e9nytelens\u00e9get nem k\u00f6vettek el a kamp\u00e1ny sor\u00e1n.class=&#8221;line-title-with-image&#8221;&gt;A v\u00e1laszt\u00e1si rend megs\u00e9rt\u00e9s\u00e9nek gyan\u00faj\u00e1val tett feljelent\u00e9st a rend\u0151rs\u00e9gen az ellenz\u00e9k Egerben, ahol Habis L\u00e1szl\u00f3, jelenlegi Fidesz-KDNP-s [&hellip;]","og_url":"https:\/\/hotnewsinworld.com\/hu\/a-fidesz-retteg-van-is-mitol-felniuk\/","og_site_name":"Hot News in World","article_published_time":"2019-09-13T00:57:08+00:00","article_modified_time":"2019-09-13T00:57:09+00:00","og_image":[{"width":600,"height":315,"url":"https:\/\/hotnewsinworld.com\/hu\/wp-content\/uploads\/sites\/3\/2019\/09\/A-Fidesz-retteg.-Van-is-mit\u0151l-f\u00e9lni\u00fck.jpg","type":"image\/jpeg"}],"author":"hotnewsinworld","twitter_card":"summary_large_image","twitter_misc":{"Szerz\u0151:":"hotnewsinworld","Becs\u00fclt olvas\u00e1si id\u0151":"4 perc"},"schema":{"@context":"https:\/\/schema.org","@graph":[{"@type":"Article","@id":"https:\/\/hotnewsinworld.com\/hu\/a-fidesz-retteg-van-is-mitol-felniuk\/#article","isPartOf":{"@id":"https:\/\/hotnewsinworld.com\/hu\/a-fidesz-retteg-van-is-mitol-felniuk\/"},"author":{"name":"hotnewsinworld","@id":"https:\/\/hotnewsinworld.com\/hu\/#\/schema\/person\/fe61448b21c0d59086e75fcc1f9d8f6b"},"headline":"&#8222;A Fidesz retteg. Van is mit\u0151l f\u00e9lni\u00fck&#8221;","datePublished":"2019-09-13T00:57:08+00:00","dateModified":"2019-09-13T00:57:09+00:00","mainEntityOfPage":{"@id":"https:\/\/hotnewsinworld.com\/hu\/a-fidesz-retteg-van-is-mitol-felniuk\/"},"wordCount":784,"commentCount":0,"image":{"@id":"https:\/\/hotnewsinworld.com\/hu\/a-fidesz-retteg-van-is-mitol-felniuk\/#primaryimage"},"thumbnailUrl":"https:\/\/hotnewsinworld.com\/hu\/wp-content\/uploads\/sites\/3\/2019\/09\/A-Fidesz-retteg.-Van-is-mit\u0151l-f\u00e9lni\u00fck.jpg","articleSection":["LEG\u00daJABB P\u00c9NZ\u00dcGYI H\u00cdREK"],"inLanguage":"hu","potentialAction":[{"@type":"CommentAction","name":"Comment","target":["https:\/\/hotnewsinworld.com\/hu\/a-fidesz-retteg-van-is-mitol-felniuk\/#respond"]}]},{"@type":"WebPage","@id":"https:\/\/hotnewsinworld.com\/hu\/a-fidesz-retteg-van-is-mitol-felniuk\/","url":"https:\/\/hotnewsinworld.com\/hu\/a-fidesz-retteg-van-is-mitol-felniuk\/","name":"\"A Fidesz retteg. Van is mit\u0151l f\u00e9lni\u00fck\" - Hot News in World","isPartOf":{"@id":"https:\/\/hotnewsinworld.com\/hu\/#website"},"primaryImageOfPage":{"@id":"https:\/\/hotnewsinworld.com\/hu\/a-fidesz-retteg-van-is-mitol-felniuk\/#primaryimage"},"image":{"@id":"https:\/\/hotnewsinworld.com\/hu\/a-fidesz-retteg-van-is-mitol-felniuk\/#primaryimage"},"thumbnailUrl":"https:\/\/hotnewsinworld.com\/hu\/wp-content\/uploads\/sites\/3\/2019\/09\/A-Fidesz-retteg.-Van-is-mit\u0151l-f\u00e9lni\u00fck.jpg","datePublished":"2019-09-13T00:57:08+00:00","dateModified":"2019-09-13T00:57:09+00:00","author":{"@id":"https:\/\/hotnewsinworld.com\/hu\/#\/schema\/person\/fe61448b21c0d59086e75fcc1f9d8f6b"},"breadcrumb":{"@id":"https:\/\/hotnewsinworld.com\/hu\/a-fidesz-retteg-van-is-mitol-felniuk\/#breadcrumb"},"inLanguage":"hu","potentialAction":[{"@type":"ReadAction","target":["https:\/\/hotnewsinworld.com\/hu\/a-fidesz-retteg-van-is-mitol-felniuk\/"]}]},{"@type":"ImageObject","inLanguage":"hu","@id":"https:\/\/hotnewsinworld.com\/hu\/a-fidesz-retteg-van-is-mitol-felniuk\/#primaryimage","url":"https:\/\/hotnewsinworld.com\/hu\/wp-content\/uploads\/sites\/3\/2019\/09\/A-Fidesz-retteg.-Van-is-mit\u0151l-f\u00e9lni\u00fck.jpg","contentUrl":"https:\/\/hotnewsinworld.com\/hu\/wp-content\/uploads\/sites\/3\/2019\/09\/A-Fidesz-retteg.-Van-is-mit\u0151l-f\u00e9lni\u00fck.jpg","width":600,"height":315,"caption":"\"A Fidesz retteg. Van is mit\u0151l f\u00e9lni\u00fck\""},{"@type":"BreadcrumbList","@id":"https:\/\/hotnewsinworld.com\/hu\/a-fidesz-retteg-van-is-mitol-felniuk\/#breadcrumb","itemListElement":[{"@type":"ListItem","position":1,"name":"\u0413\u043b\u0430\u0432\u043d\u0430\u044f \u0441\u0442\u0440\u0430\u043d\u0438\u0446\u0430","item":"https:\/\/hotnewsinworld.com\/hu\/"},{"@type":"ListItem","position":2,"name":"&#8220;A Fidesz retteg. Van is mit\u0151l f\u00e9lni\u00fck&#8221;"}]},{"@type":"WebSite","@id":"https:\/\/hotnewsinworld.com\/hu\/#website","url":"https:\/\/hotnewsinworld.com\/hu\/","name":"Hot News in World","description":"Hot News in World from Hungary","potentialAction":[{"@type":"SearchAction","target":{"@type":"EntryPoint","urlTemplate":"https:\/\/hotnewsinworld.com\/hu\/?s={search_term_string}"},"query-input":{"@type":"PropertyValueSpecification","valueRequired":true,"valueName":"search_term_string"}}],"inLanguage":"hu"},{"@type":"Person","@id":"https:\/\/hotnewsinworld.com\/hu\/#\/schema\/person\/fe61448b21c0d59086e75fcc1f9d8f6b","name":"hotnewsinworld","image":{"@type":"ImageObject","inLanguage":"hu","@id":"https:\/\/secure.gravatar.com\/avatar\/8a09ac165600ce2e1c38fe593c63928eb1e6e7ba5c5a907d67787c41b3d00c14?s=96&d=mm&r=g","url":"https:\/\/secure.gravatar.com\/avatar\/8a09ac165600ce2e1c38fe593c63928eb1e6e7ba5c5a907d67787c41b3d00c14?s=96&d=mm&r=g","contentUrl":"https:\/\/secure.gravatar.com\/avatar\/8a09ac165600ce2e1c38fe593c63928eb1e6e7ba5c5a907d67787c41b3d00c14?s=96&d=mm&r=g","caption":"hotnewsinworld"},"url":"https:\/\/hotnewsinworld.com\/hu\/author\/pt\/"}]}},"_links":{"self":[{"href":"https:\/\/hotnewsinworld.com\/hu\/wp-json\/wp\/v2\/posts\/1978","targetHints":{"allow":["GET"]}}],"collection":[{"href":"https:\/\/hotnewsinworld.com\/hu\/wp-json\/wp\/v2\/posts"}],"about":[{"href":"https:\/\/hotnewsinworld.com\/hu\/wp-json\/wp\/v2\/types\/post"}],"author":[{"embeddable":true,"href":"https:\/\/hotnewsinworld.com\/hu\/wp-json\/wp\/v2\/users\/2"}],"replies":[{"embeddable":true,"href":"https:\/\/hotnewsinworld.com\/hu\/wp-json\/wp\/v2\/comments?post=1978"}],"version-history":[{"count":1,"href":"https:\/\/hotnewsinworld.com\/hu\/wp-json\/wp\/v2\/posts\/1978\/revisions"}],"predecessor-version":[{"id":1980,"href":"https:\/\/hotnewsinworld.com\/hu\/wp-json\/wp\/v2\/posts\/1978\/revisions\/1980"}],"wp:featuredmedia":[{"embeddable":true,"href":"https:\/\/hotnewsinworld.com\/hu\/wp-json\/wp\/v2\/media\/1979"}],"wp:attachment":[{"href":"https:\/\/hotnewsinworld.com\/hu\/wp-json\/wp\/v2\/media?parent=1978"}],"wp:term":[{"taxonomy":"category","embeddable":true,"href":"https:\/\/hotnewsinworld.com\/hu\/wp-json\/wp\/v2\/categories?post=1978"},{"taxonomy":"post_tag","embeddable":true,"href":"https:\/\/hotnewsinworld.com\/hu\/wp-json\/wp\/v2\/tags?post=1978"}],"curies":[{"name":"wp","href":"https:\/\/api.w.org\/{rel}","templated":true}]}}