{"id":1984,"date":"2019-09-13T07:16:38","date_gmt":"2019-09-13T04:16:38","guid":{"rendered":"https:\/\/hotnewsinworld.com\/hu\/a-magyar-emberek-munkaja-vilagszinten-versenykepes\/"},"modified":"2019-09-13T07:16:39","modified_gmt":"2019-09-13T04:16:39","slug":"a-magyar-emberek-munkaja-vilagszinten-versenykepes","status":"publish","type":"post","link":"https:\/\/hotnewsinworld.com\/hu\/a-magyar-emberek-munkaja-vilagszinten-versenykepes\/","title":{"rendered":"A magyar emberek munk\u00e1ja vil\u00e1gszinten versenyk\u00e9pes"},"content":{"rendered":"<p>\tJanu\u00e1rt\u00f3l j\u00faniusig 43 Magyarorsz\u00e1gra \u00e9rkez\u0151 nagyberuh\u00e1z\u00e1sr\u00f3l sz\u00fcletett meg\u00e1llapod\u00e1s, t\u00f6bb mint 731 milli\u00e1rd forintos \u00f6ssz\u00e9rt\u00e9k\u00fck a tavalyi azonos id\u0151szakhoz k\u00e9pest 11 sz\u00e1zal\u00e9kos n\u00f6veked\u00e9st mutat.<\/p>\n<p>class=&#8221;line-title-with-image&#8221;&gt;A magyar emberek munk\u00e1ja vil\u00e1gszinten versenyk\u00e9pes, tud\u00e1suknak \u00e9s k\u00e9pzetts\u00e9g\u00fcknek k\u00f6sz\u00f6nhet\u0151en a belf\u00f6ld\u00f6n el\u0151\u00e1ll\u00edtott term\u00e9kek \u00e9s szolg\u00e1ltat\u00e1sok minden\u00fctt keresettek &#8211; jelentette ki a k\u00fclgazdas\u00e1gi \u00e9s k\u00fcl\u00fcgyminiszter cs\u00fct\u00f6rt\u00f6ki sajt\u00f3t\u00e1j\u00e9koztat\u00f3j\u00e1n Budapesten.class=&#8221;line-title-with-image&#8221;&gt;A magyar emberek tud\u00e1s\u00e1nak \u00e9s k\u00e9pzetts\u00e9g\u00e9nek k\u00f6sz\u00f6nhet\u0151en a belf\u00f6ld\u00f6n el\u0151\u00e1ll\u00edtott term\u00e9kek \u00e9s szolg\u00e1ltat\u00e1sok minden\u00fctt keresettek \u2013 jelentette ki a k\u00fclgazdas\u00e1gi \u00e9s k\u00fcl\u00fcgyminiszter cs\u00fct\u00f6rt\u00f6ki sajt\u00f3t\u00e1j\u00e9koztat\u00f3j\u00e1n Budapesten.class=&#8221;line-title-with-image&#8221;&gt;A magyar emberek munk\u00e1ja vil\u00e1gszinten versenyk\u00e9pes, tud\u00e1suknak \u00e9s k\u00e9pzetts\u00e9g\u00fcknek k\u00f6sz\u00f6nhet\u0151en a belf\u00f6ld\u00f6n el\u0151\u00e1ll\u00edtott term\u00e9kek \u00e9s szolg\u00e1ltat\u00e1sok minden\u00fctt keresettek &#8211; jelentette ki a k\u00fclgazdas\u00e1gi \u00e9s k\u00fcl\u00fcgyminiszter cs\u00fct\u00f6rt\u00f6ki sajt\u00f3t\u00e1j\u00e9koztat\u00f3j\u00e1n Budapesten.class=&#8221;line-title-with-image&#8221;&gt;A belf\u00f6ld\u00f6n el\u0151\u00e1ll\u00edtott term\u00e9kek \u00e9s szolg\u00e1ltat\u00e1sok minden\u00fctt keresettek.class=&#8221;line-title-with-image&#8221;&gt;A belf\u00f6ld\u00f6n el\u0151\u00e1ll\u00edtott term\u00e9kek \u00e9s szolg\u00e1ltat\u00e1sok minden\u00fctt keresettek.class=&#8221;line-title-with-image&#8221;&gt;A belf\u00f6ld\u00f6n el\u0151\u00e1ll\u00edtott term\u00e9kek \u00e9s szolg\u00e1ltat\u00e1sok minden\u00fctt keresettek.class=&#8221;&#8221;&gt;Budapest &#8211; Azok a term\u00e9kek, amelyek a magyar dolgoz\u00f3k szaktud\u00e1s\u00e1val \u00e9s szorgalm\u00e1val k\u00e9sz\u00fclnek a vil\u00e1gon mindenhol keresettek &#8211; mondta a k\u00fclgazdas\u00e1gi \u00e9s k\u00fcl\u00fcgyminiszter.class=&#8221;line-title-with-image&#8221;&gt;Tavaly 1350 milli\u00e1rd forint \u00e9rt\u00e9kben 98 beruh\u00e1z\u00e1s j\u00f6tt az orsz\u00e1gba, 2009-ben pedig ennek csup\u00e1n a negyede.class=&#8221;line-title-with-image&#8221;&gt;Tavaly 1350 milli\u00e1rd forint \u00e9rt\u00e9kben 98 beruh\u00e1z\u00e1s j\u00f6tt az orsz\u00e1gba, 2009-ben pedig ennek csup\u00e1n a negyede.<br \/>\n<br \/>\n<!--noindex--><br \/>\n<a href=\"https:\/\/hirek.oldal.info\/rssclick\/14392979\" rel=\"nofollow\">Source link <\/a><br \/>\n<!--\/noindex--><\/p>\n","protected":false},"excerpt":{"rendered":"<p>Janu\u00e1rt\u00f3l j\u00faniusig 43 Magyarorsz\u00e1gra \u00e9rkez\u0151 nagyberuh\u00e1z\u00e1sr\u00f3l sz\u00fcletett meg\u00e1llapod\u00e1s, t\u00f6bb mint 731 milli\u00e1rd forintos \u00f6ssz\u00e9rt\u00e9k\u00fck a tavalyi azonos id\u0151szakhoz k\u00e9pest 11 sz\u00e1zal\u00e9kos n\u00f6veked\u00e9st mutat. class=&#8221;line-title-with-image&#8221;&gt;A magyar emberek munk\u00e1ja vil\u00e1gszinten versenyk\u00e9pes, tud\u00e1suknak \u00e9s k\u00e9pzetts\u00e9g\u00fcknek k\u00f6sz\u00f6nhet\u0151en a belf\u00f6ld\u00f6n el\u0151\u00e1ll\u00edtott term\u00e9kek \u00e9s szolg\u00e1ltat\u00e1sok minden\u00fctt keresettek &#8211; jelentette ki a k\u00fclgazdas\u00e1gi \u00e9s k\u00fcl\u00fcgyminiszter cs\u00fct\u00f6rt\u00f6ki sajt\u00f3t\u00e1j\u00e9koztat\u00f3j\u00e1n Budapesten.class=&#8221;line-title-with-image&#8221;&gt;A magyar emberek tud\u00e1s\u00e1nak \u00e9s [&hellip;]<\/p>\n","protected":false},"author":2,"featured_media":1985,"comment_status":"open","ping_status":"open","sticky":false,"template":"","format":"standard","meta":{"footnotes":""},"categories":[1],"tags":[],"class_list":["post-1984","post","type-post","status-publish","format-standard","has-post-thumbnail","hentry","category-legujabb-penzugyi-hirek"],"yoast_head":"<!-- This site is optimized with the Yoast SEO plugin v27.4 - https:\/\/yoast.com\/product\/yoast-seo-wordpress\/ -->\n<title>A magyar emberek munk\u00e1ja vil\u00e1gszinten versenyk\u00e9pes - Hot News in World<\/title>\n<meta name=\"robots\" content=\"index, follow, max-snippet:-1, max-image-preview:large, max-video-preview:-1\" \/>\n<link rel=\"canonical\" href=\"https:\/\/hotnewsinworld.com\/hu\/a-magyar-emberek-munkaja-vilagszinten-versenykepes\/\" \/>\n<meta property=\"og:locale\" content=\"hu_HU\" \/>\n<meta property=\"og:type\" content=\"article\" \/>\n<meta property=\"og:title\" content=\"A magyar emberek munk\u00e1ja vil\u00e1gszinten versenyk\u00e9pes - Hot News in World\" \/>\n<meta property=\"og:description\" content=\"Janu\u00e1rt\u00f3l j\u00faniusig 43 Magyarorsz\u00e1gra \u00e9rkez\u0151 nagyberuh\u00e1z\u00e1sr\u00f3l sz\u00fcletett meg\u00e1llapod\u00e1s, t\u00f6bb mint 731 milli\u00e1rd forintos \u00f6ssz\u00e9rt\u00e9k\u00fck a tavalyi azonos id\u0151szakhoz k\u00e9pest 11 sz\u00e1zal\u00e9kos n\u00f6veked\u00e9st mutat. class=&#8221;line-title-with-image&#8221;&gt;A magyar emberek munk\u00e1ja vil\u00e1gszinten versenyk\u00e9pes, tud\u00e1suknak \u00e9s k\u00e9pzetts\u00e9g\u00fcknek k\u00f6sz\u00f6nhet\u0151en a belf\u00f6ld\u00f6n el\u0151\u00e1ll\u00edtott term\u00e9kek \u00e9s szolg\u00e1ltat\u00e1sok minden\u00fctt keresettek &#8211; jelentette ki a k\u00fclgazdas\u00e1gi \u00e9s k\u00fcl\u00fcgyminiszter cs\u00fct\u00f6rt\u00f6ki sajt\u00f3t\u00e1j\u00e9koztat\u00f3j\u00e1n Budapesten.class=&#8221;line-title-with-image&#8221;&gt;A magyar emberek tud\u00e1s\u00e1nak \u00e9s [&hellip;]\" \/>\n<meta property=\"og:url\" content=\"https:\/\/hotnewsinworld.com\/hu\/a-magyar-emberek-munkaja-vilagszinten-versenykepes\/\" \/>\n<meta property=\"og:site_name\" content=\"Hot News in World\" \/>\n<meta property=\"article:published_time\" content=\"2019-09-13T04:16:38+00:00\" \/>\n<meta property=\"article:modified_time\" content=\"2019-09-13T04:16:39+00:00\" \/>\n<meta property=\"og:image\" content=\"https:\/\/hotnewsinworld.com\/hu\/wp-content\/uploads\/sites\/3\/2019\/09\/A-magyar-emberek-munk\u00e1ja-vil\u00e1gszinten-versenyk\u00e9pes.jpg\" \/>\n\t<meta property=\"og:image:width\" content=\"600\" \/>\n\t<meta property=\"og:image:height\" content=\"315\" \/>\n\t<meta property=\"og:image:type\" content=\"image\/jpeg\" \/>\n<meta name=\"author\" content=\"hotnewsinworld\" \/>\n<meta name=\"twitter:card\" content=\"summary_large_image\" \/>\n<meta name=\"twitter:label1\" content=\"Szerz\u0151:\" \/>\n\t<meta name=\"twitter:data1\" content=\"hotnewsinworld\" \/>\n\t<meta name=\"twitter:label2\" content=\"Becs\u00fclt olvas\u00e1si id\u0151\" \/>\n\t<meta name=\"twitter:data2\" content=\"2 perc\" \/>\n<script type=\"application\/ld+json\" class=\"yoast-schema-graph\">{\"@context\":\"https:\\\/\\\/schema.org\",\"@graph\":[{\"@type\":\"Article\",\"@id\":\"https:\\\/\\\/hotnewsinworld.com\\\/hu\\\/a-magyar-emberek-munkaja-vilagszinten-versenykepes\\\/#article\",\"isPartOf\":{\"@id\":\"https:\\\/\\\/hotnewsinworld.com\\\/hu\\\/a-magyar-emberek-munkaja-vilagszinten-versenykepes\\\/\"},\"author\":{\"name\":\"hotnewsinworld\",\"@id\":\"https:\\\/\\\/hotnewsinworld.com\\\/hu\\\/#\\\/schema\\\/person\\\/fe61448b21c0d59086e75fcc1f9d8f6b\"},\"headline\":\"A magyar emberek munk\u00e1ja vil\u00e1gszinten versenyk\u00e9pes\",\"datePublished\":\"2019-09-13T04:16:38+00:00\",\"dateModified\":\"2019-09-13T04:16:39+00:00\",\"mainEntityOfPage\":{\"@id\":\"https:\\\/\\\/hotnewsinworld.com\\\/hu\\\/a-magyar-emberek-munkaja-vilagszinten-versenykepes\\\/\"},\"wordCount\":371,\"commentCount\":0,\"image\":{\"@id\":\"https:\\\/\\\/hotnewsinworld.com\\\/hu\\\/a-magyar-emberek-munkaja-vilagszinten-versenykepes\\\/#primaryimage\"},\"thumbnailUrl\":\"https:\\\/\\\/hotnewsinworld.com\\\/hu\\\/wp-content\\\/uploads\\\/sites\\\/3\\\/2019\\\/09\\\/A-magyar-emberek-munk\u00e1ja-vil\u00e1gszinten-versenyk\u00e9pes.jpg\",\"articleSection\":[\"LEG\u00daJABB P\u00c9NZ\u00dcGYI H\u00cdREK\"],\"inLanguage\":\"hu\",\"potentialAction\":[{\"@type\":\"CommentAction\",\"name\":\"Comment\",\"target\":[\"https:\\\/\\\/hotnewsinworld.com\\\/hu\\\/a-magyar-emberek-munkaja-vilagszinten-versenykepes\\\/#respond\"]}]},{\"@type\":\"WebPage\",\"@id\":\"https:\\\/\\\/hotnewsinworld.com\\\/hu\\\/a-magyar-emberek-munkaja-vilagszinten-versenykepes\\\/\",\"url\":\"https:\\\/\\\/hotnewsinworld.com\\\/hu\\\/a-magyar-emberek-munkaja-vilagszinten-versenykepes\\\/\",\"name\":\"A magyar emberek munk\u00e1ja vil\u00e1gszinten versenyk\u00e9pes - Hot News in World\",\"isPartOf\":{\"@id\":\"https:\\\/\\\/hotnewsinworld.com\\\/hu\\\/#website\"},\"primaryImageOfPage\":{\"@id\":\"https:\\\/\\\/hotnewsinworld.com\\\/hu\\\/a-magyar-emberek-munkaja-vilagszinten-versenykepes\\\/#primaryimage\"},\"image\":{\"@id\":\"https:\\\/\\\/hotnewsinworld.com\\\/hu\\\/a-magyar-emberek-munkaja-vilagszinten-versenykepes\\\/#primaryimage\"},\"thumbnailUrl\":\"https:\\\/\\\/hotnewsinworld.com\\\/hu\\\/wp-content\\\/uploads\\\/sites\\\/3\\\/2019\\\/09\\\/A-magyar-emberek-munk\u00e1ja-vil\u00e1gszinten-versenyk\u00e9pes.jpg\",\"datePublished\":\"2019-09-13T04:16:38+00:00\",\"dateModified\":\"2019-09-13T04:16:39+00:00\",\"author\":{\"@id\":\"https:\\\/\\\/hotnewsinworld.com\\\/hu\\\/#\\\/schema\\\/person\\\/fe61448b21c0d59086e75fcc1f9d8f6b\"},\"breadcrumb\":{\"@id\":\"https:\\\/\\\/hotnewsinworld.com\\\/hu\\\/a-magyar-emberek-munkaja-vilagszinten-versenykepes\\\/#breadcrumb\"},\"inLanguage\":\"hu\",\"potentialAction\":[{\"@type\":\"ReadAction\",\"target\":[\"https:\\\/\\\/hotnewsinworld.com\\\/hu\\\/a-magyar-emberek-munkaja-vilagszinten-versenykepes\\\/\"]}]},{\"@type\":\"ImageObject\",\"inLanguage\":\"hu\",\"@id\":\"https:\\\/\\\/hotnewsinworld.com\\\/hu\\\/a-magyar-emberek-munkaja-vilagszinten-versenykepes\\\/#primaryimage\",\"url\":\"https:\\\/\\\/hotnewsinworld.com\\\/hu\\\/wp-content\\\/uploads\\\/sites\\\/3\\\/2019\\\/09\\\/A-magyar-emberek-munk\u00e1ja-vil\u00e1gszinten-versenyk\u00e9pes.jpg\",\"contentUrl\":\"https:\\\/\\\/hotnewsinworld.com\\\/hu\\\/wp-content\\\/uploads\\\/sites\\\/3\\\/2019\\\/09\\\/A-magyar-emberek-munk\u00e1ja-vil\u00e1gszinten-versenyk\u00e9pes.jpg\",\"width\":600,\"height\":315,\"caption\":\"A magyar emberek munk\u00e1ja vil\u00e1gszinten versenyk\u00e9pes\"},{\"@type\":\"BreadcrumbList\",\"@id\":\"https:\\\/\\\/hotnewsinworld.com\\\/hu\\\/a-magyar-emberek-munkaja-vilagszinten-versenykepes\\\/#breadcrumb\",\"itemListElement\":[{\"@type\":\"ListItem\",\"position\":1,\"name\":\"\u0413\u043b\u0430\u0432\u043d\u0430\u044f \u0441\u0442\u0440\u0430\u043d\u0438\u0446\u0430\",\"item\":\"https:\\\/\\\/hotnewsinworld.com\\\/hu\\\/\"},{\"@type\":\"ListItem\",\"position\":2,\"name\":\"A magyar emberek munk\u00e1ja vil\u00e1gszinten versenyk\u00e9pes\"}]},{\"@type\":\"WebSite\",\"@id\":\"https:\\\/\\\/hotnewsinworld.com\\\/hu\\\/#website\",\"url\":\"https:\\\/\\\/hotnewsinworld.com\\\/hu\\\/\",\"name\":\"Hot News in World\",\"description\":\"Hot News in World from Hungary\",\"potentialAction\":[{\"@type\":\"SearchAction\",\"target\":{\"@type\":\"EntryPoint\",\"urlTemplate\":\"https:\\\/\\\/hotnewsinworld.com\\\/hu\\\/?s={search_term_string}\"},\"query-input\":{\"@type\":\"PropertyValueSpecification\",\"valueRequired\":true,\"valueName\":\"search_term_string\"}}],\"inLanguage\":\"hu\"},{\"@type\":\"Person\",\"@id\":\"https:\\\/\\\/hotnewsinworld.com\\\/hu\\\/#\\\/schema\\\/person\\\/fe61448b21c0d59086e75fcc1f9d8f6b\",\"name\":\"hotnewsinworld\",\"image\":{\"@type\":\"ImageObject\",\"inLanguage\":\"hu\",\"@id\":\"https:\\\/\\\/secure.gravatar.com\\\/avatar\\\/8a09ac165600ce2e1c38fe593c63928eb1e6e7ba5c5a907d67787c41b3d00c14?s=96&d=mm&r=g\",\"url\":\"https:\\\/\\\/secure.gravatar.com\\\/avatar\\\/8a09ac165600ce2e1c38fe593c63928eb1e6e7ba5c5a907d67787c41b3d00c14?s=96&d=mm&r=g\",\"contentUrl\":\"https:\\\/\\\/secure.gravatar.com\\\/avatar\\\/8a09ac165600ce2e1c38fe593c63928eb1e6e7ba5c5a907d67787c41b3d00c14?s=96&d=mm&r=g\",\"caption\":\"hotnewsinworld\"},\"url\":\"https:\\\/\\\/hotnewsinworld.com\\\/hu\\\/author\\\/pt\\\/\"}]}<\/script>\n<!-- \/ Yoast SEO plugin. -->","yoast_head_json":{"title":"A magyar emberek munk\u00e1ja vil\u00e1gszinten versenyk\u00e9pes - Hot News in World","robots":{"index":"index","follow":"follow","max-snippet":"max-snippet:-1","max-image-preview":"max-image-preview:large","max-video-preview":"max-video-preview:-1"},"canonical":"https:\/\/hotnewsinworld.com\/hu\/a-magyar-emberek-munkaja-vilagszinten-versenykepes\/","og_locale":"hu_HU","og_type":"article","og_title":"A magyar emberek munk\u00e1ja vil\u00e1gszinten versenyk\u00e9pes - Hot News in World","og_description":"Janu\u00e1rt\u00f3l j\u00faniusig 43 Magyarorsz\u00e1gra \u00e9rkez\u0151 nagyberuh\u00e1z\u00e1sr\u00f3l sz\u00fcletett meg\u00e1llapod\u00e1s, t\u00f6bb mint 731 milli\u00e1rd forintos \u00f6ssz\u00e9rt\u00e9k\u00fck a tavalyi azonos id\u0151szakhoz k\u00e9pest 11 sz\u00e1zal\u00e9kos n\u00f6veked\u00e9st mutat. class=&#8221;line-title-with-image&#8221;&gt;A magyar emberek munk\u00e1ja vil\u00e1gszinten versenyk\u00e9pes, tud\u00e1suknak \u00e9s k\u00e9pzetts\u00e9g\u00fcknek k\u00f6sz\u00f6nhet\u0151en a belf\u00f6ld\u00f6n el\u0151\u00e1ll\u00edtott term\u00e9kek \u00e9s szolg\u00e1ltat\u00e1sok minden\u00fctt keresettek &#8211; jelentette ki a k\u00fclgazdas\u00e1gi \u00e9s k\u00fcl\u00fcgyminiszter cs\u00fct\u00f6rt\u00f6ki sajt\u00f3t\u00e1j\u00e9koztat\u00f3j\u00e1n Budapesten.class=&#8221;line-title-with-image&#8221;&gt;A magyar emberek tud\u00e1s\u00e1nak \u00e9s [&hellip;]","og_url":"https:\/\/hotnewsinworld.com\/hu\/a-magyar-emberek-munkaja-vilagszinten-versenykepes\/","og_site_name":"Hot News in World","article_published_time":"2019-09-13T04:16:38+00:00","article_modified_time":"2019-09-13T04:16:39+00:00","og_image":[{"width":600,"height":315,"url":"https:\/\/hotnewsinworld.com\/hu\/wp-content\/uploads\/sites\/3\/2019\/09\/A-magyar-emberek-munk\u00e1ja-vil\u00e1gszinten-versenyk\u00e9pes.jpg","type":"image\/jpeg"}],"author":"hotnewsinworld","twitter_card":"summary_large_image","twitter_misc":{"Szerz\u0151:":"hotnewsinworld","Becs\u00fclt olvas\u00e1si id\u0151":"2 perc"},"schema":{"@context":"https:\/\/schema.org","@graph":[{"@type":"Article","@id":"https:\/\/hotnewsinworld.com\/hu\/a-magyar-emberek-munkaja-vilagszinten-versenykepes\/#article","isPartOf":{"@id":"https:\/\/hotnewsinworld.com\/hu\/a-magyar-emberek-munkaja-vilagszinten-versenykepes\/"},"author":{"name":"hotnewsinworld","@id":"https:\/\/hotnewsinworld.com\/hu\/#\/schema\/person\/fe61448b21c0d59086e75fcc1f9d8f6b"},"headline":"A magyar emberek munk\u00e1ja vil\u00e1gszinten versenyk\u00e9pes","datePublished":"2019-09-13T04:16:38+00:00","dateModified":"2019-09-13T04:16:39+00:00","mainEntityOfPage":{"@id":"https:\/\/hotnewsinworld.com\/hu\/a-magyar-emberek-munkaja-vilagszinten-versenykepes\/"},"wordCount":371,"commentCount":0,"image":{"@id":"https:\/\/hotnewsinworld.com\/hu\/a-magyar-emberek-munkaja-vilagszinten-versenykepes\/#primaryimage"},"thumbnailUrl":"https:\/\/hotnewsinworld.com\/hu\/wp-content\/uploads\/sites\/3\/2019\/09\/A-magyar-emberek-munk\u00e1ja-vil\u00e1gszinten-versenyk\u00e9pes.jpg","articleSection":["LEG\u00daJABB P\u00c9NZ\u00dcGYI H\u00cdREK"],"inLanguage":"hu","potentialAction":[{"@type":"CommentAction","name":"Comment","target":["https:\/\/hotnewsinworld.com\/hu\/a-magyar-emberek-munkaja-vilagszinten-versenykepes\/#respond"]}]},{"@type":"WebPage","@id":"https:\/\/hotnewsinworld.com\/hu\/a-magyar-emberek-munkaja-vilagszinten-versenykepes\/","url":"https:\/\/hotnewsinworld.com\/hu\/a-magyar-emberek-munkaja-vilagszinten-versenykepes\/","name":"A magyar emberek munk\u00e1ja vil\u00e1gszinten versenyk\u00e9pes - Hot News in World","isPartOf":{"@id":"https:\/\/hotnewsinworld.com\/hu\/#website"},"primaryImageOfPage":{"@id":"https:\/\/hotnewsinworld.com\/hu\/a-magyar-emberek-munkaja-vilagszinten-versenykepes\/#primaryimage"},"image":{"@id":"https:\/\/hotnewsinworld.com\/hu\/a-magyar-emberek-munkaja-vilagszinten-versenykepes\/#primaryimage"},"thumbnailUrl":"https:\/\/hotnewsinworld.com\/hu\/wp-content\/uploads\/sites\/3\/2019\/09\/A-magyar-emberek-munk\u00e1ja-vil\u00e1gszinten-versenyk\u00e9pes.jpg","datePublished":"2019-09-13T04:16:38+00:00","dateModified":"2019-09-13T04:16:39+00:00","author":{"@id":"https:\/\/hotnewsinworld.com\/hu\/#\/schema\/person\/fe61448b21c0d59086e75fcc1f9d8f6b"},"breadcrumb":{"@id":"https:\/\/hotnewsinworld.com\/hu\/a-magyar-emberek-munkaja-vilagszinten-versenykepes\/#breadcrumb"},"inLanguage":"hu","potentialAction":[{"@type":"ReadAction","target":["https:\/\/hotnewsinworld.com\/hu\/a-magyar-emberek-munkaja-vilagszinten-versenykepes\/"]}]},{"@type":"ImageObject","inLanguage":"hu","@id":"https:\/\/hotnewsinworld.com\/hu\/a-magyar-emberek-munkaja-vilagszinten-versenykepes\/#primaryimage","url":"https:\/\/hotnewsinworld.com\/hu\/wp-content\/uploads\/sites\/3\/2019\/09\/A-magyar-emberek-munk\u00e1ja-vil\u00e1gszinten-versenyk\u00e9pes.jpg","contentUrl":"https:\/\/hotnewsinworld.com\/hu\/wp-content\/uploads\/sites\/3\/2019\/09\/A-magyar-emberek-munk\u00e1ja-vil\u00e1gszinten-versenyk\u00e9pes.jpg","width":600,"height":315,"caption":"A magyar emberek munk\u00e1ja vil\u00e1gszinten versenyk\u00e9pes"},{"@type":"BreadcrumbList","@id":"https:\/\/hotnewsinworld.com\/hu\/a-magyar-emberek-munkaja-vilagszinten-versenykepes\/#breadcrumb","itemListElement":[{"@type":"ListItem","position":1,"name":"\u0413\u043b\u0430\u0432\u043d\u0430\u044f \u0441\u0442\u0440\u0430\u043d\u0438\u0446\u0430","item":"https:\/\/hotnewsinworld.com\/hu\/"},{"@type":"ListItem","position":2,"name":"A magyar emberek munk\u00e1ja vil\u00e1gszinten versenyk\u00e9pes"}]},{"@type":"WebSite","@id":"https:\/\/hotnewsinworld.com\/hu\/#website","url":"https:\/\/hotnewsinworld.com\/hu\/","name":"Hot News in World","description":"Hot News in World from Hungary","potentialAction":[{"@type":"SearchAction","target":{"@type":"EntryPoint","urlTemplate":"https:\/\/hotnewsinworld.com\/hu\/?s={search_term_string}"},"query-input":{"@type":"PropertyValueSpecification","valueRequired":true,"valueName":"search_term_string"}}],"inLanguage":"hu"},{"@type":"Person","@id":"https:\/\/hotnewsinworld.com\/hu\/#\/schema\/person\/fe61448b21c0d59086e75fcc1f9d8f6b","name":"hotnewsinworld","image":{"@type":"ImageObject","inLanguage":"hu","@id":"https:\/\/secure.gravatar.com\/avatar\/8a09ac165600ce2e1c38fe593c63928eb1e6e7ba5c5a907d67787c41b3d00c14?s=96&d=mm&r=g","url":"https:\/\/secure.gravatar.com\/avatar\/8a09ac165600ce2e1c38fe593c63928eb1e6e7ba5c5a907d67787c41b3d00c14?s=96&d=mm&r=g","contentUrl":"https:\/\/secure.gravatar.com\/avatar\/8a09ac165600ce2e1c38fe593c63928eb1e6e7ba5c5a907d67787c41b3d00c14?s=96&d=mm&r=g","caption":"hotnewsinworld"},"url":"https:\/\/hotnewsinworld.com\/hu\/author\/pt\/"}]}},"_links":{"self":[{"href":"https:\/\/hotnewsinworld.com\/hu\/wp-json\/wp\/v2\/posts\/1984","targetHints":{"allow":["GET"]}}],"collection":[{"href":"https:\/\/hotnewsinworld.com\/hu\/wp-json\/wp\/v2\/posts"}],"about":[{"href":"https:\/\/hotnewsinworld.com\/hu\/wp-json\/wp\/v2\/types\/post"}],"author":[{"embeddable":true,"href":"https:\/\/hotnewsinworld.com\/hu\/wp-json\/wp\/v2\/users\/2"}],"replies":[{"embeddable":true,"href":"https:\/\/hotnewsinworld.com\/hu\/wp-json\/wp\/v2\/comments?post=1984"}],"version-history":[{"count":1,"href":"https:\/\/hotnewsinworld.com\/hu\/wp-json\/wp\/v2\/posts\/1984\/revisions"}],"predecessor-version":[{"id":1986,"href":"https:\/\/hotnewsinworld.com\/hu\/wp-json\/wp\/v2\/posts\/1984\/revisions\/1986"}],"wp:featuredmedia":[{"embeddable":true,"href":"https:\/\/hotnewsinworld.com\/hu\/wp-json\/wp\/v2\/media\/1985"}],"wp:attachment":[{"href":"https:\/\/hotnewsinworld.com\/hu\/wp-json\/wp\/v2\/media?parent=1984"}],"wp:term":[{"taxonomy":"category","embeddable":true,"href":"https:\/\/hotnewsinworld.com\/hu\/wp-json\/wp\/v2\/categories?post=1984"},{"taxonomy":"post_tag","embeddable":true,"href":"https:\/\/hotnewsinworld.com\/hu\/wp-json\/wp\/v2\/tags?post=1984"}],"curies":[{"name":"wp","href":"https:\/\/api.w.org\/{rel}","templated":true}]}}