{"id":1990,"date":"2019-09-13T09:59:35","date_gmt":"2019-09-13T06:59:35","guid":{"rendered":"https:\/\/hotnewsinworld.com\/hu\/orban-viktor-masodik-es-harmadik-csaladvedelmi-akcioterv-is-lesz\/"},"modified":"2019-09-13T09:59:36","modified_gmt":"2019-09-13T06:59:36","slug":"orban-viktor-masodik-es-harmadik-csaladvedelmi-akcioterv-is-lesz","status":"publish","type":"post","link":"https:\/\/hotnewsinworld.com\/hu\/orban-viktor-masodik-es-harmadik-csaladvedelmi-akcioterv-is-lesz\/","title":{"rendered":"Orb\u00e1n Viktor: M\u00e1sodik \u00e9s harmadik csal\u00e1dv\u00e9delmi akci\u00f3terv is lesz"},"content":{"rendered":"<p> Lok\u00e1l, 2019. 09. 13. 08:49Nagyon jelent\u0151s poz\u00edci\u00f3kat \u00e9s portf\u00f3li\u00f3kat kaptak a Visegr\u00e1di n\u00e9gyek az Eur\u00f3pai Bizotts\u00e1g \u00faj test\u00fclet\u00e9ben, ami azt mutatja, hogy az eg\u00e9sz r\u00e9gi\u00f3nk egy folyamatos fel\u00e9rt\u00e9kel\u0151d\u00e9s alatt van, egyre fontosabb \u00e9s s\u00falyosabb az, amit mondunk, tesz\u00fcnk, gondolunk. Ez a magyar nemzeti \u00e9rdekek szempontj\u00e1b\u00f3l kedvez\u0151 h\u00edr \u2013 err\u0151l besz\u00e9lt p\u00e9nteken a minisztereln\u00f6k a Kossuth R\u00e1di\u00f3 J\u00f3 reggelt, Magyarorsz\u00e1g! c\u00edm\u0171 m\u0171sor\u00e1ban \u2013 \u00edrja a H\u00edrad\u00f3.hu.Orb\u00e1n Viktor kit\u00e9rt arra is, hogy Tr\u00f3cs\u00e1nyi L\u00e1szl\u00f3n nem lehet fog\u00e1st tal\u00e1lni, egyetlen dolgot lehet felhozni vele szemben, azt, hogy a t\u00e1mad\u00f3k szempontj\u00e1b\u00f3l rossz helyr\u0151l j\u00f6tt, merthogy magyar.A minisztereln\u00f6k hozz\u00e1tette, cs\u00fct\u00f6rt\u00f6k\u00f6n Pr\u00e1g\u00e1ban a V4-ek a nyugat-balk\u00e1ni orsz\u00e1gok vezet\u0151ivel egy\u00e9rtelm\u0171en ki\u00e1lltak a b\u0151v\u00edt\u00e9s mellett egy k\u00f6z\u00f6s nyilatkozatban, mert Eur\u00f3p\u00e1nak t\u00f6bb piacra, t\u00f6bb munkaer\u0151re, nagyobb gazdas\u00e1gi potenci\u00e1lra, nagyobb n\u00f6veked\u00e9sre \u00e9s nagyobb biztons\u00e1gra van sz\u00fcks\u00e9ge.A csal\u00e1dpolitik\u00e1val kapcsolatban a minisztereln\u00f6k jelezte, hogy szomor\u00faan tapasztalja, m\u00e9g mindig nem sz\u00fcletnek meg a v\u00e1gyott gyermekek, mert akad\u00e1lyok k\u00eds\u00e9rik a fiatalok \u00e9let\u00e9t. Ez\u00e9rt m\u00e9g van teend\u0151. Azt is el\u00e1rulta, hogy m\u00e1r gondolkodik a m\u00e1sodik, s\u0151t a harmadik csal\u00e1dv\u00e9delmi akci\u00f3terven, de el\u0151bb az els\u0151t kell eredm\u00e9nyesen m\u0171k\u00f6dtetni \u2013 \u00edrja a Ripost.Tov\u00e1bbi cikkek:<br \/>\n<br \/>\n<!--noindex--><br \/>\n<a href=\"https:\/\/hirek.oldal.info\/rssclick\/14393399\" rel=\"nofollow\">Source link <\/a><br \/>\n<!--\/noindex--><\/p>\n","protected":false},"excerpt":{"rendered":"<p>Lok\u00e1l, 2019. 09. 13. 08:49Nagyon jelent\u0151s poz\u00edci\u00f3kat \u00e9s portf\u00f3li\u00f3kat kaptak a Visegr\u00e1di n\u00e9gyek az Eur\u00f3pai Bizotts\u00e1g \u00faj test\u00fclet\u00e9ben, ami azt mutatja, hogy az eg\u00e9sz r\u00e9gi\u00f3nk egy folyamatos fel\u00e9rt\u00e9kel\u0151d\u00e9s alatt van, egyre fontosabb \u00e9s s\u00falyosabb az, amit mondunk, tesz\u00fcnk, gondolunk. Ez a magyar nemzeti \u00e9rdekek szempontj\u00e1b\u00f3l kedvez\u0151 h\u00edr \u2013 err\u0151l besz\u00e9lt p\u00e9nteken a minisztereln\u00f6k a Kossuth [&hellip;]<\/p>\n","protected":false},"author":2,"featured_media":1991,"comment_status":"open","ping_status":"open","sticky":false,"template":"","format":"standard","meta":{"footnotes":""},"categories":[1],"tags":[],"class_list":["post-1990","post","type-post","status-publish","format-standard","has-post-thumbnail","hentry","category-legujabb-penzugyi-hirek"],"yoast_head":"<!-- This site is optimized with the Yoast SEO plugin v27.4 - https:\/\/yoast.com\/product\/yoast-seo-wordpress\/ -->\n<title>Orb\u00e1n Viktor: M\u00e1sodik \u00e9s harmadik csal\u00e1dv\u00e9delmi akci\u00f3terv is lesz - Hot News in World<\/title>\n<meta name=\"robots\" content=\"index, follow, max-snippet:-1, max-image-preview:large, max-video-preview:-1\" \/>\n<link rel=\"canonical\" href=\"https:\/\/hotnewsinworld.com\/hu\/orban-viktor-masodik-es-harmadik-csaladvedelmi-akcioterv-is-lesz\/\" \/>\n<meta property=\"og:locale\" content=\"hu_HU\" \/>\n<meta property=\"og:type\" content=\"article\" \/>\n<meta property=\"og:title\" content=\"Orb\u00e1n Viktor: M\u00e1sodik \u00e9s harmadik csal\u00e1dv\u00e9delmi akci\u00f3terv is lesz - Hot News in World\" \/>\n<meta property=\"og:description\" content=\"Lok\u00e1l, 2019. 09. 13. 08:49Nagyon jelent\u0151s poz\u00edci\u00f3kat \u00e9s portf\u00f3li\u00f3kat kaptak a Visegr\u00e1di n\u00e9gyek az Eur\u00f3pai Bizotts\u00e1g \u00faj test\u00fclet\u00e9ben, ami azt mutatja, hogy az eg\u00e9sz r\u00e9gi\u00f3nk egy folyamatos fel\u00e9rt\u00e9kel\u0151d\u00e9s alatt van, egyre fontosabb \u00e9s s\u00falyosabb az, amit mondunk, tesz\u00fcnk, gondolunk. Ez a magyar nemzeti \u00e9rdekek szempontj\u00e1b\u00f3l kedvez\u0151 h\u00edr \u2013 err\u0151l besz\u00e9lt p\u00e9nteken a minisztereln\u00f6k a Kossuth [&hellip;]\" \/>\n<meta property=\"og:url\" content=\"https:\/\/hotnewsinworld.com\/hu\/orban-viktor-masodik-es-harmadik-csaladvedelmi-akcioterv-is-lesz\/\" \/>\n<meta property=\"og:site_name\" content=\"Hot News in World\" \/>\n<meta property=\"article:published_time\" content=\"2019-09-13T06:59:35+00:00\" \/>\n<meta property=\"article:modified_time\" content=\"2019-09-13T06:59:36+00:00\" \/>\n<meta property=\"og:image\" content=\"https:\/\/hotnewsinworld.com\/hu\/wp-content\/uploads\/sites\/3\/2019\/09\/Orb\u00e1n-Viktor-M\u00e1sodik-\u00e9s-harmadik-csal\u00e1dv\u00e9delmi-akci\u00f3terv-is-lesz.jpg\" \/>\n\t<meta property=\"og:image:width\" content=\"1065\" \/>\n\t<meta property=\"og:image:height\" content=\"712\" \/>\n\t<meta property=\"og:image:type\" content=\"image\/jpeg\" \/>\n<meta name=\"author\" content=\"hotnewsinworld\" \/>\n<meta name=\"twitter:card\" content=\"summary_large_image\" \/>\n<meta name=\"twitter:label1\" content=\"Szerz\u0151:\" \/>\n\t<meta name=\"twitter:data1\" content=\"hotnewsinworld\" \/>\n\t<meta name=\"twitter:label2\" content=\"Becs\u00fclt olvas\u00e1si id\u0151\" \/>\n\t<meta name=\"twitter:data2\" content=\"1 perc\" \/>\n<script type=\"application\/ld+json\" class=\"yoast-schema-graph\">{\"@context\":\"https:\\\/\\\/schema.org\",\"@graph\":[{\"@type\":\"Article\",\"@id\":\"https:\\\/\\\/hotnewsinworld.com\\\/hu\\\/orban-viktor-masodik-es-harmadik-csaladvedelmi-akcioterv-is-lesz\\\/#article\",\"isPartOf\":{\"@id\":\"https:\\\/\\\/hotnewsinworld.com\\\/hu\\\/orban-viktor-masodik-es-harmadik-csaladvedelmi-akcioterv-is-lesz\\\/\"},\"author\":{\"name\":\"hotnewsinworld\",\"@id\":\"https:\\\/\\\/hotnewsinworld.com\\\/hu\\\/#\\\/schema\\\/person\\\/fe61448b21c0d59086e75fcc1f9d8f6b\"},\"headline\":\"Orb\u00e1n Viktor: M\u00e1sodik \u00e9s harmadik csal\u00e1dv\u00e9delmi akci\u00f3terv is lesz\",\"datePublished\":\"2019-09-13T06:59:35+00:00\",\"dateModified\":\"2019-09-13T06:59:36+00:00\",\"mainEntityOfPage\":{\"@id\":\"https:\\\/\\\/hotnewsinworld.com\\\/hu\\\/orban-viktor-masodik-es-harmadik-csaladvedelmi-akcioterv-is-lesz\\\/\"},\"wordCount\":298,\"commentCount\":0,\"image\":{\"@id\":\"https:\\\/\\\/hotnewsinworld.com\\\/hu\\\/orban-viktor-masodik-es-harmadik-csaladvedelmi-akcioterv-is-lesz\\\/#primaryimage\"},\"thumbnailUrl\":\"https:\\\/\\\/hotnewsinworld.com\\\/hu\\\/wp-content\\\/uploads\\\/sites\\\/3\\\/2019\\\/09\\\/Orb\u00e1n-Viktor-M\u00e1sodik-\u00e9s-harmadik-csal\u00e1dv\u00e9delmi-akci\u00f3terv-is-lesz.jpg\",\"articleSection\":[\"LEG\u00daJABB P\u00c9NZ\u00dcGYI H\u00cdREK\"],\"inLanguage\":\"hu\",\"potentialAction\":[{\"@type\":\"CommentAction\",\"name\":\"Comment\",\"target\":[\"https:\\\/\\\/hotnewsinworld.com\\\/hu\\\/orban-viktor-masodik-es-harmadik-csaladvedelmi-akcioterv-is-lesz\\\/#respond\"]}]},{\"@type\":\"WebPage\",\"@id\":\"https:\\\/\\\/hotnewsinworld.com\\\/hu\\\/orban-viktor-masodik-es-harmadik-csaladvedelmi-akcioterv-is-lesz\\\/\",\"url\":\"https:\\\/\\\/hotnewsinworld.com\\\/hu\\\/orban-viktor-masodik-es-harmadik-csaladvedelmi-akcioterv-is-lesz\\\/\",\"name\":\"Orb\u00e1n Viktor: M\u00e1sodik \u00e9s harmadik csal\u00e1dv\u00e9delmi akci\u00f3terv is lesz - Hot News in World\",\"isPartOf\":{\"@id\":\"https:\\\/\\\/hotnewsinworld.com\\\/hu\\\/#website\"},\"primaryImageOfPage\":{\"@id\":\"https:\\\/\\\/hotnewsinworld.com\\\/hu\\\/orban-viktor-masodik-es-harmadik-csaladvedelmi-akcioterv-is-lesz\\\/#primaryimage\"},\"image\":{\"@id\":\"https:\\\/\\\/hotnewsinworld.com\\\/hu\\\/orban-viktor-masodik-es-harmadik-csaladvedelmi-akcioterv-is-lesz\\\/#primaryimage\"},\"thumbnailUrl\":\"https:\\\/\\\/hotnewsinworld.com\\\/hu\\\/wp-content\\\/uploads\\\/sites\\\/3\\\/2019\\\/09\\\/Orb\u00e1n-Viktor-M\u00e1sodik-\u00e9s-harmadik-csal\u00e1dv\u00e9delmi-akci\u00f3terv-is-lesz.jpg\",\"datePublished\":\"2019-09-13T06:59:35+00:00\",\"dateModified\":\"2019-09-13T06:59:36+00:00\",\"author\":{\"@id\":\"https:\\\/\\\/hotnewsinworld.com\\\/hu\\\/#\\\/schema\\\/person\\\/fe61448b21c0d59086e75fcc1f9d8f6b\"},\"breadcrumb\":{\"@id\":\"https:\\\/\\\/hotnewsinworld.com\\\/hu\\\/orban-viktor-masodik-es-harmadik-csaladvedelmi-akcioterv-is-lesz\\\/#breadcrumb\"},\"inLanguage\":\"hu\",\"potentialAction\":[{\"@type\":\"ReadAction\",\"target\":[\"https:\\\/\\\/hotnewsinworld.com\\\/hu\\\/orban-viktor-masodik-es-harmadik-csaladvedelmi-akcioterv-is-lesz\\\/\"]}]},{\"@type\":\"ImageObject\",\"inLanguage\":\"hu\",\"@id\":\"https:\\\/\\\/hotnewsinworld.com\\\/hu\\\/orban-viktor-masodik-es-harmadik-csaladvedelmi-akcioterv-is-lesz\\\/#primaryimage\",\"url\":\"https:\\\/\\\/hotnewsinworld.com\\\/hu\\\/wp-content\\\/uploads\\\/sites\\\/3\\\/2019\\\/09\\\/Orb\u00e1n-Viktor-M\u00e1sodik-\u00e9s-harmadik-csal\u00e1dv\u00e9delmi-akci\u00f3terv-is-lesz.jpg\",\"contentUrl\":\"https:\\\/\\\/hotnewsinworld.com\\\/hu\\\/wp-content\\\/uploads\\\/sites\\\/3\\\/2019\\\/09\\\/Orb\u00e1n-Viktor-M\u00e1sodik-\u00e9s-harmadik-csal\u00e1dv\u00e9delmi-akci\u00f3terv-is-lesz.jpg\",\"width\":1065,\"height\":712,\"caption\":\"Orb\u00e1n Viktor: M\u00e1sodik \u00e9s harmadik csal\u00e1dv\u00e9delmi akci\u00f3terv is lesz\"},{\"@type\":\"BreadcrumbList\",\"@id\":\"https:\\\/\\\/hotnewsinworld.com\\\/hu\\\/orban-viktor-masodik-es-harmadik-csaladvedelmi-akcioterv-is-lesz\\\/#breadcrumb\",\"itemListElement\":[{\"@type\":\"ListItem\",\"position\":1,\"name\":\"\u0413\u043b\u0430\u0432\u043d\u0430\u044f \u0441\u0442\u0440\u0430\u043d\u0438\u0446\u0430\",\"item\":\"https:\\\/\\\/hotnewsinworld.com\\\/hu\\\/\"},{\"@type\":\"ListItem\",\"position\":2,\"name\":\"Orb\u00e1n Viktor: M\u00e1sodik \u00e9s harmadik csal\u00e1dv\u00e9delmi akci\u00f3terv is lesz\"}]},{\"@type\":\"WebSite\",\"@id\":\"https:\\\/\\\/hotnewsinworld.com\\\/hu\\\/#website\",\"url\":\"https:\\\/\\\/hotnewsinworld.com\\\/hu\\\/\",\"name\":\"Hot News in World\",\"description\":\"Hot News in World from Hungary\",\"potentialAction\":[{\"@type\":\"SearchAction\",\"target\":{\"@type\":\"EntryPoint\",\"urlTemplate\":\"https:\\\/\\\/hotnewsinworld.com\\\/hu\\\/?s={search_term_string}\"},\"query-input\":{\"@type\":\"PropertyValueSpecification\",\"valueRequired\":true,\"valueName\":\"search_term_string\"}}],\"inLanguage\":\"hu\"},{\"@type\":\"Person\",\"@id\":\"https:\\\/\\\/hotnewsinworld.com\\\/hu\\\/#\\\/schema\\\/person\\\/fe61448b21c0d59086e75fcc1f9d8f6b\",\"name\":\"hotnewsinworld\",\"image\":{\"@type\":\"ImageObject\",\"inLanguage\":\"hu\",\"@id\":\"https:\\\/\\\/secure.gravatar.com\\\/avatar\\\/8a09ac165600ce2e1c38fe593c63928eb1e6e7ba5c5a907d67787c41b3d00c14?s=96&d=mm&r=g\",\"url\":\"https:\\\/\\\/secure.gravatar.com\\\/avatar\\\/8a09ac165600ce2e1c38fe593c63928eb1e6e7ba5c5a907d67787c41b3d00c14?s=96&d=mm&r=g\",\"contentUrl\":\"https:\\\/\\\/secure.gravatar.com\\\/avatar\\\/8a09ac165600ce2e1c38fe593c63928eb1e6e7ba5c5a907d67787c41b3d00c14?s=96&d=mm&r=g\",\"caption\":\"hotnewsinworld\"},\"url\":\"https:\\\/\\\/hotnewsinworld.com\\\/hu\\\/author\\\/pt\\\/\"}]}<\/script>\n<!-- \/ Yoast SEO plugin. -->","yoast_head_json":{"title":"Orb\u00e1n Viktor: M\u00e1sodik \u00e9s harmadik csal\u00e1dv\u00e9delmi akci\u00f3terv is lesz - Hot News in World","robots":{"index":"index","follow":"follow","max-snippet":"max-snippet:-1","max-image-preview":"max-image-preview:large","max-video-preview":"max-video-preview:-1"},"canonical":"https:\/\/hotnewsinworld.com\/hu\/orban-viktor-masodik-es-harmadik-csaladvedelmi-akcioterv-is-lesz\/","og_locale":"hu_HU","og_type":"article","og_title":"Orb\u00e1n Viktor: M\u00e1sodik \u00e9s harmadik csal\u00e1dv\u00e9delmi akci\u00f3terv is lesz - Hot News in World","og_description":"Lok\u00e1l, 2019. 09. 13. 08:49Nagyon jelent\u0151s poz\u00edci\u00f3kat \u00e9s portf\u00f3li\u00f3kat kaptak a Visegr\u00e1di n\u00e9gyek az Eur\u00f3pai Bizotts\u00e1g \u00faj test\u00fclet\u00e9ben, ami azt mutatja, hogy az eg\u00e9sz r\u00e9gi\u00f3nk egy folyamatos fel\u00e9rt\u00e9kel\u0151d\u00e9s alatt van, egyre fontosabb \u00e9s s\u00falyosabb az, amit mondunk, tesz\u00fcnk, gondolunk. Ez a magyar nemzeti \u00e9rdekek szempontj\u00e1b\u00f3l kedvez\u0151 h\u00edr \u2013 err\u0151l besz\u00e9lt p\u00e9nteken a minisztereln\u00f6k a Kossuth [&hellip;]","og_url":"https:\/\/hotnewsinworld.com\/hu\/orban-viktor-masodik-es-harmadik-csaladvedelmi-akcioterv-is-lesz\/","og_site_name":"Hot News in World","article_published_time":"2019-09-13T06:59:35+00:00","article_modified_time":"2019-09-13T06:59:36+00:00","og_image":[{"width":1065,"height":712,"url":"https:\/\/hotnewsinworld.com\/hu\/wp-content\/uploads\/sites\/3\/2019\/09\/Orb\u00e1n-Viktor-M\u00e1sodik-\u00e9s-harmadik-csal\u00e1dv\u00e9delmi-akci\u00f3terv-is-lesz.jpg","type":"image\/jpeg"}],"author":"hotnewsinworld","twitter_card":"summary_large_image","twitter_misc":{"Szerz\u0151:":"hotnewsinworld","Becs\u00fclt olvas\u00e1si id\u0151":"1 perc"},"schema":{"@context":"https:\/\/schema.org","@graph":[{"@type":"Article","@id":"https:\/\/hotnewsinworld.com\/hu\/orban-viktor-masodik-es-harmadik-csaladvedelmi-akcioterv-is-lesz\/#article","isPartOf":{"@id":"https:\/\/hotnewsinworld.com\/hu\/orban-viktor-masodik-es-harmadik-csaladvedelmi-akcioterv-is-lesz\/"},"author":{"name":"hotnewsinworld","@id":"https:\/\/hotnewsinworld.com\/hu\/#\/schema\/person\/fe61448b21c0d59086e75fcc1f9d8f6b"},"headline":"Orb\u00e1n Viktor: M\u00e1sodik \u00e9s harmadik csal\u00e1dv\u00e9delmi akci\u00f3terv is lesz","datePublished":"2019-09-13T06:59:35+00:00","dateModified":"2019-09-13T06:59:36+00:00","mainEntityOfPage":{"@id":"https:\/\/hotnewsinworld.com\/hu\/orban-viktor-masodik-es-harmadik-csaladvedelmi-akcioterv-is-lesz\/"},"wordCount":298,"commentCount":0,"image":{"@id":"https:\/\/hotnewsinworld.com\/hu\/orban-viktor-masodik-es-harmadik-csaladvedelmi-akcioterv-is-lesz\/#primaryimage"},"thumbnailUrl":"https:\/\/hotnewsinworld.com\/hu\/wp-content\/uploads\/sites\/3\/2019\/09\/Orb\u00e1n-Viktor-M\u00e1sodik-\u00e9s-harmadik-csal\u00e1dv\u00e9delmi-akci\u00f3terv-is-lesz.jpg","articleSection":["LEG\u00daJABB P\u00c9NZ\u00dcGYI H\u00cdREK"],"inLanguage":"hu","potentialAction":[{"@type":"CommentAction","name":"Comment","target":["https:\/\/hotnewsinworld.com\/hu\/orban-viktor-masodik-es-harmadik-csaladvedelmi-akcioterv-is-lesz\/#respond"]}]},{"@type":"WebPage","@id":"https:\/\/hotnewsinworld.com\/hu\/orban-viktor-masodik-es-harmadik-csaladvedelmi-akcioterv-is-lesz\/","url":"https:\/\/hotnewsinworld.com\/hu\/orban-viktor-masodik-es-harmadik-csaladvedelmi-akcioterv-is-lesz\/","name":"Orb\u00e1n Viktor: M\u00e1sodik \u00e9s harmadik csal\u00e1dv\u00e9delmi akci\u00f3terv is lesz - Hot News in World","isPartOf":{"@id":"https:\/\/hotnewsinworld.com\/hu\/#website"},"primaryImageOfPage":{"@id":"https:\/\/hotnewsinworld.com\/hu\/orban-viktor-masodik-es-harmadik-csaladvedelmi-akcioterv-is-lesz\/#primaryimage"},"image":{"@id":"https:\/\/hotnewsinworld.com\/hu\/orban-viktor-masodik-es-harmadik-csaladvedelmi-akcioterv-is-lesz\/#primaryimage"},"thumbnailUrl":"https:\/\/hotnewsinworld.com\/hu\/wp-content\/uploads\/sites\/3\/2019\/09\/Orb\u00e1n-Viktor-M\u00e1sodik-\u00e9s-harmadik-csal\u00e1dv\u00e9delmi-akci\u00f3terv-is-lesz.jpg","datePublished":"2019-09-13T06:59:35+00:00","dateModified":"2019-09-13T06:59:36+00:00","author":{"@id":"https:\/\/hotnewsinworld.com\/hu\/#\/schema\/person\/fe61448b21c0d59086e75fcc1f9d8f6b"},"breadcrumb":{"@id":"https:\/\/hotnewsinworld.com\/hu\/orban-viktor-masodik-es-harmadik-csaladvedelmi-akcioterv-is-lesz\/#breadcrumb"},"inLanguage":"hu","potentialAction":[{"@type":"ReadAction","target":["https:\/\/hotnewsinworld.com\/hu\/orban-viktor-masodik-es-harmadik-csaladvedelmi-akcioterv-is-lesz\/"]}]},{"@type":"ImageObject","inLanguage":"hu","@id":"https:\/\/hotnewsinworld.com\/hu\/orban-viktor-masodik-es-harmadik-csaladvedelmi-akcioterv-is-lesz\/#primaryimage","url":"https:\/\/hotnewsinworld.com\/hu\/wp-content\/uploads\/sites\/3\/2019\/09\/Orb\u00e1n-Viktor-M\u00e1sodik-\u00e9s-harmadik-csal\u00e1dv\u00e9delmi-akci\u00f3terv-is-lesz.jpg","contentUrl":"https:\/\/hotnewsinworld.com\/hu\/wp-content\/uploads\/sites\/3\/2019\/09\/Orb\u00e1n-Viktor-M\u00e1sodik-\u00e9s-harmadik-csal\u00e1dv\u00e9delmi-akci\u00f3terv-is-lesz.jpg","width":1065,"height":712,"caption":"Orb\u00e1n Viktor: M\u00e1sodik \u00e9s harmadik csal\u00e1dv\u00e9delmi akci\u00f3terv is lesz"},{"@type":"BreadcrumbList","@id":"https:\/\/hotnewsinworld.com\/hu\/orban-viktor-masodik-es-harmadik-csaladvedelmi-akcioterv-is-lesz\/#breadcrumb","itemListElement":[{"@type":"ListItem","position":1,"name":"\u0413\u043b\u0430\u0432\u043d\u0430\u044f \u0441\u0442\u0440\u0430\u043d\u0438\u0446\u0430","item":"https:\/\/hotnewsinworld.com\/hu\/"},{"@type":"ListItem","position":2,"name":"Orb\u00e1n Viktor: M\u00e1sodik \u00e9s harmadik csal\u00e1dv\u00e9delmi akci\u00f3terv is lesz"}]},{"@type":"WebSite","@id":"https:\/\/hotnewsinworld.com\/hu\/#website","url":"https:\/\/hotnewsinworld.com\/hu\/","name":"Hot News in World","description":"Hot News in World from Hungary","potentialAction":[{"@type":"SearchAction","target":{"@type":"EntryPoint","urlTemplate":"https:\/\/hotnewsinworld.com\/hu\/?s={search_term_string}"},"query-input":{"@type":"PropertyValueSpecification","valueRequired":true,"valueName":"search_term_string"}}],"inLanguage":"hu"},{"@type":"Person","@id":"https:\/\/hotnewsinworld.com\/hu\/#\/schema\/person\/fe61448b21c0d59086e75fcc1f9d8f6b","name":"hotnewsinworld","image":{"@type":"ImageObject","inLanguage":"hu","@id":"https:\/\/secure.gravatar.com\/avatar\/8a09ac165600ce2e1c38fe593c63928eb1e6e7ba5c5a907d67787c41b3d00c14?s=96&d=mm&r=g","url":"https:\/\/secure.gravatar.com\/avatar\/8a09ac165600ce2e1c38fe593c63928eb1e6e7ba5c5a907d67787c41b3d00c14?s=96&d=mm&r=g","contentUrl":"https:\/\/secure.gravatar.com\/avatar\/8a09ac165600ce2e1c38fe593c63928eb1e6e7ba5c5a907d67787c41b3d00c14?s=96&d=mm&r=g","caption":"hotnewsinworld"},"url":"https:\/\/hotnewsinworld.com\/hu\/author\/pt\/"}]}},"_links":{"self":[{"href":"https:\/\/hotnewsinworld.com\/hu\/wp-json\/wp\/v2\/posts\/1990","targetHints":{"allow":["GET"]}}],"collection":[{"href":"https:\/\/hotnewsinworld.com\/hu\/wp-json\/wp\/v2\/posts"}],"about":[{"href":"https:\/\/hotnewsinworld.com\/hu\/wp-json\/wp\/v2\/types\/post"}],"author":[{"embeddable":true,"href":"https:\/\/hotnewsinworld.com\/hu\/wp-json\/wp\/v2\/users\/2"}],"replies":[{"embeddable":true,"href":"https:\/\/hotnewsinworld.com\/hu\/wp-json\/wp\/v2\/comments?post=1990"}],"version-history":[{"count":1,"href":"https:\/\/hotnewsinworld.com\/hu\/wp-json\/wp\/v2\/posts\/1990\/revisions"}],"predecessor-version":[{"id":1992,"href":"https:\/\/hotnewsinworld.com\/hu\/wp-json\/wp\/v2\/posts\/1990\/revisions\/1992"}],"wp:featuredmedia":[{"embeddable":true,"href":"https:\/\/hotnewsinworld.com\/hu\/wp-json\/wp\/v2\/media\/1991"}],"wp:attachment":[{"href":"https:\/\/hotnewsinworld.com\/hu\/wp-json\/wp\/v2\/media?parent=1990"}],"wp:term":[{"taxonomy":"category","embeddable":true,"href":"https:\/\/hotnewsinworld.com\/hu\/wp-json\/wp\/v2\/categories?post=1990"},{"taxonomy":"post_tag","embeddable":true,"href":"https:\/\/hotnewsinworld.com\/hu\/wp-json\/wp\/v2\/tags?post=1990"}],"curies":[{"name":"wp","href":"https:\/\/api.w.org\/{rel}","templated":true}]}}