{"id":1999,"date":"2019-09-13T15:18:44","date_gmt":"2019-09-13T12:18:44","guid":{"rendered":"https:\/\/hotnewsinworld.com\/hu\/elmondta-velemenyet-gyarfas-tamas-ugyvedje-a-12-ev-fegyhazrol\/"},"modified":"2019-09-13T15:18:45","modified_gmt":"2019-09-13T12:18:45","slug":"elmondta-velemenyet-gyarfas-tamas-ugyvedje-a-12-ev-fegyhazrol","status":"publish","type":"post","link":"https:\/\/hotnewsinworld.com\/hu\/elmondta-velemenyet-gyarfas-tamas-ugyvedje-a-12-ev-fegyhazrol\/","title":{"rendered":"Elmondta v\u00e9lem\u00e9ny\u00e9t Gy\u00e1rf\u00e1s Tam\u00e1s \u00fcgyv\u00e9dje a 12 \u00e9v fegyh\u00e1zr\u00f3l"},"content":{"rendered":"<p>\t\tA Feny\u0151-gyilkoss\u00e1g \u00fcgy\u00e9ben felbujt\u00f3k\u00e9nt v\u00e1dolt Gy\u00e1rf\u00e1s Tam\u00e1s v\u00e9d\u0151je annak kapcs\u00e1n foglalt \u00e1ll\u00e1st, hogy &#8211; mint arr\u00f3l az Infostart is besz\u00e1molt &#8211; a v\u00e1dirat \u00e9s a f\u0151v\u00e1rosi f\u0151\u00fcgy\u00e9sz v\u00e9lem\u00e9nye alapj\u00e1n megjelent a sajt\u00f3ban: Gy\u00e1rf\u00e1s Tam\u00e1s beismer\u00e9s eset\u00e9n 12 \u00e9v fegyh\u00e1zat kaphat.<\/p>\n<p>\t\t\t\t&#8222;Az \u00fcgy b\u00edr\u00f3s\u00e1gi szakban van, \u00edgy nem a nyomoz\u00f3 vagy a v\u00e1dhat\u00f3s\u00e1g v\u00e9lem\u00e9nye a m\u00e9rvad\u00f3, hanem a b\u00edr\u00f3s\u00e1g\u00e9. Ott pedig megl\u00e1tjuk majd, kinek az \u00e1ll\u00e1spontja \u00e9rv\u00e9nyes\u00fcl \u2013 fogalmazott a Magyar Nemzetnek Zamecsnik P\u00e9ter. Hozz\u00e1tette, a sajt\u00f3ban a v\u00e1diratb\u00f3l kiemelt beismer\u00e9st el is vethetj\u00fck, mint teljesen megalapozatlan felvet\u00e9st.<br \/>\n&#8222;Semmif\u00e9le beismer\u00e9s nincs, hiszen megb\u00edz\u00f3m nem k\u00f6vette el a v\u00e1dbeli cselekm\u00e9nyt.&#8221;<br \/>\nKor\u00e1bban szint\u00e9n a Magyar Nemzet \u00edrt arr\u00f3l, hogy tizenk\u00e9t \u00e9ves fegyh\u00e1zb\u00fcntet\u00e9st \u00e9s t\u00edz \u00e9v k\u00f6z\u00fcgyekt\u0151l eltilt\u00e1st aj\u00e1nl beismer\u00e9se eset\u00e9re Gy\u00e1rf\u00e1s Tam\u00e1snak a F\u0151v\u00e1rosi F\u0151\u00fcgy\u00e9szs\u00e9g, amely azzal v\u00e1dolja a sportvezet\u0151t, hogy \u0151 k\u00e9rte fel t\u00f6bb mint h\u00fasz \u00e9vvel ezel\u0151tt Portik Tam\u00e1st, \u00f6lesse meg konkurens\u00e9t, Feny\u0151 J\u00e1nos m\u00e9diav\u00e1llalkoz\u00f3t.<br \/>\nA hat\u00f3s\u00e1g szerint Gy\u00e1rf\u00e1s Tam\u00e1s b\u0171n\u00f6ss\u00e9g\u00e9t val\u00f3sz\u00edn\u0171s\u00edtik azok a hangfelv\u00e9telek, amelyeket Portik Tam\u00e1s r\u00f6gz\u00edtett a 2000-es \u00e9vekben.<br \/>\nGy\u00e1rf\u00e1s Tam\u00e1s k\u00f6vetkezetesen tagadja a v\u00e1dat. Mint mondja, m\u00e1r kor\u00e1bban \u2013 sz\u00e1m\u00e1ra kedvez\u0151en \u2013 lez\u00e1rult a Feny\u0151 J\u00e1nossal folytatott \u00fczleti vit\u00e1ja, amir\u0151l hivatalos irat is sz\u00fcletett, \u00edgy nem \u00e9letszer\u0171, hogy r\u00e1 egy \u00e9vvel b\u00e1rkit megb\u00edzott volna Feny\u0151 J\u00e1nos f\u00e9lre\u00e1ll\u00edt\u00e1s\u00e1val.<br \/>\nAz \u00fcgyet P\u00f3ta P\u00e9ter b\u00edr\u00f3ra szign\u00e1lt\u00e1k ki a F\u0151v\u00e1rosi T\u00f6rv\u00e9nysz\u00e9ken, neki a v\u00e1demel\u00e9st\u0151l sz\u00e1m\u00edtott h\u00e1rom h\u00f3napon bel\u00fcl kell kit\u0171znie az el\u0151k\u00e9sz\u00edt\u0151 \u00fcl\u00e9st.<br \/>\nA Feny\u0151-gyilkoss\u00e1gr\u00f3l kor\u00e1bbi cikkeinket ITT tal\u00e1lja.<\/p>\n<p>\t\t\t\t\t\tNyit\u00f3k\u00e9p: MTI\/Mohai Bal\u00e1zs<\/p>\n<p>\n<!--noindex--><br \/>\n<a href=\"https:\/\/hirek.oldal.info\/rssclick\/14394476\" rel=\"nofollow\">Source link <\/a><br \/>\n<!--\/noindex--><\/p>\n","protected":false},"excerpt":{"rendered":"<p>A Feny\u0151-gyilkoss\u00e1g \u00fcgy\u00e9ben felbujt\u00f3k\u00e9nt v\u00e1dolt Gy\u00e1rf\u00e1s Tam\u00e1s v\u00e9d\u0151je annak kapcs\u00e1n foglalt \u00e1ll\u00e1st, hogy &#8211; mint arr\u00f3l az Infostart is besz\u00e1molt &#8211; a v\u00e1dirat \u00e9s a f\u0151v\u00e1rosi f\u0151\u00fcgy\u00e9sz v\u00e9lem\u00e9nye alapj\u00e1n megjelent a sajt\u00f3ban: Gy\u00e1rf\u00e1s Tam\u00e1s beismer\u00e9s eset\u00e9n 12 \u00e9v fegyh\u00e1zat kaphat. &#8222;Az \u00fcgy b\u00edr\u00f3s\u00e1gi szakban van, \u00edgy nem a nyomoz\u00f3 vagy a v\u00e1dhat\u00f3s\u00e1g v\u00e9lem\u00e9nye a m\u00e9rvad\u00f3, [&hellip;]<\/p>\n","protected":false},"author":2,"featured_media":2000,"comment_status":"open","ping_status":"open","sticky":false,"template":"","format":"standard","meta":{"footnotes":""},"categories":[1],"tags":[],"class_list":["post-1999","post","type-post","status-publish","format-standard","has-post-thumbnail","hentry","category-legujabb-penzugyi-hirek"],"yoast_head":"<!-- This site is optimized with the Yoast SEO plugin v27.4 - https:\/\/yoast.com\/product\/yoast-seo-wordpress\/ -->\n<title>Elmondta v\u00e9lem\u00e9ny\u00e9t Gy\u00e1rf\u00e1s Tam\u00e1s \u00fcgyv\u00e9dje a 12 \u00e9v fegyh\u00e1zr\u00f3l - Hot News in World<\/title>\n<meta name=\"robots\" content=\"index, follow, max-snippet:-1, max-image-preview:large, max-video-preview:-1\" \/>\n<link rel=\"canonical\" href=\"https:\/\/hotnewsinworld.com\/hu\/elmondta-velemenyet-gyarfas-tamas-ugyvedje-a-12-ev-fegyhazrol\/\" \/>\n<meta property=\"og:locale\" content=\"hu_HU\" \/>\n<meta property=\"og:type\" content=\"article\" \/>\n<meta property=\"og:title\" content=\"Elmondta v\u00e9lem\u00e9ny\u00e9t Gy\u00e1rf\u00e1s Tam\u00e1s \u00fcgyv\u00e9dje a 12 \u00e9v fegyh\u00e1zr\u00f3l - Hot News in World\" \/>\n<meta property=\"og:description\" content=\"A Feny\u0151-gyilkoss\u00e1g \u00fcgy\u00e9ben felbujt\u00f3k\u00e9nt v\u00e1dolt Gy\u00e1rf\u00e1s Tam\u00e1s v\u00e9d\u0151je annak kapcs\u00e1n foglalt \u00e1ll\u00e1st, hogy &#8211; mint arr\u00f3l az Infostart is besz\u00e1molt &#8211; a v\u00e1dirat \u00e9s a f\u0151v\u00e1rosi f\u0151\u00fcgy\u00e9sz v\u00e9lem\u00e9nye alapj\u00e1n megjelent a sajt\u00f3ban: Gy\u00e1rf\u00e1s Tam\u00e1s beismer\u00e9s eset\u00e9n 12 \u00e9v fegyh\u00e1zat kaphat. &#8222;Az \u00fcgy b\u00edr\u00f3s\u00e1gi szakban van, \u00edgy nem a nyomoz\u00f3 vagy a v\u00e1dhat\u00f3s\u00e1g v\u00e9lem\u00e9nye a m\u00e9rvad\u00f3, [&hellip;]\" \/>\n<meta property=\"og:url\" content=\"https:\/\/hotnewsinworld.com\/hu\/elmondta-velemenyet-gyarfas-tamas-ugyvedje-a-12-ev-fegyhazrol\/\" \/>\n<meta property=\"og:site_name\" content=\"Hot News in World\" \/>\n<meta property=\"article:published_time\" content=\"2019-09-13T12:18:44+00:00\" \/>\n<meta property=\"article:modified_time\" content=\"2019-09-13T12:18:45+00:00\" \/>\n<meta property=\"og:image\" content=\"https:\/\/hotnewsinworld.com\/hu\/wp-content\/uploads\/sites\/3\/2019\/09\/Elmondta-v\u00e9lem\u00e9ny\u00e9t-Gy\u00e1rf\u00e1s-Tam\u00e1s-\u00fcgyv\u00e9dje-a-12-\u00e9v-fegyh\u00e1zr\u00f3l.jpg\" \/>\n\t<meta property=\"og:image:width\" content=\"1200\" \/>\n\t<meta property=\"og:image:height\" content=\"675\" \/>\n\t<meta property=\"og:image:type\" content=\"image\/jpeg\" \/>\n<meta name=\"author\" content=\"hotnewsinworld\" \/>\n<meta name=\"twitter:card\" content=\"summary_large_image\" \/>\n<meta name=\"twitter:label1\" content=\"Szerz\u0151:\" \/>\n\t<meta name=\"twitter:data1\" content=\"hotnewsinworld\" \/>\n\t<meta name=\"twitter:label2\" content=\"Becs\u00fclt olvas\u00e1si id\u0151\" \/>\n\t<meta name=\"twitter:data2\" content=\"2 perc\" \/>\n<script type=\"application\/ld+json\" class=\"yoast-schema-graph\">{\"@context\":\"https:\\\/\\\/schema.org\",\"@graph\":[{\"@type\":\"Article\",\"@id\":\"https:\\\/\\\/hotnewsinworld.com\\\/hu\\\/elmondta-velemenyet-gyarfas-tamas-ugyvedje-a-12-ev-fegyhazrol\\\/#article\",\"isPartOf\":{\"@id\":\"https:\\\/\\\/hotnewsinworld.com\\\/hu\\\/elmondta-velemenyet-gyarfas-tamas-ugyvedje-a-12-ev-fegyhazrol\\\/\"},\"author\":{\"name\":\"hotnewsinworld\",\"@id\":\"https:\\\/\\\/hotnewsinworld.com\\\/hu\\\/#\\\/schema\\\/person\\\/fe61448b21c0d59086e75fcc1f9d8f6b\"},\"headline\":\"Elmondta v\u00e9lem\u00e9ny\u00e9t Gy\u00e1rf\u00e1s Tam\u00e1s \u00fcgyv\u00e9dje a 12 \u00e9v fegyh\u00e1zr\u00f3l\",\"datePublished\":\"2019-09-13T12:18:44+00:00\",\"dateModified\":\"2019-09-13T12:18:45+00:00\",\"mainEntityOfPage\":{\"@id\":\"https:\\\/\\\/hotnewsinworld.com\\\/hu\\\/elmondta-velemenyet-gyarfas-tamas-ugyvedje-a-12-ev-fegyhazrol\\\/\"},\"wordCount\":414,\"commentCount\":0,\"image\":{\"@id\":\"https:\\\/\\\/hotnewsinworld.com\\\/hu\\\/elmondta-velemenyet-gyarfas-tamas-ugyvedje-a-12-ev-fegyhazrol\\\/#primaryimage\"},\"thumbnailUrl\":\"https:\\\/\\\/hotnewsinworld.com\\\/hu\\\/wp-content\\\/uploads\\\/sites\\\/3\\\/2019\\\/09\\\/Elmondta-v\u00e9lem\u00e9ny\u00e9t-Gy\u00e1rf\u00e1s-Tam\u00e1s-\u00fcgyv\u00e9dje-a-12-\u00e9v-fegyh\u00e1zr\u00f3l.jpg\",\"articleSection\":[\"LEG\u00daJABB P\u00c9NZ\u00dcGYI H\u00cdREK\"],\"inLanguage\":\"hu\",\"potentialAction\":[{\"@type\":\"CommentAction\",\"name\":\"Comment\",\"target\":[\"https:\\\/\\\/hotnewsinworld.com\\\/hu\\\/elmondta-velemenyet-gyarfas-tamas-ugyvedje-a-12-ev-fegyhazrol\\\/#respond\"]}]},{\"@type\":\"WebPage\",\"@id\":\"https:\\\/\\\/hotnewsinworld.com\\\/hu\\\/elmondta-velemenyet-gyarfas-tamas-ugyvedje-a-12-ev-fegyhazrol\\\/\",\"url\":\"https:\\\/\\\/hotnewsinworld.com\\\/hu\\\/elmondta-velemenyet-gyarfas-tamas-ugyvedje-a-12-ev-fegyhazrol\\\/\",\"name\":\"Elmondta v\u00e9lem\u00e9ny\u00e9t Gy\u00e1rf\u00e1s Tam\u00e1s \u00fcgyv\u00e9dje a 12 \u00e9v fegyh\u00e1zr\u00f3l - Hot News in World\",\"isPartOf\":{\"@id\":\"https:\\\/\\\/hotnewsinworld.com\\\/hu\\\/#website\"},\"primaryImageOfPage\":{\"@id\":\"https:\\\/\\\/hotnewsinworld.com\\\/hu\\\/elmondta-velemenyet-gyarfas-tamas-ugyvedje-a-12-ev-fegyhazrol\\\/#primaryimage\"},\"image\":{\"@id\":\"https:\\\/\\\/hotnewsinworld.com\\\/hu\\\/elmondta-velemenyet-gyarfas-tamas-ugyvedje-a-12-ev-fegyhazrol\\\/#primaryimage\"},\"thumbnailUrl\":\"https:\\\/\\\/hotnewsinworld.com\\\/hu\\\/wp-content\\\/uploads\\\/sites\\\/3\\\/2019\\\/09\\\/Elmondta-v\u00e9lem\u00e9ny\u00e9t-Gy\u00e1rf\u00e1s-Tam\u00e1s-\u00fcgyv\u00e9dje-a-12-\u00e9v-fegyh\u00e1zr\u00f3l.jpg\",\"datePublished\":\"2019-09-13T12:18:44+00:00\",\"dateModified\":\"2019-09-13T12:18:45+00:00\",\"author\":{\"@id\":\"https:\\\/\\\/hotnewsinworld.com\\\/hu\\\/#\\\/schema\\\/person\\\/fe61448b21c0d59086e75fcc1f9d8f6b\"},\"breadcrumb\":{\"@id\":\"https:\\\/\\\/hotnewsinworld.com\\\/hu\\\/elmondta-velemenyet-gyarfas-tamas-ugyvedje-a-12-ev-fegyhazrol\\\/#breadcrumb\"},\"inLanguage\":\"hu\",\"potentialAction\":[{\"@type\":\"ReadAction\",\"target\":[\"https:\\\/\\\/hotnewsinworld.com\\\/hu\\\/elmondta-velemenyet-gyarfas-tamas-ugyvedje-a-12-ev-fegyhazrol\\\/\"]}]},{\"@type\":\"ImageObject\",\"inLanguage\":\"hu\",\"@id\":\"https:\\\/\\\/hotnewsinworld.com\\\/hu\\\/elmondta-velemenyet-gyarfas-tamas-ugyvedje-a-12-ev-fegyhazrol\\\/#primaryimage\",\"url\":\"https:\\\/\\\/hotnewsinworld.com\\\/hu\\\/wp-content\\\/uploads\\\/sites\\\/3\\\/2019\\\/09\\\/Elmondta-v\u00e9lem\u00e9ny\u00e9t-Gy\u00e1rf\u00e1s-Tam\u00e1s-\u00fcgyv\u00e9dje-a-12-\u00e9v-fegyh\u00e1zr\u00f3l.jpg\",\"contentUrl\":\"https:\\\/\\\/hotnewsinworld.com\\\/hu\\\/wp-content\\\/uploads\\\/sites\\\/3\\\/2019\\\/09\\\/Elmondta-v\u00e9lem\u00e9ny\u00e9t-Gy\u00e1rf\u00e1s-Tam\u00e1s-\u00fcgyv\u00e9dje-a-12-\u00e9v-fegyh\u00e1zr\u00f3l.jpg\",\"width\":1200,\"height\":675,\"caption\":\"Elmondta v\u00e9lem\u00e9ny\u00e9t Gy\u00e1rf\u00e1s Tam\u00e1s \u00fcgyv\u00e9dje a 12 \u00e9v fegyh\u00e1zr\u00f3l\"},{\"@type\":\"BreadcrumbList\",\"@id\":\"https:\\\/\\\/hotnewsinworld.com\\\/hu\\\/elmondta-velemenyet-gyarfas-tamas-ugyvedje-a-12-ev-fegyhazrol\\\/#breadcrumb\",\"itemListElement\":[{\"@type\":\"ListItem\",\"position\":1,\"name\":\"\u0413\u043b\u0430\u0432\u043d\u0430\u044f \u0441\u0442\u0440\u0430\u043d\u0438\u0446\u0430\",\"item\":\"https:\\\/\\\/hotnewsinworld.com\\\/hu\\\/\"},{\"@type\":\"ListItem\",\"position\":2,\"name\":\"Elmondta v\u00e9lem\u00e9ny\u00e9t Gy\u00e1rf\u00e1s Tam\u00e1s \u00fcgyv\u00e9dje a 12 \u00e9v fegyh\u00e1zr\u00f3l\"}]},{\"@type\":\"WebSite\",\"@id\":\"https:\\\/\\\/hotnewsinworld.com\\\/hu\\\/#website\",\"url\":\"https:\\\/\\\/hotnewsinworld.com\\\/hu\\\/\",\"name\":\"Hot News in World\",\"description\":\"Hot News in World from Hungary\",\"potentialAction\":[{\"@type\":\"SearchAction\",\"target\":{\"@type\":\"EntryPoint\",\"urlTemplate\":\"https:\\\/\\\/hotnewsinworld.com\\\/hu\\\/?s={search_term_string}\"},\"query-input\":{\"@type\":\"PropertyValueSpecification\",\"valueRequired\":true,\"valueName\":\"search_term_string\"}}],\"inLanguage\":\"hu\"},{\"@type\":\"Person\",\"@id\":\"https:\\\/\\\/hotnewsinworld.com\\\/hu\\\/#\\\/schema\\\/person\\\/fe61448b21c0d59086e75fcc1f9d8f6b\",\"name\":\"hotnewsinworld\",\"image\":{\"@type\":\"ImageObject\",\"inLanguage\":\"hu\",\"@id\":\"https:\\\/\\\/secure.gravatar.com\\\/avatar\\\/8a09ac165600ce2e1c38fe593c63928eb1e6e7ba5c5a907d67787c41b3d00c14?s=96&d=mm&r=g\",\"url\":\"https:\\\/\\\/secure.gravatar.com\\\/avatar\\\/8a09ac165600ce2e1c38fe593c63928eb1e6e7ba5c5a907d67787c41b3d00c14?s=96&d=mm&r=g\",\"contentUrl\":\"https:\\\/\\\/secure.gravatar.com\\\/avatar\\\/8a09ac165600ce2e1c38fe593c63928eb1e6e7ba5c5a907d67787c41b3d00c14?s=96&d=mm&r=g\",\"caption\":\"hotnewsinworld\"},\"url\":\"https:\\\/\\\/hotnewsinworld.com\\\/hu\\\/author\\\/pt\\\/\"}]}<\/script>\n<!-- \/ Yoast SEO plugin. -->","yoast_head_json":{"title":"Elmondta v\u00e9lem\u00e9ny\u00e9t Gy\u00e1rf\u00e1s Tam\u00e1s \u00fcgyv\u00e9dje a 12 \u00e9v fegyh\u00e1zr\u00f3l - Hot News in World","robots":{"index":"index","follow":"follow","max-snippet":"max-snippet:-1","max-image-preview":"max-image-preview:large","max-video-preview":"max-video-preview:-1"},"canonical":"https:\/\/hotnewsinworld.com\/hu\/elmondta-velemenyet-gyarfas-tamas-ugyvedje-a-12-ev-fegyhazrol\/","og_locale":"hu_HU","og_type":"article","og_title":"Elmondta v\u00e9lem\u00e9ny\u00e9t Gy\u00e1rf\u00e1s Tam\u00e1s \u00fcgyv\u00e9dje a 12 \u00e9v fegyh\u00e1zr\u00f3l - Hot News in World","og_description":"A Feny\u0151-gyilkoss\u00e1g \u00fcgy\u00e9ben felbujt\u00f3k\u00e9nt v\u00e1dolt Gy\u00e1rf\u00e1s Tam\u00e1s v\u00e9d\u0151je annak kapcs\u00e1n foglalt \u00e1ll\u00e1st, hogy &#8211; mint arr\u00f3l az Infostart is besz\u00e1molt &#8211; a v\u00e1dirat \u00e9s a f\u0151v\u00e1rosi f\u0151\u00fcgy\u00e9sz v\u00e9lem\u00e9nye alapj\u00e1n megjelent a sajt\u00f3ban: Gy\u00e1rf\u00e1s Tam\u00e1s beismer\u00e9s eset\u00e9n 12 \u00e9v fegyh\u00e1zat kaphat. &#8222;Az \u00fcgy b\u00edr\u00f3s\u00e1gi szakban van, \u00edgy nem a nyomoz\u00f3 vagy a v\u00e1dhat\u00f3s\u00e1g v\u00e9lem\u00e9nye a m\u00e9rvad\u00f3, [&hellip;]","og_url":"https:\/\/hotnewsinworld.com\/hu\/elmondta-velemenyet-gyarfas-tamas-ugyvedje-a-12-ev-fegyhazrol\/","og_site_name":"Hot News in World","article_published_time":"2019-09-13T12:18:44+00:00","article_modified_time":"2019-09-13T12:18:45+00:00","og_image":[{"width":1200,"height":675,"url":"https:\/\/hotnewsinworld.com\/hu\/wp-content\/uploads\/sites\/3\/2019\/09\/Elmondta-v\u00e9lem\u00e9ny\u00e9t-Gy\u00e1rf\u00e1s-Tam\u00e1s-\u00fcgyv\u00e9dje-a-12-\u00e9v-fegyh\u00e1zr\u00f3l.jpg","type":"image\/jpeg"}],"author":"hotnewsinworld","twitter_card":"summary_large_image","twitter_misc":{"Szerz\u0151:":"hotnewsinworld","Becs\u00fclt olvas\u00e1si id\u0151":"2 perc"},"schema":{"@context":"https:\/\/schema.org","@graph":[{"@type":"Article","@id":"https:\/\/hotnewsinworld.com\/hu\/elmondta-velemenyet-gyarfas-tamas-ugyvedje-a-12-ev-fegyhazrol\/#article","isPartOf":{"@id":"https:\/\/hotnewsinworld.com\/hu\/elmondta-velemenyet-gyarfas-tamas-ugyvedje-a-12-ev-fegyhazrol\/"},"author":{"name":"hotnewsinworld","@id":"https:\/\/hotnewsinworld.com\/hu\/#\/schema\/person\/fe61448b21c0d59086e75fcc1f9d8f6b"},"headline":"Elmondta v\u00e9lem\u00e9ny\u00e9t Gy\u00e1rf\u00e1s Tam\u00e1s \u00fcgyv\u00e9dje a 12 \u00e9v fegyh\u00e1zr\u00f3l","datePublished":"2019-09-13T12:18:44+00:00","dateModified":"2019-09-13T12:18:45+00:00","mainEntityOfPage":{"@id":"https:\/\/hotnewsinworld.com\/hu\/elmondta-velemenyet-gyarfas-tamas-ugyvedje-a-12-ev-fegyhazrol\/"},"wordCount":414,"commentCount":0,"image":{"@id":"https:\/\/hotnewsinworld.com\/hu\/elmondta-velemenyet-gyarfas-tamas-ugyvedje-a-12-ev-fegyhazrol\/#primaryimage"},"thumbnailUrl":"https:\/\/hotnewsinworld.com\/hu\/wp-content\/uploads\/sites\/3\/2019\/09\/Elmondta-v\u00e9lem\u00e9ny\u00e9t-Gy\u00e1rf\u00e1s-Tam\u00e1s-\u00fcgyv\u00e9dje-a-12-\u00e9v-fegyh\u00e1zr\u00f3l.jpg","articleSection":["LEG\u00daJABB P\u00c9NZ\u00dcGYI H\u00cdREK"],"inLanguage":"hu","potentialAction":[{"@type":"CommentAction","name":"Comment","target":["https:\/\/hotnewsinworld.com\/hu\/elmondta-velemenyet-gyarfas-tamas-ugyvedje-a-12-ev-fegyhazrol\/#respond"]}]},{"@type":"WebPage","@id":"https:\/\/hotnewsinworld.com\/hu\/elmondta-velemenyet-gyarfas-tamas-ugyvedje-a-12-ev-fegyhazrol\/","url":"https:\/\/hotnewsinworld.com\/hu\/elmondta-velemenyet-gyarfas-tamas-ugyvedje-a-12-ev-fegyhazrol\/","name":"Elmondta v\u00e9lem\u00e9ny\u00e9t Gy\u00e1rf\u00e1s Tam\u00e1s \u00fcgyv\u00e9dje a 12 \u00e9v fegyh\u00e1zr\u00f3l - Hot News in World","isPartOf":{"@id":"https:\/\/hotnewsinworld.com\/hu\/#website"},"primaryImageOfPage":{"@id":"https:\/\/hotnewsinworld.com\/hu\/elmondta-velemenyet-gyarfas-tamas-ugyvedje-a-12-ev-fegyhazrol\/#primaryimage"},"image":{"@id":"https:\/\/hotnewsinworld.com\/hu\/elmondta-velemenyet-gyarfas-tamas-ugyvedje-a-12-ev-fegyhazrol\/#primaryimage"},"thumbnailUrl":"https:\/\/hotnewsinworld.com\/hu\/wp-content\/uploads\/sites\/3\/2019\/09\/Elmondta-v\u00e9lem\u00e9ny\u00e9t-Gy\u00e1rf\u00e1s-Tam\u00e1s-\u00fcgyv\u00e9dje-a-12-\u00e9v-fegyh\u00e1zr\u00f3l.jpg","datePublished":"2019-09-13T12:18:44+00:00","dateModified":"2019-09-13T12:18:45+00:00","author":{"@id":"https:\/\/hotnewsinworld.com\/hu\/#\/schema\/person\/fe61448b21c0d59086e75fcc1f9d8f6b"},"breadcrumb":{"@id":"https:\/\/hotnewsinworld.com\/hu\/elmondta-velemenyet-gyarfas-tamas-ugyvedje-a-12-ev-fegyhazrol\/#breadcrumb"},"inLanguage":"hu","potentialAction":[{"@type":"ReadAction","target":["https:\/\/hotnewsinworld.com\/hu\/elmondta-velemenyet-gyarfas-tamas-ugyvedje-a-12-ev-fegyhazrol\/"]}]},{"@type":"ImageObject","inLanguage":"hu","@id":"https:\/\/hotnewsinworld.com\/hu\/elmondta-velemenyet-gyarfas-tamas-ugyvedje-a-12-ev-fegyhazrol\/#primaryimage","url":"https:\/\/hotnewsinworld.com\/hu\/wp-content\/uploads\/sites\/3\/2019\/09\/Elmondta-v\u00e9lem\u00e9ny\u00e9t-Gy\u00e1rf\u00e1s-Tam\u00e1s-\u00fcgyv\u00e9dje-a-12-\u00e9v-fegyh\u00e1zr\u00f3l.jpg","contentUrl":"https:\/\/hotnewsinworld.com\/hu\/wp-content\/uploads\/sites\/3\/2019\/09\/Elmondta-v\u00e9lem\u00e9ny\u00e9t-Gy\u00e1rf\u00e1s-Tam\u00e1s-\u00fcgyv\u00e9dje-a-12-\u00e9v-fegyh\u00e1zr\u00f3l.jpg","width":1200,"height":675,"caption":"Elmondta v\u00e9lem\u00e9ny\u00e9t Gy\u00e1rf\u00e1s Tam\u00e1s \u00fcgyv\u00e9dje a 12 \u00e9v fegyh\u00e1zr\u00f3l"},{"@type":"BreadcrumbList","@id":"https:\/\/hotnewsinworld.com\/hu\/elmondta-velemenyet-gyarfas-tamas-ugyvedje-a-12-ev-fegyhazrol\/#breadcrumb","itemListElement":[{"@type":"ListItem","position":1,"name":"\u0413\u043b\u0430\u0432\u043d\u0430\u044f \u0441\u0442\u0440\u0430\u043d\u0438\u0446\u0430","item":"https:\/\/hotnewsinworld.com\/hu\/"},{"@type":"ListItem","position":2,"name":"Elmondta v\u00e9lem\u00e9ny\u00e9t Gy\u00e1rf\u00e1s Tam\u00e1s \u00fcgyv\u00e9dje a 12 \u00e9v fegyh\u00e1zr\u00f3l"}]},{"@type":"WebSite","@id":"https:\/\/hotnewsinworld.com\/hu\/#website","url":"https:\/\/hotnewsinworld.com\/hu\/","name":"Hot News in World","description":"Hot News in World from Hungary","potentialAction":[{"@type":"SearchAction","target":{"@type":"EntryPoint","urlTemplate":"https:\/\/hotnewsinworld.com\/hu\/?s={search_term_string}"},"query-input":{"@type":"PropertyValueSpecification","valueRequired":true,"valueName":"search_term_string"}}],"inLanguage":"hu"},{"@type":"Person","@id":"https:\/\/hotnewsinworld.com\/hu\/#\/schema\/person\/fe61448b21c0d59086e75fcc1f9d8f6b","name":"hotnewsinworld","image":{"@type":"ImageObject","inLanguage":"hu","@id":"https:\/\/secure.gravatar.com\/avatar\/8a09ac165600ce2e1c38fe593c63928eb1e6e7ba5c5a907d67787c41b3d00c14?s=96&d=mm&r=g","url":"https:\/\/secure.gravatar.com\/avatar\/8a09ac165600ce2e1c38fe593c63928eb1e6e7ba5c5a907d67787c41b3d00c14?s=96&d=mm&r=g","contentUrl":"https:\/\/secure.gravatar.com\/avatar\/8a09ac165600ce2e1c38fe593c63928eb1e6e7ba5c5a907d67787c41b3d00c14?s=96&d=mm&r=g","caption":"hotnewsinworld"},"url":"https:\/\/hotnewsinworld.com\/hu\/author\/pt\/"}]}},"_links":{"self":[{"href":"https:\/\/hotnewsinworld.com\/hu\/wp-json\/wp\/v2\/posts\/1999","targetHints":{"allow":["GET"]}}],"collection":[{"href":"https:\/\/hotnewsinworld.com\/hu\/wp-json\/wp\/v2\/posts"}],"about":[{"href":"https:\/\/hotnewsinworld.com\/hu\/wp-json\/wp\/v2\/types\/post"}],"author":[{"embeddable":true,"href":"https:\/\/hotnewsinworld.com\/hu\/wp-json\/wp\/v2\/users\/2"}],"replies":[{"embeddable":true,"href":"https:\/\/hotnewsinworld.com\/hu\/wp-json\/wp\/v2\/comments?post=1999"}],"version-history":[{"count":1,"href":"https:\/\/hotnewsinworld.com\/hu\/wp-json\/wp\/v2\/posts\/1999\/revisions"}],"predecessor-version":[{"id":2001,"href":"https:\/\/hotnewsinworld.com\/hu\/wp-json\/wp\/v2\/posts\/1999\/revisions\/2001"}],"wp:featuredmedia":[{"embeddable":true,"href":"https:\/\/hotnewsinworld.com\/hu\/wp-json\/wp\/v2\/media\/2000"}],"wp:attachment":[{"href":"https:\/\/hotnewsinworld.com\/hu\/wp-json\/wp\/v2\/media?parent=1999"}],"wp:term":[{"taxonomy":"category","embeddable":true,"href":"https:\/\/hotnewsinworld.com\/hu\/wp-json\/wp\/v2\/categories?post=1999"},{"taxonomy":"post_tag","embeddable":true,"href":"https:\/\/hotnewsinworld.com\/hu\/wp-json\/wp\/v2\/tags?post=1999"}],"curies":[{"name":"wp","href":"https:\/\/api.w.org\/{rel}","templated":true}]}}