{"id":2004,"date":"2019-09-13T18:24:27","date_gmt":"2019-09-13T15:24:27","guid":{"rendered":"https:\/\/hotnewsinworld.com\/hu\/fidesz-ellenzeki-hangulatkeltes-a-parlamenti-vitanap-kezdemenyezese\/"},"modified":"2019-09-13T18:24:28","modified_gmt":"2019-09-13T15:24:28","slug":"fidesz-ellenzeki-hangulatkeltes-a-parlamenti-vitanap-kezdemenyezese","status":"publish","type":"post","link":"https:\/\/hotnewsinworld.com\/hu\/fidesz-ellenzeki-hangulatkeltes-a-parlamenti-vitanap-kezdemenyezese\/","title":{"rendered":"Fidesz: Ellenz\u00e9ki hangulatkelt\u00e9s a parlamenti vitanap kezdem\u00e9nyez\u00e9se"},"content":{"rendered":"<p>\t\t\t\t\tA cikk emailben t\u00f6rt\u00e9n\u0151 elk\u00fcld\u00e9s\u00e9hez kattintson ide, vagy m\u00e1solja le \u00e9s k\u00fcldje el ezt a linket: https:\/\/magyarnemzet.hu\/belfold\/fidesz-ellenzeki-hangulatkeltes-a-parlamenti-vitanap-kezdemenyezese-7302749\/<\/p>\n<p>\t\t\t\t\t2019. szeptember 13. p\u00e9ntek 17:20<\/p>\n<p>\t\t\t\t\tAz ellenz\u00e9k tavaly december 12-re is rendk\u00edv\u00fcli, \u201ehalaszt\u00e1st nem t\u0171r\u0151\u201d parlamenti vitanapot kezdem\u00e9nyezett az \u00e9ghajlatv\u00e1ltoz\u00e1sr\u00f3l, azt\u00e1n k\u00e9pvisel\u0151ik r\u00e9szt sem vettek rajta, ez is bizony\u00edtja, hogy most is csak kamp\u00e1ny\u00fcl\u00e9sr\u0151l \u00e9s hangulatkelt\u00e9sr\u0151l van sz\u00f3 \u2013 k\u00f6z\u00f6lte a Fidesz-frakci\u00f3 p\u00e9nteken az MTI-vel arra reag\u00e1lva, hogy j\u00f6v\u0151 szerd\u00e1n tartja az Orsz\u00e1ggy\u0171l\u00e9s ellenz\u00e9ki kezdem\u00e9nyez\u00e9sre \u00f6sszeh\u00edvott rendk\u00edv\u00fcli \u00fcl\u00e9s\u00e9t, amelyen hat\u00e1rozatk\u00e9pess\u00e9g eset\u00e9n egy kl\u00edma\u00fcgyi hat\u00e1rozati javaslatot vitatn\u00e1nak meg.<br \/>\nA frakci\u00f3 \u00e9rt\u00e9kel\u00e9se szerint az ellenz\u00e9k csak \u201ebotr\u00e1nykelt\u00e9ssel\u201d foglalkozik.<br \/>\nKamp\u00e1ny van, az ellenz\u00e9k kamp\u00e1nyc\u00e9lokb\u00f3l akarja \u00f6sszeh\u00edvni az Orsz\u00e1ggy\u0171l\u00e9st, amivel a Fidesz-KDNP k\u00e9pvisel\u0151csoportja nem \u00e9rt egyet \u2013 \u00edrta a Fidesz-frakci\u00f3.<\/p>\n<p>\n<!--noindex--><br \/>\n<a href=\"https:\/\/hirek.oldal.info\/rssclick\/14395047\" rel=\"nofollow\">Source link <\/a><br \/>\n<!--\/noindex--><\/p>\n","protected":false},"excerpt":{"rendered":"<p>A cikk emailben t\u00f6rt\u00e9n\u0151 elk\u00fcld\u00e9s\u00e9hez kattintson ide, vagy m\u00e1solja le \u00e9s k\u00fcldje el ezt a linket: https:\/\/magyarnemzet.hu\/belfold\/fidesz-ellenzeki-hangulatkeltes-a-parlamenti-vitanap-kezdemenyezese-7302749\/ 2019. szeptember 13. p\u00e9ntek 17:20 Az ellenz\u00e9k tavaly december 12-re is rendk\u00edv\u00fcli, \u201ehalaszt\u00e1st nem t\u0171r\u0151\u201d parlamenti vitanapot kezdem\u00e9nyezett az \u00e9ghajlatv\u00e1ltoz\u00e1sr\u00f3l, azt\u00e1n k\u00e9pvisel\u0151ik r\u00e9szt sem vettek rajta, ez is bizony\u00edtja, hogy most is csak kamp\u00e1ny\u00fcl\u00e9sr\u0151l \u00e9s hangulatkelt\u00e9sr\u0151l van sz\u00f3 [&hellip;]<\/p>\n","protected":false},"author":2,"featured_media":199,"comment_status":"open","ping_status":"open","sticky":false,"template":"","format":"standard","meta":{"footnotes":""},"categories":[1],"tags":[],"class_list":["post-2004","post","type-post","status-publish","format-standard","has-post-thumbnail","hentry","category-legujabb-penzugyi-hirek"],"yoast_head":"<!-- This site is optimized with the Yoast SEO plugin v27.4 - https:\/\/yoast.com\/product\/yoast-seo-wordpress\/ -->\n<title>Fidesz: Ellenz\u00e9ki hangulatkelt\u00e9s a parlamenti vitanap kezdem\u00e9nyez\u00e9se - Hot News in World<\/title>\n<meta name=\"robots\" content=\"index, follow, max-snippet:-1, max-image-preview:large, max-video-preview:-1\" \/>\n<link rel=\"canonical\" href=\"https:\/\/hotnewsinworld.com\/hu\/fidesz-ellenzeki-hangulatkeltes-a-parlamenti-vitanap-kezdemenyezese\/\" \/>\n<meta property=\"og:locale\" content=\"hu_HU\" \/>\n<meta property=\"og:type\" content=\"article\" \/>\n<meta property=\"og:title\" content=\"Fidesz: Ellenz\u00e9ki hangulatkelt\u00e9s a parlamenti vitanap kezdem\u00e9nyez\u00e9se - Hot News in World\" \/>\n<meta property=\"og:description\" content=\"A cikk emailben t\u00f6rt\u00e9n\u0151 elk\u00fcld\u00e9s\u00e9hez kattintson ide, vagy m\u00e1solja le \u00e9s k\u00fcldje el ezt a linket: https:\/\/magyarnemzet.hu\/belfold\/fidesz-ellenzeki-hangulatkeltes-a-parlamenti-vitanap-kezdemenyezese-7302749\/ 2019. szeptember 13. p\u00e9ntek 17:20 Az ellenz\u00e9k tavaly december 12-re is rendk\u00edv\u00fcli, \u201ehalaszt\u00e1st nem t\u0171r\u0151\u201d parlamenti vitanapot kezdem\u00e9nyezett az \u00e9ghajlatv\u00e1ltoz\u00e1sr\u00f3l, azt\u00e1n k\u00e9pvisel\u0151ik r\u00e9szt sem vettek rajta, ez is bizony\u00edtja, hogy most is csak kamp\u00e1ny\u00fcl\u00e9sr\u0151l \u00e9s hangulatkelt\u00e9sr\u0151l van sz\u00f3 [&hellip;]\" \/>\n<meta property=\"og:url\" content=\"https:\/\/hotnewsinworld.com\/hu\/fidesz-ellenzeki-hangulatkeltes-a-parlamenti-vitanap-kezdemenyezese\/\" \/>\n<meta property=\"og:site_name\" content=\"Hot News in World\" \/>\n<meta property=\"article:published_time\" content=\"2019-09-13T15:24:27+00:00\" \/>\n<meta property=\"article:modified_time\" content=\"2019-09-13T15:24:28+00:00\" \/>\n<meta property=\"og:image\" content=\"https:\/\/hotnewsinworld.com\/hu\/wp-content\/uploads\/sites\/3\/2019\/06\/Hidv\u00e9ghi-Bal\u00e1zs-A-Fidesz-kezdem\u00e9nyezni-fogja-a-migr\u00e1nsk\u00e1rty\u00e1k-megsz\u00fcntet\u00e9s\u00e9t.png\" \/>\n\t<meta property=\"og:image:width\" content=\"1200\" \/>\n\t<meta property=\"og:image:height\" content=\"630\" \/>\n\t<meta property=\"og:image:type\" content=\"image\/png\" \/>\n<meta name=\"author\" content=\"hotnewsinworld\" \/>\n<meta name=\"twitter:card\" content=\"summary_large_image\" \/>\n<meta name=\"twitter:label1\" content=\"Szerz\u0151:\" \/>\n\t<meta name=\"twitter:data1\" content=\"hotnewsinworld\" \/>\n\t<meta name=\"twitter:label2\" content=\"Becs\u00fclt olvas\u00e1si id\u0151\" \/>\n\t<meta name=\"twitter:data2\" content=\"1 perc\" \/>\n<script type=\"application\/ld+json\" class=\"yoast-schema-graph\">{\"@context\":\"https:\\\/\\\/schema.org\",\"@graph\":[{\"@type\":\"Article\",\"@id\":\"https:\\\/\\\/hotnewsinworld.com\\\/hu\\\/fidesz-ellenzeki-hangulatkeltes-a-parlamenti-vitanap-kezdemenyezese\\\/#article\",\"isPartOf\":{\"@id\":\"https:\\\/\\\/hotnewsinworld.com\\\/hu\\\/fidesz-ellenzeki-hangulatkeltes-a-parlamenti-vitanap-kezdemenyezese\\\/\"},\"author\":{\"name\":\"hotnewsinworld\",\"@id\":\"https:\\\/\\\/hotnewsinworld.com\\\/hu\\\/#\\\/schema\\\/person\\\/fe61448b21c0d59086e75fcc1f9d8f6b\"},\"headline\":\"Fidesz: Ellenz\u00e9ki hangulatkelt\u00e9s a parlamenti vitanap kezdem\u00e9nyez\u00e9se\",\"datePublished\":\"2019-09-13T15:24:27+00:00\",\"dateModified\":\"2019-09-13T15:24:28+00:00\",\"mainEntityOfPage\":{\"@id\":\"https:\\\/\\\/hotnewsinworld.com\\\/hu\\\/fidesz-ellenzeki-hangulatkeltes-a-parlamenti-vitanap-kezdemenyezese\\\/\"},\"wordCount\":194,\"commentCount\":0,\"image\":{\"@id\":\"https:\\\/\\\/hotnewsinworld.com\\\/hu\\\/fidesz-ellenzeki-hangulatkeltes-a-parlamenti-vitanap-kezdemenyezese\\\/#primaryimage\"},\"thumbnailUrl\":\"https:\\\/\\\/hotnewsinworld.com\\\/hu\\\/wp-content\\\/uploads\\\/sites\\\/3\\\/2019\\\/06\\\/Hidv\u00e9ghi-Bal\u00e1zs-A-Fidesz-kezdem\u00e9nyezni-fogja-a-migr\u00e1nsk\u00e1rty\u00e1k-megsz\u00fcntet\u00e9s\u00e9t.png\",\"articleSection\":[\"LEG\u00daJABB P\u00c9NZ\u00dcGYI H\u00cdREK\"],\"inLanguage\":\"hu\",\"potentialAction\":[{\"@type\":\"CommentAction\",\"name\":\"Comment\",\"target\":[\"https:\\\/\\\/hotnewsinworld.com\\\/hu\\\/fidesz-ellenzeki-hangulatkeltes-a-parlamenti-vitanap-kezdemenyezese\\\/#respond\"]}]},{\"@type\":\"WebPage\",\"@id\":\"https:\\\/\\\/hotnewsinworld.com\\\/hu\\\/fidesz-ellenzeki-hangulatkeltes-a-parlamenti-vitanap-kezdemenyezese\\\/\",\"url\":\"https:\\\/\\\/hotnewsinworld.com\\\/hu\\\/fidesz-ellenzeki-hangulatkeltes-a-parlamenti-vitanap-kezdemenyezese\\\/\",\"name\":\"Fidesz: Ellenz\u00e9ki hangulatkelt\u00e9s a parlamenti vitanap kezdem\u00e9nyez\u00e9se - Hot News in World\",\"isPartOf\":{\"@id\":\"https:\\\/\\\/hotnewsinworld.com\\\/hu\\\/#website\"},\"primaryImageOfPage\":{\"@id\":\"https:\\\/\\\/hotnewsinworld.com\\\/hu\\\/fidesz-ellenzeki-hangulatkeltes-a-parlamenti-vitanap-kezdemenyezese\\\/#primaryimage\"},\"image\":{\"@id\":\"https:\\\/\\\/hotnewsinworld.com\\\/hu\\\/fidesz-ellenzeki-hangulatkeltes-a-parlamenti-vitanap-kezdemenyezese\\\/#primaryimage\"},\"thumbnailUrl\":\"https:\\\/\\\/hotnewsinworld.com\\\/hu\\\/wp-content\\\/uploads\\\/sites\\\/3\\\/2019\\\/06\\\/Hidv\u00e9ghi-Bal\u00e1zs-A-Fidesz-kezdem\u00e9nyezni-fogja-a-migr\u00e1nsk\u00e1rty\u00e1k-megsz\u00fcntet\u00e9s\u00e9t.png\",\"datePublished\":\"2019-09-13T15:24:27+00:00\",\"dateModified\":\"2019-09-13T15:24:28+00:00\",\"author\":{\"@id\":\"https:\\\/\\\/hotnewsinworld.com\\\/hu\\\/#\\\/schema\\\/person\\\/fe61448b21c0d59086e75fcc1f9d8f6b\"},\"breadcrumb\":{\"@id\":\"https:\\\/\\\/hotnewsinworld.com\\\/hu\\\/fidesz-ellenzeki-hangulatkeltes-a-parlamenti-vitanap-kezdemenyezese\\\/#breadcrumb\"},\"inLanguage\":\"hu\",\"potentialAction\":[{\"@type\":\"ReadAction\",\"target\":[\"https:\\\/\\\/hotnewsinworld.com\\\/hu\\\/fidesz-ellenzeki-hangulatkeltes-a-parlamenti-vitanap-kezdemenyezese\\\/\"]}]},{\"@type\":\"ImageObject\",\"inLanguage\":\"hu\",\"@id\":\"https:\\\/\\\/hotnewsinworld.com\\\/hu\\\/fidesz-ellenzeki-hangulatkeltes-a-parlamenti-vitanap-kezdemenyezese\\\/#primaryimage\",\"url\":\"https:\\\/\\\/hotnewsinworld.com\\\/hu\\\/wp-content\\\/uploads\\\/sites\\\/3\\\/2019\\\/06\\\/Hidv\u00e9ghi-Bal\u00e1zs-A-Fidesz-kezdem\u00e9nyezni-fogja-a-migr\u00e1nsk\u00e1rty\u00e1k-megsz\u00fcntet\u00e9s\u00e9t.png\",\"contentUrl\":\"https:\\\/\\\/hotnewsinworld.com\\\/hu\\\/wp-content\\\/uploads\\\/sites\\\/3\\\/2019\\\/06\\\/Hidv\u00e9ghi-Bal\u00e1zs-A-Fidesz-kezdem\u00e9nyezni-fogja-a-migr\u00e1nsk\u00e1rty\u00e1k-megsz\u00fcntet\u00e9s\u00e9t.png\",\"width\":1200,\"height\":630,\"caption\":\"Hidv\u00e9ghi Bal\u00e1zs: A Fidesz kezdem\u00e9nyezni fogja a migr\u00e1nsk\u00e1rty\u00e1k megsz\u00fcntet\u00e9s\u00e9t\"},{\"@type\":\"BreadcrumbList\",\"@id\":\"https:\\\/\\\/hotnewsinworld.com\\\/hu\\\/fidesz-ellenzeki-hangulatkeltes-a-parlamenti-vitanap-kezdemenyezese\\\/#breadcrumb\",\"itemListElement\":[{\"@type\":\"ListItem\",\"position\":1,\"name\":\"\u0413\u043b\u0430\u0432\u043d\u0430\u044f \u0441\u0442\u0440\u0430\u043d\u0438\u0446\u0430\",\"item\":\"https:\\\/\\\/hotnewsinworld.com\\\/hu\\\/\"},{\"@type\":\"ListItem\",\"position\":2,\"name\":\"Fidesz: Ellenz\u00e9ki hangulatkelt\u00e9s a parlamenti vitanap kezdem\u00e9nyez\u00e9se\"}]},{\"@type\":\"WebSite\",\"@id\":\"https:\\\/\\\/hotnewsinworld.com\\\/hu\\\/#website\",\"url\":\"https:\\\/\\\/hotnewsinworld.com\\\/hu\\\/\",\"name\":\"Hot News in World\",\"description\":\"Hot News in World from Hungary\",\"potentialAction\":[{\"@type\":\"SearchAction\",\"target\":{\"@type\":\"EntryPoint\",\"urlTemplate\":\"https:\\\/\\\/hotnewsinworld.com\\\/hu\\\/?s={search_term_string}\"},\"query-input\":{\"@type\":\"PropertyValueSpecification\",\"valueRequired\":true,\"valueName\":\"search_term_string\"}}],\"inLanguage\":\"hu\"},{\"@type\":\"Person\",\"@id\":\"https:\\\/\\\/hotnewsinworld.com\\\/hu\\\/#\\\/schema\\\/person\\\/fe61448b21c0d59086e75fcc1f9d8f6b\",\"name\":\"hotnewsinworld\",\"image\":{\"@type\":\"ImageObject\",\"inLanguage\":\"hu\",\"@id\":\"https:\\\/\\\/secure.gravatar.com\\\/avatar\\\/8a09ac165600ce2e1c38fe593c63928eb1e6e7ba5c5a907d67787c41b3d00c14?s=96&d=mm&r=g\",\"url\":\"https:\\\/\\\/secure.gravatar.com\\\/avatar\\\/8a09ac165600ce2e1c38fe593c63928eb1e6e7ba5c5a907d67787c41b3d00c14?s=96&d=mm&r=g\",\"contentUrl\":\"https:\\\/\\\/secure.gravatar.com\\\/avatar\\\/8a09ac165600ce2e1c38fe593c63928eb1e6e7ba5c5a907d67787c41b3d00c14?s=96&d=mm&r=g\",\"caption\":\"hotnewsinworld\"},\"url\":\"https:\\\/\\\/hotnewsinworld.com\\\/hu\\\/author\\\/pt\\\/\"}]}<\/script>\n<!-- \/ Yoast SEO plugin. -->","yoast_head_json":{"title":"Fidesz: Ellenz\u00e9ki hangulatkelt\u00e9s a parlamenti vitanap kezdem\u00e9nyez\u00e9se - Hot News in World","robots":{"index":"index","follow":"follow","max-snippet":"max-snippet:-1","max-image-preview":"max-image-preview:large","max-video-preview":"max-video-preview:-1"},"canonical":"https:\/\/hotnewsinworld.com\/hu\/fidesz-ellenzeki-hangulatkeltes-a-parlamenti-vitanap-kezdemenyezese\/","og_locale":"hu_HU","og_type":"article","og_title":"Fidesz: Ellenz\u00e9ki hangulatkelt\u00e9s a parlamenti vitanap kezdem\u00e9nyez\u00e9se - Hot News in World","og_description":"A cikk emailben t\u00f6rt\u00e9n\u0151 elk\u00fcld\u00e9s\u00e9hez kattintson ide, vagy m\u00e1solja le \u00e9s k\u00fcldje el ezt a linket: https:\/\/magyarnemzet.hu\/belfold\/fidesz-ellenzeki-hangulatkeltes-a-parlamenti-vitanap-kezdemenyezese-7302749\/ 2019. szeptember 13. p\u00e9ntek 17:20 Az ellenz\u00e9k tavaly december 12-re is rendk\u00edv\u00fcli, \u201ehalaszt\u00e1st nem t\u0171r\u0151\u201d parlamenti vitanapot kezdem\u00e9nyezett az \u00e9ghajlatv\u00e1ltoz\u00e1sr\u00f3l, azt\u00e1n k\u00e9pvisel\u0151ik r\u00e9szt sem vettek rajta, ez is bizony\u00edtja, hogy most is csak kamp\u00e1ny\u00fcl\u00e9sr\u0151l \u00e9s hangulatkelt\u00e9sr\u0151l van sz\u00f3 [&hellip;]","og_url":"https:\/\/hotnewsinworld.com\/hu\/fidesz-ellenzeki-hangulatkeltes-a-parlamenti-vitanap-kezdemenyezese\/","og_site_name":"Hot News in World","article_published_time":"2019-09-13T15:24:27+00:00","article_modified_time":"2019-09-13T15:24:28+00:00","og_image":[{"width":1200,"height":630,"url":"https:\/\/hotnewsinworld.com\/hu\/wp-content\/uploads\/sites\/3\/2019\/06\/Hidv\u00e9ghi-Bal\u00e1zs-A-Fidesz-kezdem\u00e9nyezni-fogja-a-migr\u00e1nsk\u00e1rty\u00e1k-megsz\u00fcntet\u00e9s\u00e9t.png","type":"image\/png"}],"author":"hotnewsinworld","twitter_card":"summary_large_image","twitter_misc":{"Szerz\u0151:":"hotnewsinworld","Becs\u00fclt olvas\u00e1si id\u0151":"1 perc"},"schema":{"@context":"https:\/\/schema.org","@graph":[{"@type":"Article","@id":"https:\/\/hotnewsinworld.com\/hu\/fidesz-ellenzeki-hangulatkeltes-a-parlamenti-vitanap-kezdemenyezese\/#article","isPartOf":{"@id":"https:\/\/hotnewsinworld.com\/hu\/fidesz-ellenzeki-hangulatkeltes-a-parlamenti-vitanap-kezdemenyezese\/"},"author":{"name":"hotnewsinworld","@id":"https:\/\/hotnewsinworld.com\/hu\/#\/schema\/person\/fe61448b21c0d59086e75fcc1f9d8f6b"},"headline":"Fidesz: Ellenz\u00e9ki hangulatkelt\u00e9s a parlamenti vitanap kezdem\u00e9nyez\u00e9se","datePublished":"2019-09-13T15:24:27+00:00","dateModified":"2019-09-13T15:24:28+00:00","mainEntityOfPage":{"@id":"https:\/\/hotnewsinworld.com\/hu\/fidesz-ellenzeki-hangulatkeltes-a-parlamenti-vitanap-kezdemenyezese\/"},"wordCount":194,"commentCount":0,"image":{"@id":"https:\/\/hotnewsinworld.com\/hu\/fidesz-ellenzeki-hangulatkeltes-a-parlamenti-vitanap-kezdemenyezese\/#primaryimage"},"thumbnailUrl":"https:\/\/hotnewsinworld.com\/hu\/wp-content\/uploads\/sites\/3\/2019\/06\/Hidv\u00e9ghi-Bal\u00e1zs-A-Fidesz-kezdem\u00e9nyezni-fogja-a-migr\u00e1nsk\u00e1rty\u00e1k-megsz\u00fcntet\u00e9s\u00e9t.png","articleSection":["LEG\u00daJABB P\u00c9NZ\u00dcGYI H\u00cdREK"],"inLanguage":"hu","potentialAction":[{"@type":"CommentAction","name":"Comment","target":["https:\/\/hotnewsinworld.com\/hu\/fidesz-ellenzeki-hangulatkeltes-a-parlamenti-vitanap-kezdemenyezese\/#respond"]}]},{"@type":"WebPage","@id":"https:\/\/hotnewsinworld.com\/hu\/fidesz-ellenzeki-hangulatkeltes-a-parlamenti-vitanap-kezdemenyezese\/","url":"https:\/\/hotnewsinworld.com\/hu\/fidesz-ellenzeki-hangulatkeltes-a-parlamenti-vitanap-kezdemenyezese\/","name":"Fidesz: Ellenz\u00e9ki hangulatkelt\u00e9s a parlamenti vitanap kezdem\u00e9nyez\u00e9se - Hot News in World","isPartOf":{"@id":"https:\/\/hotnewsinworld.com\/hu\/#website"},"primaryImageOfPage":{"@id":"https:\/\/hotnewsinworld.com\/hu\/fidesz-ellenzeki-hangulatkeltes-a-parlamenti-vitanap-kezdemenyezese\/#primaryimage"},"image":{"@id":"https:\/\/hotnewsinworld.com\/hu\/fidesz-ellenzeki-hangulatkeltes-a-parlamenti-vitanap-kezdemenyezese\/#primaryimage"},"thumbnailUrl":"https:\/\/hotnewsinworld.com\/hu\/wp-content\/uploads\/sites\/3\/2019\/06\/Hidv\u00e9ghi-Bal\u00e1zs-A-Fidesz-kezdem\u00e9nyezni-fogja-a-migr\u00e1nsk\u00e1rty\u00e1k-megsz\u00fcntet\u00e9s\u00e9t.png","datePublished":"2019-09-13T15:24:27+00:00","dateModified":"2019-09-13T15:24:28+00:00","author":{"@id":"https:\/\/hotnewsinworld.com\/hu\/#\/schema\/person\/fe61448b21c0d59086e75fcc1f9d8f6b"},"breadcrumb":{"@id":"https:\/\/hotnewsinworld.com\/hu\/fidesz-ellenzeki-hangulatkeltes-a-parlamenti-vitanap-kezdemenyezese\/#breadcrumb"},"inLanguage":"hu","potentialAction":[{"@type":"ReadAction","target":["https:\/\/hotnewsinworld.com\/hu\/fidesz-ellenzeki-hangulatkeltes-a-parlamenti-vitanap-kezdemenyezese\/"]}]},{"@type":"ImageObject","inLanguage":"hu","@id":"https:\/\/hotnewsinworld.com\/hu\/fidesz-ellenzeki-hangulatkeltes-a-parlamenti-vitanap-kezdemenyezese\/#primaryimage","url":"https:\/\/hotnewsinworld.com\/hu\/wp-content\/uploads\/sites\/3\/2019\/06\/Hidv\u00e9ghi-Bal\u00e1zs-A-Fidesz-kezdem\u00e9nyezni-fogja-a-migr\u00e1nsk\u00e1rty\u00e1k-megsz\u00fcntet\u00e9s\u00e9t.png","contentUrl":"https:\/\/hotnewsinworld.com\/hu\/wp-content\/uploads\/sites\/3\/2019\/06\/Hidv\u00e9ghi-Bal\u00e1zs-A-Fidesz-kezdem\u00e9nyezni-fogja-a-migr\u00e1nsk\u00e1rty\u00e1k-megsz\u00fcntet\u00e9s\u00e9t.png","width":1200,"height":630,"caption":"Hidv\u00e9ghi Bal\u00e1zs: A Fidesz kezdem\u00e9nyezni fogja a migr\u00e1nsk\u00e1rty\u00e1k megsz\u00fcntet\u00e9s\u00e9t"},{"@type":"BreadcrumbList","@id":"https:\/\/hotnewsinworld.com\/hu\/fidesz-ellenzeki-hangulatkeltes-a-parlamenti-vitanap-kezdemenyezese\/#breadcrumb","itemListElement":[{"@type":"ListItem","position":1,"name":"\u0413\u043b\u0430\u0432\u043d\u0430\u044f \u0441\u0442\u0440\u0430\u043d\u0438\u0446\u0430","item":"https:\/\/hotnewsinworld.com\/hu\/"},{"@type":"ListItem","position":2,"name":"Fidesz: Ellenz\u00e9ki hangulatkelt\u00e9s a parlamenti vitanap kezdem\u00e9nyez\u00e9se"}]},{"@type":"WebSite","@id":"https:\/\/hotnewsinworld.com\/hu\/#website","url":"https:\/\/hotnewsinworld.com\/hu\/","name":"Hot News in World","description":"Hot News in World from Hungary","potentialAction":[{"@type":"SearchAction","target":{"@type":"EntryPoint","urlTemplate":"https:\/\/hotnewsinworld.com\/hu\/?s={search_term_string}"},"query-input":{"@type":"PropertyValueSpecification","valueRequired":true,"valueName":"search_term_string"}}],"inLanguage":"hu"},{"@type":"Person","@id":"https:\/\/hotnewsinworld.com\/hu\/#\/schema\/person\/fe61448b21c0d59086e75fcc1f9d8f6b","name":"hotnewsinworld","image":{"@type":"ImageObject","inLanguage":"hu","@id":"https:\/\/secure.gravatar.com\/avatar\/8a09ac165600ce2e1c38fe593c63928eb1e6e7ba5c5a907d67787c41b3d00c14?s=96&d=mm&r=g","url":"https:\/\/secure.gravatar.com\/avatar\/8a09ac165600ce2e1c38fe593c63928eb1e6e7ba5c5a907d67787c41b3d00c14?s=96&d=mm&r=g","contentUrl":"https:\/\/secure.gravatar.com\/avatar\/8a09ac165600ce2e1c38fe593c63928eb1e6e7ba5c5a907d67787c41b3d00c14?s=96&d=mm&r=g","caption":"hotnewsinworld"},"url":"https:\/\/hotnewsinworld.com\/hu\/author\/pt\/"}]}},"_links":{"self":[{"href":"https:\/\/hotnewsinworld.com\/hu\/wp-json\/wp\/v2\/posts\/2004","targetHints":{"allow":["GET"]}}],"collection":[{"href":"https:\/\/hotnewsinworld.com\/hu\/wp-json\/wp\/v2\/posts"}],"about":[{"href":"https:\/\/hotnewsinworld.com\/hu\/wp-json\/wp\/v2\/types\/post"}],"author":[{"embeddable":true,"href":"https:\/\/hotnewsinworld.com\/hu\/wp-json\/wp\/v2\/users\/2"}],"replies":[{"embeddable":true,"href":"https:\/\/hotnewsinworld.com\/hu\/wp-json\/wp\/v2\/comments?post=2004"}],"version-history":[{"count":1,"href":"https:\/\/hotnewsinworld.com\/hu\/wp-json\/wp\/v2\/posts\/2004\/revisions"}],"predecessor-version":[{"id":2005,"href":"https:\/\/hotnewsinworld.com\/hu\/wp-json\/wp\/v2\/posts\/2004\/revisions\/2005"}],"wp:featuredmedia":[{"embeddable":true,"href":"https:\/\/hotnewsinworld.com\/hu\/wp-json\/wp\/v2\/media\/199"}],"wp:attachment":[{"href":"https:\/\/hotnewsinworld.com\/hu\/wp-json\/wp\/v2\/media?parent=2004"}],"wp:term":[{"taxonomy":"category","embeddable":true,"href":"https:\/\/hotnewsinworld.com\/hu\/wp-json\/wp\/v2\/categories?post=2004"},{"taxonomy":"post_tag","embeddable":true,"href":"https:\/\/hotnewsinworld.com\/hu\/wp-json\/wp\/v2\/tags?post=2004"}],"curies":[{"name":"wp","href":"https:\/\/api.w.org\/{rel}","templated":true}]}}