{"id":2007,"date":"2019-09-13T19:51:08","date_gmt":"2019-09-13T16:51:08","guid":{"rendered":"https:\/\/hotnewsinworld.com\/hu\/fertozott-viz-miatt-bezartak-egy-bolcsodet-es-egy-ovodat-budapesten\/"},"modified":"2019-09-13T19:51:09","modified_gmt":"2019-09-13T16:51:09","slug":"fertozott-viz-miatt-bezartak-egy-bolcsodet-es-egy-ovodat-budapesten","status":"publish","type":"post","link":"https:\/\/hotnewsinworld.com\/hu\/fertozott-viz-miatt-bezartak-egy-bolcsodet-es-egy-ovodat-budapesten\/","title":{"rendered":"Fert\u0151z\u00f6tt v\u00edz miatt bez\u00e1rtak egy b\u00f6lcs\u0151d\u00e9t \u00e9s egy \u00f3vod\u00e1t Budapesten"},"content":{"rendered":"<p>K\u00e9t nappal az \u00e9vkezd\u00e9s ut\u00e1n, szeptember 4-\u00e9n bez\u00e1rt\u00e1k a XVII. ker\u00fcleti Csicserg\u0151 \u00d3vod\u00e1t \u00e9s a G\u00f3lyaf\u00e9szek B\u00f6lcs\u0151d\u00e9t.<\/p>\n<p>A R\u00e1kosmenti \u00d6nkorm\u00e1nyzat k\u00f6zlem\u00e9nye szerint m\u0171szaki meghib\u00e1sod\u00e1s t\u00f6rt\u00e9nt, \u00e9s a gyerekek biztons\u00e1ga \u00e9rdek\u00e9ben \u00e1tmenetileg bez\u00e1rj\u00e1k az \u00f3vod\u00e1t \u00e9s a b\u00f6lcs\u0151d\u00e9t. A gyerekeket m\u00e1s int\u00e9zm\u00e9nyekben helyezt\u00e9k el.<\/p>\n<p>A R\u00e1kosvid\u00e9k inform\u00e1ci\u00f3i szerint a probl\u00e9ma a v\u00edzh\u00e1l\u00f3zatot \u00e9rintette, valamilyen ismeretlen anyag ker\u00fclhetett az iv\u00f3v\u00edzbe.<\/p>\n<p>Horv\u00e1th Tam\u00e1s alpolg\u00e1rmester az Indexnek azt mondta, hogy az \u00e9p\u00fcletben a melegv\u00edz-el\u0151\u00e1ll\u00edt\u00f3 rendszer hib\u00e1sodott meg szeptember 3-\u00e1n, ez\u00e9rt egy lajtos kocsival \u00e9s palackozott \u00e1sv\u00e1nyvizekkel oldott\u00e1k meg a v\u00edzell\u00e1t\u00e1st.<\/p>\n<p>Az alpolg\u00e1rmester szerint a v\u00edzben val\u00f3ban tal\u00e1ltak szennyez\u0151d\u00e9st, de ennek m\u00e9rt\u00e9ke a hat\u00e1r\u00e9rt\u00e9k alatt volt. A gyerekek \u00e9s a dolgoz\u00f3k biztons\u00e1ga \u00e9rdek\u00e9ben m\u00e9gis az int\u00e9zm\u00e9ny bez\u00e1r\u00e1sa mellett d\u00f6nt\u00f6ttek.<\/p>\n<p>Az elm\u00falt napokban \u00e1tmost\u00e1k a rendszert, \u00e9s t\u00f6bb laborvizsg\u00e1lat is negat\u00edv eredm\u00e9nyt mutatott ki. Ez\u00e9rt a b\u00f6lcs\u0151de \u00e9s az \u00f3voda h\u00e9tf\u0151n, szeptember 16-\u00e1n \u00fajra kinyithat.<\/p>\n<p>(Kiemelt k\u00e9p: nlc. Forr\u00e1s:\u00a0R\u00e1kosmenti B\u00f6lcs\u0151d\u00e9k, csicsergoblog17)<\/p>\n<p>\n<!--noindex--><br \/>\n<a href=\"https:\/\/hirek.oldal.info\/rssclick\/14395238\" rel=\"nofollow\">Source link <\/a><br \/>\n<!--\/noindex--><\/p>\n","protected":false},"excerpt":{"rendered":"<p>K\u00e9t nappal az \u00e9vkezd\u00e9s ut\u00e1n, szeptember 4-\u00e9n bez\u00e1rt\u00e1k a XVII. ker\u00fcleti Csicserg\u0151 \u00d3vod\u00e1t \u00e9s a G\u00f3lyaf\u00e9szek B\u00f6lcs\u0151d\u00e9t. A R\u00e1kosmenti \u00d6nkorm\u00e1nyzat k\u00f6zlem\u00e9nye szerint m\u0171szaki meghib\u00e1sod\u00e1s t\u00f6rt\u00e9nt, \u00e9s a gyerekek biztons\u00e1ga \u00e9rdek\u00e9ben \u00e1tmenetileg bez\u00e1rj\u00e1k az \u00f3vod\u00e1t \u00e9s a b\u00f6lcs\u0151d\u00e9t. A gyerekeket m\u00e1s int\u00e9zm\u00e9nyekben helyezt\u00e9k el. A R\u00e1kosvid\u00e9k inform\u00e1ci\u00f3i szerint a probl\u00e9ma a v\u00edzh\u00e1l\u00f3zatot \u00e9rintette, valamilyen ismeretlen anyag [&hellip;]<\/p>\n","protected":false},"author":2,"featured_media":2008,"comment_status":"open","ping_status":"open","sticky":false,"template":"","format":"standard","meta":{"footnotes":""},"categories":[1],"tags":[],"class_list":["post-2007","post","type-post","status-publish","format-standard","has-post-thumbnail","hentry","category-legujabb-penzugyi-hirek"],"yoast_head":"<!-- This site is optimized with the Yoast SEO plugin v27.4 - https:\/\/yoast.com\/product\/yoast-seo-wordpress\/ -->\n<title>Fert\u0151z\u00f6tt v\u00edz miatt bez\u00e1rtak egy b\u00f6lcs\u0151d\u00e9t \u00e9s egy \u00f3vod\u00e1t Budapesten - Hot News in World<\/title>\n<meta name=\"robots\" content=\"index, follow, max-snippet:-1, max-image-preview:large, max-video-preview:-1\" \/>\n<link rel=\"canonical\" href=\"https:\/\/hotnewsinworld.com\/hu\/fertozott-viz-miatt-bezartak-egy-bolcsodet-es-egy-ovodat-budapesten\/\" \/>\n<meta property=\"og:locale\" content=\"hu_HU\" \/>\n<meta property=\"og:type\" content=\"article\" \/>\n<meta property=\"og:title\" content=\"Fert\u0151z\u00f6tt v\u00edz miatt bez\u00e1rtak egy b\u00f6lcs\u0151d\u00e9t \u00e9s egy \u00f3vod\u00e1t Budapesten - Hot News in World\" \/>\n<meta property=\"og:description\" content=\"K\u00e9t nappal az \u00e9vkezd\u00e9s ut\u00e1n, szeptember 4-\u00e9n bez\u00e1rt\u00e1k a XVII. ker\u00fcleti Csicserg\u0151 \u00d3vod\u00e1t \u00e9s a G\u00f3lyaf\u00e9szek B\u00f6lcs\u0151d\u00e9t. A R\u00e1kosmenti \u00d6nkorm\u00e1nyzat k\u00f6zlem\u00e9nye szerint m\u0171szaki meghib\u00e1sod\u00e1s t\u00f6rt\u00e9nt, \u00e9s a gyerekek biztons\u00e1ga \u00e9rdek\u00e9ben \u00e1tmenetileg bez\u00e1rj\u00e1k az \u00f3vod\u00e1t \u00e9s a b\u00f6lcs\u0151d\u00e9t. A gyerekeket m\u00e1s int\u00e9zm\u00e9nyekben helyezt\u00e9k el. A R\u00e1kosvid\u00e9k inform\u00e1ci\u00f3i szerint a probl\u00e9ma a v\u00edzh\u00e1l\u00f3zatot \u00e9rintette, valamilyen ismeretlen anyag [&hellip;]\" \/>\n<meta property=\"og:url\" content=\"https:\/\/hotnewsinworld.com\/hu\/fertozott-viz-miatt-bezartak-egy-bolcsodet-es-egy-ovodat-budapesten\/\" \/>\n<meta property=\"og:site_name\" content=\"Hot News in World\" \/>\n<meta property=\"article:published_time\" content=\"2019-09-13T16:51:08+00:00\" \/>\n<meta property=\"article:modified_time\" content=\"2019-09-13T16:51:09+00:00\" \/>\n<meta property=\"og:image\" content=\"https:\/\/hotnewsinworld.com\/hu\/wp-content\/uploads\/sites\/3\/2019\/09\/Fert\u0151z\u00f6tt-v\u00edz-miatt-bez\u00e1rtak-egy-b\u00f6lcs\u0151d\u00e9t-\u00e9s-egy-\u00f3vod\u00e1t-Budapesten.jpg\" \/>\n\t<meta property=\"og:image:width\" content=\"1024\" \/>\n\t<meta property=\"og:image:height\" content=\"576\" \/>\n\t<meta property=\"og:image:type\" content=\"image\/jpeg\" \/>\n<meta name=\"author\" content=\"hotnewsinworld\" \/>\n<meta name=\"twitter:card\" content=\"summary_large_image\" \/>\n<meta name=\"twitter:label1\" content=\"Szerz\u0151:\" \/>\n\t<meta name=\"twitter:data1\" content=\"hotnewsinworld\" \/>\n\t<meta name=\"twitter:label2\" content=\"Becs\u00fclt olvas\u00e1si id\u0151\" \/>\n\t<meta name=\"twitter:data2\" content=\"1 perc\" \/>\n<script type=\"application\/ld+json\" class=\"yoast-schema-graph\">{\"@context\":\"https:\\\/\\\/schema.org\",\"@graph\":[{\"@type\":\"Article\",\"@id\":\"https:\\\/\\\/hotnewsinworld.com\\\/hu\\\/fertozott-viz-miatt-bezartak-egy-bolcsodet-es-egy-ovodat-budapesten\\\/#article\",\"isPartOf\":{\"@id\":\"https:\\\/\\\/hotnewsinworld.com\\\/hu\\\/fertozott-viz-miatt-bezartak-egy-bolcsodet-es-egy-ovodat-budapesten\\\/\"},\"author\":{\"name\":\"hotnewsinworld\",\"@id\":\"https:\\\/\\\/hotnewsinworld.com\\\/hu\\\/#\\\/schema\\\/person\\\/fe61448b21c0d59086e75fcc1f9d8f6b\"},\"headline\":\"Fert\u0151z\u00f6tt v\u00edz miatt bez\u00e1rtak egy b\u00f6lcs\u0151d\u00e9t \u00e9s egy \u00f3vod\u00e1t Budapesten\",\"datePublished\":\"2019-09-13T16:51:08+00:00\",\"dateModified\":\"2019-09-13T16:51:09+00:00\",\"mainEntityOfPage\":{\"@id\":\"https:\\\/\\\/hotnewsinworld.com\\\/hu\\\/fertozott-viz-miatt-bezartak-egy-bolcsodet-es-egy-ovodat-budapesten\\\/\"},\"wordCount\":265,\"commentCount\":0,\"image\":{\"@id\":\"https:\\\/\\\/hotnewsinworld.com\\\/hu\\\/fertozott-viz-miatt-bezartak-egy-bolcsodet-es-egy-ovodat-budapesten\\\/#primaryimage\"},\"thumbnailUrl\":\"https:\\\/\\\/hotnewsinworld.com\\\/hu\\\/wp-content\\\/uploads\\\/sites\\\/3\\\/2019\\\/09\\\/Fert\u0151z\u00f6tt-v\u00edz-miatt-bez\u00e1rtak-egy-b\u00f6lcs\u0151d\u00e9t-\u00e9s-egy-\u00f3vod\u00e1t-Budapesten.jpg\",\"articleSection\":[\"LEG\u00daJABB P\u00c9NZ\u00dcGYI H\u00cdREK\"],\"inLanguage\":\"hu\",\"potentialAction\":[{\"@type\":\"CommentAction\",\"name\":\"Comment\",\"target\":[\"https:\\\/\\\/hotnewsinworld.com\\\/hu\\\/fertozott-viz-miatt-bezartak-egy-bolcsodet-es-egy-ovodat-budapesten\\\/#respond\"]}]},{\"@type\":\"WebPage\",\"@id\":\"https:\\\/\\\/hotnewsinworld.com\\\/hu\\\/fertozott-viz-miatt-bezartak-egy-bolcsodet-es-egy-ovodat-budapesten\\\/\",\"url\":\"https:\\\/\\\/hotnewsinworld.com\\\/hu\\\/fertozott-viz-miatt-bezartak-egy-bolcsodet-es-egy-ovodat-budapesten\\\/\",\"name\":\"Fert\u0151z\u00f6tt v\u00edz miatt bez\u00e1rtak egy b\u00f6lcs\u0151d\u00e9t \u00e9s egy \u00f3vod\u00e1t Budapesten - Hot News in World\",\"isPartOf\":{\"@id\":\"https:\\\/\\\/hotnewsinworld.com\\\/hu\\\/#website\"},\"primaryImageOfPage\":{\"@id\":\"https:\\\/\\\/hotnewsinworld.com\\\/hu\\\/fertozott-viz-miatt-bezartak-egy-bolcsodet-es-egy-ovodat-budapesten\\\/#primaryimage\"},\"image\":{\"@id\":\"https:\\\/\\\/hotnewsinworld.com\\\/hu\\\/fertozott-viz-miatt-bezartak-egy-bolcsodet-es-egy-ovodat-budapesten\\\/#primaryimage\"},\"thumbnailUrl\":\"https:\\\/\\\/hotnewsinworld.com\\\/hu\\\/wp-content\\\/uploads\\\/sites\\\/3\\\/2019\\\/09\\\/Fert\u0151z\u00f6tt-v\u00edz-miatt-bez\u00e1rtak-egy-b\u00f6lcs\u0151d\u00e9t-\u00e9s-egy-\u00f3vod\u00e1t-Budapesten.jpg\",\"datePublished\":\"2019-09-13T16:51:08+00:00\",\"dateModified\":\"2019-09-13T16:51:09+00:00\",\"author\":{\"@id\":\"https:\\\/\\\/hotnewsinworld.com\\\/hu\\\/#\\\/schema\\\/person\\\/fe61448b21c0d59086e75fcc1f9d8f6b\"},\"breadcrumb\":{\"@id\":\"https:\\\/\\\/hotnewsinworld.com\\\/hu\\\/fertozott-viz-miatt-bezartak-egy-bolcsodet-es-egy-ovodat-budapesten\\\/#breadcrumb\"},\"inLanguage\":\"hu\",\"potentialAction\":[{\"@type\":\"ReadAction\",\"target\":[\"https:\\\/\\\/hotnewsinworld.com\\\/hu\\\/fertozott-viz-miatt-bezartak-egy-bolcsodet-es-egy-ovodat-budapesten\\\/\"]}]},{\"@type\":\"ImageObject\",\"inLanguage\":\"hu\",\"@id\":\"https:\\\/\\\/hotnewsinworld.com\\\/hu\\\/fertozott-viz-miatt-bezartak-egy-bolcsodet-es-egy-ovodat-budapesten\\\/#primaryimage\",\"url\":\"https:\\\/\\\/hotnewsinworld.com\\\/hu\\\/wp-content\\\/uploads\\\/sites\\\/3\\\/2019\\\/09\\\/Fert\u0151z\u00f6tt-v\u00edz-miatt-bez\u00e1rtak-egy-b\u00f6lcs\u0151d\u00e9t-\u00e9s-egy-\u00f3vod\u00e1t-Budapesten.jpg\",\"contentUrl\":\"https:\\\/\\\/hotnewsinworld.com\\\/hu\\\/wp-content\\\/uploads\\\/sites\\\/3\\\/2019\\\/09\\\/Fert\u0151z\u00f6tt-v\u00edz-miatt-bez\u00e1rtak-egy-b\u00f6lcs\u0151d\u00e9t-\u00e9s-egy-\u00f3vod\u00e1t-Budapesten.jpg\",\"width\":1024,\"height\":576,\"caption\":\"Fert\u0151z\u00f6tt v\u00edz miatt bez\u00e1rtak egy b\u00f6lcs\u0151d\u00e9t \u00e9s egy \u00f3vod\u00e1t Budapesten\"},{\"@type\":\"BreadcrumbList\",\"@id\":\"https:\\\/\\\/hotnewsinworld.com\\\/hu\\\/fertozott-viz-miatt-bezartak-egy-bolcsodet-es-egy-ovodat-budapesten\\\/#breadcrumb\",\"itemListElement\":[{\"@type\":\"ListItem\",\"position\":1,\"name\":\"\u0413\u043b\u0430\u0432\u043d\u0430\u044f \u0441\u0442\u0440\u0430\u043d\u0438\u0446\u0430\",\"item\":\"https:\\\/\\\/hotnewsinworld.com\\\/hu\\\/\"},{\"@type\":\"ListItem\",\"position\":2,\"name\":\"Fert\u0151z\u00f6tt v\u00edz miatt bez\u00e1rtak egy b\u00f6lcs\u0151d\u00e9t \u00e9s egy \u00f3vod\u00e1t Budapesten\"}]},{\"@type\":\"WebSite\",\"@id\":\"https:\\\/\\\/hotnewsinworld.com\\\/hu\\\/#website\",\"url\":\"https:\\\/\\\/hotnewsinworld.com\\\/hu\\\/\",\"name\":\"Hot News in World\",\"description\":\"Hot News in World from Hungary\",\"potentialAction\":[{\"@type\":\"SearchAction\",\"target\":{\"@type\":\"EntryPoint\",\"urlTemplate\":\"https:\\\/\\\/hotnewsinworld.com\\\/hu\\\/?s={search_term_string}\"},\"query-input\":{\"@type\":\"PropertyValueSpecification\",\"valueRequired\":true,\"valueName\":\"search_term_string\"}}],\"inLanguage\":\"hu\"},{\"@type\":\"Person\",\"@id\":\"https:\\\/\\\/hotnewsinworld.com\\\/hu\\\/#\\\/schema\\\/person\\\/fe61448b21c0d59086e75fcc1f9d8f6b\",\"name\":\"hotnewsinworld\",\"image\":{\"@type\":\"ImageObject\",\"inLanguage\":\"hu\",\"@id\":\"https:\\\/\\\/secure.gravatar.com\\\/avatar\\\/8a09ac165600ce2e1c38fe593c63928eb1e6e7ba5c5a907d67787c41b3d00c14?s=96&d=mm&r=g\",\"url\":\"https:\\\/\\\/secure.gravatar.com\\\/avatar\\\/8a09ac165600ce2e1c38fe593c63928eb1e6e7ba5c5a907d67787c41b3d00c14?s=96&d=mm&r=g\",\"contentUrl\":\"https:\\\/\\\/secure.gravatar.com\\\/avatar\\\/8a09ac165600ce2e1c38fe593c63928eb1e6e7ba5c5a907d67787c41b3d00c14?s=96&d=mm&r=g\",\"caption\":\"hotnewsinworld\"},\"url\":\"https:\\\/\\\/hotnewsinworld.com\\\/hu\\\/author\\\/pt\\\/\"}]}<\/script>\n<!-- \/ Yoast SEO plugin. -->","yoast_head_json":{"title":"Fert\u0151z\u00f6tt v\u00edz miatt bez\u00e1rtak egy b\u00f6lcs\u0151d\u00e9t \u00e9s egy \u00f3vod\u00e1t Budapesten - Hot News in World","robots":{"index":"index","follow":"follow","max-snippet":"max-snippet:-1","max-image-preview":"max-image-preview:large","max-video-preview":"max-video-preview:-1"},"canonical":"https:\/\/hotnewsinworld.com\/hu\/fertozott-viz-miatt-bezartak-egy-bolcsodet-es-egy-ovodat-budapesten\/","og_locale":"hu_HU","og_type":"article","og_title":"Fert\u0151z\u00f6tt v\u00edz miatt bez\u00e1rtak egy b\u00f6lcs\u0151d\u00e9t \u00e9s egy \u00f3vod\u00e1t Budapesten - Hot News in World","og_description":"K\u00e9t nappal az \u00e9vkezd\u00e9s ut\u00e1n, szeptember 4-\u00e9n bez\u00e1rt\u00e1k a XVII. ker\u00fcleti Csicserg\u0151 \u00d3vod\u00e1t \u00e9s a G\u00f3lyaf\u00e9szek B\u00f6lcs\u0151d\u00e9t. A R\u00e1kosmenti \u00d6nkorm\u00e1nyzat k\u00f6zlem\u00e9nye szerint m\u0171szaki meghib\u00e1sod\u00e1s t\u00f6rt\u00e9nt, \u00e9s a gyerekek biztons\u00e1ga \u00e9rdek\u00e9ben \u00e1tmenetileg bez\u00e1rj\u00e1k az \u00f3vod\u00e1t \u00e9s a b\u00f6lcs\u0151d\u00e9t. A gyerekeket m\u00e1s int\u00e9zm\u00e9nyekben helyezt\u00e9k el. A R\u00e1kosvid\u00e9k inform\u00e1ci\u00f3i szerint a probl\u00e9ma a v\u00edzh\u00e1l\u00f3zatot \u00e9rintette, valamilyen ismeretlen anyag [&hellip;]","og_url":"https:\/\/hotnewsinworld.com\/hu\/fertozott-viz-miatt-bezartak-egy-bolcsodet-es-egy-ovodat-budapesten\/","og_site_name":"Hot News in World","article_published_time":"2019-09-13T16:51:08+00:00","article_modified_time":"2019-09-13T16:51:09+00:00","og_image":[{"width":1024,"height":576,"url":"https:\/\/hotnewsinworld.com\/hu\/wp-content\/uploads\/sites\/3\/2019\/09\/Fert\u0151z\u00f6tt-v\u00edz-miatt-bez\u00e1rtak-egy-b\u00f6lcs\u0151d\u00e9t-\u00e9s-egy-\u00f3vod\u00e1t-Budapesten.jpg","type":"image\/jpeg"}],"author":"hotnewsinworld","twitter_card":"summary_large_image","twitter_misc":{"Szerz\u0151:":"hotnewsinworld","Becs\u00fclt olvas\u00e1si id\u0151":"1 perc"},"schema":{"@context":"https:\/\/schema.org","@graph":[{"@type":"Article","@id":"https:\/\/hotnewsinworld.com\/hu\/fertozott-viz-miatt-bezartak-egy-bolcsodet-es-egy-ovodat-budapesten\/#article","isPartOf":{"@id":"https:\/\/hotnewsinworld.com\/hu\/fertozott-viz-miatt-bezartak-egy-bolcsodet-es-egy-ovodat-budapesten\/"},"author":{"name":"hotnewsinworld","@id":"https:\/\/hotnewsinworld.com\/hu\/#\/schema\/person\/fe61448b21c0d59086e75fcc1f9d8f6b"},"headline":"Fert\u0151z\u00f6tt v\u00edz miatt bez\u00e1rtak egy b\u00f6lcs\u0151d\u00e9t \u00e9s egy \u00f3vod\u00e1t Budapesten","datePublished":"2019-09-13T16:51:08+00:00","dateModified":"2019-09-13T16:51:09+00:00","mainEntityOfPage":{"@id":"https:\/\/hotnewsinworld.com\/hu\/fertozott-viz-miatt-bezartak-egy-bolcsodet-es-egy-ovodat-budapesten\/"},"wordCount":265,"commentCount":0,"image":{"@id":"https:\/\/hotnewsinworld.com\/hu\/fertozott-viz-miatt-bezartak-egy-bolcsodet-es-egy-ovodat-budapesten\/#primaryimage"},"thumbnailUrl":"https:\/\/hotnewsinworld.com\/hu\/wp-content\/uploads\/sites\/3\/2019\/09\/Fert\u0151z\u00f6tt-v\u00edz-miatt-bez\u00e1rtak-egy-b\u00f6lcs\u0151d\u00e9t-\u00e9s-egy-\u00f3vod\u00e1t-Budapesten.jpg","articleSection":["LEG\u00daJABB P\u00c9NZ\u00dcGYI H\u00cdREK"],"inLanguage":"hu","potentialAction":[{"@type":"CommentAction","name":"Comment","target":["https:\/\/hotnewsinworld.com\/hu\/fertozott-viz-miatt-bezartak-egy-bolcsodet-es-egy-ovodat-budapesten\/#respond"]}]},{"@type":"WebPage","@id":"https:\/\/hotnewsinworld.com\/hu\/fertozott-viz-miatt-bezartak-egy-bolcsodet-es-egy-ovodat-budapesten\/","url":"https:\/\/hotnewsinworld.com\/hu\/fertozott-viz-miatt-bezartak-egy-bolcsodet-es-egy-ovodat-budapesten\/","name":"Fert\u0151z\u00f6tt v\u00edz miatt bez\u00e1rtak egy b\u00f6lcs\u0151d\u00e9t \u00e9s egy \u00f3vod\u00e1t Budapesten - Hot News in World","isPartOf":{"@id":"https:\/\/hotnewsinworld.com\/hu\/#website"},"primaryImageOfPage":{"@id":"https:\/\/hotnewsinworld.com\/hu\/fertozott-viz-miatt-bezartak-egy-bolcsodet-es-egy-ovodat-budapesten\/#primaryimage"},"image":{"@id":"https:\/\/hotnewsinworld.com\/hu\/fertozott-viz-miatt-bezartak-egy-bolcsodet-es-egy-ovodat-budapesten\/#primaryimage"},"thumbnailUrl":"https:\/\/hotnewsinworld.com\/hu\/wp-content\/uploads\/sites\/3\/2019\/09\/Fert\u0151z\u00f6tt-v\u00edz-miatt-bez\u00e1rtak-egy-b\u00f6lcs\u0151d\u00e9t-\u00e9s-egy-\u00f3vod\u00e1t-Budapesten.jpg","datePublished":"2019-09-13T16:51:08+00:00","dateModified":"2019-09-13T16:51:09+00:00","author":{"@id":"https:\/\/hotnewsinworld.com\/hu\/#\/schema\/person\/fe61448b21c0d59086e75fcc1f9d8f6b"},"breadcrumb":{"@id":"https:\/\/hotnewsinworld.com\/hu\/fertozott-viz-miatt-bezartak-egy-bolcsodet-es-egy-ovodat-budapesten\/#breadcrumb"},"inLanguage":"hu","potentialAction":[{"@type":"ReadAction","target":["https:\/\/hotnewsinworld.com\/hu\/fertozott-viz-miatt-bezartak-egy-bolcsodet-es-egy-ovodat-budapesten\/"]}]},{"@type":"ImageObject","inLanguage":"hu","@id":"https:\/\/hotnewsinworld.com\/hu\/fertozott-viz-miatt-bezartak-egy-bolcsodet-es-egy-ovodat-budapesten\/#primaryimage","url":"https:\/\/hotnewsinworld.com\/hu\/wp-content\/uploads\/sites\/3\/2019\/09\/Fert\u0151z\u00f6tt-v\u00edz-miatt-bez\u00e1rtak-egy-b\u00f6lcs\u0151d\u00e9t-\u00e9s-egy-\u00f3vod\u00e1t-Budapesten.jpg","contentUrl":"https:\/\/hotnewsinworld.com\/hu\/wp-content\/uploads\/sites\/3\/2019\/09\/Fert\u0151z\u00f6tt-v\u00edz-miatt-bez\u00e1rtak-egy-b\u00f6lcs\u0151d\u00e9t-\u00e9s-egy-\u00f3vod\u00e1t-Budapesten.jpg","width":1024,"height":576,"caption":"Fert\u0151z\u00f6tt v\u00edz miatt bez\u00e1rtak egy b\u00f6lcs\u0151d\u00e9t \u00e9s egy \u00f3vod\u00e1t Budapesten"},{"@type":"BreadcrumbList","@id":"https:\/\/hotnewsinworld.com\/hu\/fertozott-viz-miatt-bezartak-egy-bolcsodet-es-egy-ovodat-budapesten\/#breadcrumb","itemListElement":[{"@type":"ListItem","position":1,"name":"\u0413\u043b\u0430\u0432\u043d\u0430\u044f \u0441\u0442\u0440\u0430\u043d\u0438\u0446\u0430","item":"https:\/\/hotnewsinworld.com\/hu\/"},{"@type":"ListItem","position":2,"name":"Fert\u0151z\u00f6tt v\u00edz miatt bez\u00e1rtak egy b\u00f6lcs\u0151d\u00e9t \u00e9s egy \u00f3vod\u00e1t Budapesten"}]},{"@type":"WebSite","@id":"https:\/\/hotnewsinworld.com\/hu\/#website","url":"https:\/\/hotnewsinworld.com\/hu\/","name":"Hot News in World","description":"Hot News in World from Hungary","potentialAction":[{"@type":"SearchAction","target":{"@type":"EntryPoint","urlTemplate":"https:\/\/hotnewsinworld.com\/hu\/?s={search_term_string}"},"query-input":{"@type":"PropertyValueSpecification","valueRequired":true,"valueName":"search_term_string"}}],"inLanguage":"hu"},{"@type":"Person","@id":"https:\/\/hotnewsinworld.com\/hu\/#\/schema\/person\/fe61448b21c0d59086e75fcc1f9d8f6b","name":"hotnewsinworld","image":{"@type":"ImageObject","inLanguage":"hu","@id":"https:\/\/secure.gravatar.com\/avatar\/8a09ac165600ce2e1c38fe593c63928eb1e6e7ba5c5a907d67787c41b3d00c14?s=96&d=mm&r=g","url":"https:\/\/secure.gravatar.com\/avatar\/8a09ac165600ce2e1c38fe593c63928eb1e6e7ba5c5a907d67787c41b3d00c14?s=96&d=mm&r=g","contentUrl":"https:\/\/secure.gravatar.com\/avatar\/8a09ac165600ce2e1c38fe593c63928eb1e6e7ba5c5a907d67787c41b3d00c14?s=96&d=mm&r=g","caption":"hotnewsinworld"},"url":"https:\/\/hotnewsinworld.com\/hu\/author\/pt\/"}]}},"_links":{"self":[{"href":"https:\/\/hotnewsinworld.com\/hu\/wp-json\/wp\/v2\/posts\/2007","targetHints":{"allow":["GET"]}}],"collection":[{"href":"https:\/\/hotnewsinworld.com\/hu\/wp-json\/wp\/v2\/posts"}],"about":[{"href":"https:\/\/hotnewsinworld.com\/hu\/wp-json\/wp\/v2\/types\/post"}],"author":[{"embeddable":true,"href":"https:\/\/hotnewsinworld.com\/hu\/wp-json\/wp\/v2\/users\/2"}],"replies":[{"embeddable":true,"href":"https:\/\/hotnewsinworld.com\/hu\/wp-json\/wp\/v2\/comments?post=2007"}],"version-history":[{"count":1,"href":"https:\/\/hotnewsinworld.com\/hu\/wp-json\/wp\/v2\/posts\/2007\/revisions"}],"predecessor-version":[{"id":2009,"href":"https:\/\/hotnewsinworld.com\/hu\/wp-json\/wp\/v2\/posts\/2007\/revisions\/2009"}],"wp:featuredmedia":[{"embeddable":true,"href":"https:\/\/hotnewsinworld.com\/hu\/wp-json\/wp\/v2\/media\/2008"}],"wp:attachment":[{"href":"https:\/\/hotnewsinworld.com\/hu\/wp-json\/wp\/v2\/media?parent=2007"}],"wp:term":[{"taxonomy":"category","embeddable":true,"href":"https:\/\/hotnewsinworld.com\/hu\/wp-json\/wp\/v2\/categories?post=2007"},{"taxonomy":"post_tag","embeddable":true,"href":"https:\/\/hotnewsinworld.com\/hu\/wp-json\/wp\/v2\/tags?post=2007"}],"curies":[{"name":"wp","href":"https:\/\/api.w.org\/{rel}","templated":true}]}}