{"id":2010,"date":"2019-09-13T21:10:53","date_gmt":"2019-09-13T18:10:53","guid":{"rendered":"https:\/\/hotnewsinworld.com\/hu\/mar-lehet-regisztralni-a-nemzetkozi-eucharisztikus-kongresszusra\/"},"modified":"2019-09-13T21:10:54","modified_gmt":"2019-09-13T18:10:54","slug":"mar-lehet-regisztralni-a-nemzetkozi-eucharisztikus-kongresszusra","status":"publish","type":"post","link":"https:\/\/hotnewsinworld.com\/hu\/mar-lehet-regisztralni-a-nemzetkozi-eucharisztikus-kongresszusra\/","title":{"rendered":"M\u00e1r lehet regisztr\u00e1lni a Nemzetk\u00f6zi Eucharisztikus Kongresszusra"},"content":{"rendered":"<p>2019. szeptember 13. 20:04<br \/>\n                            Erd\u0151 P\u00e9ter kiemelte: \u201earra k\u00e9sz\u00fcl\u00fcnk, hogy nyilv\u00e1nosan kifejezz\u00fck a hit\u00fcnket \u00e9s az \u00f6r\u00f6m\u00fcnket\u201d. <\/p>\n<p>                            Egy \u00e9v m\u00falva kezd\u0151dik Budapesten az 52. Nemzetk\u00f6zi Eucharisztikus Kongresszus, amelynek programjaira m\u00e1r lehet regisztr\u00e1lni. A visszasz\u00e1ml\u00e1l\u00e1st Erd\u0151 P\u00e9ter b\u00edboros, esztergom-budapesti \u00e9rsek ind\u00edtotta el a budapesti Szent Istv\u00e1n-bazilika el\u0151tt p\u00e9ntek d\u00e9lut\u00e1n.<\/p>\n<p>A b\u00edboros k\u00f6sz\u00f6nt\u0151j\u00e9ben kiemelte: \u201earra k\u00e9sz\u00fcl\u00fcnk, hogy nyilv\u00e1nosan kifejezz\u00fck a hit\u00fcnket \u00e9s az \u00f6r\u00f6m\u00fcnket\u201d. Az \u00f6r\u00f6m forr\u00e1sa pedig maga az Eucharisztia, amelyben Isten \u201et\u00e1pl\u00e1l\u00f3 k\u00f6z\u00f6ss\u00e9get\u201d\u00a0v\u00e1llal az emberrel.<\/p>\n<p>Erd\u0151 P\u00e9ter \u00fajs\u00e1g\u00edr\u00f3knak elmondta: a 2020-as katolikus vil\u00e1gesem\u00e9ny programjai ingyenesek, de azoknak, akik \u00fcl\u0151helyet is szeretn\u00e9nek kapni, mindenk\u00e9pp \u00e9rdemes regisztr\u00e1lniuk.<\/p>\n<p>K\u00e9p: Eugenio Pacelli b\u00edboros vatik\u00e1ni \u00e1llamtitk\u00e1r (a k\u00e9s\u0151bbi XII. Piusz p\u00e1pa, k) halad a H\u0151s\u00f6k ter\u00e9re vezet\u0151 k\u00f6rmenet \u00e9l\u00e9n az 1938. m\u00e1jus 25. \u00e9s 29. k\u00f6z\u00f6tt Budapesten megrendezett 34. Eucharisztikus Vil\u00e1gkongresszuson.<\/p>\n<p>(MTI)<\/p>\n<p>\n<!--noindex--><br \/>\n<a href=\"https:\/\/hirek.oldal.info\/rssclick\/14395407\" rel=\"nofollow\">Source link <\/a><br \/>\n<!--\/noindex--><\/p>\n","protected":false},"excerpt":{"rendered":"<p>2019. szeptember 13. 20:04 Erd\u0151 P\u00e9ter kiemelte: \u201earra k\u00e9sz\u00fcl\u00fcnk, hogy nyilv\u00e1nosan kifejezz\u00fck a hit\u00fcnket \u00e9s az \u00f6r\u00f6m\u00fcnket\u201d. Egy \u00e9v m\u00falva kezd\u0151dik Budapesten az 52. Nemzetk\u00f6zi Eucharisztikus Kongresszus, amelynek programjaira m\u00e1r lehet regisztr\u00e1lni. A visszasz\u00e1ml\u00e1l\u00e1st Erd\u0151 P\u00e9ter b\u00edboros, esztergom-budapesti \u00e9rsek ind\u00edtotta el a budapesti Szent Istv\u00e1n-bazilika el\u0151tt p\u00e9ntek d\u00e9lut\u00e1n. A b\u00edboros k\u00f6sz\u00f6nt\u0151j\u00e9ben kiemelte: \u201earra k\u00e9sz\u00fcl\u00fcnk, hogy [&hellip;]<\/p>\n","protected":false},"author":2,"featured_media":2011,"comment_status":"open","ping_status":"open","sticky":false,"template":"","format":"standard","meta":{"footnotes":""},"categories":[1],"tags":[],"class_list":["post-2010","post","type-post","status-publish","format-standard","has-post-thumbnail","hentry","category-legujabb-penzugyi-hirek"],"yoast_head":"<!-- This site is optimized with the Yoast SEO plugin v27.4 - https:\/\/yoast.com\/product\/yoast-seo-wordpress\/ -->\n<title>M\u00e1r lehet regisztr\u00e1lni a Nemzetk\u00f6zi Eucharisztikus Kongresszusra - Hot News in World<\/title>\n<meta name=\"robots\" content=\"index, follow, max-snippet:-1, max-image-preview:large, max-video-preview:-1\" \/>\n<link rel=\"canonical\" href=\"https:\/\/hotnewsinworld.com\/hu\/mar-lehet-regisztralni-a-nemzetkozi-eucharisztikus-kongresszusra\/\" \/>\n<meta property=\"og:locale\" content=\"hu_HU\" \/>\n<meta property=\"og:type\" content=\"article\" \/>\n<meta property=\"og:title\" content=\"M\u00e1r lehet regisztr\u00e1lni a Nemzetk\u00f6zi Eucharisztikus Kongresszusra - Hot News in World\" \/>\n<meta property=\"og:description\" content=\"2019. szeptember 13. 20:04 Erd\u0151 P\u00e9ter kiemelte: \u201earra k\u00e9sz\u00fcl\u00fcnk, hogy nyilv\u00e1nosan kifejezz\u00fck a hit\u00fcnket \u00e9s az \u00f6r\u00f6m\u00fcnket\u201d. Egy \u00e9v m\u00falva kezd\u0151dik Budapesten az 52. Nemzetk\u00f6zi Eucharisztikus Kongresszus, amelynek programjaira m\u00e1r lehet regisztr\u00e1lni. A visszasz\u00e1ml\u00e1l\u00e1st Erd\u0151 P\u00e9ter b\u00edboros, esztergom-budapesti \u00e9rsek ind\u00edtotta el a budapesti Szent Istv\u00e1n-bazilika el\u0151tt p\u00e9ntek d\u00e9lut\u00e1n. A b\u00edboros k\u00f6sz\u00f6nt\u0151j\u00e9ben kiemelte: \u201earra k\u00e9sz\u00fcl\u00fcnk, hogy [&hellip;]\" \/>\n<meta property=\"og:url\" content=\"https:\/\/hotnewsinworld.com\/hu\/mar-lehet-regisztralni-a-nemzetkozi-eucharisztikus-kongresszusra\/\" \/>\n<meta property=\"og:site_name\" content=\"Hot News in World\" \/>\n<meta property=\"article:published_time\" content=\"2019-09-13T18:10:53+00:00\" \/>\n<meta property=\"article:modified_time\" content=\"2019-09-13T18:10:54+00:00\" \/>\n<meta property=\"og:image\" content=\"https:\/\/hotnewsinworld.com\/hu\/wp-content\/uploads\/sites\/3\/2019\/09\/M\u00e1r-lehet-regisztr\u00e1lni-a-Nemzetk\u00f6zi-Eucharisztikus-Kongresszusra.jpg\" \/>\n\t<meta property=\"og:image:width\" content=\"850\" \/>\n\t<meta property=\"og:image:height\" content=\"478\" \/>\n\t<meta property=\"og:image:type\" content=\"image\/jpeg\" \/>\n<meta name=\"author\" content=\"hotnewsinworld\" \/>\n<meta name=\"twitter:card\" content=\"summary_large_image\" \/>\n<meta name=\"twitter:label1\" content=\"Szerz\u0151:\" \/>\n\t<meta name=\"twitter:data1\" content=\"hotnewsinworld\" \/>\n\t<meta name=\"twitter:label2\" content=\"Becs\u00fclt olvas\u00e1si id\u0151\" \/>\n\t<meta name=\"twitter:data2\" content=\"1 perc\" \/>\n<script type=\"application\/ld+json\" class=\"yoast-schema-graph\">{\"@context\":\"https:\\\/\\\/schema.org\",\"@graph\":[{\"@type\":\"Article\",\"@id\":\"https:\\\/\\\/hotnewsinworld.com\\\/hu\\\/mar-lehet-regisztralni-a-nemzetkozi-eucharisztikus-kongresszusra\\\/#article\",\"isPartOf\":{\"@id\":\"https:\\\/\\\/hotnewsinworld.com\\\/hu\\\/mar-lehet-regisztralni-a-nemzetkozi-eucharisztikus-kongresszusra\\\/\"},\"author\":{\"name\":\"hotnewsinworld\",\"@id\":\"https:\\\/\\\/hotnewsinworld.com\\\/hu\\\/#\\\/schema\\\/person\\\/fe61448b21c0d59086e75fcc1f9d8f6b\"},\"headline\":\"M\u00e1r lehet regisztr\u00e1lni a Nemzetk\u00f6zi Eucharisztikus Kongresszusra\",\"datePublished\":\"2019-09-13T18:10:53+00:00\",\"dateModified\":\"2019-09-13T18:10:54+00:00\",\"mainEntityOfPage\":{\"@id\":\"https:\\\/\\\/hotnewsinworld.com\\\/hu\\\/mar-lehet-regisztralni-a-nemzetkozi-eucharisztikus-kongresszusra\\\/\"},\"wordCount\":204,\"commentCount\":0,\"image\":{\"@id\":\"https:\\\/\\\/hotnewsinworld.com\\\/hu\\\/mar-lehet-regisztralni-a-nemzetkozi-eucharisztikus-kongresszusra\\\/#primaryimage\"},\"thumbnailUrl\":\"https:\\\/\\\/hotnewsinworld.com\\\/hu\\\/wp-content\\\/uploads\\\/sites\\\/3\\\/2019\\\/09\\\/M\u00e1r-lehet-regisztr\u00e1lni-a-Nemzetk\u00f6zi-Eucharisztikus-Kongresszusra.jpg\",\"articleSection\":[\"LEG\u00daJABB P\u00c9NZ\u00dcGYI H\u00cdREK\"],\"inLanguage\":\"hu\",\"potentialAction\":[{\"@type\":\"CommentAction\",\"name\":\"Comment\",\"target\":[\"https:\\\/\\\/hotnewsinworld.com\\\/hu\\\/mar-lehet-regisztralni-a-nemzetkozi-eucharisztikus-kongresszusra\\\/#respond\"]}]},{\"@type\":\"WebPage\",\"@id\":\"https:\\\/\\\/hotnewsinworld.com\\\/hu\\\/mar-lehet-regisztralni-a-nemzetkozi-eucharisztikus-kongresszusra\\\/\",\"url\":\"https:\\\/\\\/hotnewsinworld.com\\\/hu\\\/mar-lehet-regisztralni-a-nemzetkozi-eucharisztikus-kongresszusra\\\/\",\"name\":\"M\u00e1r lehet regisztr\u00e1lni a Nemzetk\u00f6zi Eucharisztikus Kongresszusra - Hot News in World\",\"isPartOf\":{\"@id\":\"https:\\\/\\\/hotnewsinworld.com\\\/hu\\\/#website\"},\"primaryImageOfPage\":{\"@id\":\"https:\\\/\\\/hotnewsinworld.com\\\/hu\\\/mar-lehet-regisztralni-a-nemzetkozi-eucharisztikus-kongresszusra\\\/#primaryimage\"},\"image\":{\"@id\":\"https:\\\/\\\/hotnewsinworld.com\\\/hu\\\/mar-lehet-regisztralni-a-nemzetkozi-eucharisztikus-kongresszusra\\\/#primaryimage\"},\"thumbnailUrl\":\"https:\\\/\\\/hotnewsinworld.com\\\/hu\\\/wp-content\\\/uploads\\\/sites\\\/3\\\/2019\\\/09\\\/M\u00e1r-lehet-regisztr\u00e1lni-a-Nemzetk\u00f6zi-Eucharisztikus-Kongresszusra.jpg\",\"datePublished\":\"2019-09-13T18:10:53+00:00\",\"dateModified\":\"2019-09-13T18:10:54+00:00\",\"author\":{\"@id\":\"https:\\\/\\\/hotnewsinworld.com\\\/hu\\\/#\\\/schema\\\/person\\\/fe61448b21c0d59086e75fcc1f9d8f6b\"},\"breadcrumb\":{\"@id\":\"https:\\\/\\\/hotnewsinworld.com\\\/hu\\\/mar-lehet-regisztralni-a-nemzetkozi-eucharisztikus-kongresszusra\\\/#breadcrumb\"},\"inLanguage\":\"hu\",\"potentialAction\":[{\"@type\":\"ReadAction\",\"target\":[\"https:\\\/\\\/hotnewsinworld.com\\\/hu\\\/mar-lehet-regisztralni-a-nemzetkozi-eucharisztikus-kongresszusra\\\/\"]}]},{\"@type\":\"ImageObject\",\"inLanguage\":\"hu\",\"@id\":\"https:\\\/\\\/hotnewsinworld.com\\\/hu\\\/mar-lehet-regisztralni-a-nemzetkozi-eucharisztikus-kongresszusra\\\/#primaryimage\",\"url\":\"https:\\\/\\\/hotnewsinworld.com\\\/hu\\\/wp-content\\\/uploads\\\/sites\\\/3\\\/2019\\\/09\\\/M\u00e1r-lehet-regisztr\u00e1lni-a-Nemzetk\u00f6zi-Eucharisztikus-Kongresszusra.jpg\",\"contentUrl\":\"https:\\\/\\\/hotnewsinworld.com\\\/hu\\\/wp-content\\\/uploads\\\/sites\\\/3\\\/2019\\\/09\\\/M\u00e1r-lehet-regisztr\u00e1lni-a-Nemzetk\u00f6zi-Eucharisztikus-Kongresszusra.jpg\",\"width\":850,\"height\":478,\"caption\":\"M\u00e1r lehet regisztr\u00e1lni a Nemzetk\u00f6zi Eucharisztikus Kongresszusra\"},{\"@type\":\"BreadcrumbList\",\"@id\":\"https:\\\/\\\/hotnewsinworld.com\\\/hu\\\/mar-lehet-regisztralni-a-nemzetkozi-eucharisztikus-kongresszusra\\\/#breadcrumb\",\"itemListElement\":[{\"@type\":\"ListItem\",\"position\":1,\"name\":\"\u0413\u043b\u0430\u0432\u043d\u0430\u044f \u0441\u0442\u0440\u0430\u043d\u0438\u0446\u0430\",\"item\":\"https:\\\/\\\/hotnewsinworld.com\\\/hu\\\/\"},{\"@type\":\"ListItem\",\"position\":2,\"name\":\"M\u00e1r lehet regisztr\u00e1lni a Nemzetk\u00f6zi Eucharisztikus Kongresszusra\"}]},{\"@type\":\"WebSite\",\"@id\":\"https:\\\/\\\/hotnewsinworld.com\\\/hu\\\/#website\",\"url\":\"https:\\\/\\\/hotnewsinworld.com\\\/hu\\\/\",\"name\":\"Hot News in World\",\"description\":\"Hot News in World from Hungary\",\"potentialAction\":[{\"@type\":\"SearchAction\",\"target\":{\"@type\":\"EntryPoint\",\"urlTemplate\":\"https:\\\/\\\/hotnewsinworld.com\\\/hu\\\/?s={search_term_string}\"},\"query-input\":{\"@type\":\"PropertyValueSpecification\",\"valueRequired\":true,\"valueName\":\"search_term_string\"}}],\"inLanguage\":\"hu\"},{\"@type\":\"Person\",\"@id\":\"https:\\\/\\\/hotnewsinworld.com\\\/hu\\\/#\\\/schema\\\/person\\\/fe61448b21c0d59086e75fcc1f9d8f6b\",\"name\":\"hotnewsinworld\",\"image\":{\"@type\":\"ImageObject\",\"inLanguage\":\"hu\",\"@id\":\"https:\\\/\\\/secure.gravatar.com\\\/avatar\\\/8a09ac165600ce2e1c38fe593c63928eb1e6e7ba5c5a907d67787c41b3d00c14?s=96&d=mm&r=g\",\"url\":\"https:\\\/\\\/secure.gravatar.com\\\/avatar\\\/8a09ac165600ce2e1c38fe593c63928eb1e6e7ba5c5a907d67787c41b3d00c14?s=96&d=mm&r=g\",\"contentUrl\":\"https:\\\/\\\/secure.gravatar.com\\\/avatar\\\/8a09ac165600ce2e1c38fe593c63928eb1e6e7ba5c5a907d67787c41b3d00c14?s=96&d=mm&r=g\",\"caption\":\"hotnewsinworld\"},\"url\":\"https:\\\/\\\/hotnewsinworld.com\\\/hu\\\/author\\\/pt\\\/\"}]}<\/script>\n<!-- \/ Yoast SEO plugin. -->","yoast_head_json":{"title":"M\u00e1r lehet regisztr\u00e1lni a Nemzetk\u00f6zi Eucharisztikus Kongresszusra - Hot News in World","robots":{"index":"index","follow":"follow","max-snippet":"max-snippet:-1","max-image-preview":"max-image-preview:large","max-video-preview":"max-video-preview:-1"},"canonical":"https:\/\/hotnewsinworld.com\/hu\/mar-lehet-regisztralni-a-nemzetkozi-eucharisztikus-kongresszusra\/","og_locale":"hu_HU","og_type":"article","og_title":"M\u00e1r lehet regisztr\u00e1lni a Nemzetk\u00f6zi Eucharisztikus Kongresszusra - Hot News in World","og_description":"2019. szeptember 13. 20:04 Erd\u0151 P\u00e9ter kiemelte: \u201earra k\u00e9sz\u00fcl\u00fcnk, hogy nyilv\u00e1nosan kifejezz\u00fck a hit\u00fcnket \u00e9s az \u00f6r\u00f6m\u00fcnket\u201d. Egy \u00e9v m\u00falva kezd\u0151dik Budapesten az 52. Nemzetk\u00f6zi Eucharisztikus Kongresszus, amelynek programjaira m\u00e1r lehet regisztr\u00e1lni. A visszasz\u00e1ml\u00e1l\u00e1st Erd\u0151 P\u00e9ter b\u00edboros, esztergom-budapesti \u00e9rsek ind\u00edtotta el a budapesti Szent Istv\u00e1n-bazilika el\u0151tt p\u00e9ntek d\u00e9lut\u00e1n. A b\u00edboros k\u00f6sz\u00f6nt\u0151j\u00e9ben kiemelte: \u201earra k\u00e9sz\u00fcl\u00fcnk, hogy [&hellip;]","og_url":"https:\/\/hotnewsinworld.com\/hu\/mar-lehet-regisztralni-a-nemzetkozi-eucharisztikus-kongresszusra\/","og_site_name":"Hot News in World","article_published_time":"2019-09-13T18:10:53+00:00","article_modified_time":"2019-09-13T18:10:54+00:00","og_image":[{"width":850,"height":478,"url":"https:\/\/hotnewsinworld.com\/hu\/wp-content\/uploads\/sites\/3\/2019\/09\/M\u00e1r-lehet-regisztr\u00e1lni-a-Nemzetk\u00f6zi-Eucharisztikus-Kongresszusra.jpg","type":"image\/jpeg"}],"author":"hotnewsinworld","twitter_card":"summary_large_image","twitter_misc":{"Szerz\u0151:":"hotnewsinworld","Becs\u00fclt olvas\u00e1si id\u0151":"1 perc"},"schema":{"@context":"https:\/\/schema.org","@graph":[{"@type":"Article","@id":"https:\/\/hotnewsinworld.com\/hu\/mar-lehet-regisztralni-a-nemzetkozi-eucharisztikus-kongresszusra\/#article","isPartOf":{"@id":"https:\/\/hotnewsinworld.com\/hu\/mar-lehet-regisztralni-a-nemzetkozi-eucharisztikus-kongresszusra\/"},"author":{"name":"hotnewsinworld","@id":"https:\/\/hotnewsinworld.com\/hu\/#\/schema\/person\/fe61448b21c0d59086e75fcc1f9d8f6b"},"headline":"M\u00e1r lehet regisztr\u00e1lni a Nemzetk\u00f6zi Eucharisztikus Kongresszusra","datePublished":"2019-09-13T18:10:53+00:00","dateModified":"2019-09-13T18:10:54+00:00","mainEntityOfPage":{"@id":"https:\/\/hotnewsinworld.com\/hu\/mar-lehet-regisztralni-a-nemzetkozi-eucharisztikus-kongresszusra\/"},"wordCount":204,"commentCount":0,"image":{"@id":"https:\/\/hotnewsinworld.com\/hu\/mar-lehet-regisztralni-a-nemzetkozi-eucharisztikus-kongresszusra\/#primaryimage"},"thumbnailUrl":"https:\/\/hotnewsinworld.com\/hu\/wp-content\/uploads\/sites\/3\/2019\/09\/M\u00e1r-lehet-regisztr\u00e1lni-a-Nemzetk\u00f6zi-Eucharisztikus-Kongresszusra.jpg","articleSection":["LEG\u00daJABB P\u00c9NZ\u00dcGYI H\u00cdREK"],"inLanguage":"hu","potentialAction":[{"@type":"CommentAction","name":"Comment","target":["https:\/\/hotnewsinworld.com\/hu\/mar-lehet-regisztralni-a-nemzetkozi-eucharisztikus-kongresszusra\/#respond"]}]},{"@type":"WebPage","@id":"https:\/\/hotnewsinworld.com\/hu\/mar-lehet-regisztralni-a-nemzetkozi-eucharisztikus-kongresszusra\/","url":"https:\/\/hotnewsinworld.com\/hu\/mar-lehet-regisztralni-a-nemzetkozi-eucharisztikus-kongresszusra\/","name":"M\u00e1r lehet regisztr\u00e1lni a Nemzetk\u00f6zi Eucharisztikus Kongresszusra - Hot News in World","isPartOf":{"@id":"https:\/\/hotnewsinworld.com\/hu\/#website"},"primaryImageOfPage":{"@id":"https:\/\/hotnewsinworld.com\/hu\/mar-lehet-regisztralni-a-nemzetkozi-eucharisztikus-kongresszusra\/#primaryimage"},"image":{"@id":"https:\/\/hotnewsinworld.com\/hu\/mar-lehet-regisztralni-a-nemzetkozi-eucharisztikus-kongresszusra\/#primaryimage"},"thumbnailUrl":"https:\/\/hotnewsinworld.com\/hu\/wp-content\/uploads\/sites\/3\/2019\/09\/M\u00e1r-lehet-regisztr\u00e1lni-a-Nemzetk\u00f6zi-Eucharisztikus-Kongresszusra.jpg","datePublished":"2019-09-13T18:10:53+00:00","dateModified":"2019-09-13T18:10:54+00:00","author":{"@id":"https:\/\/hotnewsinworld.com\/hu\/#\/schema\/person\/fe61448b21c0d59086e75fcc1f9d8f6b"},"breadcrumb":{"@id":"https:\/\/hotnewsinworld.com\/hu\/mar-lehet-regisztralni-a-nemzetkozi-eucharisztikus-kongresszusra\/#breadcrumb"},"inLanguage":"hu","potentialAction":[{"@type":"ReadAction","target":["https:\/\/hotnewsinworld.com\/hu\/mar-lehet-regisztralni-a-nemzetkozi-eucharisztikus-kongresszusra\/"]}]},{"@type":"ImageObject","inLanguage":"hu","@id":"https:\/\/hotnewsinworld.com\/hu\/mar-lehet-regisztralni-a-nemzetkozi-eucharisztikus-kongresszusra\/#primaryimage","url":"https:\/\/hotnewsinworld.com\/hu\/wp-content\/uploads\/sites\/3\/2019\/09\/M\u00e1r-lehet-regisztr\u00e1lni-a-Nemzetk\u00f6zi-Eucharisztikus-Kongresszusra.jpg","contentUrl":"https:\/\/hotnewsinworld.com\/hu\/wp-content\/uploads\/sites\/3\/2019\/09\/M\u00e1r-lehet-regisztr\u00e1lni-a-Nemzetk\u00f6zi-Eucharisztikus-Kongresszusra.jpg","width":850,"height":478,"caption":"M\u00e1r lehet regisztr\u00e1lni a Nemzetk\u00f6zi Eucharisztikus Kongresszusra"},{"@type":"BreadcrumbList","@id":"https:\/\/hotnewsinworld.com\/hu\/mar-lehet-regisztralni-a-nemzetkozi-eucharisztikus-kongresszusra\/#breadcrumb","itemListElement":[{"@type":"ListItem","position":1,"name":"\u0413\u043b\u0430\u0432\u043d\u0430\u044f \u0441\u0442\u0440\u0430\u043d\u0438\u0446\u0430","item":"https:\/\/hotnewsinworld.com\/hu\/"},{"@type":"ListItem","position":2,"name":"M\u00e1r lehet regisztr\u00e1lni a Nemzetk\u00f6zi Eucharisztikus Kongresszusra"}]},{"@type":"WebSite","@id":"https:\/\/hotnewsinworld.com\/hu\/#website","url":"https:\/\/hotnewsinworld.com\/hu\/","name":"Hot News in World","description":"Hot News in World from Hungary","potentialAction":[{"@type":"SearchAction","target":{"@type":"EntryPoint","urlTemplate":"https:\/\/hotnewsinworld.com\/hu\/?s={search_term_string}"},"query-input":{"@type":"PropertyValueSpecification","valueRequired":true,"valueName":"search_term_string"}}],"inLanguage":"hu"},{"@type":"Person","@id":"https:\/\/hotnewsinworld.com\/hu\/#\/schema\/person\/fe61448b21c0d59086e75fcc1f9d8f6b","name":"hotnewsinworld","image":{"@type":"ImageObject","inLanguage":"hu","@id":"https:\/\/secure.gravatar.com\/avatar\/8a09ac165600ce2e1c38fe593c63928eb1e6e7ba5c5a907d67787c41b3d00c14?s=96&d=mm&r=g","url":"https:\/\/secure.gravatar.com\/avatar\/8a09ac165600ce2e1c38fe593c63928eb1e6e7ba5c5a907d67787c41b3d00c14?s=96&d=mm&r=g","contentUrl":"https:\/\/secure.gravatar.com\/avatar\/8a09ac165600ce2e1c38fe593c63928eb1e6e7ba5c5a907d67787c41b3d00c14?s=96&d=mm&r=g","caption":"hotnewsinworld"},"url":"https:\/\/hotnewsinworld.com\/hu\/author\/pt\/"}]}},"_links":{"self":[{"href":"https:\/\/hotnewsinworld.com\/hu\/wp-json\/wp\/v2\/posts\/2010","targetHints":{"allow":["GET"]}}],"collection":[{"href":"https:\/\/hotnewsinworld.com\/hu\/wp-json\/wp\/v2\/posts"}],"about":[{"href":"https:\/\/hotnewsinworld.com\/hu\/wp-json\/wp\/v2\/types\/post"}],"author":[{"embeddable":true,"href":"https:\/\/hotnewsinworld.com\/hu\/wp-json\/wp\/v2\/users\/2"}],"replies":[{"embeddable":true,"href":"https:\/\/hotnewsinworld.com\/hu\/wp-json\/wp\/v2\/comments?post=2010"}],"version-history":[{"count":1,"href":"https:\/\/hotnewsinworld.com\/hu\/wp-json\/wp\/v2\/posts\/2010\/revisions"}],"predecessor-version":[{"id":2012,"href":"https:\/\/hotnewsinworld.com\/hu\/wp-json\/wp\/v2\/posts\/2010\/revisions\/2012"}],"wp:featuredmedia":[{"embeddable":true,"href":"https:\/\/hotnewsinworld.com\/hu\/wp-json\/wp\/v2\/media\/2011"}],"wp:attachment":[{"href":"https:\/\/hotnewsinworld.com\/hu\/wp-json\/wp\/v2\/media?parent=2010"}],"wp:term":[{"taxonomy":"category","embeddable":true,"href":"https:\/\/hotnewsinworld.com\/hu\/wp-json\/wp\/v2\/categories?post=2010"},{"taxonomy":"post_tag","embeddable":true,"href":"https:\/\/hotnewsinworld.com\/hu\/wp-json\/wp\/v2\/tags?post=2010"}],"curies":[{"name":"wp","href":"https:\/\/api.w.org\/{rel}","templated":true}]}}