{"id":2016,"date":"2019-09-13T23:58:35","date_gmt":"2019-09-13T20:58:35","guid":{"rendered":"https:\/\/hotnewsinworld.com\/hu\/vilaghaborus-bombat-hatastalanitanak-vasarnap-a-moricz-zsigmond-korternel\/"},"modified":"2019-09-13T23:58:36","modified_gmt":"2019-09-13T20:58:36","slug":"vilaghaborus-bombat-hatastalanitanak-vasarnap-a-moricz-zsigmond-korternel","status":"publish","type":"post","link":"https:\/\/hotnewsinworld.com\/hu\/vilaghaborus-bombat-hatastalanitanak-vasarnap-a-moricz-zsigmond-korternel\/","title":{"rendered":"Vil\u00e1gh\u00e1bor\u00fas bomb\u00e1t hat\u00e1stalan\u00edtanak vas\u00e1rnap a M\u00f3ricz Zsigmond k\u00f6rt\u00e9rn\u00e9l"},"content":{"rendered":"<p>\t\t\t\t\tA cikk emailben t\u00f6rt\u00e9n\u0151 elk\u00fcld\u00e9s\u00e9hez kattintson ide, vagy m\u00e1solja le \u00e9s k\u00fcldje el ezt a linket: https:\/\/magyarnemzet.hu\/belfold\/vilaghaborus-bombat-hatastalanitanak-vasarnap-a-moricz-zsigmond-korternel-7302497\/<\/p>\n<p>\t\t\t\t\t2019. szeptember 13. p\u00e9ntek 22:40<\/p>\n<p>\t\t\t\t\t\t\t\tVil\u00e1gh\u00e1bor\u00fas bomb\u00e1t hat\u00e1stalan\u00edtanak vas\u00e1rnap \u00dajbud\u00e1n a Magyar Honv\u00e9ds\u00e9g (MH) t\u0171zszer\u00e9szei. Emiatt ki\u00fcr\u00edt\u00e9sre \u00e9s lez\u00e1r\u00e1sokra kell k\u00e9sz\u00fclni a M\u00f3ricz Zsigmond k\u00f6rt\u00e9rn\u00e9l.\t\t\t\t\t\t\t<\/p>\n<p>\t\t\t\t\tA Honv\u00e9delmi Miniszt\u00e9rium (HM) p\u00e9nteken az MTI-vel azt k\u00f6z\u00f6lte: egy amerikai gy\u00e1rtm\u00e1ny\u00fa, 250 kilogrammos l\u00e9gibomba hat\u00e1stalan\u00edt\u00e1s\u00e1t v\u00e9gzik az MH 1. Honv\u00e9d T\u0171zszer\u00e9sz \u00e9s Hadihaj\u00f3s Ezred katon\u00e1i vas\u00e1rnap \u00dajbud\u00e1n.<br \/>\nK\u00f6zlem\u00e9ny\u00fck szerint a robban\u00f3test h\u00e9tf\u0151n ker\u00fclt el\u0151 a Szent Margit Gimn\u00e1zium ter\u00fclet\u00e9n zajl\u00f3 \u00e9p\u00edtkez\u00e9s sor\u00e1n.<br \/>\nVas\u00e1rnap az \u00e9rintett szervezetek egy\u00fcttm\u0171k\u00f6d\u00e9s\u00e9vel a rend\u0151r\u00f6k 686 lak\u00e1st, irodah\u00e1zakat, vend\u00e9gl\u00e1t\u00f3 helyis\u00e9geket \u00fcr\u00edtenek ki \u00e9s lez\u00e1rj\u00e1k a M\u00f3ricz Zsigmond k\u00f6rt\u00e9r, a Himfy utca, a Vill\u00e1nyi \u00fat, a Balogh Tiham\u00e9r lejt\u0151n l\u00e9v\u0151 \u00fatszakasz, a M\u00e9nesi \u00fat, a Bart\u00f3k B\u00e9la \u00fat, a Soml\u00f3i \u00fat, a Vill\u00e1nyi \u00fat, a Kelenhegyi l\u00e9pcs\u0151 meghat\u00e1rozott szakasz\u00e1t.<br \/>\nA t\u0171zszer\u00e9sz katon\u00e1k a bomba kiemel\u00e9s\u00e9hez \u00e9s hat\u00e1stalan\u00edt\u00e1s\u00e1hoz akkor kezdenek hozz\u00e1, amikor a lakoss\u00e1got \u00e9s a k\u00f6zleked\u00e9st \u00e9rint\u0151 korl\u00e1toz\u00f3 int\u00e9zked\u00e9seket megtett\u00e9k a rend\u0151r\u00f6k \u2013 \u00edrta a HM. Tov\u00e1bbi inform\u00e1ci\u00f3k tal\u00e1lhat\u00f3k az ujbuda.hu; bkk.hu; bkkinfo.hu oldalakon \u2013 tett\u00e9k hozz\u00e1.<br \/>\n\u00dajbuda \u00f6nkorm\u00e1nyzata a honlapj\u00e1n azt \u00edrta: az \u00e9rintett lak\u00e1sokba, illetve szolg\u00e1ltat\u00f3- \u00e9s irodah\u00e1zakba v\u00e1rhat\u00f3an a k\u00e9s\u0151 d\u00e9lut\u00e1ni \u00f3r\u00e1kban lehet visszat\u00e9rni.<br \/>\nA biztons\u00e1gi z\u00e1r\u00e1s ideje alatt a G\u00e1rdonyi G\u00e9za \u00c1ltal\u00e1nos Iskola (Bart\u00f3k B\u00e9la \u00fat 27.) befogad\u00f3 helyk\u00e9nt \u00fczemel.<br \/>\nA Budapesti K\u00f6zleked\u00e9si K\u00f6zpont az MTI-hez eljuttatott k\u00f6zlem\u00e9ny\u00e9ben azt \u00edrta: a lez\u00e1r\u00e1s idej\u00e9n \u2013 v\u00e1rhat\u00f3an 9.30-t\u00f3l \u2013 nem j\u00e1r a 17-es \u00e9s a 61-es villamos \u00dajbuda-k\u00f6zpont \u00e9s a Buda\u00f6rsi \u00fat k\u00f6z\u00f6tt, a 19-es \u00e9s a 49-es villamos a Szent Gell\u00e9rt t\u00e9r \u00e9s Kelenf\u00f6ld vas\u00fat\u00e1llom\u00e1s k\u00f6z\u00f6tt, a 41-es \u00e9s a 47-es villamos \u00dajbuda-k\u00f6zpont \u00e9s a Szent Gell\u00e9rt t\u00e9r k\u00f6z\u00f6tt, az 56A villamos pedig a M\u00f3ricz Zsigmond k\u00f6rt\u00e9r \u00e9s a Szent Gell\u00e9rt t\u00e9r k\u00f6z\u00f6tt.<br \/>\nAz \u00e9rintett buszj\u00e1ratok is a lez\u00e1rt \u00fatszakaszt elker\u00fclve k\u00f6zlekednek. A 7-es busz a Kosztol\u00e1nyi Dezs\u0151 t\u00e9r \u00e9s a Szent Gell\u00e9rt t\u00e9r k\u00f6z\u00f6tt m\u00f3dos\u00edtott \u00fatvonalon, \u00dajbuda-k\u00f6zpont \u00e9rint\u00e9s\u00e9vel k\u00f6zlekedik. A 27-es busz r\u00f6vid\u00edtett \u00fatvonalon, a S\u00e1nc utca \u00e9s a Vill\u00e1nyi \u00fat k\u00f6z\u00f6tt k\u00f6zlekedik. A 114-es, a 213-as \u00e9s a 214-es busz a M\u00f3ricz Zsigmond k\u00f6rteret \u00dajbuda-k\u00f6zpont \u00e9rint\u00e9s\u00e9vel \u00e9ri el. A 133E busz \u00dajpalota fel\u00e9 nem \u00e9rinti a Budafoki \u00fat\/Karinthy Frigyes \u00fat \u00e9s a M\u00f3ricz Zsigmond k\u00f6rt\u00e9r meg\u00e1ll\u00f3helyet. A 240-es busz pedig a M\u00f3ricz Zsigmond k\u00f6rt\u00e9r helyett \u00dajbuda-k\u00f6zpont v\u00e9g\u00e1llom\u00e1sig k\u00f6zlekedik.<\/p>\n<p>\n<!--noindex--><br \/>\n<a href=\"https:\/\/hirek.oldal.info\/rssclick\/14395623\" rel=\"nofollow\">Source link <\/a><br \/>\n<!--\/noindex--><\/p>\n","protected":false},"excerpt":{"rendered":"<p>A cikk emailben t\u00f6rt\u00e9n\u0151 elk\u00fcld\u00e9s\u00e9hez kattintson ide, vagy m\u00e1solja le \u00e9s k\u00fcldje el ezt a linket: https:\/\/magyarnemzet.hu\/belfold\/vilaghaborus-bombat-hatastalanitanak-vasarnap-a-moricz-zsigmond-korternel-7302497\/ 2019. szeptember 13. p\u00e9ntek 22:40 Vil\u00e1gh\u00e1bor\u00fas bomb\u00e1t hat\u00e1stalan\u00edtanak vas\u00e1rnap \u00dajbud\u00e1n a Magyar Honv\u00e9ds\u00e9g (MH) t\u0171zszer\u00e9szei. Emiatt ki\u00fcr\u00edt\u00e9sre \u00e9s lez\u00e1r\u00e1sokra kell k\u00e9sz\u00fclni a M\u00f3ricz Zsigmond k\u00f6rt\u00e9rn\u00e9l. A Honv\u00e9delmi Miniszt\u00e9rium (HM) p\u00e9nteken az MTI-vel azt k\u00f6z\u00f6lte: egy amerikai gy\u00e1rtm\u00e1ny\u00fa, 250 [&hellip;]<\/p>\n","protected":false},"author":2,"featured_media":199,"comment_status":"open","ping_status":"open","sticky":false,"template":"","format":"standard","meta":{"footnotes":""},"categories":[1],"tags":[],"class_list":["post-2016","post","type-post","status-publish","format-standard","has-post-thumbnail","hentry","category-legujabb-penzugyi-hirek"],"yoast_head":"<!-- This site is optimized with the Yoast SEO plugin v27.4 - https:\/\/yoast.com\/product\/yoast-seo-wordpress\/ -->\n<title>Vil\u00e1gh\u00e1bor\u00fas bomb\u00e1t hat\u00e1stalan\u00edtanak vas\u00e1rnap a M\u00f3ricz Zsigmond k\u00f6rt\u00e9rn\u00e9l - Hot News in World<\/title>\n<meta name=\"robots\" content=\"index, follow, max-snippet:-1, max-image-preview:large, max-video-preview:-1\" \/>\n<link rel=\"canonical\" href=\"https:\/\/hotnewsinworld.com\/hu\/vilaghaborus-bombat-hatastalanitanak-vasarnap-a-moricz-zsigmond-korternel\/\" \/>\n<meta property=\"og:locale\" content=\"hu_HU\" \/>\n<meta property=\"og:type\" content=\"article\" \/>\n<meta property=\"og:title\" content=\"Vil\u00e1gh\u00e1bor\u00fas bomb\u00e1t hat\u00e1stalan\u00edtanak vas\u00e1rnap a M\u00f3ricz Zsigmond k\u00f6rt\u00e9rn\u00e9l - Hot News in World\" \/>\n<meta property=\"og:description\" content=\"A cikk emailben t\u00f6rt\u00e9n\u0151 elk\u00fcld\u00e9s\u00e9hez kattintson ide, vagy m\u00e1solja le \u00e9s k\u00fcldje el ezt a linket: https:\/\/magyarnemzet.hu\/belfold\/vilaghaborus-bombat-hatastalanitanak-vasarnap-a-moricz-zsigmond-korternel-7302497\/ 2019. szeptember 13. p\u00e9ntek 22:40 Vil\u00e1gh\u00e1bor\u00fas bomb\u00e1t hat\u00e1stalan\u00edtanak vas\u00e1rnap \u00dajbud\u00e1n a Magyar Honv\u00e9ds\u00e9g (MH) t\u0171zszer\u00e9szei. Emiatt ki\u00fcr\u00edt\u00e9sre \u00e9s lez\u00e1r\u00e1sokra kell k\u00e9sz\u00fclni a M\u00f3ricz Zsigmond k\u00f6rt\u00e9rn\u00e9l. A Honv\u00e9delmi Miniszt\u00e9rium (HM) p\u00e9nteken az MTI-vel azt k\u00f6z\u00f6lte: egy amerikai gy\u00e1rtm\u00e1ny\u00fa, 250 [&hellip;]\" \/>\n<meta property=\"og:url\" content=\"https:\/\/hotnewsinworld.com\/hu\/vilaghaborus-bombat-hatastalanitanak-vasarnap-a-moricz-zsigmond-korternel\/\" \/>\n<meta property=\"og:site_name\" content=\"Hot News in World\" \/>\n<meta property=\"article:published_time\" content=\"2019-09-13T20:58:35+00:00\" \/>\n<meta property=\"article:modified_time\" content=\"2019-09-13T20:58:36+00:00\" \/>\n<meta property=\"og:image\" content=\"https:\/\/hotnewsinworld.com\/hu\/wp-content\/uploads\/sites\/3\/2019\/06\/Hidv\u00e9ghi-Bal\u00e1zs-A-Fidesz-kezdem\u00e9nyezni-fogja-a-migr\u00e1nsk\u00e1rty\u00e1k-megsz\u00fcntet\u00e9s\u00e9t.png\" \/>\n\t<meta property=\"og:image:width\" content=\"1200\" \/>\n\t<meta property=\"og:image:height\" content=\"630\" \/>\n\t<meta property=\"og:image:type\" content=\"image\/png\" \/>\n<meta name=\"author\" content=\"hotnewsinworld\" \/>\n<meta name=\"twitter:card\" content=\"summary_large_image\" \/>\n<meta name=\"twitter:label1\" content=\"Szerz\u0151:\" \/>\n\t<meta name=\"twitter:data1\" content=\"hotnewsinworld\" \/>\n\t<meta name=\"twitter:label2\" content=\"Becs\u00fclt olvas\u00e1si id\u0151\" \/>\n\t<meta name=\"twitter:data2\" content=\"3 perc\" \/>\n<script type=\"application\/ld+json\" class=\"yoast-schema-graph\">{\"@context\":\"https:\\\/\\\/schema.org\",\"@graph\":[{\"@type\":\"Article\",\"@id\":\"https:\\\/\\\/hotnewsinworld.com\\\/hu\\\/vilaghaborus-bombat-hatastalanitanak-vasarnap-a-moricz-zsigmond-korternel\\\/#article\",\"isPartOf\":{\"@id\":\"https:\\\/\\\/hotnewsinworld.com\\\/hu\\\/vilaghaborus-bombat-hatastalanitanak-vasarnap-a-moricz-zsigmond-korternel\\\/\"},\"author\":{\"name\":\"hotnewsinworld\",\"@id\":\"https:\\\/\\\/hotnewsinworld.com\\\/hu\\\/#\\\/schema\\\/person\\\/fe61448b21c0d59086e75fcc1f9d8f6b\"},\"headline\":\"Vil\u00e1gh\u00e1bor\u00fas bomb\u00e1t hat\u00e1stalan\u00edtanak vas\u00e1rnap a M\u00f3ricz Zsigmond k\u00f6rt\u00e9rn\u00e9l\",\"datePublished\":\"2019-09-13T20:58:35+00:00\",\"dateModified\":\"2019-09-13T20:58:36+00:00\",\"mainEntityOfPage\":{\"@id\":\"https:\\\/\\\/hotnewsinworld.com\\\/hu\\\/vilaghaborus-bombat-hatastalanitanak-vasarnap-a-moricz-zsigmond-korternel\\\/\"},\"wordCount\":606,\"commentCount\":0,\"image\":{\"@id\":\"https:\\\/\\\/hotnewsinworld.com\\\/hu\\\/vilaghaborus-bombat-hatastalanitanak-vasarnap-a-moricz-zsigmond-korternel\\\/#primaryimage\"},\"thumbnailUrl\":\"https:\\\/\\\/hotnewsinworld.com\\\/hu\\\/wp-content\\\/uploads\\\/sites\\\/3\\\/2019\\\/06\\\/Hidv\u00e9ghi-Bal\u00e1zs-A-Fidesz-kezdem\u00e9nyezni-fogja-a-migr\u00e1nsk\u00e1rty\u00e1k-megsz\u00fcntet\u00e9s\u00e9t.png\",\"articleSection\":[\"LEG\u00daJABB P\u00c9NZ\u00dcGYI H\u00cdREK\"],\"inLanguage\":\"hu\",\"potentialAction\":[{\"@type\":\"CommentAction\",\"name\":\"Comment\",\"target\":[\"https:\\\/\\\/hotnewsinworld.com\\\/hu\\\/vilaghaborus-bombat-hatastalanitanak-vasarnap-a-moricz-zsigmond-korternel\\\/#respond\"]}]},{\"@type\":\"WebPage\",\"@id\":\"https:\\\/\\\/hotnewsinworld.com\\\/hu\\\/vilaghaborus-bombat-hatastalanitanak-vasarnap-a-moricz-zsigmond-korternel\\\/\",\"url\":\"https:\\\/\\\/hotnewsinworld.com\\\/hu\\\/vilaghaborus-bombat-hatastalanitanak-vasarnap-a-moricz-zsigmond-korternel\\\/\",\"name\":\"Vil\u00e1gh\u00e1bor\u00fas bomb\u00e1t hat\u00e1stalan\u00edtanak vas\u00e1rnap a M\u00f3ricz Zsigmond k\u00f6rt\u00e9rn\u00e9l - Hot News in World\",\"isPartOf\":{\"@id\":\"https:\\\/\\\/hotnewsinworld.com\\\/hu\\\/#website\"},\"primaryImageOfPage\":{\"@id\":\"https:\\\/\\\/hotnewsinworld.com\\\/hu\\\/vilaghaborus-bombat-hatastalanitanak-vasarnap-a-moricz-zsigmond-korternel\\\/#primaryimage\"},\"image\":{\"@id\":\"https:\\\/\\\/hotnewsinworld.com\\\/hu\\\/vilaghaborus-bombat-hatastalanitanak-vasarnap-a-moricz-zsigmond-korternel\\\/#primaryimage\"},\"thumbnailUrl\":\"https:\\\/\\\/hotnewsinworld.com\\\/hu\\\/wp-content\\\/uploads\\\/sites\\\/3\\\/2019\\\/06\\\/Hidv\u00e9ghi-Bal\u00e1zs-A-Fidesz-kezdem\u00e9nyezni-fogja-a-migr\u00e1nsk\u00e1rty\u00e1k-megsz\u00fcntet\u00e9s\u00e9t.png\",\"datePublished\":\"2019-09-13T20:58:35+00:00\",\"dateModified\":\"2019-09-13T20:58:36+00:00\",\"author\":{\"@id\":\"https:\\\/\\\/hotnewsinworld.com\\\/hu\\\/#\\\/schema\\\/person\\\/fe61448b21c0d59086e75fcc1f9d8f6b\"},\"breadcrumb\":{\"@id\":\"https:\\\/\\\/hotnewsinworld.com\\\/hu\\\/vilaghaborus-bombat-hatastalanitanak-vasarnap-a-moricz-zsigmond-korternel\\\/#breadcrumb\"},\"inLanguage\":\"hu\",\"potentialAction\":[{\"@type\":\"ReadAction\",\"target\":[\"https:\\\/\\\/hotnewsinworld.com\\\/hu\\\/vilaghaborus-bombat-hatastalanitanak-vasarnap-a-moricz-zsigmond-korternel\\\/\"]}]},{\"@type\":\"ImageObject\",\"inLanguage\":\"hu\",\"@id\":\"https:\\\/\\\/hotnewsinworld.com\\\/hu\\\/vilaghaborus-bombat-hatastalanitanak-vasarnap-a-moricz-zsigmond-korternel\\\/#primaryimage\",\"url\":\"https:\\\/\\\/hotnewsinworld.com\\\/hu\\\/wp-content\\\/uploads\\\/sites\\\/3\\\/2019\\\/06\\\/Hidv\u00e9ghi-Bal\u00e1zs-A-Fidesz-kezdem\u00e9nyezni-fogja-a-migr\u00e1nsk\u00e1rty\u00e1k-megsz\u00fcntet\u00e9s\u00e9t.png\",\"contentUrl\":\"https:\\\/\\\/hotnewsinworld.com\\\/hu\\\/wp-content\\\/uploads\\\/sites\\\/3\\\/2019\\\/06\\\/Hidv\u00e9ghi-Bal\u00e1zs-A-Fidesz-kezdem\u00e9nyezni-fogja-a-migr\u00e1nsk\u00e1rty\u00e1k-megsz\u00fcntet\u00e9s\u00e9t.png\",\"width\":1200,\"height\":630,\"caption\":\"Hidv\u00e9ghi Bal\u00e1zs: A Fidesz kezdem\u00e9nyezni fogja a migr\u00e1nsk\u00e1rty\u00e1k megsz\u00fcntet\u00e9s\u00e9t\"},{\"@type\":\"BreadcrumbList\",\"@id\":\"https:\\\/\\\/hotnewsinworld.com\\\/hu\\\/vilaghaborus-bombat-hatastalanitanak-vasarnap-a-moricz-zsigmond-korternel\\\/#breadcrumb\",\"itemListElement\":[{\"@type\":\"ListItem\",\"position\":1,\"name\":\"\u0413\u043b\u0430\u0432\u043d\u0430\u044f \u0441\u0442\u0440\u0430\u043d\u0438\u0446\u0430\",\"item\":\"https:\\\/\\\/hotnewsinworld.com\\\/hu\\\/\"},{\"@type\":\"ListItem\",\"position\":2,\"name\":\"Vil\u00e1gh\u00e1bor\u00fas bomb\u00e1t hat\u00e1stalan\u00edtanak vas\u00e1rnap a M\u00f3ricz Zsigmond k\u00f6rt\u00e9rn\u00e9l\"}]},{\"@type\":\"WebSite\",\"@id\":\"https:\\\/\\\/hotnewsinworld.com\\\/hu\\\/#website\",\"url\":\"https:\\\/\\\/hotnewsinworld.com\\\/hu\\\/\",\"name\":\"Hot News in World\",\"description\":\"Hot News in World from Hungary\",\"potentialAction\":[{\"@type\":\"SearchAction\",\"target\":{\"@type\":\"EntryPoint\",\"urlTemplate\":\"https:\\\/\\\/hotnewsinworld.com\\\/hu\\\/?s={search_term_string}\"},\"query-input\":{\"@type\":\"PropertyValueSpecification\",\"valueRequired\":true,\"valueName\":\"search_term_string\"}}],\"inLanguage\":\"hu\"},{\"@type\":\"Person\",\"@id\":\"https:\\\/\\\/hotnewsinworld.com\\\/hu\\\/#\\\/schema\\\/person\\\/fe61448b21c0d59086e75fcc1f9d8f6b\",\"name\":\"hotnewsinworld\",\"image\":{\"@type\":\"ImageObject\",\"inLanguage\":\"hu\",\"@id\":\"https:\\\/\\\/secure.gravatar.com\\\/avatar\\\/8a09ac165600ce2e1c38fe593c63928eb1e6e7ba5c5a907d67787c41b3d00c14?s=96&d=mm&r=g\",\"url\":\"https:\\\/\\\/secure.gravatar.com\\\/avatar\\\/8a09ac165600ce2e1c38fe593c63928eb1e6e7ba5c5a907d67787c41b3d00c14?s=96&d=mm&r=g\",\"contentUrl\":\"https:\\\/\\\/secure.gravatar.com\\\/avatar\\\/8a09ac165600ce2e1c38fe593c63928eb1e6e7ba5c5a907d67787c41b3d00c14?s=96&d=mm&r=g\",\"caption\":\"hotnewsinworld\"},\"url\":\"https:\\\/\\\/hotnewsinworld.com\\\/hu\\\/author\\\/pt\\\/\"}]}<\/script>\n<!-- \/ Yoast SEO plugin. -->","yoast_head_json":{"title":"Vil\u00e1gh\u00e1bor\u00fas bomb\u00e1t hat\u00e1stalan\u00edtanak vas\u00e1rnap a M\u00f3ricz Zsigmond k\u00f6rt\u00e9rn\u00e9l - Hot News in World","robots":{"index":"index","follow":"follow","max-snippet":"max-snippet:-1","max-image-preview":"max-image-preview:large","max-video-preview":"max-video-preview:-1"},"canonical":"https:\/\/hotnewsinworld.com\/hu\/vilaghaborus-bombat-hatastalanitanak-vasarnap-a-moricz-zsigmond-korternel\/","og_locale":"hu_HU","og_type":"article","og_title":"Vil\u00e1gh\u00e1bor\u00fas bomb\u00e1t hat\u00e1stalan\u00edtanak vas\u00e1rnap a M\u00f3ricz Zsigmond k\u00f6rt\u00e9rn\u00e9l - Hot News in World","og_description":"A cikk emailben t\u00f6rt\u00e9n\u0151 elk\u00fcld\u00e9s\u00e9hez kattintson ide, vagy m\u00e1solja le \u00e9s k\u00fcldje el ezt a linket: https:\/\/magyarnemzet.hu\/belfold\/vilaghaborus-bombat-hatastalanitanak-vasarnap-a-moricz-zsigmond-korternel-7302497\/ 2019. szeptember 13. p\u00e9ntek 22:40 Vil\u00e1gh\u00e1bor\u00fas bomb\u00e1t hat\u00e1stalan\u00edtanak vas\u00e1rnap \u00dajbud\u00e1n a Magyar Honv\u00e9ds\u00e9g (MH) t\u0171zszer\u00e9szei. Emiatt ki\u00fcr\u00edt\u00e9sre \u00e9s lez\u00e1r\u00e1sokra kell k\u00e9sz\u00fclni a M\u00f3ricz Zsigmond k\u00f6rt\u00e9rn\u00e9l. A Honv\u00e9delmi Miniszt\u00e9rium (HM) p\u00e9nteken az MTI-vel azt k\u00f6z\u00f6lte: egy amerikai gy\u00e1rtm\u00e1ny\u00fa, 250 [&hellip;]","og_url":"https:\/\/hotnewsinworld.com\/hu\/vilaghaborus-bombat-hatastalanitanak-vasarnap-a-moricz-zsigmond-korternel\/","og_site_name":"Hot News in World","article_published_time":"2019-09-13T20:58:35+00:00","article_modified_time":"2019-09-13T20:58:36+00:00","og_image":[{"width":1200,"height":630,"url":"https:\/\/hotnewsinworld.com\/hu\/wp-content\/uploads\/sites\/3\/2019\/06\/Hidv\u00e9ghi-Bal\u00e1zs-A-Fidesz-kezdem\u00e9nyezni-fogja-a-migr\u00e1nsk\u00e1rty\u00e1k-megsz\u00fcntet\u00e9s\u00e9t.png","type":"image\/png"}],"author":"hotnewsinworld","twitter_card":"summary_large_image","twitter_misc":{"Szerz\u0151:":"hotnewsinworld","Becs\u00fclt olvas\u00e1si id\u0151":"3 perc"},"schema":{"@context":"https:\/\/schema.org","@graph":[{"@type":"Article","@id":"https:\/\/hotnewsinworld.com\/hu\/vilaghaborus-bombat-hatastalanitanak-vasarnap-a-moricz-zsigmond-korternel\/#article","isPartOf":{"@id":"https:\/\/hotnewsinworld.com\/hu\/vilaghaborus-bombat-hatastalanitanak-vasarnap-a-moricz-zsigmond-korternel\/"},"author":{"name":"hotnewsinworld","@id":"https:\/\/hotnewsinworld.com\/hu\/#\/schema\/person\/fe61448b21c0d59086e75fcc1f9d8f6b"},"headline":"Vil\u00e1gh\u00e1bor\u00fas bomb\u00e1t hat\u00e1stalan\u00edtanak vas\u00e1rnap a M\u00f3ricz Zsigmond k\u00f6rt\u00e9rn\u00e9l","datePublished":"2019-09-13T20:58:35+00:00","dateModified":"2019-09-13T20:58:36+00:00","mainEntityOfPage":{"@id":"https:\/\/hotnewsinworld.com\/hu\/vilaghaborus-bombat-hatastalanitanak-vasarnap-a-moricz-zsigmond-korternel\/"},"wordCount":606,"commentCount":0,"image":{"@id":"https:\/\/hotnewsinworld.com\/hu\/vilaghaborus-bombat-hatastalanitanak-vasarnap-a-moricz-zsigmond-korternel\/#primaryimage"},"thumbnailUrl":"https:\/\/hotnewsinworld.com\/hu\/wp-content\/uploads\/sites\/3\/2019\/06\/Hidv\u00e9ghi-Bal\u00e1zs-A-Fidesz-kezdem\u00e9nyezni-fogja-a-migr\u00e1nsk\u00e1rty\u00e1k-megsz\u00fcntet\u00e9s\u00e9t.png","articleSection":["LEG\u00daJABB P\u00c9NZ\u00dcGYI H\u00cdREK"],"inLanguage":"hu","potentialAction":[{"@type":"CommentAction","name":"Comment","target":["https:\/\/hotnewsinworld.com\/hu\/vilaghaborus-bombat-hatastalanitanak-vasarnap-a-moricz-zsigmond-korternel\/#respond"]}]},{"@type":"WebPage","@id":"https:\/\/hotnewsinworld.com\/hu\/vilaghaborus-bombat-hatastalanitanak-vasarnap-a-moricz-zsigmond-korternel\/","url":"https:\/\/hotnewsinworld.com\/hu\/vilaghaborus-bombat-hatastalanitanak-vasarnap-a-moricz-zsigmond-korternel\/","name":"Vil\u00e1gh\u00e1bor\u00fas bomb\u00e1t hat\u00e1stalan\u00edtanak vas\u00e1rnap a M\u00f3ricz Zsigmond k\u00f6rt\u00e9rn\u00e9l - Hot News in World","isPartOf":{"@id":"https:\/\/hotnewsinworld.com\/hu\/#website"},"primaryImageOfPage":{"@id":"https:\/\/hotnewsinworld.com\/hu\/vilaghaborus-bombat-hatastalanitanak-vasarnap-a-moricz-zsigmond-korternel\/#primaryimage"},"image":{"@id":"https:\/\/hotnewsinworld.com\/hu\/vilaghaborus-bombat-hatastalanitanak-vasarnap-a-moricz-zsigmond-korternel\/#primaryimage"},"thumbnailUrl":"https:\/\/hotnewsinworld.com\/hu\/wp-content\/uploads\/sites\/3\/2019\/06\/Hidv\u00e9ghi-Bal\u00e1zs-A-Fidesz-kezdem\u00e9nyezni-fogja-a-migr\u00e1nsk\u00e1rty\u00e1k-megsz\u00fcntet\u00e9s\u00e9t.png","datePublished":"2019-09-13T20:58:35+00:00","dateModified":"2019-09-13T20:58:36+00:00","author":{"@id":"https:\/\/hotnewsinworld.com\/hu\/#\/schema\/person\/fe61448b21c0d59086e75fcc1f9d8f6b"},"breadcrumb":{"@id":"https:\/\/hotnewsinworld.com\/hu\/vilaghaborus-bombat-hatastalanitanak-vasarnap-a-moricz-zsigmond-korternel\/#breadcrumb"},"inLanguage":"hu","potentialAction":[{"@type":"ReadAction","target":["https:\/\/hotnewsinworld.com\/hu\/vilaghaborus-bombat-hatastalanitanak-vasarnap-a-moricz-zsigmond-korternel\/"]}]},{"@type":"ImageObject","inLanguage":"hu","@id":"https:\/\/hotnewsinworld.com\/hu\/vilaghaborus-bombat-hatastalanitanak-vasarnap-a-moricz-zsigmond-korternel\/#primaryimage","url":"https:\/\/hotnewsinworld.com\/hu\/wp-content\/uploads\/sites\/3\/2019\/06\/Hidv\u00e9ghi-Bal\u00e1zs-A-Fidesz-kezdem\u00e9nyezni-fogja-a-migr\u00e1nsk\u00e1rty\u00e1k-megsz\u00fcntet\u00e9s\u00e9t.png","contentUrl":"https:\/\/hotnewsinworld.com\/hu\/wp-content\/uploads\/sites\/3\/2019\/06\/Hidv\u00e9ghi-Bal\u00e1zs-A-Fidesz-kezdem\u00e9nyezni-fogja-a-migr\u00e1nsk\u00e1rty\u00e1k-megsz\u00fcntet\u00e9s\u00e9t.png","width":1200,"height":630,"caption":"Hidv\u00e9ghi Bal\u00e1zs: A Fidesz kezdem\u00e9nyezni fogja a migr\u00e1nsk\u00e1rty\u00e1k megsz\u00fcntet\u00e9s\u00e9t"},{"@type":"BreadcrumbList","@id":"https:\/\/hotnewsinworld.com\/hu\/vilaghaborus-bombat-hatastalanitanak-vasarnap-a-moricz-zsigmond-korternel\/#breadcrumb","itemListElement":[{"@type":"ListItem","position":1,"name":"\u0413\u043b\u0430\u0432\u043d\u0430\u044f \u0441\u0442\u0440\u0430\u043d\u0438\u0446\u0430","item":"https:\/\/hotnewsinworld.com\/hu\/"},{"@type":"ListItem","position":2,"name":"Vil\u00e1gh\u00e1bor\u00fas bomb\u00e1t hat\u00e1stalan\u00edtanak vas\u00e1rnap a M\u00f3ricz Zsigmond k\u00f6rt\u00e9rn\u00e9l"}]},{"@type":"WebSite","@id":"https:\/\/hotnewsinworld.com\/hu\/#website","url":"https:\/\/hotnewsinworld.com\/hu\/","name":"Hot News in World","description":"Hot News in World from Hungary","potentialAction":[{"@type":"SearchAction","target":{"@type":"EntryPoint","urlTemplate":"https:\/\/hotnewsinworld.com\/hu\/?s={search_term_string}"},"query-input":{"@type":"PropertyValueSpecification","valueRequired":true,"valueName":"search_term_string"}}],"inLanguage":"hu"},{"@type":"Person","@id":"https:\/\/hotnewsinworld.com\/hu\/#\/schema\/person\/fe61448b21c0d59086e75fcc1f9d8f6b","name":"hotnewsinworld","image":{"@type":"ImageObject","inLanguage":"hu","@id":"https:\/\/secure.gravatar.com\/avatar\/8a09ac165600ce2e1c38fe593c63928eb1e6e7ba5c5a907d67787c41b3d00c14?s=96&d=mm&r=g","url":"https:\/\/secure.gravatar.com\/avatar\/8a09ac165600ce2e1c38fe593c63928eb1e6e7ba5c5a907d67787c41b3d00c14?s=96&d=mm&r=g","contentUrl":"https:\/\/secure.gravatar.com\/avatar\/8a09ac165600ce2e1c38fe593c63928eb1e6e7ba5c5a907d67787c41b3d00c14?s=96&d=mm&r=g","caption":"hotnewsinworld"},"url":"https:\/\/hotnewsinworld.com\/hu\/author\/pt\/"}]}},"_links":{"self":[{"href":"https:\/\/hotnewsinworld.com\/hu\/wp-json\/wp\/v2\/posts\/2016","targetHints":{"allow":["GET"]}}],"collection":[{"href":"https:\/\/hotnewsinworld.com\/hu\/wp-json\/wp\/v2\/posts"}],"about":[{"href":"https:\/\/hotnewsinworld.com\/hu\/wp-json\/wp\/v2\/types\/post"}],"author":[{"embeddable":true,"href":"https:\/\/hotnewsinworld.com\/hu\/wp-json\/wp\/v2\/users\/2"}],"replies":[{"embeddable":true,"href":"https:\/\/hotnewsinworld.com\/hu\/wp-json\/wp\/v2\/comments?post=2016"}],"version-history":[{"count":1,"href":"https:\/\/hotnewsinworld.com\/hu\/wp-json\/wp\/v2\/posts\/2016\/revisions"}],"predecessor-version":[{"id":2017,"href":"https:\/\/hotnewsinworld.com\/hu\/wp-json\/wp\/v2\/posts\/2016\/revisions\/2017"}],"wp:featuredmedia":[{"embeddable":true,"href":"https:\/\/hotnewsinworld.com\/hu\/wp-json\/wp\/v2\/media\/199"}],"wp:attachment":[{"href":"https:\/\/hotnewsinworld.com\/hu\/wp-json\/wp\/v2\/media?parent=2016"}],"wp:term":[{"taxonomy":"category","embeddable":true,"href":"https:\/\/hotnewsinworld.com\/hu\/wp-json\/wp\/v2\/categories?post=2016"},{"taxonomy":"post_tag","embeddable":true,"href":"https:\/\/hotnewsinworld.com\/hu\/wp-json\/wp\/v2\/tags?post=2016"}],"curies":[{"name":"wp","href":"https:\/\/api.w.org\/{rel}","templated":true}]}}