{"id":2018,"date":"2019-09-14T01:32:34","date_gmt":"2019-09-13T22:32:34","guid":{"rendered":"https:\/\/hotnewsinworld.com\/hu\/a-fovaros-sajat-halottjanak-tekinti-az-elhunyt-konrad-gyorgyot\/"},"modified":"2019-09-14T01:32:36","modified_gmt":"2019-09-13T22:32:36","slug":"a-fovaros-sajat-halottjanak-tekinti-az-elhunyt-konrad-gyorgyot","status":"publish","type":"post","link":"https:\/\/hotnewsinworld.com\/hu\/a-fovaros-sajat-halottjanak-tekinti-az-elhunyt-konrad-gyorgyot\/","title":{"rendered":"A f\u0151v\u00e1ros saj\u00e1t halottj\u00e1nak tekinti az elhunyt Konr\u00e1d Gy\u00f6rgy\u00f6t"},"content":{"rendered":"<p>\tTarl\u00f3s Istv\u00e1n f\u0151polg\u00e1rmester \u0151szinte r\u00e9szv\u00e9t\u00e9t fejezte ki a p\u00e9nteken elhunyt Konr\u00e1d Gy\u00f6rgy csal\u00e1dj\u00e1nak, \u00e9s k\u00f6z\u00f6lte, az \u00edr\u00f3t a F\u0151v\u00e1rosi \u00d6nkorm\u00e1nyzat saj\u00e1t halottj\u00e1nak tekinti.<\/p>\n<p>class=&#8221;line-title-with-image&#8221;&gt;A sz\u00ednh\u00e1zi rendez\u0151 m\u00e1r r\u00e9g\u00f3ta s\u00falyos betegs\u00e9ggel k\u00fczd\u00f6tt.class=&#8221;line-title-with-image&#8221;&gt;\u00c9let\u00e9nek 87. \u00e9v\u00e9ben elhunyt Konr\u00e1d Gy\u00f6rgy Kossuth- \u00e9s Herder-d\u00edjas \u00edr\u00f3, essz\u00e9ista, szociol\u00f3gus \u2013 tudatta a csal\u00e1d p\u00e9nteken az MTI-vel.class=&#8221;line-title-with-image&#8221;&gt;\u201e\u00c9rtelmis\u00e9gi az olyan ember, akit az igazs\u00e1g \u00e9rdekel \u00e9s nem a hatalom. Politikus az olyan ember, akit a hatalom jobban \u00e9rdekel, mint az igazs\u00e1g\u201d \u2013 vallotta Konr\u00e1d Gy\u00f6rgy. A Kossuth-d\u00edjas \u00edr\u00f3, szociol\u00f3gus az egykori demokratikus ellenz\u00e9k vez\u00e9ralakja, az SZDSZ \u00e9s a Demokratikus Charta egyik alap\u00edt\u00f3ja volt. A K\u00f6zt\u00e1rsas\u00e1gi \u00c9rdemrend\u2026class=&#8221;line-title-with-image&#8221;&gt;Konr\u00e1d Gy\u00f6rgy\u00f6t hosszan tart\u00f3, s\u00falyos betegs\u00e9g ut\u00e1n otthon\u00e1ban \u00e9rte a hal\u00e1l p\u00e9nteken d\u00e9lut\u00e1n.class=&#8221;line-title-with-image&#8221;&gt;\u00c9let\u00e9nek 87. \u00e9v\u00e9ben elhunyt Konr\u00e1d Gy\u00f6rgy Kossuth- \u00e9s Herder-d\u00edjas \u00edr\u00f3, essz\u00e9ista, szociol\u00f3gus &#8211; tudatta a csal\u00e1d p\u00e9nteken az MTI-vel.class=&#8221;line-title-with-image&#8221;&gt;\u00c9let\u00e9nek 87. \u00e9v\u00e9ben elhunyt Konr\u00e1d Gy\u00f6rgy Kossuth- \u00e9s Herder-d\u00edjas \u00edr\u00f3, essz\u00e9ista, szociol\u00f3gus.class=&#8221;line-title-with-image&#8221;&gt;Tarl\u00f3s Istv\u00e1n f\u0151polg\u00e1rmester \u0151szinte r\u00e9szv\u00e9t\u00e9t fejezte ki a p\u00e9nteken elhunyt Konr\u00e1d Gy\u00f6rgy csal\u00e1dj\u00e1nak, \u00e9s k\u00f6z\u00f6lte, az \u00edr\u00f3t a F\u0151v\u00e1rosi \u00d6nkorm\u00e1nyzat saj\u00e1t halottj\u00e1nak tekinti.<br \/>\nFot\u00f3: MTI\/So\u00f3s Lajos<br \/>\nA polg\u00e1rmester \u00e1ltal jegyzett k\u00f6zlem\u00e9ny felid\u00e9zte, hogy a nemzetk\u00f6zi h\u00edr\u0171 reg\u00e9ny\u00edr\u00f3 irodalmi munk\u00e1ss\u00e1g\u00e1\u00e9rt \u00e9s k\u00f6z\u00e9leti tev\u00e9kenys\u00e9g\u00e9\u00e9rt\u2026class=&#8221;line-title-with-image&#8221;&gt;class=&#8221;line-title-with-image&#8221;&gt;77 \u00e9vesen, hossz\u00fa betegs\u00e9get k\u00f6vet\u0151en elhunyt Marton L\u00e1szl\u00f3. Az \u00e9vtizedekig tan\u00e1rk\u00e9nt dolgoz\u00f3 sz\u00ednh\u00e1zi szakemberre p\u00e1lyat\u00e1rsak, tan\u00edtv\u00e1nyok eml\u00e9keznek. A #metoo-t nem igaz\u00e1n \u00e9rintik, pedig szerves r\u00e9sze Marton ut\u00f3bbi k\u00e9t \u00e9v\u00e9nek \u2013 a bocs\u00e1natk\u00e9r\u00e9s\u00e9vel egy\u00fctt.class=&#8221;line-title-with-image&#8221;&gt;\u00c9let\u00e9nek 87. \u00e9v\u00e9ben elhunyt Konr\u00e1d Gy\u00f6rgy Kossuth- \u00e9s Herder-d\u00edjas \u00edr\u00f3, essz\u00e9ista, szociol\u00f3gus &#8211; tudatta a csal\u00e1d p\u00e9nteken az MTI-vel.class=&#8221;line-title-with-image&#8221;&gt;A 76 \u00e9vesen elhunyt Marton L\u00e1szl\u00f3 neve egybeforrott a V\u00edgsz\u00ednh\u00e1zzal, de nemcsak itthon, k\u00fclf\u00f6ld\u00f6n is keresett \u00e9s \u00fcnnepelt rendez\u0151 volt, de utols\u00f3 \u00e9veiben egy zaklat\u00e1si botr\u00e1nya miatt vonult vissza.class=&#8221;line-title-with-image&#8221;&gt;Hosszan tart\u00f3, s\u00falyos betegs\u00e9g ut\u00e1n, \u00e9let\u00e9nek 77. \u00e9v\u00e9ben, cs\u00fct\u00f6rt\u00f6k\u00f6n elhunyt Marton L\u00e1szl\u00f3 Kossuth-d\u00edjas rendez\u0151 &#8211; k\u00f6z\u00f6lte az MTI-vel a csal\u00e1d p\u00e9nteken.class=&#8221;line-title-with-image&#8221;&gt;\u201eA padl\u00e1s\u201d \u00e9s a \u201eK\u00e9pzelt riport egy amerikai popfesztiv\u00e1lr\u00f3l\u201d rendez\u0151je hosszan tart\u00f3, s\u00falyos betegs\u00e9g ut\u00e1n, \u00e9let\u00e9nek 77. \u00e9v\u00e9ben, cs\u00fct\u00f6rt\u00f6k\u00f6n t\u00e1vozott az \u00e9l\u0151k sor\u00e1b\u00f3l.class=&#8221;line-title-with-image&#8221;&gt;\u00c9let\u00e9nek 87. \u00e9v\u00e9ben elhunyt Konr\u00e1d Gy\u00f6rgy Kossuth- \u00e9s Herder-d\u00edjas \u00edr\u00f3, essz\u00e9ista, szociol\u00f3gus &#8211; tudatta a csal\u00e1d.class=&#8221;&#8221;&gt;\u00c9let\u00e9nek 87. \u00e9v\u00e9ben elhunyt Konr\u00e1d Gy\u00f6rgy Kossuth- \u00e9s Herder-d\u00edjas \u00edr\u00f3, essz\u00e9ista, szociol\u00f3gus &#8211; tudatta a csal\u00e1d p\u00e9nteken.class=&#8221;&#8221;&gt;\u00c9let\u00e9nek 87. \u00e9v\u00e9ben elhunyt Konr\u00e1d Gy\u00f6rgy Kossuth- \u00e9s Herder-d\u00edjas \u00edr\u00f3, essz\u00e9ista, szociol\u00f3gus &#8211; tudatta a csal\u00e1d p\u00e9nteken az MTI-vel.class=&#8221;line-title-with-image&#8221;&gt;Hosszan tart\u00f3, s\u00falyos betegs\u00e9g ut\u00e1n 76 \u00e9ves kor\u00e1ban cs\u00fct\u00f6rt\u00f6k\u00f6n elhunyt Marton L\u00e1szl\u00f3 Kossuth-d\u00edjas rendez\u0151 &#8211; k\u00f6z\u00f6lte az MTI-vel a csal\u00e1d p\u00e9nteken.class=&#8221;line-title-with-image&#8221;&gt;Hosszan tart\u00f3 s\u00falyos betegs\u00e9g ut\u00e1n, \u00e9let\u00e9nek 77. \u00e9v\u00e9ben elhunyt Marton L\u00e1szl\u00f3 Kossuth-d\u00edjas rendez\u0151, a V\u00edgsz\u00ednh\u00e1z kor\u00e1bbi igazgat\u00f3ja.class=&#8221;&#8221;&gt;\u00c9let\u00e9nek 87. \u00e9v\u00e9ben elhunyt Konr\u00e1d Gy\u00f6rgy Kossuth- \u00e9s Herder-d\u00edjas \u00edr\u00f3, essz\u00e9ista, szociol\u00f3gus \u2013 tudatta a csal\u00e1d p\u00e9nteken az MTI-vel.class=&#8221;&#8221;&gt;Konr\u00e1d Gy\u00f6rgy\u00f6t hosszan tart\u00f3, s\u00falyos betegs\u00e9g ut\u00e1n otthon\u00e1ban \u00e9rte a hal\u00e1l p\u00e9nteken d\u00e9lut\u00e1n: \u00e9let\u00e9nek 87. \u00e9v\u00e9ben elhunyt Konr\u00e1d Gy\u00f6rgy Kossuth- \u00e9s Herder-d\u00edjas \u00edr\u00f3, essz\u00e9ista, szociol\u00f3gus \u2013 tudatta a csal\u00e1d p\u00e9nteken az MTI-vel.class=&#8221;line-title-with-image&#8221;&gt;\u00c9let\u00e9nek 87. \u00e9v\u00e9ben elhunyt Konr\u00e1d Gy\u00f6rgy Kossuth- \u00e9s Herder-d\u00edjas \u00edr\u00f3, essz\u00e9ista, szociol\u00f3gus. Konr\u00e1d Gy\u00f6rgy\u00f6t hosszan tart\u00f3, s\u00falyos betegs\u00e9g ut\u00e1n otthon\u00e1ban \u00e9rte a hal\u00e1l p\u00e9nteken d\u00e9lut\u00e1n. Temet\u00e9s\u00e9r\u0151l k\u00e9s\u0151bb int\u00e9zkednek. MTI Konr\u00e1d Gy\u00f6rgy a magyar pr\u00f3za vil\u00e1gszerte egyik legismertebb alakja, m\u0171vei egyebek mellett angol, cseh, d\u00e1n, finn,\u2026class=&#8221;line-title-with-image&#8221;&gt;Hosszan tart\u00f3, s\u00falyos betegs\u00e9g ut\u00e1n \u00e9rte a hal\u00e1l.class=&#8221;line-title-with-image&#8221;&gt;\u00c9let\u00e9nek 87. \u00e9v\u00e9ben elhunyt Konr\u00e1d Gy\u00f6rgy Kossuth- \u00e9s Herder-d\u00edjas \u00edr\u00f3, essz\u00e9ista, szociol\u00f3gus \u2013 tudatta a csal\u00e1d p\u00e9nteken az MTI-vel.class=&#8221;line-title-with-image&#8221;&gt;Konr\u00e1d Gy\u00f6rgy\u00f6t hosszan tart\u00f3, s\u00falyos betegs\u00e9g ut\u00e1n otthon\u00e1ban \u00e9rte a hal\u00e1l p\u00e9nteken d\u00e9lut\u00e1n.class=&#8221;&#8221;&gt;Az \u00edr\u00f3 a magyar pr\u00f3za vil\u00e1gszerte egyik legismertebb alakja.class=&#8221;&#8221;&gt;Hosszan tart\u00f3, s\u00falyos betegs\u00e9g ut\u00e1n \u00e9rte a hal\u00e1l.class=&#8221;line-title-with-image&#8221;&gt;\u00c9let\u00e9nek 87. \u00e9v\u00e9ben elhunyt Konr\u00e1d Gy\u00f6rgy Kossuth- \u00e9s Herder-d\u00edjas \u00edr\u00f3, essz\u00e9ista, szociol\u00f3gus &#8211; tudatta a csal\u00e1d p\u00e9nteken az MTI-vel.class=&#8221;line-title-with-image&#8221;&gt;A V\u00edgsz\u00ednh\u00e1z szexu\u00e1lis zaklat\u00e1s miatt elbocs\u00e1jtott, volt rendez\u0151je hosszas betegs\u00e9g ut\u00e1n hunyt el.<br \/>\n<br \/>\n<!--noindex--><br \/>\n<a href=\"https:\/\/hirek.oldal.info\/rssclick\/14395724\" rel=\"nofollow\">Source link <\/a><br \/>\n<!--\/noindex--><\/p>\n","protected":false},"excerpt":{"rendered":"<p>Tarl\u00f3s Istv\u00e1n f\u0151polg\u00e1rmester \u0151szinte r\u00e9szv\u00e9t\u00e9t fejezte ki a p\u00e9nteken elhunyt Konr\u00e1d Gy\u00f6rgy csal\u00e1dj\u00e1nak, \u00e9s k\u00f6z\u00f6lte, az \u00edr\u00f3t a F\u0151v\u00e1rosi \u00d6nkorm\u00e1nyzat saj\u00e1t halottj\u00e1nak tekinti. class=&#8221;line-title-with-image&#8221;&gt;A sz\u00ednh\u00e1zi rendez\u0151 m\u00e1r r\u00e9g\u00f3ta s\u00falyos betegs\u00e9ggel k\u00fczd\u00f6tt.class=&#8221;line-title-with-image&#8221;&gt;\u00c9let\u00e9nek 87. \u00e9v\u00e9ben elhunyt Konr\u00e1d Gy\u00f6rgy Kossuth- \u00e9s Herder-d\u00edjas \u00edr\u00f3, essz\u00e9ista, szociol\u00f3gus \u2013 tudatta a csal\u00e1d p\u00e9nteken az MTI-vel.class=&#8221;line-title-with-image&#8221;&gt;\u201e\u00c9rtelmis\u00e9gi az olyan ember, akit az igazs\u00e1g [&hellip;]<\/p>\n","protected":false},"author":2,"featured_media":2019,"comment_status":"open","ping_status":"open","sticky":false,"template":"","format":"standard","meta":{"footnotes":""},"categories":[1],"tags":[],"class_list":["post-2018","post","type-post","status-publish","format-standard","has-post-thumbnail","hentry","category-legujabb-penzugyi-hirek"],"yoast_head":"<!-- This site is optimized with the Yoast SEO plugin v27.4 - https:\/\/yoast.com\/product\/yoast-seo-wordpress\/ -->\n<title>A f\u0151v\u00e1ros saj\u00e1t halottj\u00e1nak tekinti az elhunyt Konr\u00e1d Gy\u00f6rgy\u00f6t - Hot News in World<\/title>\n<meta name=\"robots\" content=\"index, follow, max-snippet:-1, max-image-preview:large, max-video-preview:-1\" \/>\n<link rel=\"canonical\" href=\"https:\/\/hotnewsinworld.com\/hu\/a-fovaros-sajat-halottjanak-tekinti-az-elhunyt-konrad-gyorgyot\/\" \/>\n<meta property=\"og:locale\" content=\"hu_HU\" \/>\n<meta property=\"og:type\" content=\"article\" \/>\n<meta property=\"og:title\" content=\"A f\u0151v\u00e1ros saj\u00e1t halottj\u00e1nak tekinti az elhunyt Konr\u00e1d Gy\u00f6rgy\u00f6t - Hot News in World\" \/>\n<meta property=\"og:description\" content=\"Tarl\u00f3s Istv\u00e1n f\u0151polg\u00e1rmester \u0151szinte r\u00e9szv\u00e9t\u00e9t fejezte ki a p\u00e9nteken elhunyt Konr\u00e1d Gy\u00f6rgy csal\u00e1dj\u00e1nak, \u00e9s k\u00f6z\u00f6lte, az \u00edr\u00f3t a F\u0151v\u00e1rosi \u00d6nkorm\u00e1nyzat saj\u00e1t halottj\u00e1nak tekinti. class=&#8221;line-title-with-image&#8221;&gt;A sz\u00ednh\u00e1zi rendez\u0151 m\u00e1r r\u00e9g\u00f3ta s\u00falyos betegs\u00e9ggel k\u00fczd\u00f6tt.class=&#8221;line-title-with-image&#8221;&gt;\u00c9let\u00e9nek 87. \u00e9v\u00e9ben elhunyt Konr\u00e1d Gy\u00f6rgy Kossuth- \u00e9s Herder-d\u00edjas \u00edr\u00f3, essz\u00e9ista, szociol\u00f3gus \u2013 tudatta a csal\u00e1d p\u00e9nteken az MTI-vel.class=&#8221;line-title-with-image&#8221;&gt;\u201e\u00c9rtelmis\u00e9gi az olyan ember, akit az igazs\u00e1g [&hellip;]\" \/>\n<meta property=\"og:url\" content=\"https:\/\/hotnewsinworld.com\/hu\/a-fovaros-sajat-halottjanak-tekinti-az-elhunyt-konrad-gyorgyot\/\" \/>\n<meta property=\"og:site_name\" content=\"Hot News in World\" \/>\n<meta property=\"article:published_time\" content=\"2019-09-13T22:32:34+00:00\" \/>\n<meta property=\"article:modified_time\" content=\"2019-09-13T22:32:36+00:00\" \/>\n<meta property=\"og:image\" content=\"https:\/\/hotnewsinworld.com\/hu\/wp-content\/uploads\/sites\/3\/2019\/09\/A-f\u0151v\u00e1ros-saj\u00e1t-halottj\u00e1nak-tekinti-az-elhunyt-Konr\u00e1d-Gy\u00f6rgy\u00f6t.jpeg\" \/>\n\t<meta property=\"og:image:width\" content=\"600\" \/>\n\t<meta property=\"og:image:height\" content=\"315\" \/>\n\t<meta property=\"og:image:type\" content=\"image\/jpeg\" \/>\n<meta name=\"author\" content=\"hotnewsinworld\" \/>\n<meta name=\"twitter:card\" content=\"summary_large_image\" \/>\n<meta name=\"twitter:label1\" content=\"Szerz\u0151:\" \/>\n\t<meta name=\"twitter:data1\" content=\"hotnewsinworld\" \/>\n\t<meta name=\"twitter:label2\" content=\"Becs\u00fclt olvas\u00e1si id\u0151\" \/>\n\t<meta name=\"twitter:data2\" content=\"5 perc\" \/>\n<script type=\"application\/ld+json\" class=\"yoast-schema-graph\">{\"@context\":\"https:\\\/\\\/schema.org\",\"@graph\":[{\"@type\":\"Article\",\"@id\":\"https:\\\/\\\/hotnewsinworld.com\\\/hu\\\/a-fovaros-sajat-halottjanak-tekinti-az-elhunyt-konrad-gyorgyot\\\/#article\",\"isPartOf\":{\"@id\":\"https:\\\/\\\/hotnewsinworld.com\\\/hu\\\/a-fovaros-sajat-halottjanak-tekinti-az-elhunyt-konrad-gyorgyot\\\/\"},\"author\":{\"name\":\"hotnewsinworld\",\"@id\":\"https:\\\/\\\/hotnewsinworld.com\\\/hu\\\/#\\\/schema\\\/person\\\/fe61448b21c0d59086e75fcc1f9d8f6b\"},\"headline\":\"A f\u0151v\u00e1ros saj\u00e1t halottj\u00e1nak tekinti az elhunyt Konr\u00e1d Gy\u00f6rgy\u00f6t\",\"datePublished\":\"2019-09-13T22:32:34+00:00\",\"dateModified\":\"2019-09-13T22:32:36+00:00\",\"mainEntityOfPage\":{\"@id\":\"https:\\\/\\\/hotnewsinworld.com\\\/hu\\\/a-fovaros-sajat-halottjanak-tekinti-az-elhunyt-konrad-gyorgyot\\\/\"},\"wordCount\":1007,\"commentCount\":0,\"image\":{\"@id\":\"https:\\\/\\\/hotnewsinworld.com\\\/hu\\\/a-fovaros-sajat-halottjanak-tekinti-az-elhunyt-konrad-gyorgyot\\\/#primaryimage\"},\"thumbnailUrl\":\"https:\\\/\\\/hotnewsinworld.com\\\/hu\\\/wp-content\\\/uploads\\\/sites\\\/3\\\/2019\\\/09\\\/A-f\u0151v\u00e1ros-saj\u00e1t-halottj\u00e1nak-tekinti-az-elhunyt-Konr\u00e1d-Gy\u00f6rgy\u00f6t.jpeg\",\"articleSection\":[\"LEG\u00daJABB P\u00c9NZ\u00dcGYI H\u00cdREK\"],\"inLanguage\":\"hu\",\"potentialAction\":[{\"@type\":\"CommentAction\",\"name\":\"Comment\",\"target\":[\"https:\\\/\\\/hotnewsinworld.com\\\/hu\\\/a-fovaros-sajat-halottjanak-tekinti-az-elhunyt-konrad-gyorgyot\\\/#respond\"]}]},{\"@type\":\"WebPage\",\"@id\":\"https:\\\/\\\/hotnewsinworld.com\\\/hu\\\/a-fovaros-sajat-halottjanak-tekinti-az-elhunyt-konrad-gyorgyot\\\/\",\"url\":\"https:\\\/\\\/hotnewsinworld.com\\\/hu\\\/a-fovaros-sajat-halottjanak-tekinti-az-elhunyt-konrad-gyorgyot\\\/\",\"name\":\"A f\u0151v\u00e1ros saj\u00e1t halottj\u00e1nak tekinti az elhunyt Konr\u00e1d Gy\u00f6rgy\u00f6t - Hot News in World\",\"isPartOf\":{\"@id\":\"https:\\\/\\\/hotnewsinworld.com\\\/hu\\\/#website\"},\"primaryImageOfPage\":{\"@id\":\"https:\\\/\\\/hotnewsinworld.com\\\/hu\\\/a-fovaros-sajat-halottjanak-tekinti-az-elhunyt-konrad-gyorgyot\\\/#primaryimage\"},\"image\":{\"@id\":\"https:\\\/\\\/hotnewsinworld.com\\\/hu\\\/a-fovaros-sajat-halottjanak-tekinti-az-elhunyt-konrad-gyorgyot\\\/#primaryimage\"},\"thumbnailUrl\":\"https:\\\/\\\/hotnewsinworld.com\\\/hu\\\/wp-content\\\/uploads\\\/sites\\\/3\\\/2019\\\/09\\\/A-f\u0151v\u00e1ros-saj\u00e1t-halottj\u00e1nak-tekinti-az-elhunyt-Konr\u00e1d-Gy\u00f6rgy\u00f6t.jpeg\",\"datePublished\":\"2019-09-13T22:32:34+00:00\",\"dateModified\":\"2019-09-13T22:32:36+00:00\",\"author\":{\"@id\":\"https:\\\/\\\/hotnewsinworld.com\\\/hu\\\/#\\\/schema\\\/person\\\/fe61448b21c0d59086e75fcc1f9d8f6b\"},\"breadcrumb\":{\"@id\":\"https:\\\/\\\/hotnewsinworld.com\\\/hu\\\/a-fovaros-sajat-halottjanak-tekinti-az-elhunyt-konrad-gyorgyot\\\/#breadcrumb\"},\"inLanguage\":\"hu\",\"potentialAction\":[{\"@type\":\"ReadAction\",\"target\":[\"https:\\\/\\\/hotnewsinworld.com\\\/hu\\\/a-fovaros-sajat-halottjanak-tekinti-az-elhunyt-konrad-gyorgyot\\\/\"]}]},{\"@type\":\"ImageObject\",\"inLanguage\":\"hu\",\"@id\":\"https:\\\/\\\/hotnewsinworld.com\\\/hu\\\/a-fovaros-sajat-halottjanak-tekinti-az-elhunyt-konrad-gyorgyot\\\/#primaryimage\",\"url\":\"https:\\\/\\\/hotnewsinworld.com\\\/hu\\\/wp-content\\\/uploads\\\/sites\\\/3\\\/2019\\\/09\\\/A-f\u0151v\u00e1ros-saj\u00e1t-halottj\u00e1nak-tekinti-az-elhunyt-Konr\u00e1d-Gy\u00f6rgy\u00f6t.jpeg\",\"contentUrl\":\"https:\\\/\\\/hotnewsinworld.com\\\/hu\\\/wp-content\\\/uploads\\\/sites\\\/3\\\/2019\\\/09\\\/A-f\u0151v\u00e1ros-saj\u00e1t-halottj\u00e1nak-tekinti-az-elhunyt-Konr\u00e1d-Gy\u00f6rgy\u00f6t.jpeg\",\"width\":600,\"height\":315,\"caption\":\"A f\u0151v\u00e1ros saj\u00e1t halottj\u00e1nak tekinti az elhunyt Konr\u00e1d Gy\u00f6rgy\u00f6t\"},{\"@type\":\"BreadcrumbList\",\"@id\":\"https:\\\/\\\/hotnewsinworld.com\\\/hu\\\/a-fovaros-sajat-halottjanak-tekinti-az-elhunyt-konrad-gyorgyot\\\/#breadcrumb\",\"itemListElement\":[{\"@type\":\"ListItem\",\"position\":1,\"name\":\"\u0413\u043b\u0430\u0432\u043d\u0430\u044f \u0441\u0442\u0440\u0430\u043d\u0438\u0446\u0430\",\"item\":\"https:\\\/\\\/hotnewsinworld.com\\\/hu\\\/\"},{\"@type\":\"ListItem\",\"position\":2,\"name\":\"A f\u0151v\u00e1ros saj\u00e1t halottj\u00e1nak tekinti az elhunyt Konr\u00e1d Gy\u00f6rgy\u00f6t\"}]},{\"@type\":\"WebSite\",\"@id\":\"https:\\\/\\\/hotnewsinworld.com\\\/hu\\\/#website\",\"url\":\"https:\\\/\\\/hotnewsinworld.com\\\/hu\\\/\",\"name\":\"Hot News in World\",\"description\":\"Hot News in World from Hungary\",\"potentialAction\":[{\"@type\":\"SearchAction\",\"target\":{\"@type\":\"EntryPoint\",\"urlTemplate\":\"https:\\\/\\\/hotnewsinworld.com\\\/hu\\\/?s={search_term_string}\"},\"query-input\":{\"@type\":\"PropertyValueSpecification\",\"valueRequired\":true,\"valueName\":\"search_term_string\"}}],\"inLanguage\":\"hu\"},{\"@type\":\"Person\",\"@id\":\"https:\\\/\\\/hotnewsinworld.com\\\/hu\\\/#\\\/schema\\\/person\\\/fe61448b21c0d59086e75fcc1f9d8f6b\",\"name\":\"hotnewsinworld\",\"image\":{\"@type\":\"ImageObject\",\"inLanguage\":\"hu\",\"@id\":\"https:\\\/\\\/secure.gravatar.com\\\/avatar\\\/8a09ac165600ce2e1c38fe593c63928eb1e6e7ba5c5a907d67787c41b3d00c14?s=96&d=mm&r=g\",\"url\":\"https:\\\/\\\/secure.gravatar.com\\\/avatar\\\/8a09ac165600ce2e1c38fe593c63928eb1e6e7ba5c5a907d67787c41b3d00c14?s=96&d=mm&r=g\",\"contentUrl\":\"https:\\\/\\\/secure.gravatar.com\\\/avatar\\\/8a09ac165600ce2e1c38fe593c63928eb1e6e7ba5c5a907d67787c41b3d00c14?s=96&d=mm&r=g\",\"caption\":\"hotnewsinworld\"},\"url\":\"https:\\\/\\\/hotnewsinworld.com\\\/hu\\\/author\\\/pt\\\/\"}]}<\/script>\n<!-- \/ Yoast SEO plugin. -->","yoast_head_json":{"title":"A f\u0151v\u00e1ros saj\u00e1t halottj\u00e1nak tekinti az elhunyt Konr\u00e1d Gy\u00f6rgy\u00f6t - Hot News in World","robots":{"index":"index","follow":"follow","max-snippet":"max-snippet:-1","max-image-preview":"max-image-preview:large","max-video-preview":"max-video-preview:-1"},"canonical":"https:\/\/hotnewsinworld.com\/hu\/a-fovaros-sajat-halottjanak-tekinti-az-elhunyt-konrad-gyorgyot\/","og_locale":"hu_HU","og_type":"article","og_title":"A f\u0151v\u00e1ros saj\u00e1t halottj\u00e1nak tekinti az elhunyt Konr\u00e1d Gy\u00f6rgy\u00f6t - Hot News in World","og_description":"Tarl\u00f3s Istv\u00e1n f\u0151polg\u00e1rmester \u0151szinte r\u00e9szv\u00e9t\u00e9t fejezte ki a p\u00e9nteken elhunyt Konr\u00e1d Gy\u00f6rgy csal\u00e1dj\u00e1nak, \u00e9s k\u00f6z\u00f6lte, az \u00edr\u00f3t a F\u0151v\u00e1rosi \u00d6nkorm\u00e1nyzat saj\u00e1t halottj\u00e1nak tekinti. class=&#8221;line-title-with-image&#8221;&gt;A sz\u00ednh\u00e1zi rendez\u0151 m\u00e1r r\u00e9g\u00f3ta s\u00falyos betegs\u00e9ggel k\u00fczd\u00f6tt.class=&#8221;line-title-with-image&#8221;&gt;\u00c9let\u00e9nek 87. \u00e9v\u00e9ben elhunyt Konr\u00e1d Gy\u00f6rgy Kossuth- \u00e9s Herder-d\u00edjas \u00edr\u00f3, essz\u00e9ista, szociol\u00f3gus \u2013 tudatta a csal\u00e1d p\u00e9nteken az MTI-vel.class=&#8221;line-title-with-image&#8221;&gt;\u201e\u00c9rtelmis\u00e9gi az olyan ember, akit az igazs\u00e1g [&hellip;]","og_url":"https:\/\/hotnewsinworld.com\/hu\/a-fovaros-sajat-halottjanak-tekinti-az-elhunyt-konrad-gyorgyot\/","og_site_name":"Hot News in World","article_published_time":"2019-09-13T22:32:34+00:00","article_modified_time":"2019-09-13T22:32:36+00:00","og_image":[{"width":600,"height":315,"url":"https:\/\/hotnewsinworld.com\/hu\/wp-content\/uploads\/sites\/3\/2019\/09\/A-f\u0151v\u00e1ros-saj\u00e1t-halottj\u00e1nak-tekinti-az-elhunyt-Konr\u00e1d-Gy\u00f6rgy\u00f6t.jpeg","type":"image\/jpeg"}],"author":"hotnewsinworld","twitter_card":"summary_large_image","twitter_misc":{"Szerz\u0151:":"hotnewsinworld","Becs\u00fclt olvas\u00e1si id\u0151":"5 perc"},"schema":{"@context":"https:\/\/schema.org","@graph":[{"@type":"Article","@id":"https:\/\/hotnewsinworld.com\/hu\/a-fovaros-sajat-halottjanak-tekinti-az-elhunyt-konrad-gyorgyot\/#article","isPartOf":{"@id":"https:\/\/hotnewsinworld.com\/hu\/a-fovaros-sajat-halottjanak-tekinti-az-elhunyt-konrad-gyorgyot\/"},"author":{"name":"hotnewsinworld","@id":"https:\/\/hotnewsinworld.com\/hu\/#\/schema\/person\/fe61448b21c0d59086e75fcc1f9d8f6b"},"headline":"A f\u0151v\u00e1ros saj\u00e1t halottj\u00e1nak tekinti az elhunyt Konr\u00e1d Gy\u00f6rgy\u00f6t","datePublished":"2019-09-13T22:32:34+00:00","dateModified":"2019-09-13T22:32:36+00:00","mainEntityOfPage":{"@id":"https:\/\/hotnewsinworld.com\/hu\/a-fovaros-sajat-halottjanak-tekinti-az-elhunyt-konrad-gyorgyot\/"},"wordCount":1007,"commentCount":0,"image":{"@id":"https:\/\/hotnewsinworld.com\/hu\/a-fovaros-sajat-halottjanak-tekinti-az-elhunyt-konrad-gyorgyot\/#primaryimage"},"thumbnailUrl":"https:\/\/hotnewsinworld.com\/hu\/wp-content\/uploads\/sites\/3\/2019\/09\/A-f\u0151v\u00e1ros-saj\u00e1t-halottj\u00e1nak-tekinti-az-elhunyt-Konr\u00e1d-Gy\u00f6rgy\u00f6t.jpeg","articleSection":["LEG\u00daJABB P\u00c9NZ\u00dcGYI H\u00cdREK"],"inLanguage":"hu","potentialAction":[{"@type":"CommentAction","name":"Comment","target":["https:\/\/hotnewsinworld.com\/hu\/a-fovaros-sajat-halottjanak-tekinti-az-elhunyt-konrad-gyorgyot\/#respond"]}]},{"@type":"WebPage","@id":"https:\/\/hotnewsinworld.com\/hu\/a-fovaros-sajat-halottjanak-tekinti-az-elhunyt-konrad-gyorgyot\/","url":"https:\/\/hotnewsinworld.com\/hu\/a-fovaros-sajat-halottjanak-tekinti-az-elhunyt-konrad-gyorgyot\/","name":"A f\u0151v\u00e1ros saj\u00e1t halottj\u00e1nak tekinti az elhunyt Konr\u00e1d Gy\u00f6rgy\u00f6t - Hot News in World","isPartOf":{"@id":"https:\/\/hotnewsinworld.com\/hu\/#website"},"primaryImageOfPage":{"@id":"https:\/\/hotnewsinworld.com\/hu\/a-fovaros-sajat-halottjanak-tekinti-az-elhunyt-konrad-gyorgyot\/#primaryimage"},"image":{"@id":"https:\/\/hotnewsinworld.com\/hu\/a-fovaros-sajat-halottjanak-tekinti-az-elhunyt-konrad-gyorgyot\/#primaryimage"},"thumbnailUrl":"https:\/\/hotnewsinworld.com\/hu\/wp-content\/uploads\/sites\/3\/2019\/09\/A-f\u0151v\u00e1ros-saj\u00e1t-halottj\u00e1nak-tekinti-az-elhunyt-Konr\u00e1d-Gy\u00f6rgy\u00f6t.jpeg","datePublished":"2019-09-13T22:32:34+00:00","dateModified":"2019-09-13T22:32:36+00:00","author":{"@id":"https:\/\/hotnewsinworld.com\/hu\/#\/schema\/person\/fe61448b21c0d59086e75fcc1f9d8f6b"},"breadcrumb":{"@id":"https:\/\/hotnewsinworld.com\/hu\/a-fovaros-sajat-halottjanak-tekinti-az-elhunyt-konrad-gyorgyot\/#breadcrumb"},"inLanguage":"hu","potentialAction":[{"@type":"ReadAction","target":["https:\/\/hotnewsinworld.com\/hu\/a-fovaros-sajat-halottjanak-tekinti-az-elhunyt-konrad-gyorgyot\/"]}]},{"@type":"ImageObject","inLanguage":"hu","@id":"https:\/\/hotnewsinworld.com\/hu\/a-fovaros-sajat-halottjanak-tekinti-az-elhunyt-konrad-gyorgyot\/#primaryimage","url":"https:\/\/hotnewsinworld.com\/hu\/wp-content\/uploads\/sites\/3\/2019\/09\/A-f\u0151v\u00e1ros-saj\u00e1t-halottj\u00e1nak-tekinti-az-elhunyt-Konr\u00e1d-Gy\u00f6rgy\u00f6t.jpeg","contentUrl":"https:\/\/hotnewsinworld.com\/hu\/wp-content\/uploads\/sites\/3\/2019\/09\/A-f\u0151v\u00e1ros-saj\u00e1t-halottj\u00e1nak-tekinti-az-elhunyt-Konr\u00e1d-Gy\u00f6rgy\u00f6t.jpeg","width":600,"height":315,"caption":"A f\u0151v\u00e1ros saj\u00e1t halottj\u00e1nak tekinti az elhunyt Konr\u00e1d Gy\u00f6rgy\u00f6t"},{"@type":"BreadcrumbList","@id":"https:\/\/hotnewsinworld.com\/hu\/a-fovaros-sajat-halottjanak-tekinti-az-elhunyt-konrad-gyorgyot\/#breadcrumb","itemListElement":[{"@type":"ListItem","position":1,"name":"\u0413\u043b\u0430\u0432\u043d\u0430\u044f \u0441\u0442\u0440\u0430\u043d\u0438\u0446\u0430","item":"https:\/\/hotnewsinworld.com\/hu\/"},{"@type":"ListItem","position":2,"name":"A f\u0151v\u00e1ros saj\u00e1t halottj\u00e1nak tekinti az elhunyt Konr\u00e1d Gy\u00f6rgy\u00f6t"}]},{"@type":"WebSite","@id":"https:\/\/hotnewsinworld.com\/hu\/#website","url":"https:\/\/hotnewsinworld.com\/hu\/","name":"Hot News in World","description":"Hot News in World from Hungary","potentialAction":[{"@type":"SearchAction","target":{"@type":"EntryPoint","urlTemplate":"https:\/\/hotnewsinworld.com\/hu\/?s={search_term_string}"},"query-input":{"@type":"PropertyValueSpecification","valueRequired":true,"valueName":"search_term_string"}}],"inLanguage":"hu"},{"@type":"Person","@id":"https:\/\/hotnewsinworld.com\/hu\/#\/schema\/person\/fe61448b21c0d59086e75fcc1f9d8f6b","name":"hotnewsinworld","image":{"@type":"ImageObject","inLanguage":"hu","@id":"https:\/\/secure.gravatar.com\/avatar\/8a09ac165600ce2e1c38fe593c63928eb1e6e7ba5c5a907d67787c41b3d00c14?s=96&d=mm&r=g","url":"https:\/\/secure.gravatar.com\/avatar\/8a09ac165600ce2e1c38fe593c63928eb1e6e7ba5c5a907d67787c41b3d00c14?s=96&d=mm&r=g","contentUrl":"https:\/\/secure.gravatar.com\/avatar\/8a09ac165600ce2e1c38fe593c63928eb1e6e7ba5c5a907d67787c41b3d00c14?s=96&d=mm&r=g","caption":"hotnewsinworld"},"url":"https:\/\/hotnewsinworld.com\/hu\/author\/pt\/"}]}},"_links":{"self":[{"href":"https:\/\/hotnewsinworld.com\/hu\/wp-json\/wp\/v2\/posts\/2018","targetHints":{"allow":["GET"]}}],"collection":[{"href":"https:\/\/hotnewsinworld.com\/hu\/wp-json\/wp\/v2\/posts"}],"about":[{"href":"https:\/\/hotnewsinworld.com\/hu\/wp-json\/wp\/v2\/types\/post"}],"author":[{"embeddable":true,"href":"https:\/\/hotnewsinworld.com\/hu\/wp-json\/wp\/v2\/users\/2"}],"replies":[{"embeddable":true,"href":"https:\/\/hotnewsinworld.com\/hu\/wp-json\/wp\/v2\/comments?post=2018"}],"version-history":[{"count":1,"href":"https:\/\/hotnewsinworld.com\/hu\/wp-json\/wp\/v2\/posts\/2018\/revisions"}],"predecessor-version":[{"id":2020,"href":"https:\/\/hotnewsinworld.com\/hu\/wp-json\/wp\/v2\/posts\/2018\/revisions\/2020"}],"wp:featuredmedia":[{"embeddable":true,"href":"https:\/\/hotnewsinworld.com\/hu\/wp-json\/wp\/v2\/media\/2019"}],"wp:attachment":[{"href":"https:\/\/hotnewsinworld.com\/hu\/wp-json\/wp\/v2\/media?parent=2018"}],"wp:term":[{"taxonomy":"category","embeddable":true,"href":"https:\/\/hotnewsinworld.com\/hu\/wp-json\/wp\/v2\/categories?post=2018"},{"taxonomy":"post_tag","embeddable":true,"href":"https:\/\/hotnewsinworld.com\/hu\/wp-json\/wp\/v2\/tags?post=2018"}],"curies":[{"name":"wp","href":"https:\/\/api.w.org\/{rel}","templated":true}]}}