{"id":2024,"date":"2019-09-14T05:50:01","date_gmt":"2019-09-14T02:50:01","guid":{"rendered":"https:\/\/hotnewsinworld.com\/hu\/tarlos-kiallt-a-felnovekvo-generaciok-vallasos-nevelese-mellett\/"},"modified":"2019-09-14T05:50:02","modified_gmt":"2019-09-14T02:50:02","slug":"tarlos-kiallt-a-felnovekvo-generaciok-vallasos-nevelese-mellett","status":"publish","type":"post","link":"https:\/\/hotnewsinworld.com\/hu\/tarlos-kiallt-a-felnovekvo-generaciok-vallasos-nevelese-mellett\/","title":{"rendered":"Tarl\u00f3s ki\u00e1llt a feln\u00f6vekv\u0151 gener\u00e1ci\u00f3k vall\u00e1sos nevel\u00e9se mellett"},"content":{"rendered":"<p>\tAz egyh\u00e1zi fenntart\u00e1s\u00fa iskol\u00e1k m\u0171k\u00f6dtet\u00e9se rendk\u00edv\u00fcli felel\u0151ss\u00e9g, de egyben lehet\u0151s\u00e9g \u00e9s rem\u00e9ny is; a feln\u00f6vekv\u0151 gener\u00e1ci\u00f3k vall\u00e1sos nevel\u00e9se rem\u00e9nyt ad egy erk\u00f6lcs\u00f6s, tud\u00e1s- \u00e9s tiszteletalap\u00fa t\u00e1rsadalom \u00fajra\u00e9p\u00edt\u00e9s\u00e9re \u2013 mondta a f\u0151polg\u00e1rmester a Katolikus Budapest c\u00edm\u0171 k\u00f6nyvsorozat harmadik \u00e9s negyedik k\u00f6tet\u00e9nek budapesti\u2026<\/p>\n<p>class=&#8221;&#8221;&gt;A feln\u00f6vekv\u0151 gener\u00e1ci\u00f3k vall\u00e1sos nevel\u00e9se rem\u00e9nyt ad egy erk\u00f6lcs\u00f6s, tud\u00e1s- \u00e9s tiszteletalap\u00fa t\u00e1rsadalom \u00fajra\u00e9p\u00edt\u00e9s\u00e9re \u2013 mondta a f\u0151polg\u00e1rmester a Katolikus Budapest c\u00edm\u0171 k\u00f6nyvsorozat bemutat\u00f3j\u00e1n.class=&#8221;&#8221;&gt;Mint a megjelent enciklop\u00e9di\u00e1b\u00f3l is j\u00f3l l\u00e1tszik, a magyar f\u0151v\u00e1rosban a katolikus vall\u00e1s, a kereszt\u00e9ny elvek szerinti oktat\u00e1s mindig jelen volt \u00e9s ma is jelen van a mindennapokban \u2013 mondta a f\u0151polg\u00e1rmester.class=&#8221;line-title-with-image&#8221;&gt;A f\u0151polg\u00e1rmester a Katolikus Budapest c\u00edm\u0171 k\u00f6nyvsorozat harmadik \u00e9s negyedik k\u00f6tet\u00e9nek budapesti bemutat\u00f3j\u00e1n mondott besz\u00e9det.class=&#8221;line-title-with-image&#8221;&gt;A katolikus \u00e9rt\u00e9krend fontoss\u00e1g\u00e1ra h\u00edvta fel a figyelmet a f\u0151polg\u00e1rmester.class=&#8221;line-title-with-image&#8221;&gt;A katolikus nevel\u00e9sben nem csup\u00e1n j\u00f3 kereszt\u00e9nyeket akarnak az egyh\u00e1znak adni, hanem j\u00f3 polg\u00e1rokat is.<br \/>\n<br \/>\n<!--noindex--><br \/>\n<a href=\"https:\/\/hirek.oldal.info\/rssclick\/14395769\" rel=\"nofollow\">Source link <\/a><br \/>\n<!--\/noindex--><\/p>\n","protected":false},"excerpt":{"rendered":"<p>Az egyh\u00e1zi fenntart\u00e1s\u00fa iskol\u00e1k m\u0171k\u00f6dtet\u00e9se rendk\u00edv\u00fcli felel\u0151ss\u00e9g, de egyben lehet\u0151s\u00e9g \u00e9s rem\u00e9ny is; a feln\u00f6vekv\u0151 gener\u00e1ci\u00f3k vall\u00e1sos nevel\u00e9se rem\u00e9nyt ad egy erk\u00f6lcs\u00f6s, tud\u00e1s- \u00e9s tiszteletalap\u00fa t\u00e1rsadalom \u00fajra\u00e9p\u00edt\u00e9s\u00e9re \u2013 mondta a f\u0151polg\u00e1rmester a Katolikus Budapest c\u00edm\u0171 k\u00f6nyvsorozat harmadik \u00e9s negyedik k\u00f6tet\u00e9nek budapesti\u2026 class=&#8221;&#8221;&gt;A feln\u00f6vekv\u0151 gener\u00e1ci\u00f3k vall\u00e1sos nevel\u00e9se rem\u00e9nyt ad egy erk\u00f6lcs\u00f6s, tud\u00e1s- \u00e9s tiszteletalap\u00fa t\u00e1rsadalom \u00fajra\u00e9p\u00edt\u00e9s\u00e9re [&hellip;]<\/p>\n","protected":false},"author":2,"featured_media":2025,"comment_status":"open","ping_status":"open","sticky":false,"template":"","format":"standard","meta":{"footnotes":""},"categories":[1],"tags":[],"class_list":["post-2024","post","type-post","status-publish","format-standard","has-post-thumbnail","hentry","category-legujabb-penzugyi-hirek"],"yoast_head":"<!-- This site is optimized with the Yoast SEO plugin v27.4 - https:\/\/yoast.com\/product\/yoast-seo-wordpress\/ -->\n<title>Tarl\u00f3s ki\u00e1llt a feln\u00f6vekv\u0151 gener\u00e1ci\u00f3k vall\u00e1sos nevel\u00e9se mellett - Hot News in World<\/title>\n<meta name=\"robots\" content=\"index, follow, max-snippet:-1, max-image-preview:large, max-video-preview:-1\" \/>\n<link rel=\"canonical\" href=\"https:\/\/hotnewsinworld.com\/hu\/tarlos-kiallt-a-felnovekvo-generaciok-vallasos-nevelese-mellett\/\" \/>\n<meta property=\"og:locale\" content=\"hu_HU\" \/>\n<meta property=\"og:type\" content=\"article\" \/>\n<meta property=\"og:title\" content=\"Tarl\u00f3s ki\u00e1llt a feln\u00f6vekv\u0151 gener\u00e1ci\u00f3k vall\u00e1sos nevel\u00e9se mellett - Hot News in World\" \/>\n<meta property=\"og:description\" content=\"Az egyh\u00e1zi fenntart\u00e1s\u00fa iskol\u00e1k m\u0171k\u00f6dtet\u00e9se rendk\u00edv\u00fcli felel\u0151ss\u00e9g, de egyben lehet\u0151s\u00e9g \u00e9s rem\u00e9ny is; a feln\u00f6vekv\u0151 gener\u00e1ci\u00f3k vall\u00e1sos nevel\u00e9se rem\u00e9nyt ad egy erk\u00f6lcs\u00f6s, tud\u00e1s- \u00e9s tiszteletalap\u00fa t\u00e1rsadalom \u00fajra\u00e9p\u00edt\u00e9s\u00e9re \u2013 mondta a f\u0151polg\u00e1rmester a Katolikus Budapest c\u00edm\u0171 k\u00f6nyvsorozat harmadik \u00e9s negyedik k\u00f6tet\u00e9nek budapesti\u2026 class=&#8221;&#8221;&gt;A feln\u00f6vekv\u0151 gener\u00e1ci\u00f3k vall\u00e1sos nevel\u00e9se rem\u00e9nyt ad egy erk\u00f6lcs\u00f6s, tud\u00e1s- \u00e9s tiszteletalap\u00fa t\u00e1rsadalom \u00fajra\u00e9p\u00edt\u00e9s\u00e9re [&hellip;]\" \/>\n<meta property=\"og:url\" content=\"https:\/\/hotnewsinworld.com\/hu\/tarlos-kiallt-a-felnovekvo-generaciok-vallasos-nevelese-mellett\/\" \/>\n<meta property=\"og:site_name\" content=\"Hot News in World\" \/>\n<meta property=\"article:published_time\" content=\"2019-09-14T02:50:01+00:00\" \/>\n<meta property=\"article:modified_time\" content=\"2019-09-14T02:50:02+00:00\" \/>\n<meta property=\"og:image\" content=\"https:\/\/hotnewsinworld.com\/hu\/wp-content\/uploads\/sites\/3\/2019\/09\/Tarl\u00f3s-ki\u00e1llt-a-feln\u00f6vekv\u0151-gener\u00e1ci\u00f3k-vall\u00e1sos-nevel\u00e9se-mellett.jpg\" \/>\n\t<meta property=\"og:image:width\" content=\"600\" \/>\n\t<meta property=\"og:image:height\" content=\"315\" \/>\n\t<meta property=\"og:image:type\" content=\"image\/jpeg\" \/>\n<meta name=\"author\" content=\"hotnewsinworld\" \/>\n<meta name=\"twitter:card\" content=\"summary_large_image\" \/>\n<meta name=\"twitter:label1\" content=\"Szerz\u0151:\" \/>\n\t<meta name=\"twitter:data1\" content=\"hotnewsinworld\" \/>\n\t<meta name=\"twitter:label2\" content=\"Becs\u00fclt olvas\u00e1si id\u0151\" \/>\n\t<meta name=\"twitter:data2\" content=\"1 perc\" \/>\n<script type=\"application\/ld+json\" class=\"yoast-schema-graph\">{\"@context\":\"https:\\\/\\\/schema.org\",\"@graph\":[{\"@type\":\"Article\",\"@id\":\"https:\\\/\\\/hotnewsinworld.com\\\/hu\\\/tarlos-kiallt-a-felnovekvo-generaciok-vallasos-nevelese-mellett\\\/#article\",\"isPartOf\":{\"@id\":\"https:\\\/\\\/hotnewsinworld.com\\\/hu\\\/tarlos-kiallt-a-felnovekvo-generaciok-vallasos-nevelese-mellett\\\/\"},\"author\":{\"name\":\"hotnewsinworld\",\"@id\":\"https:\\\/\\\/hotnewsinworld.com\\\/hu\\\/#\\\/schema\\\/person\\\/fe61448b21c0d59086e75fcc1f9d8f6b\"},\"headline\":\"Tarl\u00f3s ki\u00e1llt a feln\u00f6vekv\u0151 gener\u00e1ci\u00f3k vall\u00e1sos nevel\u00e9se mellett\",\"datePublished\":\"2019-09-14T02:50:01+00:00\",\"dateModified\":\"2019-09-14T02:50:02+00:00\",\"mainEntityOfPage\":{\"@id\":\"https:\\\/\\\/hotnewsinworld.com\\\/hu\\\/tarlos-kiallt-a-felnovekvo-generaciok-vallasos-nevelese-mellett\\\/\"},\"wordCount\":249,\"commentCount\":0,\"image\":{\"@id\":\"https:\\\/\\\/hotnewsinworld.com\\\/hu\\\/tarlos-kiallt-a-felnovekvo-generaciok-vallasos-nevelese-mellett\\\/#primaryimage\"},\"thumbnailUrl\":\"https:\\\/\\\/hotnewsinworld.com\\\/hu\\\/wp-content\\\/uploads\\\/sites\\\/3\\\/2019\\\/09\\\/Tarl\u00f3s-ki\u00e1llt-a-feln\u00f6vekv\u0151-gener\u00e1ci\u00f3k-vall\u00e1sos-nevel\u00e9se-mellett.jpg\",\"articleSection\":[\"LEG\u00daJABB P\u00c9NZ\u00dcGYI H\u00cdREK\"],\"inLanguage\":\"hu\",\"potentialAction\":[{\"@type\":\"CommentAction\",\"name\":\"Comment\",\"target\":[\"https:\\\/\\\/hotnewsinworld.com\\\/hu\\\/tarlos-kiallt-a-felnovekvo-generaciok-vallasos-nevelese-mellett\\\/#respond\"]}]},{\"@type\":\"WebPage\",\"@id\":\"https:\\\/\\\/hotnewsinworld.com\\\/hu\\\/tarlos-kiallt-a-felnovekvo-generaciok-vallasos-nevelese-mellett\\\/\",\"url\":\"https:\\\/\\\/hotnewsinworld.com\\\/hu\\\/tarlos-kiallt-a-felnovekvo-generaciok-vallasos-nevelese-mellett\\\/\",\"name\":\"Tarl\u00f3s ki\u00e1llt a feln\u00f6vekv\u0151 gener\u00e1ci\u00f3k vall\u00e1sos nevel\u00e9se mellett - Hot News in World\",\"isPartOf\":{\"@id\":\"https:\\\/\\\/hotnewsinworld.com\\\/hu\\\/#website\"},\"primaryImageOfPage\":{\"@id\":\"https:\\\/\\\/hotnewsinworld.com\\\/hu\\\/tarlos-kiallt-a-felnovekvo-generaciok-vallasos-nevelese-mellett\\\/#primaryimage\"},\"image\":{\"@id\":\"https:\\\/\\\/hotnewsinworld.com\\\/hu\\\/tarlos-kiallt-a-felnovekvo-generaciok-vallasos-nevelese-mellett\\\/#primaryimage\"},\"thumbnailUrl\":\"https:\\\/\\\/hotnewsinworld.com\\\/hu\\\/wp-content\\\/uploads\\\/sites\\\/3\\\/2019\\\/09\\\/Tarl\u00f3s-ki\u00e1llt-a-feln\u00f6vekv\u0151-gener\u00e1ci\u00f3k-vall\u00e1sos-nevel\u00e9se-mellett.jpg\",\"datePublished\":\"2019-09-14T02:50:01+00:00\",\"dateModified\":\"2019-09-14T02:50:02+00:00\",\"author\":{\"@id\":\"https:\\\/\\\/hotnewsinworld.com\\\/hu\\\/#\\\/schema\\\/person\\\/fe61448b21c0d59086e75fcc1f9d8f6b\"},\"breadcrumb\":{\"@id\":\"https:\\\/\\\/hotnewsinworld.com\\\/hu\\\/tarlos-kiallt-a-felnovekvo-generaciok-vallasos-nevelese-mellett\\\/#breadcrumb\"},\"inLanguage\":\"hu\",\"potentialAction\":[{\"@type\":\"ReadAction\",\"target\":[\"https:\\\/\\\/hotnewsinworld.com\\\/hu\\\/tarlos-kiallt-a-felnovekvo-generaciok-vallasos-nevelese-mellett\\\/\"]}]},{\"@type\":\"ImageObject\",\"inLanguage\":\"hu\",\"@id\":\"https:\\\/\\\/hotnewsinworld.com\\\/hu\\\/tarlos-kiallt-a-felnovekvo-generaciok-vallasos-nevelese-mellett\\\/#primaryimage\",\"url\":\"https:\\\/\\\/hotnewsinworld.com\\\/hu\\\/wp-content\\\/uploads\\\/sites\\\/3\\\/2019\\\/09\\\/Tarl\u00f3s-ki\u00e1llt-a-feln\u00f6vekv\u0151-gener\u00e1ci\u00f3k-vall\u00e1sos-nevel\u00e9se-mellett.jpg\",\"contentUrl\":\"https:\\\/\\\/hotnewsinworld.com\\\/hu\\\/wp-content\\\/uploads\\\/sites\\\/3\\\/2019\\\/09\\\/Tarl\u00f3s-ki\u00e1llt-a-feln\u00f6vekv\u0151-gener\u00e1ci\u00f3k-vall\u00e1sos-nevel\u00e9se-mellett.jpg\",\"width\":600,\"height\":315,\"caption\":\"Tarl\u00f3s ki\u00e1llt a feln\u00f6vekv\u0151 gener\u00e1ci\u00f3k vall\u00e1sos nevel\u00e9se mellett\"},{\"@type\":\"BreadcrumbList\",\"@id\":\"https:\\\/\\\/hotnewsinworld.com\\\/hu\\\/tarlos-kiallt-a-felnovekvo-generaciok-vallasos-nevelese-mellett\\\/#breadcrumb\",\"itemListElement\":[{\"@type\":\"ListItem\",\"position\":1,\"name\":\"\u0413\u043b\u0430\u0432\u043d\u0430\u044f \u0441\u0442\u0440\u0430\u043d\u0438\u0446\u0430\",\"item\":\"https:\\\/\\\/hotnewsinworld.com\\\/hu\\\/\"},{\"@type\":\"ListItem\",\"position\":2,\"name\":\"Tarl\u00f3s ki\u00e1llt a feln\u00f6vekv\u0151 gener\u00e1ci\u00f3k vall\u00e1sos nevel\u00e9se mellett\"}]},{\"@type\":\"WebSite\",\"@id\":\"https:\\\/\\\/hotnewsinworld.com\\\/hu\\\/#website\",\"url\":\"https:\\\/\\\/hotnewsinworld.com\\\/hu\\\/\",\"name\":\"Hot News in World\",\"description\":\"Hot News in World from Hungary\",\"potentialAction\":[{\"@type\":\"SearchAction\",\"target\":{\"@type\":\"EntryPoint\",\"urlTemplate\":\"https:\\\/\\\/hotnewsinworld.com\\\/hu\\\/?s={search_term_string}\"},\"query-input\":{\"@type\":\"PropertyValueSpecification\",\"valueRequired\":true,\"valueName\":\"search_term_string\"}}],\"inLanguage\":\"hu\"},{\"@type\":\"Person\",\"@id\":\"https:\\\/\\\/hotnewsinworld.com\\\/hu\\\/#\\\/schema\\\/person\\\/fe61448b21c0d59086e75fcc1f9d8f6b\",\"name\":\"hotnewsinworld\",\"image\":{\"@type\":\"ImageObject\",\"inLanguage\":\"hu\",\"@id\":\"https:\\\/\\\/secure.gravatar.com\\\/avatar\\\/8a09ac165600ce2e1c38fe593c63928eb1e6e7ba5c5a907d67787c41b3d00c14?s=96&d=mm&r=g\",\"url\":\"https:\\\/\\\/secure.gravatar.com\\\/avatar\\\/8a09ac165600ce2e1c38fe593c63928eb1e6e7ba5c5a907d67787c41b3d00c14?s=96&d=mm&r=g\",\"contentUrl\":\"https:\\\/\\\/secure.gravatar.com\\\/avatar\\\/8a09ac165600ce2e1c38fe593c63928eb1e6e7ba5c5a907d67787c41b3d00c14?s=96&d=mm&r=g\",\"caption\":\"hotnewsinworld\"},\"url\":\"https:\\\/\\\/hotnewsinworld.com\\\/hu\\\/author\\\/pt\\\/\"}]}<\/script>\n<!-- \/ Yoast SEO plugin. -->","yoast_head_json":{"title":"Tarl\u00f3s ki\u00e1llt a feln\u00f6vekv\u0151 gener\u00e1ci\u00f3k vall\u00e1sos nevel\u00e9se mellett - Hot News in World","robots":{"index":"index","follow":"follow","max-snippet":"max-snippet:-1","max-image-preview":"max-image-preview:large","max-video-preview":"max-video-preview:-1"},"canonical":"https:\/\/hotnewsinworld.com\/hu\/tarlos-kiallt-a-felnovekvo-generaciok-vallasos-nevelese-mellett\/","og_locale":"hu_HU","og_type":"article","og_title":"Tarl\u00f3s ki\u00e1llt a feln\u00f6vekv\u0151 gener\u00e1ci\u00f3k vall\u00e1sos nevel\u00e9se mellett - Hot News in World","og_description":"Az egyh\u00e1zi fenntart\u00e1s\u00fa iskol\u00e1k m\u0171k\u00f6dtet\u00e9se rendk\u00edv\u00fcli felel\u0151ss\u00e9g, de egyben lehet\u0151s\u00e9g \u00e9s rem\u00e9ny is; a feln\u00f6vekv\u0151 gener\u00e1ci\u00f3k vall\u00e1sos nevel\u00e9se rem\u00e9nyt ad egy erk\u00f6lcs\u00f6s, tud\u00e1s- \u00e9s tiszteletalap\u00fa t\u00e1rsadalom \u00fajra\u00e9p\u00edt\u00e9s\u00e9re \u2013 mondta a f\u0151polg\u00e1rmester a Katolikus Budapest c\u00edm\u0171 k\u00f6nyvsorozat harmadik \u00e9s negyedik k\u00f6tet\u00e9nek budapesti\u2026 class=&#8221;&#8221;&gt;A feln\u00f6vekv\u0151 gener\u00e1ci\u00f3k vall\u00e1sos nevel\u00e9se rem\u00e9nyt ad egy erk\u00f6lcs\u00f6s, tud\u00e1s- \u00e9s tiszteletalap\u00fa t\u00e1rsadalom \u00fajra\u00e9p\u00edt\u00e9s\u00e9re [&hellip;]","og_url":"https:\/\/hotnewsinworld.com\/hu\/tarlos-kiallt-a-felnovekvo-generaciok-vallasos-nevelese-mellett\/","og_site_name":"Hot News in World","article_published_time":"2019-09-14T02:50:01+00:00","article_modified_time":"2019-09-14T02:50:02+00:00","og_image":[{"width":600,"height":315,"url":"https:\/\/hotnewsinworld.com\/hu\/wp-content\/uploads\/sites\/3\/2019\/09\/Tarl\u00f3s-ki\u00e1llt-a-feln\u00f6vekv\u0151-gener\u00e1ci\u00f3k-vall\u00e1sos-nevel\u00e9se-mellett.jpg","type":"image\/jpeg"}],"author":"hotnewsinworld","twitter_card":"summary_large_image","twitter_misc":{"Szerz\u0151:":"hotnewsinworld","Becs\u00fclt olvas\u00e1si id\u0151":"1 perc"},"schema":{"@context":"https:\/\/schema.org","@graph":[{"@type":"Article","@id":"https:\/\/hotnewsinworld.com\/hu\/tarlos-kiallt-a-felnovekvo-generaciok-vallasos-nevelese-mellett\/#article","isPartOf":{"@id":"https:\/\/hotnewsinworld.com\/hu\/tarlos-kiallt-a-felnovekvo-generaciok-vallasos-nevelese-mellett\/"},"author":{"name":"hotnewsinworld","@id":"https:\/\/hotnewsinworld.com\/hu\/#\/schema\/person\/fe61448b21c0d59086e75fcc1f9d8f6b"},"headline":"Tarl\u00f3s ki\u00e1llt a feln\u00f6vekv\u0151 gener\u00e1ci\u00f3k vall\u00e1sos nevel\u00e9se mellett","datePublished":"2019-09-14T02:50:01+00:00","dateModified":"2019-09-14T02:50:02+00:00","mainEntityOfPage":{"@id":"https:\/\/hotnewsinworld.com\/hu\/tarlos-kiallt-a-felnovekvo-generaciok-vallasos-nevelese-mellett\/"},"wordCount":249,"commentCount":0,"image":{"@id":"https:\/\/hotnewsinworld.com\/hu\/tarlos-kiallt-a-felnovekvo-generaciok-vallasos-nevelese-mellett\/#primaryimage"},"thumbnailUrl":"https:\/\/hotnewsinworld.com\/hu\/wp-content\/uploads\/sites\/3\/2019\/09\/Tarl\u00f3s-ki\u00e1llt-a-feln\u00f6vekv\u0151-gener\u00e1ci\u00f3k-vall\u00e1sos-nevel\u00e9se-mellett.jpg","articleSection":["LEG\u00daJABB P\u00c9NZ\u00dcGYI H\u00cdREK"],"inLanguage":"hu","potentialAction":[{"@type":"CommentAction","name":"Comment","target":["https:\/\/hotnewsinworld.com\/hu\/tarlos-kiallt-a-felnovekvo-generaciok-vallasos-nevelese-mellett\/#respond"]}]},{"@type":"WebPage","@id":"https:\/\/hotnewsinworld.com\/hu\/tarlos-kiallt-a-felnovekvo-generaciok-vallasos-nevelese-mellett\/","url":"https:\/\/hotnewsinworld.com\/hu\/tarlos-kiallt-a-felnovekvo-generaciok-vallasos-nevelese-mellett\/","name":"Tarl\u00f3s ki\u00e1llt a feln\u00f6vekv\u0151 gener\u00e1ci\u00f3k vall\u00e1sos nevel\u00e9se mellett - Hot News in World","isPartOf":{"@id":"https:\/\/hotnewsinworld.com\/hu\/#website"},"primaryImageOfPage":{"@id":"https:\/\/hotnewsinworld.com\/hu\/tarlos-kiallt-a-felnovekvo-generaciok-vallasos-nevelese-mellett\/#primaryimage"},"image":{"@id":"https:\/\/hotnewsinworld.com\/hu\/tarlos-kiallt-a-felnovekvo-generaciok-vallasos-nevelese-mellett\/#primaryimage"},"thumbnailUrl":"https:\/\/hotnewsinworld.com\/hu\/wp-content\/uploads\/sites\/3\/2019\/09\/Tarl\u00f3s-ki\u00e1llt-a-feln\u00f6vekv\u0151-gener\u00e1ci\u00f3k-vall\u00e1sos-nevel\u00e9se-mellett.jpg","datePublished":"2019-09-14T02:50:01+00:00","dateModified":"2019-09-14T02:50:02+00:00","author":{"@id":"https:\/\/hotnewsinworld.com\/hu\/#\/schema\/person\/fe61448b21c0d59086e75fcc1f9d8f6b"},"breadcrumb":{"@id":"https:\/\/hotnewsinworld.com\/hu\/tarlos-kiallt-a-felnovekvo-generaciok-vallasos-nevelese-mellett\/#breadcrumb"},"inLanguage":"hu","potentialAction":[{"@type":"ReadAction","target":["https:\/\/hotnewsinworld.com\/hu\/tarlos-kiallt-a-felnovekvo-generaciok-vallasos-nevelese-mellett\/"]}]},{"@type":"ImageObject","inLanguage":"hu","@id":"https:\/\/hotnewsinworld.com\/hu\/tarlos-kiallt-a-felnovekvo-generaciok-vallasos-nevelese-mellett\/#primaryimage","url":"https:\/\/hotnewsinworld.com\/hu\/wp-content\/uploads\/sites\/3\/2019\/09\/Tarl\u00f3s-ki\u00e1llt-a-feln\u00f6vekv\u0151-gener\u00e1ci\u00f3k-vall\u00e1sos-nevel\u00e9se-mellett.jpg","contentUrl":"https:\/\/hotnewsinworld.com\/hu\/wp-content\/uploads\/sites\/3\/2019\/09\/Tarl\u00f3s-ki\u00e1llt-a-feln\u00f6vekv\u0151-gener\u00e1ci\u00f3k-vall\u00e1sos-nevel\u00e9se-mellett.jpg","width":600,"height":315,"caption":"Tarl\u00f3s ki\u00e1llt a feln\u00f6vekv\u0151 gener\u00e1ci\u00f3k vall\u00e1sos nevel\u00e9se mellett"},{"@type":"BreadcrumbList","@id":"https:\/\/hotnewsinworld.com\/hu\/tarlos-kiallt-a-felnovekvo-generaciok-vallasos-nevelese-mellett\/#breadcrumb","itemListElement":[{"@type":"ListItem","position":1,"name":"\u0413\u043b\u0430\u0432\u043d\u0430\u044f \u0441\u0442\u0440\u0430\u043d\u0438\u0446\u0430","item":"https:\/\/hotnewsinworld.com\/hu\/"},{"@type":"ListItem","position":2,"name":"Tarl\u00f3s ki\u00e1llt a feln\u00f6vekv\u0151 gener\u00e1ci\u00f3k vall\u00e1sos nevel\u00e9se mellett"}]},{"@type":"WebSite","@id":"https:\/\/hotnewsinworld.com\/hu\/#website","url":"https:\/\/hotnewsinworld.com\/hu\/","name":"Hot News in World","description":"Hot News in World from Hungary","potentialAction":[{"@type":"SearchAction","target":{"@type":"EntryPoint","urlTemplate":"https:\/\/hotnewsinworld.com\/hu\/?s={search_term_string}"},"query-input":{"@type":"PropertyValueSpecification","valueRequired":true,"valueName":"search_term_string"}}],"inLanguage":"hu"},{"@type":"Person","@id":"https:\/\/hotnewsinworld.com\/hu\/#\/schema\/person\/fe61448b21c0d59086e75fcc1f9d8f6b","name":"hotnewsinworld","image":{"@type":"ImageObject","inLanguage":"hu","@id":"https:\/\/secure.gravatar.com\/avatar\/8a09ac165600ce2e1c38fe593c63928eb1e6e7ba5c5a907d67787c41b3d00c14?s=96&d=mm&r=g","url":"https:\/\/secure.gravatar.com\/avatar\/8a09ac165600ce2e1c38fe593c63928eb1e6e7ba5c5a907d67787c41b3d00c14?s=96&d=mm&r=g","contentUrl":"https:\/\/secure.gravatar.com\/avatar\/8a09ac165600ce2e1c38fe593c63928eb1e6e7ba5c5a907d67787c41b3d00c14?s=96&d=mm&r=g","caption":"hotnewsinworld"},"url":"https:\/\/hotnewsinworld.com\/hu\/author\/pt\/"}]}},"_links":{"self":[{"href":"https:\/\/hotnewsinworld.com\/hu\/wp-json\/wp\/v2\/posts\/2024","targetHints":{"allow":["GET"]}}],"collection":[{"href":"https:\/\/hotnewsinworld.com\/hu\/wp-json\/wp\/v2\/posts"}],"about":[{"href":"https:\/\/hotnewsinworld.com\/hu\/wp-json\/wp\/v2\/types\/post"}],"author":[{"embeddable":true,"href":"https:\/\/hotnewsinworld.com\/hu\/wp-json\/wp\/v2\/users\/2"}],"replies":[{"embeddable":true,"href":"https:\/\/hotnewsinworld.com\/hu\/wp-json\/wp\/v2\/comments?post=2024"}],"version-history":[{"count":1,"href":"https:\/\/hotnewsinworld.com\/hu\/wp-json\/wp\/v2\/posts\/2024\/revisions"}],"predecessor-version":[{"id":2026,"href":"https:\/\/hotnewsinworld.com\/hu\/wp-json\/wp\/v2\/posts\/2024\/revisions\/2026"}],"wp:featuredmedia":[{"embeddable":true,"href":"https:\/\/hotnewsinworld.com\/hu\/wp-json\/wp\/v2\/media\/2025"}],"wp:attachment":[{"href":"https:\/\/hotnewsinworld.com\/hu\/wp-json\/wp\/v2\/media?parent=2024"}],"wp:term":[{"taxonomy":"category","embeddable":true,"href":"https:\/\/hotnewsinworld.com\/hu\/wp-json\/wp\/v2\/categories?post=2024"},{"taxonomy":"post_tag","embeddable":true,"href":"https:\/\/hotnewsinworld.com\/hu\/wp-json\/wp\/v2\/tags?post=2024"}],"curies":[{"name":"wp","href":"https:\/\/api.w.org\/{rel}","templated":true}]}}