{"id":2036,"date":"2019-09-14T13:27:39","date_gmt":"2019-09-14T10:27:39","guid":{"rendered":"https:\/\/hotnewsinworld.com\/hu\/orban-mutassuk-meg-a-vilagnak-milyen-a-kereszteny-szabadsagra-epitett-elet\/"},"modified":"2019-09-14T13:27:40","modified_gmt":"2019-09-14T10:27:40","slug":"orban-mutassuk-meg-a-vilagnak-milyen-a-kereszteny-szabadsagra-epitett-elet","status":"publish","type":"post","link":"https:\/\/hotnewsinworld.com\/hu\/orban-mutassuk-meg-a-vilagnak-milyen-a-kereszteny-szabadsagra-epitett-elet\/","title":{"rendered":"Orb\u00e1n: Mutassuk meg a vil\u00e1gnak, milyen a kereszt\u00e9ny szabads\u00e1gra \u00e9p\u00edtett \u00e9let!"},"content":{"rendered":"<p>2019. szeptember 14. 12:13<br \/>\n                            A hivat\u00e1s\u00e1t vesztett liber\u00e1lis demokr\u00e1ci\u00e1kkal szemben K\u00f6z\u00e9p-Eur\u00f3p\u00e1ban ma a kereszt\u00e9nys\u00e9gb\u0151l fakad\u00f3 kultur\u00e1lis \u00e9s civiliz\u00e1ci\u00f3s \u00e9leter\u0151 nyilv\u00e1nul meg \u2013 fogalmazott a minisztereln\u00f6k.<\/p>\n<p>                            A magyarok k\u00fcldet\u00e9se, hogy megmutass\u00e1k a vil\u00e1gnak, milyen a kereszt\u00e9ny szabads\u00e1g eszm\u00e9ny\u00e9re \u00e9p\u00edtett \u00e9let \u2013 mondta Orb\u00e1n Viktor minisztereln\u00f6k szombaton az Orsz\u00e1gh\u00e1zban, a Kereszt\u00e9ny \u00c9rtelmis\u00e9giek Sz\u00f6vets\u00e9g\u00e9nek (K\u00c9SZ) XII. kongresszus\u00e1n.<\/p>\n<p>A korm\u00e1nyf\u0151 \u00fagy fogalmazott: a hivat\u00e1s\u00e1t vesztett liber\u00e1lis demokr\u00e1ci\u00e1kkal szemben K\u00f6z\u00e9p-Eur\u00f3p\u00e1ban ma a kereszt\u00e9nys\u00e9gb\u0151l fakad\u00f3 kultur\u00e1lis \u00e9s civiliz\u00e1ci\u00f3s \u00e9leter\u0151 nyilv\u00e1nul meg.<\/p>\n<p>A kereszt\u00e9ny szabads\u00e1got fenyeget\u0151, Eur\u00f3pa kereszt\u00e9ny kult\u00far\u00e1j\u00e1t feladni akar\u00f3 liber\u00e1lisok t\u00e1mad\u00e1sait K\u00f6z\u00e9p-Eur\u00f3p\u00e1ban eddig sikeresen elh\u00e1r\u00edtott\u00e1k, \u00e9s a kereszt\u00e9ny szabads\u00e1got k\u00edv\u00fclr\u0151l fenyeget\u0151 veszedelmet, a migr\u00e1ci\u00f3t is siker\u00fclt itt megf\u00e9kezni \u2013 hangs\u00falyozta Orb\u00e1n Viktor.<\/p>\n<p>\u201eNe f\u00e9lj\u00fcnk kimondani, hiszen m\u00e1r mindenki l\u00e1tja: Magyarorsz\u00e1g a hegyen \u00e9p\u00fclt v\u00e1ros, \u00e9s k\u00f6ztudott, hogy azt nem lehet elrejteni. N\u0151j\u00fcnk fel ehhez a k\u00fcldet\u00e9shez, teremts\u00fck meg magunknak \u00e9s mutassuk meg a vil\u00e1gnak, milyen is az igazi, m\u00e9ly \u00e9s magasabb rend\u0171 \u00e9let, amelyet a kereszt\u00e9ny szabads\u00e1g eszm\u00e9ny\u00e9re \u00e9p\u00edtett\u00fcnk\u201d \u2013 mondta.<\/p>\n<p>(MTI)<\/p>\n<p>\n<!--noindex--><br \/>\n<a href=\"https:\/\/hirek.oldal.info\/rssclick\/14396548\" rel=\"nofollow\">Source link <\/a><br \/>\n<!--\/noindex--><\/p>\n","protected":false},"excerpt":{"rendered":"<p>2019. szeptember 14. 12:13 A hivat\u00e1s\u00e1t vesztett liber\u00e1lis demokr\u00e1ci\u00e1kkal szemben K\u00f6z\u00e9p-Eur\u00f3p\u00e1ban ma a kereszt\u00e9nys\u00e9gb\u0151l fakad\u00f3 kultur\u00e1lis \u00e9s civiliz\u00e1ci\u00f3s \u00e9leter\u0151 nyilv\u00e1nul meg \u2013 fogalmazott a minisztereln\u00f6k. A magyarok k\u00fcldet\u00e9se, hogy megmutass\u00e1k a vil\u00e1gnak, milyen a kereszt\u00e9ny szabads\u00e1g eszm\u00e9ny\u00e9re \u00e9p\u00edtett \u00e9let \u2013 mondta Orb\u00e1n Viktor minisztereln\u00f6k szombaton az Orsz\u00e1gh\u00e1zban, a Kereszt\u00e9ny \u00c9rtelmis\u00e9giek Sz\u00f6vets\u00e9g\u00e9nek (K\u00c9SZ) XII. kongresszus\u00e1n. A [&hellip;]<\/p>\n","protected":false},"author":2,"featured_media":2037,"comment_status":"open","ping_status":"open","sticky":false,"template":"","format":"standard","meta":{"footnotes":""},"categories":[1],"tags":[],"class_list":["post-2036","post","type-post","status-publish","format-standard","has-post-thumbnail","hentry","category-legujabb-penzugyi-hirek"],"yoast_head":"<!-- This site is optimized with the Yoast SEO plugin v27.4 - https:\/\/yoast.com\/product\/yoast-seo-wordpress\/ -->\n<title>Orb\u00e1n: Mutassuk meg a vil\u00e1gnak, milyen a kereszt\u00e9ny szabads\u00e1gra \u00e9p\u00edtett \u00e9let! - Hot News in World<\/title>\n<meta name=\"robots\" content=\"index, follow, max-snippet:-1, max-image-preview:large, max-video-preview:-1\" \/>\n<link rel=\"canonical\" href=\"https:\/\/hotnewsinworld.com\/hu\/orban-mutassuk-meg-a-vilagnak-milyen-a-kereszteny-szabadsagra-epitett-elet\/\" \/>\n<meta property=\"og:locale\" content=\"hu_HU\" \/>\n<meta property=\"og:type\" content=\"article\" \/>\n<meta property=\"og:title\" content=\"Orb\u00e1n: Mutassuk meg a vil\u00e1gnak, milyen a kereszt\u00e9ny szabads\u00e1gra \u00e9p\u00edtett \u00e9let! - Hot News in World\" \/>\n<meta property=\"og:description\" content=\"2019. szeptember 14. 12:13 A hivat\u00e1s\u00e1t vesztett liber\u00e1lis demokr\u00e1ci\u00e1kkal szemben K\u00f6z\u00e9p-Eur\u00f3p\u00e1ban ma a kereszt\u00e9nys\u00e9gb\u0151l fakad\u00f3 kultur\u00e1lis \u00e9s civiliz\u00e1ci\u00f3s \u00e9leter\u0151 nyilv\u00e1nul meg \u2013 fogalmazott a minisztereln\u00f6k. A magyarok k\u00fcldet\u00e9se, hogy megmutass\u00e1k a vil\u00e1gnak, milyen a kereszt\u00e9ny szabads\u00e1g eszm\u00e9ny\u00e9re \u00e9p\u00edtett \u00e9let \u2013 mondta Orb\u00e1n Viktor minisztereln\u00f6k szombaton az Orsz\u00e1gh\u00e1zban, a Kereszt\u00e9ny \u00c9rtelmis\u00e9giek Sz\u00f6vets\u00e9g\u00e9nek (K\u00c9SZ) XII. kongresszus\u00e1n. A [&hellip;]\" \/>\n<meta property=\"og:url\" content=\"https:\/\/hotnewsinworld.com\/hu\/orban-mutassuk-meg-a-vilagnak-milyen-a-kereszteny-szabadsagra-epitett-elet\/\" \/>\n<meta property=\"og:site_name\" content=\"Hot News in World\" \/>\n<meta property=\"article:published_time\" content=\"2019-09-14T10:27:39+00:00\" \/>\n<meta property=\"article:modified_time\" content=\"2019-09-14T10:27:40+00:00\" \/>\n<meta property=\"og:image\" content=\"https:\/\/hotnewsinworld.com\/hu\/wp-content\/uploads\/sites\/3\/2019\/09\/Orb\u00e1n-Mutassuk-meg-a-vil\u00e1gnak-milyen-a-kereszt\u00e9ny-szabads\u00e1gra-\u00e9p\u00edtett.jpg\" \/>\n\t<meta property=\"og:image:width\" content=\"850\" \/>\n\t<meta property=\"og:image:height\" content=\"478\" \/>\n\t<meta property=\"og:image:type\" content=\"image\/jpeg\" \/>\n<meta name=\"author\" content=\"hotnewsinworld\" \/>\n<meta name=\"twitter:card\" content=\"summary_large_image\" \/>\n<meta name=\"twitter:label1\" content=\"Szerz\u0151:\" \/>\n\t<meta name=\"twitter:data1\" content=\"hotnewsinworld\" \/>\n\t<meta name=\"twitter:label2\" content=\"Becs\u00fclt olvas\u00e1si id\u0151\" \/>\n\t<meta name=\"twitter:data2\" content=\"1 perc\" \/>\n<script type=\"application\/ld+json\" class=\"yoast-schema-graph\">{\"@context\":\"https:\\\/\\\/schema.org\",\"@graph\":[{\"@type\":\"Article\",\"@id\":\"https:\\\/\\\/hotnewsinworld.com\\\/hu\\\/orban-mutassuk-meg-a-vilagnak-milyen-a-kereszteny-szabadsagra-epitett-elet\\\/#article\",\"isPartOf\":{\"@id\":\"https:\\\/\\\/hotnewsinworld.com\\\/hu\\\/orban-mutassuk-meg-a-vilagnak-milyen-a-kereszteny-szabadsagra-epitett-elet\\\/\"},\"author\":{\"name\":\"hotnewsinworld\",\"@id\":\"https:\\\/\\\/hotnewsinworld.com\\\/hu\\\/#\\\/schema\\\/person\\\/fe61448b21c0d59086e75fcc1f9d8f6b\"},\"headline\":\"Orb\u00e1n: Mutassuk meg a vil\u00e1gnak, milyen a kereszt\u00e9ny szabads\u00e1gra \u00e9p\u00edtett \u00e9let!\",\"datePublished\":\"2019-09-14T10:27:39+00:00\",\"dateModified\":\"2019-09-14T10:27:40+00:00\",\"mainEntityOfPage\":{\"@id\":\"https:\\\/\\\/hotnewsinworld.com\\\/hu\\\/orban-mutassuk-meg-a-vilagnak-milyen-a-kereszteny-szabadsagra-epitett-elet\\\/\"},\"wordCount\":271,\"commentCount\":0,\"image\":{\"@id\":\"https:\\\/\\\/hotnewsinworld.com\\\/hu\\\/orban-mutassuk-meg-a-vilagnak-milyen-a-kereszteny-szabadsagra-epitett-elet\\\/#primaryimage\"},\"thumbnailUrl\":\"https:\\\/\\\/hotnewsinworld.com\\\/hu\\\/wp-content\\\/uploads\\\/sites\\\/3\\\/2019\\\/09\\\/Orb\u00e1n-Mutassuk-meg-a-vil\u00e1gnak-milyen-a-kereszt\u00e9ny-szabads\u00e1gra-\u00e9p\u00edtett.jpg\",\"articleSection\":[\"LEG\u00daJABB P\u00c9NZ\u00dcGYI H\u00cdREK\"],\"inLanguage\":\"hu\",\"potentialAction\":[{\"@type\":\"CommentAction\",\"name\":\"Comment\",\"target\":[\"https:\\\/\\\/hotnewsinworld.com\\\/hu\\\/orban-mutassuk-meg-a-vilagnak-milyen-a-kereszteny-szabadsagra-epitett-elet\\\/#respond\"]}]},{\"@type\":\"WebPage\",\"@id\":\"https:\\\/\\\/hotnewsinworld.com\\\/hu\\\/orban-mutassuk-meg-a-vilagnak-milyen-a-kereszteny-szabadsagra-epitett-elet\\\/\",\"url\":\"https:\\\/\\\/hotnewsinworld.com\\\/hu\\\/orban-mutassuk-meg-a-vilagnak-milyen-a-kereszteny-szabadsagra-epitett-elet\\\/\",\"name\":\"Orb\u00e1n: Mutassuk meg a vil\u00e1gnak, milyen a kereszt\u00e9ny szabads\u00e1gra \u00e9p\u00edtett \u00e9let! - Hot News in World\",\"isPartOf\":{\"@id\":\"https:\\\/\\\/hotnewsinworld.com\\\/hu\\\/#website\"},\"primaryImageOfPage\":{\"@id\":\"https:\\\/\\\/hotnewsinworld.com\\\/hu\\\/orban-mutassuk-meg-a-vilagnak-milyen-a-kereszteny-szabadsagra-epitett-elet\\\/#primaryimage\"},\"image\":{\"@id\":\"https:\\\/\\\/hotnewsinworld.com\\\/hu\\\/orban-mutassuk-meg-a-vilagnak-milyen-a-kereszteny-szabadsagra-epitett-elet\\\/#primaryimage\"},\"thumbnailUrl\":\"https:\\\/\\\/hotnewsinworld.com\\\/hu\\\/wp-content\\\/uploads\\\/sites\\\/3\\\/2019\\\/09\\\/Orb\u00e1n-Mutassuk-meg-a-vil\u00e1gnak-milyen-a-kereszt\u00e9ny-szabads\u00e1gra-\u00e9p\u00edtett.jpg\",\"datePublished\":\"2019-09-14T10:27:39+00:00\",\"dateModified\":\"2019-09-14T10:27:40+00:00\",\"author\":{\"@id\":\"https:\\\/\\\/hotnewsinworld.com\\\/hu\\\/#\\\/schema\\\/person\\\/fe61448b21c0d59086e75fcc1f9d8f6b\"},\"breadcrumb\":{\"@id\":\"https:\\\/\\\/hotnewsinworld.com\\\/hu\\\/orban-mutassuk-meg-a-vilagnak-milyen-a-kereszteny-szabadsagra-epitett-elet\\\/#breadcrumb\"},\"inLanguage\":\"hu\",\"potentialAction\":[{\"@type\":\"ReadAction\",\"target\":[\"https:\\\/\\\/hotnewsinworld.com\\\/hu\\\/orban-mutassuk-meg-a-vilagnak-milyen-a-kereszteny-szabadsagra-epitett-elet\\\/\"]}]},{\"@type\":\"ImageObject\",\"inLanguage\":\"hu\",\"@id\":\"https:\\\/\\\/hotnewsinworld.com\\\/hu\\\/orban-mutassuk-meg-a-vilagnak-milyen-a-kereszteny-szabadsagra-epitett-elet\\\/#primaryimage\",\"url\":\"https:\\\/\\\/hotnewsinworld.com\\\/hu\\\/wp-content\\\/uploads\\\/sites\\\/3\\\/2019\\\/09\\\/Orb\u00e1n-Mutassuk-meg-a-vil\u00e1gnak-milyen-a-kereszt\u00e9ny-szabads\u00e1gra-\u00e9p\u00edtett.jpg\",\"contentUrl\":\"https:\\\/\\\/hotnewsinworld.com\\\/hu\\\/wp-content\\\/uploads\\\/sites\\\/3\\\/2019\\\/09\\\/Orb\u00e1n-Mutassuk-meg-a-vil\u00e1gnak-milyen-a-kereszt\u00e9ny-szabads\u00e1gra-\u00e9p\u00edtett.jpg\",\"width\":850,\"height\":478,\"caption\":\"Orb\u00e1n: Mutassuk meg a vil\u00e1gnak, milyen a kereszt\u00e9ny szabads\u00e1gra \u00e9p\u00edtett \u00e9let!\"},{\"@type\":\"BreadcrumbList\",\"@id\":\"https:\\\/\\\/hotnewsinworld.com\\\/hu\\\/orban-mutassuk-meg-a-vilagnak-milyen-a-kereszteny-szabadsagra-epitett-elet\\\/#breadcrumb\",\"itemListElement\":[{\"@type\":\"ListItem\",\"position\":1,\"name\":\"\u0413\u043b\u0430\u0432\u043d\u0430\u044f \u0441\u0442\u0440\u0430\u043d\u0438\u0446\u0430\",\"item\":\"https:\\\/\\\/hotnewsinworld.com\\\/hu\\\/\"},{\"@type\":\"ListItem\",\"position\":2,\"name\":\"Orb\u00e1n: Mutassuk meg a vil\u00e1gnak, milyen a kereszt\u00e9ny szabads\u00e1gra \u00e9p\u00edtett \u00e9let!\"}]},{\"@type\":\"WebSite\",\"@id\":\"https:\\\/\\\/hotnewsinworld.com\\\/hu\\\/#website\",\"url\":\"https:\\\/\\\/hotnewsinworld.com\\\/hu\\\/\",\"name\":\"Hot News in World\",\"description\":\"Hot News in World from Hungary\",\"potentialAction\":[{\"@type\":\"SearchAction\",\"target\":{\"@type\":\"EntryPoint\",\"urlTemplate\":\"https:\\\/\\\/hotnewsinworld.com\\\/hu\\\/?s={search_term_string}\"},\"query-input\":{\"@type\":\"PropertyValueSpecification\",\"valueRequired\":true,\"valueName\":\"search_term_string\"}}],\"inLanguage\":\"hu\"},{\"@type\":\"Person\",\"@id\":\"https:\\\/\\\/hotnewsinworld.com\\\/hu\\\/#\\\/schema\\\/person\\\/fe61448b21c0d59086e75fcc1f9d8f6b\",\"name\":\"hotnewsinworld\",\"image\":{\"@type\":\"ImageObject\",\"inLanguage\":\"hu\",\"@id\":\"https:\\\/\\\/secure.gravatar.com\\\/avatar\\\/8a09ac165600ce2e1c38fe593c63928eb1e6e7ba5c5a907d67787c41b3d00c14?s=96&d=mm&r=g\",\"url\":\"https:\\\/\\\/secure.gravatar.com\\\/avatar\\\/8a09ac165600ce2e1c38fe593c63928eb1e6e7ba5c5a907d67787c41b3d00c14?s=96&d=mm&r=g\",\"contentUrl\":\"https:\\\/\\\/secure.gravatar.com\\\/avatar\\\/8a09ac165600ce2e1c38fe593c63928eb1e6e7ba5c5a907d67787c41b3d00c14?s=96&d=mm&r=g\",\"caption\":\"hotnewsinworld\"},\"url\":\"https:\\\/\\\/hotnewsinworld.com\\\/hu\\\/author\\\/pt\\\/\"}]}<\/script>\n<!-- \/ Yoast SEO plugin. -->","yoast_head_json":{"title":"Orb\u00e1n: Mutassuk meg a vil\u00e1gnak, milyen a kereszt\u00e9ny szabads\u00e1gra \u00e9p\u00edtett \u00e9let! - Hot News in World","robots":{"index":"index","follow":"follow","max-snippet":"max-snippet:-1","max-image-preview":"max-image-preview:large","max-video-preview":"max-video-preview:-1"},"canonical":"https:\/\/hotnewsinworld.com\/hu\/orban-mutassuk-meg-a-vilagnak-milyen-a-kereszteny-szabadsagra-epitett-elet\/","og_locale":"hu_HU","og_type":"article","og_title":"Orb\u00e1n: Mutassuk meg a vil\u00e1gnak, milyen a kereszt\u00e9ny szabads\u00e1gra \u00e9p\u00edtett \u00e9let! - Hot News in World","og_description":"2019. szeptember 14. 12:13 A hivat\u00e1s\u00e1t vesztett liber\u00e1lis demokr\u00e1ci\u00e1kkal szemben K\u00f6z\u00e9p-Eur\u00f3p\u00e1ban ma a kereszt\u00e9nys\u00e9gb\u0151l fakad\u00f3 kultur\u00e1lis \u00e9s civiliz\u00e1ci\u00f3s \u00e9leter\u0151 nyilv\u00e1nul meg \u2013 fogalmazott a minisztereln\u00f6k. A magyarok k\u00fcldet\u00e9se, hogy megmutass\u00e1k a vil\u00e1gnak, milyen a kereszt\u00e9ny szabads\u00e1g eszm\u00e9ny\u00e9re \u00e9p\u00edtett \u00e9let \u2013 mondta Orb\u00e1n Viktor minisztereln\u00f6k szombaton az Orsz\u00e1gh\u00e1zban, a Kereszt\u00e9ny \u00c9rtelmis\u00e9giek Sz\u00f6vets\u00e9g\u00e9nek (K\u00c9SZ) XII. kongresszus\u00e1n. A [&hellip;]","og_url":"https:\/\/hotnewsinworld.com\/hu\/orban-mutassuk-meg-a-vilagnak-milyen-a-kereszteny-szabadsagra-epitett-elet\/","og_site_name":"Hot News in World","article_published_time":"2019-09-14T10:27:39+00:00","article_modified_time":"2019-09-14T10:27:40+00:00","og_image":[{"width":850,"height":478,"url":"https:\/\/hotnewsinworld.com\/hu\/wp-content\/uploads\/sites\/3\/2019\/09\/Orb\u00e1n-Mutassuk-meg-a-vil\u00e1gnak-milyen-a-kereszt\u00e9ny-szabads\u00e1gra-\u00e9p\u00edtett.jpg","type":"image\/jpeg"}],"author":"hotnewsinworld","twitter_card":"summary_large_image","twitter_misc":{"Szerz\u0151:":"hotnewsinworld","Becs\u00fclt olvas\u00e1si id\u0151":"1 perc"},"schema":{"@context":"https:\/\/schema.org","@graph":[{"@type":"Article","@id":"https:\/\/hotnewsinworld.com\/hu\/orban-mutassuk-meg-a-vilagnak-milyen-a-kereszteny-szabadsagra-epitett-elet\/#article","isPartOf":{"@id":"https:\/\/hotnewsinworld.com\/hu\/orban-mutassuk-meg-a-vilagnak-milyen-a-kereszteny-szabadsagra-epitett-elet\/"},"author":{"name":"hotnewsinworld","@id":"https:\/\/hotnewsinworld.com\/hu\/#\/schema\/person\/fe61448b21c0d59086e75fcc1f9d8f6b"},"headline":"Orb\u00e1n: Mutassuk meg a vil\u00e1gnak, milyen a kereszt\u00e9ny szabads\u00e1gra \u00e9p\u00edtett \u00e9let!","datePublished":"2019-09-14T10:27:39+00:00","dateModified":"2019-09-14T10:27:40+00:00","mainEntityOfPage":{"@id":"https:\/\/hotnewsinworld.com\/hu\/orban-mutassuk-meg-a-vilagnak-milyen-a-kereszteny-szabadsagra-epitett-elet\/"},"wordCount":271,"commentCount":0,"image":{"@id":"https:\/\/hotnewsinworld.com\/hu\/orban-mutassuk-meg-a-vilagnak-milyen-a-kereszteny-szabadsagra-epitett-elet\/#primaryimage"},"thumbnailUrl":"https:\/\/hotnewsinworld.com\/hu\/wp-content\/uploads\/sites\/3\/2019\/09\/Orb\u00e1n-Mutassuk-meg-a-vil\u00e1gnak-milyen-a-kereszt\u00e9ny-szabads\u00e1gra-\u00e9p\u00edtett.jpg","articleSection":["LEG\u00daJABB P\u00c9NZ\u00dcGYI H\u00cdREK"],"inLanguage":"hu","potentialAction":[{"@type":"CommentAction","name":"Comment","target":["https:\/\/hotnewsinworld.com\/hu\/orban-mutassuk-meg-a-vilagnak-milyen-a-kereszteny-szabadsagra-epitett-elet\/#respond"]}]},{"@type":"WebPage","@id":"https:\/\/hotnewsinworld.com\/hu\/orban-mutassuk-meg-a-vilagnak-milyen-a-kereszteny-szabadsagra-epitett-elet\/","url":"https:\/\/hotnewsinworld.com\/hu\/orban-mutassuk-meg-a-vilagnak-milyen-a-kereszteny-szabadsagra-epitett-elet\/","name":"Orb\u00e1n: Mutassuk meg a vil\u00e1gnak, milyen a kereszt\u00e9ny szabads\u00e1gra \u00e9p\u00edtett \u00e9let! - Hot News in World","isPartOf":{"@id":"https:\/\/hotnewsinworld.com\/hu\/#website"},"primaryImageOfPage":{"@id":"https:\/\/hotnewsinworld.com\/hu\/orban-mutassuk-meg-a-vilagnak-milyen-a-kereszteny-szabadsagra-epitett-elet\/#primaryimage"},"image":{"@id":"https:\/\/hotnewsinworld.com\/hu\/orban-mutassuk-meg-a-vilagnak-milyen-a-kereszteny-szabadsagra-epitett-elet\/#primaryimage"},"thumbnailUrl":"https:\/\/hotnewsinworld.com\/hu\/wp-content\/uploads\/sites\/3\/2019\/09\/Orb\u00e1n-Mutassuk-meg-a-vil\u00e1gnak-milyen-a-kereszt\u00e9ny-szabads\u00e1gra-\u00e9p\u00edtett.jpg","datePublished":"2019-09-14T10:27:39+00:00","dateModified":"2019-09-14T10:27:40+00:00","author":{"@id":"https:\/\/hotnewsinworld.com\/hu\/#\/schema\/person\/fe61448b21c0d59086e75fcc1f9d8f6b"},"breadcrumb":{"@id":"https:\/\/hotnewsinworld.com\/hu\/orban-mutassuk-meg-a-vilagnak-milyen-a-kereszteny-szabadsagra-epitett-elet\/#breadcrumb"},"inLanguage":"hu","potentialAction":[{"@type":"ReadAction","target":["https:\/\/hotnewsinworld.com\/hu\/orban-mutassuk-meg-a-vilagnak-milyen-a-kereszteny-szabadsagra-epitett-elet\/"]}]},{"@type":"ImageObject","inLanguage":"hu","@id":"https:\/\/hotnewsinworld.com\/hu\/orban-mutassuk-meg-a-vilagnak-milyen-a-kereszteny-szabadsagra-epitett-elet\/#primaryimage","url":"https:\/\/hotnewsinworld.com\/hu\/wp-content\/uploads\/sites\/3\/2019\/09\/Orb\u00e1n-Mutassuk-meg-a-vil\u00e1gnak-milyen-a-kereszt\u00e9ny-szabads\u00e1gra-\u00e9p\u00edtett.jpg","contentUrl":"https:\/\/hotnewsinworld.com\/hu\/wp-content\/uploads\/sites\/3\/2019\/09\/Orb\u00e1n-Mutassuk-meg-a-vil\u00e1gnak-milyen-a-kereszt\u00e9ny-szabads\u00e1gra-\u00e9p\u00edtett.jpg","width":850,"height":478,"caption":"Orb\u00e1n: Mutassuk meg a vil\u00e1gnak, milyen a kereszt\u00e9ny szabads\u00e1gra \u00e9p\u00edtett \u00e9let!"},{"@type":"BreadcrumbList","@id":"https:\/\/hotnewsinworld.com\/hu\/orban-mutassuk-meg-a-vilagnak-milyen-a-kereszteny-szabadsagra-epitett-elet\/#breadcrumb","itemListElement":[{"@type":"ListItem","position":1,"name":"\u0413\u043b\u0430\u0432\u043d\u0430\u044f \u0441\u0442\u0440\u0430\u043d\u0438\u0446\u0430","item":"https:\/\/hotnewsinworld.com\/hu\/"},{"@type":"ListItem","position":2,"name":"Orb\u00e1n: Mutassuk meg a vil\u00e1gnak, milyen a kereszt\u00e9ny szabads\u00e1gra \u00e9p\u00edtett \u00e9let!"}]},{"@type":"WebSite","@id":"https:\/\/hotnewsinworld.com\/hu\/#website","url":"https:\/\/hotnewsinworld.com\/hu\/","name":"Hot News in World","description":"Hot News in World from Hungary","potentialAction":[{"@type":"SearchAction","target":{"@type":"EntryPoint","urlTemplate":"https:\/\/hotnewsinworld.com\/hu\/?s={search_term_string}"},"query-input":{"@type":"PropertyValueSpecification","valueRequired":true,"valueName":"search_term_string"}}],"inLanguage":"hu"},{"@type":"Person","@id":"https:\/\/hotnewsinworld.com\/hu\/#\/schema\/person\/fe61448b21c0d59086e75fcc1f9d8f6b","name":"hotnewsinworld","image":{"@type":"ImageObject","inLanguage":"hu","@id":"https:\/\/secure.gravatar.com\/avatar\/8a09ac165600ce2e1c38fe593c63928eb1e6e7ba5c5a907d67787c41b3d00c14?s=96&d=mm&r=g","url":"https:\/\/secure.gravatar.com\/avatar\/8a09ac165600ce2e1c38fe593c63928eb1e6e7ba5c5a907d67787c41b3d00c14?s=96&d=mm&r=g","contentUrl":"https:\/\/secure.gravatar.com\/avatar\/8a09ac165600ce2e1c38fe593c63928eb1e6e7ba5c5a907d67787c41b3d00c14?s=96&d=mm&r=g","caption":"hotnewsinworld"},"url":"https:\/\/hotnewsinworld.com\/hu\/author\/pt\/"}]}},"_links":{"self":[{"href":"https:\/\/hotnewsinworld.com\/hu\/wp-json\/wp\/v2\/posts\/2036","targetHints":{"allow":["GET"]}}],"collection":[{"href":"https:\/\/hotnewsinworld.com\/hu\/wp-json\/wp\/v2\/posts"}],"about":[{"href":"https:\/\/hotnewsinworld.com\/hu\/wp-json\/wp\/v2\/types\/post"}],"author":[{"embeddable":true,"href":"https:\/\/hotnewsinworld.com\/hu\/wp-json\/wp\/v2\/users\/2"}],"replies":[{"embeddable":true,"href":"https:\/\/hotnewsinworld.com\/hu\/wp-json\/wp\/v2\/comments?post=2036"}],"version-history":[{"count":1,"href":"https:\/\/hotnewsinworld.com\/hu\/wp-json\/wp\/v2\/posts\/2036\/revisions"}],"predecessor-version":[{"id":2038,"href":"https:\/\/hotnewsinworld.com\/hu\/wp-json\/wp\/v2\/posts\/2036\/revisions\/2038"}],"wp:featuredmedia":[{"embeddable":true,"href":"https:\/\/hotnewsinworld.com\/hu\/wp-json\/wp\/v2\/media\/2037"}],"wp:attachment":[{"href":"https:\/\/hotnewsinworld.com\/hu\/wp-json\/wp\/v2\/media?parent=2036"}],"wp:term":[{"taxonomy":"category","embeddable":true,"href":"https:\/\/hotnewsinworld.com\/hu\/wp-json\/wp\/v2\/categories?post=2036"},{"taxonomy":"post_tag","embeddable":true,"href":"https:\/\/hotnewsinworld.com\/hu\/wp-json\/wp\/v2\/tags?post=2036"}],"curies":[{"name":"wp","href":"https:\/\/api.w.org\/{rel}","templated":true}]}}