{"id":2039,"date":"2019-09-14T15:37:08","date_gmt":"2019-09-14T12:37:08","guid":{"rendered":"https:\/\/hotnewsinworld.com\/hu\/a-vilagorat-europaban-egyre-tobben-a-magyar-idohoz-igazitjak\/"},"modified":"2019-09-14T15:37:09","modified_gmt":"2019-09-14T12:37:09","slug":"a-vilagorat-europaban-egyre-tobben-a-magyar-idohoz-igazitjak","status":"publish","type":"post","link":"https:\/\/hotnewsinworld.com\/hu\/a-vilagorat-europaban-egyre-tobben-a-magyar-idohoz-igazitjak\/","title":{"rendered":"a vil\u00e1g\u00f3r\u00e1t Eur\u00f3p\u00e1ban egyre t\u00f6bben a magyar id\u0151h\u00f6z igaz\u00edtj\u00e1k"},"content":{"rendered":"<p>                                A h\u00e1zeln\u00f6k nyit\u00f3besz\u00e9d\u00e9ben N\u00e9meth L\u00e1szl\u00f3 1943-as szavait id\u00e9zte, miszerint aki a magyars\u00e1g \u00fajkori t\u00f6rt\u00e9net\u00e9t meg\u00edrja, arra kell felelnie, hogyan s\u00fcllyedt bennsz\u00fcl\u00f6tt\u00e9 ez a nagy k\u00f6z\u00e9pkori nemzet tulajdon orsz\u00e1g\u00e1ban.<br \/>\n K\u00f6v\u00e9r L\u00e1szl\u00f3 h\u00e1zeln\u00f6k besz\u00e9det mond a Kereszt\u00e9ny \u00c9rtelmis\u00e9giek Sz\u00f6vets\u00e9g\u00e9nek (K\u00c9SZ) XII. kongresszus\u00e1n a Parlamentben 2019. szeptember 14-\u00e9n.MTI\/Kosztics\u00e1k Szil\u00e1rd<br \/>\nK\u00f6v\u00e9r L\u00e1szl\u00f3 ezzel kapcsolatban \u00fagy fogalmazott, azt k\u00edv\u00e1nja, hogy:<\/p>\n<p>2043-ban mindannyian elmondhassuk: annak, aki a magyars\u00e1g leg\u00fajabbkori t\u00f6rt\u00e9net\u00e9t meg\u00edrja, arra kell felelnie, hogy ez a nemzet f\u00e9l \u00e9vsz\u00e1zad alatt mik\u00e9nt emelkedett ki a neki sz\u00e1nt bennsz\u00fcl\u00f6tti sorsb\u00f3l, \u00e9s mik\u00e9nt lett v\u00e9gre ura a tulajdon orsz\u00e1g\u00e1nak.<\/p>\n<p>Ha a J\u00f3isten megadja ennek a j\u00f3k\u00edv\u00e1ns\u00e1gnak a beteljes\u00fcl\u00e9s\u00e9t \u2013 folytatta az Orsz\u00e1ggy\u0171l\u00e9s eln\u00f6ke -, akkor \u201eelmondhatjuk, hogy \u00e9let\u00fcnk sor\u00e1n nem dolgoztunk hi\u00e1ba\u201d. Nem volt hi\u00e1baval\u00f3 a k\u00f6z\u00f6s er\u0151fesz\u00edt\u00e9s, amikor 30 \u00e9vvel ezel\u0151tt \u201ekimenek\u00edtett\u00fck Magyarorsz\u00e1got a kommunizmus \u00f6sszeoml\u00f3 romjai al\u00f3l\u201d, nem volt hi\u00e1baval\u00f3, hogy a kommunizmus rendszer\u00e9nek 1990-ben t\u00f6rt\u00e9nt demokratikus lez\u00e1r\u00e1sa ut\u00e1n, 20 \u00e9v \u00fatkeres\u00e9s ut\u00e1n, 2010-ben, ugyancsak demokratikus m\u00f3don, \u201elez\u00e1rtuk a posztkommunizmus korszak\u00e1t is, \u00e9s megkezdt\u00fck az al\u00e1vetett \u00e9s kizs\u00e1km\u00e1nyolt bennsz\u00fcl\u00f6tti \u00e1llapotb\u00f3l val\u00f3 kil\u00e1bal\u00e1s programj\u00e1nak v\u00e9grehajt\u00e1s\u00e1t\u201d \u2013 fejtette ki.<\/p>\n<p>Kell\u0151 szer\u00e9nys\u00e9ggel \u00e9s a sz\u00fcks\u00e9ges \u00f6nbizalommal mondjuk ki: egy\u00fctt megt\u00f6rj\u00fck a balsorsot, k\u00f6z\u00f6sen ler\u00e1zzuk magunkr\u00f3l a t\u00f6rt\u00e9nelmi f\u00e1tumot, sikerre vissz\u00fck \u00e9s beteljes\u00edtj\u00fck az orsz\u00e1g \u00e9s a nemzet 2010-ben elkezdett emelked\u00e9s\u00e9t<\/p>\n<p>\u2013 fogalmazott a h\u00e1zeln\u00f6k, aki szerint a 21. sz\u00e1zad k\u00f6zep\u00e9re a magyarok v\u00e9gleg kiv\u00e1ltj\u00e1k magukat a m\u00e1sok \u00e1ltal nekik sz\u00e1nt \u201ebennsz\u00fcl\u00f6tti sorsb\u00f3l\u201d, \u00e9s ebben ez\u00fattal semmilyen ellen\u00e9rdekelt er\u0151 nem tudja \u0151ket megakad\u00e1lyozni.<br \/>\nK\u00f6v\u00e9r L\u00e1szl\u00f3 k\u00f6sz\u00f6netet mondott a kereszt\u00e9ny \u00e9rtelmis\u00e9gnek, hogy megtan\u00edt arra, mik\u00e9nt kell olvasni az id\u0151k jeleit, hogy \u201emindig k\u00fcl\u00f6nbs\u00e9get tudjunk tenni j\u00f3 \u00e9s rossz, h\u0171s\u00e9g \u00e9s h\u0171tlens\u00e9g, er\u00e9ny \u00e9s b\u0171n k\u00f6z\u00f6tt\u201d.<br \/>\nSzavai szerint \u201ema a legnagyobb ellenfeleink az er\u00e9nyekkel szemben \u00e1ll\u00f3 b\u0171n\u00f6k\u201d \u00e9s mindazok, akik a b\u0171n szolg\u00e1lat\u00e1ban \u00e1llnak, a b\u00f6lcsess\u00e9ggel szemben \u00e1ll\u00f3 tudatlans\u00e1g \u00e9s azok terjeszt\u0151i, a b\u00e1tors\u00e1ggal szemben \u00e1ll\u00f3 gy\u00e1vas\u00e1g \u00e9s azok ideol\u00f3gusai, az igazs\u00e1goss\u00e1ggal szemben \u00e1ll\u00f3 igazs\u00e1gtalans\u00e1g \u00e9s azok haszon\u00e9lvez\u0151i, a m\u00e9rt\u00e9kletess\u00e9ggel szemben \u00e1ll\u00f3 m\u00e9rt\u00e9ktelens\u00e9g \u00e9s azok hirdet\u0151i.<br \/>\nAz Orsz\u00e1ggy\u0171l\u00e9s eln\u00f6ke arra k\u00e9rte a kongresszus r\u00e9sztvev\u0151it, hogy mik\u00e9nt a m\u00faltban, \u00fagy a j\u00f6v\u0151ben is seg\u00edts\u00e9k a felel\u0151s magyar politik\u00e1t, hogy tartani tudja a j\u00f3 ir\u00e1nyt a k\u00f6z\u00f6s t\u00f6rt\u00e9nelmi c\u00e9lok fel\u00e9. \u201eNagy k\u00fczdelemben \u00e1llunk, \u00e9s a gy\u0151zelem felt\u00e9tele, hogy nagy ellenf\u00e9l ellen \u2013 amely alatt nem a mai itthoni ellenz\u00e9k \u00e9rtend\u0151 \u2013 nagy lelket tudjunk n\u00f6veszteni\u201d \u2013 mondta.<\/p>\n<p>\n<!--noindex--><br \/>\n<a href=\"https:\/\/hirek.oldal.info\/rssclick\/14396773\" rel=\"nofollow\">Source link <\/a><br \/>\n<!--\/noindex--><\/p>\n","protected":false},"excerpt":{"rendered":"<p>A h\u00e1zeln\u00f6k nyit\u00f3besz\u00e9d\u00e9ben N\u00e9meth L\u00e1szl\u00f3 1943-as szavait id\u00e9zte, miszerint aki a magyars\u00e1g \u00fajkori t\u00f6rt\u00e9net\u00e9t meg\u00edrja, arra kell felelnie, hogyan s\u00fcllyedt bennsz\u00fcl\u00f6tt\u00e9 ez a nagy k\u00f6z\u00e9pkori nemzet tulajdon orsz\u00e1g\u00e1ban. K\u00f6v\u00e9r L\u00e1szl\u00f3 h\u00e1zeln\u00f6k besz\u00e9det mond a Kereszt\u00e9ny \u00c9rtelmis\u00e9giek Sz\u00f6vets\u00e9g\u00e9nek (K\u00c9SZ) XII. kongresszus\u00e1n a Parlamentben 2019. szeptember 14-\u00e9n.MTI\/Kosztics\u00e1k Szil\u00e1rd K\u00f6v\u00e9r L\u00e1szl\u00f3 ezzel kapcsolatban \u00fagy fogalmazott, azt k\u00edv\u00e1nja, hogy: [&hellip;]<\/p>\n","protected":false},"author":2,"featured_media":2040,"comment_status":"open","ping_status":"open","sticky":false,"template":"","format":"standard","meta":{"footnotes":""},"categories":[1],"tags":[],"class_list":["post-2039","post","type-post","status-publish","format-standard","has-post-thumbnail","hentry","category-legujabb-penzugyi-hirek"],"yoast_head":"<!-- This site is optimized with the Yoast SEO plugin v27.4 - https:\/\/yoast.com\/product\/yoast-seo-wordpress\/ -->\n<title>a vil\u00e1g\u00f3r\u00e1t Eur\u00f3p\u00e1ban egyre t\u00f6bben a magyar id\u0151h\u00f6z igaz\u00edtj\u00e1k - Hot News in World<\/title>\n<meta name=\"robots\" content=\"index, follow, max-snippet:-1, max-image-preview:large, max-video-preview:-1\" \/>\n<link rel=\"canonical\" href=\"https:\/\/hotnewsinworld.com\/hu\/a-vilagorat-europaban-egyre-tobben-a-magyar-idohoz-igazitjak\/\" \/>\n<meta property=\"og:locale\" content=\"hu_HU\" \/>\n<meta property=\"og:type\" content=\"article\" \/>\n<meta property=\"og:title\" content=\"a vil\u00e1g\u00f3r\u00e1t Eur\u00f3p\u00e1ban egyre t\u00f6bben a magyar id\u0151h\u00f6z igaz\u00edtj\u00e1k - Hot News in World\" \/>\n<meta property=\"og:description\" content=\"A h\u00e1zeln\u00f6k nyit\u00f3besz\u00e9d\u00e9ben N\u00e9meth L\u00e1szl\u00f3 1943-as szavait id\u00e9zte, miszerint aki a magyars\u00e1g \u00fajkori t\u00f6rt\u00e9net\u00e9t meg\u00edrja, arra kell felelnie, hogyan s\u00fcllyedt bennsz\u00fcl\u00f6tt\u00e9 ez a nagy k\u00f6z\u00e9pkori nemzet tulajdon orsz\u00e1g\u00e1ban. K\u00f6v\u00e9r L\u00e1szl\u00f3 h\u00e1zeln\u00f6k besz\u00e9det mond a Kereszt\u00e9ny \u00c9rtelmis\u00e9giek Sz\u00f6vets\u00e9g\u00e9nek (K\u00c9SZ) XII. kongresszus\u00e1n a Parlamentben 2019. szeptember 14-\u00e9n.MTI\/Kosztics\u00e1k Szil\u00e1rd K\u00f6v\u00e9r L\u00e1szl\u00f3 ezzel kapcsolatban \u00fagy fogalmazott, azt k\u00edv\u00e1nja, hogy: [&hellip;]\" \/>\n<meta property=\"og:url\" content=\"https:\/\/hotnewsinworld.com\/hu\/a-vilagorat-europaban-egyre-tobben-a-magyar-idohoz-igazitjak\/\" \/>\n<meta property=\"og:site_name\" content=\"Hot News in World\" \/>\n<meta property=\"article:published_time\" content=\"2019-09-14T12:37:08+00:00\" \/>\n<meta property=\"article:modified_time\" content=\"2019-09-14T12:37:09+00:00\" \/>\n<meta property=\"og:image\" content=\"https:\/\/hotnewsinworld.com\/hu\/wp-content\/uploads\/sites\/3\/2019\/09\/a-vil\u00e1g\u00f3r\u00e1t-Eur\u00f3p\u00e1ban-egyre-t\u00f6bben-a-magyar-id\u0151h\u00f6z-igaz\u00edtj\u00e1k.jpg\" \/>\n\t<meta property=\"og:image:width\" content=\"768\" \/>\n\t<meta property=\"og:image:height\" content=\"511\" \/>\n\t<meta property=\"og:image:type\" content=\"image\/jpeg\" \/>\n<meta name=\"author\" content=\"hotnewsinworld\" \/>\n<meta name=\"twitter:card\" content=\"summary_large_image\" \/>\n<meta name=\"twitter:label1\" content=\"Szerz\u0151:\" \/>\n\t<meta name=\"twitter:data1\" content=\"hotnewsinworld\" \/>\n\t<meta name=\"twitter:label2\" content=\"Becs\u00fclt olvas\u00e1si id\u0151\" \/>\n\t<meta name=\"twitter:data2\" content=\"3 perc\" \/>\n<script type=\"application\/ld+json\" class=\"yoast-schema-graph\">{\"@context\":\"https:\\\/\\\/schema.org\",\"@graph\":[{\"@type\":\"Article\",\"@id\":\"https:\\\/\\\/hotnewsinworld.com\\\/hu\\\/a-vilagorat-europaban-egyre-tobben-a-magyar-idohoz-igazitjak\\\/#article\",\"isPartOf\":{\"@id\":\"https:\\\/\\\/hotnewsinworld.com\\\/hu\\\/a-vilagorat-europaban-egyre-tobben-a-magyar-idohoz-igazitjak\\\/\"},\"author\":{\"name\":\"hotnewsinworld\",\"@id\":\"https:\\\/\\\/hotnewsinworld.com\\\/hu\\\/#\\\/schema\\\/person\\\/fe61448b21c0d59086e75fcc1f9d8f6b\"},\"headline\":\"a vil\u00e1g\u00f3r\u00e1t Eur\u00f3p\u00e1ban egyre t\u00f6bben a magyar id\u0151h\u00f6z igaz\u00edtj\u00e1k\",\"datePublished\":\"2019-09-14T12:37:08+00:00\",\"dateModified\":\"2019-09-14T12:37:09+00:00\",\"mainEntityOfPage\":{\"@id\":\"https:\\\/\\\/hotnewsinworld.com\\\/hu\\\/a-vilagorat-europaban-egyre-tobben-a-magyar-idohoz-igazitjak\\\/\"},\"wordCount\":607,\"commentCount\":0,\"image\":{\"@id\":\"https:\\\/\\\/hotnewsinworld.com\\\/hu\\\/a-vilagorat-europaban-egyre-tobben-a-magyar-idohoz-igazitjak\\\/#primaryimage\"},\"thumbnailUrl\":\"https:\\\/\\\/hotnewsinworld.com\\\/hu\\\/wp-content\\\/uploads\\\/sites\\\/3\\\/2019\\\/09\\\/a-vil\u00e1g\u00f3r\u00e1t-Eur\u00f3p\u00e1ban-egyre-t\u00f6bben-a-magyar-id\u0151h\u00f6z-igaz\u00edtj\u00e1k.jpg\",\"articleSection\":[\"LEG\u00daJABB P\u00c9NZ\u00dcGYI H\u00cdREK\"],\"inLanguage\":\"hu\",\"potentialAction\":[{\"@type\":\"CommentAction\",\"name\":\"Comment\",\"target\":[\"https:\\\/\\\/hotnewsinworld.com\\\/hu\\\/a-vilagorat-europaban-egyre-tobben-a-magyar-idohoz-igazitjak\\\/#respond\"]}]},{\"@type\":\"WebPage\",\"@id\":\"https:\\\/\\\/hotnewsinworld.com\\\/hu\\\/a-vilagorat-europaban-egyre-tobben-a-magyar-idohoz-igazitjak\\\/\",\"url\":\"https:\\\/\\\/hotnewsinworld.com\\\/hu\\\/a-vilagorat-europaban-egyre-tobben-a-magyar-idohoz-igazitjak\\\/\",\"name\":\"a vil\u00e1g\u00f3r\u00e1t Eur\u00f3p\u00e1ban egyre t\u00f6bben a magyar id\u0151h\u00f6z igaz\u00edtj\u00e1k - Hot News in World\",\"isPartOf\":{\"@id\":\"https:\\\/\\\/hotnewsinworld.com\\\/hu\\\/#website\"},\"primaryImageOfPage\":{\"@id\":\"https:\\\/\\\/hotnewsinworld.com\\\/hu\\\/a-vilagorat-europaban-egyre-tobben-a-magyar-idohoz-igazitjak\\\/#primaryimage\"},\"image\":{\"@id\":\"https:\\\/\\\/hotnewsinworld.com\\\/hu\\\/a-vilagorat-europaban-egyre-tobben-a-magyar-idohoz-igazitjak\\\/#primaryimage\"},\"thumbnailUrl\":\"https:\\\/\\\/hotnewsinworld.com\\\/hu\\\/wp-content\\\/uploads\\\/sites\\\/3\\\/2019\\\/09\\\/a-vil\u00e1g\u00f3r\u00e1t-Eur\u00f3p\u00e1ban-egyre-t\u00f6bben-a-magyar-id\u0151h\u00f6z-igaz\u00edtj\u00e1k.jpg\",\"datePublished\":\"2019-09-14T12:37:08+00:00\",\"dateModified\":\"2019-09-14T12:37:09+00:00\",\"author\":{\"@id\":\"https:\\\/\\\/hotnewsinworld.com\\\/hu\\\/#\\\/schema\\\/person\\\/fe61448b21c0d59086e75fcc1f9d8f6b\"},\"breadcrumb\":{\"@id\":\"https:\\\/\\\/hotnewsinworld.com\\\/hu\\\/a-vilagorat-europaban-egyre-tobben-a-magyar-idohoz-igazitjak\\\/#breadcrumb\"},\"inLanguage\":\"hu\",\"potentialAction\":[{\"@type\":\"ReadAction\",\"target\":[\"https:\\\/\\\/hotnewsinworld.com\\\/hu\\\/a-vilagorat-europaban-egyre-tobben-a-magyar-idohoz-igazitjak\\\/\"]}]},{\"@type\":\"ImageObject\",\"inLanguage\":\"hu\",\"@id\":\"https:\\\/\\\/hotnewsinworld.com\\\/hu\\\/a-vilagorat-europaban-egyre-tobben-a-magyar-idohoz-igazitjak\\\/#primaryimage\",\"url\":\"https:\\\/\\\/hotnewsinworld.com\\\/hu\\\/wp-content\\\/uploads\\\/sites\\\/3\\\/2019\\\/09\\\/a-vil\u00e1g\u00f3r\u00e1t-Eur\u00f3p\u00e1ban-egyre-t\u00f6bben-a-magyar-id\u0151h\u00f6z-igaz\u00edtj\u00e1k.jpg\",\"contentUrl\":\"https:\\\/\\\/hotnewsinworld.com\\\/hu\\\/wp-content\\\/uploads\\\/sites\\\/3\\\/2019\\\/09\\\/a-vil\u00e1g\u00f3r\u00e1t-Eur\u00f3p\u00e1ban-egyre-t\u00f6bben-a-magyar-id\u0151h\u00f6z-igaz\u00edtj\u00e1k.jpg\",\"width\":768,\"height\":511,\"caption\":\"a vil\u00e1g\u00f3r\u00e1t Eur\u00f3p\u00e1ban egyre t\u00f6bben a magyar id\u0151h\u00f6z igaz\u00edtj\u00e1k\"},{\"@type\":\"BreadcrumbList\",\"@id\":\"https:\\\/\\\/hotnewsinworld.com\\\/hu\\\/a-vilagorat-europaban-egyre-tobben-a-magyar-idohoz-igazitjak\\\/#breadcrumb\",\"itemListElement\":[{\"@type\":\"ListItem\",\"position\":1,\"name\":\"\u0413\u043b\u0430\u0432\u043d\u0430\u044f \u0441\u0442\u0440\u0430\u043d\u0438\u0446\u0430\",\"item\":\"https:\\\/\\\/hotnewsinworld.com\\\/hu\\\/\"},{\"@type\":\"ListItem\",\"position\":2,\"name\":\"a vil\u00e1g\u00f3r\u00e1t Eur\u00f3p\u00e1ban egyre t\u00f6bben a magyar id\u0151h\u00f6z igaz\u00edtj\u00e1k\"}]},{\"@type\":\"WebSite\",\"@id\":\"https:\\\/\\\/hotnewsinworld.com\\\/hu\\\/#website\",\"url\":\"https:\\\/\\\/hotnewsinworld.com\\\/hu\\\/\",\"name\":\"Hot News in World\",\"description\":\"Hot News in World from Hungary\",\"potentialAction\":[{\"@type\":\"SearchAction\",\"target\":{\"@type\":\"EntryPoint\",\"urlTemplate\":\"https:\\\/\\\/hotnewsinworld.com\\\/hu\\\/?s={search_term_string}\"},\"query-input\":{\"@type\":\"PropertyValueSpecification\",\"valueRequired\":true,\"valueName\":\"search_term_string\"}}],\"inLanguage\":\"hu\"},{\"@type\":\"Person\",\"@id\":\"https:\\\/\\\/hotnewsinworld.com\\\/hu\\\/#\\\/schema\\\/person\\\/fe61448b21c0d59086e75fcc1f9d8f6b\",\"name\":\"hotnewsinworld\",\"image\":{\"@type\":\"ImageObject\",\"inLanguage\":\"hu\",\"@id\":\"https:\\\/\\\/secure.gravatar.com\\\/avatar\\\/8a09ac165600ce2e1c38fe593c63928eb1e6e7ba5c5a907d67787c41b3d00c14?s=96&d=mm&r=g\",\"url\":\"https:\\\/\\\/secure.gravatar.com\\\/avatar\\\/8a09ac165600ce2e1c38fe593c63928eb1e6e7ba5c5a907d67787c41b3d00c14?s=96&d=mm&r=g\",\"contentUrl\":\"https:\\\/\\\/secure.gravatar.com\\\/avatar\\\/8a09ac165600ce2e1c38fe593c63928eb1e6e7ba5c5a907d67787c41b3d00c14?s=96&d=mm&r=g\",\"caption\":\"hotnewsinworld\"},\"url\":\"https:\\\/\\\/hotnewsinworld.com\\\/hu\\\/author\\\/pt\\\/\"}]}<\/script>\n<!-- \/ Yoast SEO plugin. -->","yoast_head_json":{"title":"a vil\u00e1g\u00f3r\u00e1t Eur\u00f3p\u00e1ban egyre t\u00f6bben a magyar id\u0151h\u00f6z igaz\u00edtj\u00e1k - Hot News in World","robots":{"index":"index","follow":"follow","max-snippet":"max-snippet:-1","max-image-preview":"max-image-preview:large","max-video-preview":"max-video-preview:-1"},"canonical":"https:\/\/hotnewsinworld.com\/hu\/a-vilagorat-europaban-egyre-tobben-a-magyar-idohoz-igazitjak\/","og_locale":"hu_HU","og_type":"article","og_title":"a vil\u00e1g\u00f3r\u00e1t Eur\u00f3p\u00e1ban egyre t\u00f6bben a magyar id\u0151h\u00f6z igaz\u00edtj\u00e1k - Hot News in World","og_description":"A h\u00e1zeln\u00f6k nyit\u00f3besz\u00e9d\u00e9ben N\u00e9meth L\u00e1szl\u00f3 1943-as szavait id\u00e9zte, miszerint aki a magyars\u00e1g \u00fajkori t\u00f6rt\u00e9net\u00e9t meg\u00edrja, arra kell felelnie, hogyan s\u00fcllyedt bennsz\u00fcl\u00f6tt\u00e9 ez a nagy k\u00f6z\u00e9pkori nemzet tulajdon orsz\u00e1g\u00e1ban. K\u00f6v\u00e9r L\u00e1szl\u00f3 h\u00e1zeln\u00f6k besz\u00e9det mond a Kereszt\u00e9ny \u00c9rtelmis\u00e9giek Sz\u00f6vets\u00e9g\u00e9nek (K\u00c9SZ) XII. kongresszus\u00e1n a Parlamentben 2019. szeptember 14-\u00e9n.MTI\/Kosztics\u00e1k Szil\u00e1rd K\u00f6v\u00e9r L\u00e1szl\u00f3 ezzel kapcsolatban \u00fagy fogalmazott, azt k\u00edv\u00e1nja, hogy: [&hellip;]","og_url":"https:\/\/hotnewsinworld.com\/hu\/a-vilagorat-europaban-egyre-tobben-a-magyar-idohoz-igazitjak\/","og_site_name":"Hot News in World","article_published_time":"2019-09-14T12:37:08+00:00","article_modified_time":"2019-09-14T12:37:09+00:00","og_image":[{"width":768,"height":511,"url":"https:\/\/hotnewsinworld.com\/hu\/wp-content\/uploads\/sites\/3\/2019\/09\/a-vil\u00e1g\u00f3r\u00e1t-Eur\u00f3p\u00e1ban-egyre-t\u00f6bben-a-magyar-id\u0151h\u00f6z-igaz\u00edtj\u00e1k.jpg","type":"image\/jpeg"}],"author":"hotnewsinworld","twitter_card":"summary_large_image","twitter_misc":{"Szerz\u0151:":"hotnewsinworld","Becs\u00fclt olvas\u00e1si id\u0151":"3 perc"},"schema":{"@context":"https:\/\/schema.org","@graph":[{"@type":"Article","@id":"https:\/\/hotnewsinworld.com\/hu\/a-vilagorat-europaban-egyre-tobben-a-magyar-idohoz-igazitjak\/#article","isPartOf":{"@id":"https:\/\/hotnewsinworld.com\/hu\/a-vilagorat-europaban-egyre-tobben-a-magyar-idohoz-igazitjak\/"},"author":{"name":"hotnewsinworld","@id":"https:\/\/hotnewsinworld.com\/hu\/#\/schema\/person\/fe61448b21c0d59086e75fcc1f9d8f6b"},"headline":"a vil\u00e1g\u00f3r\u00e1t Eur\u00f3p\u00e1ban egyre t\u00f6bben a magyar id\u0151h\u00f6z igaz\u00edtj\u00e1k","datePublished":"2019-09-14T12:37:08+00:00","dateModified":"2019-09-14T12:37:09+00:00","mainEntityOfPage":{"@id":"https:\/\/hotnewsinworld.com\/hu\/a-vilagorat-europaban-egyre-tobben-a-magyar-idohoz-igazitjak\/"},"wordCount":607,"commentCount":0,"image":{"@id":"https:\/\/hotnewsinworld.com\/hu\/a-vilagorat-europaban-egyre-tobben-a-magyar-idohoz-igazitjak\/#primaryimage"},"thumbnailUrl":"https:\/\/hotnewsinworld.com\/hu\/wp-content\/uploads\/sites\/3\/2019\/09\/a-vil\u00e1g\u00f3r\u00e1t-Eur\u00f3p\u00e1ban-egyre-t\u00f6bben-a-magyar-id\u0151h\u00f6z-igaz\u00edtj\u00e1k.jpg","articleSection":["LEG\u00daJABB P\u00c9NZ\u00dcGYI H\u00cdREK"],"inLanguage":"hu","potentialAction":[{"@type":"CommentAction","name":"Comment","target":["https:\/\/hotnewsinworld.com\/hu\/a-vilagorat-europaban-egyre-tobben-a-magyar-idohoz-igazitjak\/#respond"]}]},{"@type":"WebPage","@id":"https:\/\/hotnewsinworld.com\/hu\/a-vilagorat-europaban-egyre-tobben-a-magyar-idohoz-igazitjak\/","url":"https:\/\/hotnewsinworld.com\/hu\/a-vilagorat-europaban-egyre-tobben-a-magyar-idohoz-igazitjak\/","name":"a vil\u00e1g\u00f3r\u00e1t Eur\u00f3p\u00e1ban egyre t\u00f6bben a magyar id\u0151h\u00f6z igaz\u00edtj\u00e1k - Hot News in World","isPartOf":{"@id":"https:\/\/hotnewsinworld.com\/hu\/#website"},"primaryImageOfPage":{"@id":"https:\/\/hotnewsinworld.com\/hu\/a-vilagorat-europaban-egyre-tobben-a-magyar-idohoz-igazitjak\/#primaryimage"},"image":{"@id":"https:\/\/hotnewsinworld.com\/hu\/a-vilagorat-europaban-egyre-tobben-a-magyar-idohoz-igazitjak\/#primaryimage"},"thumbnailUrl":"https:\/\/hotnewsinworld.com\/hu\/wp-content\/uploads\/sites\/3\/2019\/09\/a-vil\u00e1g\u00f3r\u00e1t-Eur\u00f3p\u00e1ban-egyre-t\u00f6bben-a-magyar-id\u0151h\u00f6z-igaz\u00edtj\u00e1k.jpg","datePublished":"2019-09-14T12:37:08+00:00","dateModified":"2019-09-14T12:37:09+00:00","author":{"@id":"https:\/\/hotnewsinworld.com\/hu\/#\/schema\/person\/fe61448b21c0d59086e75fcc1f9d8f6b"},"breadcrumb":{"@id":"https:\/\/hotnewsinworld.com\/hu\/a-vilagorat-europaban-egyre-tobben-a-magyar-idohoz-igazitjak\/#breadcrumb"},"inLanguage":"hu","potentialAction":[{"@type":"ReadAction","target":["https:\/\/hotnewsinworld.com\/hu\/a-vilagorat-europaban-egyre-tobben-a-magyar-idohoz-igazitjak\/"]}]},{"@type":"ImageObject","inLanguage":"hu","@id":"https:\/\/hotnewsinworld.com\/hu\/a-vilagorat-europaban-egyre-tobben-a-magyar-idohoz-igazitjak\/#primaryimage","url":"https:\/\/hotnewsinworld.com\/hu\/wp-content\/uploads\/sites\/3\/2019\/09\/a-vil\u00e1g\u00f3r\u00e1t-Eur\u00f3p\u00e1ban-egyre-t\u00f6bben-a-magyar-id\u0151h\u00f6z-igaz\u00edtj\u00e1k.jpg","contentUrl":"https:\/\/hotnewsinworld.com\/hu\/wp-content\/uploads\/sites\/3\/2019\/09\/a-vil\u00e1g\u00f3r\u00e1t-Eur\u00f3p\u00e1ban-egyre-t\u00f6bben-a-magyar-id\u0151h\u00f6z-igaz\u00edtj\u00e1k.jpg","width":768,"height":511,"caption":"a vil\u00e1g\u00f3r\u00e1t Eur\u00f3p\u00e1ban egyre t\u00f6bben a magyar id\u0151h\u00f6z igaz\u00edtj\u00e1k"},{"@type":"BreadcrumbList","@id":"https:\/\/hotnewsinworld.com\/hu\/a-vilagorat-europaban-egyre-tobben-a-magyar-idohoz-igazitjak\/#breadcrumb","itemListElement":[{"@type":"ListItem","position":1,"name":"\u0413\u043b\u0430\u0432\u043d\u0430\u044f \u0441\u0442\u0440\u0430\u043d\u0438\u0446\u0430","item":"https:\/\/hotnewsinworld.com\/hu\/"},{"@type":"ListItem","position":2,"name":"a vil\u00e1g\u00f3r\u00e1t Eur\u00f3p\u00e1ban egyre t\u00f6bben a magyar id\u0151h\u00f6z igaz\u00edtj\u00e1k"}]},{"@type":"WebSite","@id":"https:\/\/hotnewsinworld.com\/hu\/#website","url":"https:\/\/hotnewsinworld.com\/hu\/","name":"Hot News in World","description":"Hot News in World from Hungary","potentialAction":[{"@type":"SearchAction","target":{"@type":"EntryPoint","urlTemplate":"https:\/\/hotnewsinworld.com\/hu\/?s={search_term_string}"},"query-input":{"@type":"PropertyValueSpecification","valueRequired":true,"valueName":"search_term_string"}}],"inLanguage":"hu"},{"@type":"Person","@id":"https:\/\/hotnewsinworld.com\/hu\/#\/schema\/person\/fe61448b21c0d59086e75fcc1f9d8f6b","name":"hotnewsinworld","image":{"@type":"ImageObject","inLanguage":"hu","@id":"https:\/\/secure.gravatar.com\/avatar\/8a09ac165600ce2e1c38fe593c63928eb1e6e7ba5c5a907d67787c41b3d00c14?s=96&d=mm&r=g","url":"https:\/\/secure.gravatar.com\/avatar\/8a09ac165600ce2e1c38fe593c63928eb1e6e7ba5c5a907d67787c41b3d00c14?s=96&d=mm&r=g","contentUrl":"https:\/\/secure.gravatar.com\/avatar\/8a09ac165600ce2e1c38fe593c63928eb1e6e7ba5c5a907d67787c41b3d00c14?s=96&d=mm&r=g","caption":"hotnewsinworld"},"url":"https:\/\/hotnewsinworld.com\/hu\/author\/pt\/"}]}},"_links":{"self":[{"href":"https:\/\/hotnewsinworld.com\/hu\/wp-json\/wp\/v2\/posts\/2039","targetHints":{"allow":["GET"]}}],"collection":[{"href":"https:\/\/hotnewsinworld.com\/hu\/wp-json\/wp\/v2\/posts"}],"about":[{"href":"https:\/\/hotnewsinworld.com\/hu\/wp-json\/wp\/v2\/types\/post"}],"author":[{"embeddable":true,"href":"https:\/\/hotnewsinworld.com\/hu\/wp-json\/wp\/v2\/users\/2"}],"replies":[{"embeddable":true,"href":"https:\/\/hotnewsinworld.com\/hu\/wp-json\/wp\/v2\/comments?post=2039"}],"version-history":[{"count":1,"href":"https:\/\/hotnewsinworld.com\/hu\/wp-json\/wp\/v2\/posts\/2039\/revisions"}],"predecessor-version":[{"id":2041,"href":"https:\/\/hotnewsinworld.com\/hu\/wp-json\/wp\/v2\/posts\/2039\/revisions\/2041"}],"wp:featuredmedia":[{"embeddable":true,"href":"https:\/\/hotnewsinworld.com\/hu\/wp-json\/wp\/v2\/media\/2040"}],"wp:attachment":[{"href":"https:\/\/hotnewsinworld.com\/hu\/wp-json\/wp\/v2\/media?parent=2039"}],"wp:term":[{"taxonomy":"category","embeddable":true,"href":"https:\/\/hotnewsinworld.com\/hu\/wp-json\/wp\/v2\/categories?post=2039"},{"taxonomy":"post_tag","embeddable":true,"href":"https:\/\/hotnewsinworld.com\/hu\/wp-json\/wp\/v2\/tags?post=2039"}],"curies":[{"name":"wp","href":"https:\/\/api.w.org\/{rel}","templated":true}]}}