{"id":2045,"date":"2019-09-14T19:30:52","date_gmt":"2019-09-14T16:30:52","guid":{"rendered":"https:\/\/hotnewsinworld.com\/hu\/novak-katalin-a-keresztenysegrol-es-a-gyermekvallalasrol-beszelt\/"},"modified":"2019-09-14T19:30:53","modified_gmt":"2019-09-14T16:30:53","slug":"novak-katalin-a-keresztenysegrol-es-a-gyermekvallalasrol-beszelt","status":"publish","type":"post","link":"https:\/\/hotnewsinworld.com\/hu\/novak-katalin-a-keresztenysegrol-es-a-gyermekvallalasrol-beszelt\/","title":{"rendered":"Nov\u00e1k Katalin a kereszt\u00e9nys\u00e9gr\u0151l \u00e9s a gyermekv\u00e1llal\u00e1sr\u00f3l besz\u00e9lt"},"content":{"rendered":"<p>            A gyermek a j\u00f6v\u0151 k\u00f6z\u00f6ss\u00e9geinek alapja, a magyar j\u00f6v\u0151t azok a gyerekek \u00e9s az \u0151 gyermekeik fogj\u00e1k alak\u00edtani akiket ma v\u00e1llalnak a sz\u00fcleik \u2013 mondta az MTI-nek az Emberi Er\u0151forr\u00e1sok Miniszt\u00e9rium\u00e1nak (Emmi) csal\u00e1d- \u00e9s ifj\u00fas\u00e1g\u00fcgy\u00e9rt felel\u0151s \u00e1llamtitk\u00e1ra Veresegyh\u00e1z\u00e1n szombaton.<\/p>\n<p>Nov\u00e1k Katalin az \u00c9szakpesti Reform\u00e1tus Egyh\u00e1zmegye csal\u00e1di napj\u00e1n arr\u00f3l besz\u00e9lt, hogy mit jelentenek a kereszt\u00e9ny \u00e9rt\u00e9kek egy csal\u00e1d mindennapjaiban, milyen h\u00e1l\u00e1t \u00e9rezhetnek a sz\u00fcl\u0151k, amikor gyermeket v\u00e1llalnak \u00e9s csal\u00e1dot alap\u00edtanak.<br \/>\n&#13;<br \/>\n&#8222;A h\u00e1la \u00e9rzete term\u00e9szetes m\u00f3don t\u00f6lt el minden csal\u00e1dot, ahova gyermek sz\u00fcletik, de a kereszt\u00e9nyek ezen t\u00fal a gyermeket a Gondvisel\u00e9s aj\u00e1nd\u00e9k\u00e1nak is tekintik&#8221;&#13;<\/p>\n<p>&#8211; f\u0171zte hozz\u00e1 az \u00e1llamtitk\u00e1r. Az \u00e1llamtitk\u00e1r szerint a kereszt\u00e9ny szabads\u00e1g a kereszt\u00e9ny ember sz\u00e1m\u00e1ra arr\u00f3l sz\u00f3l, hogy azt tegye, amit szeretne, hogy m\u00e1sok tegyenek vele. Ez a kereszt\u00e9ny szabads\u00e1g kell akkor is, amikor gyermeket v\u00e1llalunk, vagy csal\u00e1dot alap\u00edtunk \u2013 mondta.<br \/>\nHozz\u00e1tette, hogy a csal\u00e1d alapja az egym\u00e1s ir\u00e1nti tisztelet, ami elvezet oda, hogy az emberek \u00f6sszek\u00f6ss\u00e9k az \u00e9let\u00fcket \u00e9s ebb\u0151l fakad az is, hogy gyermekeket v\u00e1llaljanak. Mindez az az al\u00e1zat, amellyel sok lemond\u00e1st is v\u00e1llal az aki csal\u00e1dot alap\u00edt, hiszen a gyermeknevel\u00e9s lemond\u00e1ssal is j\u00e1r \u2013 mondta Nov\u00e1k Katalin.<br \/>\nKorm\u00e1nyzati feladat annak el\u0151seg\u00edt\u00e9se, senki se \u00e9rezze mag\u00e1t az\u00e9rt h\u00e1tr\u00e1nyban, mert csal\u00e1dot alap\u00edt \u00e9s gyermeket v\u00e1llal. Legal\u00e1bb ugyanolyan felt\u00e9teleket szeretne a korm\u00e1ny biztos\u00edtani a csal\u00e1dban gyermeket nevel\u0151k sz\u00e1m\u00e1ra, mint amilyen lehet\u0151s\u00e9gekkel azok rendelkeznek, akik nem v\u00e1llalnak gyermeket \u2013 f\u0171zte hozz\u00e1 Nov\u00e1k Katalin.<br \/>\nAz \u00e1llamtitk\u00e1r kit\u00e9rt arra, hogy a korm\u00e1ny azt szeretn\u00e9, ha minden v\u00e1gyott, tervezett gyermek megsz\u00fclethetne, mert a magyar j\u00f6v\u0151t a ma sz\u00fclet\u0151 gyermekek \u00e9s az \u0151 gyermekeik fogj\u00e1k alak\u00edtani. Nem mindegy, hogy n\u00e9h\u00e1ny sz\u00e1z \u00e9v m\u00falt\u00e1n meg tud-e maradni olyan kereszt\u00e9ny k\u00f6z\u00f6ss\u00e9gnek a magyars\u00e1g, mint jelenleg \u2013 mondta Nov\u00e1k Katalin.<br \/>\n(MTI)<\/p>\n<p>\n<!--noindex--><br \/>\n<a href=\"https:\/\/hirek.oldal.info\/rssclick\/14397159\" rel=\"nofollow\">Source link <\/a><br \/>\n<!--\/noindex--><\/p>\n","protected":false},"excerpt":{"rendered":"<p>A gyermek a j\u00f6v\u0151 k\u00f6z\u00f6ss\u00e9geinek alapja, a magyar j\u00f6v\u0151t azok a gyerekek \u00e9s az \u0151 gyermekeik fogj\u00e1k alak\u00edtani akiket ma v\u00e1llalnak a sz\u00fcleik \u2013 mondta az MTI-nek az Emberi Er\u0151forr\u00e1sok Miniszt\u00e9rium\u00e1nak (Emmi) csal\u00e1d- \u00e9s ifj\u00fas\u00e1g\u00fcgy\u00e9rt felel\u0151s \u00e1llamtitk\u00e1ra Veresegyh\u00e1z\u00e1n szombaton. Nov\u00e1k Katalin az \u00c9szakpesti Reform\u00e1tus Egyh\u00e1zmegye csal\u00e1di napj\u00e1n arr\u00f3l besz\u00e9lt, hogy mit jelentenek a kereszt\u00e9ny \u00e9rt\u00e9kek [&hellip;]<\/p>\n","protected":false},"author":2,"featured_media":39,"comment_status":"open","ping_status":"open","sticky":false,"template":"","format":"standard","meta":{"footnotes":""},"categories":[1],"tags":[],"class_list":["post-2045","post","type-post","status-publish","format-standard","has-post-thumbnail","hentry","category-legujabb-penzugyi-hirek"],"yoast_head":"<!-- This site is optimized with the Yoast SEO plugin v27.4 - https:\/\/yoast.com\/product\/yoast-seo-wordpress\/ -->\n<title>Nov\u00e1k Katalin a kereszt\u00e9nys\u00e9gr\u0151l \u00e9s a gyermekv\u00e1llal\u00e1sr\u00f3l besz\u00e9lt - Hot News in World<\/title>\n<meta name=\"robots\" content=\"index, follow, max-snippet:-1, max-image-preview:large, max-video-preview:-1\" \/>\n<link rel=\"canonical\" href=\"https:\/\/hotnewsinworld.com\/hu\/novak-katalin-a-keresztenysegrol-es-a-gyermekvallalasrol-beszelt\/\" \/>\n<meta property=\"og:locale\" content=\"hu_HU\" \/>\n<meta property=\"og:type\" content=\"article\" \/>\n<meta property=\"og:title\" content=\"Nov\u00e1k Katalin a kereszt\u00e9nys\u00e9gr\u0151l \u00e9s a gyermekv\u00e1llal\u00e1sr\u00f3l besz\u00e9lt - Hot News in World\" \/>\n<meta property=\"og:description\" content=\"A gyermek a j\u00f6v\u0151 k\u00f6z\u00f6ss\u00e9geinek alapja, a magyar j\u00f6v\u0151t azok a gyerekek \u00e9s az \u0151 gyermekeik fogj\u00e1k alak\u00edtani akiket ma v\u00e1llalnak a sz\u00fcleik \u2013 mondta az MTI-nek az Emberi Er\u0151forr\u00e1sok Miniszt\u00e9rium\u00e1nak (Emmi) csal\u00e1d- \u00e9s ifj\u00fas\u00e1g\u00fcgy\u00e9rt felel\u0151s \u00e1llamtitk\u00e1ra Veresegyh\u00e1z\u00e1n szombaton. Nov\u00e1k Katalin az \u00c9szakpesti Reform\u00e1tus Egyh\u00e1zmegye csal\u00e1di napj\u00e1n arr\u00f3l besz\u00e9lt, hogy mit jelentenek a kereszt\u00e9ny \u00e9rt\u00e9kek [&hellip;]\" \/>\n<meta property=\"og:url\" content=\"https:\/\/hotnewsinworld.com\/hu\/novak-katalin-a-keresztenysegrol-es-a-gyermekvallalasrol-beszelt\/\" \/>\n<meta property=\"og:site_name\" content=\"Hot News in World\" \/>\n<meta property=\"article:published_time\" content=\"2019-09-14T16:30:52+00:00\" \/>\n<meta property=\"article:modified_time\" content=\"2019-09-14T16:30:53+00:00\" \/>\n<meta property=\"og:image\" content=\"https:\/\/hotnewsinworld.com\/hu\/wp-content\/uploads\/sites\/3\/2019\/05\/MSZP-P\u00e1rbesz\u00e9d-a-korm\u00e1ny-a-munkav\u00e1llal\u00f3k-ellens\u00e9ge.png\" \/>\n\t<meta property=\"og:image:width\" content=\"1000\" \/>\n\t<meta property=\"og:image:height\" content=\"525\" \/>\n\t<meta property=\"og:image:type\" content=\"image\/png\" \/>\n<meta name=\"author\" content=\"hotnewsinworld\" \/>\n<meta name=\"twitter:card\" content=\"summary_large_image\" \/>\n<meta name=\"twitter:label1\" content=\"Szerz\u0151:\" \/>\n\t<meta name=\"twitter:data1\" content=\"hotnewsinworld\" \/>\n\t<meta name=\"twitter:label2\" content=\"Becs\u00fclt olvas\u00e1si id\u0151\" \/>\n\t<meta name=\"twitter:data2\" content=\"2 perc\" \/>\n<script type=\"application\/ld+json\" class=\"yoast-schema-graph\">{\"@context\":\"https:\\\/\\\/schema.org\",\"@graph\":[{\"@type\":\"Article\",\"@id\":\"https:\\\/\\\/hotnewsinworld.com\\\/hu\\\/novak-katalin-a-keresztenysegrol-es-a-gyermekvallalasrol-beszelt\\\/#article\",\"isPartOf\":{\"@id\":\"https:\\\/\\\/hotnewsinworld.com\\\/hu\\\/novak-katalin-a-keresztenysegrol-es-a-gyermekvallalasrol-beszelt\\\/\"},\"author\":{\"name\":\"hotnewsinworld\",\"@id\":\"https:\\\/\\\/hotnewsinworld.com\\\/hu\\\/#\\\/schema\\\/person\\\/fe61448b21c0d59086e75fcc1f9d8f6b\"},\"headline\":\"Nov\u00e1k Katalin a kereszt\u00e9nys\u00e9gr\u0151l \u00e9s a gyermekv\u00e1llal\u00e1sr\u00f3l besz\u00e9lt\",\"datePublished\":\"2019-09-14T16:30:52+00:00\",\"dateModified\":\"2019-09-14T16:30:53+00:00\",\"mainEntityOfPage\":{\"@id\":\"https:\\\/\\\/hotnewsinworld.com\\\/hu\\\/novak-katalin-a-keresztenysegrol-es-a-gyermekvallalasrol-beszelt\\\/\"},\"wordCount\":418,\"commentCount\":0,\"image\":{\"@id\":\"https:\\\/\\\/hotnewsinworld.com\\\/hu\\\/novak-katalin-a-keresztenysegrol-es-a-gyermekvallalasrol-beszelt\\\/#primaryimage\"},\"thumbnailUrl\":\"https:\\\/\\\/hotnewsinworld.com\\\/hu\\\/wp-content\\\/uploads\\\/sites\\\/3\\\/2019\\\/05\\\/MSZP-P\u00e1rbesz\u00e9d-a-korm\u00e1ny-a-munkav\u00e1llal\u00f3k-ellens\u00e9ge.png\",\"articleSection\":[\"LEG\u00daJABB P\u00c9NZ\u00dcGYI H\u00cdREK\"],\"inLanguage\":\"hu\",\"potentialAction\":[{\"@type\":\"CommentAction\",\"name\":\"Comment\",\"target\":[\"https:\\\/\\\/hotnewsinworld.com\\\/hu\\\/novak-katalin-a-keresztenysegrol-es-a-gyermekvallalasrol-beszelt\\\/#respond\"]}]},{\"@type\":\"WebPage\",\"@id\":\"https:\\\/\\\/hotnewsinworld.com\\\/hu\\\/novak-katalin-a-keresztenysegrol-es-a-gyermekvallalasrol-beszelt\\\/\",\"url\":\"https:\\\/\\\/hotnewsinworld.com\\\/hu\\\/novak-katalin-a-keresztenysegrol-es-a-gyermekvallalasrol-beszelt\\\/\",\"name\":\"Nov\u00e1k Katalin a kereszt\u00e9nys\u00e9gr\u0151l \u00e9s a gyermekv\u00e1llal\u00e1sr\u00f3l besz\u00e9lt - Hot News in World\",\"isPartOf\":{\"@id\":\"https:\\\/\\\/hotnewsinworld.com\\\/hu\\\/#website\"},\"primaryImageOfPage\":{\"@id\":\"https:\\\/\\\/hotnewsinworld.com\\\/hu\\\/novak-katalin-a-keresztenysegrol-es-a-gyermekvallalasrol-beszelt\\\/#primaryimage\"},\"image\":{\"@id\":\"https:\\\/\\\/hotnewsinworld.com\\\/hu\\\/novak-katalin-a-keresztenysegrol-es-a-gyermekvallalasrol-beszelt\\\/#primaryimage\"},\"thumbnailUrl\":\"https:\\\/\\\/hotnewsinworld.com\\\/hu\\\/wp-content\\\/uploads\\\/sites\\\/3\\\/2019\\\/05\\\/MSZP-P\u00e1rbesz\u00e9d-a-korm\u00e1ny-a-munkav\u00e1llal\u00f3k-ellens\u00e9ge.png\",\"datePublished\":\"2019-09-14T16:30:52+00:00\",\"dateModified\":\"2019-09-14T16:30:53+00:00\",\"author\":{\"@id\":\"https:\\\/\\\/hotnewsinworld.com\\\/hu\\\/#\\\/schema\\\/person\\\/fe61448b21c0d59086e75fcc1f9d8f6b\"},\"breadcrumb\":{\"@id\":\"https:\\\/\\\/hotnewsinworld.com\\\/hu\\\/novak-katalin-a-keresztenysegrol-es-a-gyermekvallalasrol-beszelt\\\/#breadcrumb\"},\"inLanguage\":\"hu\",\"potentialAction\":[{\"@type\":\"ReadAction\",\"target\":[\"https:\\\/\\\/hotnewsinworld.com\\\/hu\\\/novak-katalin-a-keresztenysegrol-es-a-gyermekvallalasrol-beszelt\\\/\"]}]},{\"@type\":\"ImageObject\",\"inLanguage\":\"hu\",\"@id\":\"https:\\\/\\\/hotnewsinworld.com\\\/hu\\\/novak-katalin-a-keresztenysegrol-es-a-gyermekvallalasrol-beszelt\\\/#primaryimage\",\"url\":\"https:\\\/\\\/hotnewsinworld.com\\\/hu\\\/wp-content\\\/uploads\\\/sites\\\/3\\\/2019\\\/05\\\/MSZP-P\u00e1rbesz\u00e9d-a-korm\u00e1ny-a-munkav\u00e1llal\u00f3k-ellens\u00e9ge.png\",\"contentUrl\":\"https:\\\/\\\/hotnewsinworld.com\\\/hu\\\/wp-content\\\/uploads\\\/sites\\\/3\\\/2019\\\/05\\\/MSZP-P\u00e1rbesz\u00e9d-a-korm\u00e1ny-a-munkav\u00e1llal\u00f3k-ellens\u00e9ge.png\",\"width\":1000,\"height\":525,\"caption\":\"MSZP-P\u00e1rbesz\u00e9d: a korm\u00e1ny a munkav\u00e1llal\u00f3k ellens\u00e9ge\"},{\"@type\":\"BreadcrumbList\",\"@id\":\"https:\\\/\\\/hotnewsinworld.com\\\/hu\\\/novak-katalin-a-keresztenysegrol-es-a-gyermekvallalasrol-beszelt\\\/#breadcrumb\",\"itemListElement\":[{\"@type\":\"ListItem\",\"position\":1,\"name\":\"\u0413\u043b\u0430\u0432\u043d\u0430\u044f \u0441\u0442\u0440\u0430\u043d\u0438\u0446\u0430\",\"item\":\"https:\\\/\\\/hotnewsinworld.com\\\/hu\\\/\"},{\"@type\":\"ListItem\",\"position\":2,\"name\":\"Nov\u00e1k Katalin a kereszt\u00e9nys\u00e9gr\u0151l \u00e9s a gyermekv\u00e1llal\u00e1sr\u00f3l besz\u00e9lt\"}]},{\"@type\":\"WebSite\",\"@id\":\"https:\\\/\\\/hotnewsinworld.com\\\/hu\\\/#website\",\"url\":\"https:\\\/\\\/hotnewsinworld.com\\\/hu\\\/\",\"name\":\"Hot News in World\",\"description\":\"Hot News in World from Hungary\",\"potentialAction\":[{\"@type\":\"SearchAction\",\"target\":{\"@type\":\"EntryPoint\",\"urlTemplate\":\"https:\\\/\\\/hotnewsinworld.com\\\/hu\\\/?s={search_term_string}\"},\"query-input\":{\"@type\":\"PropertyValueSpecification\",\"valueRequired\":true,\"valueName\":\"search_term_string\"}}],\"inLanguage\":\"hu\"},{\"@type\":\"Person\",\"@id\":\"https:\\\/\\\/hotnewsinworld.com\\\/hu\\\/#\\\/schema\\\/person\\\/fe61448b21c0d59086e75fcc1f9d8f6b\",\"name\":\"hotnewsinworld\",\"image\":{\"@type\":\"ImageObject\",\"inLanguage\":\"hu\",\"@id\":\"https:\\\/\\\/secure.gravatar.com\\\/avatar\\\/8a09ac165600ce2e1c38fe593c63928eb1e6e7ba5c5a907d67787c41b3d00c14?s=96&d=mm&r=g\",\"url\":\"https:\\\/\\\/secure.gravatar.com\\\/avatar\\\/8a09ac165600ce2e1c38fe593c63928eb1e6e7ba5c5a907d67787c41b3d00c14?s=96&d=mm&r=g\",\"contentUrl\":\"https:\\\/\\\/secure.gravatar.com\\\/avatar\\\/8a09ac165600ce2e1c38fe593c63928eb1e6e7ba5c5a907d67787c41b3d00c14?s=96&d=mm&r=g\",\"caption\":\"hotnewsinworld\"},\"url\":\"https:\\\/\\\/hotnewsinworld.com\\\/hu\\\/author\\\/pt\\\/\"}]}<\/script>\n<!-- \/ Yoast SEO plugin. -->","yoast_head_json":{"title":"Nov\u00e1k Katalin a kereszt\u00e9nys\u00e9gr\u0151l \u00e9s a gyermekv\u00e1llal\u00e1sr\u00f3l besz\u00e9lt - Hot News in World","robots":{"index":"index","follow":"follow","max-snippet":"max-snippet:-1","max-image-preview":"max-image-preview:large","max-video-preview":"max-video-preview:-1"},"canonical":"https:\/\/hotnewsinworld.com\/hu\/novak-katalin-a-keresztenysegrol-es-a-gyermekvallalasrol-beszelt\/","og_locale":"hu_HU","og_type":"article","og_title":"Nov\u00e1k Katalin a kereszt\u00e9nys\u00e9gr\u0151l \u00e9s a gyermekv\u00e1llal\u00e1sr\u00f3l besz\u00e9lt - Hot News in World","og_description":"A gyermek a j\u00f6v\u0151 k\u00f6z\u00f6ss\u00e9geinek alapja, a magyar j\u00f6v\u0151t azok a gyerekek \u00e9s az \u0151 gyermekeik fogj\u00e1k alak\u00edtani akiket ma v\u00e1llalnak a sz\u00fcleik \u2013 mondta az MTI-nek az Emberi Er\u0151forr\u00e1sok Miniszt\u00e9rium\u00e1nak (Emmi) csal\u00e1d- \u00e9s ifj\u00fas\u00e1g\u00fcgy\u00e9rt felel\u0151s \u00e1llamtitk\u00e1ra Veresegyh\u00e1z\u00e1n szombaton. Nov\u00e1k Katalin az \u00c9szakpesti Reform\u00e1tus Egyh\u00e1zmegye csal\u00e1di napj\u00e1n arr\u00f3l besz\u00e9lt, hogy mit jelentenek a kereszt\u00e9ny \u00e9rt\u00e9kek [&hellip;]","og_url":"https:\/\/hotnewsinworld.com\/hu\/novak-katalin-a-keresztenysegrol-es-a-gyermekvallalasrol-beszelt\/","og_site_name":"Hot News in World","article_published_time":"2019-09-14T16:30:52+00:00","article_modified_time":"2019-09-14T16:30:53+00:00","og_image":[{"width":1000,"height":525,"url":"https:\/\/hotnewsinworld.com\/hu\/wp-content\/uploads\/sites\/3\/2019\/05\/MSZP-P\u00e1rbesz\u00e9d-a-korm\u00e1ny-a-munkav\u00e1llal\u00f3k-ellens\u00e9ge.png","type":"image\/png"}],"author":"hotnewsinworld","twitter_card":"summary_large_image","twitter_misc":{"Szerz\u0151:":"hotnewsinworld","Becs\u00fclt olvas\u00e1si id\u0151":"2 perc"},"schema":{"@context":"https:\/\/schema.org","@graph":[{"@type":"Article","@id":"https:\/\/hotnewsinworld.com\/hu\/novak-katalin-a-keresztenysegrol-es-a-gyermekvallalasrol-beszelt\/#article","isPartOf":{"@id":"https:\/\/hotnewsinworld.com\/hu\/novak-katalin-a-keresztenysegrol-es-a-gyermekvallalasrol-beszelt\/"},"author":{"name":"hotnewsinworld","@id":"https:\/\/hotnewsinworld.com\/hu\/#\/schema\/person\/fe61448b21c0d59086e75fcc1f9d8f6b"},"headline":"Nov\u00e1k Katalin a kereszt\u00e9nys\u00e9gr\u0151l \u00e9s a gyermekv\u00e1llal\u00e1sr\u00f3l besz\u00e9lt","datePublished":"2019-09-14T16:30:52+00:00","dateModified":"2019-09-14T16:30:53+00:00","mainEntityOfPage":{"@id":"https:\/\/hotnewsinworld.com\/hu\/novak-katalin-a-keresztenysegrol-es-a-gyermekvallalasrol-beszelt\/"},"wordCount":418,"commentCount":0,"image":{"@id":"https:\/\/hotnewsinworld.com\/hu\/novak-katalin-a-keresztenysegrol-es-a-gyermekvallalasrol-beszelt\/#primaryimage"},"thumbnailUrl":"https:\/\/hotnewsinworld.com\/hu\/wp-content\/uploads\/sites\/3\/2019\/05\/MSZP-P\u00e1rbesz\u00e9d-a-korm\u00e1ny-a-munkav\u00e1llal\u00f3k-ellens\u00e9ge.png","articleSection":["LEG\u00daJABB P\u00c9NZ\u00dcGYI H\u00cdREK"],"inLanguage":"hu","potentialAction":[{"@type":"CommentAction","name":"Comment","target":["https:\/\/hotnewsinworld.com\/hu\/novak-katalin-a-keresztenysegrol-es-a-gyermekvallalasrol-beszelt\/#respond"]}]},{"@type":"WebPage","@id":"https:\/\/hotnewsinworld.com\/hu\/novak-katalin-a-keresztenysegrol-es-a-gyermekvallalasrol-beszelt\/","url":"https:\/\/hotnewsinworld.com\/hu\/novak-katalin-a-keresztenysegrol-es-a-gyermekvallalasrol-beszelt\/","name":"Nov\u00e1k Katalin a kereszt\u00e9nys\u00e9gr\u0151l \u00e9s a gyermekv\u00e1llal\u00e1sr\u00f3l besz\u00e9lt - Hot News in World","isPartOf":{"@id":"https:\/\/hotnewsinworld.com\/hu\/#website"},"primaryImageOfPage":{"@id":"https:\/\/hotnewsinworld.com\/hu\/novak-katalin-a-keresztenysegrol-es-a-gyermekvallalasrol-beszelt\/#primaryimage"},"image":{"@id":"https:\/\/hotnewsinworld.com\/hu\/novak-katalin-a-keresztenysegrol-es-a-gyermekvallalasrol-beszelt\/#primaryimage"},"thumbnailUrl":"https:\/\/hotnewsinworld.com\/hu\/wp-content\/uploads\/sites\/3\/2019\/05\/MSZP-P\u00e1rbesz\u00e9d-a-korm\u00e1ny-a-munkav\u00e1llal\u00f3k-ellens\u00e9ge.png","datePublished":"2019-09-14T16:30:52+00:00","dateModified":"2019-09-14T16:30:53+00:00","author":{"@id":"https:\/\/hotnewsinworld.com\/hu\/#\/schema\/person\/fe61448b21c0d59086e75fcc1f9d8f6b"},"breadcrumb":{"@id":"https:\/\/hotnewsinworld.com\/hu\/novak-katalin-a-keresztenysegrol-es-a-gyermekvallalasrol-beszelt\/#breadcrumb"},"inLanguage":"hu","potentialAction":[{"@type":"ReadAction","target":["https:\/\/hotnewsinworld.com\/hu\/novak-katalin-a-keresztenysegrol-es-a-gyermekvallalasrol-beszelt\/"]}]},{"@type":"ImageObject","inLanguage":"hu","@id":"https:\/\/hotnewsinworld.com\/hu\/novak-katalin-a-keresztenysegrol-es-a-gyermekvallalasrol-beszelt\/#primaryimage","url":"https:\/\/hotnewsinworld.com\/hu\/wp-content\/uploads\/sites\/3\/2019\/05\/MSZP-P\u00e1rbesz\u00e9d-a-korm\u00e1ny-a-munkav\u00e1llal\u00f3k-ellens\u00e9ge.png","contentUrl":"https:\/\/hotnewsinworld.com\/hu\/wp-content\/uploads\/sites\/3\/2019\/05\/MSZP-P\u00e1rbesz\u00e9d-a-korm\u00e1ny-a-munkav\u00e1llal\u00f3k-ellens\u00e9ge.png","width":1000,"height":525,"caption":"MSZP-P\u00e1rbesz\u00e9d: a korm\u00e1ny a munkav\u00e1llal\u00f3k ellens\u00e9ge"},{"@type":"BreadcrumbList","@id":"https:\/\/hotnewsinworld.com\/hu\/novak-katalin-a-keresztenysegrol-es-a-gyermekvallalasrol-beszelt\/#breadcrumb","itemListElement":[{"@type":"ListItem","position":1,"name":"\u0413\u043b\u0430\u0432\u043d\u0430\u044f \u0441\u0442\u0440\u0430\u043d\u0438\u0446\u0430","item":"https:\/\/hotnewsinworld.com\/hu\/"},{"@type":"ListItem","position":2,"name":"Nov\u00e1k Katalin a kereszt\u00e9nys\u00e9gr\u0151l \u00e9s a gyermekv\u00e1llal\u00e1sr\u00f3l besz\u00e9lt"}]},{"@type":"WebSite","@id":"https:\/\/hotnewsinworld.com\/hu\/#website","url":"https:\/\/hotnewsinworld.com\/hu\/","name":"Hot News in World","description":"Hot News in World from Hungary","potentialAction":[{"@type":"SearchAction","target":{"@type":"EntryPoint","urlTemplate":"https:\/\/hotnewsinworld.com\/hu\/?s={search_term_string}"},"query-input":{"@type":"PropertyValueSpecification","valueRequired":true,"valueName":"search_term_string"}}],"inLanguage":"hu"},{"@type":"Person","@id":"https:\/\/hotnewsinworld.com\/hu\/#\/schema\/person\/fe61448b21c0d59086e75fcc1f9d8f6b","name":"hotnewsinworld","image":{"@type":"ImageObject","inLanguage":"hu","@id":"https:\/\/secure.gravatar.com\/avatar\/8a09ac165600ce2e1c38fe593c63928eb1e6e7ba5c5a907d67787c41b3d00c14?s=96&d=mm&r=g","url":"https:\/\/secure.gravatar.com\/avatar\/8a09ac165600ce2e1c38fe593c63928eb1e6e7ba5c5a907d67787c41b3d00c14?s=96&d=mm&r=g","contentUrl":"https:\/\/secure.gravatar.com\/avatar\/8a09ac165600ce2e1c38fe593c63928eb1e6e7ba5c5a907d67787c41b3d00c14?s=96&d=mm&r=g","caption":"hotnewsinworld"},"url":"https:\/\/hotnewsinworld.com\/hu\/author\/pt\/"}]}},"_links":{"self":[{"href":"https:\/\/hotnewsinworld.com\/hu\/wp-json\/wp\/v2\/posts\/2045","targetHints":{"allow":["GET"]}}],"collection":[{"href":"https:\/\/hotnewsinworld.com\/hu\/wp-json\/wp\/v2\/posts"}],"about":[{"href":"https:\/\/hotnewsinworld.com\/hu\/wp-json\/wp\/v2\/types\/post"}],"author":[{"embeddable":true,"href":"https:\/\/hotnewsinworld.com\/hu\/wp-json\/wp\/v2\/users\/2"}],"replies":[{"embeddable":true,"href":"https:\/\/hotnewsinworld.com\/hu\/wp-json\/wp\/v2\/comments?post=2045"}],"version-history":[{"count":1,"href":"https:\/\/hotnewsinworld.com\/hu\/wp-json\/wp\/v2\/posts\/2045\/revisions"}],"predecessor-version":[{"id":2046,"href":"https:\/\/hotnewsinworld.com\/hu\/wp-json\/wp\/v2\/posts\/2045\/revisions\/2046"}],"wp:featuredmedia":[{"embeddable":true,"href":"https:\/\/hotnewsinworld.com\/hu\/wp-json\/wp\/v2\/media\/39"}],"wp:attachment":[{"href":"https:\/\/hotnewsinworld.com\/hu\/wp-json\/wp\/v2\/media?parent=2045"}],"wp:term":[{"taxonomy":"category","embeddable":true,"href":"https:\/\/hotnewsinworld.com\/hu\/wp-json\/wp\/v2\/categories?post=2045"},{"taxonomy":"post_tag","embeddable":true,"href":"https:\/\/hotnewsinworld.com\/hu\/wp-json\/wp\/v2\/tags?post=2045"}],"curies":[{"name":"wp","href":"https:\/\/api.w.org\/{rel}","templated":true}]}}